{"id":83346,"date":"2024-11-11T11:33:27","date_gmt":"2024-11-11T10:33:27","guid":{"rendered":"https:\/\/conversesacatalunya.cat\/ajuts-del-govern-la-tragedia-valenciana-no-es-or-tot-el-que-lluu\/"},"modified":"2024-11-11T13:06:21","modified_gmt":"2024-11-11T12:06:21","slug":"ayudas-del-gobierno-la-tragedia-valenciana","status":"publish","type":"post","link":"https:\/\/conversesacatalunya.cat\/es\/ayudas-del-gobierno-la-tragedia-valenciana\/","title":{"rendered":"Ayudas del gobierno: la tragedia valenciana. No es oro todo lo que reluce"},"content":{"rendered":"<p><span>Pedro S\u00e1nchez compareci\u00f3 personalmente ante los medios para informar sobre el\u00a0<\/span><strong><span>primer paquete de ayudas para Valencia<\/span><\/strong><span>, que asciende a 10.600 millones de euros destinados a las familias y empresas afectadas. Aunque se trata de una cifra importante, es s\u00f3lo un primer paso. Ahora bien, analiz\u00e1ndolo con detalle, se llega a la conclusi\u00f3n de que la ayuda no ser\u00e1 suficiente para reparar y relanzar todo lo destruido.<\/span><\/p>\n<p><span>Casi la mitad de esta cifra, 5.000 millones, son avales del ICO, es decir, avales para solicitar cr\u00e9ditos\u00a0<\/span><strong><span>que deben devolverse<\/span><\/strong><span>. Aunque estos cr\u00e9ditos puedan tener una exenci\u00f3n del 20%, seguir\u00e1n siendo deudas para quien los solicite. Esto no es exactamente lo que se necesita con urgencia ni de forma directa.<\/span><\/p>\n<p><span>Por otra parte, 3.500 millones corresponden al Consorcio de Compensaci\u00f3n de Seguros, lo que representa un\u00a0<\/span><strong><span>anticipo de dinero a cuenta de las p\u00f3lizas existentes<\/span><\/strong><span>. Esto tampoco es una inyecci\u00f3n de dinero a fondo perdido, ya que el seguro permite recuperar parte del da\u00f1o, pero s\u00f3lo cubre lo asegurado e, incluso, no siempre cubre la totalidad de las p\u00e9rdidas. Por tanto, tampoco eso sacar\u00e1 del caos a la poblaci\u00f3n afectada.<\/span><\/p>\n<p><span>Estas observaciones, tanto sobre los cr\u00e9ditos como sobre los seguros, no significa que estas medidas no sean \u00fatiles; simplemente se trata de destacar que son complementarias respecto a lo que realmente se necesita con urgencia: <\/span><strong><span>una inyecci\u00f3n de dinero para empresas y familias a fondo perdido<\/span><\/strong><span>. Esta ayuda directa es muy escasa, puesto que s\u00f3lo alcanza los 2.000 millones de euros.<\/span><\/p>\n<p><span>De estos 2.000 millones, algo m\u00e1s de 1.000 millones ir\u00e1n a las empresas, de los que casi el 50% se destinar\u00e1 a las pymes, mientras que otros 325 millones se otorgar\u00e1n como ayudas a los aut\u00f3nomos, a m\u00e1s de 52 millones en prestaciones por cese de actividad.\u00a0<\/span><strong><span>Para los hogares se destinar\u00e1n 115 millones<\/span><\/strong><span>, una cantidad claramente insuficiente que s\u00f3lo cubre una m\u00ednima parte del problema.<\/span><\/p>\n<p><span>Otras partidas son simplemente aplazamientos de pagos: 300 millones en IRPF y otros 300 millones en forma de moratoria fiscal para pymes y aut\u00f3nomos.\u00a0<\/span><strong><span>Aplazar no significa condonar<\/span><\/strong><span>, y, en este aspecto, los afectados por la cat\u00e1strofe ver\u00e1n c\u00f3mo tambi\u00e9n les crece la deuda.<\/span><\/p>\n<p><span>Algunos ministerios han calculado el impacto de estas ayudas en sus presupuestos. El Ministerio de Hacienda estima un impacto de 1.438 millones, pero esta cifra incluye el aplazamiento del pago del IRPF durante tres meses, junto a transferencias directas a empresas y aut\u00f3nomos de entre 10.000 y 150.000 euros para las empresas, y de 5.000 euros para aut\u00f3nomos. Adem\u00e1s, se eximir\u00e1 del pago del IBI y se reducir\u00e1 el IAE. En este c\u00e1lculo, Hacienda suma elementos muy diferentes, ya que\u00a0<\/span><strong><span>una cosa es aplazar un pago y otra es dar una subvenci\u00f3n<\/span><\/strong><span>, que adem\u00e1s es tan escasa que dif\u00edcilmente permitir\u00e1 rehacer el tejido empresarial destruido.<\/span><\/p>\n<p><span>La\u00a0<\/span><strong><span>Seguridad Social<\/span><\/strong><span>, por su parte, contribuir\u00e1 con 214 millones de euros mediante exenciones en la cotizaci\u00f3n a la Seguridad Social para las personas en ERTO. El\u00a0<\/span><strong><span>Ministerio del Interior<\/span><\/strong><span>\u00a0contempla una aportaci\u00f3n inicial de 118 millones, dirigidos principalmente a compensaciones por viviendas destruidas, reposici\u00f3n de muebles, electrodom\u00e9sticos y otros equipamientos de los hogares, as\u00ed como ayudas para las comunidades de vecinos.<\/span><\/p>\n<p><span>Es imprescindible mucha mayor\u00a0<\/span><strong><span>claridad y transparencia<\/span><\/strong><span>\u00a0para diferenciar entre qu\u00e9 son aplazamientos de pagos, avales para cr\u00e9ditos o anticipos de compensaciones por bienes asegurados, y qu\u00e9 son\u00a0<\/span><strong><span>aportaciones a fondo perdido<\/span><\/strong><span>. \u00c9sta es una tarea que parece no interesar demasiado a nadie: al gobierno de S\u00e1nchez no, porque su m\u00e1ximo inter\u00e9s es sumar elementos, aunque sean diferentes, para presentar grandes cifras, cuando, en realidad, todav\u00eda no es as\u00ed.<\/span><\/p>\n<p><span>Los medios de comunicaci\u00f3n tampoco parecen interesados \u200b\u200ben profundizar y entender claramente qu\u00e9 se est\u00e1 ofreciendo y en qu\u00e9 condiciones, a los damnificados por la tragedia. Finalmente, el Partido Popular deber\u00eda ser el primer interesado en esclarecer estas ayudas y en informar de manera honesta a los afectados y a la ciudadan\u00eda en general sobre su verdadero alcance y significado.<\/span><\/p>\n<p><span>La primera conclusi\u00f3n es evidente:\u00a0<\/span><strong><span>lo que ahora se ha comprometido a aportar el gobierno es totalmente insuficiente<\/span><\/strong><span>. Es s\u00f3lo un peque\u00f1o parche y demuestra un escaso nivel de comprensi\u00f3n sobre la magnitud de la cat\u00e1strofe. Est\u00e1 claro que esto es s\u00f3lo el primer paquete de ayudas. Esperamos el segundo y veremos su alcance. En cualquier caso, la rapidez con la que llegue el dinero a quien lo necesita es crucial.<\/span><\/p>\n<div id=\"polls-262\" class=\"wp-polls\">\n\t<form id=\"polls_form_262\" class=\"wp-polls-form\" action=\"\/index.php\" method=\"post\">\n\t\t<p style=\"display: none;\"><input type=\"hidden\" id=\"poll_262_nonce\" name=\"wp-polls-nonce\" value=\"3149dfcaac\" \/><\/p>\n\t\t<p style=\"display: none;\"><input type=\"hidden\" name=\"poll_id\" value=\"262\" \/><\/p>\n\t\t<p style=\"text-align: center\"><strong>Creus que Trump ser\u00e0 un bon president pels EUA?<\/strong><\/p><div id=\"polls-262-ans\" class=\"wp-polls-ans\"><ul class=\"wp-polls-ul\">\n\t\t<li><input type=\"radio\" id=\"poll-answer-739\" name=\"poll_262\" value=\"739\" \/> <label for=\"poll-answer-739\">S\u00ed<\/label><\/li>\n\t\t<li><input type=\"radio\" id=\"poll-answer-740\" name=\"poll_262\" value=\"740\" \/> <label for=\"poll-answer-740\">No<\/label><\/li>\n\t\t<li><input type=\"radio\" id=\"poll-answer-741\" name=\"poll_262\" value=\"741\" \/> <label for=\"poll-answer-741\">No ho s\u00e9<\/label><\/li>\n\t\t<\/ul><p style=\"text-align: center\"><input type=\"button\" name=\"vote\" value=\"   Vota   \" class=\"Buttons\" onclick=\"poll_vote(262);\" \/><\/p><p style=\"text-align: center\"><a href=\"#ViewPollResults\" onclick=\"poll_result(262); return false;\" title=\"View Results Of This Poll\">Mira els resultats<\/a><\/p><\/div>\n\t<\/form>\n<\/div>\n<div id=\"polls-262-loading\" class=\"wp-polls-loading\"><img decoding=\"async\" data-src=\"https:\/\/conversesacatalunya.cat\/wp-content\/plugins\/wp-polls\/images\/loading.gif\" width=\"16\" height=\"16\" alt=\"Cargando ...\" title=\"Cargando ...\" class=\"wp-polls-image lazyload\" src=\"data:image\/svg+xml;base64,PHN2ZyB3aWR0aD0iMSIgaGVpZ2h0PSIxIiB4bWxucz0iaHR0cDovL3d3dy53My5vcmcvMjAwMC9zdmciPjwvc3ZnPg==\" style=\"--smush-placeholder-width: 16px; --smush-placeholder-aspect-ratio: 16\/16;\" \/>&nbsp;Cargando ...<\/div>\n\n","protected":false},"excerpt":{"rendered":"<p>Pedro S\u00e1nchez compareci\u00f3 personalmente ante los medios para informar sobre el\u00a0primer paquete de ayudas para Valencia, que asciende a 10.600 millones de euros destinados a las familias y empresas afectadas. Aunque se trata de una cifra importante, es s\u00f3lo un primer paso. Ahora bien, analiz\u00e1ndolo con detalle, se llega a la conclusi\u00f3n de que la ayuda no ser\u00e1 suficiente para reparar y relanzar todo lo destruido. Casi la mitad de esta cifra, 5.000 millones, son avales del ICO, es decir, avales para solicitar cr\u00e9ditos\u00a0que deben devolverse. Aunque estos cr\u00e9ditos puedan tener una exenci\u00f3n del 20%, seguir\u00e1n siendo deudas para quien los solicite. Esto no es exactamente lo que se necesita con urgencia ni de forma directa. Por otra parte, 3.500 millones corresponden al Consorcio de Compensaci\u00f3n de Seguros, lo que representa un\u00a0anticipo de dinero a cuenta de las p\u00f3lizas existentes. Esto tampoco es una inyecci\u00f3n de dinero a fondo perdido, ya que el seguro permite recuperar parte del da\u00f1o, pero s\u00f3lo cubre lo asegurado e, incluso, no siempre cubre la totalidad de las p\u00e9rdidas. Por tanto, tampoco eso sacar\u00e1 del caos a la poblaci\u00f3n afectada. Estas observaciones, tanto sobre los cr\u00e9ditos como sobre los seguros, no significa que estas medidas no sean \u00fatiles; simplemente se trata de destacar que son complementarias respecto a lo que realmente se necesita con urgencia: una inyecci\u00f3n de dinero para empresas y familias a fondo perdido. Esta ayuda directa es muy escasa, puesto que s\u00f3lo alcanza los 2.000 millones de euros. De estos 2.000 millones, algo m\u00e1s de 1.000 millones ir\u00e1n a las empresas, de los que casi el 50% se destinar\u00e1 a las pymes, mientras que otros 325 millones se otorgar\u00e1n como ayudas a los aut\u00f3nomos, a m\u00e1s de 52 millones en prestaciones por cese de actividad.\u00a0Para los hogares se destinar\u00e1n 115 millones, una cantidad claramente insuficiente que s\u00f3lo cubre una m\u00ednima parte del problema. Otras partidas son simplemente aplazamientos de pagos: 300 millones en IRPF y otros 300 millones en forma de moratoria fiscal para pymes y aut\u00f3nomos.\u00a0Aplazar no significa condonar, y, en este aspecto, los afectados por la cat\u00e1strofe ver\u00e1n c\u00f3mo tambi\u00e9n les crece la deuda. Algunos ministerios han calculado el impacto de estas ayudas en sus presupuestos. El Ministerio de Hacienda estima un impacto de 1.438 millones, pero esta cifra incluye el aplazamiento del pago del IRPF durante tres meses, junto a transferencias directas a empresas y aut\u00f3nomos de entre 10.000 y 150.000 euros para las empresas, y de 5.000 euros para aut\u00f3nomos. Adem\u00e1s, se eximir\u00e1 del pago del IBI y se reducir\u00e1 el IAE. En este c\u00e1lculo, Hacienda suma elementos muy diferentes, ya que\u00a0una cosa es aplazar un pago y otra es dar una subvenci\u00f3n, que adem\u00e1s es tan escasa que dif\u00edcilmente permitir\u00e1 rehacer el tejido empresarial destruido. La\u00a0Seguridad Social, por su parte, contribuir\u00e1 con 214 millones de euros mediante exenciones en la cotizaci\u00f3n a la Seguridad Social para las personas en ERTO. El\u00a0Ministerio del Interior\u00a0contempla una aportaci\u00f3n inicial de 118 millones, dirigidos principalmente a compensaciones por viviendas destruidas, reposici\u00f3n de muebles, electrodom\u00e9sticos y otros equipamientos de los hogares, as\u00ed como ayudas para las comunidades de vecinos. Es imprescindible mucha mayor\u00a0claridad y transparencia\u00a0para diferenciar entre qu\u00e9 son aplazamientos de pagos, avales para cr\u00e9ditos o anticipos de compensaciones por bienes asegurados, y qu\u00e9 son\u00a0aportaciones a fondo perdido. \u00c9sta es una tarea que parece no interesar demasiado a nadie: al gobierno de S\u00e1nchez no, porque su m\u00e1ximo inter\u00e9s es sumar elementos, aunque sean diferentes, para presentar grandes cifras, cuando, en realidad, todav\u00eda no es as\u00ed. Los medios de comunicaci\u00f3n tampoco parecen interesados \u200b\u200ben profundizar y entender claramente qu\u00e9 se est\u00e1 ofreciendo y en qu\u00e9 condiciones, a los damnificados por la tragedia. Finalmente, el Partido Popular deber\u00eda ser el primer interesado en esclarecer estas ayudas y en informar de manera honesta a los afectados y a la ciudadan\u00eda en general sobre su verdadero alcance y significado. La primera conclusi\u00f3n es evidente:\u00a0lo que ahora se ha comprometido a aportar el gobierno es totalmente insuficiente. Es s\u00f3lo un peque\u00f1o parche y demuestra un escaso nivel de comprensi\u00f3n sobre la magnitud de la cat\u00e1strofe. Est\u00e1 claro que esto es s\u00f3lo el primer paquete de ayudas. Esperamos el segundo y veremos su alcance. En cualquier caso, la rapidez con la que llegue el dinero a quien lo necesita es crucial.<\/p>\n","protected":false},"author":77,"featured_media":83332,"comment_status":"open","ping_status":"open","sticky":false,"template":"","format":"standard","meta":{"_FSMCFIC_featured_image_caption":"","_FSMCFIC_featured_image_nocaption":"","_FSMCFIC_featured_image_hide":"","footnotes":""},"categories":[806],"tags":[5212],"class_list":["post-83346","post","type-post","status-publish","format-standard","has-post-thumbnail","hentry","category-punts-claus-del-dia-es","tag-dana-es"],"yoast_head":"<!-- This site is optimized with the Yoast SEO plugin v26.8 - https:\/\/yoast.com\/product\/yoast-seo-wordpress\/ -->\n<title>Ayudas del gobierno: la tragedia valenciana. No es oro todo lo que reluce - Converses a Catalunya<\/title>\n<meta name=\"description\" content=\"An\u00e1lisis de las ayudas prometidas por el gobierno para hacer frente a la tragedia valenciana: promesas, carencias y deudas ocultas\" \/>\n<meta name=\"robots\" content=\"index, follow, max-snippet:-1, max-image-preview:large, max-video-preview:-1\" \/>\n<link rel=\"canonical\" href=\"https:\/\/conversesacatalunya.cat\/es\/ayudas-del-gobierno-la-tragedia-valenciana\/\" \/>\n<meta property=\"og:locale\" content=\"es_ES\" \/>\n<meta property=\"og:type\" content=\"article\" \/>\n<meta property=\"og:title\" content=\"Ayudas del gobierno: la tragedia valenciana. No es oro todo lo que reluce - Converses a Catalunya\" \/>\n<meta property=\"og:description\" content=\"An\u00e1lisis de las ayudas prometidas por el gobierno para hacer frente a la tragedia valenciana: promesas, carencias y deudas ocultas\" \/>\n<meta property=\"og:url\" content=\"https:\/\/conversesacatalunya.cat\/es\/ayudas-del-gobierno-la-tragedia-valenciana\/\" \/>\n<meta property=\"og:site_name\" content=\"Converses a Catalunya\" \/>\n<meta property=\"article:published_time\" content=\"2024-11-11T10:33:27+00:00\" \/>\n<meta property=\"article:modified_time\" content=\"2024-11-11T12:06:21+00:00\" \/>\n<meta property=\"og:image\" content=\"https:\/\/conversesacatalunya.cat\/wp-content\/uploads\/2024\/11\/ajuts-valencia.jpg\" \/>\n\t<meta property=\"og:image:width\" content=\"680\" \/>\n\t<meta property=\"og:image:height\" content=\"432\" \/>\n\t<meta property=\"og:image:type\" content=\"image\/jpeg\" \/>\n<meta name=\"author\" content=\"Enric Casanovas\" \/>\n<meta name=\"twitter:card\" content=\"summary_large_image\" \/>\n<meta name=\"twitter:label1\" content=\"Escrito por\" \/>\n\t<meta name=\"twitter:data1\" content=\"Enric Casanovas\" \/>\n\t<meta name=\"twitter:label2\" content=\"Tiempo de lectura\" \/>\n\t<meta name=\"twitter:data2\" content=\"4 minutos\" \/>\n<script type=\"application\/ld+json\" class=\"yoast-schema-graph\">{\"@context\":\"https:\/\/schema.org\",\"@graph\":[{\"@type\":\"Article\",\"@id\":\"https:\/\/conversesacatalunya.cat\/es\/ayudas-del-gobierno-la-tragedia-valenciana\/#article\",\"isPartOf\":{\"@id\":\"https:\/\/conversesacatalunya.cat\/es\/ayudas-del-gobierno-la-tragedia-valenciana\/\"},\"author\":{\"name\":\"Enric Casanovas\",\"@id\":\"https:\/\/conversesacatalunya.cat\/#\/schema\/person\/79bd0577b2f3afc8d6519d207c6e8609\"},\"headline\":\"Ayudas del gobierno: la tragedia valenciana. No es oro todo lo que reluce\",\"datePublished\":\"2024-11-11T10:33:27+00:00\",\"dateModified\":\"2024-11-11T12:06:21+00:00\",\"mainEntityOfPage\":{\"@id\":\"https:\/\/conversesacatalunya.cat\/es\/ayudas-del-gobierno-la-tragedia-valenciana\/\"},\"wordCount\":778,\"commentCount\":0,\"image\":{\"@id\":\"https:\/\/conversesacatalunya.cat\/es\/ayudas-del-gobierno-la-tragedia-valenciana\/#primaryimage\"},\"thumbnailUrl\":\"https:\/\/conversesacatalunya.cat\/wp-content\/uploads\/2024\/11\/ajuts-valencia.jpg\",\"keywords\":[\"DANA\"],\"articleSection\":[\"Punts clau del dia (ES)\"],\"inLanguage\":\"es\",\"potentialAction\":[{\"@type\":\"CommentAction\",\"name\":\"Comment\",\"target\":[\"https:\/\/conversesacatalunya.cat\/es\/ayudas-del-gobierno-la-tragedia-valenciana\/#respond\"]}]},{\"@type\":\"WebPage\",\"@id\":\"https:\/\/conversesacatalunya.cat\/es\/ayudas-del-gobierno-la-tragedia-valenciana\/\",\"url\":\"https:\/\/conversesacatalunya.cat\/es\/ayudas-del-gobierno-la-tragedia-valenciana\/\",\"name\":\"Ayudas del gobierno: la tragedia valenciana. No es oro todo lo que reluce - Converses a Catalunya\",\"isPartOf\":{\"@id\":\"https:\/\/conversesacatalunya.cat\/#website\"},\"primaryImageOfPage\":{\"@id\":\"https:\/\/conversesacatalunya.cat\/es\/ayudas-del-gobierno-la-tragedia-valenciana\/#primaryimage\"},\"image\":{\"@id\":\"https:\/\/conversesacatalunya.cat\/es\/ayudas-del-gobierno-la-tragedia-valenciana\/#primaryimage\"},\"thumbnailUrl\":\"https:\/\/conversesacatalunya.cat\/wp-content\/uploads\/2024\/11\/ajuts-valencia.jpg\",\"datePublished\":\"2024-11-11T10:33:27+00:00\",\"dateModified\":\"2024-11-11T12:06:21+00:00\",\"author\":{\"@id\":\"https:\/\/conversesacatalunya.cat\/#\/schema\/person\/79bd0577b2f3afc8d6519d207c6e8609\"},\"description\":\"An\u00e1lisis de las ayudas prometidas por el gobierno para hacer frente a la tragedia valenciana: promesas, carencias y deudas ocultas\",\"breadcrumb\":{\"@id\":\"https:\/\/conversesacatalunya.cat\/es\/ayudas-del-gobierno-la-tragedia-valenciana\/#breadcrumb\"},\"inLanguage\":\"es\",\"potentialAction\":[{\"@type\":\"ReadAction\",\"target\":[\"https:\/\/conversesacatalunya.cat\/es\/ayudas-del-gobierno-la-tragedia-valenciana\/\"]}]},{\"@type\":\"ImageObject\",\"inLanguage\":\"es\",\"@id\":\"https:\/\/conversesacatalunya.cat\/es\/ayudas-del-gobierno-la-tragedia-valenciana\/#primaryimage\",\"url\":\"https:\/\/conversesacatalunya.cat\/wp-content\/uploads\/2024\/11\/ajuts-valencia.jpg\",\"contentUrl\":\"https:\/\/conversesacatalunya.cat\/wp-content\/uploads\/2024\/11\/ajuts-valencia.jpg\",\"width\":680,\"height\":432},{\"@type\":\"BreadcrumbList\",\"@id\":\"https:\/\/conversesacatalunya.cat\/es\/ayudas-del-gobierno-la-tragedia-valenciana\/#breadcrumb\",\"itemListElement\":[{\"@type\":\"ListItem\",\"position\":1,\"name\":\"Inici\",\"item\":\"https:\/\/conversesacatalunya.cat\/es\/\"},{\"@type\":\"ListItem\",\"position\":2,\"name\":\"Ayudas del gobierno: la tragedia valenciana. No es oro todo lo que reluce\"}]},{\"@type\":\"WebSite\",\"@id\":\"https:\/\/conversesacatalunya.cat\/#website\",\"url\":\"https:\/\/conversesacatalunya.cat\/\",\"name\":\"Converses a Catalunya\",\"description\":\"\",\"potentialAction\":[{\"@type\":\"SearchAction\",\"target\":{\"@type\":\"EntryPoint\",\"urlTemplate\":\"https:\/\/conversesacatalunya.cat\/?s={search_term_string}\"},\"query-input\":{\"@type\":\"PropertyValueSpecification\",\"valueRequired\":true,\"valueName\":\"search_term_string\"}}],\"inLanguage\":\"es\"},{\"@type\":\"Person\",\"@id\":\"https:\/\/conversesacatalunya.cat\/#\/schema\/person\/79bd0577b2f3afc8d6519d207c6e8609\",\"name\":\"Enric Casanovas\",\"image\":{\"@type\":\"ImageObject\",\"inLanguage\":\"es\",\"@id\":\"https:\/\/conversesacatalunya.cat\/#\/schema\/person\/image\/\",\"url\":\"https:\/\/conversesacatalunya.cat\/wp-content\/litespeed\/avatar\/7ae4379ad4421ec77820e92afd36dd78.jpg?ver=1777373933\",\"contentUrl\":\"https:\/\/conversesacatalunya.cat\/wp-content\/litespeed\/avatar\/7ae4379ad4421ec77820e92afd36dd78.jpg?ver=1777373933\",\"caption\":\"Enric Casanovas\"},\"url\":\"https:\/\/conversesacatalunya.cat\/es\/author\/enric-casanovas\/\"}]}<\/script>\n<!-- \/ Yoast SEO plugin. -->","yoast_head_json":{"title":"Ayudas del gobierno: la tragedia valenciana. No es oro todo lo que reluce - Converses a Catalunya","description":"An\u00e1lisis de las ayudas prometidas por el gobierno para hacer frente a la tragedia valenciana: promesas, carencias y deudas ocultas","robots":{"index":"index","follow":"follow","max-snippet":"max-snippet:-1","max-image-preview":"max-image-preview:large","max-video-preview":"max-video-preview:-1"},"canonical":"https:\/\/conversesacatalunya.cat\/es\/ayudas-del-gobierno-la-tragedia-valenciana\/","og_locale":"es_ES","og_type":"article","og_title":"Ayudas del gobierno: la tragedia valenciana. No es oro todo lo que reluce - Converses a Catalunya","og_description":"An\u00e1lisis de las ayudas prometidas por el gobierno para hacer frente a la tragedia valenciana: promesas, carencias y deudas ocultas","og_url":"https:\/\/conversesacatalunya.cat\/es\/ayudas-del-gobierno-la-tragedia-valenciana\/","og_site_name":"Converses a Catalunya","article_published_time":"2024-11-11T10:33:27+00:00","article_modified_time":"2024-11-11T12:06:21+00:00","og_image":[{"width":680,"height":432,"url":"https:\/\/conversesacatalunya.cat\/wp-content\/uploads\/2024\/11\/ajuts-valencia.jpg","type":"image\/jpeg"}],"author":"Enric Casanovas","twitter_card":"summary_large_image","twitter_misc":{"Escrito por":"Enric Casanovas","Tiempo de lectura":"4 minutos"},"schema":{"@context":"https:\/\/schema.org","@graph":[{"@type":"Article","@id":"https:\/\/conversesacatalunya.cat\/es\/ayudas-del-gobierno-la-tragedia-valenciana\/#article","isPartOf":{"@id":"https:\/\/conversesacatalunya.cat\/es\/ayudas-del-gobierno-la-tragedia-valenciana\/"},"author":{"name":"Enric Casanovas","@id":"https:\/\/conversesacatalunya.cat\/#\/schema\/person\/79bd0577b2f3afc8d6519d207c6e8609"},"headline":"Ayudas del gobierno: la tragedia valenciana. No es oro todo lo que reluce","datePublished":"2024-11-11T10:33:27+00:00","dateModified":"2024-11-11T12:06:21+00:00","mainEntityOfPage":{"@id":"https:\/\/conversesacatalunya.cat\/es\/ayudas-del-gobierno-la-tragedia-valenciana\/"},"wordCount":778,"commentCount":0,"image":{"@id":"https:\/\/conversesacatalunya.cat\/es\/ayudas-del-gobierno-la-tragedia-valenciana\/#primaryimage"},"thumbnailUrl":"https:\/\/conversesacatalunya.cat\/wp-content\/uploads\/2024\/11\/ajuts-valencia.jpg","keywords":["DANA"],"articleSection":["Punts clau del dia (ES)"],"inLanguage":"es","potentialAction":[{"@type":"CommentAction","name":"Comment","target":["https:\/\/conversesacatalunya.cat\/es\/ayudas-del-gobierno-la-tragedia-valenciana\/#respond"]}]},{"@type":"WebPage","@id":"https:\/\/conversesacatalunya.cat\/es\/ayudas-del-gobierno-la-tragedia-valenciana\/","url":"https:\/\/conversesacatalunya.cat\/es\/ayudas-del-gobierno-la-tragedia-valenciana\/","name":"Ayudas del gobierno: la tragedia valenciana. No es oro todo lo que reluce - Converses a Catalunya","isPartOf":{"@id":"https:\/\/conversesacatalunya.cat\/#website"},"primaryImageOfPage":{"@id":"https:\/\/conversesacatalunya.cat\/es\/ayudas-del-gobierno-la-tragedia-valenciana\/#primaryimage"},"image":{"@id":"https:\/\/conversesacatalunya.cat\/es\/ayudas-del-gobierno-la-tragedia-valenciana\/#primaryimage"},"thumbnailUrl":"https:\/\/conversesacatalunya.cat\/wp-content\/uploads\/2024\/11\/ajuts-valencia.jpg","datePublished":"2024-11-11T10:33:27+00:00","dateModified":"2024-11-11T12:06:21+00:00","author":{"@id":"https:\/\/conversesacatalunya.cat\/#\/schema\/person\/79bd0577b2f3afc8d6519d207c6e8609"},"description":"An\u00e1lisis de las ayudas prometidas por el gobierno para hacer frente a la tragedia valenciana: promesas, carencias y deudas ocultas","breadcrumb":{"@id":"https:\/\/conversesacatalunya.cat\/es\/ayudas-del-gobierno-la-tragedia-valenciana\/#breadcrumb"},"inLanguage":"es","potentialAction":[{"@type":"ReadAction","target":["https:\/\/conversesacatalunya.cat\/es\/ayudas-del-gobierno-la-tragedia-valenciana\/"]}]},{"@type":"ImageObject","inLanguage":"es","@id":"https:\/\/conversesacatalunya.cat\/es\/ayudas-del-gobierno-la-tragedia-valenciana\/#primaryimage","url":"https:\/\/conversesacatalunya.cat\/wp-content\/uploads\/2024\/11\/ajuts-valencia.jpg","contentUrl":"https:\/\/conversesacatalunya.cat\/wp-content\/uploads\/2024\/11\/ajuts-valencia.jpg","width":680,"height":432},{"@type":"BreadcrumbList","@id":"https:\/\/conversesacatalunya.cat\/es\/ayudas-del-gobierno-la-tragedia-valenciana\/#breadcrumb","itemListElement":[{"@type":"ListItem","position":1,"name":"Inici","item":"https:\/\/conversesacatalunya.cat\/es\/"},{"@type":"ListItem","position":2,"name":"Ayudas del gobierno: la tragedia valenciana. No es oro todo lo que reluce"}]},{"@type":"WebSite","@id":"https:\/\/conversesacatalunya.cat\/#website","url":"https:\/\/conversesacatalunya.cat\/","name":"Converses a Catalunya","description":"","potentialAction":[{"@type":"SearchAction","target":{"@type":"EntryPoint","urlTemplate":"https:\/\/conversesacatalunya.cat\/?s={search_term_string}"},"query-input":{"@type":"PropertyValueSpecification","valueRequired":true,"valueName":"search_term_string"}}],"inLanguage":"es"},{"@type":"Person","@id":"https:\/\/conversesacatalunya.cat\/#\/schema\/person\/79bd0577b2f3afc8d6519d207c6e8609","name":"Enric Casanovas","image":{"@type":"ImageObject","inLanguage":"es","@id":"https:\/\/conversesacatalunya.cat\/#\/schema\/person\/image\/","url":"https:\/\/conversesacatalunya.cat\/wp-content\/litespeed\/avatar\/7ae4379ad4421ec77820e92afd36dd78.jpg?ver=1777373933","contentUrl":"https:\/\/conversesacatalunya.cat\/wp-content\/litespeed\/avatar\/7ae4379ad4421ec77820e92afd36dd78.jpg?ver=1777373933","caption":"Enric Casanovas"},"url":"https:\/\/conversesacatalunya.cat\/es\/author\/enric-casanovas\/"}]}},"wps_subtitle":"An\u00e1lisis de las ayudas prometidas por el gobierno para hacer frente a la tragedia valenciana: promesas, carencias y deudas ocultas","_links":{"self":[{"href":"https:\/\/conversesacatalunya.cat\/es\/wp-json\/wp\/v2\/posts\/83346","targetHints":{"allow":["GET"]}}],"collection":[{"href":"https:\/\/conversesacatalunya.cat\/es\/wp-json\/wp\/v2\/posts"}],"about":[{"href":"https:\/\/conversesacatalunya.cat\/es\/wp-json\/wp\/v2\/types\/post"}],"author":[{"embeddable":true,"href":"https:\/\/conversesacatalunya.cat\/es\/wp-json\/wp\/v2\/users\/77"}],"replies":[{"embeddable":true,"href":"https:\/\/conversesacatalunya.cat\/es\/wp-json\/wp\/v2\/comments?post=83346"}],"version-history":[{"count":2,"href":"https:\/\/conversesacatalunya.cat\/es\/wp-json\/wp\/v2\/posts\/83346\/revisions"}],"predecessor-version":[{"id":83348,"href":"https:\/\/conversesacatalunya.cat\/es\/wp-json\/wp\/v2\/posts\/83346\/revisions\/83348"}],"wp:featuredmedia":[{"embeddable":true,"href":"https:\/\/conversesacatalunya.cat\/es\/wp-json\/wp\/v2\/media\/83332"}],"wp:attachment":[{"href":"https:\/\/conversesacatalunya.cat\/es\/wp-json\/wp\/v2\/media?parent=83346"}],"wp:term":[{"taxonomy":"category","embeddable":true,"href":"https:\/\/conversesacatalunya.cat\/es\/wp-json\/wp\/v2\/categories?post=83346"},{"taxonomy":"post_tag","embeddable":true,"href":"https:\/\/conversesacatalunya.cat\/es\/wp-json\/wp\/v2\/tags?post=83346"}],"curies":[{"name":"wp","href":"https:\/\/api.w.org\/{rel}","templated":true}]}}