{"id":83082,"date":"2024-10-31T11:58:42","date_gmt":"2024-10-31T10:58:42","guid":{"rendered":"https:\/\/conversesacatalunya.cat\/davant-la-tragedia-de-valencia-andalusia-i-castella-la-manxa-les-questions-clau\/"},"modified":"2024-10-31T12:58:14","modified_gmt":"2024-10-31T11:58:14","slug":"ante-la-tragedia-de-valencia-andalucia-y-castilla-la-mancha-las-cuestiones-clave","status":"publish","type":"post","link":"https:\/\/conversesacatalunya.cat\/es\/ante-la-tragedia-de-valencia-andalucia-y-castilla-la-mancha-las-cuestiones-clave\/","title":{"rendered":"Ante la tragedia de Valencia, Andaluc\u00eda y Castilla-La Mancha: las cuestiones clave"},"content":{"rendered":"<p><span>La\u00a0<\/span><strong><span>tragedia de la\u00a0<\/span><a href=\"https:\/\/conversesacatalunya.cat\/es\/que-es-una-dana-y-que-la-diferencia-de-las-tormentas-de-toda-la-vida\/\" target=\"_blank\" rel=\"noopener\"><span>DANA<\/span><\/a><span> en Valencia<\/span><\/strong><span>, en un clima extremo de polarizaci\u00f3n pol\u00edtica, deber\u00eda servir como un punto y aparte, abriendo un per\u00edodo marcado por la compasi\u00f3n por las v\u00edctimas, la solidaridad y la eficacia en la respuesta de las administraciones. Es especialmente importante la que posee los mayores medios, la del Estado, que deber\u00eda dar una respuesta inmediata a las necesidades de personas, familias y empresas afectadas, con medidas urgentes para paliar los da\u00f1os materiales y un plan integral de reconstrucci\u00f3n. El objetivo no es solo restituir lo perdido, sino <\/span><strong><span>crear las condiciones para que no vuelva a suceder<\/span><\/strong><span>.<\/span><\/p>\n<p><span>En su momento, despu\u00e9s de la gran riada de 1957, se canaliz\u00f3 el r\u00edo Turia. Ahora, es necesario algo similar, as\u00ed como una rendici\u00f3n de cuentas en forma de un libro blanco elaborado por una comisi\u00f3n independiente que examine\u00a0<\/span><strong><span>qu\u00e9 se ha hecho mal y proponga remedios<\/span><\/strong><span>. Dar cuentas al final, no ahora, como parece ser la tentaci\u00f3n de algunos desde la Moncloa, que intentan utilizar la tragedia para atacar al adversario pol\u00edtico que gobierna en Valencia, deber\u00eda ser la prioridad. Esperamos que esto solo sea el resultado de una mala lectura de la realidad y no un prop\u00f3sito pol\u00edtico definido.<\/span><\/p>\n<p><span>A corto plazo, es imperativo resolver las\u00a0<\/span><strong><span>condiciones b\u00e1sicas para que el pa\u00eds pueda funcionar<\/span><\/strong><span>, con Valencia en primer t\u00e9rmino, pero tambi\u00e9n teniendo en cuenta otras afectaciones que, aunque menores, tambi\u00e9n son importantes en Andaluc\u00eda y Castilla-La Mancha. La coordinaci\u00f3n entre la Generalitat Valenciana y el Gobierno de Espa\u00f1a es fundamental, puesto que las aportaciones de este \u00faltimo son decisivas: una parte de la infraestructura da\u00f1ada \u2014ferrocarriles, autopistas, carreteras nacionales\u2014 es <\/span><strong><span>competencia del Estado<\/span><\/strong><span>. El objetivo est\u00e1 claro: la gente debe poder volver a la vida habitual, ir al trabajo, llevar a los ni\u00f1os a la escuela, hacer la compra, y todo ello en el menor tiempo posible.<\/span><\/p>\n<p><span>Esta condici\u00f3n exige tambi\u00e9n que\u00a0<\/span><strong><span>llegue dinero<\/span><\/strong><span>. No anuncios, sino efectivo, en el menor tiempo posible, dirigido a las familias afectadas, que son muchas, y a las empresas. En la zona afectada no puede producirse una cat\u00e1strofe econ\u00f3mica despu\u00e9s de la cat\u00e1strofe natural. La forma de hacerlo es concreta y sencilla: se trata de ingresar directamente en las cuentas de las personas y empresas dinero proporcional a las necesidades b\u00e1sicas, por un lado, y a lo que la empresa haya perdido en una primera estimaci\u00f3n, por otro.<\/span><\/p>\n<p><span>Esta medida servir\u00eda para detener el golpe inicial; m\u00e1s adelante, con m\u00e1s tiempo, se evaluar\u00e1 si los recursos aportados han sido suficientes y se establecer\u00e1n mecanismos para compensar de forma proporcional. Pero, en cualquier caso,\u00a0<\/span><strong><span>el dinero debe llegar ya<\/span><\/strong><span>, y \u00e9sta es una tarea prioritaria del Gobierno de S\u00e1nchez. Si el caso se hunde en la burocracia, el da\u00f1o a las personas, las familias, la econom\u00eda y a Valencia ser\u00e1 terrible.<\/span><\/p>\n<p><span>\u00c9stas son acciones a corto plazo. A medio y largo plazo, es necesario un\u00a0<\/span><strong><span>plan integral de reconstrucci\u00f3n<\/span><\/strong><span>\u00a0que tenga en cuenta las condiciones y la experiencia, y que no se limite a rehacer lo destruido, sino que se encamine a\u00a0<\/span><strong><span>limitar futuras cat\u00e1strofes<\/span><\/strong><span>. Esta \u00faltima, a pesar de ser fruto de condiciones muy espec\u00edficas -no solo la DANA, sino el tren de tormentas est\u00e1tico que se auto-regener\u00f3 durante horas-, se ha visto agravada por las condiciones fisiogr\u00e1ficas del territorio, lleno de peque\u00f1os cursos de agua de r\u00e9gimen torrencial. En esta ocasi\u00f3n, <\/span><strong><span>la virulencia ha sido extrema<\/span><\/strong><span>.<\/span><\/p>\n<p><span>Hay que evitar repetir el fiasco de la\u00a0<\/span><a href=\"https:\/\/conversesacatalunya.cat\/es\/coronavirus\/\" target=\"_blank\" rel=\"noopener\"><span>COVID-19<\/span><\/a><span>: la mayor mortalidad registrada en Espa\u00f1a desde la Guerra Civil no ha tenido una rendici\u00f3n de cuentas ni ha sido sometida a ning\u00fan examen. El Gobierno de S\u00e1nchez lo ha evitado, y la oposici\u00f3n tampoco ha exigido con fuerza, una comisi\u00f3n del Congreso para llevar a cabo esta labor. Ahora, ante lo sucedido, es necesario que se constituya una\u00a0<\/span><strong><span>comisi\u00f3n independiente formada por profesionales y expertos en los \u00e1mbitos afectados<\/span><\/strong><span>, que prepare un libro blanco que deba someterse al Congreso de los Diputados y al Parlamento Valenciano.<\/span><\/p>\n<p><span>No se trata tanto de buscar responsabilidades pol\u00edticas \u2013aunque tambi\u00e9n sea importante\u2013, sino de identificar\u00a0<\/span><strong><span>qu\u00e9 no ha funcionado<\/span><\/strong><span>, ya que en Espa\u00f1a abunda la normativa que obliga al Gobierno a actuar antes, durante y despu\u00e9s de las emergencias. Concretamente, existe una ley estatal marco, la Ley 17\/2015, de 9 de julio, del Sistema Nacional de Protecci\u00f3n Civil, y otras normativas de desarrollo.<\/span><\/p>\n<h4><span>Las funciones de la Direcci\u00f3n General de Protecci\u00f3n Civil y Emergencias, del Ministerio del Interior, incluyen:<\/span><\/h4>\n<ul>\n<li><span>La preparaci\u00f3n de planes estatales de protecci\u00f3n civil.<\/span><\/li>\n<li><span>La realizaci\u00f3n de estudios sobre an\u00e1lisis de riesgos y proyectos piloto preventivos para fundamentar planes de prevenci\u00f3n de emergencias.<\/span><\/li>\n<li><span>Informar y someter a evaluaci\u00f3n de impacto los estudios t\u00e9cnicos preceptivos.<\/span><\/li>\n<li><span>Desarrollar programas de informaci\u00f3n a la poblaci\u00f3n y promover la autoprotecci\u00f3n ciudadana y corporativa.<\/span><\/li>\n<li><span>Coordinar la formaci\u00f3n del personal del sistema nacional de protecci\u00f3n civil.<\/span><\/li>\n<li><span>Mantener el Centro Nacional de Seguimiento y Coordinaci\u00f3n de Emergencias.<\/span><\/li>\n<li><span>Actuar como Centro de Coordinaci\u00f3n Operativa en Emergencias de Inter\u00e9s Nacional.<\/span><\/li>\n<li><span>Solicitar la movilizaci\u00f3n de recursos extraordinarios, incluida la Unidad Militar de Emergencias.<\/span><\/li>\n<\/ul>\n<p><span>La protecci\u00f3n frente a emergencias y cat\u00e1strofes forma parte de la Estrategia de Seguridad Nacional, presidida por el presidente del Gobierno, que prev\u00e9 acciones prioritarias en situaciones como la de la reciente tragedia. La Estrategia Nacional de Protecci\u00f3n Civil de 2019 establece medidas en el marco de la Directriz B\u00e1sica de emergencias frente al riesgo de inundaciones, conectando el riesgo de inundaci\u00f3n con la planificaci\u00f3n territorial y los usos del suelo.<\/span><\/p>\n<h4><span>El Plan Estatal de Inundaciones, aprobado en 2011, tambi\u00e9n establece acciones prioritarias como:<\/span><\/h4>\n<ul>\n<li><span>Fortalecer la vinculaci\u00f3n de la protecci\u00f3n civil con la planificaci\u00f3n territorial.<\/span><\/li>\n<li><span>Usar el Sistema Nacional de Cartograf\u00eda de zonas inundables para la identificaci\u00f3n de elementos vulnerables.<\/span><\/li>\n<li><span>Fortalecer los sistemas de aviso hidrol\u00f3gico y desarrollar herramientas predictivas de fen\u00f3menos meteorol\u00f3gicos extremos.<\/span><\/li>\n<\/ul>\n<p><span>Toda esta normativa define actuaciones y criterios que deber\u00eda evaluarse para conocer qu\u00e9 se ha hecho antes de la cat\u00e1strofe y extraer las conclusiones pertinentes.<\/span><\/p>\n<div id=\"polls-260\" class=\"wp-polls\">\n\t<form id=\"polls_form_260\" class=\"wp-polls-form\" action=\"\/index.php\" method=\"post\">\n\t\t<p style=\"display: none;\"><input type=\"hidden\" id=\"poll_260_nonce\" name=\"wp-polls-nonce\" value=\"d1ce9dd7dd\" \/><\/p>\n\t\t<p style=\"display: none;\"><input type=\"hidden\" name=\"poll_id\" value=\"260\" \/><\/p>\n\t\t<p style=\"text-align: center\"><strong>Amb tots els elements que han sortit fins ara, creus que \u00e9s possible que \u00cd\u00f1igo Errej\u00f3n tingui un c\u00e0stig penal?<\/strong><\/p><div id=\"polls-260-ans\" class=\"wp-polls-ans\"><ul class=\"wp-polls-ul\">\n\t\t<li><input type=\"radio\" id=\"poll-answer-732\" name=\"poll_260\" value=\"732\" \/> <label for=\"poll-answer-732\">S\u00ed<\/label><\/li>\n\t\t<li><input type=\"radio\" id=\"poll-answer-733\" name=\"poll_260\" value=\"733\" \/> <label for=\"poll-answer-733\">No<\/label><\/li>\n\t\t<li><input type=\"radio\" id=\"poll-answer-734\" name=\"poll_260\" value=\"734\" \/> <label for=\"poll-answer-734\">Probablement<\/label><\/li>\n\t\t<li><input type=\"radio\" id=\"poll-answer-735\" name=\"poll_260\" value=\"735\" \/> <label for=\"poll-answer-735\">No ho s\u00e9<\/label><\/li>\n\t\t<\/ul><p style=\"text-align: center\"><input type=\"button\" name=\"vote\" value=\"   Vota   \" class=\"Buttons\" onclick=\"poll_vote(260);\" \/><\/p><p style=\"text-align: center\"><a href=\"#ViewPollResults\" onclick=\"poll_result(260); return false;\" title=\"View Results Of This Poll\">Mira els resultats<\/a><\/p><\/div>\n\t<\/form>\n<\/div>\n<div id=\"polls-260-loading\" class=\"wp-polls-loading\"><img decoding=\"async\" data-src=\"https:\/\/conversesacatalunya.cat\/wp-content\/plugins\/wp-polls\/images\/loading.gif\" width=\"16\" height=\"16\" alt=\"Cargando ...\" title=\"Cargando ...\" class=\"wp-polls-image lazyload\" src=\"data:image\/svg+xml;base64,PHN2ZyB3aWR0aD0iMSIgaGVpZ2h0PSIxIiB4bWxucz0iaHR0cDovL3d3dy53My5vcmcvMjAwMC9zdmciPjwvc3ZnPg==\" style=\"--smush-placeholder-width: 16px; --smush-placeholder-aspect-ratio: 16\/16;\" \/>&nbsp;Cargando ...<\/div>\n\n","protected":false},"excerpt":{"rendered":"<p>La\u00a0tragedia de la\u00a0DANA en Valencia, en un clima extremo de polarizaci\u00f3n pol\u00edtica, deber\u00eda servir como un punto y aparte, abriendo un per\u00edodo marcado por la compasi\u00f3n por las v\u00edctimas, la solidaridad y la eficacia en la respuesta de las administraciones. Es especialmente importante la que posee los mayores medios, la del Estado, que deber\u00eda dar una respuesta inmediata a las necesidades de personas, familias y empresas afectadas, con medidas urgentes para paliar los da\u00f1os materiales y un plan integral de reconstrucci\u00f3n. El objetivo no es solo restituir lo perdido, sino crear las condiciones para que no vuelva a suceder. En su momento, despu\u00e9s de la gran riada de 1957, se canaliz\u00f3 el r\u00edo Turia. Ahora, es necesario algo similar, as\u00ed como una rendici\u00f3n de cuentas en forma de un libro blanco elaborado por una comisi\u00f3n independiente que examine\u00a0qu\u00e9 se ha hecho mal y proponga remedios. Dar cuentas al final, no ahora, como parece ser la tentaci\u00f3n de algunos desde la Moncloa, que intentan utilizar la tragedia para atacar al adversario pol\u00edtico que gobierna en Valencia, deber\u00eda ser la prioridad. Esperamos que esto solo sea el resultado de una mala lectura de la realidad y no un prop\u00f3sito pol\u00edtico definido. A corto plazo, es imperativo resolver las\u00a0condiciones b\u00e1sicas para que el pa\u00eds pueda funcionar, con Valencia en primer t\u00e9rmino, pero tambi\u00e9n teniendo en cuenta otras afectaciones que, aunque menores, tambi\u00e9n son importantes en Andaluc\u00eda y Castilla-La Mancha. La coordinaci\u00f3n entre la Generalitat Valenciana y el Gobierno de Espa\u00f1a es fundamental, puesto que las aportaciones de este \u00faltimo son decisivas: una parte de la infraestructura da\u00f1ada \u2014ferrocarriles, autopistas, carreteras nacionales\u2014 es competencia del Estado. El objetivo est\u00e1 claro: la gente debe poder volver a la vida habitual, ir al trabajo, llevar a los ni\u00f1os a la escuela, hacer la compra, y todo ello en el menor tiempo posible. Esta condici\u00f3n exige tambi\u00e9n que\u00a0llegue dinero. No anuncios, sino efectivo, en el menor tiempo posible, dirigido a las familias afectadas, que son muchas, y a las empresas. En la zona afectada no puede producirse una cat\u00e1strofe econ\u00f3mica despu\u00e9s de la cat\u00e1strofe natural. La forma de hacerlo es concreta y sencilla: se trata de ingresar directamente en las cuentas de las personas y empresas dinero proporcional a las necesidades b\u00e1sicas, por un lado, y a lo que la empresa haya perdido en una primera estimaci\u00f3n, por otro. Esta medida servir\u00eda para detener el golpe inicial; m\u00e1s adelante, con m\u00e1s tiempo, se evaluar\u00e1 si los recursos aportados han sido suficientes y se establecer\u00e1n mecanismos para compensar de forma proporcional. Pero, en cualquier caso,\u00a0el dinero debe llegar ya, y \u00e9sta es una tarea prioritaria del Gobierno de S\u00e1nchez. Si el caso se hunde en la burocracia, el da\u00f1o a las personas, las familias, la econom\u00eda y a Valencia ser\u00e1 terrible. \u00c9stas son acciones a corto plazo. A medio y largo plazo, es necesario un\u00a0plan integral de reconstrucci\u00f3n\u00a0que tenga en cuenta las condiciones y la experiencia, y que no se limite a rehacer lo destruido, sino que se encamine a\u00a0limitar futuras cat\u00e1strofes. Esta \u00faltima, a pesar de ser fruto de condiciones muy espec\u00edficas -no solo la DANA, sino el tren de tormentas est\u00e1tico que se auto-regener\u00f3 durante horas-, se ha visto agravada por las condiciones fisiogr\u00e1ficas del territorio, lleno de peque\u00f1os cursos de agua de r\u00e9gimen torrencial. En esta ocasi\u00f3n, la virulencia ha sido extrema. Hay que evitar repetir el fiasco de la\u00a0COVID-19: la mayor mortalidad registrada en Espa\u00f1a desde la Guerra Civil no ha tenido una rendici\u00f3n de cuentas ni ha sido sometida a ning\u00fan examen. El Gobierno de S\u00e1nchez lo ha evitado, y la oposici\u00f3n tampoco ha exigido con fuerza, una comisi\u00f3n del Congreso para llevar a cabo esta labor. Ahora, ante lo sucedido, es necesario que se constituya una\u00a0comisi\u00f3n independiente formada por profesionales y expertos en los \u00e1mbitos afectados, que prepare un libro blanco que deba someterse al Congreso de los Diputados y al Parlamento Valenciano. No se trata tanto de buscar responsabilidades pol\u00edticas \u2013aunque tambi\u00e9n sea importante\u2013, sino de identificar\u00a0qu\u00e9 no ha funcionado, ya que en Espa\u00f1a abunda la normativa que obliga al Gobierno a actuar antes, durante y despu\u00e9s de las emergencias. Concretamente, existe una ley estatal marco, la Ley 17\/2015, de 9 de julio, del Sistema Nacional de Protecci\u00f3n Civil, y otras normativas de desarrollo. Las funciones de la Direcci\u00f3n General de Protecci\u00f3n Civil y Emergencias, del Ministerio del Interior, incluyen: La preparaci\u00f3n de planes estatales de protecci\u00f3n civil. La realizaci\u00f3n de estudios sobre an\u00e1lisis de riesgos y proyectos piloto preventivos para fundamentar planes de prevenci\u00f3n de emergencias. Informar y someter a evaluaci\u00f3n de impacto los estudios t\u00e9cnicos preceptivos. Desarrollar programas de informaci\u00f3n a la poblaci\u00f3n y promover la autoprotecci\u00f3n ciudadana y corporativa. Coordinar la formaci\u00f3n del personal del sistema nacional de protecci\u00f3n civil. Mantener el Centro Nacional de Seguimiento y Coordinaci\u00f3n de Emergencias. Actuar como Centro de Coordinaci\u00f3n Operativa en Emergencias de Inter\u00e9s Nacional. Solicitar la movilizaci\u00f3n de recursos extraordinarios, incluida la Unidad Militar de Emergencias. La protecci\u00f3n frente a emergencias y cat\u00e1strofes forma parte de la Estrategia de Seguridad Nacional, presidida por el presidente del Gobierno, que prev\u00e9 acciones prioritarias en situaciones como la de la reciente tragedia. La Estrategia Nacional de Protecci\u00f3n Civil de 2019 establece medidas en el marco de la Directriz B\u00e1sica de emergencias frente al riesgo de inundaciones, conectando el riesgo de inundaci\u00f3n con la planificaci\u00f3n territorial y los usos del suelo. El Plan Estatal de Inundaciones, aprobado en 2011, tambi\u00e9n establece acciones prioritarias como: Fortalecer la vinculaci\u00f3n de la protecci\u00f3n civil con la planificaci\u00f3n territorial. Usar el Sistema Nacional de Cartograf\u00eda de zonas inundables para la identificaci\u00f3n de elementos vulnerables. Fortalecer los sistemas de aviso hidrol\u00f3gico y desarrollar herramientas predictivas de fen\u00f3menos meteorol\u00f3gicos extremos. Toda esta normativa define actuaciones y criterios que deber\u00eda evaluarse para conocer qu\u00e9 se ha hecho antes de la cat\u00e1strofe y extraer las conclusiones pertinentes.<\/p>\n","protected":false},"author":77,"featured_media":83058,"comment_status":"open","ping_status":"open","sticky":false,"template":"","format":"standard","meta":{"_FSMCFIC_featured_image_caption":"","_FSMCFIC_featured_image_nocaption":"","_FSMCFIC_featured_image_hide":"","footnotes":""},"categories":[806],"tags":[1267],"class_list":["post-83082","post","type-post","status-publish","format-standard","has-post-thumbnail","hentry","category-punts-claus-del-dia-es","tag-cambio-climatico"],"yoast_head":"<!-- This site is optimized with the Yoast SEO plugin v26.8 - https:\/\/yoast.com\/product\/yoast-seo-wordpress\/ -->\n<title>Ante la tragedia de Valencia, Andaluc\u00eda y Castilla-La Mancha: las cuestiones clave - Converses a Catalunya<\/title>\n<meta name=\"robots\" content=\"index, follow, max-snippet:-1, max-image-preview:large, max-video-preview:-1\" \/>\n<link rel=\"canonical\" href=\"https:\/\/conversesacatalunya.cat\/es\/ante-la-tragedia-de-valencia-andalucia-y-castilla-la-mancha-las-cuestiones-clave\/\" \/>\n<meta property=\"og:locale\" content=\"es_ES\" \/>\n<meta property=\"og:type\" content=\"article\" \/>\n<meta property=\"og:title\" content=\"Ante la tragedia de Valencia, Andaluc\u00eda y Castilla-La Mancha: las cuestiones clave - Converses a Catalunya\" \/>\n<meta property=\"og:description\" content=\"La\u00a0tragedia de la\u00a0DANA en Valencia, en un clima extremo de polarizaci\u00f3n pol\u00edtica, deber\u00eda servir como un punto y aparte, abriendo un per\u00edodo marcado por la compasi\u00f3n por las v\u00edctimas, la solidaridad y la eficacia en la respuesta de las administraciones. Es especialmente importante la que posee los mayores medios, la del Estado, que deber\u00eda dar una respuesta inmediata a las necesidades de personas, familias y empresas afectadas, con medidas urgentes para paliar los da\u00f1os materiales y un plan integral de reconstrucci\u00f3n. El objetivo no es solo restituir lo perdido, sino crear las condiciones para que no vuelva a suceder. En su momento, despu\u00e9s de la gran riada de 1957, se canaliz\u00f3 el r\u00edo Turia. Ahora, es necesario algo similar, as\u00ed como una rendici\u00f3n de cuentas en forma de un libro blanco elaborado por una comisi\u00f3n independiente que examine\u00a0qu\u00e9 se ha hecho mal y proponga remedios. Dar cuentas al final, no ahora, como parece ser la tentaci\u00f3n de algunos desde la Moncloa, que intentan utilizar la tragedia para atacar al adversario pol\u00edtico que gobierna en Valencia, deber\u00eda ser la prioridad. Esperamos que esto solo sea el resultado de una mala lectura de la realidad y no un prop\u00f3sito pol\u00edtico definido. A corto plazo, es imperativo resolver las\u00a0condiciones b\u00e1sicas para que el pa\u00eds pueda funcionar, con Valencia en primer t\u00e9rmino, pero tambi\u00e9n teniendo en cuenta otras afectaciones que, aunque menores, tambi\u00e9n son importantes en Andaluc\u00eda y Castilla-La Mancha. La coordinaci\u00f3n entre la Generalitat Valenciana y el Gobierno de Espa\u00f1a es fundamental, puesto que las aportaciones de este \u00faltimo son decisivas: una parte de la infraestructura da\u00f1ada \u2014ferrocarriles, autopistas, carreteras nacionales\u2014 es competencia del Estado. El objetivo est\u00e1 claro: la gente debe poder volver a la vida habitual, ir al trabajo, llevar a los ni\u00f1os a la escuela, hacer la compra, y todo ello en el menor tiempo posible. Esta condici\u00f3n exige tambi\u00e9n que\u00a0llegue dinero. No anuncios, sino efectivo, en el menor tiempo posible, dirigido a las familias afectadas, que son muchas, y a las empresas. En la zona afectada no puede producirse una cat\u00e1strofe econ\u00f3mica despu\u00e9s de la cat\u00e1strofe natural. La forma de hacerlo es concreta y sencilla: se trata de ingresar directamente en las cuentas de las personas y empresas dinero proporcional a las necesidades b\u00e1sicas, por un lado, y a lo que la empresa haya perdido en una primera estimaci\u00f3n, por otro. Esta medida servir\u00eda para detener el golpe inicial; m\u00e1s adelante, con m\u00e1s tiempo, se evaluar\u00e1 si los recursos aportados han sido suficientes y se establecer\u00e1n mecanismos para compensar de forma proporcional. Pero, en cualquier caso,\u00a0el dinero debe llegar ya, y \u00e9sta es una tarea prioritaria del Gobierno de S\u00e1nchez. Si el caso se hunde en la burocracia, el da\u00f1o a las personas, las familias, la econom\u00eda y a Valencia ser\u00e1 terrible. \u00c9stas son acciones a corto plazo. A medio y largo plazo, es necesario un\u00a0plan integral de reconstrucci\u00f3n\u00a0que tenga en cuenta las condiciones y la experiencia, y que no se limite a rehacer lo destruido, sino que se encamine a\u00a0limitar futuras cat\u00e1strofes. Esta \u00faltima, a pesar de ser fruto de condiciones muy espec\u00edficas -no solo la DANA, sino el tren de tormentas est\u00e1tico que se auto-regener\u00f3 durante horas-, se ha visto agravada por las condiciones fisiogr\u00e1ficas del territorio, lleno de peque\u00f1os cursos de agua de r\u00e9gimen torrencial. En esta ocasi\u00f3n, la virulencia ha sido extrema. Hay que evitar repetir el fiasco de la\u00a0COVID-19: la mayor mortalidad registrada en Espa\u00f1a desde la Guerra Civil no ha tenido una rendici\u00f3n de cuentas ni ha sido sometida a ning\u00fan examen. El Gobierno de S\u00e1nchez lo ha evitado, y la oposici\u00f3n tampoco ha exigido con fuerza, una comisi\u00f3n del Congreso para llevar a cabo esta labor. Ahora, ante lo sucedido, es necesario que se constituya una\u00a0comisi\u00f3n independiente formada por profesionales y expertos en los \u00e1mbitos afectados, que prepare un libro blanco que deba someterse al Congreso de los Diputados y al Parlamento Valenciano. No se trata tanto de buscar responsabilidades pol\u00edticas \u2013aunque tambi\u00e9n sea importante\u2013, sino de identificar\u00a0qu\u00e9 no ha funcionado, ya que en Espa\u00f1a abunda la normativa que obliga al Gobierno a actuar antes, durante y despu\u00e9s de las emergencias. Concretamente, existe una ley estatal marco, la Ley 17\/2015, de 9 de julio, del Sistema Nacional de Protecci\u00f3n Civil, y otras normativas de desarrollo. Las funciones de la Direcci\u00f3n General de Protecci\u00f3n Civil y Emergencias, del Ministerio del Interior, incluyen: La preparaci\u00f3n de planes estatales de protecci\u00f3n civil. La realizaci\u00f3n de estudios sobre an\u00e1lisis de riesgos y proyectos piloto preventivos para fundamentar planes de prevenci\u00f3n de emergencias. Informar y someter a evaluaci\u00f3n de impacto los estudios t\u00e9cnicos preceptivos. Desarrollar programas de informaci\u00f3n a la poblaci\u00f3n y promover la autoprotecci\u00f3n ciudadana y corporativa. Coordinar la formaci\u00f3n del personal del sistema nacional de protecci\u00f3n civil. Mantener el Centro Nacional de Seguimiento y Coordinaci\u00f3n de Emergencias. Actuar como Centro de Coordinaci\u00f3n Operativa en Emergencias de Inter\u00e9s Nacional. Solicitar la movilizaci\u00f3n de recursos extraordinarios, incluida la Unidad Militar de Emergencias. La protecci\u00f3n frente a emergencias y cat\u00e1strofes forma parte de la Estrategia de Seguridad Nacional, presidida por el presidente del Gobierno, que prev\u00e9 acciones prioritarias en situaciones como la de la reciente tragedia. La Estrategia Nacional de Protecci\u00f3n Civil de 2019 establece medidas en el marco de la Directriz B\u00e1sica de emergencias frente al riesgo de inundaciones, conectando el riesgo de inundaci\u00f3n con la planificaci\u00f3n territorial y los usos del suelo. El Plan Estatal de Inundaciones, aprobado en 2011, tambi\u00e9n establece acciones prioritarias como: Fortalecer la vinculaci\u00f3n de la protecci\u00f3n civil con la planificaci\u00f3n territorial. Usar el Sistema Nacional de Cartograf\u00eda de zonas inundables para la identificaci\u00f3n de elementos vulnerables. Fortalecer los sistemas de aviso hidrol\u00f3gico y desarrollar herramientas predictivas de fen\u00f3menos meteorol\u00f3gicos extremos. Toda esta normativa define actuaciones y criterios que deber\u00eda evaluarse para conocer qu\u00e9 se ha hecho antes de la cat\u00e1strofe y extraer las conclusiones pertinentes.\" \/>\n<meta property=\"og:url\" content=\"https:\/\/conversesacatalunya.cat\/es\/ante-la-tragedia-de-valencia-andalucia-y-castilla-la-mancha-las-cuestiones-clave\/\" \/>\n<meta property=\"og:site_name\" content=\"Converses a Catalunya\" \/>\n<meta property=\"article:published_time\" content=\"2024-10-31T10:58:42+00:00\" \/>\n<meta property=\"article:modified_time\" content=\"2024-10-31T11:58:14+00:00\" \/>\n<meta property=\"og:image\" content=\"https:\/\/conversesacatalunya.cat\/wp-content\/uploads\/2024\/10\/Dana-1.jpg\" \/>\n\t<meta property=\"og:image:width\" content=\"671\" \/>\n\t<meta property=\"og:image:height\" content=\"395\" \/>\n\t<meta property=\"og:image:type\" content=\"image\/jpeg\" \/>\n<meta name=\"author\" content=\"Enric Casanovas\" \/>\n<meta name=\"twitter:card\" content=\"summary_large_image\" \/>\n<meta name=\"twitter:label1\" content=\"Escrito por\" \/>\n\t<meta name=\"twitter:data1\" content=\"Enric Casanovas\" \/>\n\t<meta name=\"twitter:label2\" content=\"Tiempo de lectura\" \/>\n\t<meta name=\"twitter:data2\" content=\"5 minutos\" \/>\n<script type=\"application\/ld+json\" class=\"yoast-schema-graph\">{\"@context\":\"https:\/\/schema.org\",\"@graph\":[{\"@type\":\"Article\",\"@id\":\"https:\/\/conversesacatalunya.cat\/es\/ante-la-tragedia-de-valencia-andalucia-y-castilla-la-mancha-las-cuestiones-clave\/#article\",\"isPartOf\":{\"@id\":\"https:\/\/conversesacatalunya.cat\/es\/ante-la-tragedia-de-valencia-andalucia-y-castilla-la-mancha-las-cuestiones-clave\/\"},\"author\":{\"name\":\"Enric Casanovas\",\"@id\":\"https:\/\/conversesacatalunya.cat\/#\/schema\/person\/79bd0577b2f3afc8d6519d207c6e8609\"},\"headline\":\"Ante la tragedia de Valencia, Andaluc\u00eda y Castilla-La Mancha: las cuestiones clave\",\"datePublished\":\"2024-10-31T10:58:42+00:00\",\"dateModified\":\"2024-10-31T11:58:14+00:00\",\"mainEntityOfPage\":{\"@id\":\"https:\/\/conversesacatalunya.cat\/es\/ante-la-tragedia-de-valencia-andalucia-y-castilla-la-mancha-las-cuestiones-clave\/\"},\"wordCount\":1094,\"commentCount\":0,\"image\":{\"@id\":\"https:\/\/conversesacatalunya.cat\/es\/ante-la-tragedia-de-valencia-andalucia-y-castilla-la-mancha-las-cuestiones-clave\/#primaryimage\"},\"thumbnailUrl\":\"https:\/\/conversesacatalunya.cat\/wp-content\/uploads\/2024\/10\/Dana-1.jpg\",\"keywords\":[\"cambio clim\u00e1tico\"],\"articleSection\":[\"Punts clau del dia (ES)\"],\"inLanguage\":\"es\",\"potentialAction\":[{\"@type\":\"CommentAction\",\"name\":\"Comment\",\"target\":[\"https:\/\/conversesacatalunya.cat\/es\/ante-la-tragedia-de-valencia-andalucia-y-castilla-la-mancha-las-cuestiones-clave\/#respond\"]}]},{\"@type\":\"WebPage\",\"@id\":\"https:\/\/conversesacatalunya.cat\/es\/ante-la-tragedia-de-valencia-andalucia-y-castilla-la-mancha-las-cuestiones-clave\/\",\"url\":\"https:\/\/conversesacatalunya.cat\/es\/ante-la-tragedia-de-valencia-andalucia-y-castilla-la-mancha-las-cuestiones-clave\/\",\"name\":\"Ante la tragedia de Valencia, Andaluc\u00eda y Castilla-La Mancha: las cuestiones clave - Converses a Catalunya\",\"isPartOf\":{\"@id\":\"https:\/\/conversesacatalunya.cat\/#website\"},\"primaryImageOfPage\":{\"@id\":\"https:\/\/conversesacatalunya.cat\/es\/ante-la-tragedia-de-valencia-andalucia-y-castilla-la-mancha-las-cuestiones-clave\/#primaryimage\"},\"image\":{\"@id\":\"https:\/\/conversesacatalunya.cat\/es\/ante-la-tragedia-de-valencia-andalucia-y-castilla-la-mancha-las-cuestiones-clave\/#primaryimage\"},\"thumbnailUrl\":\"https:\/\/conversesacatalunya.cat\/wp-content\/uploads\/2024\/10\/Dana-1.jpg\",\"datePublished\":\"2024-10-31T10:58:42+00:00\",\"dateModified\":\"2024-10-31T11:58:14+00:00\",\"author\":{\"@id\":\"https:\/\/conversesacatalunya.cat\/#\/schema\/person\/79bd0577b2f3afc8d6519d207c6e8609\"},\"breadcrumb\":{\"@id\":\"https:\/\/conversesacatalunya.cat\/es\/ante-la-tragedia-de-valencia-andalucia-y-castilla-la-mancha-las-cuestiones-clave\/#breadcrumb\"},\"inLanguage\":\"es\",\"potentialAction\":[{\"@type\":\"ReadAction\",\"target\":[\"https:\/\/conversesacatalunya.cat\/es\/ante-la-tragedia-de-valencia-andalucia-y-castilla-la-mancha-las-cuestiones-clave\/\"]}]},{\"@type\":\"ImageObject\",\"inLanguage\":\"es\",\"@id\":\"https:\/\/conversesacatalunya.cat\/es\/ante-la-tragedia-de-valencia-andalucia-y-castilla-la-mancha-las-cuestiones-clave\/#primaryimage\",\"url\":\"https:\/\/conversesacatalunya.cat\/wp-content\/uploads\/2024\/10\/Dana-1.jpg\",\"contentUrl\":\"https:\/\/conversesacatalunya.cat\/wp-content\/uploads\/2024\/10\/Dana-1.jpg\",\"width\":671,\"height\":395,\"caption\":\"trag\u00e8dia Val\u00e8ncia DANA\"},{\"@type\":\"BreadcrumbList\",\"@id\":\"https:\/\/conversesacatalunya.cat\/es\/ante-la-tragedia-de-valencia-andalucia-y-castilla-la-mancha-las-cuestiones-clave\/#breadcrumb\",\"itemListElement\":[{\"@type\":\"ListItem\",\"position\":1,\"name\":\"Inici\",\"item\":\"https:\/\/conversesacatalunya.cat\/es\/\"},{\"@type\":\"ListItem\",\"position\":2,\"name\":\"Ante la tragedia de Valencia, Andaluc\u00eda y Castilla-La Mancha: las cuestiones clave\"}]},{\"@type\":\"WebSite\",\"@id\":\"https:\/\/conversesacatalunya.cat\/#website\",\"url\":\"https:\/\/conversesacatalunya.cat\/\",\"name\":\"Converses a Catalunya\",\"description\":\"\",\"potentialAction\":[{\"@type\":\"SearchAction\",\"target\":{\"@type\":\"EntryPoint\",\"urlTemplate\":\"https:\/\/conversesacatalunya.cat\/?s={search_term_string}\"},\"query-input\":{\"@type\":\"PropertyValueSpecification\",\"valueRequired\":true,\"valueName\":\"search_term_string\"}}],\"inLanguage\":\"es\"},{\"@type\":\"Person\",\"@id\":\"https:\/\/conversesacatalunya.cat\/#\/schema\/person\/79bd0577b2f3afc8d6519d207c6e8609\",\"name\":\"Enric Casanovas\",\"image\":{\"@type\":\"ImageObject\",\"inLanguage\":\"es\",\"@id\":\"https:\/\/conversesacatalunya.cat\/#\/schema\/person\/image\/\",\"url\":\"https:\/\/conversesacatalunya.cat\/wp-content\/litespeed\/avatar\/7ae4379ad4421ec77820e92afd36dd78.jpg?ver=1777373933\",\"contentUrl\":\"https:\/\/conversesacatalunya.cat\/wp-content\/litespeed\/avatar\/7ae4379ad4421ec77820e92afd36dd78.jpg?ver=1777373933\",\"caption\":\"Enric Casanovas\"},\"url\":\"https:\/\/conversesacatalunya.cat\/es\/author\/enric-casanovas\/\"}]}<\/script>\n<!-- \/ Yoast SEO plugin. -->","yoast_head_json":{"title":"Ante la tragedia de Valencia, Andaluc\u00eda y Castilla-La Mancha: las cuestiones clave - Converses a Catalunya","robots":{"index":"index","follow":"follow","max-snippet":"max-snippet:-1","max-image-preview":"max-image-preview:large","max-video-preview":"max-video-preview:-1"},"canonical":"https:\/\/conversesacatalunya.cat\/es\/ante-la-tragedia-de-valencia-andalucia-y-castilla-la-mancha-las-cuestiones-clave\/","og_locale":"es_ES","og_type":"article","og_title":"Ante la tragedia de Valencia, Andaluc\u00eda y Castilla-La Mancha: las cuestiones clave - Converses a Catalunya","og_description":"La\u00a0tragedia de la\u00a0DANA en Valencia, en un clima extremo de polarizaci\u00f3n pol\u00edtica, deber\u00eda servir como un punto y aparte, abriendo un per\u00edodo marcado por la compasi\u00f3n por las v\u00edctimas, la solidaridad y la eficacia en la respuesta de las administraciones. Es especialmente importante la que posee los mayores medios, la del Estado, que deber\u00eda dar una respuesta inmediata a las necesidades de personas, familias y empresas afectadas, con medidas urgentes para paliar los da\u00f1os materiales y un plan integral de reconstrucci\u00f3n. El objetivo no es solo restituir lo perdido, sino crear las condiciones para que no vuelva a suceder. En su momento, despu\u00e9s de la gran riada de 1957, se canaliz\u00f3 el r\u00edo Turia. Ahora, es necesario algo similar, as\u00ed como una rendici\u00f3n de cuentas en forma de un libro blanco elaborado por una comisi\u00f3n independiente que examine\u00a0qu\u00e9 se ha hecho mal y proponga remedios. Dar cuentas al final, no ahora, como parece ser la tentaci\u00f3n de algunos desde la Moncloa, que intentan utilizar la tragedia para atacar al adversario pol\u00edtico que gobierna en Valencia, deber\u00eda ser la prioridad. Esperamos que esto solo sea el resultado de una mala lectura de la realidad y no un prop\u00f3sito pol\u00edtico definido. A corto plazo, es imperativo resolver las\u00a0condiciones b\u00e1sicas para que el pa\u00eds pueda funcionar, con Valencia en primer t\u00e9rmino, pero tambi\u00e9n teniendo en cuenta otras afectaciones que, aunque menores, tambi\u00e9n son importantes en Andaluc\u00eda y Castilla-La Mancha. La coordinaci\u00f3n entre la Generalitat Valenciana y el Gobierno de Espa\u00f1a es fundamental, puesto que las aportaciones de este \u00faltimo son decisivas: una parte de la infraestructura da\u00f1ada \u2014ferrocarriles, autopistas, carreteras nacionales\u2014 es competencia del Estado. El objetivo est\u00e1 claro: la gente debe poder volver a la vida habitual, ir al trabajo, llevar a los ni\u00f1os a la escuela, hacer la compra, y todo ello en el menor tiempo posible. Esta condici\u00f3n exige tambi\u00e9n que\u00a0llegue dinero. No anuncios, sino efectivo, en el menor tiempo posible, dirigido a las familias afectadas, que son muchas, y a las empresas. En la zona afectada no puede producirse una cat\u00e1strofe econ\u00f3mica despu\u00e9s de la cat\u00e1strofe natural. La forma de hacerlo es concreta y sencilla: se trata de ingresar directamente en las cuentas de las personas y empresas dinero proporcional a las necesidades b\u00e1sicas, por un lado, y a lo que la empresa haya perdido en una primera estimaci\u00f3n, por otro. Esta medida servir\u00eda para detener el golpe inicial; m\u00e1s adelante, con m\u00e1s tiempo, se evaluar\u00e1 si los recursos aportados han sido suficientes y se establecer\u00e1n mecanismos para compensar de forma proporcional. Pero, en cualquier caso,\u00a0el dinero debe llegar ya, y \u00e9sta es una tarea prioritaria del Gobierno de S\u00e1nchez. Si el caso se hunde en la burocracia, el da\u00f1o a las personas, las familias, la econom\u00eda y a Valencia ser\u00e1 terrible. \u00c9stas son acciones a corto plazo. A medio y largo plazo, es necesario un\u00a0plan integral de reconstrucci\u00f3n\u00a0que tenga en cuenta las condiciones y la experiencia, y que no se limite a rehacer lo destruido, sino que se encamine a\u00a0limitar futuras cat\u00e1strofes. Esta \u00faltima, a pesar de ser fruto de condiciones muy espec\u00edficas -no solo la DANA, sino el tren de tormentas est\u00e1tico que se auto-regener\u00f3 durante horas-, se ha visto agravada por las condiciones fisiogr\u00e1ficas del territorio, lleno de peque\u00f1os cursos de agua de r\u00e9gimen torrencial. En esta ocasi\u00f3n, la virulencia ha sido extrema. Hay que evitar repetir el fiasco de la\u00a0COVID-19: la mayor mortalidad registrada en Espa\u00f1a desde la Guerra Civil no ha tenido una rendici\u00f3n de cuentas ni ha sido sometida a ning\u00fan examen. El Gobierno de S\u00e1nchez lo ha evitado, y la oposici\u00f3n tampoco ha exigido con fuerza, una comisi\u00f3n del Congreso para llevar a cabo esta labor. Ahora, ante lo sucedido, es necesario que se constituya una\u00a0comisi\u00f3n independiente formada por profesionales y expertos en los \u00e1mbitos afectados, que prepare un libro blanco que deba someterse al Congreso de los Diputados y al Parlamento Valenciano. No se trata tanto de buscar responsabilidades pol\u00edticas \u2013aunque tambi\u00e9n sea importante\u2013, sino de identificar\u00a0qu\u00e9 no ha funcionado, ya que en Espa\u00f1a abunda la normativa que obliga al Gobierno a actuar antes, durante y despu\u00e9s de las emergencias. Concretamente, existe una ley estatal marco, la Ley 17\/2015, de 9 de julio, del Sistema Nacional de Protecci\u00f3n Civil, y otras normativas de desarrollo. Las funciones de la Direcci\u00f3n General de Protecci\u00f3n Civil y Emergencias, del Ministerio del Interior, incluyen: La preparaci\u00f3n de planes estatales de protecci\u00f3n civil. La realizaci\u00f3n de estudios sobre an\u00e1lisis de riesgos y proyectos piloto preventivos para fundamentar planes de prevenci\u00f3n de emergencias. Informar y someter a evaluaci\u00f3n de impacto los estudios t\u00e9cnicos preceptivos. Desarrollar programas de informaci\u00f3n a la poblaci\u00f3n y promover la autoprotecci\u00f3n ciudadana y corporativa. Coordinar la formaci\u00f3n del personal del sistema nacional de protecci\u00f3n civil. Mantener el Centro Nacional de Seguimiento y Coordinaci\u00f3n de Emergencias. Actuar como Centro de Coordinaci\u00f3n Operativa en Emergencias de Inter\u00e9s Nacional. Solicitar la movilizaci\u00f3n de recursos extraordinarios, incluida la Unidad Militar de Emergencias. La protecci\u00f3n frente a emergencias y cat\u00e1strofes forma parte de la Estrategia de Seguridad Nacional, presidida por el presidente del Gobierno, que prev\u00e9 acciones prioritarias en situaciones como la de la reciente tragedia. La Estrategia Nacional de Protecci\u00f3n Civil de 2019 establece medidas en el marco de la Directriz B\u00e1sica de emergencias frente al riesgo de inundaciones, conectando el riesgo de inundaci\u00f3n con la planificaci\u00f3n territorial y los usos del suelo. El Plan Estatal de Inundaciones, aprobado en 2011, tambi\u00e9n establece acciones prioritarias como: Fortalecer la vinculaci\u00f3n de la protecci\u00f3n civil con la planificaci\u00f3n territorial. Usar el Sistema Nacional de Cartograf\u00eda de zonas inundables para la identificaci\u00f3n de elementos vulnerables. Fortalecer los sistemas de aviso hidrol\u00f3gico y desarrollar herramientas predictivas de fen\u00f3menos meteorol\u00f3gicos extremos. Toda esta normativa define actuaciones y criterios que deber\u00eda evaluarse para conocer qu\u00e9 se ha hecho antes de la cat\u00e1strofe y extraer las conclusiones pertinentes.","og_url":"https:\/\/conversesacatalunya.cat\/es\/ante-la-tragedia-de-valencia-andalucia-y-castilla-la-mancha-las-cuestiones-clave\/","og_site_name":"Converses a Catalunya","article_published_time":"2024-10-31T10:58:42+00:00","article_modified_time":"2024-10-31T11:58:14+00:00","og_image":[{"width":671,"height":395,"url":"https:\/\/conversesacatalunya.cat\/wp-content\/uploads\/2024\/10\/Dana-1.jpg","type":"image\/jpeg"}],"author":"Enric Casanovas","twitter_card":"summary_large_image","twitter_misc":{"Escrito por":"Enric Casanovas","Tiempo de lectura":"5 minutos"},"schema":{"@context":"https:\/\/schema.org","@graph":[{"@type":"Article","@id":"https:\/\/conversesacatalunya.cat\/es\/ante-la-tragedia-de-valencia-andalucia-y-castilla-la-mancha-las-cuestiones-clave\/#article","isPartOf":{"@id":"https:\/\/conversesacatalunya.cat\/es\/ante-la-tragedia-de-valencia-andalucia-y-castilla-la-mancha-las-cuestiones-clave\/"},"author":{"name":"Enric Casanovas","@id":"https:\/\/conversesacatalunya.cat\/#\/schema\/person\/79bd0577b2f3afc8d6519d207c6e8609"},"headline":"Ante la tragedia de Valencia, Andaluc\u00eda y Castilla-La Mancha: las cuestiones clave","datePublished":"2024-10-31T10:58:42+00:00","dateModified":"2024-10-31T11:58:14+00:00","mainEntityOfPage":{"@id":"https:\/\/conversesacatalunya.cat\/es\/ante-la-tragedia-de-valencia-andalucia-y-castilla-la-mancha-las-cuestiones-clave\/"},"wordCount":1094,"commentCount":0,"image":{"@id":"https:\/\/conversesacatalunya.cat\/es\/ante-la-tragedia-de-valencia-andalucia-y-castilla-la-mancha-las-cuestiones-clave\/#primaryimage"},"thumbnailUrl":"https:\/\/conversesacatalunya.cat\/wp-content\/uploads\/2024\/10\/Dana-1.jpg","keywords":["cambio clim\u00e1tico"],"articleSection":["Punts clau del dia (ES)"],"inLanguage":"es","potentialAction":[{"@type":"CommentAction","name":"Comment","target":["https:\/\/conversesacatalunya.cat\/es\/ante-la-tragedia-de-valencia-andalucia-y-castilla-la-mancha-las-cuestiones-clave\/#respond"]}]},{"@type":"WebPage","@id":"https:\/\/conversesacatalunya.cat\/es\/ante-la-tragedia-de-valencia-andalucia-y-castilla-la-mancha-las-cuestiones-clave\/","url":"https:\/\/conversesacatalunya.cat\/es\/ante-la-tragedia-de-valencia-andalucia-y-castilla-la-mancha-las-cuestiones-clave\/","name":"Ante la tragedia de Valencia, Andaluc\u00eda y Castilla-La Mancha: las cuestiones clave - Converses a Catalunya","isPartOf":{"@id":"https:\/\/conversesacatalunya.cat\/#website"},"primaryImageOfPage":{"@id":"https:\/\/conversesacatalunya.cat\/es\/ante-la-tragedia-de-valencia-andalucia-y-castilla-la-mancha-las-cuestiones-clave\/#primaryimage"},"image":{"@id":"https:\/\/conversesacatalunya.cat\/es\/ante-la-tragedia-de-valencia-andalucia-y-castilla-la-mancha-las-cuestiones-clave\/#primaryimage"},"thumbnailUrl":"https:\/\/conversesacatalunya.cat\/wp-content\/uploads\/2024\/10\/Dana-1.jpg","datePublished":"2024-10-31T10:58:42+00:00","dateModified":"2024-10-31T11:58:14+00:00","author":{"@id":"https:\/\/conversesacatalunya.cat\/#\/schema\/person\/79bd0577b2f3afc8d6519d207c6e8609"},"breadcrumb":{"@id":"https:\/\/conversesacatalunya.cat\/es\/ante-la-tragedia-de-valencia-andalucia-y-castilla-la-mancha-las-cuestiones-clave\/#breadcrumb"},"inLanguage":"es","potentialAction":[{"@type":"ReadAction","target":["https:\/\/conversesacatalunya.cat\/es\/ante-la-tragedia-de-valencia-andalucia-y-castilla-la-mancha-las-cuestiones-clave\/"]}]},{"@type":"ImageObject","inLanguage":"es","@id":"https:\/\/conversesacatalunya.cat\/es\/ante-la-tragedia-de-valencia-andalucia-y-castilla-la-mancha-las-cuestiones-clave\/#primaryimage","url":"https:\/\/conversesacatalunya.cat\/wp-content\/uploads\/2024\/10\/Dana-1.jpg","contentUrl":"https:\/\/conversesacatalunya.cat\/wp-content\/uploads\/2024\/10\/Dana-1.jpg","width":671,"height":395,"caption":"trag\u00e8dia Val\u00e8ncia DANA"},{"@type":"BreadcrumbList","@id":"https:\/\/conversesacatalunya.cat\/es\/ante-la-tragedia-de-valencia-andalucia-y-castilla-la-mancha-las-cuestiones-clave\/#breadcrumb","itemListElement":[{"@type":"ListItem","position":1,"name":"Inici","item":"https:\/\/conversesacatalunya.cat\/es\/"},{"@type":"ListItem","position":2,"name":"Ante la tragedia de Valencia, Andaluc\u00eda y Castilla-La Mancha: las cuestiones clave"}]},{"@type":"WebSite","@id":"https:\/\/conversesacatalunya.cat\/#website","url":"https:\/\/conversesacatalunya.cat\/","name":"Converses a Catalunya","description":"","potentialAction":[{"@type":"SearchAction","target":{"@type":"EntryPoint","urlTemplate":"https:\/\/conversesacatalunya.cat\/?s={search_term_string}"},"query-input":{"@type":"PropertyValueSpecification","valueRequired":true,"valueName":"search_term_string"}}],"inLanguage":"es"},{"@type":"Person","@id":"https:\/\/conversesacatalunya.cat\/#\/schema\/person\/79bd0577b2f3afc8d6519d207c6e8609","name":"Enric Casanovas","image":{"@type":"ImageObject","inLanguage":"es","@id":"https:\/\/conversesacatalunya.cat\/#\/schema\/person\/image\/","url":"https:\/\/conversesacatalunya.cat\/wp-content\/litespeed\/avatar\/7ae4379ad4421ec77820e92afd36dd78.jpg?ver=1777373933","contentUrl":"https:\/\/conversesacatalunya.cat\/wp-content\/litespeed\/avatar\/7ae4379ad4421ec77820e92afd36dd78.jpg?ver=1777373933","caption":"Enric Casanovas"},"url":"https:\/\/conversesacatalunya.cat\/es\/author\/enric-casanovas\/"}]}},"wps_subtitle":"","_links":{"self":[{"href":"https:\/\/conversesacatalunya.cat\/es\/wp-json\/wp\/v2\/posts\/83082","targetHints":{"allow":["GET"]}}],"collection":[{"href":"https:\/\/conversesacatalunya.cat\/es\/wp-json\/wp\/v2\/posts"}],"about":[{"href":"https:\/\/conversesacatalunya.cat\/es\/wp-json\/wp\/v2\/types\/post"}],"author":[{"embeddable":true,"href":"https:\/\/conversesacatalunya.cat\/es\/wp-json\/wp\/v2\/users\/77"}],"replies":[{"embeddable":true,"href":"https:\/\/conversesacatalunya.cat\/es\/wp-json\/wp\/v2\/comments?post=83082"}],"version-history":[{"count":2,"href":"https:\/\/conversesacatalunya.cat\/es\/wp-json\/wp\/v2\/posts\/83082\/revisions"}],"predecessor-version":[{"id":83084,"href":"https:\/\/conversesacatalunya.cat\/es\/wp-json\/wp\/v2\/posts\/83082\/revisions\/83084"}],"wp:featuredmedia":[{"embeddable":true,"href":"https:\/\/conversesacatalunya.cat\/es\/wp-json\/wp\/v2\/media\/83058"}],"wp:attachment":[{"href":"https:\/\/conversesacatalunya.cat\/es\/wp-json\/wp\/v2\/media?parent=83082"}],"wp:term":[{"taxonomy":"category","embeddable":true,"href":"https:\/\/conversesacatalunya.cat\/es\/wp-json\/wp\/v2\/categories?post=83082"},{"taxonomy":"post_tag","embeddable":true,"href":"https:\/\/conversesacatalunya.cat\/es\/wp-json\/wp\/v2\/tags?post=83082"}],"curies":[{"name":"wp","href":"https:\/\/api.w.org\/{rel}","templated":true}]}}