{"id":83073,"date":"2024-10-31T11:09:16","date_gmt":"2024-10-31T10:09:16","guid":{"rendered":"https:\/\/conversesacatalunya.cat\/que-es-una-dana-i-que-la-diferencia-de-les-tempestes-de-tota-la-vida\/"},"modified":"2024-10-31T12:27:24","modified_gmt":"2024-10-31T11:27:24","slug":"que-es-una-dana-y-que-la-diferencia-de-las-tormentas-de-toda-la-vida","status":"publish","type":"post","link":"https:\/\/conversesacatalunya.cat\/es\/que-es-una-dana-y-que-la-diferencia-de-las-tormentas-de-toda-la-vida\/","title":{"rendered":"Qu\u00e9 es una DANA y qu\u00e9 la diferencia de las tormentas de toda la vida"},"content":{"rendered":"<p><span>En los \u00faltimos a\u00f1os, el t\u00e9rmino DANA ha aparecido con fuerza en los medios de comunicaci\u00f3n cada vez que se prev\u00e9 una tormenta intensa, especialmente en la regi\u00f3n mediterr\u00e1nea. Pero, \u00bfqu\u00e9 es exactamente una DANA, y por qu\u00e9 es diferente a una tormenta como las que tradicionalmente conocemos? En este art\u00edculo, exploraremos las caracter\u00edsticas de este fen\u00f3meno meteorol\u00f3gico y la raz\u00f3n por la que puede resultar mucho m\u00e1s destructivo que otras tormentas.<\/span><\/p>\n<h3><span>DANA: un fen\u00f3meno meteorol\u00f3gico especializado<\/span><\/h3>\n<p><span>DANA es el acr\u00f3nimo de\u00a0<\/span><em><span>Depresi\u00f3n Aislada en Niveles Altos<\/span><\/em><span>, y se refiere a una configuraci\u00f3n atmosf\u00e9rica en la que una masa de aire fr\u00edo queda atrapada en altitud, aislada de otras corrientes de aire fr\u00edo que la rodean. Esta masa de aire fr\u00edo, que est\u00e1 a gran altura, queda por encima de una masa de aire m\u00e1s c\u00e1lido y h\u00famedo en las capas inferiores de la atm\u00f3sfera. Es ese contraste marcado de temperaturas el que genera una fuerte inestabilidad atmosf\u00e9rica.<\/span><\/p>\n<h3><span>\u00bfPor qu\u00e9 una DANA puede provocar tormentas m\u00e1s intensas?<\/span><\/h3>\n<p><span>Cuando se produce una DANA en un ambiente h\u00famedo y con altas temperaturas en superficie, la inestabilidad entre las diferentes capas de la atm\u00f3sfera se multiplica. Este proceso favorece la formaci\u00f3n de nubes de gran desarrollo vertical, que pueden descargar lluvias intensas, en un per\u00edodo muy breve. A diferencia de las tormentas m\u00e1s comunes, que tienen una duraci\u00f3n y extensi\u00f3n limitadas, las tormentas asociadas a una DANA son mucho m\u00e1s intensas, con fen\u00f3menos asociados como rayos, r\u00e1fagas de viento y a menudo granizo.<\/span><\/p>\n<p><span>Adem\u00e1s, la precipitaci\u00f3n que genera una DANA suele ser torrencial y concentrada en zonas relativamente peque\u00f1as, aumentando as\u00ed el riesgo de inundaciones y da\u00f1os materiales en \u00e1reas urbanas y costeras.<\/span><\/p>\n<h3><span>\u00bfQu\u00e9 diferencia la DANA de las tormentas tradicionales?<\/span><\/h3>\n<p><span>La principal diferencia entre una DANA y las tormentas tradicionales radica en su formaci\u00f3n e intensidad. Las tormentas comunes a menudo se forman por el ascenso del aire c\u00e1lido y h\u00famedo, pero normalmente sin el contraste de temperaturas tan acusado que comporta la DANA. Por tanto, mientras que las tormentas ordinarias pueden resultar peligrosas en situaciones puntuales, las tormentas provocadas por una DANA son casi siempre m\u00e1s intensas, con una capacidad de generar da\u00f1os e inundaciones mucho m\u00e1s elevada.<\/span><\/p>\n<p><span>La terminolog\u00eda DANA ha ganado popularidad porque permite a los meteor\u00f3logos especificar mejor las condiciones y prever con mayor precisi\u00f3n el impacto de las tormentas. El t\u00e9rmino \u201cgota fr\u00eda\u201d, que se utilizaba a menudo para describir estos fen\u00f3menos, era m\u00e1s gen\u00e9rico y no describ\u00eda con tanta exactitud las caracter\u00edsticas de la tormenta.<\/span><\/p>\n<h3><span>Los efectos de una DANA: devastaci\u00f3n y preparaci\u00f3n<\/span><\/h3>\n<p><span>Cuando se prev\u00e9 una DANA, las autoridades meteorol\u00f3gicas alertan del riesgo de lluvias torrenciales y fen\u00f3menos extremos, lo que ayuda a la poblaci\u00f3n a prepararse mejor y tomar medidas preventivas. Sin embargo, las DANA siguen siendo fen\u00f3menos dif\u00edciles de predecir con exactitud, ya que su formaci\u00f3n depende de diversos factores meteorol\u00f3gicos que pueden cambiar r\u00e1pidamente.<\/span><\/p>\n<p><span>La mejor forma de protegerse es estar informado y mantenerse atento a las alertas meteorol\u00f3gicas. Las DANA no son tormentas de toda la vida: su intensidad y rapidez de formaci\u00f3n requieren una mayor prevenci\u00f3n y conocimiento para minimizar sus impactos.<\/span><\/p>\n<p><span>En resumen, las DANA son tormentas mucho m\u00e1s intensas y peligrosas que las comunes, fruto de un complejo contraste de temperaturas en la atm\u00f3sfera. Mientras que las tormentas tradicionales suelen tener un alcance e impacto m\u00e1s limitados, las DANAs pueden transformar el paisaje en cuesti\u00f3n de minutos. Su adecuada comprensi\u00f3n y preparaci\u00f3n son esenciales para la seguridad de las personas y para evitar da\u00f1os materiales importantes.<\/span><\/p>\n","protected":false},"excerpt":{"rendered":"<p>En los \u00faltimos a\u00f1os, el t\u00e9rmino DANA ha aparecido con fuerza en los medios de comunicaci\u00f3n cada vez que se prev\u00e9 una tormenta intensa, especialmente en la regi\u00f3n mediterr\u00e1nea. Pero, \u00bfqu\u00e9 es exactamente una DANA, y por qu\u00e9 es diferente a una tormenta como las que tradicionalmente conocemos? En este art\u00edculo, exploraremos las caracter\u00edsticas de este fen\u00f3meno meteorol\u00f3gico y la raz\u00f3n por la que puede resultar mucho m\u00e1s destructivo que otras tormentas. DANA: un fen\u00f3meno meteorol\u00f3gico especializado DANA es el acr\u00f3nimo de\u00a0Depresi\u00f3n Aislada en Niveles Altos, y se refiere a una configuraci\u00f3n atmosf\u00e9rica en la que una masa de aire fr\u00edo queda atrapada en altitud, aislada de otras corrientes de aire fr\u00edo que la rodean. Esta masa de aire fr\u00edo, que est\u00e1 a gran altura, queda por encima de una masa de aire m\u00e1s c\u00e1lido y h\u00famedo en las capas inferiores de la atm\u00f3sfera. Es ese contraste marcado de temperaturas el que genera una fuerte inestabilidad atmosf\u00e9rica. \u00bfPor qu\u00e9 una DANA puede provocar tormentas m\u00e1s intensas? Cuando se produce una DANA en un ambiente h\u00famedo y con altas temperaturas en superficie, la inestabilidad entre las diferentes capas de la atm\u00f3sfera se multiplica. Este proceso favorece la formaci\u00f3n de nubes de gran desarrollo vertical, que pueden descargar lluvias intensas, en un per\u00edodo muy breve. A diferencia de las tormentas m\u00e1s comunes, que tienen una duraci\u00f3n y extensi\u00f3n limitadas, las tormentas asociadas a una DANA son mucho m\u00e1s intensas, con fen\u00f3menos asociados como rayos, r\u00e1fagas de viento y a menudo granizo. Adem\u00e1s, la precipitaci\u00f3n que genera una DANA suele ser torrencial y concentrada en zonas relativamente peque\u00f1as, aumentando as\u00ed el riesgo de inundaciones y da\u00f1os materiales en \u00e1reas urbanas y costeras. \u00bfQu\u00e9 diferencia la DANA de las tormentas tradicionales? La principal diferencia entre una DANA y las tormentas tradicionales radica en su formaci\u00f3n e intensidad. Las tormentas comunes a menudo se forman por el ascenso del aire c\u00e1lido y h\u00famedo, pero normalmente sin el contraste de temperaturas tan acusado que comporta la DANA. Por tanto, mientras que las tormentas ordinarias pueden resultar peligrosas en situaciones puntuales, las tormentas provocadas por una DANA son casi siempre m\u00e1s intensas, con una capacidad de generar da\u00f1os e inundaciones mucho m\u00e1s elevada. La terminolog\u00eda DANA ha ganado popularidad porque permite a los meteor\u00f3logos especificar mejor las condiciones y prever con mayor precisi\u00f3n el impacto de las tormentas. El t\u00e9rmino \u201cgota fr\u00eda\u201d, que se utilizaba a menudo para describir estos fen\u00f3menos, era m\u00e1s gen\u00e9rico y no describ\u00eda con tanta exactitud las caracter\u00edsticas de la tormenta. Los efectos de una DANA: devastaci\u00f3n y preparaci\u00f3n Cuando se prev\u00e9 una DANA, las autoridades meteorol\u00f3gicas alertan del riesgo de lluvias torrenciales y fen\u00f3menos extremos, lo que ayuda a la poblaci\u00f3n a prepararse mejor y tomar medidas preventivas. Sin embargo, las DANA siguen siendo fen\u00f3menos dif\u00edciles de predecir con exactitud, ya que su formaci\u00f3n depende de diversos factores meteorol\u00f3gicos que pueden cambiar r\u00e1pidamente. La mejor forma de protegerse es estar informado y mantenerse atento a las alertas meteorol\u00f3gicas. Las DANA no son tormentas de toda la vida: su intensidad y rapidez de formaci\u00f3n requieren una mayor prevenci\u00f3n y conocimiento para minimizar sus impactos. En resumen, las DANA son tormentas mucho m\u00e1s intensas y peligrosas que las comunes, fruto de un complejo contraste de temperaturas en la atm\u00f3sfera. Mientras que las tormentas tradicionales suelen tener un alcance e impacto m\u00e1s limitados, las DANAs pueden transformar el paisaje en cuesti\u00f3n de minutos. Su adecuada comprensi\u00f3n y preparaci\u00f3n son esenciales para la seguridad de las personas y para evitar da\u00f1os materiales importantes.<\/p>\n","protected":false},"author":80,"featured_media":83039,"comment_status":"open","ping_status":"open","sticky":false,"template":"","format":"standard","meta":{"_FSMCFIC_featured_image_caption":"","_FSMCFIC_featured_image_nocaption":"","_FSMCFIC_featured_image_hide":"","footnotes":""},"categories":[804,806],"tags":[1267,1009],"class_list":["post-83073","post","type-post","status-publish","format-standard","has-post-thumbnail","hentry","category-opinem-es","category-punts-claus-del-dia-es","tag-cambio-climatico","tag-canvi-climatic-es"],"yoast_head":"<!-- This site is optimized with the Yoast SEO plugin v26.8 - https:\/\/yoast.com\/product\/yoast-seo-wordpress\/ -->\n<title>Qu\u00e9 es una DANA y qu\u00e9 la diferencia de las tormentas de toda la vida - Converses a Catalunya<\/title>\n<meta name=\"description\" content=\"La tormenta de Valencia nos recuerda la fuerza de las DANA: cuando el aire fr\u00edo y el calor se encuentran, el peligro se desata en pocos minutos\" \/>\n<meta name=\"robots\" content=\"index, follow, max-snippet:-1, max-image-preview:large, max-video-preview:-1\" \/>\n<link rel=\"canonical\" href=\"https:\/\/conversesacatalunya.cat\/es\/que-es-una-dana-y-que-la-diferencia-de-las-tormentas-de-toda-la-vida\/\" \/>\n<meta property=\"og:locale\" content=\"es_ES\" \/>\n<meta property=\"og:type\" content=\"article\" \/>\n<meta property=\"og:title\" content=\"Qu\u00e9 es una DANA y qu\u00e9 la diferencia de las tormentas de toda la vida - Converses a Catalunya\" \/>\n<meta property=\"og:description\" content=\"La tormenta de Valencia nos recuerda la fuerza de las DANA: cuando el aire fr\u00edo y el calor se encuentran, el peligro se desata en pocos minutos\" \/>\n<meta property=\"og:url\" content=\"https:\/\/conversesacatalunya.cat\/es\/que-es-una-dana-y-que-la-diferencia-de-las-tormentas-de-toda-la-vida\/\" \/>\n<meta property=\"og:site_name\" content=\"Converses a Catalunya\" \/>\n<meta property=\"article:published_time\" content=\"2024-10-31T10:09:16+00:00\" \/>\n<meta property=\"article:modified_time\" content=\"2024-10-31T11:27:24+00:00\" \/>\n<meta property=\"og:image\" content=\"https:\/\/conversesacatalunya.cat\/wp-content\/uploads\/2024\/10\/Dana.jpg\" \/>\n\t<meta property=\"og:image:width\" content=\"701\" \/>\n\t<meta property=\"og:image:height\" content=\"383\" \/>\n\t<meta property=\"og:image:type\" content=\"image\/jpeg\" \/>\n<meta name=\"author\" content=\"N\u00faria Freixa\" \/>\n<meta name=\"twitter:card\" content=\"summary_large_image\" \/>\n<meta name=\"twitter:label1\" content=\"Escrito por\" \/>\n\t<meta name=\"twitter:data1\" content=\"N\u00faria Freixa\" \/>\n\t<meta name=\"twitter:label2\" content=\"Tiempo de lectura\" \/>\n\t<meta name=\"twitter:data2\" content=\"3 minutos\" \/>\n<script type=\"application\/ld+json\" class=\"yoast-schema-graph\">{\"@context\":\"https:\/\/schema.org\",\"@graph\":[{\"@type\":\"Article\",\"@id\":\"https:\/\/conversesacatalunya.cat\/es\/que-es-una-dana-y-que-la-diferencia-de-las-tormentas-de-toda-la-vida\/#article\",\"isPartOf\":{\"@id\":\"https:\/\/conversesacatalunya.cat\/es\/que-es-una-dana-y-que-la-diferencia-de-las-tormentas-de-toda-la-vida\/\"},\"author\":{\"name\":\"N\u00faria Freixa\",\"@id\":\"https:\/\/conversesacatalunya.cat\/#\/schema\/person\/b734752c25b328c819a407cbea568c1f\"},\"headline\":\"Qu\u00e9 es una DANA y qu\u00e9 la diferencia de las tormentas de toda la vida\",\"datePublished\":\"2024-10-31T10:09:16+00:00\",\"dateModified\":\"2024-10-31T11:27:24+00:00\",\"mainEntityOfPage\":{\"@id\":\"https:\/\/conversesacatalunya.cat\/es\/que-es-una-dana-y-que-la-diferencia-de-las-tormentas-de-toda-la-vida\/\"},\"wordCount\":679,\"commentCount\":0,\"image\":{\"@id\":\"https:\/\/conversesacatalunya.cat\/es\/que-es-una-dana-y-que-la-diferencia-de-las-tormentas-de-toda-la-vida\/#primaryimage\"},\"thumbnailUrl\":\"https:\/\/conversesacatalunya.cat\/wp-content\/uploads\/2024\/10\/Dana.jpg\",\"keywords\":[\"cambio clim\u00e1tico\",\"canvi clim\u00e0tic\"],\"articleSection\":[\"Opinem (ES)\",\"Punts clau del dia (ES)\"],\"inLanguage\":\"es\",\"potentialAction\":[{\"@type\":\"CommentAction\",\"name\":\"Comment\",\"target\":[\"https:\/\/conversesacatalunya.cat\/es\/que-es-una-dana-y-que-la-diferencia-de-las-tormentas-de-toda-la-vida\/#respond\"]}]},{\"@type\":\"WebPage\",\"@id\":\"https:\/\/conversesacatalunya.cat\/es\/que-es-una-dana-y-que-la-diferencia-de-las-tormentas-de-toda-la-vida\/\",\"url\":\"https:\/\/conversesacatalunya.cat\/es\/que-es-una-dana-y-que-la-diferencia-de-las-tormentas-de-toda-la-vida\/\",\"name\":\"Qu\u00e9 es una DANA y qu\u00e9 la diferencia de las tormentas de toda la vida - Converses a Catalunya\",\"isPartOf\":{\"@id\":\"https:\/\/conversesacatalunya.cat\/#website\"},\"primaryImageOfPage\":{\"@id\":\"https:\/\/conversesacatalunya.cat\/es\/que-es-una-dana-y-que-la-diferencia-de-las-tormentas-de-toda-la-vida\/#primaryimage\"},\"image\":{\"@id\":\"https:\/\/conversesacatalunya.cat\/es\/que-es-una-dana-y-que-la-diferencia-de-las-tormentas-de-toda-la-vida\/#primaryimage\"},\"thumbnailUrl\":\"https:\/\/conversesacatalunya.cat\/wp-content\/uploads\/2024\/10\/Dana.jpg\",\"datePublished\":\"2024-10-31T10:09:16+00:00\",\"dateModified\":\"2024-10-31T11:27:24+00:00\",\"author\":{\"@id\":\"https:\/\/conversesacatalunya.cat\/#\/schema\/person\/b734752c25b328c819a407cbea568c1f\"},\"description\":\"La tormenta de Valencia nos recuerda la fuerza de las DANA: cuando el aire fr\u00edo y el calor se encuentran, el peligro se desata en pocos minutos\",\"breadcrumb\":{\"@id\":\"https:\/\/conversesacatalunya.cat\/es\/que-es-una-dana-y-que-la-diferencia-de-las-tormentas-de-toda-la-vida\/#breadcrumb\"},\"inLanguage\":\"es\",\"potentialAction\":[{\"@type\":\"ReadAction\",\"target\":[\"https:\/\/conversesacatalunya.cat\/es\/que-es-una-dana-y-que-la-diferencia-de-las-tormentas-de-toda-la-vida\/\"]}]},{\"@type\":\"ImageObject\",\"inLanguage\":\"es\",\"@id\":\"https:\/\/conversesacatalunya.cat\/es\/que-es-una-dana-y-que-la-diferencia-de-las-tormentas-de-toda-la-vida\/#primaryimage\",\"url\":\"https:\/\/conversesacatalunya.cat\/wp-content\/uploads\/2024\/10\/Dana.jpg\",\"contentUrl\":\"https:\/\/conversesacatalunya.cat\/wp-content\/uploads\/2024\/10\/Dana.jpg\",\"width\":701,\"height\":383,\"caption\":\"Qu\u00e8 \u00e9s una Dana\"},{\"@type\":\"BreadcrumbList\",\"@id\":\"https:\/\/conversesacatalunya.cat\/es\/que-es-una-dana-y-que-la-diferencia-de-las-tormentas-de-toda-la-vida\/#breadcrumb\",\"itemListElement\":[{\"@type\":\"ListItem\",\"position\":1,\"name\":\"Inici\",\"item\":\"https:\/\/conversesacatalunya.cat\/es\/\"},{\"@type\":\"ListItem\",\"position\":2,\"name\":\"Qu\u00e9 es una DANA y qu\u00e9 la diferencia de las tormentas de toda la vida\"}]},{\"@type\":\"WebSite\",\"@id\":\"https:\/\/conversesacatalunya.cat\/#website\",\"url\":\"https:\/\/conversesacatalunya.cat\/\",\"name\":\"Converses a Catalunya\",\"description\":\"\",\"potentialAction\":[{\"@type\":\"SearchAction\",\"target\":{\"@type\":\"EntryPoint\",\"urlTemplate\":\"https:\/\/conversesacatalunya.cat\/?s={search_term_string}\"},\"query-input\":{\"@type\":\"PropertyValueSpecification\",\"valueRequired\":true,\"valueName\":\"search_term_string\"}}],\"inLanguage\":\"es\"},{\"@type\":\"Person\",\"@id\":\"https:\/\/conversesacatalunya.cat\/#\/schema\/person\/b734752c25b328c819a407cbea568c1f\",\"name\":\"N\u00faria Freixa\",\"image\":{\"@type\":\"ImageObject\",\"inLanguage\":\"es\",\"@id\":\"https:\/\/conversesacatalunya.cat\/#\/schema\/person\/image\/\",\"url\":\"https:\/\/conversesacatalunya.cat\/wp-content\/litespeed\/avatar\/c3686e387186fed249338fe04729c597.jpg?ver=1777289182\",\"contentUrl\":\"https:\/\/conversesacatalunya.cat\/wp-content\/litespeed\/avatar\/c3686e387186fed249338fe04729c597.jpg?ver=1777289182\",\"caption\":\"N\u00faria Freixa\"},\"url\":\"https:\/\/conversesacatalunya.cat\/es\/author\/nuria_freixa\/\"}]}<\/script>\n<!-- \/ Yoast SEO plugin. -->","yoast_head_json":{"title":"Qu\u00e9 es una DANA y qu\u00e9 la diferencia de las tormentas de toda la vida - Converses a Catalunya","description":"La tormenta de Valencia nos recuerda la fuerza de las DANA: cuando el aire fr\u00edo y el calor se encuentran, el peligro se desata en pocos minutos","robots":{"index":"index","follow":"follow","max-snippet":"max-snippet:-1","max-image-preview":"max-image-preview:large","max-video-preview":"max-video-preview:-1"},"canonical":"https:\/\/conversesacatalunya.cat\/es\/que-es-una-dana-y-que-la-diferencia-de-las-tormentas-de-toda-la-vida\/","og_locale":"es_ES","og_type":"article","og_title":"Qu\u00e9 es una DANA y qu\u00e9 la diferencia de las tormentas de toda la vida - Converses a Catalunya","og_description":"La tormenta de Valencia nos recuerda la fuerza de las DANA: cuando el aire fr\u00edo y el calor se encuentran, el peligro se desata en pocos minutos","og_url":"https:\/\/conversesacatalunya.cat\/es\/que-es-una-dana-y-que-la-diferencia-de-las-tormentas-de-toda-la-vida\/","og_site_name":"Converses a Catalunya","article_published_time":"2024-10-31T10:09:16+00:00","article_modified_time":"2024-10-31T11:27:24+00:00","og_image":[{"width":701,"height":383,"url":"https:\/\/conversesacatalunya.cat\/wp-content\/uploads\/2024\/10\/Dana.jpg","type":"image\/jpeg"}],"author":"N\u00faria Freixa","twitter_card":"summary_large_image","twitter_misc":{"Escrito por":"N\u00faria Freixa","Tiempo de lectura":"3 minutos"},"schema":{"@context":"https:\/\/schema.org","@graph":[{"@type":"Article","@id":"https:\/\/conversesacatalunya.cat\/es\/que-es-una-dana-y-que-la-diferencia-de-las-tormentas-de-toda-la-vida\/#article","isPartOf":{"@id":"https:\/\/conversesacatalunya.cat\/es\/que-es-una-dana-y-que-la-diferencia-de-las-tormentas-de-toda-la-vida\/"},"author":{"name":"N\u00faria Freixa","@id":"https:\/\/conversesacatalunya.cat\/#\/schema\/person\/b734752c25b328c819a407cbea568c1f"},"headline":"Qu\u00e9 es una DANA y qu\u00e9 la diferencia de las tormentas de toda la vida","datePublished":"2024-10-31T10:09:16+00:00","dateModified":"2024-10-31T11:27:24+00:00","mainEntityOfPage":{"@id":"https:\/\/conversesacatalunya.cat\/es\/que-es-una-dana-y-que-la-diferencia-de-las-tormentas-de-toda-la-vida\/"},"wordCount":679,"commentCount":0,"image":{"@id":"https:\/\/conversesacatalunya.cat\/es\/que-es-una-dana-y-que-la-diferencia-de-las-tormentas-de-toda-la-vida\/#primaryimage"},"thumbnailUrl":"https:\/\/conversesacatalunya.cat\/wp-content\/uploads\/2024\/10\/Dana.jpg","keywords":["cambio clim\u00e1tico","canvi clim\u00e0tic"],"articleSection":["Opinem (ES)","Punts clau del dia (ES)"],"inLanguage":"es","potentialAction":[{"@type":"CommentAction","name":"Comment","target":["https:\/\/conversesacatalunya.cat\/es\/que-es-una-dana-y-que-la-diferencia-de-las-tormentas-de-toda-la-vida\/#respond"]}]},{"@type":"WebPage","@id":"https:\/\/conversesacatalunya.cat\/es\/que-es-una-dana-y-que-la-diferencia-de-las-tormentas-de-toda-la-vida\/","url":"https:\/\/conversesacatalunya.cat\/es\/que-es-una-dana-y-que-la-diferencia-de-las-tormentas-de-toda-la-vida\/","name":"Qu\u00e9 es una DANA y qu\u00e9 la diferencia de las tormentas de toda la vida - Converses a Catalunya","isPartOf":{"@id":"https:\/\/conversesacatalunya.cat\/#website"},"primaryImageOfPage":{"@id":"https:\/\/conversesacatalunya.cat\/es\/que-es-una-dana-y-que-la-diferencia-de-las-tormentas-de-toda-la-vida\/#primaryimage"},"image":{"@id":"https:\/\/conversesacatalunya.cat\/es\/que-es-una-dana-y-que-la-diferencia-de-las-tormentas-de-toda-la-vida\/#primaryimage"},"thumbnailUrl":"https:\/\/conversesacatalunya.cat\/wp-content\/uploads\/2024\/10\/Dana.jpg","datePublished":"2024-10-31T10:09:16+00:00","dateModified":"2024-10-31T11:27:24+00:00","author":{"@id":"https:\/\/conversesacatalunya.cat\/#\/schema\/person\/b734752c25b328c819a407cbea568c1f"},"description":"La tormenta de Valencia nos recuerda la fuerza de las DANA: cuando el aire fr\u00edo y el calor se encuentran, el peligro se desata en pocos minutos","breadcrumb":{"@id":"https:\/\/conversesacatalunya.cat\/es\/que-es-una-dana-y-que-la-diferencia-de-las-tormentas-de-toda-la-vida\/#breadcrumb"},"inLanguage":"es","potentialAction":[{"@type":"ReadAction","target":["https:\/\/conversesacatalunya.cat\/es\/que-es-una-dana-y-que-la-diferencia-de-las-tormentas-de-toda-la-vida\/"]}]},{"@type":"ImageObject","inLanguage":"es","@id":"https:\/\/conversesacatalunya.cat\/es\/que-es-una-dana-y-que-la-diferencia-de-las-tormentas-de-toda-la-vida\/#primaryimage","url":"https:\/\/conversesacatalunya.cat\/wp-content\/uploads\/2024\/10\/Dana.jpg","contentUrl":"https:\/\/conversesacatalunya.cat\/wp-content\/uploads\/2024\/10\/Dana.jpg","width":701,"height":383,"caption":"Qu\u00e8 \u00e9s una Dana"},{"@type":"BreadcrumbList","@id":"https:\/\/conversesacatalunya.cat\/es\/que-es-una-dana-y-que-la-diferencia-de-las-tormentas-de-toda-la-vida\/#breadcrumb","itemListElement":[{"@type":"ListItem","position":1,"name":"Inici","item":"https:\/\/conversesacatalunya.cat\/es\/"},{"@type":"ListItem","position":2,"name":"Qu\u00e9 es una DANA y qu\u00e9 la diferencia de las tormentas de toda la vida"}]},{"@type":"WebSite","@id":"https:\/\/conversesacatalunya.cat\/#website","url":"https:\/\/conversesacatalunya.cat\/","name":"Converses a Catalunya","description":"","potentialAction":[{"@type":"SearchAction","target":{"@type":"EntryPoint","urlTemplate":"https:\/\/conversesacatalunya.cat\/?s={search_term_string}"},"query-input":{"@type":"PropertyValueSpecification","valueRequired":true,"valueName":"search_term_string"}}],"inLanguage":"es"},{"@type":"Person","@id":"https:\/\/conversesacatalunya.cat\/#\/schema\/person\/b734752c25b328c819a407cbea568c1f","name":"N\u00faria Freixa","image":{"@type":"ImageObject","inLanguage":"es","@id":"https:\/\/conversesacatalunya.cat\/#\/schema\/person\/image\/","url":"https:\/\/conversesacatalunya.cat\/wp-content\/litespeed\/avatar\/c3686e387186fed249338fe04729c597.jpg?ver=1777289182","contentUrl":"https:\/\/conversesacatalunya.cat\/wp-content\/litespeed\/avatar\/c3686e387186fed249338fe04729c597.jpg?ver=1777289182","caption":"N\u00faria Freixa"},"url":"https:\/\/conversesacatalunya.cat\/es\/author\/nuria_freixa\/"}]}},"wps_subtitle":"La tormenta de Valencia nos recuerda la fuerza de las DANA: cuando el aire fr\u00edo y el calor se encuentran, el peligro se desata en pocos minutos","_links":{"self":[{"href":"https:\/\/conversesacatalunya.cat\/es\/wp-json\/wp\/v2\/posts\/83073","targetHints":{"allow":["GET"]}}],"collection":[{"href":"https:\/\/conversesacatalunya.cat\/es\/wp-json\/wp\/v2\/posts"}],"about":[{"href":"https:\/\/conversesacatalunya.cat\/es\/wp-json\/wp\/v2\/types\/post"}],"author":[{"embeddable":true,"href":"https:\/\/conversesacatalunya.cat\/es\/wp-json\/wp\/v2\/users\/80"}],"replies":[{"embeddable":true,"href":"https:\/\/conversesacatalunya.cat\/es\/wp-json\/wp\/v2\/comments?post=83073"}],"version-history":[{"count":2,"href":"https:\/\/conversesacatalunya.cat\/es\/wp-json\/wp\/v2\/posts\/83073\/revisions"}],"predecessor-version":[{"id":83075,"href":"https:\/\/conversesacatalunya.cat\/es\/wp-json\/wp\/v2\/posts\/83073\/revisions\/83075"}],"wp:featuredmedia":[{"embeddable":true,"href":"https:\/\/conversesacatalunya.cat\/es\/wp-json\/wp\/v2\/media\/83039"}],"wp:attachment":[{"href":"https:\/\/conversesacatalunya.cat\/es\/wp-json\/wp\/v2\/media?parent=83073"}],"wp:term":[{"taxonomy":"category","embeddable":true,"href":"https:\/\/conversesacatalunya.cat\/es\/wp-json\/wp\/v2\/categories?post=83073"},{"taxonomy":"post_tag","embeddable":true,"href":"https:\/\/conversesacatalunya.cat\/es\/wp-json\/wp\/v2\/tags?post=83073"}],"curies":[{"name":"wp","href":"https:\/\/api.w.org\/{rel}","templated":true}]}}