{"id":82965,"date":"2024-10-30T10:05:11","date_gmt":"2024-10-30T09:05:11","guid":{"rendered":"https:\/\/conversesacatalunya.cat\/?p=82965"},"modified":"2024-10-30T11:25:33","modified_gmt":"2024-10-30T10:25:33","slug":"el-trasfondo-cultural-del-primer-ciclo-bursatil-del-franquismo-11-las-letras-intelectuales-vi","status":"publish","type":"post","link":"https:\/\/conversesacatalunya.cat\/es\/el-trasfondo-cultural-del-primer-ciclo-bursatil-del-franquismo-11-las-letras-intelectuales-vi\/","title":{"rendered":"El trasfondo cultural del primer ciclo burs\u00e1til del franquismo (11). Las Letras. Intelectuales (VI)"},"content":{"rendered":"<p>Junto al grupo de Burgos, sobresalen<strong> otros intelectuales falangistas, con mayor o menor vinculaci\u00f3n<\/strong>, entre los cuales se encuentran Agust\u00edn de Fox\u00e0 y Leopoldo Panero. Tambi\u00e9n Pedro Mourlane y Jacinto Miquelarena, as\u00ed como Ignacio Agust\u00ed, Juan Antonio Zunzunegui y \u00c1lvaro Cunqueiro. Y con especial singularidad,<strong> Eugenio d\u2019Ors.<\/strong><\/p>\n<h4><strong>Agust\u00edn de Fox\u00e0 i Torroba<\/strong><\/h4>\n<p><em>Agust\u00edn de Fox\u00e0 i Torroba, fue un diplom\u00e1tico y escritor nacido en Madrid en el seno de una familia aristocr\u00e1tica en 1906. Durante la Rep\u00fablica fue destinado a la embajada de Bucarest y con el franquismo a la de Roma (de donde fue expulsado porque al parecer ret\u00f3 a duelo al conde Ciano). A continuaci\u00f3n, lo trasladan a Helsinki, Buenos Aires, La Habana y Manila, regresando por una grave enfermedad hep\u00e1tica que, desahuciado por los m\u00e9dicos, al bajar en camilla del avi\u00f3n, les comenta <strong>\u201c<\/strong><\/em><strong>Ya ves\u2026 llega el \u00faltimo de Filipinas<\/strong><em><strong>\u201d<\/strong>. Fallecer\u00eda en Madrid en el mes de junio de 1959. <\/em><\/p>\n<p><em>Su actividad literaria comienza a principios de los a\u00f1os treinta (\u201c<\/em>La ni\u00f1a del caracol<em>\u201d, 1933) y le sigue una extensa obra, en l\u00edrica, narrativa y teatro, con un punto \u00e1lgido en 1938 cuando publica <strong>\u201c<\/strong><\/em><strong>Madrid, de Corte a checa<\/strong><em><strong>\u201d<\/strong>, que alcanza el reconocimiento del gran p\u00fablico. Precisamente en la embajada de Bucarest, cambia de camisa y durante la contienda participa en las actividades falangistas de Pamplona y Burgos. Dirige la revista <\/em>Legiones y Falanges<em>, publicaci\u00f3n biling\u00fce en espa\u00f1ol e italiano y<strong> contribuye a la redacci\u00f3n del himno falangista \u201c<\/strong><\/em><strong>Cara al sol<\/strong><em><strong>\u201d<\/strong>. <\/em><\/p>\n<p><em><strong>Gradualmente se apartar\u00e1 del r\u00e9gimen<\/strong> en un seguido de an\u00e9cdotas sobre boutades y agudezas verbales.\u00a0 Entre otras, airea que el Frente de Juventudes \u201c<\/em>son unos ni\u00f1os vestidos de gilipollas mandados por un gilipolla vestido de ni\u00f1o<em>\u201d y, m\u00e1s contundentemente, satiriza sentenciando que <strong>\u201c<\/strong><\/em><strong>la Falange es una hija adulterina de Carlos Marx y de Isabel la Cat\u00f3lica<em>\u201d.<\/em><\/strong><\/p>\n<h4><strong>Leopoldo Panero Torbado<\/strong><\/h4>\n<p><em>Leopoldo Panero Torbado (<\/em>Astorga-Leon ,1909-Castrillo de las Piedras, Le\u00f3n, 1962<em>).\u00a0 Este poeta, hermano del tambi\u00e9n poeta, Juan, fallecido en accidente, estudi\u00f3 Derecho en Valladolid y Madrid, ampliando estudios en Cambridge, Tours y Poitiers.\u00a0 <\/em><\/p>\n<p><em>Al comienzo de la guerra fue arrestado, pero <strong>pudo evadir la c\u00e1rcel gracias a la intervenci\u00f3n de la esposa de Franco,<\/strong> que era prima de su madre, y tambi\u00e9n con la ayuda de Miguel de Unamuno. \u00a0<\/em><\/p>\n<p><img fetchpriority=\"high\" decoding=\"async\" class=\"alignleft wp-image-82969 size-full\" src=\"https:\/\/conversesacatalunya.cat\/wp-content\/uploads\/2024\/10\/hortala-1.jpg\" alt=\"\" width=\"190\" height=\"337\" srcset=\"https:\/\/conversesacatalunya.cat\/wp-content\/uploads\/2024\/10\/hortala-1.jpg 190w, https:\/\/conversesacatalunya.cat\/wp-content\/uploads\/2024\/10\/hortala-1-169x300.jpg 169w\" sizes=\"(max-width: 190px) 100vw, 190px\" \/><\/p>\n<p><em>Colabor\u00f3 con las revistas <\/em>Escorial<em>, <\/em>Garcilaso<em> y en <\/em>Fantas\u00eda<em>, suplemento de la <\/em>Estafeta Literaria<em>. Ejerci\u00f3 de censor hasta que se enfrent\u00f3 con la jerarqu\u00eda cat\u00f3lica. Fue agregado cultural en la embajada espa\u00f1ola de Londres y director del Instituto Espa\u00f1ol de dicha ciudad, entrar\u00eda en contacto con insignes exiliados, lo cual le ocasion\u00f3 un cierto distanciamiento. En esta \u00e9poca de los cuarenta public\u00f3 con notable \u00e9xito \u201c<\/em>La estancia vac\u00eda<em>\u201d, \u201c<\/em>Versos del Guadarrama<em>\u201d y \u201c<\/em>Escrito a cada instante<em>\u201d. Falleci\u00f3 a los 52 a\u00f1os de edad.<\/em><\/p>\n<p>&nbsp;<\/p>\n<h4><strong>Pedro Mourlane y Jacinto Miquelarena<\/strong><\/h4>\n<p><em><strong>Pedro Mourlane Michelena<\/strong> (<\/em>Ir\u00fan, 1888-Madrid, 1955<em>) y <strong>Jacinto Miquelarena Regueiro<\/strong> (<\/em>Bilbao, 1891-Par\u00eds, 1962<em>) fueron principalmente periodistas. <\/em><em>El primero de cr\u00f3nicas pol\u00edticas y el segundo dedicado al deporte, dirigiendo \u201c<\/em>Excelsior<em>\u201d, que fue el primer diario espa\u00f1ol dedicado exclusivamente a esta materia. <strong>Ambos formar\u00edan parte del cen\u00e1culo literario madrile\u00f1o de Falange Espa\u00f1ola.<\/strong> <\/em><\/p>\n<p><em><strong>Mourlane<\/strong> participar\u00eda activamente en las revistas <\/em>V\u00e9rtice<em> y <\/em>Escorial<em> y, en la posguerra, pertenecer\u00eda al Patronato Men\u00e9ndez y Pelayo del CSIC; a la Junta General de Cronistas de Espa\u00f1a, y a la de la Asociaci\u00f3n de la Prensa de Madrid. <\/em><\/p>\n<p><em><strong>Miquelarena<\/strong>, por su parte, dirigi\u00f3 Radio Nacional de Espa\u00f1a desde Salamanca, traslad\u00e1ndose posteriormente a Par\u00eds como corresponsal de <\/em>ABC<em>, de la agencia <\/em>EFE<em> y de <\/em>Clar\u00edn<em>. Fue gran amigo de Enrique Jardiel Poncela y de Miguel Mihura, colaborando con ellos en las secciones de humor de <\/em>La Ametralladora<em> y de <\/em>La Codorniz<em>. Su obra, \u201c<\/em>El gran circo de la alegr\u00eda<em>\u201d, publicada en San Sebasti\u00e1n en 1938, lo consolid\u00f3 en los c\u00edrculos literarios de la \u00e9poca.<\/em><\/p>\n<h4><strong>Ignacio Agust\u00ed<\/strong><\/h4>\n<p><em>En Barcelona desarroll\u00f3 su actividad <strong>Ignacio Agust\u00ed Peypoch<\/strong>, nacido en septiembre de 1913.\u00a0 En su juventud fue periodista de <\/em>La Veu de Catalunya<em> y militante de la <\/em><strong>Lliga Regionalista<\/strong><em>.\u00a0 Pero al estallar la Guerra Civil entr\u00f3 en la zona nacional instal\u00e1ndose en Burgos que, conjuntamente con el grupo de catalanes all\u00ed huidos, promovieron <strong>la revista <\/strong><\/em><strong>Destino<\/strong>, <em>como instrumento de propaganda del bando sublevado, desplaz\u00e1ndola luego a Barcelona.\u00a0 <\/em><\/p>\n<p><em>Consolidado el r\u00e9gimen, <strong>dirigi\u00f3 el diario <\/strong><\/em><strong>Tele\/eXpr\u00e9s <\/strong><em><strong>y presidi\u00f3 el Ateneo barcelon\u00e9s<\/strong>. Fallecer\u00eda en la Ciudad Condal en febrero de 1974.\u00a0 Entre su obra literaria destaca la tri-log\u00eda, que en este periodo ver\u00edan la luz, <\/em>\u201cMariona Rebull\u201d (1943) y \u201cEl viudo Rius\u201d (1944<em>).\u00a0 El tercer volumen, \u201c<\/em>Desiderio\u201d, <em>no se publicar\u00eda hasta 1957.<\/em><\/p>\n<h4><strong>Juan Antonio de Zunzunegui <\/strong><\/h4>\n<p><em>Por su parte, <strong>Juan Antonio de Zunzunegui y Loredo<\/strong> (Portugalete, Vizcaya, 1901-Madrid, 1982) fue\u00a0 novelista, de gran fecundidad, adscrito al realismo tradicional cercano al naturalismo. En esos a\u00f1os cuarenta, despu\u00e9s del \u00e9xito de su obra <\/em>\u201cVida y paisaje de Bilbao\u201d (1926),<em> destacan, entre otras, \u201c<\/em>El Chiplichandle\u201d(1940) <em>y<\/em> \u201c\u00a1Ay\u2026estos hijos!\u201d (1943). <em>Se hab\u00eda doctorado<\/em> <em>en Derecho y durante la guerra colabor\u00f3 con la Delegaci\u00f3n de Prensa y Propaganda, colaborando asiduamente en la revista V\u00e9rtice.<\/em><\/p>\n<h4><strong>\u00c1lvaro Cunqueiro<\/strong><\/h4>\n<p><em>En cuanto al gallego <strong>\u00c1lvaro Cunqueiro Mora<\/strong> (Mondo\u00f1edo, 1911-Vigo, 1981), vinculado estrechamente al <strong>Partido Galleguista<\/strong>, se afili\u00f3 a Falange en 1936 para salirse de la misma, con enfado, en 1944. Tuvo una <strong>vida intelectual agitada<\/strong> transitando por la novela, la poes\u00eda y el drama. Ejerci\u00f3 como periodista y, adem\u00e1s, fue un experto gastr\u00f3nomo.\u00a0 Escrib\u00eda en gallego y castellano, destacando en esta \u00e9poca <\/em>\u201cEleg\u00edas y canciones\u201d (1940) <em>y <\/em>\u201cBalada de las damas del tiempo pasado\u201d (1945).<\/p>\n<h4><strong>Eugenio d&#8217;Ors<\/strong><\/h4>\n<p><em><strong>Eugenio d\u2019Ors Rovira<\/strong>, naci\u00f3 en Barcelona en 1882 y morir\u00eda en Vilanova y la Geltr\u00fa en 1954, siendo enterrado, no obstante, en Vilafranca del Pened\u00e9s, ambas ciudades de la provincia de Barcelona. De Eugenio d\u2019Ors se ha dicho que era <strong>\u201c<\/strong><\/em><strong>el mayor ego de la historia de Espa\u00f1a\u2026 el primer fascista y muy fascista\u2026 el pope de los falangistas\u2026<\/strong><em><strong>\u201d.<\/strong> Con todo, ni su\u00a0 adhesi\u00f3n al r\u00e9gimen, ni su\u00a0 condici\u00f3n ideol\u00f3gica fueron motivo para no recibir <strong>admiraci\u00f3n y respeto por parte de una amplia gama de intelectuales de signo contrario.<\/strong>\u00a0 <\/em><\/p>\n<p><em>Se form\u00f3 en los<strong> ambientes literarios del modernismo<\/strong>, rompiendo con este movimiento al rechazar el individualismo y el naturalismo que proclamaba su est\u00e9tica, as\u00ed como el sentimentalismo y espontaneidad en la creaci\u00f3n art\u00edstica.\u00a0 En su lugar, <strong>propuso como renovaci\u00f3n un nuevo proyecto, esencialmente educativo, que denomin\u00f3 <\/strong><\/em><strong>Noucentisme<em> (Novecentismo) con implicaci\u00f3n directa en lo art\u00edstico y en lo pol\u00edtico.\u00a0 <\/em><\/strong><\/p>\n<p><em>Estudi\u00f3 Derecho y Filosof\u00eda en la Universidad de Barcelona.\u00a0 <strong>Escrib\u00eda en catal\u00e1n y en castellano.<\/strong> En el peri\u00f3dico <\/em>La veu de Catalunya<em>, con el seud\u00f3nimo \u201c<\/em>Xenius<em>\u201d inici\u00f3 las famos\u00edsimas cr\u00f3nicas que denomin\u00f3 <strong>\u201c<\/strong><\/em><strong>El Glosari<\/strong><em><strong>\u201d (<\/strong>cr\u00f3nica diaria de cr\u00edtica art\u00edstica y literaria y de los aspectos m\u00e1s diversos de la vida cotidiana). <\/em><\/p>\n<p><em>Se trasladar\u00eda luego a Par\u00eds, interes\u00e1ndose por el mundo de la ciencia y de la filosof\u00eda.\u00a0 Al regresar a Barcelona, ejerce como <strong>secretario del <\/strong><\/em><strong>Institut d\u2019Estudis Catalans<\/strong><em><strong>.\u00a0<\/strong> Se presenta a oposiciones a c\u00e1tedra de Psicolog\u00eda Superior, pero solo tuvo <strong>el voto favorable de Ortega y Gasset<\/strong>. A la decepci\u00f3n de la derrota le llegar\u00eda el nombramiento de director de Educaci\u00f3n Superior en el Consejo de Pedagog\u00eda de la Mancomunidad de Catalunya. En aquellos d\u00edas <strong>se le consider\u00f3 \u201cun nacionalista exaltado\u201d.\u00a0<\/strong><\/em><\/p>\n<p><img decoding=\"async\" class=\"wp-image-82976 size-full alignright lazyload\" data-src=\"https:\/\/conversesacatalunya.cat\/wp-content\/uploads\/2024\/10\/Hortala-3.jpg\" alt=\"\" width=\"196\" height=\"360\" data-srcset=\"https:\/\/conversesacatalunya.cat\/wp-content\/uploads\/2024\/10\/Hortala-3.jpg 196w, https:\/\/conversesacatalunya.cat\/wp-content\/uploads\/2024\/10\/Hortala-3-163x300.jpg 163w\" data-sizes=\"(max-width: 196px) 100vw, 196px\" src=\"data:image\/svg+xml;base64,PHN2ZyB3aWR0aD0iMSIgaGVpZ2h0PSIxIiB4bWxucz0iaHR0cDovL3d3dy53My5vcmcvMjAwMC9zdmciPjwvc3ZnPg==\" style=\"--smush-placeholder-width: 196px; --smush-placeholder-aspect-ratio: 196\/360;\" \/><\/p>\n<p><em>Publica su primer libro: \u201c<\/em>La filosof\u00eda del hombre que trabaja y que juega<em>\u201d (1914).\u00a0 Su actuaci\u00f3n pol\u00edtico-administrativa es objeto de envidias, suspicacias y vanidades, en un contexto de censura global que propicia <strong>\u201c<\/strong><\/em><strong>La defenestraci\u00f3n de Eugenio d\u2019Ors<\/strong><em><strong>\u201d<\/strong>, como titul\u00f3 Guillermo D\u00edaz Plaja su libro sobre el personaje.\u00a0 Se traslada a Madrid a lo largo de 1920. Publica trabajos sobre arte y teatro, compagin\u00e1ndolo con el periodismo. Es elegido miembro de la Real Academia Espa\u00f1ola. La guerra le sorprende en Par\u00eds y a mediados de 1937 se traslada a Pamplona, colaborando <\/em><em>fervorosamente con el grupo de falangistas all\u00ed instalado.\u00a0 A rengl\u00f3n seguido tutelar\u00e1 las actividades llevadas a cabo en Burgos. Ejerce como Director General de Bellas Artes. <\/em><\/p>\n<p><em>A lo largo de la d\u00e9cada de los cuarenta, Eugenio d&#8217;Ors realiza una amplia y generosa tarea de propaganda dentro de Espa\u00f1a y en el exterior.\u00a0 En 1953 le fue otorgada la c\u00e1tedra de Ciencia de la Cultura de la Universidad de Madrid. Ingresar\u00eda en la Real Academia de Bellas Artes de San Fernando y se vuelca en la <\/em>Academia Breve de Cr\u00edtica de Arte<em>, primera instituci\u00f3n espa\u00f1ola de difusi\u00f3n del arte moderno y contempor\u00e1neo tras la Guerra Civil. <\/em><\/p>\n<p><em>Cada vez pasa m\u00e1s temporadas en Vilanova i la Geltr\u00fa ciudad en donde fallece, tras escribir el d\u00eda anterior un art\u00edculo en el diario <\/em>Arriba Espa\u00f1a<em>, que se a\u00f1ade a una obra monumental, extensa y brillante, y que titula <strong>\u201c<\/strong><\/em><strong>Sentido de la elegancia<em>\u201d.<\/em><\/strong><\/p>\n<p class=\"w-post-elm post_title us_custom_e2aee182 entry-title color_link_inherit\"><span style=\"color: #00ccff;\"><a style=\"color: #00ccff;\" href=\"https:\/\/conversesacatalunya.cat\/es\/el-trasfondo-cultural-del-primer-ciclo-bursatil-del-franquismo-10-las-letras-intelectuales-v\/\" target=\"_blank\" rel=\"noopener\"><strong>El trasfondo cultural del primer ciclo burs\u00e1til del franquismo (10). Las Letras. Intelectuales (V)<\/strong><\/a><\/span><\/p>\n<span class='bctt-click-to-tweet'><span class='bctt-ctt-text'><a href='https:\/\/twitter.com\/intent\/tweet?url=https%3A%2F%2Fconversesacatalunya.cat%2Fes%2Fel-trasfondo-cultural-del-primer-ciclo-bursatil-del-franquismo-11-las-letras-intelectuales-vi%2F&#038;text=De%20Eugenio%20d%E2%80%99Ors%20se%20ha%20dicho%20que%20era%20%E2%80%9Cel%20mayor%20ego%20de%20la%20historia%20de%20Espa%C3%B1a%2C%20el%20primer%20fascista%20y%20muy%20fascista%2C%20el%20pope%20de%20los%20falangistas%E2%80%9D&#038;via=conversesacat&#038;related=conversesacat' target='_blank'rel=\"noopener noreferrer\">De Eugenio d\u2019Ors se ha dicho que era \u201cel mayor ego de la historia de Espa\u00f1a, el primer fascista y muy fascista, el pope de los falangistas\u201d <\/a><\/span><a href='https:\/\/twitter.com\/intent\/tweet?url=https%3A%2F%2Fconversesacatalunya.cat%2Fes%2Fel-trasfondo-cultural-del-primer-ciclo-bursatil-del-franquismo-11-las-letras-intelectuales-vi%2F&#038;text=De%20Eugenio%20d%E2%80%99Ors%20se%20ha%20dicho%20que%20era%20%E2%80%9Cel%20mayor%20ego%20de%20la%20historia%20de%20Espa%C3%B1a%2C%20el%20primer%20fascista%20y%20muy%20fascista%2C%20el%20pope%20de%20los%20falangistas%E2%80%9D&#038;via=conversesacat&#038;related=conversesacat' target='_blank' class='bctt-ctt-btn'rel=\"noopener noreferrer\">Compartir en X<\/a><\/span>\n","protected":false},"excerpt":{"rendered":"<p>Junto al grupo de Burgos, sobresalen otros intelectuales falangistas, con mayor o menor vinculaci\u00f3n, entre los cuales se encuentran Agust\u00edn de Fox\u00e0 y Leopoldo Panero. Tambi\u00e9n Pedro Mourlane y Jacinto Miquelarena, as\u00ed como Ignacio Agust\u00ed, Juan Antonio Zunzunegui y \u00c1lvaro Cunqueiro. Y con especial singularidad, Eugenio d\u2019Ors. Agust\u00edn de Fox\u00e0 i Torroba Agust\u00edn de Fox\u00e0 i Torroba, fue un diplom\u00e1tico y escritor nacido en Madrid en el seno de una familia aristocr\u00e1tica en 1906. Durante la Rep\u00fablica fue destinado a la embajada de Bucarest y con el franquismo a la de Roma (de donde fue expulsado porque al parecer ret\u00f3 a duelo al conde Ciano). A continuaci\u00f3n, lo trasladan a Helsinki, Buenos Aires, La Habana y Manila, regresando por una grave enfermedad hep\u00e1tica que, desahuciado por los m\u00e9dicos, al bajar en camilla del avi\u00f3n, les comenta \u201cYa ves\u2026 llega el \u00faltimo de Filipinas\u201d. Fallecer\u00eda en Madrid en el mes de junio de 1959. Su actividad literaria comienza a principios de los a\u00f1os treinta (\u201cLa ni\u00f1a del caracol\u201d, 1933) y le sigue una extensa obra, en l\u00edrica, narrativa y teatro, con un punto \u00e1lgido en 1938 cuando publica \u201cMadrid, de Corte a checa\u201d, que alcanza el reconocimiento del gran p\u00fablico. Precisamente en la embajada de Bucarest, cambia de camisa y durante la contienda participa en las actividades falangistas de Pamplona y Burgos. Dirige la revista Legiones y Falanges, publicaci\u00f3n biling\u00fce en espa\u00f1ol e italiano y contribuye a la redacci\u00f3n del himno falangista \u201cCara al sol\u201d. Gradualmente se apartar\u00e1 del r\u00e9gimen en un seguido de an\u00e9cdotas sobre boutades y agudezas verbales.\u00a0 Entre otras, airea que el Frente de Juventudes \u201cson unos ni\u00f1os vestidos de gilipollas mandados por un gilipolla vestido de ni\u00f1o\u201d y, m\u00e1s contundentemente, satiriza sentenciando que \u201cla Falange es una hija adulterina de Carlos Marx y de Isabel la Cat\u00f3lica\u201d. Leopoldo Panero Torbado Leopoldo Panero Torbado (Astorga-Leon ,1909-Castrillo de las Piedras, Le\u00f3n, 1962).\u00a0 Este poeta, hermano del tambi\u00e9n poeta, Juan, fallecido en accidente, estudi\u00f3 Derecho en Valladolid y Madrid, ampliando estudios en Cambridge, Tours y Poitiers.\u00a0 Al comienzo de la guerra fue arrestado, pero pudo evadir la c\u00e1rcel gracias a la intervenci\u00f3n de la esposa de Franco, que era prima de su madre, y tambi\u00e9n con la ayuda de Miguel de Unamuno. \u00a0 Colabor\u00f3 con las revistas Escorial, Garcilaso y en Fantas\u00eda, suplemento de la Estafeta Literaria. Ejerci\u00f3 de censor hasta que se enfrent\u00f3 con la jerarqu\u00eda cat\u00f3lica. Fue agregado cultural en la embajada espa\u00f1ola de Londres y director del Instituto Espa\u00f1ol de dicha ciudad, entrar\u00eda en contacto con insignes exiliados, lo cual le ocasion\u00f3 un cierto distanciamiento. En esta \u00e9poca de los cuarenta public\u00f3 con notable \u00e9xito \u201cLa estancia vac\u00eda\u201d, \u201cVersos del Guadarrama\u201d y \u201cEscrito a cada instante\u201d. Falleci\u00f3 a los 52 a\u00f1os de edad. &nbsp; Pedro Mourlane y Jacinto Miquelarena Pedro Mourlane Michelena (Ir\u00fan, 1888-Madrid, 1955) y Jacinto Miquelarena Regueiro (Bilbao, 1891-Par\u00eds, 1962) fueron principalmente periodistas. El primero de cr\u00f3nicas pol\u00edticas y el segundo dedicado al deporte, dirigiendo \u201cExcelsior\u201d, que fue el primer diario espa\u00f1ol dedicado exclusivamente a esta materia. Ambos formar\u00edan parte del cen\u00e1culo literario madrile\u00f1o de Falange Espa\u00f1ola. Mourlane participar\u00eda activamente en las revistas V\u00e9rtice y Escorial y, en la posguerra, pertenecer\u00eda al Patronato Men\u00e9ndez y Pelayo del CSIC; a la Junta General de Cronistas de Espa\u00f1a, y a la de la Asociaci\u00f3n de la Prensa de Madrid. Miquelarena, por su parte, dirigi\u00f3 Radio Nacional de Espa\u00f1a desde Salamanca, traslad\u00e1ndose posteriormente a Par\u00eds como corresponsal de ABC, de la agencia EFE y de Clar\u00edn. Fue gran amigo de Enrique Jardiel Poncela y de Miguel Mihura, colaborando con ellos en las secciones de humor de La Ametralladora y de La Codorniz. Su obra, \u201cEl gran circo de la alegr\u00eda\u201d, publicada en San Sebasti\u00e1n en 1938, lo consolid\u00f3 en los c\u00edrculos literarios de la \u00e9poca. Ignacio Agust\u00ed En Barcelona desarroll\u00f3 su actividad Ignacio Agust\u00ed Peypoch, nacido en septiembre de 1913.\u00a0 En su juventud fue periodista de La Veu de Catalunya y militante de la Lliga Regionalista.\u00a0 Pero al estallar la Guerra Civil entr\u00f3 en la zona nacional instal\u00e1ndose en Burgos que, conjuntamente con el grupo de catalanes all\u00ed huidos, promovieron la revista Destino, como instrumento de propaganda del bando sublevado, desplaz\u00e1ndola luego a Barcelona.\u00a0 Consolidado el r\u00e9gimen, dirigi\u00f3 el diario Tele\/eXpr\u00e9s y presidi\u00f3 el Ateneo barcelon\u00e9s. Fallecer\u00eda en la Ciudad Condal en febrero de 1974.\u00a0 Entre su obra literaria destaca la tri-log\u00eda, que en este periodo ver\u00edan la luz, \u201cMariona Rebull\u201d (1943) y \u201cEl viudo Rius\u201d (1944).\u00a0 El tercer volumen, \u201cDesiderio\u201d, no se publicar\u00eda hasta 1957. Juan Antonio de Zunzunegui Por su parte, Juan Antonio de Zunzunegui y Loredo (Portugalete, Vizcaya, 1901-Madrid, 1982) fue\u00a0 novelista, de gran fecundidad, adscrito al realismo tradicional cercano al naturalismo. En esos a\u00f1os cuarenta, despu\u00e9s del \u00e9xito de su obra \u201cVida y paisaje de Bilbao\u201d (1926), destacan, entre otras, \u201cEl Chiplichandle\u201d(1940) y \u201c\u00a1Ay\u2026estos hijos!\u201d (1943). Se hab\u00eda doctorado en Derecho y durante la guerra colabor\u00f3 con la Delegaci\u00f3n de Prensa y Propaganda, colaborando asiduamente en la revista V\u00e9rtice. \u00c1lvaro Cunqueiro En cuanto al gallego \u00c1lvaro Cunqueiro Mora (Mondo\u00f1edo, 1911-Vigo, 1981), vinculado estrechamente al Partido Galleguista, se afili\u00f3 a Falange en 1936 para salirse de la misma, con enfado, en 1944. Tuvo una vida intelectual agitada transitando por la novela, la poes\u00eda y el drama. Ejerci\u00f3 como periodista y, adem\u00e1s, fue un experto gastr\u00f3nomo.\u00a0 Escrib\u00eda en gallego y castellano, destacando en esta \u00e9poca \u201cEleg\u00edas y canciones\u201d (1940) y \u201cBalada de las damas del tiempo pasado\u201d (1945). Eugenio d&#8217;Ors Eugenio d\u2019Ors Rovira, naci\u00f3 en Barcelona en 1882 y morir\u00eda en Vilanova y la Geltr\u00fa en 1954, siendo enterrado, no obstante, en Vilafranca del Pened\u00e9s, ambas ciudades de la provincia de Barcelona. De Eugenio d\u2019Ors se ha dicho que era \u201cel mayor ego de la historia de Espa\u00f1a\u2026 el primer fascista y muy fascista\u2026 el pope de los falangistas\u2026\u201d. Con todo, ni su\u00a0 adhesi\u00f3n al r\u00e9gimen, ni su\u00a0 condici\u00f3n ideol\u00f3gica fueron motivo para no recibir admiraci\u00f3n y respeto por parte de una amplia gama de intelectuales de signo contrario.\u00a0 Se form\u00f3 en los ambientes literarios&#8230;<\/p>\n","protected":false},"author":85,"featured_media":82981,"comment_status":"open","ping_status":"open","sticky":false,"template":"","format":"standard","meta":{"_FSMCFIC_featured_image_caption":"Eugeni d'Ors","_FSMCFIC_featured_image_nocaption":"","_FSMCFIC_featured_image_hide":"","footnotes":""},"categories":[806],"tags":[5173],"class_list":["post-82965","post","type-post","status-publish","format-standard","has-post-thumbnail","hentry","category-punts-claus-del-dia-es","tag-primer-ciclo-bursatil-del-franquismo"],"yoast_head":"<!-- This site is optimized with the Yoast SEO plugin v26.8 - https:\/\/yoast.com\/product\/yoast-seo-wordpress\/ -->\n<title>El trasfondo cultural del primer ciclo burs\u00e1til del franquismo (11). Las Letras. Intelectuales (VI) - Converses a Catalunya<\/title>\n<meta name=\"description\" content=\"De Eugenio d\u2019Ors se ha dicho que era \u201cel mayor ego de la historia de Espa\u00f1a, el primer fascista y muy fascista, el pope de los falangistas\u201d\" \/>\n<meta name=\"robots\" content=\"index, follow, max-snippet:-1, max-image-preview:large, max-video-preview:-1\" \/>\n<link rel=\"canonical\" href=\"https:\/\/conversesacatalunya.cat\/es\/el-trasfondo-cultural-del-primer-ciclo-bursatil-del-franquismo-11-las-letras-intelectuales-vi\/\" \/>\n<meta property=\"og:locale\" content=\"es_ES\" \/>\n<meta property=\"og:type\" content=\"article\" \/>\n<meta property=\"og:title\" content=\"El trasfondo cultural del primer ciclo burs\u00e1til del franquismo (11). Las Letras. Intelectuales (VI) - Converses a Catalunya\" \/>\n<meta property=\"og:description\" content=\"De Eugenio d\u2019Ors se ha dicho que era \u201cel mayor ego de la historia de Espa\u00f1a, el primer fascista y muy fascista, el pope de los falangistas\u201d\" \/>\n<meta property=\"og:url\" content=\"https:\/\/conversesacatalunya.cat\/es\/el-trasfondo-cultural-del-primer-ciclo-bursatil-del-franquismo-11-las-letras-intelectuales-vi\/\" \/>\n<meta property=\"og:site_name\" content=\"Converses a Catalunya\" \/>\n<meta property=\"article:published_time\" content=\"2024-10-30T09:05:11+00:00\" \/>\n<meta property=\"article:modified_time\" content=\"2024-10-30T10:25:33+00:00\" \/>\n<meta property=\"og:image\" content=\"https:\/\/conversesacatalunya.cat\/wp-content\/uploads\/2024\/10\/Dors.jpg\" \/>\n\t<meta property=\"og:image:width\" content=\"300\" \/>\n\t<meta property=\"og:image:height\" content=\"205\" \/>\n\t<meta property=\"og:image:type\" content=\"image\/jpeg\" \/>\n<meta name=\"author\" content=\"Joan Hortal\u00e0 i Arau\" \/>\n<meta name=\"twitter:card\" content=\"summary_large_image\" \/>\n<meta name=\"twitter:label1\" content=\"Escrito por\" \/>\n\t<meta name=\"twitter:data1\" content=\"Joan Hortal\u00e0 i Arau\" \/>\n\t<meta name=\"twitter:label2\" content=\"Tiempo de lectura\" \/>\n\t<meta name=\"twitter:data2\" content=\"8 minutos\" \/>\n<script type=\"application\/ld+json\" class=\"yoast-schema-graph\">{\"@context\":\"https:\/\/schema.org\",\"@graph\":[{\"@type\":\"Article\",\"@id\":\"https:\/\/conversesacatalunya.cat\/es\/el-trasfondo-cultural-del-primer-ciclo-bursatil-del-franquismo-11-las-letras-intelectuales-vi\/#article\",\"isPartOf\":{\"@id\":\"https:\/\/conversesacatalunya.cat\/es\/el-trasfondo-cultural-del-primer-ciclo-bursatil-del-franquismo-11-las-letras-intelectuales-vi\/\"},\"author\":{\"name\":\"Joan Hortal\u00e0 i Arau\",\"@id\":\"https:\/\/conversesacatalunya.cat\/#\/schema\/person\/d1a98659327f7a7a4254b63c8828486b\"},\"headline\":\"El trasfondo cultural del primer ciclo burs\u00e1til del franquismo (11). Las Letras. Intelectuales (VI)\",\"datePublished\":\"2024-10-30T09:05:11+00:00\",\"dateModified\":\"2024-10-30T10:25:33+00:00\",\"mainEntityOfPage\":{\"@id\":\"https:\/\/conversesacatalunya.cat\/es\/el-trasfondo-cultural-del-primer-ciclo-bursatil-del-franquismo-11-las-letras-intelectuales-vi\/\"},\"wordCount\":1603,\"commentCount\":0,\"image\":{\"@id\":\"https:\/\/conversesacatalunya.cat\/es\/el-trasfondo-cultural-del-primer-ciclo-bursatil-del-franquismo-11-las-letras-intelectuales-vi\/#primaryimage\"},\"thumbnailUrl\":\"https:\/\/conversesacatalunya.cat\/wp-content\/uploads\/2024\/10\/Dors.jpg\",\"keywords\":[\"primer ciclo burs\u00e1til del franquismo\"],\"articleSection\":[\"Punts clau del dia (ES)\"],\"inLanguage\":\"es\",\"potentialAction\":[{\"@type\":\"CommentAction\",\"name\":\"Comment\",\"target\":[\"https:\/\/conversesacatalunya.cat\/es\/el-trasfondo-cultural-del-primer-ciclo-bursatil-del-franquismo-11-las-letras-intelectuales-vi\/#respond\"]}]},{\"@type\":\"WebPage\",\"@id\":\"https:\/\/conversesacatalunya.cat\/es\/el-trasfondo-cultural-del-primer-ciclo-bursatil-del-franquismo-11-las-letras-intelectuales-vi\/\",\"url\":\"https:\/\/conversesacatalunya.cat\/es\/el-trasfondo-cultural-del-primer-ciclo-bursatil-del-franquismo-11-las-letras-intelectuales-vi\/\",\"name\":\"El trasfondo cultural del primer ciclo burs\u00e1til del franquismo (11). Las Letras. Intelectuales (VI) - Converses a Catalunya\",\"isPartOf\":{\"@id\":\"https:\/\/conversesacatalunya.cat\/#website\"},\"primaryImageOfPage\":{\"@id\":\"https:\/\/conversesacatalunya.cat\/es\/el-trasfondo-cultural-del-primer-ciclo-bursatil-del-franquismo-11-las-letras-intelectuales-vi\/#primaryimage\"},\"image\":{\"@id\":\"https:\/\/conversesacatalunya.cat\/es\/el-trasfondo-cultural-del-primer-ciclo-bursatil-del-franquismo-11-las-letras-intelectuales-vi\/#primaryimage\"},\"thumbnailUrl\":\"https:\/\/conversesacatalunya.cat\/wp-content\/uploads\/2024\/10\/Dors.jpg\",\"datePublished\":\"2024-10-30T09:05:11+00:00\",\"dateModified\":\"2024-10-30T10:25:33+00:00\",\"author\":{\"@id\":\"https:\/\/conversesacatalunya.cat\/#\/schema\/person\/d1a98659327f7a7a4254b63c8828486b\"},\"description\":\"De Eugenio d\u2019Ors se ha dicho que era \u201cel mayor ego de la historia de Espa\u00f1a, el primer fascista y muy fascista, el pope de los falangistas\u201d\",\"breadcrumb\":{\"@id\":\"https:\/\/conversesacatalunya.cat\/es\/el-trasfondo-cultural-del-primer-ciclo-bursatil-del-franquismo-11-las-letras-intelectuales-vi\/#breadcrumb\"},\"inLanguage\":\"es\",\"potentialAction\":[{\"@type\":\"ReadAction\",\"target\":[\"https:\/\/conversesacatalunya.cat\/es\/el-trasfondo-cultural-del-primer-ciclo-bursatil-del-franquismo-11-las-letras-intelectuales-vi\/\"]}]},{\"@type\":\"ImageObject\",\"inLanguage\":\"es\",\"@id\":\"https:\/\/conversesacatalunya.cat\/es\/el-trasfondo-cultural-del-primer-ciclo-bursatil-del-franquismo-11-las-letras-intelectuales-vi\/#primaryimage\",\"url\":\"https:\/\/conversesacatalunya.cat\/wp-content\/uploads\/2024\/10\/Dors.jpg\",\"contentUrl\":\"https:\/\/conversesacatalunya.cat\/wp-content\/uploads\/2024\/10\/Dors.jpg\",\"width\":300,\"height\":205,\"caption\":\"Eugenio d'Ors\"},{\"@type\":\"BreadcrumbList\",\"@id\":\"https:\/\/conversesacatalunya.cat\/es\/el-trasfondo-cultural-del-primer-ciclo-bursatil-del-franquismo-11-las-letras-intelectuales-vi\/#breadcrumb\",\"itemListElement\":[{\"@type\":\"ListItem\",\"position\":1,\"name\":\"Inici\",\"item\":\"https:\/\/conversesacatalunya.cat\/es\/\"},{\"@type\":\"ListItem\",\"position\":2,\"name\":\"El trasfondo cultural del primer ciclo burs\u00e1til del franquismo (11). Las Letras. Intelectuales (VI)\"}]},{\"@type\":\"WebSite\",\"@id\":\"https:\/\/conversesacatalunya.cat\/#website\",\"url\":\"https:\/\/conversesacatalunya.cat\/\",\"name\":\"Converses a Catalunya\",\"description\":\"\",\"potentialAction\":[{\"@type\":\"SearchAction\",\"target\":{\"@type\":\"EntryPoint\",\"urlTemplate\":\"https:\/\/conversesacatalunya.cat\/?s={search_term_string}\"},\"query-input\":{\"@type\":\"PropertyValueSpecification\",\"valueRequired\":true,\"valueName\":\"search_term_string\"}}],\"inLanguage\":\"es\"},{\"@type\":\"Person\",\"@id\":\"https:\/\/conversesacatalunya.cat\/#\/schema\/person\/d1a98659327f7a7a4254b63c8828486b\",\"name\":\"Joan Hortal\u00e0 i Arau\",\"image\":{\"@type\":\"ImageObject\",\"inLanguage\":\"es\",\"@id\":\"https:\/\/conversesacatalunya.cat\/#\/schema\/person\/image\/\",\"url\":\"https:\/\/conversesacatalunya.cat\/wp-content\/litespeed\/avatar\/2d63b18d9ae06677345f920e73d8d4f0.jpg?ver=1776938333\",\"contentUrl\":\"https:\/\/conversesacatalunya.cat\/wp-content\/litespeed\/avatar\/2d63b18d9ae06677345f920e73d8d4f0.jpg?ver=1776938333\",\"caption\":\"Joan Hortal\u00e0 i Arau\"},\"url\":\"https:\/\/conversesacatalunya.cat\/es\/author\/joan-hortala-i-arau\/\"}]}<\/script>\n<!-- \/ Yoast SEO plugin. -->","yoast_head_json":{"title":"El trasfondo cultural del primer ciclo burs\u00e1til del franquismo (11). Las Letras. Intelectuales (VI) - Converses a Catalunya","description":"De Eugenio d\u2019Ors se ha dicho que era \u201cel mayor ego de la historia de Espa\u00f1a, el primer fascista y muy fascista, el pope de los falangistas\u201d","robots":{"index":"index","follow":"follow","max-snippet":"max-snippet:-1","max-image-preview":"max-image-preview:large","max-video-preview":"max-video-preview:-1"},"canonical":"https:\/\/conversesacatalunya.cat\/es\/el-trasfondo-cultural-del-primer-ciclo-bursatil-del-franquismo-11-las-letras-intelectuales-vi\/","og_locale":"es_ES","og_type":"article","og_title":"El trasfondo cultural del primer ciclo burs\u00e1til del franquismo (11). Las Letras. Intelectuales (VI) - Converses a Catalunya","og_description":"De Eugenio d\u2019Ors se ha dicho que era \u201cel mayor ego de la historia de Espa\u00f1a, el primer fascista y muy fascista, el pope de los falangistas\u201d","og_url":"https:\/\/conversesacatalunya.cat\/es\/el-trasfondo-cultural-del-primer-ciclo-bursatil-del-franquismo-11-las-letras-intelectuales-vi\/","og_site_name":"Converses a Catalunya","article_published_time":"2024-10-30T09:05:11+00:00","article_modified_time":"2024-10-30T10:25:33+00:00","og_image":[{"width":300,"height":205,"url":"https:\/\/conversesacatalunya.cat\/wp-content\/uploads\/2024\/10\/Dors.jpg","type":"image\/jpeg"}],"author":"Joan Hortal\u00e0 i Arau","twitter_card":"summary_large_image","twitter_misc":{"Escrito por":"Joan Hortal\u00e0 i Arau","Tiempo de lectura":"8 minutos"},"schema":{"@context":"https:\/\/schema.org","@graph":[{"@type":"Article","@id":"https:\/\/conversesacatalunya.cat\/es\/el-trasfondo-cultural-del-primer-ciclo-bursatil-del-franquismo-11-las-letras-intelectuales-vi\/#article","isPartOf":{"@id":"https:\/\/conversesacatalunya.cat\/es\/el-trasfondo-cultural-del-primer-ciclo-bursatil-del-franquismo-11-las-letras-intelectuales-vi\/"},"author":{"name":"Joan Hortal\u00e0 i Arau","@id":"https:\/\/conversesacatalunya.cat\/#\/schema\/person\/d1a98659327f7a7a4254b63c8828486b"},"headline":"El trasfondo cultural del primer ciclo burs\u00e1til del franquismo (11). Las Letras. Intelectuales (VI)","datePublished":"2024-10-30T09:05:11+00:00","dateModified":"2024-10-30T10:25:33+00:00","mainEntityOfPage":{"@id":"https:\/\/conversesacatalunya.cat\/es\/el-trasfondo-cultural-del-primer-ciclo-bursatil-del-franquismo-11-las-letras-intelectuales-vi\/"},"wordCount":1603,"commentCount":0,"image":{"@id":"https:\/\/conversesacatalunya.cat\/es\/el-trasfondo-cultural-del-primer-ciclo-bursatil-del-franquismo-11-las-letras-intelectuales-vi\/#primaryimage"},"thumbnailUrl":"https:\/\/conversesacatalunya.cat\/wp-content\/uploads\/2024\/10\/Dors.jpg","keywords":["primer ciclo burs\u00e1til del franquismo"],"articleSection":["Punts clau del dia (ES)"],"inLanguage":"es","potentialAction":[{"@type":"CommentAction","name":"Comment","target":["https:\/\/conversesacatalunya.cat\/es\/el-trasfondo-cultural-del-primer-ciclo-bursatil-del-franquismo-11-las-letras-intelectuales-vi\/#respond"]}]},{"@type":"WebPage","@id":"https:\/\/conversesacatalunya.cat\/es\/el-trasfondo-cultural-del-primer-ciclo-bursatil-del-franquismo-11-las-letras-intelectuales-vi\/","url":"https:\/\/conversesacatalunya.cat\/es\/el-trasfondo-cultural-del-primer-ciclo-bursatil-del-franquismo-11-las-letras-intelectuales-vi\/","name":"El trasfondo cultural del primer ciclo burs\u00e1til del franquismo (11). Las Letras. Intelectuales (VI) - Converses a Catalunya","isPartOf":{"@id":"https:\/\/conversesacatalunya.cat\/#website"},"primaryImageOfPage":{"@id":"https:\/\/conversesacatalunya.cat\/es\/el-trasfondo-cultural-del-primer-ciclo-bursatil-del-franquismo-11-las-letras-intelectuales-vi\/#primaryimage"},"image":{"@id":"https:\/\/conversesacatalunya.cat\/es\/el-trasfondo-cultural-del-primer-ciclo-bursatil-del-franquismo-11-las-letras-intelectuales-vi\/#primaryimage"},"thumbnailUrl":"https:\/\/conversesacatalunya.cat\/wp-content\/uploads\/2024\/10\/Dors.jpg","datePublished":"2024-10-30T09:05:11+00:00","dateModified":"2024-10-30T10:25:33+00:00","author":{"@id":"https:\/\/conversesacatalunya.cat\/#\/schema\/person\/d1a98659327f7a7a4254b63c8828486b"},"description":"De Eugenio d\u2019Ors se ha dicho que era \u201cel mayor ego de la historia de Espa\u00f1a, el primer fascista y muy fascista, el pope de los falangistas\u201d","breadcrumb":{"@id":"https:\/\/conversesacatalunya.cat\/es\/el-trasfondo-cultural-del-primer-ciclo-bursatil-del-franquismo-11-las-letras-intelectuales-vi\/#breadcrumb"},"inLanguage":"es","potentialAction":[{"@type":"ReadAction","target":["https:\/\/conversesacatalunya.cat\/es\/el-trasfondo-cultural-del-primer-ciclo-bursatil-del-franquismo-11-las-letras-intelectuales-vi\/"]}]},{"@type":"ImageObject","inLanguage":"es","@id":"https:\/\/conversesacatalunya.cat\/es\/el-trasfondo-cultural-del-primer-ciclo-bursatil-del-franquismo-11-las-letras-intelectuales-vi\/#primaryimage","url":"https:\/\/conversesacatalunya.cat\/wp-content\/uploads\/2024\/10\/Dors.jpg","contentUrl":"https:\/\/conversesacatalunya.cat\/wp-content\/uploads\/2024\/10\/Dors.jpg","width":300,"height":205,"caption":"Eugenio d'Ors"},{"@type":"BreadcrumbList","@id":"https:\/\/conversesacatalunya.cat\/es\/el-trasfondo-cultural-del-primer-ciclo-bursatil-del-franquismo-11-las-letras-intelectuales-vi\/#breadcrumb","itemListElement":[{"@type":"ListItem","position":1,"name":"Inici","item":"https:\/\/conversesacatalunya.cat\/es\/"},{"@type":"ListItem","position":2,"name":"El trasfondo cultural del primer ciclo burs\u00e1til del franquismo (11). Las Letras. Intelectuales (VI)"}]},{"@type":"WebSite","@id":"https:\/\/conversesacatalunya.cat\/#website","url":"https:\/\/conversesacatalunya.cat\/","name":"Converses a Catalunya","description":"","potentialAction":[{"@type":"SearchAction","target":{"@type":"EntryPoint","urlTemplate":"https:\/\/conversesacatalunya.cat\/?s={search_term_string}"},"query-input":{"@type":"PropertyValueSpecification","valueRequired":true,"valueName":"search_term_string"}}],"inLanguage":"es"},{"@type":"Person","@id":"https:\/\/conversesacatalunya.cat\/#\/schema\/person\/d1a98659327f7a7a4254b63c8828486b","name":"Joan Hortal\u00e0 i Arau","image":{"@type":"ImageObject","inLanguage":"es","@id":"https:\/\/conversesacatalunya.cat\/#\/schema\/person\/image\/","url":"https:\/\/conversesacatalunya.cat\/wp-content\/litespeed\/avatar\/2d63b18d9ae06677345f920e73d8d4f0.jpg?ver=1776938333","contentUrl":"https:\/\/conversesacatalunya.cat\/wp-content\/litespeed\/avatar\/2d63b18d9ae06677345f920e73d8d4f0.jpg?ver=1776938333","caption":"Joan Hortal\u00e0 i Arau"},"url":"https:\/\/conversesacatalunya.cat\/es\/author\/joan-hortala-i-arau\/"}]}},"wps_subtitle":"\u00abFamilias del franquismo\u00bb: familia falangista. Junto al grupo de Burgos, sobresalen otros intelectuales falangistas, con mayor o menor vinculaci\u00f3n.","_links":{"self":[{"href":"https:\/\/conversesacatalunya.cat\/es\/wp-json\/wp\/v2\/posts\/82965","targetHints":{"allow":["GET"]}}],"collection":[{"href":"https:\/\/conversesacatalunya.cat\/es\/wp-json\/wp\/v2\/posts"}],"about":[{"href":"https:\/\/conversesacatalunya.cat\/es\/wp-json\/wp\/v2\/types\/post"}],"author":[{"embeddable":true,"href":"https:\/\/conversesacatalunya.cat\/es\/wp-json\/wp\/v2\/users\/85"}],"replies":[{"embeddable":true,"href":"https:\/\/conversesacatalunya.cat\/es\/wp-json\/wp\/v2\/comments?post=82965"}],"version-history":[{"count":14,"href":"https:\/\/conversesacatalunya.cat\/es\/wp-json\/wp\/v2\/posts\/82965\/revisions"}],"predecessor-version":[{"id":83000,"href":"https:\/\/conversesacatalunya.cat\/es\/wp-json\/wp\/v2\/posts\/82965\/revisions\/83000"}],"wp:featuredmedia":[{"embeddable":true,"href":"https:\/\/conversesacatalunya.cat\/es\/wp-json\/wp\/v2\/media\/82981"}],"wp:attachment":[{"href":"https:\/\/conversesacatalunya.cat\/es\/wp-json\/wp\/v2\/media?parent=82965"}],"wp:term":[{"taxonomy":"category","embeddable":true,"href":"https:\/\/conversesacatalunya.cat\/es\/wp-json\/wp\/v2\/categories?post=82965"},{"taxonomy":"post_tag","embeddable":true,"href":"https:\/\/conversesacatalunya.cat\/es\/wp-json\/wp\/v2\/tags?post=82965"}],"curies":[{"name":"wp","href":"https:\/\/api.w.org\/{rel}","templated":true}]}}