{"id":82849,"date":"2024-10-24T11:31:07","date_gmt":"2024-10-24T09:31:07","guid":{"rendered":"https:\/\/conversesacatalunya.cat\/canvi-climatic-cal-tornar-a-situar-lagricultura-al-centre-del-nostre-interes\/"},"modified":"2024-10-24T15:06:00","modified_gmt":"2024-10-24T13:06:00","slug":"cambio-climatico-es-necesario-volver-a-situar-la-agricultura-en-el-centro-de-nuestro-interes","status":"publish","type":"post","link":"https:\/\/conversesacatalunya.cat\/es\/cambio-climatico-es-necesario-volver-a-situar-la-agricultura-en-el-centro-de-nuestro-interes\/","title":{"rendered":"Cambio clim\u00e1tico: es necesario volver a situar la agricultura en el centro de nuestro inter\u00e9s"},"content":{"rendered":"<p><span>Aunque es uno de los grandes gastos del presupuesto de la Uni\u00f3n Europea, la agricultura siempre est\u00e1 fuera del foco pol\u00edtico y medi\u00e1tico, excepto cuando los campesinos salen ocasionalmente a la carretera. Esta falta de atenci\u00f3n, muy grande en Catalu\u00f1a, significativa en Espa\u00f1a, excepto en las grandes regiones agrarias como Andaluc\u00eda, tiene su explicaci\u00f3n: emplea a muy pocas personas directamente. Luego, si observamos la cadena total de valor, resulta otra cosa. Es el caso, ganadero, no agr\u00edcola, del\u00a0<\/span><strong><span>porcino<\/span><\/strong><span>. En Catalu\u00f1a, el valor de su producci\u00f3n total final con toda su transformaci\u00f3n industrial es similar, si no superior, a todo el sector del autom\u00f3vil.<\/span><\/p>\n<p><span>A esta dimensi\u00f3n real de la importancia del sector primario, cabe a\u00f1adir ahora otra dimensi\u00f3n: la capacidad de producir alimentos, y lo que llamamos \u201cseguridad alimentaria\u201d ser\u00e1 cada d\u00eda m\u00e1s decisivo debido al cambio clim\u00e1tico y las modificaciones que se producir\u00e1n entre ahora y 2050. La pol\u00edtica y la sociedad deber\u00edan ser conscientes de lo que se nos viene encima.<\/span><\/p>\n<p><span>A partir de las referencias de\u00a0<\/span><em><b><a href=\"https:\/\/ourworldindata.org\/will-climate-change-affect-crop-yields-future?utm_source%3DOWID%2BNewsletter%26utm_campaign%3Df5240323ea-RSS_EMAIL_CAMPAIGN%26utm_medium%3Demail%26utm_term%3D0_2e166c1fc1-f5240323ea-536858162\" target=\"_blank\" rel=\"noopener\"><span>World in Data<\/span><\/a><\/b><\/em><span>\u00a0sobre c\u00f3mo afectar\u00e1 el cambio clim\u00e1tico a los rendimientos de los cultivos en el futuro, nos es posible observar el escenario m\u00e1s probable:<\/span><\/p>\n<p><span>El cambio clim\u00e1tico impactar\u00e1 de forma desigual en la producci\u00f3n de alimentos, dependiendo del tipo de cultivo, las condiciones clim\u00e1ticas de cada regi\u00f3n y la capacidad de adaptaci\u00f3n. Factores como la\u00a0<\/span><b><span>fertilizaci\u00f3n con carbono<\/span><\/b><span>, el\u00a0<\/span><b><span>aumento de las temperaturas<\/span><\/b><span>\u00a0y la\u00a0<\/span><b><span>disponibilidad de agua<\/span><\/b><span>\u00a0ser\u00e1n claves para entender c\u00f3mo se ver\u00e1n afectados los rendimientos agr\u00edcolas.<\/span><\/p>\n<p><span>Los cultivos \u201cC3\u201d, como el trigo y el arroz, podr\u00edan beneficiarse del aumento del di\u00f3xido de carbono (CO\u2082) en la atm\u00f3sfera, lo que se conoce como \u201cfertilizaci\u00f3n con carbono\u201d, que mejora la fotos\u00edntesis y el crecimiento en estas plantas. Por otro lado, los cultivos C4, como el ma\u00edz, el sorgo y el mijo, se benefician menos de este efecto, excepto en condiciones de sequ\u00eda, debido a las diferencias en sus mecanismos fotosint\u00e9ticos. \u00c9ste podr\u00eda ser el resumen y la consideraci\u00f3n b\u00e1sica.<\/span><\/p>\n<p><span>El\u00a0<\/span><strong><span>impacto del aumento de las temperaturas<\/span><\/strong><span>\u00a0ser\u00e1 tambi\u00e9n desigual seg\u00fan la regi\u00f3n. En climas templados, donde las temperaturas actuales est\u00e1n por debajo de lo \u00f3ptimo para muchos cultivos, un calentamiento moderado podr\u00eda aumentar los rendimientos medios. Por ejemplo, en regiones como el norte de Europa o partes de Canad\u00e1 y Rusia, podr\u00eda verse un incremento en la productividad agr\u00edcola gracias a las condiciones m\u00e1s c\u00e1lidas, que alargar\u00edan la temporada de cultivo. Sin embargo, en los tr\u00f3picos y subtr\u00f3picos, donde las temperaturas ya est\u00e1n cerca o por encima del rango \u00f3ptimo para el crecimiento de muchos cultivos, un mayor calentamiento reducir\u00e1 los rendimientos. El ma\u00edz, que se cultiva ampliamente en estas regiones, es especialmente vulnerable, ya que el estr\u00e9s t\u00e9rmico puede afectar negativamente al llenado de los granos y disminuir la productividad.<\/span><\/p>\n<p><span>Catalu\u00f1a, de clima mediterr\u00e1neo, ocupa una situaci\u00f3n intermedia. Por tanto, por un lado los efectos de la temperatura, seg\u00fan el cultivo, ser\u00e1n m\u00e1s o menos moderados, pero tenemos el grave problema del agua: nuestro secano ser\u00e1, en parte ya lo es, inviable, y eso, por ejemplo , afecta mucho al trigo, que precisamente es uno de los te\u00f3ricos beneficiados, mientras que el regad\u00edo puede sufrir como ha sucedido en las tierras de Lleida y en los regad\u00edos del Ter con la sequ\u00eda.<\/span><\/p>\n<p><span>En Europa, especialmente en la regi\u00f3n mediterr\u00e1nea, el cambio clim\u00e1tico podr\u00eda tener un impacto significativo en los cultivos. Las temperaturas m\u00e1s altas y la disminuci\u00f3n de la disponibilidad de agua afectar\u00e1n principalmente a los cultivos que requieren riego constante, como algunas hortalizas y \u00e1rboles frutales. En el sur de Europa y en la regi\u00f3n mediterr\u00e1nea, las oleadas de calor m\u00e1s frecuentes y la menor precipitaci\u00f3n podr\u00edan reducir considerablemente los rendimientos de cultivos como el olivo y el vi\u00f1edo. Adem\u00e1s, el ma\u00edz podr\u00eda experimentar una disminuci\u00f3n de hasta el 9% para 2050 si no se tienen en cuenta los efectos positivos del CO\u2082. Con la fertilizaci\u00f3n por carbono, los rendimientos de trigo en estas regiones podr\u00edan aumentar en un 4%, lo que muestra la importancia de los distintos factores que interact\u00faan en el impacto final del cambio clim\u00e1tico.<\/span><\/p>\n<p><span>La\u00a0<\/span><strong><span>disponibilidad de agua<\/span><\/strong><span>\u00a0es otro factor cr\u00edtico que se ver\u00e1 afectado por el cambio clim\u00e1tico. Los rendimientos disminuyen significativamente bajo estr\u00e9s h\u00eddrico y el cambio clim\u00e1tico podr\u00eda aumentar tanto la frecuencia como la intensidad de las sequ\u00edas y las inundaciones. Las sequ\u00edas prolongadas reducir\u00e1n la disponibilidad de agua para regad\u00edo, especialmente en regiones \u00e1ridas y semi\u00e1ridas, como la regi\u00f3n mediterr\u00e1nea, mientras que las inundaciones y los anegamientos tambi\u00e9n pueden da\u00f1ar las plantas y reducir los rendimientos. La variabilidad en los patrones de precipitaci\u00f3n afectar\u00e1 a cultivos de todo el mundo, haciendo que la productividad agr\u00edcola sea m\u00e1s impredecible. Los agricultores que dependan de lluvias estacionales, especialmente en pa\u00edses en desarrollo, ser\u00e1n los m\u00e1s afectados por estos extremos.<\/span><\/p>\n<p><b><span>El impacto final en el rendimiento de los cultivos ser\u00e1 una combinaci\u00f3n de todos estos factores<\/span><\/b><span>, que pueden compensarse o potenciarse entre s\u00ed. Por ejemplo, aunque el aumento de CO\u2082 podr\u00eda beneficiar a algunos cultivos, las altas temperaturas o la falta de agua podr\u00edan contrarrestar estos beneficios. Esta complejidad es la raz\u00f3n por la que los titulares sobre el cambio clim\u00e1tico y la agricultura a menudo presentan visiones opuestas: algunos afirman que el aumento de CO\u2082 y el calentamiento global son beneficiosos para la agricultura, mientras que otros advierten sobre una posible crisis agr\u00edcola global. La realidad es m\u00e1s matizada: algunos cultivos y regiones podr\u00edan beneficiarse, mientras que otros afrontar\u00e1n graves dificultades.<\/span><\/p>\n<p><span>En cuanto a\u00a0<\/span><strong><span>cultivos espec\u00edficos<\/span><\/strong><span>, estudios recientes muestran que el ma\u00edz, que se cultiva principalmente en regiones c\u00e1lidas, podr\u00eda experimentar una disminuci\u00f3n significativa en los rendimientos en escenarios de calentamiento extremo. En el escenario m\u00e1s pesimista de calentamiento, conocido como \u201cRCP8.5\u201d, se espera que los rendimientos globales de ma\u00edz disminuyan hasta en un 24%. Incluso en escenarios de menor calentamiento, se proyecta una disminuci\u00f3n del 6%. Esto afecta especialmente a regiones como Am\u00e9rica del Sur, \u00c1frica subsahariana y el sur de Asia, donde el ma\u00edz es un cultivo b\u00e1sico fundamental. Por el contrario, el trigo podr\u00eda beneficiarse del cambio clim\u00e1tico, con aumentos proyectados en los rendimientos debidos tanto a la fertilizaci\u00f3n con carbono como a temperaturas m\u00e1s favorables en ciertas regiones. En el escenario de calentamiento m\u00e1s extremo, se espera que los rendimientos de trigo aumenten hasta en un 18%.<\/span><\/p>\n<p><span>El arroz y la soja muestran impactos m\u00e1s moderados. Las temperaturas m\u00e1s altas tienden a tener un impacto negativo en los rendimientos de estos cultivos, pero este efecto se compensa en gran medida con los beneficios de la fertilizaci\u00f3n en carbono. Los estudios indican que los rendimientos de arroz en pa\u00edses como China, India y Bangladesh podr\u00edan experimentar peque\u00f1os aumentos de entre el 0% y el 10%, dependiendo de la magnitud del calentamiento y de la adaptaci\u00f3n de las pr\u00e1cticas agr\u00edcolas.<\/span><\/p>\n<p><span>Las diferencias regionales en el impacto del cambio clim\u00e1tico ser\u00e1n notables. Por lo general, los pa\u00edses de latitudes altas o templadas, como Canad\u00e1, Rusia y partes de Europa, podr\u00edan experimentar menos impactos adversos e incluso aumentos en los rendimientos de ciertos cultivos. En el caso de Europa, los pa\u00edses del norte podr\u00edan ver un aumento en la productividad gracias al calentamiento, mientras que los pa\u00edses del sur,\u00a0<\/span><b><span>particularmente la regi\u00f3n mediterr\u00e1nea, se enfrentan a mayores riesgos debido a la escasez de agua y el aumento de las temperaturas extremas<\/span><\/b><span>. Por otra parte, los agricultores en los tr\u00f3picos y subtr\u00f3picos, como en \u00c1frica, Am\u00e9rica Latina y el sur de Asia, sufrir\u00e1n las mayores disminuciones en los rendimientos debido al aumento de las temperaturas y la menor capacidad de adaptaci\u00f3n. Adem\u00e1s, estos pa\u00edses suelen tener menos recursos para implementar medidas de adaptaci\u00f3n, lo que agrava el problema de la inseguridad alimentaria.<\/span><\/p>\n<p><b><span>Los acontecimientos extremos, como oleadas de calor, sequ\u00edas e inundaciones<\/span><\/b><span>, plantean riesgos adicionales que podr\u00edan desestabilizar los sistemas alimentarios en el futuro. Las proyecciones indican que estos eventos ser\u00e1n m\u00e1s frecuentes e intensos,\u00a0<\/span><b><span>lo que aumentar\u00e1 la volatilidad en la producci\u00f3n agr\u00edcola y en los precios de los alimentos<\/span><\/b><span>. Esto afectar\u00e1 especialmente a las comunidades m\u00e1s vulnerables, que dependen de la agricultura para su subsistencia y ya enfrentan problemas de pobreza y falta de acceso a recursos. Todo esto tiene un impacto estrat\u00e9gico en dos sectores claves para Catalu\u00f1a: la fruta dulce y la ganader\u00eda, porque adem\u00e1s de otras restricciones, una parte importante de los productos dedicados a su alimentaci\u00f3n, procedentes del mercado internacional, tender\u00e1n a subir de precio y a ser m\u00e1s vol\u00e1tiles, de manera especial el ma\u00edz.<\/span><\/p>\n<p><span>El impacto del cambio clim\u00e1tico en la producci\u00f3n de alimentos\u00a0<\/span><b><span>depender\u00e1 de una compleja interacci\u00f3n de factores como el tipo de cultivo, la regi\u00f3n, las emisiones de CO2 y la capacidad de adaptaci\u00f3n de los sistemas agr\u00edcolas<\/span><\/b><span>. Y ah\u00ed est\u00e1 el gran agujero negro de la pol\u00edtica agraria catalana, marcada por la inacci\u00f3n y la falta de pol\u00edticas efectivas a largo plazo. Mientras la Generalitat siga confundiendo la pol\u00edtica agraria con una gestor\u00eda de las ayudas de la UE, salpimentada por apuntes ideol\u00f3gicos progresistas, el futuro pinta negro.<\/span><\/p>\n<p><span>Es evidente que algunas regiones podr\u00edan beneficiarse de un clima m\u00e1s c\u00e1lido y de la fertilizaci\u00f3n con carbono, mientras que otras como el caso de Catalunya afrontar\u00e1n desaf\u00edos significativos que podr\u00edan poner en riesgo la seguridad alimentaria. La clave para mitigar estos efectos negativos\u00a0<\/span><b><span>ser\u00e1 invertir en medidas de adaptaci\u00f3n<\/span><\/b><span>, como el desarrollo de cultivos m\u00e1s resistentes al calor y la sequ\u00eda, y mejorar las pr\u00e1cticas agr\u00edcolas para cerrar las brechas de rendimiento existentes.<\/span><\/p>\n<div id=\"polls-259\" class=\"wp-polls\">\n\t<form id=\"polls_form_259\" class=\"wp-polls-form\" action=\"\/index.php\" method=\"post\">\n\t\t<p style=\"display: none;\"><input type=\"hidden\" id=\"poll_259_nonce\" name=\"wp-polls-nonce\" value=\"241a7ebf1a\" \/><\/p>\n\t\t<p style=\"display: none;\"><input type=\"hidden\" name=\"poll_id\" value=\"259\" \/><\/p>\n\t\t<p style=\"text-align: center\"><strong>\u00c9s responsable el ministre \u00d3scar Puente del p\u00e8ssim funcionament dels ferrocarrils?<\/strong><\/p><div id=\"polls-259-ans\" class=\"wp-polls-ans\"><ul class=\"wp-polls-ul\">\n\t\t<li><input type=\"radio\" id=\"poll-answer-729\" name=\"poll_259\" value=\"729\" \/> <label for=\"poll-answer-729\">S\u00ed<\/label><\/li>\n\t\t<li><input type=\"radio\" id=\"poll-answer-730\" name=\"poll_259\" value=\"730\" \/> <label for=\"poll-answer-730\">No<\/label><\/li>\n\t\t<li><input type=\"radio\" id=\"poll-answer-731\" name=\"poll_259\" value=\"731\" \/> <label for=\"poll-answer-731\">No ho s\u00e9<\/label><\/li>\n\t\t<\/ul><p style=\"text-align: center\"><input type=\"button\" name=\"vote\" value=\"   Vota   \" class=\"Buttons\" onclick=\"poll_vote(259);\" \/><\/p><p style=\"text-align: center\"><a href=\"#ViewPollResults\" onclick=\"poll_result(259); return false;\" title=\"View Results Of This Poll\">Mira els resultats<\/a><\/p><\/div>\n\t<\/form>\n<\/div>\n<div id=\"polls-259-loading\" class=\"wp-polls-loading\"><img decoding=\"async\" data-src=\"https:\/\/conversesacatalunya.cat\/wp-content\/plugins\/wp-polls\/images\/loading.gif\" width=\"16\" height=\"16\" alt=\"Cargando ...\" title=\"Cargando ...\" class=\"wp-polls-image lazyload\" src=\"data:image\/svg+xml;base64,PHN2ZyB3aWR0aD0iMSIgaGVpZ2h0PSIxIiB4bWxucz0iaHR0cDovL3d3dy53My5vcmcvMjAwMC9zdmciPjwvc3ZnPg==\" style=\"--smush-placeholder-width: 16px; --smush-placeholder-aspect-ratio: 16\/16;\" \/>&nbsp;Cargando ...<\/div>\n\n","protected":false},"excerpt":{"rendered":"<p>Aunque es uno de los grandes gastos del presupuesto de la Uni\u00f3n Europea, la agricultura siempre est\u00e1 fuera del foco pol\u00edtico y medi\u00e1tico, excepto cuando los campesinos salen ocasionalmente a la carretera. Esta falta de atenci\u00f3n, muy grande en Catalu\u00f1a, significativa en Espa\u00f1a, excepto en las grandes regiones agrarias como Andaluc\u00eda, tiene su explicaci\u00f3n: emplea a muy pocas personas directamente. Luego, si observamos la cadena total de valor, resulta otra cosa. Es el caso, ganadero, no agr\u00edcola, del\u00a0porcino. En Catalu\u00f1a, el valor de su producci\u00f3n total final con toda su transformaci\u00f3n industrial es similar, si no superior, a todo el sector del autom\u00f3vil. A esta dimensi\u00f3n real de la importancia del sector primario, cabe a\u00f1adir ahora otra dimensi\u00f3n: la capacidad de producir alimentos, y lo que llamamos \u201cseguridad alimentaria\u201d ser\u00e1 cada d\u00eda m\u00e1s decisivo debido al cambio clim\u00e1tico y las modificaciones que se producir\u00e1n entre ahora y 2050. La pol\u00edtica y la sociedad deber\u00edan ser conscientes de lo que se nos viene encima. A partir de las referencias de\u00a0World in Data\u00a0sobre c\u00f3mo afectar\u00e1 el cambio clim\u00e1tico a los rendimientos de los cultivos en el futuro, nos es posible observar el escenario m\u00e1s probable: El cambio clim\u00e1tico impactar\u00e1 de forma desigual en la producci\u00f3n de alimentos, dependiendo del tipo de cultivo, las condiciones clim\u00e1ticas de cada regi\u00f3n y la capacidad de adaptaci\u00f3n. Factores como la\u00a0fertilizaci\u00f3n con carbono, el\u00a0aumento de las temperaturas\u00a0y la\u00a0disponibilidad de agua\u00a0ser\u00e1n claves para entender c\u00f3mo se ver\u00e1n afectados los rendimientos agr\u00edcolas. Los cultivos \u201cC3\u201d, como el trigo y el arroz, podr\u00edan beneficiarse del aumento del di\u00f3xido de carbono (CO\u2082) en la atm\u00f3sfera, lo que se conoce como \u201cfertilizaci\u00f3n con carbono\u201d, que mejora la fotos\u00edntesis y el crecimiento en estas plantas. Por otro lado, los cultivos C4, como el ma\u00edz, el sorgo y el mijo, se benefician menos de este efecto, excepto en condiciones de sequ\u00eda, debido a las diferencias en sus mecanismos fotosint\u00e9ticos. \u00c9ste podr\u00eda ser el resumen y la consideraci\u00f3n b\u00e1sica. El\u00a0impacto del aumento de las temperaturas\u00a0ser\u00e1 tambi\u00e9n desigual seg\u00fan la regi\u00f3n. En climas templados, donde las temperaturas actuales est\u00e1n por debajo de lo \u00f3ptimo para muchos cultivos, un calentamiento moderado podr\u00eda aumentar los rendimientos medios. Por ejemplo, en regiones como el norte de Europa o partes de Canad\u00e1 y Rusia, podr\u00eda verse un incremento en la productividad agr\u00edcola gracias a las condiciones m\u00e1s c\u00e1lidas, que alargar\u00edan la temporada de cultivo. Sin embargo, en los tr\u00f3picos y subtr\u00f3picos, donde las temperaturas ya est\u00e1n cerca o por encima del rango \u00f3ptimo para el crecimiento de muchos cultivos, un mayor calentamiento reducir\u00e1 los rendimientos. El ma\u00edz, que se cultiva ampliamente en estas regiones, es especialmente vulnerable, ya que el estr\u00e9s t\u00e9rmico puede afectar negativamente al llenado de los granos y disminuir la productividad. Catalu\u00f1a, de clima mediterr\u00e1neo, ocupa una situaci\u00f3n intermedia. Por tanto, por un lado los efectos de la temperatura, seg\u00fan el cultivo, ser\u00e1n m\u00e1s o menos moderados, pero tenemos el grave problema del agua: nuestro secano ser\u00e1, en parte ya lo es, inviable, y eso, por ejemplo , afecta mucho al trigo, que precisamente es uno de los te\u00f3ricos beneficiados, mientras que el regad\u00edo puede sufrir como ha sucedido en las tierras de Lleida y en los regad\u00edos del Ter con la sequ\u00eda. En Europa, especialmente en la regi\u00f3n mediterr\u00e1nea, el cambio clim\u00e1tico podr\u00eda tener un impacto significativo en los cultivos. Las temperaturas m\u00e1s altas y la disminuci\u00f3n de la disponibilidad de agua afectar\u00e1n principalmente a los cultivos que requieren riego constante, como algunas hortalizas y \u00e1rboles frutales. En el sur de Europa y en la regi\u00f3n mediterr\u00e1nea, las oleadas de calor m\u00e1s frecuentes y la menor precipitaci\u00f3n podr\u00edan reducir considerablemente los rendimientos de cultivos como el olivo y el vi\u00f1edo. Adem\u00e1s, el ma\u00edz podr\u00eda experimentar una disminuci\u00f3n de hasta el 9% para 2050 si no se tienen en cuenta los efectos positivos del CO\u2082. Con la fertilizaci\u00f3n por carbono, los rendimientos de trigo en estas regiones podr\u00edan aumentar en un 4%, lo que muestra la importancia de los distintos factores que interact\u00faan en el impacto final del cambio clim\u00e1tico. La\u00a0disponibilidad de agua\u00a0es otro factor cr\u00edtico que se ver\u00e1 afectado por el cambio clim\u00e1tico. Los rendimientos disminuyen significativamente bajo estr\u00e9s h\u00eddrico y el cambio clim\u00e1tico podr\u00eda aumentar tanto la frecuencia como la intensidad de las sequ\u00edas y las inundaciones. Las sequ\u00edas prolongadas reducir\u00e1n la disponibilidad de agua para regad\u00edo, especialmente en regiones \u00e1ridas y semi\u00e1ridas, como la regi\u00f3n mediterr\u00e1nea, mientras que las inundaciones y los anegamientos tambi\u00e9n pueden da\u00f1ar las plantas y reducir los rendimientos. La variabilidad en los patrones de precipitaci\u00f3n afectar\u00e1 a cultivos de todo el mundo, haciendo que la productividad agr\u00edcola sea m\u00e1s impredecible. Los agricultores que dependan de lluvias estacionales, especialmente en pa\u00edses en desarrollo, ser\u00e1n los m\u00e1s afectados por estos extremos. El impacto final en el rendimiento de los cultivos ser\u00e1 una combinaci\u00f3n de todos estos factores, que pueden compensarse o potenciarse entre s\u00ed. Por ejemplo, aunque el aumento de CO\u2082 podr\u00eda beneficiar a algunos cultivos, las altas temperaturas o la falta de agua podr\u00edan contrarrestar estos beneficios. Esta complejidad es la raz\u00f3n por la que los titulares sobre el cambio clim\u00e1tico y la agricultura a menudo presentan visiones opuestas: algunos afirman que el aumento de CO\u2082 y el calentamiento global son beneficiosos para la agricultura, mientras que otros advierten sobre una posible crisis agr\u00edcola global. La realidad es m\u00e1s matizada: algunos cultivos y regiones podr\u00edan beneficiarse, mientras que otros afrontar\u00e1n graves dificultades. En cuanto a\u00a0cultivos espec\u00edficos, estudios recientes muestran que el ma\u00edz, que se cultiva principalmente en regiones c\u00e1lidas, podr\u00eda experimentar una disminuci\u00f3n significativa en los rendimientos en escenarios de calentamiento extremo. En el escenario m\u00e1s pesimista de calentamiento, conocido como \u201cRCP8.5\u201d, se espera que los rendimientos globales de ma\u00edz disminuyan hasta en un 24%. Incluso en escenarios de menor calentamiento, se proyecta una disminuci\u00f3n del 6%. Esto afecta especialmente a regiones como Am\u00e9rica del Sur, \u00c1frica subsahariana y el sur de Asia, donde el ma\u00edz es un cultivo b\u00e1sico fundamental. Por el contrario, el trigo podr\u00eda beneficiarse del cambio&#8230;<\/p>\n","protected":false},"author":19,"featured_media":82838,"comment_status":"open","ping_status":"open","sticky":false,"template":"","format":"standard","meta":{"_FSMCFIC_featured_image_caption":"","_FSMCFIC_featured_image_nocaption":"","_FSMCFIC_featured_image_hide":"","footnotes":""},"categories":[806],"tags":[1731,1267],"class_list":["post-82849","post","type-post","status-publish","format-standard","has-post-thumbnail","hentry","category-punts-claus-del-dia-es","tag-agricultura-es","tag-cambio-climatico"],"yoast_head":"<!-- This site is optimized with the Yoast SEO plugin v26.8 - https:\/\/yoast.com\/product\/yoast-seo-wordpress\/ -->\n<title>Cambio clim\u00e1tico: es necesario volver a situar la agricultura en el centro de nuestro inter\u00e9s - Converses a Catalunya<\/title>\n<meta name=\"robots\" content=\"index, follow, max-snippet:-1, max-image-preview:large, max-video-preview:-1\" \/>\n<link rel=\"canonical\" href=\"https:\/\/conversesacatalunya.cat\/es\/cambio-climatico-es-necesario-volver-a-situar-la-agricultura-en-el-centro-de-nuestro-interes\/\" \/>\n<meta property=\"og:locale\" content=\"es_ES\" \/>\n<meta property=\"og:type\" content=\"article\" \/>\n<meta property=\"og:title\" content=\"Cambio clim\u00e1tico: es necesario volver a situar la agricultura en el centro de nuestro inter\u00e9s - Converses a Catalunya\" \/>\n<meta property=\"og:description\" content=\"Aunque es uno de los grandes gastos del presupuesto de la Uni\u00f3n Europea, la agricultura siempre est\u00e1 fuera del foco pol\u00edtico y medi\u00e1tico, excepto cuando los campesinos salen ocasionalmente a la carretera. Esta falta de atenci\u00f3n, muy grande en Catalu\u00f1a, significativa en Espa\u00f1a, excepto en las grandes regiones agrarias como Andaluc\u00eda, tiene su explicaci\u00f3n: emplea a muy pocas personas directamente. Luego, si observamos la cadena total de valor, resulta otra cosa. Es el caso, ganadero, no agr\u00edcola, del\u00a0porcino. En Catalu\u00f1a, el valor de su producci\u00f3n total final con toda su transformaci\u00f3n industrial es similar, si no superior, a todo el sector del autom\u00f3vil. A esta dimensi\u00f3n real de la importancia del sector primario, cabe a\u00f1adir ahora otra dimensi\u00f3n: la capacidad de producir alimentos, y lo que llamamos \u201cseguridad alimentaria\u201d ser\u00e1 cada d\u00eda m\u00e1s decisivo debido al cambio clim\u00e1tico y las modificaciones que se producir\u00e1n entre ahora y 2050. La pol\u00edtica y la sociedad deber\u00edan ser conscientes de lo que se nos viene encima. A partir de las referencias de\u00a0World in Data\u00a0sobre c\u00f3mo afectar\u00e1 el cambio clim\u00e1tico a los rendimientos de los cultivos en el futuro, nos es posible observar el escenario m\u00e1s probable: El cambio clim\u00e1tico impactar\u00e1 de forma desigual en la producci\u00f3n de alimentos, dependiendo del tipo de cultivo, las condiciones clim\u00e1ticas de cada regi\u00f3n y la capacidad de adaptaci\u00f3n. Factores como la\u00a0fertilizaci\u00f3n con carbono, el\u00a0aumento de las temperaturas\u00a0y la\u00a0disponibilidad de agua\u00a0ser\u00e1n claves para entender c\u00f3mo se ver\u00e1n afectados los rendimientos agr\u00edcolas. Los cultivos \u201cC3\u201d, como el trigo y el arroz, podr\u00edan beneficiarse del aumento del di\u00f3xido de carbono (CO\u2082) en la atm\u00f3sfera, lo que se conoce como \u201cfertilizaci\u00f3n con carbono\u201d, que mejora la fotos\u00edntesis y el crecimiento en estas plantas. Por otro lado, los cultivos C4, como el ma\u00edz, el sorgo y el mijo, se benefician menos de este efecto, excepto en condiciones de sequ\u00eda, debido a las diferencias en sus mecanismos fotosint\u00e9ticos. \u00c9ste podr\u00eda ser el resumen y la consideraci\u00f3n b\u00e1sica. El\u00a0impacto del aumento de las temperaturas\u00a0ser\u00e1 tambi\u00e9n desigual seg\u00fan la regi\u00f3n. En climas templados, donde las temperaturas actuales est\u00e1n por debajo de lo \u00f3ptimo para muchos cultivos, un calentamiento moderado podr\u00eda aumentar los rendimientos medios. Por ejemplo, en regiones como el norte de Europa o partes de Canad\u00e1 y Rusia, podr\u00eda verse un incremento en la productividad agr\u00edcola gracias a las condiciones m\u00e1s c\u00e1lidas, que alargar\u00edan la temporada de cultivo. Sin embargo, en los tr\u00f3picos y subtr\u00f3picos, donde las temperaturas ya est\u00e1n cerca o por encima del rango \u00f3ptimo para el crecimiento de muchos cultivos, un mayor calentamiento reducir\u00e1 los rendimientos. El ma\u00edz, que se cultiva ampliamente en estas regiones, es especialmente vulnerable, ya que el estr\u00e9s t\u00e9rmico puede afectar negativamente al llenado de los granos y disminuir la productividad. Catalu\u00f1a, de clima mediterr\u00e1neo, ocupa una situaci\u00f3n intermedia. Por tanto, por un lado los efectos de la temperatura, seg\u00fan el cultivo, ser\u00e1n m\u00e1s o menos moderados, pero tenemos el grave problema del agua: nuestro secano ser\u00e1, en parte ya lo es, inviable, y eso, por ejemplo , afecta mucho al trigo, que precisamente es uno de los te\u00f3ricos beneficiados, mientras que el regad\u00edo puede sufrir como ha sucedido en las tierras de Lleida y en los regad\u00edos del Ter con la sequ\u00eda. En Europa, especialmente en la regi\u00f3n mediterr\u00e1nea, el cambio clim\u00e1tico podr\u00eda tener un impacto significativo en los cultivos. Las temperaturas m\u00e1s altas y la disminuci\u00f3n de la disponibilidad de agua afectar\u00e1n principalmente a los cultivos que requieren riego constante, como algunas hortalizas y \u00e1rboles frutales. En el sur de Europa y en la regi\u00f3n mediterr\u00e1nea, las oleadas de calor m\u00e1s frecuentes y la menor precipitaci\u00f3n podr\u00edan reducir considerablemente los rendimientos de cultivos como el olivo y el vi\u00f1edo. Adem\u00e1s, el ma\u00edz podr\u00eda experimentar una disminuci\u00f3n de hasta el 9% para 2050 si no se tienen en cuenta los efectos positivos del CO\u2082. Con la fertilizaci\u00f3n por carbono, los rendimientos de trigo en estas regiones podr\u00edan aumentar en un 4%, lo que muestra la importancia de los distintos factores que interact\u00faan en el impacto final del cambio clim\u00e1tico. La\u00a0disponibilidad de agua\u00a0es otro factor cr\u00edtico que se ver\u00e1 afectado por el cambio clim\u00e1tico. Los rendimientos disminuyen significativamente bajo estr\u00e9s h\u00eddrico y el cambio clim\u00e1tico podr\u00eda aumentar tanto la frecuencia como la intensidad de las sequ\u00edas y las inundaciones. Las sequ\u00edas prolongadas reducir\u00e1n la disponibilidad de agua para regad\u00edo, especialmente en regiones \u00e1ridas y semi\u00e1ridas, como la regi\u00f3n mediterr\u00e1nea, mientras que las inundaciones y los anegamientos tambi\u00e9n pueden da\u00f1ar las plantas y reducir los rendimientos. La variabilidad en los patrones de precipitaci\u00f3n afectar\u00e1 a cultivos de todo el mundo, haciendo que la productividad agr\u00edcola sea m\u00e1s impredecible. Los agricultores que dependan de lluvias estacionales, especialmente en pa\u00edses en desarrollo, ser\u00e1n los m\u00e1s afectados por estos extremos. El impacto final en el rendimiento de los cultivos ser\u00e1 una combinaci\u00f3n de todos estos factores, que pueden compensarse o potenciarse entre s\u00ed. Por ejemplo, aunque el aumento de CO\u2082 podr\u00eda beneficiar a algunos cultivos, las altas temperaturas o la falta de agua podr\u00edan contrarrestar estos beneficios. Esta complejidad es la raz\u00f3n por la que los titulares sobre el cambio clim\u00e1tico y la agricultura a menudo presentan visiones opuestas: algunos afirman que el aumento de CO\u2082 y el calentamiento global son beneficiosos para la agricultura, mientras que otros advierten sobre una posible crisis agr\u00edcola global. La realidad es m\u00e1s matizada: algunos cultivos y regiones podr\u00edan beneficiarse, mientras que otros afrontar\u00e1n graves dificultades. En cuanto a\u00a0cultivos espec\u00edficos, estudios recientes muestran que el ma\u00edz, que se cultiva principalmente en regiones c\u00e1lidas, podr\u00eda experimentar una disminuci\u00f3n significativa en los rendimientos en escenarios de calentamiento extremo. En el escenario m\u00e1s pesimista de calentamiento, conocido como \u201cRCP8.5\u201d, se espera que los rendimientos globales de ma\u00edz disminuyan hasta en un 24%. Incluso en escenarios de menor calentamiento, se proyecta una disminuci\u00f3n del 6%. Esto afecta especialmente a regiones como Am\u00e9rica del Sur, \u00c1frica subsahariana y el sur de Asia, donde el ma\u00edz es un cultivo b\u00e1sico fundamental. Por el contrario, el trigo podr\u00eda beneficiarse del cambio...\" \/>\n<meta property=\"og:url\" content=\"https:\/\/conversesacatalunya.cat\/es\/cambio-climatico-es-necesario-volver-a-situar-la-agricultura-en-el-centro-de-nuestro-interes\/\" \/>\n<meta property=\"og:site_name\" content=\"Converses a Catalunya\" \/>\n<meta property=\"article:published_time\" content=\"2024-10-24T09:31:07+00:00\" \/>\n<meta property=\"article:modified_time\" content=\"2024-10-24T13:06:00+00:00\" \/>\n<meta property=\"og:image\" content=\"https:\/\/conversesacatalunya.cat\/wp-content\/uploads\/2024\/10\/canvi-climatic1.jpg\" \/>\n\t<meta property=\"og:image:width\" content=\"1245\" \/>\n\t<meta property=\"og:image:height\" content=\"843\" \/>\n\t<meta property=\"og:image:type\" content=\"image\/jpeg\" \/>\n<meta name=\"author\" content=\"Josep Mir\u00f3 i Ard\u00e8vol\" \/>\n<meta name=\"twitter:card\" content=\"summary_large_image\" \/>\n<meta name=\"twitter:label1\" content=\"Escrito por\" \/>\n\t<meta name=\"twitter:data1\" content=\"Josep Mir\u00f3 i Ard\u00e8vol\" \/>\n\t<meta name=\"twitter:label2\" content=\"Tiempo de lectura\" \/>\n\t<meta name=\"twitter:data2\" content=\"9 minutos\" \/>\n<script type=\"application\/ld+json\" class=\"yoast-schema-graph\">{\"@context\":\"https:\/\/schema.org\",\"@graph\":[{\"@type\":\"Article\",\"@id\":\"https:\/\/conversesacatalunya.cat\/es\/cambio-climatico-es-necesario-volver-a-situar-la-agricultura-en-el-centro-de-nuestro-interes\/#article\",\"isPartOf\":{\"@id\":\"https:\/\/conversesacatalunya.cat\/es\/cambio-climatico-es-necesario-volver-a-situar-la-agricultura-en-el-centro-de-nuestro-interes\/\"},\"author\":{\"name\":\"Josep Mir\u00f3 i Ard\u00e8vol\",\"@id\":\"https:\/\/conversesacatalunya.cat\/#\/schema\/person\/a9598a6786ba7d3d1c5e0de477b79370\"},\"headline\":\"Cambio clim\u00e1tico: es necesario volver a situar la agricultura en el centro de nuestro inter\u00e9s\",\"datePublished\":\"2024-10-24T09:31:07+00:00\",\"dateModified\":\"2024-10-24T13:06:00+00:00\",\"mainEntityOfPage\":{\"@id\":\"https:\/\/conversesacatalunya.cat\/es\/cambio-climatico-es-necesario-volver-a-situar-la-agricultura-en-el-centro-de-nuestro-interes\/\"},\"wordCount\":1788,\"commentCount\":0,\"image\":{\"@id\":\"https:\/\/conversesacatalunya.cat\/es\/cambio-climatico-es-necesario-volver-a-situar-la-agricultura-en-el-centro-de-nuestro-interes\/#primaryimage\"},\"thumbnailUrl\":\"https:\/\/conversesacatalunya.cat\/wp-content\/uploads\/2024\/10\/canvi-climatic1.jpg\",\"keywords\":[\"Agricultura\",\"cambio clim\u00e1tico\"],\"articleSection\":[\"Punts clau del dia (ES)\"],\"inLanguage\":\"es\",\"potentialAction\":[{\"@type\":\"CommentAction\",\"name\":\"Comment\",\"target\":[\"https:\/\/conversesacatalunya.cat\/es\/cambio-climatico-es-necesario-volver-a-situar-la-agricultura-en-el-centro-de-nuestro-interes\/#respond\"]}]},{\"@type\":\"WebPage\",\"@id\":\"https:\/\/conversesacatalunya.cat\/es\/cambio-climatico-es-necesario-volver-a-situar-la-agricultura-en-el-centro-de-nuestro-interes\/\",\"url\":\"https:\/\/conversesacatalunya.cat\/es\/cambio-climatico-es-necesario-volver-a-situar-la-agricultura-en-el-centro-de-nuestro-interes\/\",\"name\":\"Cambio clim\u00e1tico: es necesario volver a situar la agricultura en el centro de nuestro inter\u00e9s - Converses a Catalunya\",\"isPartOf\":{\"@id\":\"https:\/\/conversesacatalunya.cat\/#website\"},\"primaryImageOfPage\":{\"@id\":\"https:\/\/conversesacatalunya.cat\/es\/cambio-climatico-es-necesario-volver-a-situar-la-agricultura-en-el-centro-de-nuestro-interes\/#primaryimage\"},\"image\":{\"@id\":\"https:\/\/conversesacatalunya.cat\/es\/cambio-climatico-es-necesario-volver-a-situar-la-agricultura-en-el-centro-de-nuestro-interes\/#primaryimage\"},\"thumbnailUrl\":\"https:\/\/conversesacatalunya.cat\/wp-content\/uploads\/2024\/10\/canvi-climatic1.jpg\",\"datePublished\":\"2024-10-24T09:31:07+00:00\",\"dateModified\":\"2024-10-24T13:06:00+00:00\",\"author\":{\"@id\":\"https:\/\/conversesacatalunya.cat\/#\/schema\/person\/a9598a6786ba7d3d1c5e0de477b79370\"},\"breadcrumb\":{\"@id\":\"https:\/\/conversesacatalunya.cat\/es\/cambio-climatico-es-necesario-volver-a-situar-la-agricultura-en-el-centro-de-nuestro-interes\/#breadcrumb\"},\"inLanguage\":\"es\",\"potentialAction\":[{\"@type\":\"ReadAction\",\"target\":[\"https:\/\/conversesacatalunya.cat\/es\/cambio-climatico-es-necesario-volver-a-situar-la-agricultura-en-el-centro-de-nuestro-interes\/\"]}]},{\"@type\":\"ImageObject\",\"inLanguage\":\"es\",\"@id\":\"https:\/\/conversesacatalunya.cat\/es\/cambio-climatico-es-necesario-volver-a-situar-la-agricultura-en-el-centro-de-nuestro-interes\/#primaryimage\",\"url\":\"https:\/\/conversesacatalunya.cat\/wp-content\/uploads\/2024\/10\/canvi-climatic1.jpg\",\"contentUrl\":\"https:\/\/conversesacatalunya.cat\/wp-content\/uploads\/2024\/10\/canvi-climatic1.jpg\",\"width\":1245,\"height\":843,\"caption\":\"canvi clim\u00e0tic agricultura\"},{\"@type\":\"BreadcrumbList\",\"@id\":\"https:\/\/conversesacatalunya.cat\/es\/cambio-climatico-es-necesario-volver-a-situar-la-agricultura-en-el-centro-de-nuestro-interes\/#breadcrumb\",\"itemListElement\":[{\"@type\":\"ListItem\",\"position\":1,\"name\":\"Inici\",\"item\":\"https:\/\/conversesacatalunya.cat\/es\/\"},{\"@type\":\"ListItem\",\"position\":2,\"name\":\"Cambio clim\u00e1tico: es necesario volver a situar la agricultura en el centro de nuestro inter\u00e9s\"}]},{\"@type\":\"WebSite\",\"@id\":\"https:\/\/conversesacatalunya.cat\/#website\",\"url\":\"https:\/\/conversesacatalunya.cat\/\",\"name\":\"Converses a Catalunya\",\"description\":\"\",\"potentialAction\":[{\"@type\":\"SearchAction\",\"target\":{\"@type\":\"EntryPoint\",\"urlTemplate\":\"https:\/\/conversesacatalunya.cat\/?s={search_term_string}\"},\"query-input\":{\"@type\":\"PropertyValueSpecification\",\"valueRequired\":true,\"valueName\":\"search_term_string\"}}],\"inLanguage\":\"es\"},{\"@type\":\"Person\",\"@id\":\"https:\/\/conversesacatalunya.cat\/#\/schema\/person\/a9598a6786ba7d3d1c5e0de477b79370\",\"name\":\"Josep Mir\u00f3 i Ard\u00e8vol\",\"image\":{\"@type\":\"ImageObject\",\"inLanguage\":\"es\",\"@id\":\"https:\/\/conversesacatalunya.cat\/#\/schema\/person\/image\/\",\"url\":\"https:\/\/conversesacatalunya.cat\/wp-content\/litespeed\/avatar\/c37e3dc881857483d6694cdf98fdedea.jpg?ver=1777270381\",\"contentUrl\":\"https:\/\/conversesacatalunya.cat\/wp-content\/litespeed\/avatar\/c37e3dc881857483d6694cdf98fdedea.jpg?ver=1777270381\",\"caption\":\"Josep Mir\u00f3 i Ard\u00e8vol\"},\"url\":\"https:\/\/conversesacatalunya.cat\/es\/author\/josep-miro-i-ardevol\/\"}]}<\/script>\n<!-- \/ Yoast SEO plugin. -->","yoast_head_json":{"title":"Cambio clim\u00e1tico: es necesario volver a situar la agricultura en el centro de nuestro inter\u00e9s - Converses a Catalunya","robots":{"index":"index","follow":"follow","max-snippet":"max-snippet:-1","max-image-preview":"max-image-preview:large","max-video-preview":"max-video-preview:-1"},"canonical":"https:\/\/conversesacatalunya.cat\/es\/cambio-climatico-es-necesario-volver-a-situar-la-agricultura-en-el-centro-de-nuestro-interes\/","og_locale":"es_ES","og_type":"article","og_title":"Cambio clim\u00e1tico: es necesario volver a situar la agricultura en el centro de nuestro inter\u00e9s - Converses a Catalunya","og_description":"Aunque es uno de los grandes gastos del presupuesto de la Uni\u00f3n Europea, la agricultura siempre est\u00e1 fuera del foco pol\u00edtico y medi\u00e1tico, excepto cuando los campesinos salen ocasionalmente a la carretera. Esta falta de atenci\u00f3n, muy grande en Catalu\u00f1a, significativa en Espa\u00f1a, excepto en las grandes regiones agrarias como Andaluc\u00eda, tiene su explicaci\u00f3n: emplea a muy pocas personas directamente. Luego, si observamos la cadena total de valor, resulta otra cosa. Es el caso, ganadero, no agr\u00edcola, del\u00a0porcino. En Catalu\u00f1a, el valor de su producci\u00f3n total final con toda su transformaci\u00f3n industrial es similar, si no superior, a todo el sector del autom\u00f3vil. A esta dimensi\u00f3n real de la importancia del sector primario, cabe a\u00f1adir ahora otra dimensi\u00f3n: la capacidad de producir alimentos, y lo que llamamos \u201cseguridad alimentaria\u201d ser\u00e1 cada d\u00eda m\u00e1s decisivo debido al cambio clim\u00e1tico y las modificaciones que se producir\u00e1n entre ahora y 2050. La pol\u00edtica y la sociedad deber\u00edan ser conscientes de lo que se nos viene encima. A partir de las referencias de\u00a0World in Data\u00a0sobre c\u00f3mo afectar\u00e1 el cambio clim\u00e1tico a los rendimientos de los cultivos en el futuro, nos es posible observar el escenario m\u00e1s probable: El cambio clim\u00e1tico impactar\u00e1 de forma desigual en la producci\u00f3n de alimentos, dependiendo del tipo de cultivo, las condiciones clim\u00e1ticas de cada regi\u00f3n y la capacidad de adaptaci\u00f3n. Factores como la\u00a0fertilizaci\u00f3n con carbono, el\u00a0aumento de las temperaturas\u00a0y la\u00a0disponibilidad de agua\u00a0ser\u00e1n claves para entender c\u00f3mo se ver\u00e1n afectados los rendimientos agr\u00edcolas. Los cultivos \u201cC3\u201d, como el trigo y el arroz, podr\u00edan beneficiarse del aumento del di\u00f3xido de carbono (CO\u2082) en la atm\u00f3sfera, lo que se conoce como \u201cfertilizaci\u00f3n con carbono\u201d, que mejora la fotos\u00edntesis y el crecimiento en estas plantas. Por otro lado, los cultivos C4, como el ma\u00edz, el sorgo y el mijo, se benefician menos de este efecto, excepto en condiciones de sequ\u00eda, debido a las diferencias en sus mecanismos fotosint\u00e9ticos. \u00c9ste podr\u00eda ser el resumen y la consideraci\u00f3n b\u00e1sica. El\u00a0impacto del aumento de las temperaturas\u00a0ser\u00e1 tambi\u00e9n desigual seg\u00fan la regi\u00f3n. En climas templados, donde las temperaturas actuales est\u00e1n por debajo de lo \u00f3ptimo para muchos cultivos, un calentamiento moderado podr\u00eda aumentar los rendimientos medios. Por ejemplo, en regiones como el norte de Europa o partes de Canad\u00e1 y Rusia, podr\u00eda verse un incremento en la productividad agr\u00edcola gracias a las condiciones m\u00e1s c\u00e1lidas, que alargar\u00edan la temporada de cultivo. Sin embargo, en los tr\u00f3picos y subtr\u00f3picos, donde las temperaturas ya est\u00e1n cerca o por encima del rango \u00f3ptimo para el crecimiento de muchos cultivos, un mayor calentamiento reducir\u00e1 los rendimientos. El ma\u00edz, que se cultiva ampliamente en estas regiones, es especialmente vulnerable, ya que el estr\u00e9s t\u00e9rmico puede afectar negativamente al llenado de los granos y disminuir la productividad. Catalu\u00f1a, de clima mediterr\u00e1neo, ocupa una situaci\u00f3n intermedia. Por tanto, por un lado los efectos de la temperatura, seg\u00fan el cultivo, ser\u00e1n m\u00e1s o menos moderados, pero tenemos el grave problema del agua: nuestro secano ser\u00e1, en parte ya lo es, inviable, y eso, por ejemplo , afecta mucho al trigo, que precisamente es uno de los te\u00f3ricos beneficiados, mientras que el regad\u00edo puede sufrir como ha sucedido en las tierras de Lleida y en los regad\u00edos del Ter con la sequ\u00eda. En Europa, especialmente en la regi\u00f3n mediterr\u00e1nea, el cambio clim\u00e1tico podr\u00eda tener un impacto significativo en los cultivos. Las temperaturas m\u00e1s altas y la disminuci\u00f3n de la disponibilidad de agua afectar\u00e1n principalmente a los cultivos que requieren riego constante, como algunas hortalizas y \u00e1rboles frutales. En el sur de Europa y en la regi\u00f3n mediterr\u00e1nea, las oleadas de calor m\u00e1s frecuentes y la menor precipitaci\u00f3n podr\u00edan reducir considerablemente los rendimientos de cultivos como el olivo y el vi\u00f1edo. Adem\u00e1s, el ma\u00edz podr\u00eda experimentar una disminuci\u00f3n de hasta el 9% para 2050 si no se tienen en cuenta los efectos positivos del CO\u2082. Con la fertilizaci\u00f3n por carbono, los rendimientos de trigo en estas regiones podr\u00edan aumentar en un 4%, lo que muestra la importancia de los distintos factores que interact\u00faan en el impacto final del cambio clim\u00e1tico. La\u00a0disponibilidad de agua\u00a0es otro factor cr\u00edtico que se ver\u00e1 afectado por el cambio clim\u00e1tico. Los rendimientos disminuyen significativamente bajo estr\u00e9s h\u00eddrico y el cambio clim\u00e1tico podr\u00eda aumentar tanto la frecuencia como la intensidad de las sequ\u00edas y las inundaciones. Las sequ\u00edas prolongadas reducir\u00e1n la disponibilidad de agua para regad\u00edo, especialmente en regiones \u00e1ridas y semi\u00e1ridas, como la regi\u00f3n mediterr\u00e1nea, mientras que las inundaciones y los anegamientos tambi\u00e9n pueden da\u00f1ar las plantas y reducir los rendimientos. La variabilidad en los patrones de precipitaci\u00f3n afectar\u00e1 a cultivos de todo el mundo, haciendo que la productividad agr\u00edcola sea m\u00e1s impredecible. Los agricultores que dependan de lluvias estacionales, especialmente en pa\u00edses en desarrollo, ser\u00e1n los m\u00e1s afectados por estos extremos. El impacto final en el rendimiento de los cultivos ser\u00e1 una combinaci\u00f3n de todos estos factores, que pueden compensarse o potenciarse entre s\u00ed. Por ejemplo, aunque el aumento de CO\u2082 podr\u00eda beneficiar a algunos cultivos, las altas temperaturas o la falta de agua podr\u00edan contrarrestar estos beneficios. Esta complejidad es la raz\u00f3n por la que los titulares sobre el cambio clim\u00e1tico y la agricultura a menudo presentan visiones opuestas: algunos afirman que el aumento de CO\u2082 y el calentamiento global son beneficiosos para la agricultura, mientras que otros advierten sobre una posible crisis agr\u00edcola global. La realidad es m\u00e1s matizada: algunos cultivos y regiones podr\u00edan beneficiarse, mientras que otros afrontar\u00e1n graves dificultades. En cuanto a\u00a0cultivos espec\u00edficos, estudios recientes muestran que el ma\u00edz, que se cultiva principalmente en regiones c\u00e1lidas, podr\u00eda experimentar una disminuci\u00f3n significativa en los rendimientos en escenarios de calentamiento extremo. En el escenario m\u00e1s pesimista de calentamiento, conocido como \u201cRCP8.5\u201d, se espera que los rendimientos globales de ma\u00edz disminuyan hasta en un 24%. Incluso en escenarios de menor calentamiento, se proyecta una disminuci\u00f3n del 6%. Esto afecta especialmente a regiones como Am\u00e9rica del Sur, \u00c1frica subsahariana y el sur de Asia, donde el ma\u00edz es un cultivo b\u00e1sico fundamental. Por el contrario, el trigo podr\u00eda beneficiarse del cambio...","og_url":"https:\/\/conversesacatalunya.cat\/es\/cambio-climatico-es-necesario-volver-a-situar-la-agricultura-en-el-centro-de-nuestro-interes\/","og_site_name":"Converses a Catalunya","article_published_time":"2024-10-24T09:31:07+00:00","article_modified_time":"2024-10-24T13:06:00+00:00","og_image":[{"width":1245,"height":843,"url":"https:\/\/conversesacatalunya.cat\/wp-content\/uploads\/2024\/10\/canvi-climatic1.jpg","type":"image\/jpeg"}],"author":"Josep Mir\u00f3 i Ard\u00e8vol","twitter_card":"summary_large_image","twitter_misc":{"Escrito por":"Josep Mir\u00f3 i Ard\u00e8vol","Tiempo de lectura":"9 minutos"},"schema":{"@context":"https:\/\/schema.org","@graph":[{"@type":"Article","@id":"https:\/\/conversesacatalunya.cat\/es\/cambio-climatico-es-necesario-volver-a-situar-la-agricultura-en-el-centro-de-nuestro-interes\/#article","isPartOf":{"@id":"https:\/\/conversesacatalunya.cat\/es\/cambio-climatico-es-necesario-volver-a-situar-la-agricultura-en-el-centro-de-nuestro-interes\/"},"author":{"name":"Josep Mir\u00f3 i Ard\u00e8vol","@id":"https:\/\/conversesacatalunya.cat\/#\/schema\/person\/a9598a6786ba7d3d1c5e0de477b79370"},"headline":"Cambio clim\u00e1tico: es necesario volver a situar la agricultura en el centro de nuestro inter\u00e9s","datePublished":"2024-10-24T09:31:07+00:00","dateModified":"2024-10-24T13:06:00+00:00","mainEntityOfPage":{"@id":"https:\/\/conversesacatalunya.cat\/es\/cambio-climatico-es-necesario-volver-a-situar-la-agricultura-en-el-centro-de-nuestro-interes\/"},"wordCount":1788,"commentCount":0,"image":{"@id":"https:\/\/conversesacatalunya.cat\/es\/cambio-climatico-es-necesario-volver-a-situar-la-agricultura-en-el-centro-de-nuestro-interes\/#primaryimage"},"thumbnailUrl":"https:\/\/conversesacatalunya.cat\/wp-content\/uploads\/2024\/10\/canvi-climatic1.jpg","keywords":["Agricultura","cambio clim\u00e1tico"],"articleSection":["Punts clau del dia (ES)"],"inLanguage":"es","potentialAction":[{"@type":"CommentAction","name":"Comment","target":["https:\/\/conversesacatalunya.cat\/es\/cambio-climatico-es-necesario-volver-a-situar-la-agricultura-en-el-centro-de-nuestro-interes\/#respond"]}]},{"@type":"WebPage","@id":"https:\/\/conversesacatalunya.cat\/es\/cambio-climatico-es-necesario-volver-a-situar-la-agricultura-en-el-centro-de-nuestro-interes\/","url":"https:\/\/conversesacatalunya.cat\/es\/cambio-climatico-es-necesario-volver-a-situar-la-agricultura-en-el-centro-de-nuestro-interes\/","name":"Cambio clim\u00e1tico: es necesario volver a situar la agricultura en el centro de nuestro inter\u00e9s - Converses a Catalunya","isPartOf":{"@id":"https:\/\/conversesacatalunya.cat\/#website"},"primaryImageOfPage":{"@id":"https:\/\/conversesacatalunya.cat\/es\/cambio-climatico-es-necesario-volver-a-situar-la-agricultura-en-el-centro-de-nuestro-interes\/#primaryimage"},"image":{"@id":"https:\/\/conversesacatalunya.cat\/es\/cambio-climatico-es-necesario-volver-a-situar-la-agricultura-en-el-centro-de-nuestro-interes\/#primaryimage"},"thumbnailUrl":"https:\/\/conversesacatalunya.cat\/wp-content\/uploads\/2024\/10\/canvi-climatic1.jpg","datePublished":"2024-10-24T09:31:07+00:00","dateModified":"2024-10-24T13:06:00+00:00","author":{"@id":"https:\/\/conversesacatalunya.cat\/#\/schema\/person\/a9598a6786ba7d3d1c5e0de477b79370"},"breadcrumb":{"@id":"https:\/\/conversesacatalunya.cat\/es\/cambio-climatico-es-necesario-volver-a-situar-la-agricultura-en-el-centro-de-nuestro-interes\/#breadcrumb"},"inLanguage":"es","potentialAction":[{"@type":"ReadAction","target":["https:\/\/conversesacatalunya.cat\/es\/cambio-climatico-es-necesario-volver-a-situar-la-agricultura-en-el-centro-de-nuestro-interes\/"]}]},{"@type":"ImageObject","inLanguage":"es","@id":"https:\/\/conversesacatalunya.cat\/es\/cambio-climatico-es-necesario-volver-a-situar-la-agricultura-en-el-centro-de-nuestro-interes\/#primaryimage","url":"https:\/\/conversesacatalunya.cat\/wp-content\/uploads\/2024\/10\/canvi-climatic1.jpg","contentUrl":"https:\/\/conversesacatalunya.cat\/wp-content\/uploads\/2024\/10\/canvi-climatic1.jpg","width":1245,"height":843,"caption":"canvi clim\u00e0tic agricultura"},{"@type":"BreadcrumbList","@id":"https:\/\/conversesacatalunya.cat\/es\/cambio-climatico-es-necesario-volver-a-situar-la-agricultura-en-el-centro-de-nuestro-interes\/#breadcrumb","itemListElement":[{"@type":"ListItem","position":1,"name":"Inici","item":"https:\/\/conversesacatalunya.cat\/es\/"},{"@type":"ListItem","position":2,"name":"Cambio clim\u00e1tico: es necesario volver a situar la agricultura en el centro de nuestro inter\u00e9s"}]},{"@type":"WebSite","@id":"https:\/\/conversesacatalunya.cat\/#website","url":"https:\/\/conversesacatalunya.cat\/","name":"Converses a Catalunya","description":"","potentialAction":[{"@type":"SearchAction","target":{"@type":"EntryPoint","urlTemplate":"https:\/\/conversesacatalunya.cat\/?s={search_term_string}"},"query-input":{"@type":"PropertyValueSpecification","valueRequired":true,"valueName":"search_term_string"}}],"inLanguage":"es"},{"@type":"Person","@id":"https:\/\/conversesacatalunya.cat\/#\/schema\/person\/a9598a6786ba7d3d1c5e0de477b79370","name":"Josep Mir\u00f3 i Ard\u00e8vol","image":{"@type":"ImageObject","inLanguage":"es","@id":"https:\/\/conversesacatalunya.cat\/#\/schema\/person\/image\/","url":"https:\/\/conversesacatalunya.cat\/wp-content\/litespeed\/avatar\/c37e3dc881857483d6694cdf98fdedea.jpg?ver=1777270381","contentUrl":"https:\/\/conversesacatalunya.cat\/wp-content\/litespeed\/avatar\/c37e3dc881857483d6694cdf98fdedea.jpg?ver=1777270381","caption":"Josep Mir\u00f3 i Ard\u00e8vol"},"url":"https:\/\/conversesacatalunya.cat\/es\/author\/josep-miro-i-ardevol\/"}]}},"wps_subtitle":"La pol\u00edtica y la sociedad deber\u00edan ser conscientes de lo que se nos viene encima","_links":{"self":[{"href":"https:\/\/conversesacatalunya.cat\/es\/wp-json\/wp\/v2\/posts\/82849","targetHints":{"allow":["GET"]}}],"collection":[{"href":"https:\/\/conversesacatalunya.cat\/es\/wp-json\/wp\/v2\/posts"}],"about":[{"href":"https:\/\/conversesacatalunya.cat\/es\/wp-json\/wp\/v2\/types\/post"}],"author":[{"embeddable":true,"href":"https:\/\/conversesacatalunya.cat\/es\/wp-json\/wp\/v2\/users\/19"}],"replies":[{"embeddable":true,"href":"https:\/\/conversesacatalunya.cat\/es\/wp-json\/wp\/v2\/comments?post=82849"}],"version-history":[{"count":2,"href":"https:\/\/conversesacatalunya.cat\/es\/wp-json\/wp\/v2\/posts\/82849\/revisions"}],"predecessor-version":[{"id":82851,"href":"https:\/\/conversesacatalunya.cat\/es\/wp-json\/wp\/v2\/posts\/82849\/revisions\/82851"}],"wp:featuredmedia":[{"embeddable":true,"href":"https:\/\/conversesacatalunya.cat\/es\/wp-json\/wp\/v2\/media\/82838"}],"wp:attachment":[{"href":"https:\/\/conversesacatalunya.cat\/es\/wp-json\/wp\/v2\/media?parent=82849"}],"wp:term":[{"taxonomy":"category","embeddable":true,"href":"https:\/\/conversesacatalunya.cat\/es\/wp-json\/wp\/v2\/categories?post=82849"},{"taxonomy":"post_tag","embeddable":true,"href":"https:\/\/conversesacatalunya.cat\/es\/wp-json\/wp\/v2\/tags?post=82849"}],"curies":[{"name":"wp","href":"https:\/\/api.w.org\/{rel}","templated":true}]}}