{"id":82845,"date":"2024-10-24T12:26:50","date_gmt":"2024-10-24T10:26:50","guid":{"rendered":"https:\/\/conversesacatalunya.cat\/pau-per-a-ucraina-per-evitar-la-seva-destruccio-i-la-deuropa\/"},"modified":"2024-10-24T14:23:01","modified_gmt":"2024-10-24T12:23:01","slug":"paz-para-ucrania-para-evitar-su-destruccion-y-la-de-europa","status":"publish","type":"post","link":"https:\/\/conversesacatalunya.cat\/es\/paz-para-ucrania-para-evitar-su-destruccion-y-la-de-europa\/","title":{"rendered":"Paz para Ucrania para evitar su destrucci\u00f3n\u2026 y la de Europa"},"content":{"rendered":"<p><span>El\u00a0<\/span><strong><span>conflicto en Ucrania<\/span><\/strong><span> est\u00e1 alcanzando niveles insostenibles, y urge promover la paz antes de que sea demasiado tarde y el pa\u00eds sufra una destrucci\u00f3n irreversible durante d\u00e9cadas. El desastre est\u00e1 ya en marcha, como evidencian las crecientes deserciones del ej\u00e9rcito ucraniano, con al menos 60.000 casos penales por esta causa, y una movilizaci\u00f3n de nuevos reclutas cada vez m\u00e1s improbable. El problema se agrava por el mal entrenamiento de los reclutas y el agotamiento de las tropas veteranas, muchas de las cuales han estado en la l\u00ednea de fuego sin descanso desde el inicio de la guerra, lo que ha incrementado el n\u00famero de soldados que buscan evadir EL frente.<\/span><\/p>\n<p><span>En el \u00e1mbito demogr\u00e1fico,\u00a0<\/span><strong><span>Ucrania ha perdido m\u00e1s de 10 millones de habitantes<\/span><\/strong><span>, una proporci\u00f3n significativa de su poblaci\u00f3n inicial de 40 millones. La tasa de natalidad, que ya era de las m\u00e1s bajas de Europa, se ha convertido en la m\u00e1s baja del mundo, alcanzando apenas un hijo por mujer en edad f\u00e9rtil, muy lejos de la tasa de reposici\u00f3n de 2,1 . El \u00e9xodo ha sido masivo, con mujeres y ni\u00f1os emigrando legalmente, mientras que los hombres en edad de combatir lo han hecho de forma ilegal. Las bajas militares son tambi\u00e9n cuantiosas: entre 80.000 y 100.000 soldados han muerto, y se estima que 400.000 han resultado heridos, lo que a\u00f1ade una carga importante para la sociedad y la retaguardia, tanto durante el conflicto como cuando \u00e9ste llegue a su fin.<\/span><\/p>\n<p><span>Mientras,\u00a0<\/span><strong><span>Rusia ha logrado superar las sanciones econ\u00f3micas y el aislamiento internacional<\/span><\/strong><span>. La reciente expansi\u00f3n de los\u00a0<\/span><a href=\"https:\/\/conversesacatalunya.cat\/es\/grupo-brics-alternativa-occidente\/\" target=\"_blank\" rel=\"noopener\"><span>BRICS<\/span><\/a><span> (Brasil, Rusia, India, China y Sud\u00e1frica) demuestra su creciente influencia. Este grupo ahora incluye a Egipto, Ir\u00e1n, Emiratos \u00c1rabes Unidos y Etiop\u00eda, entre otros, y representa el 45% de la poblaci\u00f3n mundial y alrededor del 30% de la econom\u00eda global. Muchos pa\u00edses, especialmente en el \u00e1mbito isl\u00e1mico y africano, est\u00e1n interesados \u200b\u200ben unirse al bloque, lo que muestra el poder de atracci\u00f3n de Rusia en el escenario internacional. Las candidaturas procedentes de Asia y \u00c1frica son numerosas. Incluso muchos pa\u00edses de Am\u00e9rica Latina, como Colombia, El Salvador, Nicaragua, Per\u00fa, Venezuela, Cuba y Bolivia, han expresado su inter\u00e9s en formar parte de este grupo.<\/span><\/p>\n<p><span>En contraste,\u00a0<\/span><strong><span>la Uni\u00f3n Europea se encuentra en una situaci\u00f3n complicada<\/span><\/strong><span>. En lugar de actuar con autonom\u00eda, su pol\u00edtica exterior y militar\u00a0<\/span><strong><span>depende de la de Estados Unidos<\/span><\/strong><span>, lo que la convierte en una subordinada pol\u00edtica y militar de ese pa\u00eds. Sin embargo, Europa tiene la oportunidad de marcar un punto de inflexi\u00f3n asumiendo el liderazgo para conseguir la paz en Ucrania. Este liderazgo podr\u00eda implicar aceptar una soluci\u00f3n similar a la que adopt\u00f3 Finlandia con la URSS: aceptar la p\u00e9rdida de territorios a cambio de estabilidad y desarrollo. Pese a la p\u00e9rdida de Carelia, Finlandia prosper\u00f3, manteniendo su neutralidad y fortaleciendo su desarrollo econ\u00f3mico y social.<\/span><\/p>\n<p><span>Europa deber\u00eda dejar de escuchar las voces que promueven la guerra, como la de Anne Applebaum: \u00abDeber\u00edamos armar a Ucrania para mantener la paz en Europa\u00bb. Armar a\u00fan m\u00e1s a Ucrania, empujarla como fuerza de choque, es obvio que no es la soluci\u00f3n.\u00a0<\/span><strong><span>El camino es fomentar un acuerdo de paz que garantice la neutralidad de Ucrania<\/span><\/strong><span>. Este acuerdo podr\u00eda incluir la cooperaci\u00f3n con Rusia para la reconstrucci\u00f3n del pa\u00eds y la restauraci\u00f3n de la cooperaci\u00f3n energ\u00e9tica crucial para la econom\u00eda europea. La falta de acceso a la energ\u00eda rusa ha afectado gravemente a la industria alemana y tiene repercusiones en toda la regi\u00f3n. Recuperar esa cooperaci\u00f3n aportar\u00eda m\u00faltiples beneficios para ambas partes, tanto econ\u00f3micos como geopol\u00edticos.<\/span><\/p>\n<p><span>Adem\u00e1s, desde un punto de vista geopol\u00edtico, los europeos deber\u00edan ser los primeros interesados \u200b\u200ben evitar que Asia, especialmente China, se acerque demasiado a la frontera rusa. La \u00fanica manera de conseguirlo es\u00a0<\/span><strong><span>manteniendo buenas relaciones con Rusia y ofreciendo garant\u00edas de estabilidad y cooperaci\u00f3n<\/span><\/strong><span>. As\u00ed podr\u00eda mitigarse el complejo hist\u00f3rico de Rusia de sentirse amenazada por Occidente, un miedo que ha marcado su pol\u00edtica exterior durante siglos.<\/span><\/p>\n<p><strong><span>La paz en Ucrania no s\u00f3lo es una necesidad humanitaria urgente para evitar la destrucci\u00f3n del pa\u00eds, sino que tambi\u00e9n es crucial para el futuro de Europa<\/span><\/strong><span>. Asumir un papel activo en la negociaci\u00f3n de la paz permitir\u00eda a Europa recuperar su autonom\u00eda y estabilidad, dejando de ser una extensi\u00f3n de la pol\u00edtica estadounidense y abriendo sus puertas a una colaboraci\u00f3n beneficiosa con Rusia. Esta paz no s\u00f3lo beneficiar\u00eda a Ucrania, sino que tambi\u00e9n sentar\u00eda las bases para una Europa m\u00e1s fuerte, independiente y capaz de asegurar un futuro pr\u00f3spero para sus ciudadanos.<\/span><\/p>\n<div id=\"polls-259\" class=\"wp-polls\">\n\t<form id=\"polls_form_259\" class=\"wp-polls-form\" action=\"\/index.php\" method=\"post\">\n\t\t<p style=\"display: none;\"><input type=\"hidden\" id=\"poll_259_nonce\" name=\"wp-polls-nonce\" value=\"241a7ebf1a\" \/><\/p>\n\t\t<p style=\"display: none;\"><input type=\"hidden\" name=\"poll_id\" value=\"259\" \/><\/p>\n\t\t<p style=\"text-align: center\"><strong>\u00c9s responsable el ministre \u00d3scar Puente del p\u00e8ssim funcionament dels ferrocarrils?<\/strong><\/p><div id=\"polls-259-ans\" class=\"wp-polls-ans\"><ul class=\"wp-polls-ul\">\n\t\t<li><input type=\"radio\" id=\"poll-answer-729\" name=\"poll_259\" value=\"729\" \/> <label for=\"poll-answer-729\">S\u00ed<\/label><\/li>\n\t\t<li><input type=\"radio\" id=\"poll-answer-730\" name=\"poll_259\" value=\"730\" \/> <label for=\"poll-answer-730\">No<\/label><\/li>\n\t\t<li><input type=\"radio\" id=\"poll-answer-731\" name=\"poll_259\" value=\"731\" \/> <label for=\"poll-answer-731\">No ho s\u00e9<\/label><\/li>\n\t\t<\/ul><p style=\"text-align: center\"><input type=\"button\" name=\"vote\" value=\"   Vota   \" class=\"Buttons\" onclick=\"poll_vote(259);\" \/><\/p><p style=\"text-align: center\"><a href=\"#ViewPollResults\" onclick=\"poll_result(259); return false;\" title=\"View Results Of This Poll\">Mira els resultats<\/a><\/p><\/div>\n\t<\/form>\n<\/div>\n<div id=\"polls-259-loading\" class=\"wp-polls-loading\"><img decoding=\"async\" data-src=\"https:\/\/conversesacatalunya.cat\/wp-content\/plugins\/wp-polls\/images\/loading.gif\" width=\"16\" height=\"16\" alt=\"Cargando ...\" title=\"Cargando ...\" class=\"wp-polls-image lazyload\" src=\"data:image\/svg+xml;base64,PHN2ZyB3aWR0aD0iMSIgaGVpZ2h0PSIxIiB4bWxucz0iaHR0cDovL3d3dy53My5vcmcvMjAwMC9zdmciPjwvc3ZnPg==\" style=\"--smush-placeholder-width: 16px; --smush-placeholder-aspect-ratio: 16\/16;\" \/>&nbsp;Cargando ...<\/div>\n\n","protected":false},"excerpt":{"rendered":"<p>El\u00a0conflicto en Ucrania est\u00e1 alcanzando niveles insostenibles, y urge promover la paz antes de que sea demasiado tarde y el pa\u00eds sufra una destrucci\u00f3n irreversible durante d\u00e9cadas. El desastre est\u00e1 ya en marcha, como evidencian las crecientes deserciones del ej\u00e9rcito ucraniano, con al menos 60.000 casos penales por esta causa, y una movilizaci\u00f3n de nuevos reclutas cada vez m\u00e1s improbable. El problema se agrava por el mal entrenamiento de los reclutas y el agotamiento de las tropas veteranas, muchas de las cuales han estado en la l\u00ednea de fuego sin descanso desde el inicio de la guerra, lo que ha incrementado el n\u00famero de soldados que buscan evadir EL frente. En el \u00e1mbito demogr\u00e1fico,\u00a0Ucrania ha perdido m\u00e1s de 10 millones de habitantes, una proporci\u00f3n significativa de su poblaci\u00f3n inicial de 40 millones. La tasa de natalidad, que ya era de las m\u00e1s bajas de Europa, se ha convertido en la m\u00e1s baja del mundo, alcanzando apenas un hijo por mujer en edad f\u00e9rtil, muy lejos de la tasa de reposici\u00f3n de 2,1 . El \u00e9xodo ha sido masivo, con mujeres y ni\u00f1os emigrando legalmente, mientras que los hombres en edad de combatir lo han hecho de forma ilegal. Las bajas militares son tambi\u00e9n cuantiosas: entre 80.000 y 100.000 soldados han muerto, y se estima que 400.000 han resultado heridos, lo que a\u00f1ade una carga importante para la sociedad y la retaguardia, tanto durante el conflicto como cuando \u00e9ste llegue a su fin. Mientras,\u00a0Rusia ha logrado superar las sanciones econ\u00f3micas y el aislamiento internacional. La reciente expansi\u00f3n de los\u00a0BRICS (Brasil, Rusia, India, China y Sud\u00e1frica) demuestra su creciente influencia. Este grupo ahora incluye a Egipto, Ir\u00e1n, Emiratos \u00c1rabes Unidos y Etiop\u00eda, entre otros, y representa el 45% de la poblaci\u00f3n mundial y alrededor del 30% de la econom\u00eda global. Muchos pa\u00edses, especialmente en el \u00e1mbito isl\u00e1mico y africano, est\u00e1n interesados \u200b\u200ben unirse al bloque, lo que muestra el poder de atracci\u00f3n de Rusia en el escenario internacional. Las candidaturas procedentes de Asia y \u00c1frica son numerosas. Incluso muchos pa\u00edses de Am\u00e9rica Latina, como Colombia, El Salvador, Nicaragua, Per\u00fa, Venezuela, Cuba y Bolivia, han expresado su inter\u00e9s en formar parte de este grupo. En contraste,\u00a0la Uni\u00f3n Europea se encuentra en una situaci\u00f3n complicada. En lugar de actuar con autonom\u00eda, su pol\u00edtica exterior y militar\u00a0depende de la de Estados Unidos, lo que la convierte en una subordinada pol\u00edtica y militar de ese pa\u00eds. Sin embargo, Europa tiene la oportunidad de marcar un punto de inflexi\u00f3n asumiendo el liderazgo para conseguir la paz en Ucrania. Este liderazgo podr\u00eda implicar aceptar una soluci\u00f3n similar a la que adopt\u00f3 Finlandia con la URSS: aceptar la p\u00e9rdida de territorios a cambio de estabilidad y desarrollo. Pese a la p\u00e9rdida de Carelia, Finlandia prosper\u00f3, manteniendo su neutralidad y fortaleciendo su desarrollo econ\u00f3mico y social. Europa deber\u00eda dejar de escuchar las voces que promueven la guerra, como la de Anne Applebaum: \u00abDeber\u00edamos armar a Ucrania para mantener la paz en Europa\u00bb. Armar a\u00fan m\u00e1s a Ucrania, empujarla como fuerza de choque, es obvio que no es la soluci\u00f3n.\u00a0El camino es fomentar un acuerdo de paz que garantice la neutralidad de Ucrania. Este acuerdo podr\u00eda incluir la cooperaci\u00f3n con Rusia para la reconstrucci\u00f3n del pa\u00eds y la restauraci\u00f3n de la cooperaci\u00f3n energ\u00e9tica crucial para la econom\u00eda europea. La falta de acceso a la energ\u00eda rusa ha afectado gravemente a la industria alemana y tiene repercusiones en toda la regi\u00f3n. Recuperar esa cooperaci\u00f3n aportar\u00eda m\u00faltiples beneficios para ambas partes, tanto econ\u00f3micos como geopol\u00edticos. Adem\u00e1s, desde un punto de vista geopol\u00edtico, los europeos deber\u00edan ser los primeros interesados \u200b\u200ben evitar que Asia, especialmente China, se acerque demasiado a la frontera rusa. La \u00fanica manera de conseguirlo es\u00a0manteniendo buenas relaciones con Rusia y ofreciendo garant\u00edas de estabilidad y cooperaci\u00f3n. As\u00ed podr\u00eda mitigarse el complejo hist\u00f3rico de Rusia de sentirse amenazada por Occidente, un miedo que ha marcado su pol\u00edtica exterior durante siglos. La paz en Ucrania no s\u00f3lo es una necesidad humanitaria urgente para evitar la destrucci\u00f3n del pa\u00eds, sino que tambi\u00e9n es crucial para el futuro de Europa. Asumir un papel activo en la negociaci\u00f3n de la paz permitir\u00eda a Europa recuperar su autonom\u00eda y estabilidad, dejando de ser una extensi\u00f3n de la pol\u00edtica estadounidense y abriendo sus puertas a una colaboraci\u00f3n beneficiosa con Rusia. Esta paz no s\u00f3lo beneficiar\u00eda a Ucrania, sino que tambi\u00e9n sentar\u00eda las bases para una Europa m\u00e1s fuerte, independiente y capaz de asegurar un futuro pr\u00f3spero para sus ciudadanos.<\/p>\n","protected":false},"author":81,"featured_media":82843,"comment_status":"open","ping_status":"open","sticky":false,"template":"","format":"standard","meta":{"_FSMCFIC_featured_image_caption":"","_FSMCFIC_featured_image_nocaption":"","_FSMCFIC_featured_image_hide":"","footnotes":""},"categories":[806],"tags":[1310],"class_list":["post-82845","post","type-post","status-publish","format-standard","has-post-thumbnail","hentry","category-punts-claus-del-dia-es","tag-ucrania"],"yoast_head":"<!-- This site is optimized with the Yoast SEO plugin v26.8 - https:\/\/yoast.com\/product\/yoast-seo-wordpress\/ -->\n<title>Paz para Ucrania para evitar su destrucci\u00f3n\u2026 y la de Europa - Converses a Catalunya<\/title>\n<meta name=\"description\" content=\"La paz en Ucrania no es s\u00f3lo una necesidad humanitaria urgente para evitar la destrucci\u00f3n del pa\u00eds, sino que tambi\u00e9n es crucial para el futuro de Europa\" \/>\n<meta name=\"robots\" content=\"index, follow, max-snippet:-1, max-image-preview:large, max-video-preview:-1\" \/>\n<link rel=\"canonical\" href=\"https:\/\/conversesacatalunya.cat\/es\/paz-para-ucrania-para-evitar-su-destruccion-y-la-de-europa\/\" \/>\n<meta property=\"og:locale\" content=\"es_ES\" \/>\n<meta property=\"og:type\" content=\"article\" \/>\n<meta property=\"og:title\" content=\"Paz para Ucrania para evitar su destrucci\u00f3n\u2026 y la de Europa - Converses a Catalunya\" \/>\n<meta property=\"og:description\" content=\"La paz en Ucrania no es s\u00f3lo una necesidad humanitaria urgente para evitar la destrucci\u00f3n del pa\u00eds, sino que tambi\u00e9n es crucial para el futuro de Europa\" \/>\n<meta property=\"og:url\" content=\"https:\/\/conversesacatalunya.cat\/es\/paz-para-ucrania-para-evitar-su-destruccion-y-la-de-europa\/\" \/>\n<meta property=\"og:site_name\" content=\"Converses a Catalunya\" \/>\n<meta property=\"article:published_time\" content=\"2024-10-24T10:26:50+00:00\" \/>\n<meta property=\"article:modified_time\" content=\"2024-10-24T12:23:01+00:00\" \/>\n<meta property=\"og:image\" content=\"https:\/\/conversesacatalunya.cat\/wp-content\/uploads\/2024\/10\/pau-a-Ucraina.jpg\" \/>\n\t<meta property=\"og:image:width\" content=\"980\" \/>\n\t<meta property=\"og:image:height\" content=\"551\" \/>\n\t<meta property=\"og:image:type\" content=\"image\/jpeg\" \/>\n<meta name=\"author\" content=\"Emili Clos\" \/>\n<meta name=\"twitter:card\" content=\"summary_large_image\" \/>\n<meta name=\"twitter:label1\" content=\"Escrito por\" \/>\n\t<meta name=\"twitter:data1\" content=\"Emili Clos\" \/>\n\t<meta name=\"twitter:label2\" content=\"Tiempo de lectura\" \/>\n\t<meta name=\"twitter:data2\" content=\"4 minutos\" \/>\n<script type=\"application\/ld+json\" class=\"yoast-schema-graph\">{\"@context\":\"https:\/\/schema.org\",\"@graph\":[{\"@type\":\"Article\",\"@id\":\"https:\/\/conversesacatalunya.cat\/es\/paz-para-ucrania-para-evitar-su-destruccion-y-la-de-europa\/#article\",\"isPartOf\":{\"@id\":\"https:\/\/conversesacatalunya.cat\/es\/paz-para-ucrania-para-evitar-su-destruccion-y-la-de-europa\/\"},\"author\":{\"name\":\"Emili Clos\",\"@id\":\"https:\/\/conversesacatalunya.cat\/#\/schema\/person\/46306de4129bccb959ed5e1720c4e3e7\"},\"headline\":\"Paz para Ucrania para evitar su destrucci\u00f3n\u2026 y la de Europa\",\"datePublished\":\"2024-10-24T10:26:50+00:00\",\"dateModified\":\"2024-10-24T12:23:01+00:00\",\"mainEntityOfPage\":{\"@id\":\"https:\/\/conversesacatalunya.cat\/es\/paz-para-ucrania-para-evitar-su-destruccion-y-la-de-europa\/\"},\"wordCount\":843,\"commentCount\":0,\"image\":{\"@id\":\"https:\/\/conversesacatalunya.cat\/es\/paz-para-ucrania-para-evitar-su-destruccion-y-la-de-europa\/#primaryimage\"},\"thumbnailUrl\":\"https:\/\/conversesacatalunya.cat\/wp-content\/uploads\/2024\/10\/pau-a-Ucraina.jpg\",\"keywords\":[\"Ucrania\"],\"articleSection\":[\"Punts clau del dia (ES)\"],\"inLanguage\":\"es\",\"potentialAction\":[{\"@type\":\"CommentAction\",\"name\":\"Comment\",\"target\":[\"https:\/\/conversesacatalunya.cat\/es\/paz-para-ucrania-para-evitar-su-destruccion-y-la-de-europa\/#respond\"]}]},{\"@type\":\"WebPage\",\"@id\":\"https:\/\/conversesacatalunya.cat\/es\/paz-para-ucrania-para-evitar-su-destruccion-y-la-de-europa\/\",\"url\":\"https:\/\/conversesacatalunya.cat\/es\/paz-para-ucrania-para-evitar-su-destruccion-y-la-de-europa\/\",\"name\":\"Paz para Ucrania para evitar su destrucci\u00f3n\u2026 y la de Europa - Converses a Catalunya\",\"isPartOf\":{\"@id\":\"https:\/\/conversesacatalunya.cat\/#website\"},\"primaryImageOfPage\":{\"@id\":\"https:\/\/conversesacatalunya.cat\/es\/paz-para-ucrania-para-evitar-su-destruccion-y-la-de-europa\/#primaryimage\"},\"image\":{\"@id\":\"https:\/\/conversesacatalunya.cat\/es\/paz-para-ucrania-para-evitar-su-destruccion-y-la-de-europa\/#primaryimage\"},\"thumbnailUrl\":\"https:\/\/conversesacatalunya.cat\/wp-content\/uploads\/2024\/10\/pau-a-Ucraina.jpg\",\"datePublished\":\"2024-10-24T10:26:50+00:00\",\"dateModified\":\"2024-10-24T12:23:01+00:00\",\"author\":{\"@id\":\"https:\/\/conversesacatalunya.cat\/#\/schema\/person\/46306de4129bccb959ed5e1720c4e3e7\"},\"description\":\"La paz en Ucrania no es s\u00f3lo una necesidad humanitaria urgente para evitar la destrucci\u00f3n del pa\u00eds, sino que tambi\u00e9n es crucial para el futuro de Europa\",\"breadcrumb\":{\"@id\":\"https:\/\/conversesacatalunya.cat\/es\/paz-para-ucrania-para-evitar-su-destruccion-y-la-de-europa\/#breadcrumb\"},\"inLanguage\":\"es\",\"potentialAction\":[{\"@type\":\"ReadAction\",\"target\":[\"https:\/\/conversesacatalunya.cat\/es\/paz-para-ucrania-para-evitar-su-destruccion-y-la-de-europa\/\"]}]},{\"@type\":\"ImageObject\",\"inLanguage\":\"es\",\"@id\":\"https:\/\/conversesacatalunya.cat\/es\/paz-para-ucrania-para-evitar-su-destruccion-y-la-de-europa\/#primaryimage\",\"url\":\"https:\/\/conversesacatalunya.cat\/wp-content\/uploads\/2024\/10\/pau-a-Ucraina.jpg\",\"contentUrl\":\"https:\/\/conversesacatalunya.cat\/wp-content\/uploads\/2024\/10\/pau-a-Ucraina.jpg\",\"width\":980,\"height\":551,\"caption\":\"Pau a Ucra\u00efna\"},{\"@type\":\"BreadcrumbList\",\"@id\":\"https:\/\/conversesacatalunya.cat\/es\/paz-para-ucrania-para-evitar-su-destruccion-y-la-de-europa\/#breadcrumb\",\"itemListElement\":[{\"@type\":\"ListItem\",\"position\":1,\"name\":\"Inici\",\"item\":\"https:\/\/conversesacatalunya.cat\/es\/\"},{\"@type\":\"ListItem\",\"position\":2,\"name\":\"Paz para Ucrania para evitar su destrucci\u00f3n\u2026 y la de Europa\"}]},{\"@type\":\"WebSite\",\"@id\":\"https:\/\/conversesacatalunya.cat\/#website\",\"url\":\"https:\/\/conversesacatalunya.cat\/\",\"name\":\"Converses a Catalunya\",\"description\":\"\",\"potentialAction\":[{\"@type\":\"SearchAction\",\"target\":{\"@type\":\"EntryPoint\",\"urlTemplate\":\"https:\/\/conversesacatalunya.cat\/?s={search_term_string}\"},\"query-input\":{\"@type\":\"PropertyValueSpecification\",\"valueRequired\":true,\"valueName\":\"search_term_string\"}}],\"inLanguage\":\"es\"},{\"@type\":\"Person\",\"@id\":\"https:\/\/conversesacatalunya.cat\/#\/schema\/person\/46306de4129bccb959ed5e1720c4e3e7\",\"name\":\"Emili Clos\",\"image\":{\"@type\":\"ImageObject\",\"inLanguage\":\"es\",\"@id\":\"https:\/\/conversesacatalunya.cat\/#\/schema\/person\/image\/\",\"url\":\"https:\/\/conversesacatalunya.cat\/wp-content\/litespeed\/avatar\/a9a662bd802eed79498de818aef91cc9.jpg?ver=1777096184\",\"contentUrl\":\"https:\/\/conversesacatalunya.cat\/wp-content\/litespeed\/avatar\/a9a662bd802eed79498de818aef91cc9.jpg?ver=1777096184\",\"caption\":\"Emili Clos\"},\"url\":\"https:\/\/conversesacatalunya.cat\/es\/author\/emili_clos\/\"}]}<\/script>\n<!-- \/ Yoast SEO plugin. -->","yoast_head_json":{"title":"Paz para Ucrania para evitar su destrucci\u00f3n\u2026 y la de Europa - Converses a Catalunya","description":"La paz en Ucrania no es s\u00f3lo una necesidad humanitaria urgente para evitar la destrucci\u00f3n del pa\u00eds, sino que tambi\u00e9n es crucial para el futuro de Europa","robots":{"index":"index","follow":"follow","max-snippet":"max-snippet:-1","max-image-preview":"max-image-preview:large","max-video-preview":"max-video-preview:-1"},"canonical":"https:\/\/conversesacatalunya.cat\/es\/paz-para-ucrania-para-evitar-su-destruccion-y-la-de-europa\/","og_locale":"es_ES","og_type":"article","og_title":"Paz para Ucrania para evitar su destrucci\u00f3n\u2026 y la de Europa - Converses a Catalunya","og_description":"La paz en Ucrania no es s\u00f3lo una necesidad humanitaria urgente para evitar la destrucci\u00f3n del pa\u00eds, sino que tambi\u00e9n es crucial para el futuro de Europa","og_url":"https:\/\/conversesacatalunya.cat\/es\/paz-para-ucrania-para-evitar-su-destruccion-y-la-de-europa\/","og_site_name":"Converses a Catalunya","article_published_time":"2024-10-24T10:26:50+00:00","article_modified_time":"2024-10-24T12:23:01+00:00","og_image":[{"width":980,"height":551,"url":"https:\/\/conversesacatalunya.cat\/wp-content\/uploads\/2024\/10\/pau-a-Ucraina.jpg","type":"image\/jpeg"}],"author":"Emili Clos","twitter_card":"summary_large_image","twitter_misc":{"Escrito por":"Emili Clos","Tiempo de lectura":"4 minutos"},"schema":{"@context":"https:\/\/schema.org","@graph":[{"@type":"Article","@id":"https:\/\/conversesacatalunya.cat\/es\/paz-para-ucrania-para-evitar-su-destruccion-y-la-de-europa\/#article","isPartOf":{"@id":"https:\/\/conversesacatalunya.cat\/es\/paz-para-ucrania-para-evitar-su-destruccion-y-la-de-europa\/"},"author":{"name":"Emili Clos","@id":"https:\/\/conversesacatalunya.cat\/#\/schema\/person\/46306de4129bccb959ed5e1720c4e3e7"},"headline":"Paz para Ucrania para evitar su destrucci\u00f3n\u2026 y la de Europa","datePublished":"2024-10-24T10:26:50+00:00","dateModified":"2024-10-24T12:23:01+00:00","mainEntityOfPage":{"@id":"https:\/\/conversesacatalunya.cat\/es\/paz-para-ucrania-para-evitar-su-destruccion-y-la-de-europa\/"},"wordCount":843,"commentCount":0,"image":{"@id":"https:\/\/conversesacatalunya.cat\/es\/paz-para-ucrania-para-evitar-su-destruccion-y-la-de-europa\/#primaryimage"},"thumbnailUrl":"https:\/\/conversesacatalunya.cat\/wp-content\/uploads\/2024\/10\/pau-a-Ucraina.jpg","keywords":["Ucrania"],"articleSection":["Punts clau del dia (ES)"],"inLanguage":"es","potentialAction":[{"@type":"CommentAction","name":"Comment","target":["https:\/\/conversesacatalunya.cat\/es\/paz-para-ucrania-para-evitar-su-destruccion-y-la-de-europa\/#respond"]}]},{"@type":"WebPage","@id":"https:\/\/conversesacatalunya.cat\/es\/paz-para-ucrania-para-evitar-su-destruccion-y-la-de-europa\/","url":"https:\/\/conversesacatalunya.cat\/es\/paz-para-ucrania-para-evitar-su-destruccion-y-la-de-europa\/","name":"Paz para Ucrania para evitar su destrucci\u00f3n\u2026 y la de Europa - Converses a Catalunya","isPartOf":{"@id":"https:\/\/conversesacatalunya.cat\/#website"},"primaryImageOfPage":{"@id":"https:\/\/conversesacatalunya.cat\/es\/paz-para-ucrania-para-evitar-su-destruccion-y-la-de-europa\/#primaryimage"},"image":{"@id":"https:\/\/conversesacatalunya.cat\/es\/paz-para-ucrania-para-evitar-su-destruccion-y-la-de-europa\/#primaryimage"},"thumbnailUrl":"https:\/\/conversesacatalunya.cat\/wp-content\/uploads\/2024\/10\/pau-a-Ucraina.jpg","datePublished":"2024-10-24T10:26:50+00:00","dateModified":"2024-10-24T12:23:01+00:00","author":{"@id":"https:\/\/conversesacatalunya.cat\/#\/schema\/person\/46306de4129bccb959ed5e1720c4e3e7"},"description":"La paz en Ucrania no es s\u00f3lo una necesidad humanitaria urgente para evitar la destrucci\u00f3n del pa\u00eds, sino que tambi\u00e9n es crucial para el futuro de Europa","breadcrumb":{"@id":"https:\/\/conversesacatalunya.cat\/es\/paz-para-ucrania-para-evitar-su-destruccion-y-la-de-europa\/#breadcrumb"},"inLanguage":"es","potentialAction":[{"@type":"ReadAction","target":["https:\/\/conversesacatalunya.cat\/es\/paz-para-ucrania-para-evitar-su-destruccion-y-la-de-europa\/"]}]},{"@type":"ImageObject","inLanguage":"es","@id":"https:\/\/conversesacatalunya.cat\/es\/paz-para-ucrania-para-evitar-su-destruccion-y-la-de-europa\/#primaryimage","url":"https:\/\/conversesacatalunya.cat\/wp-content\/uploads\/2024\/10\/pau-a-Ucraina.jpg","contentUrl":"https:\/\/conversesacatalunya.cat\/wp-content\/uploads\/2024\/10\/pau-a-Ucraina.jpg","width":980,"height":551,"caption":"Pau a Ucra\u00efna"},{"@type":"BreadcrumbList","@id":"https:\/\/conversesacatalunya.cat\/es\/paz-para-ucrania-para-evitar-su-destruccion-y-la-de-europa\/#breadcrumb","itemListElement":[{"@type":"ListItem","position":1,"name":"Inici","item":"https:\/\/conversesacatalunya.cat\/es\/"},{"@type":"ListItem","position":2,"name":"Paz para Ucrania para evitar su destrucci\u00f3n\u2026 y la de Europa"}]},{"@type":"WebSite","@id":"https:\/\/conversesacatalunya.cat\/#website","url":"https:\/\/conversesacatalunya.cat\/","name":"Converses a Catalunya","description":"","potentialAction":[{"@type":"SearchAction","target":{"@type":"EntryPoint","urlTemplate":"https:\/\/conversesacatalunya.cat\/?s={search_term_string}"},"query-input":{"@type":"PropertyValueSpecification","valueRequired":true,"valueName":"search_term_string"}}],"inLanguage":"es"},{"@type":"Person","@id":"https:\/\/conversesacatalunya.cat\/#\/schema\/person\/46306de4129bccb959ed5e1720c4e3e7","name":"Emili Clos","image":{"@type":"ImageObject","inLanguage":"es","@id":"https:\/\/conversesacatalunya.cat\/#\/schema\/person\/image\/","url":"https:\/\/conversesacatalunya.cat\/wp-content\/litespeed\/avatar\/a9a662bd802eed79498de818aef91cc9.jpg?ver=1777096184","contentUrl":"https:\/\/conversesacatalunya.cat\/wp-content\/litespeed\/avatar\/a9a662bd802eed79498de818aef91cc9.jpg?ver=1777096184","caption":"Emili Clos"},"url":"https:\/\/conversesacatalunya.cat\/es\/author\/emili_clos\/"}]}},"wps_subtitle":"La paz en Ucrania no es s\u00f3lo una necesidad humanitaria urgente para evitar la destrucci\u00f3n del pa\u00eds, sino que tambi\u00e9n es crucial para el futuro de Europa","_links":{"self":[{"href":"https:\/\/conversesacatalunya.cat\/es\/wp-json\/wp\/v2\/posts\/82845","targetHints":{"allow":["GET"]}}],"collection":[{"href":"https:\/\/conversesacatalunya.cat\/es\/wp-json\/wp\/v2\/posts"}],"about":[{"href":"https:\/\/conversesacatalunya.cat\/es\/wp-json\/wp\/v2\/types\/post"}],"author":[{"embeddable":true,"href":"https:\/\/conversesacatalunya.cat\/es\/wp-json\/wp\/v2\/users\/81"}],"replies":[{"embeddable":true,"href":"https:\/\/conversesacatalunya.cat\/es\/wp-json\/wp\/v2\/comments?post=82845"}],"version-history":[{"count":2,"href":"https:\/\/conversesacatalunya.cat\/es\/wp-json\/wp\/v2\/posts\/82845\/revisions"}],"predecessor-version":[{"id":82847,"href":"https:\/\/conversesacatalunya.cat\/es\/wp-json\/wp\/v2\/posts\/82845\/revisions\/82847"}],"wp:featuredmedia":[{"embeddable":true,"href":"https:\/\/conversesacatalunya.cat\/es\/wp-json\/wp\/v2\/media\/82843"}],"wp:attachment":[{"href":"https:\/\/conversesacatalunya.cat\/es\/wp-json\/wp\/v2\/media?parent=82845"}],"wp:term":[{"taxonomy":"category","embeddable":true,"href":"https:\/\/conversesacatalunya.cat\/es\/wp-json\/wp\/v2\/categories?post=82845"},{"taxonomy":"post_tag","embeddable":true,"href":"https:\/\/conversesacatalunya.cat\/es\/wp-json\/wp\/v2\/tags?post=82845"}],"curies":[{"name":"wp","href":"https:\/\/api.w.org\/{rel}","templated":true}]}}