{"id":82705,"date":"2024-10-17T11:29:07","date_gmt":"2024-10-17T09:29:07","guid":{"rendered":"https:\/\/conversesacatalunya.cat\/estem-vivint-el-principi-de-la-final-de-pedro-sanchez\/"},"modified":"2024-10-17T13:30:13","modified_gmt":"2024-10-17T11:30:13","slug":"estamos-viviendo-el-principio-del-fin-de-pedro-sanchez","status":"publish","type":"post","link":"https:\/\/conversesacatalunya.cat\/es\/estamos-viviendo-el-principio-del-fin-de-pedro-sanchez\/","title":{"rendered":"\u00bfEstamos viviendo el principio del fin de Pedro S\u00e1nchez?"},"content":{"rendered":"<p><span>Hace d\u00e9cadas, los an\u00e1lisis cuantitativos de la informaci\u00f3n publicada predecieron de forma clara la ca\u00edda del gobierno de Felipe Gonz\u00e1lez. Hoy, aunque la fuerte polarizaci\u00f3n medi\u00e1tica dificulta un an\u00e1lisis similar, los\u00a0<\/span><strong><span>signos de desgaste en el gobierno de S\u00e1nchez son innegables<\/span><\/strong><span>. Problemas como la inmigraci\u00f3n, la vivienda y la p\u00e9rdida de poder adquisitivo, fruto de una mala gesti\u00f3n gubernamental, se suman a la acumulaci\u00f3n de esc\u00e1ndalos de corrupci\u00f3n y otros eventos imprevistos \u2014conocidos como\u00a0<\/span><strong><span>\u201ccisnes negros\u201d<\/span><\/strong><span>\u2014, creando un escenario cada vez m\u00e1s adverso para el ejecutivo.<\/span><\/p>\n<h3><span>La inmigraci\u00f3n y la crisis de la vivienda<\/span><\/h3>\n<p><span>La\u00a0<\/span><a href=\"https:\/\/conversesacatalunya.cat\/es\/problema-politic-de-la-immigracio-a-espanya\/\" target=\"_blank\" rel=\"noopener\"><strong><span>inmigraci\u00f3n<\/span><\/strong><\/a><span>\u00a0se ha convertido en un problema cada vez m\u00e1s visible. Las im\u00e1genes diarias de pateras llegando a Canarias evidencian la carencia de acci\u00f3n efectiva del gobierno, que parece limitarse a ofrecer medidas insuficientes, como si se tratara de aplicar una aspirina para curar una enfermedad grave. La gesti\u00f3n de este problema se ha visto claramente superada, aumentando la percepci\u00f3n p\u00fablica de inacci\u00f3n e impotencia.<\/span><\/p>\n<p><span>En paralelo, la\u00a0<\/span><strong><a href=\"https:\/\/conversesacatalunya.cat\/es\/seis-anos-de-gobierno-sanchez-un-cero-en-vivienda\/\" target=\"_blank\" rel=\"noopener\"><span>crisis de la vivienda<\/span><\/a><\/strong><span>\u00a0se ha intensificado en los seis a\u00f1os de mandato de S\u00e1nchez. La situaci\u00f3n ha alcanzado niveles cr\u00edticos de injusticia y conflicto social. La falta de pol\u00edticas estructurales para garantizar el acceso a una vivienda digna se ha vuelto insostenible, afectando especialmente a los j\u00f3venes, trabajadores asalariados, aut\u00f3nomos y peque\u00f1os empresarios.<\/span><\/p>\n<h3><span>P\u00e9rdida de poder adquisitivo<\/span><\/h3>\n<p><span>Por otra parte, la\u00a0<\/span><strong><span>p\u00e9rdida de poder adquisitivo de buena parte de la poblaci\u00f3n es otro factor cr\u00edtico<\/span><\/strong><span>. Los precios han subido y la inflaci\u00f3n ha favorecido al Estado, incrementando sus ingresos fiscales, pero ha dejado atr\u00e1s a aquellos grupos que no han podido compensar su impacto. La pol\u00edtica de rentas y la fuerte presi\u00f3n fiscal aplicada por el gobierno han agravado la situaci\u00f3n de muchas familias y sectores vulnerables.<\/span><\/p>\n<p><span>Aunque los jubilados fueron menos afectados que otros colectivos gracias a la revalorizaci\u00f3n de las pensiones, tambi\u00e9n sufrieron el impacto de la inflaci\u00f3n.<\/span><\/p>\n<h3><span>Esc\u00e1ndalos de corrupci\u00f3n<\/span><\/h3>\n<p><span>A estos problemas se suma\u00a0<\/span><strong><span>la acumulaci\u00f3n de casos de corrupci\u00f3n<\/span><\/strong><span>\u00a0que salpican al gobierno de S\u00e1nchez y que contribuyen a una percepci\u00f3n generalizada de deterioro de las instituciones. Casos como el de Koldo Garc\u00eda, el exministro \u00c1balos, el caso de los hidrocarburos, el presunto\u00a0<\/span><a href=\"https:\/\/conversesacatalunya.cat\/es\/escandalo-begona-gomez\/\" target=\"_blank\" rel=\"noopener\"><span>tr\u00e1fico de influencias de Bego\u00f1a G\u00f3mez<\/span><\/a><span>\u00a0y el caso Mediador (\u00a0<\/span><strong><span>Tito Berni<\/span><\/strong><span>\u00a0) apuntan a una red de corrupci\u00f3n que afecta a varios actores del entorno gubernamental.<\/span><\/p>\n<p><span>Estos esc\u00e1ndalos, junto con la querella presentada por el PP sobre una posible financiaci\u00f3n ilegal del PSOE, aunque esta \u00faltima sea menos s\u00f3lida, dejan una imagen de podredumbre que afecta directamente a la figura de S\u00e1nchez y su capacidad de liderazgo.<\/span><\/p>\n<h3><span>Crisis institucional y tensiones judiciales<\/span><\/h3>\n<p><span>Recientemente, la imputaci\u00f3n por parte del Tribunal Supremo del Fiscal General del Estado ha abierto una nueva\u00a0<\/span><strong><span>crisis institucional<\/span><\/strong><span>. La negativa del Fiscal General a dimitir, pese a la gravedad de la situaci\u00f3n, y la defensa de su figura por parte del ministro de Justicia, F\u00e9lix Bola\u00f1os, que adem\u00e1s critic\u00f3 al Tribunal Supremo, han a\u00f1adido m\u00e1s tensi\u00f3n al panorama pol\u00edtico.<\/span><\/p>\n<p><span>Esta confrontaci\u00f3n directa con el m\u00e1ximo \u00f3rgano judicial no s\u00f3lo genera una crisis en el \u00e1mbito de la justicia, sino que tambi\u00e9n profundiza la sensaci\u00f3n\u00a0<\/span><strong><span>de inestabilidad institucional<\/span><\/strong><span>. Esto se suma a otras crisis existentes, como la que enfrenta al Senado y al Congreso, y evidencian la creciente debilidad del gobierno y su incapacidad para mantener el control sobre las instituciones.<\/span><\/p>\n<h3><span>Aislamiento internacional<\/span><\/h3>\n<p><span>A nivel internacional, el escenario tampoco es m\u00e1s favorable. La relaci\u00f3n que S\u00e1nchez hab\u00eda mantenido con la presidenta de la Comisi\u00f3n Europea, Ursula von der Leyen, se ha deteriorado, especialmente a causa de las posturas divergentes en materia de pol\u00edtica migratoria. Esta desconexi\u00f3n con Europa coincide con un\u00a0<\/span><strong><span>aislamiento creciente en el plano internacional<\/span><\/strong><span>.<\/span><\/p>\n<p><span>Gobernantes con los que antes S\u00e1nchez hab\u00eda mantenido buenas relaciones, como el tripartito alem\u00e1n, est\u00e1n ahora en una situaci\u00f3n de debilidad extrema y aplican pol\u00edticas mucho m\u00e1s estrictas. Adem\u00e1s, los conflictos diplom\u00e1ticos con gobiernos como el de Argentina, liderado por Javier Milei, y Venezuela, de Maduro, ponen de manifiesto el envoltorio de Espa\u00f1a en la escena internacional.<\/span><\/p>\n<h3><span>Situaci\u00f3n parlamentaria compleja<\/span><\/h3>\n<p><span>En el \u00e1mbito interno,\u00a0<\/span><strong><span>la situaci\u00f3n parlamentaria es igual de complicada<\/span><\/strong><span>. La fragilidad de su mayor\u00eda en el Congreso, basada en una coalici\u00f3n heterog\u00e9nea y en el apoyo de partidos de izquierda radical e independentistas, como Bildu, ERC y Junts, hace que la aprobaci\u00f3n de leyes se convierta en una odisea constante. Esta dependencia genera tensiones que dificultan una gobernabilidad estable.<\/span><\/p>\n<p><span>La incapacidad para aprobar los presupuestos generales del Estado por segundo a\u00f1o consecutivo ser\u00eda un claro reflejo de esta debilidad. Adem\u00e1s, la influencia de estos partidos, algunos con agendas que desaf\u00edan los principios constitucionales, resta credibilidad y legitimidad al ejecutivo de S\u00e1nchez.<\/span><\/p>\n<h3><span>\u00bfUn final inevitable?<\/span><\/h3>\n<p><span>En este contexto de debilidad, inacci\u00f3n y esc\u00e1ndalos, la pregunta es inevitable:\u00a0<\/span><strong><span>\u00bfes posible seguir gobernando en estas condiciones, o ser\u00eda m\u00e1s prudente convocar elecciones anticipadas?<\/span><\/strong><span>\u00a0La sensaci\u00f3n de agotamiento pol\u00edtico es palpable. La acumulaci\u00f3n de crisis, tanto a nivel dom\u00e9stico como internacional, la falta de respuestas efectivas a problemas estructurales como la inmigraci\u00f3n y la vivienda, y la sombra de la corrupci\u00f3n, dibujan un panorama sombr\u00edo para el presidente.<\/span><\/p>\n<p><span>Todo parece indicar que estamos asistiendo al principio del fin de Pedro S\u00e1nchez como l\u00edder del gobierno, y quiz\u00e1s sea s\u00f3lo cuesti\u00f3n de tiempo antes de que los acontecimientos precipiten el cierre definitivo de esta etapa pol\u00edtica.<\/span><\/p>\n<div id=\"polls-258\" class=\"wp-polls\">\n\t<form id=\"polls_form_258\" class=\"wp-polls-form\" action=\"\/index.php\" method=\"post\">\n\t\t<p style=\"display: none;\"><input type=\"hidden\" id=\"poll_258_nonce\" name=\"wp-polls-nonce\" value=\"c37f707d05\" \/><\/p>\n\t\t<p style=\"display: none;\"><input type=\"hidden\" name=\"poll_id\" value=\"258\" \/><\/p>\n\t\t<p style=\"text-align: center\"><strong>Creus que hi ha base suficient perqu\u00e8 el PP hagi presentat una querella contra el PSOE per finan\u00e7ament il\u00b7legal, suborn i tr\u00e0fic d'influ\u00e8ncies?<\/strong><\/p><div id=\"polls-258-ans\" class=\"wp-polls-ans\"><ul class=\"wp-polls-ul\">\n\t\t<li><input type=\"radio\" id=\"poll-answer-726\" name=\"poll_258\" value=\"726\" \/> <label for=\"poll-answer-726\">S\u00ed<\/label><\/li>\n\t\t<li><input type=\"radio\" id=\"poll-answer-727\" name=\"poll_258\" value=\"727\" \/> <label for=\"poll-answer-727\">No<\/label><\/li>\n\t\t<li><input type=\"radio\" id=\"poll-answer-728\" name=\"poll_258\" value=\"728\" \/> <label for=\"poll-answer-728\">No ho s\u00e9<\/label><\/li>\n\t\t<\/ul><p style=\"text-align: center\"><input type=\"button\" name=\"vote\" value=\"   Vota   \" class=\"Buttons\" onclick=\"poll_vote(258);\" \/><\/p><p style=\"text-align: center\"><a href=\"#ViewPollResults\" onclick=\"poll_result(258); return false;\" title=\"View Results Of This Poll\">Mira els resultats<\/a><\/p><\/div>\n\t<\/form>\n<\/div>\n<div id=\"polls-258-loading\" class=\"wp-polls-loading\"><img decoding=\"async\" data-src=\"https:\/\/conversesacatalunya.cat\/wp-content\/plugins\/wp-polls\/images\/loading.gif\" width=\"16\" height=\"16\" alt=\"Cargando ...\" title=\"Cargando ...\" class=\"wp-polls-image lazyload\" src=\"data:image\/svg+xml;base64,PHN2ZyB3aWR0aD0iMSIgaGVpZ2h0PSIxIiB4bWxucz0iaHR0cDovL3d3dy53My5vcmcvMjAwMC9zdmciPjwvc3ZnPg==\" style=\"--smush-placeholder-width: 16px; --smush-placeholder-aspect-ratio: 16\/16;\" \/>&nbsp;Cargando ...<\/div>\n\n","protected":false},"excerpt":{"rendered":"<p>Hace d\u00e9cadas, los an\u00e1lisis cuantitativos de la informaci\u00f3n publicada predecieron de forma clara la ca\u00edda del gobierno de Felipe Gonz\u00e1lez. Hoy, aunque la fuerte polarizaci\u00f3n medi\u00e1tica dificulta un an\u00e1lisis similar, los\u00a0signos de desgaste en el gobierno de S\u00e1nchez son innegables. Problemas como la inmigraci\u00f3n, la vivienda y la p\u00e9rdida de poder adquisitivo, fruto de una mala gesti\u00f3n gubernamental, se suman a la acumulaci\u00f3n de esc\u00e1ndalos de corrupci\u00f3n y otros eventos imprevistos \u2014conocidos como\u00a0\u201ccisnes negros\u201d\u2014, creando un escenario cada vez m\u00e1s adverso para el ejecutivo. La inmigraci\u00f3n y la crisis de la vivienda La\u00a0inmigraci\u00f3n\u00a0se ha convertido en un problema cada vez m\u00e1s visible. Las im\u00e1genes diarias de pateras llegando a Canarias evidencian la carencia de acci\u00f3n efectiva del gobierno, que parece limitarse a ofrecer medidas insuficientes, como si se tratara de aplicar una aspirina para curar una enfermedad grave. La gesti\u00f3n de este problema se ha visto claramente superada, aumentando la percepci\u00f3n p\u00fablica de inacci\u00f3n e impotencia. En paralelo, la\u00a0crisis de la vivienda\u00a0se ha intensificado en los seis a\u00f1os de mandato de S\u00e1nchez. La situaci\u00f3n ha alcanzado niveles cr\u00edticos de injusticia y conflicto social. La falta de pol\u00edticas estructurales para garantizar el acceso a una vivienda digna se ha vuelto insostenible, afectando especialmente a los j\u00f3venes, trabajadores asalariados, aut\u00f3nomos y peque\u00f1os empresarios. P\u00e9rdida de poder adquisitivo Por otra parte, la\u00a0p\u00e9rdida de poder adquisitivo de buena parte de la poblaci\u00f3n es otro factor cr\u00edtico. Los precios han subido y la inflaci\u00f3n ha favorecido al Estado, incrementando sus ingresos fiscales, pero ha dejado atr\u00e1s a aquellos grupos que no han podido compensar su impacto. La pol\u00edtica de rentas y la fuerte presi\u00f3n fiscal aplicada por el gobierno han agravado la situaci\u00f3n de muchas familias y sectores vulnerables. Aunque los jubilados fueron menos afectados que otros colectivos gracias a la revalorizaci\u00f3n de las pensiones, tambi\u00e9n sufrieron el impacto de la inflaci\u00f3n. Esc\u00e1ndalos de corrupci\u00f3n A estos problemas se suma\u00a0la acumulaci\u00f3n de casos de corrupci\u00f3n\u00a0que salpican al gobierno de S\u00e1nchez y que contribuyen a una percepci\u00f3n generalizada de deterioro de las instituciones. Casos como el de Koldo Garc\u00eda, el exministro \u00c1balos, el caso de los hidrocarburos, el presunto\u00a0tr\u00e1fico de influencias de Bego\u00f1a G\u00f3mez\u00a0y el caso Mediador (\u00a0Tito Berni\u00a0) apuntan a una red de corrupci\u00f3n que afecta a varios actores del entorno gubernamental. Estos esc\u00e1ndalos, junto con la querella presentada por el PP sobre una posible financiaci\u00f3n ilegal del PSOE, aunque esta \u00faltima sea menos s\u00f3lida, dejan una imagen de podredumbre que afecta directamente a la figura de S\u00e1nchez y su capacidad de liderazgo. Crisis institucional y tensiones judiciales Recientemente, la imputaci\u00f3n por parte del Tribunal Supremo del Fiscal General del Estado ha abierto una nueva\u00a0crisis institucional. La negativa del Fiscal General a dimitir, pese a la gravedad de la situaci\u00f3n, y la defensa de su figura por parte del ministro de Justicia, F\u00e9lix Bola\u00f1os, que adem\u00e1s critic\u00f3 al Tribunal Supremo, han a\u00f1adido m\u00e1s tensi\u00f3n al panorama pol\u00edtico. Esta confrontaci\u00f3n directa con el m\u00e1ximo \u00f3rgano judicial no s\u00f3lo genera una crisis en el \u00e1mbito de la justicia, sino que tambi\u00e9n profundiza la sensaci\u00f3n\u00a0de inestabilidad institucional. Esto se suma a otras crisis existentes, como la que enfrenta al Senado y al Congreso, y evidencian la creciente debilidad del gobierno y su incapacidad para mantener el control sobre las instituciones. Aislamiento internacional A nivel internacional, el escenario tampoco es m\u00e1s favorable. La relaci\u00f3n que S\u00e1nchez hab\u00eda mantenido con la presidenta de la Comisi\u00f3n Europea, Ursula von der Leyen, se ha deteriorado, especialmente a causa de las posturas divergentes en materia de pol\u00edtica migratoria. Esta desconexi\u00f3n con Europa coincide con un\u00a0aislamiento creciente en el plano internacional. Gobernantes con los que antes S\u00e1nchez hab\u00eda mantenido buenas relaciones, como el tripartito alem\u00e1n, est\u00e1n ahora en una situaci\u00f3n de debilidad extrema y aplican pol\u00edticas mucho m\u00e1s estrictas. Adem\u00e1s, los conflictos diplom\u00e1ticos con gobiernos como el de Argentina, liderado por Javier Milei, y Venezuela, de Maduro, ponen de manifiesto el envoltorio de Espa\u00f1a en la escena internacional. Situaci\u00f3n parlamentaria compleja En el \u00e1mbito interno,\u00a0la situaci\u00f3n parlamentaria es igual de complicada. La fragilidad de su mayor\u00eda en el Congreso, basada en una coalici\u00f3n heterog\u00e9nea y en el apoyo de partidos de izquierda radical e independentistas, como Bildu, ERC y Junts, hace que la aprobaci\u00f3n de leyes se convierta en una odisea constante. Esta dependencia genera tensiones que dificultan una gobernabilidad estable. La incapacidad para aprobar los presupuestos generales del Estado por segundo a\u00f1o consecutivo ser\u00eda un claro reflejo de esta debilidad. Adem\u00e1s, la influencia de estos partidos, algunos con agendas que desaf\u00edan los principios constitucionales, resta credibilidad y legitimidad al ejecutivo de S\u00e1nchez. \u00bfUn final inevitable? En este contexto de debilidad, inacci\u00f3n y esc\u00e1ndalos, la pregunta es inevitable:\u00a0\u00bfes posible seguir gobernando en estas condiciones, o ser\u00eda m\u00e1s prudente convocar elecciones anticipadas?\u00a0La sensaci\u00f3n de agotamiento pol\u00edtico es palpable. La acumulaci\u00f3n de crisis, tanto a nivel dom\u00e9stico como internacional, la falta de respuestas efectivas a problemas estructurales como la inmigraci\u00f3n y la vivienda, y la sombra de la corrupci\u00f3n, dibujan un panorama sombr\u00edo para el presidente. Todo parece indicar que estamos asistiendo al principio del fin de Pedro S\u00e1nchez como l\u00edder del gobierno, y quiz\u00e1s sea s\u00f3lo cuesti\u00f3n de tiempo antes de que los acontecimientos precipiten el cierre definitivo de esta etapa pol\u00edtica.<\/p>\n","protected":false},"author":78,"featured_media":82691,"comment_status":"open","ping_status":"open","sticky":false,"template":"","format":"standard","meta":{"_FSMCFIC_featured_image_caption":"","_FSMCFIC_featured_image_nocaption":"","_FSMCFIC_featured_image_hide":"","footnotes":""},"categories":[806],"tags":[1157],"class_list":["post-82705","post","type-post","status-publish","format-standard","has-post-thumbnail","hentry","category-punts-claus-del-dia-es","tag-pedro-sanchez-es"],"yoast_head":"<!-- This site is optimized with the Yoast SEO plugin v26.8 - https:\/\/yoast.com\/product\/yoast-seo-wordpress\/ -->\n<title>\u00bfEstamos viviendo el principio del fin de Pedro S\u00e1nchez? - Converses a Catalunya<\/title>\n<meta name=\"description\" content=\"El inevitable declive de Pedro S\u00e1nchez: un gobierno desgastado por la mala gesti\u00f3n, los esc\u00e1ndalos de corrupci\u00f3n y las tensiones internas que amenazan su continuidad\" \/>\n<meta name=\"robots\" content=\"index, follow, max-snippet:-1, max-image-preview:large, max-video-preview:-1\" \/>\n<link rel=\"canonical\" href=\"https:\/\/conversesacatalunya.cat\/es\/estamos-viviendo-el-principio-del-fin-de-pedro-sanchez\/\" \/>\n<meta property=\"og:locale\" content=\"es_ES\" \/>\n<meta property=\"og:type\" content=\"article\" \/>\n<meta property=\"og:title\" content=\"\u00bfEstamos viviendo el principio del fin de Pedro S\u00e1nchez? - Converses a Catalunya\" \/>\n<meta property=\"og:description\" content=\"El inevitable declive de Pedro S\u00e1nchez: un gobierno desgastado por la mala gesti\u00f3n, los esc\u00e1ndalos de corrupci\u00f3n y las tensiones internas que amenazan su continuidad\" \/>\n<meta property=\"og:url\" content=\"https:\/\/conversesacatalunya.cat\/es\/estamos-viviendo-el-principio-del-fin-de-pedro-sanchez\/\" \/>\n<meta property=\"og:site_name\" content=\"Converses a Catalunya\" \/>\n<meta property=\"article:published_time\" content=\"2024-10-17T09:29:07+00:00\" \/>\n<meta property=\"article:modified_time\" content=\"2024-10-17T11:30:13+00:00\" \/>\n<meta property=\"og:image\" content=\"https:\/\/conversesacatalunya.cat\/wp-content\/uploads\/2024\/10\/fin-de-pedro-sanchez.jpg\" \/>\n\t<meta property=\"og:image:width\" content=\"754\" \/>\n\t<meta property=\"og:image:height\" content=\"458\" \/>\n\t<meta property=\"og:image:type\" content=\"image\/jpeg\" \/>\n<meta name=\"author\" content=\"Joan Masip\" \/>\n<meta name=\"twitter:card\" content=\"summary_large_image\" \/>\n<meta name=\"twitter:label1\" content=\"Escrito por\" \/>\n\t<meta name=\"twitter:data1\" content=\"Joan Masip\" \/>\n\t<meta name=\"twitter:label2\" content=\"Tiempo de lectura\" \/>\n\t<meta name=\"twitter:data2\" content=\"5 minutos\" \/>\n<script type=\"application\/ld+json\" class=\"yoast-schema-graph\">{\"@context\":\"https:\/\/schema.org\",\"@graph\":[{\"@type\":\"Article\",\"@id\":\"https:\/\/conversesacatalunya.cat\/es\/estamos-viviendo-el-principio-del-fin-de-pedro-sanchez\/#article\",\"isPartOf\":{\"@id\":\"https:\/\/conversesacatalunya.cat\/es\/estamos-viviendo-el-principio-del-fin-de-pedro-sanchez\/\"},\"author\":{\"name\":\"Joan Masip\",\"@id\":\"https:\/\/conversesacatalunya.cat\/#\/schema\/person\/311d0bf53def217d5124c78a7bc42275\"},\"headline\":\"\u00bfEstamos viviendo el principio del fin de Pedro S\u00e1nchez?\",\"datePublished\":\"2024-10-17T09:29:07+00:00\",\"dateModified\":\"2024-10-17T11:30:13+00:00\",\"mainEntityOfPage\":{\"@id\":\"https:\/\/conversesacatalunya.cat\/es\/estamos-viviendo-el-principio-del-fin-de-pedro-sanchez\/\"},\"wordCount\":1015,\"commentCount\":0,\"image\":{\"@id\":\"https:\/\/conversesacatalunya.cat\/es\/estamos-viviendo-el-principio-del-fin-de-pedro-sanchez\/#primaryimage\"},\"thumbnailUrl\":\"https:\/\/conversesacatalunya.cat\/wp-content\/uploads\/2024\/10\/fin-de-pedro-sanchez.jpg\",\"keywords\":[\"Pedro S\u00e1nchez\"],\"articleSection\":[\"Punts clau del dia (ES)\"],\"inLanguage\":\"es\",\"potentialAction\":[{\"@type\":\"CommentAction\",\"name\":\"Comment\",\"target\":[\"https:\/\/conversesacatalunya.cat\/es\/estamos-viviendo-el-principio-del-fin-de-pedro-sanchez\/#respond\"]}]},{\"@type\":\"WebPage\",\"@id\":\"https:\/\/conversesacatalunya.cat\/es\/estamos-viviendo-el-principio-del-fin-de-pedro-sanchez\/\",\"url\":\"https:\/\/conversesacatalunya.cat\/es\/estamos-viviendo-el-principio-del-fin-de-pedro-sanchez\/\",\"name\":\"\u00bfEstamos viviendo el principio del fin de Pedro S\u00e1nchez? - Converses a Catalunya\",\"isPartOf\":{\"@id\":\"https:\/\/conversesacatalunya.cat\/#website\"},\"primaryImageOfPage\":{\"@id\":\"https:\/\/conversesacatalunya.cat\/es\/estamos-viviendo-el-principio-del-fin-de-pedro-sanchez\/#primaryimage\"},\"image\":{\"@id\":\"https:\/\/conversesacatalunya.cat\/es\/estamos-viviendo-el-principio-del-fin-de-pedro-sanchez\/#primaryimage\"},\"thumbnailUrl\":\"https:\/\/conversesacatalunya.cat\/wp-content\/uploads\/2024\/10\/fin-de-pedro-sanchez.jpg\",\"datePublished\":\"2024-10-17T09:29:07+00:00\",\"dateModified\":\"2024-10-17T11:30:13+00:00\",\"author\":{\"@id\":\"https:\/\/conversesacatalunya.cat\/#\/schema\/person\/311d0bf53def217d5124c78a7bc42275\"},\"description\":\"El inevitable declive de Pedro S\u00e1nchez: un gobierno desgastado por la mala gesti\u00f3n, los esc\u00e1ndalos de corrupci\u00f3n y las tensiones internas que amenazan su continuidad\",\"breadcrumb\":{\"@id\":\"https:\/\/conversesacatalunya.cat\/es\/estamos-viviendo-el-principio-del-fin-de-pedro-sanchez\/#breadcrumb\"},\"inLanguage\":\"es\",\"potentialAction\":[{\"@type\":\"ReadAction\",\"target\":[\"https:\/\/conversesacatalunya.cat\/es\/estamos-viviendo-el-principio-del-fin-de-pedro-sanchez\/\"]}]},{\"@type\":\"ImageObject\",\"inLanguage\":\"es\",\"@id\":\"https:\/\/conversesacatalunya.cat\/es\/estamos-viviendo-el-principio-del-fin-de-pedro-sanchez\/#primaryimage\",\"url\":\"https:\/\/conversesacatalunya.cat\/wp-content\/uploads\/2024\/10\/fin-de-pedro-sanchez.jpg\",\"contentUrl\":\"https:\/\/conversesacatalunya.cat\/wp-content\/uploads\/2024\/10\/fin-de-pedro-sanchez.jpg\",\"width\":754,\"height\":458,\"caption\":\"final de Pedro S\u00e1nchez\"},{\"@type\":\"BreadcrumbList\",\"@id\":\"https:\/\/conversesacatalunya.cat\/es\/estamos-viviendo-el-principio-del-fin-de-pedro-sanchez\/#breadcrumb\",\"itemListElement\":[{\"@type\":\"ListItem\",\"position\":1,\"name\":\"Inici\",\"item\":\"https:\/\/conversesacatalunya.cat\/es\/\"},{\"@type\":\"ListItem\",\"position\":2,\"name\":\"\u00bfEstamos viviendo el principio del fin de Pedro S\u00e1nchez?\"}]},{\"@type\":\"WebSite\",\"@id\":\"https:\/\/conversesacatalunya.cat\/#website\",\"url\":\"https:\/\/conversesacatalunya.cat\/\",\"name\":\"Converses a Catalunya\",\"description\":\"\",\"potentialAction\":[{\"@type\":\"SearchAction\",\"target\":{\"@type\":\"EntryPoint\",\"urlTemplate\":\"https:\/\/conversesacatalunya.cat\/?s={search_term_string}\"},\"query-input\":{\"@type\":\"PropertyValueSpecification\",\"valueRequired\":true,\"valueName\":\"search_term_string\"}}],\"inLanguage\":\"es\"},{\"@type\":\"Person\",\"@id\":\"https:\/\/conversesacatalunya.cat\/#\/schema\/person\/311d0bf53def217d5124c78a7bc42275\",\"name\":\"Joan Masip\",\"image\":{\"@type\":\"ImageObject\",\"inLanguage\":\"es\",\"@id\":\"https:\/\/conversesacatalunya.cat\/#\/schema\/person\/image\/\",\"url\":\"https:\/\/conversesacatalunya.cat\/wp-content\/litespeed\/avatar\/fa67b994763cff7d443f54b63ec96481.jpg?ver=1777372547\",\"contentUrl\":\"https:\/\/conversesacatalunya.cat\/wp-content\/litespeed\/avatar\/fa67b994763cff7d443f54b63ec96481.jpg?ver=1777372547\",\"caption\":\"Joan Masip\"},\"url\":\"https:\/\/conversesacatalunya.cat\/es\/author\/joan-masip\/\"}]}<\/script>\n<!-- \/ Yoast SEO plugin. -->","yoast_head_json":{"title":"\u00bfEstamos viviendo el principio del fin de Pedro S\u00e1nchez? - Converses a Catalunya","description":"El inevitable declive de Pedro S\u00e1nchez: un gobierno desgastado por la mala gesti\u00f3n, los esc\u00e1ndalos de corrupci\u00f3n y las tensiones internas que amenazan su continuidad","robots":{"index":"index","follow":"follow","max-snippet":"max-snippet:-1","max-image-preview":"max-image-preview:large","max-video-preview":"max-video-preview:-1"},"canonical":"https:\/\/conversesacatalunya.cat\/es\/estamos-viviendo-el-principio-del-fin-de-pedro-sanchez\/","og_locale":"es_ES","og_type":"article","og_title":"\u00bfEstamos viviendo el principio del fin de Pedro S\u00e1nchez? - Converses a Catalunya","og_description":"El inevitable declive de Pedro S\u00e1nchez: un gobierno desgastado por la mala gesti\u00f3n, los esc\u00e1ndalos de corrupci\u00f3n y las tensiones internas que amenazan su continuidad","og_url":"https:\/\/conversesacatalunya.cat\/es\/estamos-viviendo-el-principio-del-fin-de-pedro-sanchez\/","og_site_name":"Converses a Catalunya","article_published_time":"2024-10-17T09:29:07+00:00","article_modified_time":"2024-10-17T11:30:13+00:00","og_image":[{"width":754,"height":458,"url":"https:\/\/conversesacatalunya.cat\/wp-content\/uploads\/2024\/10\/fin-de-pedro-sanchez.jpg","type":"image\/jpeg"}],"author":"Joan Masip","twitter_card":"summary_large_image","twitter_misc":{"Escrito por":"Joan Masip","Tiempo de lectura":"5 minutos"},"schema":{"@context":"https:\/\/schema.org","@graph":[{"@type":"Article","@id":"https:\/\/conversesacatalunya.cat\/es\/estamos-viviendo-el-principio-del-fin-de-pedro-sanchez\/#article","isPartOf":{"@id":"https:\/\/conversesacatalunya.cat\/es\/estamos-viviendo-el-principio-del-fin-de-pedro-sanchez\/"},"author":{"name":"Joan Masip","@id":"https:\/\/conversesacatalunya.cat\/#\/schema\/person\/311d0bf53def217d5124c78a7bc42275"},"headline":"\u00bfEstamos viviendo el principio del fin de Pedro S\u00e1nchez?","datePublished":"2024-10-17T09:29:07+00:00","dateModified":"2024-10-17T11:30:13+00:00","mainEntityOfPage":{"@id":"https:\/\/conversesacatalunya.cat\/es\/estamos-viviendo-el-principio-del-fin-de-pedro-sanchez\/"},"wordCount":1015,"commentCount":0,"image":{"@id":"https:\/\/conversesacatalunya.cat\/es\/estamos-viviendo-el-principio-del-fin-de-pedro-sanchez\/#primaryimage"},"thumbnailUrl":"https:\/\/conversesacatalunya.cat\/wp-content\/uploads\/2024\/10\/fin-de-pedro-sanchez.jpg","keywords":["Pedro S\u00e1nchez"],"articleSection":["Punts clau del dia (ES)"],"inLanguage":"es","potentialAction":[{"@type":"CommentAction","name":"Comment","target":["https:\/\/conversesacatalunya.cat\/es\/estamos-viviendo-el-principio-del-fin-de-pedro-sanchez\/#respond"]}]},{"@type":"WebPage","@id":"https:\/\/conversesacatalunya.cat\/es\/estamos-viviendo-el-principio-del-fin-de-pedro-sanchez\/","url":"https:\/\/conversesacatalunya.cat\/es\/estamos-viviendo-el-principio-del-fin-de-pedro-sanchez\/","name":"\u00bfEstamos viviendo el principio del fin de Pedro S\u00e1nchez? - Converses a Catalunya","isPartOf":{"@id":"https:\/\/conversesacatalunya.cat\/#website"},"primaryImageOfPage":{"@id":"https:\/\/conversesacatalunya.cat\/es\/estamos-viviendo-el-principio-del-fin-de-pedro-sanchez\/#primaryimage"},"image":{"@id":"https:\/\/conversesacatalunya.cat\/es\/estamos-viviendo-el-principio-del-fin-de-pedro-sanchez\/#primaryimage"},"thumbnailUrl":"https:\/\/conversesacatalunya.cat\/wp-content\/uploads\/2024\/10\/fin-de-pedro-sanchez.jpg","datePublished":"2024-10-17T09:29:07+00:00","dateModified":"2024-10-17T11:30:13+00:00","author":{"@id":"https:\/\/conversesacatalunya.cat\/#\/schema\/person\/311d0bf53def217d5124c78a7bc42275"},"description":"El inevitable declive de Pedro S\u00e1nchez: un gobierno desgastado por la mala gesti\u00f3n, los esc\u00e1ndalos de corrupci\u00f3n y las tensiones internas que amenazan su continuidad","breadcrumb":{"@id":"https:\/\/conversesacatalunya.cat\/es\/estamos-viviendo-el-principio-del-fin-de-pedro-sanchez\/#breadcrumb"},"inLanguage":"es","potentialAction":[{"@type":"ReadAction","target":["https:\/\/conversesacatalunya.cat\/es\/estamos-viviendo-el-principio-del-fin-de-pedro-sanchez\/"]}]},{"@type":"ImageObject","inLanguage":"es","@id":"https:\/\/conversesacatalunya.cat\/es\/estamos-viviendo-el-principio-del-fin-de-pedro-sanchez\/#primaryimage","url":"https:\/\/conversesacatalunya.cat\/wp-content\/uploads\/2024\/10\/fin-de-pedro-sanchez.jpg","contentUrl":"https:\/\/conversesacatalunya.cat\/wp-content\/uploads\/2024\/10\/fin-de-pedro-sanchez.jpg","width":754,"height":458,"caption":"final de Pedro S\u00e1nchez"},{"@type":"BreadcrumbList","@id":"https:\/\/conversesacatalunya.cat\/es\/estamos-viviendo-el-principio-del-fin-de-pedro-sanchez\/#breadcrumb","itemListElement":[{"@type":"ListItem","position":1,"name":"Inici","item":"https:\/\/conversesacatalunya.cat\/es\/"},{"@type":"ListItem","position":2,"name":"\u00bfEstamos viviendo el principio del fin de Pedro S\u00e1nchez?"}]},{"@type":"WebSite","@id":"https:\/\/conversesacatalunya.cat\/#website","url":"https:\/\/conversesacatalunya.cat\/","name":"Converses a Catalunya","description":"","potentialAction":[{"@type":"SearchAction","target":{"@type":"EntryPoint","urlTemplate":"https:\/\/conversesacatalunya.cat\/?s={search_term_string}"},"query-input":{"@type":"PropertyValueSpecification","valueRequired":true,"valueName":"search_term_string"}}],"inLanguage":"es"},{"@type":"Person","@id":"https:\/\/conversesacatalunya.cat\/#\/schema\/person\/311d0bf53def217d5124c78a7bc42275","name":"Joan Masip","image":{"@type":"ImageObject","inLanguage":"es","@id":"https:\/\/conversesacatalunya.cat\/#\/schema\/person\/image\/","url":"https:\/\/conversesacatalunya.cat\/wp-content\/litespeed\/avatar\/fa67b994763cff7d443f54b63ec96481.jpg?ver=1777372547","contentUrl":"https:\/\/conversesacatalunya.cat\/wp-content\/litespeed\/avatar\/fa67b994763cff7d443f54b63ec96481.jpg?ver=1777372547","caption":"Joan Masip"},"url":"https:\/\/conversesacatalunya.cat\/es\/author\/joan-masip\/"}]}},"wps_subtitle":"El inevitable declive de Pedro S\u00e1nchez: un gobierno desgastado por la mala gesti\u00f3n, los esc\u00e1ndalos de corrupci\u00f3n y las tensiones internas que amenazan su continuidad","_links":{"self":[{"href":"https:\/\/conversesacatalunya.cat\/es\/wp-json\/wp\/v2\/posts\/82705","targetHints":{"allow":["GET"]}}],"collection":[{"href":"https:\/\/conversesacatalunya.cat\/es\/wp-json\/wp\/v2\/posts"}],"about":[{"href":"https:\/\/conversesacatalunya.cat\/es\/wp-json\/wp\/v2\/types\/post"}],"author":[{"embeddable":true,"href":"https:\/\/conversesacatalunya.cat\/es\/wp-json\/wp\/v2\/users\/78"}],"replies":[{"embeddable":true,"href":"https:\/\/conversesacatalunya.cat\/es\/wp-json\/wp\/v2\/comments?post=82705"}],"version-history":[{"count":2,"href":"https:\/\/conversesacatalunya.cat\/es\/wp-json\/wp\/v2\/posts\/82705\/revisions"}],"predecessor-version":[{"id":82707,"href":"https:\/\/conversesacatalunya.cat\/es\/wp-json\/wp\/v2\/posts\/82705\/revisions\/82707"}],"wp:featuredmedia":[{"embeddable":true,"href":"https:\/\/conversesacatalunya.cat\/es\/wp-json\/wp\/v2\/media\/82691"}],"wp:attachment":[{"href":"https:\/\/conversesacatalunya.cat\/es\/wp-json\/wp\/v2\/media?parent=82705"}],"wp:term":[{"taxonomy":"category","embeddable":true,"href":"https:\/\/conversesacatalunya.cat\/es\/wp-json\/wp\/v2\/categories?post=82705"},{"taxonomy":"post_tag","embeddable":true,"href":"https:\/\/conversesacatalunya.cat\/es\/wp-json\/wp\/v2\/tags?post=82705"}],"curies":[{"name":"wp","href":"https:\/\/api.w.org\/{rel}","templated":true}]}}