{"id":82701,"date":"2024-10-17T12:02:30","date_gmt":"2024-10-17T10:02:30","guid":{"rendered":"https:\/\/conversesacatalunya.cat\/illa-no-pot-aspirar-a-la-centralitat-en-la-politica-catalana-el-buit-continua\/"},"modified":"2024-10-17T13:22:25","modified_gmt":"2024-10-17T11:22:25","slug":"illa-no-puede-aspirar-a-la-centralidad-en-la-politica-catalana-el-vacio-continua","status":"publish","type":"post","link":"https:\/\/conversesacatalunya.cat\/es\/illa-no-puede-aspirar-a-la-centralidad-en-la-politica-catalana-el-vacio-continua\/","title":{"rendered":"Illa no puede aspirar a la centralidad en la pol\u00edtica catalana: el vac\u00edo contin\u00faa"},"content":{"rendered":"<p><span>Es muy dif\u00edcil imaginar a Salvador Illa aspirando a la centralidad en la pol\u00edtica catalana, y este vac\u00edo pol\u00edtico persiste. Pese a los intentos de proyectar una\u00a0<\/span><strong><span>imagen de moderaci\u00f3n y equilibrio<\/span><\/strong><span>, los hechos hablan por s\u00ed mismos y cuestionan la credibilidad de Illa en cuanto a su capacidad para ocupar ese espacio central que tanto proclama.<\/span><\/p>\n<p><span>La credibilidad de Illa en su b\u00fasqueda de la centralidad se ve comprometida por decisiones pol\u00edticas que reflejan, en el mejor de los casos, <\/span><strong><span>importantes contradicciones<\/span><\/strong><span>. Recordemos que Illa fue responsable de la ley de la eutanasia y de la legalizaci\u00f3n del suicidio asistido, mientras que, como ministro de Sanidad, acept\u00f3 que el Gobierno negara el aumento presupuestario necesario para que los cuidados paliativos llegaran a la mayor\u00eda de la poblaci\u00f3n. <\/span><strong><span>\u00bfC\u00f3mo hablar de centralidad cuando se fomenta el suicidio asistido sin garantizar alternativas como los cuidados paliativos?<\/span><\/strong><span>\u00a0Este desequilibrio entre las opciones disponibles para las personas en situaciones de gran vulnerabilidad revela una carencia de coherencia en su propuesta pol\u00edtica.<\/span><\/p>\n<p><span>Tampoco es f\u00e1cil creer en la centralidad de Illa cuando <\/span><strong><span>su apoyo al Gobierno de Pedro S\u00e1nchez es total e indiscriminado<\/span><\/strong><span>, dando apoyo a todas las pol\u00edticas y errores del ejecutivo sin aportar el contrapunto necesario. Pol\u00edticas como el aumento de la presi\u00f3n fiscal, la incapacidad para reducir la desigualdad a pesar de los recursos aplicados, y la falta de respuestas efectivas a problemas estructurales como la crisis de la inmigraci\u00f3n y el acceso a la vivienda son ejemplos claros de la carencia de matices en el posicionamiento del PSC. Sin un distanciamiento cr\u00edtico y propuesta diferenciada, el papel del PSC en la pol\u00edtica catalana no puede ser el de un partido central, sino el de un simple ap\u00e9ndice del PSOE de S\u00e1nchez.<\/span><\/p>\n<p><span>La centralidad tambi\u00e9n se ve minada por la\u00a0<\/span><strong><span>negativa a modificar la gran presi\u00f3n fiscal que asfixia a los catalanes<\/span><\/strong><span>\u00a0, o, al menos, a deflactar los efectos de la inflaci\u00f3n, lo que multiplica la carga recaudatoria sobre los contribuyentes sin que esto se traduzca en una mejora real de los servicios. Por el contrario, los servicios p\u00fablicos en Catalu\u00f1a han ido empeorando progresivamente. La falta de inversi\u00f3n adecuada en sanidad, educaci\u00f3n y servicios sociales refleja una pol\u00edtica que est\u00e1 muy lejos de tener al ciudadano en el centro de sus prioridades.<\/span><\/p>\n<p><span>La\u00a0<\/span><strong><span>situaci\u00f3n de las familias en Catalu\u00f1a<\/span><\/strong><span>\u00a0es otro ejemplo de c\u00f3mo el discurso de la centralidad se contradice con la realidad. La falta de apoyo a la natalidad y las familias contrasta con la gran atenci\u00f3n y apoyo que se brinda al aborto. Catalu\u00f1a lidera el ranking de abortos en Espa\u00f1a, representando uno de cada cinco, una cifra muy superior al peso relativo de la poblaci\u00f3n catalana en el conjunto del pa\u00eds. Y, mientras, el apoyo a las familias sigue siendo casi inexistente. A esto se suma la reciente actuaci\u00f3n de la consejera de Interior de la Generalitat, N\u00faria Parl\u00f3n, quien, a instancias de la anterior consejera de Feminismos, T\u00e0nia Verge, ha amenazado con actuar de forma contundente contra peque\u00f1os grupos de personas que rezan en las inmediaciones de cl\u00ednicas donde se practican abortos. Este tipo de intervenciones reflejan una\u00a0<\/span><strong><span>falta de respeto por las libertades individuales y una actitud que dif\u00edcilmente puede considerarse \u201ccentral\u201d o moderada<\/span><\/strong><span>\u00a0.<\/span><\/p>\n<p><span>Por otra parte, pretender que la centralidad es compatible con la existencia de un tripartito de facto con Esquerra Republicana y Els Comuns es, en el mejor de los casos, un ejercicio de ficci\u00f3n pol\u00edtica. \u00bfC\u00f3mo puede aspirar a la centralidad un partido que depende de fuerzas claramente ubicadas en los extremos del espectro pol\u00edtico y que no comparten una visi\u00f3n com\u00fan del pa\u00eds ni sus necesidades? La realidad es que\u00a0<\/span><strong><span>el PSC se ha convertido en un ap\u00e9ndice del socialismo sanchista<\/span><\/strong><span>\u00a0, lejos del partido que en su d\u00eda lideraron figuras como Ravent\u00f3s u Obiols, y de la moderaci\u00f3n y responsabilidad que caracteriz\u00f3 al Partido Socialista durante la \u00e9poca de Felipe Gonz\u00e1lez y Alfonso Guerra.<\/span><\/p>\n<p><span>Esta realidad se ve acentuada por la complicidad de algunos sectores de la \u00e9lite catalana, tanto pol\u00edtica como empresarial, que prefieren sostener una ficci\u00f3n de centralidad para seguir siendo relevantes o obtener alg\u00fan beneficio del poder. Este peque\u00f1o universo, que se mantiene gracias a la complicidad de medios como\u00a0<\/span><strong><span>La Vanguardia<\/span><\/strong><span>\u00a0y\u00a0<\/span><strong><span>TV3<\/span><\/strong><span>\u00a0, busca proyectar la imagen de una Catalunya que sigue siendo importante y que tiene una pol\u00edtica moderada, cuando la realidad es muy diferente. Es una manera de mantenerse cerca del poder, pensando que \u201cquien a buen \u00e1rbol se arrima\u2026 quiz\u00e1s mejore su cuenta de resultados\u201d.<\/span><\/p>\n<p><span>En resumen, Salvador Illa y el PSC no representan hoy la centralidad en la pol\u00edtica catalana.\u00a0<\/span><strong><span>No hay propuestas innovadoras, ni una visi\u00f3n cr\u00edtica respecto al Gobierno de S\u00e1nchez, ni una voluntad real de confrontar los problemas que afectan a los catalanes<\/span><\/strong><span>\u00a0. Sin un distanciamiento claro de las pol\u00edticas del PSOE y sin una propuesta coherente que tenga como centro el bienestar concreto y real de los ciudadanos, el PSC dif\u00edcilmente podr\u00e1 aspirar a ocupar ese espacio de centralidad que tanto proclama. La moderaci\u00f3n no es s\u00f3lo una cuesti\u00f3n de discurso, sino de hechos, y hoy en d\u00eda, los hechos muestran a un\u00a0<\/span><strong><span>PSC que est\u00e1 muy lejos de representar el equilibrio y la responsabilidad que los catalanes necesitan<\/span><\/strong><span>.<\/span><\/p>\n<div id=\"polls-258\" class=\"wp-polls\">\n\t<form id=\"polls_form_258\" class=\"wp-polls-form\" action=\"\/index.php\" method=\"post\">\n\t\t<p style=\"display: none;\"><input type=\"hidden\" id=\"poll_258_nonce\" name=\"wp-polls-nonce\" value=\"5ee0fa42b2\" \/><\/p>\n\t\t<p style=\"display: none;\"><input type=\"hidden\" name=\"poll_id\" value=\"258\" \/><\/p>\n\t\t<p style=\"text-align: center\"><strong>Creus que hi ha base suficient perqu\u00e8 el PP hagi presentat una querella contra el PSOE per finan\u00e7ament il\u00b7legal, suborn i tr\u00e0fic d'influ\u00e8ncies?<\/strong><\/p><div id=\"polls-258-ans\" class=\"wp-polls-ans\"><ul class=\"wp-polls-ul\">\n\t\t<li><input type=\"radio\" id=\"poll-answer-726\" name=\"poll_258\" value=\"726\" \/> <label for=\"poll-answer-726\">S\u00ed<\/label><\/li>\n\t\t<li><input type=\"radio\" id=\"poll-answer-727\" name=\"poll_258\" value=\"727\" \/> <label for=\"poll-answer-727\">No<\/label><\/li>\n\t\t<li><input type=\"radio\" id=\"poll-answer-728\" name=\"poll_258\" value=\"728\" \/> <label for=\"poll-answer-728\">No ho s\u00e9<\/label><\/li>\n\t\t<\/ul><p style=\"text-align: center\"><input type=\"button\" name=\"vote\" value=\"   Vota   \" class=\"Buttons\" onclick=\"poll_vote(258);\" \/><\/p><p style=\"text-align: center\"><a href=\"#ViewPollResults\" onclick=\"poll_result(258); return false;\" title=\"View Results Of This Poll\">Mira els resultats<\/a><\/p><\/div>\n\t<\/form>\n<\/div>\n<div id=\"polls-258-loading\" class=\"wp-polls-loading\"><img decoding=\"async\" data-src=\"https:\/\/conversesacatalunya.cat\/wp-content\/plugins\/wp-polls\/images\/loading.gif\" width=\"16\" height=\"16\" alt=\"Cargando ...\" title=\"Cargando ...\" class=\"wp-polls-image lazyload\" src=\"data:image\/svg+xml;base64,PHN2ZyB3aWR0aD0iMSIgaGVpZ2h0PSIxIiB4bWxucz0iaHR0cDovL3d3dy53My5vcmcvMjAwMC9zdmciPjwvc3ZnPg==\" style=\"--smush-placeholder-width: 16px; --smush-placeholder-aspect-ratio: 16\/16;\" \/>&nbsp;Cargando ...<\/div>\n\n","protected":false},"excerpt":{"rendered":"<p>Es muy dif\u00edcil imaginar a Salvador Illa aspirando a la centralidad en la pol\u00edtica catalana, y este vac\u00edo pol\u00edtico persiste. Pese a los intentos de proyectar una\u00a0imagen de moderaci\u00f3n y equilibrio, los hechos hablan por s\u00ed mismos y cuestionan la credibilidad de Illa en cuanto a su capacidad para ocupar ese espacio central que tanto proclama. La credibilidad de Illa en su b\u00fasqueda de la centralidad se ve comprometida por decisiones pol\u00edticas que reflejan, en el mejor de los casos, importantes contradicciones. Recordemos que Illa fue responsable de la ley de la eutanasia y de la legalizaci\u00f3n del suicidio asistido, mientras que, como ministro de Sanidad, acept\u00f3 que el Gobierno negara el aumento presupuestario necesario para que los cuidados paliativos llegaran a la mayor\u00eda de la poblaci\u00f3n. \u00bfC\u00f3mo hablar de centralidad cuando se fomenta el suicidio asistido sin garantizar alternativas como los cuidados paliativos?\u00a0Este desequilibrio entre las opciones disponibles para las personas en situaciones de gran vulnerabilidad revela una carencia de coherencia en su propuesta pol\u00edtica. Tampoco es f\u00e1cil creer en la centralidad de Illa cuando su apoyo al Gobierno de Pedro S\u00e1nchez es total e indiscriminado, dando apoyo a todas las pol\u00edticas y errores del ejecutivo sin aportar el contrapunto necesario. Pol\u00edticas como el aumento de la presi\u00f3n fiscal, la incapacidad para reducir la desigualdad a pesar de los recursos aplicados, y la falta de respuestas efectivas a problemas estructurales como la crisis de la inmigraci\u00f3n y el acceso a la vivienda son ejemplos claros de la carencia de matices en el posicionamiento del PSC. Sin un distanciamiento cr\u00edtico y propuesta diferenciada, el papel del PSC en la pol\u00edtica catalana no puede ser el de un partido central, sino el de un simple ap\u00e9ndice del PSOE de S\u00e1nchez. La centralidad tambi\u00e9n se ve minada por la\u00a0negativa a modificar la gran presi\u00f3n fiscal que asfixia a los catalanes\u00a0, o, al menos, a deflactar los efectos de la inflaci\u00f3n, lo que multiplica la carga recaudatoria sobre los contribuyentes sin que esto se traduzca en una mejora real de los servicios. Por el contrario, los servicios p\u00fablicos en Catalu\u00f1a han ido empeorando progresivamente. La falta de inversi\u00f3n adecuada en sanidad, educaci\u00f3n y servicios sociales refleja una pol\u00edtica que est\u00e1 muy lejos de tener al ciudadano en el centro de sus prioridades. La\u00a0situaci\u00f3n de las familias en Catalu\u00f1a\u00a0es otro ejemplo de c\u00f3mo el discurso de la centralidad se contradice con la realidad. La falta de apoyo a la natalidad y las familias contrasta con la gran atenci\u00f3n y apoyo que se brinda al aborto. Catalu\u00f1a lidera el ranking de abortos en Espa\u00f1a, representando uno de cada cinco, una cifra muy superior al peso relativo de la poblaci\u00f3n catalana en el conjunto del pa\u00eds. Y, mientras, el apoyo a las familias sigue siendo casi inexistente. A esto se suma la reciente actuaci\u00f3n de la consejera de Interior de la Generalitat, N\u00faria Parl\u00f3n, quien, a instancias de la anterior consejera de Feminismos, T\u00e0nia Verge, ha amenazado con actuar de forma contundente contra peque\u00f1os grupos de personas que rezan en las inmediaciones de cl\u00ednicas donde se practican abortos. Este tipo de intervenciones reflejan una\u00a0falta de respeto por las libertades individuales y una actitud que dif\u00edcilmente puede considerarse \u201ccentral\u201d o moderada\u00a0. Por otra parte, pretender que la centralidad es compatible con la existencia de un tripartito de facto con Esquerra Republicana y Els Comuns es, en el mejor de los casos, un ejercicio de ficci\u00f3n pol\u00edtica. \u00bfC\u00f3mo puede aspirar a la centralidad un partido que depende de fuerzas claramente ubicadas en los extremos del espectro pol\u00edtico y que no comparten una visi\u00f3n com\u00fan del pa\u00eds ni sus necesidades? La realidad es que\u00a0el PSC se ha convertido en un ap\u00e9ndice del socialismo sanchista\u00a0, lejos del partido que en su d\u00eda lideraron figuras como Ravent\u00f3s u Obiols, y de la moderaci\u00f3n y responsabilidad que caracteriz\u00f3 al Partido Socialista durante la \u00e9poca de Felipe Gonz\u00e1lez y Alfonso Guerra. Esta realidad se ve acentuada por la complicidad de algunos sectores de la \u00e9lite catalana, tanto pol\u00edtica como empresarial, que prefieren sostener una ficci\u00f3n de centralidad para seguir siendo relevantes o obtener alg\u00fan beneficio del poder. Este peque\u00f1o universo, que se mantiene gracias a la complicidad de medios como\u00a0La Vanguardia\u00a0y\u00a0TV3\u00a0, busca proyectar la imagen de una Catalunya que sigue siendo importante y que tiene una pol\u00edtica moderada, cuando la realidad es muy diferente. Es una manera de mantenerse cerca del poder, pensando que \u201cquien a buen \u00e1rbol se arrima\u2026 quiz\u00e1s mejore su cuenta de resultados\u201d. En resumen, Salvador Illa y el PSC no representan hoy la centralidad en la pol\u00edtica catalana.\u00a0No hay propuestas innovadoras, ni una visi\u00f3n cr\u00edtica respecto al Gobierno de S\u00e1nchez, ni una voluntad real de confrontar los problemas que afectan a los catalanes\u00a0. Sin un distanciamiento claro de las pol\u00edticas del PSOE y sin una propuesta coherente que tenga como centro el bienestar concreto y real de los ciudadanos, el PSC dif\u00edcilmente podr\u00e1 aspirar a ocupar ese espacio de centralidad que tanto proclama. La moderaci\u00f3n no es s\u00f3lo una cuesti\u00f3n de discurso, sino de hechos, y hoy en d\u00eda, los hechos muestran a un\u00a0PSC que est\u00e1 muy lejos de representar el equilibrio y la responsabilidad que los catalanes necesitan.<\/p>\n","protected":false},"author":77,"featured_media":44939,"comment_status":"open","ping_status":"open","sticky":false,"template":"","format":"standard","meta":{"_FSMCFIC_featured_image_caption":"","_FSMCFIC_featured_image_nocaption":"","_FSMCFIC_featured_image_hide":"","footnotes":""},"categories":[806],"tags":[3079],"class_list":["post-82701","post","type-post","status-publish","format-standard","has-post-thumbnail","hentry","category-punts-claus-del-dia-es","tag-salvador-illa"],"yoast_head":"<!-- This site is optimized with the Yoast SEO plugin v26.8 - https:\/\/yoast.com\/product\/yoast-seo-wordpress\/ -->\n<title>Illa no puede aspirar a la centralidad en la pol\u00edtica catalana: el vac\u00edo contin\u00faa - Converses a Catalunya<\/title>\n<meta name=\"description\" content=\"El PSC de Salvador Illa: una centralidad ficticia ligada al socialismo sanchista y alejada de las necesidades reales de los catalanes\" \/>\n<meta name=\"robots\" content=\"index, follow, max-snippet:-1, max-image-preview:large, max-video-preview:-1\" \/>\n<link rel=\"canonical\" href=\"https:\/\/conversesacatalunya.cat\/es\/illa-no-puede-aspirar-a-la-centralidad-en-la-politica-catalana-el-vacio-continua\/\" \/>\n<meta property=\"og:locale\" content=\"es_ES\" \/>\n<meta property=\"og:type\" content=\"article\" \/>\n<meta property=\"og:title\" content=\"Illa no puede aspirar a la centralidad en la pol\u00edtica catalana: el vac\u00edo contin\u00faa - Converses a Catalunya\" \/>\n<meta property=\"og:description\" content=\"El PSC de Salvador Illa: una centralidad ficticia ligada al socialismo sanchista y alejada de las necesidades reales de los catalanes\" \/>\n<meta property=\"og:url\" content=\"https:\/\/conversesacatalunya.cat\/es\/illa-no-puede-aspirar-a-la-centralidad-en-la-politica-catalana-el-vacio-continua\/\" \/>\n<meta property=\"og:site_name\" content=\"Converses a Catalunya\" \/>\n<meta property=\"article:published_time\" content=\"2024-10-17T10:02:30+00:00\" \/>\n<meta property=\"article:modified_time\" content=\"2024-10-17T11:22:25+00:00\" \/>\n<meta property=\"og:image\" content=\"https:\/\/conversesacatalunya.cat\/wp-content\/uploads\/2021\/02\/illa-1.jpg\" \/>\n\t<meta property=\"og:image:width\" content=\"1000\" \/>\n\t<meta property=\"og:image:height\" content=\"567\" \/>\n\t<meta property=\"og:image:type\" content=\"image\/jpeg\" \/>\n<meta name=\"author\" content=\"Enric Casanovas\" \/>\n<meta name=\"twitter:card\" content=\"summary_large_image\" \/>\n<meta name=\"twitter:label1\" content=\"Escrito por\" \/>\n\t<meta name=\"twitter:data1\" content=\"Enric Casanovas\" \/>\n\t<meta name=\"twitter:label2\" content=\"Tiempo de lectura\" \/>\n\t<meta name=\"twitter:data2\" content=\"5 minutos\" \/>\n<script type=\"application\/ld+json\" class=\"yoast-schema-graph\">{\"@context\":\"https:\/\/schema.org\",\"@graph\":[{\"@type\":\"Article\",\"@id\":\"https:\/\/conversesacatalunya.cat\/es\/illa-no-puede-aspirar-a-la-centralidad-en-la-politica-catalana-el-vacio-continua\/#article\",\"isPartOf\":{\"@id\":\"https:\/\/conversesacatalunya.cat\/es\/illa-no-puede-aspirar-a-la-centralidad-en-la-politica-catalana-el-vacio-continua\/\"},\"author\":{\"name\":\"Enric Casanovas\",\"@id\":\"https:\/\/conversesacatalunya.cat\/#\/schema\/person\/79bd0577b2f3afc8d6519d207c6e8609\"},\"headline\":\"Illa no puede aspirar a la centralidad en la pol\u00edtica catalana: el vac\u00edo contin\u00faa\",\"datePublished\":\"2024-10-17T10:02:30+00:00\",\"dateModified\":\"2024-10-17T11:22:25+00:00\",\"mainEntityOfPage\":{\"@id\":\"https:\/\/conversesacatalunya.cat\/es\/illa-no-puede-aspirar-a-la-centralidad-en-la-politica-catalana-el-vacio-continua\/\"},\"wordCount\":964,\"commentCount\":0,\"image\":{\"@id\":\"https:\/\/conversesacatalunya.cat\/es\/illa-no-puede-aspirar-a-la-centralidad-en-la-politica-catalana-el-vacio-continua\/#primaryimage\"},\"thumbnailUrl\":\"https:\/\/conversesacatalunya.cat\/wp-content\/uploads\/2021\/02\/illa-1.jpg\",\"keywords\":[\"Salvador Illa\"],\"articleSection\":[\"Punts clau del dia (ES)\"],\"inLanguage\":\"es\",\"potentialAction\":[{\"@type\":\"CommentAction\",\"name\":\"Comment\",\"target\":[\"https:\/\/conversesacatalunya.cat\/es\/illa-no-puede-aspirar-a-la-centralidad-en-la-politica-catalana-el-vacio-continua\/#respond\"]}]},{\"@type\":\"WebPage\",\"@id\":\"https:\/\/conversesacatalunya.cat\/es\/illa-no-puede-aspirar-a-la-centralidad-en-la-politica-catalana-el-vacio-continua\/\",\"url\":\"https:\/\/conversesacatalunya.cat\/es\/illa-no-puede-aspirar-a-la-centralidad-en-la-politica-catalana-el-vacio-continua\/\",\"name\":\"Illa no puede aspirar a la centralidad en la pol\u00edtica catalana: el vac\u00edo contin\u00faa - Converses a Catalunya\",\"isPartOf\":{\"@id\":\"https:\/\/conversesacatalunya.cat\/#website\"},\"primaryImageOfPage\":{\"@id\":\"https:\/\/conversesacatalunya.cat\/es\/illa-no-puede-aspirar-a-la-centralidad-en-la-politica-catalana-el-vacio-continua\/#primaryimage\"},\"image\":{\"@id\":\"https:\/\/conversesacatalunya.cat\/es\/illa-no-puede-aspirar-a-la-centralidad-en-la-politica-catalana-el-vacio-continua\/#primaryimage\"},\"thumbnailUrl\":\"https:\/\/conversesacatalunya.cat\/wp-content\/uploads\/2021\/02\/illa-1.jpg\",\"datePublished\":\"2024-10-17T10:02:30+00:00\",\"dateModified\":\"2024-10-17T11:22:25+00:00\",\"author\":{\"@id\":\"https:\/\/conversesacatalunya.cat\/#\/schema\/person\/79bd0577b2f3afc8d6519d207c6e8609\"},\"description\":\"El PSC de Salvador Illa: una centralidad ficticia ligada al socialismo sanchista y alejada de las necesidades reales de los catalanes\",\"breadcrumb\":{\"@id\":\"https:\/\/conversesacatalunya.cat\/es\/illa-no-puede-aspirar-a-la-centralidad-en-la-politica-catalana-el-vacio-continua\/#breadcrumb\"},\"inLanguage\":\"es\",\"potentialAction\":[{\"@type\":\"ReadAction\",\"target\":[\"https:\/\/conversesacatalunya.cat\/es\/illa-no-puede-aspirar-a-la-centralidad-en-la-politica-catalana-el-vacio-continua\/\"]}]},{\"@type\":\"ImageObject\",\"inLanguage\":\"es\",\"@id\":\"https:\/\/conversesacatalunya.cat\/es\/illa-no-puede-aspirar-a-la-centralidad-en-la-politica-catalana-el-vacio-continua\/#primaryimage\",\"url\":\"https:\/\/conversesacatalunya.cat\/wp-content\/uploads\/2021\/02\/illa-1.jpg\",\"contentUrl\":\"https:\/\/conversesacatalunya.cat\/wp-content\/uploads\/2021\/02\/illa-1.jpg\",\"width\":1000,\"height\":567,\"caption\":\"Salvador Illa\"},{\"@type\":\"BreadcrumbList\",\"@id\":\"https:\/\/conversesacatalunya.cat\/es\/illa-no-puede-aspirar-a-la-centralidad-en-la-politica-catalana-el-vacio-continua\/#breadcrumb\",\"itemListElement\":[{\"@type\":\"ListItem\",\"position\":1,\"name\":\"Inici\",\"item\":\"https:\/\/conversesacatalunya.cat\/es\/\"},{\"@type\":\"ListItem\",\"position\":2,\"name\":\"Illa no puede aspirar a la centralidad en la pol\u00edtica catalana: el vac\u00edo contin\u00faa\"}]},{\"@type\":\"WebSite\",\"@id\":\"https:\/\/conversesacatalunya.cat\/#website\",\"url\":\"https:\/\/conversesacatalunya.cat\/\",\"name\":\"Converses a Catalunya\",\"description\":\"\",\"potentialAction\":[{\"@type\":\"SearchAction\",\"target\":{\"@type\":\"EntryPoint\",\"urlTemplate\":\"https:\/\/conversesacatalunya.cat\/?s={search_term_string}\"},\"query-input\":{\"@type\":\"PropertyValueSpecification\",\"valueRequired\":true,\"valueName\":\"search_term_string\"}}],\"inLanguage\":\"es\"},{\"@type\":\"Person\",\"@id\":\"https:\/\/conversesacatalunya.cat\/#\/schema\/person\/79bd0577b2f3afc8d6519d207c6e8609\",\"name\":\"Enric Casanovas\",\"image\":{\"@type\":\"ImageObject\",\"inLanguage\":\"es\",\"@id\":\"https:\/\/conversesacatalunya.cat\/#\/schema\/person\/image\/\",\"url\":\"https:\/\/conversesacatalunya.cat\/wp-content\/litespeed\/avatar\/7ae4379ad4421ec77820e92afd36dd78.jpg?ver=1777373933\",\"contentUrl\":\"https:\/\/conversesacatalunya.cat\/wp-content\/litespeed\/avatar\/7ae4379ad4421ec77820e92afd36dd78.jpg?ver=1777373933\",\"caption\":\"Enric Casanovas\"},\"url\":\"https:\/\/conversesacatalunya.cat\/es\/author\/enric-casanovas\/\"}]}<\/script>\n<!-- \/ Yoast SEO plugin. -->","yoast_head_json":{"title":"Illa no puede aspirar a la centralidad en la pol\u00edtica catalana: el vac\u00edo contin\u00faa - Converses a Catalunya","description":"El PSC de Salvador Illa: una centralidad ficticia ligada al socialismo sanchista y alejada de las necesidades reales de los catalanes","robots":{"index":"index","follow":"follow","max-snippet":"max-snippet:-1","max-image-preview":"max-image-preview:large","max-video-preview":"max-video-preview:-1"},"canonical":"https:\/\/conversesacatalunya.cat\/es\/illa-no-puede-aspirar-a-la-centralidad-en-la-politica-catalana-el-vacio-continua\/","og_locale":"es_ES","og_type":"article","og_title":"Illa no puede aspirar a la centralidad en la pol\u00edtica catalana: el vac\u00edo contin\u00faa - Converses a Catalunya","og_description":"El PSC de Salvador Illa: una centralidad ficticia ligada al socialismo sanchista y alejada de las necesidades reales de los catalanes","og_url":"https:\/\/conversesacatalunya.cat\/es\/illa-no-puede-aspirar-a-la-centralidad-en-la-politica-catalana-el-vacio-continua\/","og_site_name":"Converses a Catalunya","article_published_time":"2024-10-17T10:02:30+00:00","article_modified_time":"2024-10-17T11:22:25+00:00","og_image":[{"width":1000,"height":567,"url":"https:\/\/conversesacatalunya.cat\/wp-content\/uploads\/2021\/02\/illa-1.jpg","type":"image\/jpeg"}],"author":"Enric Casanovas","twitter_card":"summary_large_image","twitter_misc":{"Escrito por":"Enric Casanovas","Tiempo de lectura":"5 minutos"},"schema":{"@context":"https:\/\/schema.org","@graph":[{"@type":"Article","@id":"https:\/\/conversesacatalunya.cat\/es\/illa-no-puede-aspirar-a-la-centralidad-en-la-politica-catalana-el-vacio-continua\/#article","isPartOf":{"@id":"https:\/\/conversesacatalunya.cat\/es\/illa-no-puede-aspirar-a-la-centralidad-en-la-politica-catalana-el-vacio-continua\/"},"author":{"name":"Enric Casanovas","@id":"https:\/\/conversesacatalunya.cat\/#\/schema\/person\/79bd0577b2f3afc8d6519d207c6e8609"},"headline":"Illa no puede aspirar a la centralidad en la pol\u00edtica catalana: el vac\u00edo contin\u00faa","datePublished":"2024-10-17T10:02:30+00:00","dateModified":"2024-10-17T11:22:25+00:00","mainEntityOfPage":{"@id":"https:\/\/conversesacatalunya.cat\/es\/illa-no-puede-aspirar-a-la-centralidad-en-la-politica-catalana-el-vacio-continua\/"},"wordCount":964,"commentCount":0,"image":{"@id":"https:\/\/conversesacatalunya.cat\/es\/illa-no-puede-aspirar-a-la-centralidad-en-la-politica-catalana-el-vacio-continua\/#primaryimage"},"thumbnailUrl":"https:\/\/conversesacatalunya.cat\/wp-content\/uploads\/2021\/02\/illa-1.jpg","keywords":["Salvador Illa"],"articleSection":["Punts clau del dia (ES)"],"inLanguage":"es","potentialAction":[{"@type":"CommentAction","name":"Comment","target":["https:\/\/conversesacatalunya.cat\/es\/illa-no-puede-aspirar-a-la-centralidad-en-la-politica-catalana-el-vacio-continua\/#respond"]}]},{"@type":"WebPage","@id":"https:\/\/conversesacatalunya.cat\/es\/illa-no-puede-aspirar-a-la-centralidad-en-la-politica-catalana-el-vacio-continua\/","url":"https:\/\/conversesacatalunya.cat\/es\/illa-no-puede-aspirar-a-la-centralidad-en-la-politica-catalana-el-vacio-continua\/","name":"Illa no puede aspirar a la centralidad en la pol\u00edtica catalana: el vac\u00edo contin\u00faa - Converses a Catalunya","isPartOf":{"@id":"https:\/\/conversesacatalunya.cat\/#website"},"primaryImageOfPage":{"@id":"https:\/\/conversesacatalunya.cat\/es\/illa-no-puede-aspirar-a-la-centralidad-en-la-politica-catalana-el-vacio-continua\/#primaryimage"},"image":{"@id":"https:\/\/conversesacatalunya.cat\/es\/illa-no-puede-aspirar-a-la-centralidad-en-la-politica-catalana-el-vacio-continua\/#primaryimage"},"thumbnailUrl":"https:\/\/conversesacatalunya.cat\/wp-content\/uploads\/2021\/02\/illa-1.jpg","datePublished":"2024-10-17T10:02:30+00:00","dateModified":"2024-10-17T11:22:25+00:00","author":{"@id":"https:\/\/conversesacatalunya.cat\/#\/schema\/person\/79bd0577b2f3afc8d6519d207c6e8609"},"description":"El PSC de Salvador Illa: una centralidad ficticia ligada al socialismo sanchista y alejada de las necesidades reales de los catalanes","breadcrumb":{"@id":"https:\/\/conversesacatalunya.cat\/es\/illa-no-puede-aspirar-a-la-centralidad-en-la-politica-catalana-el-vacio-continua\/#breadcrumb"},"inLanguage":"es","potentialAction":[{"@type":"ReadAction","target":["https:\/\/conversesacatalunya.cat\/es\/illa-no-puede-aspirar-a-la-centralidad-en-la-politica-catalana-el-vacio-continua\/"]}]},{"@type":"ImageObject","inLanguage":"es","@id":"https:\/\/conversesacatalunya.cat\/es\/illa-no-puede-aspirar-a-la-centralidad-en-la-politica-catalana-el-vacio-continua\/#primaryimage","url":"https:\/\/conversesacatalunya.cat\/wp-content\/uploads\/2021\/02\/illa-1.jpg","contentUrl":"https:\/\/conversesacatalunya.cat\/wp-content\/uploads\/2021\/02\/illa-1.jpg","width":1000,"height":567,"caption":"Salvador Illa"},{"@type":"BreadcrumbList","@id":"https:\/\/conversesacatalunya.cat\/es\/illa-no-puede-aspirar-a-la-centralidad-en-la-politica-catalana-el-vacio-continua\/#breadcrumb","itemListElement":[{"@type":"ListItem","position":1,"name":"Inici","item":"https:\/\/conversesacatalunya.cat\/es\/"},{"@type":"ListItem","position":2,"name":"Illa no puede aspirar a la centralidad en la pol\u00edtica catalana: el vac\u00edo contin\u00faa"}]},{"@type":"WebSite","@id":"https:\/\/conversesacatalunya.cat\/#website","url":"https:\/\/conversesacatalunya.cat\/","name":"Converses a Catalunya","description":"","potentialAction":[{"@type":"SearchAction","target":{"@type":"EntryPoint","urlTemplate":"https:\/\/conversesacatalunya.cat\/?s={search_term_string}"},"query-input":{"@type":"PropertyValueSpecification","valueRequired":true,"valueName":"search_term_string"}}],"inLanguage":"es"},{"@type":"Person","@id":"https:\/\/conversesacatalunya.cat\/#\/schema\/person\/79bd0577b2f3afc8d6519d207c6e8609","name":"Enric Casanovas","image":{"@type":"ImageObject","inLanguage":"es","@id":"https:\/\/conversesacatalunya.cat\/#\/schema\/person\/image\/","url":"https:\/\/conversesacatalunya.cat\/wp-content\/litespeed\/avatar\/7ae4379ad4421ec77820e92afd36dd78.jpg?ver=1777373933","contentUrl":"https:\/\/conversesacatalunya.cat\/wp-content\/litespeed\/avatar\/7ae4379ad4421ec77820e92afd36dd78.jpg?ver=1777373933","caption":"Enric Casanovas"},"url":"https:\/\/conversesacatalunya.cat\/es\/author\/enric-casanovas\/"}]}},"wps_subtitle":"El PSC de Salvador Illa: una centralidad ficticia ligada al socialismo sanchista y alejada de las necesidades reales de los catalanes","_links":{"self":[{"href":"https:\/\/conversesacatalunya.cat\/es\/wp-json\/wp\/v2\/posts\/82701","targetHints":{"allow":["GET"]}}],"collection":[{"href":"https:\/\/conversesacatalunya.cat\/es\/wp-json\/wp\/v2\/posts"}],"about":[{"href":"https:\/\/conversesacatalunya.cat\/es\/wp-json\/wp\/v2\/types\/post"}],"author":[{"embeddable":true,"href":"https:\/\/conversesacatalunya.cat\/es\/wp-json\/wp\/v2\/users\/77"}],"replies":[{"embeddable":true,"href":"https:\/\/conversesacatalunya.cat\/es\/wp-json\/wp\/v2\/comments?post=82701"}],"version-history":[{"count":2,"href":"https:\/\/conversesacatalunya.cat\/es\/wp-json\/wp\/v2\/posts\/82701\/revisions"}],"predecessor-version":[{"id":82703,"href":"https:\/\/conversesacatalunya.cat\/es\/wp-json\/wp\/v2\/posts\/82701\/revisions\/82703"}],"wp:featuredmedia":[{"embeddable":true,"href":"https:\/\/conversesacatalunya.cat\/es\/wp-json\/wp\/v2\/media\/44939"}],"wp:attachment":[{"href":"https:\/\/conversesacatalunya.cat\/es\/wp-json\/wp\/v2\/media?parent=82701"}],"wp:term":[{"taxonomy":"category","embeddable":true,"href":"https:\/\/conversesacatalunya.cat\/es\/wp-json\/wp\/v2\/categories?post=82701"},{"taxonomy":"post_tag","embeddable":true,"href":"https:\/\/conversesacatalunya.cat\/es\/wp-json\/wp\/v2\/tags?post=82701"}],"curies":[{"name":"wp","href":"https:\/\/api.w.org\/{rel}","templated":true}]}}