{"id":82670,"date":"2024-10-16T11:04:24","date_gmt":"2024-10-16T09:04:24","guid":{"rendered":"https:\/\/conversesacatalunya.cat\/sis-anys-de-govern-sanchez-un-zero-en-habitatge\/"},"modified":"2024-10-16T12:17:11","modified_gmt":"2024-10-16T10:17:11","slug":"seis-anos-de-gobierno-sanchez-un-cero-en-vivienda","status":"publish","type":"post","link":"https:\/\/conversesacatalunya.cat\/es\/seis-anos-de-gobierno-sanchez-un-cero-en-vivienda\/","title":{"rendered":"Seis a\u00f1os de gobierno S\u00e1nchez, un cero en vivienda"},"content":{"rendered":"<p><span>Es obvio que el problema de la vivienda en Espa\u00f1a es una cuesti\u00f3n compleja que afecta a amplias capas de la poblaci\u00f3n. Sin embargo, su complejidad no es excusa para que, <\/span><strong><span>despu\u00e9s de seis a\u00f1os de gobierno de S\u00e1nchez<\/span><\/strong><span>, la situaci\u00f3n haya empeorado radicalmente hasta convertirse en cr\u00edtica, condicionando gravemente la vida y el futuro de muchas personas y afectando negativamente a la econom\u00eda.<\/span><\/p>\n<p><span>Un factor determinante de la crisis es\u00a0<\/span><strong><span>el aumento de los precios<\/span><\/strong><span>. En los \u00faltimos a\u00f1os, Espa\u00f1a ha experimentado un importante incremento en los precios de la vivienda, tanto en la compra como en el alquiler. Seg\u00fan datos del Instituto Nacional de Estad\u00edstica (INE), los precios subieron especialmente en las grandes ciudades, como Madrid y Barcelona, \u200b\u200bdificultando el acceso a la vivienda para j\u00f3venes y familias con ingresos medios y bajos. Un factor clave es\u00a0<\/span><strong><span>la escasez de vivienda social<\/span><\/strong><span>.<\/span><\/p>\n<p><span>Espa\u00f1a cuenta con uno de los porcentajes m\u00e1s bajos de vivienda social en Europa, limitando las opciones asequibles para los sectores m\u00e1s vulnerables de la poblaci\u00f3n. Falta inversi\u00f3n sostenida en vivienda p\u00fablica. Adem\u00e1s, la proliferaci\u00f3n de viviendas tur\u00edsticas ha influido en el aumento de los precios y la gentrificaci\u00f3n de ciertos barrios. En cuanto a la inversi\u00f3n especulativa, no es un factor decisivo, puesto que s\u00f3lo el 8% de las viviendas de alquiler est\u00e1n en manos de grandes tenedores; el 92% son peque\u00f1os propietarios, de los cuales el 90% tienen s\u00f3lo una vivienda para el alquiler.<\/span><\/p>\n<p><span>Tambi\u00e9n cabe se\u00f1alar que el problema de la vivienda est\u00e1 ligado a las\u00a0<\/span><strong><span>actuaciones urban\u00edsticas y a la ordenaci\u00f3n territorial<\/span><\/strong><span>. Mientras que en las zonas urbanas y tur\u00edsticas el acceso a la vivienda es cada vez m\u00e1s dif\u00edcil, en las \u00e1reas rurales existe un exceso de viviendas vac\u00edas, reflejando desequilibrios en la distribuci\u00f3n poblacional y econ\u00f3mica. Los inmigrantes tienden a concentrarse en las grandes ciudades, lo que contribuye a aumentar la demanda. El gobierno no dispone de pol\u00edticas para hacer frente a estos desequilibrios.<\/span><\/p>\n<p><span>Desde su llegada al poder en 2018, el gobierno de Pedro S\u00e1nchez ha tenido que enfrentarse al reto de la vivienda. Sin embargo, ha prometido mucho y ha hecho poco.<\/span><\/p>\n<p><span>Ha aplicado pol\u00edticas de regulaci\u00f3n del alquiler recientemente, con medidas para\u00a0<\/span><strong><span>limitar el aumento en zonas tensionadas<\/span><\/strong><span>. La Ley por el Derecho a la Vivienda, aprobada en mayo de 2023, incluye mecanismos para controlar los precios en estas \u00e1reas. Sin embargo, fue objeto de debate, con cr\u00edticas que se\u00f1alan posibles efectos adversos, como la reducci\u00f3n de la oferta de alquiler, tal y como ya se empieza a ver en Catalunya.<\/span><\/p>\n<p><span>El gobierno ha anunciado planes para aumentar el parque de vivienda p\u00fablica en 20.000 unidades. Sin embargo, la ejecuci\u00f3n de estos planes es\u00a0<\/span><strong><span>a largo plazo y requiere coordinaci\u00f3n con comunidades aut\u00f3nomas y ayuntamientos<\/span><\/strong><span>. Pese a los anuncios realizados en el pasado, la realidad es que no se han traducido en hechos.<\/span><\/p>\n<p><span>Otra l\u00ednea ha sido la\u00a0<\/span><strong><span>movilizaci\u00f3n de viviendas vac\u00edas<\/span><\/strong><span>. Se han establecido incentivos y penalizaciones para aumentar la oferta de alquiler, pero estas medidas han tenido una efectividad limitada.<\/span><\/p>\n<p><span>Las medidas de protecci\u00f3n frente a desahucios con moratorias y suspensiones para proteger a las personas vulnerables, iniciadas durante la pandemia, se han extendido, pero esta pol\u00edtica ha tenido un efecto contraproducente porque transfiere el problema al sector privado, y\u00a0<\/span><strong><span>no es el Estado quien asume este d\u00e9ficit social<\/span><\/strong><span>. Esto disuade a\u00fan m\u00e1s a la promoci\u00f3n de vivienda de pago, ya que nadie quiere quedar expuesto a tener el piso ocupado y a soportar los gastos sin disponer de ingresos.<\/span><\/p>\n<p><span>Se han establecido subvenciones y bonos j\u00f3venes para facilitar el acceso al alquiler. Sin embargo, la burocracia y los requisitos estrictos han dificultado su alcance. Tambi\u00e9n se han implementado facilidades para acceder a hipotecas en el caso de los j\u00f3venes, pero la carencia de dimensi\u00f3n y el mal dise\u00f1o de estas pol\u00edticas las convierten en irrelevantes.<\/span><\/p>\n<p><span>Aunque el gobierno ha reconocido el problema y ha implementado pol\u00edticas, los resultados han sido limitados hasta ahora.\u00a0<\/span><strong><span>Los precios de la vivienda contin\u00faan al alza<\/span><\/strong><span>, y el acceso sigue siendo complicado para muchas personas. Adem\u00e1s, la necesaria colaboraci\u00f3n institucional no existe: la vivienda es una competencia compartida entre el gobierno central y las comunidades aut\u00f3nomas. Las diferencias pol\u00edticas y la carencia de coordinaci\u00f3n han obstaculizado la implementaci\u00f3n efectiva de las pol\u00edticas.<\/span><\/p>\n<p><span>Representantes del sector advierten de que medidas como el control de rentas pueden desincentivar la inversi\u00f3n y reducir la oferta de viviendas en alquiler.<\/span><\/p>\n<p><span>El problema de la vivienda en Espa\u00f1a se enmarca en discusiones m\u00e1s amplias sobre el papel de las instituciones en la econom\u00eda, como exploran Daron Acemoglu y James A. Robinson en\u00a0<\/span><em><span>\u201cPor qu\u00e9 fracasan los pa\u00edses\u201d<\/span><\/em><span>\u00a0. Tambi\u00e9n hay que considerar c\u00f3mo las pol\u00edticas gubernamentales\u00a0<\/span><a href=\"https:\/\/conversesacatalunya-cat.translate.goog\/la-situacio-economica-del-pais-i-lhabitatge-la-solucio-no-es-la-puntada-endavant\/?_x_tr_sl=ca&amp;_x_tr_tl=es&amp;_x_tr_hl=es&amp;_x_tr_pto=wapp\" target=\"_blank\" rel=\"noopener\"><span>afectan al mercado de la vivienda<\/span><\/a><span>\u00a0, tal y como se\u00f1ala Douglass C. North en\u00a0<\/span><em><span>\u201cInstitutions, Institutional Change and Economic Performance\u201d<\/span><\/em><span>\u00a0.<\/span><\/p>\n<p><span>Desde que Pedro S\u00e1nchez asumi\u00f3 el poder en junio de 2018,\u00a0<\/span><strong><span>la construcci\u00f3n de vivienda social no ha alcanzado los niveles de d\u00e9cadas anteriores<\/span><\/strong><span>: entre 2019 y 2022 se iniciaron unas 13.000 a 15.000 viviendas protegidas anualmente, muy lejos de las 80.000 que se construyen entre 2003 y 2010. La cifra de vivienda social sigue siendo muy inferior a la media europea, con s\u00f3lo 0,9 viviendas sociales por cada 100 habitantes.<\/span><\/p>\n<div id=\"polls-258\" class=\"wp-polls\">\n\t<form id=\"polls_form_258\" class=\"wp-polls-form\" action=\"\/index.php\" method=\"post\">\n\t\t<p style=\"display: none;\"><input type=\"hidden\" id=\"poll_258_nonce\" name=\"wp-polls-nonce\" value=\"5ee0fa42b2\" \/><\/p>\n\t\t<p style=\"display: none;\"><input type=\"hidden\" name=\"poll_id\" value=\"258\" \/><\/p>\n\t\t<p style=\"text-align: center\"><strong>Creus que hi ha base suficient perqu\u00e8 el PP hagi presentat una querella contra el PSOE per finan\u00e7ament il\u00b7legal, suborn i tr\u00e0fic d'influ\u00e8ncies?<\/strong><\/p><div id=\"polls-258-ans\" class=\"wp-polls-ans\"><ul class=\"wp-polls-ul\">\n\t\t<li><input type=\"radio\" id=\"poll-answer-726\" name=\"poll_258\" value=\"726\" \/> <label for=\"poll-answer-726\">S\u00ed<\/label><\/li>\n\t\t<li><input type=\"radio\" id=\"poll-answer-727\" name=\"poll_258\" value=\"727\" \/> <label for=\"poll-answer-727\">No<\/label><\/li>\n\t\t<li><input type=\"radio\" id=\"poll-answer-728\" name=\"poll_258\" value=\"728\" \/> <label for=\"poll-answer-728\">No ho s\u00e9<\/label><\/li>\n\t\t<\/ul><p style=\"text-align: center\"><input type=\"button\" name=\"vote\" value=\"   Vota   \" class=\"Buttons\" onclick=\"poll_vote(258);\" \/><\/p><p style=\"text-align: center\"><a href=\"#ViewPollResults\" onclick=\"poll_result(258); return false;\" title=\"View Results Of This Poll\">Mira els resultats<\/a><\/p><\/div>\n\t<\/form>\n<\/div>\n<div id=\"polls-258-loading\" class=\"wp-polls-loading\"><img decoding=\"async\" data-src=\"https:\/\/conversesacatalunya.cat\/wp-content\/plugins\/wp-polls\/images\/loading.gif\" width=\"16\" height=\"16\" alt=\"Cargando ...\" title=\"Cargando ...\" class=\"wp-polls-image lazyload\" src=\"data:image\/svg+xml;base64,PHN2ZyB3aWR0aD0iMSIgaGVpZ2h0PSIxIiB4bWxucz0iaHR0cDovL3d3dy53My5vcmcvMjAwMC9zdmciPjwvc3ZnPg==\" style=\"--smush-placeholder-width: 16px; --smush-placeholder-aspect-ratio: 16\/16;\" \/>&nbsp;Cargando ...<\/div>\n\n","protected":false},"excerpt":{"rendered":"<p>Es obvio que el problema de la vivienda en Espa\u00f1a es una cuesti\u00f3n compleja que afecta a amplias capas de la poblaci\u00f3n. Sin embargo, su complejidad no es excusa para que, despu\u00e9s de seis a\u00f1os de gobierno de S\u00e1nchez, la situaci\u00f3n haya empeorado radicalmente hasta convertirse en cr\u00edtica, condicionando gravemente la vida y el futuro de muchas personas y afectando negativamente a la econom\u00eda. Un factor determinante de la crisis es\u00a0el aumento de los precios. En los \u00faltimos a\u00f1os, Espa\u00f1a ha experimentado un importante incremento en los precios de la vivienda, tanto en la compra como en el alquiler. Seg\u00fan datos del Instituto Nacional de Estad\u00edstica (INE), los precios subieron especialmente en las grandes ciudades, como Madrid y Barcelona, \u200b\u200bdificultando el acceso a la vivienda para j\u00f3venes y familias con ingresos medios y bajos. Un factor clave es\u00a0la escasez de vivienda social. Espa\u00f1a cuenta con uno de los porcentajes m\u00e1s bajos de vivienda social en Europa, limitando las opciones asequibles para los sectores m\u00e1s vulnerables de la poblaci\u00f3n. Falta inversi\u00f3n sostenida en vivienda p\u00fablica. Adem\u00e1s, la proliferaci\u00f3n de viviendas tur\u00edsticas ha influido en el aumento de los precios y la gentrificaci\u00f3n de ciertos barrios. En cuanto a la inversi\u00f3n especulativa, no es un factor decisivo, puesto que s\u00f3lo el 8% de las viviendas de alquiler est\u00e1n en manos de grandes tenedores; el 92% son peque\u00f1os propietarios, de los cuales el 90% tienen s\u00f3lo una vivienda para el alquiler. Tambi\u00e9n cabe se\u00f1alar que el problema de la vivienda est\u00e1 ligado a las\u00a0actuaciones urban\u00edsticas y a la ordenaci\u00f3n territorial. Mientras que en las zonas urbanas y tur\u00edsticas el acceso a la vivienda es cada vez m\u00e1s dif\u00edcil, en las \u00e1reas rurales existe un exceso de viviendas vac\u00edas, reflejando desequilibrios en la distribuci\u00f3n poblacional y econ\u00f3mica. Los inmigrantes tienden a concentrarse en las grandes ciudades, lo que contribuye a aumentar la demanda. El gobierno no dispone de pol\u00edticas para hacer frente a estos desequilibrios. Desde su llegada al poder en 2018, el gobierno de Pedro S\u00e1nchez ha tenido que enfrentarse al reto de la vivienda. Sin embargo, ha prometido mucho y ha hecho poco. Ha aplicado pol\u00edticas de regulaci\u00f3n del alquiler recientemente, con medidas para\u00a0limitar el aumento en zonas tensionadas. La Ley por el Derecho a la Vivienda, aprobada en mayo de 2023, incluye mecanismos para controlar los precios en estas \u00e1reas. Sin embargo, fue objeto de debate, con cr\u00edticas que se\u00f1alan posibles efectos adversos, como la reducci\u00f3n de la oferta de alquiler, tal y como ya se empieza a ver en Catalunya. El gobierno ha anunciado planes para aumentar el parque de vivienda p\u00fablica en 20.000 unidades. Sin embargo, la ejecuci\u00f3n de estos planes es\u00a0a largo plazo y requiere coordinaci\u00f3n con comunidades aut\u00f3nomas y ayuntamientos. Pese a los anuncios realizados en el pasado, la realidad es que no se han traducido en hechos. Otra l\u00ednea ha sido la\u00a0movilizaci\u00f3n de viviendas vac\u00edas. Se han establecido incentivos y penalizaciones para aumentar la oferta de alquiler, pero estas medidas han tenido una efectividad limitada. Las medidas de protecci\u00f3n frente a desahucios con moratorias y suspensiones para proteger a las personas vulnerables, iniciadas durante la pandemia, se han extendido, pero esta pol\u00edtica ha tenido un efecto contraproducente porque transfiere el problema al sector privado, y\u00a0no es el Estado quien asume este d\u00e9ficit social. Esto disuade a\u00fan m\u00e1s a la promoci\u00f3n de vivienda de pago, ya que nadie quiere quedar expuesto a tener el piso ocupado y a soportar los gastos sin disponer de ingresos. Se han establecido subvenciones y bonos j\u00f3venes para facilitar el acceso al alquiler. Sin embargo, la burocracia y los requisitos estrictos han dificultado su alcance. Tambi\u00e9n se han implementado facilidades para acceder a hipotecas en el caso de los j\u00f3venes, pero la carencia de dimensi\u00f3n y el mal dise\u00f1o de estas pol\u00edticas las convierten en irrelevantes. Aunque el gobierno ha reconocido el problema y ha implementado pol\u00edticas, los resultados han sido limitados hasta ahora.\u00a0Los precios de la vivienda contin\u00faan al alza, y el acceso sigue siendo complicado para muchas personas. Adem\u00e1s, la necesaria colaboraci\u00f3n institucional no existe: la vivienda es una competencia compartida entre el gobierno central y las comunidades aut\u00f3nomas. Las diferencias pol\u00edticas y la carencia de coordinaci\u00f3n han obstaculizado la implementaci\u00f3n efectiva de las pol\u00edticas. Representantes del sector advierten de que medidas como el control de rentas pueden desincentivar la inversi\u00f3n y reducir la oferta de viviendas en alquiler. El problema de la vivienda en Espa\u00f1a se enmarca en discusiones m\u00e1s amplias sobre el papel de las instituciones en la econom\u00eda, como exploran Daron Acemoglu y James A. Robinson en\u00a0\u201cPor qu\u00e9 fracasan los pa\u00edses\u201d\u00a0. Tambi\u00e9n hay que considerar c\u00f3mo las pol\u00edticas gubernamentales\u00a0afectan al mercado de la vivienda\u00a0, tal y como se\u00f1ala Douglass C. North en\u00a0\u201cInstitutions, Institutional Change and Economic Performance\u201d\u00a0. Desde que Pedro S\u00e1nchez asumi\u00f3 el poder en junio de 2018,\u00a0la construcci\u00f3n de vivienda social no ha alcanzado los niveles de d\u00e9cadas anteriores: entre 2019 y 2022 se iniciaron unas 13.000 a 15.000 viviendas protegidas anualmente, muy lejos de las 80.000 que se construyen entre 2003 y 2010. La cifra de vivienda social sigue siendo muy inferior a la media europea, con s\u00f3lo 0,9 viviendas sociales por cada 100 habitantes.<\/p>\n","protected":false},"author":78,"featured_media":82658,"comment_status":"open","ping_status":"open","sticky":false,"template":"","format":"standard","meta":{"_FSMCFIC_featured_image_caption":"","_FSMCFIC_featured_image_nocaption":"","_FSMCFIC_featured_image_hide":"","footnotes":""},"categories":[806],"tags":[1026,1035],"class_list":["post-82670","post","type-post","status-publish","format-standard","has-post-thumbnail","hentry","category-punts-claus-del-dia-es","tag-habitatge-es","tag-vivienda"],"yoast_head":"<!-- This site is optimized with the Yoast SEO plugin v26.8 - https:\/\/yoast.com\/product\/yoast-seo-wordpress\/ -->\n<title>Seis a\u00f1os de gobierno S\u00e1nchez, un cero en vivienda - Converses a Catalunya<\/title>\n<meta name=\"description\" content=\"Seis a\u00f1os de promesas incumplidas y pol\u00edticas ineficaces han empeorado la crisis de la vivienda en Espa\u00f1a, sin soluciones reales a la vista\" \/>\n<meta name=\"robots\" content=\"index, follow, max-snippet:-1, max-image-preview:large, max-video-preview:-1\" \/>\n<link rel=\"canonical\" href=\"https:\/\/conversesacatalunya.cat\/es\/seis-anos-de-gobierno-sanchez-un-cero-en-vivienda\/\" \/>\n<meta property=\"og:locale\" content=\"es_ES\" \/>\n<meta property=\"og:type\" content=\"article\" \/>\n<meta property=\"og:title\" content=\"Seis a\u00f1os de gobierno S\u00e1nchez, un cero en vivienda - Converses a Catalunya\" \/>\n<meta property=\"og:description\" content=\"Seis a\u00f1os de promesas incumplidas y pol\u00edticas ineficaces han empeorado la crisis de la vivienda en Espa\u00f1a, sin soluciones reales a la vista\" \/>\n<meta property=\"og:url\" content=\"https:\/\/conversesacatalunya.cat\/es\/seis-anos-de-gobierno-sanchez-un-cero-en-vivienda\/\" \/>\n<meta property=\"og:site_name\" content=\"Converses a Catalunya\" \/>\n<meta property=\"article:published_time\" content=\"2024-10-16T09:04:24+00:00\" \/>\n<meta property=\"article:modified_time\" content=\"2024-10-16T10:17:11+00:00\" \/>\n<meta property=\"og:image\" content=\"https:\/\/conversesacatalunya.cat\/wp-content\/uploads\/2024\/10\/habitatge-1.jpg\" \/>\n\t<meta property=\"og:image:width\" content=\"748\" \/>\n\t<meta property=\"og:image:height\" content=\"454\" \/>\n\t<meta property=\"og:image:type\" content=\"image\/jpeg\" \/>\n<meta name=\"author\" content=\"Joan Masip\" \/>\n<meta name=\"twitter:card\" content=\"summary_large_image\" \/>\n<meta name=\"twitter:label1\" content=\"Escrito por\" \/>\n\t<meta name=\"twitter:data1\" content=\"Joan Masip\" \/>\n\t<meta name=\"twitter:label2\" content=\"Tiempo de lectura\" \/>\n\t<meta name=\"twitter:data2\" content=\"5 minutos\" \/>\n<script type=\"application\/ld+json\" class=\"yoast-schema-graph\">{\"@context\":\"https:\/\/schema.org\",\"@graph\":[{\"@type\":\"Article\",\"@id\":\"https:\/\/conversesacatalunya.cat\/es\/seis-anos-de-gobierno-sanchez-un-cero-en-vivienda\/#article\",\"isPartOf\":{\"@id\":\"https:\/\/conversesacatalunya.cat\/es\/seis-anos-de-gobierno-sanchez-un-cero-en-vivienda\/\"},\"author\":{\"name\":\"Joan Masip\",\"@id\":\"https:\/\/conversesacatalunya.cat\/#\/schema\/person\/311d0bf53def217d5124c78a7bc42275\"},\"headline\":\"Seis a\u00f1os de gobierno S\u00e1nchez, un cero en vivienda\",\"datePublished\":\"2024-10-16T09:04:24+00:00\",\"dateModified\":\"2024-10-16T10:17:11+00:00\",\"mainEntityOfPage\":{\"@id\":\"https:\/\/conversesacatalunya.cat\/es\/seis-anos-de-gobierno-sanchez-un-cero-en-vivienda\/\"},\"wordCount\":956,\"commentCount\":0,\"image\":{\"@id\":\"https:\/\/conversesacatalunya.cat\/es\/seis-anos-de-gobierno-sanchez-un-cero-en-vivienda\/#primaryimage\"},\"thumbnailUrl\":\"https:\/\/conversesacatalunya.cat\/wp-content\/uploads\/2024\/10\/habitatge-1.jpg\",\"keywords\":[\"Habitatge\",\"vivienda\"],\"articleSection\":[\"Punts clau del dia (ES)\"],\"inLanguage\":\"es\",\"potentialAction\":[{\"@type\":\"CommentAction\",\"name\":\"Comment\",\"target\":[\"https:\/\/conversesacatalunya.cat\/es\/seis-anos-de-gobierno-sanchez-un-cero-en-vivienda\/#respond\"]}]},{\"@type\":\"WebPage\",\"@id\":\"https:\/\/conversesacatalunya.cat\/es\/seis-anos-de-gobierno-sanchez-un-cero-en-vivienda\/\",\"url\":\"https:\/\/conversesacatalunya.cat\/es\/seis-anos-de-gobierno-sanchez-un-cero-en-vivienda\/\",\"name\":\"Seis a\u00f1os de gobierno S\u00e1nchez, un cero en vivienda - Converses a Catalunya\",\"isPartOf\":{\"@id\":\"https:\/\/conversesacatalunya.cat\/#website\"},\"primaryImageOfPage\":{\"@id\":\"https:\/\/conversesacatalunya.cat\/es\/seis-anos-de-gobierno-sanchez-un-cero-en-vivienda\/#primaryimage\"},\"image\":{\"@id\":\"https:\/\/conversesacatalunya.cat\/es\/seis-anos-de-gobierno-sanchez-un-cero-en-vivienda\/#primaryimage\"},\"thumbnailUrl\":\"https:\/\/conversesacatalunya.cat\/wp-content\/uploads\/2024\/10\/habitatge-1.jpg\",\"datePublished\":\"2024-10-16T09:04:24+00:00\",\"dateModified\":\"2024-10-16T10:17:11+00:00\",\"author\":{\"@id\":\"https:\/\/conversesacatalunya.cat\/#\/schema\/person\/311d0bf53def217d5124c78a7bc42275\"},\"description\":\"Seis a\u00f1os de promesas incumplidas y pol\u00edticas ineficaces han empeorado la crisis de la vivienda en Espa\u00f1a, sin soluciones reales a la vista\",\"breadcrumb\":{\"@id\":\"https:\/\/conversesacatalunya.cat\/es\/seis-anos-de-gobierno-sanchez-un-cero-en-vivienda\/#breadcrumb\"},\"inLanguage\":\"es\",\"potentialAction\":[{\"@type\":\"ReadAction\",\"target\":[\"https:\/\/conversesacatalunya.cat\/es\/seis-anos-de-gobierno-sanchez-un-cero-en-vivienda\/\"]}]},{\"@type\":\"ImageObject\",\"inLanguage\":\"es\",\"@id\":\"https:\/\/conversesacatalunya.cat\/es\/seis-anos-de-gobierno-sanchez-un-cero-en-vivienda\/#primaryimage\",\"url\":\"https:\/\/conversesacatalunya.cat\/wp-content\/uploads\/2024\/10\/habitatge-1.jpg\",\"contentUrl\":\"https:\/\/conversesacatalunya.cat\/wp-content\/uploads\/2024\/10\/habitatge-1.jpg\",\"width\":748,\"height\":454,\"caption\":\"habitatge\"},{\"@type\":\"BreadcrumbList\",\"@id\":\"https:\/\/conversesacatalunya.cat\/es\/seis-anos-de-gobierno-sanchez-un-cero-en-vivienda\/#breadcrumb\",\"itemListElement\":[{\"@type\":\"ListItem\",\"position\":1,\"name\":\"Inici\",\"item\":\"https:\/\/conversesacatalunya.cat\/es\/\"},{\"@type\":\"ListItem\",\"position\":2,\"name\":\"Seis a\u00f1os de gobierno S\u00e1nchez, un cero en vivienda\"}]},{\"@type\":\"WebSite\",\"@id\":\"https:\/\/conversesacatalunya.cat\/#website\",\"url\":\"https:\/\/conversesacatalunya.cat\/\",\"name\":\"Converses a Catalunya\",\"description\":\"\",\"potentialAction\":[{\"@type\":\"SearchAction\",\"target\":{\"@type\":\"EntryPoint\",\"urlTemplate\":\"https:\/\/conversesacatalunya.cat\/?s={search_term_string}\"},\"query-input\":{\"@type\":\"PropertyValueSpecification\",\"valueRequired\":true,\"valueName\":\"search_term_string\"}}],\"inLanguage\":\"es\"},{\"@type\":\"Person\",\"@id\":\"https:\/\/conversesacatalunya.cat\/#\/schema\/person\/311d0bf53def217d5124c78a7bc42275\",\"name\":\"Joan Masip\",\"image\":{\"@type\":\"ImageObject\",\"inLanguage\":\"es\",\"@id\":\"https:\/\/conversesacatalunya.cat\/#\/schema\/person\/image\/\",\"url\":\"https:\/\/conversesacatalunya.cat\/wp-content\/litespeed\/avatar\/fa67b994763cff7d443f54b63ec96481.jpg?ver=1777372547\",\"contentUrl\":\"https:\/\/conversesacatalunya.cat\/wp-content\/litespeed\/avatar\/fa67b994763cff7d443f54b63ec96481.jpg?ver=1777372547\",\"caption\":\"Joan Masip\"},\"url\":\"https:\/\/conversesacatalunya.cat\/es\/author\/joan-masip\/\"}]}<\/script>\n<!-- \/ Yoast SEO plugin. -->","yoast_head_json":{"title":"Seis a\u00f1os de gobierno S\u00e1nchez, un cero en vivienda - Converses a Catalunya","description":"Seis a\u00f1os de promesas incumplidas y pol\u00edticas ineficaces han empeorado la crisis de la vivienda en Espa\u00f1a, sin soluciones reales a la vista","robots":{"index":"index","follow":"follow","max-snippet":"max-snippet:-1","max-image-preview":"max-image-preview:large","max-video-preview":"max-video-preview:-1"},"canonical":"https:\/\/conversesacatalunya.cat\/es\/seis-anos-de-gobierno-sanchez-un-cero-en-vivienda\/","og_locale":"es_ES","og_type":"article","og_title":"Seis a\u00f1os de gobierno S\u00e1nchez, un cero en vivienda - Converses a Catalunya","og_description":"Seis a\u00f1os de promesas incumplidas y pol\u00edticas ineficaces han empeorado la crisis de la vivienda en Espa\u00f1a, sin soluciones reales a la vista","og_url":"https:\/\/conversesacatalunya.cat\/es\/seis-anos-de-gobierno-sanchez-un-cero-en-vivienda\/","og_site_name":"Converses a Catalunya","article_published_time":"2024-10-16T09:04:24+00:00","article_modified_time":"2024-10-16T10:17:11+00:00","og_image":[{"width":748,"height":454,"url":"https:\/\/conversesacatalunya.cat\/wp-content\/uploads\/2024\/10\/habitatge-1.jpg","type":"image\/jpeg"}],"author":"Joan Masip","twitter_card":"summary_large_image","twitter_misc":{"Escrito por":"Joan Masip","Tiempo de lectura":"5 minutos"},"schema":{"@context":"https:\/\/schema.org","@graph":[{"@type":"Article","@id":"https:\/\/conversesacatalunya.cat\/es\/seis-anos-de-gobierno-sanchez-un-cero-en-vivienda\/#article","isPartOf":{"@id":"https:\/\/conversesacatalunya.cat\/es\/seis-anos-de-gobierno-sanchez-un-cero-en-vivienda\/"},"author":{"name":"Joan Masip","@id":"https:\/\/conversesacatalunya.cat\/#\/schema\/person\/311d0bf53def217d5124c78a7bc42275"},"headline":"Seis a\u00f1os de gobierno S\u00e1nchez, un cero en vivienda","datePublished":"2024-10-16T09:04:24+00:00","dateModified":"2024-10-16T10:17:11+00:00","mainEntityOfPage":{"@id":"https:\/\/conversesacatalunya.cat\/es\/seis-anos-de-gobierno-sanchez-un-cero-en-vivienda\/"},"wordCount":956,"commentCount":0,"image":{"@id":"https:\/\/conversesacatalunya.cat\/es\/seis-anos-de-gobierno-sanchez-un-cero-en-vivienda\/#primaryimage"},"thumbnailUrl":"https:\/\/conversesacatalunya.cat\/wp-content\/uploads\/2024\/10\/habitatge-1.jpg","keywords":["Habitatge","vivienda"],"articleSection":["Punts clau del dia (ES)"],"inLanguage":"es","potentialAction":[{"@type":"CommentAction","name":"Comment","target":["https:\/\/conversesacatalunya.cat\/es\/seis-anos-de-gobierno-sanchez-un-cero-en-vivienda\/#respond"]}]},{"@type":"WebPage","@id":"https:\/\/conversesacatalunya.cat\/es\/seis-anos-de-gobierno-sanchez-un-cero-en-vivienda\/","url":"https:\/\/conversesacatalunya.cat\/es\/seis-anos-de-gobierno-sanchez-un-cero-en-vivienda\/","name":"Seis a\u00f1os de gobierno S\u00e1nchez, un cero en vivienda - Converses a Catalunya","isPartOf":{"@id":"https:\/\/conversesacatalunya.cat\/#website"},"primaryImageOfPage":{"@id":"https:\/\/conversesacatalunya.cat\/es\/seis-anos-de-gobierno-sanchez-un-cero-en-vivienda\/#primaryimage"},"image":{"@id":"https:\/\/conversesacatalunya.cat\/es\/seis-anos-de-gobierno-sanchez-un-cero-en-vivienda\/#primaryimage"},"thumbnailUrl":"https:\/\/conversesacatalunya.cat\/wp-content\/uploads\/2024\/10\/habitatge-1.jpg","datePublished":"2024-10-16T09:04:24+00:00","dateModified":"2024-10-16T10:17:11+00:00","author":{"@id":"https:\/\/conversesacatalunya.cat\/#\/schema\/person\/311d0bf53def217d5124c78a7bc42275"},"description":"Seis a\u00f1os de promesas incumplidas y pol\u00edticas ineficaces han empeorado la crisis de la vivienda en Espa\u00f1a, sin soluciones reales a la vista","breadcrumb":{"@id":"https:\/\/conversesacatalunya.cat\/es\/seis-anos-de-gobierno-sanchez-un-cero-en-vivienda\/#breadcrumb"},"inLanguage":"es","potentialAction":[{"@type":"ReadAction","target":["https:\/\/conversesacatalunya.cat\/es\/seis-anos-de-gobierno-sanchez-un-cero-en-vivienda\/"]}]},{"@type":"ImageObject","inLanguage":"es","@id":"https:\/\/conversesacatalunya.cat\/es\/seis-anos-de-gobierno-sanchez-un-cero-en-vivienda\/#primaryimage","url":"https:\/\/conversesacatalunya.cat\/wp-content\/uploads\/2024\/10\/habitatge-1.jpg","contentUrl":"https:\/\/conversesacatalunya.cat\/wp-content\/uploads\/2024\/10\/habitatge-1.jpg","width":748,"height":454,"caption":"habitatge"},{"@type":"BreadcrumbList","@id":"https:\/\/conversesacatalunya.cat\/es\/seis-anos-de-gobierno-sanchez-un-cero-en-vivienda\/#breadcrumb","itemListElement":[{"@type":"ListItem","position":1,"name":"Inici","item":"https:\/\/conversesacatalunya.cat\/es\/"},{"@type":"ListItem","position":2,"name":"Seis a\u00f1os de gobierno S\u00e1nchez, un cero en vivienda"}]},{"@type":"WebSite","@id":"https:\/\/conversesacatalunya.cat\/#website","url":"https:\/\/conversesacatalunya.cat\/","name":"Converses a Catalunya","description":"","potentialAction":[{"@type":"SearchAction","target":{"@type":"EntryPoint","urlTemplate":"https:\/\/conversesacatalunya.cat\/?s={search_term_string}"},"query-input":{"@type":"PropertyValueSpecification","valueRequired":true,"valueName":"search_term_string"}}],"inLanguage":"es"},{"@type":"Person","@id":"https:\/\/conversesacatalunya.cat\/#\/schema\/person\/311d0bf53def217d5124c78a7bc42275","name":"Joan Masip","image":{"@type":"ImageObject","inLanguage":"es","@id":"https:\/\/conversesacatalunya.cat\/#\/schema\/person\/image\/","url":"https:\/\/conversesacatalunya.cat\/wp-content\/litespeed\/avatar\/fa67b994763cff7d443f54b63ec96481.jpg?ver=1777372547","contentUrl":"https:\/\/conversesacatalunya.cat\/wp-content\/litespeed\/avatar\/fa67b994763cff7d443f54b63ec96481.jpg?ver=1777372547","caption":"Joan Masip"},"url":"https:\/\/conversesacatalunya.cat\/es\/author\/joan-masip\/"}]}},"wps_subtitle":"Seis a\u00f1os de promesas incumplidas y pol\u00edticas ineficaces han empeorado la crisis de la vivienda en Espa\u00f1a, sin soluciones reales a la vista","_links":{"self":[{"href":"https:\/\/conversesacatalunya.cat\/es\/wp-json\/wp\/v2\/posts\/82670","targetHints":{"allow":["GET"]}}],"collection":[{"href":"https:\/\/conversesacatalunya.cat\/es\/wp-json\/wp\/v2\/posts"}],"about":[{"href":"https:\/\/conversesacatalunya.cat\/es\/wp-json\/wp\/v2\/types\/post"}],"author":[{"embeddable":true,"href":"https:\/\/conversesacatalunya.cat\/es\/wp-json\/wp\/v2\/users\/78"}],"replies":[{"embeddable":true,"href":"https:\/\/conversesacatalunya.cat\/es\/wp-json\/wp\/v2\/comments?post=82670"}],"version-history":[{"count":2,"href":"https:\/\/conversesacatalunya.cat\/es\/wp-json\/wp\/v2\/posts\/82670\/revisions"}],"predecessor-version":[{"id":82672,"href":"https:\/\/conversesacatalunya.cat\/es\/wp-json\/wp\/v2\/posts\/82670\/revisions\/82672"}],"wp:featuredmedia":[{"embeddable":true,"href":"https:\/\/conversesacatalunya.cat\/es\/wp-json\/wp\/v2\/media\/82658"}],"wp:attachment":[{"href":"https:\/\/conversesacatalunya.cat\/es\/wp-json\/wp\/v2\/media?parent=82670"}],"wp:term":[{"taxonomy":"category","embeddable":true,"href":"https:\/\/conversesacatalunya.cat\/es\/wp-json\/wp\/v2\/categories?post=82670"},{"taxonomy":"post_tag","embeddable":true,"href":"https:\/\/conversesacatalunya.cat\/es\/wp-json\/wp\/v2\/tags?post=82670"}],"curies":[{"name":"wp","href":"https:\/\/api.w.org\/{rel}","templated":true}]}}