{"id":82666,"date":"2024-10-16T10:26:29","date_gmt":"2024-10-16T08:26:29","guid":{"rendered":"https:\/\/conversesacatalunya.cat\/emmanuel-macron-arruinar-franca\/"},"modified":"2024-10-16T12:08:53","modified_gmt":"2024-10-16T10:08:53","slug":"emmanuel-macron-arruinar-francia","status":"publish","type":"post","link":"https:\/\/conversesacatalunya.cat\/es\/emmanuel-macron-arruinar-francia\/","title":{"rendered":"Emmanuel Macron: el hombre que arruin\u00f3 (un poco m\u00e1s) Francia"},"content":{"rendered":"<p><span>Si entonces lo hubieran sabido, esa primavera del 2017 quiz\u00e1s muchos votantes liberales habr\u00edan votado a\u00a0<\/span><strong><span>Fran\u00e7ois Fillon<\/span><\/strong><span>, el candidato conservador que se presentaba como un Thatcher franc\u00e9s y que parec\u00eda poder llegar al El\u00edseo despu\u00e9s de un quinquenio de Fran\u00e7ois Hollande que hab\u00eda dejado mucho mal sabor de boca tanto a derecha como a izquierda.<\/span><\/p>\n<p><span>Pr\u00e1cticamente, ocho a\u00f1os m\u00e1s tarde, el ex banquero de Rothschild, que deb\u00eda convertir a Francia en una \u201cstart-up nation\u201d, Emmanuel Macron, ha llevado <\/span><strong><span>tanto el gasto como la deuda p\u00fablica franceses a niveles de\u00a0<\/span><a href=\"https:\/\/conversesacatalunya.cat\/es\/francia-proxima-crisis-euro\/\" target=\"_blank\" rel=\"noopener\"><span>r\u00e9cord hist\u00f3rico<\/span><\/a><\/strong><span>.<\/span><\/p>\n<p><span>Si observamos el d\u00e9ficit de los presupuestos franceses desde 2011, cuando Hollande lleg\u00f3 al poder, se puede constatar una tendencia decreciente que llega a su colof\u00f3n en 2018, precisamente el de las\u00a0<\/span><strong><span>protestas de los chalecos amarillos que se iniciaron ese oto\u00f1o<\/span><\/strong><span>.<\/span><\/p>\n<p><span>Ya en 2019, y pese a unas condiciones econ\u00f3micas y monetarias excepcionalmente buenas (tipo de inter\u00e9s a cero por ciento),\u00a0<\/span><strong><span>el d\u00e9ficit franc\u00e9s repunt\u00f3 desde el 2,3 al 2,4%<\/span><\/strong><span>\u00a0. Se trata de los \u00fanicos dos ejercicios en los que Par\u00eds respet\u00f3 el acuerdo de la UE para mantener los n\u00fameros rojos por debajo del 3%.<\/span><\/p>\n<p><span>\u00bfQu\u00e9 sucedi\u00f3 en 2019? Fue el a\u00f1o de las primeras \u201cmedidas sociales\u201d deseadas por Macron para aplacar las protestas que desde entonces se sucedieron: y es que el efecto llamada fue claro y manifiesto. <\/span><strong><span>Cualquiera que hiciera suficiente quebradiza ten\u00eda derecho a recibir un cheque<\/span><\/strong><span>\u00a0para que no siguiera perturbando la vida de los millones de franceses que trabajan y de los millones de turistas que el pa\u00eds galo recibe cada a\u00f1o.<\/span><\/p>\n<p><span>La multiplicaci\u00f3n de todo tipo de ayudas y subsidios p\u00fablicos (algunos ejemplos: para comprar gasolina, para la vuelta a la escuela, para tomar el transporte p\u00fablico) han marcado los dos mandatos de Macron en\u00a0<\/span><strong><span>una sociedad que tiende a exigir al estado la resoluci\u00f3n de todos sus problemas<\/span><\/strong><span>\u00a0(v\u00e9ase por ejemplo la anomal\u00eda francesa con la\u00a0<\/span><a href=\"https:\/\/conversesacatalunya.cat\/es\/francia-el-lado-oscuro-de-la-vivienda-de-proteccion-oficial\/\" target=\"_blank\" rel=\"noopener\"><span>vivienda social<\/span><\/a><span>).<\/span><\/p>\n<p><span>Se ha generado un c\u00edrculo vicioso en el que la ayuda acordada se convierte en la justificaci\u00f3n de otra nueva para un colectivo diferente o para un nuevo \u00e1mbito de la vida.<\/span><\/p>\n<p><span>La\u00a0<\/span><strong><span>falta de autoridad<\/span><\/strong><span>\u00a0(en el sentido de la\u00a0<\/span><em><span>auctoritas<\/span><\/em><span>, de la legitimidad colectivamente reconocida del gobernante) de Macron, percibido como un producto de la \u00e9lite financiera internacional desconectado de la gente, ha jugado un papel importante en esta espiral de endeudamiento.<\/span><\/p>\n<p><span>Sin embargo, muchos periodistas\u00a0<\/span><a href=\"https:\/\/www.politico.eu\/article\/emmanuel-macron-france-economics-business-tax-increases-spending-cuts-budget-crisis\/\" target=\"_blank\" rel=\"noopener\"><span>achacan<\/span><\/a><span>\u00a0err\u00f3neamente la catastr\u00f3fica situaci\u00f3n de las finanzas p\u00fablicas francesas a malas pol\u00edticas durante la crisis del coronavirus y la recuperaci\u00f3n pospand\u00e9mica.<\/span><\/p>\n<p><span>Tambi\u00e9n hay que apuntar que durante sus primeros a\u00f1os de mandato,\u00a0<\/span><strong><span>Macron baj\u00f3 varios impuestos, pero se neg\u00f3 a efectuar los recortes p\u00fablicos correspondientes<\/span><\/strong><span>, asumiendo sin decirlo que los intereses bajos o incluso negativos se convertir\u00edan en la \u00abnueva normalidad\u00bb -o quiz\u00e1 simplemente esperando que el problema se lo encontrara su sucesor.<\/span><\/p>\n<p><span>Ya en el 2024, Macron temi\u00f3 que estallara un esc\u00e1ndalo pol\u00edtico a ra\u00edz del agujero fiscal justo antes de las elecciones europeas de junio. El primer ministro de entonces, Gabriel Attal, se uni\u00f3 a Macron contra el ministerio de finanzas para <\/span><strong><span>evitar cualquier recorte antes del verano<\/span><\/strong><span>.<\/span><\/p>\n<p><span>Desde entonces, Macron ha perdido las elecciones legislativas que \u00e9l mismo convoc\u00f3, y el pasado jueves 10 de octubre, el nuevo primer ministro Michel Barnier present\u00f3 un plan de unos\u00a0<\/span><strong><span>20.000 millones de euros en incrementos de impuestos y 41.000 en recortes.<\/span><\/strong><span>\u00a0El hechizo de Macron se hab\u00eda deshecho definitivamente, y Francia volv\u00eda al mundo real.<\/span><\/p>\n<div id=\"polls-258\" class=\"wp-polls\">\n\t<form id=\"polls_form_258\" class=\"wp-polls-form\" action=\"\/index.php\" method=\"post\">\n\t\t<p style=\"display: none;\"><input type=\"hidden\" id=\"poll_258_nonce\" name=\"wp-polls-nonce\" value=\"5ee0fa42b2\" \/><\/p>\n\t\t<p style=\"display: none;\"><input type=\"hidden\" name=\"poll_id\" value=\"258\" \/><\/p>\n\t\t<p style=\"text-align: center\"><strong>Creus que hi ha base suficient perqu\u00e8 el PP hagi presentat una querella contra el PSOE per finan\u00e7ament il\u00b7legal, suborn i tr\u00e0fic d'influ\u00e8ncies?<\/strong><\/p><div id=\"polls-258-ans\" class=\"wp-polls-ans\"><ul class=\"wp-polls-ul\">\n\t\t<li><input type=\"radio\" id=\"poll-answer-726\" name=\"poll_258\" value=\"726\" \/> <label for=\"poll-answer-726\">S\u00ed<\/label><\/li>\n\t\t<li><input type=\"radio\" id=\"poll-answer-727\" name=\"poll_258\" value=\"727\" \/> <label for=\"poll-answer-727\">No<\/label><\/li>\n\t\t<li><input type=\"radio\" id=\"poll-answer-728\" name=\"poll_258\" value=\"728\" \/> <label for=\"poll-answer-728\">No ho s\u00e9<\/label><\/li>\n\t\t<\/ul><p style=\"text-align: center\"><input type=\"button\" name=\"vote\" value=\"   Vota   \" class=\"Buttons\" onclick=\"poll_vote(258);\" \/><\/p><p style=\"text-align: center\"><a href=\"#ViewPollResults\" onclick=\"poll_result(258); return false;\" title=\"View Results Of This Poll\">Mira els resultats<\/a><\/p><\/div>\n\t<\/form>\n<\/div>\n<div id=\"polls-258-loading\" class=\"wp-polls-loading\"><img decoding=\"async\" data-src=\"https:\/\/conversesacatalunya.cat\/wp-content\/plugins\/wp-polls\/images\/loading.gif\" width=\"16\" height=\"16\" alt=\"Cargando ...\" title=\"Cargando ...\" class=\"wp-polls-image lazyload\" src=\"data:image\/svg+xml;base64,PHN2ZyB3aWR0aD0iMSIgaGVpZ2h0PSIxIiB4bWxucz0iaHR0cDovL3d3dy53My5vcmcvMjAwMC9zdmciPjwvc3ZnPg==\" style=\"--smush-placeholder-width: 16px; --smush-placeholder-aspect-ratio: 16\/16;\" \/>&nbsp;Cargando ...<\/div>\n\n","protected":false},"excerpt":{"rendered":"<p>Si entonces lo hubieran sabido, esa primavera del 2017 quiz\u00e1s muchos votantes liberales habr\u00edan votado a\u00a0Fran\u00e7ois Fillon, el candidato conservador que se presentaba como un Thatcher franc\u00e9s y que parec\u00eda poder llegar al El\u00edseo despu\u00e9s de un quinquenio de Fran\u00e7ois Hollande que hab\u00eda dejado mucho mal sabor de boca tanto a derecha como a izquierda. Pr\u00e1cticamente, ocho a\u00f1os m\u00e1s tarde, el ex banquero de Rothschild, que deb\u00eda convertir a Francia en una \u201cstart-up nation\u201d, Emmanuel Macron, ha llevado tanto el gasto como la deuda p\u00fablica franceses a niveles de\u00a0r\u00e9cord hist\u00f3rico. Si observamos el d\u00e9ficit de los presupuestos franceses desde 2011, cuando Hollande lleg\u00f3 al poder, se puede constatar una tendencia decreciente que llega a su colof\u00f3n en 2018, precisamente el de las\u00a0protestas de los chalecos amarillos que se iniciaron ese oto\u00f1o. Ya en 2019, y pese a unas condiciones econ\u00f3micas y monetarias excepcionalmente buenas (tipo de inter\u00e9s a cero por ciento),\u00a0el d\u00e9ficit franc\u00e9s repunt\u00f3 desde el 2,3 al 2,4%\u00a0. Se trata de los \u00fanicos dos ejercicios en los que Par\u00eds respet\u00f3 el acuerdo de la UE para mantener los n\u00fameros rojos por debajo del 3%. \u00bfQu\u00e9 sucedi\u00f3 en 2019? Fue el a\u00f1o de las primeras \u201cmedidas sociales\u201d deseadas por Macron para aplacar las protestas que desde entonces se sucedieron: y es que el efecto llamada fue claro y manifiesto. Cualquiera que hiciera suficiente quebradiza ten\u00eda derecho a recibir un cheque\u00a0para que no siguiera perturbando la vida de los millones de franceses que trabajan y de los millones de turistas que el pa\u00eds galo recibe cada a\u00f1o. La multiplicaci\u00f3n de todo tipo de ayudas y subsidios p\u00fablicos (algunos ejemplos: para comprar gasolina, para la vuelta a la escuela, para tomar el transporte p\u00fablico) han marcado los dos mandatos de Macron en\u00a0una sociedad que tiende a exigir al estado la resoluci\u00f3n de todos sus problemas\u00a0(v\u00e9ase por ejemplo la anomal\u00eda francesa con la\u00a0vivienda social). Se ha generado un c\u00edrculo vicioso en el que la ayuda acordada se convierte en la justificaci\u00f3n de otra nueva para un colectivo diferente o para un nuevo \u00e1mbito de la vida. La\u00a0falta de autoridad\u00a0(en el sentido de la\u00a0auctoritas, de la legitimidad colectivamente reconocida del gobernante) de Macron, percibido como un producto de la \u00e9lite financiera internacional desconectado de la gente, ha jugado un papel importante en esta espiral de endeudamiento. Sin embargo, muchos periodistas\u00a0achacan\u00a0err\u00f3neamente la catastr\u00f3fica situaci\u00f3n de las finanzas p\u00fablicas francesas a malas pol\u00edticas durante la crisis del coronavirus y la recuperaci\u00f3n pospand\u00e9mica. Tambi\u00e9n hay que apuntar que durante sus primeros a\u00f1os de mandato,\u00a0Macron baj\u00f3 varios impuestos, pero se neg\u00f3 a efectuar los recortes p\u00fablicos correspondientes, asumiendo sin decirlo que los intereses bajos o incluso negativos se convertir\u00edan en la \u00abnueva normalidad\u00bb -o quiz\u00e1 simplemente esperando que el problema se lo encontrara su sucesor. Ya en el 2024, Macron temi\u00f3 que estallara un esc\u00e1ndalo pol\u00edtico a ra\u00edz del agujero fiscal justo antes de las elecciones europeas de junio. El primer ministro de entonces, Gabriel Attal, se uni\u00f3 a Macron contra el ministerio de finanzas para evitar cualquier recorte antes del verano. Desde entonces, Macron ha perdido las elecciones legislativas que \u00e9l mismo convoc\u00f3, y el pasado jueves 10 de octubre, el nuevo primer ministro Michel Barnier present\u00f3 un plan de unos\u00a020.000 millones de euros en incrementos de impuestos y 41.000 en recortes.\u00a0El hechizo de Macron se hab\u00eda deshecho definitivamente, y Francia volv\u00eda al mundo real.<\/p>\n","protected":false},"author":75,"featured_media":82573,"comment_status":"open","ping_status":"open","sticky":false,"template":"","format":"standard","meta":{"_FSMCFIC_featured_image_caption":"","_FSMCFIC_featured_image_nocaption":"","_FSMCFIC_featured_image_hide":"","footnotes":""},"categories":[806],"tags":[3510,1263],"class_list":["post-82666","post","type-post","status-publish","format-standard","has-post-thumbnail","hentry","category-punts-claus-del-dia-es","tag-emmanuel-macron-es","tag-francia"],"yoast_head":"<!-- This site is optimized with the Yoast SEO plugin v26.8 - https:\/\/yoast.com\/product\/yoast-seo-wordpress\/ -->\n<title>Emmanuel Macron: el hombre que arruin\u00f3 (un poco m\u00e1s) Francia - Converses a Catalunya<\/title>\n<meta name=\"robots\" content=\"index, follow, max-snippet:-1, max-image-preview:large, max-video-preview:-1\" \/>\n<link rel=\"canonical\" href=\"https:\/\/conversesacatalunya.cat\/es\/emmanuel-macron-arruinar-francia\/\" \/>\n<meta property=\"og:locale\" content=\"es_ES\" \/>\n<meta property=\"og:type\" content=\"article\" \/>\n<meta property=\"og:title\" content=\"Emmanuel Macron: el hombre que arruin\u00f3 (un poco m\u00e1s) Francia - Converses a Catalunya\" \/>\n<meta property=\"og:description\" content=\"Si entonces lo hubieran sabido, esa primavera del 2017 quiz\u00e1s muchos votantes liberales habr\u00edan votado a\u00a0Fran\u00e7ois Fillon, el candidato conservador que se presentaba como un Thatcher franc\u00e9s y que parec\u00eda poder llegar al El\u00edseo despu\u00e9s de un quinquenio de Fran\u00e7ois Hollande que hab\u00eda dejado mucho mal sabor de boca tanto a derecha como a izquierda. Pr\u00e1cticamente, ocho a\u00f1os m\u00e1s tarde, el ex banquero de Rothschild, que deb\u00eda convertir a Francia en una \u201cstart-up nation\u201d, Emmanuel Macron, ha llevado tanto el gasto como la deuda p\u00fablica franceses a niveles de\u00a0r\u00e9cord hist\u00f3rico. Si observamos el d\u00e9ficit de los presupuestos franceses desde 2011, cuando Hollande lleg\u00f3 al poder, se puede constatar una tendencia decreciente que llega a su colof\u00f3n en 2018, precisamente el de las\u00a0protestas de los chalecos amarillos que se iniciaron ese oto\u00f1o. Ya en 2019, y pese a unas condiciones econ\u00f3micas y monetarias excepcionalmente buenas (tipo de inter\u00e9s a cero por ciento),\u00a0el d\u00e9ficit franc\u00e9s repunt\u00f3 desde el 2,3 al 2,4%\u00a0. Se trata de los \u00fanicos dos ejercicios en los que Par\u00eds respet\u00f3 el acuerdo de la UE para mantener los n\u00fameros rojos por debajo del 3%. \u00bfQu\u00e9 sucedi\u00f3 en 2019? Fue el a\u00f1o de las primeras \u201cmedidas sociales\u201d deseadas por Macron para aplacar las protestas que desde entonces se sucedieron: y es que el efecto llamada fue claro y manifiesto. Cualquiera que hiciera suficiente quebradiza ten\u00eda derecho a recibir un cheque\u00a0para que no siguiera perturbando la vida de los millones de franceses que trabajan y de los millones de turistas que el pa\u00eds galo recibe cada a\u00f1o. La multiplicaci\u00f3n de todo tipo de ayudas y subsidios p\u00fablicos (algunos ejemplos: para comprar gasolina, para la vuelta a la escuela, para tomar el transporte p\u00fablico) han marcado los dos mandatos de Macron en\u00a0una sociedad que tiende a exigir al estado la resoluci\u00f3n de todos sus problemas\u00a0(v\u00e9ase por ejemplo la anomal\u00eda francesa con la\u00a0vivienda social). Se ha generado un c\u00edrculo vicioso en el que la ayuda acordada se convierte en la justificaci\u00f3n de otra nueva para un colectivo diferente o para un nuevo \u00e1mbito de la vida. La\u00a0falta de autoridad\u00a0(en el sentido de la\u00a0auctoritas, de la legitimidad colectivamente reconocida del gobernante) de Macron, percibido como un producto de la \u00e9lite financiera internacional desconectado de la gente, ha jugado un papel importante en esta espiral de endeudamiento. Sin embargo, muchos periodistas\u00a0achacan\u00a0err\u00f3neamente la catastr\u00f3fica situaci\u00f3n de las finanzas p\u00fablicas francesas a malas pol\u00edticas durante la crisis del coronavirus y la recuperaci\u00f3n pospand\u00e9mica. Tambi\u00e9n hay que apuntar que durante sus primeros a\u00f1os de mandato,\u00a0Macron baj\u00f3 varios impuestos, pero se neg\u00f3 a efectuar los recortes p\u00fablicos correspondientes, asumiendo sin decirlo que los intereses bajos o incluso negativos se convertir\u00edan en la \u00abnueva normalidad\u00bb -o quiz\u00e1 simplemente esperando que el problema se lo encontrara su sucesor. Ya en el 2024, Macron temi\u00f3 que estallara un esc\u00e1ndalo pol\u00edtico a ra\u00edz del agujero fiscal justo antes de las elecciones europeas de junio. El primer ministro de entonces, Gabriel Attal, se uni\u00f3 a Macron contra el ministerio de finanzas para evitar cualquier recorte antes del verano. Desde entonces, Macron ha perdido las elecciones legislativas que \u00e9l mismo convoc\u00f3, y el pasado jueves 10 de octubre, el nuevo primer ministro Michel Barnier present\u00f3 un plan de unos\u00a020.000 millones de euros en incrementos de impuestos y 41.000 en recortes.\u00a0El hechizo de Macron se hab\u00eda deshecho definitivamente, y Francia volv\u00eda al mundo real.\" \/>\n<meta property=\"og:url\" content=\"https:\/\/conversesacatalunya.cat\/es\/emmanuel-macron-arruinar-francia\/\" \/>\n<meta property=\"og:site_name\" content=\"Converses a Catalunya\" \/>\n<meta property=\"article:published_time\" content=\"2024-10-16T08:26:29+00:00\" \/>\n<meta property=\"article:modified_time\" content=\"2024-10-16T10:08:53+00:00\" \/>\n<meta property=\"og:image\" content=\"https:\/\/conversesacatalunya.cat\/wp-content\/uploads\/2019\/05\/Captura-de-Pantalla-2019-05-13-a-les-22.12.51.png\" \/>\n\t<meta property=\"og:image:width\" content=\"534\" \/>\n\t<meta property=\"og:image:height\" content=\"363\" \/>\n\t<meta property=\"og:image:type\" content=\"image\/png\" \/>\n<meta name=\"author\" content=\"Carles L\u00f3pez\" \/>\n<meta name=\"twitter:card\" content=\"summary_large_image\" \/>\n<meta name=\"twitter:label1\" content=\"Escrito por\" \/>\n\t<meta name=\"twitter:data1\" content=\"Carles L\u00f3pez\" \/>\n\t<meta name=\"twitter:label2\" content=\"Tiempo de lectura\" \/>\n\t<meta name=\"twitter:data2\" content=\"3 minutos\" \/>\n<script type=\"application\/ld+json\" class=\"yoast-schema-graph\">{\"@context\":\"https:\/\/schema.org\",\"@graph\":[{\"@type\":\"Article\",\"@id\":\"https:\/\/conversesacatalunya.cat\/es\/emmanuel-macron-arruinar-francia\/#article\",\"isPartOf\":{\"@id\":\"https:\/\/conversesacatalunya.cat\/es\/emmanuel-macron-arruinar-francia\/\"},\"author\":{\"name\":\"Carles L\u00f3pez\",\"@id\":\"https:\/\/conversesacatalunya.cat\/#\/schema\/person\/3ce2ab16c0a3803086d80722c7cad56a\"},\"headline\":\"Emmanuel Macron: el hombre que arruin\u00f3 (un poco m\u00e1s) Francia\",\"datePublished\":\"2024-10-16T08:26:29+00:00\",\"dateModified\":\"2024-10-16T10:08:53+00:00\",\"mainEntityOfPage\":{\"@id\":\"https:\/\/conversesacatalunya.cat\/es\/emmanuel-macron-arruinar-francia\/\"},\"wordCount\":628,\"commentCount\":0,\"image\":{\"@id\":\"https:\/\/conversesacatalunya.cat\/es\/emmanuel-macron-arruinar-francia\/#primaryimage\"},\"thumbnailUrl\":\"https:\/\/conversesacatalunya.cat\/wp-content\/uploads\/2019\/05\/Captura-de-Pantalla-2019-05-13-a-les-22.12.51.png\",\"keywords\":[\"Emmanuel Macron\",\"Francia\"],\"articleSection\":[\"Punts clau del dia (ES)\"],\"inLanguage\":\"es\",\"potentialAction\":[{\"@type\":\"CommentAction\",\"name\":\"Comment\",\"target\":[\"https:\/\/conversesacatalunya.cat\/es\/emmanuel-macron-arruinar-francia\/#respond\"]}]},{\"@type\":\"WebPage\",\"@id\":\"https:\/\/conversesacatalunya.cat\/es\/emmanuel-macron-arruinar-francia\/\",\"url\":\"https:\/\/conversesacatalunya.cat\/es\/emmanuel-macron-arruinar-francia\/\",\"name\":\"Emmanuel Macron: el hombre que arruin\u00f3 (un poco m\u00e1s) Francia - Converses a Catalunya\",\"isPartOf\":{\"@id\":\"https:\/\/conversesacatalunya.cat\/#website\"},\"primaryImageOfPage\":{\"@id\":\"https:\/\/conversesacatalunya.cat\/es\/emmanuel-macron-arruinar-francia\/#primaryimage\"},\"image\":{\"@id\":\"https:\/\/conversesacatalunya.cat\/es\/emmanuel-macron-arruinar-francia\/#primaryimage\"},\"thumbnailUrl\":\"https:\/\/conversesacatalunya.cat\/wp-content\/uploads\/2019\/05\/Captura-de-Pantalla-2019-05-13-a-les-22.12.51.png\",\"datePublished\":\"2024-10-16T08:26:29+00:00\",\"dateModified\":\"2024-10-16T10:08:53+00:00\",\"author\":{\"@id\":\"https:\/\/conversesacatalunya.cat\/#\/schema\/person\/3ce2ab16c0a3803086d80722c7cad56a\"},\"breadcrumb\":{\"@id\":\"https:\/\/conversesacatalunya.cat\/es\/emmanuel-macron-arruinar-francia\/#breadcrumb\"},\"inLanguage\":\"es\",\"potentialAction\":[{\"@type\":\"ReadAction\",\"target\":[\"https:\/\/conversesacatalunya.cat\/es\/emmanuel-macron-arruinar-francia\/\"]}]},{\"@type\":\"ImageObject\",\"inLanguage\":\"es\",\"@id\":\"https:\/\/conversesacatalunya.cat\/es\/emmanuel-macron-arruinar-francia\/#primaryimage\",\"url\":\"https:\/\/conversesacatalunya.cat\/wp-content\/uploads\/2019\/05\/Captura-de-Pantalla-2019-05-13-a-les-22.12.51.png\",\"contentUrl\":\"https:\/\/conversesacatalunya.cat\/wp-content\/uploads\/2019\/05\/Captura-de-Pantalla-2019-05-13-a-les-22.12.51.png\",\"width\":534,\"height\":363},{\"@type\":\"BreadcrumbList\",\"@id\":\"https:\/\/conversesacatalunya.cat\/es\/emmanuel-macron-arruinar-francia\/#breadcrumb\",\"itemListElement\":[{\"@type\":\"ListItem\",\"position\":1,\"name\":\"Inici\",\"item\":\"https:\/\/conversesacatalunya.cat\/es\/\"},{\"@type\":\"ListItem\",\"position\":2,\"name\":\"Emmanuel Macron: el hombre que arruin\u00f3 (un poco m\u00e1s) Francia\"}]},{\"@type\":\"WebSite\",\"@id\":\"https:\/\/conversesacatalunya.cat\/#website\",\"url\":\"https:\/\/conversesacatalunya.cat\/\",\"name\":\"Converses a Catalunya\",\"description\":\"\",\"potentialAction\":[{\"@type\":\"SearchAction\",\"target\":{\"@type\":\"EntryPoint\",\"urlTemplate\":\"https:\/\/conversesacatalunya.cat\/?s={search_term_string}\"},\"query-input\":{\"@type\":\"PropertyValueSpecification\",\"valueRequired\":true,\"valueName\":\"search_term_string\"}}],\"inLanguage\":\"es\"},{\"@type\":\"Person\",\"@id\":\"https:\/\/conversesacatalunya.cat\/#\/schema\/person\/3ce2ab16c0a3803086d80722c7cad56a\",\"name\":\"Carles L\u00f3pez\",\"image\":{\"@type\":\"ImageObject\",\"inLanguage\":\"es\",\"@id\":\"https:\/\/conversesacatalunya.cat\/#\/schema\/person\/image\/\",\"url\":\"https:\/\/conversesacatalunya.cat\/wp-content\/litespeed\/avatar\/4891585caf2896e97846ab77f06edcf2.jpg?ver=1777091173\",\"contentUrl\":\"https:\/\/conversesacatalunya.cat\/wp-content\/litespeed\/avatar\/4891585caf2896e97846ab77f06edcf2.jpg?ver=1777091173\",\"caption\":\"Carles L\u00f3pez\"},\"url\":\"https:\/\/conversesacatalunya.cat\/es\/author\/carles-lopez\/\"}]}<\/script>\n<!-- \/ Yoast SEO plugin. -->","yoast_head_json":{"title":"Emmanuel Macron: el hombre que arruin\u00f3 (un poco m\u00e1s) Francia - Converses a Catalunya","robots":{"index":"index","follow":"follow","max-snippet":"max-snippet:-1","max-image-preview":"max-image-preview:large","max-video-preview":"max-video-preview:-1"},"canonical":"https:\/\/conversesacatalunya.cat\/es\/emmanuel-macron-arruinar-francia\/","og_locale":"es_ES","og_type":"article","og_title":"Emmanuel Macron: el hombre que arruin\u00f3 (un poco m\u00e1s) Francia - Converses a Catalunya","og_description":"Si entonces lo hubieran sabido, esa primavera del 2017 quiz\u00e1s muchos votantes liberales habr\u00edan votado a\u00a0Fran\u00e7ois Fillon, el candidato conservador que se presentaba como un Thatcher franc\u00e9s y que parec\u00eda poder llegar al El\u00edseo despu\u00e9s de un quinquenio de Fran\u00e7ois Hollande que hab\u00eda dejado mucho mal sabor de boca tanto a derecha como a izquierda. Pr\u00e1cticamente, ocho a\u00f1os m\u00e1s tarde, el ex banquero de Rothschild, que deb\u00eda convertir a Francia en una \u201cstart-up nation\u201d, Emmanuel Macron, ha llevado tanto el gasto como la deuda p\u00fablica franceses a niveles de\u00a0r\u00e9cord hist\u00f3rico. Si observamos el d\u00e9ficit de los presupuestos franceses desde 2011, cuando Hollande lleg\u00f3 al poder, se puede constatar una tendencia decreciente que llega a su colof\u00f3n en 2018, precisamente el de las\u00a0protestas de los chalecos amarillos que se iniciaron ese oto\u00f1o. Ya en 2019, y pese a unas condiciones econ\u00f3micas y monetarias excepcionalmente buenas (tipo de inter\u00e9s a cero por ciento),\u00a0el d\u00e9ficit franc\u00e9s repunt\u00f3 desde el 2,3 al 2,4%\u00a0. Se trata de los \u00fanicos dos ejercicios en los que Par\u00eds respet\u00f3 el acuerdo de la UE para mantener los n\u00fameros rojos por debajo del 3%. \u00bfQu\u00e9 sucedi\u00f3 en 2019? Fue el a\u00f1o de las primeras \u201cmedidas sociales\u201d deseadas por Macron para aplacar las protestas que desde entonces se sucedieron: y es que el efecto llamada fue claro y manifiesto. Cualquiera que hiciera suficiente quebradiza ten\u00eda derecho a recibir un cheque\u00a0para que no siguiera perturbando la vida de los millones de franceses que trabajan y de los millones de turistas que el pa\u00eds galo recibe cada a\u00f1o. La multiplicaci\u00f3n de todo tipo de ayudas y subsidios p\u00fablicos (algunos ejemplos: para comprar gasolina, para la vuelta a la escuela, para tomar el transporte p\u00fablico) han marcado los dos mandatos de Macron en\u00a0una sociedad que tiende a exigir al estado la resoluci\u00f3n de todos sus problemas\u00a0(v\u00e9ase por ejemplo la anomal\u00eda francesa con la\u00a0vivienda social). Se ha generado un c\u00edrculo vicioso en el que la ayuda acordada se convierte en la justificaci\u00f3n de otra nueva para un colectivo diferente o para un nuevo \u00e1mbito de la vida. La\u00a0falta de autoridad\u00a0(en el sentido de la\u00a0auctoritas, de la legitimidad colectivamente reconocida del gobernante) de Macron, percibido como un producto de la \u00e9lite financiera internacional desconectado de la gente, ha jugado un papel importante en esta espiral de endeudamiento. Sin embargo, muchos periodistas\u00a0achacan\u00a0err\u00f3neamente la catastr\u00f3fica situaci\u00f3n de las finanzas p\u00fablicas francesas a malas pol\u00edticas durante la crisis del coronavirus y la recuperaci\u00f3n pospand\u00e9mica. Tambi\u00e9n hay que apuntar que durante sus primeros a\u00f1os de mandato,\u00a0Macron baj\u00f3 varios impuestos, pero se neg\u00f3 a efectuar los recortes p\u00fablicos correspondientes, asumiendo sin decirlo que los intereses bajos o incluso negativos se convertir\u00edan en la \u00abnueva normalidad\u00bb -o quiz\u00e1 simplemente esperando que el problema se lo encontrara su sucesor. Ya en el 2024, Macron temi\u00f3 que estallara un esc\u00e1ndalo pol\u00edtico a ra\u00edz del agujero fiscal justo antes de las elecciones europeas de junio. El primer ministro de entonces, Gabriel Attal, se uni\u00f3 a Macron contra el ministerio de finanzas para evitar cualquier recorte antes del verano. Desde entonces, Macron ha perdido las elecciones legislativas que \u00e9l mismo convoc\u00f3, y el pasado jueves 10 de octubre, el nuevo primer ministro Michel Barnier present\u00f3 un plan de unos\u00a020.000 millones de euros en incrementos de impuestos y 41.000 en recortes.\u00a0El hechizo de Macron se hab\u00eda deshecho definitivamente, y Francia volv\u00eda al mundo real.","og_url":"https:\/\/conversesacatalunya.cat\/es\/emmanuel-macron-arruinar-francia\/","og_site_name":"Converses a Catalunya","article_published_time":"2024-10-16T08:26:29+00:00","article_modified_time":"2024-10-16T10:08:53+00:00","og_image":[{"width":534,"height":363,"url":"https:\/\/conversesacatalunya.cat\/wp-content\/uploads\/2019\/05\/Captura-de-Pantalla-2019-05-13-a-les-22.12.51.png","type":"image\/png"}],"author":"Carles L\u00f3pez","twitter_card":"summary_large_image","twitter_misc":{"Escrito por":"Carles L\u00f3pez","Tiempo de lectura":"3 minutos"},"schema":{"@context":"https:\/\/schema.org","@graph":[{"@type":"Article","@id":"https:\/\/conversesacatalunya.cat\/es\/emmanuel-macron-arruinar-francia\/#article","isPartOf":{"@id":"https:\/\/conversesacatalunya.cat\/es\/emmanuel-macron-arruinar-francia\/"},"author":{"name":"Carles L\u00f3pez","@id":"https:\/\/conversesacatalunya.cat\/#\/schema\/person\/3ce2ab16c0a3803086d80722c7cad56a"},"headline":"Emmanuel Macron: el hombre que arruin\u00f3 (un poco m\u00e1s) Francia","datePublished":"2024-10-16T08:26:29+00:00","dateModified":"2024-10-16T10:08:53+00:00","mainEntityOfPage":{"@id":"https:\/\/conversesacatalunya.cat\/es\/emmanuel-macron-arruinar-francia\/"},"wordCount":628,"commentCount":0,"image":{"@id":"https:\/\/conversesacatalunya.cat\/es\/emmanuel-macron-arruinar-francia\/#primaryimage"},"thumbnailUrl":"https:\/\/conversesacatalunya.cat\/wp-content\/uploads\/2019\/05\/Captura-de-Pantalla-2019-05-13-a-les-22.12.51.png","keywords":["Emmanuel Macron","Francia"],"articleSection":["Punts clau del dia (ES)"],"inLanguage":"es","potentialAction":[{"@type":"CommentAction","name":"Comment","target":["https:\/\/conversesacatalunya.cat\/es\/emmanuel-macron-arruinar-francia\/#respond"]}]},{"@type":"WebPage","@id":"https:\/\/conversesacatalunya.cat\/es\/emmanuel-macron-arruinar-francia\/","url":"https:\/\/conversesacatalunya.cat\/es\/emmanuel-macron-arruinar-francia\/","name":"Emmanuel Macron: el hombre que arruin\u00f3 (un poco m\u00e1s) Francia - Converses a Catalunya","isPartOf":{"@id":"https:\/\/conversesacatalunya.cat\/#website"},"primaryImageOfPage":{"@id":"https:\/\/conversesacatalunya.cat\/es\/emmanuel-macron-arruinar-francia\/#primaryimage"},"image":{"@id":"https:\/\/conversesacatalunya.cat\/es\/emmanuel-macron-arruinar-francia\/#primaryimage"},"thumbnailUrl":"https:\/\/conversesacatalunya.cat\/wp-content\/uploads\/2019\/05\/Captura-de-Pantalla-2019-05-13-a-les-22.12.51.png","datePublished":"2024-10-16T08:26:29+00:00","dateModified":"2024-10-16T10:08:53+00:00","author":{"@id":"https:\/\/conversesacatalunya.cat\/#\/schema\/person\/3ce2ab16c0a3803086d80722c7cad56a"},"breadcrumb":{"@id":"https:\/\/conversesacatalunya.cat\/es\/emmanuel-macron-arruinar-francia\/#breadcrumb"},"inLanguage":"es","potentialAction":[{"@type":"ReadAction","target":["https:\/\/conversesacatalunya.cat\/es\/emmanuel-macron-arruinar-francia\/"]}]},{"@type":"ImageObject","inLanguage":"es","@id":"https:\/\/conversesacatalunya.cat\/es\/emmanuel-macron-arruinar-francia\/#primaryimage","url":"https:\/\/conversesacatalunya.cat\/wp-content\/uploads\/2019\/05\/Captura-de-Pantalla-2019-05-13-a-les-22.12.51.png","contentUrl":"https:\/\/conversesacatalunya.cat\/wp-content\/uploads\/2019\/05\/Captura-de-Pantalla-2019-05-13-a-les-22.12.51.png","width":534,"height":363},{"@type":"BreadcrumbList","@id":"https:\/\/conversesacatalunya.cat\/es\/emmanuel-macron-arruinar-francia\/#breadcrumb","itemListElement":[{"@type":"ListItem","position":1,"name":"Inici","item":"https:\/\/conversesacatalunya.cat\/es\/"},{"@type":"ListItem","position":2,"name":"Emmanuel Macron: el hombre que arruin\u00f3 (un poco m\u00e1s) Francia"}]},{"@type":"WebSite","@id":"https:\/\/conversesacatalunya.cat\/#website","url":"https:\/\/conversesacatalunya.cat\/","name":"Converses a Catalunya","description":"","potentialAction":[{"@type":"SearchAction","target":{"@type":"EntryPoint","urlTemplate":"https:\/\/conversesacatalunya.cat\/?s={search_term_string}"},"query-input":{"@type":"PropertyValueSpecification","valueRequired":true,"valueName":"search_term_string"}}],"inLanguage":"es"},{"@type":"Person","@id":"https:\/\/conversesacatalunya.cat\/#\/schema\/person\/3ce2ab16c0a3803086d80722c7cad56a","name":"Carles L\u00f3pez","image":{"@type":"ImageObject","inLanguage":"es","@id":"https:\/\/conversesacatalunya.cat\/#\/schema\/person\/image\/","url":"https:\/\/conversesacatalunya.cat\/wp-content\/litespeed\/avatar\/4891585caf2896e97846ab77f06edcf2.jpg?ver=1777091173","contentUrl":"https:\/\/conversesacatalunya.cat\/wp-content\/litespeed\/avatar\/4891585caf2896e97846ab77f06edcf2.jpg?ver=1777091173","caption":"Carles L\u00f3pez"},"url":"https:\/\/conversesacatalunya.cat\/es\/author\/carles-lopez\/"}]}},"wps_subtitle":"Macron baj\u00f3 varios impuestos pero se neg\u00f3 a efectuar los recortes p\u00fablicos correspondientes","_links":{"self":[{"href":"https:\/\/conversesacatalunya.cat\/es\/wp-json\/wp\/v2\/posts\/82666","targetHints":{"allow":["GET"]}}],"collection":[{"href":"https:\/\/conversesacatalunya.cat\/es\/wp-json\/wp\/v2\/posts"}],"about":[{"href":"https:\/\/conversesacatalunya.cat\/es\/wp-json\/wp\/v2\/types\/post"}],"author":[{"embeddable":true,"href":"https:\/\/conversesacatalunya.cat\/es\/wp-json\/wp\/v2\/users\/75"}],"replies":[{"embeddable":true,"href":"https:\/\/conversesacatalunya.cat\/es\/wp-json\/wp\/v2\/comments?post=82666"}],"version-history":[{"count":2,"href":"https:\/\/conversesacatalunya.cat\/es\/wp-json\/wp\/v2\/posts\/82666\/revisions"}],"predecessor-version":[{"id":82668,"href":"https:\/\/conversesacatalunya.cat\/es\/wp-json\/wp\/v2\/posts\/82666\/revisions\/82668"}],"wp:featuredmedia":[{"embeddable":true,"href":"https:\/\/conversesacatalunya.cat\/es\/wp-json\/wp\/v2\/media\/82573"}],"wp:attachment":[{"href":"https:\/\/conversesacatalunya.cat\/es\/wp-json\/wp\/v2\/media?parent=82666"}],"wp:term":[{"taxonomy":"category","embeddable":true,"href":"https:\/\/conversesacatalunya.cat\/es\/wp-json\/wp\/v2\/categories?post=82666"},{"taxonomy":"post_tag","embeddable":true,"href":"https:\/\/conversesacatalunya.cat\/es\/wp-json\/wp\/v2\/tags?post=82666"}],"curies":[{"name":"wp","href":"https:\/\/api.w.org\/{rel}","templated":true}]}}