{"id":82637,"date":"2024-10-15T13:04:15","date_gmt":"2024-10-15T11:04:15","guid":{"rendered":"https:\/\/conversesacatalunya.cat\/la-situacio-economica-del-pais-i-lhabitatge-la-solucio-no-es-la-puntada-endavant\/"},"modified":"2024-10-15T13:28:14","modified_gmt":"2024-10-15T11:28:14","slug":"la-situacion-economica-del-pais-y-la-vivienda-la-solucion-no-es-la-patada-adelante","status":"publish","type":"post","link":"https:\/\/conversesacatalunya.cat\/es\/la-situacion-economica-del-pais-y-la-vivienda-la-solucion-no-es-la-patada-adelante\/","title":{"rendered":"La situaci\u00f3n econ\u00f3mica del pa\u00eds y la vivienda: la soluci\u00f3n no es la patada adelante"},"content":{"rendered":"<p><span>Es evidente que estamos creciendo m\u00e1s que la UE y que esta t\u00f3nica se puede mantener el pr\u00f3ximo a\u00f1o. Es una buena noticia que ya hemos subrayado en anteriores ocasiones, pero lo que no es tan bueno es\u00a0<\/span><strong><span>c\u00f3mo<\/span><\/strong><span>\u00a0crecemos o, en otros t\u00e9rminos, cu\u00e1l es la composici\u00f3n del PIB. La mayor parte de este crecimiento, el 63% el pasado a\u00f1o y el 82% este a\u00f1o, se debe a la demanda interior. En 2023, esta aportaci\u00f3n correspondi\u00f3 en 1 punto al sector privado y 1,1 puntos al p\u00fablico. Este a\u00f1o, el privado se incrementa hasta los 1,3 puntos y el p\u00fablico se sit\u00faa en el 0,9.<\/span><\/p>\n<p><span>Hay que a\u00f1adir que esta participaci\u00f3n del consumo p\u00fablico es muy grande y\u00a0<\/span><strong><span>no es sostenible<\/span><\/strong><span> en el tiempo, especialmente porque resulta imperativo realizar ajustes en el gasto. Sin embargo, lo m\u00e1s preocupante es la poca inversi\u00f3n, que tuvo un signo negativo en el 2023 y aumentar\u00e1 s\u00f3lo una d\u00e9cima este a\u00f1o.<\/span><\/p>\n<h3><span>El consumo privado y la inmigraci\u00f3n<\/span><\/h3>\n<p><span>El consumo privado no se mantiene alto a consecuencia de una mejora de los ingresos, que querr\u00eda decir tambi\u00e9n un aumento de la productividad, sino sobre todo por el a\u00f1adido de m\u00e1s gente trabajando con\u00a0<\/span><strong><span>bajos salarios<\/span><\/strong><span>\u00a0y, por tanto,\u00a0<\/span><strong><span>baja productividad<\/span><\/strong><span>: es la inmigraci\u00f3n . El 70% de los nuevos puestos est\u00e1n ocupados por esta poblaci\u00f3n.<\/span><\/p>\n<p><span>Esta fuerte inmigraci\u00f3n tiene efectos ramificados. Uno de ellos es particularmente importante dada la terrible crisis de vivienda que afecta a Espa\u00f1a. Se trata de la presi\u00f3n de estos reci\u00e9n llegados para formar nuevos hogares que demandan viviendas de alquiler de rentas bajas en las grandes ciudades, lo que contribuye a la situaci\u00f3n actual. Por otra parte, como esta poblaci\u00f3n se concentra sobre todo en el \u00e1mbito agrario y en la hosteler\u00eda, as\u00ed como en los servicios personales, en las poblaciones intermedias de base agraria o tur\u00edstica, como diversas ciudades rurales de Andaluc\u00eda o municipios tur\u00edsticos de Catalu\u00f1a, Baleares y Canarias, se produce un <\/span><strong><span>desajuste<\/span><\/strong><span>\u00a0entre los salarios que se pagan y los precios de los alquileres.<\/span><\/p>\n<h3><span>Un mal diagn\u00f3stico de futuro<\/span><\/h3>\n<p><span>Todo ello hace que el actual escenario tenga un mal diagn\u00f3stico si lo proyectamos a corto plazo. Esta situaci\u00f3n se agrava porque el gobierno\u00a0<\/span><strong><span>no tiene ning\u00fan aliciente<\/span><\/strong><span>\u00a0para regular la inmigraci\u00f3n en funci\u00f3n de las condiciones globales del pa\u00eds, sino s\u00f3lo en relaci\u00f3n a la demanda de los sectores de bajas remuneraciones. No existe ning\u00fan incentivo para hacerlo porque es el factor fundamental que permite al gobierno mostrar crecimiento del PIB y del empleo.<\/span><\/p>\n<p><span>Con las actuales pol\u00edticas de vivienda y estos precedentes sobre la mesa, es del todo improbable que el gobierno S\u00e1nchez, y por extensi\u00f3n el gobierno Illa, sean capaces de apaciguar la crisis de la vivienda. Por un lado, la presi\u00f3n por la nueva vivienda seguir\u00e1 afectando especialmente a los niveles m\u00e1s bajos de ingresos. Por su parte, la presi\u00f3n de los pisos tur\u00edsticos continuar\u00e1 si no se adoptan medidas radicales.<\/span><\/p>\n<h3><span>Seis a\u00f1os sin soluciones efectivas<\/span><\/h3>\n<p><span>Hay que recordar un hecho que a menudo se olvida: S\u00e1nchez lleva seis a\u00f1os en el gobierno y, sin embargo, a pesar de la ley de la vivienda del 2023, el problema no se resuelve, sino que se multiplica. La causa es concreta. Desde 2018, se han iniciado aproximadamente\u00a0<\/span><strong><span>13.000 viviendas protegidas<\/span><\/strong><span>\u00a0al a\u00f1o, una cifra que contrasta con la del per\u00edodo 2003-2010, en la que se constru\u00edan cerca de\u00a0<\/span><strong><span>80.000<\/span><\/strong><span>\u00a0anuales. Entre 1995 y 2002, la cifra era de\u00a0<\/span><strong><span>60.000<\/span><\/strong><span>\u00a0viviendas protegidas, pero esto se ha interrumpido con el actual gobierno.<\/span><\/p>\n<p><span>Se han hecho muchas promesas por parte de S\u00e1nchez. Recientemente, se ha anunciado un plan para construir\u00a0<\/span><strong><span>43.000 viviendas de alquiler asequible<\/span><\/strong><span>\u00a0y otras\u00a0<\/span><strong><span>80.000<\/span><\/strong><span>\u00a0en varias fases de desarrollo que forman parte de un plan m\u00e1s amplio. Sin embargo, vistos los antecedentes, hay que ver c\u00f3mo todo esto termina. Adem\u00e1s, estas cifras son ya insuficientes para compensar el d\u00e9ficit y la demanda anual.<\/span><\/p>\n<h3><span>Un mercado distorsionado<\/span><\/h3>\n<p><span>Mientras haya un flujo inmigratorio tan grande y una demanda tur\u00edstica tan elevada, el mercado se ver\u00e1 distorsionado, como lo est\u00e1 tambi\u00e9n por la ley de la vivienda del 2023, que aplica especialmente Catalunya con las\u00a0<\/span><strong><span>zonas tensadas<\/span><\/strong><span>\u00a0que limitan los alquileres. Cabe recordar que esta pr\u00e1ctica fue habitual durante el franquismo, con ciertas matizaciones, y dur\u00f3 hasta que, en el primer gobierno de Felipe Gonz\u00e1lez, el ministro de Econom\u00eda, Boyer, liberaliz\u00f3 el mercado de alquiler. La raz\u00f3n era sencilla: por un lado, el parque de viviendas que estaba en el mercado se degradaba cada vez m\u00e1s porque los propietarios no invert\u00edan en su mantenimiento; por otro, era un mercado muy peque\u00f1o.<\/span><\/p>\n<p><span>Lo que rectifica el gobierno de S\u00e1nchez es, de hecho, la legislaci\u00f3n socialista. En el primer trimestre en el que se han observado los efectos de esta regulaci\u00f3n, en el caso de Catalu\u00f1a, se ha registrado una\u00a0<\/span><strong><span>rebaja del 5% en el precio del alquiler<\/span><\/strong><span>, pero al mismo tiempo una\u00a0<\/span><strong><span>reducci\u00f3n del 13% de la oferta<\/span><\/strong><span>. Es evidente que este camino ser\u00e1 una nueva fuente de problemas porque conseguir que los precios no crezcan en un mercado con una oferta cada vez m\u00e1s reducida complicar\u00e1 a\u00fan m\u00e1s la vida de quienes buscan vivienda.<\/span><\/p>\n<h3><span>Un problema sin soluci\u00f3n a la vista<\/span><\/h3>\n<p><span>El gobierno espa\u00f1ol, y el catal\u00e1n tampoco, marcan la diferencia. No tienen una visi\u00f3n global del problema y, de hecho, no lo han logrado en estos seis a\u00f1os de gobierno. La falta de vivienda responde a causas complejas, y por tanto se necesita una pol\u00edtica mucho m\u00e1s madura y elaborada que la que est\u00e1 protagonizando S\u00e1nchez.<\/span><\/p>\n<div id=\"polls-258\" class=\"wp-polls\">\n\t<form id=\"polls_form_258\" class=\"wp-polls-form\" action=\"\/index.php\" method=\"post\">\n\t\t<p style=\"display: none;\"><input type=\"hidden\" id=\"poll_258_nonce\" name=\"wp-polls-nonce\" value=\"5ee0fa42b2\" \/><\/p>\n\t\t<p style=\"display: none;\"><input type=\"hidden\" name=\"poll_id\" value=\"258\" \/><\/p>\n\t\t<p style=\"text-align: center\"><strong>Creus que hi ha base suficient perqu\u00e8 el PP hagi presentat una querella contra el PSOE per finan\u00e7ament il\u00b7legal, suborn i tr\u00e0fic d'influ\u00e8ncies?<\/strong><\/p><div id=\"polls-258-ans\" class=\"wp-polls-ans\"><ul class=\"wp-polls-ul\">\n\t\t<li><input type=\"radio\" id=\"poll-answer-726\" name=\"poll_258\" value=\"726\" \/> <label for=\"poll-answer-726\">S\u00ed<\/label><\/li>\n\t\t<li><input type=\"radio\" id=\"poll-answer-727\" name=\"poll_258\" value=\"727\" \/> <label for=\"poll-answer-727\">No<\/label><\/li>\n\t\t<li><input type=\"radio\" id=\"poll-answer-728\" name=\"poll_258\" value=\"728\" \/> <label for=\"poll-answer-728\">No ho s\u00e9<\/label><\/li>\n\t\t<\/ul><p style=\"text-align: center\"><input type=\"button\" name=\"vote\" value=\"   Vota   \" class=\"Buttons\" onclick=\"poll_vote(258);\" \/><\/p><p style=\"text-align: center\"><a href=\"#ViewPollResults\" onclick=\"poll_result(258); return false;\" title=\"View Results Of This Poll\">Mira els resultats<\/a><\/p><\/div>\n\t<\/form>\n<\/div>\n<div id=\"polls-258-loading\" class=\"wp-polls-loading\"><img decoding=\"async\" data-src=\"https:\/\/conversesacatalunya.cat\/wp-content\/plugins\/wp-polls\/images\/loading.gif\" width=\"16\" height=\"16\" alt=\"Cargando ...\" title=\"Cargando ...\" class=\"wp-polls-image lazyload\" src=\"data:image\/svg+xml;base64,PHN2ZyB3aWR0aD0iMSIgaGVpZ2h0PSIxIiB4bWxucz0iaHR0cDovL3d3dy53My5vcmcvMjAwMC9zdmciPjwvc3ZnPg==\" style=\"--smush-placeholder-width: 16px; --smush-placeholder-aspect-ratio: 16\/16;\" \/>&nbsp;Cargando ...<\/div>\n\n","protected":false},"excerpt":{"rendered":"<p>Es evidente que estamos creciendo m\u00e1s que la UE y que esta t\u00f3nica se puede mantener el pr\u00f3ximo a\u00f1o. Es una buena noticia que ya hemos subrayado en anteriores ocasiones, pero lo que no es tan bueno es\u00a0c\u00f3mo\u00a0crecemos o, en otros t\u00e9rminos, cu\u00e1l es la composici\u00f3n del PIB. La mayor parte de este crecimiento, el 63% el pasado a\u00f1o y el 82% este a\u00f1o, se debe a la demanda interior. En 2023, esta aportaci\u00f3n correspondi\u00f3 en 1 punto al sector privado y 1,1 puntos al p\u00fablico. Este a\u00f1o, el privado se incrementa hasta los 1,3 puntos y el p\u00fablico se sit\u00faa en el 0,9. Hay que a\u00f1adir que esta participaci\u00f3n del consumo p\u00fablico es muy grande y\u00a0no es sostenible en el tiempo, especialmente porque resulta imperativo realizar ajustes en el gasto. Sin embargo, lo m\u00e1s preocupante es la poca inversi\u00f3n, que tuvo un signo negativo en el 2023 y aumentar\u00e1 s\u00f3lo una d\u00e9cima este a\u00f1o. El consumo privado y la inmigraci\u00f3n El consumo privado no se mantiene alto a consecuencia de una mejora de los ingresos, que querr\u00eda decir tambi\u00e9n un aumento de la productividad, sino sobre todo por el a\u00f1adido de m\u00e1s gente trabajando con\u00a0bajos salarios\u00a0y, por tanto,\u00a0baja productividad: es la inmigraci\u00f3n . El 70% de los nuevos puestos est\u00e1n ocupados por esta poblaci\u00f3n. Esta fuerte inmigraci\u00f3n tiene efectos ramificados. Uno de ellos es particularmente importante dada la terrible crisis de vivienda que afecta a Espa\u00f1a. Se trata de la presi\u00f3n de estos reci\u00e9n llegados para formar nuevos hogares que demandan viviendas de alquiler de rentas bajas en las grandes ciudades, lo que contribuye a la situaci\u00f3n actual. Por otra parte, como esta poblaci\u00f3n se concentra sobre todo en el \u00e1mbito agrario y en la hosteler\u00eda, as\u00ed como en los servicios personales, en las poblaciones intermedias de base agraria o tur\u00edstica, como diversas ciudades rurales de Andaluc\u00eda o municipios tur\u00edsticos de Catalu\u00f1a, Baleares y Canarias, se produce un desajuste\u00a0entre los salarios que se pagan y los precios de los alquileres. Un mal diagn\u00f3stico de futuro Todo ello hace que el actual escenario tenga un mal diagn\u00f3stico si lo proyectamos a corto plazo. Esta situaci\u00f3n se agrava porque el gobierno\u00a0no tiene ning\u00fan aliciente\u00a0para regular la inmigraci\u00f3n en funci\u00f3n de las condiciones globales del pa\u00eds, sino s\u00f3lo en relaci\u00f3n a la demanda de los sectores de bajas remuneraciones. No existe ning\u00fan incentivo para hacerlo porque es el factor fundamental que permite al gobierno mostrar crecimiento del PIB y del empleo. Con las actuales pol\u00edticas de vivienda y estos precedentes sobre la mesa, es del todo improbable que el gobierno S\u00e1nchez, y por extensi\u00f3n el gobierno Illa, sean capaces de apaciguar la crisis de la vivienda. Por un lado, la presi\u00f3n por la nueva vivienda seguir\u00e1 afectando especialmente a los niveles m\u00e1s bajos de ingresos. Por su parte, la presi\u00f3n de los pisos tur\u00edsticos continuar\u00e1 si no se adoptan medidas radicales. Seis a\u00f1os sin soluciones efectivas Hay que recordar un hecho que a menudo se olvida: S\u00e1nchez lleva seis a\u00f1os en el gobierno y, sin embargo, a pesar de la ley de la vivienda del 2023, el problema no se resuelve, sino que se multiplica. La causa es concreta. Desde 2018, se han iniciado aproximadamente\u00a013.000 viviendas protegidas\u00a0al a\u00f1o, una cifra que contrasta con la del per\u00edodo 2003-2010, en la que se constru\u00edan cerca de\u00a080.000\u00a0anuales. Entre 1995 y 2002, la cifra era de\u00a060.000\u00a0viviendas protegidas, pero esto se ha interrumpido con el actual gobierno. Se han hecho muchas promesas por parte de S\u00e1nchez. Recientemente, se ha anunciado un plan para construir\u00a043.000 viviendas de alquiler asequible\u00a0y otras\u00a080.000\u00a0en varias fases de desarrollo que forman parte de un plan m\u00e1s amplio. Sin embargo, vistos los antecedentes, hay que ver c\u00f3mo todo esto termina. Adem\u00e1s, estas cifras son ya insuficientes para compensar el d\u00e9ficit y la demanda anual. Un mercado distorsionado Mientras haya un flujo inmigratorio tan grande y una demanda tur\u00edstica tan elevada, el mercado se ver\u00e1 distorsionado, como lo est\u00e1 tambi\u00e9n por la ley de la vivienda del 2023, que aplica especialmente Catalunya con las\u00a0zonas tensadas\u00a0que limitan los alquileres. Cabe recordar que esta pr\u00e1ctica fue habitual durante el franquismo, con ciertas matizaciones, y dur\u00f3 hasta que, en el primer gobierno de Felipe Gonz\u00e1lez, el ministro de Econom\u00eda, Boyer, liberaliz\u00f3 el mercado de alquiler. La raz\u00f3n era sencilla: por un lado, el parque de viviendas que estaba en el mercado se degradaba cada vez m\u00e1s porque los propietarios no invert\u00edan en su mantenimiento; por otro, era un mercado muy peque\u00f1o. Lo que rectifica el gobierno de S\u00e1nchez es, de hecho, la legislaci\u00f3n socialista. En el primer trimestre en el que se han observado los efectos de esta regulaci\u00f3n, en el caso de Catalu\u00f1a, se ha registrado una\u00a0rebaja del 5% en el precio del alquiler, pero al mismo tiempo una\u00a0reducci\u00f3n del 13% de la oferta. Es evidente que este camino ser\u00e1 una nueva fuente de problemas porque conseguir que los precios no crezcan en un mercado con una oferta cada vez m\u00e1s reducida complicar\u00e1 a\u00fan m\u00e1s la vida de quienes buscan vivienda. Un problema sin soluci\u00f3n a la vista El gobierno espa\u00f1ol, y el catal\u00e1n tampoco, marcan la diferencia. No tienen una visi\u00f3n global del problema y, de hecho, no lo han logrado en estos seis a\u00f1os de gobierno. La falta de vivienda responde a causas complejas, y por tanto se necesita una pol\u00edtica mucho m\u00e1s madura y elaborada que la que est\u00e1 protagonizando S\u00e1nchez.<\/p>\n","protected":false},"author":78,"featured_media":82632,"comment_status":"open","ping_status":"open","sticky":false,"template":"","format":"standard","meta":{"_FSMCFIC_featured_image_caption":"","_FSMCFIC_featured_image_nocaption":"","_FSMCFIC_featured_image_hide":"","footnotes":""},"categories":[806],"tags":[1035],"class_list":["post-82637","post","type-post","status-publish","format-standard","has-post-thumbnail","hentry","category-punts-claus-del-dia-es","tag-vivienda"],"yoast_head":"<!-- This site is optimized with the Yoast SEO plugin v26.8 - https:\/\/yoast.com\/product\/yoast-seo-wordpress\/ -->\n<title>La situaci\u00f3n econ\u00f3mica del pa\u00eds y la vivienda: la soluci\u00f3n no es la patada adelante - Converses a Catalunya<\/title>\n<meta name=\"description\" content=\"Los desaf\u00edos de la econom\u00eda y la crisis de vivienda: una mirada cr\u00edtica a las pol\u00edticas actuales\" \/>\n<meta name=\"robots\" content=\"index, follow, max-snippet:-1, max-image-preview:large, max-video-preview:-1\" \/>\n<link rel=\"canonical\" href=\"https:\/\/conversesacatalunya.cat\/es\/la-situacion-economica-del-pais-y-la-vivienda-la-solucion-no-es-la-patada-adelante\/\" \/>\n<meta property=\"og:locale\" content=\"es_ES\" \/>\n<meta property=\"og:type\" content=\"article\" \/>\n<meta property=\"og:title\" content=\"La situaci\u00f3n econ\u00f3mica del pa\u00eds y la vivienda: la soluci\u00f3n no es la patada adelante - Converses a Catalunya\" \/>\n<meta property=\"og:description\" content=\"Los desaf\u00edos de la econom\u00eda y la crisis de vivienda: una mirada cr\u00edtica a las pol\u00edticas actuales\" \/>\n<meta property=\"og:url\" content=\"https:\/\/conversesacatalunya.cat\/es\/la-situacion-economica-del-pais-y-la-vivienda-la-solucion-no-es-la-patada-adelante\/\" \/>\n<meta property=\"og:site_name\" content=\"Converses a Catalunya\" \/>\n<meta property=\"article:published_time\" content=\"2024-10-15T11:04:15+00:00\" \/>\n<meta property=\"article:modified_time\" content=\"2024-10-15T11:28:14+00:00\" \/>\n<meta property=\"og:image\" content=\"https:\/\/conversesacatalunya.cat\/wp-content\/uploads\/2024\/10\/crisi-habitatge.jpg\" \/>\n\t<meta property=\"og:image:width\" content=\"683\" \/>\n\t<meta property=\"og:image:height\" content=\"409\" \/>\n\t<meta property=\"og:image:type\" content=\"image\/jpeg\" \/>\n<meta name=\"author\" content=\"Joan Masip\" \/>\n<meta name=\"twitter:card\" content=\"summary_large_image\" \/>\n<meta name=\"twitter:label1\" content=\"Escrito por\" \/>\n\t<meta name=\"twitter:data1\" content=\"Joan Masip\" \/>\n\t<meta name=\"twitter:label2\" content=\"Tiempo de lectura\" \/>\n\t<meta name=\"twitter:data2\" content=\"5 minutos\" \/>\n<script type=\"application\/ld+json\" class=\"yoast-schema-graph\">{\"@context\":\"https:\/\/schema.org\",\"@graph\":[{\"@type\":\"Article\",\"@id\":\"https:\/\/conversesacatalunya.cat\/es\/la-situacion-economica-del-pais-y-la-vivienda-la-solucion-no-es-la-patada-adelante\/#article\",\"isPartOf\":{\"@id\":\"https:\/\/conversesacatalunya.cat\/es\/la-situacion-economica-del-pais-y-la-vivienda-la-solucion-no-es-la-patada-adelante\/\"},\"author\":{\"name\":\"Joan Masip\",\"@id\":\"https:\/\/conversesacatalunya.cat\/#\/schema\/person\/311d0bf53def217d5124c78a7bc42275\"},\"headline\":\"La situaci\u00f3n econ\u00f3mica del pa\u00eds y la vivienda: la soluci\u00f3n no es la patada adelante\",\"datePublished\":\"2024-10-15T11:04:15+00:00\",\"dateModified\":\"2024-10-15T11:28:14+00:00\",\"mainEntityOfPage\":{\"@id\":\"https:\/\/conversesacatalunya.cat\/es\/la-situacion-economica-del-pais-y-la-vivienda-la-solucion-no-es-la-patada-adelante\/\"},\"wordCount\":1014,\"commentCount\":0,\"image\":{\"@id\":\"https:\/\/conversesacatalunya.cat\/es\/la-situacion-economica-del-pais-y-la-vivienda-la-solucion-no-es-la-patada-adelante\/#primaryimage\"},\"thumbnailUrl\":\"https:\/\/conversesacatalunya.cat\/wp-content\/uploads\/2024\/10\/crisi-habitatge.jpg\",\"keywords\":[\"vivienda\"],\"articleSection\":[\"Punts clau del dia (ES)\"],\"inLanguage\":\"es\",\"potentialAction\":[{\"@type\":\"CommentAction\",\"name\":\"Comment\",\"target\":[\"https:\/\/conversesacatalunya.cat\/es\/la-situacion-economica-del-pais-y-la-vivienda-la-solucion-no-es-la-patada-adelante\/#respond\"]}]},{\"@type\":\"WebPage\",\"@id\":\"https:\/\/conversesacatalunya.cat\/es\/la-situacion-economica-del-pais-y-la-vivienda-la-solucion-no-es-la-patada-adelante\/\",\"url\":\"https:\/\/conversesacatalunya.cat\/es\/la-situacion-economica-del-pais-y-la-vivienda-la-solucion-no-es-la-patada-adelante\/\",\"name\":\"La situaci\u00f3n econ\u00f3mica del pa\u00eds y la vivienda: la soluci\u00f3n no es la patada adelante - Converses a Catalunya\",\"isPartOf\":{\"@id\":\"https:\/\/conversesacatalunya.cat\/#website\"},\"primaryImageOfPage\":{\"@id\":\"https:\/\/conversesacatalunya.cat\/es\/la-situacion-economica-del-pais-y-la-vivienda-la-solucion-no-es-la-patada-adelante\/#primaryimage\"},\"image\":{\"@id\":\"https:\/\/conversesacatalunya.cat\/es\/la-situacion-economica-del-pais-y-la-vivienda-la-solucion-no-es-la-patada-adelante\/#primaryimage\"},\"thumbnailUrl\":\"https:\/\/conversesacatalunya.cat\/wp-content\/uploads\/2024\/10\/crisi-habitatge.jpg\",\"datePublished\":\"2024-10-15T11:04:15+00:00\",\"dateModified\":\"2024-10-15T11:28:14+00:00\",\"author\":{\"@id\":\"https:\/\/conversesacatalunya.cat\/#\/schema\/person\/311d0bf53def217d5124c78a7bc42275\"},\"description\":\"Los desaf\u00edos de la econom\u00eda y la crisis de vivienda: una mirada cr\u00edtica a las pol\u00edticas actuales\",\"breadcrumb\":{\"@id\":\"https:\/\/conversesacatalunya.cat\/es\/la-situacion-economica-del-pais-y-la-vivienda-la-solucion-no-es-la-patada-adelante\/#breadcrumb\"},\"inLanguage\":\"es\",\"potentialAction\":[{\"@type\":\"ReadAction\",\"target\":[\"https:\/\/conversesacatalunya.cat\/es\/la-situacion-economica-del-pais-y-la-vivienda-la-solucion-no-es-la-patada-adelante\/\"]}]},{\"@type\":\"ImageObject\",\"inLanguage\":\"es\",\"@id\":\"https:\/\/conversesacatalunya.cat\/es\/la-situacion-economica-del-pais-y-la-vivienda-la-solucion-no-es-la-patada-adelante\/#primaryimage\",\"url\":\"https:\/\/conversesacatalunya.cat\/wp-content\/uploads\/2024\/10\/crisi-habitatge.jpg\",\"contentUrl\":\"https:\/\/conversesacatalunya.cat\/wp-content\/uploads\/2024\/10\/crisi-habitatge.jpg\",\"width\":683,\"height\":409,\"caption\":\"economia i habitatge\"},{\"@type\":\"BreadcrumbList\",\"@id\":\"https:\/\/conversesacatalunya.cat\/es\/la-situacion-economica-del-pais-y-la-vivienda-la-solucion-no-es-la-patada-adelante\/#breadcrumb\",\"itemListElement\":[{\"@type\":\"ListItem\",\"position\":1,\"name\":\"Inici\",\"item\":\"https:\/\/conversesacatalunya.cat\/es\/\"},{\"@type\":\"ListItem\",\"position\":2,\"name\":\"La situaci\u00f3n econ\u00f3mica del pa\u00eds y la vivienda: la soluci\u00f3n no es la patada adelante\"}]},{\"@type\":\"WebSite\",\"@id\":\"https:\/\/conversesacatalunya.cat\/#website\",\"url\":\"https:\/\/conversesacatalunya.cat\/\",\"name\":\"Converses a Catalunya\",\"description\":\"\",\"potentialAction\":[{\"@type\":\"SearchAction\",\"target\":{\"@type\":\"EntryPoint\",\"urlTemplate\":\"https:\/\/conversesacatalunya.cat\/?s={search_term_string}\"},\"query-input\":{\"@type\":\"PropertyValueSpecification\",\"valueRequired\":true,\"valueName\":\"search_term_string\"}}],\"inLanguage\":\"es\"},{\"@type\":\"Person\",\"@id\":\"https:\/\/conversesacatalunya.cat\/#\/schema\/person\/311d0bf53def217d5124c78a7bc42275\",\"name\":\"Joan Masip\",\"image\":{\"@type\":\"ImageObject\",\"inLanguage\":\"es\",\"@id\":\"https:\/\/conversesacatalunya.cat\/#\/schema\/person\/image\/\",\"url\":\"https:\/\/conversesacatalunya.cat\/wp-content\/litespeed\/avatar\/fa67b994763cff7d443f54b63ec96481.jpg?ver=1777372547\",\"contentUrl\":\"https:\/\/conversesacatalunya.cat\/wp-content\/litespeed\/avatar\/fa67b994763cff7d443f54b63ec96481.jpg?ver=1777372547\",\"caption\":\"Joan Masip\"},\"url\":\"https:\/\/conversesacatalunya.cat\/es\/author\/joan-masip\/\"}]}<\/script>\n<!-- \/ Yoast SEO plugin. -->","yoast_head_json":{"title":"La situaci\u00f3n econ\u00f3mica del pa\u00eds y la vivienda: la soluci\u00f3n no es la patada adelante - Converses a Catalunya","description":"Los desaf\u00edos de la econom\u00eda y la crisis de vivienda: una mirada cr\u00edtica a las pol\u00edticas actuales","robots":{"index":"index","follow":"follow","max-snippet":"max-snippet:-1","max-image-preview":"max-image-preview:large","max-video-preview":"max-video-preview:-1"},"canonical":"https:\/\/conversesacatalunya.cat\/es\/la-situacion-economica-del-pais-y-la-vivienda-la-solucion-no-es-la-patada-adelante\/","og_locale":"es_ES","og_type":"article","og_title":"La situaci\u00f3n econ\u00f3mica del pa\u00eds y la vivienda: la soluci\u00f3n no es la patada adelante - Converses a Catalunya","og_description":"Los desaf\u00edos de la econom\u00eda y la crisis de vivienda: una mirada cr\u00edtica a las pol\u00edticas actuales","og_url":"https:\/\/conversesacatalunya.cat\/es\/la-situacion-economica-del-pais-y-la-vivienda-la-solucion-no-es-la-patada-adelante\/","og_site_name":"Converses a Catalunya","article_published_time":"2024-10-15T11:04:15+00:00","article_modified_time":"2024-10-15T11:28:14+00:00","og_image":[{"width":683,"height":409,"url":"https:\/\/conversesacatalunya.cat\/wp-content\/uploads\/2024\/10\/crisi-habitatge.jpg","type":"image\/jpeg"}],"author":"Joan Masip","twitter_card":"summary_large_image","twitter_misc":{"Escrito por":"Joan Masip","Tiempo de lectura":"5 minutos"},"schema":{"@context":"https:\/\/schema.org","@graph":[{"@type":"Article","@id":"https:\/\/conversesacatalunya.cat\/es\/la-situacion-economica-del-pais-y-la-vivienda-la-solucion-no-es-la-patada-adelante\/#article","isPartOf":{"@id":"https:\/\/conversesacatalunya.cat\/es\/la-situacion-economica-del-pais-y-la-vivienda-la-solucion-no-es-la-patada-adelante\/"},"author":{"name":"Joan Masip","@id":"https:\/\/conversesacatalunya.cat\/#\/schema\/person\/311d0bf53def217d5124c78a7bc42275"},"headline":"La situaci\u00f3n econ\u00f3mica del pa\u00eds y la vivienda: la soluci\u00f3n no es la patada adelante","datePublished":"2024-10-15T11:04:15+00:00","dateModified":"2024-10-15T11:28:14+00:00","mainEntityOfPage":{"@id":"https:\/\/conversesacatalunya.cat\/es\/la-situacion-economica-del-pais-y-la-vivienda-la-solucion-no-es-la-patada-adelante\/"},"wordCount":1014,"commentCount":0,"image":{"@id":"https:\/\/conversesacatalunya.cat\/es\/la-situacion-economica-del-pais-y-la-vivienda-la-solucion-no-es-la-patada-adelante\/#primaryimage"},"thumbnailUrl":"https:\/\/conversesacatalunya.cat\/wp-content\/uploads\/2024\/10\/crisi-habitatge.jpg","keywords":["vivienda"],"articleSection":["Punts clau del dia (ES)"],"inLanguage":"es","potentialAction":[{"@type":"CommentAction","name":"Comment","target":["https:\/\/conversesacatalunya.cat\/es\/la-situacion-economica-del-pais-y-la-vivienda-la-solucion-no-es-la-patada-adelante\/#respond"]}]},{"@type":"WebPage","@id":"https:\/\/conversesacatalunya.cat\/es\/la-situacion-economica-del-pais-y-la-vivienda-la-solucion-no-es-la-patada-adelante\/","url":"https:\/\/conversesacatalunya.cat\/es\/la-situacion-economica-del-pais-y-la-vivienda-la-solucion-no-es-la-patada-adelante\/","name":"La situaci\u00f3n econ\u00f3mica del pa\u00eds y la vivienda: la soluci\u00f3n no es la patada adelante - Converses a Catalunya","isPartOf":{"@id":"https:\/\/conversesacatalunya.cat\/#website"},"primaryImageOfPage":{"@id":"https:\/\/conversesacatalunya.cat\/es\/la-situacion-economica-del-pais-y-la-vivienda-la-solucion-no-es-la-patada-adelante\/#primaryimage"},"image":{"@id":"https:\/\/conversesacatalunya.cat\/es\/la-situacion-economica-del-pais-y-la-vivienda-la-solucion-no-es-la-patada-adelante\/#primaryimage"},"thumbnailUrl":"https:\/\/conversesacatalunya.cat\/wp-content\/uploads\/2024\/10\/crisi-habitatge.jpg","datePublished":"2024-10-15T11:04:15+00:00","dateModified":"2024-10-15T11:28:14+00:00","author":{"@id":"https:\/\/conversesacatalunya.cat\/#\/schema\/person\/311d0bf53def217d5124c78a7bc42275"},"description":"Los desaf\u00edos de la econom\u00eda y la crisis de vivienda: una mirada cr\u00edtica a las pol\u00edticas actuales","breadcrumb":{"@id":"https:\/\/conversesacatalunya.cat\/es\/la-situacion-economica-del-pais-y-la-vivienda-la-solucion-no-es-la-patada-adelante\/#breadcrumb"},"inLanguage":"es","potentialAction":[{"@type":"ReadAction","target":["https:\/\/conversesacatalunya.cat\/es\/la-situacion-economica-del-pais-y-la-vivienda-la-solucion-no-es-la-patada-adelante\/"]}]},{"@type":"ImageObject","inLanguage":"es","@id":"https:\/\/conversesacatalunya.cat\/es\/la-situacion-economica-del-pais-y-la-vivienda-la-solucion-no-es-la-patada-adelante\/#primaryimage","url":"https:\/\/conversesacatalunya.cat\/wp-content\/uploads\/2024\/10\/crisi-habitatge.jpg","contentUrl":"https:\/\/conversesacatalunya.cat\/wp-content\/uploads\/2024\/10\/crisi-habitatge.jpg","width":683,"height":409,"caption":"economia i habitatge"},{"@type":"BreadcrumbList","@id":"https:\/\/conversesacatalunya.cat\/es\/la-situacion-economica-del-pais-y-la-vivienda-la-solucion-no-es-la-patada-adelante\/#breadcrumb","itemListElement":[{"@type":"ListItem","position":1,"name":"Inici","item":"https:\/\/conversesacatalunya.cat\/es\/"},{"@type":"ListItem","position":2,"name":"La situaci\u00f3n econ\u00f3mica del pa\u00eds y la vivienda: la soluci\u00f3n no es la patada adelante"}]},{"@type":"WebSite","@id":"https:\/\/conversesacatalunya.cat\/#website","url":"https:\/\/conversesacatalunya.cat\/","name":"Converses a Catalunya","description":"","potentialAction":[{"@type":"SearchAction","target":{"@type":"EntryPoint","urlTemplate":"https:\/\/conversesacatalunya.cat\/?s={search_term_string}"},"query-input":{"@type":"PropertyValueSpecification","valueRequired":true,"valueName":"search_term_string"}}],"inLanguage":"es"},{"@type":"Person","@id":"https:\/\/conversesacatalunya.cat\/#\/schema\/person\/311d0bf53def217d5124c78a7bc42275","name":"Joan Masip","image":{"@type":"ImageObject","inLanguage":"es","@id":"https:\/\/conversesacatalunya.cat\/#\/schema\/person\/image\/","url":"https:\/\/conversesacatalunya.cat\/wp-content\/litespeed\/avatar\/fa67b994763cff7d443f54b63ec96481.jpg?ver=1777372547","contentUrl":"https:\/\/conversesacatalunya.cat\/wp-content\/litespeed\/avatar\/fa67b994763cff7d443f54b63ec96481.jpg?ver=1777372547","caption":"Joan Masip"},"url":"https:\/\/conversesacatalunya.cat\/es\/author\/joan-masip\/"}]}},"wps_subtitle":"Los desaf\u00edos de la econom\u00eda y la crisis de vivienda: una mirada cr\u00edtica a las pol\u00edticas actuales","_links":{"self":[{"href":"https:\/\/conversesacatalunya.cat\/es\/wp-json\/wp\/v2\/posts\/82637","targetHints":{"allow":["GET"]}}],"collection":[{"href":"https:\/\/conversesacatalunya.cat\/es\/wp-json\/wp\/v2\/posts"}],"about":[{"href":"https:\/\/conversesacatalunya.cat\/es\/wp-json\/wp\/v2\/types\/post"}],"author":[{"embeddable":true,"href":"https:\/\/conversesacatalunya.cat\/es\/wp-json\/wp\/v2\/users\/78"}],"replies":[{"embeddable":true,"href":"https:\/\/conversesacatalunya.cat\/es\/wp-json\/wp\/v2\/comments?post=82637"}],"version-history":[{"count":2,"href":"https:\/\/conversesacatalunya.cat\/es\/wp-json\/wp\/v2\/posts\/82637\/revisions"}],"predecessor-version":[{"id":82639,"href":"https:\/\/conversesacatalunya.cat\/es\/wp-json\/wp\/v2\/posts\/82637\/revisions\/82639"}],"wp:featuredmedia":[{"embeddable":true,"href":"https:\/\/conversesacatalunya.cat\/es\/wp-json\/wp\/v2\/media\/82632"}],"wp:attachment":[{"href":"https:\/\/conversesacatalunya.cat\/es\/wp-json\/wp\/v2\/media?parent=82637"}],"wp:term":[{"taxonomy":"category","embeddable":true,"href":"https:\/\/conversesacatalunya.cat\/es\/wp-json\/wp\/v2\/categories?post=82637"},{"taxonomy":"post_tag","embeddable":true,"href":"https:\/\/conversesacatalunya.cat\/es\/wp-json\/wp\/v2\/tags?post=82637"}],"curies":[{"name":"wp","href":"https:\/\/api.w.org\/{rel}","templated":true}]}}