{"id":82531,"date":"2024-10-11T11:51:06","date_gmt":"2024-10-11T09:51:06","guid":{"rendered":"https:\/\/conversesacatalunya.cat\/nosaltres-els-ciutadans-i-els-partits-politics-som-una-colla-de-babaus\/"},"modified":"2024-10-11T12:36:18","modified_gmt":"2024-10-11T10:36:18","slug":"nosotros-los-ciudadanos-y-los-partidos-politicos-somos-un-grupo-de-bobos","status":"publish","type":"post","link":"https:\/\/conversesacatalunya.cat\/es\/nosotros-los-ciudadanos-y-los-partidos-politicos-somos-un-grupo-de-bobos\/","title":{"rendered":"Nosotros, los ciudadanos, y los partidos pol\u00edticos somos un grupo de bobos"},"content":{"rendered":"<p><span>Hay un principio incuestionable: todo el dinero necesario para el funcionamiento de las administraciones p\u00fablicas, incluidos los partidos pol\u00edticos, gobiernos, parlamentos\u2026 absolutamente todo\u00a0<\/span><strong><span>depende de lo que pagamos nosotros, los ciudadanos<\/span><\/strong><span>.<\/span><\/p>\n<p><span>Este principio elemental tiene, a su vez, una contrapartida igualmente elemental:\u00a0<\/span><strong><span>\u00a1pagamos para que nos resuelvan los problemas<\/span><\/strong><span>\u00a0colectivos y para que aquellos que nos afectan individualmente tengan una soluci\u00f3n m\u00e1s f\u00e1cil! Ahora, reflexiona un momento y preg\u00fantate si esto responde a la realidad.<\/span><\/p>\n<p><span>Es evidente que no. Todos los d\u00edas, en cualquier lugar del pa\u00eds, suceden hechos, grandes o peque\u00f1os, que demuestran lo contrario. Tenemos dos ejemplos recientes: uno es\u00a0<\/span><strong><span>la gesti\u00f3n de la movilidad de las personas que utilizaban el ferrocarril de la l\u00ednea de Tarragona<\/span><\/strong><span>. Las soluciones aplicadas por las obras han sido concebidas al margen de las necesidades de los usuarios, simplemente por cumplir con el expediente.<\/span><\/p>\n<p><span>El segundo ejemplo, m\u00e1s peque\u00f1o pero igualmente significativo, son\u00a0<\/span><strong><span>las obras en la calle Urgell de Barcelona<\/span><\/strong><span>. \u00c9stas, que se alargar\u00e1n hasta la pr\u00f3xima primavera, han levantado un muro de hasta 6 metros en un lado de la calle, y el ruido es insoportable. Las obras no se han planteado para minimizar el impacto en la calidad de vida o en la actividad econ\u00f3mica de los afectados, sino simplemente para cubrir el expediente. Y eso sin entrar a hablar de la cita previa, la administraci\u00f3n \u00abdesaparecida en combate\u00bb, las listas de espera, las colas, los laberintos burocr\u00e1ticos, y la imposibilidad de hablar con alg\u00fan responsable pol\u00edtico. Que levante la mano quien sepa qui\u00e9n es su concejal.<\/span><\/p>\n<p><span>Por tanto, es l\u00f3gico que todas las encuestas, tanto del CIS como del CEO en Catalu\u00f1a, se\u00f1alen la pol\u00edtica como uno de los principales problemas.<\/span><\/p>\n<p><strong><span>Nuestras necesidades van por un lado, mientras que los partidos pol\u00edticos escenifican su obra por otro<\/span><\/strong><span>. Un ejemplo es la reciente sesi\u00f3n del Parlament de Catalunya, que cada a\u00f1o deber\u00eda ser un momento de especial importancia pol\u00edtica. El balance final, despu\u00e9s de la intervenci\u00f3n de todos los partidos y del presidente de la Generalitat, es muy pobre. Si dejamos a un lado el compromiso de Salvador Illa de construir 50.000 viviendas en 6 a\u00f1os, las propuestas presentadas son m\u00e1s bien consignas ideol\u00f3gicas, poco o nada conectadas con la realidad.<\/span><\/p>\n<p><span>Incluso cuando plantean soluciones,\u00a0<\/span><strong><span>lo hacen sabiendo que no podr\u00e1n aplicarse<\/span><\/strong><span>, pero quedan bien ante su peque\u00f1a audiencia ideol\u00f3gica. Problemas como la inmigraci\u00f3n, con sus dimensiones positivas y negativas, ni siquiera aparecieron en el debate. Tampoco se trat\u00f3 adecuadamente el r\u00e1pido retroceso del catal\u00e1n como lengua primera de uso social, las dificultades de las familias con hijos para sobrevivir, o el estado de decadencia de la ense\u00f1anza p\u00fablica. Las peque\u00f1as empresas y los trabajadores aut\u00f3nomos, cada vez m\u00e1s ahogados por una creciente burocracia, no recibieron la atenci\u00f3n necesaria. La situaci\u00f3n de los trenes de cercan\u00edas, por ejemplo, ni se mencion\u00f3.<\/span><\/p>\n<p><span>\u00bfY\u00a0<\/span><strong><span>qu\u00e9 pasa con los impuestos<\/span><\/strong><span>? \u00bfPor qu\u00e9 Catalu\u00f1a es una de las pocas comunidades que no ha deflactado sus impuestos para evitar que la inflaci\u00f3n galopante que hemos sufrido multiplique artificialmente lo que debemos pagar?<\/span><\/p>\n<p><span>La realidad es que pagamos cada vez m\u00e1s, como indica el esfuerzo fiscal y la cu\u00f1a fiscal, y estamos mal servidos. Esto no funciona.<\/span><\/p>\n<p><span>Los parlamentos, que te\u00f3ricamente nos representan, van por libre. Parece que su misi\u00f3n sea hacer leyes sin cesar, hasta ahogarnos en burocracia, duplicando medidas entre la legislaci\u00f3n estatal y catalana. Ahora no hace falta hacer m\u00e1s leyes, sino distinguir, simplificar y aclarar todo el c\u00famulo legislativo que nos ahoga.<\/span><\/p>\n<p><span>El ministro de Econom\u00eda, Carlos Cuerpo, afirma que un tercio del PIB est\u00e1 fuertemente condicionado por una\u00a0<\/span><strong><span>telara\u00f1a reguladora dif\u00edcil de aplicar y cumplir<\/span><\/strong><span>. Se calcula que 2.000.000 de empresas y casi 10.000.000 trabajadores est\u00e1n lastrados por un exceso de regulaci\u00f3n.<\/span><\/p>\n<p><span>Los diputados no deber\u00edan dedicar todo su tiempo a elaborar leyes, especialmente cuando muchos no est\u00e1n preparados para ello. Podr\u00edan invertir su tiempo en\u00a0<\/span><strong><span>atender a los ciudadanos y estudiar a fondo los problemas importantes<\/span><\/strong><span>, haciendo propuestas que, si tuvieran el apoyo mayoritario, el gobierno deber\u00eda cumplir.<\/span><\/p>\n<p><span>Otra tarea \u00fatil ser\u00eda\u00a0<\/span><strong><span>seguir la aplicaci\u00f3n de las leyes<\/span><\/strong><span>\u00a0, observando qu\u00e9 funciona y qu\u00e9 no, y tomar nota para futuras legislaciones. Nadie se preocupa de si las leyes cumplen con los objetivos por los que fueron establecidas. Podr\u00edan fiscalizar mejor la acci\u00f3n de gobierno, haci\u00e9ndola m\u00e1s transparente e informando a los ciudadanos.<\/span><\/p>\n<p><span>El problema es que\u00a0<\/span><strong><span>muchos diputados no est\u00e1n preparados para realizar estas tareas<\/span><\/strong><span>, y no se trata de falta de dinero. El Parlamento dispone de un presupuesto abundante, y los partidos pol\u00edticos est\u00e1n bien financiados.<\/span><\/p>\n<p><span>A nivel estatal, las subvenciones a los partidos pol\u00edticos en 2024 alcanzan los 52.704.140 euros. Un tercio se distribuye proporcionalmente al n\u00famero de esca\u00f1os obtenidos en el Congreso de los Diputados; otros dos tercios, seg\u00fan los votos obtenidos en las elecciones generales.<\/span><\/p>\n<p><strong><span>Los partidos m\u00e1s beneficiados son<\/span><\/strong><span>: Partido Popular (18.883.685,48 euros), PSOE (14.830.982,82 euros), Vox (6.154.183,90 euros), Sumar (6.036.133,56 euros).<\/span><\/p>\n<p><strong><span>En Catalu\u00f1a<\/span><\/strong><span>, el Parlamento reparte 9 millones de euros entre las formaciones pol\u00edticas. El 50% se distribuye seg\u00fan los esca\u00f1os obtenidos y el otro 50% seg\u00fan los votos conseguidos. El reparto para 2024 es el siguiente: PSC (2.190.333,73 euros), ERC (2.108.429,56 euros), Junts (2.016.743,36 euros), VOX (729.887,55 euros), y otros.<\/span><\/p>\n<p><span>Estas subvenciones, que se pagan en doce mensualidades, se reajustan cada a\u00f1o seg\u00fan el IPC, un mecanismo que ellos aplican, pero que no utilizan para ajustar los impuestos de los ciudadanos.<\/span><\/p>\n<p><strong><span>Todo est\u00e1 montado para servir a un c\u00edrculo vicioso en beneficio de los partidos<\/span><\/strong><span>\u00a0, que son realidades autorreferenciadas, llenas de personas mediocres y mal preparadas. A eso le llaman democracia parlamentaria y liberal, y los medios de comunicaci\u00f3n, dependientes tambi\u00e9n de subvenciones y publicidad p\u00fablica, lo presentan como una lucha por el poder, en la que los ciudadanos somos un medio, pero no el fin.<\/span><\/p>\n<div id=\"polls-257\" class=\"wp-polls\"><\/div>\n<div id=\"polls-257\" class=\"wp-polls\">\n\t<form id=\"polls_form_257\" class=\"wp-polls-form\" action=\"\/index.php\" method=\"post\">\n\t\t<p style=\"display: none;\"><input type=\"hidden\" id=\"poll_257_nonce\" name=\"wp-polls-nonce\" value=\"339475ad2c\" \/><\/p>\n\t\t<p style=\"display: none;\"><input type=\"hidden\" name=\"poll_id\" value=\"257\" \/><\/p>\n\t\t<p style=\"text-align: center\"><strong>Creus que \u00e9s satisfact\u00f2ria l'escola p\u00fablica catalana?<\/strong><\/p><div id=\"polls-257-ans\" class=\"wp-polls-ans\"><ul class=\"wp-polls-ul\">\n\t\t<li><input type=\"radio\" id=\"poll-answer-723\" name=\"poll_257\" value=\"723\" \/> <label for=\"poll-answer-723\">S\u00ed<\/label><\/li>\n\t\t<li><input type=\"radio\" id=\"poll-answer-724\" name=\"poll_257\" value=\"724\" \/> <label for=\"poll-answer-724\">No<\/label><\/li>\n\t\t<li><input type=\"radio\" id=\"poll-answer-725\" name=\"poll_257\" value=\"725\" \/> <label for=\"poll-answer-725\">No ho s\u00e9<\/label><\/li>\n\t\t<\/ul><p style=\"text-align: center\"><input type=\"button\" name=\"vote\" value=\"   Vota   \" class=\"Buttons\" onclick=\"poll_vote(257);\" \/><\/p><p style=\"text-align: center\"><a href=\"#ViewPollResults\" onclick=\"poll_result(257); return false;\" title=\"View Results Of This Poll\">Mira els resultats<\/a><\/p><\/div>\n\t<\/form>\n<\/div>\n<div id=\"polls-257-loading\" class=\"wp-polls-loading\"><img decoding=\"async\" data-src=\"https:\/\/conversesacatalunya.cat\/wp-content\/plugins\/wp-polls\/images\/loading.gif\" width=\"16\" height=\"16\" alt=\"Cargando ...\" title=\"Cargando ...\" class=\"wp-polls-image lazyload\" src=\"data:image\/svg+xml;base64,PHN2ZyB3aWR0aD0iMSIgaGVpZ2h0PSIxIiB4bWxucz0iaHR0cDovL3d3dy53My5vcmcvMjAwMC9zdmciPjwvc3ZnPg==\" style=\"--smush-placeholder-width: 16px; --smush-placeholder-aspect-ratio: 16\/16;\" \/>&nbsp;Cargando ...<\/div>\n\n","protected":false},"excerpt":{"rendered":"<p>Hay un principio incuestionable: todo el dinero necesario para el funcionamiento de las administraciones p\u00fablicas, incluidos los partidos pol\u00edticos, gobiernos, parlamentos\u2026 absolutamente todo\u00a0depende de lo que pagamos nosotros, los ciudadanos. Este principio elemental tiene, a su vez, una contrapartida igualmente elemental:\u00a0\u00a1pagamos para que nos resuelvan los problemas\u00a0colectivos y para que aquellos que nos afectan individualmente tengan una soluci\u00f3n m\u00e1s f\u00e1cil! Ahora, reflexiona un momento y preg\u00fantate si esto responde a la realidad. Es evidente que no. Todos los d\u00edas, en cualquier lugar del pa\u00eds, suceden hechos, grandes o peque\u00f1os, que demuestran lo contrario. Tenemos dos ejemplos recientes: uno es\u00a0la gesti\u00f3n de la movilidad de las personas que utilizaban el ferrocarril de la l\u00ednea de Tarragona. Las soluciones aplicadas por las obras han sido concebidas al margen de las necesidades de los usuarios, simplemente por cumplir con el expediente. El segundo ejemplo, m\u00e1s peque\u00f1o pero igualmente significativo, son\u00a0las obras en la calle Urgell de Barcelona. \u00c9stas, que se alargar\u00e1n hasta la pr\u00f3xima primavera, han levantado un muro de hasta 6 metros en un lado de la calle, y el ruido es insoportable. Las obras no se han planteado para minimizar el impacto en la calidad de vida o en la actividad econ\u00f3mica de los afectados, sino simplemente para cubrir el expediente. Y eso sin entrar a hablar de la cita previa, la administraci\u00f3n \u00abdesaparecida en combate\u00bb, las listas de espera, las colas, los laberintos burocr\u00e1ticos, y la imposibilidad de hablar con alg\u00fan responsable pol\u00edtico. Que levante la mano quien sepa qui\u00e9n es su concejal. Por tanto, es l\u00f3gico que todas las encuestas, tanto del CIS como del CEO en Catalu\u00f1a, se\u00f1alen la pol\u00edtica como uno de los principales problemas. Nuestras necesidades van por un lado, mientras que los partidos pol\u00edticos escenifican su obra por otro. Un ejemplo es la reciente sesi\u00f3n del Parlament de Catalunya, que cada a\u00f1o deber\u00eda ser un momento de especial importancia pol\u00edtica. El balance final, despu\u00e9s de la intervenci\u00f3n de todos los partidos y del presidente de la Generalitat, es muy pobre. Si dejamos a un lado el compromiso de Salvador Illa de construir 50.000 viviendas en 6 a\u00f1os, las propuestas presentadas son m\u00e1s bien consignas ideol\u00f3gicas, poco o nada conectadas con la realidad. Incluso cuando plantean soluciones,\u00a0lo hacen sabiendo que no podr\u00e1n aplicarse, pero quedan bien ante su peque\u00f1a audiencia ideol\u00f3gica. Problemas como la inmigraci\u00f3n, con sus dimensiones positivas y negativas, ni siquiera aparecieron en el debate. Tampoco se trat\u00f3 adecuadamente el r\u00e1pido retroceso del catal\u00e1n como lengua primera de uso social, las dificultades de las familias con hijos para sobrevivir, o el estado de decadencia de la ense\u00f1anza p\u00fablica. Las peque\u00f1as empresas y los trabajadores aut\u00f3nomos, cada vez m\u00e1s ahogados por una creciente burocracia, no recibieron la atenci\u00f3n necesaria. La situaci\u00f3n de los trenes de cercan\u00edas, por ejemplo, ni se mencion\u00f3. \u00bfY\u00a0qu\u00e9 pasa con los impuestos? \u00bfPor qu\u00e9 Catalu\u00f1a es una de las pocas comunidades que no ha deflactado sus impuestos para evitar que la inflaci\u00f3n galopante que hemos sufrido multiplique artificialmente lo que debemos pagar? La realidad es que pagamos cada vez m\u00e1s, como indica el esfuerzo fiscal y la cu\u00f1a fiscal, y estamos mal servidos. Esto no funciona. Los parlamentos, que te\u00f3ricamente nos representan, van por libre. Parece que su misi\u00f3n sea hacer leyes sin cesar, hasta ahogarnos en burocracia, duplicando medidas entre la legislaci\u00f3n estatal y catalana. Ahora no hace falta hacer m\u00e1s leyes, sino distinguir, simplificar y aclarar todo el c\u00famulo legislativo que nos ahoga. El ministro de Econom\u00eda, Carlos Cuerpo, afirma que un tercio del PIB est\u00e1 fuertemente condicionado por una\u00a0telara\u00f1a reguladora dif\u00edcil de aplicar y cumplir. Se calcula que 2.000.000 de empresas y casi 10.000.000 trabajadores est\u00e1n lastrados por un exceso de regulaci\u00f3n. Los diputados no deber\u00edan dedicar todo su tiempo a elaborar leyes, especialmente cuando muchos no est\u00e1n preparados para ello. Podr\u00edan invertir su tiempo en\u00a0atender a los ciudadanos y estudiar a fondo los problemas importantes, haciendo propuestas que, si tuvieran el apoyo mayoritario, el gobierno deber\u00eda cumplir. Otra tarea \u00fatil ser\u00eda\u00a0seguir la aplicaci\u00f3n de las leyes\u00a0, observando qu\u00e9 funciona y qu\u00e9 no, y tomar nota para futuras legislaciones. Nadie se preocupa de si las leyes cumplen con los objetivos por los que fueron establecidas. Podr\u00edan fiscalizar mejor la acci\u00f3n de gobierno, haci\u00e9ndola m\u00e1s transparente e informando a los ciudadanos. El problema es que\u00a0muchos diputados no est\u00e1n preparados para realizar estas tareas, y no se trata de falta de dinero. El Parlamento dispone de un presupuesto abundante, y los partidos pol\u00edticos est\u00e1n bien financiados. A nivel estatal, las subvenciones a los partidos pol\u00edticos en 2024 alcanzan los 52.704.140 euros. Un tercio se distribuye proporcionalmente al n\u00famero de esca\u00f1os obtenidos en el Congreso de los Diputados; otros dos tercios, seg\u00fan los votos obtenidos en las elecciones generales. Los partidos m\u00e1s beneficiados son: Partido Popular (18.883.685,48 euros), PSOE (14.830.982,82 euros), Vox (6.154.183,90 euros), Sumar (6.036.133,56 euros). En Catalu\u00f1a, el Parlamento reparte 9 millones de euros entre las formaciones pol\u00edticas. El 50% se distribuye seg\u00fan los esca\u00f1os obtenidos y el otro 50% seg\u00fan los votos conseguidos. El reparto para 2024 es el siguiente: PSC (2.190.333,73 euros), ERC (2.108.429,56 euros), Junts (2.016.743,36 euros), VOX (729.887,55 euros), y otros. Estas subvenciones, que se pagan en doce mensualidades, se reajustan cada a\u00f1o seg\u00fan el IPC, un mecanismo que ellos aplican, pero que no utilizan para ajustar los impuestos de los ciudadanos. Todo est\u00e1 montado para servir a un c\u00edrculo vicioso en beneficio de los partidos\u00a0, que son realidades autorreferenciadas, llenas de personas mediocres y mal preparadas. A eso le llaman democracia parlamentaria y liberal, y los medios de comunicaci\u00f3n, dependientes tambi\u00e9n de subvenciones y publicidad p\u00fablica, lo presentan como una lucha por el poder, en la que los ciudadanos somos un medio, pero no el fin.<\/p>\n","protected":false},"author":78,"featured_media":82509,"comment_status":"open","ping_status":"open","sticky":false,"template":"","format":"standard","meta":{"_FSMCFIC_featured_image_caption":"","_FSMCFIC_featured_image_nocaption":"","_FSMCFIC_featured_image_hide":"","footnotes":""},"categories":[806],"tags":[898],"class_list":["post-82531","post","type-post","status-publish","format-standard","has-post-thumbnail","hentry","category-punts-claus-del-dia-es","tag-democracia-es"],"yoast_head":"<!-- This site is optimized with the Yoast SEO plugin v26.8 - https:\/\/yoast.com\/product\/yoast-seo-wordpress\/ -->\n<title>Nosotros, los ciudadanos, y los partidos pol\u00edticos somos un grupo de bobos - Converses a Catalunya<\/title>\n<meta name=\"description\" content=\"La desconexi\u00f3n entre los ciudadanos y los partidos pol\u00edticos: una democracia en crisis\" \/>\n<meta name=\"robots\" content=\"index, follow, max-snippet:-1, max-image-preview:large, max-video-preview:-1\" \/>\n<link rel=\"canonical\" href=\"https:\/\/conversesacatalunya.cat\/es\/nosotros-los-ciudadanos-y-los-partidos-politicos-somos-un-grupo-de-bobos\/\" \/>\n<meta property=\"og:locale\" content=\"es_ES\" \/>\n<meta property=\"og:type\" content=\"article\" \/>\n<meta property=\"og:title\" content=\"Nosotros, los ciudadanos, y los partidos pol\u00edticos somos un grupo de bobos - Converses a Catalunya\" \/>\n<meta property=\"og:description\" content=\"La desconexi\u00f3n entre los ciudadanos y los partidos pol\u00edticos: una democracia en crisis\" \/>\n<meta property=\"og:url\" content=\"https:\/\/conversesacatalunya.cat\/es\/nosotros-los-ciudadanos-y-los-partidos-politicos-somos-un-grupo-de-bobos\/\" \/>\n<meta property=\"og:site_name\" content=\"Converses a Catalunya\" \/>\n<meta property=\"article:published_time\" content=\"2024-10-11T09:51:06+00:00\" \/>\n<meta property=\"article:modified_time\" content=\"2024-10-11T10:36:18+00:00\" \/>\n<meta property=\"og:image\" content=\"https:\/\/conversesacatalunya.cat\/wp-content\/uploads\/2024\/10\/congreso-de-los-diputados.jpg\" \/>\n\t<meta property=\"og:image:width\" content=\"720\" \/>\n\t<meta property=\"og:image:height\" content=\"480\" \/>\n\t<meta property=\"og:image:type\" content=\"image\/jpeg\" \/>\n<meta name=\"author\" content=\"Joan Masip\" \/>\n<meta name=\"twitter:card\" content=\"summary_large_image\" \/>\n<meta name=\"twitter:label1\" content=\"Escrito por\" \/>\n\t<meta name=\"twitter:data1\" content=\"Joan Masip\" \/>\n\t<meta name=\"twitter:label2\" content=\"Tiempo de lectura\" \/>\n\t<meta name=\"twitter:data2\" content=\"5 minutos\" \/>\n<script type=\"application\/ld+json\" class=\"yoast-schema-graph\">{\"@context\":\"https:\/\/schema.org\",\"@graph\":[{\"@type\":\"Article\",\"@id\":\"https:\/\/conversesacatalunya.cat\/es\/nosotros-los-ciudadanos-y-los-partidos-politicos-somos-un-grupo-de-bobos\/#article\",\"isPartOf\":{\"@id\":\"https:\/\/conversesacatalunya.cat\/es\/nosotros-los-ciudadanos-y-los-partidos-politicos-somos-un-grupo-de-bobos\/\"},\"author\":{\"name\":\"Joan Masip\",\"@id\":\"https:\/\/conversesacatalunya.cat\/#\/schema\/person\/311d0bf53def217d5124c78a7bc42275\"},\"headline\":\"Nosotros, los ciudadanos, y los partidos pol\u00edticos somos un grupo de bobos\",\"datePublished\":\"2024-10-11T09:51:06+00:00\",\"dateModified\":\"2024-10-11T10:36:18+00:00\",\"mainEntityOfPage\":{\"@id\":\"https:\/\/conversesacatalunya.cat\/es\/nosotros-los-ciudadanos-y-los-partidos-politicos-somos-un-grupo-de-bobos\/\"},\"wordCount\":1051,\"commentCount\":0,\"image\":{\"@id\":\"https:\/\/conversesacatalunya.cat\/es\/nosotros-los-ciudadanos-y-los-partidos-politicos-somos-un-grupo-de-bobos\/#primaryimage\"},\"thumbnailUrl\":\"https:\/\/conversesacatalunya.cat\/wp-content\/uploads\/2024\/10\/congreso-de-los-diputados.jpg\",\"keywords\":[\"Democracia\"],\"articleSection\":[\"Punts clau del dia (ES)\"],\"inLanguage\":\"es\",\"potentialAction\":[{\"@type\":\"CommentAction\",\"name\":\"Comment\",\"target\":[\"https:\/\/conversesacatalunya.cat\/es\/nosotros-los-ciudadanos-y-los-partidos-politicos-somos-un-grupo-de-bobos\/#respond\"]}]},{\"@type\":\"WebPage\",\"@id\":\"https:\/\/conversesacatalunya.cat\/es\/nosotros-los-ciudadanos-y-los-partidos-politicos-somos-un-grupo-de-bobos\/\",\"url\":\"https:\/\/conversesacatalunya.cat\/es\/nosotros-los-ciudadanos-y-los-partidos-politicos-somos-un-grupo-de-bobos\/\",\"name\":\"Nosotros, los ciudadanos, y los partidos pol\u00edticos somos un grupo de bobos - Converses a Catalunya\",\"isPartOf\":{\"@id\":\"https:\/\/conversesacatalunya.cat\/#website\"},\"primaryImageOfPage\":{\"@id\":\"https:\/\/conversesacatalunya.cat\/es\/nosotros-los-ciudadanos-y-los-partidos-politicos-somos-un-grupo-de-bobos\/#primaryimage\"},\"image\":{\"@id\":\"https:\/\/conversesacatalunya.cat\/es\/nosotros-los-ciudadanos-y-los-partidos-politicos-somos-un-grupo-de-bobos\/#primaryimage\"},\"thumbnailUrl\":\"https:\/\/conversesacatalunya.cat\/wp-content\/uploads\/2024\/10\/congreso-de-los-diputados.jpg\",\"datePublished\":\"2024-10-11T09:51:06+00:00\",\"dateModified\":\"2024-10-11T10:36:18+00:00\",\"author\":{\"@id\":\"https:\/\/conversesacatalunya.cat\/#\/schema\/person\/311d0bf53def217d5124c78a7bc42275\"},\"description\":\"La desconexi\u00f3n entre los ciudadanos y los partidos pol\u00edticos: una democracia en crisis\",\"breadcrumb\":{\"@id\":\"https:\/\/conversesacatalunya.cat\/es\/nosotros-los-ciudadanos-y-los-partidos-politicos-somos-un-grupo-de-bobos\/#breadcrumb\"},\"inLanguage\":\"es\",\"potentialAction\":[{\"@type\":\"ReadAction\",\"target\":[\"https:\/\/conversesacatalunya.cat\/es\/nosotros-los-ciudadanos-y-los-partidos-politicos-somos-un-grupo-de-bobos\/\"]}]},{\"@type\":\"ImageObject\",\"inLanguage\":\"es\",\"@id\":\"https:\/\/conversesacatalunya.cat\/es\/nosotros-los-ciudadanos-y-los-partidos-politicos-somos-un-grupo-de-bobos\/#primaryimage\",\"url\":\"https:\/\/conversesacatalunya.cat\/wp-content\/uploads\/2024\/10\/congreso-de-los-diputados.jpg\",\"contentUrl\":\"https:\/\/conversesacatalunya.cat\/wp-content\/uploads\/2024\/10\/congreso-de-los-diputados.jpg\",\"width\":720,\"height\":480},{\"@type\":\"BreadcrumbList\",\"@id\":\"https:\/\/conversesacatalunya.cat\/es\/nosotros-los-ciudadanos-y-los-partidos-politicos-somos-un-grupo-de-bobos\/#breadcrumb\",\"itemListElement\":[{\"@type\":\"ListItem\",\"position\":1,\"name\":\"Inici\",\"item\":\"https:\/\/conversesacatalunya.cat\/es\/\"},{\"@type\":\"ListItem\",\"position\":2,\"name\":\"Nosotros, los ciudadanos, y los partidos pol\u00edticos somos un grupo de bobos\"}]},{\"@type\":\"WebSite\",\"@id\":\"https:\/\/conversesacatalunya.cat\/#website\",\"url\":\"https:\/\/conversesacatalunya.cat\/\",\"name\":\"Converses a Catalunya\",\"description\":\"\",\"potentialAction\":[{\"@type\":\"SearchAction\",\"target\":{\"@type\":\"EntryPoint\",\"urlTemplate\":\"https:\/\/conversesacatalunya.cat\/?s={search_term_string}\"},\"query-input\":{\"@type\":\"PropertyValueSpecification\",\"valueRequired\":true,\"valueName\":\"search_term_string\"}}],\"inLanguage\":\"es\"},{\"@type\":\"Person\",\"@id\":\"https:\/\/conversesacatalunya.cat\/#\/schema\/person\/311d0bf53def217d5124c78a7bc42275\",\"name\":\"Joan Masip\",\"image\":{\"@type\":\"ImageObject\",\"inLanguage\":\"es\",\"@id\":\"https:\/\/conversesacatalunya.cat\/#\/schema\/person\/image\/\",\"url\":\"https:\/\/conversesacatalunya.cat\/wp-content\/litespeed\/avatar\/fa67b994763cff7d443f54b63ec96481.jpg?ver=1777372547\",\"contentUrl\":\"https:\/\/conversesacatalunya.cat\/wp-content\/litespeed\/avatar\/fa67b994763cff7d443f54b63ec96481.jpg?ver=1777372547\",\"caption\":\"Joan Masip\"},\"url\":\"https:\/\/conversesacatalunya.cat\/es\/author\/joan-masip\/\"}]}<\/script>\n<!-- \/ Yoast SEO plugin. -->","yoast_head_json":{"title":"Nosotros, los ciudadanos, y los partidos pol\u00edticos somos un grupo de bobos - Converses a Catalunya","description":"La desconexi\u00f3n entre los ciudadanos y los partidos pol\u00edticos: una democracia en crisis","robots":{"index":"index","follow":"follow","max-snippet":"max-snippet:-1","max-image-preview":"max-image-preview:large","max-video-preview":"max-video-preview:-1"},"canonical":"https:\/\/conversesacatalunya.cat\/es\/nosotros-los-ciudadanos-y-los-partidos-politicos-somos-un-grupo-de-bobos\/","og_locale":"es_ES","og_type":"article","og_title":"Nosotros, los ciudadanos, y los partidos pol\u00edticos somos un grupo de bobos - Converses a Catalunya","og_description":"La desconexi\u00f3n entre los ciudadanos y los partidos pol\u00edticos: una democracia en crisis","og_url":"https:\/\/conversesacatalunya.cat\/es\/nosotros-los-ciudadanos-y-los-partidos-politicos-somos-un-grupo-de-bobos\/","og_site_name":"Converses a Catalunya","article_published_time":"2024-10-11T09:51:06+00:00","article_modified_time":"2024-10-11T10:36:18+00:00","og_image":[{"width":720,"height":480,"url":"https:\/\/conversesacatalunya.cat\/wp-content\/uploads\/2024\/10\/congreso-de-los-diputados.jpg","type":"image\/jpeg"}],"author":"Joan Masip","twitter_card":"summary_large_image","twitter_misc":{"Escrito por":"Joan Masip","Tiempo de lectura":"5 minutos"},"schema":{"@context":"https:\/\/schema.org","@graph":[{"@type":"Article","@id":"https:\/\/conversesacatalunya.cat\/es\/nosotros-los-ciudadanos-y-los-partidos-politicos-somos-un-grupo-de-bobos\/#article","isPartOf":{"@id":"https:\/\/conversesacatalunya.cat\/es\/nosotros-los-ciudadanos-y-los-partidos-politicos-somos-un-grupo-de-bobos\/"},"author":{"name":"Joan Masip","@id":"https:\/\/conversesacatalunya.cat\/#\/schema\/person\/311d0bf53def217d5124c78a7bc42275"},"headline":"Nosotros, los ciudadanos, y los partidos pol\u00edticos somos un grupo de bobos","datePublished":"2024-10-11T09:51:06+00:00","dateModified":"2024-10-11T10:36:18+00:00","mainEntityOfPage":{"@id":"https:\/\/conversesacatalunya.cat\/es\/nosotros-los-ciudadanos-y-los-partidos-politicos-somos-un-grupo-de-bobos\/"},"wordCount":1051,"commentCount":0,"image":{"@id":"https:\/\/conversesacatalunya.cat\/es\/nosotros-los-ciudadanos-y-los-partidos-politicos-somos-un-grupo-de-bobos\/#primaryimage"},"thumbnailUrl":"https:\/\/conversesacatalunya.cat\/wp-content\/uploads\/2024\/10\/congreso-de-los-diputados.jpg","keywords":["Democracia"],"articleSection":["Punts clau del dia (ES)"],"inLanguage":"es","potentialAction":[{"@type":"CommentAction","name":"Comment","target":["https:\/\/conversesacatalunya.cat\/es\/nosotros-los-ciudadanos-y-los-partidos-politicos-somos-un-grupo-de-bobos\/#respond"]}]},{"@type":"WebPage","@id":"https:\/\/conversesacatalunya.cat\/es\/nosotros-los-ciudadanos-y-los-partidos-politicos-somos-un-grupo-de-bobos\/","url":"https:\/\/conversesacatalunya.cat\/es\/nosotros-los-ciudadanos-y-los-partidos-politicos-somos-un-grupo-de-bobos\/","name":"Nosotros, los ciudadanos, y los partidos pol\u00edticos somos un grupo de bobos - Converses a Catalunya","isPartOf":{"@id":"https:\/\/conversesacatalunya.cat\/#website"},"primaryImageOfPage":{"@id":"https:\/\/conversesacatalunya.cat\/es\/nosotros-los-ciudadanos-y-los-partidos-politicos-somos-un-grupo-de-bobos\/#primaryimage"},"image":{"@id":"https:\/\/conversesacatalunya.cat\/es\/nosotros-los-ciudadanos-y-los-partidos-politicos-somos-un-grupo-de-bobos\/#primaryimage"},"thumbnailUrl":"https:\/\/conversesacatalunya.cat\/wp-content\/uploads\/2024\/10\/congreso-de-los-diputados.jpg","datePublished":"2024-10-11T09:51:06+00:00","dateModified":"2024-10-11T10:36:18+00:00","author":{"@id":"https:\/\/conversesacatalunya.cat\/#\/schema\/person\/311d0bf53def217d5124c78a7bc42275"},"description":"La desconexi\u00f3n entre los ciudadanos y los partidos pol\u00edticos: una democracia en crisis","breadcrumb":{"@id":"https:\/\/conversesacatalunya.cat\/es\/nosotros-los-ciudadanos-y-los-partidos-politicos-somos-un-grupo-de-bobos\/#breadcrumb"},"inLanguage":"es","potentialAction":[{"@type":"ReadAction","target":["https:\/\/conversesacatalunya.cat\/es\/nosotros-los-ciudadanos-y-los-partidos-politicos-somos-un-grupo-de-bobos\/"]}]},{"@type":"ImageObject","inLanguage":"es","@id":"https:\/\/conversesacatalunya.cat\/es\/nosotros-los-ciudadanos-y-los-partidos-politicos-somos-un-grupo-de-bobos\/#primaryimage","url":"https:\/\/conversesacatalunya.cat\/wp-content\/uploads\/2024\/10\/congreso-de-los-diputados.jpg","contentUrl":"https:\/\/conversesacatalunya.cat\/wp-content\/uploads\/2024\/10\/congreso-de-los-diputados.jpg","width":720,"height":480},{"@type":"BreadcrumbList","@id":"https:\/\/conversesacatalunya.cat\/es\/nosotros-los-ciudadanos-y-los-partidos-politicos-somos-un-grupo-de-bobos\/#breadcrumb","itemListElement":[{"@type":"ListItem","position":1,"name":"Inici","item":"https:\/\/conversesacatalunya.cat\/es\/"},{"@type":"ListItem","position":2,"name":"Nosotros, los ciudadanos, y los partidos pol\u00edticos somos un grupo de bobos"}]},{"@type":"WebSite","@id":"https:\/\/conversesacatalunya.cat\/#website","url":"https:\/\/conversesacatalunya.cat\/","name":"Converses a Catalunya","description":"","potentialAction":[{"@type":"SearchAction","target":{"@type":"EntryPoint","urlTemplate":"https:\/\/conversesacatalunya.cat\/?s={search_term_string}"},"query-input":{"@type":"PropertyValueSpecification","valueRequired":true,"valueName":"search_term_string"}}],"inLanguage":"es"},{"@type":"Person","@id":"https:\/\/conversesacatalunya.cat\/#\/schema\/person\/311d0bf53def217d5124c78a7bc42275","name":"Joan Masip","image":{"@type":"ImageObject","inLanguage":"es","@id":"https:\/\/conversesacatalunya.cat\/#\/schema\/person\/image\/","url":"https:\/\/conversesacatalunya.cat\/wp-content\/litespeed\/avatar\/fa67b994763cff7d443f54b63ec96481.jpg?ver=1777372547","contentUrl":"https:\/\/conversesacatalunya.cat\/wp-content\/litespeed\/avatar\/fa67b994763cff7d443f54b63ec96481.jpg?ver=1777372547","caption":"Joan Masip"},"url":"https:\/\/conversesacatalunya.cat\/es\/author\/joan-masip\/"}]}},"wps_subtitle":"La desconexi\u00f3n entre los ciudadanos y los partidos pol\u00edticos: una democracia en crisis","_links":{"self":[{"href":"https:\/\/conversesacatalunya.cat\/es\/wp-json\/wp\/v2\/posts\/82531","targetHints":{"allow":["GET"]}}],"collection":[{"href":"https:\/\/conversesacatalunya.cat\/es\/wp-json\/wp\/v2\/posts"}],"about":[{"href":"https:\/\/conversesacatalunya.cat\/es\/wp-json\/wp\/v2\/types\/post"}],"author":[{"embeddable":true,"href":"https:\/\/conversesacatalunya.cat\/es\/wp-json\/wp\/v2\/users\/78"}],"replies":[{"embeddable":true,"href":"https:\/\/conversesacatalunya.cat\/es\/wp-json\/wp\/v2\/comments?post=82531"}],"version-history":[{"count":2,"href":"https:\/\/conversesacatalunya.cat\/es\/wp-json\/wp\/v2\/posts\/82531\/revisions"}],"predecessor-version":[{"id":82533,"href":"https:\/\/conversesacatalunya.cat\/es\/wp-json\/wp\/v2\/posts\/82531\/revisions\/82533"}],"wp:featuredmedia":[{"embeddable":true,"href":"https:\/\/conversesacatalunya.cat\/es\/wp-json\/wp\/v2\/media\/82509"}],"wp:attachment":[{"href":"https:\/\/conversesacatalunya.cat\/es\/wp-json\/wp\/v2\/media?parent=82531"}],"wp:term":[{"taxonomy":"category","embeddable":true,"href":"https:\/\/conversesacatalunya.cat\/es\/wp-json\/wp\/v2\/categories?post=82531"},{"taxonomy":"post_tag","embeddable":true,"href":"https:\/\/conversesacatalunya.cat\/es\/wp-json\/wp\/v2\/tags?post=82531"}],"curies":[{"name":"wp","href":"https:\/\/api.w.org\/{rel}","templated":true}]}}