{"id":82448,"date":"2024-10-09T10:43:29","date_gmt":"2024-10-09T08:43:29","guid":{"rendered":"https:\/\/conversesacatalunya.cat\/club-de-lectura-la-derrota-doccident-comentada-per-josep-miro-i-ardevol\/"},"modified":"2024-10-09T12:13:15","modified_gmt":"2024-10-09T10:13:15","slug":"club-de-lectura-la-derrota-de-occidente-comentada-por-josep-miro-i-ardevol","status":"publish","type":"post","link":"https:\/\/conversesacatalunya.cat\/es\/club-de-lectura-la-derrota-de-occidente-comentada-por-josep-miro-i-ardevol\/","title":{"rendered":"Club de Lectura: La derrota de Occidente, comentada por Josep Mir\u00f3 i Ard\u00e8vol"},"content":{"rendered":"<p><strong>Abrimos un nuevo curso del Club de lectura con una obra especialmente pol\u00e9mica por ser pol\u00edticamente incorrecta:\u00a0<em>La derrota de Occidente<\/em> (<em>La chute finale<\/em>) de Emmanuel Todd.<\/strong>\u00a0El autor realiza un an\u00e1lisis provocador sobre el declive de las democracias occidentales y sus dificultades para adaptarse al nuevo orden mundial.<\/p>\n<p><strong>Dialogaremos sobre sus principales puntos de vista<\/strong>: el declive de las democracias liberales, la crisis de la hegemon\u00eda norteamericana, el desarrollo de nuevas potencias, el nacionalismo y la crisis del liberalismo, la desigualdad creciente, especialmente en lo que se refiere a la importancia del factor religioso en todo ello.<\/p>\n<p>Tambi\u00e9n nos detendremos en este \u00faltimo punto para desarrollarlo m\u00e1s y darle m\u00e1s dimensi\u00f3n: mientras que la Uni\u00f3n Europea, sobre todo, cancela a Dios y la dimensi\u00f3n moral, \u00bfqu\u00e9 hacen las otras grandes potencias (EE.UU., China, India, Brasil\u2026)?<\/p>\n<p>Debatiremos c\u00f3mo Occidente ha perdido su capacidad de generar una cultura unificadora y atractiva para el resto del mundo. Este vac\u00edo cultural, junto al declive econ\u00f3mico y militar, ha conducido a una \u201cderrota\u201d simb\u00f3lica y real de Occidente.<\/p>\n<p>Aunque no toque en esta sesi\u00f3n, no podr\u00e9 evitar hacer una breve excursi\u00f3n por otro libro, tambi\u00e9n muy incorrecto, del general italiano Roberto Vannacci,\u00a0<em>El mundo al rev\u00e9s<\/em>, para echar un vistazo a cuestiones que Todd no considera suficientemente: el feminismo como criminalizaci\u00f3n del hombre, la ideolog\u00eda de g\u00e9nero en general y la visi\u00f3n <em>woke<\/em>.<\/p>\n<p>He escogido el libro de Todd porque expresa consecuencias concretas que ya se anunciaban en\u00a0<em>La sociedad desvinculada<\/em>.<\/p>\n<p><strong>Os espero, v\u00eda Zoom, el d\u00eda 15 de octubre de 2024 a las 19 horas.<\/strong><\/p>\n<h5><strong>Se podr\u00e1 acceder a la sesi\u00f3n mediante este enlace:\u00a0<\/strong><\/h5>\n<p><strong style=\"color: #1a1a1a; font-family: Roboto; font-size: 1.2rem; letter-spacing: 0px;\"><a href=\"https:\/\/us02web.zoom.us\/j\/6304386212?pwd=QUtSaDd4RTUzOUNrTzg4am9XbFdYZz09\" target=\"_blank\" rel=\"noopener\">https:\/\/us02web.zoom.us\/j\/6304386212?pwd=QUtSaDd4RTUzOUNrTzg4am9XbFdYZz09<\/a><\/strong><\/p>\n<p><strong>ID de la reuni\u00f3n: 630 438 6212<\/strong><\/p>\n<p><strong>C\u00f3digo de acceso: 592345<\/strong><\/p>\n","protected":false},"excerpt":{"rendered":"<p>Abrimos un nuevo curso del Club de lectura con una obra especialmente pol\u00e9mica por ser pol\u00edticamente incorrecta:\u00a0La derrota de Occidente (La chute finale) de Emmanuel Todd.\u00a0El autor realiza un an\u00e1lisis provocador sobre el declive de las democracias occidentales y sus dificultades para adaptarse al nuevo orden mundial. Dialogaremos sobre sus principales puntos de vista: el declive de las democracias liberales, la crisis de la hegemon\u00eda norteamericana, el desarrollo de nuevas potencias, el nacionalismo y la crisis del liberalismo, la desigualdad creciente, especialmente en lo que se refiere a la importancia del factor religioso en todo ello. Tambi\u00e9n nos detendremos en este \u00faltimo punto para desarrollarlo m\u00e1s y darle m\u00e1s dimensi\u00f3n: mientras que la Uni\u00f3n Europea, sobre todo, cancela a Dios y la dimensi\u00f3n moral, \u00bfqu\u00e9 hacen las otras grandes potencias (EE.UU., China, India, Brasil\u2026)? Debatiremos c\u00f3mo Occidente ha perdido su capacidad de generar una cultura unificadora y atractiva para el resto del mundo. Este vac\u00edo cultural, junto al declive econ\u00f3mico y militar, ha conducido a una \u201cderrota\u201d simb\u00f3lica y real de Occidente. Aunque no toque en esta sesi\u00f3n, no podr\u00e9 evitar hacer una breve excursi\u00f3n por otro libro, tambi\u00e9n muy incorrecto, del general italiano Roberto Vannacci,\u00a0El mundo al rev\u00e9s, para echar un vistazo a cuestiones que Todd no considera suficientemente: el feminismo como criminalizaci\u00f3n del hombre, la ideolog\u00eda de g\u00e9nero en general y la visi\u00f3n woke. He escogido el libro de Todd porque expresa consecuencias concretas que ya se anunciaban en\u00a0La sociedad desvinculada. Os espero, v\u00eda Zoom, el d\u00eda 15 de octubre de 2024 a las 19 horas. Se podr\u00e1 acceder a la sesi\u00f3n mediante este enlace:\u00a0 https:\/\/us02web.zoom.us\/j\/6304386212?pwd=QUtSaDd4RTUzOUNrTzg4am9XbFdYZz09 ID de la reuni\u00f3n: 630 438 6212 C\u00f3digo de acceso: 592345<\/p>\n","protected":false},"author":19,"featured_media":82443,"comment_status":"open","ping_status":"open","sticky":false,"template":"","format":"standard","meta":{"_FSMCFIC_featured_image_caption":"","_FSMCFIC_featured_image_nocaption":"","_FSMCFIC_featured_image_hide":"","footnotes":""},"categories":[805,806],"tags":[5094],"class_list":["post-82448","post","type-post","status-publish","format-standard","has-post-thumbnail","hentry","category-projecte-cultural-es","category-punts-claus-del-dia-es","tag-sociedad-desvinculada"],"yoast_head":"<!-- This site is optimized with the Yoast SEO plugin v26.8 - https:\/\/yoast.com\/product\/yoast-seo-wordpress\/ -->\n<title>Club de Lectura: La derrota de Occidente, comentada por Josep Mir\u00f3 i Ard\u00e8vol - Converses a Catalunya<\/title>\n<meta name=\"description\" content=\"Descubre un an\u00e1lisis provocador sobre el futuro de Occidente y los nuevos equilibrios mundiales en nuestro club de lectura\" \/>\n<meta name=\"robots\" content=\"index, follow, max-snippet:-1, max-image-preview:large, max-video-preview:-1\" \/>\n<link rel=\"canonical\" href=\"https:\/\/conversesacatalunya.cat\/es\/club-de-lectura-la-derrota-de-occidente-comentada-por-josep-miro-i-ardevol\/\" \/>\n<meta property=\"og:locale\" content=\"es_ES\" \/>\n<meta property=\"og:type\" content=\"article\" \/>\n<meta property=\"og:title\" content=\"Club de Lectura: La derrota de Occidente, comentada por Josep Mir\u00f3 i Ard\u00e8vol - Converses a Catalunya\" \/>\n<meta property=\"og:description\" content=\"Descubre un an\u00e1lisis provocador sobre el futuro de Occidente y los nuevos equilibrios mundiales en nuestro club de lectura\" \/>\n<meta property=\"og:url\" content=\"https:\/\/conversesacatalunya.cat\/es\/club-de-lectura-la-derrota-de-occidente-comentada-por-josep-miro-i-ardevol\/\" \/>\n<meta property=\"og:site_name\" content=\"Converses a Catalunya\" \/>\n<meta property=\"article:published_time\" content=\"2024-10-09T08:43:29+00:00\" \/>\n<meta property=\"article:modified_time\" content=\"2024-10-09T10:13:15+00:00\" \/>\n<meta property=\"og:image\" content=\"https:\/\/conversesacatalunya.cat\/wp-content\/uploads\/2024\/10\/la-derrota-de-occidente.jpg\" \/>\n\t<meta property=\"og:image:width\" content=\"671\" \/>\n\t<meta property=\"og:image:height\" content=\"398\" \/>\n\t<meta property=\"og:image:type\" content=\"image\/jpeg\" \/>\n<meta name=\"author\" content=\"Josep Mir\u00f3 i Ard\u00e8vol\" \/>\n<meta name=\"twitter:card\" content=\"summary_large_image\" \/>\n<meta name=\"twitter:label1\" content=\"Escrito por\" \/>\n\t<meta name=\"twitter:data1\" content=\"Josep Mir\u00f3 i Ard\u00e8vol\" \/>\n\t<meta name=\"twitter:label2\" content=\"Tiempo de lectura\" \/>\n\t<meta name=\"twitter:data2\" content=\"2 minutos\" \/>\n<script type=\"application\/ld+json\" class=\"yoast-schema-graph\">{\"@context\":\"https:\/\/schema.org\",\"@graph\":[{\"@type\":\"Article\",\"@id\":\"https:\/\/conversesacatalunya.cat\/es\/club-de-lectura-la-derrota-de-occidente-comentada-por-josep-miro-i-ardevol\/#article\",\"isPartOf\":{\"@id\":\"https:\/\/conversesacatalunya.cat\/es\/club-de-lectura-la-derrota-de-occidente-comentada-por-josep-miro-i-ardevol\/\"},\"author\":{\"name\":\"Josep Mir\u00f3 i Ard\u00e8vol\",\"@id\":\"https:\/\/conversesacatalunya.cat\/#\/schema\/person\/a9598a6786ba7d3d1c5e0de477b79370\"},\"headline\":\"Club de Lectura: La derrota de Occidente, comentada por Josep Mir\u00f3 i Ard\u00e8vol\",\"datePublished\":\"2024-10-09T08:43:29+00:00\",\"dateModified\":\"2024-10-09T10:13:15+00:00\",\"mainEntityOfPage\":{\"@id\":\"https:\/\/conversesacatalunya.cat\/es\/club-de-lectura-la-derrota-de-occidente-comentada-por-josep-miro-i-ardevol\/\"},\"wordCount\":328,\"commentCount\":0,\"image\":{\"@id\":\"https:\/\/conversesacatalunya.cat\/es\/club-de-lectura-la-derrota-de-occidente-comentada-por-josep-miro-i-ardevol\/#primaryimage\"},\"thumbnailUrl\":\"https:\/\/conversesacatalunya.cat\/wp-content\/uploads\/2024\/10\/la-derrota-de-occidente.jpg\",\"keywords\":[\"sociedad desvinculada\"],\"articleSection\":[\"Projecte cultural (ES)\",\"Punts clau del dia (ES)\"],\"inLanguage\":\"es\",\"potentialAction\":[{\"@type\":\"CommentAction\",\"name\":\"Comment\",\"target\":[\"https:\/\/conversesacatalunya.cat\/es\/club-de-lectura-la-derrota-de-occidente-comentada-por-josep-miro-i-ardevol\/#respond\"]}]},{\"@type\":\"WebPage\",\"@id\":\"https:\/\/conversesacatalunya.cat\/es\/club-de-lectura-la-derrota-de-occidente-comentada-por-josep-miro-i-ardevol\/\",\"url\":\"https:\/\/conversesacatalunya.cat\/es\/club-de-lectura-la-derrota-de-occidente-comentada-por-josep-miro-i-ardevol\/\",\"name\":\"Club de Lectura: La derrota de Occidente, comentada por Josep Mir\u00f3 i Ard\u00e8vol - Converses a Catalunya\",\"isPartOf\":{\"@id\":\"https:\/\/conversesacatalunya.cat\/#website\"},\"primaryImageOfPage\":{\"@id\":\"https:\/\/conversesacatalunya.cat\/es\/club-de-lectura-la-derrota-de-occidente-comentada-por-josep-miro-i-ardevol\/#primaryimage\"},\"image\":{\"@id\":\"https:\/\/conversesacatalunya.cat\/es\/club-de-lectura-la-derrota-de-occidente-comentada-por-josep-miro-i-ardevol\/#primaryimage\"},\"thumbnailUrl\":\"https:\/\/conversesacatalunya.cat\/wp-content\/uploads\/2024\/10\/la-derrota-de-occidente.jpg\",\"datePublished\":\"2024-10-09T08:43:29+00:00\",\"dateModified\":\"2024-10-09T10:13:15+00:00\",\"author\":{\"@id\":\"https:\/\/conversesacatalunya.cat\/#\/schema\/person\/a9598a6786ba7d3d1c5e0de477b79370\"},\"description\":\"Descubre un an\u00e1lisis provocador sobre el futuro de Occidente y los nuevos equilibrios mundiales en nuestro club de lectura\",\"breadcrumb\":{\"@id\":\"https:\/\/conversesacatalunya.cat\/es\/club-de-lectura-la-derrota-de-occidente-comentada-por-josep-miro-i-ardevol\/#breadcrumb\"},\"inLanguage\":\"es\",\"potentialAction\":[{\"@type\":\"ReadAction\",\"target\":[\"https:\/\/conversesacatalunya.cat\/es\/club-de-lectura-la-derrota-de-occidente-comentada-por-josep-miro-i-ardevol\/\"]}]},{\"@type\":\"ImageObject\",\"inLanguage\":\"es\",\"@id\":\"https:\/\/conversesacatalunya.cat\/es\/club-de-lectura-la-derrota-de-occidente-comentada-por-josep-miro-i-ardevol\/#primaryimage\",\"url\":\"https:\/\/conversesacatalunya.cat\/wp-content\/uploads\/2024\/10\/la-derrota-de-occidente.jpg\",\"contentUrl\":\"https:\/\/conversesacatalunya.cat\/wp-content\/uploads\/2024\/10\/la-derrota-de-occidente.jpg\",\"width\":671,\"height\":398,\"caption\":\"La derrota d'occident\"},{\"@type\":\"BreadcrumbList\",\"@id\":\"https:\/\/conversesacatalunya.cat\/es\/club-de-lectura-la-derrota-de-occidente-comentada-por-josep-miro-i-ardevol\/#breadcrumb\",\"itemListElement\":[{\"@type\":\"ListItem\",\"position\":1,\"name\":\"Inici\",\"item\":\"https:\/\/conversesacatalunya.cat\/es\/\"},{\"@type\":\"ListItem\",\"position\":2,\"name\":\"Club de Lectura: La derrota de Occidente, comentada por Josep Mir\u00f3 i Ard\u00e8vol\"}]},{\"@type\":\"WebSite\",\"@id\":\"https:\/\/conversesacatalunya.cat\/#website\",\"url\":\"https:\/\/conversesacatalunya.cat\/\",\"name\":\"Converses a Catalunya\",\"description\":\"\",\"potentialAction\":[{\"@type\":\"SearchAction\",\"target\":{\"@type\":\"EntryPoint\",\"urlTemplate\":\"https:\/\/conversesacatalunya.cat\/?s={search_term_string}\"},\"query-input\":{\"@type\":\"PropertyValueSpecification\",\"valueRequired\":true,\"valueName\":\"search_term_string\"}}],\"inLanguage\":\"es\"},{\"@type\":\"Person\",\"@id\":\"https:\/\/conversesacatalunya.cat\/#\/schema\/person\/a9598a6786ba7d3d1c5e0de477b79370\",\"name\":\"Josep Mir\u00f3 i Ard\u00e8vol\",\"image\":{\"@type\":\"ImageObject\",\"inLanguage\":\"es\",\"@id\":\"https:\/\/conversesacatalunya.cat\/#\/schema\/person\/image\/\",\"url\":\"https:\/\/conversesacatalunya.cat\/wp-content\/litespeed\/avatar\/c37e3dc881857483d6694cdf98fdedea.jpg?ver=1777270381\",\"contentUrl\":\"https:\/\/conversesacatalunya.cat\/wp-content\/litespeed\/avatar\/c37e3dc881857483d6694cdf98fdedea.jpg?ver=1777270381\",\"caption\":\"Josep Mir\u00f3 i Ard\u00e8vol\"},\"url\":\"https:\/\/conversesacatalunya.cat\/es\/author\/josep-miro-i-ardevol\/\"}]}<\/script>\n<!-- \/ Yoast SEO plugin. -->","yoast_head_json":{"title":"Club de Lectura: La derrota de Occidente, comentada por Josep Mir\u00f3 i Ard\u00e8vol - Converses a Catalunya","description":"Descubre un an\u00e1lisis provocador sobre el futuro de Occidente y los nuevos equilibrios mundiales en nuestro club de lectura","robots":{"index":"index","follow":"follow","max-snippet":"max-snippet:-1","max-image-preview":"max-image-preview:large","max-video-preview":"max-video-preview:-1"},"canonical":"https:\/\/conversesacatalunya.cat\/es\/club-de-lectura-la-derrota-de-occidente-comentada-por-josep-miro-i-ardevol\/","og_locale":"es_ES","og_type":"article","og_title":"Club de Lectura: La derrota de Occidente, comentada por Josep Mir\u00f3 i Ard\u00e8vol - Converses a Catalunya","og_description":"Descubre un an\u00e1lisis provocador sobre el futuro de Occidente y los nuevos equilibrios mundiales en nuestro club de lectura","og_url":"https:\/\/conversesacatalunya.cat\/es\/club-de-lectura-la-derrota-de-occidente-comentada-por-josep-miro-i-ardevol\/","og_site_name":"Converses a Catalunya","article_published_time":"2024-10-09T08:43:29+00:00","article_modified_time":"2024-10-09T10:13:15+00:00","og_image":[{"width":671,"height":398,"url":"https:\/\/conversesacatalunya.cat\/wp-content\/uploads\/2024\/10\/la-derrota-de-occidente.jpg","type":"image\/jpeg"}],"author":"Josep Mir\u00f3 i Ard\u00e8vol","twitter_card":"summary_large_image","twitter_misc":{"Escrito por":"Josep Mir\u00f3 i Ard\u00e8vol","Tiempo de lectura":"2 minutos"},"schema":{"@context":"https:\/\/schema.org","@graph":[{"@type":"Article","@id":"https:\/\/conversesacatalunya.cat\/es\/club-de-lectura-la-derrota-de-occidente-comentada-por-josep-miro-i-ardevol\/#article","isPartOf":{"@id":"https:\/\/conversesacatalunya.cat\/es\/club-de-lectura-la-derrota-de-occidente-comentada-por-josep-miro-i-ardevol\/"},"author":{"name":"Josep Mir\u00f3 i Ard\u00e8vol","@id":"https:\/\/conversesacatalunya.cat\/#\/schema\/person\/a9598a6786ba7d3d1c5e0de477b79370"},"headline":"Club de Lectura: La derrota de Occidente, comentada por Josep Mir\u00f3 i Ard\u00e8vol","datePublished":"2024-10-09T08:43:29+00:00","dateModified":"2024-10-09T10:13:15+00:00","mainEntityOfPage":{"@id":"https:\/\/conversesacatalunya.cat\/es\/club-de-lectura-la-derrota-de-occidente-comentada-por-josep-miro-i-ardevol\/"},"wordCount":328,"commentCount":0,"image":{"@id":"https:\/\/conversesacatalunya.cat\/es\/club-de-lectura-la-derrota-de-occidente-comentada-por-josep-miro-i-ardevol\/#primaryimage"},"thumbnailUrl":"https:\/\/conversesacatalunya.cat\/wp-content\/uploads\/2024\/10\/la-derrota-de-occidente.jpg","keywords":["sociedad desvinculada"],"articleSection":["Projecte cultural (ES)","Punts clau del dia (ES)"],"inLanguage":"es","potentialAction":[{"@type":"CommentAction","name":"Comment","target":["https:\/\/conversesacatalunya.cat\/es\/club-de-lectura-la-derrota-de-occidente-comentada-por-josep-miro-i-ardevol\/#respond"]}]},{"@type":"WebPage","@id":"https:\/\/conversesacatalunya.cat\/es\/club-de-lectura-la-derrota-de-occidente-comentada-por-josep-miro-i-ardevol\/","url":"https:\/\/conversesacatalunya.cat\/es\/club-de-lectura-la-derrota-de-occidente-comentada-por-josep-miro-i-ardevol\/","name":"Club de Lectura: La derrota de Occidente, comentada por Josep Mir\u00f3 i Ard\u00e8vol - Converses a Catalunya","isPartOf":{"@id":"https:\/\/conversesacatalunya.cat\/#website"},"primaryImageOfPage":{"@id":"https:\/\/conversesacatalunya.cat\/es\/club-de-lectura-la-derrota-de-occidente-comentada-por-josep-miro-i-ardevol\/#primaryimage"},"image":{"@id":"https:\/\/conversesacatalunya.cat\/es\/club-de-lectura-la-derrota-de-occidente-comentada-por-josep-miro-i-ardevol\/#primaryimage"},"thumbnailUrl":"https:\/\/conversesacatalunya.cat\/wp-content\/uploads\/2024\/10\/la-derrota-de-occidente.jpg","datePublished":"2024-10-09T08:43:29+00:00","dateModified":"2024-10-09T10:13:15+00:00","author":{"@id":"https:\/\/conversesacatalunya.cat\/#\/schema\/person\/a9598a6786ba7d3d1c5e0de477b79370"},"description":"Descubre un an\u00e1lisis provocador sobre el futuro de Occidente y los nuevos equilibrios mundiales en nuestro club de lectura","breadcrumb":{"@id":"https:\/\/conversesacatalunya.cat\/es\/club-de-lectura-la-derrota-de-occidente-comentada-por-josep-miro-i-ardevol\/#breadcrumb"},"inLanguage":"es","potentialAction":[{"@type":"ReadAction","target":["https:\/\/conversesacatalunya.cat\/es\/club-de-lectura-la-derrota-de-occidente-comentada-por-josep-miro-i-ardevol\/"]}]},{"@type":"ImageObject","inLanguage":"es","@id":"https:\/\/conversesacatalunya.cat\/es\/club-de-lectura-la-derrota-de-occidente-comentada-por-josep-miro-i-ardevol\/#primaryimage","url":"https:\/\/conversesacatalunya.cat\/wp-content\/uploads\/2024\/10\/la-derrota-de-occidente.jpg","contentUrl":"https:\/\/conversesacatalunya.cat\/wp-content\/uploads\/2024\/10\/la-derrota-de-occidente.jpg","width":671,"height":398,"caption":"La derrota d'occident"},{"@type":"BreadcrumbList","@id":"https:\/\/conversesacatalunya.cat\/es\/club-de-lectura-la-derrota-de-occidente-comentada-por-josep-miro-i-ardevol\/#breadcrumb","itemListElement":[{"@type":"ListItem","position":1,"name":"Inici","item":"https:\/\/conversesacatalunya.cat\/es\/"},{"@type":"ListItem","position":2,"name":"Club de Lectura: La derrota de Occidente, comentada por Josep Mir\u00f3 i Ard\u00e8vol"}]},{"@type":"WebSite","@id":"https:\/\/conversesacatalunya.cat\/#website","url":"https:\/\/conversesacatalunya.cat\/","name":"Converses a Catalunya","description":"","potentialAction":[{"@type":"SearchAction","target":{"@type":"EntryPoint","urlTemplate":"https:\/\/conversesacatalunya.cat\/?s={search_term_string}"},"query-input":{"@type":"PropertyValueSpecification","valueRequired":true,"valueName":"search_term_string"}}],"inLanguage":"es"},{"@type":"Person","@id":"https:\/\/conversesacatalunya.cat\/#\/schema\/person\/a9598a6786ba7d3d1c5e0de477b79370","name":"Josep Mir\u00f3 i Ard\u00e8vol","image":{"@type":"ImageObject","inLanguage":"es","@id":"https:\/\/conversesacatalunya.cat\/#\/schema\/person\/image\/","url":"https:\/\/conversesacatalunya.cat\/wp-content\/litespeed\/avatar\/c37e3dc881857483d6694cdf98fdedea.jpg?ver=1777270381","contentUrl":"https:\/\/conversesacatalunya.cat\/wp-content\/litespeed\/avatar\/c37e3dc881857483d6694cdf98fdedea.jpg?ver=1777270381","caption":"Josep Mir\u00f3 i Ard\u00e8vol"},"url":"https:\/\/conversesacatalunya.cat\/es\/author\/josep-miro-i-ardevol\/"}]}},"wps_subtitle":"Descubre un an\u00e1lisis provocador sobre el futuro de Occidente y los nuevos equilibrios mundiales en nuestro club de lectura. \u00a1\u00danete a la conversaci\u00f3n!","_links":{"self":[{"href":"https:\/\/conversesacatalunya.cat\/es\/wp-json\/wp\/v2\/posts\/82448","targetHints":{"allow":["GET"]}}],"collection":[{"href":"https:\/\/conversesacatalunya.cat\/es\/wp-json\/wp\/v2\/posts"}],"about":[{"href":"https:\/\/conversesacatalunya.cat\/es\/wp-json\/wp\/v2\/types\/post"}],"author":[{"embeddable":true,"href":"https:\/\/conversesacatalunya.cat\/es\/wp-json\/wp\/v2\/users\/19"}],"replies":[{"embeddable":true,"href":"https:\/\/conversesacatalunya.cat\/es\/wp-json\/wp\/v2\/comments?post=82448"}],"version-history":[{"count":3,"href":"https:\/\/conversesacatalunya.cat\/es\/wp-json\/wp\/v2\/posts\/82448\/revisions"}],"predecessor-version":[{"id":82451,"href":"https:\/\/conversesacatalunya.cat\/es\/wp-json\/wp\/v2\/posts\/82448\/revisions\/82451"}],"wp:featuredmedia":[{"embeddable":true,"href":"https:\/\/conversesacatalunya.cat\/es\/wp-json\/wp\/v2\/media\/82443"}],"wp:attachment":[{"href":"https:\/\/conversesacatalunya.cat\/es\/wp-json\/wp\/v2\/media?parent=82448"}],"wp:term":[{"taxonomy":"category","embeddable":true,"href":"https:\/\/conversesacatalunya.cat\/es\/wp-json\/wp\/v2\/categories?post=82448"},{"taxonomy":"post_tag","embeddable":true,"href":"https:\/\/conversesacatalunya.cat\/es\/wp-json\/wp\/v2\/tags?post=82448"}],"curies":[{"name":"wp","href":"https:\/\/api.w.org\/{rel}","templated":true}]}}