{"id":82361,"date":"2024-10-07T10:34:19","date_gmt":"2024-10-07T08:34:19","guid":{"rendered":"https:\/\/conversesacatalunya.cat\/america-europa-indicadors\/"},"modified":"2024-10-07T10:49:11","modified_gmt":"2024-10-07T08:49:11","slug":"america-europa-indicadores","status":"publish","type":"post","link":"https:\/\/conversesacatalunya.cat\/es\/america-europa-indicadores\/","title":{"rendered":"Am\u00e9rica se est\u00e1 saliendo mejor que Europa"},"content":{"rendered":"<p><em><span>Converse<\/span><\/em><em>s<\/em>\u00a0ya ha\u00a0<a href=\"https:\/\/conversesacatalunya.cat\/es\/leconomia-europa-detras-estados-unidos\/\" target=\"_blank\" rel=\"noopener\">apuntado<\/a>\u00a0como en los \u00faltimos 15 a\u00f1os,\u00a0<strong>las econom\u00edas de Estados Unidos y de Europa se han ido separando<\/strong>\u00a0hasta llegar al punto actual en el que la primera es definitivamente m\u00e1s pr\u00f3spera que la segunda.<\/p>\n<p><span>Una nueva\u00a0<\/span><a href=\"https:\/\/www.politico.eu\/article\/united-states-europe-competition-covid-economy-gdp-food-cities-jobs-data\/\" target=\"_blank\" rel=\"noopener\"><span>compilaci\u00f3n de datos<\/span><\/a><span>\u00a0realizada por el diario\u00a0<\/span><em><span>Politico\u00a0<\/span><\/em><em><span>Europe<\/span><\/em><span>, propiedad del grupo alem\u00e1n Axel Springer SE y, por tanto, poco sospechoso de sesgo proamericano, aporta nueva luz que demuestra que no s\u00f3lo Estados Unidos se sale mejor en el \u00e1mbito de la econom\u00eda inmediata, sino que\u00a0<\/span><strong><span>todos los factores de fondo apuntan a que es Am\u00e9rica y no Europa quien mantiene unas bases de prosperidad m\u00e1s s\u00f3lidas a largo plazo.<\/span><\/strong><\/p>\n<h3><strong><span>Repasamos cu\u00e1les son estos datos y qu\u00e9 implican.<\/span><\/strong><\/h3>\n<h4><strong><span>1. Riqueza per c\u00e1pita<\/span><\/strong><\/h4>\n<p><span>Empecemos por lo m\u00e1s evidente pero no por eso menos importante. La diferencia en el Producto Interior Bruto (PIB) per c\u00e1pita, esto es, la producci\u00f3n de una econom\u00eda dividida por su poblaci\u00f3n total,\u00a0<\/span><strong><span>se ha pr\u00e1cticamente multiplicado por dos entre 1990 y 2023<\/span><\/strong><span>\u00a0. Estados Unidos ya dispone de una ventaja del 30% respecto a Europa (73.600 d\u00f3lares contra 53.800). Peor a\u00fan, mientras que el PIB per c\u00e1pita estadounidense sigue creciendo, el europeo se ha estancado desde el 2022.<\/span><\/p>\n<h4><strong><span>2. Investigaci\u00f3n y Desarrollo<\/span><\/strong><\/h4>\n<p><span>De una forma similar al indicador anterior, la Investigaci\u00f3n y Desarrollo (R&amp;D) total p\u00fablica y privada de Estados Unidos no ha dejado de crecer mientras que\u00a0<\/span><strong><span>la europea est\u00e1 virtualmente estancada en torno al 2% del PIB desde 2008<\/span><\/strong><span>. Durante el mismo periodo, el dato estadounidense ha pasado de un ya aventajado 2,7% hasta el 3,6% en 2022.<\/span><\/p>\n<h4><strong><span>3. Producci\u00f3n acad\u00e9mica<\/span><\/strong><\/h4>\n<p><span>Quiz\u00e1s uno de los indicadores m\u00e1s sujetos a interpretaci\u00f3n, pero interesante igualmente, es el porcentaje de art\u00edculos acad\u00e9micos que se sit\u00faan en el 1% de los m\u00e1s citados en el \u00e1mbito de la ingenier\u00eda y las ciencias. De nuevo los estadounidenses avanzan claramente a los europeos (1,7% contra 1,2% en 2022), aunque en este caso la diferencia en los \u00faltimos 15 a\u00f1os se ha reducido un poco.\u00a0<\/span><strong><span>Las publicaciones chinas, en cambio, experimentan un auge constante<\/span><\/strong><span>\u00a0y superan ya a las europeas en el \u00faltimo a\u00f1o analizado.<\/span><\/p>\n<h4><strong><span>4. Energ\u00eda<\/span><\/strong><\/h4>\n<p><span>Gracias a sus reservas de petr\u00f3leo y gas natural situadas en los subsuelos de Alaska y Texas, Estados Unidos goza de una sobreabundancia de energ\u00eda f\u00f3sil barata que abastece sus industrias a precios cada vez m\u00e1s competitivos respecto a los europeos. La diferencia en el precio del MWh de electricidad industrial se ha disparado desde 2000, cuando las empresas estadounidenses pagaban un 78% del precio que soportaban las europeas. En 2022, este porcentaje hab\u00eda ca\u00eddo hasta el 34%. Esto significa que <\/span><strong><span>la industria europea debe destinar tres veces m\u00e1s recursos financieros a abastecerse de energ\u00eda el\u00e9ctrica<\/span><\/strong><span>\u00a0respecto a la competencia estadounidense. Peor a\u00fan, Europa es cada vez m\u00e1s dependiente de las importaciones de energ\u00eda provenientes de Estados Unidos, lo que aventaja doblemente a este \u00faltimo.<\/span><\/p>\n<h4><strong><span>5. Productividad<\/span><\/strong><\/h4>\n<p><span>En un modelo econ\u00f3mico donde la innovaci\u00f3n tecnol\u00f3gica y la eficiencia, y no la cantidad, marcan cada vez m\u00e1s la diferencia, tener una buena productividad resulta indispensable.\u00a0<\/span><strong><span>Estados Unidos se ha situado tradicionalmente en la punta de la productividad mundial, un liderazgo que mantiene<\/span><\/strong><span>\u00a0tambi\u00e9n respecto a Europa, que ha perdido posiciones en los \u00faltimos 15 a\u00f1os despu\u00e9s de alcanzar un nivel de productividad total de los factores (la que mide la capacidad productiva una vez aisladas las variables del trabajo y el capital) de cerca del 90% del norteamericano antes de la crisis de 2008. Hoy nos situamos en un 80%.<\/span><\/p>\n<h4><strong><span>6. Potencia empresarial<\/span><\/strong><\/h4>\n<p><span>El 73% de las 30 mayores empresas del mundo (medidas por capitalizaci\u00f3n vers\u00e1til, una medida hasta cierto punto cuestionable pero que permite establecer comparaciones equitativas) son norteamericanas este 2024, como tambi\u00e9n lo son m\u00e1s de la mitad (el 56% ) de las principales 500.\u00a0<\/span><strong><span>Europa s\u00f3lo representa el 10% de cada uno de estos dos rankings.<\/span><\/strong><\/p>\n<h4><strong><span>7. Fertilidad<\/span><\/strong><\/h4>\n<p><span>Una variable clave para prever la prosperidad a largo plazo es el n\u00famero de hijos por mujer, ya que permite anticipar de alguna forma la disponibilidad de capital humano y social al menos equivalente a la existente en el momento presente. Hist\u00f3ricamente, las mujeres estadounidenses han tenido m\u00e1s hijos que las europeas. En 2022\u00a0<\/span><strong><span> la ventaja de Estados Unidos se manten\u00eda (1,7 contra 1,5 hijos)<\/span><\/strong><span>. Sin embargo, en este aspecto ambos se encuentran en una situaci\u00f3n dif\u00edcilmente sostenible a largo plazo, que adem\u00e1s tiene tendencia a empeorar desde los a\u00f1os 60 del siglo pasado, alej\u00e1ndose del umbral de sustituci\u00f3n generacional que los dem\u00f3grafos fijan en 2,1 .<\/span><\/p>\n<span class='bctt-click-to-tweet'><span class='bctt-ctt-text'><a href='https:\/\/twitter.com\/intent\/tweet?url=https%3A%2F%2Fconversesacatalunya.cat%2Fes%2Famerica-europa-indicadores%2F&#038;text=Todos%20los%20factores%20de%20fondo%20apuntan%20a%20que%20es%20Am%C3%A9rica%20y%20no%20Europa%20quien%20mantiene%20unas%20bases%20de%20prosperidad%20m%C3%A1s%20s%C3%B3lidas%20a%20largo%20plazo&#038;via=conversesacat&#038;related=conversesacat' target='_blank'rel=\"noopener noreferrer\">Todos los factores de fondo apuntan a que es Am\u00e9rica y no Europa quien mantiene unas bases de prosperidad m\u00e1s s\u00f3lidas a largo plazo <\/a><\/span><a href='https:\/\/twitter.com\/intent\/tweet?url=https%3A%2F%2Fconversesacatalunya.cat%2Fes%2Famerica-europa-indicadores%2F&#038;text=Todos%20los%20factores%20de%20fondo%20apuntan%20a%20que%20es%20Am%C3%A9rica%20y%20no%20Europa%20quien%20mantiene%20unas%20bases%20de%20prosperidad%20m%C3%A1s%20s%C3%B3lidas%20a%20largo%20plazo&#038;via=conversesacat&#038;related=conversesacat' target='_blank' class='bctt-ctt-btn'rel=\"noopener noreferrer\">Compartir en X<\/a><\/span>\n","protected":false},"excerpt":{"rendered":"<p>Converses\u00a0ya ha\u00a0apuntado\u00a0como en los \u00faltimos 15 a\u00f1os,\u00a0las econom\u00edas de Estados Unidos y de Europa se han ido separando\u00a0hasta llegar al punto actual en el que la primera es definitivamente m\u00e1s pr\u00f3spera que la segunda. Una nueva\u00a0compilaci\u00f3n de datos\u00a0realizada por el diario\u00a0Politico\u00a0Europe, propiedad del grupo alem\u00e1n Axel Springer SE y, por tanto, poco sospechoso de sesgo proamericano, aporta nueva luz que demuestra que no s\u00f3lo Estados Unidos se sale mejor en el \u00e1mbito de la econom\u00eda inmediata, sino que\u00a0todos los factores de fondo apuntan a que es Am\u00e9rica y no Europa quien mantiene unas bases de prosperidad m\u00e1s s\u00f3lidas a largo plazo. Repasamos cu\u00e1les son estos datos y qu\u00e9 implican. 1. Riqueza per c\u00e1pita Empecemos por lo m\u00e1s evidente pero no por eso menos importante. La diferencia en el Producto Interior Bruto (PIB) per c\u00e1pita, esto es, la producci\u00f3n de una econom\u00eda dividida por su poblaci\u00f3n total,\u00a0se ha pr\u00e1cticamente multiplicado por dos entre 1990 y 2023\u00a0. Estados Unidos ya dispone de una ventaja del 30% respecto a Europa (73.600 d\u00f3lares contra 53.800). Peor a\u00fan, mientras que el PIB per c\u00e1pita estadounidense sigue creciendo, el europeo se ha estancado desde el 2022. 2. Investigaci\u00f3n y Desarrollo De una forma similar al indicador anterior, la Investigaci\u00f3n y Desarrollo (R&amp;D) total p\u00fablica y privada de Estados Unidos no ha dejado de crecer mientras que\u00a0la europea est\u00e1 virtualmente estancada en torno al 2% del PIB desde 2008. Durante el mismo periodo, el dato estadounidense ha pasado de un ya aventajado 2,7% hasta el 3,6% en 2022. 3. Producci\u00f3n acad\u00e9mica Quiz\u00e1s uno de los indicadores m\u00e1s sujetos a interpretaci\u00f3n, pero interesante igualmente, es el porcentaje de art\u00edculos acad\u00e9micos que se sit\u00faan en el 1% de los m\u00e1s citados en el \u00e1mbito de la ingenier\u00eda y las ciencias. De nuevo los estadounidenses avanzan claramente a los europeos (1,7% contra 1,2% en 2022), aunque en este caso la diferencia en los \u00faltimos 15 a\u00f1os se ha reducido un poco.\u00a0Las publicaciones chinas, en cambio, experimentan un auge constante\u00a0y superan ya a las europeas en el \u00faltimo a\u00f1o analizado. 4. Energ\u00eda Gracias a sus reservas de petr\u00f3leo y gas natural situadas en los subsuelos de Alaska y Texas, Estados Unidos goza de una sobreabundancia de energ\u00eda f\u00f3sil barata que abastece sus industrias a precios cada vez m\u00e1s competitivos respecto a los europeos. La diferencia en el precio del MWh de electricidad industrial se ha disparado desde 2000, cuando las empresas estadounidenses pagaban un 78% del precio que soportaban las europeas. En 2022, este porcentaje hab\u00eda ca\u00eddo hasta el 34%. Esto significa que la industria europea debe destinar tres veces m\u00e1s recursos financieros a abastecerse de energ\u00eda el\u00e9ctrica\u00a0respecto a la competencia estadounidense. Peor a\u00fan, Europa es cada vez m\u00e1s dependiente de las importaciones de energ\u00eda provenientes de Estados Unidos, lo que aventaja doblemente a este \u00faltimo. 5. Productividad En un modelo econ\u00f3mico donde la innovaci\u00f3n tecnol\u00f3gica y la eficiencia, y no la cantidad, marcan cada vez m\u00e1s la diferencia, tener una buena productividad resulta indispensable.\u00a0Estados Unidos se ha situado tradicionalmente en la punta de la productividad mundial, un liderazgo que mantiene\u00a0tambi\u00e9n respecto a Europa, que ha perdido posiciones en los \u00faltimos 15 a\u00f1os despu\u00e9s de alcanzar un nivel de productividad total de los factores (la que mide la capacidad productiva una vez aisladas las variables del trabajo y el capital) de cerca del 90% del norteamericano antes de la crisis de 2008. Hoy nos situamos en un 80%. 6. Potencia empresarial El 73% de las 30 mayores empresas del mundo (medidas por capitalizaci\u00f3n vers\u00e1til, una medida hasta cierto punto cuestionable pero que permite establecer comparaciones equitativas) son norteamericanas este 2024, como tambi\u00e9n lo son m\u00e1s de la mitad (el 56% ) de las principales 500.\u00a0Europa s\u00f3lo representa el 10% de cada uno de estos dos rankings. 7. Fertilidad Una variable clave para prever la prosperidad a largo plazo es el n\u00famero de hijos por mujer, ya que permite anticipar de alguna forma la disponibilidad de capital humano y social al menos equivalente a la existente en el momento presente. Hist\u00f3ricamente, las mujeres estadounidenses han tenido m\u00e1s hijos que las europeas. En 2022\u00a0 la ventaja de Estados Unidos se manten\u00eda (1,7 contra 1,5 hijos). Sin embargo, en este aspecto ambos se encuentran en una situaci\u00f3n dif\u00edcilmente sostenible a largo plazo, que adem\u00e1s tiene tendencia a empeorar desde los a\u00f1os 60 del siglo pasado, alej\u00e1ndose del umbral de sustituci\u00f3n generacional que los dem\u00f3grafos fijan en 2,1 .<\/p>\n","protected":false},"author":75,"featured_media":61998,"comment_status":"open","ping_status":"open","sticky":false,"template":"","format":"standard","meta":{"_FSMCFIC_featured_image_caption":"","_FSMCFIC_featured_image_nocaption":"","_FSMCFIC_featured_image_hide":"","footnotes":""},"categories":[806],"tags":[1756,875],"class_list":["post-82361","post","type-post","status-publish","format-standard","has-post-thumbnail","hentry","category-punts-claus-del-dia-es","tag-eeuu-es","tag-europa-es"],"yoast_head":"<!-- This site is optimized with the Yoast SEO plugin v26.8 - https:\/\/yoast.com\/product\/yoast-seo-wordpress\/ -->\n<title>Am\u00e9rica se est\u00e1 saliendo mejor que Europa - Converses a Catalunya<\/title>\n<meta name=\"description\" content=\"Siete indicadores econ\u00f3micos, sociales y demogr\u00e1ficos clave muestran con cifras el auge estadounidense y el declive europeo\" \/>\n<meta name=\"robots\" content=\"index, follow, max-snippet:-1, max-image-preview:large, max-video-preview:-1\" \/>\n<link rel=\"canonical\" href=\"https:\/\/conversesacatalunya.cat\/es\/america-europa-indicadores\/\" \/>\n<meta property=\"og:locale\" content=\"es_ES\" \/>\n<meta property=\"og:type\" content=\"article\" \/>\n<meta property=\"og:title\" content=\"Am\u00e9rica se est\u00e1 saliendo mejor que Europa - Converses a Catalunya\" \/>\n<meta property=\"og:description\" content=\"Siete indicadores econ\u00f3micos, sociales y demogr\u00e1ficos clave muestran con cifras el auge estadounidense y el declive europeo\" \/>\n<meta property=\"og:url\" content=\"https:\/\/conversesacatalunya.cat\/es\/america-europa-indicadores\/\" \/>\n<meta property=\"og:site_name\" content=\"Converses a Catalunya\" \/>\n<meta property=\"article:published_time\" content=\"2024-10-07T08:34:19+00:00\" \/>\n<meta property=\"article:modified_time\" content=\"2024-10-07T08:49:11+00:00\" \/>\n<meta property=\"og:image\" content=\"https:\/\/conversesacatalunya.cat\/wp-content\/uploads\/2022\/11\/US-EU-relations-after-Joe-Bidens-election.png\" \/>\n\t<meta property=\"og:image:width\" content=\"1134\" \/>\n\t<meta property=\"og:image:height\" content=\"510\" \/>\n\t<meta property=\"og:image:type\" content=\"image\/png\" \/>\n<meta name=\"author\" content=\"Carles L\u00f3pez\" \/>\n<meta name=\"twitter:card\" content=\"summary_large_image\" \/>\n<meta name=\"twitter:label1\" content=\"Escrito por\" \/>\n\t<meta name=\"twitter:data1\" content=\"Carles L\u00f3pez\" \/>\n\t<meta name=\"twitter:label2\" content=\"Tiempo de lectura\" \/>\n\t<meta name=\"twitter:data2\" content=\"4 minutos\" \/>\n<script type=\"application\/ld+json\" class=\"yoast-schema-graph\">{\"@context\":\"https:\/\/schema.org\",\"@graph\":[{\"@type\":\"Article\",\"@id\":\"https:\/\/conversesacatalunya.cat\/es\/america-europa-indicadores\/#article\",\"isPartOf\":{\"@id\":\"https:\/\/conversesacatalunya.cat\/es\/america-europa-indicadores\/\"},\"author\":{\"name\":\"Carles L\u00f3pez\",\"@id\":\"https:\/\/conversesacatalunya.cat\/#\/schema\/person\/3ce2ab16c0a3803086d80722c7cad56a\"},\"headline\":\"Am\u00e9rica se est\u00e1 saliendo mejor que Europa\",\"datePublished\":\"2024-10-07T08:34:19+00:00\",\"dateModified\":\"2024-10-07T08:49:11+00:00\",\"mainEntityOfPage\":{\"@id\":\"https:\/\/conversesacatalunya.cat\/es\/america-europa-indicadores\/\"},\"wordCount\":822,\"commentCount\":0,\"image\":{\"@id\":\"https:\/\/conversesacatalunya.cat\/es\/america-europa-indicadores\/#primaryimage\"},\"thumbnailUrl\":\"https:\/\/conversesacatalunya.cat\/wp-content\/uploads\/2022\/11\/US-EU-relations-after-Joe-Bidens-election.png\",\"keywords\":[\"EEUU\",\"Europa\"],\"articleSection\":[\"Punts clau del dia (ES)\"],\"inLanguage\":\"es\",\"potentialAction\":[{\"@type\":\"CommentAction\",\"name\":\"Comment\",\"target\":[\"https:\/\/conversesacatalunya.cat\/es\/america-europa-indicadores\/#respond\"]}]},{\"@type\":\"WebPage\",\"@id\":\"https:\/\/conversesacatalunya.cat\/es\/america-europa-indicadores\/\",\"url\":\"https:\/\/conversesacatalunya.cat\/es\/america-europa-indicadores\/\",\"name\":\"Am\u00e9rica se est\u00e1 saliendo mejor que Europa - Converses a Catalunya\",\"isPartOf\":{\"@id\":\"https:\/\/conversesacatalunya.cat\/#website\"},\"primaryImageOfPage\":{\"@id\":\"https:\/\/conversesacatalunya.cat\/es\/america-europa-indicadores\/#primaryimage\"},\"image\":{\"@id\":\"https:\/\/conversesacatalunya.cat\/es\/america-europa-indicadores\/#primaryimage\"},\"thumbnailUrl\":\"https:\/\/conversesacatalunya.cat\/wp-content\/uploads\/2022\/11\/US-EU-relations-after-Joe-Bidens-election.png\",\"datePublished\":\"2024-10-07T08:34:19+00:00\",\"dateModified\":\"2024-10-07T08:49:11+00:00\",\"author\":{\"@id\":\"https:\/\/conversesacatalunya.cat\/#\/schema\/person\/3ce2ab16c0a3803086d80722c7cad56a\"},\"description\":\"Siete indicadores econ\u00f3micos, sociales y demogr\u00e1ficos clave muestran con cifras el auge estadounidense y el declive europeo\",\"breadcrumb\":{\"@id\":\"https:\/\/conversesacatalunya.cat\/es\/america-europa-indicadores\/#breadcrumb\"},\"inLanguage\":\"es\",\"potentialAction\":[{\"@type\":\"ReadAction\",\"target\":[\"https:\/\/conversesacatalunya.cat\/es\/america-europa-indicadores\/\"]}]},{\"@type\":\"ImageObject\",\"inLanguage\":\"es\",\"@id\":\"https:\/\/conversesacatalunya.cat\/es\/america-europa-indicadores\/#primaryimage\",\"url\":\"https:\/\/conversesacatalunya.cat\/wp-content\/uploads\/2022\/11\/US-EU-relations-after-Joe-Bidens-election.png\",\"contentUrl\":\"https:\/\/conversesacatalunya.cat\/wp-content\/uploads\/2022\/11\/US-EU-relations-after-Joe-Bidens-election.png\",\"width\":1134,\"height\":510,\"caption\":\"Estats Units Europa\"},{\"@type\":\"BreadcrumbList\",\"@id\":\"https:\/\/conversesacatalunya.cat\/es\/america-europa-indicadores\/#breadcrumb\",\"itemListElement\":[{\"@type\":\"ListItem\",\"position\":1,\"name\":\"Inici\",\"item\":\"https:\/\/conversesacatalunya.cat\/es\/\"},{\"@type\":\"ListItem\",\"position\":2,\"name\":\"Am\u00e9rica se est\u00e1 saliendo mejor que Europa\"}]},{\"@type\":\"WebSite\",\"@id\":\"https:\/\/conversesacatalunya.cat\/#website\",\"url\":\"https:\/\/conversesacatalunya.cat\/\",\"name\":\"Converses a Catalunya\",\"description\":\"\",\"potentialAction\":[{\"@type\":\"SearchAction\",\"target\":{\"@type\":\"EntryPoint\",\"urlTemplate\":\"https:\/\/conversesacatalunya.cat\/?s={search_term_string}\"},\"query-input\":{\"@type\":\"PropertyValueSpecification\",\"valueRequired\":true,\"valueName\":\"search_term_string\"}}],\"inLanguage\":\"es\"},{\"@type\":\"Person\",\"@id\":\"https:\/\/conversesacatalunya.cat\/#\/schema\/person\/3ce2ab16c0a3803086d80722c7cad56a\",\"name\":\"Carles L\u00f3pez\",\"image\":{\"@type\":\"ImageObject\",\"inLanguage\":\"es\",\"@id\":\"https:\/\/conversesacatalunya.cat\/#\/schema\/person\/image\/\",\"url\":\"https:\/\/conversesacatalunya.cat\/wp-content\/litespeed\/avatar\/4891585caf2896e97846ab77f06edcf2.jpg?ver=1777091173\",\"contentUrl\":\"https:\/\/conversesacatalunya.cat\/wp-content\/litespeed\/avatar\/4891585caf2896e97846ab77f06edcf2.jpg?ver=1777091173\",\"caption\":\"Carles L\u00f3pez\"},\"url\":\"https:\/\/conversesacatalunya.cat\/es\/author\/carles-lopez\/\"}]}<\/script>\n<!-- \/ Yoast SEO plugin. -->","yoast_head_json":{"title":"Am\u00e9rica se est\u00e1 saliendo mejor que Europa - Converses a Catalunya","description":"Siete indicadores econ\u00f3micos, sociales y demogr\u00e1ficos clave muestran con cifras el auge estadounidense y el declive europeo","robots":{"index":"index","follow":"follow","max-snippet":"max-snippet:-1","max-image-preview":"max-image-preview:large","max-video-preview":"max-video-preview:-1"},"canonical":"https:\/\/conversesacatalunya.cat\/es\/america-europa-indicadores\/","og_locale":"es_ES","og_type":"article","og_title":"Am\u00e9rica se est\u00e1 saliendo mejor que Europa - Converses a Catalunya","og_description":"Siete indicadores econ\u00f3micos, sociales y demogr\u00e1ficos clave muestran con cifras el auge estadounidense y el declive europeo","og_url":"https:\/\/conversesacatalunya.cat\/es\/america-europa-indicadores\/","og_site_name":"Converses a Catalunya","article_published_time":"2024-10-07T08:34:19+00:00","article_modified_time":"2024-10-07T08:49:11+00:00","og_image":[{"width":1134,"height":510,"url":"https:\/\/conversesacatalunya.cat\/wp-content\/uploads\/2022\/11\/US-EU-relations-after-Joe-Bidens-election.png","type":"image\/png"}],"author":"Carles L\u00f3pez","twitter_card":"summary_large_image","twitter_misc":{"Escrito por":"Carles L\u00f3pez","Tiempo de lectura":"4 minutos"},"schema":{"@context":"https:\/\/schema.org","@graph":[{"@type":"Article","@id":"https:\/\/conversesacatalunya.cat\/es\/america-europa-indicadores\/#article","isPartOf":{"@id":"https:\/\/conversesacatalunya.cat\/es\/america-europa-indicadores\/"},"author":{"name":"Carles L\u00f3pez","@id":"https:\/\/conversesacatalunya.cat\/#\/schema\/person\/3ce2ab16c0a3803086d80722c7cad56a"},"headline":"Am\u00e9rica se est\u00e1 saliendo mejor que Europa","datePublished":"2024-10-07T08:34:19+00:00","dateModified":"2024-10-07T08:49:11+00:00","mainEntityOfPage":{"@id":"https:\/\/conversesacatalunya.cat\/es\/america-europa-indicadores\/"},"wordCount":822,"commentCount":0,"image":{"@id":"https:\/\/conversesacatalunya.cat\/es\/america-europa-indicadores\/#primaryimage"},"thumbnailUrl":"https:\/\/conversesacatalunya.cat\/wp-content\/uploads\/2022\/11\/US-EU-relations-after-Joe-Bidens-election.png","keywords":["EEUU","Europa"],"articleSection":["Punts clau del dia (ES)"],"inLanguage":"es","potentialAction":[{"@type":"CommentAction","name":"Comment","target":["https:\/\/conversesacatalunya.cat\/es\/america-europa-indicadores\/#respond"]}]},{"@type":"WebPage","@id":"https:\/\/conversesacatalunya.cat\/es\/america-europa-indicadores\/","url":"https:\/\/conversesacatalunya.cat\/es\/america-europa-indicadores\/","name":"Am\u00e9rica se est\u00e1 saliendo mejor que Europa - Converses a Catalunya","isPartOf":{"@id":"https:\/\/conversesacatalunya.cat\/#website"},"primaryImageOfPage":{"@id":"https:\/\/conversesacatalunya.cat\/es\/america-europa-indicadores\/#primaryimage"},"image":{"@id":"https:\/\/conversesacatalunya.cat\/es\/america-europa-indicadores\/#primaryimage"},"thumbnailUrl":"https:\/\/conversesacatalunya.cat\/wp-content\/uploads\/2022\/11\/US-EU-relations-after-Joe-Bidens-election.png","datePublished":"2024-10-07T08:34:19+00:00","dateModified":"2024-10-07T08:49:11+00:00","author":{"@id":"https:\/\/conversesacatalunya.cat\/#\/schema\/person\/3ce2ab16c0a3803086d80722c7cad56a"},"description":"Siete indicadores econ\u00f3micos, sociales y demogr\u00e1ficos clave muestran con cifras el auge estadounidense y el declive europeo","breadcrumb":{"@id":"https:\/\/conversesacatalunya.cat\/es\/america-europa-indicadores\/#breadcrumb"},"inLanguage":"es","potentialAction":[{"@type":"ReadAction","target":["https:\/\/conversesacatalunya.cat\/es\/america-europa-indicadores\/"]}]},{"@type":"ImageObject","inLanguage":"es","@id":"https:\/\/conversesacatalunya.cat\/es\/america-europa-indicadores\/#primaryimage","url":"https:\/\/conversesacatalunya.cat\/wp-content\/uploads\/2022\/11\/US-EU-relations-after-Joe-Bidens-election.png","contentUrl":"https:\/\/conversesacatalunya.cat\/wp-content\/uploads\/2022\/11\/US-EU-relations-after-Joe-Bidens-election.png","width":1134,"height":510,"caption":"Estats Units Europa"},{"@type":"BreadcrumbList","@id":"https:\/\/conversesacatalunya.cat\/es\/america-europa-indicadores\/#breadcrumb","itemListElement":[{"@type":"ListItem","position":1,"name":"Inici","item":"https:\/\/conversesacatalunya.cat\/es\/"},{"@type":"ListItem","position":2,"name":"Am\u00e9rica se est\u00e1 saliendo mejor que Europa"}]},{"@type":"WebSite","@id":"https:\/\/conversesacatalunya.cat\/#website","url":"https:\/\/conversesacatalunya.cat\/","name":"Converses a Catalunya","description":"","potentialAction":[{"@type":"SearchAction","target":{"@type":"EntryPoint","urlTemplate":"https:\/\/conversesacatalunya.cat\/?s={search_term_string}"},"query-input":{"@type":"PropertyValueSpecification","valueRequired":true,"valueName":"search_term_string"}}],"inLanguage":"es"},{"@type":"Person","@id":"https:\/\/conversesacatalunya.cat\/#\/schema\/person\/3ce2ab16c0a3803086d80722c7cad56a","name":"Carles L\u00f3pez","image":{"@type":"ImageObject","inLanguage":"es","@id":"https:\/\/conversesacatalunya.cat\/#\/schema\/person\/image\/","url":"https:\/\/conversesacatalunya.cat\/wp-content\/litespeed\/avatar\/4891585caf2896e97846ab77f06edcf2.jpg?ver=1777091173","contentUrl":"https:\/\/conversesacatalunya.cat\/wp-content\/litespeed\/avatar\/4891585caf2896e97846ab77f06edcf2.jpg?ver=1777091173","caption":"Carles L\u00f3pez"},"url":"https:\/\/conversesacatalunya.cat\/es\/author\/carles-lopez\/"}]}},"wps_subtitle":"Siete indicadores econ\u00f3micos, sociales y demogr\u00e1ficos clave muestran con cifras el auge estadounidense y el declive europeo","_links":{"self":[{"href":"https:\/\/conversesacatalunya.cat\/es\/wp-json\/wp\/v2\/posts\/82361","targetHints":{"allow":["GET"]}}],"collection":[{"href":"https:\/\/conversesacatalunya.cat\/es\/wp-json\/wp\/v2\/posts"}],"about":[{"href":"https:\/\/conversesacatalunya.cat\/es\/wp-json\/wp\/v2\/types\/post"}],"author":[{"embeddable":true,"href":"https:\/\/conversesacatalunya.cat\/es\/wp-json\/wp\/v2\/users\/75"}],"replies":[{"embeddable":true,"href":"https:\/\/conversesacatalunya.cat\/es\/wp-json\/wp\/v2\/comments?post=82361"}],"version-history":[{"count":2,"href":"https:\/\/conversesacatalunya.cat\/es\/wp-json\/wp\/v2\/posts\/82361\/revisions"}],"predecessor-version":[{"id":82363,"href":"https:\/\/conversesacatalunya.cat\/es\/wp-json\/wp\/v2\/posts\/82361\/revisions\/82363"}],"wp:featuredmedia":[{"embeddable":true,"href":"https:\/\/conversesacatalunya.cat\/es\/wp-json\/wp\/v2\/media\/61998"}],"wp:attachment":[{"href":"https:\/\/conversesacatalunya.cat\/es\/wp-json\/wp\/v2\/media?parent=82361"}],"wp:term":[{"taxonomy":"category","embeddable":true,"href":"https:\/\/conversesacatalunya.cat\/es\/wp-json\/wp\/v2\/categories?post=82361"},{"taxonomy":"post_tag","embeddable":true,"href":"https:\/\/conversesacatalunya.cat\/es\/wp-json\/wp\/v2\/tags?post=82361"}],"curies":[{"name":"wp","href":"https:\/\/api.w.org\/{rel}","templated":true}]}}