{"id":82336,"date":"2024-10-07T10:50:42","date_gmt":"2024-10-07T08:50:42","guid":{"rendered":"https:\/\/conversesacatalunya.cat\/?p=82336"},"modified":"2024-10-07T10:50:42","modified_gmt":"2024-10-07T08:50:42","slug":"los-gegants-de-cataluna-seiscientos-anos-de-tradicion-y-cultura","status":"publish","type":"post","link":"https:\/\/conversesacatalunya.cat\/es\/los-gegants-de-cataluna-seiscientos-anos-de-tradicion-y-cultura\/","title":{"rendered":"Los Gegants de Catalu\u00f1a: seiscientos a\u00f1os de tradici\u00f3n y cultura"},"content":{"rendered":"<h3><strong>Nacimiento y origen de los Gegants<\/strong><\/h3>\n<p>Los <strong>Gegants<\/strong> son una de las tradiciones m\u00e1s emblem\u00e1ticas y queridas de Catalu\u00f1a. Estas figuras, de gran altura y porte, han sido parte integral de las fiestas populares catalanas durante siglos. Aunque no se sabe con exactitud cu\u00e1ndo aparecieron por primera vez, su origen se remonta a las festividades religiosas de la Edad Media, cuando se utilizaban para representar a personajes b\u00edblicos o figuras reales en procesiones y celebraciones. A lo largo de los a\u00f1os, la tradici\u00f3n se ha ido transformando y secularizando, convirti\u00e9ndose en un <strong>s\u00edmbolo festivo de la identidad cultural catalana<\/strong>.<\/p>\n<p>Los primeros documentos que mencionan a los Gegants datan del siglo XV, cuando aparec\u00edan en las procesiones del Corpus Christi en Barcelona. Estas primeras figuras eran representaciones de personajes importantes, y su presencia simbolizaba la majestuosidad y el poder. A medida que las fiestas religiosas se entrelazaban con las costumbres populares, los Gegants adquirieron un car\u00e1cter m\u00e1s l\u00fadico, y comenzaron a personificar figuras m\u00edticas, legendarias e incluso personajes cotidianos del pueblo.<\/p>\n<h3><strong>Historia de los gegants en Catalu\u00f1a<\/strong><\/h3>\n<p>Con el paso de los siglos, los Gegants se consolidaron como una parte inseparable de las fiestas mayores de los pueblos y ciudades catalanas. En cada localidad, estos gigantes de madera y cart\u00f3n-piedra, con vestiduras ricas y elaboradas, representan a personajes ic\u00f3nicos. Las primeras figuras sol\u00edan ser reyes, reinas, guerreros o nobles, pero con el tiempo han surgido representaciones m\u00e1s diversas, incluyendo a payeses, pescadores, figuras legendarias como Sant Jordi, e incluso animales.<\/p>\n<p>Durante el siglo XIX, los Gegants ganaron a\u00fan m\u00e1s popularidad, y se convirtieron en protagonistas indiscutibles de las fiestas patronales. Su capacidad para atraer a multitudes y su belleza visual han mantenido viva la tradici\u00f3n, incluso durante los a\u00f1os dif\u00edciles de la Guerra Civil y la dictadura, cuando algunas manifestaciones culturales fueron reprimidas. Sin embargo, a partir de los a\u00f1os 80, con la recuperaci\u00f3n de las tradiciones catalanas, la presencia de los Gegants en las fiestas populares volvi\u00f3 a cobrar fuerza.<\/p>\n<h3><strong>Tipos de Gegants<\/strong><\/h3>\n<p>A lo largo de Catalu\u00f1a, encontramos diferentes tipos de Gegants, cada uno con caracter\u00edsticas espec\u00edficas dependiendo de la regi\u00f3n o la historia de la localidad:<\/p>\n<ul>\n<li><strong>Gegants Cl\u00e1sicos<\/strong>: Son las figuras tradicionales, que representan a reyes, reinas, nobles o guerreros. Estos son los m\u00e1s comunes en las fiestas mayores de ciudades como Barcelona, Tarragona o Girona.<\/li>\n<li><strong>Gegants Payeses<\/strong>: Representan al campesinado y a las clases populares. Estos Gegants son m\u00e1s comunes en las zonas rurales, donde personifican a los habitantes hist\u00f3ricos de las aldeas.<\/li>\n<li><strong>Capgrossos<\/strong>: A diferencia de los Gegants, los Capgrossos son figuras m\u00e1s peque\u00f1as, con grandes cabezas desproporcionadas. Aunque no tienen la altura de los Gegants, comparten con ellos el protagonismo en las celebraciones. Generalmente representan a personajes c\u00f3micos o caricaturescos.<\/li>\n<li><strong>Gegants Fant\u00e1sticos<\/strong>: Estos son personajes m\u00edticos o legendarios, como Sant Jordi o el Drac, que aportan un toque de fantas\u00eda a las procesiones.<\/li>\n<\/ul>\n<h3><strong>Celebraciones y Fiestas con los Gegants<\/strong><\/h3>\n<p>Los <strong>Gegants<\/strong> son los protagonistas de muchas fiestas mayores a lo largo de Catalu\u00f1a, como la <strong>Merc\u00e8 en Barcelona<\/strong>, las fiestas de <strong>Sant Roc<\/strong> o las fiestas de <strong>Santa Tecla en Tarragona<\/strong>. En estos eventos, los Gegants desfilan por las calles, acompa\u00f1ados de m\u00fasica tradicional, en especial el sonido de la gralla y los tambores, y bailan al ritmo de las notas festivas. La majestuosidad de su altura y el colorido de sus vestimentas hacen de estas procesiones una de las actividades m\u00e1s esperadas por grandes y peque\u00f1os.<\/p>\n<p>El momento cumbre de las festividades suele ser el <strong>\u00abball dels gegants\u00bb<\/strong>, donde las enormes figuras bailan con sorprendente agilidad, manejadas por los portadores, tambi\u00e9n conocidos como <strong>geganters<\/strong>. Estos bailes suelen estar llenos de simbolismo y son seguidos por miles de personas.<\/p>\n<h3><strong>Actividades del sexto centenario<\/strong><\/h3>\n<p>Este a\u00f1o, con motivo del <strong>sexto centenario de los Gegants<\/strong>, el Ayuntamiento de Barcelona ha organizado una serie de eventos conmemorativos que invitan a ciudadanos y visitantes a sumergirse en la historia de estas figuras. Entre las actividades m\u00e1s destacadas, encontramos:<\/p>\n<ul>\n<li><strong>Exposiciones tem\u00e1ticas<\/strong>: En diversos museos y centros culturales de la ciudad se est\u00e1n realizando exposiciones que exploran la evoluci\u00f3n de los Gegants a lo largo de los siglos. Los visitantes pueden ver de cerca algunas de las figuras m\u00e1s antiguas y conocer los procesos de creaci\u00f3n y restauraci\u00f3n.<\/li>\n<li><strong>Talleres de construcci\u00f3n de Gegants<\/strong>: Los m\u00e1s peque\u00f1os, y los no tan peque\u00f1os, tienen la oportunidad de participar en talleres donde aprenden c\u00f3mo se construyen estos gigantes, desde la estructura interna hasta los detalles de vestimenta.<\/li>\n<li><strong>Desfiles y procesiones<\/strong>: Durante todo el a\u00f1o, se han organizado desfiles especiales donde participar\u00e1n no solo los Gegants locales, sino tambi\u00e9n representaciones de otras ciudades de Catalu\u00f1a, en una gran muestra de uni\u00f3n y celebraci\u00f3n cultural.<\/li>\n<li><strong>Ball de Gegants especial<\/strong>: Como parte del centenario, se ha creado un baile especial en el que participar\u00e1n algunas de las parejas de Gegants m\u00e1s emblem\u00e1ticas de la regi\u00f3n, en una coreograf\u00eda conjunta dise\u00f1ada exclusivamente para esta celebraci\u00f3n.<\/li>\n<li><strong>Conciertos y espect\u00e1culos<\/strong>: La m\u00fasica tradicional tiene un lugar destacado en las celebraciones, con conciertos de bandas locales y espect\u00e1culos que combinan tradici\u00f3n y modernidad.<\/li>\n<\/ul>\n<p>Por su parte <a href=\"https:\/\/cultura.gencat.cat\/ca\/detall\/Noticies\/N_GegantsCentenaris\" target=\"_blank\" rel=\"noopener\">la Generalitat de Catalunya celebrar\u00e1 el sexto centenario<\/a> con un <strong>encuentro de gegants centenaris<\/strong>, ser\u00e1 un encuentro hist\u00f3rico de Gegants de toda Catalu\u00f1a y tendr\u00e1 lugar el 20 de octubre, llenando las calles de la ciudad con un espectacular desfile.<\/p>\n<div class=\"border-start bgGrey\">\n<div id=\"impacteContainer\">\n<div class=\"fpca-subcapcalera \">\n<div class=\"NG-menu \">\n<div class=\"NG-container\">\n<div class=\"NG-menu__wrapper\">\n<div class=\"NG-menu__wrapper_title\" role=\"main\">El <strong>sexto centenario de los Gegants<\/strong> es una ocasi\u00f3n \u00fanica para celebrar una de las tradiciones m\u00e1s antiguas y queridas de Catalu\u00f1a. Esta celebraci\u00f3n no solo honra el pasado, sino que tambi\u00e9n mira hacia el futuro, garantizando que los Gegants sigan siendo una parte viva de la cultura catalana para las generaciones venideras.<\/div>\n<\/div>\n<\/div>\n<\/div>\n<\/div>\n<\/div>\n<\/div>\n<p>&nbsp;<\/p>\n","protected":false},"excerpt":{"rendered":"<p>Nacimiento y origen de los Gegants Los Gegants son una de las tradiciones m\u00e1s emblem\u00e1ticas y queridas de Catalu\u00f1a. Estas figuras, de gran altura y porte, han sido parte integral de las fiestas populares catalanas durante siglos. Aunque no se sabe con exactitud cu\u00e1ndo aparecieron por primera vez, su origen se remonta a las festividades religiosas de la Edad Media, cuando se utilizaban para representar a personajes b\u00edblicos o figuras reales en procesiones y celebraciones. A lo largo de los a\u00f1os, la tradici\u00f3n se ha ido transformando y secularizando, convirti\u00e9ndose en un s\u00edmbolo festivo de la identidad cultural catalana. Los primeros documentos que mencionan a los Gegants datan del siglo XV, cuando aparec\u00edan en las procesiones del Corpus Christi en Barcelona. Estas primeras figuras eran representaciones de personajes importantes, y su presencia simbolizaba la majestuosidad y el poder. A medida que las fiestas religiosas se entrelazaban con las costumbres populares, los Gegants adquirieron un car\u00e1cter m\u00e1s l\u00fadico, y comenzaron a personificar figuras m\u00edticas, legendarias e incluso personajes cotidianos del pueblo. Historia de los gegants en Catalu\u00f1a Con el paso de los siglos, los Gegants se consolidaron como una parte inseparable de las fiestas mayores de los pueblos y ciudades catalanas. En cada localidad, estos gigantes de madera y cart\u00f3n-piedra, con vestiduras ricas y elaboradas, representan a personajes ic\u00f3nicos. Las primeras figuras sol\u00edan ser reyes, reinas, guerreros o nobles, pero con el tiempo han surgido representaciones m\u00e1s diversas, incluyendo a payeses, pescadores, figuras legendarias como Sant Jordi, e incluso animales. Durante el siglo XIX, los Gegants ganaron a\u00fan m\u00e1s popularidad, y se convirtieron en protagonistas indiscutibles de las fiestas patronales. Su capacidad para atraer a multitudes y su belleza visual han mantenido viva la tradici\u00f3n, incluso durante los a\u00f1os dif\u00edciles de la Guerra Civil y la dictadura, cuando algunas manifestaciones culturales fueron reprimidas. Sin embargo, a partir de los a\u00f1os 80, con la recuperaci\u00f3n de las tradiciones catalanas, la presencia de los Gegants en las fiestas populares volvi\u00f3 a cobrar fuerza. Tipos de Gegants A lo largo de Catalu\u00f1a, encontramos diferentes tipos de Gegants, cada uno con caracter\u00edsticas espec\u00edficas dependiendo de la regi\u00f3n o la historia de la localidad: Gegants Cl\u00e1sicos: Son las figuras tradicionales, que representan a reyes, reinas, nobles o guerreros. Estos son los m\u00e1s comunes en las fiestas mayores de ciudades como Barcelona, Tarragona o Girona. Gegants Payeses: Representan al campesinado y a las clases populares. Estos Gegants son m\u00e1s comunes en las zonas rurales, donde personifican a los habitantes hist\u00f3ricos de las aldeas. Capgrossos: A diferencia de los Gegants, los Capgrossos son figuras m\u00e1s peque\u00f1as, con grandes cabezas desproporcionadas. Aunque no tienen la altura de los Gegants, comparten con ellos el protagonismo en las celebraciones. Generalmente representan a personajes c\u00f3micos o caricaturescos. Gegants Fant\u00e1sticos: Estos son personajes m\u00edticos o legendarios, como Sant Jordi o el Drac, que aportan un toque de fantas\u00eda a las procesiones. Celebraciones y Fiestas con los Gegants Los Gegants son los protagonistas de muchas fiestas mayores a lo largo de Catalu\u00f1a, como la Merc\u00e8 en Barcelona, las fiestas de Sant Roc o las fiestas de Santa Tecla en Tarragona. En estos eventos, los Gegants desfilan por las calles, acompa\u00f1ados de m\u00fasica tradicional, en especial el sonido de la gralla y los tambores, y bailan al ritmo de las notas festivas. La majestuosidad de su altura y el colorido de sus vestimentas hacen de estas procesiones una de las actividades m\u00e1s esperadas por grandes y peque\u00f1os. El momento cumbre de las festividades suele ser el \u00abball dels gegants\u00bb, donde las enormes figuras bailan con sorprendente agilidad, manejadas por los portadores, tambi\u00e9n conocidos como geganters. Estos bailes suelen estar llenos de simbolismo y son seguidos por miles de personas. Actividades del sexto centenario Este a\u00f1o, con motivo del sexto centenario de los Gegants, el Ayuntamiento de Barcelona ha organizado una serie de eventos conmemorativos que invitan a ciudadanos y visitantes a sumergirse en la historia de estas figuras. Entre las actividades m\u00e1s destacadas, encontramos: Exposiciones tem\u00e1ticas: En diversos museos y centros culturales de la ciudad se est\u00e1n realizando exposiciones que exploran la evoluci\u00f3n de los Gegants a lo largo de los siglos. Los visitantes pueden ver de cerca algunas de las figuras m\u00e1s antiguas y conocer los procesos de creaci\u00f3n y restauraci\u00f3n. Talleres de construcci\u00f3n de Gegants: Los m\u00e1s peque\u00f1os, y los no tan peque\u00f1os, tienen la oportunidad de participar en talleres donde aprenden c\u00f3mo se construyen estos gigantes, desde la estructura interna hasta los detalles de vestimenta. Desfiles y procesiones: Durante todo el a\u00f1o, se han organizado desfiles especiales donde participar\u00e1n no solo los Gegants locales, sino tambi\u00e9n representaciones de otras ciudades de Catalu\u00f1a, en una gran muestra de uni\u00f3n y celebraci\u00f3n cultural. Ball de Gegants especial: Como parte del centenario, se ha creado un baile especial en el que participar\u00e1n algunas de las parejas de Gegants m\u00e1s emblem\u00e1ticas de la regi\u00f3n, en una coreograf\u00eda conjunta dise\u00f1ada exclusivamente para esta celebraci\u00f3n. Conciertos y espect\u00e1culos: La m\u00fasica tradicional tiene un lugar destacado en las celebraciones, con conciertos de bandas locales y espect\u00e1culos que combinan tradici\u00f3n y modernidad. Por su parte la Generalitat de Catalunya celebrar\u00e1 el sexto centenario con un encuentro de gegants centenaris, ser\u00e1 un encuentro hist\u00f3rico de Gegants de toda Catalu\u00f1a y tendr\u00e1 lugar el 20 de octubre, llenando las calles de la ciudad con un espectacular desfile. El sexto centenario de los Gegants es una ocasi\u00f3n \u00fanica para celebrar una de las tradiciones m\u00e1s antiguas y queridas de Catalu\u00f1a. Esta celebraci\u00f3n no solo honra el pasado, sino que tambi\u00e9n mira hacia el futuro, garantizando que los Gegants sigan siendo una parte viva de la cultura catalana para las generaciones venideras. &nbsp;<\/p>\n","protected":false},"author":2,"featured_media":82337,"comment_status":"open","ping_status":"open","sticky":false,"template":"","format":"standard","meta":{"_FSMCFIC_featured_image_caption":"","_FSMCFIC_featured_image_nocaption":"","_FSMCFIC_featured_image_hide":"","footnotes":""},"categories":[806,807],"tags":[1420,4859],"class_list":["post-82336","post","type-post","status-publish","format-standard","has-post-thumbnail","hentry","category-punts-claus-del-dia-es","category-reportatges-es","tag-cultura-es","tag-tradiciones"],"yoast_head":"<!-- This site is optimized with the Yoast SEO plugin v26.8 - https:\/\/yoast.com\/product\/yoast-seo-wordpress\/ -->\n<title>Los Gegants de Catalu\u00f1a: seiscientos a\u00f1os de tradici\u00f3n y cultura - Converses a Catalunya<\/title>\n<meta name=\"description\" content=\"Los Gegants celebran 600 a\u00f1os de historia, cultura y tradici\u00f3n en Catalu\u00f1a, llenando las calles con desfiles majestuosos, m\u00fasica ancestral y una vibrante expresi\u00f3n de identidad popular\" \/>\n<meta name=\"robots\" content=\"index, follow, max-snippet:-1, max-image-preview:large, max-video-preview:-1\" \/>\n<link rel=\"canonical\" href=\"https:\/\/conversesacatalunya.cat\/es\/los-gegants-de-cataluna-seiscientos-anos-de-tradicion-y-cultura\/\" \/>\n<meta property=\"og:locale\" content=\"es_ES\" \/>\n<meta property=\"og:type\" content=\"article\" \/>\n<meta property=\"og:title\" content=\"Los Gegants de Catalu\u00f1a: seiscientos a\u00f1os de tradici\u00f3n y cultura - Converses a Catalunya\" \/>\n<meta property=\"og:description\" content=\"Los Gegants celebran 600 a\u00f1os de historia, cultura y tradici\u00f3n en Catalu\u00f1a, llenando las calles con desfiles majestuosos, m\u00fasica ancestral y una vibrante expresi\u00f3n de identidad popular\" \/>\n<meta property=\"og:url\" content=\"https:\/\/conversesacatalunya.cat\/es\/los-gegants-de-cataluna-seiscientos-anos-de-tradicion-y-cultura\/\" \/>\n<meta property=\"og:site_name\" content=\"Converses a Catalunya\" \/>\n<meta property=\"article:published_time\" content=\"2024-10-07T08:50:42+00:00\" \/>\n<meta property=\"og:image\" content=\"https:\/\/conversesacatalunya.cat\/wp-content\/uploads\/2024\/10\/gegants.jpeg\" \/>\n\t<meta property=\"og:image:width\" content=\"576\" \/>\n\t<meta property=\"og:image:height\" content=\"403\" \/>\n\t<meta property=\"og:image:type\" content=\"image\/jpeg\" \/>\n<meta name=\"author\" content=\"conversesacatalunya\" \/>\n<meta name=\"twitter:card\" content=\"summary_large_image\" \/>\n<meta name=\"twitter:label1\" content=\"Escrito por\" \/>\n\t<meta name=\"twitter:data1\" content=\"conversesacatalunya\" \/>\n\t<meta name=\"twitter:label2\" content=\"Tiempo de lectura\" \/>\n\t<meta name=\"twitter:data2\" content=\"5 minutos\" \/>\n<script type=\"application\/ld+json\" class=\"yoast-schema-graph\">{\"@context\":\"https:\/\/schema.org\",\"@graph\":[{\"@type\":\"Article\",\"@id\":\"https:\/\/conversesacatalunya.cat\/es\/los-gegants-de-cataluna-seiscientos-anos-de-tradicion-y-cultura\/#article\",\"isPartOf\":{\"@id\":\"https:\/\/conversesacatalunya.cat\/es\/los-gegants-de-cataluna-seiscientos-anos-de-tradicion-y-cultura\/\"},\"author\":{\"name\":\"conversesacatalunya\",\"@id\":\"https:\/\/conversesacatalunya.cat\/#\/schema\/person\/7e24d1e54a2785373ddcb275eae5ed99\"},\"headline\":\"Los Gegants de Catalu\u00f1a: seiscientos a\u00f1os de tradici\u00f3n y cultura\",\"datePublished\":\"2024-10-07T08:50:42+00:00\",\"mainEntityOfPage\":{\"@id\":\"https:\/\/conversesacatalunya.cat\/es\/los-gegants-de-cataluna-seiscientos-anos-de-tradicion-y-cultura\/\"},\"wordCount\":1033,\"commentCount\":1,\"image\":{\"@id\":\"https:\/\/conversesacatalunya.cat\/es\/los-gegants-de-cataluna-seiscientos-anos-de-tradicion-y-cultura\/#primaryimage\"},\"thumbnailUrl\":\"https:\/\/conversesacatalunya.cat\/wp-content\/uploads\/2024\/10\/gegants.jpeg\",\"keywords\":[\"Cultura\",\"tradiciones\"],\"articleSection\":[\"Punts clau del dia (ES)\",\"Reportatges (ES)\"],\"inLanguage\":\"es\",\"potentialAction\":[{\"@type\":\"CommentAction\",\"name\":\"Comment\",\"target\":[\"https:\/\/conversesacatalunya.cat\/es\/los-gegants-de-cataluna-seiscientos-anos-de-tradicion-y-cultura\/#respond\"]}]},{\"@type\":\"WebPage\",\"@id\":\"https:\/\/conversesacatalunya.cat\/es\/los-gegants-de-cataluna-seiscientos-anos-de-tradicion-y-cultura\/\",\"url\":\"https:\/\/conversesacatalunya.cat\/es\/los-gegants-de-cataluna-seiscientos-anos-de-tradicion-y-cultura\/\",\"name\":\"Los Gegants de Catalu\u00f1a: seiscientos a\u00f1os de tradici\u00f3n y cultura - Converses a Catalunya\",\"isPartOf\":{\"@id\":\"https:\/\/conversesacatalunya.cat\/#website\"},\"primaryImageOfPage\":{\"@id\":\"https:\/\/conversesacatalunya.cat\/es\/los-gegants-de-cataluna-seiscientos-anos-de-tradicion-y-cultura\/#primaryimage\"},\"image\":{\"@id\":\"https:\/\/conversesacatalunya.cat\/es\/los-gegants-de-cataluna-seiscientos-anos-de-tradicion-y-cultura\/#primaryimage\"},\"thumbnailUrl\":\"https:\/\/conversesacatalunya.cat\/wp-content\/uploads\/2024\/10\/gegants.jpeg\",\"datePublished\":\"2024-10-07T08:50:42+00:00\",\"author\":{\"@id\":\"https:\/\/conversesacatalunya.cat\/#\/schema\/person\/7e24d1e54a2785373ddcb275eae5ed99\"},\"description\":\"Los Gegants celebran 600 a\u00f1os de historia, cultura y tradici\u00f3n en Catalu\u00f1a, llenando las calles con desfiles majestuosos, m\u00fasica ancestral y una vibrante expresi\u00f3n de identidad popular\",\"breadcrumb\":{\"@id\":\"https:\/\/conversesacatalunya.cat\/es\/los-gegants-de-cataluna-seiscientos-anos-de-tradicion-y-cultura\/#breadcrumb\"},\"inLanguage\":\"es\",\"potentialAction\":[{\"@type\":\"ReadAction\",\"target\":[\"https:\/\/conversesacatalunya.cat\/es\/los-gegants-de-cataluna-seiscientos-anos-de-tradicion-y-cultura\/\"]}]},{\"@type\":\"ImageObject\",\"inLanguage\":\"es\",\"@id\":\"https:\/\/conversesacatalunya.cat\/es\/los-gegants-de-cataluna-seiscientos-anos-de-tradicion-y-cultura\/#primaryimage\",\"url\":\"https:\/\/conversesacatalunya.cat\/wp-content\/uploads\/2024\/10\/gegants.jpeg\",\"contentUrl\":\"https:\/\/conversesacatalunya.cat\/wp-content\/uploads\/2024\/10\/gegants.jpeg\",\"width\":576,\"height\":403,\"caption\":\"gegants\"},{\"@type\":\"BreadcrumbList\",\"@id\":\"https:\/\/conversesacatalunya.cat\/es\/los-gegants-de-cataluna-seiscientos-anos-de-tradicion-y-cultura\/#breadcrumb\",\"itemListElement\":[{\"@type\":\"ListItem\",\"position\":1,\"name\":\"Inici\",\"item\":\"https:\/\/conversesacatalunya.cat\/es\/\"},{\"@type\":\"ListItem\",\"position\":2,\"name\":\"Los Gegants de Catalu\u00f1a: seiscientos a\u00f1os de tradici\u00f3n y cultura\"}]},{\"@type\":\"WebSite\",\"@id\":\"https:\/\/conversesacatalunya.cat\/#website\",\"url\":\"https:\/\/conversesacatalunya.cat\/\",\"name\":\"Converses a Catalunya\",\"description\":\"\",\"potentialAction\":[{\"@type\":\"SearchAction\",\"target\":{\"@type\":\"EntryPoint\",\"urlTemplate\":\"https:\/\/conversesacatalunya.cat\/?s={search_term_string}\"},\"query-input\":{\"@type\":\"PropertyValueSpecification\",\"valueRequired\":true,\"valueName\":\"search_term_string\"}}],\"inLanguage\":\"es\"},{\"@type\":\"Person\",\"@id\":\"https:\/\/conversesacatalunya.cat\/#\/schema\/person\/7e24d1e54a2785373ddcb275eae5ed99\",\"name\":\"conversesacatalunya\",\"image\":{\"@type\":\"ImageObject\",\"inLanguage\":\"es\",\"@id\":\"https:\/\/conversesacatalunya.cat\/#\/schema\/person\/image\/\",\"url\":\"https:\/\/conversesacatalunya.cat\/wp-content\/litespeed\/avatar\/febdfeeec89d950f01c748045a981dd2.jpg?ver=1776709562\",\"contentUrl\":\"https:\/\/conversesacatalunya.cat\/wp-content\/litespeed\/avatar\/febdfeeec89d950f01c748045a981dd2.jpg?ver=1776709562\",\"caption\":\"conversesacatalunya\"},\"url\":\"https:\/\/conversesacatalunya.cat\/es\/author\/carme_catala\/\"}]}<\/script>\n<!-- \/ Yoast SEO plugin. -->","yoast_head_json":{"title":"Los Gegants de Catalu\u00f1a: seiscientos a\u00f1os de tradici\u00f3n y cultura - Converses a Catalunya","description":"Los Gegants celebran 600 a\u00f1os de historia, cultura y tradici\u00f3n en Catalu\u00f1a, llenando las calles con desfiles majestuosos, m\u00fasica ancestral y una vibrante expresi\u00f3n de identidad popular","robots":{"index":"index","follow":"follow","max-snippet":"max-snippet:-1","max-image-preview":"max-image-preview:large","max-video-preview":"max-video-preview:-1"},"canonical":"https:\/\/conversesacatalunya.cat\/es\/los-gegants-de-cataluna-seiscientos-anos-de-tradicion-y-cultura\/","og_locale":"es_ES","og_type":"article","og_title":"Los Gegants de Catalu\u00f1a: seiscientos a\u00f1os de tradici\u00f3n y cultura - Converses a Catalunya","og_description":"Los Gegants celebran 600 a\u00f1os de historia, cultura y tradici\u00f3n en Catalu\u00f1a, llenando las calles con desfiles majestuosos, m\u00fasica ancestral y una vibrante expresi\u00f3n de identidad popular","og_url":"https:\/\/conversesacatalunya.cat\/es\/los-gegants-de-cataluna-seiscientos-anos-de-tradicion-y-cultura\/","og_site_name":"Converses a Catalunya","article_published_time":"2024-10-07T08:50:42+00:00","og_image":[{"width":576,"height":403,"url":"https:\/\/conversesacatalunya.cat\/wp-content\/uploads\/2024\/10\/gegants.jpeg","type":"image\/jpeg"}],"author":"conversesacatalunya","twitter_card":"summary_large_image","twitter_misc":{"Escrito por":"conversesacatalunya","Tiempo de lectura":"5 minutos"},"schema":{"@context":"https:\/\/schema.org","@graph":[{"@type":"Article","@id":"https:\/\/conversesacatalunya.cat\/es\/los-gegants-de-cataluna-seiscientos-anos-de-tradicion-y-cultura\/#article","isPartOf":{"@id":"https:\/\/conversesacatalunya.cat\/es\/los-gegants-de-cataluna-seiscientos-anos-de-tradicion-y-cultura\/"},"author":{"name":"conversesacatalunya","@id":"https:\/\/conversesacatalunya.cat\/#\/schema\/person\/7e24d1e54a2785373ddcb275eae5ed99"},"headline":"Los Gegants de Catalu\u00f1a: seiscientos a\u00f1os de tradici\u00f3n y cultura","datePublished":"2024-10-07T08:50:42+00:00","mainEntityOfPage":{"@id":"https:\/\/conversesacatalunya.cat\/es\/los-gegants-de-cataluna-seiscientos-anos-de-tradicion-y-cultura\/"},"wordCount":1033,"commentCount":1,"image":{"@id":"https:\/\/conversesacatalunya.cat\/es\/los-gegants-de-cataluna-seiscientos-anos-de-tradicion-y-cultura\/#primaryimage"},"thumbnailUrl":"https:\/\/conversesacatalunya.cat\/wp-content\/uploads\/2024\/10\/gegants.jpeg","keywords":["Cultura","tradiciones"],"articleSection":["Punts clau del dia (ES)","Reportatges (ES)"],"inLanguage":"es","potentialAction":[{"@type":"CommentAction","name":"Comment","target":["https:\/\/conversesacatalunya.cat\/es\/los-gegants-de-cataluna-seiscientos-anos-de-tradicion-y-cultura\/#respond"]}]},{"@type":"WebPage","@id":"https:\/\/conversesacatalunya.cat\/es\/los-gegants-de-cataluna-seiscientos-anos-de-tradicion-y-cultura\/","url":"https:\/\/conversesacatalunya.cat\/es\/los-gegants-de-cataluna-seiscientos-anos-de-tradicion-y-cultura\/","name":"Los Gegants de Catalu\u00f1a: seiscientos a\u00f1os de tradici\u00f3n y cultura - Converses a Catalunya","isPartOf":{"@id":"https:\/\/conversesacatalunya.cat\/#website"},"primaryImageOfPage":{"@id":"https:\/\/conversesacatalunya.cat\/es\/los-gegants-de-cataluna-seiscientos-anos-de-tradicion-y-cultura\/#primaryimage"},"image":{"@id":"https:\/\/conversesacatalunya.cat\/es\/los-gegants-de-cataluna-seiscientos-anos-de-tradicion-y-cultura\/#primaryimage"},"thumbnailUrl":"https:\/\/conversesacatalunya.cat\/wp-content\/uploads\/2024\/10\/gegants.jpeg","datePublished":"2024-10-07T08:50:42+00:00","author":{"@id":"https:\/\/conversesacatalunya.cat\/#\/schema\/person\/7e24d1e54a2785373ddcb275eae5ed99"},"description":"Los Gegants celebran 600 a\u00f1os de historia, cultura y tradici\u00f3n en Catalu\u00f1a, llenando las calles con desfiles majestuosos, m\u00fasica ancestral y una vibrante expresi\u00f3n de identidad popular","breadcrumb":{"@id":"https:\/\/conversesacatalunya.cat\/es\/los-gegants-de-cataluna-seiscientos-anos-de-tradicion-y-cultura\/#breadcrumb"},"inLanguage":"es","potentialAction":[{"@type":"ReadAction","target":["https:\/\/conversesacatalunya.cat\/es\/los-gegants-de-cataluna-seiscientos-anos-de-tradicion-y-cultura\/"]}]},{"@type":"ImageObject","inLanguage":"es","@id":"https:\/\/conversesacatalunya.cat\/es\/los-gegants-de-cataluna-seiscientos-anos-de-tradicion-y-cultura\/#primaryimage","url":"https:\/\/conversesacatalunya.cat\/wp-content\/uploads\/2024\/10\/gegants.jpeg","contentUrl":"https:\/\/conversesacatalunya.cat\/wp-content\/uploads\/2024\/10\/gegants.jpeg","width":576,"height":403,"caption":"gegants"},{"@type":"BreadcrumbList","@id":"https:\/\/conversesacatalunya.cat\/es\/los-gegants-de-cataluna-seiscientos-anos-de-tradicion-y-cultura\/#breadcrumb","itemListElement":[{"@type":"ListItem","position":1,"name":"Inici","item":"https:\/\/conversesacatalunya.cat\/es\/"},{"@type":"ListItem","position":2,"name":"Los Gegants de Catalu\u00f1a: seiscientos a\u00f1os de tradici\u00f3n y cultura"}]},{"@type":"WebSite","@id":"https:\/\/conversesacatalunya.cat\/#website","url":"https:\/\/conversesacatalunya.cat\/","name":"Converses a Catalunya","description":"","potentialAction":[{"@type":"SearchAction","target":{"@type":"EntryPoint","urlTemplate":"https:\/\/conversesacatalunya.cat\/?s={search_term_string}"},"query-input":{"@type":"PropertyValueSpecification","valueRequired":true,"valueName":"search_term_string"}}],"inLanguage":"es"},{"@type":"Person","@id":"https:\/\/conversesacatalunya.cat\/#\/schema\/person\/7e24d1e54a2785373ddcb275eae5ed99","name":"conversesacatalunya","image":{"@type":"ImageObject","inLanguage":"es","@id":"https:\/\/conversesacatalunya.cat\/#\/schema\/person\/image\/","url":"https:\/\/conversesacatalunya.cat\/wp-content\/litespeed\/avatar\/febdfeeec89d950f01c748045a981dd2.jpg?ver=1776709562","contentUrl":"https:\/\/conversesacatalunya.cat\/wp-content\/litespeed\/avatar\/febdfeeec89d950f01c748045a981dd2.jpg?ver=1776709562","caption":"conversesacatalunya"},"url":"https:\/\/conversesacatalunya.cat\/es\/author\/carme_catala\/"}]}},"wps_subtitle":"Los Gegants celebran 600 a\u00f1os de historia, cultura y tradici\u00f3n en Catalu\u00f1a, llenando las calles con desfiles majestuosos, m\u00fasica ancestral y una vibrante expresi\u00f3n de identidad popular","_links":{"self":[{"href":"https:\/\/conversesacatalunya.cat\/es\/wp-json\/wp\/v2\/posts\/82336","targetHints":{"allow":["GET"]}}],"collection":[{"href":"https:\/\/conversesacatalunya.cat\/es\/wp-json\/wp\/v2\/posts"}],"about":[{"href":"https:\/\/conversesacatalunya.cat\/es\/wp-json\/wp\/v2\/types\/post"}],"author":[{"embeddable":true,"href":"https:\/\/conversesacatalunya.cat\/es\/wp-json\/wp\/v2\/users\/2"}],"replies":[{"embeddable":true,"href":"https:\/\/conversesacatalunya.cat\/es\/wp-json\/wp\/v2\/comments?post=82336"}],"version-history":[{"count":3,"href":"https:\/\/conversesacatalunya.cat\/es\/wp-json\/wp\/v2\/posts\/82336\/revisions"}],"predecessor-version":[{"id":82364,"href":"https:\/\/conversesacatalunya.cat\/es\/wp-json\/wp\/v2\/posts\/82336\/revisions\/82364"}],"wp:featuredmedia":[{"embeddable":true,"href":"https:\/\/conversesacatalunya.cat\/es\/wp-json\/wp\/v2\/media\/82337"}],"wp:attachment":[{"href":"https:\/\/conversesacatalunya.cat\/es\/wp-json\/wp\/v2\/media?parent=82336"}],"wp:term":[{"taxonomy":"category","embeddable":true,"href":"https:\/\/conversesacatalunya.cat\/es\/wp-json\/wp\/v2\/categories?post=82336"},{"taxonomy":"post_tag","embeddable":true,"href":"https:\/\/conversesacatalunya.cat\/es\/wp-json\/wp\/v2\/tags?post=82336"}],"curies":[{"name":"wp","href":"https:\/\/api.w.org\/{rel}","templated":true}]}}