{"id":81819,"date":"2024-09-23T09:00:47","date_gmt":"2024-09-23T07:00:47","guid":{"rendered":"https:\/\/conversesacatalunya.cat\/?p=81819"},"modified":"2024-09-23T08:46:05","modified_gmt":"2024-09-23T06:46:05","slug":"ue-comisario-defensa-kubilius","status":"publish","type":"post","link":"https:\/\/conversesacatalunya.cat\/es\/ue-comisario-defensa-kubilius\/","title":{"rendered":"La UE nombra a un comisario de defensa por primera vez: Andrius Kubilius"},"content":{"rendered":"<p>La invasi\u00f3n rusa de Ucrania habr\u00eda sido el factor clave para convencer a Ursula von der Leyen, renovada al frente de la Comisi\u00f3n Europea, para construir una direcci\u00f3n general de defensa y espacio.<\/p>\n<p>La tarea es enorme, puesto que la defensa es una de las pocas competencias que son exclusivamente responsabilidad de los Estados Miembro de la Uni\u00f3n.<\/p>\n<p>Adem\u00e1s, desde 2004 ya existe una (peque\u00f1a) Agencia Europea de Defensa cuya <a href=\"https:\/\/conversesacatalunya.cat\/es\/la-industria-europea-de-defensa-no-despega-a-pesar-de-la-guerra-en-ucrania\/\" target=\"_blank\" rel=\"noopener\"><strong>misi\u00f3n<\/strong> <\/a>es coordinar los esfuerzos, sobre todo industriales, de los pa\u00edses europeos en materia militar. Una misi\u00f3n sobre el papel muy similar a la de la nueva Direcci\u00f3n General (DG).<\/p>\n<p>Efectivamente, en la<a href=\"https:\/\/commission.europa.eu\/document\/download\/1f8ec030-d018-41a2-9759-c694d4d56d6c_en?filename=Mission%20letter%20-%20KUBILIUS.pdf\" target=\"_blank\" rel=\"noopener\"><strong> carta de misi\u00f3n<\/strong> <\/a>enviada por la presidenta de la Comisi\u00f3n a la persona elegida para dirigir la defensa de la UE, el lituano <strong>Andrius Kubilius<\/strong>, queda claro que la principal misi\u00f3n ser\u00e1 negociar con los Estados Miembro la construcci\u00f3n de una verdadera industria de la defensa com\u00fan, dentro de la que se incluye tambi\u00e9n la espacial.<\/p>\n<p>Un terreno donde la acci\u00f3n de la UE es tan necesaria como complicada para garantizar la competitividad y al mismo tiempo la capacidad militar europea.<\/p>\n<p>Los retrasos constantes en programas como<a href=\"https:\/\/conversesacatalunya.cat\/es\/industria-espacial-europea-sobrevivir\/\" target=\"_blank\" rel=\"noopener\"><strong> IRIS2<\/strong> <\/a>(constelaci\u00f3n de sat\u00e9lites para fines militares y gubernamentales) o <a href=\"https:\/\/conversesacatalunya.cat\/es\/programa-defensa-europeo\/\" target=\"_blank\" rel=\"noopener\"><strong>el FCAS<\/strong><\/a> (el Sistema de Combate A\u00e9reo del Futuro) dejan sobradamente en evidencia las reticencias de los pa\u00edses tradicionalmente punteros en materia de armamento y tecnolog\u00eda aeroespacial, a cuyo frente est\u00e1<strong> Francia y Alemania<\/strong>, a ceder conocimientos y competencias a sus socios.<\/p>\n<h4><strong>Andrius Kubilius: un perfil muy particular<\/strong><\/h4>\n<p>Esta gitanesca misi\u00f3n se ver\u00e1 influenciada por la <strong>posici\u00f3n personal de Kubilius<\/strong>, actualmente diputado en la Euroc\u00e1mara por el Partido Popular Europeo y un hist\u00f3rico miembro del movimiento independentista y antisovi\u00e9tico de Lituania.<\/p>\n<p>Con estas credenciales, es evidente que Kubilius se volcar\u00e1 en la causa de la victoria militar ucraniana sobre Rusia, como ya dej\u00f3 claro en una reciente<a href=\"https:\/\/www.politico.eu\/article\/new-eu-defense-commissioner-all-in-on-supporting-ukraine\/\" target=\"_blank\" rel=\"noopener\"><strong> intervenci\u00f3n<\/strong><\/a> en el Parlamento Europeo. Dependiendo de la insistencia con que defienda esta posici\u00f3n, corre el riesgo de <strong>enajenar a Francia y sobre todo a Alemania<\/strong>, que toma cada vez m\u00e1s distancias respecto a Kiev.<\/p>\n<p>Sin embargo, la elecci\u00f3n de un lituano al frente de la defensa europea puede servir para <strong>encauzar mejor los programas militares de los pa\u00edses del este y de las rep\u00fablicas b\u00e1lticas<\/strong>, tradicionalmente m\u00e1s receptivos a las compras de productos norteamericanos m\u00e1s que europeos.<\/p>\n<p>El hecho de que provenga de un pa\u00eds \u00abpeque\u00f1o\u00bb le otorga adem\u00e1s un plus de legitimidad: dif\u00edcilmente se le podr\u00e1 acusar de querer favorecer a la industria nacional.<\/p>\n<p>Sin embargo, seg\u00fan<a href=\"https:\/\/www.politico.eu\/article\/new-eu-defense-commissioner-all-in-on-supporting-ukraine\/\" target=\"_blank\" rel=\"noopener\"><strong> afirma<\/strong> <\/a>el diario <em>Politico Europe<\/em>, <strong>no se espera que el papel de la nueva Direcci\u00f3n General de Defensa sea de primer orden<\/strong>, lo que habr\u00eda decepcionado a las candidaturas tempranas a ocuparlo, provenientes en particular de Polonia y Francia.<\/p>\n<p>As\u00ed pues, Kubilius tendr\u00e1 que luchar para hacerse una plaza no solo entre los otros comisarios europeos, algunos de los cuales solapan sus competencias (por ejemplo, la DG Tecnolog\u00eda), sino tambi\u00e9n entre los Estados Miembro, una parte de los cuales <strong>son esc\u00e9pticos frente a este giro militar de la UE<\/strong>.<\/p>\n<p>Por suerte para \u00e9l, parece que podr\u00e1 contar con el apoyo de un peso pesado dentro del colegio de comisarios, como es la vicepresidenta de la Comisi\u00f3n para los Asuntos Exteriores, la ex primera ministra estonia <strong>Kaja Kallas<\/strong> que sustituye al catal\u00e1n<strong> Josep Borrell<\/strong>.<\/p>\n<span class='bctt-click-to-tweet'><span class='bctt-ctt-text'><a href='https:\/\/twitter.com\/intent\/tweet?url=https%3A%2F%2Fconversesacatalunya.cat%2Fes%2Fue-comisario-defensa-kubilius%2F&#038;text=La%20elecci%C3%B3n%20de%20un%20lituano%20al%20frente%20de%20la%20defensa%20europea%20puede%20servir%20para%20encauzar%20mejor%20los%20programas%20militares%20de%20los%20pa%C3%ADses%20del%20este%20y%20de%20las%20rep%C3%BAblicas%20b%C3%A1lticas&#038;via=conversesacat&#038;related=conversesacat' target='_blank'rel=\"noopener noreferrer\">La elecci\u00f3n de un lituano al frente de la defensa europea puede servir para encauzar mejor los programas militares de los pa\u00edses del este y de las rep\u00fablicas b\u00e1lticas <\/a><\/span><a href='https:\/\/twitter.com\/intent\/tweet?url=https%3A%2F%2Fconversesacatalunya.cat%2Fes%2Fue-comisario-defensa-kubilius%2F&#038;text=La%20elecci%C3%B3n%20de%20un%20lituano%20al%20frente%20de%20la%20defensa%20europea%20puede%20servir%20para%20encauzar%20mejor%20los%20programas%20militares%20de%20los%20pa%C3%ADses%20del%20este%20y%20de%20las%20rep%C3%BAblicas%20b%C3%A1lticas&#038;via=conversesacat&#038;related=conversesacat' target='_blank' class='bctt-ctt-btn'rel=\"noopener noreferrer\">Compartir en X<\/a><\/span>\n","protected":false},"excerpt":{"rendered":"<p>La invasi\u00f3n rusa de Ucrania habr\u00eda sido el factor clave para convencer a Ursula von der Leyen, renovada al frente de la Comisi\u00f3n Europea, para construir una direcci\u00f3n general de defensa y espacio. La tarea es enorme, puesto que la defensa es una de las pocas competencias que son exclusivamente responsabilidad de los Estados Miembro de la Uni\u00f3n. Adem\u00e1s, desde 2004 ya existe una (peque\u00f1a) Agencia Europea de Defensa cuya misi\u00f3n es coordinar los esfuerzos, sobre todo industriales, de los pa\u00edses europeos en materia militar. Una misi\u00f3n sobre el papel muy similar a la de la nueva Direcci\u00f3n General (DG). Efectivamente, en la carta de misi\u00f3n enviada por la presidenta de la Comisi\u00f3n a la persona elegida para dirigir la defensa de la UE, el lituano Andrius Kubilius, queda claro que la principal misi\u00f3n ser\u00e1 negociar con los Estados Miembro la construcci\u00f3n de una verdadera industria de la defensa com\u00fan, dentro de la que se incluye tambi\u00e9n la espacial. Un terreno donde la acci\u00f3n de la UE es tan necesaria como complicada para garantizar la competitividad y al mismo tiempo la capacidad militar europea. Los retrasos constantes en programas como IRIS2 (constelaci\u00f3n de sat\u00e9lites para fines militares y gubernamentales) o el FCAS (el Sistema de Combate A\u00e9reo del Futuro) dejan sobradamente en evidencia las reticencias de los pa\u00edses tradicionalmente punteros en materia de armamento y tecnolog\u00eda aeroespacial, a cuyo frente est\u00e1 Francia y Alemania, a ceder conocimientos y competencias a sus socios. Andrius Kubilius: un perfil muy particular Esta gitanesca misi\u00f3n se ver\u00e1 influenciada por la posici\u00f3n personal de Kubilius, actualmente diputado en la Euroc\u00e1mara por el Partido Popular Europeo y un hist\u00f3rico miembro del movimiento independentista y antisovi\u00e9tico de Lituania. Con estas credenciales, es evidente que Kubilius se volcar\u00e1 en la causa de la victoria militar ucraniana sobre Rusia, como ya dej\u00f3 claro en una reciente intervenci\u00f3n en el Parlamento Europeo. Dependiendo de la insistencia con que defienda esta posici\u00f3n, corre el riesgo de enajenar a Francia y sobre todo a Alemania, que toma cada vez m\u00e1s distancias respecto a Kiev. Sin embargo, la elecci\u00f3n de un lituano al frente de la defensa europea puede servir para encauzar mejor los programas militares de los pa\u00edses del este y de las rep\u00fablicas b\u00e1lticas, tradicionalmente m\u00e1s receptivos a las compras de productos norteamericanos m\u00e1s que europeos. El hecho de que provenga de un pa\u00eds \u00abpeque\u00f1o\u00bb le otorga adem\u00e1s un plus de legitimidad: dif\u00edcilmente se le podr\u00e1 acusar de querer favorecer a la industria nacional. Sin embargo, seg\u00fan afirma el diario Politico Europe, no se espera que el papel de la nueva Direcci\u00f3n General de Defensa sea de primer orden, lo que habr\u00eda decepcionado a las candidaturas tempranas a ocuparlo, provenientes en particular de Polonia y Francia. As\u00ed pues, Kubilius tendr\u00e1 que luchar para hacerse una plaza no solo entre los otros comisarios europeos, algunos de los cuales solapan sus competencias (por ejemplo, la DG Tecnolog\u00eda), sino tambi\u00e9n entre los Estados Miembro, una parte de los cuales son esc\u00e9pticos frente a este giro militar de la UE. Por suerte para \u00e9l, parece que podr\u00e1 contar con el apoyo de un peso pesado dentro del colegio de comisarios, como es la vicepresidenta de la Comisi\u00f3n para los Asuntos Exteriores, la ex primera ministra estonia Kaja Kallas que sustituye al catal\u00e1n Josep Borrell.<\/p>\n","protected":false},"author":75,"featured_media":81807,"comment_status":"open","ping_status":"open","sticky":false,"template":"","format":"standard","meta":{"_FSMCFIC_featured_image_caption":"Andrius Kubilius","_FSMCFIC_featured_image_nocaption":"","_FSMCFIC_featured_image_hide":"","footnotes":""},"categories":[806],"tags":[1089,1347,1060,1061],"class_list":["post-81819","post","type-post","status-publish","format-standard","has-post-thumbnail","hentry","category-punts-claus-del-dia-es","tag-defensa-es","tag-industria-es","tag-unio-europea-es","tag-ursula-von-der-leyen-es"],"yoast_head":"<!-- This site is optimized with the Yoast SEO plugin v26.8 - https:\/\/yoast.com\/product\/yoast-seo-wordpress\/ -->\n<title>La UE nombra a un comisario de defensa por primera vez: Andrius Kubilius - Converses a Catalunya<\/title>\n<meta name=\"description\" content=\"El lituano Andrius Kubilius asume uno de los cargos m\u00e1s dif\u00edciles de la nueva Comisi\u00f3n Europea. comisario de defensa\" \/>\n<meta name=\"robots\" content=\"index, follow, max-snippet:-1, max-image-preview:large, max-video-preview:-1\" \/>\n<link rel=\"canonical\" href=\"https:\/\/conversesacatalunya.cat\/ue-comissari-defensa-kubilius\/\" \/>\n<meta property=\"og:locale\" content=\"es_ES\" \/>\n<meta property=\"og:type\" content=\"article\" \/>\n<meta property=\"og:title\" content=\"La UE nombra a un comisario de defensa por primera vez: Andrius Kubilius - Converses a Catalunya\" \/>\n<meta property=\"og:description\" content=\"El lituano Andrius Kubilius asume uno de los cargos m\u00e1s dif\u00edciles de la nueva Comisi\u00f3n Europea. comisario de defensa\" \/>\n<meta property=\"og:url\" content=\"https:\/\/conversesacatalunya.cat\/ue-comissari-defensa-kubilius\/\" \/>\n<meta property=\"og:site_name\" content=\"Converses a Catalunya\" \/>\n<meta property=\"article:published_time\" content=\"2024-09-23T07:00:47+00:00\" \/>\n<meta property=\"og:image\" content=\"https:\/\/conversesacatalunya.cat\/wp-content\/uploads\/2024\/09\/66edd2885e98e.r_d.629-255-11719.jpeg\" \/>\n\t<meta property=\"og:image:width\" content=\"1200\" \/>\n\t<meta property=\"og:image:height\" content=\"525\" \/>\n\t<meta property=\"og:image:type\" content=\"image\/jpeg\" \/>\n<meta name=\"author\" content=\"Carles L\u00f3pez\" \/>\n<meta name=\"twitter:card\" content=\"summary_large_image\" \/>\n<meta name=\"twitter:label1\" content=\"Escrito por\" \/>\n\t<meta name=\"twitter:data1\" content=\"Carles L\u00f3pez\" \/>\n\t<meta name=\"twitter:label2\" content=\"Tiempo de lectura\" \/>\n\t<meta name=\"twitter:data2\" content=\"3 minutos\" \/>\n<script type=\"application\/ld+json\" class=\"yoast-schema-graph\">{\"@context\":\"https:\/\/schema.org\",\"@graph\":[{\"@type\":\"Article\",\"@id\":\"https:\/\/conversesacatalunya.cat\/ue-comissari-defensa-kubilius\/#article\",\"isPartOf\":{\"@id\":\"https:\/\/conversesacatalunya.cat\/ue-comissari-defensa-kubilius\/\"},\"author\":{\"name\":\"Carles L\u00f3pez\",\"@id\":\"https:\/\/conversesacatalunya.cat\/#\/schema\/person\/3ce2ab16c0a3803086d80722c7cad56a\"},\"headline\":\"La UE nombra a un comisario de defensa por primera vez: Andrius Kubilius\",\"datePublished\":\"2024-09-23T07:00:47+00:00\",\"mainEntityOfPage\":{\"@id\":\"https:\/\/conversesacatalunya.cat\/ue-comissari-defensa-kubilius\/\"},\"wordCount\":647,\"commentCount\":0,\"image\":{\"@id\":\"https:\/\/conversesacatalunya.cat\/ue-comissari-defensa-kubilius\/#primaryimage\"},\"thumbnailUrl\":\"https:\/\/conversesacatalunya.cat\/wp-content\/uploads\/2024\/09\/66edd2885e98e.r_d.629-255-11719.jpeg\",\"keywords\":[\"defensa\",\"Ind\u00fastria\",\"Uni\u00f3 Europea\",\"Ursula von der Leyen\"],\"articleSection\":[\"Punts clau del dia (ES)\"],\"inLanguage\":\"es\",\"potentialAction\":[{\"@type\":\"CommentAction\",\"name\":\"Comment\",\"target\":[\"https:\/\/conversesacatalunya.cat\/ue-comissari-defensa-kubilius\/#respond\"]}]},{\"@type\":\"WebPage\",\"@id\":\"https:\/\/conversesacatalunya.cat\/ue-comissari-defensa-kubilius\/\",\"url\":\"https:\/\/conversesacatalunya.cat\/ue-comissari-defensa-kubilius\/\",\"name\":\"La UE nombra a un comisario de defensa por primera vez: Andrius Kubilius - Converses a Catalunya\",\"isPartOf\":{\"@id\":\"https:\/\/conversesacatalunya.cat\/#website\"},\"primaryImageOfPage\":{\"@id\":\"https:\/\/conversesacatalunya.cat\/ue-comissari-defensa-kubilius\/#primaryimage\"},\"image\":{\"@id\":\"https:\/\/conversesacatalunya.cat\/ue-comissari-defensa-kubilius\/#primaryimage\"},\"thumbnailUrl\":\"https:\/\/conversesacatalunya.cat\/wp-content\/uploads\/2024\/09\/66edd2885e98e.r_d.629-255-11719.jpeg\",\"datePublished\":\"2024-09-23T07:00:47+00:00\",\"author\":{\"@id\":\"https:\/\/conversesacatalunya.cat\/#\/schema\/person\/3ce2ab16c0a3803086d80722c7cad56a\"},\"description\":\"El lituano Andrius Kubilius asume uno de los cargos m\u00e1s dif\u00edciles de la nueva Comisi\u00f3n Europea. comisario de defensa\",\"breadcrumb\":{\"@id\":\"https:\/\/conversesacatalunya.cat\/ue-comissari-defensa-kubilius\/#breadcrumb\"},\"inLanguage\":\"es\",\"potentialAction\":[{\"@type\":\"ReadAction\",\"target\":[\"https:\/\/conversesacatalunya.cat\/ue-comissari-defensa-kubilius\/\"]}]},{\"@type\":\"ImageObject\",\"inLanguage\":\"es\",\"@id\":\"https:\/\/conversesacatalunya.cat\/ue-comissari-defensa-kubilius\/#primaryimage\",\"url\":\"https:\/\/conversesacatalunya.cat\/wp-content\/uploads\/2024\/09\/66edd2885e98e.r_d.629-255-11719.jpeg\",\"contentUrl\":\"https:\/\/conversesacatalunya.cat\/wp-content\/uploads\/2024\/09\/66edd2885e98e.r_d.629-255-11719.jpeg\",\"width\":1200,\"height\":525,\"caption\":\"Kubilius comisaroi de defensa\"},{\"@type\":\"BreadcrumbList\",\"@id\":\"https:\/\/conversesacatalunya.cat\/ue-comissari-defensa-kubilius\/#breadcrumb\",\"itemListElement\":[{\"@type\":\"ListItem\",\"position\":1,\"name\":\"Inici\",\"item\":\"https:\/\/conversesacatalunya.cat\/es\/\"},{\"@type\":\"ListItem\",\"position\":2,\"name\":\"La UE nombra a un comisario de defensa por primera vez: Andrius Kubilius\"}]},{\"@type\":\"WebSite\",\"@id\":\"https:\/\/conversesacatalunya.cat\/#website\",\"url\":\"https:\/\/conversesacatalunya.cat\/\",\"name\":\"Converses a Catalunya\",\"description\":\"\",\"potentialAction\":[{\"@type\":\"SearchAction\",\"target\":{\"@type\":\"EntryPoint\",\"urlTemplate\":\"https:\/\/conversesacatalunya.cat\/?s={search_term_string}\"},\"query-input\":{\"@type\":\"PropertyValueSpecification\",\"valueRequired\":true,\"valueName\":\"search_term_string\"}}],\"inLanguage\":\"es\"},{\"@type\":\"Person\",\"@id\":\"https:\/\/conversesacatalunya.cat\/#\/schema\/person\/3ce2ab16c0a3803086d80722c7cad56a\",\"name\":\"Carles L\u00f3pez\",\"image\":{\"@type\":\"ImageObject\",\"inLanguage\":\"es\",\"@id\":\"https:\/\/conversesacatalunya.cat\/#\/schema\/person\/image\/\",\"url\":\"https:\/\/conversesacatalunya.cat\/wp-content\/litespeed\/avatar\/4891585caf2896e97846ab77f06edcf2.jpg?ver=1777091173\",\"contentUrl\":\"https:\/\/conversesacatalunya.cat\/wp-content\/litespeed\/avatar\/4891585caf2896e97846ab77f06edcf2.jpg?ver=1777091173\",\"caption\":\"Carles L\u00f3pez\"},\"url\":\"https:\/\/conversesacatalunya.cat\/es\/author\/carles-lopez\/\"}]}<\/script>\n<!-- \/ Yoast SEO plugin. -->","yoast_head_json":{"title":"La UE nombra a un comisario de defensa por primera vez: Andrius Kubilius - Converses a Catalunya","description":"El lituano Andrius Kubilius asume uno de los cargos m\u00e1s dif\u00edciles de la nueva Comisi\u00f3n Europea. comisario de defensa","robots":{"index":"index","follow":"follow","max-snippet":"max-snippet:-1","max-image-preview":"max-image-preview:large","max-video-preview":"max-video-preview:-1"},"canonical":"https:\/\/conversesacatalunya.cat\/ue-comissari-defensa-kubilius\/","og_locale":"es_ES","og_type":"article","og_title":"La UE nombra a un comisario de defensa por primera vez: Andrius Kubilius - Converses a Catalunya","og_description":"El lituano Andrius Kubilius asume uno de los cargos m\u00e1s dif\u00edciles de la nueva Comisi\u00f3n Europea. comisario de defensa","og_url":"https:\/\/conversesacatalunya.cat\/ue-comissari-defensa-kubilius\/","og_site_name":"Converses a Catalunya","article_published_time":"2024-09-23T07:00:47+00:00","og_image":[{"width":1200,"height":525,"url":"https:\/\/conversesacatalunya.cat\/wp-content\/uploads\/2024\/09\/66edd2885e98e.r_d.629-255-11719.jpeg","type":"image\/jpeg"}],"author":"Carles L\u00f3pez","twitter_card":"summary_large_image","twitter_misc":{"Escrito por":"Carles L\u00f3pez","Tiempo de lectura":"3 minutos"},"schema":{"@context":"https:\/\/schema.org","@graph":[{"@type":"Article","@id":"https:\/\/conversesacatalunya.cat\/ue-comissari-defensa-kubilius\/#article","isPartOf":{"@id":"https:\/\/conversesacatalunya.cat\/ue-comissari-defensa-kubilius\/"},"author":{"name":"Carles L\u00f3pez","@id":"https:\/\/conversesacatalunya.cat\/#\/schema\/person\/3ce2ab16c0a3803086d80722c7cad56a"},"headline":"La UE nombra a un comisario de defensa por primera vez: Andrius Kubilius","datePublished":"2024-09-23T07:00:47+00:00","mainEntityOfPage":{"@id":"https:\/\/conversesacatalunya.cat\/ue-comissari-defensa-kubilius\/"},"wordCount":647,"commentCount":0,"image":{"@id":"https:\/\/conversesacatalunya.cat\/ue-comissari-defensa-kubilius\/#primaryimage"},"thumbnailUrl":"https:\/\/conversesacatalunya.cat\/wp-content\/uploads\/2024\/09\/66edd2885e98e.r_d.629-255-11719.jpeg","keywords":["defensa","Ind\u00fastria","Uni\u00f3 Europea","Ursula von der Leyen"],"articleSection":["Punts clau del dia (ES)"],"inLanguage":"es","potentialAction":[{"@type":"CommentAction","name":"Comment","target":["https:\/\/conversesacatalunya.cat\/ue-comissari-defensa-kubilius\/#respond"]}]},{"@type":"WebPage","@id":"https:\/\/conversesacatalunya.cat\/ue-comissari-defensa-kubilius\/","url":"https:\/\/conversesacatalunya.cat\/ue-comissari-defensa-kubilius\/","name":"La UE nombra a un comisario de defensa por primera vez: Andrius Kubilius - Converses a Catalunya","isPartOf":{"@id":"https:\/\/conversesacatalunya.cat\/#website"},"primaryImageOfPage":{"@id":"https:\/\/conversesacatalunya.cat\/ue-comissari-defensa-kubilius\/#primaryimage"},"image":{"@id":"https:\/\/conversesacatalunya.cat\/ue-comissari-defensa-kubilius\/#primaryimage"},"thumbnailUrl":"https:\/\/conversesacatalunya.cat\/wp-content\/uploads\/2024\/09\/66edd2885e98e.r_d.629-255-11719.jpeg","datePublished":"2024-09-23T07:00:47+00:00","author":{"@id":"https:\/\/conversesacatalunya.cat\/#\/schema\/person\/3ce2ab16c0a3803086d80722c7cad56a"},"description":"El lituano Andrius Kubilius asume uno de los cargos m\u00e1s dif\u00edciles de la nueva Comisi\u00f3n Europea. comisario de defensa","breadcrumb":{"@id":"https:\/\/conversesacatalunya.cat\/ue-comissari-defensa-kubilius\/#breadcrumb"},"inLanguage":"es","potentialAction":[{"@type":"ReadAction","target":["https:\/\/conversesacatalunya.cat\/ue-comissari-defensa-kubilius\/"]}]},{"@type":"ImageObject","inLanguage":"es","@id":"https:\/\/conversesacatalunya.cat\/ue-comissari-defensa-kubilius\/#primaryimage","url":"https:\/\/conversesacatalunya.cat\/wp-content\/uploads\/2024\/09\/66edd2885e98e.r_d.629-255-11719.jpeg","contentUrl":"https:\/\/conversesacatalunya.cat\/wp-content\/uploads\/2024\/09\/66edd2885e98e.r_d.629-255-11719.jpeg","width":1200,"height":525,"caption":"Kubilius comisaroi de defensa"},{"@type":"BreadcrumbList","@id":"https:\/\/conversesacatalunya.cat\/ue-comissari-defensa-kubilius\/#breadcrumb","itemListElement":[{"@type":"ListItem","position":1,"name":"Inici","item":"https:\/\/conversesacatalunya.cat\/es\/"},{"@type":"ListItem","position":2,"name":"La UE nombra a un comisario de defensa por primera vez: Andrius Kubilius"}]},{"@type":"WebSite","@id":"https:\/\/conversesacatalunya.cat\/#website","url":"https:\/\/conversesacatalunya.cat\/","name":"Converses a Catalunya","description":"","potentialAction":[{"@type":"SearchAction","target":{"@type":"EntryPoint","urlTemplate":"https:\/\/conversesacatalunya.cat\/?s={search_term_string}"},"query-input":{"@type":"PropertyValueSpecification","valueRequired":true,"valueName":"search_term_string"}}],"inLanguage":"es"},{"@type":"Person","@id":"https:\/\/conversesacatalunya.cat\/#\/schema\/person\/3ce2ab16c0a3803086d80722c7cad56a","name":"Carles L\u00f3pez","image":{"@type":"ImageObject","inLanguage":"es","@id":"https:\/\/conversesacatalunya.cat\/#\/schema\/person\/image\/","url":"https:\/\/conversesacatalunya.cat\/wp-content\/litespeed\/avatar\/4891585caf2896e97846ab77f06edcf2.jpg?ver=1777091173","contentUrl":"https:\/\/conversesacatalunya.cat\/wp-content\/litespeed\/avatar\/4891585caf2896e97846ab77f06edcf2.jpg?ver=1777091173","caption":"Carles L\u00f3pez"},"url":"https:\/\/conversesacatalunya.cat\/es\/author\/carles-lopez\/"}]}},"wps_subtitle":"El lituano Andrius Kubilius asume uno de los cargos m\u00e1s dif\u00edciles de la nueva Comisi\u00f3n Europea","_links":{"self":[{"href":"https:\/\/conversesacatalunya.cat\/es\/wp-json\/wp\/v2\/posts\/81819","targetHints":{"allow":["GET"]}}],"collection":[{"href":"https:\/\/conversesacatalunya.cat\/es\/wp-json\/wp\/v2\/posts"}],"about":[{"href":"https:\/\/conversesacatalunya.cat\/es\/wp-json\/wp\/v2\/types\/post"}],"author":[{"embeddable":true,"href":"https:\/\/conversesacatalunya.cat\/es\/wp-json\/wp\/v2\/users\/75"}],"replies":[{"embeddable":true,"href":"https:\/\/conversesacatalunya.cat\/es\/wp-json\/wp\/v2\/comments?post=81819"}],"version-history":[{"count":7,"href":"https:\/\/conversesacatalunya.cat\/es\/wp-json\/wp\/v2\/posts\/81819\/revisions"}],"predecessor-version":[{"id":81829,"href":"https:\/\/conversesacatalunya.cat\/es\/wp-json\/wp\/v2\/posts\/81819\/revisions\/81829"}],"wp:featuredmedia":[{"embeddable":true,"href":"https:\/\/conversesacatalunya.cat\/es\/wp-json\/wp\/v2\/media\/81807"}],"wp:attachment":[{"href":"https:\/\/conversesacatalunya.cat\/es\/wp-json\/wp\/v2\/media?parent=81819"}],"wp:term":[{"taxonomy":"category","embeddable":true,"href":"https:\/\/conversesacatalunya.cat\/es\/wp-json\/wp\/v2\/categories?post=81819"},{"taxonomy":"post_tag","embeddable":true,"href":"https:\/\/conversesacatalunya.cat\/es\/wp-json\/wp\/v2\/tags?post=81819"}],"curies":[{"name":"wp","href":"https:\/\/api.w.org\/{rel}","templated":true}]}}