{"id":81216,"date":"2024-09-10T12:59:18","date_gmt":"2024-09-10T10:59:18","guid":{"rendered":"https:\/\/conversesacatalunya.cat\/lacord-sobre-financament-singular-de-catalunya-psoe-psc-erc-explicat-amb-detall-2-el-financament\/"},"modified":"2024-09-10T15:24:15","modified_gmt":"2024-09-10T13:24:15","slug":"el-acuerdo-sobre-financiacion-singular-de-cataluna-psoe-psc-erc-explicado-con-detalle-2-la-financiacion","status":"publish","type":"post","link":"https:\/\/conversesacatalunya.cat\/es\/el-acuerdo-sobre-financiacion-singular-de-cataluna-psoe-psc-erc-explicado-con-detalle-2-la-financiacion\/","title":{"rendered":"El acuerdo sobre financiaci\u00f3n singular de Catalu\u00f1a PSOE-PSC-ERC explicado con detalle (2): La financiaci\u00f3n"},"content":{"rendered":"<p><span>El anunciado, <\/span><a href=\"https:\/\/conversesacatalunya.cat\/es\/el-acuerdo-sobre-financiacion-singular-de-cataluna-psoe-psc-erc-explicado-con-detalle-1\/\" target=\"_blank\" rel=\"noopener\"><span>acuerdo de financiaci\u00f3n singular<\/span><\/a><span>, significa que ERC admite de entrada que\u00a0<\/span><strong><span>no se trata ni de un concierto ni de un pacto fiscal<\/span><\/strong><span>. \u00c9ste es un hecho que la direcci\u00f3n de ERC no present\u00f3 con claridad cuando someti\u00f3 a referendo el acuerdo a sus afiliados.<\/span><\/p>\n<h3><span>Cambio de paradigma: singularidad y bilateralidad<\/span><\/h3>\n<p><span>Seg\u00fan el texto, no se trata de reformar el modelo de financiaci\u00f3n com\u00fan, sino cambiarlo sobre un nuevo paradigma de singularidad y bilateralidad. No se entiende demasiado c\u00f3mo, a partir de esta premisa, el gobierno espa\u00f1ol habla de extender este modelo a las dem\u00e1s autonom\u00edas, porque la complejidad de generalizar el hecho de ser singular y tener una relaci\u00f3n bilateral con el estado parece inalcanzable. Sin embargo, esta bilateralidad se declara compatible con la participaci\u00f3n de \u00f3rganos multilaterales cuando sea conveniente. Es evidente que la construcci\u00f3n de esto se revela de una complejidad extraordinaria.<\/span><\/p>\n<h3><span>Incremento de la capacidad normativa<\/span><\/h3>\n<p><span>Tambi\u00e9n busca un incremento sustancial de la\u00a0<\/span><strong><span>capacidad normativa sobre los impuestos<\/span><\/strong><span>, adem\u00e1s de la gesti\u00f3n, recaudaci\u00f3n, liquidaci\u00f3n e inspecci\u00f3n. Todo esto, adem\u00e1s, con una gobernanza conjunta de las inversiones p\u00fablicas en Catalu\u00f1a por medio de un consorcio Estado-Generalitat.<\/span><\/p>\n<p><span>Por tanto, el objetivo es tener m\u00e1s capacidad normativa en materia de impuestos y hacerse cargo de todo el proceso a trav\u00e9s de la Agencia Tributaria de Catalu\u00f1a. Para ello, se establece que se traspasar\u00e1n los bienes humanos, materiales, econ\u00f3micos y tecnol\u00f3gicos necesarios. Si no se hace trampas en el solitario, esto quiere decir que la administraci\u00f3n fiscal del estado en Catalunya se integrar\u00eda en gran medida en la Generalitat.<\/span><\/p>\n<h3><span>Formalizaci\u00f3n de los acuerdos<\/span><\/h3>\n<p><span>Estos acuerdos deben formalizarse en el primer semestre de 2025 en la comisi\u00f3n bilateral entre el gobierno de la Generalitat y el Estado. Los acuerdos se trasladar\u00e1n a su vez a la comisi\u00f3n mixta de asuntos econ\u00f3micos y fiscales Estado-Generalitat para su aprobaci\u00f3n.<\/span><\/p>\n<p><span>Todo este proceso ser\u00e1, l\u00f3gicamente, progresivo y se desarrollar\u00e1 un compromiso en forma de calendario de los pasos a seguir. Tambi\u00e9n se impulsar\u00e1n las modificaciones que sean necesarias de la LOFCA, de la ley de financiaci\u00f3n de las comunidades aut\u00f3nomas y de la ley de cesi\u00f3n de tributos a Catalu\u00f1a.<\/span><\/p>\n<p><span>No est\u00e1 nada claro que estos cambios legislativos puedan llevarse a cabo\u00a0<\/span><strong><span>sin contar con los votos del PP<\/span><\/strong><span>.<\/span><\/p>\n<h3><span>Aportaci\u00f3n catalana: gastos del estado y solidaridad<\/span><\/h3>\n<p><span>A partir de estas premisas, la\u00a0<\/span><strong><span>aportaci\u00f3n catalana al estado tiene dos componentes<\/span><\/strong><span>. Una, la parte que le corresponde para financiar los gastos del estado que correspondan a Catalu\u00f1a y que ser\u00e1n en forma de porcentaje de participaci\u00f3n en los tributos. La otra, la solidaridad. El texto precisa que la finalidad es que todos los gobiernos auton\u00f3micos dispongan de recursos para que los ciudadanos puedan alcanzar niveles de servicio similares, pero hace una remarca que se ha pasado por alto tanto en el discurso de ERC como en el del gobierno espa\u00f1ol, porque dice que \u00absiempre que se lleve a cabo un esfuerzo fiscal tambi\u00e9n similar\u00bb, y en este concepto, \u00abesfuerzo fiscal\u00bb, habr\u00e1 mucha tela a cortar.<\/span><\/p>\n<div class=\"code-block code-block-6\"><\/div>\n<h3><span>Esfuerzo fiscal y solidaridad<\/span><\/h3>\n<p><span>El esfuerzo fiscal mide la\u00a0<\/span><strong><span>relaci\u00f3n entre la presi\u00f3n fiscal y la renta per c\u00e1pita de un pa\u00eds<\/span><\/strong><span>. Por su parte, la presi\u00f3n fiscal es el resultado de dividir lo que representa la recaudaci\u00f3n fiscal del territorio entre el PIB y referirlo a 100. Esto nos dar\u00e1 el porcentaje que representa la presi\u00f3n fiscal. Entonces, si dividimos este resultado por el PIB y volvemos a referirlo en porcentaje 100, tendr\u00edamos el esfuerzo fiscal.<\/span><\/p>\n<p><span>No est\u00e1 nada claro c\u00f3mo puede repercutir esto a la hora de asignar la\u00a0<\/span><strong><span>solidaridad de Catalunya<\/span><\/strong><span>\u00a0en el sentido de que \u00e9sta ir\u00e1 a un fondo com\u00fan que despu\u00e9s se distribuir\u00e1 en los diferentes territorios de acuerdo con este criterio. Pero es un criterio que deber\u00e1 imponerse por el conjunto de autonom\u00edas, sin que \u00e9stas hayan expresado su aceptaci\u00f3n. En otras palabras, es un criterio que regir\u00eda el nuevo sistema de financiaci\u00f3n aplicable a todo el mundo, pero que ya vendr\u00eda predeterminado de entrada por un acuerdo entre socialistas y ERC.<\/span><\/p>\n<p><span>Parece muy dif\u00edcil que esto pueda ser asumido. De todas formas, si se hubiera querido hacer bien y en beneficio de Catalu\u00f1a, no habr\u00eda sido el esfuerzo fiscal el indicador a utilizar, sino la cu\u00f1a fiscal, que introduce tambi\u00e9n el coste como un impuesto m\u00e1s de lo que la empresa y el trabajador pagan en su cuota a la Seguridad Social y, por tanto, el poder adquisitivo real del trabajador disponible para destinar al consumo. Pero, en fin, esto ser\u00eda a\u00fan un asunto m\u00e1s complicado.<\/span><\/p>\n<h3><span>Principio de ordinalidad y limitaci\u00f3n de la solidaridad<\/span><\/h3>\n<p><span>Por \u00faltimo, define que la\u00a0<\/span><strong><span>solidaridad debe estar limitada por el principio de ordinalidad<\/span><\/strong><span>, que significa que, si una comunidad aut\u00f3noma ocupa un determinado puesto en el ranking de lo que aporta fiscalmente al estado, a la hora de recibir los recursos no puede quedar por debajo de ese lugar. Si Catalu\u00f1a es la segunda en aportaciones, debe ser tambi\u00e9n la segunda en recibir recursos.<\/span><\/p>\n<p><span>Estos aspectos son, no enteramente pero s\u00ed en buena medida, tratados en la implementaci\u00f3n que figura en el texto del acuerdo. Al respecto trataremos en la tercera entrega.<\/span><\/p>\n<div id=\"polls-254\" class=\"wp-polls\">\n\t<form id=\"polls_form_254\" class=\"wp-polls-form\" action=\"\/index.php\" method=\"post\">\n\t\t<p style=\"display: none;\"><input type=\"hidden\" id=\"poll_254_nonce\" name=\"wp-polls-nonce\" value=\"31e9cd8d6d\" \/><\/p>\n\t\t<p style=\"display: none;\"><input type=\"hidden\" name=\"poll_id\" value=\"254\" \/><\/p>\n\t\t<p style=\"text-align: center\"><strong>En cas que el govern S\u00e1nchez no aconsegueixi aprovar els pressupostos de l'Estat, creus que hauria de convocar eleccions anticipades donat que seria la segona vegada que prorroga el pressupost?<\/strong><\/p><div id=\"polls-254-ans\" class=\"wp-polls-ans\"><ul class=\"wp-polls-ul\">\n\t\t<li><input type=\"radio\" id=\"poll-answer-714\" name=\"poll_254\" value=\"714\" \/> <label for=\"poll-answer-714\">S\u00ed convocar eleccions<\/label><\/li>\n\t\t<li><input type=\"radio\" id=\"poll-answer-715\" name=\"poll_254\" value=\"715\" \/> <label for=\"poll-answer-715\">No convocar eleccions<\/label><\/li>\n\t\t<li><input type=\"radio\" id=\"poll-answer-716\" name=\"poll_254\" value=\"716\" \/> <label for=\"poll-answer-716\">No ho s\u00e9<\/label><\/li>\n\t\t<\/ul><p style=\"text-align: center\"><input type=\"button\" name=\"vote\" value=\"   Vota   \" class=\"Buttons\" onclick=\"poll_vote(254);\" \/><\/p><p style=\"text-align: center\"><a href=\"#ViewPollResults\" onclick=\"poll_result(254); return false;\" title=\"View Results Of This Poll\">Mira els resultats<\/a><\/p><\/div>\n\t<\/form>\n<\/div>\n<div id=\"polls-254-loading\" class=\"wp-polls-loading\"><img decoding=\"async\" data-src=\"https:\/\/conversesacatalunya.cat\/wp-content\/plugins\/wp-polls\/images\/loading.gif\" width=\"16\" height=\"16\" alt=\"Cargando ...\" title=\"Cargando ...\" class=\"wp-polls-image lazyload\" src=\"data:image\/svg+xml;base64,PHN2ZyB3aWR0aD0iMSIgaGVpZ2h0PSIxIiB4bWxucz0iaHR0cDovL3d3dy53My5vcmcvMjAwMC9zdmciPjwvc3ZnPg==\" style=\"--smush-placeholder-width: 16px; --smush-placeholder-aspect-ratio: 16\/16;\" \/>&nbsp;Cargando ...<\/div>\n\n","protected":false},"excerpt":{"rendered":"<p>El anunciado, acuerdo de financiaci\u00f3n singular, significa que ERC admite de entrada que\u00a0no se trata ni de un concierto ni de un pacto fiscal. \u00c9ste es un hecho que la direcci\u00f3n de ERC no present\u00f3 con claridad cuando someti\u00f3 a referendo el acuerdo a sus afiliados. Cambio de paradigma: singularidad y bilateralidad Seg\u00fan el texto, no se trata de reformar el modelo de financiaci\u00f3n com\u00fan, sino cambiarlo sobre un nuevo paradigma de singularidad y bilateralidad. No se entiende demasiado c\u00f3mo, a partir de esta premisa, el gobierno espa\u00f1ol habla de extender este modelo a las dem\u00e1s autonom\u00edas, porque la complejidad de generalizar el hecho de ser singular y tener una relaci\u00f3n bilateral con el estado parece inalcanzable. Sin embargo, esta bilateralidad se declara compatible con la participaci\u00f3n de \u00f3rganos multilaterales cuando sea conveniente. Es evidente que la construcci\u00f3n de esto se revela de una complejidad extraordinaria. Incremento de la capacidad normativa Tambi\u00e9n busca un incremento sustancial de la\u00a0capacidad normativa sobre los impuestos, adem\u00e1s de la gesti\u00f3n, recaudaci\u00f3n, liquidaci\u00f3n e inspecci\u00f3n. Todo esto, adem\u00e1s, con una gobernanza conjunta de las inversiones p\u00fablicas en Catalu\u00f1a por medio de un consorcio Estado-Generalitat. Por tanto, el objetivo es tener m\u00e1s capacidad normativa en materia de impuestos y hacerse cargo de todo el proceso a trav\u00e9s de la Agencia Tributaria de Catalu\u00f1a. Para ello, se establece que se traspasar\u00e1n los bienes humanos, materiales, econ\u00f3micos y tecnol\u00f3gicos necesarios. Si no se hace trampas en el solitario, esto quiere decir que la administraci\u00f3n fiscal del estado en Catalunya se integrar\u00eda en gran medida en la Generalitat. Formalizaci\u00f3n de los acuerdos Estos acuerdos deben formalizarse en el primer semestre de 2025 en la comisi\u00f3n bilateral entre el gobierno de la Generalitat y el Estado. Los acuerdos se trasladar\u00e1n a su vez a la comisi\u00f3n mixta de asuntos econ\u00f3micos y fiscales Estado-Generalitat para su aprobaci\u00f3n. Todo este proceso ser\u00e1, l\u00f3gicamente, progresivo y se desarrollar\u00e1 un compromiso en forma de calendario de los pasos a seguir. Tambi\u00e9n se impulsar\u00e1n las modificaciones que sean necesarias de la LOFCA, de la ley de financiaci\u00f3n de las comunidades aut\u00f3nomas y de la ley de cesi\u00f3n de tributos a Catalu\u00f1a. No est\u00e1 nada claro que estos cambios legislativos puedan llevarse a cabo\u00a0sin contar con los votos del PP. Aportaci\u00f3n catalana: gastos del estado y solidaridad A partir de estas premisas, la\u00a0aportaci\u00f3n catalana al estado tiene dos componentes. Una, la parte que le corresponde para financiar los gastos del estado que correspondan a Catalu\u00f1a y que ser\u00e1n en forma de porcentaje de participaci\u00f3n en los tributos. La otra, la solidaridad. El texto precisa que la finalidad es que todos los gobiernos auton\u00f3micos dispongan de recursos para que los ciudadanos puedan alcanzar niveles de servicio similares, pero hace una remarca que se ha pasado por alto tanto en el discurso de ERC como en el del gobierno espa\u00f1ol, porque dice que \u00absiempre que se lleve a cabo un esfuerzo fiscal tambi\u00e9n similar\u00bb, y en este concepto, \u00abesfuerzo fiscal\u00bb, habr\u00e1 mucha tela a cortar. Esfuerzo fiscal y solidaridad El esfuerzo fiscal mide la\u00a0relaci\u00f3n entre la presi\u00f3n fiscal y la renta per c\u00e1pita de un pa\u00eds. Por su parte, la presi\u00f3n fiscal es el resultado de dividir lo que representa la recaudaci\u00f3n fiscal del territorio entre el PIB y referirlo a 100. Esto nos dar\u00e1 el porcentaje que representa la presi\u00f3n fiscal. Entonces, si dividimos este resultado por el PIB y volvemos a referirlo en porcentaje 100, tendr\u00edamos el esfuerzo fiscal. No est\u00e1 nada claro c\u00f3mo puede repercutir esto a la hora de asignar la\u00a0solidaridad de Catalunya\u00a0en el sentido de que \u00e9sta ir\u00e1 a un fondo com\u00fan que despu\u00e9s se distribuir\u00e1 en los diferentes territorios de acuerdo con este criterio. Pero es un criterio que deber\u00e1 imponerse por el conjunto de autonom\u00edas, sin que \u00e9stas hayan expresado su aceptaci\u00f3n. En otras palabras, es un criterio que regir\u00eda el nuevo sistema de financiaci\u00f3n aplicable a todo el mundo, pero que ya vendr\u00eda predeterminado de entrada por un acuerdo entre socialistas y ERC. Parece muy dif\u00edcil que esto pueda ser asumido. De todas formas, si se hubiera querido hacer bien y en beneficio de Catalu\u00f1a, no habr\u00eda sido el esfuerzo fiscal el indicador a utilizar, sino la cu\u00f1a fiscal, que introduce tambi\u00e9n el coste como un impuesto m\u00e1s de lo que la empresa y el trabajador pagan en su cuota a la Seguridad Social y, por tanto, el poder adquisitivo real del trabajador disponible para destinar al consumo. Pero, en fin, esto ser\u00eda a\u00fan un asunto m\u00e1s complicado. Principio de ordinalidad y limitaci\u00f3n de la solidaridad Por \u00faltimo, define que la\u00a0solidaridad debe estar limitada por el principio de ordinalidad, que significa que, si una comunidad aut\u00f3noma ocupa un determinado puesto en el ranking de lo que aporta fiscalmente al estado, a la hora de recibir los recursos no puede quedar por debajo de ese lugar. Si Catalu\u00f1a es la segunda en aportaciones, debe ser tambi\u00e9n la segunda en recibir recursos. Estos aspectos son, no enteramente pero s\u00ed en buena medida, tratados en la implementaci\u00f3n que figura en el texto del acuerdo. Al respecto trataremos en la tercera entrega.<\/p>\n","protected":false},"author":77,"featured_media":81208,"comment_status":"open","ping_status":"open","sticky":false,"template":"","format":"standard","meta":{"_FSMCFIC_featured_image_caption":"","_FSMCFIC_featured_image_nocaption":"","_FSMCFIC_featured_image_hide":"","footnotes":""},"categories":[806],"tags":[832,1377],"class_list":["post-81216","post","type-post","status-publish","format-standard","has-post-thumbnail","hentry","category-punts-claus-del-dia-es","tag-financament-autonomic-es","tag-financiacion"],"yoast_head":"<!-- This site is optimized with the Yoast SEO plugin v26.8 - https:\/\/yoast.com\/product\/yoast-seo-wordpress\/ -->\n<title>El acuerdo sobre financiaci\u00f3n singular de Catalu\u00f1a PSOE-PSC-ERC explicado con detalle (2): La financiaci\u00f3n - Converses a Catalunya<\/title>\n<meta name=\"description\" content=\"An\u00e1lisis del acuerdo de financiaci\u00f3n singular entre ERC y el gobierno espa\u00f1ol: singularidad, bilateralidad y complejidad fiscal\" \/>\n<meta name=\"robots\" content=\"index, follow, max-snippet:-1, max-image-preview:large, max-video-preview:-1\" \/>\n<link rel=\"canonical\" href=\"https:\/\/conversesacatalunya.cat\/es\/el-acuerdo-sobre-financiacion-singular-de-cataluna-psoe-psc-erc-explicado-con-detalle-2-la-financiacion\/\" \/>\n<meta property=\"og:locale\" content=\"es_ES\" \/>\n<meta property=\"og:type\" content=\"article\" \/>\n<meta property=\"og:title\" content=\"El acuerdo sobre financiaci\u00f3n singular de Catalu\u00f1a PSOE-PSC-ERC explicado con detalle (2): La financiaci\u00f3n - Converses a Catalunya\" \/>\n<meta property=\"og:description\" content=\"An\u00e1lisis del acuerdo de financiaci\u00f3n singular entre ERC y el gobierno espa\u00f1ol: singularidad, bilateralidad y complejidad fiscal\" \/>\n<meta property=\"og:url\" content=\"https:\/\/conversesacatalunya.cat\/es\/el-acuerdo-sobre-financiacion-singular-de-cataluna-psoe-psc-erc-explicado-con-detalle-2-la-financiacion\/\" \/>\n<meta property=\"og:site_name\" content=\"Converses a Catalunya\" \/>\n<meta property=\"article:published_time\" content=\"2024-09-10T10:59:18+00:00\" \/>\n<meta property=\"article:modified_time\" content=\"2024-09-10T13:24:15+00:00\" \/>\n<meta property=\"og:image\" content=\"https:\/\/conversesacatalunya.cat\/wp-content\/uploads\/2024\/09\/FINANCAMENT-CATALUNYA.jpg\" \/>\n\t<meta property=\"og:image:width\" content=\"1200\" \/>\n\t<meta property=\"og:image:height\" content=\"795\" \/>\n\t<meta property=\"og:image:type\" content=\"image\/jpeg\" \/>\n<meta name=\"author\" content=\"Enric Casanovas\" \/>\n<meta name=\"twitter:card\" content=\"summary_large_image\" \/>\n<meta name=\"twitter:label1\" content=\"Escrito por\" \/>\n\t<meta name=\"twitter:data1\" content=\"Enric Casanovas\" \/>\n\t<meta name=\"twitter:label2\" content=\"Tiempo de lectura\" \/>\n\t<meta name=\"twitter:data2\" content=\"5 minutos\" \/>\n<script type=\"application\/ld+json\" class=\"yoast-schema-graph\">{\"@context\":\"https:\/\/schema.org\",\"@graph\":[{\"@type\":\"Article\",\"@id\":\"https:\/\/conversesacatalunya.cat\/es\/el-acuerdo-sobre-financiacion-singular-de-cataluna-psoe-psc-erc-explicado-con-detalle-2-la-financiacion\/#article\",\"isPartOf\":{\"@id\":\"https:\/\/conversesacatalunya.cat\/es\/el-acuerdo-sobre-financiacion-singular-de-cataluna-psoe-psc-erc-explicado-con-detalle-2-la-financiacion\/\"},\"author\":{\"name\":\"Enric Casanovas\",\"@id\":\"https:\/\/conversesacatalunya.cat\/#\/schema\/person\/79bd0577b2f3afc8d6519d207c6e8609\"},\"headline\":\"El acuerdo sobre financiaci\u00f3n singular de Catalu\u00f1a PSOE-PSC-ERC explicado con detalle (2): La financiaci\u00f3n\",\"datePublished\":\"2024-09-10T10:59:18+00:00\",\"dateModified\":\"2024-09-10T13:24:15+00:00\",\"mainEntityOfPage\":{\"@id\":\"https:\/\/conversesacatalunya.cat\/es\/el-acuerdo-sobre-financiacion-singular-de-cataluna-psoe-psc-erc-explicado-con-detalle-2-la-financiacion\/\"},\"wordCount\":951,\"commentCount\":0,\"image\":{\"@id\":\"https:\/\/conversesacatalunya.cat\/es\/el-acuerdo-sobre-financiacion-singular-de-cataluna-psoe-psc-erc-explicado-con-detalle-2-la-financiacion\/#primaryimage\"},\"thumbnailUrl\":\"https:\/\/conversesacatalunya.cat\/wp-content\/uploads\/2024\/09\/FINANCAMENT-CATALUNYA.jpg\",\"keywords\":[\"Finan\u00e7ament auton\u00f2mic\",\"financiaci\u00f3n\"],\"articleSection\":[\"Punts clau del dia (ES)\"],\"inLanguage\":\"es\",\"potentialAction\":[{\"@type\":\"CommentAction\",\"name\":\"Comment\",\"target\":[\"https:\/\/conversesacatalunya.cat\/es\/el-acuerdo-sobre-financiacion-singular-de-cataluna-psoe-psc-erc-explicado-con-detalle-2-la-financiacion\/#respond\"]}]},{\"@type\":\"WebPage\",\"@id\":\"https:\/\/conversesacatalunya.cat\/es\/el-acuerdo-sobre-financiacion-singular-de-cataluna-psoe-psc-erc-explicado-con-detalle-2-la-financiacion\/\",\"url\":\"https:\/\/conversesacatalunya.cat\/es\/el-acuerdo-sobre-financiacion-singular-de-cataluna-psoe-psc-erc-explicado-con-detalle-2-la-financiacion\/\",\"name\":\"El acuerdo sobre financiaci\u00f3n singular de Catalu\u00f1a PSOE-PSC-ERC explicado con detalle (2): La financiaci\u00f3n - Converses a Catalunya\",\"isPartOf\":{\"@id\":\"https:\/\/conversesacatalunya.cat\/#website\"},\"primaryImageOfPage\":{\"@id\":\"https:\/\/conversesacatalunya.cat\/es\/el-acuerdo-sobre-financiacion-singular-de-cataluna-psoe-psc-erc-explicado-con-detalle-2-la-financiacion\/#primaryimage\"},\"image\":{\"@id\":\"https:\/\/conversesacatalunya.cat\/es\/el-acuerdo-sobre-financiacion-singular-de-cataluna-psoe-psc-erc-explicado-con-detalle-2-la-financiacion\/#primaryimage\"},\"thumbnailUrl\":\"https:\/\/conversesacatalunya.cat\/wp-content\/uploads\/2024\/09\/FINANCAMENT-CATALUNYA.jpg\",\"datePublished\":\"2024-09-10T10:59:18+00:00\",\"dateModified\":\"2024-09-10T13:24:15+00:00\",\"author\":{\"@id\":\"https:\/\/conversesacatalunya.cat\/#\/schema\/person\/79bd0577b2f3afc8d6519d207c6e8609\"},\"description\":\"An\u00e1lisis del acuerdo de financiaci\u00f3n singular entre ERC y el gobierno espa\u00f1ol: singularidad, bilateralidad y complejidad fiscal\",\"breadcrumb\":{\"@id\":\"https:\/\/conversesacatalunya.cat\/es\/el-acuerdo-sobre-financiacion-singular-de-cataluna-psoe-psc-erc-explicado-con-detalle-2-la-financiacion\/#breadcrumb\"},\"inLanguage\":\"es\",\"potentialAction\":[{\"@type\":\"ReadAction\",\"target\":[\"https:\/\/conversesacatalunya.cat\/es\/el-acuerdo-sobre-financiacion-singular-de-cataluna-psoe-psc-erc-explicado-con-detalle-2-la-financiacion\/\"]}]},{\"@type\":\"ImageObject\",\"inLanguage\":\"es\",\"@id\":\"https:\/\/conversesacatalunya.cat\/es\/el-acuerdo-sobre-financiacion-singular-de-cataluna-psoe-psc-erc-explicado-con-detalle-2-la-financiacion\/#primaryimage\",\"url\":\"https:\/\/conversesacatalunya.cat\/wp-content\/uploads\/2024\/09\/FINANCAMENT-CATALUNYA.jpg\",\"contentUrl\":\"https:\/\/conversesacatalunya.cat\/wp-content\/uploads\/2024\/09\/FINANCAMENT-CATALUNYA.jpg\",\"width\":1200,\"height\":795,\"caption\":\"21\/04\/2016 La deuda p\u00fablica vuelve a subir en marzo y repunta hasta el m\u00e1ximo hist\u00f3rico de 1,453 billones. La deuda del conjunto de las administraciones p\u00fablicas registr\u00f3 en marzo un aumento del 0,85% respecto a febrero, hasta alcanzar el m\u00e1ximo hist\u00f3rico de 1,453 billones de euros, con lo que se sit\u00faa en el 117,7% del PIB, seg\u00fan los datos avanzados este martes por el Banco de Espa\u00f1a. EUROPA ESPA\u00d1A ECONOMIA\"},{\"@type\":\"BreadcrumbList\",\"@id\":\"https:\/\/conversesacatalunya.cat\/es\/el-acuerdo-sobre-financiacion-singular-de-cataluna-psoe-psc-erc-explicado-con-detalle-2-la-financiacion\/#breadcrumb\",\"itemListElement\":[{\"@type\":\"ListItem\",\"position\":1,\"name\":\"Inici\",\"item\":\"https:\/\/conversesacatalunya.cat\/es\/\"},{\"@type\":\"ListItem\",\"position\":2,\"name\":\"El acuerdo sobre financiaci\u00f3n singular de Catalu\u00f1a PSOE-PSC-ERC explicado con detalle (2): La financiaci\u00f3n\"}]},{\"@type\":\"WebSite\",\"@id\":\"https:\/\/conversesacatalunya.cat\/#website\",\"url\":\"https:\/\/conversesacatalunya.cat\/\",\"name\":\"Converses a Catalunya\",\"description\":\"\",\"potentialAction\":[{\"@type\":\"SearchAction\",\"target\":{\"@type\":\"EntryPoint\",\"urlTemplate\":\"https:\/\/conversesacatalunya.cat\/?s={search_term_string}\"},\"query-input\":{\"@type\":\"PropertyValueSpecification\",\"valueRequired\":true,\"valueName\":\"search_term_string\"}}],\"inLanguage\":\"es\"},{\"@type\":\"Person\",\"@id\":\"https:\/\/conversesacatalunya.cat\/#\/schema\/person\/79bd0577b2f3afc8d6519d207c6e8609\",\"name\":\"Enric Casanovas\",\"image\":{\"@type\":\"ImageObject\",\"inLanguage\":\"es\",\"@id\":\"https:\/\/conversesacatalunya.cat\/#\/schema\/person\/image\/\",\"url\":\"https:\/\/conversesacatalunya.cat\/wp-content\/litespeed\/avatar\/7ae4379ad4421ec77820e92afd36dd78.jpg?ver=1777373933\",\"contentUrl\":\"https:\/\/conversesacatalunya.cat\/wp-content\/litespeed\/avatar\/7ae4379ad4421ec77820e92afd36dd78.jpg?ver=1777373933\",\"caption\":\"Enric Casanovas\"},\"url\":\"https:\/\/conversesacatalunya.cat\/es\/author\/enric-casanovas\/\"}]}<\/script>\n<!-- \/ Yoast SEO plugin. -->","yoast_head_json":{"title":"El acuerdo sobre financiaci\u00f3n singular de Catalu\u00f1a PSOE-PSC-ERC explicado con detalle (2): La financiaci\u00f3n - Converses a Catalunya","description":"An\u00e1lisis del acuerdo de financiaci\u00f3n singular entre ERC y el gobierno espa\u00f1ol: singularidad, bilateralidad y complejidad fiscal","robots":{"index":"index","follow":"follow","max-snippet":"max-snippet:-1","max-image-preview":"max-image-preview:large","max-video-preview":"max-video-preview:-1"},"canonical":"https:\/\/conversesacatalunya.cat\/es\/el-acuerdo-sobre-financiacion-singular-de-cataluna-psoe-psc-erc-explicado-con-detalle-2-la-financiacion\/","og_locale":"es_ES","og_type":"article","og_title":"El acuerdo sobre financiaci\u00f3n singular de Catalu\u00f1a PSOE-PSC-ERC explicado con detalle (2): La financiaci\u00f3n - Converses a Catalunya","og_description":"An\u00e1lisis del acuerdo de financiaci\u00f3n singular entre ERC y el gobierno espa\u00f1ol: singularidad, bilateralidad y complejidad fiscal","og_url":"https:\/\/conversesacatalunya.cat\/es\/el-acuerdo-sobre-financiacion-singular-de-cataluna-psoe-psc-erc-explicado-con-detalle-2-la-financiacion\/","og_site_name":"Converses a Catalunya","article_published_time":"2024-09-10T10:59:18+00:00","article_modified_time":"2024-09-10T13:24:15+00:00","og_image":[{"width":1200,"height":795,"url":"https:\/\/conversesacatalunya.cat\/wp-content\/uploads\/2024\/09\/FINANCAMENT-CATALUNYA.jpg","type":"image\/jpeg"}],"author":"Enric Casanovas","twitter_card":"summary_large_image","twitter_misc":{"Escrito por":"Enric Casanovas","Tiempo de lectura":"5 minutos"},"schema":{"@context":"https:\/\/schema.org","@graph":[{"@type":"Article","@id":"https:\/\/conversesacatalunya.cat\/es\/el-acuerdo-sobre-financiacion-singular-de-cataluna-psoe-psc-erc-explicado-con-detalle-2-la-financiacion\/#article","isPartOf":{"@id":"https:\/\/conversesacatalunya.cat\/es\/el-acuerdo-sobre-financiacion-singular-de-cataluna-psoe-psc-erc-explicado-con-detalle-2-la-financiacion\/"},"author":{"name":"Enric Casanovas","@id":"https:\/\/conversesacatalunya.cat\/#\/schema\/person\/79bd0577b2f3afc8d6519d207c6e8609"},"headline":"El acuerdo sobre financiaci\u00f3n singular de Catalu\u00f1a PSOE-PSC-ERC explicado con detalle (2): La financiaci\u00f3n","datePublished":"2024-09-10T10:59:18+00:00","dateModified":"2024-09-10T13:24:15+00:00","mainEntityOfPage":{"@id":"https:\/\/conversesacatalunya.cat\/es\/el-acuerdo-sobre-financiacion-singular-de-cataluna-psoe-psc-erc-explicado-con-detalle-2-la-financiacion\/"},"wordCount":951,"commentCount":0,"image":{"@id":"https:\/\/conversesacatalunya.cat\/es\/el-acuerdo-sobre-financiacion-singular-de-cataluna-psoe-psc-erc-explicado-con-detalle-2-la-financiacion\/#primaryimage"},"thumbnailUrl":"https:\/\/conversesacatalunya.cat\/wp-content\/uploads\/2024\/09\/FINANCAMENT-CATALUNYA.jpg","keywords":["Finan\u00e7ament auton\u00f2mic","financiaci\u00f3n"],"articleSection":["Punts clau del dia (ES)"],"inLanguage":"es","potentialAction":[{"@type":"CommentAction","name":"Comment","target":["https:\/\/conversesacatalunya.cat\/es\/el-acuerdo-sobre-financiacion-singular-de-cataluna-psoe-psc-erc-explicado-con-detalle-2-la-financiacion\/#respond"]}]},{"@type":"WebPage","@id":"https:\/\/conversesacatalunya.cat\/es\/el-acuerdo-sobre-financiacion-singular-de-cataluna-psoe-psc-erc-explicado-con-detalle-2-la-financiacion\/","url":"https:\/\/conversesacatalunya.cat\/es\/el-acuerdo-sobre-financiacion-singular-de-cataluna-psoe-psc-erc-explicado-con-detalle-2-la-financiacion\/","name":"El acuerdo sobre financiaci\u00f3n singular de Catalu\u00f1a PSOE-PSC-ERC explicado con detalle (2): La financiaci\u00f3n - Converses a Catalunya","isPartOf":{"@id":"https:\/\/conversesacatalunya.cat\/#website"},"primaryImageOfPage":{"@id":"https:\/\/conversesacatalunya.cat\/es\/el-acuerdo-sobre-financiacion-singular-de-cataluna-psoe-psc-erc-explicado-con-detalle-2-la-financiacion\/#primaryimage"},"image":{"@id":"https:\/\/conversesacatalunya.cat\/es\/el-acuerdo-sobre-financiacion-singular-de-cataluna-psoe-psc-erc-explicado-con-detalle-2-la-financiacion\/#primaryimage"},"thumbnailUrl":"https:\/\/conversesacatalunya.cat\/wp-content\/uploads\/2024\/09\/FINANCAMENT-CATALUNYA.jpg","datePublished":"2024-09-10T10:59:18+00:00","dateModified":"2024-09-10T13:24:15+00:00","author":{"@id":"https:\/\/conversesacatalunya.cat\/#\/schema\/person\/79bd0577b2f3afc8d6519d207c6e8609"},"description":"An\u00e1lisis del acuerdo de financiaci\u00f3n singular entre ERC y el gobierno espa\u00f1ol: singularidad, bilateralidad y complejidad fiscal","breadcrumb":{"@id":"https:\/\/conversesacatalunya.cat\/es\/el-acuerdo-sobre-financiacion-singular-de-cataluna-psoe-psc-erc-explicado-con-detalle-2-la-financiacion\/#breadcrumb"},"inLanguage":"es","potentialAction":[{"@type":"ReadAction","target":["https:\/\/conversesacatalunya.cat\/es\/el-acuerdo-sobre-financiacion-singular-de-cataluna-psoe-psc-erc-explicado-con-detalle-2-la-financiacion\/"]}]},{"@type":"ImageObject","inLanguage":"es","@id":"https:\/\/conversesacatalunya.cat\/es\/el-acuerdo-sobre-financiacion-singular-de-cataluna-psoe-psc-erc-explicado-con-detalle-2-la-financiacion\/#primaryimage","url":"https:\/\/conversesacatalunya.cat\/wp-content\/uploads\/2024\/09\/FINANCAMENT-CATALUNYA.jpg","contentUrl":"https:\/\/conversesacatalunya.cat\/wp-content\/uploads\/2024\/09\/FINANCAMENT-CATALUNYA.jpg","width":1200,"height":795,"caption":"21\/04\/2016 La deuda p\u00fablica vuelve a subir en marzo y repunta hasta el m\u00e1ximo hist\u00f3rico de 1,453 billones. La deuda del conjunto de las administraciones p\u00fablicas registr\u00f3 en marzo un aumento del 0,85% respecto a febrero, hasta alcanzar el m\u00e1ximo hist\u00f3rico de 1,453 billones de euros, con lo que se sit\u00faa en el 117,7% del PIB, seg\u00fan los datos avanzados este martes por el Banco de Espa\u00f1a. EUROPA ESPA\u00d1A ECONOMIA"},{"@type":"BreadcrumbList","@id":"https:\/\/conversesacatalunya.cat\/es\/el-acuerdo-sobre-financiacion-singular-de-cataluna-psoe-psc-erc-explicado-con-detalle-2-la-financiacion\/#breadcrumb","itemListElement":[{"@type":"ListItem","position":1,"name":"Inici","item":"https:\/\/conversesacatalunya.cat\/es\/"},{"@type":"ListItem","position":2,"name":"El acuerdo sobre financiaci\u00f3n singular de Catalu\u00f1a PSOE-PSC-ERC explicado con detalle (2): La financiaci\u00f3n"}]},{"@type":"WebSite","@id":"https:\/\/conversesacatalunya.cat\/#website","url":"https:\/\/conversesacatalunya.cat\/","name":"Converses a Catalunya","description":"","potentialAction":[{"@type":"SearchAction","target":{"@type":"EntryPoint","urlTemplate":"https:\/\/conversesacatalunya.cat\/?s={search_term_string}"},"query-input":{"@type":"PropertyValueSpecification","valueRequired":true,"valueName":"search_term_string"}}],"inLanguage":"es"},{"@type":"Person","@id":"https:\/\/conversesacatalunya.cat\/#\/schema\/person\/79bd0577b2f3afc8d6519d207c6e8609","name":"Enric Casanovas","image":{"@type":"ImageObject","inLanguage":"es","@id":"https:\/\/conversesacatalunya.cat\/#\/schema\/person\/image\/","url":"https:\/\/conversesacatalunya.cat\/wp-content\/litespeed\/avatar\/7ae4379ad4421ec77820e92afd36dd78.jpg?ver=1777373933","contentUrl":"https:\/\/conversesacatalunya.cat\/wp-content\/litespeed\/avatar\/7ae4379ad4421ec77820e92afd36dd78.jpg?ver=1777373933","caption":"Enric Casanovas"},"url":"https:\/\/conversesacatalunya.cat\/es\/author\/enric-casanovas\/"}]}},"wps_subtitle":"An\u00e1lisis del acuerdo de financiaci\u00f3n singular entre ERC y el gobierno espa\u00f1ol: singularidad, bilateralidad y complejidad fiscal","_links":{"self":[{"href":"https:\/\/conversesacatalunya.cat\/es\/wp-json\/wp\/v2\/posts\/81216","targetHints":{"allow":["GET"]}}],"collection":[{"href":"https:\/\/conversesacatalunya.cat\/es\/wp-json\/wp\/v2\/posts"}],"about":[{"href":"https:\/\/conversesacatalunya.cat\/es\/wp-json\/wp\/v2\/types\/post"}],"author":[{"embeddable":true,"href":"https:\/\/conversesacatalunya.cat\/es\/wp-json\/wp\/v2\/users\/77"}],"replies":[{"embeddable":true,"href":"https:\/\/conversesacatalunya.cat\/es\/wp-json\/wp\/v2\/comments?post=81216"}],"version-history":[{"count":2,"href":"https:\/\/conversesacatalunya.cat\/es\/wp-json\/wp\/v2\/posts\/81216\/revisions"}],"predecessor-version":[{"id":81218,"href":"https:\/\/conversesacatalunya.cat\/es\/wp-json\/wp\/v2\/posts\/81216\/revisions\/81218"}],"wp:featuredmedia":[{"embeddable":true,"href":"https:\/\/conversesacatalunya.cat\/es\/wp-json\/wp\/v2\/media\/81208"}],"wp:attachment":[{"href":"https:\/\/conversesacatalunya.cat\/es\/wp-json\/wp\/v2\/media?parent=81216"}],"wp:term":[{"taxonomy":"category","embeddable":true,"href":"https:\/\/conversesacatalunya.cat\/es\/wp-json\/wp\/v2\/categories?post=81216"},{"taxonomy":"post_tag","embeddable":true,"href":"https:\/\/conversesacatalunya.cat\/es\/wp-json\/wp\/v2\/tags?post=81216"}],"curies":[{"name":"wp","href":"https:\/\/api.w.org\/{rel}","templated":true}]}}