{"id":81145,"date":"2024-09-12T09:00:58","date_gmt":"2024-09-12T07:00:58","guid":{"rendered":"https:\/\/conversesacatalunya.cat\/?p=81145"},"modified":"2024-09-10T10:00:36","modified_gmt":"2024-09-10T08:00:36","slug":"franquismo-familia-militar","status":"publish","type":"post","link":"https:\/\/conversesacatalunya.cat\/es\/franquismo-familia-militar\/","title":{"rendered":"El trasfondo cultural del primer ciclo burs\u00e1til del franquismo (8). Las Letras. Intelectuales (III)"},"content":{"rendered":"<p>Junto a la <a href=\"https:\/\/conversesacatalunya.cat\/es\/franquismo-intelectuales-monarquicos\/\" target=\"_blank\" rel=\"noopener\">intelectualidad mon\u00e1rquica<\/a>, tambi\u00e9n interactu\u00f3 parte de\u00a0 la <strong>\u201cfamilia militar\u201d<\/strong>.<\/p>\n<p>Un grupo de altos cargos de los ej\u00e9rcitos (tierra, mar y aire) que presionar\u00edan a Franco, con ah\u00ednco, pero sin \u00e9xito, para reinstaurar la monarqu\u00eda, provocando lo que se conoce como <strong>\u201c<em>las crisis del primer franquismo<\/em>\u201d<\/strong>, con el trasfondo de los enfrentamientos entre militares y falangistas, por un lado, y por el otro, la continuidad vitalicia en el caudillaje.<\/p>\n<p><img fetchpriority=\"high\" decoding=\"async\" class=\"alignnone wp-image-81146 size-full\" src=\"https:\/\/conversesacatalunya.cat\/wp-content\/uploads\/2024\/09\/Captura-1.jpg\" alt=\"\" width=\"249\" height=\"369\" srcset=\"https:\/\/conversesacatalunya.cat\/wp-content\/uploads\/2024\/09\/Captura-1.jpg 249w, https:\/\/conversesacatalunya.cat\/wp-content\/uploads\/2024\/09\/Captura-1-202x300.jpg 202w\" sizes=\"(max-width: 249px) 100vw, 249px\" \/><\/p>\n<h5><strong>Sorprende, en este contexto de defensa de la reivindicaci\u00f3n mon\u00e1rquica, el posicionamiento favorable de una parte de la oposici\u00f3n republicana en el exilio. <\/strong><\/h5>\n<p>Reci\u00e9n fundada en M\u00e9xico <em>Acci\u00f3n Republicana Espa\u00f1ola<\/em> el 14 de abril de 1941, d\u00e9cimo aniversario de la proclamaci\u00f3n de la Segunda Rep\u00fablica, se lanz\u00f3 un llamamiento a las democracias occidentales en <strong>solicitud de ayuda para derribar a Franco<\/strong>, argumentando que \u201c<em>sin una Espa\u00f1a libre no ser\u00e1 posible una Europa libre\u201d<\/em>.<\/p>\n<p>En esta l\u00ednea, <strong>Indalecio Prieto<\/strong>, presidente del Gobierno, en divergencia con <a href=\"https:\/\/es.wikipedia.org\/wiki\/Diego_Mart%C3%ADnez_Barrio\" target=\"_blank\" rel=\"noopener\"><strong>Mart\u00ednez Barrio<\/strong><\/a>, que presid\u00eda la Rep\u00fablica, defend\u00eda la idea de reconstruir un gobierno republicano, que se presentar\u00eda a los aliados como alternativa al franquismo, en el cual se daba una aproximaci\u00f3n a la monarqu\u00eda. Ofrec\u00eda, de salir adelante la iniciativa, la celebraci\u00f3n de un <strong>refer\u00e9ndum sobre la forma de estado, monarqu\u00eda o rep\u00fablica.<\/strong> La propuesta no prosper\u00f3, la cual cosa contribuy\u00f3 a que a rengl\u00f3n seguido presentara su dimisi\u00f3n.<\/p>\n<p>Las cosas quedaron como estaban y, en definitiva, una vez aprobada y refrendada la <strong><em>Ley de Sucesi\u00f3n en la Jefatura del Estado<\/em><\/strong>, Franco consigui\u00f3 la tan anhelada legitimaci\u00f3n mon\u00e1rquica del r\u00e9gimen.<\/p>\n<span class='bctt-click-to-tweet'><span class='bctt-ctt-text'><a href='https:\/\/twitter.com\/intent\/tweet?url=https%3A%2F%2Fconversesacatalunya.cat%2Fes%2Ffranquismo-familia-militar%2F&#038;text=Sorprende%2C%20en%20este%20contexto%20de%20defensa%20de%20la%20reivindicaci%C3%B3n%20mon%C3%A1rquica%2C%20el%20posicionamiento%20favorable%20de%20una%20parte%20de%20la%20oposici%C3%B3n%20republicana%20en%20el%20exilio&#038;via=conversesacat&#038;related=conversesacat' target='_blank'rel=\"noopener noreferrer\">Sorprende, en este contexto de defensa de la reivindicaci\u00f3n mon\u00e1rquica, el posicionamiento favorable de una parte de la oposici\u00f3n republicana en el exilio <\/a><\/span><a href='https:\/\/twitter.com\/intent\/tweet?url=https%3A%2F%2Fconversesacatalunya.cat%2Fes%2Ffranquismo-familia-militar%2F&#038;text=Sorprende%2C%20en%20este%20contexto%20de%20defensa%20de%20la%20reivindicaci%C3%B3n%20mon%C3%A1rquica%2C%20el%20posicionamiento%20favorable%20de%20una%20parte%20de%20la%20oposici%C3%B3n%20republicana%20en%20el%20exilio&#038;via=conversesacat&#038;related=conversesacat' target='_blank' class='bctt-ctt-btn'rel=\"noopener noreferrer\">Compartir en X<\/a><\/span>\n<div id=\"polls-254\" class=\"wp-polls\">\n\t<form id=\"polls_form_254\" class=\"wp-polls-form\" action=\"\/index.php\" method=\"post\">\n\t\t<p style=\"display: none;\"><input type=\"hidden\" id=\"poll_254_nonce\" name=\"wp-polls-nonce\" value=\"0b2b825f9d\" \/><\/p>\n\t\t<p style=\"display: none;\"><input type=\"hidden\" name=\"poll_id\" value=\"254\" \/><\/p>\n\t\t<p style=\"text-align: center\"><strong>En cas que el govern S\u00e1nchez no aconsegueixi aprovar els pressupostos de l'Estat, creus que hauria de convocar eleccions anticipades donat que seria la segona vegada que prorroga el pressupost?<\/strong><\/p><div id=\"polls-254-ans\" class=\"wp-polls-ans\"><ul class=\"wp-polls-ul\">\n\t\t<li><input type=\"radio\" id=\"poll-answer-714\" name=\"poll_254\" value=\"714\" \/> <label for=\"poll-answer-714\">S\u00ed convocar eleccions<\/label><\/li>\n\t\t<li><input type=\"radio\" id=\"poll-answer-715\" name=\"poll_254\" value=\"715\" \/> <label for=\"poll-answer-715\">No convocar eleccions<\/label><\/li>\n\t\t<li><input type=\"radio\" id=\"poll-answer-716\" name=\"poll_254\" value=\"716\" \/> <label for=\"poll-answer-716\">No ho s\u00e9<\/label><\/li>\n\t\t<\/ul><p style=\"text-align: center\"><input type=\"button\" name=\"vote\" value=\"   Vota   \" class=\"Buttons\" onclick=\"poll_vote(254);\" \/><\/p><p style=\"text-align: center\"><a href=\"#ViewPollResults\" onclick=\"poll_result(254); return false;\" title=\"View Results Of This Poll\">Mira els resultats<\/a><\/p><\/div>\n\t<\/form>\n<\/div>\n<div id=\"polls-254-loading\" class=\"wp-polls-loading\"><img decoding=\"async\" data-src=\"https:\/\/conversesacatalunya.cat\/wp-content\/plugins\/wp-polls\/images\/loading.gif\" width=\"16\" height=\"16\" alt=\"Cargando ...\" title=\"Cargando ...\" class=\"wp-polls-image lazyload\" src=\"data:image\/svg+xml;base64,PHN2ZyB3aWR0aD0iMSIgaGVpZ2h0PSIxIiB4bWxucz0iaHR0cDovL3d3dy53My5vcmcvMjAwMC9zdmciPjwvc3ZnPg==\" style=\"--smush-placeholder-width: 16px; --smush-placeholder-aspect-ratio: 16\/16;\" \/>&nbsp;Cargando ...<\/div>\n\n","protected":false},"excerpt":{"rendered":"<p>Junto a la intelectualidad mon\u00e1rquica, tambi\u00e9n interactu\u00f3 parte de\u00a0 la \u201cfamilia militar\u201d. Un grupo de altos cargos de los ej\u00e9rcitos (tierra, mar y aire) que presionar\u00edan a Franco, con ah\u00ednco, pero sin \u00e9xito, para reinstaurar la monarqu\u00eda, provocando lo que se conoce como \u201clas crisis del primer franquismo\u201d, con el trasfondo de los enfrentamientos entre militares y falangistas, por un lado, y por el otro, la continuidad vitalicia en el caudillaje. Sorprende, en este contexto de defensa de la reivindicaci\u00f3n mon\u00e1rquica, el posicionamiento favorable de una parte de la oposici\u00f3n republicana en el exilio. Reci\u00e9n fundada en M\u00e9xico Acci\u00f3n Republicana Espa\u00f1ola el 14 de abril de 1941, d\u00e9cimo aniversario de la proclamaci\u00f3n de la Segunda Rep\u00fablica, se lanz\u00f3 un llamamiento a las democracias occidentales en solicitud de ayuda para derribar a Franco, argumentando que \u201csin una Espa\u00f1a libre no ser\u00e1 posible una Europa libre\u201d. En esta l\u00ednea, Indalecio Prieto, presidente del Gobierno, en divergencia con Mart\u00ednez Barrio, que presid\u00eda la Rep\u00fablica, defend\u00eda la idea de reconstruir un gobierno republicano, que se presentar\u00eda a los aliados como alternativa al franquismo, en el cual se daba una aproximaci\u00f3n a la monarqu\u00eda. Ofrec\u00eda, de salir adelante la iniciativa, la celebraci\u00f3n de un refer\u00e9ndum sobre la forma de estado, monarqu\u00eda o rep\u00fablica. La propuesta no prosper\u00f3, la cual cosa contribuy\u00f3 a que a rengl\u00f3n seguido presentara su dimisi\u00f3n. Las cosas quedaron como estaban y, en definitiva, una vez aprobada y refrendada la Ley de Sucesi\u00f3n en la Jefatura del Estado, Franco consigui\u00f3 la tan anhelada legitimaci\u00f3n mon\u00e1rquica del r\u00e9gimen.<\/p>\n","protected":false},"author":85,"featured_media":81154,"comment_status":"open","ping_status":"open","sticky":false,"template":"","format":"standard","meta":{"_FSMCFIC_featured_image_caption":"Diego Mart\u00ednez Barrio,  presidente de la Segunda Rep\u00fablica Espa\u00f1ola en el exilio.","_FSMCFIC_featured_image_nocaption":"","_FSMCFIC_featured_image_hide":"","footnotes":""},"categories":[806],"tags":[5173],"class_list":["post-81145","post","type-post","status-publish","format-standard","has-post-thumbnail","hentry","category-punts-claus-del-dia-es","tag-primer-ciclo-bursatil-del-franquismo"],"yoast_head":"<!-- This site is optimized with the Yoast SEO plugin v26.8 - https:\/\/yoast.com\/product\/yoast-seo-wordpress\/ -->\n<title>El trasfondo cultural del primer ciclo burs\u00e1til del franquismo (8). Las Letras. Intelectuales (III) - Converses a Catalunya<\/title>\n<meta name=\"description\" content=\"Durante el franquismo, junto a la intelectualidad mon\u00e1rquica, tambi\u00e9n interactu\u00f3 parte de\u00a0 la \u201cfamilia militar\u201d\" \/>\n<meta name=\"robots\" content=\"index, follow, max-snippet:-1, max-image-preview:large, max-video-preview:-1\" \/>\n<link rel=\"canonical\" href=\"https:\/\/conversesacatalunya.cat\/franquisme-familia-militar\/\" \/>\n<meta property=\"og:locale\" content=\"es_ES\" \/>\n<meta property=\"og:type\" content=\"article\" \/>\n<meta property=\"og:title\" content=\"El trasfondo cultural del primer ciclo burs\u00e1til del franquismo (8). Las Letras. Intelectuales (III) - Converses a Catalunya\" \/>\n<meta property=\"og:description\" content=\"Durante el franquismo, junto a la intelectualidad mon\u00e1rquica, tambi\u00e9n interactu\u00f3 parte de\u00a0 la \u201cfamilia militar\u201d\" \/>\n<meta property=\"og:url\" content=\"https:\/\/conversesacatalunya.cat\/franquisme-familia-militar\/\" \/>\n<meta property=\"og:site_name\" content=\"Converses a Catalunya\" \/>\n<meta property=\"article:published_time\" content=\"2024-09-12T07:00:58+00:00\" \/>\n<meta property=\"og:image\" content=\"https:\/\/conversesacatalunya.cat\/wp-content\/uploads\/2024\/09\/Captura-3.jpg\" \/>\n\t<meta property=\"og:image:width\" content=\"534\" \/>\n\t<meta property=\"og:image:height\" content=\"618\" \/>\n\t<meta property=\"og:image:type\" content=\"image\/jpeg\" \/>\n<meta name=\"author\" content=\"Joan Hortal\u00e0 i Arau\" \/>\n<meta name=\"twitter:card\" content=\"summary_large_image\" \/>\n<meta name=\"twitter:label1\" content=\"Escrito por\" \/>\n\t<meta name=\"twitter:data1\" content=\"Joan Hortal\u00e0 i Arau\" \/>\n\t<meta name=\"twitter:label2\" content=\"Tiempo de lectura\" \/>\n\t<meta name=\"twitter:data2\" content=\"2 minutos\" \/>\n<script type=\"application\/ld+json\" class=\"yoast-schema-graph\">{\"@context\":\"https:\/\/schema.org\",\"@graph\":[{\"@type\":\"Article\",\"@id\":\"https:\/\/conversesacatalunya.cat\/franquisme-familia-militar\/#article\",\"isPartOf\":{\"@id\":\"https:\/\/conversesacatalunya.cat\/franquisme-familia-militar\/\"},\"author\":{\"name\":\"Joan Hortal\u00e0 i Arau\",\"@id\":\"https:\/\/conversesacatalunya.cat\/#\/schema\/person\/d1a98659327f7a7a4254b63c8828486b\"},\"headline\":\"El trasfondo cultural del primer ciclo burs\u00e1til del franquismo (8). Las Letras. Intelectuales (III)\",\"datePublished\":\"2024-09-12T07:00:58+00:00\",\"mainEntityOfPage\":{\"@id\":\"https:\/\/conversesacatalunya.cat\/franquisme-familia-militar\/\"},\"wordCount\":335,\"commentCount\":0,\"image\":{\"@id\":\"https:\/\/conversesacatalunya.cat\/franquisme-familia-militar\/#primaryimage\"},\"thumbnailUrl\":\"https:\/\/conversesacatalunya.cat\/wp-content\/uploads\/2024\/09\/Captura-3.jpg\",\"keywords\":[\"primer ciclo burs\u00e1til del franquismo\"],\"articleSection\":[\"Punts clau del dia (ES)\"],\"inLanguage\":\"es\",\"potentialAction\":[{\"@type\":\"CommentAction\",\"name\":\"Comment\",\"target\":[\"https:\/\/conversesacatalunya.cat\/franquisme-familia-militar\/#respond\"]}]},{\"@type\":\"WebPage\",\"@id\":\"https:\/\/conversesacatalunya.cat\/franquisme-familia-militar\/\",\"url\":\"https:\/\/conversesacatalunya.cat\/franquisme-familia-militar\/\",\"name\":\"El trasfondo cultural del primer ciclo burs\u00e1til del franquismo (8). Las Letras. Intelectuales (III) - Converses a Catalunya\",\"isPartOf\":{\"@id\":\"https:\/\/conversesacatalunya.cat\/#website\"},\"primaryImageOfPage\":{\"@id\":\"https:\/\/conversesacatalunya.cat\/franquisme-familia-militar\/#primaryimage\"},\"image\":{\"@id\":\"https:\/\/conversesacatalunya.cat\/franquisme-familia-militar\/#primaryimage\"},\"thumbnailUrl\":\"https:\/\/conversesacatalunya.cat\/wp-content\/uploads\/2024\/09\/Captura-3.jpg\",\"datePublished\":\"2024-09-12T07:00:58+00:00\",\"author\":{\"@id\":\"https:\/\/conversesacatalunya.cat\/#\/schema\/person\/d1a98659327f7a7a4254b63c8828486b\"},\"description\":\"Durante el franquismo, junto a la intelectualidad mon\u00e1rquica, tambi\u00e9n interactu\u00f3 parte de\u00a0 la \u201cfamilia militar\u201d\",\"breadcrumb\":{\"@id\":\"https:\/\/conversesacatalunya.cat\/franquisme-familia-militar\/#breadcrumb\"},\"inLanguage\":\"es\",\"potentialAction\":[{\"@type\":\"ReadAction\",\"target\":[\"https:\/\/conversesacatalunya.cat\/franquisme-familia-militar\/\"]}]},{\"@type\":\"ImageObject\",\"inLanguage\":\"es\",\"@id\":\"https:\/\/conversesacatalunya.cat\/franquisme-familia-militar\/#primaryimage\",\"url\":\"https:\/\/conversesacatalunya.cat\/wp-content\/uploads\/2024\/09\/Captura-3.jpg\",\"contentUrl\":\"https:\/\/conversesacatalunya.cat\/wp-content\/uploads\/2024\/09\/Captura-3.jpg\",\"width\":534,\"height\":618,\"caption\":\"familia militar\"},{\"@type\":\"BreadcrumbList\",\"@id\":\"https:\/\/conversesacatalunya.cat\/franquisme-familia-militar\/#breadcrumb\",\"itemListElement\":[{\"@type\":\"ListItem\",\"position\":1,\"name\":\"Inici\",\"item\":\"https:\/\/conversesacatalunya.cat\/es\/\"},{\"@type\":\"ListItem\",\"position\":2,\"name\":\"El trasfondo cultural del primer ciclo burs\u00e1til del franquismo (8). Las Letras. Intelectuales (III)\"}]},{\"@type\":\"WebSite\",\"@id\":\"https:\/\/conversesacatalunya.cat\/#website\",\"url\":\"https:\/\/conversesacatalunya.cat\/\",\"name\":\"Converses a Catalunya\",\"description\":\"\",\"potentialAction\":[{\"@type\":\"SearchAction\",\"target\":{\"@type\":\"EntryPoint\",\"urlTemplate\":\"https:\/\/conversesacatalunya.cat\/?s={search_term_string}\"},\"query-input\":{\"@type\":\"PropertyValueSpecification\",\"valueRequired\":true,\"valueName\":\"search_term_string\"}}],\"inLanguage\":\"es\"},{\"@type\":\"Person\",\"@id\":\"https:\/\/conversesacatalunya.cat\/#\/schema\/person\/d1a98659327f7a7a4254b63c8828486b\",\"name\":\"Joan Hortal\u00e0 i Arau\",\"image\":{\"@type\":\"ImageObject\",\"inLanguage\":\"es\",\"@id\":\"https:\/\/conversesacatalunya.cat\/#\/schema\/person\/image\/\",\"url\":\"https:\/\/conversesacatalunya.cat\/wp-content\/litespeed\/avatar\/2d63b18d9ae06677345f920e73d8d4f0.jpg?ver=1776938333\",\"contentUrl\":\"https:\/\/conversesacatalunya.cat\/wp-content\/litespeed\/avatar\/2d63b18d9ae06677345f920e73d8d4f0.jpg?ver=1776938333\",\"caption\":\"Joan Hortal\u00e0 i Arau\"},\"url\":\"https:\/\/conversesacatalunya.cat\/es\/author\/joan-hortala-i-arau\/\"}]}<\/script>\n<!-- \/ Yoast SEO plugin. -->","yoast_head_json":{"title":"El trasfondo cultural del primer ciclo burs\u00e1til del franquismo (8). Las Letras. Intelectuales (III) - Converses a Catalunya","description":"Durante el franquismo, junto a la intelectualidad mon\u00e1rquica, tambi\u00e9n interactu\u00f3 parte de\u00a0 la \u201cfamilia militar\u201d","robots":{"index":"index","follow":"follow","max-snippet":"max-snippet:-1","max-image-preview":"max-image-preview:large","max-video-preview":"max-video-preview:-1"},"canonical":"https:\/\/conversesacatalunya.cat\/franquisme-familia-militar\/","og_locale":"es_ES","og_type":"article","og_title":"El trasfondo cultural del primer ciclo burs\u00e1til del franquismo (8). Las Letras. Intelectuales (III) - Converses a Catalunya","og_description":"Durante el franquismo, junto a la intelectualidad mon\u00e1rquica, tambi\u00e9n interactu\u00f3 parte de\u00a0 la \u201cfamilia militar\u201d","og_url":"https:\/\/conversesacatalunya.cat\/franquisme-familia-militar\/","og_site_name":"Converses a Catalunya","article_published_time":"2024-09-12T07:00:58+00:00","og_image":[{"width":534,"height":618,"url":"https:\/\/conversesacatalunya.cat\/wp-content\/uploads\/2024\/09\/Captura-3.jpg","type":"image\/jpeg"}],"author":"Joan Hortal\u00e0 i Arau","twitter_card":"summary_large_image","twitter_misc":{"Escrito por":"Joan Hortal\u00e0 i Arau","Tiempo de lectura":"2 minutos"},"schema":{"@context":"https:\/\/schema.org","@graph":[{"@type":"Article","@id":"https:\/\/conversesacatalunya.cat\/franquisme-familia-militar\/#article","isPartOf":{"@id":"https:\/\/conversesacatalunya.cat\/franquisme-familia-militar\/"},"author":{"name":"Joan Hortal\u00e0 i Arau","@id":"https:\/\/conversesacatalunya.cat\/#\/schema\/person\/d1a98659327f7a7a4254b63c8828486b"},"headline":"El trasfondo cultural del primer ciclo burs\u00e1til del franquismo (8). Las Letras. Intelectuales (III)","datePublished":"2024-09-12T07:00:58+00:00","mainEntityOfPage":{"@id":"https:\/\/conversesacatalunya.cat\/franquisme-familia-militar\/"},"wordCount":335,"commentCount":0,"image":{"@id":"https:\/\/conversesacatalunya.cat\/franquisme-familia-militar\/#primaryimage"},"thumbnailUrl":"https:\/\/conversesacatalunya.cat\/wp-content\/uploads\/2024\/09\/Captura-3.jpg","keywords":["primer ciclo burs\u00e1til del franquismo"],"articleSection":["Punts clau del dia (ES)"],"inLanguage":"es","potentialAction":[{"@type":"CommentAction","name":"Comment","target":["https:\/\/conversesacatalunya.cat\/franquisme-familia-militar\/#respond"]}]},{"@type":"WebPage","@id":"https:\/\/conversesacatalunya.cat\/franquisme-familia-militar\/","url":"https:\/\/conversesacatalunya.cat\/franquisme-familia-militar\/","name":"El trasfondo cultural del primer ciclo burs\u00e1til del franquismo (8). Las Letras. Intelectuales (III) - Converses a Catalunya","isPartOf":{"@id":"https:\/\/conversesacatalunya.cat\/#website"},"primaryImageOfPage":{"@id":"https:\/\/conversesacatalunya.cat\/franquisme-familia-militar\/#primaryimage"},"image":{"@id":"https:\/\/conversesacatalunya.cat\/franquisme-familia-militar\/#primaryimage"},"thumbnailUrl":"https:\/\/conversesacatalunya.cat\/wp-content\/uploads\/2024\/09\/Captura-3.jpg","datePublished":"2024-09-12T07:00:58+00:00","author":{"@id":"https:\/\/conversesacatalunya.cat\/#\/schema\/person\/d1a98659327f7a7a4254b63c8828486b"},"description":"Durante el franquismo, junto a la intelectualidad mon\u00e1rquica, tambi\u00e9n interactu\u00f3 parte de\u00a0 la \u201cfamilia militar\u201d","breadcrumb":{"@id":"https:\/\/conversesacatalunya.cat\/franquisme-familia-militar\/#breadcrumb"},"inLanguage":"es","potentialAction":[{"@type":"ReadAction","target":["https:\/\/conversesacatalunya.cat\/franquisme-familia-militar\/"]}]},{"@type":"ImageObject","inLanguage":"es","@id":"https:\/\/conversesacatalunya.cat\/franquisme-familia-militar\/#primaryimage","url":"https:\/\/conversesacatalunya.cat\/wp-content\/uploads\/2024\/09\/Captura-3.jpg","contentUrl":"https:\/\/conversesacatalunya.cat\/wp-content\/uploads\/2024\/09\/Captura-3.jpg","width":534,"height":618,"caption":"familia militar"},{"@type":"BreadcrumbList","@id":"https:\/\/conversesacatalunya.cat\/franquisme-familia-militar\/#breadcrumb","itemListElement":[{"@type":"ListItem","position":1,"name":"Inici","item":"https:\/\/conversesacatalunya.cat\/es\/"},{"@type":"ListItem","position":2,"name":"El trasfondo cultural del primer ciclo burs\u00e1til del franquismo (8). Las Letras. Intelectuales (III)"}]},{"@type":"WebSite","@id":"https:\/\/conversesacatalunya.cat\/#website","url":"https:\/\/conversesacatalunya.cat\/","name":"Converses a Catalunya","description":"","potentialAction":[{"@type":"SearchAction","target":{"@type":"EntryPoint","urlTemplate":"https:\/\/conversesacatalunya.cat\/?s={search_term_string}"},"query-input":{"@type":"PropertyValueSpecification","valueRequired":true,"valueName":"search_term_string"}}],"inLanguage":"es"},{"@type":"Person","@id":"https:\/\/conversesacatalunya.cat\/#\/schema\/person\/d1a98659327f7a7a4254b63c8828486b","name":"Joan Hortal\u00e0 i Arau","image":{"@type":"ImageObject","inLanguage":"es","@id":"https:\/\/conversesacatalunya.cat\/#\/schema\/person\/image\/","url":"https:\/\/conversesacatalunya.cat\/wp-content\/litespeed\/avatar\/2d63b18d9ae06677345f920e73d8d4f0.jpg?ver=1776938333","contentUrl":"https:\/\/conversesacatalunya.cat\/wp-content\/litespeed\/avatar\/2d63b18d9ae06677345f920e73d8d4f0.jpg?ver=1776938333","caption":"Joan Hortal\u00e0 i Arau"},"url":"https:\/\/conversesacatalunya.cat\/es\/author\/joan-hortala-i-arau\/"}]}},"wps_subtitle":"\u00abFamilias del franquismo\u00bb: familia militar","_links":{"self":[{"href":"https:\/\/conversesacatalunya.cat\/es\/wp-json\/wp\/v2\/posts\/81145","targetHints":{"allow":["GET"]}}],"collection":[{"href":"https:\/\/conversesacatalunya.cat\/es\/wp-json\/wp\/v2\/posts"}],"about":[{"href":"https:\/\/conversesacatalunya.cat\/es\/wp-json\/wp\/v2\/types\/post"}],"author":[{"embeddable":true,"href":"https:\/\/conversesacatalunya.cat\/es\/wp-json\/wp\/v2\/users\/85"}],"replies":[{"embeddable":true,"href":"https:\/\/conversesacatalunya.cat\/es\/wp-json\/wp\/v2\/comments?post=81145"}],"version-history":[{"count":3,"href":"https:\/\/conversesacatalunya.cat\/es\/wp-json\/wp\/v2\/posts\/81145\/revisions"}],"predecessor-version":[{"id":81156,"href":"https:\/\/conversesacatalunya.cat\/es\/wp-json\/wp\/v2\/posts\/81145\/revisions\/81156"}],"wp:featuredmedia":[{"embeddable":true,"href":"https:\/\/conversesacatalunya.cat\/es\/wp-json\/wp\/v2\/media\/81154"}],"wp:attachment":[{"href":"https:\/\/conversesacatalunya.cat\/es\/wp-json\/wp\/v2\/media?parent=81145"}],"wp:term":[{"taxonomy":"category","embeddable":true,"href":"https:\/\/conversesacatalunya.cat\/es\/wp-json\/wp\/v2\/categories?post=81145"},{"taxonomy":"post_tag","embeddable":true,"href":"https:\/\/conversesacatalunya.cat\/es\/wp-json\/wp\/v2\/tags?post=81145"}],"curies":[{"name":"wp","href":"https:\/\/api.w.org\/{rel}","templated":true}]}}