{"id":81080,"date":"2024-09-10T10:06:20","date_gmt":"2024-09-10T08:06:20","guid":{"rendered":"https:\/\/conversesacatalunya.cat\/?p=81080"},"modified":"2024-09-13T10:58:22","modified_gmt":"2024-09-13T08:58:22","slug":"i-conferencia-civica-de-accion-politica","status":"publish","type":"post","link":"https:\/\/conversesacatalunya.cat\/es\/i-conferencia-civica-de-accion-politica\/","title":{"rendered":"I Conferencia C\u00edvica de Acci\u00f3n Pol\u00edtica"},"content":{"rendered":"<p><strong><a href=\"http:\/\/Conversesacatalunya.cat\" target=\"_blank\" rel=\"noopener\">Converses a Catalunya <\/a><\/strong>promueve la <strong>I Conferencia C\u00edvica de Acci\u00f3n Pol\u00edtica<\/strong>, el s\u00e1bado 14 de diciembre invita a todos los ciudadanos que comparten la dificultad del momento y el desenga\u00f1o ante las respuestas de los gobiernos y partidos pol\u00edticos a una reflexi\u00f3n y conversaci\u00f3n colectiva como sociedad civil. Converses es un grupo de opini\u00f3n c\u00edvica que considera que la pol\u00edtica debe ser una de las formas m\u00e1s elevadas de servicio a la colectividad, y reivindica la necesidad de regenerar, renovar y transformar la pol\u00edtica, as\u00ed como recuperar su finalidad de construir el bien com\u00fan.<\/p>\n<p><strong>\u00bfPor qu\u00e9 la Conferencia C\u00edvica de Acci\u00f3n Pol\u00edtica?<\/strong> Es un proyecto ambicioso que te invita a participar. \u00c9sta es la primera iniciativa surgida directamente de la sociedad civil para dar respuesta a la degradaci\u00f3n del Estado de derecho, la pr\u00e1ctica pol\u00edtica y la ausencia de una alternativa pol\u00edtica, pero tambi\u00e9n cultural y moral, a la hegemon\u00eda de la progres\u00eda pol\u00edtica e ideol\u00f3gica en los gobiernos de Barcelona, \u200b\u200bCatalu\u00f1a y Espa\u00f1a.<\/p>\n<h5><strong><span style=\"color: #3366ff;\"><span style=\"color: #333333;\">Si quieres seguir y participar en la preparaci\u00f3n de la CCAP, escribe a:<\/span><\/span><\/strong><\/h5>\n<p><strong><span style=\"color: #3366ff;\"> admin@concatconverses.cat<\/span><\/strong><\/p>\n","protected":false},"excerpt":{"rendered":"<p>Converses a Catalunya promueve la I Conferencia C\u00edvica de Acci\u00f3n Pol\u00edtica, el s\u00e1bado 14 de diciembre invita a todos los ciudadanos que comparten la dificultad del momento y el desenga\u00f1o ante las respuestas de los gobiernos y partidos pol\u00edticos a una reflexi\u00f3n y conversaci\u00f3n colectiva como sociedad civil. Converses es un grupo de opini\u00f3n c\u00edvica que considera que la pol\u00edtica debe ser una de las formas m\u00e1s elevadas de servicio a la colectividad, y reivindica la necesidad de regenerar, renovar y transformar la pol\u00edtica, as\u00ed como recuperar su finalidad de construir el bien com\u00fan. \u00bfPor qu\u00e9 la Conferencia C\u00edvica de Acci\u00f3n Pol\u00edtica? Es un proyecto ambicioso que te invita a participar. \u00c9sta es la primera iniciativa surgida directamente de la sociedad civil para dar respuesta a la degradaci\u00f3n del Estado de derecho, la pr\u00e1ctica pol\u00edtica y la ausencia de una alternativa pol\u00edtica, pero tambi\u00e9n cultural y moral, a la hegemon\u00eda de la progres\u00eda pol\u00edtica e ideol\u00f3gica en los gobiernos de Barcelona, \u200b\u200bCatalu\u00f1a y Espa\u00f1a. Si quieres seguir y participar en la preparaci\u00f3n de la CCAP, escribe a: admin@concatconverses.cat<\/p>\n","protected":false},"author":2,"featured_media":81081,"comment_status":"open","ping_status":"open","sticky":false,"template":"","format":"standard","meta":{"_FSMCFIC_featured_image_caption":"","_FSMCFIC_featured_image_nocaption":"","_FSMCFIC_featured_image_hide":"","footnotes":""},"categories":[786,5182,806],"tags":[5183],"class_list":["post-81080","post","type-post","status-publish","format-standard","has-post-thumbnail","hentry","category-agenda-es","category-especial-conferencia-civica-es","category-punts-claus-del-dia-es","tag-ccap"],"yoast_head":"<!-- This site is optimized with the Yoast SEO plugin v26.8 - https:\/\/yoast.com\/product\/yoast-seo-wordpress\/ -->\n<title>I Conferencia C\u00edvica de Acci\u00f3n Pol\u00edtica - Converses a Catalunya<\/title>\n<meta name=\"robots\" content=\"index, follow, max-snippet:-1, max-image-preview:large, max-video-preview:-1\" \/>\n<link rel=\"canonical\" href=\"https:\/\/conversesacatalunya.cat\/es\/i-conferencia-civica-de-accion-politica\/\" \/>\n<meta property=\"og:locale\" content=\"es_ES\" \/>\n<meta property=\"og:type\" content=\"article\" \/>\n<meta property=\"og:title\" content=\"I Conferencia C\u00edvica de Acci\u00f3n Pol\u00edtica - Converses a Catalunya\" \/>\n<meta property=\"og:description\" content=\"Converses a Catalunya promueve la I Conferencia C\u00edvica de Acci\u00f3n Pol\u00edtica, el s\u00e1bado 14 de diciembre invita a todos los ciudadanos que comparten la dificultad del momento y el desenga\u00f1o ante las respuestas de los gobiernos y partidos pol\u00edticos a una reflexi\u00f3n y conversaci\u00f3n colectiva como sociedad civil. Converses es un grupo de opini\u00f3n c\u00edvica que considera que la pol\u00edtica debe ser una de las formas m\u00e1s elevadas de servicio a la colectividad, y reivindica la necesidad de regenerar, renovar y transformar la pol\u00edtica, as\u00ed como recuperar su finalidad de construir el bien com\u00fan. \u00bfPor qu\u00e9 la Conferencia C\u00edvica de Acci\u00f3n Pol\u00edtica? Es un proyecto ambicioso que te invita a participar. \u00c9sta es la primera iniciativa surgida directamente de la sociedad civil para dar respuesta a la degradaci\u00f3n del Estado de derecho, la pr\u00e1ctica pol\u00edtica y la ausencia de una alternativa pol\u00edtica, pero tambi\u00e9n cultural y moral, a la hegemon\u00eda de la progres\u00eda pol\u00edtica e ideol\u00f3gica en los gobiernos de Barcelona, \u200b\u200bCatalu\u00f1a y Espa\u00f1a. Si quieres seguir y participar en la preparaci\u00f3n de la CCAP, escribe a: admin@concatconverses.cat\" \/>\n<meta property=\"og:url\" content=\"https:\/\/conversesacatalunya.cat\/es\/i-conferencia-civica-de-accion-politica\/\" \/>\n<meta property=\"og:site_name\" content=\"Converses a Catalunya\" \/>\n<meta property=\"article:published_time\" content=\"2024-09-10T08:06:20+00:00\" \/>\n<meta property=\"article:modified_time\" content=\"2024-09-13T08:58:22+00:00\" \/>\n<meta property=\"og:image\" content=\"https:\/\/conversesacatalunya.cat\/wp-content\/uploads\/2024\/09\/conferencia-3.jpg\" \/>\n\t<meta property=\"og:image:width\" content=\"388\" \/>\n\t<meta property=\"og:image:height\" content=\"367\" \/>\n\t<meta property=\"og:image:type\" content=\"image\/jpeg\" \/>\n<meta name=\"author\" content=\"conversesacatalunya\" \/>\n<meta name=\"twitter:card\" content=\"summary_large_image\" \/>\n<meta name=\"twitter:label1\" content=\"Escrito por\" \/>\n\t<meta name=\"twitter:data1\" content=\"conversesacatalunya\" \/>\n\t<meta name=\"twitter:label2\" content=\"Tiempo de lectura\" \/>\n\t<meta name=\"twitter:data2\" content=\"1 minuto\" \/>\n<script type=\"application\/ld+json\" class=\"yoast-schema-graph\">{\"@context\":\"https:\/\/schema.org\",\"@graph\":[{\"@type\":\"Article\",\"@id\":\"https:\/\/conversesacatalunya.cat\/es\/i-conferencia-civica-de-accion-politica\/#article\",\"isPartOf\":{\"@id\":\"https:\/\/conversesacatalunya.cat\/es\/i-conferencia-civica-de-accion-politica\/\"},\"author\":{\"name\":\"conversesacatalunya\",\"@id\":\"https:\/\/conversesacatalunya.cat\/#\/schema\/person\/7e24d1e54a2785373ddcb275eae5ed99\"},\"headline\":\"I Conferencia C\u00edvica de Acci\u00f3n Pol\u00edtica\",\"datePublished\":\"2024-09-10T08:06:20+00:00\",\"dateModified\":\"2024-09-13T08:58:22+00:00\",\"mainEntityOfPage\":{\"@id\":\"https:\/\/conversesacatalunya.cat\/es\/i-conferencia-civica-de-accion-politica\/\"},\"wordCount\":217,\"commentCount\":0,\"image\":{\"@id\":\"https:\/\/conversesacatalunya.cat\/es\/i-conferencia-civica-de-accion-politica\/#primaryimage\"},\"thumbnailUrl\":\"https:\/\/conversesacatalunya.cat\/wp-content\/uploads\/2024\/09\/conferencia-3.jpg\",\"keywords\":[\"CCAP\"],\"articleSection\":[\"Agenda (ES)\",\"Especial conferencia c\u00edvica\",\"Punts clau del dia (ES)\"],\"inLanguage\":\"es\",\"potentialAction\":[{\"@type\":\"CommentAction\",\"name\":\"Comment\",\"target\":[\"https:\/\/conversesacatalunya.cat\/es\/i-conferencia-civica-de-accion-politica\/#respond\"]}]},{\"@type\":\"WebPage\",\"@id\":\"https:\/\/conversesacatalunya.cat\/es\/i-conferencia-civica-de-accion-politica\/\",\"url\":\"https:\/\/conversesacatalunya.cat\/es\/i-conferencia-civica-de-accion-politica\/\",\"name\":\"I Conferencia C\u00edvica de Acci\u00f3n Pol\u00edtica - Converses a Catalunya\",\"isPartOf\":{\"@id\":\"https:\/\/conversesacatalunya.cat\/#website\"},\"primaryImageOfPage\":{\"@id\":\"https:\/\/conversesacatalunya.cat\/es\/i-conferencia-civica-de-accion-politica\/#primaryimage\"},\"image\":{\"@id\":\"https:\/\/conversesacatalunya.cat\/es\/i-conferencia-civica-de-accion-politica\/#primaryimage\"},\"thumbnailUrl\":\"https:\/\/conversesacatalunya.cat\/wp-content\/uploads\/2024\/09\/conferencia-3.jpg\",\"datePublished\":\"2024-09-10T08:06:20+00:00\",\"dateModified\":\"2024-09-13T08:58:22+00:00\",\"author\":{\"@id\":\"https:\/\/conversesacatalunya.cat\/#\/schema\/person\/7e24d1e54a2785373ddcb275eae5ed99\"},\"breadcrumb\":{\"@id\":\"https:\/\/conversesacatalunya.cat\/es\/i-conferencia-civica-de-accion-politica\/#breadcrumb\"},\"inLanguage\":\"es\",\"potentialAction\":[{\"@type\":\"ReadAction\",\"target\":[\"https:\/\/conversesacatalunya.cat\/es\/i-conferencia-civica-de-accion-politica\/\"]}]},{\"@type\":\"ImageObject\",\"inLanguage\":\"es\",\"@id\":\"https:\/\/conversesacatalunya.cat\/es\/i-conferencia-civica-de-accion-politica\/#primaryimage\",\"url\":\"https:\/\/conversesacatalunya.cat\/wp-content\/uploads\/2024\/09\/conferencia-3.jpg\",\"contentUrl\":\"https:\/\/conversesacatalunya.cat\/wp-content\/uploads\/2024\/09\/conferencia-3.jpg\",\"width\":388,\"height\":367},{\"@type\":\"BreadcrumbList\",\"@id\":\"https:\/\/conversesacatalunya.cat\/es\/i-conferencia-civica-de-accion-politica\/#breadcrumb\",\"itemListElement\":[{\"@type\":\"ListItem\",\"position\":1,\"name\":\"Inici\",\"item\":\"https:\/\/conversesacatalunya.cat\/es\/\"},{\"@type\":\"ListItem\",\"position\":2,\"name\":\"I Conferencia C\u00edvica de Acci\u00f3n Pol\u00edtica\"}]},{\"@type\":\"WebSite\",\"@id\":\"https:\/\/conversesacatalunya.cat\/#website\",\"url\":\"https:\/\/conversesacatalunya.cat\/\",\"name\":\"Converses a Catalunya\",\"description\":\"\",\"potentialAction\":[{\"@type\":\"SearchAction\",\"target\":{\"@type\":\"EntryPoint\",\"urlTemplate\":\"https:\/\/conversesacatalunya.cat\/?s={search_term_string}\"},\"query-input\":{\"@type\":\"PropertyValueSpecification\",\"valueRequired\":true,\"valueName\":\"search_term_string\"}}],\"inLanguage\":\"es\"},{\"@type\":\"Person\",\"@id\":\"https:\/\/conversesacatalunya.cat\/#\/schema\/person\/7e24d1e54a2785373ddcb275eae5ed99\",\"name\":\"conversesacatalunya\",\"image\":{\"@type\":\"ImageObject\",\"inLanguage\":\"es\",\"@id\":\"https:\/\/conversesacatalunya.cat\/#\/schema\/person\/image\/\",\"url\":\"https:\/\/conversesacatalunya.cat\/wp-content\/litespeed\/avatar\/febdfeeec89d950f01c748045a981dd2.jpg?ver=1777314535\",\"contentUrl\":\"https:\/\/conversesacatalunya.cat\/wp-content\/litespeed\/avatar\/febdfeeec89d950f01c748045a981dd2.jpg?ver=1777314535\",\"caption\":\"conversesacatalunya\"},\"url\":\"https:\/\/conversesacatalunya.cat\/es\/author\/carme_catala\/\"}]}<\/script>\n<!-- \/ Yoast SEO plugin. -->","yoast_head_json":{"title":"I Conferencia C\u00edvica de Acci\u00f3n Pol\u00edtica - Converses a Catalunya","robots":{"index":"index","follow":"follow","max-snippet":"max-snippet:-1","max-image-preview":"max-image-preview:large","max-video-preview":"max-video-preview:-1"},"canonical":"https:\/\/conversesacatalunya.cat\/es\/i-conferencia-civica-de-accion-politica\/","og_locale":"es_ES","og_type":"article","og_title":"I Conferencia C\u00edvica de Acci\u00f3n Pol\u00edtica - Converses a Catalunya","og_description":"Converses a Catalunya promueve la I Conferencia C\u00edvica de Acci\u00f3n Pol\u00edtica, el s\u00e1bado 14 de diciembre invita a todos los ciudadanos que comparten la dificultad del momento y el desenga\u00f1o ante las respuestas de los gobiernos y partidos pol\u00edticos a una reflexi\u00f3n y conversaci\u00f3n colectiva como sociedad civil. Converses es un grupo de opini\u00f3n c\u00edvica que considera que la pol\u00edtica debe ser una de las formas m\u00e1s elevadas de servicio a la colectividad, y reivindica la necesidad de regenerar, renovar y transformar la pol\u00edtica, as\u00ed como recuperar su finalidad de construir el bien com\u00fan. \u00bfPor qu\u00e9 la Conferencia C\u00edvica de Acci\u00f3n Pol\u00edtica? Es un proyecto ambicioso que te invita a participar. \u00c9sta es la primera iniciativa surgida directamente de la sociedad civil para dar respuesta a la degradaci\u00f3n del Estado de derecho, la pr\u00e1ctica pol\u00edtica y la ausencia de una alternativa pol\u00edtica, pero tambi\u00e9n cultural y moral, a la hegemon\u00eda de la progres\u00eda pol\u00edtica e ideol\u00f3gica en los gobiernos de Barcelona, \u200b\u200bCatalu\u00f1a y Espa\u00f1a. Si quieres seguir y participar en la preparaci\u00f3n de la CCAP, escribe a: admin@concatconverses.cat","og_url":"https:\/\/conversesacatalunya.cat\/es\/i-conferencia-civica-de-accion-politica\/","og_site_name":"Converses a Catalunya","article_published_time":"2024-09-10T08:06:20+00:00","article_modified_time":"2024-09-13T08:58:22+00:00","og_image":[{"width":388,"height":367,"url":"https:\/\/conversesacatalunya.cat\/wp-content\/uploads\/2024\/09\/conferencia-3.jpg","type":"image\/jpeg"}],"author":"conversesacatalunya","twitter_card":"summary_large_image","twitter_misc":{"Escrito por":"conversesacatalunya","Tiempo de lectura":"1 minuto"},"schema":{"@context":"https:\/\/schema.org","@graph":[{"@type":"Article","@id":"https:\/\/conversesacatalunya.cat\/es\/i-conferencia-civica-de-accion-politica\/#article","isPartOf":{"@id":"https:\/\/conversesacatalunya.cat\/es\/i-conferencia-civica-de-accion-politica\/"},"author":{"name":"conversesacatalunya","@id":"https:\/\/conversesacatalunya.cat\/#\/schema\/person\/7e24d1e54a2785373ddcb275eae5ed99"},"headline":"I Conferencia C\u00edvica de Acci\u00f3n Pol\u00edtica","datePublished":"2024-09-10T08:06:20+00:00","dateModified":"2024-09-13T08:58:22+00:00","mainEntityOfPage":{"@id":"https:\/\/conversesacatalunya.cat\/es\/i-conferencia-civica-de-accion-politica\/"},"wordCount":217,"commentCount":0,"image":{"@id":"https:\/\/conversesacatalunya.cat\/es\/i-conferencia-civica-de-accion-politica\/#primaryimage"},"thumbnailUrl":"https:\/\/conversesacatalunya.cat\/wp-content\/uploads\/2024\/09\/conferencia-3.jpg","keywords":["CCAP"],"articleSection":["Agenda (ES)","Especial conferencia c\u00edvica","Punts clau del dia (ES)"],"inLanguage":"es","potentialAction":[{"@type":"CommentAction","name":"Comment","target":["https:\/\/conversesacatalunya.cat\/es\/i-conferencia-civica-de-accion-politica\/#respond"]}]},{"@type":"WebPage","@id":"https:\/\/conversesacatalunya.cat\/es\/i-conferencia-civica-de-accion-politica\/","url":"https:\/\/conversesacatalunya.cat\/es\/i-conferencia-civica-de-accion-politica\/","name":"I Conferencia C\u00edvica de Acci\u00f3n Pol\u00edtica - Converses a Catalunya","isPartOf":{"@id":"https:\/\/conversesacatalunya.cat\/#website"},"primaryImageOfPage":{"@id":"https:\/\/conversesacatalunya.cat\/es\/i-conferencia-civica-de-accion-politica\/#primaryimage"},"image":{"@id":"https:\/\/conversesacatalunya.cat\/es\/i-conferencia-civica-de-accion-politica\/#primaryimage"},"thumbnailUrl":"https:\/\/conversesacatalunya.cat\/wp-content\/uploads\/2024\/09\/conferencia-3.jpg","datePublished":"2024-09-10T08:06:20+00:00","dateModified":"2024-09-13T08:58:22+00:00","author":{"@id":"https:\/\/conversesacatalunya.cat\/#\/schema\/person\/7e24d1e54a2785373ddcb275eae5ed99"},"breadcrumb":{"@id":"https:\/\/conversesacatalunya.cat\/es\/i-conferencia-civica-de-accion-politica\/#breadcrumb"},"inLanguage":"es","potentialAction":[{"@type":"ReadAction","target":["https:\/\/conversesacatalunya.cat\/es\/i-conferencia-civica-de-accion-politica\/"]}]},{"@type":"ImageObject","inLanguage":"es","@id":"https:\/\/conversesacatalunya.cat\/es\/i-conferencia-civica-de-accion-politica\/#primaryimage","url":"https:\/\/conversesacatalunya.cat\/wp-content\/uploads\/2024\/09\/conferencia-3.jpg","contentUrl":"https:\/\/conversesacatalunya.cat\/wp-content\/uploads\/2024\/09\/conferencia-3.jpg","width":388,"height":367},{"@type":"BreadcrumbList","@id":"https:\/\/conversesacatalunya.cat\/es\/i-conferencia-civica-de-accion-politica\/#breadcrumb","itemListElement":[{"@type":"ListItem","position":1,"name":"Inici","item":"https:\/\/conversesacatalunya.cat\/es\/"},{"@type":"ListItem","position":2,"name":"I Conferencia C\u00edvica de Acci\u00f3n Pol\u00edtica"}]},{"@type":"WebSite","@id":"https:\/\/conversesacatalunya.cat\/#website","url":"https:\/\/conversesacatalunya.cat\/","name":"Converses a Catalunya","description":"","potentialAction":[{"@type":"SearchAction","target":{"@type":"EntryPoint","urlTemplate":"https:\/\/conversesacatalunya.cat\/?s={search_term_string}"},"query-input":{"@type":"PropertyValueSpecification","valueRequired":true,"valueName":"search_term_string"}}],"inLanguage":"es"},{"@type":"Person","@id":"https:\/\/conversesacatalunya.cat\/#\/schema\/person\/7e24d1e54a2785373ddcb275eae5ed99","name":"conversesacatalunya","image":{"@type":"ImageObject","inLanguage":"es","@id":"https:\/\/conversesacatalunya.cat\/#\/schema\/person\/image\/","url":"https:\/\/conversesacatalunya.cat\/wp-content\/litespeed\/avatar\/febdfeeec89d950f01c748045a981dd2.jpg?ver=1777314535","contentUrl":"https:\/\/conversesacatalunya.cat\/wp-content\/litespeed\/avatar\/febdfeeec89d950f01c748045a981dd2.jpg?ver=1777314535","caption":"conversesacatalunya"},"url":"https:\/\/conversesacatalunya.cat\/es\/author\/carme_catala\/"}]}},"wps_subtitle":"","_links":{"self":[{"href":"https:\/\/conversesacatalunya.cat\/es\/wp-json\/wp\/v2\/posts\/81080","targetHints":{"allow":["GET"]}}],"collection":[{"href":"https:\/\/conversesacatalunya.cat\/es\/wp-json\/wp\/v2\/posts"}],"about":[{"href":"https:\/\/conversesacatalunya.cat\/es\/wp-json\/wp\/v2\/types\/post"}],"author":[{"embeddable":true,"href":"https:\/\/conversesacatalunya.cat\/es\/wp-json\/wp\/v2\/users\/2"}],"replies":[{"embeddable":true,"href":"https:\/\/conversesacatalunya.cat\/es\/wp-json\/wp\/v2\/comments?post=81080"}],"version-history":[{"count":5,"href":"https:\/\/conversesacatalunya.cat\/es\/wp-json\/wp\/v2\/posts\/81080\/revisions"}],"predecessor-version":[{"id":81281,"href":"https:\/\/conversesacatalunya.cat\/es\/wp-json\/wp\/v2\/posts\/81080\/revisions\/81281"}],"wp:featuredmedia":[{"embeddable":true,"href":"https:\/\/conversesacatalunya.cat\/es\/wp-json\/wp\/v2\/media\/81081"}],"wp:attachment":[{"href":"https:\/\/conversesacatalunya.cat\/es\/wp-json\/wp\/v2\/media?parent=81080"}],"wp:term":[{"taxonomy":"category","embeddable":true,"href":"https:\/\/conversesacatalunya.cat\/es\/wp-json\/wp\/v2\/categories?post=81080"},{"taxonomy":"post_tag","embeddable":true,"href":"https:\/\/conversesacatalunya.cat\/es\/wp-json\/wp\/v2\/tags?post=81080"}],"curies":[{"name":"wp","href":"https:\/\/api.w.org\/{rel}","templated":true}]}}