{"id":81071,"date":"2024-09-05T12:54:11","date_gmt":"2024-09-05T10:54:11","guid":{"rendered":"https:\/\/conversesacatalunya.cat\/es-podia-evitar-la-guerra-civil\/"},"modified":"2024-09-05T13:10:42","modified_gmt":"2024-09-05T11:10:42","slug":"se-podia-evitar-la-guerra-civil","status":"publish","type":"post","link":"https:\/\/conversesacatalunya.cat\/es\/se-podia-evitar-la-guerra-civil\/","title":{"rendered":"Qu\u00e9 puede ense\u00f1arnos la historia. Contrafactual: \u00bfse pod\u00eda evitar la Guerra Civil?"},"content":{"rendered":"<p><span>Quieras o no, la losa de la\u00a0<\/span><a href=\"https:\/\/es.wikipedia.org\/wiki\/Guerra_civil_espa%C3%B1ola\" target=\"_blank\" rel=\"noopener\"><span>Guerra Civil<\/span><\/a><span>\u00a0(1936-39) sigue pesando sobre la pol\u00edtica espa\u00f1ola m\u00e1s de 8 d\u00e9cadas despu\u00e9s, sobre todo porque algunos de los nietos de los vencidos quieren ganarla sobre el papel y reescribiendo la historia.\u00a0<\/span><strong><span>Rodr\u00edguez Zapatero y S\u00e1nchez<\/span><\/strong><span>\u00a0son los nuevos exponentes m\u00e1s visibles de este\u00a0<\/span><em><span>revival<\/span><\/em><span>. Las desgraciadas leyes de memoria hist\u00f3rica y memoria democr\u00e1tica son un ejemplo de c\u00f3mo se utiliza el pasado como instrumento pol\u00edtico para condicionar el futuro.<\/span><\/p>\n<p><span>Sin embargo, del pasado podemos aprender ense\u00f1anzas positivas, y tambi\u00e9n, por supuesto, reiterar errores. Una forma de hacerlo es con un\u00a0<\/span><strong><span>ejercicio contrafactual<\/span><\/strong><span>, es decir, formulando una hip\u00f3tesis sobre qu\u00e9 habr\u00eda ocurrido si las circunstancias hubieran sido diferentes a lo que realmente ocurri\u00f3. El ejercicio contrafactual es \u00fatil en la ense\u00f1anza hist\u00f3rica, el \u00e1mbito cient\u00edfico, la filosof\u00eda de la \u00e9tica, la econom\u00eda, la psicolog\u00eda, la toma de decisiones y la planificaci\u00f3n estrat\u00e9gica. Incluso puede ser relevante en la vida personal, no tanto por lamentar nada como por extraer un aprendizaje \u00fatil para el presente y el futuro.<\/span><\/p>\n<p><span>Un libro de casi 700 p\u00e1ginas,\u00a0<\/span><strong><em><span>Fuego cruzado. La primavera de 1936<\/span><\/em><\/strong><span>, de Fernando del Rey y Manuel \u00c1lvarez Tard\u00edo, es id\u00f3neo como base para el ejercicio contrafactual de si se pod\u00eda evitar la Guerra Civil. Tras leer este extenso libro, lleno de referencias y citas, la primera impresi\u00f3n es que, en julio de 1936, la guerra era inevitable por la acumulaci\u00f3n de decisiones equivocadas y hechos que se produjeron de forma espont\u00e1nea, como si todo fuera producto de una tragedia griega en la que el hombre, conducido por la fatalidad, camina paso a paso hacia su desgracia.<\/span><\/p>\n<h4><span>Una serie de hechos cruciales, multiplicados por multitud de incidentes que les acompa\u00f1aban, se\u00f1alan ese camino fat\u00eddico.<\/span><\/h4>\n<p><span>El proceso probablemente empez\u00f3 con la\u00a0<\/span><strong><span>victoria republicana<\/span><\/strong><span>\u00a0en unas elecciones municipales que, en realidad, reflejaban un d\u00e9ficit de votos para acreditarse como s\u00f3lida. Fue m\u00e1s una victoria moral y de abandono mon\u00e1rquico que un gran \u00e9xito electoral. Que los republicanos no asumieran este hecho con realismo y que los sindicatos UGT, CNT y buena parte del PSOE lo vieran como un horizonte de cambio radical condujo a un segundo y grave error: una\u00a0<\/span><strong><span>Constituci\u00f3n republicana<\/span><\/strong><span> que, en lugar de integrar y fortalecer su base social, jug\u00f3 a la exclusi\u00f3n. Se hizo una Constituci\u00f3n solo para los republicanos \u00abpata negra\u00bb.<\/span><\/p>\n<p><span>Un tercer elemento cr\u00edtico fue, emparentado con el anterior,\u00a0<\/span><strong><span>negar la l\u00f3gica democr\u00e1tica,<\/span><\/strong><span> rechazando todo reconocimiento al primer partido del pa\u00eds, la CEDA, que representaba a la derecha cat\u00f3lica dispuesta a jugar al posibilismo republicano. El rechazo total de otros sectores minoritarios, pero muy potentes econ\u00f3micamente, que solo cre\u00edan leg\u00edtimo el r\u00e9gimen mon\u00e1rquico, contribuy\u00f3 eficazmente a la polarizaci\u00f3n. El <\/span><strong><span>golpe de estado de 1934<\/span><\/strong><span>, en el que particip\u00f3 UGT y la parte del PSOE dirigida por\u00a0<\/span><strong><a href=\"https:\/\/conversesacatalunya.cat\/es\/el-psoe-de-sanchez-y-su-vinculo-con-largo-caballero-un-analisis-del-socialismo-espanol\/\" target=\"_blank\" rel=\"noopener\"><span>Largo Caballero<\/span><\/a><\/strong><span>, con la cooperaci\u00f3n de ERC en Catalunya, marc\u00f3 un punto de inflexi\u00f3n, ya que se levantaron contra un gobierno electo simplemente porque era de centroderecha.<\/span><\/p>\n<p><span>A partir de ese momento, todo parec\u00eda justificado. La dura represi\u00f3n desde el gobierno sobre los insurrectos dej\u00f3 un pozo de rencores que explot\u00f3 con la victoria imprevista y pol\u00e9mica del Frente Popular en 1936. Esta victoria abri\u00f3 la llamada \u201c<\/span><strong><span>primavera del 36<\/span><\/strong><span>\u201d, preludio inexorable de la Guerra Civil, con huelgas reiteradas, atentados, empleos, pistolerismo desmedido, muertes, heridos, bombas, asaltos a locales de partidos, destrucci\u00f3n y quema de iglesias y conventos, y agresiones a mandos militares y guardias civiles.<\/span><\/p>\n<p><span>El\u00a0<\/span><strong><span>gobierno republicano<\/span><\/strong><span>, sin el apoyo deseado del PSOE, fue incapaz de resolver ese nivel de conflictividad, dada su debilidad, y cometi\u00f3 errores monumentales. En lugar de tratar el pistolerismo de la Falange como un grave problema de orden p\u00fablico, le dio una dimensi\u00f3n pol\u00edtica, cuando este grupo era una minor\u00eda marginal, como se vio en las elecciones. Esto empuj\u00f3 a buena parte de la derecha hacia posiciones cada vez m\u00e1s radicales.<\/span><\/p>\n<p><span>Estas pinceladas r\u00e1pidas sobre una situaci\u00f3n compleja dan pie al ejercicio contrafactual. En estas din\u00e1micas,\u00a0<\/span><strong><span>\u00bfse pod\u00eda evitar la guerra<\/span><\/strong><span>? La respuesta es que parece dif\u00edcil encontrar una soluci\u00f3n clara, pero en todo caso habr\u00eda habido una opci\u00f3n que podr\u00eda haber ayudado: que el PSOE, guiado por Besteiro \u2014la persona designada por el propio Pablo Iglesias para sustituirle\u2014, en lugar de seguir el predominio de Largo Caballero, hubiera hecho un pacto con la CEDA. Este pacto, salvando las distancias, podr\u00eda haber sido un equivalente del pacto de Moncloa, manteniendo la instituci\u00f3n republicana y llevar a cabo una gobernanza y una legislaci\u00f3n aceptables para ambas partes.<\/span><\/p>\n<p><span>En este escenario, los extremos muy minoritarios en ese momento \u2014comunistas, falangistas y mon\u00e1rquicos de renovaci\u00f3n espa\u00f1ola\u2014 habr\u00edan quedado claramente al margen. As\u00ed, a pesar de altibajos, colaboraciones y rechaces, la CNT habr\u00eda sido una fuerza no bien integrada, pero esto no habr\u00eda llevado a una guerra, sino a una conflictividad sindical m\u00e1s o menos intensa.<\/span><\/p>\n<div id=\"polls-253\" class=\"wp-polls\">\n\t<form id=\"polls_form_253\" class=\"wp-polls-form\" action=\"\/index.php\" method=\"post\">\n\t\t<p style=\"display: none;\"><input type=\"hidden\" id=\"poll_253_nonce\" name=\"wp-polls-nonce\" value=\"2236f9c4ca\" \/><\/p>\n\t\t<p style=\"display: none;\"><input type=\"hidden\" name=\"poll_id\" value=\"253\" \/><\/p>\n\t\t<p style=\"text-align: center\"><strong>Creus que el govern espanyol fa una bona pol\u00edtica migrat\u00f2ria?<\/strong><\/p><div id=\"polls-253-ans\" class=\"wp-polls-ans\"><ul class=\"wp-polls-ul\">\n\t\t<li><input type=\"radio\" id=\"poll-answer-711\" name=\"poll_253\" value=\"711\" \/> <label for=\"poll-answer-711\">S\u00ed<\/label><\/li>\n\t\t<li><input type=\"radio\" id=\"poll-answer-712\" name=\"poll_253\" value=\"712\" \/> <label for=\"poll-answer-712\">No<\/label><\/li>\n\t\t<li><input type=\"radio\" id=\"poll-answer-713\" name=\"poll_253\" value=\"713\" \/> <label for=\"poll-answer-713\">No ho s\u00e9<\/label><\/li>\n\t\t<\/ul><p style=\"text-align: center\"><input type=\"button\" name=\"vote\" value=\"   Vota   \" class=\"Buttons\" onclick=\"poll_vote(253);\" \/><\/p><p style=\"text-align: center\"><a href=\"#ViewPollResults\" onclick=\"poll_result(253); return false;\" title=\"View Results Of This Poll\">Mira els resultats<\/a><\/p><\/div>\n\t<\/form>\n<\/div>\n<div id=\"polls-253-loading\" class=\"wp-polls-loading\"><img decoding=\"async\" data-src=\"https:\/\/conversesacatalunya.cat\/wp-content\/plugins\/wp-polls\/images\/loading.gif\" width=\"16\" height=\"16\" alt=\"Cargando ...\" title=\"Cargando ...\" class=\"wp-polls-image lazyload\" src=\"data:image\/svg+xml;base64,PHN2ZyB3aWR0aD0iMSIgaGVpZ2h0PSIxIiB4bWxucz0iaHR0cDovL3d3dy53My5vcmcvMjAwMC9zdmciPjwvc3ZnPg==\" style=\"--smush-placeholder-width: 16px; --smush-placeholder-aspect-ratio: 16\/16;\" \/>&nbsp;Cargando ...<\/div>\n\n","protected":false},"excerpt":{"rendered":"<p>Quieras o no, la losa de la\u00a0Guerra Civil\u00a0(1936-39) sigue pesando sobre la pol\u00edtica espa\u00f1ola m\u00e1s de 8 d\u00e9cadas despu\u00e9s, sobre todo porque algunos de los nietos de los vencidos quieren ganarla sobre el papel y reescribiendo la historia.\u00a0Rodr\u00edguez Zapatero y S\u00e1nchez\u00a0son los nuevos exponentes m\u00e1s visibles de este\u00a0revival. Las desgraciadas leyes de memoria hist\u00f3rica y memoria democr\u00e1tica son un ejemplo de c\u00f3mo se utiliza el pasado como instrumento pol\u00edtico para condicionar el futuro. Sin embargo, del pasado podemos aprender ense\u00f1anzas positivas, y tambi\u00e9n, por supuesto, reiterar errores. Una forma de hacerlo es con un\u00a0ejercicio contrafactual, es decir, formulando una hip\u00f3tesis sobre qu\u00e9 habr\u00eda ocurrido si las circunstancias hubieran sido diferentes a lo que realmente ocurri\u00f3. El ejercicio contrafactual es \u00fatil en la ense\u00f1anza hist\u00f3rica, el \u00e1mbito cient\u00edfico, la filosof\u00eda de la \u00e9tica, la econom\u00eda, la psicolog\u00eda, la toma de decisiones y la planificaci\u00f3n estrat\u00e9gica. Incluso puede ser relevante en la vida personal, no tanto por lamentar nada como por extraer un aprendizaje \u00fatil para el presente y el futuro. Un libro de casi 700 p\u00e1ginas,\u00a0Fuego cruzado. La primavera de 1936, de Fernando del Rey y Manuel \u00c1lvarez Tard\u00edo, es id\u00f3neo como base para el ejercicio contrafactual de si se pod\u00eda evitar la Guerra Civil. Tras leer este extenso libro, lleno de referencias y citas, la primera impresi\u00f3n es que, en julio de 1936, la guerra era inevitable por la acumulaci\u00f3n de decisiones equivocadas y hechos que se produjeron de forma espont\u00e1nea, como si todo fuera producto de una tragedia griega en la que el hombre, conducido por la fatalidad, camina paso a paso hacia su desgracia. Una serie de hechos cruciales, multiplicados por multitud de incidentes que les acompa\u00f1aban, se\u00f1alan ese camino fat\u00eddico. El proceso probablemente empez\u00f3 con la\u00a0victoria republicana\u00a0en unas elecciones municipales que, en realidad, reflejaban un d\u00e9ficit de votos para acreditarse como s\u00f3lida. Fue m\u00e1s una victoria moral y de abandono mon\u00e1rquico que un gran \u00e9xito electoral. Que los republicanos no asumieran este hecho con realismo y que los sindicatos UGT, CNT y buena parte del PSOE lo vieran como un horizonte de cambio radical condujo a un segundo y grave error: una\u00a0Constituci\u00f3n republicana que, en lugar de integrar y fortalecer su base social, jug\u00f3 a la exclusi\u00f3n. Se hizo una Constituci\u00f3n solo para los republicanos \u00abpata negra\u00bb. Un tercer elemento cr\u00edtico fue, emparentado con el anterior,\u00a0negar la l\u00f3gica democr\u00e1tica, rechazando todo reconocimiento al primer partido del pa\u00eds, la CEDA, que representaba a la derecha cat\u00f3lica dispuesta a jugar al posibilismo republicano. El rechazo total de otros sectores minoritarios, pero muy potentes econ\u00f3micamente, que solo cre\u00edan leg\u00edtimo el r\u00e9gimen mon\u00e1rquico, contribuy\u00f3 eficazmente a la polarizaci\u00f3n. El golpe de estado de 1934, en el que particip\u00f3 UGT y la parte del PSOE dirigida por\u00a0Largo Caballero, con la cooperaci\u00f3n de ERC en Catalunya, marc\u00f3 un punto de inflexi\u00f3n, ya que se levantaron contra un gobierno electo simplemente porque era de centroderecha. A partir de ese momento, todo parec\u00eda justificado. La dura represi\u00f3n desde el gobierno sobre los insurrectos dej\u00f3 un pozo de rencores que explot\u00f3 con la victoria imprevista y pol\u00e9mica del Frente Popular en 1936. Esta victoria abri\u00f3 la llamada \u201cprimavera del 36\u201d, preludio inexorable de la Guerra Civil, con huelgas reiteradas, atentados, empleos, pistolerismo desmedido, muertes, heridos, bombas, asaltos a locales de partidos, destrucci\u00f3n y quema de iglesias y conventos, y agresiones a mandos militares y guardias civiles. El\u00a0gobierno republicano, sin el apoyo deseado del PSOE, fue incapaz de resolver ese nivel de conflictividad, dada su debilidad, y cometi\u00f3 errores monumentales. En lugar de tratar el pistolerismo de la Falange como un grave problema de orden p\u00fablico, le dio una dimensi\u00f3n pol\u00edtica, cuando este grupo era una minor\u00eda marginal, como se vio en las elecciones. Esto empuj\u00f3 a buena parte de la derecha hacia posiciones cada vez m\u00e1s radicales. Estas pinceladas r\u00e1pidas sobre una situaci\u00f3n compleja dan pie al ejercicio contrafactual. En estas din\u00e1micas,\u00a0\u00bfse pod\u00eda evitar la guerra? La respuesta es que parece dif\u00edcil encontrar una soluci\u00f3n clara, pero en todo caso habr\u00eda habido una opci\u00f3n que podr\u00eda haber ayudado: que el PSOE, guiado por Besteiro \u2014la persona designada por el propio Pablo Iglesias para sustituirle\u2014, en lugar de seguir el predominio de Largo Caballero, hubiera hecho un pacto con la CEDA. Este pacto, salvando las distancias, podr\u00eda haber sido un equivalente del pacto de Moncloa, manteniendo la instituci\u00f3n republicana y llevar a cabo una gobernanza y una legislaci\u00f3n aceptables para ambas partes. En este escenario, los extremos muy minoritarios en ese momento \u2014comunistas, falangistas y mon\u00e1rquicos de renovaci\u00f3n espa\u00f1ola\u2014 habr\u00edan quedado claramente al margen. As\u00ed, a pesar de altibajos, colaboraciones y rechaces, la CNT habr\u00eda sido una fuerza no bien integrada, pero esto no habr\u00eda llevado a una guerra, sino a una conflictividad sindical m\u00e1s o menos intensa.<\/p>\n","protected":false},"author":78,"featured_media":81068,"comment_status":"open","ping_status":"open","sticky":false,"template":"","format":"standard","meta":{"_FSMCFIC_featured_image_caption":"","_FSMCFIC_featured_image_nocaption":"","_FSMCFIC_featured_image_hide":"","footnotes":""},"categories":[806],"tags":[4198],"class_list":["post-81071","post","type-post","status-publish","format-standard","has-post-thumbnail","hentry","category-punts-claus-del-dia-es","tag-ley-de-memoria-historica"],"yoast_head":"<!-- This site is optimized with the Yoast SEO plugin v26.8 - https:\/\/yoast.com\/product\/yoast-seo-wordpress\/ -->\n<title>Qu\u00e9 puede ense\u00f1arnos la historia. Contrafactual: \u00bfse pod\u00eda evitar la Guerra Civil? - Converses a Catalunya<\/title>\n<meta name=\"description\" content=\"Este art\u00edculo analiza si la Guerra Civil se pod\u00eda evitar, explorando las din\u00e1micas pol\u00edticas y las decisiones equivocadas de la \u00e9poca.\" \/>\n<meta name=\"robots\" content=\"index, follow, max-snippet:-1, max-image-preview:large, max-video-preview:-1\" \/>\n<link rel=\"canonical\" href=\"https:\/\/conversesacatalunya.cat\/es\/se-podia-evitar-la-guerra-civil\/\" \/>\n<meta property=\"og:locale\" content=\"es_ES\" \/>\n<meta property=\"og:type\" content=\"article\" \/>\n<meta property=\"og:title\" content=\"Qu\u00e9 puede ense\u00f1arnos la historia. Contrafactual: \u00bfse pod\u00eda evitar la Guerra Civil? - Converses a Catalunya\" \/>\n<meta property=\"og:description\" content=\"Este art\u00edculo analiza si la Guerra Civil se pod\u00eda evitar, explorando las din\u00e1micas pol\u00edticas y las decisiones equivocadas de la \u00e9poca.\" \/>\n<meta property=\"og:url\" content=\"https:\/\/conversesacatalunya.cat\/es\/se-podia-evitar-la-guerra-civil\/\" \/>\n<meta property=\"og:site_name\" content=\"Converses a Catalunya\" \/>\n<meta property=\"article:published_time\" content=\"2024-09-05T10:54:11+00:00\" \/>\n<meta property=\"article:modified_time\" content=\"2024-09-05T11:10:42+00:00\" \/>\n<meta property=\"og:image\" content=\"https:\/\/conversesacatalunya.cat\/wp-content\/uploads\/2024\/09\/guerra-civil.jpg\" \/>\n\t<meta property=\"og:image:width\" content=\"1600\" \/>\n\t<meta property=\"og:image:height\" content=\"900\" \/>\n\t<meta property=\"og:image:type\" content=\"image\/jpeg\" \/>\n<meta name=\"author\" content=\"Joan Masip\" \/>\n<meta name=\"twitter:card\" content=\"summary_large_image\" \/>\n<meta name=\"twitter:label1\" content=\"Escrito por\" \/>\n\t<meta name=\"twitter:data1\" content=\"Joan Masip\" \/>\n\t<meta name=\"twitter:label2\" content=\"Tiempo de lectura\" \/>\n\t<meta name=\"twitter:data2\" content=\"4 minutos\" \/>\n<script type=\"application\/ld+json\" class=\"yoast-schema-graph\">{\"@context\":\"https:\/\/schema.org\",\"@graph\":[{\"@type\":\"Article\",\"@id\":\"https:\/\/conversesacatalunya.cat\/es\/se-podia-evitar-la-guerra-civil\/#article\",\"isPartOf\":{\"@id\":\"https:\/\/conversesacatalunya.cat\/es\/se-podia-evitar-la-guerra-civil\/\"},\"author\":{\"name\":\"Joan Masip\",\"@id\":\"https:\/\/conversesacatalunya.cat\/#\/schema\/person\/311d0bf53def217d5124c78a7bc42275\"},\"headline\":\"Qu\u00e9 puede ense\u00f1arnos la historia. Contrafactual: \u00bfse pod\u00eda evitar la Guerra Civil?\",\"datePublished\":\"2024-09-05T10:54:11+00:00\",\"dateModified\":\"2024-09-05T11:10:42+00:00\",\"mainEntityOfPage\":{\"@id\":\"https:\/\/conversesacatalunya.cat\/es\/se-podia-evitar-la-guerra-civil\/\"},\"wordCount\":896,\"commentCount\":0,\"image\":{\"@id\":\"https:\/\/conversesacatalunya.cat\/es\/se-podia-evitar-la-guerra-civil\/#primaryimage\"},\"thumbnailUrl\":\"https:\/\/conversesacatalunya.cat\/wp-content\/uploads\/2024\/09\/guerra-civil.jpg\",\"keywords\":[\"Ley de memoria hist\u00f3rica\"],\"articleSection\":[\"Punts clau del dia (ES)\"],\"inLanguage\":\"es\",\"potentialAction\":[{\"@type\":\"CommentAction\",\"name\":\"Comment\",\"target\":[\"https:\/\/conversesacatalunya.cat\/es\/se-podia-evitar-la-guerra-civil\/#respond\"]}]},{\"@type\":\"WebPage\",\"@id\":\"https:\/\/conversesacatalunya.cat\/es\/se-podia-evitar-la-guerra-civil\/\",\"url\":\"https:\/\/conversesacatalunya.cat\/es\/se-podia-evitar-la-guerra-civil\/\",\"name\":\"Qu\u00e9 puede ense\u00f1arnos la historia. Contrafactual: \u00bfse pod\u00eda evitar la Guerra Civil? - Converses a Catalunya\",\"isPartOf\":{\"@id\":\"https:\/\/conversesacatalunya.cat\/#website\"},\"primaryImageOfPage\":{\"@id\":\"https:\/\/conversesacatalunya.cat\/es\/se-podia-evitar-la-guerra-civil\/#primaryimage\"},\"image\":{\"@id\":\"https:\/\/conversesacatalunya.cat\/es\/se-podia-evitar-la-guerra-civil\/#primaryimage\"},\"thumbnailUrl\":\"https:\/\/conversesacatalunya.cat\/wp-content\/uploads\/2024\/09\/guerra-civil.jpg\",\"datePublished\":\"2024-09-05T10:54:11+00:00\",\"dateModified\":\"2024-09-05T11:10:42+00:00\",\"author\":{\"@id\":\"https:\/\/conversesacatalunya.cat\/#\/schema\/person\/311d0bf53def217d5124c78a7bc42275\"},\"description\":\"Este art\u00edculo analiza si la Guerra Civil se pod\u00eda evitar, explorando las din\u00e1micas pol\u00edticas y las decisiones equivocadas de la \u00e9poca.\",\"breadcrumb\":{\"@id\":\"https:\/\/conversesacatalunya.cat\/es\/se-podia-evitar-la-guerra-civil\/#breadcrumb\"},\"inLanguage\":\"es\",\"potentialAction\":[{\"@type\":\"ReadAction\",\"target\":[\"https:\/\/conversesacatalunya.cat\/es\/se-podia-evitar-la-guerra-civil\/\"]}]},{\"@type\":\"ImageObject\",\"inLanguage\":\"es\",\"@id\":\"https:\/\/conversesacatalunya.cat\/es\/se-podia-evitar-la-guerra-civil\/#primaryimage\",\"url\":\"https:\/\/conversesacatalunya.cat\/wp-content\/uploads\/2024\/09\/guerra-civil.jpg\",\"contentUrl\":\"https:\/\/conversesacatalunya.cat\/wp-content\/uploads\/2024\/09\/guerra-civil.jpg\",\"width\":1600,\"height\":900,\"caption\":\"es podia evitar la guerra civil\"},{\"@type\":\"BreadcrumbList\",\"@id\":\"https:\/\/conversesacatalunya.cat\/es\/se-podia-evitar-la-guerra-civil\/#breadcrumb\",\"itemListElement\":[{\"@type\":\"ListItem\",\"position\":1,\"name\":\"Inici\",\"item\":\"https:\/\/conversesacatalunya.cat\/es\/\"},{\"@type\":\"ListItem\",\"position\":2,\"name\":\"Qu\u00e9 puede ense\u00f1arnos la historia. Contrafactual: \u00bfse pod\u00eda evitar la Guerra Civil?\"}]},{\"@type\":\"WebSite\",\"@id\":\"https:\/\/conversesacatalunya.cat\/#website\",\"url\":\"https:\/\/conversesacatalunya.cat\/\",\"name\":\"Converses a Catalunya\",\"description\":\"\",\"potentialAction\":[{\"@type\":\"SearchAction\",\"target\":{\"@type\":\"EntryPoint\",\"urlTemplate\":\"https:\/\/conversesacatalunya.cat\/?s={search_term_string}\"},\"query-input\":{\"@type\":\"PropertyValueSpecification\",\"valueRequired\":true,\"valueName\":\"search_term_string\"}}],\"inLanguage\":\"es\"},{\"@type\":\"Person\",\"@id\":\"https:\/\/conversesacatalunya.cat\/#\/schema\/person\/311d0bf53def217d5124c78a7bc42275\",\"name\":\"Joan Masip\",\"image\":{\"@type\":\"ImageObject\",\"inLanguage\":\"es\",\"@id\":\"https:\/\/conversesacatalunya.cat\/#\/schema\/person\/image\/\",\"url\":\"https:\/\/conversesacatalunya.cat\/wp-content\/litespeed\/avatar\/fa67b994763cff7d443f54b63ec96481.jpg?ver=1777372547\",\"contentUrl\":\"https:\/\/conversesacatalunya.cat\/wp-content\/litespeed\/avatar\/fa67b994763cff7d443f54b63ec96481.jpg?ver=1777372547\",\"caption\":\"Joan Masip\"},\"url\":\"https:\/\/conversesacatalunya.cat\/es\/author\/joan-masip\/\"}]}<\/script>\n<!-- \/ Yoast SEO plugin. -->","yoast_head_json":{"title":"Qu\u00e9 puede ense\u00f1arnos la historia. Contrafactual: \u00bfse pod\u00eda evitar la Guerra Civil? - Converses a Catalunya","description":"Este art\u00edculo analiza si la Guerra Civil se pod\u00eda evitar, explorando las din\u00e1micas pol\u00edticas y las decisiones equivocadas de la \u00e9poca.","robots":{"index":"index","follow":"follow","max-snippet":"max-snippet:-1","max-image-preview":"max-image-preview:large","max-video-preview":"max-video-preview:-1"},"canonical":"https:\/\/conversesacatalunya.cat\/es\/se-podia-evitar-la-guerra-civil\/","og_locale":"es_ES","og_type":"article","og_title":"Qu\u00e9 puede ense\u00f1arnos la historia. Contrafactual: \u00bfse pod\u00eda evitar la Guerra Civil? - Converses a Catalunya","og_description":"Este art\u00edculo analiza si la Guerra Civil se pod\u00eda evitar, explorando las din\u00e1micas pol\u00edticas y las decisiones equivocadas de la \u00e9poca.","og_url":"https:\/\/conversesacatalunya.cat\/es\/se-podia-evitar-la-guerra-civil\/","og_site_name":"Converses a Catalunya","article_published_time":"2024-09-05T10:54:11+00:00","article_modified_time":"2024-09-05T11:10:42+00:00","og_image":[{"width":1600,"height":900,"url":"https:\/\/conversesacatalunya.cat\/wp-content\/uploads\/2024\/09\/guerra-civil.jpg","type":"image\/jpeg"}],"author":"Joan Masip","twitter_card":"summary_large_image","twitter_misc":{"Escrito por":"Joan Masip","Tiempo de lectura":"4 minutos"},"schema":{"@context":"https:\/\/schema.org","@graph":[{"@type":"Article","@id":"https:\/\/conversesacatalunya.cat\/es\/se-podia-evitar-la-guerra-civil\/#article","isPartOf":{"@id":"https:\/\/conversesacatalunya.cat\/es\/se-podia-evitar-la-guerra-civil\/"},"author":{"name":"Joan Masip","@id":"https:\/\/conversesacatalunya.cat\/#\/schema\/person\/311d0bf53def217d5124c78a7bc42275"},"headline":"Qu\u00e9 puede ense\u00f1arnos la historia. Contrafactual: \u00bfse pod\u00eda evitar la Guerra Civil?","datePublished":"2024-09-05T10:54:11+00:00","dateModified":"2024-09-05T11:10:42+00:00","mainEntityOfPage":{"@id":"https:\/\/conversesacatalunya.cat\/es\/se-podia-evitar-la-guerra-civil\/"},"wordCount":896,"commentCount":0,"image":{"@id":"https:\/\/conversesacatalunya.cat\/es\/se-podia-evitar-la-guerra-civil\/#primaryimage"},"thumbnailUrl":"https:\/\/conversesacatalunya.cat\/wp-content\/uploads\/2024\/09\/guerra-civil.jpg","keywords":["Ley de memoria hist\u00f3rica"],"articleSection":["Punts clau del dia (ES)"],"inLanguage":"es","potentialAction":[{"@type":"CommentAction","name":"Comment","target":["https:\/\/conversesacatalunya.cat\/es\/se-podia-evitar-la-guerra-civil\/#respond"]}]},{"@type":"WebPage","@id":"https:\/\/conversesacatalunya.cat\/es\/se-podia-evitar-la-guerra-civil\/","url":"https:\/\/conversesacatalunya.cat\/es\/se-podia-evitar-la-guerra-civil\/","name":"Qu\u00e9 puede ense\u00f1arnos la historia. Contrafactual: \u00bfse pod\u00eda evitar la Guerra Civil? - Converses a Catalunya","isPartOf":{"@id":"https:\/\/conversesacatalunya.cat\/#website"},"primaryImageOfPage":{"@id":"https:\/\/conversesacatalunya.cat\/es\/se-podia-evitar-la-guerra-civil\/#primaryimage"},"image":{"@id":"https:\/\/conversesacatalunya.cat\/es\/se-podia-evitar-la-guerra-civil\/#primaryimage"},"thumbnailUrl":"https:\/\/conversesacatalunya.cat\/wp-content\/uploads\/2024\/09\/guerra-civil.jpg","datePublished":"2024-09-05T10:54:11+00:00","dateModified":"2024-09-05T11:10:42+00:00","author":{"@id":"https:\/\/conversesacatalunya.cat\/#\/schema\/person\/311d0bf53def217d5124c78a7bc42275"},"description":"Este art\u00edculo analiza si la Guerra Civil se pod\u00eda evitar, explorando las din\u00e1micas pol\u00edticas y las decisiones equivocadas de la \u00e9poca.","breadcrumb":{"@id":"https:\/\/conversesacatalunya.cat\/es\/se-podia-evitar-la-guerra-civil\/#breadcrumb"},"inLanguage":"es","potentialAction":[{"@type":"ReadAction","target":["https:\/\/conversesacatalunya.cat\/es\/se-podia-evitar-la-guerra-civil\/"]}]},{"@type":"ImageObject","inLanguage":"es","@id":"https:\/\/conversesacatalunya.cat\/es\/se-podia-evitar-la-guerra-civil\/#primaryimage","url":"https:\/\/conversesacatalunya.cat\/wp-content\/uploads\/2024\/09\/guerra-civil.jpg","contentUrl":"https:\/\/conversesacatalunya.cat\/wp-content\/uploads\/2024\/09\/guerra-civil.jpg","width":1600,"height":900,"caption":"es podia evitar la guerra civil"},{"@type":"BreadcrumbList","@id":"https:\/\/conversesacatalunya.cat\/es\/se-podia-evitar-la-guerra-civil\/#breadcrumb","itemListElement":[{"@type":"ListItem","position":1,"name":"Inici","item":"https:\/\/conversesacatalunya.cat\/es\/"},{"@type":"ListItem","position":2,"name":"Qu\u00e9 puede ense\u00f1arnos la historia. Contrafactual: \u00bfse pod\u00eda evitar la Guerra Civil?"}]},{"@type":"WebSite","@id":"https:\/\/conversesacatalunya.cat\/#website","url":"https:\/\/conversesacatalunya.cat\/","name":"Converses a Catalunya","description":"","potentialAction":[{"@type":"SearchAction","target":{"@type":"EntryPoint","urlTemplate":"https:\/\/conversesacatalunya.cat\/?s={search_term_string}"},"query-input":{"@type":"PropertyValueSpecification","valueRequired":true,"valueName":"search_term_string"}}],"inLanguage":"es"},{"@type":"Person","@id":"https:\/\/conversesacatalunya.cat\/#\/schema\/person\/311d0bf53def217d5124c78a7bc42275","name":"Joan Masip","image":{"@type":"ImageObject","inLanguage":"es","@id":"https:\/\/conversesacatalunya.cat\/#\/schema\/person\/image\/","url":"https:\/\/conversesacatalunya.cat\/wp-content\/litespeed\/avatar\/fa67b994763cff7d443f54b63ec96481.jpg?ver=1777372547","contentUrl":"https:\/\/conversesacatalunya.cat\/wp-content\/litespeed\/avatar\/fa67b994763cff7d443f54b63ec96481.jpg?ver=1777372547","caption":"Joan Masip"},"url":"https:\/\/conversesacatalunya.cat\/es\/author\/joan-masip\/"}]}},"wps_subtitle":"Un ejercicio contrafactual sobre la Guerra Civil espa\u00f1ola y las posibles alternativas que habr\u00edan podido evitar el conflicto.","_links":{"self":[{"href":"https:\/\/conversesacatalunya.cat\/es\/wp-json\/wp\/v2\/posts\/81071","targetHints":{"allow":["GET"]}}],"collection":[{"href":"https:\/\/conversesacatalunya.cat\/es\/wp-json\/wp\/v2\/posts"}],"about":[{"href":"https:\/\/conversesacatalunya.cat\/es\/wp-json\/wp\/v2\/types\/post"}],"author":[{"embeddable":true,"href":"https:\/\/conversesacatalunya.cat\/es\/wp-json\/wp\/v2\/users\/78"}],"replies":[{"embeddable":true,"href":"https:\/\/conversesacatalunya.cat\/es\/wp-json\/wp\/v2\/comments?post=81071"}],"version-history":[{"count":2,"href":"https:\/\/conversesacatalunya.cat\/es\/wp-json\/wp\/v2\/posts\/81071\/revisions"}],"predecessor-version":[{"id":81073,"href":"https:\/\/conversesacatalunya.cat\/es\/wp-json\/wp\/v2\/posts\/81071\/revisions\/81073"}],"wp:featuredmedia":[{"embeddable":true,"href":"https:\/\/conversesacatalunya.cat\/es\/wp-json\/wp\/v2\/media\/81068"}],"wp:attachment":[{"href":"https:\/\/conversesacatalunya.cat\/es\/wp-json\/wp\/v2\/media?parent=81071"}],"wp:term":[{"taxonomy":"category","embeddable":true,"href":"https:\/\/conversesacatalunya.cat\/es\/wp-json\/wp\/v2\/categories?post=81071"},{"taxonomy":"post_tag","embeddable":true,"href":"https:\/\/conversesacatalunya.cat\/es\/wp-json\/wp\/v2\/tags?post=81071"}],"curies":[{"name":"wp","href":"https:\/\/api.w.org\/{rel}","templated":true}]}}