{"id":80984,"date":"2024-09-03T12:22:26","date_gmt":"2024-09-03T10:22:26","guid":{"rendered":"https:\/\/conversesacatalunya.cat\/la-provincia-de-lleida-lidera-les-agressions-i-la-violencia-sexual-a-espanya\/"},"modified":"2024-09-03T12:59:21","modified_gmt":"2024-09-03T10:59:21","slug":"la-provincia-de-lleida-lidera-las-agresiones-y-la-violencia-sexual-en-espana","status":"publish","type":"post","link":"https:\/\/conversesacatalunya.cat\/es\/la-provincia-de-lleida-lidera-las-agresiones-y-la-violencia-sexual-en-espana\/","title":{"rendered":"La provincia de Lleida lidera las agresiones y la violencia sexual en Espa\u00f1a"},"content":{"rendered":"<p><span>Puede parecer una sorpresa, pero eso es lo que dicen los datos del\u00a0<\/span><strong><span>informe anual del Ministerio del Interior 2023 sobre delitos contra la libertad sexual<\/span><\/strong><span>. Naturalmente, el liderazgo no est\u00e1 en cifras absolutas, sino en lo que realmente expresa la fotograf\u00eda de cada territorio: el\u00a0<\/span><strong><span>n\u00famero de casos en relaci\u00f3n con su poblaci\u00f3n<\/span><\/strong><span>\u00a0.<\/span><\/p>\n<p><span>En este caso, en relaci\u00f3n a cada 10.000 habitantes, en el ranking de delitos en esta materia, el primer lugar lo ocupan Baleares con 8,8 casos por 10.000 habitantes. El segundo es Navarra con 6,9 y el tercero, Lleida, con 6,2. Por situar una referencia de una provincia densamente poblada como Madrid, ese mismo valor se sit\u00faa en 4,5, el mismo nivel que la media nacional. Pero es que, adem\u00e1s, el quinto puesto lo ocupa la provincia de Barcelona con 5,5, el noveno Tarragona con 5,3, y en similar magnitud, Girona.<\/span><\/p>\n<p><span>Es decir,\u00a0<\/span><strong><span>las cuatro provincias catalanas est\u00e1n situadas entre las diez primeras espa\u00f1olas en casos de violencia<\/span><\/strong><span>. Podr\u00eda pensarse que esto es una anomal\u00eda de este a\u00f1o, pero no es as\u00ed. Si retrocedemos en la serie, podemos encontrar una composici\u00f3n de sitio similar en todos los casos, incluso peor. Por ejemplo, en 2019, Lleida tambi\u00e9n ocupaba la tercera posici\u00f3n, por detr\u00e1s de Baleares, que siempre encabezan el ranking, y de Las Palmas. Adem\u00e1s, Girona era la cuarta, Tarragona la quinta y Barcelona la sexta, con una respectiva tasa de 4,2, 4,0 y 3,9 para la capital de Catalunya.<\/span><\/p>\n<p><span>Cabe decir, adem\u00e1s, que\u00a0<\/span><strong><span>el conjunto de casos ha crecido de forma importante<\/span><\/strong><span>. De hecho, en la \u00faltima d\u00e9cada pasaron de 8.900 delitos de violencia y abusos sexuales a un total de 21.580. Es decir, se ha doblado con creces. De hecho, ya fue en 2021 cuando ese aumento se produjo. Por tanto, estamos ante un fen\u00f3meno masivo que no encuentra la respuesta adecuada en las pol\u00edticas que se est\u00e1n llevando a cabo. De hecho, es uno de los delitos que crece m\u00e1s a pesar de que, en cifras absolutas, ya es muy elevado y, por tanto, ser\u00eda l\u00f3gico pensar en una ralentizaci\u00f3n de su crecimiento.<\/span><\/p>\n<p><span>Por qu\u00e9 Lleida y el conjunto de Catalu\u00f1a encabezan esta din\u00e1mica es motivo de reflexi\u00f3n, ya que, en definitiva, es un territorio b\u00e1sicamente situado bajo la hegemon\u00eda del progresismo de la perspectiva de g\u00e9nero, de las campa\u00f1as continuas contra el machismo, el predominio gubernamental de pol\u00edticas feministas \u2014en muchos casos muy agresivas\u2014, as\u00ed como una intervenci\u00f3n en la escuela p\u00fablica que adoctrina de forma indebida a los menores.<\/span><\/p>\n<p><span>Todo esto, seg\u00fan la teor\u00eda progresista, deber\u00eda contribuir a un escenario opuesto al que existe actualmente; deber\u00eda reducir las agresiones sexuales, pero en realidad las multiplica y mucho. Esto indica claramente que\u00a0<\/span><strong><span>el camino que se est\u00e1 siguiendo es el equivocado<\/span><\/strong><span>, y que las primeras perjudicadas son las propias mujeres, que son mayoritariamente las v\u00edctimas de este tipo de delito. Peor todav\u00eda, las m\u00e1s perjudicadas son las menores, ya que de esa cifra global, casi la mitad son personas menores de 17 a\u00f1os.<\/span><\/p>\n<p><span>De hecho, el grupo con mayor prevalencia en funci\u00f3n de la edad en este tipo de delito son las adolescentes de entre 14 y 17 a\u00f1os, que se sit\u00faan por delante del grupo que, en principio, podr\u00eda pensarse que es el m\u00e1s da\u00f1ado: las j\u00f3venes hasta los 30 o 35 a\u00f1os, que ocupan la segunda posici\u00f3n.<\/span><\/p>\n<p><span>Aqu\u00ed se produce otra paradoja que ni el gobierno espa\u00f1ol ni la Generalitat de Catalunya, pese a su departamento de feminismos, han dado nunca respuesta. Mientras que para las mujeres adultas, acertadamente o no, existe un despliegue de recursos, medidas, dinero, prevenci\u00f3n, intervenci\u00f3n policial y una administraci\u00f3n de justicia a medida, para las menores de edad, las m\u00e1s perjudicadas, no hay pr\u00e1cticamente nada.<\/span><\/p>\n<p><span>Un buen gobierno deber\u00eda explicar dos cosas. Primera, por qu\u00e9 despu\u00e9s de tantos a\u00f1os de pol\u00edticas de g\u00e9nero y antimachistas, este tipo de delitos se ha m\u00e1s que doblado y Catalunya ocupa uno de los primeros puestos. Segunda, por qu\u00e9 existe un desequilibrio tan grande entre la atenci\u00f3n y los recursos destinados a las mujeres adultas y las chicas menores de edad.<\/span><\/p>\n<div id=\"polls-253\" class=\"wp-polls\">\n\t<form id=\"polls_form_253\" class=\"wp-polls-form\" action=\"\/index.php\" method=\"post\">\n\t\t<p style=\"display: none;\"><input type=\"hidden\" id=\"poll_253_nonce\" name=\"wp-polls-nonce\" value=\"1abfdfd593\" \/><\/p>\n\t\t<p style=\"display: none;\"><input type=\"hidden\" name=\"poll_id\" value=\"253\" \/><\/p>\n\t\t<p style=\"text-align: center\"><strong>Creus que el govern espanyol fa una bona pol\u00edtica migrat\u00f2ria?<\/strong><\/p><div id=\"polls-253-ans\" class=\"wp-polls-ans\"><ul class=\"wp-polls-ul\">\n\t\t<li><input type=\"radio\" id=\"poll-answer-711\" name=\"poll_253\" value=\"711\" \/> <label for=\"poll-answer-711\">S\u00ed<\/label><\/li>\n\t\t<li><input type=\"radio\" id=\"poll-answer-712\" name=\"poll_253\" value=\"712\" \/> <label for=\"poll-answer-712\">No<\/label><\/li>\n\t\t<li><input type=\"radio\" id=\"poll-answer-713\" name=\"poll_253\" value=\"713\" \/> <label for=\"poll-answer-713\">No ho s\u00e9<\/label><\/li>\n\t\t<\/ul><p style=\"text-align: center\"><input type=\"button\" name=\"vote\" value=\"   Vota   \" class=\"Buttons\" onclick=\"poll_vote(253);\" \/><\/p><p style=\"text-align: center\"><a href=\"#ViewPollResults\" onclick=\"poll_result(253); return false;\" title=\"View Results Of This Poll\">Mira els resultats<\/a><\/p><\/div>\n\t<\/form>\n<\/div>\n<div id=\"polls-253-loading\" class=\"wp-polls-loading\"><img decoding=\"async\" data-src=\"https:\/\/conversesacatalunya.cat\/wp-content\/plugins\/wp-polls\/images\/loading.gif\" width=\"16\" height=\"16\" alt=\"Cargando ...\" title=\"Cargando ...\" class=\"wp-polls-image lazyload\" src=\"data:image\/svg+xml;base64,PHN2ZyB3aWR0aD0iMSIgaGVpZ2h0PSIxIiB4bWxucz0iaHR0cDovL3d3dy53My5vcmcvMjAwMC9zdmciPjwvc3ZnPg==\" style=\"--smush-placeholder-width: 16px; --smush-placeholder-aspect-ratio: 16\/16;\" \/>&nbsp;Cargando ...<\/div>\n\n<p>&nbsp;<\/p>\n","protected":false},"excerpt":{"rendered":"<p>Puede parecer una sorpresa, pero eso es lo que dicen los datos del\u00a0informe anual del Ministerio del Interior 2023 sobre delitos contra la libertad sexual. Naturalmente, el liderazgo no est\u00e1 en cifras absolutas, sino en lo que realmente expresa la fotograf\u00eda de cada territorio: el\u00a0n\u00famero de casos en relaci\u00f3n con su poblaci\u00f3n\u00a0. En este caso, en relaci\u00f3n a cada 10.000 habitantes, en el ranking de delitos en esta materia, el primer lugar lo ocupan Baleares con 8,8 casos por 10.000 habitantes. El segundo es Navarra con 6,9 y el tercero, Lleida, con 6,2. Por situar una referencia de una provincia densamente poblada como Madrid, ese mismo valor se sit\u00faa en 4,5, el mismo nivel que la media nacional. Pero es que, adem\u00e1s, el quinto puesto lo ocupa la provincia de Barcelona con 5,5, el noveno Tarragona con 5,3, y en similar magnitud, Girona. Es decir,\u00a0las cuatro provincias catalanas est\u00e1n situadas entre las diez primeras espa\u00f1olas en casos de violencia. Podr\u00eda pensarse que esto es una anomal\u00eda de este a\u00f1o, pero no es as\u00ed. Si retrocedemos en la serie, podemos encontrar una composici\u00f3n de sitio similar en todos los casos, incluso peor. Por ejemplo, en 2019, Lleida tambi\u00e9n ocupaba la tercera posici\u00f3n, por detr\u00e1s de Baleares, que siempre encabezan el ranking, y de Las Palmas. Adem\u00e1s, Girona era la cuarta, Tarragona la quinta y Barcelona la sexta, con una respectiva tasa de 4,2, 4,0 y 3,9 para la capital de Catalunya. Cabe decir, adem\u00e1s, que\u00a0el conjunto de casos ha crecido de forma importante. De hecho, en la \u00faltima d\u00e9cada pasaron de 8.900 delitos de violencia y abusos sexuales a un total de 21.580. Es decir, se ha doblado con creces. De hecho, ya fue en 2021 cuando ese aumento se produjo. Por tanto, estamos ante un fen\u00f3meno masivo que no encuentra la respuesta adecuada en las pol\u00edticas que se est\u00e1n llevando a cabo. De hecho, es uno de los delitos que crece m\u00e1s a pesar de que, en cifras absolutas, ya es muy elevado y, por tanto, ser\u00eda l\u00f3gico pensar en una ralentizaci\u00f3n de su crecimiento. Por qu\u00e9 Lleida y el conjunto de Catalu\u00f1a encabezan esta din\u00e1mica es motivo de reflexi\u00f3n, ya que, en definitiva, es un territorio b\u00e1sicamente situado bajo la hegemon\u00eda del progresismo de la perspectiva de g\u00e9nero, de las campa\u00f1as continuas contra el machismo, el predominio gubernamental de pol\u00edticas feministas \u2014en muchos casos muy agresivas\u2014, as\u00ed como una intervenci\u00f3n en la escuela p\u00fablica que adoctrina de forma indebida a los menores. Todo esto, seg\u00fan la teor\u00eda progresista, deber\u00eda contribuir a un escenario opuesto al que existe actualmente; deber\u00eda reducir las agresiones sexuales, pero en realidad las multiplica y mucho. Esto indica claramente que\u00a0el camino que se est\u00e1 siguiendo es el equivocado, y que las primeras perjudicadas son las propias mujeres, que son mayoritariamente las v\u00edctimas de este tipo de delito. Peor todav\u00eda, las m\u00e1s perjudicadas son las menores, ya que de esa cifra global, casi la mitad son personas menores de 17 a\u00f1os. De hecho, el grupo con mayor prevalencia en funci\u00f3n de la edad en este tipo de delito son las adolescentes de entre 14 y 17 a\u00f1os, que se sit\u00faan por delante del grupo que, en principio, podr\u00eda pensarse que es el m\u00e1s da\u00f1ado: las j\u00f3venes hasta los 30 o 35 a\u00f1os, que ocupan la segunda posici\u00f3n. Aqu\u00ed se produce otra paradoja que ni el gobierno espa\u00f1ol ni la Generalitat de Catalunya, pese a su departamento de feminismos, han dado nunca respuesta. Mientras que para las mujeres adultas, acertadamente o no, existe un despliegue de recursos, medidas, dinero, prevenci\u00f3n, intervenci\u00f3n policial y una administraci\u00f3n de justicia a medida, para las menores de edad, las m\u00e1s perjudicadas, no hay pr\u00e1cticamente nada. Un buen gobierno deber\u00eda explicar dos cosas. Primera, por qu\u00e9 despu\u00e9s de tantos a\u00f1os de pol\u00edticas de g\u00e9nero y antimachistas, este tipo de delitos se ha m\u00e1s que doblado y Catalunya ocupa uno de los primeros puestos. Segunda, por qu\u00e9 existe un desequilibrio tan grande entre la atenci\u00f3n y los recursos destinados a las mujeres adultas y las chicas menores de edad. &nbsp;<\/p>\n","protected":false},"author":77,"featured_media":80976,"comment_status":"open","ping_status":"open","sticky":false,"template":"","format":"standard","meta":{"_FSMCFIC_featured_image_caption":"","_FSMCFIC_featured_image_nocaption":"","_FSMCFIC_featured_image_hide":"","footnotes":""},"categories":[806],"tags":[4221],"class_list":["post-80984","post","type-post","status-publish","format-standard","has-post-thumbnail","hentry","category-punts-claus-del-dia-es","tag-violencia-sexual-es"],"yoast_head":"<!-- This site is optimized with the Yoast SEO plugin v26.8 - https:\/\/yoast.com\/product\/yoast-seo-wordpress\/ -->\n<title>La provincia de Lleida lidera las agresiones y la violencia sexual en Espa\u00f1a - Converses a Catalunya<\/title>\n<meta name=\"robots\" content=\"index, follow, max-snippet:-1, max-image-preview:large, max-video-preview:-1\" \/>\n<link rel=\"canonical\" href=\"https:\/\/conversesacatalunya.cat\/es\/la-provincia-de-lleida-lidera-las-agresiones-y-la-violencia-sexual-en-espana\/\" \/>\n<meta property=\"og:locale\" content=\"es_ES\" \/>\n<meta property=\"og:type\" content=\"article\" \/>\n<meta property=\"og:title\" content=\"La provincia de Lleida lidera las agresiones y la violencia sexual en Espa\u00f1a - Converses a Catalunya\" \/>\n<meta property=\"og:description\" content=\"Puede parecer una sorpresa, pero eso es lo que dicen los datos del\u00a0informe anual del Ministerio del Interior 2023 sobre delitos contra la libertad sexual. Naturalmente, el liderazgo no est\u00e1 en cifras absolutas, sino en lo que realmente expresa la fotograf\u00eda de cada territorio: el\u00a0n\u00famero de casos en relaci\u00f3n con su poblaci\u00f3n\u00a0. En este caso, en relaci\u00f3n a cada 10.000 habitantes, en el ranking de delitos en esta materia, el primer lugar lo ocupan Baleares con 8,8 casos por 10.000 habitantes. El segundo es Navarra con 6,9 y el tercero, Lleida, con 6,2. Por situar una referencia de una provincia densamente poblada como Madrid, ese mismo valor se sit\u00faa en 4,5, el mismo nivel que la media nacional. Pero es que, adem\u00e1s, el quinto puesto lo ocupa la provincia de Barcelona con 5,5, el noveno Tarragona con 5,3, y en similar magnitud, Girona. Es decir,\u00a0las cuatro provincias catalanas est\u00e1n situadas entre las diez primeras espa\u00f1olas en casos de violencia. Podr\u00eda pensarse que esto es una anomal\u00eda de este a\u00f1o, pero no es as\u00ed. Si retrocedemos en la serie, podemos encontrar una composici\u00f3n de sitio similar en todos los casos, incluso peor. Por ejemplo, en 2019, Lleida tambi\u00e9n ocupaba la tercera posici\u00f3n, por detr\u00e1s de Baleares, que siempre encabezan el ranking, y de Las Palmas. Adem\u00e1s, Girona era la cuarta, Tarragona la quinta y Barcelona la sexta, con una respectiva tasa de 4,2, 4,0 y 3,9 para la capital de Catalunya. Cabe decir, adem\u00e1s, que\u00a0el conjunto de casos ha crecido de forma importante. De hecho, en la \u00faltima d\u00e9cada pasaron de 8.900 delitos de violencia y abusos sexuales a un total de 21.580. Es decir, se ha doblado con creces. De hecho, ya fue en 2021 cuando ese aumento se produjo. Por tanto, estamos ante un fen\u00f3meno masivo que no encuentra la respuesta adecuada en las pol\u00edticas que se est\u00e1n llevando a cabo. De hecho, es uno de los delitos que crece m\u00e1s a pesar de que, en cifras absolutas, ya es muy elevado y, por tanto, ser\u00eda l\u00f3gico pensar en una ralentizaci\u00f3n de su crecimiento. Por qu\u00e9 Lleida y el conjunto de Catalu\u00f1a encabezan esta din\u00e1mica es motivo de reflexi\u00f3n, ya que, en definitiva, es un territorio b\u00e1sicamente situado bajo la hegemon\u00eda del progresismo de la perspectiva de g\u00e9nero, de las campa\u00f1as continuas contra el machismo, el predominio gubernamental de pol\u00edticas feministas \u2014en muchos casos muy agresivas\u2014, as\u00ed como una intervenci\u00f3n en la escuela p\u00fablica que adoctrina de forma indebida a los menores. Todo esto, seg\u00fan la teor\u00eda progresista, deber\u00eda contribuir a un escenario opuesto al que existe actualmente; deber\u00eda reducir las agresiones sexuales, pero en realidad las multiplica y mucho. Esto indica claramente que\u00a0el camino que se est\u00e1 siguiendo es el equivocado, y que las primeras perjudicadas son las propias mujeres, que son mayoritariamente las v\u00edctimas de este tipo de delito. Peor todav\u00eda, las m\u00e1s perjudicadas son las menores, ya que de esa cifra global, casi la mitad son personas menores de 17 a\u00f1os. De hecho, el grupo con mayor prevalencia en funci\u00f3n de la edad en este tipo de delito son las adolescentes de entre 14 y 17 a\u00f1os, que se sit\u00faan por delante del grupo que, en principio, podr\u00eda pensarse que es el m\u00e1s da\u00f1ado: las j\u00f3venes hasta los 30 o 35 a\u00f1os, que ocupan la segunda posici\u00f3n. Aqu\u00ed se produce otra paradoja que ni el gobierno espa\u00f1ol ni la Generalitat de Catalunya, pese a su departamento de feminismos, han dado nunca respuesta. Mientras que para las mujeres adultas, acertadamente o no, existe un despliegue de recursos, medidas, dinero, prevenci\u00f3n, intervenci\u00f3n policial y una administraci\u00f3n de justicia a medida, para las menores de edad, las m\u00e1s perjudicadas, no hay pr\u00e1cticamente nada. Un buen gobierno deber\u00eda explicar dos cosas. Primera, por qu\u00e9 despu\u00e9s de tantos a\u00f1os de pol\u00edticas de g\u00e9nero y antimachistas, este tipo de delitos se ha m\u00e1s que doblado y Catalunya ocupa uno de los primeros puestos. Segunda, por qu\u00e9 existe un desequilibrio tan grande entre la atenci\u00f3n y los recursos destinados a las mujeres adultas y las chicas menores de edad. &nbsp;\" \/>\n<meta property=\"og:url\" content=\"https:\/\/conversesacatalunya.cat\/es\/la-provincia-de-lleida-lidera-las-agresiones-y-la-violencia-sexual-en-espana\/\" \/>\n<meta property=\"og:site_name\" content=\"Converses a Catalunya\" \/>\n<meta property=\"article:published_time\" content=\"2024-09-03T10:22:26+00:00\" \/>\n<meta property=\"article:modified_time\" content=\"2024-09-03T10:59:21+00:00\" \/>\n<meta property=\"og:image\" content=\"https:\/\/conversesacatalunya.cat\/wp-content\/uploads\/2024\/09\/delito-violacion.jpg\" \/>\n\t<meta property=\"og:image:width\" content=\"900\" \/>\n\t<meta property=\"og:image:height\" content=\"450\" \/>\n\t<meta property=\"og:image:type\" content=\"image\/jpeg\" \/>\n<meta name=\"author\" content=\"Enric Casanovas\" \/>\n<meta name=\"twitter:card\" content=\"summary_large_image\" \/>\n<meta name=\"twitter:label1\" content=\"Escrito por\" \/>\n\t<meta name=\"twitter:data1\" content=\"Enric Casanovas\" \/>\n\t<meta name=\"twitter:label2\" content=\"Tiempo de lectura\" \/>\n\t<meta name=\"twitter:data2\" content=\"4 minutos\" \/>\n<script type=\"application\/ld+json\" class=\"yoast-schema-graph\">{\"@context\":\"https:\/\/schema.org\",\"@graph\":[{\"@type\":\"Article\",\"@id\":\"https:\/\/conversesacatalunya.cat\/es\/la-provincia-de-lleida-lidera-las-agresiones-y-la-violencia-sexual-en-espana\/#article\",\"isPartOf\":{\"@id\":\"https:\/\/conversesacatalunya.cat\/es\/la-provincia-de-lleida-lidera-las-agresiones-y-la-violencia-sexual-en-espana\/\"},\"author\":{\"name\":\"Enric Casanovas\",\"@id\":\"https:\/\/conversesacatalunya.cat\/#\/schema\/person\/79bd0577b2f3afc8d6519d207c6e8609\"},\"headline\":\"La provincia de Lleida lidera las agresiones y la violencia sexual en Espa\u00f1a\",\"datePublished\":\"2024-09-03T10:22:26+00:00\",\"dateModified\":\"2024-09-03T10:59:21+00:00\",\"mainEntityOfPage\":{\"@id\":\"https:\/\/conversesacatalunya.cat\/es\/la-provincia-de-lleida-lidera-las-agresiones-y-la-violencia-sexual-en-espana\/\"},\"wordCount\":743,\"commentCount\":0,\"image\":{\"@id\":\"https:\/\/conversesacatalunya.cat\/es\/la-provincia-de-lleida-lidera-las-agresiones-y-la-violencia-sexual-en-espana\/#primaryimage\"},\"thumbnailUrl\":\"https:\/\/conversesacatalunya.cat\/wp-content\/uploads\/2024\/09\/delito-violacion.jpg\",\"keywords\":[\"viol\u00e8ncia sexual\"],\"articleSection\":[\"Punts clau del dia (ES)\"],\"inLanguage\":\"es\",\"potentialAction\":[{\"@type\":\"CommentAction\",\"name\":\"Comment\",\"target\":[\"https:\/\/conversesacatalunya.cat\/es\/la-provincia-de-lleida-lidera-las-agresiones-y-la-violencia-sexual-en-espana\/#respond\"]}]},{\"@type\":\"WebPage\",\"@id\":\"https:\/\/conversesacatalunya.cat\/es\/la-provincia-de-lleida-lidera-las-agresiones-y-la-violencia-sexual-en-espana\/\",\"url\":\"https:\/\/conversesacatalunya.cat\/es\/la-provincia-de-lleida-lidera-las-agresiones-y-la-violencia-sexual-en-espana\/\",\"name\":\"La provincia de Lleida lidera las agresiones y la violencia sexual en Espa\u00f1a - Converses a Catalunya\",\"isPartOf\":{\"@id\":\"https:\/\/conversesacatalunya.cat\/#website\"},\"primaryImageOfPage\":{\"@id\":\"https:\/\/conversesacatalunya.cat\/es\/la-provincia-de-lleida-lidera-las-agresiones-y-la-violencia-sexual-en-espana\/#primaryimage\"},\"image\":{\"@id\":\"https:\/\/conversesacatalunya.cat\/es\/la-provincia-de-lleida-lidera-las-agresiones-y-la-violencia-sexual-en-espana\/#primaryimage\"},\"thumbnailUrl\":\"https:\/\/conversesacatalunya.cat\/wp-content\/uploads\/2024\/09\/delito-violacion.jpg\",\"datePublished\":\"2024-09-03T10:22:26+00:00\",\"dateModified\":\"2024-09-03T10:59:21+00:00\",\"author\":{\"@id\":\"https:\/\/conversesacatalunya.cat\/#\/schema\/person\/79bd0577b2f3afc8d6519d207c6e8609\"},\"breadcrumb\":{\"@id\":\"https:\/\/conversesacatalunya.cat\/es\/la-provincia-de-lleida-lidera-las-agresiones-y-la-violencia-sexual-en-espana\/#breadcrumb\"},\"inLanguage\":\"es\",\"potentialAction\":[{\"@type\":\"ReadAction\",\"target\":[\"https:\/\/conversesacatalunya.cat\/es\/la-provincia-de-lleida-lidera-las-agresiones-y-la-violencia-sexual-en-espana\/\"]}]},{\"@type\":\"ImageObject\",\"inLanguage\":\"es\",\"@id\":\"https:\/\/conversesacatalunya.cat\/es\/la-provincia-de-lleida-lidera-las-agresiones-y-la-violencia-sexual-en-espana\/#primaryimage\",\"url\":\"https:\/\/conversesacatalunya.cat\/wp-content\/uploads\/2024\/09\/delito-violacion.jpg\",\"contentUrl\":\"https:\/\/conversesacatalunya.cat\/wp-content\/uploads\/2024\/09\/delito-violacion.jpg\",\"width\":900,\"height\":450,\"caption\":\"viol\u00e8ncia sexual\"},{\"@type\":\"BreadcrumbList\",\"@id\":\"https:\/\/conversesacatalunya.cat\/es\/la-provincia-de-lleida-lidera-las-agresiones-y-la-violencia-sexual-en-espana\/#breadcrumb\",\"itemListElement\":[{\"@type\":\"ListItem\",\"position\":1,\"name\":\"Inici\",\"item\":\"https:\/\/conversesacatalunya.cat\/es\/\"},{\"@type\":\"ListItem\",\"position\":2,\"name\":\"La provincia de Lleida lidera las agresiones y la violencia sexual en Espa\u00f1a\"}]},{\"@type\":\"WebSite\",\"@id\":\"https:\/\/conversesacatalunya.cat\/#website\",\"url\":\"https:\/\/conversesacatalunya.cat\/\",\"name\":\"Converses a Catalunya\",\"description\":\"\",\"potentialAction\":[{\"@type\":\"SearchAction\",\"target\":{\"@type\":\"EntryPoint\",\"urlTemplate\":\"https:\/\/conversesacatalunya.cat\/?s={search_term_string}\"},\"query-input\":{\"@type\":\"PropertyValueSpecification\",\"valueRequired\":true,\"valueName\":\"search_term_string\"}}],\"inLanguage\":\"es\"},{\"@type\":\"Person\",\"@id\":\"https:\/\/conversesacatalunya.cat\/#\/schema\/person\/79bd0577b2f3afc8d6519d207c6e8609\",\"name\":\"Enric Casanovas\",\"image\":{\"@type\":\"ImageObject\",\"inLanguage\":\"es\",\"@id\":\"https:\/\/conversesacatalunya.cat\/#\/schema\/person\/image\/\",\"url\":\"https:\/\/conversesacatalunya.cat\/wp-content\/litespeed\/avatar\/7ae4379ad4421ec77820e92afd36dd78.jpg?ver=1777373933\",\"contentUrl\":\"https:\/\/conversesacatalunya.cat\/wp-content\/litespeed\/avatar\/7ae4379ad4421ec77820e92afd36dd78.jpg?ver=1777373933\",\"caption\":\"Enric Casanovas\"},\"url\":\"https:\/\/conversesacatalunya.cat\/es\/author\/enric-casanovas\/\"}]}<\/script>\n<!-- \/ Yoast SEO plugin. -->","yoast_head_json":{"title":"La provincia de Lleida lidera las agresiones y la violencia sexual en Espa\u00f1a - Converses a Catalunya","robots":{"index":"index","follow":"follow","max-snippet":"max-snippet:-1","max-image-preview":"max-image-preview:large","max-video-preview":"max-video-preview:-1"},"canonical":"https:\/\/conversesacatalunya.cat\/es\/la-provincia-de-lleida-lidera-las-agresiones-y-la-violencia-sexual-en-espana\/","og_locale":"es_ES","og_type":"article","og_title":"La provincia de Lleida lidera las agresiones y la violencia sexual en Espa\u00f1a - Converses a Catalunya","og_description":"Puede parecer una sorpresa, pero eso es lo que dicen los datos del\u00a0informe anual del Ministerio del Interior 2023 sobre delitos contra la libertad sexual. Naturalmente, el liderazgo no est\u00e1 en cifras absolutas, sino en lo que realmente expresa la fotograf\u00eda de cada territorio: el\u00a0n\u00famero de casos en relaci\u00f3n con su poblaci\u00f3n\u00a0. En este caso, en relaci\u00f3n a cada 10.000 habitantes, en el ranking de delitos en esta materia, el primer lugar lo ocupan Baleares con 8,8 casos por 10.000 habitantes. El segundo es Navarra con 6,9 y el tercero, Lleida, con 6,2. Por situar una referencia de una provincia densamente poblada como Madrid, ese mismo valor se sit\u00faa en 4,5, el mismo nivel que la media nacional. Pero es que, adem\u00e1s, el quinto puesto lo ocupa la provincia de Barcelona con 5,5, el noveno Tarragona con 5,3, y en similar magnitud, Girona. Es decir,\u00a0las cuatro provincias catalanas est\u00e1n situadas entre las diez primeras espa\u00f1olas en casos de violencia. Podr\u00eda pensarse que esto es una anomal\u00eda de este a\u00f1o, pero no es as\u00ed. Si retrocedemos en la serie, podemos encontrar una composici\u00f3n de sitio similar en todos los casos, incluso peor. Por ejemplo, en 2019, Lleida tambi\u00e9n ocupaba la tercera posici\u00f3n, por detr\u00e1s de Baleares, que siempre encabezan el ranking, y de Las Palmas. Adem\u00e1s, Girona era la cuarta, Tarragona la quinta y Barcelona la sexta, con una respectiva tasa de 4,2, 4,0 y 3,9 para la capital de Catalunya. Cabe decir, adem\u00e1s, que\u00a0el conjunto de casos ha crecido de forma importante. De hecho, en la \u00faltima d\u00e9cada pasaron de 8.900 delitos de violencia y abusos sexuales a un total de 21.580. Es decir, se ha doblado con creces. De hecho, ya fue en 2021 cuando ese aumento se produjo. Por tanto, estamos ante un fen\u00f3meno masivo que no encuentra la respuesta adecuada en las pol\u00edticas que se est\u00e1n llevando a cabo. De hecho, es uno de los delitos que crece m\u00e1s a pesar de que, en cifras absolutas, ya es muy elevado y, por tanto, ser\u00eda l\u00f3gico pensar en una ralentizaci\u00f3n de su crecimiento. Por qu\u00e9 Lleida y el conjunto de Catalu\u00f1a encabezan esta din\u00e1mica es motivo de reflexi\u00f3n, ya que, en definitiva, es un territorio b\u00e1sicamente situado bajo la hegemon\u00eda del progresismo de la perspectiva de g\u00e9nero, de las campa\u00f1as continuas contra el machismo, el predominio gubernamental de pol\u00edticas feministas \u2014en muchos casos muy agresivas\u2014, as\u00ed como una intervenci\u00f3n en la escuela p\u00fablica que adoctrina de forma indebida a los menores. Todo esto, seg\u00fan la teor\u00eda progresista, deber\u00eda contribuir a un escenario opuesto al que existe actualmente; deber\u00eda reducir las agresiones sexuales, pero en realidad las multiplica y mucho. Esto indica claramente que\u00a0el camino que se est\u00e1 siguiendo es el equivocado, y que las primeras perjudicadas son las propias mujeres, que son mayoritariamente las v\u00edctimas de este tipo de delito. Peor todav\u00eda, las m\u00e1s perjudicadas son las menores, ya que de esa cifra global, casi la mitad son personas menores de 17 a\u00f1os. De hecho, el grupo con mayor prevalencia en funci\u00f3n de la edad en este tipo de delito son las adolescentes de entre 14 y 17 a\u00f1os, que se sit\u00faan por delante del grupo que, en principio, podr\u00eda pensarse que es el m\u00e1s da\u00f1ado: las j\u00f3venes hasta los 30 o 35 a\u00f1os, que ocupan la segunda posici\u00f3n. Aqu\u00ed se produce otra paradoja que ni el gobierno espa\u00f1ol ni la Generalitat de Catalunya, pese a su departamento de feminismos, han dado nunca respuesta. Mientras que para las mujeres adultas, acertadamente o no, existe un despliegue de recursos, medidas, dinero, prevenci\u00f3n, intervenci\u00f3n policial y una administraci\u00f3n de justicia a medida, para las menores de edad, las m\u00e1s perjudicadas, no hay pr\u00e1cticamente nada. Un buen gobierno deber\u00eda explicar dos cosas. Primera, por qu\u00e9 despu\u00e9s de tantos a\u00f1os de pol\u00edticas de g\u00e9nero y antimachistas, este tipo de delitos se ha m\u00e1s que doblado y Catalunya ocupa uno de los primeros puestos. Segunda, por qu\u00e9 existe un desequilibrio tan grande entre la atenci\u00f3n y los recursos destinados a las mujeres adultas y las chicas menores de edad. &nbsp;","og_url":"https:\/\/conversesacatalunya.cat\/es\/la-provincia-de-lleida-lidera-las-agresiones-y-la-violencia-sexual-en-espana\/","og_site_name":"Converses a Catalunya","article_published_time":"2024-09-03T10:22:26+00:00","article_modified_time":"2024-09-03T10:59:21+00:00","og_image":[{"width":900,"height":450,"url":"https:\/\/conversesacatalunya.cat\/wp-content\/uploads\/2024\/09\/delito-violacion.jpg","type":"image\/jpeg"}],"author":"Enric Casanovas","twitter_card":"summary_large_image","twitter_misc":{"Escrito por":"Enric Casanovas","Tiempo de lectura":"4 minutos"},"schema":{"@context":"https:\/\/schema.org","@graph":[{"@type":"Article","@id":"https:\/\/conversesacatalunya.cat\/es\/la-provincia-de-lleida-lidera-las-agresiones-y-la-violencia-sexual-en-espana\/#article","isPartOf":{"@id":"https:\/\/conversesacatalunya.cat\/es\/la-provincia-de-lleida-lidera-las-agresiones-y-la-violencia-sexual-en-espana\/"},"author":{"name":"Enric Casanovas","@id":"https:\/\/conversesacatalunya.cat\/#\/schema\/person\/79bd0577b2f3afc8d6519d207c6e8609"},"headline":"La provincia de Lleida lidera las agresiones y la violencia sexual en Espa\u00f1a","datePublished":"2024-09-03T10:22:26+00:00","dateModified":"2024-09-03T10:59:21+00:00","mainEntityOfPage":{"@id":"https:\/\/conversesacatalunya.cat\/es\/la-provincia-de-lleida-lidera-las-agresiones-y-la-violencia-sexual-en-espana\/"},"wordCount":743,"commentCount":0,"image":{"@id":"https:\/\/conversesacatalunya.cat\/es\/la-provincia-de-lleida-lidera-las-agresiones-y-la-violencia-sexual-en-espana\/#primaryimage"},"thumbnailUrl":"https:\/\/conversesacatalunya.cat\/wp-content\/uploads\/2024\/09\/delito-violacion.jpg","keywords":["viol\u00e8ncia sexual"],"articleSection":["Punts clau del dia (ES)"],"inLanguage":"es","potentialAction":[{"@type":"CommentAction","name":"Comment","target":["https:\/\/conversesacatalunya.cat\/es\/la-provincia-de-lleida-lidera-las-agresiones-y-la-violencia-sexual-en-espana\/#respond"]}]},{"@type":"WebPage","@id":"https:\/\/conversesacatalunya.cat\/es\/la-provincia-de-lleida-lidera-las-agresiones-y-la-violencia-sexual-en-espana\/","url":"https:\/\/conversesacatalunya.cat\/es\/la-provincia-de-lleida-lidera-las-agresiones-y-la-violencia-sexual-en-espana\/","name":"La provincia de Lleida lidera las agresiones y la violencia sexual en Espa\u00f1a - Converses a Catalunya","isPartOf":{"@id":"https:\/\/conversesacatalunya.cat\/#website"},"primaryImageOfPage":{"@id":"https:\/\/conversesacatalunya.cat\/es\/la-provincia-de-lleida-lidera-las-agresiones-y-la-violencia-sexual-en-espana\/#primaryimage"},"image":{"@id":"https:\/\/conversesacatalunya.cat\/es\/la-provincia-de-lleida-lidera-las-agresiones-y-la-violencia-sexual-en-espana\/#primaryimage"},"thumbnailUrl":"https:\/\/conversesacatalunya.cat\/wp-content\/uploads\/2024\/09\/delito-violacion.jpg","datePublished":"2024-09-03T10:22:26+00:00","dateModified":"2024-09-03T10:59:21+00:00","author":{"@id":"https:\/\/conversesacatalunya.cat\/#\/schema\/person\/79bd0577b2f3afc8d6519d207c6e8609"},"breadcrumb":{"@id":"https:\/\/conversesacatalunya.cat\/es\/la-provincia-de-lleida-lidera-las-agresiones-y-la-violencia-sexual-en-espana\/#breadcrumb"},"inLanguage":"es","potentialAction":[{"@type":"ReadAction","target":["https:\/\/conversesacatalunya.cat\/es\/la-provincia-de-lleida-lidera-las-agresiones-y-la-violencia-sexual-en-espana\/"]}]},{"@type":"ImageObject","inLanguage":"es","@id":"https:\/\/conversesacatalunya.cat\/es\/la-provincia-de-lleida-lidera-las-agresiones-y-la-violencia-sexual-en-espana\/#primaryimage","url":"https:\/\/conversesacatalunya.cat\/wp-content\/uploads\/2024\/09\/delito-violacion.jpg","contentUrl":"https:\/\/conversesacatalunya.cat\/wp-content\/uploads\/2024\/09\/delito-violacion.jpg","width":900,"height":450,"caption":"viol\u00e8ncia sexual"},{"@type":"BreadcrumbList","@id":"https:\/\/conversesacatalunya.cat\/es\/la-provincia-de-lleida-lidera-las-agresiones-y-la-violencia-sexual-en-espana\/#breadcrumb","itemListElement":[{"@type":"ListItem","position":1,"name":"Inici","item":"https:\/\/conversesacatalunya.cat\/es\/"},{"@type":"ListItem","position":2,"name":"La provincia de Lleida lidera las agresiones y la violencia sexual en Espa\u00f1a"}]},{"@type":"WebSite","@id":"https:\/\/conversesacatalunya.cat\/#website","url":"https:\/\/conversesacatalunya.cat\/","name":"Converses a Catalunya","description":"","potentialAction":[{"@type":"SearchAction","target":{"@type":"EntryPoint","urlTemplate":"https:\/\/conversesacatalunya.cat\/?s={search_term_string}"},"query-input":{"@type":"PropertyValueSpecification","valueRequired":true,"valueName":"search_term_string"}}],"inLanguage":"es"},{"@type":"Person","@id":"https:\/\/conversesacatalunya.cat\/#\/schema\/person\/79bd0577b2f3afc8d6519d207c6e8609","name":"Enric Casanovas","image":{"@type":"ImageObject","inLanguage":"es","@id":"https:\/\/conversesacatalunya.cat\/#\/schema\/person\/image\/","url":"https:\/\/conversesacatalunya.cat\/wp-content\/litespeed\/avatar\/7ae4379ad4421ec77820e92afd36dd78.jpg?ver=1777373933","contentUrl":"https:\/\/conversesacatalunya.cat\/wp-content\/litespeed\/avatar\/7ae4379ad4421ec77820e92afd36dd78.jpg?ver=1777373933","caption":"Enric Casanovas"},"url":"https:\/\/conversesacatalunya.cat\/es\/author\/enric-casanovas\/"}]}},"wps_subtitle":"","_links":{"self":[{"href":"https:\/\/conversesacatalunya.cat\/es\/wp-json\/wp\/v2\/posts\/80984","targetHints":{"allow":["GET"]}}],"collection":[{"href":"https:\/\/conversesacatalunya.cat\/es\/wp-json\/wp\/v2\/posts"}],"about":[{"href":"https:\/\/conversesacatalunya.cat\/es\/wp-json\/wp\/v2\/types\/post"}],"author":[{"embeddable":true,"href":"https:\/\/conversesacatalunya.cat\/es\/wp-json\/wp\/v2\/users\/77"}],"replies":[{"embeddable":true,"href":"https:\/\/conversesacatalunya.cat\/es\/wp-json\/wp\/v2\/comments?post=80984"}],"version-history":[{"count":2,"href":"https:\/\/conversesacatalunya.cat\/es\/wp-json\/wp\/v2\/posts\/80984\/revisions"}],"predecessor-version":[{"id":80986,"href":"https:\/\/conversesacatalunya.cat\/es\/wp-json\/wp\/v2\/posts\/80984\/revisions\/80986"}],"wp:featuredmedia":[{"embeddable":true,"href":"https:\/\/conversesacatalunya.cat\/es\/wp-json\/wp\/v2\/media\/80976"}],"wp:attachment":[{"href":"https:\/\/conversesacatalunya.cat\/es\/wp-json\/wp\/v2\/media?parent=80984"}],"wp:term":[{"taxonomy":"category","embeddable":true,"href":"https:\/\/conversesacatalunya.cat\/es\/wp-json\/wp\/v2\/categories?post=80984"},{"taxonomy":"post_tag","embeddable":true,"href":"https:\/\/conversesacatalunya.cat\/es\/wp-json\/wp\/v2\/tags?post=80984"}],"curies":[{"name":"wp","href":"https:\/\/api.w.org\/{rel}","templated":true}]}}