{"id":80940,"date":"2024-09-02T12:58:19","date_gmt":"2024-09-02T10:58:19","guid":{"rendered":"https:\/\/conversesacatalunya.cat\/eleccions-parcials-a-alemanya-el-cost-de-la-guerra-ducraina\/"},"modified":"2024-09-02T13:10:47","modified_gmt":"2024-09-02T11:10:47","slug":"elecciones-parciales-en-alemania-el-coste-de-la-guerra-de-ucrania","status":"publish","type":"post","link":"https:\/\/conversesacatalunya.cat\/es\/elecciones-parciales-en-alemania-el-coste-de-la-guerra-de-ucrania\/","title":{"rendered":"Elecciones parciales en Alemania: el coste de la guerra de Ucrania"},"content":{"rendered":"<p><span>Las encuestas han acertado de lleno y las elecciones a los\u00a0<\/span><em><span>L\u00e4nder<\/span><\/em><span>\u00a0de la Alemania del Este,\u00a0<\/span><strong><span>Turingia y Sajonia<\/span><\/strong><span>, se han resuelto de acuerdo con lo previsto.<\/span><\/p>\n<h3><span>Resultados en Turingia<\/span><\/h3>\n<p><span>En el caso de Turingia, el resultado ha sido:<\/span><\/p>\n<ul>\n<li><span>Alternativa por Alemania (AfD): 33,4%<\/span><\/li>\n<li><span>Uni\u00f3n Cristianodem\u00f3crata (CDU): 24%<\/span><\/li>\n<li><span>Alianza Sarah Wagenknecht (BSW): 16%<\/span><\/li>\n<li><span>La Izquierda (Die Linke): 12%<\/span><\/li>\n<li><span>Partido Socialdem\u00f3crata (SPD): 10%<\/span><\/li>\n<li><span>Los Verdes (Die Gr\u00fcnen): 6%<\/span><\/li>\n<li><span>Partido Liberal Democr\u00e1tico (FDP): 5%<\/span><\/li>\n<\/ul>\n<p><span>Por tanto, el\u00a0<\/span><strong><span>triunfo de la AfD ha sido claro<\/span><\/strong><span>, superando la CDU por 9 puntos. Tambi\u00e9n es remarcable que la Alianza Sarah Wagenknecht haya alcanzado el 16%. Esta fuerza, una escisi\u00f3n de la izquierda de Die Linke, tiene muchos puntos de contacto con la AfD: ambas son contrarias a la guerra de Ucrania y partidarias de recuperar la buena relaci\u00f3n con Rusia, rechazan la inmigraci\u00f3n con contundencia y defienden una mejora de los salarios.<\/span><\/p>\n<p><span>Estos tres puntos podr\u00edan hacer posible lo que en principio puede parecer contra natura: una alianza entre la derecha y la izquierda extrema, que alcanzar\u00edan pr\u00e1cticamente el 50% de los votos. La alternativa ser\u00eda una gran alianza encabezada por la CDU y con los tres partidos del gobierno, pero \u00e9sta quedar\u00eda lejos del 50% de los votos. Adem\u00e1s, tanto la socialdemocracia como los verdes y liberales son una losa electoral que tienden a restar.<\/span><\/p>\n<p><span>Cabe subrayar la ca\u00edda extraordinaria de la izquierda (Die Linke), que ha pasado de encabezar las anteriores elecciones y gobernar al <\/span><em><span>Land<\/span><\/em><span> al actual 12%.<\/span><\/p>\n<h3><span>Resultados en Sajonia<\/span><\/h3>\n<p><span>En Sajonia, los resultados han sido los siguientes:<\/span><\/p>\n<ul>\n<li><span>Uni\u00f3n Cristianodem\u00f3crata (CDU): 31,5%<\/span><\/li>\n<li><span>Alternativa por Alemania (AfD): 30%<\/span><\/li>\n<li><span>Alianza Sarah Wagenknecht (BSW): 12%<\/span><\/li>\n<li><span>Partido Socialdem\u00f3crata (SPD): 14%<\/span><\/li>\n<li><span>La Izquierda (Die Linke): 8%<\/span><\/li>\n<li><span>Los Verdes (Die Gr\u00fcnen): 7%<\/span><\/li>\n<li><span>Partido Liberal Democr\u00e1tico (FDP): 4%<\/span><\/li>\n<\/ul>\n<p><span>En Sajonia\u00a0<\/span><strong><span>ha ganado por muy poco la CDU<\/span><\/strong><span>, con una diferencia de menos de 2 puntos respecto a la AfD. Estas dos fuerzas sumadas son claramente hegem\u00f3nicas, superando el 60% de los votos.<\/span><\/p>\n<p><span>A diferencia de Turingia, ni siquiera num\u00e9ricamente tiene sentido una alianza de la derecha y la izquierda extremas, porque quedan lejos de la mitad de los votos. Algo no menor es que en este caso los liberales no tendr\u00e1n representaci\u00f3n en el Parlament, porque no han alcanzado el 5%.<\/span><\/p>\n<h3><span>El declive de los partidos gubernamentales<\/span><\/h3>\n<p><span>No es un dato menor que los tres partidos del gobierno hayan obtenido s\u00f3lo entre\u00a0<\/span><strong><span>1 de cada 4 \u00f3 1 de cada 5 votos emitidos<\/span><\/strong><span>. Esto hace muy dif\u00edcil que no acaben avanzando las elecciones, porque la fragilidad del llamado gobierno sem\u00e1foro \u2014rojo, verde y amarillo (socialdem\u00f3cratas, verdes y liberales)\u2014 es evidente.<\/span><\/p>\n<h3><span>Causas de la revoluci\u00f3n pol\u00edtica en Alemania del Este<\/span><\/h3>\n<p><span>\u00bfCu\u00e1les son las causas de fondo de este tipo de revoluci\u00f3n pol\u00edtica que se ha producido en estos dos\u00a0<\/span><em><span>L\u00e4nder<\/span><\/em><span>\u00a0del este de Alemania? Hay unas\u00a0<\/span><strong><span>causas estructurales<\/span><\/strong><span>. Por un lado, no se ha superado del todo la diferencia entre las dos Alemanias, la del bloque del este y el occidental.<\/span><\/p>\n<p><span>A esto sele\u00a0 a\u00f1ade que el mundo rural, importante en estos territorios, sobre todo en Turingia, se siente desatendido frente a las grandes ciudades. No es un fen\u00f3meno desconocido, porque tiene gran intensidad en Francia.<\/span><\/p>\n<p><span>Por debajo de todo esto existe una parte de la poblaci\u00f3n, que los estudios sociol\u00f3gicos sit\u00faan en el 10%, que tiene una orientaci\u00f3n autoritaria y xen\u00f3foba. Tambi\u00e9n existe como factor explosivo determinante la reacci\u00f3n negativa hacia la inmigraci\u00f3n.<\/span><\/p>\n<h3><span>La inmigraci\u00f3n y la reacci\u00f3n pol\u00edtica<\/span><\/h3>\n<p><span>La medida extrema y reciente de deportar a 28 afganos, pese al r\u00e9gimen talib\u00e1n, que adopt\u00f3 el gobierno alem\u00e1n ante las elecciones, da una idea de c\u00f3mo van las cosas. Hasta ahora, las deportaciones eran una palabra casi proscrita en la coalici\u00f3n del gobierno, aunque Alemania es uno de los pa\u00edses que m\u00e1s las ha llevado a cabo en el primer trimestre del a\u00f1o, junto con Suecia y Francia.<\/span><\/p>\n<p><span>Por cierto, tambi\u00e9n Espa\u00f1a encabeza este ranking, pese al discurso del gobierno, que como nos tiene habituados, por un lado, va el relato y, por otro, la pr\u00e1ctica, porque ha expulsado a cerca de 3.000 personas. Casi el triple de las que ha llevado a cabo el gobierno de Meloni en Italia, aunque los estereotipos de los medios de comunicaci\u00f3n presenten unas im\u00e1genes inversas a los comportamientos reales.<\/span><\/p>\n<p><span>A ello hay que a\u00f1adir que Meloni ha logrado una reducci\u00f3n sustancial de la entrada de flujos ilegales, mientras que en Espa\u00f1a se han multiplicado.<\/span><\/p>\n<h3><span>La guerra de Ucrania y la crisis econ\u00f3mica en Alemania<\/span><\/h3>\n<p><span>Pese a estos factores, el elemento que ha disparado las expectativas de los radicales y ha hundido al gobierno de coalici\u00f3n es la\u00a0<\/span><strong><span>grave crisis econ\u00f3mica<\/span><\/strong><span>\u00a0que vive Alemania, instalada desde hace meses en la frontera de la recesi\u00f3n econ\u00f3mica. La causa de esa p\u00e9rdida del motor econ\u00f3mico de Europa no es otra que la guerra de Ucrania y el conflicto con Rusia.<\/span><\/p>\n<p><span>Rusia era un socio ideal para Alemania. Le aportaba energ\u00eda con seguridad y a buen precio; de ah\u00ed los dos grandes gasoductos que un\u00edan directamente a ambos pa\u00edses (el segundo y m\u00e1s reciente fue saboteado por un grupo ucraniano). Asimismo, Rusia era un buen mercado para los productos industriales alemanes.<\/span><\/p>\n<p><span>Esta asociaci\u00f3n era tan importante que permiti\u00f3 a Merkel acordar una decisi\u00f3n revolucionaria: poner fecha para cerrar todas las centrales nucleares. Ahora, con el conflicto de Ucrania, el gas ruso no llega, el sustituto \u2014sobre todo gas licuado de EE.UU.\u2014 es mucho m\u00e1s caro, y las exportaciones se han paralizado.<\/span><\/p>\n<h3><span>Efectos de las sanciones en Rusia<\/span><\/h3>\n<p><span>Es una paradoja. Las sanciones no han afectado a Rusia, que se ha abierto a otras posibilidades al margen de Occidente con China, India y el Sur Global, pero han hecho mucho da\u00f1o al coraz\u00f3n industrial de Europa, a Alemania, y progresivamente sus efectos se notar\u00e1n en toda la UE.<\/span><\/p>\n<p><span>La guerra de Ucrania primero provoc\u00f3 un fen\u00f3meno inflacionario del que apenas estamos saliendo. Y, a continuaci\u00f3n, ha generado una depresi\u00f3n econ\u00f3mica. De ah\u00ed que ambos partidos, Alternativa por Alemania y la Alianza Sarah Wagenknecht, que llevan a su programa dejar de contribuir a la guerra y reconstruir la paz y la colaboraci\u00f3n con Rusia, se hayan visto premiados en las elecciones.<\/span><\/p>\n<p><span>Por lo que se ha apuntado, no es la \u00fanica raz\u00f3n, pero s\u00ed es el catalizador final de una serie de factores que demuestran c\u00f3mo\u00a0<\/span><strong><span>el conflicto con Mosc\u00fa est\u00e1 erosionando gravemente a la UE<\/span><\/strong><span>. Y recordemos que la erosi\u00f3n nunca es espectacular observada a corto plazo, pero es terriblemente destructiva y dif\u00edcil de revertir si no se detiene.<\/span><\/p>\n<div id=\"polls-253\" class=\"wp-polls\">\n\t<form id=\"polls_form_253\" class=\"wp-polls-form\" action=\"\/index.php\" method=\"post\">\n\t\t<p style=\"display: none;\"><input type=\"hidden\" id=\"poll_253_nonce\" name=\"wp-polls-nonce\" value=\"2236f9c4ca\" \/><\/p>\n\t\t<p style=\"display: none;\"><input type=\"hidden\" name=\"poll_id\" value=\"253\" \/><\/p>\n\t\t<p style=\"text-align: center\"><strong>Creus que el govern espanyol fa una bona pol\u00edtica migrat\u00f2ria?<\/strong><\/p><div id=\"polls-253-ans\" class=\"wp-polls-ans\"><ul class=\"wp-polls-ul\">\n\t\t<li><input type=\"radio\" id=\"poll-answer-711\" name=\"poll_253\" value=\"711\" \/> <label for=\"poll-answer-711\">S\u00ed<\/label><\/li>\n\t\t<li><input type=\"radio\" id=\"poll-answer-712\" name=\"poll_253\" value=\"712\" \/> <label for=\"poll-answer-712\">No<\/label><\/li>\n\t\t<li><input type=\"radio\" id=\"poll-answer-713\" name=\"poll_253\" value=\"713\" \/> <label for=\"poll-answer-713\">No ho s\u00e9<\/label><\/li>\n\t\t<\/ul><p style=\"text-align: center\"><input type=\"button\" name=\"vote\" value=\"   Vota   \" class=\"Buttons\" onclick=\"poll_vote(253);\" \/><\/p><p style=\"text-align: center\"><a href=\"#ViewPollResults\" onclick=\"poll_result(253); return false;\" title=\"View Results Of This Poll\">Mira els resultats<\/a><\/p><\/div>\n\t<\/form>\n<\/div>\n<div id=\"polls-253-loading\" class=\"wp-polls-loading\"><img decoding=\"async\" data-src=\"https:\/\/conversesacatalunya.cat\/wp-content\/plugins\/wp-polls\/images\/loading.gif\" width=\"16\" height=\"16\" alt=\"Cargando ...\" title=\"Cargando ...\" class=\"wp-polls-image lazyload\" src=\"data:image\/svg+xml;base64,PHN2ZyB3aWR0aD0iMSIgaGVpZ2h0PSIxIiB4bWxucz0iaHR0cDovL3d3dy53My5vcmcvMjAwMC9zdmciPjwvc3ZnPg==\" style=\"--smush-placeholder-width: 16px; --smush-placeholder-aspect-ratio: 16\/16;\" \/>&nbsp;Cargando ...<\/div>\n\n","protected":false},"excerpt":{"rendered":"<p>Las encuestas han acertado de lleno y las elecciones a los\u00a0L\u00e4nder\u00a0de la Alemania del Este,\u00a0Turingia y Sajonia, se han resuelto de acuerdo con lo previsto. Resultados en Turingia En el caso de Turingia, el resultado ha sido: Alternativa por Alemania (AfD): 33,4% Uni\u00f3n Cristianodem\u00f3crata (CDU): 24% Alianza Sarah Wagenknecht (BSW): 16% La Izquierda (Die Linke): 12% Partido Socialdem\u00f3crata (SPD): 10% Los Verdes (Die Gr\u00fcnen): 6% Partido Liberal Democr\u00e1tico (FDP): 5% Por tanto, el\u00a0triunfo de la AfD ha sido claro, superando la CDU por 9 puntos. Tambi\u00e9n es remarcable que la Alianza Sarah Wagenknecht haya alcanzado el 16%. Esta fuerza, una escisi\u00f3n de la izquierda de Die Linke, tiene muchos puntos de contacto con la AfD: ambas son contrarias a la guerra de Ucrania y partidarias de recuperar la buena relaci\u00f3n con Rusia, rechazan la inmigraci\u00f3n con contundencia y defienden una mejora de los salarios. Estos tres puntos podr\u00edan hacer posible lo que en principio puede parecer contra natura: una alianza entre la derecha y la izquierda extrema, que alcanzar\u00edan pr\u00e1cticamente el 50% de los votos. La alternativa ser\u00eda una gran alianza encabezada por la CDU y con los tres partidos del gobierno, pero \u00e9sta quedar\u00eda lejos del 50% de los votos. Adem\u00e1s, tanto la socialdemocracia como los verdes y liberales son una losa electoral que tienden a restar. Cabe subrayar la ca\u00edda extraordinaria de la izquierda (Die Linke), que ha pasado de encabezar las anteriores elecciones y gobernar al Land al actual 12%. Resultados en Sajonia En Sajonia, los resultados han sido los siguientes: Uni\u00f3n Cristianodem\u00f3crata (CDU): 31,5% Alternativa por Alemania (AfD): 30% Alianza Sarah Wagenknecht (BSW): 12% Partido Socialdem\u00f3crata (SPD): 14% La Izquierda (Die Linke): 8% Los Verdes (Die Gr\u00fcnen): 7% Partido Liberal Democr\u00e1tico (FDP): 4% En Sajonia\u00a0ha ganado por muy poco la CDU, con una diferencia de menos de 2 puntos respecto a la AfD. Estas dos fuerzas sumadas son claramente hegem\u00f3nicas, superando el 60% de los votos. A diferencia de Turingia, ni siquiera num\u00e9ricamente tiene sentido una alianza de la derecha y la izquierda extremas, porque quedan lejos de la mitad de los votos. Algo no menor es que en este caso los liberales no tendr\u00e1n representaci\u00f3n en el Parlament, porque no han alcanzado el 5%. El declive de los partidos gubernamentales No es un dato menor que los tres partidos del gobierno hayan obtenido s\u00f3lo entre\u00a01 de cada 4 \u00f3 1 de cada 5 votos emitidos. Esto hace muy dif\u00edcil que no acaben avanzando las elecciones, porque la fragilidad del llamado gobierno sem\u00e1foro \u2014rojo, verde y amarillo (socialdem\u00f3cratas, verdes y liberales)\u2014 es evidente. Causas de la revoluci\u00f3n pol\u00edtica en Alemania del Este \u00bfCu\u00e1les son las causas de fondo de este tipo de revoluci\u00f3n pol\u00edtica que se ha producido en estos dos\u00a0L\u00e4nder\u00a0del este de Alemania? Hay unas\u00a0causas estructurales. Por un lado, no se ha superado del todo la diferencia entre las dos Alemanias, la del bloque del este y el occidental. A esto sele\u00a0 a\u00f1ade que el mundo rural, importante en estos territorios, sobre todo en Turingia, se siente desatendido frente a las grandes ciudades. No es un fen\u00f3meno desconocido, porque tiene gran intensidad en Francia. Por debajo de todo esto existe una parte de la poblaci\u00f3n, que los estudios sociol\u00f3gicos sit\u00faan en el 10%, que tiene una orientaci\u00f3n autoritaria y xen\u00f3foba. Tambi\u00e9n existe como factor explosivo determinante la reacci\u00f3n negativa hacia la inmigraci\u00f3n. La inmigraci\u00f3n y la reacci\u00f3n pol\u00edtica La medida extrema y reciente de deportar a 28 afganos, pese al r\u00e9gimen talib\u00e1n, que adopt\u00f3 el gobierno alem\u00e1n ante las elecciones, da una idea de c\u00f3mo van las cosas. Hasta ahora, las deportaciones eran una palabra casi proscrita en la coalici\u00f3n del gobierno, aunque Alemania es uno de los pa\u00edses que m\u00e1s las ha llevado a cabo en el primer trimestre del a\u00f1o, junto con Suecia y Francia. Por cierto, tambi\u00e9n Espa\u00f1a encabeza este ranking, pese al discurso del gobierno, que como nos tiene habituados, por un lado, va el relato y, por otro, la pr\u00e1ctica, porque ha expulsado a cerca de 3.000 personas. Casi el triple de las que ha llevado a cabo el gobierno de Meloni en Italia, aunque los estereotipos de los medios de comunicaci\u00f3n presenten unas im\u00e1genes inversas a los comportamientos reales. A ello hay que a\u00f1adir que Meloni ha logrado una reducci\u00f3n sustancial de la entrada de flujos ilegales, mientras que en Espa\u00f1a se han multiplicado. La guerra de Ucrania y la crisis econ\u00f3mica en Alemania Pese a estos factores, el elemento que ha disparado las expectativas de los radicales y ha hundido al gobierno de coalici\u00f3n es la\u00a0grave crisis econ\u00f3mica\u00a0que vive Alemania, instalada desde hace meses en la frontera de la recesi\u00f3n econ\u00f3mica. La causa de esa p\u00e9rdida del motor econ\u00f3mico de Europa no es otra que la guerra de Ucrania y el conflicto con Rusia. Rusia era un socio ideal para Alemania. Le aportaba energ\u00eda con seguridad y a buen precio; de ah\u00ed los dos grandes gasoductos que un\u00edan directamente a ambos pa\u00edses (el segundo y m\u00e1s reciente fue saboteado por un grupo ucraniano). Asimismo, Rusia era un buen mercado para los productos industriales alemanes. Esta asociaci\u00f3n era tan importante que permiti\u00f3 a Merkel acordar una decisi\u00f3n revolucionaria: poner fecha para cerrar todas las centrales nucleares. Ahora, con el conflicto de Ucrania, el gas ruso no llega, el sustituto \u2014sobre todo gas licuado de EE.UU.\u2014 es mucho m\u00e1s caro, y las exportaciones se han paralizado. Efectos de las sanciones en Rusia Es una paradoja. Las sanciones no han afectado a Rusia, que se ha abierto a otras posibilidades al margen de Occidente con China, India y el Sur Global, pero han hecho mucho da\u00f1o al coraz\u00f3n industrial de Europa, a Alemania, y progresivamente sus efectos se notar\u00e1n en toda la UE. La guerra de Ucrania primero provoc\u00f3 un fen\u00f3meno inflacionario del que apenas estamos saliendo. Y, a continuaci\u00f3n, ha generado una depresi\u00f3n econ\u00f3mica. De ah\u00ed que ambos partidos, Alternativa por Alemania y la Alianza Sarah Wagenknecht, que llevan a su programa dejar de contribuir a la guerra y&#8230;<\/p>\n","protected":false},"author":81,"featured_media":80937,"comment_status":"open","ping_status":"open","sticky":false,"template":"","format":"standard","meta":{"_FSMCFIC_featured_image_caption":"","_FSMCFIC_featured_image_nocaption":"","_FSMCFIC_featured_image_hide":"","footnotes":""},"categories":[806],"tags":[1587,1586],"class_list":["post-80940","post","type-post","status-publish","format-standard","has-post-thumbnail","hentry","category-punts-claus-del-dia-es","tag-alemania","tag-alemanya-es"],"yoast_head":"<!-- This site is optimized with the Yoast SEO plugin v26.8 - https:\/\/yoast.com\/product\/yoast-seo-wordpress\/ -->\n<title>Elecciones parciales en Alemania: el coste de la guerra de Ucrania - Converses a Catalunya<\/title>\n<meta name=\"description\" content=\"Las elecciones parciales en Alemania reflejan el impacto de la guerra de Ucrania y la crisis econ\u00f3mica, mostrando un cambio pol\u00edtico significativo.\" \/>\n<meta name=\"robots\" content=\"index, follow, max-snippet:-1, max-image-preview:large, max-video-preview:-1\" \/>\n<link rel=\"canonical\" href=\"https:\/\/conversesacatalunya.cat\/es\/elecciones-parciales-en-alemania-el-coste-de-la-guerra-de-ucrania\/\" \/>\n<meta property=\"og:locale\" content=\"es_ES\" \/>\n<meta property=\"og:type\" content=\"article\" \/>\n<meta property=\"og:title\" content=\"Elecciones parciales en Alemania: el coste de la guerra de Ucrania - Converses a Catalunya\" \/>\n<meta property=\"og:description\" content=\"Las elecciones parciales en Alemania reflejan el impacto de la guerra de Ucrania y la crisis econ\u00f3mica, mostrando un cambio pol\u00edtico significativo.\" \/>\n<meta property=\"og:url\" content=\"https:\/\/conversesacatalunya.cat\/es\/elecciones-parciales-en-alemania-el-coste-de-la-guerra-de-ucrania\/\" \/>\n<meta property=\"og:site_name\" content=\"Converses a Catalunya\" \/>\n<meta property=\"article:published_time\" content=\"2024-09-02T10:58:19+00:00\" \/>\n<meta property=\"article:modified_time\" content=\"2024-09-02T11:10:47+00:00\" \/>\n<meta property=\"og:image\" content=\"https:\/\/conversesacatalunya.cat\/wp-content\/uploads\/2024\/09\/eleccions-alemanya.jpg\" \/>\n\t<meta property=\"og:image:width\" content=\"670\" \/>\n\t<meta property=\"og:image:height\" content=\"442\" \/>\n\t<meta property=\"og:image:type\" content=\"image\/jpeg\" \/>\n<meta name=\"author\" content=\"Emili Clos\" \/>\n<meta name=\"twitter:card\" content=\"summary_large_image\" \/>\n<meta name=\"twitter:label1\" content=\"Escrito por\" \/>\n\t<meta name=\"twitter:data1\" content=\"Emili Clos\" \/>\n\t<meta name=\"twitter:label2\" content=\"Tiempo de lectura\" \/>\n\t<meta name=\"twitter:data2\" content=\"6 minutos\" \/>\n<script type=\"application\/ld+json\" class=\"yoast-schema-graph\">{\"@context\":\"https:\/\/schema.org\",\"@graph\":[{\"@type\":\"Article\",\"@id\":\"https:\/\/conversesacatalunya.cat\/es\/elecciones-parciales-en-alemania-el-coste-de-la-guerra-de-ucrania\/#article\",\"isPartOf\":{\"@id\":\"https:\/\/conversesacatalunya.cat\/es\/elecciones-parciales-en-alemania-el-coste-de-la-guerra-de-ucrania\/\"},\"author\":{\"name\":\"Emili Clos\",\"@id\":\"https:\/\/conversesacatalunya.cat\/#\/schema\/person\/46306de4129bccb959ed5e1720c4e3e7\"},\"headline\":\"Elecciones parciales en Alemania: el coste de la guerra de Ucrania\",\"datePublished\":\"2024-09-02T10:58:19+00:00\",\"dateModified\":\"2024-09-02T11:10:47+00:00\",\"mainEntityOfPage\":{\"@id\":\"https:\/\/conversesacatalunya.cat\/es\/elecciones-parciales-en-alemania-el-coste-de-la-guerra-de-ucrania\/\"},\"wordCount\":1159,\"commentCount\":0,\"image\":{\"@id\":\"https:\/\/conversesacatalunya.cat\/es\/elecciones-parciales-en-alemania-el-coste-de-la-guerra-de-ucrania\/#primaryimage\"},\"thumbnailUrl\":\"https:\/\/conversesacatalunya.cat\/wp-content\/uploads\/2024\/09\/eleccions-alemanya.jpg\",\"keywords\":[\"Alemania\",\"Alemanya\"],\"articleSection\":[\"Punts clau del dia (ES)\"],\"inLanguage\":\"es\",\"potentialAction\":[{\"@type\":\"CommentAction\",\"name\":\"Comment\",\"target\":[\"https:\/\/conversesacatalunya.cat\/es\/elecciones-parciales-en-alemania-el-coste-de-la-guerra-de-ucrania\/#respond\"]}]},{\"@type\":\"WebPage\",\"@id\":\"https:\/\/conversesacatalunya.cat\/es\/elecciones-parciales-en-alemania-el-coste-de-la-guerra-de-ucrania\/\",\"url\":\"https:\/\/conversesacatalunya.cat\/es\/elecciones-parciales-en-alemania-el-coste-de-la-guerra-de-ucrania\/\",\"name\":\"Elecciones parciales en Alemania: el coste de la guerra de Ucrania - Converses a Catalunya\",\"isPartOf\":{\"@id\":\"https:\/\/conversesacatalunya.cat\/#website\"},\"primaryImageOfPage\":{\"@id\":\"https:\/\/conversesacatalunya.cat\/es\/elecciones-parciales-en-alemania-el-coste-de-la-guerra-de-ucrania\/#primaryimage\"},\"image\":{\"@id\":\"https:\/\/conversesacatalunya.cat\/es\/elecciones-parciales-en-alemania-el-coste-de-la-guerra-de-ucrania\/#primaryimage\"},\"thumbnailUrl\":\"https:\/\/conversesacatalunya.cat\/wp-content\/uploads\/2024\/09\/eleccions-alemanya.jpg\",\"datePublished\":\"2024-09-02T10:58:19+00:00\",\"dateModified\":\"2024-09-02T11:10:47+00:00\",\"author\":{\"@id\":\"https:\/\/conversesacatalunya.cat\/#\/schema\/person\/46306de4129bccb959ed5e1720c4e3e7\"},\"description\":\"Las elecciones parciales en Alemania reflejan el impacto de la guerra de Ucrania y la crisis econ\u00f3mica, mostrando un cambio pol\u00edtico significativo.\",\"breadcrumb\":{\"@id\":\"https:\/\/conversesacatalunya.cat\/es\/elecciones-parciales-en-alemania-el-coste-de-la-guerra-de-ucrania\/#breadcrumb\"},\"inLanguage\":\"es\",\"potentialAction\":[{\"@type\":\"ReadAction\",\"target\":[\"https:\/\/conversesacatalunya.cat\/es\/elecciones-parciales-en-alemania-el-coste-de-la-guerra-de-ucrania\/\"]}]},{\"@type\":\"ImageObject\",\"inLanguage\":\"es\",\"@id\":\"https:\/\/conversesacatalunya.cat\/es\/elecciones-parciales-en-alemania-el-coste-de-la-guerra-de-ucrania\/#primaryimage\",\"url\":\"https:\/\/conversesacatalunya.cat\/wp-content\/uploads\/2024\/09\/eleccions-alemanya.jpg\",\"contentUrl\":\"https:\/\/conversesacatalunya.cat\/wp-content\/uploads\/2024\/09\/eleccions-alemanya.jpg\",\"width\":670,\"height\":442,\"caption\":\"eleccions parcials Alemanya\"},{\"@type\":\"BreadcrumbList\",\"@id\":\"https:\/\/conversesacatalunya.cat\/es\/elecciones-parciales-en-alemania-el-coste-de-la-guerra-de-ucrania\/#breadcrumb\",\"itemListElement\":[{\"@type\":\"ListItem\",\"position\":1,\"name\":\"Inici\",\"item\":\"https:\/\/conversesacatalunya.cat\/es\/\"},{\"@type\":\"ListItem\",\"position\":2,\"name\":\"Elecciones parciales en Alemania: el coste de la guerra de Ucrania\"}]},{\"@type\":\"WebSite\",\"@id\":\"https:\/\/conversesacatalunya.cat\/#website\",\"url\":\"https:\/\/conversesacatalunya.cat\/\",\"name\":\"Converses a Catalunya\",\"description\":\"\",\"potentialAction\":[{\"@type\":\"SearchAction\",\"target\":{\"@type\":\"EntryPoint\",\"urlTemplate\":\"https:\/\/conversesacatalunya.cat\/?s={search_term_string}\"},\"query-input\":{\"@type\":\"PropertyValueSpecification\",\"valueRequired\":true,\"valueName\":\"search_term_string\"}}],\"inLanguage\":\"es\"},{\"@type\":\"Person\",\"@id\":\"https:\/\/conversesacatalunya.cat\/#\/schema\/person\/46306de4129bccb959ed5e1720c4e3e7\",\"name\":\"Emili Clos\",\"image\":{\"@type\":\"ImageObject\",\"inLanguage\":\"es\",\"@id\":\"https:\/\/conversesacatalunya.cat\/#\/schema\/person\/image\/\",\"url\":\"https:\/\/conversesacatalunya.cat\/wp-content\/litespeed\/avatar\/a9a662bd802eed79498de818aef91cc9.jpg?ver=1777096184\",\"contentUrl\":\"https:\/\/conversesacatalunya.cat\/wp-content\/litespeed\/avatar\/a9a662bd802eed79498de818aef91cc9.jpg?ver=1777096184\",\"caption\":\"Emili Clos\"},\"url\":\"https:\/\/conversesacatalunya.cat\/es\/author\/emili_clos\/\"}]}<\/script>\n<!-- \/ Yoast SEO plugin. -->","yoast_head_json":{"title":"Elecciones parciales en Alemania: el coste de la guerra de Ucrania - Converses a Catalunya","description":"Las elecciones parciales en Alemania reflejan el impacto de la guerra de Ucrania y la crisis econ\u00f3mica, mostrando un cambio pol\u00edtico significativo.","robots":{"index":"index","follow":"follow","max-snippet":"max-snippet:-1","max-image-preview":"max-image-preview:large","max-video-preview":"max-video-preview:-1"},"canonical":"https:\/\/conversesacatalunya.cat\/es\/elecciones-parciales-en-alemania-el-coste-de-la-guerra-de-ucrania\/","og_locale":"es_ES","og_type":"article","og_title":"Elecciones parciales en Alemania: el coste de la guerra de Ucrania - Converses a Catalunya","og_description":"Las elecciones parciales en Alemania reflejan el impacto de la guerra de Ucrania y la crisis econ\u00f3mica, mostrando un cambio pol\u00edtico significativo.","og_url":"https:\/\/conversesacatalunya.cat\/es\/elecciones-parciales-en-alemania-el-coste-de-la-guerra-de-ucrania\/","og_site_name":"Converses a Catalunya","article_published_time":"2024-09-02T10:58:19+00:00","article_modified_time":"2024-09-02T11:10:47+00:00","og_image":[{"width":670,"height":442,"url":"https:\/\/conversesacatalunya.cat\/wp-content\/uploads\/2024\/09\/eleccions-alemanya.jpg","type":"image\/jpeg"}],"author":"Emili Clos","twitter_card":"summary_large_image","twitter_misc":{"Escrito por":"Emili Clos","Tiempo de lectura":"6 minutos"},"schema":{"@context":"https:\/\/schema.org","@graph":[{"@type":"Article","@id":"https:\/\/conversesacatalunya.cat\/es\/elecciones-parciales-en-alemania-el-coste-de-la-guerra-de-ucrania\/#article","isPartOf":{"@id":"https:\/\/conversesacatalunya.cat\/es\/elecciones-parciales-en-alemania-el-coste-de-la-guerra-de-ucrania\/"},"author":{"name":"Emili Clos","@id":"https:\/\/conversesacatalunya.cat\/#\/schema\/person\/46306de4129bccb959ed5e1720c4e3e7"},"headline":"Elecciones parciales en Alemania: el coste de la guerra de Ucrania","datePublished":"2024-09-02T10:58:19+00:00","dateModified":"2024-09-02T11:10:47+00:00","mainEntityOfPage":{"@id":"https:\/\/conversesacatalunya.cat\/es\/elecciones-parciales-en-alemania-el-coste-de-la-guerra-de-ucrania\/"},"wordCount":1159,"commentCount":0,"image":{"@id":"https:\/\/conversesacatalunya.cat\/es\/elecciones-parciales-en-alemania-el-coste-de-la-guerra-de-ucrania\/#primaryimage"},"thumbnailUrl":"https:\/\/conversesacatalunya.cat\/wp-content\/uploads\/2024\/09\/eleccions-alemanya.jpg","keywords":["Alemania","Alemanya"],"articleSection":["Punts clau del dia (ES)"],"inLanguage":"es","potentialAction":[{"@type":"CommentAction","name":"Comment","target":["https:\/\/conversesacatalunya.cat\/es\/elecciones-parciales-en-alemania-el-coste-de-la-guerra-de-ucrania\/#respond"]}]},{"@type":"WebPage","@id":"https:\/\/conversesacatalunya.cat\/es\/elecciones-parciales-en-alemania-el-coste-de-la-guerra-de-ucrania\/","url":"https:\/\/conversesacatalunya.cat\/es\/elecciones-parciales-en-alemania-el-coste-de-la-guerra-de-ucrania\/","name":"Elecciones parciales en Alemania: el coste de la guerra de Ucrania - Converses a Catalunya","isPartOf":{"@id":"https:\/\/conversesacatalunya.cat\/#website"},"primaryImageOfPage":{"@id":"https:\/\/conversesacatalunya.cat\/es\/elecciones-parciales-en-alemania-el-coste-de-la-guerra-de-ucrania\/#primaryimage"},"image":{"@id":"https:\/\/conversesacatalunya.cat\/es\/elecciones-parciales-en-alemania-el-coste-de-la-guerra-de-ucrania\/#primaryimage"},"thumbnailUrl":"https:\/\/conversesacatalunya.cat\/wp-content\/uploads\/2024\/09\/eleccions-alemanya.jpg","datePublished":"2024-09-02T10:58:19+00:00","dateModified":"2024-09-02T11:10:47+00:00","author":{"@id":"https:\/\/conversesacatalunya.cat\/#\/schema\/person\/46306de4129bccb959ed5e1720c4e3e7"},"description":"Las elecciones parciales en Alemania reflejan el impacto de la guerra de Ucrania y la crisis econ\u00f3mica, mostrando un cambio pol\u00edtico significativo.","breadcrumb":{"@id":"https:\/\/conversesacatalunya.cat\/es\/elecciones-parciales-en-alemania-el-coste-de-la-guerra-de-ucrania\/#breadcrumb"},"inLanguage":"es","potentialAction":[{"@type":"ReadAction","target":["https:\/\/conversesacatalunya.cat\/es\/elecciones-parciales-en-alemania-el-coste-de-la-guerra-de-ucrania\/"]}]},{"@type":"ImageObject","inLanguage":"es","@id":"https:\/\/conversesacatalunya.cat\/es\/elecciones-parciales-en-alemania-el-coste-de-la-guerra-de-ucrania\/#primaryimage","url":"https:\/\/conversesacatalunya.cat\/wp-content\/uploads\/2024\/09\/eleccions-alemanya.jpg","contentUrl":"https:\/\/conversesacatalunya.cat\/wp-content\/uploads\/2024\/09\/eleccions-alemanya.jpg","width":670,"height":442,"caption":"eleccions parcials Alemanya"},{"@type":"BreadcrumbList","@id":"https:\/\/conversesacatalunya.cat\/es\/elecciones-parciales-en-alemania-el-coste-de-la-guerra-de-ucrania\/#breadcrumb","itemListElement":[{"@type":"ListItem","position":1,"name":"Inici","item":"https:\/\/conversesacatalunya.cat\/es\/"},{"@type":"ListItem","position":2,"name":"Elecciones parciales en Alemania: el coste de la guerra de Ucrania"}]},{"@type":"WebSite","@id":"https:\/\/conversesacatalunya.cat\/#website","url":"https:\/\/conversesacatalunya.cat\/","name":"Converses a Catalunya","description":"","potentialAction":[{"@type":"SearchAction","target":{"@type":"EntryPoint","urlTemplate":"https:\/\/conversesacatalunya.cat\/?s={search_term_string}"},"query-input":{"@type":"PropertyValueSpecification","valueRequired":true,"valueName":"search_term_string"}}],"inLanguage":"es"},{"@type":"Person","@id":"https:\/\/conversesacatalunya.cat\/#\/schema\/person\/46306de4129bccb959ed5e1720c4e3e7","name":"Emili Clos","image":{"@type":"ImageObject","inLanguage":"es","@id":"https:\/\/conversesacatalunya.cat\/#\/schema\/person\/image\/","url":"https:\/\/conversesacatalunya.cat\/wp-content\/litespeed\/avatar\/a9a662bd802eed79498de818aef91cc9.jpg?ver=1777096184","contentUrl":"https:\/\/conversesacatalunya.cat\/wp-content\/litespeed\/avatar\/a9a662bd802eed79498de818aef91cc9.jpg?ver=1777096184","caption":"Emili Clos"},"url":"https:\/\/conversesacatalunya.cat\/es\/author\/emili_clos\/"}]}},"wps_subtitle":"","_links":{"self":[{"href":"https:\/\/conversesacatalunya.cat\/es\/wp-json\/wp\/v2\/posts\/80940","targetHints":{"allow":["GET"]}}],"collection":[{"href":"https:\/\/conversesacatalunya.cat\/es\/wp-json\/wp\/v2\/posts"}],"about":[{"href":"https:\/\/conversesacatalunya.cat\/es\/wp-json\/wp\/v2\/types\/post"}],"author":[{"embeddable":true,"href":"https:\/\/conversesacatalunya.cat\/es\/wp-json\/wp\/v2\/users\/81"}],"replies":[{"embeddable":true,"href":"https:\/\/conversesacatalunya.cat\/es\/wp-json\/wp\/v2\/comments?post=80940"}],"version-history":[{"count":2,"href":"https:\/\/conversesacatalunya.cat\/es\/wp-json\/wp\/v2\/posts\/80940\/revisions"}],"predecessor-version":[{"id":80942,"href":"https:\/\/conversesacatalunya.cat\/es\/wp-json\/wp\/v2\/posts\/80940\/revisions\/80942"}],"wp:featuredmedia":[{"embeddable":true,"href":"https:\/\/conversesacatalunya.cat\/es\/wp-json\/wp\/v2\/media\/80937"}],"wp:attachment":[{"href":"https:\/\/conversesacatalunya.cat\/es\/wp-json\/wp\/v2\/media?parent=80940"}],"wp:term":[{"taxonomy":"category","embeddable":true,"href":"https:\/\/conversesacatalunya.cat\/es\/wp-json\/wp\/v2\/categories?post=80940"},{"taxonomy":"post_tag","embeddable":true,"href":"https:\/\/conversesacatalunya.cat\/es\/wp-json\/wp\/v2\/tags?post=80940"}],"curies":[{"name":"wp","href":"https:\/\/api.w.org\/{rel}","templated":true}]}}