{"id":80779,"date":"2024-08-28T11:37:11","date_gmt":"2024-08-28T09:37:11","guid":{"rendered":"https:\/\/conversesacatalunya.cat\/?p=80779"},"modified":"2024-08-28T11:37:58","modified_gmt":"2024-08-28T09:37:58","slug":"vuelta-al-trabajo-despues-de-las-vacaciones-de-verano","status":"publish","type":"post","link":"https:\/\/conversesacatalunya.cat\/es\/vuelta-al-trabajo-despues-de-las-vacaciones-de-verano\/","title":{"rendered":"C\u00f3mo afrontar la vuelta al trabajo despu\u00e9s de las vacaciones de verano"},"content":{"rendered":"<p>El verano llega a su fin, las playas comienzan a vaciarse y las oficinas vuelven a llenarse. Despu\u00e9s de semanas de desconexi\u00f3n y descanso, <strong>la vuelta al trabajo despu\u00e9s de las vacaciones de verano<\/strong> puede sentirse como un desaf\u00edo abrumador. Sin embargo, con la actitud y las estrategias adecuadas, este retorno puede convertirse en una oportunidad para empezar con renovada energ\u00eda y claridad. Aqu\u00ed te ofrecemos algunas claves para hacer frente al retorno.<\/p>\n<h3>Planifica una transici\u00f3n suave para evitar el estr\u00e9s postvacacional<\/h3>\n<p>Es tentador exprimir hasta el \u00faltimo minuto de tus vacaciones, pero regresar a casa uno o dos d\u00edas antes de volver al trabajo puede marcar una gran diferencia. Este tiempo extra te permitir\u00e1 organizar tus tareas pendientes, ajustar tus horarios de sue\u00f1o y mentalizarte para la vuelta a la rutina. As\u00ed, cuando llegues al trabajo, te sentir\u00e1s menos abrumado y m\u00e1s preparado para la vuelta.<\/p>\n<h3>Organiza tu espacio de trabajo para mejorar la productividad<\/h3>\n<p>Un entorno desordenado puede aumentar la sensaci\u00f3n de caos. Dedica tiempo el primer d\u00eda a ordenar tu escritorio, revisar correos electr\u00f3nicos y hacer una lista de prioridades. Este proceso no solo te ayudar\u00e1 a ponerte al d\u00eda, sino que tambi\u00e9n te permitir\u00e1 sentirte m\u00e1s en control de tus tareas. Un espacio de trabajo organizado es el primer paso hacia una mente clara, facilitando la vuelta al trabajo despu\u00e9s de las vacaciones.<\/p>\n<h3>Establece metas realistas y evita la sobrecarga<\/h3>\n<p>El regreso al trabajo no significa que debas lanzarte de inmediato a un ritmo fren\u00e9tico. Establece metas diarias y semanales realistas que te ayuden a retomar tu productividad gradualmente. Prioriza las tareas m\u00e1s urgentes y deja espacio para peque\u00f1os descansos que te permitan recargar energ\u00edas. Recuerda que la productividad sostenible es m\u00e1s importante que un sprint inicial que te deje exhausto durante la vuelta al trabajo.<\/p>\n<h3>Mant\u00e9n el equilibrio entre vida laboral y personal<\/h3>\n<p>Es crucial no perder de vista el equilibrio que alcanzaste durante las vacaciones. Mant\u00e9n tiempo para ti mismo, ya sea haciendo ejercicio, leyendo, o simplemente disfrutando de momentos de ocio. Establecer l\u00edmites claros entre el trabajo y la vida personal te ayudar\u00e1 a evitar el estr\u00e9s y a mantener una mentalidad positiva durante la vuelta al trabajo despu\u00e9s de las vacaciones. Invertir en tu bienestar personal es clave para mantener la motivaci\u00f3n a largo plazo.<\/p>\n<h3>Recuerda lo positivo de tu trabajo para mantener la motivaci\u00f3n<\/h3>\n<p>Es f\u00e1cil caer en la nostalgia del verano, pero recordar los aspectos que disfrutas de tu trabajo puede cambiar tu perspectiva. Ya sea la camarader\u00eda con los compa\u00f1eros, los desaf\u00edos intelectuales, o las oportunidades de desarrollo personal, enfocarte en lo positivo te ayudar\u00e1 a recuperar el entusiasmo durante <strong>la vuelta al trabajo despu\u00e9s de las vacaciones de verano<\/strong>. Si sientes que tu motivaci\u00f3n est\u00e1 baja, este puede ser un buen momento para reflexionar sobre tu carrera y considerar posibles cambios o nuevas metas profesionales.<\/p>\n<h3>Cuida tu salud f\u00edsica y mental durante la transici\u00f3n<\/h3>\n<p><strong>La vuelta al trabajo despu\u00e9s de las vacaciones de verano<\/strong> puede ser estresante, y es importante cuidar de tu bienestar f\u00edsico y mental. Aseg\u00farate de dormir lo suficiente, mantener una alimentaci\u00f3n equilibrada y hacer ejercicio regularmente. Adem\u00e1s, t\u00e9cnicas de relajaci\u00f3n como la meditaci\u00f3n o el yoga pueden ser \u00fatiles para <a href=\"https:\/\/www.mayoclinic.org\/es\/healthy-lifestyle\/stress-management\/in-depth\/stress-relievers\/art-20047257\" target=\"_blank\" rel=\"noopener\">reducir el estr\u00e9s<\/a>. Si sientes que la transici\u00f3n es especialmente dif\u00edcil, no dudes en hablar con un profesional.<\/p>\n<h3>S\u00e9 paciente: La adaptaci\u00f3n lleva tiempo<\/h3>\n<p>La vuelta al trabajo es un proceso que lleva tiempo. Es normal sentir cierta resistencia o dificultad para adaptarse nuevamente a la rutina laboral. S\u00e9 paciente contigo mismo y date permiso para retomar el ritmo poco a poco. Con el tiempo, volver\u00e1s a sentirte c\u00f3modo en tu entorno laboral y estar\u00e1s listo para enfrentar los retos que se presenten.<\/p>\n<h3>Conclusi\u00f3n<\/h3>\n<p>La vuelta al trabajo despu\u00e9s de las vacaciones de verano no tiene por qu\u00e9 ser una experiencia negativa. Con la actitud correcta y las estrategias adecuadas, puedes transformar este momento en una oportunidad para revitalizar tu enfoque laboral. Al implementar estos consejos, estar\u00e1s mejor preparado para enfrentar la rutina con energ\u00eda renovada y una mentalidad positiva, listo para alcanzar tus objetivos profesionales y disfrutar del equilibrio en tu vida diaria.<\/p>\n","protected":false},"excerpt":{"rendered":"<p>El verano llega a su fin, las playas comienzan a vaciarse y las oficinas vuelven a llenarse. Despu\u00e9s de semanas de desconexi\u00f3n y descanso, la vuelta al trabajo despu\u00e9s de las vacaciones de verano puede sentirse como un desaf\u00edo abrumador. Sin embargo, con la actitud y las estrategias adecuadas, este retorno puede convertirse en una oportunidad para empezar con renovada energ\u00eda y claridad. Aqu\u00ed te ofrecemos algunas claves para hacer frente al retorno. Planifica una transici\u00f3n suave para evitar el estr\u00e9s postvacacional Es tentador exprimir hasta el \u00faltimo minuto de tus vacaciones, pero regresar a casa uno o dos d\u00edas antes de volver al trabajo puede marcar una gran diferencia. Este tiempo extra te permitir\u00e1 organizar tus tareas pendientes, ajustar tus horarios de sue\u00f1o y mentalizarte para la vuelta a la rutina. As\u00ed, cuando llegues al trabajo, te sentir\u00e1s menos abrumado y m\u00e1s preparado para la vuelta. Organiza tu espacio de trabajo para mejorar la productividad Un entorno desordenado puede aumentar la sensaci\u00f3n de caos. Dedica tiempo el primer d\u00eda a ordenar tu escritorio, revisar correos electr\u00f3nicos y hacer una lista de prioridades. Este proceso no solo te ayudar\u00e1 a ponerte al d\u00eda, sino que tambi\u00e9n te permitir\u00e1 sentirte m\u00e1s en control de tus tareas. Un espacio de trabajo organizado es el primer paso hacia una mente clara, facilitando la vuelta al trabajo despu\u00e9s de las vacaciones. Establece metas realistas y evita la sobrecarga El regreso al trabajo no significa que debas lanzarte de inmediato a un ritmo fren\u00e9tico. Establece metas diarias y semanales realistas que te ayuden a retomar tu productividad gradualmente. Prioriza las tareas m\u00e1s urgentes y deja espacio para peque\u00f1os descansos que te permitan recargar energ\u00edas. Recuerda que la productividad sostenible es m\u00e1s importante que un sprint inicial que te deje exhausto durante la vuelta al trabajo. Mant\u00e9n el equilibrio entre vida laboral y personal Es crucial no perder de vista el equilibrio que alcanzaste durante las vacaciones. Mant\u00e9n tiempo para ti mismo, ya sea haciendo ejercicio, leyendo, o simplemente disfrutando de momentos de ocio. Establecer l\u00edmites claros entre el trabajo y la vida personal te ayudar\u00e1 a evitar el estr\u00e9s y a mantener una mentalidad positiva durante la vuelta al trabajo despu\u00e9s de las vacaciones. Invertir en tu bienestar personal es clave para mantener la motivaci\u00f3n a largo plazo. Recuerda lo positivo de tu trabajo para mantener la motivaci\u00f3n Es f\u00e1cil caer en la nostalgia del verano, pero recordar los aspectos que disfrutas de tu trabajo puede cambiar tu perspectiva. Ya sea la camarader\u00eda con los compa\u00f1eros, los desaf\u00edos intelectuales, o las oportunidades de desarrollo personal, enfocarte en lo positivo te ayudar\u00e1 a recuperar el entusiasmo durante la vuelta al trabajo despu\u00e9s de las vacaciones de verano. Si sientes que tu motivaci\u00f3n est\u00e1 baja, este puede ser un buen momento para reflexionar sobre tu carrera y considerar posibles cambios o nuevas metas profesionales. Cuida tu salud f\u00edsica y mental durante la transici\u00f3n La vuelta al trabajo despu\u00e9s de las vacaciones de verano puede ser estresante, y es importante cuidar de tu bienestar f\u00edsico y mental. Aseg\u00farate de dormir lo suficiente, mantener una alimentaci\u00f3n equilibrada y hacer ejercicio regularmente. Adem\u00e1s, t\u00e9cnicas de relajaci\u00f3n como la meditaci\u00f3n o el yoga pueden ser \u00fatiles para reducir el estr\u00e9s. Si sientes que la transici\u00f3n es especialmente dif\u00edcil, no dudes en hablar con un profesional. S\u00e9 paciente: La adaptaci\u00f3n lleva tiempo La vuelta al trabajo es un proceso que lleva tiempo. Es normal sentir cierta resistencia o dificultad para adaptarse nuevamente a la rutina laboral. S\u00e9 paciente contigo mismo y date permiso para retomar el ritmo poco a poco. Con el tiempo, volver\u00e1s a sentirte c\u00f3modo en tu entorno laboral y estar\u00e1s listo para enfrentar los retos que se presenten. Conclusi\u00f3n La vuelta al trabajo despu\u00e9s de las vacaciones de verano no tiene por qu\u00e9 ser una experiencia negativa. Con la actitud correcta y las estrategias adecuadas, puedes transformar este momento en una oportunidad para revitalizar tu enfoque laboral. Al implementar estos consejos, estar\u00e1s mejor preparado para enfrentar la rutina con energ\u00eda renovada y una mentalidad positiva, listo para alcanzar tus objetivos profesionales y disfrutar del equilibrio en tu vida diaria.<\/p>\n","protected":false},"author":84,"featured_media":80781,"comment_status":"open","ping_status":"open","sticky":false,"template":"","format":"standard","meta":{"_FSMCFIC_featured_image_caption":"","_FSMCFIC_featured_image_nocaption":"","_FSMCFIC_featured_image_hide":"","footnotes":""},"categories":[804,806],"tags":[4990],"class_list":["post-80779","post","type-post","status-publish","format-standard","has-post-thumbnail","hentry","category-opinem-es","category-punts-claus-del-dia-es","tag-vacaciones"],"yoast_head":"<!-- This site is optimized with the Yoast SEO plugin v26.8 - https:\/\/yoast.com\/product\/yoast-seo-wordpress\/ -->\n<title>C\u00f3mo afrontar la vuelta al trabajo despu\u00e9s de las vacaciones de verano - Converses a Catalunya<\/title>\n<meta name=\"description\" content=\"Descubre c\u00f3mo afrontar la vuelta al trabajo despu\u00e9s de las vacaciones de verano con estos consejos para una transici\u00f3n suave\" \/>\n<meta name=\"robots\" content=\"index, follow, max-snippet:-1, max-image-preview:large, max-video-preview:-1\" \/>\n<link rel=\"canonical\" href=\"https:\/\/conversesacatalunya.cat\/es\/vuelta-al-trabajo-despues-de-las-vacaciones-de-verano\/\" \/>\n<meta property=\"og:locale\" content=\"es_ES\" \/>\n<meta property=\"og:type\" content=\"article\" \/>\n<meta property=\"og:title\" content=\"C\u00f3mo afrontar la vuelta al trabajo despu\u00e9s de las vacaciones de verano - Converses a Catalunya\" \/>\n<meta property=\"og:description\" content=\"Descubre c\u00f3mo afrontar la vuelta al trabajo despu\u00e9s de las vacaciones de verano con estos consejos para una transici\u00f3n suave\" \/>\n<meta property=\"og:url\" content=\"https:\/\/conversesacatalunya.cat\/es\/vuelta-al-trabajo-despues-de-las-vacaciones-de-verano\/\" \/>\n<meta property=\"og:site_name\" content=\"Converses a Catalunya\" \/>\n<meta property=\"article:published_time\" content=\"2024-08-28T09:37:11+00:00\" \/>\n<meta property=\"article:modified_time\" content=\"2024-08-28T09:37:58+00:00\" \/>\n<meta property=\"og:image\" content=\"https:\/\/conversesacatalunya.cat\/wp-content\/uploads\/2024\/08\/rutina.jpg\" \/>\n\t<meta property=\"og:image:width\" content=\"714\" \/>\n\t<meta property=\"og:image:height\" content=\"478\" \/>\n\t<meta property=\"og:image:type\" content=\"image\/jpeg\" \/>\n<meta name=\"author\" content=\"Frederic Catal\u00e0\" \/>\n<meta name=\"twitter:card\" content=\"summary_large_image\" \/>\n<meta name=\"twitter:label1\" content=\"Escrito por\" \/>\n\t<meta name=\"twitter:data1\" content=\"Frederic Catal\u00e0\" \/>\n\t<meta name=\"twitter:label2\" content=\"Tiempo de lectura\" \/>\n\t<meta name=\"twitter:data2\" content=\"4 minutos\" \/>\n<script type=\"application\/ld+json\" class=\"yoast-schema-graph\">{\"@context\":\"https:\/\/schema.org\",\"@graph\":[{\"@type\":\"Article\",\"@id\":\"https:\/\/conversesacatalunya.cat\/es\/vuelta-al-trabajo-despues-de-las-vacaciones-de-verano\/#article\",\"isPartOf\":{\"@id\":\"https:\/\/conversesacatalunya.cat\/es\/vuelta-al-trabajo-despues-de-las-vacaciones-de-verano\/\"},\"author\":{\"name\":\"Frederic Catal\u00e0\",\"@id\":\"https:\/\/conversesacatalunya.cat\/#\/schema\/person\/a5451e62fa5d0941264258f9fd0cf413\"},\"headline\":\"C\u00f3mo afrontar la vuelta al trabajo despu\u00e9s de las vacaciones de verano\",\"datePublished\":\"2024-08-28T09:37:11+00:00\",\"dateModified\":\"2024-08-28T09:37:58+00:00\",\"mainEntityOfPage\":{\"@id\":\"https:\/\/conversesacatalunya.cat\/es\/vuelta-al-trabajo-despues-de-las-vacaciones-de-verano\/\"},\"wordCount\":761,\"commentCount\":0,\"image\":{\"@id\":\"https:\/\/conversesacatalunya.cat\/es\/vuelta-al-trabajo-despues-de-las-vacaciones-de-verano\/#primaryimage\"},\"thumbnailUrl\":\"https:\/\/conversesacatalunya.cat\/wp-content\/uploads\/2024\/08\/rutina.jpg\",\"keywords\":[\"vacaciones\"],\"articleSection\":[\"Opinem (ES)\",\"Punts clau del dia (ES)\"],\"inLanguage\":\"es\",\"potentialAction\":[{\"@type\":\"CommentAction\",\"name\":\"Comment\",\"target\":[\"https:\/\/conversesacatalunya.cat\/es\/vuelta-al-trabajo-despues-de-las-vacaciones-de-verano\/#respond\"]}]},{\"@type\":\"WebPage\",\"@id\":\"https:\/\/conversesacatalunya.cat\/es\/vuelta-al-trabajo-despues-de-las-vacaciones-de-verano\/\",\"url\":\"https:\/\/conversesacatalunya.cat\/es\/vuelta-al-trabajo-despues-de-las-vacaciones-de-verano\/\",\"name\":\"C\u00f3mo afrontar la vuelta al trabajo despu\u00e9s de las vacaciones de verano - Converses a Catalunya\",\"isPartOf\":{\"@id\":\"https:\/\/conversesacatalunya.cat\/#website\"},\"primaryImageOfPage\":{\"@id\":\"https:\/\/conversesacatalunya.cat\/es\/vuelta-al-trabajo-despues-de-las-vacaciones-de-verano\/#primaryimage\"},\"image\":{\"@id\":\"https:\/\/conversesacatalunya.cat\/es\/vuelta-al-trabajo-despues-de-las-vacaciones-de-verano\/#primaryimage\"},\"thumbnailUrl\":\"https:\/\/conversesacatalunya.cat\/wp-content\/uploads\/2024\/08\/rutina.jpg\",\"datePublished\":\"2024-08-28T09:37:11+00:00\",\"dateModified\":\"2024-08-28T09:37:58+00:00\",\"author\":{\"@id\":\"https:\/\/conversesacatalunya.cat\/#\/schema\/person\/a5451e62fa5d0941264258f9fd0cf413\"},\"description\":\"Descubre c\u00f3mo afrontar la vuelta al trabajo despu\u00e9s de las vacaciones de verano con estos consejos para una transici\u00f3n suave\",\"breadcrumb\":{\"@id\":\"https:\/\/conversesacatalunya.cat\/es\/vuelta-al-trabajo-despues-de-las-vacaciones-de-verano\/#breadcrumb\"},\"inLanguage\":\"es\",\"potentialAction\":[{\"@type\":\"ReadAction\",\"target\":[\"https:\/\/conversesacatalunya.cat\/es\/vuelta-al-trabajo-despues-de-las-vacaciones-de-verano\/\"]}]},{\"@type\":\"ImageObject\",\"inLanguage\":\"es\",\"@id\":\"https:\/\/conversesacatalunya.cat\/es\/vuelta-al-trabajo-despues-de-las-vacaciones-de-verano\/#primaryimage\",\"url\":\"https:\/\/conversesacatalunya.cat\/wp-content\/uploads\/2024\/08\/rutina.jpg\",\"contentUrl\":\"https:\/\/conversesacatalunya.cat\/wp-content\/uploads\/2024\/08\/rutina.jpg\",\"width\":714,\"height\":478,\"caption\":\"vuelta al trabajo despu\u00e9s de las vacaciones\"},{\"@type\":\"BreadcrumbList\",\"@id\":\"https:\/\/conversesacatalunya.cat\/es\/vuelta-al-trabajo-despues-de-las-vacaciones-de-verano\/#breadcrumb\",\"itemListElement\":[{\"@type\":\"ListItem\",\"position\":1,\"name\":\"Inici\",\"item\":\"https:\/\/conversesacatalunya.cat\/es\/\"},{\"@type\":\"ListItem\",\"position\":2,\"name\":\"C\u00f3mo afrontar la vuelta al trabajo despu\u00e9s de las vacaciones de verano\"}]},{\"@type\":\"WebSite\",\"@id\":\"https:\/\/conversesacatalunya.cat\/#website\",\"url\":\"https:\/\/conversesacatalunya.cat\/\",\"name\":\"Converses a Catalunya\",\"description\":\"\",\"potentialAction\":[{\"@type\":\"SearchAction\",\"target\":{\"@type\":\"EntryPoint\",\"urlTemplate\":\"https:\/\/conversesacatalunya.cat\/?s={search_term_string}\"},\"query-input\":{\"@type\":\"PropertyValueSpecification\",\"valueRequired\":true,\"valueName\":\"search_term_string\"}}],\"inLanguage\":\"es\"},{\"@type\":\"Person\",\"@id\":\"https:\/\/conversesacatalunya.cat\/#\/schema\/person\/a5451e62fa5d0941264258f9fd0cf413\",\"name\":\"Frederic Catal\u00e0\",\"image\":{\"@type\":\"ImageObject\",\"inLanguage\":\"es\",\"@id\":\"https:\/\/conversesacatalunya.cat\/#\/schema\/person\/image\/\",\"url\":\"https:\/\/conversesacatalunya.cat\/wp-content\/litespeed\/avatar\/2d0d8c95c1d23d49d2b830f22e532d1b.jpg?ver=1777463033\",\"contentUrl\":\"https:\/\/conversesacatalunya.cat\/wp-content\/litespeed\/avatar\/2d0d8c95c1d23d49d2b830f22e532d1b.jpg?ver=1777463033\",\"caption\":\"Frederic Catal\u00e0\"},\"url\":\"https:\/\/conversesacatalunya.cat\/es\/author\/frederic-catala\/\"}]}<\/script>\n<!-- \/ Yoast SEO plugin. -->","yoast_head_json":{"title":"C\u00f3mo afrontar la vuelta al trabajo despu\u00e9s de las vacaciones de verano - Converses a Catalunya","description":"Descubre c\u00f3mo afrontar la vuelta al trabajo despu\u00e9s de las vacaciones de verano con estos consejos para una transici\u00f3n suave","robots":{"index":"index","follow":"follow","max-snippet":"max-snippet:-1","max-image-preview":"max-image-preview:large","max-video-preview":"max-video-preview:-1"},"canonical":"https:\/\/conversesacatalunya.cat\/es\/vuelta-al-trabajo-despues-de-las-vacaciones-de-verano\/","og_locale":"es_ES","og_type":"article","og_title":"C\u00f3mo afrontar la vuelta al trabajo despu\u00e9s de las vacaciones de verano - Converses a Catalunya","og_description":"Descubre c\u00f3mo afrontar la vuelta al trabajo despu\u00e9s de las vacaciones de verano con estos consejos para una transici\u00f3n suave","og_url":"https:\/\/conversesacatalunya.cat\/es\/vuelta-al-trabajo-despues-de-las-vacaciones-de-verano\/","og_site_name":"Converses a Catalunya","article_published_time":"2024-08-28T09:37:11+00:00","article_modified_time":"2024-08-28T09:37:58+00:00","og_image":[{"width":714,"height":478,"url":"https:\/\/conversesacatalunya.cat\/wp-content\/uploads\/2024\/08\/rutina.jpg","type":"image\/jpeg"}],"author":"Frederic Catal\u00e0","twitter_card":"summary_large_image","twitter_misc":{"Escrito por":"Frederic Catal\u00e0","Tiempo de lectura":"4 minutos"},"schema":{"@context":"https:\/\/schema.org","@graph":[{"@type":"Article","@id":"https:\/\/conversesacatalunya.cat\/es\/vuelta-al-trabajo-despues-de-las-vacaciones-de-verano\/#article","isPartOf":{"@id":"https:\/\/conversesacatalunya.cat\/es\/vuelta-al-trabajo-despues-de-las-vacaciones-de-verano\/"},"author":{"name":"Frederic Catal\u00e0","@id":"https:\/\/conversesacatalunya.cat\/#\/schema\/person\/a5451e62fa5d0941264258f9fd0cf413"},"headline":"C\u00f3mo afrontar la vuelta al trabajo despu\u00e9s de las vacaciones de verano","datePublished":"2024-08-28T09:37:11+00:00","dateModified":"2024-08-28T09:37:58+00:00","mainEntityOfPage":{"@id":"https:\/\/conversesacatalunya.cat\/es\/vuelta-al-trabajo-despues-de-las-vacaciones-de-verano\/"},"wordCount":761,"commentCount":0,"image":{"@id":"https:\/\/conversesacatalunya.cat\/es\/vuelta-al-trabajo-despues-de-las-vacaciones-de-verano\/#primaryimage"},"thumbnailUrl":"https:\/\/conversesacatalunya.cat\/wp-content\/uploads\/2024\/08\/rutina.jpg","keywords":["vacaciones"],"articleSection":["Opinem (ES)","Punts clau del dia (ES)"],"inLanguage":"es","potentialAction":[{"@type":"CommentAction","name":"Comment","target":["https:\/\/conversesacatalunya.cat\/es\/vuelta-al-trabajo-despues-de-las-vacaciones-de-verano\/#respond"]}]},{"@type":"WebPage","@id":"https:\/\/conversesacatalunya.cat\/es\/vuelta-al-trabajo-despues-de-las-vacaciones-de-verano\/","url":"https:\/\/conversesacatalunya.cat\/es\/vuelta-al-trabajo-despues-de-las-vacaciones-de-verano\/","name":"C\u00f3mo afrontar la vuelta al trabajo despu\u00e9s de las vacaciones de verano - Converses a Catalunya","isPartOf":{"@id":"https:\/\/conversesacatalunya.cat\/#website"},"primaryImageOfPage":{"@id":"https:\/\/conversesacatalunya.cat\/es\/vuelta-al-trabajo-despues-de-las-vacaciones-de-verano\/#primaryimage"},"image":{"@id":"https:\/\/conversesacatalunya.cat\/es\/vuelta-al-trabajo-despues-de-las-vacaciones-de-verano\/#primaryimage"},"thumbnailUrl":"https:\/\/conversesacatalunya.cat\/wp-content\/uploads\/2024\/08\/rutina.jpg","datePublished":"2024-08-28T09:37:11+00:00","dateModified":"2024-08-28T09:37:58+00:00","author":{"@id":"https:\/\/conversesacatalunya.cat\/#\/schema\/person\/a5451e62fa5d0941264258f9fd0cf413"},"description":"Descubre c\u00f3mo afrontar la vuelta al trabajo despu\u00e9s de las vacaciones de verano con estos consejos para una transici\u00f3n suave","breadcrumb":{"@id":"https:\/\/conversesacatalunya.cat\/es\/vuelta-al-trabajo-despues-de-las-vacaciones-de-verano\/#breadcrumb"},"inLanguage":"es","potentialAction":[{"@type":"ReadAction","target":["https:\/\/conversesacatalunya.cat\/es\/vuelta-al-trabajo-despues-de-las-vacaciones-de-verano\/"]}]},{"@type":"ImageObject","inLanguage":"es","@id":"https:\/\/conversesacatalunya.cat\/es\/vuelta-al-trabajo-despues-de-las-vacaciones-de-verano\/#primaryimage","url":"https:\/\/conversesacatalunya.cat\/wp-content\/uploads\/2024\/08\/rutina.jpg","contentUrl":"https:\/\/conversesacatalunya.cat\/wp-content\/uploads\/2024\/08\/rutina.jpg","width":714,"height":478,"caption":"vuelta al trabajo despu\u00e9s de las vacaciones"},{"@type":"BreadcrumbList","@id":"https:\/\/conversesacatalunya.cat\/es\/vuelta-al-trabajo-despues-de-las-vacaciones-de-verano\/#breadcrumb","itemListElement":[{"@type":"ListItem","position":1,"name":"Inici","item":"https:\/\/conversesacatalunya.cat\/es\/"},{"@type":"ListItem","position":2,"name":"C\u00f3mo afrontar la vuelta al trabajo despu\u00e9s de las vacaciones de verano"}]},{"@type":"WebSite","@id":"https:\/\/conversesacatalunya.cat\/#website","url":"https:\/\/conversesacatalunya.cat\/","name":"Converses a Catalunya","description":"","potentialAction":[{"@type":"SearchAction","target":{"@type":"EntryPoint","urlTemplate":"https:\/\/conversesacatalunya.cat\/?s={search_term_string}"},"query-input":{"@type":"PropertyValueSpecification","valueRequired":true,"valueName":"search_term_string"}}],"inLanguage":"es"},{"@type":"Person","@id":"https:\/\/conversesacatalunya.cat\/#\/schema\/person\/a5451e62fa5d0941264258f9fd0cf413","name":"Frederic Catal\u00e0","image":{"@type":"ImageObject","inLanguage":"es","@id":"https:\/\/conversesacatalunya.cat\/#\/schema\/person\/image\/","url":"https:\/\/conversesacatalunya.cat\/wp-content\/litespeed\/avatar\/2d0d8c95c1d23d49d2b830f22e532d1b.jpg?ver=1777463033","contentUrl":"https:\/\/conversesacatalunya.cat\/wp-content\/litespeed\/avatar\/2d0d8c95c1d23d49d2b830f22e532d1b.jpg?ver=1777463033","caption":"Frederic Catal\u00e0"},"url":"https:\/\/conversesacatalunya.cat\/es\/author\/frederic-catala\/"}]}},"wps_subtitle":"Descubre c\u00f3mo afrontar la vuelta al trabajo despu\u00e9s de las vacaciones de verano con estos consejos para una transici\u00f3n suave ","_links":{"self":[{"href":"https:\/\/conversesacatalunya.cat\/es\/wp-json\/wp\/v2\/posts\/80779","targetHints":{"allow":["GET"]}}],"collection":[{"href":"https:\/\/conversesacatalunya.cat\/es\/wp-json\/wp\/v2\/posts"}],"about":[{"href":"https:\/\/conversesacatalunya.cat\/es\/wp-json\/wp\/v2\/types\/post"}],"author":[{"embeddable":true,"href":"https:\/\/conversesacatalunya.cat\/es\/wp-json\/wp\/v2\/users\/84"}],"replies":[{"embeddable":true,"href":"https:\/\/conversesacatalunya.cat\/es\/wp-json\/wp\/v2\/comments?post=80779"}],"version-history":[{"count":1,"href":"https:\/\/conversesacatalunya.cat\/es\/wp-json\/wp\/v2\/posts\/80779\/revisions"}],"predecessor-version":[{"id":80783,"href":"https:\/\/conversesacatalunya.cat\/es\/wp-json\/wp\/v2\/posts\/80779\/revisions\/80783"}],"wp:featuredmedia":[{"embeddable":true,"href":"https:\/\/conversesacatalunya.cat\/es\/wp-json\/wp\/v2\/media\/80781"}],"wp:attachment":[{"href":"https:\/\/conversesacatalunya.cat\/es\/wp-json\/wp\/v2\/media?parent=80779"}],"wp:term":[{"taxonomy":"category","embeddable":true,"href":"https:\/\/conversesacatalunya.cat\/es\/wp-json\/wp\/v2\/categories?post=80779"},{"taxonomy":"post_tag","embeddable":true,"href":"https:\/\/conversesacatalunya.cat\/es\/wp-json\/wp\/v2\/tags?post=80779"}],"curies":[{"name":"wp","href":"https:\/\/api.w.org\/{rel}","templated":true}]}}