{"id":80734,"date":"2024-08-26T11:58:53","date_gmt":"2024-08-26T09:58:53","guid":{"rendered":"https:\/\/conversesacatalunya.cat\/declivi-independentista\/"},"modified":"2024-08-28T09:53:32","modified_gmt":"2024-08-28T07:53:32","slug":"declive-independentista","status":"publish","type":"post","link":"https:\/\/conversesacatalunya.cat\/es\/declive-independentista\/","title":{"rendered":"Situaci\u00f3n y perspectiva de Catalu\u00f1a (1): El declive independentista"},"content":{"rendered":"<p>Es una evidencia: el independentismo est\u00e1 en declive. Este declive no comienza ahora, con la p\u00e9rdida de la mayor\u00eda absoluta en el Parlamento, sino que se remonta al momento en que el independentismo se derrot\u00f3 a s\u00ed mismo,\u00a0<strong>proclamando la independencia para despu\u00e9s retirarla casi de inmediato<\/strong>. Este acto fue hist\u00f3ricamente rid\u00edculo y evidenci\u00f3 un temor exacerbado ante las propias fuerzas. En una escala de menor significaci\u00f3n, Puigdemont hizo lo mismo con su\u00a0<a href=\"https:\/\/www.bbc.com\/mundo\/articles\/cr40ldy27g7o\" target=\"_blank\" rel=\"noopener\">llegada y fuga instant\u00e1nea<\/a>.<\/p>\n<p>Al actuar de esa manera, el\u00a0<strong><a href=\"https:\/\/conversesacatalunya.cat\/es\/el-independentismo-del-proceso-no-tiene-salida-es-necesario-recuperar-el-catalanismo-de-nuestro-tiempo\/\" target=\"_blank\" rel=\"noopener\">independentismo<\/a> perdi\u00f3 las cimas sociales, pol\u00edticas y electorales que hab\u00eda alcanzado<\/strong>, algo hist\u00f3rico nunca visto en Catalu\u00f1a. Movilizaba a cientos de miles de personas y ten\u00eda un capital electoral de millones de votos. En realidad, la ca\u00edda se produjo porque el independentismo catal\u00e1n no quiso hacer su\u00a0<a href=\"https:\/\/es.wikipedia.org\/wiki\/Euromaid%C3%A1n\" target=\"_blank\" rel=\"noopener\">Maid\u00e1n<\/a>\u00a0(la plaza m\u00edtica de Kiev donde la oposici\u00f3n derrot\u00f3 al gobierno ucraniano proruso). Ante su acto en el Parlament, Puigdemont y Junqueras quedaron atemorizados por su osad\u00eda. Hab\u00eda un escenario alternativo: proclamar la independencia, mantenerla y dar lugar a una resistencia c\u00edvica.<\/p>\n<h3>Un escenario alternativo<\/h3>\n<p>Podemos incluso escenificarlo: el presidente, el gobierno y los diputados salen en manifestaci\u00f3n del Parlamento, acompa\u00f1ados por miles de personas. Desde el Palacio de la Ciutadella y el paseo de Sant Joan, se dirigen hacia el Palacio de la Generalitat, donde el gobierno y una representaci\u00f3n de los grupos parlamentarios se cierran, con provisiones preparadas para hacer frente a un largo asedio. Por su parte, TV3 y Catalunya R\u00e0dio transmiten en directo, con una programaci\u00f3n extraordinaria de 24 horas. En la plaza de Sant Jaume, 4.000 personas organizadas se turnan cada 24 horas para mantener rodeado el Palau; se ocupa el Ayuntamiento y las calles inmediatas. Habr\u00eda sido imposible para la polic\u00eda entrar sin un desmedido ejercicio de violencia, ante los ojos de las televisiones y fot\u00f3grafos de todo el mundo. El objetivo era que\u00a0<strong>el gobierno espa\u00f1ol aceptara negociar el acuerdo del Parlamento<\/strong>. Pod\u00edan hacerlo, pero no quisieron. A partir de ese momento, el independentismo se acab\u00f3.<\/p>\n<h3>El resurgimiento artificial<\/h3>\n<p>La\u00a0<a href=\"https:\/\/app.congreso.es\/consti\/constitucion\/indice\/titulos\/articulos.jsp?ini%3D155%26tipo%3D2\" target=\"_blank\" rel=\"noopener\">aplicaci\u00f3n del art\u00edculo 155<\/a>\u00a0por parte de Rajoy, y sobre todo la forma disciplinada como funcionarios y cargos pol\u00edticos acogieron su aplicaci\u00f3n, convirti\u00f3 un te\u00f3rico conflicto en una balsa de aceite, certificando que el\u00a0<strong>independentismo era un cad\u00e1ver<\/strong>. No hac\u00eda falta hacer otra cosa que continuar y poco a poco se ir\u00eda deshinchando, como as\u00ed ha sido.<\/p>\n<p>Pero, vamos, lleg\u00f3 S\u00e1nchez, y se vio que los necesitaba para mantenerse en el gobierno. De este modo, reaviv\u00f3 artificialmente un movimiento derrotado, y se entr\u00f3 en un juego de enga\u00f1os mutuos. S\u00e1nchez, en ocasiones, se aven\u00eda en cuestiones importantes, como la amnist\u00eda; en otros, sencillamente los enredaba, y ERC, en mucha menor medida Junts, hac\u00eda ver que se lo cre\u00eda. As\u00ed naci\u00f3 la famosa mesa de di\u00e1logo o negociaci\u00f3n, con contrapartidas que, fuera de la exculpaci\u00f3n penal de los afectados, han tenido poca traducci\u00f3n pr\u00e1ctica hasta ahora.<\/p>\n<h3>La crisis de identidad de los partidos independentistas<\/h3>\n<p>Asimismo, al PP le interesa inflar el globo del peligro independentista, pese a que el problema de Espa\u00f1a no sea \u00e9ste, sino la p\u00e9rdida de toda capacidad operativa y la falta de inter\u00e9s por recuperarla. El problema de Espa\u00f1a es que S\u00e1nchez transformar\u00e1 todo lo que sea necesario en el Estado para continuar en el poder. El acuerdo entre ERC y los socialistas para que fuera presidente Illa es la \u00faltima muestra, una disponibilidad que, aunque no significa que se traduzca despu\u00e9s en lo comprometido, s\u00ed sirve para descabellar las instituciones del Estado y crear una desconfianza brutal en los pol\u00edticos y sus acuerdos.<\/p>\n<p>En este contexto, los dos partidos independentistas (la<strong> CUP<\/strong> es marginal y <strong>Alian\u00e7a Catalana<\/strong> es m\u00e1s una idea que una realidad) est\u00e1n\u00a0<strong>en crisis de identidad<\/strong>, que es lo peor que le puede pasar a un partido porque significa que no tiene claro qu\u00e9 quiere ser y, por tanto, qu\u00e9 debe hacer. Ambos tienen un polo de atracci\u00f3n, m\u00e1s o menos fuerte, hacia continuar con el discurso independentista, que no saben bien c\u00f3mo traducir en hechos, entre otras razones porque sus dirigentes actuales sigan siendo los mismos que tuvieron miedo y, a adem\u00e1s, est\u00e1n pol\u00edticamente chamuscados.<\/p>\n<p>Pero, a su vez, ambos partidos tienen otro polo de atracci\u00f3n: para ERC es el de ser de izquierdas y republicanos en Espa\u00f1a, una tendencia hist\u00f3rica que siempre han tenido y que en las condiciones actuales los convierte en\u00a0<strong>masoveros de S\u00e1nchez<\/strong>, porque el temor a que gobierne el PP bloquea todo acto de insumisi\u00f3n pol\u00edtica.<\/p>\n<p><strong>Junts<\/strong>, por su parte, y una parte no peque\u00f1a del partido, siguen so\u00f1ando en recuperar Converg\u00e8ncia Democr\u00e0tica, que significa negociar con el gobierno espa\u00f1ol, obtener cosas concretas y beneficiarse electoralmente. Es tambi\u00e9n otro autoenga\u00f1o. Si pasan cuentas de los resultados concretos que han obtenido en beneficio del pa\u00eds desde que gobierna S\u00e1nchez, se dar\u00e1n cuenta de que el balance es muy pobre.<\/p>\n<span class='bctt-click-to-tweet'><span class='bctt-ctt-text'><a href='https:\/\/twitter.com\/intent\/tweet?url=https%3A%2F%2Fconversesacatalunya.cat%2Fes%2Fdeclive-independentista%2F&#038;text=%C2%BFResolver%C3%A1n%20los%20congresos%20del%20oto%C3%B1o%20estos%20problemas%3F%20Tal%20y%20como%20est%C3%A1%20planteado%2C%20con%20los%20de%20siempre%20y%20los%20pensamientos%20de%20siempre%2C%20resulta%20imposible.&#038;via=conversesacat&#038;related=conversesacat' target='_blank'rel=\"noopener noreferrer\">\u00bfResolver\u00e1n los congresos del oto\u00f1o estos problemas? Tal y como est\u00e1 planteado, con los de siempre y los pensamientos de siempre, resulta imposible. <\/a><\/span><a href='https:\/\/twitter.com\/intent\/tweet?url=https%3A%2F%2Fconversesacatalunya.cat%2Fes%2Fdeclive-independentista%2F&#038;text=%C2%BFResolver%C3%A1n%20los%20congresos%20del%20oto%C3%B1o%20estos%20problemas%3F%20Tal%20y%20como%20est%C3%A1%20planteado%2C%20con%20los%20de%20siempre%20y%20los%20pensamientos%20de%20siempre%2C%20resulta%20imposible.&#038;via=conversesacat&#038;related=conversesacat' target='_blank' class='bctt-ctt-btn'rel=\"noopener noreferrer\">Compartir en X<\/a><\/span>\n<div id=\"polls-252\" class=\"wp-polls\">\n\t<form id=\"polls_form_252\" class=\"wp-polls-form\" action=\"\/index.php\" method=\"post\">\n\t\t<p style=\"display: none;\"><input type=\"hidden\" id=\"poll_252_nonce\" name=\"wp-polls-nonce\" value=\"01cac9c43c\" \/><\/p>\n\t\t<p style=\"display: none;\"><input type=\"hidden\" name=\"poll_id\" value=\"252\" \/><\/p>\n\t\t<p style=\"text-align: center\"><strong>Creus que el govern espanyol complir\u00e0 amb l'acord sobre finan\u00e7ament singular per a Catalunya?<\/strong><\/p><div id=\"polls-252-ans\" class=\"wp-polls-ans\"><ul class=\"wp-polls-ul\">\n\t\t<li><input type=\"radio\" id=\"poll-answer-708\" name=\"poll_252\" value=\"708\" \/> <label for=\"poll-answer-708\">S\u00ed<\/label><\/li>\n\t\t<li><input type=\"radio\" id=\"poll-answer-709\" name=\"poll_252\" value=\"709\" \/> <label for=\"poll-answer-709\">No<\/label><\/li>\n\t\t<li><input type=\"radio\" id=\"poll-answer-710\" name=\"poll_252\" value=\"710\" \/> <label for=\"poll-answer-710\">No ho s\u00e9<\/label><\/li>\n\t\t<\/ul><p style=\"text-align: center\"><input type=\"button\" name=\"vote\" value=\"   Vota   \" class=\"Buttons\" onclick=\"poll_vote(252);\" \/><\/p><p style=\"text-align: center\"><a href=\"#ViewPollResults\" onclick=\"poll_result(252); return false;\" title=\"View Results Of This Poll\">Mira els resultats<\/a><\/p><\/div>\n\t<\/form>\n<\/div>\n<div id=\"polls-252-loading\" class=\"wp-polls-loading\"><img decoding=\"async\" data-src=\"https:\/\/conversesacatalunya.cat\/wp-content\/plugins\/wp-polls\/images\/loading.gif\" width=\"16\" height=\"16\" alt=\"Cargando ...\" title=\"Cargando ...\" class=\"wp-polls-image lazyload\" src=\"data:image\/svg+xml;base64,PHN2ZyB3aWR0aD0iMSIgaGVpZ2h0PSIxIiB4bWxucz0iaHR0cDovL3d3dy53My5vcmcvMjAwMC9zdmciPjwvc3ZnPg==\" style=\"--smush-placeholder-width: 16px; --smush-placeholder-aspect-ratio: 16\/16;\" \/>&nbsp;Cargando ...<\/div>\n\n","protected":false},"excerpt":{"rendered":"<p>Es una evidencia: el independentismo est\u00e1 en declive. Este declive no comienza ahora, con la p\u00e9rdida de la mayor\u00eda absoluta en el Parlamento, sino que se remonta al momento en que el independentismo se derrot\u00f3 a s\u00ed mismo,\u00a0proclamando la independencia para despu\u00e9s retirarla casi de inmediato. Este acto fue hist\u00f3ricamente rid\u00edculo y evidenci\u00f3 un temor exacerbado ante las propias fuerzas. En una escala de menor significaci\u00f3n, Puigdemont hizo lo mismo con su\u00a0llegada y fuga instant\u00e1nea. Al actuar de esa manera, el\u00a0independentismo perdi\u00f3 las cimas sociales, pol\u00edticas y electorales que hab\u00eda alcanzado, algo hist\u00f3rico nunca visto en Catalu\u00f1a. Movilizaba a cientos de miles de personas y ten\u00eda un capital electoral de millones de votos. En realidad, la ca\u00edda se produjo porque el independentismo catal\u00e1n no quiso hacer su\u00a0Maid\u00e1n\u00a0(la plaza m\u00edtica de Kiev donde la oposici\u00f3n derrot\u00f3 al gobierno ucraniano proruso). Ante su acto en el Parlament, Puigdemont y Junqueras quedaron atemorizados por su osad\u00eda. Hab\u00eda un escenario alternativo: proclamar la independencia, mantenerla y dar lugar a una resistencia c\u00edvica. Un escenario alternativo Podemos incluso escenificarlo: el presidente, el gobierno y los diputados salen en manifestaci\u00f3n del Parlamento, acompa\u00f1ados por miles de personas. Desde el Palacio de la Ciutadella y el paseo de Sant Joan, se dirigen hacia el Palacio de la Generalitat, donde el gobierno y una representaci\u00f3n de los grupos parlamentarios se cierran, con provisiones preparadas para hacer frente a un largo asedio. Por su parte, TV3 y Catalunya R\u00e0dio transmiten en directo, con una programaci\u00f3n extraordinaria de 24 horas. En la plaza de Sant Jaume, 4.000 personas organizadas se turnan cada 24 horas para mantener rodeado el Palau; se ocupa el Ayuntamiento y las calles inmediatas. Habr\u00eda sido imposible para la polic\u00eda entrar sin un desmedido ejercicio de violencia, ante los ojos de las televisiones y fot\u00f3grafos de todo el mundo. El objetivo era que\u00a0el gobierno espa\u00f1ol aceptara negociar el acuerdo del Parlamento. Pod\u00edan hacerlo, pero no quisieron. A partir de ese momento, el independentismo se acab\u00f3. El resurgimiento artificial La\u00a0aplicaci\u00f3n del art\u00edculo 155\u00a0por parte de Rajoy, y sobre todo la forma disciplinada como funcionarios y cargos pol\u00edticos acogieron su aplicaci\u00f3n, convirti\u00f3 un te\u00f3rico conflicto en una balsa de aceite, certificando que el\u00a0independentismo era un cad\u00e1ver. No hac\u00eda falta hacer otra cosa que continuar y poco a poco se ir\u00eda deshinchando, como as\u00ed ha sido. Pero, vamos, lleg\u00f3 S\u00e1nchez, y se vio que los necesitaba para mantenerse en el gobierno. De este modo, reaviv\u00f3 artificialmente un movimiento derrotado, y se entr\u00f3 en un juego de enga\u00f1os mutuos. S\u00e1nchez, en ocasiones, se aven\u00eda en cuestiones importantes, como la amnist\u00eda; en otros, sencillamente los enredaba, y ERC, en mucha menor medida Junts, hac\u00eda ver que se lo cre\u00eda. As\u00ed naci\u00f3 la famosa mesa de di\u00e1logo o negociaci\u00f3n, con contrapartidas que, fuera de la exculpaci\u00f3n penal de los afectados, han tenido poca traducci\u00f3n pr\u00e1ctica hasta ahora. La crisis de identidad de los partidos independentistas Asimismo, al PP le interesa inflar el globo del peligro independentista, pese a que el problema de Espa\u00f1a no sea \u00e9ste, sino la p\u00e9rdida de toda capacidad operativa y la falta de inter\u00e9s por recuperarla. El problema de Espa\u00f1a es que S\u00e1nchez transformar\u00e1 todo lo que sea necesario en el Estado para continuar en el poder. El acuerdo entre ERC y los socialistas para que fuera presidente Illa es la \u00faltima muestra, una disponibilidad que, aunque no significa que se traduzca despu\u00e9s en lo comprometido, s\u00ed sirve para descabellar las instituciones del Estado y crear una desconfianza brutal en los pol\u00edticos y sus acuerdos. En este contexto, los dos partidos independentistas (la CUP es marginal y Alian\u00e7a Catalana es m\u00e1s una idea que una realidad) est\u00e1n\u00a0en crisis de identidad, que es lo peor que le puede pasar a un partido porque significa que no tiene claro qu\u00e9 quiere ser y, por tanto, qu\u00e9 debe hacer. Ambos tienen un polo de atracci\u00f3n, m\u00e1s o menos fuerte, hacia continuar con el discurso independentista, que no saben bien c\u00f3mo traducir en hechos, entre otras razones porque sus dirigentes actuales sigan siendo los mismos que tuvieron miedo y, a adem\u00e1s, est\u00e1n pol\u00edticamente chamuscados. Pero, a su vez, ambos partidos tienen otro polo de atracci\u00f3n: para ERC es el de ser de izquierdas y republicanos en Espa\u00f1a, una tendencia hist\u00f3rica que siempre han tenido y que en las condiciones actuales los convierte en\u00a0masoveros de S\u00e1nchez, porque el temor a que gobierne el PP bloquea todo acto de insumisi\u00f3n pol\u00edtica. Junts, por su parte, y una parte no peque\u00f1a del partido, siguen so\u00f1ando en recuperar Converg\u00e8ncia Democr\u00e0tica, que significa negociar con el gobierno espa\u00f1ol, obtener cosas concretas y beneficiarse electoralmente. Es tambi\u00e9n otro autoenga\u00f1o. Si pasan cuentas de los resultados concretos que han obtenido en beneficio del pa\u00eds desde que gobierna S\u00e1nchez, se dar\u00e1n cuenta de que el balance es muy pobre.<\/p>\n","protected":false},"author":77,"featured_media":80722,"comment_status":"open","ping_status":"open","sticky":false,"template":"","format":"standard","meta":{"_FSMCFIC_featured_image_caption":"","_FSMCFIC_featured_image_nocaption":"","_FSMCFIC_featured_image_hide":"","footnotes":""},"categories":[806],"tags":[951,986],"class_list":["post-80734","post","type-post","status-publish","format-standard","has-post-thumbnail","hentry","category-punts-claus-del-dia-es","tag-independentisme-es","tag-independentismo-es"],"yoast_head":"<!-- This site is optimized with the Yoast SEO plugin v26.8 - https:\/\/yoast.com\/product\/yoast-seo-wordpress\/ -->\n<title>Situaci\u00f3n y perspectiva de Catalu\u00f1a (1): El declive independentista - Converses a Catalunya<\/title>\n<meta name=\"description\" content=\"Explora el declive independentista en Catalu\u00f1a, sus causas, y el futuro incierto de los partidos independentistas\" \/>\n<meta name=\"robots\" content=\"index, follow, max-snippet:-1, max-image-preview:large, max-video-preview:-1\" \/>\n<link rel=\"canonical\" href=\"https:\/\/conversesacatalunya.cat\/es\/declive-independentista\/\" \/>\n<meta property=\"og:locale\" content=\"es_ES\" \/>\n<meta property=\"og:type\" content=\"article\" \/>\n<meta property=\"og:title\" content=\"Situaci\u00f3n y perspectiva de Catalu\u00f1a (1): El declive independentista - Converses a Catalunya\" \/>\n<meta property=\"og:description\" content=\"Explora el declive independentista en Catalu\u00f1a, sus causas, y el futuro incierto de los partidos independentistas\" \/>\n<meta property=\"og:url\" content=\"https:\/\/conversesacatalunya.cat\/es\/declive-independentista\/\" \/>\n<meta property=\"og:site_name\" content=\"Converses a Catalunya\" \/>\n<meta property=\"article:published_time\" content=\"2024-08-26T09:58:53+00:00\" \/>\n<meta property=\"article:modified_time\" content=\"2024-08-28T07:53:32+00:00\" \/>\n<meta property=\"og:image\" content=\"https:\/\/conversesacatalunya.cat\/wp-content\/uploads\/2024\/08\/el-nou-independentisme.jpg\" \/>\n\t<meta property=\"og:image:width\" content=\"651\" \/>\n\t<meta property=\"og:image:height\" content=\"366\" \/>\n\t<meta property=\"og:image:type\" content=\"image\/jpeg\" \/>\n<meta name=\"author\" content=\"Enric Casanovas\" \/>\n<meta name=\"twitter:card\" content=\"summary_large_image\" \/>\n<meta name=\"twitter:label1\" content=\"Escrito por\" \/>\n\t<meta name=\"twitter:data1\" content=\"Enric Casanovas\" \/>\n\t<meta name=\"twitter:label2\" content=\"Tiempo de lectura\" \/>\n\t<meta name=\"twitter:data2\" content=\"5 minutos\" \/>\n<script type=\"application\/ld+json\" class=\"yoast-schema-graph\">{\"@context\":\"https:\/\/schema.org\",\"@graph\":[{\"@type\":\"Article\",\"@id\":\"https:\/\/conversesacatalunya.cat\/es\/declive-independentista\/#article\",\"isPartOf\":{\"@id\":\"https:\/\/conversesacatalunya.cat\/es\/declive-independentista\/\"},\"author\":{\"name\":\"Enric Casanovas\",\"@id\":\"https:\/\/conversesacatalunya.cat\/#\/schema\/person\/79bd0577b2f3afc8d6519d207c6e8609\"},\"headline\":\"Situaci\u00f3n y perspectiva de Catalu\u00f1a (1): El declive independentista\",\"datePublished\":\"2024-08-26T09:58:53+00:00\",\"dateModified\":\"2024-08-28T07:53:32+00:00\",\"mainEntityOfPage\":{\"@id\":\"https:\/\/conversesacatalunya.cat\/es\/declive-independentista\/\"},\"wordCount\":928,\"commentCount\":0,\"image\":{\"@id\":\"https:\/\/conversesacatalunya.cat\/es\/declive-independentista\/#primaryimage\"},\"thumbnailUrl\":\"https:\/\/conversesacatalunya.cat\/wp-content\/uploads\/2024\/08\/el-nou-independentisme.jpg\",\"keywords\":[\"Independentisme\",\"Independentismo\"],\"articleSection\":[\"Punts clau del dia (ES)\"],\"inLanguage\":\"es\",\"potentialAction\":[{\"@type\":\"CommentAction\",\"name\":\"Comment\",\"target\":[\"https:\/\/conversesacatalunya.cat\/es\/declive-independentista\/#respond\"]}]},{\"@type\":\"WebPage\",\"@id\":\"https:\/\/conversesacatalunya.cat\/es\/declive-independentista\/\",\"url\":\"https:\/\/conversesacatalunya.cat\/es\/declive-independentista\/\",\"name\":\"Situaci\u00f3n y perspectiva de Catalu\u00f1a (1): El declive independentista - Converses a Catalunya\",\"isPartOf\":{\"@id\":\"https:\/\/conversesacatalunya.cat\/#website\"},\"primaryImageOfPage\":{\"@id\":\"https:\/\/conversesacatalunya.cat\/es\/declive-independentista\/#primaryimage\"},\"image\":{\"@id\":\"https:\/\/conversesacatalunya.cat\/es\/declive-independentista\/#primaryimage\"},\"thumbnailUrl\":\"https:\/\/conversesacatalunya.cat\/wp-content\/uploads\/2024\/08\/el-nou-independentisme.jpg\",\"datePublished\":\"2024-08-26T09:58:53+00:00\",\"dateModified\":\"2024-08-28T07:53:32+00:00\",\"author\":{\"@id\":\"https:\/\/conversesacatalunya.cat\/#\/schema\/person\/79bd0577b2f3afc8d6519d207c6e8609\"},\"description\":\"Explora el declive independentista en Catalu\u00f1a, sus causas, y el futuro incierto de los partidos independentistas\",\"breadcrumb\":{\"@id\":\"https:\/\/conversesacatalunya.cat\/es\/declive-independentista\/#breadcrumb\"},\"inLanguage\":\"es\",\"potentialAction\":[{\"@type\":\"ReadAction\",\"target\":[\"https:\/\/conversesacatalunya.cat\/es\/declive-independentista\/\"]}]},{\"@type\":\"ImageObject\",\"inLanguage\":\"es\",\"@id\":\"https:\/\/conversesacatalunya.cat\/es\/declive-independentista\/#primaryimage\",\"url\":\"https:\/\/conversesacatalunya.cat\/wp-content\/uploads\/2024\/08\/el-nou-independentisme.jpg\",\"contentUrl\":\"https:\/\/conversesacatalunya.cat\/wp-content\/uploads\/2024\/08\/el-nou-independentisme.jpg\",\"width\":651,\"height\":366,\"caption\":\"Declive independentista\"},{\"@type\":\"BreadcrumbList\",\"@id\":\"https:\/\/conversesacatalunya.cat\/es\/declive-independentista\/#breadcrumb\",\"itemListElement\":[{\"@type\":\"ListItem\",\"position\":1,\"name\":\"Inici\",\"item\":\"https:\/\/conversesacatalunya.cat\/es\/\"},{\"@type\":\"ListItem\",\"position\":2,\"name\":\"Situaci\u00f3n y perspectiva de Catalu\u00f1a (1): El declive independentista\"}]},{\"@type\":\"WebSite\",\"@id\":\"https:\/\/conversesacatalunya.cat\/#website\",\"url\":\"https:\/\/conversesacatalunya.cat\/\",\"name\":\"Converses a Catalunya\",\"description\":\"\",\"potentialAction\":[{\"@type\":\"SearchAction\",\"target\":{\"@type\":\"EntryPoint\",\"urlTemplate\":\"https:\/\/conversesacatalunya.cat\/?s={search_term_string}\"},\"query-input\":{\"@type\":\"PropertyValueSpecification\",\"valueRequired\":true,\"valueName\":\"search_term_string\"}}],\"inLanguage\":\"es\"},{\"@type\":\"Person\",\"@id\":\"https:\/\/conversesacatalunya.cat\/#\/schema\/person\/79bd0577b2f3afc8d6519d207c6e8609\",\"name\":\"Enric Casanovas\",\"image\":{\"@type\":\"ImageObject\",\"inLanguage\":\"es\",\"@id\":\"https:\/\/conversesacatalunya.cat\/#\/schema\/person\/image\/\",\"url\":\"https:\/\/conversesacatalunya.cat\/wp-content\/litespeed\/avatar\/7ae4379ad4421ec77820e92afd36dd78.jpg?ver=1777373933\",\"contentUrl\":\"https:\/\/conversesacatalunya.cat\/wp-content\/litespeed\/avatar\/7ae4379ad4421ec77820e92afd36dd78.jpg?ver=1777373933\",\"caption\":\"Enric Casanovas\"},\"url\":\"https:\/\/conversesacatalunya.cat\/es\/author\/enric-casanovas\/\"}]}<\/script>\n<!-- \/ Yoast SEO plugin. -->","yoast_head_json":{"title":"Situaci\u00f3n y perspectiva de Catalu\u00f1a (1): El declive independentista - Converses a Catalunya","description":"Explora el declive independentista en Catalu\u00f1a, sus causas, y el futuro incierto de los partidos independentistas","robots":{"index":"index","follow":"follow","max-snippet":"max-snippet:-1","max-image-preview":"max-image-preview:large","max-video-preview":"max-video-preview:-1"},"canonical":"https:\/\/conversesacatalunya.cat\/es\/declive-independentista\/","og_locale":"es_ES","og_type":"article","og_title":"Situaci\u00f3n y perspectiva de Catalu\u00f1a (1): El declive independentista - Converses a Catalunya","og_description":"Explora el declive independentista en Catalu\u00f1a, sus causas, y el futuro incierto de los partidos independentistas","og_url":"https:\/\/conversesacatalunya.cat\/es\/declive-independentista\/","og_site_name":"Converses a Catalunya","article_published_time":"2024-08-26T09:58:53+00:00","article_modified_time":"2024-08-28T07:53:32+00:00","og_image":[{"width":651,"height":366,"url":"https:\/\/conversesacatalunya.cat\/wp-content\/uploads\/2024\/08\/el-nou-independentisme.jpg","type":"image\/jpeg"}],"author":"Enric Casanovas","twitter_card":"summary_large_image","twitter_misc":{"Escrito por":"Enric Casanovas","Tiempo de lectura":"5 minutos"},"schema":{"@context":"https:\/\/schema.org","@graph":[{"@type":"Article","@id":"https:\/\/conversesacatalunya.cat\/es\/declive-independentista\/#article","isPartOf":{"@id":"https:\/\/conversesacatalunya.cat\/es\/declive-independentista\/"},"author":{"name":"Enric Casanovas","@id":"https:\/\/conversesacatalunya.cat\/#\/schema\/person\/79bd0577b2f3afc8d6519d207c6e8609"},"headline":"Situaci\u00f3n y perspectiva de Catalu\u00f1a (1): El declive independentista","datePublished":"2024-08-26T09:58:53+00:00","dateModified":"2024-08-28T07:53:32+00:00","mainEntityOfPage":{"@id":"https:\/\/conversesacatalunya.cat\/es\/declive-independentista\/"},"wordCount":928,"commentCount":0,"image":{"@id":"https:\/\/conversesacatalunya.cat\/es\/declive-independentista\/#primaryimage"},"thumbnailUrl":"https:\/\/conversesacatalunya.cat\/wp-content\/uploads\/2024\/08\/el-nou-independentisme.jpg","keywords":["Independentisme","Independentismo"],"articleSection":["Punts clau del dia (ES)"],"inLanguage":"es","potentialAction":[{"@type":"CommentAction","name":"Comment","target":["https:\/\/conversesacatalunya.cat\/es\/declive-independentista\/#respond"]}]},{"@type":"WebPage","@id":"https:\/\/conversesacatalunya.cat\/es\/declive-independentista\/","url":"https:\/\/conversesacatalunya.cat\/es\/declive-independentista\/","name":"Situaci\u00f3n y perspectiva de Catalu\u00f1a (1): El declive independentista - Converses a Catalunya","isPartOf":{"@id":"https:\/\/conversesacatalunya.cat\/#website"},"primaryImageOfPage":{"@id":"https:\/\/conversesacatalunya.cat\/es\/declive-independentista\/#primaryimage"},"image":{"@id":"https:\/\/conversesacatalunya.cat\/es\/declive-independentista\/#primaryimage"},"thumbnailUrl":"https:\/\/conversesacatalunya.cat\/wp-content\/uploads\/2024\/08\/el-nou-independentisme.jpg","datePublished":"2024-08-26T09:58:53+00:00","dateModified":"2024-08-28T07:53:32+00:00","author":{"@id":"https:\/\/conversesacatalunya.cat\/#\/schema\/person\/79bd0577b2f3afc8d6519d207c6e8609"},"description":"Explora el declive independentista en Catalu\u00f1a, sus causas, y el futuro incierto de los partidos independentistas","breadcrumb":{"@id":"https:\/\/conversesacatalunya.cat\/es\/declive-independentista\/#breadcrumb"},"inLanguage":"es","potentialAction":[{"@type":"ReadAction","target":["https:\/\/conversesacatalunya.cat\/es\/declive-independentista\/"]}]},{"@type":"ImageObject","inLanguage":"es","@id":"https:\/\/conversesacatalunya.cat\/es\/declive-independentista\/#primaryimage","url":"https:\/\/conversesacatalunya.cat\/wp-content\/uploads\/2024\/08\/el-nou-independentisme.jpg","contentUrl":"https:\/\/conversesacatalunya.cat\/wp-content\/uploads\/2024\/08\/el-nou-independentisme.jpg","width":651,"height":366,"caption":"Declive independentista"},{"@type":"BreadcrumbList","@id":"https:\/\/conversesacatalunya.cat\/es\/declive-independentista\/#breadcrumb","itemListElement":[{"@type":"ListItem","position":1,"name":"Inici","item":"https:\/\/conversesacatalunya.cat\/es\/"},{"@type":"ListItem","position":2,"name":"Situaci\u00f3n y perspectiva de Catalu\u00f1a (1): El declive independentista"}]},{"@type":"WebSite","@id":"https:\/\/conversesacatalunya.cat\/#website","url":"https:\/\/conversesacatalunya.cat\/","name":"Converses a Catalunya","description":"","potentialAction":[{"@type":"SearchAction","target":{"@type":"EntryPoint","urlTemplate":"https:\/\/conversesacatalunya.cat\/?s={search_term_string}"},"query-input":{"@type":"PropertyValueSpecification","valueRequired":true,"valueName":"search_term_string"}}],"inLanguage":"es"},{"@type":"Person","@id":"https:\/\/conversesacatalunya.cat\/#\/schema\/person\/79bd0577b2f3afc8d6519d207c6e8609","name":"Enric Casanovas","image":{"@type":"ImageObject","inLanguage":"es","@id":"https:\/\/conversesacatalunya.cat\/#\/schema\/person\/image\/","url":"https:\/\/conversesacatalunya.cat\/wp-content\/litespeed\/avatar\/7ae4379ad4421ec77820e92afd36dd78.jpg?ver=1777373933","contentUrl":"https:\/\/conversesacatalunya.cat\/wp-content\/litespeed\/avatar\/7ae4379ad4421ec77820e92afd36dd78.jpg?ver=1777373933","caption":"Enric Casanovas"},"url":"https:\/\/conversesacatalunya.cat\/es\/author\/enric-casanovas\/"}]}},"wps_subtitle":"C\u00f3mo ha evolucionado el movimiento independentista y qu\u00e9 esperar en el futuro","_links":{"self":[{"href":"https:\/\/conversesacatalunya.cat\/es\/wp-json\/wp\/v2\/posts\/80734","targetHints":{"allow":["GET"]}}],"collection":[{"href":"https:\/\/conversesacatalunya.cat\/es\/wp-json\/wp\/v2\/posts"}],"about":[{"href":"https:\/\/conversesacatalunya.cat\/es\/wp-json\/wp\/v2\/types\/post"}],"author":[{"embeddable":true,"href":"https:\/\/conversesacatalunya.cat\/es\/wp-json\/wp\/v2\/users\/77"}],"replies":[{"embeddable":true,"href":"https:\/\/conversesacatalunya.cat\/es\/wp-json\/wp\/v2\/comments?post=80734"}],"version-history":[{"count":6,"href":"https:\/\/conversesacatalunya.cat\/es\/wp-json\/wp\/v2\/posts\/80734\/revisions"}],"predecessor-version":[{"id":80831,"href":"https:\/\/conversesacatalunya.cat\/es\/wp-json\/wp\/v2\/posts\/80734\/revisions\/80831"}],"wp:featuredmedia":[{"embeddable":true,"href":"https:\/\/conversesacatalunya.cat\/es\/wp-json\/wp\/v2\/media\/80722"}],"wp:attachment":[{"href":"https:\/\/conversesacatalunya.cat\/es\/wp-json\/wp\/v2\/media?parent=80734"}],"wp:term":[{"taxonomy":"category","embeddable":true,"href":"https:\/\/conversesacatalunya.cat\/es\/wp-json\/wp\/v2\/categories?post=80734"},{"taxonomy":"post_tag","embeddable":true,"href":"https:\/\/conversesacatalunya.cat\/es\/wp-json\/wp\/v2\/tags?post=80734"}],"curies":[{"name":"wp","href":"https:\/\/api.w.org\/{rel}","templated":true}]}}