{"id":80691,"date":"2024-08-23T09:00:22","date_gmt":"2024-08-23T07:00:22","guid":{"rendered":"https:\/\/conversesacatalunya.cat\/?p=80691"},"modified":"2024-12-18T13:07:20","modified_gmt":"2024-12-18T12:07:20","slug":"cocina-popular-i","status":"publish","type":"post","link":"https:\/\/conversesacatalunya.cat\/es\/cocina-popular-i\/","title":{"rendered":"Cocina popular (I)"},"content":{"rendered":"<h3><strong>Escudella recalentada<\/strong><\/h3>\n<p>Muy pronto, cuando haya pasado el verano y lleguen los tiempos de oto\u00f1o e invierno, conviene aprovechar la escudella cocinada en los d\u00edas de fiesta recalentada nuevamente; un plato que no tiene comparaci\u00f3n, pues tiene un sabor muy particular, configurado por ese caldo tan espeso y graso sedimentado en la caldera donde ha fermentado la cocci\u00f3n del apio, las coles, garbanzos, puerros, chiriv\u00edas y nabos junto con los despojos de las aves &#8211; pich\u00f3n y gallina -, el trozo de pechuga de cordero, la careta y el hocico de cerdo, el pie de ternera, la espinada de cerdo, las morcillas &#8211; negras y blancas &#8211; y sobre todo la panceta. Esta escudella, una vez reposada y enfriada, y nuevamente recalentada al d\u00eda siguiente y completada a\u00fan con el a\u00f1adido de fideos y arroz, se convierte en un plato altamente sabroso y enormemente vitalizador del organismo, pero, al mismo tiempo, muy perjudicial para quienes padecen un exceso de colesterol.<\/p>\n<h3><strong>Butifarra desmenuzada<\/strong><\/h3>\n<p>Era bastante habitual en el mundo rural, justo antes de entrar en el tiempo cuaresmal, comer butifarra desmenuzada acompa\u00f1ada de una buena mezcla de setas confitadas o tambi\u00e9n con setas de tronco o con negrillas, que son de las \u00faltimas setas que se pueden encontrar en el bosque. La manera de preparar este plato rural es muy sencilla y sol\u00edan cocinarlo los mismos campesinos al abrigo de las barracas de las vi\u00f1as o de los olivares, para comerlo caliente cuando podaban las cepas o recog\u00edan las aceitunas.<\/p>\n<p>Para su cocci\u00f3n se necesita una buena brasa donde se coloca la sart\u00e9n con aceite de oliva y las setas; cuando las setas est\u00e1n bien fritas, se ponen las butifarras abiertas por la mitad &#8211; desmenuzadas &#8211; y enseguida se espolvorea el guiso con sal y pimienta, y se a\u00f1ade tambi\u00e9n un poco de ajo y perejil. Despu\u00e9s de darle un par de vueltas a la sart\u00e9n, la comida est\u00e1 lista para comer en el campo. Este desayuno debe acompa\u00f1arse con algunos tragos de vino fuerte, es decir, un vino algo fuerte que ayude a digerir. Tambi\u00e9n es un buen plato para comer en el olivar o en la vi\u00f1a, ese plato de huevos rotos con patatas y butifarra negra.<\/p>\n<figure id=\"attachment_80687\" aria-describedby=\"caption-attachment-80687\" style=\"width: 300px\" class=\"wp-caption alignnone\"><img fetchpriority=\"high\" decoding=\"async\" class=\"wp-image-80687 size-full\" src=\"https:\/\/conversesacatalunya.cat\/wp-content\/uploads\/2024\/08\/20079819.jpg\" alt=\"\" width=\"300\" height=\"300\" srcset=\"https:\/\/conversesacatalunya.cat\/wp-content\/uploads\/2024\/08\/20079819.jpg 300w, https:\/\/conversesacatalunya.cat\/wp-content\/uploads\/2024\/08\/20079819-150x150.jpg 150w\" sizes=\"(max-width: 300px) 100vw, 300px\" \/><figcaption id=\"caption-attachment-80687\" class=\"wp-caption-text\">Fra Valent\u00ed Serra de Manresa, caputx\u00ed<\/figcaption><\/figure>\n<h3><strong>Cocinar los armoles<\/strong><\/h3>\n<p>Los armoles o bledos (lat. <em>Atriplex hortensis<\/em>; cast. armuelle), seg\u00fan una antigua receta de los frailes capuchinos, nunca deben comerse ali\u00f1ados, sino que siempre se deben servir bien cocidos. Actualmente, los armoles son una verdura poco cultivada en nuestras huertas, ya que ha sido desplazada por las acelgas y las espinacas. Los antiguos frailes describieron as\u00ed los armoles:<em> \u00abson una planta hort\u00edcola de la altura de un palmo, de hojas triangulares y recortadas, arrugadas, y las flores muy peque\u00f1as y verdes. Las hojas de los armoles se suelen comer cocidas como las espinacas y para tenerlas en proporci\u00f3n, es necesario sembrarlas cada mes\u00bb<\/em>.<\/p>\n<p>Con los armoles cocidos se pueden preparar unos panellets o empanadillas, que para hacerlas se deben envolver los armoles ya cocidos con el relleno en una masa hecha de harina y ponerlo al horno. A la masa de la pasta se le debe a\u00f1adir aceite de oliva y un chorrito de leche. En cuanto al relleno, seg\u00fan consta en una vieja receta, primero \u00abcortar\u00e1s el ajo y la cebolla en dados y lo dorar\u00e1s en la sart\u00e9n. Luego picar\u00e1s el pimiento rojo crudo bien peque\u00f1o y trinchar\u00e1s algunas aceitunas adobadas y, si quieres, puedes a\u00f1adir tambi\u00e9n alg\u00fan huevo duro picado bien peque\u00f1o. Finalmente, debes a\u00f1adir a la masa sal al gusto y un chorrito de vinagre. Estas empanadillas de armoles, antes de meterlas en el horno &#8211; donde las tendr\u00e1s un buen rato &#8211; debes untarlas bien con un huevo batido y cuando las empanadillas ya est\u00e9n doradas, las servir\u00e1s en la mesa\u00bb.<\/p>\n<h3><strong>Sopas de pan<\/strong><\/h3>\n<p>En Occidente, la elaboraci\u00f3n del pan est\u00e1 ligada al desarrollo de la agricultura. Con la instituci\u00f3n de la Eucarist\u00eda hace m\u00e1s de dos mil a\u00f1os, el pan se ha convertido en el s\u00edmbolo del alimento cotidiano por excelencia: \u00abel pan de cada d\u00eda\u00bb. Fue gracias a la agricultura que los humanos se liberaron de la ardua tarea de salir diariamente a buscar en el bosque los alimentos de temporada para el sustento diario: setas, caracoles, bellotas, ar\u00e1ndanos, frambuesas, cuando fue posible la creaci\u00f3n de los primeros grupos estables en poblaciones.<\/p>\n<p>Todav\u00eda hoy una de las comidas caseras m\u00e1s tradicionales y que forma parte de la cocina de aprovechamiento es la sopa de ajo, ya que se hace con las rebanadas sobrantes de pan seco. Para hacerla, simplemente hay que sofre\u00edr unos cuantos ajos triturados con un poco de aceite y luego se pone el sofrito dentro de una olla, preferiblemente de barro, con una pizca de sal, el pan seco y el caldo de verduras, y se deja hervir un cuarto de hora. Antes de servirlo en la mesa, si se desea, se afina la sopa con un batidor de alambre. La forma de cocinar la sopa de ajo \u00aba la catalana\u00bb consiste en \u00abponer al fuego una cazuela con agua suficiente, sal al gusto, tres o cuatro ajos picados, aceite crudo y el pan necesario seco cortado en rebanadas finas. Se cocinar\u00e1 un cuarto de hora y cuando se retire del fuego, se bate bien antes de llevar la sopa a la mesa\u00bb.<\/p>\n<p>Son deliciosas &#8211; \u00a1y muy saludables! &#8211; las sopas escaldadas de pan seco preparadas con el caldo hirviendo de agua de tomillo. Tambi\u00e9n es una excelente y saludable comida esa cazuela de sopa de caldo de cebolla con pan seco cubierto de queso y gratinada al horno.<\/p>\n<p>&nbsp;<\/p>\n","protected":false},"excerpt":{"rendered":"<p>Escudella recalentada Muy pronto, cuando haya pasado el verano y lleguen los tiempos de oto\u00f1o e invierno, conviene aprovechar la escudella cocinada en los d\u00edas de fiesta recalentada nuevamente; un plato que no tiene comparaci\u00f3n, pues tiene un sabor muy particular, configurado por ese caldo tan espeso y graso sedimentado en la caldera donde ha fermentado la cocci\u00f3n del apio, las coles, garbanzos, puerros, chiriv\u00edas y nabos junto con los despojos de las aves &#8211; pich\u00f3n y gallina -, el trozo de pechuga de cordero, la careta y el hocico de cerdo, el pie de ternera, la espinada de cerdo, las morcillas &#8211; negras y blancas &#8211; y sobre todo la panceta. Esta escudella, una vez reposada y enfriada, y nuevamente recalentada al d\u00eda siguiente y completada a\u00fan con el a\u00f1adido de fideos y arroz, se convierte en un plato altamente sabroso y enormemente vitalizador del organismo, pero, al mismo tiempo, muy perjudicial para quienes padecen un exceso de colesterol. Butifarra desmenuzada Era bastante habitual en el mundo rural, justo antes de entrar en el tiempo cuaresmal, comer butifarra desmenuzada acompa\u00f1ada de una buena mezcla de setas confitadas o tambi\u00e9n con setas de tronco o con negrillas, que son de las \u00faltimas setas que se pueden encontrar en el bosque. La manera de preparar este plato rural es muy sencilla y sol\u00edan cocinarlo los mismos campesinos al abrigo de las barracas de las vi\u00f1as o de los olivares, para comerlo caliente cuando podaban las cepas o recog\u00edan las aceitunas. Para su cocci\u00f3n se necesita una buena brasa donde se coloca la sart\u00e9n con aceite de oliva y las setas; cuando las setas est\u00e1n bien fritas, se ponen las butifarras abiertas por la mitad &#8211; desmenuzadas &#8211; y enseguida se espolvorea el guiso con sal y pimienta, y se a\u00f1ade tambi\u00e9n un poco de ajo y perejil. Despu\u00e9s de darle un par de vueltas a la sart\u00e9n, la comida est\u00e1 lista para comer en el campo. Este desayuno debe acompa\u00f1arse con algunos tragos de vino fuerte, es decir, un vino algo fuerte que ayude a digerir. Tambi\u00e9n es un buen plato para comer en el olivar o en la vi\u00f1a, ese plato de huevos rotos con patatas y butifarra negra. Cocinar los armoles Los armoles o bledos (lat. Atriplex hortensis; cast. armuelle), seg\u00fan una antigua receta de los frailes capuchinos, nunca deben comerse ali\u00f1ados, sino que siempre se deben servir bien cocidos. Actualmente, los armoles son una verdura poco cultivada en nuestras huertas, ya que ha sido desplazada por las acelgas y las espinacas. Los antiguos frailes describieron as\u00ed los armoles: \u00abson una planta hort\u00edcola de la altura de un palmo, de hojas triangulares y recortadas, arrugadas, y las flores muy peque\u00f1as y verdes. Las hojas de los armoles se suelen comer cocidas como las espinacas y para tenerlas en proporci\u00f3n, es necesario sembrarlas cada mes\u00bb. Con los armoles cocidos se pueden preparar unos panellets o empanadillas, que para hacerlas se deben envolver los armoles ya cocidos con el relleno en una masa hecha de harina y ponerlo al horno. A la masa de la pasta se le debe a\u00f1adir aceite de oliva y un chorrito de leche. En cuanto al relleno, seg\u00fan consta en una vieja receta, primero \u00abcortar\u00e1s el ajo y la cebolla en dados y lo dorar\u00e1s en la sart\u00e9n. Luego picar\u00e1s el pimiento rojo crudo bien peque\u00f1o y trinchar\u00e1s algunas aceitunas adobadas y, si quieres, puedes a\u00f1adir tambi\u00e9n alg\u00fan huevo duro picado bien peque\u00f1o. Finalmente, debes a\u00f1adir a la masa sal al gusto y un chorrito de vinagre. Estas empanadillas de armoles, antes de meterlas en el horno &#8211; donde las tendr\u00e1s un buen rato &#8211; debes untarlas bien con un huevo batido y cuando las empanadillas ya est\u00e9n doradas, las servir\u00e1s en la mesa\u00bb. Sopas de pan En Occidente, la elaboraci\u00f3n del pan est\u00e1 ligada al desarrollo de la agricultura. Con la instituci\u00f3n de la Eucarist\u00eda hace m\u00e1s de dos mil a\u00f1os, el pan se ha convertido en el s\u00edmbolo del alimento cotidiano por excelencia: \u00abel pan de cada d\u00eda\u00bb. Fue gracias a la agricultura que los humanos se liberaron de la ardua tarea de salir diariamente a buscar en el bosque los alimentos de temporada para el sustento diario: setas, caracoles, bellotas, ar\u00e1ndanos, frambuesas, cuando fue posible la creaci\u00f3n de los primeros grupos estables en poblaciones. Todav\u00eda hoy una de las comidas caseras m\u00e1s tradicionales y que forma parte de la cocina de aprovechamiento es la sopa de ajo, ya que se hace con las rebanadas sobrantes de pan seco. Para hacerla, simplemente hay que sofre\u00edr unos cuantos ajos triturados con un poco de aceite y luego se pone el sofrito dentro de una olla, preferiblemente de barro, con una pizca de sal, el pan seco y el caldo de verduras, y se deja hervir un cuarto de hora. Antes de servirlo en la mesa, si se desea, se afina la sopa con un batidor de alambre. La forma de cocinar la sopa de ajo \u00aba la catalana\u00bb consiste en \u00abponer al fuego una cazuela con agua suficiente, sal al gusto, tres o cuatro ajos picados, aceite crudo y el pan necesario seco cortado en rebanadas finas. Se cocinar\u00e1 un cuarto de hora y cuando se retire del fuego, se bate bien antes de llevar la sopa a la mesa\u00bb. Son deliciosas &#8211; \u00a1y muy saludables! &#8211; las sopas escaldadas de pan seco preparadas con el caldo hirviendo de agua de tomillo. Tambi\u00e9n es una excelente y saludable comida esa cazuela de sopa de caldo de cebolla con pan seco cubierto de queso y gratinada al horno. &nbsp;<\/p>\n","protected":false},"author":7,"featured_media":80685,"comment_status":"open","ping_status":"open","sticky":false,"template":"","format":"standard","meta":{"_FSMCFIC_featured_image_caption":"Butifarra desmenuzada con setas","_FSMCFIC_featured_image_nocaption":"","_FSMCFIC_featured_image_hide":"","footnotes":""},"categories":[5224,806],"tags":[1456,930],"class_list":["post-80691","post","type-post","status-publish","format-standard","has-post-thumbnail","hentry","category-cocina-y-tradiciones","category-punts-claus-del-dia-es","tag-remedios-y-cocina-de-convento","tag-remeis-i-cuina-de-convent-es"],"yoast_head":"<!-- This site is optimized with the Yoast SEO plugin v26.8 - https:\/\/yoast.com\/product\/yoast-seo-wordpress\/ -->\n<title>Cocina popular (I) - Converses a Catalunya<\/title>\n<meta name=\"description\" content=\"Cocina popular. Llegados al tiempo de oto\u00f1o y de invierno es necesario aprovechar la escudella cocinada en los d\u00edas de fiesta\" \/>\n<meta name=\"robots\" content=\"index, follow, max-snippet:-1, max-image-preview:large, max-video-preview:-1\" \/>\n<link rel=\"canonical\" href=\"https:\/\/conversesacatalunya.cat\/es\/cocina-popular-i\/\" \/>\n<meta property=\"og:locale\" content=\"es_ES\" \/>\n<meta property=\"og:type\" content=\"article\" \/>\n<meta property=\"og:title\" content=\"Cocina popular (I) - Converses a Catalunya\" \/>\n<meta property=\"og:description\" content=\"Cocina popular. Llegados al tiempo de oto\u00f1o y de invierno es necesario aprovechar la escudella cocinada en los d\u00edas de fiesta\" \/>\n<meta property=\"og:url\" content=\"https:\/\/conversesacatalunya.cat\/es\/cocina-popular-i\/\" \/>\n<meta property=\"og:site_name\" content=\"Converses a Catalunya\" \/>\n<meta property=\"article:published_time\" content=\"2024-08-23T07:00:22+00:00\" \/>\n<meta property=\"article:modified_time\" content=\"2024-12-18T12:07:20+00:00\" \/>\n<meta property=\"og:image\" content=\"https:\/\/conversesacatalunya.cat\/wp-content\/uploads\/2024\/08\/cazuela-de-buti-y-bolets-2-300x3001-1.jpg\" \/>\n\t<meta property=\"og:image:width\" content=\"800\" \/>\n\t<meta property=\"og:image:height\" content=\"533\" \/>\n\t<meta property=\"og:image:type\" content=\"image\/jpeg\" \/>\n<meta name=\"author\" content=\"Fra. Valent\u00ed Serra de Manresa, caputx\u00ed\" \/>\n<meta name=\"twitter:card\" content=\"summary_large_image\" \/>\n<meta name=\"twitter:label1\" content=\"Escrito por\" \/>\n\t<meta name=\"twitter:data1\" content=\"Fra. Valent\u00ed Serra de Manresa, caputx\u00ed\" \/>\n\t<meta name=\"twitter:label2\" content=\"Tiempo de lectura\" \/>\n\t<meta name=\"twitter:data2\" content=\"5 minutos\" \/>\n<script type=\"application\/ld+json\" class=\"yoast-schema-graph\">{\"@context\":\"https:\/\/schema.org\",\"@graph\":[{\"@type\":\"Article\",\"@id\":\"https:\/\/conversesacatalunya.cat\/es\/cocina-popular-i\/#article\",\"isPartOf\":{\"@id\":\"https:\/\/conversesacatalunya.cat\/es\/cocina-popular-i\/\"},\"author\":{\"name\":\"Fra. Valent\u00ed Serra de Manresa, caputx\u00ed\",\"@id\":\"https:\/\/conversesacatalunya.cat\/#\/schema\/person\/b38acdebb0128433c80a59c26ada22d4\"},\"headline\":\"Cocina popular (I)\",\"datePublished\":\"2024-08-23T07:00:22+00:00\",\"dateModified\":\"2024-12-18T12:07:20+00:00\",\"mainEntityOfPage\":{\"@id\":\"https:\/\/conversesacatalunya.cat\/es\/cocina-popular-i\/\"},\"wordCount\":1007,\"commentCount\":0,\"image\":{\"@id\":\"https:\/\/conversesacatalunya.cat\/es\/cocina-popular-i\/#primaryimage\"},\"thumbnailUrl\":\"https:\/\/conversesacatalunya.cat\/wp-content\/uploads\/2024\/08\/cazuela-de-buti-y-bolets-2-300x3001-1.jpg\",\"keywords\":[\"remedios y cocina de convento\",\"Remeis i cuina de convent\"],\"articleSection\":[\"Cocina y Tradiciones\",\"Punts clau del dia (ES)\"],\"inLanguage\":\"es\",\"potentialAction\":[{\"@type\":\"CommentAction\",\"name\":\"Comment\",\"target\":[\"https:\/\/conversesacatalunya.cat\/es\/cocina-popular-i\/#respond\"]}]},{\"@type\":\"WebPage\",\"@id\":\"https:\/\/conversesacatalunya.cat\/es\/cocina-popular-i\/\",\"url\":\"https:\/\/conversesacatalunya.cat\/es\/cocina-popular-i\/\",\"name\":\"Cocina popular (I) - Converses a Catalunya\",\"isPartOf\":{\"@id\":\"https:\/\/conversesacatalunya.cat\/#website\"},\"primaryImageOfPage\":{\"@id\":\"https:\/\/conversesacatalunya.cat\/es\/cocina-popular-i\/#primaryimage\"},\"image\":{\"@id\":\"https:\/\/conversesacatalunya.cat\/es\/cocina-popular-i\/#primaryimage\"},\"thumbnailUrl\":\"https:\/\/conversesacatalunya.cat\/wp-content\/uploads\/2024\/08\/cazuela-de-buti-y-bolets-2-300x3001-1.jpg\",\"datePublished\":\"2024-08-23T07:00:22+00:00\",\"dateModified\":\"2024-12-18T12:07:20+00:00\",\"author\":{\"@id\":\"https:\/\/conversesacatalunya.cat\/#\/schema\/person\/b38acdebb0128433c80a59c26ada22d4\"},\"description\":\"Cocina popular. Llegados al tiempo de oto\u00f1o y de invierno es necesario aprovechar la escudella cocinada en los d\u00edas de fiesta\",\"breadcrumb\":{\"@id\":\"https:\/\/conversesacatalunya.cat\/es\/cocina-popular-i\/#breadcrumb\"},\"inLanguage\":\"es\",\"potentialAction\":[{\"@type\":\"ReadAction\",\"target\":[\"https:\/\/conversesacatalunya.cat\/es\/cocina-popular-i\/\"]}]},{\"@type\":\"ImageObject\",\"inLanguage\":\"es\",\"@id\":\"https:\/\/conversesacatalunya.cat\/es\/cocina-popular-i\/#primaryimage\",\"url\":\"https:\/\/conversesacatalunya.cat\/wp-content\/uploads\/2024\/08\/cazuela-de-buti-y-bolets-2-300x3001-1.jpg\",\"contentUrl\":\"https:\/\/conversesacatalunya.cat\/wp-content\/uploads\/2024\/08\/cazuela-de-buti-y-bolets-2-300x3001-1.jpg\",\"width\":800,\"height\":533,\"caption\":\"cocina popular\"},{\"@type\":\"BreadcrumbList\",\"@id\":\"https:\/\/conversesacatalunya.cat\/es\/cocina-popular-i\/#breadcrumb\",\"itemListElement\":[{\"@type\":\"ListItem\",\"position\":1,\"name\":\"Inici\",\"item\":\"https:\/\/conversesacatalunya.cat\/es\/\"},{\"@type\":\"ListItem\",\"position\":2,\"name\":\"Cocina popular (I)\"}]},{\"@type\":\"WebSite\",\"@id\":\"https:\/\/conversesacatalunya.cat\/#website\",\"url\":\"https:\/\/conversesacatalunya.cat\/\",\"name\":\"Converses a Catalunya\",\"description\":\"\",\"potentialAction\":[{\"@type\":\"SearchAction\",\"target\":{\"@type\":\"EntryPoint\",\"urlTemplate\":\"https:\/\/conversesacatalunya.cat\/?s={search_term_string}\"},\"query-input\":{\"@type\":\"PropertyValueSpecification\",\"valueRequired\":true,\"valueName\":\"search_term_string\"}}],\"inLanguage\":\"es\"},{\"@type\":\"Person\",\"@id\":\"https:\/\/conversesacatalunya.cat\/#\/schema\/person\/b38acdebb0128433c80a59c26ada22d4\",\"name\":\"Fra. Valent\u00ed Serra de Manresa, caputx\u00ed\",\"image\":{\"@type\":\"ImageObject\",\"inLanguage\":\"es\",\"@id\":\"https:\/\/conversesacatalunya.cat\/#\/schema\/person\/image\/\",\"url\":\"https:\/\/conversesacatalunya.cat\/wp-content\/litespeed\/avatar\/017211a7e400d34bed51e6c9c5d356f7.jpg?ver=1777378434\",\"contentUrl\":\"https:\/\/conversesacatalunya.cat\/wp-content\/litespeed\/avatar\/017211a7e400d34bed51e6c9c5d356f7.jpg?ver=1777378434\",\"caption\":\"Fra. Valent\u00ed Serra de Manresa, caputx\u00ed\"},\"url\":\"https:\/\/conversesacatalunya.cat\/es\/author\/fra-valenti-serra-de-manresa\/\"}]}<\/script>\n<!-- \/ Yoast SEO plugin. -->","yoast_head_json":{"title":"Cocina popular (I) - Converses a Catalunya","description":"Cocina popular. Llegados al tiempo de oto\u00f1o y de invierno es necesario aprovechar la escudella cocinada en los d\u00edas de fiesta","robots":{"index":"index","follow":"follow","max-snippet":"max-snippet:-1","max-image-preview":"max-image-preview:large","max-video-preview":"max-video-preview:-1"},"canonical":"https:\/\/conversesacatalunya.cat\/es\/cocina-popular-i\/","og_locale":"es_ES","og_type":"article","og_title":"Cocina popular (I) - Converses a Catalunya","og_description":"Cocina popular. Llegados al tiempo de oto\u00f1o y de invierno es necesario aprovechar la escudella cocinada en los d\u00edas de fiesta","og_url":"https:\/\/conversesacatalunya.cat\/es\/cocina-popular-i\/","og_site_name":"Converses a Catalunya","article_published_time":"2024-08-23T07:00:22+00:00","article_modified_time":"2024-12-18T12:07:20+00:00","og_image":[{"width":800,"height":533,"url":"https:\/\/conversesacatalunya.cat\/wp-content\/uploads\/2024\/08\/cazuela-de-buti-y-bolets-2-300x3001-1.jpg","type":"image\/jpeg"}],"author":"Fra. Valent\u00ed Serra de Manresa, caputx\u00ed","twitter_card":"summary_large_image","twitter_misc":{"Escrito por":"Fra. Valent\u00ed Serra de Manresa, caputx\u00ed","Tiempo de lectura":"5 minutos"},"schema":{"@context":"https:\/\/schema.org","@graph":[{"@type":"Article","@id":"https:\/\/conversesacatalunya.cat\/es\/cocina-popular-i\/#article","isPartOf":{"@id":"https:\/\/conversesacatalunya.cat\/es\/cocina-popular-i\/"},"author":{"name":"Fra. Valent\u00ed Serra de Manresa, caputx\u00ed","@id":"https:\/\/conversesacatalunya.cat\/#\/schema\/person\/b38acdebb0128433c80a59c26ada22d4"},"headline":"Cocina popular (I)","datePublished":"2024-08-23T07:00:22+00:00","dateModified":"2024-12-18T12:07:20+00:00","mainEntityOfPage":{"@id":"https:\/\/conversesacatalunya.cat\/es\/cocina-popular-i\/"},"wordCount":1007,"commentCount":0,"image":{"@id":"https:\/\/conversesacatalunya.cat\/es\/cocina-popular-i\/#primaryimage"},"thumbnailUrl":"https:\/\/conversesacatalunya.cat\/wp-content\/uploads\/2024\/08\/cazuela-de-buti-y-bolets-2-300x3001-1.jpg","keywords":["remedios y cocina de convento","Remeis i cuina de convent"],"articleSection":["Cocina y Tradiciones","Punts clau del dia (ES)"],"inLanguage":"es","potentialAction":[{"@type":"CommentAction","name":"Comment","target":["https:\/\/conversesacatalunya.cat\/es\/cocina-popular-i\/#respond"]}]},{"@type":"WebPage","@id":"https:\/\/conversesacatalunya.cat\/es\/cocina-popular-i\/","url":"https:\/\/conversesacatalunya.cat\/es\/cocina-popular-i\/","name":"Cocina popular (I) - Converses a Catalunya","isPartOf":{"@id":"https:\/\/conversesacatalunya.cat\/#website"},"primaryImageOfPage":{"@id":"https:\/\/conversesacatalunya.cat\/es\/cocina-popular-i\/#primaryimage"},"image":{"@id":"https:\/\/conversesacatalunya.cat\/es\/cocina-popular-i\/#primaryimage"},"thumbnailUrl":"https:\/\/conversesacatalunya.cat\/wp-content\/uploads\/2024\/08\/cazuela-de-buti-y-bolets-2-300x3001-1.jpg","datePublished":"2024-08-23T07:00:22+00:00","dateModified":"2024-12-18T12:07:20+00:00","author":{"@id":"https:\/\/conversesacatalunya.cat\/#\/schema\/person\/b38acdebb0128433c80a59c26ada22d4"},"description":"Cocina popular. Llegados al tiempo de oto\u00f1o y de invierno es necesario aprovechar la escudella cocinada en los d\u00edas de fiesta","breadcrumb":{"@id":"https:\/\/conversesacatalunya.cat\/es\/cocina-popular-i\/#breadcrumb"},"inLanguage":"es","potentialAction":[{"@type":"ReadAction","target":["https:\/\/conversesacatalunya.cat\/es\/cocina-popular-i\/"]}]},{"@type":"ImageObject","inLanguage":"es","@id":"https:\/\/conversesacatalunya.cat\/es\/cocina-popular-i\/#primaryimage","url":"https:\/\/conversesacatalunya.cat\/wp-content\/uploads\/2024\/08\/cazuela-de-buti-y-bolets-2-300x3001-1.jpg","contentUrl":"https:\/\/conversesacatalunya.cat\/wp-content\/uploads\/2024\/08\/cazuela-de-buti-y-bolets-2-300x3001-1.jpg","width":800,"height":533,"caption":"cocina popular"},{"@type":"BreadcrumbList","@id":"https:\/\/conversesacatalunya.cat\/es\/cocina-popular-i\/#breadcrumb","itemListElement":[{"@type":"ListItem","position":1,"name":"Inici","item":"https:\/\/conversesacatalunya.cat\/es\/"},{"@type":"ListItem","position":2,"name":"Cocina popular (I)"}]},{"@type":"WebSite","@id":"https:\/\/conversesacatalunya.cat\/#website","url":"https:\/\/conversesacatalunya.cat\/","name":"Converses a Catalunya","description":"","potentialAction":[{"@type":"SearchAction","target":{"@type":"EntryPoint","urlTemplate":"https:\/\/conversesacatalunya.cat\/?s={search_term_string}"},"query-input":{"@type":"PropertyValueSpecification","valueRequired":true,"valueName":"search_term_string"}}],"inLanguage":"es"},{"@type":"Person","@id":"https:\/\/conversesacatalunya.cat\/#\/schema\/person\/b38acdebb0128433c80a59c26ada22d4","name":"Fra. Valent\u00ed Serra de Manresa, caputx\u00ed","image":{"@type":"ImageObject","inLanguage":"es","@id":"https:\/\/conversesacatalunya.cat\/#\/schema\/person\/image\/","url":"https:\/\/conversesacatalunya.cat\/wp-content\/litespeed\/avatar\/017211a7e400d34bed51e6c9c5d356f7.jpg?ver=1777378434","contentUrl":"https:\/\/conversesacatalunya.cat\/wp-content\/litespeed\/avatar\/017211a7e400d34bed51e6c9c5d356f7.jpg?ver=1777378434","caption":"Fra. Valent\u00ed Serra de Manresa, caputx\u00ed"},"url":"https:\/\/conversesacatalunya.cat\/es\/author\/fra-valenti-serra-de-manresa\/"}]}},"wps_subtitle":"Escudella recalentada, butifarra desmenuzada, cocinar los armoles y sopas de pan","_links":{"self":[{"href":"https:\/\/conversesacatalunya.cat\/es\/wp-json\/wp\/v2\/posts\/80691","targetHints":{"allow":["GET"]}}],"collection":[{"href":"https:\/\/conversesacatalunya.cat\/es\/wp-json\/wp\/v2\/posts"}],"about":[{"href":"https:\/\/conversesacatalunya.cat\/es\/wp-json\/wp\/v2\/types\/post"}],"author":[{"embeddable":true,"href":"https:\/\/conversesacatalunya.cat\/es\/wp-json\/wp\/v2\/users\/7"}],"replies":[{"embeddable":true,"href":"https:\/\/conversesacatalunya.cat\/es\/wp-json\/wp\/v2\/comments?post=80691"}],"version-history":[{"count":7,"href":"https:\/\/conversesacatalunya.cat\/es\/wp-json\/wp\/v2\/posts\/80691\/revisions"}],"predecessor-version":[{"id":80693,"href":"https:\/\/conversesacatalunya.cat\/es\/wp-json\/wp\/v2\/posts\/80691\/revisions\/80693"}],"wp:featuredmedia":[{"embeddable":true,"href":"https:\/\/conversesacatalunya.cat\/es\/wp-json\/wp\/v2\/media\/80685"}],"wp:attachment":[{"href":"https:\/\/conversesacatalunya.cat\/es\/wp-json\/wp\/v2\/media?parent=80691"}],"wp:term":[{"taxonomy":"category","embeddable":true,"href":"https:\/\/conversesacatalunya.cat\/es\/wp-json\/wp\/v2\/categories?post=80691"},{"taxonomy":"post_tag","embeddable":true,"href":"https:\/\/conversesacatalunya.cat\/es\/wp-json\/wp\/v2\/tags?post=80691"}],"curies":[{"name":"wp","href":"https:\/\/api.w.org\/{rel}","templated":true}]}}