{"id":80506,"date":"2024-07-29T09:03:17","date_gmt":"2024-07-29T07:03:17","guid":{"rendered":"https:\/\/conversesacatalunya.cat\/alemanya-retallar-ajuda-ucraina\/"},"modified":"2024-07-29T09:58:52","modified_gmt":"2024-07-29T07:58:52","slug":"alemania-recortar-ayuda-ucrania","status":"publish","type":"post","link":"https:\/\/conversesacatalunya.cat\/es\/alemania-recortar-ayuda-ucrania\/","title":{"rendered":"Alemania planea ahora recortar a la mitad la ayuda militar a Ucrania"},"content":{"rendered":"<p>La invasi\u00f3n rusa de Ucrania en febrero del 2022 cogi\u00f3 al gobierno alem\u00e1n, entonces reci\u00e9n estrenado de la coalici\u00f3n sem\u00e1foro entre socialdem\u00f3cratas, verdes y liberales, por sorpresa.<\/p>\n<p>Sin embargo, el impacto inicial fue tan importante que\u00a0<strong>el canciller Olaf Scholz <a href=\"https:\/\/conversesacatalunya.cat\/es\/invasion-rusa-provoca-un-zeitwende-alemania\/\" target=\"_blank\" rel=\"noopener\">proclam\u00f3<\/a>\u00a0con solemnidad un\u00a0<em>Zeitenwende<\/em><\/strong>\u00a0(\u201ccambio de \u00e9poca\u201d o \u201cpunto de inflexi\u00f3n de relevancia hist\u00f3rica\u201d) en materia de pol\u00edtica estrat\u00e9gica y de defensa de Alemania .<\/p>\n<p>Para demostrar la seriedad con la que se tomaba este postulado, Scholz <a href=\"https:\/\/conversesacatalunya.cat\/es\/alemania-aspira-a-ser-la-principal-potencia-militar-de-la-ue\/\" target=\"_blank\" rel=\"noopener\"><strong>anunci\u00f3<\/strong><\/a>\u00a0<strong>aumentar el presupuesto de defensa hasta el 2% del Producto Interior Bruto anual\u00a0<\/strong>\u00a0<strong>de forma permanente<\/strong>, adem\u00e1s de lanzar un paquete \u00fanico de 100.000 millones de euros destinado a modernizar y adquirir nuevos equipos.<\/p>\n<p>Por otra parte, desde entonces <strong>Alemania\u00a0se ha convertido en el principal aliado y donante europeo a Ucrania<\/strong>, entregando m\u00e1s de 8.000 millones de euros destinados a ayudas militares solo para el ejercicio 2024.<\/p>\n<h4><strong>Todo esto, hasta que empezaron los problemas de deuda p\u00fablica alemana.<\/strong><\/h4>\n<p>A finales del a\u00f1o pasado, el ministro de finanzas\u00a0<strong>Christian Lindner<\/strong>, conocido por ser un firme defensor del rigor presupuestario, anunci\u00f3 que su pa\u00eds necesitaba <strong>seguir endeud\u00e1ndose por encima de lo que establece la constituci\u00f3n federal alemana para poder acabar 2023<\/strong>.<\/p>\n<p>El Tribunal Constitucional hab\u00eda anunciado precedentemente bloquear una transferencia de la deuda que implicar\u00eda infringir la regla que impide al gobierno endeudarse por encima del 0,35% del PIB.<\/p>\n<p>A mediados de julio de este a\u00f1o, el propio Lindner<a href=\"https:\/\/www.politico.eu\/article\/germany-war-slashes-funds-ukraine-russia-savings-aid-drat-2025-budget-defense-deal\/\" target=\"_blank\" rel=\"noopener\"><strong>\u00a0<\/strong><\/a><strong>anunci\u00f3<\/strong> que el borrador de los presupuestos generales para 2025 acordados entre los tres partidos colegiados prev\u00e9\u00a0<strong>recortar a la mitad la ayuda militar a Ucrania, para situarse en torno a los 4.000 millones de euros<\/strong>.<\/p>\n<p>El ministro explic\u00f3 que Ucrania deber\u00eda apoyarse m\u00e1s en fondos de otras \u00abfuentes europeas\u00bb.<\/p>\n<p>Para justificarse mejor ante sus socios internacionales -y claro los propios ucranianos- Lindner a\u00f1adi\u00f3 que esperaba que Ucrania recibiera este 2024 50.000 millones de d\u00f3lares provenientes del acuerdo provisional de los pa\u00edses del G7 para conceder <strong>un pr\u00e9stamo basado en los activos rusos congelados<\/strong>.<\/p>\n<p>Por lo que se desprende de las negociaciones presupuestarias entre los miembros de la coalici\u00f3n gubernamental alemana, la\u00a0<strong>reducci\u00f3n de la ayuda a Ucrania fue la soluci\u00f3n encontrada para poder seguir incrementando el gasto p\u00fablico en otros \u00e1mbitos<\/strong>, como programas de ayudas sociales y lucha contra el cambio clim\u00e1tico, sin violar la obligaci\u00f3n constitucional contra el sobreendeudamiento.<\/p>\n<p>El diario\u00a0<em>Politico<\/em>\u00a0, que fue quien accedi\u00f3 al borrador,\u00a0<a href=\"https:\/\/www.politico.eu\/article\/germany-war-slashes-funds-ukraine-russia-savings-aid-drat-2025-budget-defense-deal\/\" target=\"_blank\" rel=\"noopener\"><strong>explica<\/strong><\/a><strong>\u00a0<\/strong>que el gobierno alem\u00e1n esper\u00f3 al inicio del per\u00edodo clave de las vacaciones veraniegas en Berl\u00edn para llegar al preacuerdo, lo que seg\u00fan apunta denota el car\u00e1cter sensible de su contenido.<\/p>\n<p>El propio canciller Scholz ha exhortado durante los \u00faltimos dos a\u00f1os a otros pa\u00edses europeos a aumentar la contribuci\u00f3n al esfuerzo militar ucraniano. Pero en su conjunto,\u00a0<strong>el tan aventado cambio de \u00e9poca alem\u00e1n parece haber durado poco<\/strong>.<\/p>\n<p>Incluso la famosa medida de llevar el gasto militar al 2% del PIB ha terminado materializ\u00e1ndose a costa de gastar los 100.000 millones de euros de gasto extraordinario anunciados en el 2022, seg\u00fan apunta\u00a0<em>Politico<\/em>. <strong>Unos fondos que estar\u00eda previsto agotar en 2027<\/strong>. Lo que ocurra despu\u00e9s de esa fecha, todav\u00eda queda muy lejos.<\/p>\n<p>&nbsp;<\/p>\n","protected":false},"excerpt":{"rendered":"<p>La invasi\u00f3n rusa de Ucrania en febrero del 2022 cogi\u00f3 al gobierno alem\u00e1n, entonces reci\u00e9n estrenado de la coalici\u00f3n sem\u00e1foro entre socialdem\u00f3cratas, verdes y liberales, por sorpresa. Sin embargo, el impacto inicial fue tan importante que\u00a0el canciller Olaf Scholz proclam\u00f3\u00a0con solemnidad un\u00a0Zeitenwende\u00a0(\u201ccambio de \u00e9poca\u201d o \u201cpunto de inflexi\u00f3n de relevancia hist\u00f3rica\u201d) en materia de pol\u00edtica estrat\u00e9gica y de defensa de Alemania . Para demostrar la seriedad con la que se tomaba este postulado, Scholz anunci\u00f3\u00a0aumentar el presupuesto de defensa hasta el 2% del Producto Interior Bruto anual\u00a0\u00a0de forma permanente, adem\u00e1s de lanzar un paquete \u00fanico de 100.000 millones de euros destinado a modernizar y adquirir nuevos equipos. Por otra parte, desde entonces Alemania\u00a0se ha convertido en el principal aliado y donante europeo a Ucrania, entregando m\u00e1s de 8.000 millones de euros destinados a ayudas militares solo para el ejercicio 2024. Todo esto, hasta que empezaron los problemas de deuda p\u00fablica alemana. A finales del a\u00f1o pasado, el ministro de finanzas\u00a0Christian Lindner, conocido por ser un firme defensor del rigor presupuestario, anunci\u00f3 que su pa\u00eds necesitaba seguir endeud\u00e1ndose por encima de lo que establece la constituci\u00f3n federal alemana para poder acabar 2023. El Tribunal Constitucional hab\u00eda anunciado precedentemente bloquear una transferencia de la deuda que implicar\u00eda infringir la regla que impide al gobierno endeudarse por encima del 0,35% del PIB. A mediados de julio de este a\u00f1o, el propio Lindner\u00a0anunci\u00f3 que el borrador de los presupuestos generales para 2025 acordados entre los tres partidos colegiados prev\u00e9\u00a0recortar a la mitad la ayuda militar a Ucrania, para situarse en torno a los 4.000 millones de euros. El ministro explic\u00f3 que Ucrania deber\u00eda apoyarse m\u00e1s en fondos de otras \u00abfuentes europeas\u00bb. Para justificarse mejor ante sus socios internacionales -y claro los propios ucranianos- Lindner a\u00f1adi\u00f3 que esperaba que Ucrania recibiera este 2024 50.000 millones de d\u00f3lares provenientes del acuerdo provisional de los pa\u00edses del G7 para conceder un pr\u00e9stamo basado en los activos rusos congelados. Por lo que se desprende de las negociaciones presupuestarias entre los miembros de la coalici\u00f3n gubernamental alemana, la\u00a0reducci\u00f3n de la ayuda a Ucrania fue la soluci\u00f3n encontrada para poder seguir incrementando el gasto p\u00fablico en otros \u00e1mbitos, como programas de ayudas sociales y lucha contra el cambio clim\u00e1tico, sin violar la obligaci\u00f3n constitucional contra el sobreendeudamiento. El diario\u00a0Politico\u00a0, que fue quien accedi\u00f3 al borrador,\u00a0explica\u00a0que el gobierno alem\u00e1n esper\u00f3 al inicio del per\u00edodo clave de las vacaciones veraniegas en Berl\u00edn para llegar al preacuerdo, lo que seg\u00fan apunta denota el car\u00e1cter sensible de su contenido. El propio canciller Scholz ha exhortado durante los \u00faltimos dos a\u00f1os a otros pa\u00edses europeos a aumentar la contribuci\u00f3n al esfuerzo militar ucraniano. Pero en su conjunto,\u00a0el tan aventado cambio de \u00e9poca alem\u00e1n parece haber durado poco. Incluso la famosa medida de llevar el gasto militar al 2% del PIB ha terminado materializ\u00e1ndose a costa de gastar los 100.000 millones de euros de gasto extraordinario anunciados en el 2022, seg\u00fan apunta\u00a0Politico. Unos fondos que estar\u00eda previsto agotar en 2027. Lo que ocurra despu\u00e9s de esa fecha, todav\u00eda queda muy lejos. &nbsp;<\/p>\n","protected":false},"author":75,"featured_media":80507,"comment_status":"open","ping_status":"open","sticky":false,"template":"","format":"standard","meta":{"_FSMCFIC_featured_image_caption":"","_FSMCFIC_featured_image_nocaption":"","_FSMCFIC_featured_image_hide":"","footnotes":""},"categories":[806],"tags":[1586,2471,1306],"class_list":["post-80506","post","type-post","status-publish","format-standard","has-post-thumbnail","hentry","category-punts-claus-del-dia-es","tag-alemanya-es","tag-despesa-militar-es","tag-ucraina-es"],"yoast_head":"<!-- This site is optimized with the Yoast SEO plugin v26.8 - https:\/\/yoast.com\/product\/yoast-seo-wordpress\/ -->\n<title>Alemania planea ahora recortar a la mitad la ayuda militar a Ucrania - Converses a Catalunya<\/title>\n<meta name=\"description\" content=\"Alemania\u00a0se ha convertido en el principal aliado y donante europeo a Ucrania, entregando m\u00e1s de 8.000 millones de euros\" \/>\n<meta name=\"robots\" content=\"index, follow, max-snippet:-1, max-image-preview:large, max-video-preview:-1\" \/>\n<link rel=\"canonical\" href=\"https:\/\/conversesacatalunya.cat\/es\/alemania-recortar-ayuda-ucrania\/\" \/>\n<meta property=\"og:locale\" content=\"es_ES\" \/>\n<meta property=\"og:type\" content=\"article\" \/>\n<meta property=\"og:title\" content=\"Alemania planea ahora recortar a la mitad la ayuda militar a Ucrania - Converses a Catalunya\" \/>\n<meta property=\"og:description\" content=\"Alemania\u00a0se ha convertido en el principal aliado y donante europeo a Ucrania, entregando m\u00e1s de 8.000 millones de euros\" \/>\n<meta property=\"og:url\" content=\"https:\/\/conversesacatalunya.cat\/es\/alemania-recortar-ayuda-ucrania\/\" \/>\n<meta property=\"og:site_name\" content=\"Converses a Catalunya\" \/>\n<meta property=\"article:published_time\" content=\"2024-07-29T07:03:17+00:00\" \/>\n<meta property=\"article:modified_time\" content=\"2024-07-29T07:58:52+00:00\" \/>\n<meta property=\"og:image\" content=\"https:\/\/conversesacatalunya.cat\/wp-content\/uploads\/2019\/08\/Captura-de-pantalla_2019-08-14_09-57-26.png\" \/>\n\t<meta property=\"og:image:width\" content=\"931\" \/>\n\t<meta property=\"og:image:height\" content=\"519\" \/>\n\t<meta property=\"og:image:type\" content=\"image\/png\" \/>\n<meta name=\"author\" content=\"Carles L\u00f3pez\" \/>\n<meta name=\"twitter:card\" content=\"summary_large_image\" \/>\n<meta name=\"twitter:label1\" content=\"Escrito por\" \/>\n\t<meta name=\"twitter:data1\" content=\"Carles L\u00f3pez\" \/>\n\t<meta name=\"twitter:label2\" content=\"Tiempo de lectura\" \/>\n\t<meta name=\"twitter:data2\" content=\"3 minutos\" \/>\n<script type=\"application\/ld+json\" class=\"yoast-schema-graph\">{\"@context\":\"https:\/\/schema.org\",\"@graph\":[{\"@type\":\"Article\",\"@id\":\"https:\/\/conversesacatalunya.cat\/es\/alemania-recortar-ayuda-ucrania\/#article\",\"isPartOf\":{\"@id\":\"https:\/\/conversesacatalunya.cat\/es\/alemania-recortar-ayuda-ucrania\/\"},\"author\":{\"name\":\"Carles L\u00f3pez\",\"@id\":\"https:\/\/conversesacatalunya.cat\/#\/schema\/person\/3ce2ab16c0a3803086d80722c7cad56a\"},\"headline\":\"Alemania planea ahora recortar a la mitad la ayuda militar a Ucrania\",\"datePublished\":\"2024-07-29T07:03:17+00:00\",\"dateModified\":\"2024-07-29T07:58:52+00:00\",\"mainEntityOfPage\":{\"@id\":\"https:\/\/conversesacatalunya.cat\/es\/alemania-recortar-ayuda-ucrania\/\"},\"wordCount\":564,\"commentCount\":0,\"image\":{\"@id\":\"https:\/\/conversesacatalunya.cat\/es\/alemania-recortar-ayuda-ucrania\/#primaryimage\"},\"thumbnailUrl\":\"https:\/\/conversesacatalunya.cat\/wp-content\/uploads\/2019\/08\/Captura-de-pantalla_2019-08-14_09-57-26.png\",\"keywords\":[\"Alemanya\",\"despesa militar\",\"Ucra\u00efna\"],\"articleSection\":[\"Punts clau del dia (ES)\"],\"inLanguage\":\"es\",\"potentialAction\":[{\"@type\":\"CommentAction\",\"name\":\"Comment\",\"target\":[\"https:\/\/conversesacatalunya.cat\/es\/alemania-recortar-ayuda-ucrania\/#respond\"]}]},{\"@type\":\"WebPage\",\"@id\":\"https:\/\/conversesacatalunya.cat\/es\/alemania-recortar-ayuda-ucrania\/\",\"url\":\"https:\/\/conversesacatalunya.cat\/es\/alemania-recortar-ayuda-ucrania\/\",\"name\":\"Alemania planea ahora recortar a la mitad la ayuda militar a Ucrania - Converses a Catalunya\",\"isPartOf\":{\"@id\":\"https:\/\/conversesacatalunya.cat\/#website\"},\"primaryImageOfPage\":{\"@id\":\"https:\/\/conversesacatalunya.cat\/es\/alemania-recortar-ayuda-ucrania\/#primaryimage\"},\"image\":{\"@id\":\"https:\/\/conversesacatalunya.cat\/es\/alemania-recortar-ayuda-ucrania\/#primaryimage\"},\"thumbnailUrl\":\"https:\/\/conversesacatalunya.cat\/wp-content\/uploads\/2019\/08\/Captura-de-pantalla_2019-08-14_09-57-26.png\",\"datePublished\":\"2024-07-29T07:03:17+00:00\",\"dateModified\":\"2024-07-29T07:58:52+00:00\",\"author\":{\"@id\":\"https:\/\/conversesacatalunya.cat\/#\/schema\/person\/3ce2ab16c0a3803086d80722c7cad56a\"},\"description\":\"Alemania\u00a0se ha convertido en el principal aliado y donante europeo a Ucrania, entregando m\u00e1s de 8.000 millones de euros\",\"breadcrumb\":{\"@id\":\"https:\/\/conversesacatalunya.cat\/es\/alemania-recortar-ayuda-ucrania\/#breadcrumb\"},\"inLanguage\":\"es\",\"potentialAction\":[{\"@type\":\"ReadAction\",\"target\":[\"https:\/\/conversesacatalunya.cat\/es\/alemania-recortar-ayuda-ucrania\/\"]}]},{\"@type\":\"ImageObject\",\"inLanguage\":\"es\",\"@id\":\"https:\/\/conversesacatalunya.cat\/es\/alemania-recortar-ayuda-ucrania\/#primaryimage\",\"url\":\"https:\/\/conversesacatalunya.cat\/wp-content\/uploads\/2019\/08\/Captura-de-pantalla_2019-08-14_09-57-26.png\",\"contentUrl\":\"https:\/\/conversesacatalunya.cat\/wp-content\/uploads\/2019\/08\/Captura-de-pantalla_2019-08-14_09-57-26.png\",\"width\":931,\"height\":519,\"caption\":\"Alemania Ucrania\"},{\"@type\":\"BreadcrumbList\",\"@id\":\"https:\/\/conversesacatalunya.cat\/es\/alemania-recortar-ayuda-ucrania\/#breadcrumb\",\"itemListElement\":[{\"@type\":\"ListItem\",\"position\":1,\"name\":\"Inici\",\"item\":\"https:\/\/conversesacatalunya.cat\/es\/\"},{\"@type\":\"ListItem\",\"position\":2,\"name\":\"Alemania planea ahora recortar a la mitad la ayuda militar a Ucrania\"}]},{\"@type\":\"WebSite\",\"@id\":\"https:\/\/conversesacatalunya.cat\/#website\",\"url\":\"https:\/\/conversesacatalunya.cat\/\",\"name\":\"Converses a Catalunya\",\"description\":\"\",\"potentialAction\":[{\"@type\":\"SearchAction\",\"target\":{\"@type\":\"EntryPoint\",\"urlTemplate\":\"https:\/\/conversesacatalunya.cat\/?s={search_term_string}\"},\"query-input\":{\"@type\":\"PropertyValueSpecification\",\"valueRequired\":true,\"valueName\":\"search_term_string\"}}],\"inLanguage\":\"es\"},{\"@type\":\"Person\",\"@id\":\"https:\/\/conversesacatalunya.cat\/#\/schema\/person\/3ce2ab16c0a3803086d80722c7cad56a\",\"name\":\"Carles L\u00f3pez\",\"image\":{\"@type\":\"ImageObject\",\"inLanguage\":\"es\",\"@id\":\"https:\/\/conversesacatalunya.cat\/#\/schema\/person\/image\/\",\"url\":\"https:\/\/conversesacatalunya.cat\/wp-content\/litespeed\/avatar\/4891585caf2896e97846ab77f06edcf2.jpg?ver=1777091173\",\"contentUrl\":\"https:\/\/conversesacatalunya.cat\/wp-content\/litespeed\/avatar\/4891585caf2896e97846ab77f06edcf2.jpg?ver=1777091173\",\"caption\":\"Carles L\u00f3pez\"},\"url\":\"https:\/\/conversesacatalunya.cat\/es\/author\/carles-lopez\/\"}]}<\/script>\n<!-- \/ Yoast SEO plugin. -->","yoast_head_json":{"title":"Alemania planea ahora recortar a la mitad la ayuda militar a Ucrania - Converses a Catalunya","description":"Alemania\u00a0se ha convertido en el principal aliado y donante europeo a Ucrania, entregando m\u00e1s de 8.000 millones de euros","robots":{"index":"index","follow":"follow","max-snippet":"max-snippet:-1","max-image-preview":"max-image-preview:large","max-video-preview":"max-video-preview:-1"},"canonical":"https:\/\/conversesacatalunya.cat\/es\/alemania-recortar-ayuda-ucrania\/","og_locale":"es_ES","og_type":"article","og_title":"Alemania planea ahora recortar a la mitad la ayuda militar a Ucrania - Converses a Catalunya","og_description":"Alemania\u00a0se ha convertido en el principal aliado y donante europeo a Ucrania, entregando m\u00e1s de 8.000 millones de euros","og_url":"https:\/\/conversesacatalunya.cat\/es\/alemania-recortar-ayuda-ucrania\/","og_site_name":"Converses a Catalunya","article_published_time":"2024-07-29T07:03:17+00:00","article_modified_time":"2024-07-29T07:58:52+00:00","og_image":[{"width":931,"height":519,"url":"https:\/\/conversesacatalunya.cat\/wp-content\/uploads\/2019\/08\/Captura-de-pantalla_2019-08-14_09-57-26.png","type":"image\/png"}],"author":"Carles L\u00f3pez","twitter_card":"summary_large_image","twitter_misc":{"Escrito por":"Carles L\u00f3pez","Tiempo de lectura":"3 minutos"},"schema":{"@context":"https:\/\/schema.org","@graph":[{"@type":"Article","@id":"https:\/\/conversesacatalunya.cat\/es\/alemania-recortar-ayuda-ucrania\/#article","isPartOf":{"@id":"https:\/\/conversesacatalunya.cat\/es\/alemania-recortar-ayuda-ucrania\/"},"author":{"name":"Carles L\u00f3pez","@id":"https:\/\/conversesacatalunya.cat\/#\/schema\/person\/3ce2ab16c0a3803086d80722c7cad56a"},"headline":"Alemania planea ahora recortar a la mitad la ayuda militar a Ucrania","datePublished":"2024-07-29T07:03:17+00:00","dateModified":"2024-07-29T07:58:52+00:00","mainEntityOfPage":{"@id":"https:\/\/conversesacatalunya.cat\/es\/alemania-recortar-ayuda-ucrania\/"},"wordCount":564,"commentCount":0,"image":{"@id":"https:\/\/conversesacatalunya.cat\/es\/alemania-recortar-ayuda-ucrania\/#primaryimage"},"thumbnailUrl":"https:\/\/conversesacatalunya.cat\/wp-content\/uploads\/2019\/08\/Captura-de-pantalla_2019-08-14_09-57-26.png","keywords":["Alemanya","despesa militar","Ucra\u00efna"],"articleSection":["Punts clau del dia (ES)"],"inLanguage":"es","potentialAction":[{"@type":"CommentAction","name":"Comment","target":["https:\/\/conversesacatalunya.cat\/es\/alemania-recortar-ayuda-ucrania\/#respond"]}]},{"@type":"WebPage","@id":"https:\/\/conversesacatalunya.cat\/es\/alemania-recortar-ayuda-ucrania\/","url":"https:\/\/conversesacatalunya.cat\/es\/alemania-recortar-ayuda-ucrania\/","name":"Alemania planea ahora recortar a la mitad la ayuda militar a Ucrania - Converses a Catalunya","isPartOf":{"@id":"https:\/\/conversesacatalunya.cat\/#website"},"primaryImageOfPage":{"@id":"https:\/\/conversesacatalunya.cat\/es\/alemania-recortar-ayuda-ucrania\/#primaryimage"},"image":{"@id":"https:\/\/conversesacatalunya.cat\/es\/alemania-recortar-ayuda-ucrania\/#primaryimage"},"thumbnailUrl":"https:\/\/conversesacatalunya.cat\/wp-content\/uploads\/2019\/08\/Captura-de-pantalla_2019-08-14_09-57-26.png","datePublished":"2024-07-29T07:03:17+00:00","dateModified":"2024-07-29T07:58:52+00:00","author":{"@id":"https:\/\/conversesacatalunya.cat\/#\/schema\/person\/3ce2ab16c0a3803086d80722c7cad56a"},"description":"Alemania\u00a0se ha convertido en el principal aliado y donante europeo a Ucrania, entregando m\u00e1s de 8.000 millones de euros","breadcrumb":{"@id":"https:\/\/conversesacatalunya.cat\/es\/alemania-recortar-ayuda-ucrania\/#breadcrumb"},"inLanguage":"es","potentialAction":[{"@type":"ReadAction","target":["https:\/\/conversesacatalunya.cat\/es\/alemania-recortar-ayuda-ucrania\/"]}]},{"@type":"ImageObject","inLanguage":"es","@id":"https:\/\/conversesacatalunya.cat\/es\/alemania-recortar-ayuda-ucrania\/#primaryimage","url":"https:\/\/conversesacatalunya.cat\/wp-content\/uploads\/2019\/08\/Captura-de-pantalla_2019-08-14_09-57-26.png","contentUrl":"https:\/\/conversesacatalunya.cat\/wp-content\/uploads\/2019\/08\/Captura-de-pantalla_2019-08-14_09-57-26.png","width":931,"height":519,"caption":"Alemania Ucrania"},{"@type":"BreadcrumbList","@id":"https:\/\/conversesacatalunya.cat\/es\/alemania-recortar-ayuda-ucrania\/#breadcrumb","itemListElement":[{"@type":"ListItem","position":1,"name":"Inici","item":"https:\/\/conversesacatalunya.cat\/es\/"},{"@type":"ListItem","position":2,"name":"Alemania planea ahora recortar a la mitad la ayuda militar a Ucrania"}]},{"@type":"WebSite","@id":"https:\/\/conversesacatalunya.cat\/#website","url":"https:\/\/conversesacatalunya.cat\/","name":"Converses a Catalunya","description":"","potentialAction":[{"@type":"SearchAction","target":{"@type":"EntryPoint","urlTemplate":"https:\/\/conversesacatalunya.cat\/?s={search_term_string}"},"query-input":{"@type":"PropertyValueSpecification","valueRequired":true,"valueName":"search_term_string"}}],"inLanguage":"es"},{"@type":"Person","@id":"https:\/\/conversesacatalunya.cat\/#\/schema\/person\/3ce2ab16c0a3803086d80722c7cad56a","name":"Carles L\u00f3pez","image":{"@type":"ImageObject","inLanguage":"es","@id":"https:\/\/conversesacatalunya.cat\/#\/schema\/person\/image\/","url":"https:\/\/conversesacatalunya.cat\/wp-content\/litespeed\/avatar\/4891585caf2896e97846ab77f06edcf2.jpg?ver=1777091173","contentUrl":"https:\/\/conversesacatalunya.cat\/wp-content\/litespeed\/avatar\/4891585caf2896e97846ab77f06edcf2.jpg?ver=1777091173","caption":"Carles L\u00f3pez"},"url":"https:\/\/conversesacatalunya.cat\/es\/author\/carles-lopez\/"}]}},"wps_subtitle":"El tan aventado cambio de \u00e9poca alem\u00e1n en materia de pol\u00edtica estrat\u00e9gica y de defensa parece haber durado poco","_links":{"self":[{"href":"https:\/\/conversesacatalunya.cat\/es\/wp-json\/wp\/v2\/posts\/80506","targetHints":{"allow":["GET"]}}],"collection":[{"href":"https:\/\/conversesacatalunya.cat\/es\/wp-json\/wp\/v2\/posts"}],"about":[{"href":"https:\/\/conversesacatalunya.cat\/es\/wp-json\/wp\/v2\/types\/post"}],"author":[{"embeddable":true,"href":"https:\/\/conversesacatalunya.cat\/es\/wp-json\/wp\/v2\/users\/75"}],"replies":[{"embeddable":true,"href":"https:\/\/conversesacatalunya.cat\/es\/wp-json\/wp\/v2\/comments?post=80506"}],"version-history":[{"count":6,"href":"https:\/\/conversesacatalunya.cat\/es\/wp-json\/wp\/v2\/posts\/80506\/revisions"}],"predecessor-version":[{"id":80513,"href":"https:\/\/conversesacatalunya.cat\/es\/wp-json\/wp\/v2\/posts\/80506\/revisions\/80513"}],"wp:featuredmedia":[{"embeddable":true,"href":"https:\/\/conversesacatalunya.cat\/es\/wp-json\/wp\/v2\/media\/80507"}],"wp:attachment":[{"href":"https:\/\/conversesacatalunya.cat\/es\/wp-json\/wp\/v2\/media?parent=80506"}],"wp:term":[{"taxonomy":"category","embeddable":true,"href":"https:\/\/conversesacatalunya.cat\/es\/wp-json\/wp\/v2\/categories?post=80506"},{"taxonomy":"post_tag","embeddable":true,"href":"https:\/\/conversesacatalunya.cat\/es\/wp-json\/wp\/v2\/tags?post=80506"}],"curies":[{"name":"wp","href":"https:\/\/api.w.org\/{rel}","templated":true}]}}