{"id":80501,"date":"2024-08-20T09:00:06","date_gmt":"2024-08-20T07:00:06","guid":{"rendered":"https:\/\/conversesacatalunya.cat\/?p=80501"},"modified":"2024-08-05T05:50:29","modified_gmt":"2024-08-05T03:50:29","slug":"los-4-grandes-agujeros-de-la-politica-social-catalana","status":"publish","type":"post","link":"https:\/\/conversesacatalunya.cat\/es\/los-4-grandes-agujeros-de-la-politica-social-catalana\/","title":{"rendered":"Los 4 grandes agujeros de la pol\u00edtica social catalana"},"content":{"rendered":"<p>Catalu\u00f1a tiene las costuras rotas por muchos lados y, por tanto, nuestro traje como pa\u00eds est\u00e1 desgarrado y corre el riesgo de quedar deshilachado. De estos, hay algunos especialmente sensibles porque afectan a la dimensi\u00f3n social y, sobre todo, a los m\u00e1s necesitados, la te\u00f3rica igualdad de oportunidades y el funcionamiento del ascensor social.<\/p>\n<h3><strong>Los 4 grandes agujeros de la pol\u00edtica social catalana<\/strong><\/h3>\n<h4><strong>Primero<\/strong><\/h4>\n<p><strong>El primero de estos agujeros es causado por la crisis demogr\u00e1fica<\/strong>, bien conocida: pocos nacimientos, envejecimiento, crecimiento vegetativo negativo y fuerte inmigraci\u00f3n. Estas palabras crean un conjunto de grandes necesidades absolutamente desatendidas: se refieren a las ayudas a la familia, a la natalidad, a la vivienda, a las condiciones de vida de las personas mayores, sobre todo las que viven solas, y a la proporci\u00f3n creciente de personas que no pueden cubrir sus necesidades b\u00e1sicas, tanto del pa\u00eds como inmigrantes en una proporci\u00f3n cada vez mayor.<\/p>\n<h4><strong>Segundo<\/strong><\/h4>\n<p><strong>El segundo gran agujero es el del fracaso de la educaci\u00f3n general b\u00e1sica.<\/strong> La primaria y la secundaria tienen unos resultados desastrosos y est\u00e1n muy lejos de contribuir a la igualdad de oportunidades y de ser el ascensor social. Quien no proviene de una familia con un buen capital social lo tiene muy dif\u00edcil porque la escuela es incapaz de complementar esta carencia. Por tanto, saldr\u00e1n personas que dif\u00edcilmente podr\u00e1n vivir vidas m\u00ednimamente realizadas, al menos desde el punto de vista material.<\/p>\n<h4><strong>Tercero<\/strong><\/h4>\n<p><strong>El tercero es el menosprecio a las personas mayores, cada vez m\u00e1s numerosas.<\/strong> No existen pol\u00edticas integrales en este sentido. Cabe decir, y esto es un hecho muy positivo, que las pensiones s\u00ed cumplen un buen papel, excepto en el caso de la mayor\u00eda de las viudas, pero el resto de cuestiones son muy deficientes, en particular lo que es la asistencia social a las personas que viven solas y el estado de las residencias.<\/p>\n<h4><strong>Cuarto<\/strong><\/h4>\n<p>El cuarto agujero es de total actualidad porque, <strong>despu\u00e9s de 3 a\u00f1os de espera, se ha producido el traspaso de la gesti\u00f3n del <a href=\"https:\/\/conversesacatalunya.cat\/es\/collapse-a-la-seguretat-social-a-causa-de-lingres-minim-vital-imv\/\" target=\"_blank\" rel=\"noopener\">Ingreso M\u00ednimo Vital <\/a>(IMV) del gobierno espa\u00f1ol a la Generalitat.<\/strong><\/p>\n<p><strong>En Catalu\u00f1a hay unas 700.000 personas que viven en condici\u00f3n de pobreza severa<\/strong>. Pues bien, solo el 34% de ellas reciben el IMV. Por otra parte, la prestaci\u00f3n de la Generalitat solo llega a un 25%. Sumadas ambas y en la mejor de las hip\u00f3tesis, con pocas coincidencias, de las 700.000 personas con pobreza severa, poco m\u00e1s de la mitad quedan asistidas por una aportaci\u00f3n que, por otro lado, es bastante escasa si solo se recibe una de las dos, ya que la ayuda estatal es de 602 euros y la catalana de 756 euros. Es evidente que un objetivo elemental ser\u00eda cubrir a la mayor parte de esta poblaci\u00f3n. Pero se est\u00e1 lejos de lograrlo y, adem\u00e1s, de cubrirla con una cantidad suficiente.<\/p>\n<h4><strong>Ahora, con el traspaso, se dice que todo ser\u00e1 mucho m\u00e1s funcional y se llegar\u00e1 a m\u00e1s gente. Habr\u00e1 que verlo y la reserva es leg\u00edtima, sobre todo por dos consideraciones. <\/strong><\/h4>\n<p><strong>Primera<\/strong>, se ha traspasado a la Generalitat la gesti\u00f3n de la ventanilla; la concesi\u00f3n final sigue dependiendo de Madrid, y, por tanto, el circuito no es ni mucho menos solo auton\u00f3mico.<\/p>\n<p>La <strong>segunda<\/strong> raz\u00f3n es que la administraci\u00f3n de la Generalitat est\u00e1 lejos de ser m\u00ednimamente eficaz y tener capacidad de atender a los usuarios. Y la prestaci\u00f3n y los servicios de esta no escapan a la regla.<\/p>\n<p>Todav\u00eda habr\u00e1 una \u00faltima consideraci\u00f3n, pero nos llevar\u00eda demasiado lejos: estas pol\u00edticas de perdigonada no resuelven el problema. Hasta que no se disponga de <strong>una \u00fanica ayuda centrada en las familias,<\/strong> sobre todo las de bajos ingresos, el problema de este agujero social no encontrar\u00e1 soluci\u00f3n.<\/p>\n","protected":false},"excerpt":{"rendered":"<p>Catalu\u00f1a tiene las costuras rotas por muchos lados y, por tanto, nuestro traje como pa\u00eds est\u00e1 desgarrado y corre el riesgo de quedar deshilachado. De estos, hay algunos especialmente sensibles porque afectan a la dimensi\u00f3n social y, sobre todo, a los m\u00e1s necesitados, la te\u00f3rica igualdad de oportunidades y el funcionamiento del ascensor social. Los 4 grandes agujeros de la pol\u00edtica social catalana Primero El primero de estos agujeros es causado por la crisis demogr\u00e1fica, bien conocida: pocos nacimientos, envejecimiento, crecimiento vegetativo negativo y fuerte inmigraci\u00f3n. Estas palabras crean un conjunto de grandes necesidades absolutamente desatendidas: se refieren a las ayudas a la familia, a la natalidad, a la vivienda, a las condiciones de vida de las personas mayores, sobre todo las que viven solas, y a la proporci\u00f3n creciente de personas que no pueden cubrir sus necesidades b\u00e1sicas, tanto del pa\u00eds como inmigrantes en una proporci\u00f3n cada vez mayor. Segundo El segundo gran agujero es el del fracaso de la educaci\u00f3n general b\u00e1sica. La primaria y la secundaria tienen unos resultados desastrosos y est\u00e1n muy lejos de contribuir a la igualdad de oportunidades y de ser el ascensor social. Quien no proviene de una familia con un buen capital social lo tiene muy dif\u00edcil porque la escuela es incapaz de complementar esta carencia. Por tanto, saldr\u00e1n personas que dif\u00edcilmente podr\u00e1n vivir vidas m\u00ednimamente realizadas, al menos desde el punto de vista material. Tercero El tercero es el menosprecio a las personas mayores, cada vez m\u00e1s numerosas. No existen pol\u00edticas integrales en este sentido. Cabe decir, y esto es un hecho muy positivo, que las pensiones s\u00ed cumplen un buen papel, excepto en el caso de la mayor\u00eda de las viudas, pero el resto de cuestiones son muy deficientes, en particular lo que es la asistencia social a las personas que viven solas y el estado de las residencias. Cuarto El cuarto agujero es de total actualidad porque, despu\u00e9s de 3 a\u00f1os de espera, se ha producido el traspaso de la gesti\u00f3n del Ingreso M\u00ednimo Vital (IMV) del gobierno espa\u00f1ol a la Generalitat. En Catalu\u00f1a hay unas 700.000 personas que viven en condici\u00f3n de pobreza severa. Pues bien, solo el 34% de ellas reciben el IMV. Por otra parte, la prestaci\u00f3n de la Generalitat solo llega a un 25%. Sumadas ambas y en la mejor de las hip\u00f3tesis, con pocas coincidencias, de las 700.000 personas con pobreza severa, poco m\u00e1s de la mitad quedan asistidas por una aportaci\u00f3n que, por otro lado, es bastante escasa si solo se recibe una de las dos, ya que la ayuda estatal es de 602 euros y la catalana de 756 euros. Es evidente que un objetivo elemental ser\u00eda cubrir a la mayor parte de esta poblaci\u00f3n. Pero se est\u00e1 lejos de lograrlo y, adem\u00e1s, de cubrirla con una cantidad suficiente. Ahora, con el traspaso, se dice que todo ser\u00e1 mucho m\u00e1s funcional y se llegar\u00e1 a m\u00e1s gente. Habr\u00e1 que verlo y la reserva es leg\u00edtima, sobre todo por dos consideraciones. Primera, se ha traspasado a la Generalitat la gesti\u00f3n de la ventanilla; la concesi\u00f3n final sigue dependiendo de Madrid, y, por tanto, el circuito no es ni mucho menos solo auton\u00f3mico. La segunda raz\u00f3n es que la administraci\u00f3n de la Generalitat est\u00e1 lejos de ser m\u00ednimamente eficaz y tener capacidad de atender a los usuarios. Y la prestaci\u00f3n y los servicios de esta no escapan a la regla. Todav\u00eda habr\u00e1 una \u00faltima consideraci\u00f3n, pero nos llevar\u00eda demasiado lejos: estas pol\u00edticas de perdigonada no resuelven el problema. Hasta que no se disponga de una \u00fanica ayuda centrada en las familias, sobre todo las de bajos ingresos, el problema de este agujero social no encontrar\u00e1 soluci\u00f3n.<\/p>\n","protected":false},"author":77,"featured_media":80498,"comment_status":"open","ping_status":"open","sticky":false,"template":"","format":"standard","meta":{"_FSMCFIC_featured_image_caption":"","_FSMCFIC_featured_image_nocaption":"","_FSMCFIC_featured_image_hide":"","footnotes":""},"categories":[806],"tags":[4279,4278],"class_list":["post-80501","post","type-post","status-publish","format-standard","has-post-thumbnail","hentry","category-punts-claus-del-dia-es","tag-estado-del-bienestar","tag-estat-de-benestar-es"],"yoast_head":"<!-- This site is optimized with the Yoast SEO plugin v26.8 - https:\/\/yoast.com\/product\/yoast-seo-wordpress\/ -->\n<title>Los 4 grandes agujeros de la pol\u00edtica social catalana - Converses a Catalunya<\/title>\n<meta name=\"description\" content=\"Los 4 grandes agujeros de la pol\u00edtica social catalana. El primero es causado por la crisis demogr\u00e1fica, bien conocida: pocos nacimientos\" \/>\n<meta name=\"robots\" content=\"index, follow, max-snippet:-1, max-image-preview:large, max-video-preview:-1\" \/>\n<link rel=\"canonical\" href=\"https:\/\/conversesacatalunya.cat\/?p=80496\" \/>\n<meta property=\"og:locale\" content=\"es_ES\" \/>\n<meta property=\"og:type\" content=\"article\" \/>\n<meta property=\"og:title\" content=\"Los 4 grandes agujeros de la pol\u00edtica social catalana - Converses a Catalunya\" \/>\n<meta property=\"og:description\" content=\"Los 4 grandes agujeros de la pol\u00edtica social catalana. El primero es causado por la crisis demogr\u00e1fica, bien conocida: pocos nacimientos\" \/>\n<meta property=\"og:url\" content=\"https:\/\/conversesacatalunya.cat\/?p=80496\" \/>\n<meta property=\"og:site_name\" content=\"Converses a Catalunya\" \/>\n<meta property=\"article:published_time\" content=\"2024-08-20T07:00:06+00:00\" \/>\n<meta property=\"og:image\" content=\"https:\/\/conversesacatalunya.cat\/wp-content\/uploads\/2024\/07\/politica-social.jpg\" \/>\n\t<meta property=\"og:image:width\" content=\"1024\" \/>\n\t<meta property=\"og:image:height\" content=\"576\" \/>\n\t<meta property=\"og:image:type\" content=\"image\/jpeg\" \/>\n<meta name=\"author\" content=\"Enric Casanovas\" \/>\n<meta name=\"twitter:card\" content=\"summary_large_image\" \/>\n<meta name=\"twitter:label1\" content=\"Escrito por\" \/>\n\t<meta name=\"twitter:data1\" content=\"Enric Casanovas\" \/>\n\t<meta name=\"twitter:label2\" content=\"Tiempo de lectura\" \/>\n\t<meta name=\"twitter:data2\" content=\"3 minutos\" \/>\n<script type=\"application\/ld+json\" class=\"yoast-schema-graph\">{\"@context\":\"https:\/\/schema.org\",\"@graph\":[{\"@type\":\"Article\",\"@id\":\"https:\/\/conversesacatalunya.cat\/?p=80496#article\",\"isPartOf\":{\"@id\":\"https:\/\/conversesacatalunya.cat\/?p=80496\"},\"author\":{\"name\":\"Enric Casanovas\",\"@id\":\"https:\/\/conversesacatalunya.cat\/#\/schema\/person\/79bd0577b2f3afc8d6519d207c6e8609\"},\"headline\":\"Los 4 grandes agujeros de la pol\u00edtica social catalana\",\"datePublished\":\"2024-08-20T07:00:06+00:00\",\"mainEntityOfPage\":{\"@id\":\"https:\/\/conversesacatalunya.cat\/?p=80496\"},\"wordCount\":665,\"commentCount\":0,\"image\":{\"@id\":\"https:\/\/conversesacatalunya.cat\/?p=80496#primaryimage\"},\"thumbnailUrl\":\"https:\/\/conversesacatalunya.cat\/wp-content\/uploads\/2024\/07\/politica-social.jpg\",\"keywords\":[\"estado del bienestar\",\"estat de benestar\"],\"articleSection\":[\"Punts clau del dia (ES)\"],\"inLanguage\":\"es\",\"potentialAction\":[{\"@type\":\"CommentAction\",\"name\":\"Comment\",\"target\":[\"https:\/\/conversesacatalunya.cat\/?p=80496#respond\"]}]},{\"@type\":\"WebPage\",\"@id\":\"https:\/\/conversesacatalunya.cat\/?p=80496\",\"url\":\"https:\/\/conversesacatalunya.cat\/?p=80496\",\"name\":\"Los 4 grandes agujeros de la pol\u00edtica social catalana - Converses a Catalunya\",\"isPartOf\":{\"@id\":\"https:\/\/conversesacatalunya.cat\/#website\"},\"primaryImageOfPage\":{\"@id\":\"https:\/\/conversesacatalunya.cat\/?p=80496#primaryimage\"},\"image\":{\"@id\":\"https:\/\/conversesacatalunya.cat\/?p=80496#primaryimage\"},\"thumbnailUrl\":\"https:\/\/conversesacatalunya.cat\/wp-content\/uploads\/2024\/07\/politica-social.jpg\",\"datePublished\":\"2024-08-20T07:00:06+00:00\",\"author\":{\"@id\":\"https:\/\/conversesacatalunya.cat\/#\/schema\/person\/79bd0577b2f3afc8d6519d207c6e8609\"},\"description\":\"Los 4 grandes agujeros de la pol\u00edtica social catalana. El primero es causado por la crisis demogr\u00e1fica, bien conocida: pocos nacimientos\",\"breadcrumb\":{\"@id\":\"https:\/\/conversesacatalunya.cat\/?p=80496#breadcrumb\"},\"inLanguage\":\"es\",\"potentialAction\":[{\"@type\":\"ReadAction\",\"target\":[\"https:\/\/conversesacatalunya.cat\/?p=80496\"]}]},{\"@type\":\"ImageObject\",\"inLanguage\":\"es\",\"@id\":\"https:\/\/conversesacatalunya.cat\/?p=80496#primaryimage\",\"url\":\"https:\/\/conversesacatalunya.cat\/wp-content\/uploads\/2024\/07\/politica-social.jpg\",\"contentUrl\":\"https:\/\/conversesacatalunya.cat\/wp-content\/uploads\/2024\/07\/politica-social.jpg\",\"width\":1024,\"height\":576,\"caption\":\"pol\u00edtica social catalana\"},{\"@type\":\"BreadcrumbList\",\"@id\":\"https:\/\/conversesacatalunya.cat\/?p=80496#breadcrumb\",\"itemListElement\":[{\"@type\":\"ListItem\",\"position\":1,\"name\":\"Inici\",\"item\":\"https:\/\/conversesacatalunya.cat\/es\/\"},{\"@type\":\"ListItem\",\"position\":2,\"name\":\"Los 4 grandes agujeros de la pol\u00edtica social catalana\"}]},{\"@type\":\"WebSite\",\"@id\":\"https:\/\/conversesacatalunya.cat\/#website\",\"url\":\"https:\/\/conversesacatalunya.cat\/\",\"name\":\"Converses a Catalunya\",\"description\":\"\",\"potentialAction\":[{\"@type\":\"SearchAction\",\"target\":{\"@type\":\"EntryPoint\",\"urlTemplate\":\"https:\/\/conversesacatalunya.cat\/?s={search_term_string}\"},\"query-input\":{\"@type\":\"PropertyValueSpecification\",\"valueRequired\":true,\"valueName\":\"search_term_string\"}}],\"inLanguage\":\"es\"},{\"@type\":\"Person\",\"@id\":\"https:\/\/conversesacatalunya.cat\/#\/schema\/person\/79bd0577b2f3afc8d6519d207c6e8609\",\"name\":\"Enric Casanovas\",\"image\":{\"@type\":\"ImageObject\",\"inLanguage\":\"es\",\"@id\":\"https:\/\/conversesacatalunya.cat\/#\/schema\/person\/image\/\",\"url\":\"https:\/\/conversesacatalunya.cat\/wp-content\/litespeed\/avatar\/7ae4379ad4421ec77820e92afd36dd78.jpg?ver=1777373933\",\"contentUrl\":\"https:\/\/conversesacatalunya.cat\/wp-content\/litespeed\/avatar\/7ae4379ad4421ec77820e92afd36dd78.jpg?ver=1777373933\",\"caption\":\"Enric Casanovas\"},\"url\":\"https:\/\/conversesacatalunya.cat\/es\/author\/enric-casanovas\/\"}]}<\/script>\n<!-- \/ Yoast SEO plugin. -->","yoast_head_json":{"title":"Los 4 grandes agujeros de la pol\u00edtica social catalana - Converses a Catalunya","description":"Los 4 grandes agujeros de la pol\u00edtica social catalana. El primero es causado por la crisis demogr\u00e1fica, bien conocida: pocos nacimientos","robots":{"index":"index","follow":"follow","max-snippet":"max-snippet:-1","max-image-preview":"max-image-preview:large","max-video-preview":"max-video-preview:-1"},"canonical":"https:\/\/conversesacatalunya.cat\/?p=80496","og_locale":"es_ES","og_type":"article","og_title":"Los 4 grandes agujeros de la pol\u00edtica social catalana - Converses a Catalunya","og_description":"Los 4 grandes agujeros de la pol\u00edtica social catalana. El primero es causado por la crisis demogr\u00e1fica, bien conocida: pocos nacimientos","og_url":"https:\/\/conversesacatalunya.cat\/?p=80496","og_site_name":"Converses a Catalunya","article_published_time":"2024-08-20T07:00:06+00:00","og_image":[{"width":1024,"height":576,"url":"https:\/\/conversesacatalunya.cat\/wp-content\/uploads\/2024\/07\/politica-social.jpg","type":"image\/jpeg"}],"author":"Enric Casanovas","twitter_card":"summary_large_image","twitter_misc":{"Escrito por":"Enric Casanovas","Tiempo de lectura":"3 minutos"},"schema":{"@context":"https:\/\/schema.org","@graph":[{"@type":"Article","@id":"https:\/\/conversesacatalunya.cat\/?p=80496#article","isPartOf":{"@id":"https:\/\/conversesacatalunya.cat\/?p=80496"},"author":{"name":"Enric Casanovas","@id":"https:\/\/conversesacatalunya.cat\/#\/schema\/person\/79bd0577b2f3afc8d6519d207c6e8609"},"headline":"Los 4 grandes agujeros de la pol\u00edtica social catalana","datePublished":"2024-08-20T07:00:06+00:00","mainEntityOfPage":{"@id":"https:\/\/conversesacatalunya.cat\/?p=80496"},"wordCount":665,"commentCount":0,"image":{"@id":"https:\/\/conversesacatalunya.cat\/?p=80496#primaryimage"},"thumbnailUrl":"https:\/\/conversesacatalunya.cat\/wp-content\/uploads\/2024\/07\/politica-social.jpg","keywords":["estado del bienestar","estat de benestar"],"articleSection":["Punts clau del dia (ES)"],"inLanguage":"es","potentialAction":[{"@type":"CommentAction","name":"Comment","target":["https:\/\/conversesacatalunya.cat\/?p=80496#respond"]}]},{"@type":"WebPage","@id":"https:\/\/conversesacatalunya.cat\/?p=80496","url":"https:\/\/conversesacatalunya.cat\/?p=80496","name":"Los 4 grandes agujeros de la pol\u00edtica social catalana - Converses a Catalunya","isPartOf":{"@id":"https:\/\/conversesacatalunya.cat\/#website"},"primaryImageOfPage":{"@id":"https:\/\/conversesacatalunya.cat\/?p=80496#primaryimage"},"image":{"@id":"https:\/\/conversesacatalunya.cat\/?p=80496#primaryimage"},"thumbnailUrl":"https:\/\/conversesacatalunya.cat\/wp-content\/uploads\/2024\/07\/politica-social.jpg","datePublished":"2024-08-20T07:00:06+00:00","author":{"@id":"https:\/\/conversesacatalunya.cat\/#\/schema\/person\/79bd0577b2f3afc8d6519d207c6e8609"},"description":"Los 4 grandes agujeros de la pol\u00edtica social catalana. El primero es causado por la crisis demogr\u00e1fica, bien conocida: pocos nacimientos","breadcrumb":{"@id":"https:\/\/conversesacatalunya.cat\/?p=80496#breadcrumb"},"inLanguage":"es","potentialAction":[{"@type":"ReadAction","target":["https:\/\/conversesacatalunya.cat\/?p=80496"]}]},{"@type":"ImageObject","inLanguage":"es","@id":"https:\/\/conversesacatalunya.cat\/?p=80496#primaryimage","url":"https:\/\/conversesacatalunya.cat\/wp-content\/uploads\/2024\/07\/politica-social.jpg","contentUrl":"https:\/\/conversesacatalunya.cat\/wp-content\/uploads\/2024\/07\/politica-social.jpg","width":1024,"height":576,"caption":"pol\u00edtica social catalana"},{"@type":"BreadcrumbList","@id":"https:\/\/conversesacatalunya.cat\/?p=80496#breadcrumb","itemListElement":[{"@type":"ListItem","position":1,"name":"Inici","item":"https:\/\/conversesacatalunya.cat\/es\/"},{"@type":"ListItem","position":2,"name":"Los 4 grandes agujeros de la pol\u00edtica social catalana"}]},{"@type":"WebSite","@id":"https:\/\/conversesacatalunya.cat\/#website","url":"https:\/\/conversesacatalunya.cat\/","name":"Converses a Catalunya","description":"","potentialAction":[{"@type":"SearchAction","target":{"@type":"EntryPoint","urlTemplate":"https:\/\/conversesacatalunya.cat\/?s={search_term_string}"},"query-input":{"@type":"PropertyValueSpecification","valueRequired":true,"valueName":"search_term_string"}}],"inLanguage":"es"},{"@type":"Person","@id":"https:\/\/conversesacatalunya.cat\/#\/schema\/person\/79bd0577b2f3afc8d6519d207c6e8609","name":"Enric Casanovas","image":{"@type":"ImageObject","inLanguage":"es","@id":"https:\/\/conversesacatalunya.cat\/#\/schema\/person\/image\/","url":"https:\/\/conversesacatalunya.cat\/wp-content\/litespeed\/avatar\/7ae4379ad4421ec77820e92afd36dd78.jpg?ver=1777373933","contentUrl":"https:\/\/conversesacatalunya.cat\/wp-content\/litespeed\/avatar\/7ae4379ad4421ec77820e92afd36dd78.jpg?ver=1777373933","caption":"Enric Casanovas"},"url":"https:\/\/conversesacatalunya.cat\/es\/author\/enric-casanovas\/"}]}},"wps_subtitle":"","_links":{"self":[{"href":"https:\/\/conversesacatalunya.cat\/es\/wp-json\/wp\/v2\/posts\/80501","targetHints":{"allow":["GET"]}}],"collection":[{"href":"https:\/\/conversesacatalunya.cat\/es\/wp-json\/wp\/v2\/posts"}],"about":[{"href":"https:\/\/conversesacatalunya.cat\/es\/wp-json\/wp\/v2\/types\/post"}],"author":[{"embeddable":true,"href":"https:\/\/conversesacatalunya.cat\/es\/wp-json\/wp\/v2\/users\/77"}],"replies":[{"embeddable":true,"href":"https:\/\/conversesacatalunya.cat\/es\/wp-json\/wp\/v2\/comments?post=80501"}],"version-history":[{"count":6,"href":"https:\/\/conversesacatalunya.cat\/es\/wp-json\/wp\/v2\/posts\/80501\/revisions"}],"predecessor-version":[{"id":80637,"href":"https:\/\/conversesacatalunya.cat\/es\/wp-json\/wp\/v2\/posts\/80501\/revisions\/80637"}],"wp:featuredmedia":[{"embeddable":true,"href":"https:\/\/conversesacatalunya.cat\/es\/wp-json\/wp\/v2\/media\/80498"}],"wp:attachment":[{"href":"https:\/\/conversesacatalunya.cat\/es\/wp-json\/wp\/v2\/media?parent=80501"}],"wp:term":[{"taxonomy":"category","embeddable":true,"href":"https:\/\/conversesacatalunya.cat\/es\/wp-json\/wp\/v2\/categories?post=80501"},{"taxonomy":"post_tag","embeddable":true,"href":"https:\/\/conversesacatalunya.cat\/es\/wp-json\/wp\/v2\/tags?post=80501"}],"curies":[{"name":"wp","href":"https:\/\/api.w.org\/{rel}","templated":true}]}}