{"id":80486,"date":"2024-07-25T12:09:42","date_gmt":"2024-07-25T10:09:42","guid":{"rendered":"https:\/\/conversesacatalunya.cat\/kamala-harris-canvia-la-campanya-electoral-democrata\/"},"modified":"2024-07-25T12:55:49","modified_gmt":"2024-07-25T10:55:49","slug":"kamala-harris-cambia-la-campana-electoral-democrata","status":"publish","type":"post","link":"https:\/\/conversesacatalunya.cat\/es\/kamala-harris-cambia-la-campana-electoral-democrata\/","title":{"rendered":"Kamala Harris cambia la campa\u00f1a electoral dem\u00f3crata"},"content":{"rendered":"<p><span>La nueva candidata a la presidencia,\u00a0<\/span><strong><span>Kamala Harris<\/span><\/strong><span>, est\u00e1 introduciendo modificaciones muy sustanciales en la campa\u00f1a dem\u00f3crata. No se trata s\u00f3lo de la diferencia de edad, de ser mujer o de no ser un candidato blanco, que ya son por s\u00ed solas componentes muy importantes, sino que comienzan a emerger las l\u00edneas de fuerza de la visi\u00f3n pol\u00edtica de Harris, que es mucho menos centrista que la de Biden.<\/span><\/p>\n<p><span>Este hecho se est\u00e1 haciendo patente desde el principio con una cuesti\u00f3n como es\u00a0<\/span><strong><span>el aborto<\/span><\/strong><span>. Biden siempre lo ha apoyado, pero sin hacer bandera principal como persigue hacer Harris en conformidad con algunos de los estrategas del partido dem\u00f3crata. Lo hace porque considera que tiene rentabilidad electoral, pero tambi\u00e9n porque cree firmemente.<\/span><\/p>\n<p><span>La vicepresidenta, que ha tenido un papel pobre pol\u00edticamente, lo que le pasar\u00e1 factura en la campa\u00f1a, por ejemplo en el cap\u00edtulo de la inmigraci\u00f3n que era su responsabilidad, s\u00ed manifest\u00f3 en contrapartida un notable activismo en el tema del aborto. En 2023 emprendi\u00f3 una gira en varios campus, denominada \u201c<\/span><strong><span>gira universitaria de lucha por nuestras libertades<\/span><\/strong><span>\u201d, en la que promov\u00eda el aborto junto a otras cuestiones de la agenda dem\u00f3crata. A inicios de 2024 hizo otra gira, esta espec\u00edficamente dedicada al aborto, denominada \u201c<\/span><strong><span>Lucha por las libertades reproductivas<\/span><\/strong><span>\u201d.<\/span><\/p>\n<p><span>En esta gira, se convirti\u00f3 en la primera vicepresidenta en ejercicio en visitar una cl\u00ednica de abortos del centro de Planned Parenthood en Minneapolis, donde critic\u00f3 duramente a los legisladores provida. Tambi\u00e9n desarroll\u00f3 esta cr\u00edtica en una entrevista en la emisora \u200b\u200bABC en el 2023 e inst\u00f3 a aprobar una legislaci\u00f3n federal que <\/span><strong><span>impidiera a los estados cumplir las leyes provida<\/span><\/strong><span>, algo que no se ha llevado a cabo. Vot\u00f3 contra el proyecto de ley que habr\u00eda requerido que los m\u00e9dicos otorgaran atenci\u00f3n m\u00e9dica a un ni\u00f1o que naciera tras un intento fallido de aborto. Harris consideraba que si el aborto fallaba no deb\u00eda haber asistencia para el reci\u00e9n nacido.<\/span><\/p>\n<p><span>Una segunda caracter\u00edstica que reflejar\u00e1 la campa\u00f1a, ya lo hace, es que culturalmente est\u00e1\u00a0<\/span><strong><span>muy alejada de los par\u00e1metros cl\u00e1sicos de la sociedad americana<\/span><\/strong><span>. Por ejemplo, como senadora, Harris intent\u00f3 impedir, a trav\u00e9s de la presi\u00f3n en el senado, el nombramiento de tres candidatos judiciales porque pertenec\u00edan a los \u201cCaballeros de Col\u00f3n\u201d, una potente asociaci\u00f3n ben\u00e9fica cat\u00f3lica, bajo la l\u00ednea de que sus planteamientos eran contrarios al derecho de elecci\u00f3n de la mujer.<\/span><\/p>\n<p><span>En su per\u00edodo como fiscal en California, fue la responsable de lanzar una acci\u00f3n policial contra el activista provida David Daleiden. Esta persona hab\u00eda grabado sin permiso y difundido conversaciones de funcionarios de la organizaci\u00f3n Planned Parenthood cuando discut\u00edan de los\u00a0<\/span><strong><span>costes del tejido fetal y de las diferentes partes del cuerpo<\/span><\/strong><span>. La grabaci\u00f3n era relevante porque est\u00e1 prohibido vender tejido fetal y del cuerpo de los fetos destruidos en el aborto. Harris acus\u00f3 a Daleiden de 15 delitos graves y el caso todav\u00eda est\u00e1 en curso. Asimismo, como fiscal general, nunca inici\u00f3 la investigaci\u00f3n sobre las acusaciones de utilizar como materia prima los restos de las criaturas abortadas por parte de Planned Parenthood, que al mismo tiempo fue un donante destacado en su campa\u00f1a a la fiscal\u00eda.<\/span><\/p>\n<p><span>Tambi\u00e9n ha tenido intervenciones relevantes como fiscal estatal para forzar sin \u00e9xito a las empresas que rechazaban entregar anticonceptivos potencialmente abortivos a las p\u00f3lizas de seguro m\u00e9dico por razones religiosas de estas empresas. Igualmente, es una <\/span><strong><span>activa defensora de la perspectiva de g\u00e9nero y de la transexualidad<\/span><\/strong><span>, y ha criticado reiteradamente a los republicanos por este motivo. Todo este paquete tomar\u00e1 bastante relieve a lo largo de la campa\u00f1a.<\/span><\/p>\n<p><span>Tambi\u00e9n su lejan\u00eda cultural se manifiesta con una posici\u00f3n mucho m\u00e1s fr\u00eda con Israel y la alianza preferente con EE.UU. Como se ha visto con la actual visita de Netanyahu, Harris no quiso acudir al acto en el congreso para evitar la fotograf\u00eda presidiendo la sesi\u00f3n como le corresponde a la vicepresidenta de EEUU. Ver\u00e1 al primer ministro israel\u00ed, pero ser\u00e1 en el transcurso de una entrevista privada.<\/span><\/p>\n<p><strong><span>La estrategia de Harris situar\u00e1 el posicionamiento del partido dem\u00f3crata m\u00e1s a la izquierda de Biden, con la esperanza de captar voto de j\u00f3venes, mujeres y minor\u00edas raciales<\/span><\/strong><span>, compensando as\u00ed la potencial ventaja que el candidato republicano le saca en estados decisivos.<\/span><\/p>\n<div id=\"polls-251\" class=\"wp-polls\">\n\t<form id=\"polls_form_251\" class=\"wp-polls-form\" action=\"\/index.php\" method=\"post\">\n\t\t<p style=\"display: none;\"><input type=\"hidden\" id=\"poll_251_nonce\" name=\"wp-polls-nonce\" value=\"bed6d857a8\" \/><\/p>\n\t\t<p style=\"display: none;\"><input type=\"hidden\" name=\"poll_id\" value=\"251\" \/><\/p>\n\t\t<p style=\"text-align: center\"><strong>Creus que Kamala Harris guanyar\u00e0 a Trump?<\/strong><\/p><div id=\"polls-251-ans\" class=\"wp-polls-ans\"><ul class=\"wp-polls-ul\">\n\t\t<li><input type=\"radio\" id=\"poll-answer-705\" name=\"poll_251\" value=\"705\" \/> <label for=\"poll-answer-705\">S\u00ed<\/label><\/li>\n\t\t<li><input type=\"radio\" id=\"poll-answer-706\" name=\"poll_251\" value=\"706\" \/> <label for=\"poll-answer-706\">No<\/label><\/li>\n\t\t<li><input type=\"radio\" id=\"poll-answer-707\" name=\"poll_251\" value=\"707\" \/> <label for=\"poll-answer-707\">No ho s\u00e9<\/label><\/li>\n\t\t<\/ul><p style=\"text-align: center\"><input type=\"button\" name=\"vote\" value=\"   Vota   \" class=\"Buttons\" onclick=\"poll_vote(251);\" \/><\/p><p style=\"text-align: center\"><a href=\"#ViewPollResults\" onclick=\"poll_result(251); return false;\" title=\"View Results Of This Poll\">Mira els resultats<\/a><\/p><\/div>\n\t<\/form>\n<\/div>\n<div id=\"polls-251-loading\" class=\"wp-polls-loading\"><img decoding=\"async\" data-src=\"https:\/\/conversesacatalunya.cat\/wp-content\/plugins\/wp-polls\/images\/loading.gif\" width=\"16\" height=\"16\" alt=\"Cargando ...\" title=\"Cargando ...\" class=\"wp-polls-image lazyload\" src=\"data:image\/svg+xml;base64,PHN2ZyB3aWR0aD0iMSIgaGVpZ2h0PSIxIiB4bWxucz0iaHR0cDovL3d3dy53My5vcmcvMjAwMC9zdmciPjwvc3ZnPg==\" style=\"--smush-placeholder-width: 16px; --smush-placeholder-aspect-ratio: 16\/16;\" \/>&nbsp;Cargando ...<\/div>\n\n","protected":false},"excerpt":{"rendered":"<p>La nueva candidata a la presidencia,\u00a0Kamala Harris, est\u00e1 introduciendo modificaciones muy sustanciales en la campa\u00f1a dem\u00f3crata. No se trata s\u00f3lo de la diferencia de edad, de ser mujer o de no ser un candidato blanco, que ya son por s\u00ed solas componentes muy importantes, sino que comienzan a emerger las l\u00edneas de fuerza de la visi\u00f3n pol\u00edtica de Harris, que es mucho menos centrista que la de Biden. Este hecho se est\u00e1 haciendo patente desde el principio con una cuesti\u00f3n como es\u00a0el aborto. Biden siempre lo ha apoyado, pero sin hacer bandera principal como persigue hacer Harris en conformidad con algunos de los estrategas del partido dem\u00f3crata. Lo hace porque considera que tiene rentabilidad electoral, pero tambi\u00e9n porque cree firmemente. La vicepresidenta, que ha tenido un papel pobre pol\u00edticamente, lo que le pasar\u00e1 factura en la campa\u00f1a, por ejemplo en el cap\u00edtulo de la inmigraci\u00f3n que era su responsabilidad, s\u00ed manifest\u00f3 en contrapartida un notable activismo en el tema del aborto. En 2023 emprendi\u00f3 una gira en varios campus, denominada \u201cgira universitaria de lucha por nuestras libertades\u201d, en la que promov\u00eda el aborto junto a otras cuestiones de la agenda dem\u00f3crata. A inicios de 2024 hizo otra gira, esta espec\u00edficamente dedicada al aborto, denominada \u201cLucha por las libertades reproductivas\u201d. En esta gira, se convirti\u00f3 en la primera vicepresidenta en ejercicio en visitar una cl\u00ednica de abortos del centro de Planned Parenthood en Minneapolis, donde critic\u00f3 duramente a los legisladores provida. Tambi\u00e9n desarroll\u00f3 esta cr\u00edtica en una entrevista en la emisora \u200b\u200bABC en el 2023 e inst\u00f3 a aprobar una legislaci\u00f3n federal que impidiera a los estados cumplir las leyes provida, algo que no se ha llevado a cabo. Vot\u00f3 contra el proyecto de ley que habr\u00eda requerido que los m\u00e9dicos otorgaran atenci\u00f3n m\u00e9dica a un ni\u00f1o que naciera tras un intento fallido de aborto. Harris consideraba que si el aborto fallaba no deb\u00eda haber asistencia para el reci\u00e9n nacido. Una segunda caracter\u00edstica que reflejar\u00e1 la campa\u00f1a, ya lo hace, es que culturalmente est\u00e1\u00a0muy alejada de los par\u00e1metros cl\u00e1sicos de la sociedad americana. Por ejemplo, como senadora, Harris intent\u00f3 impedir, a trav\u00e9s de la presi\u00f3n en el senado, el nombramiento de tres candidatos judiciales porque pertenec\u00edan a los \u201cCaballeros de Col\u00f3n\u201d, una potente asociaci\u00f3n ben\u00e9fica cat\u00f3lica, bajo la l\u00ednea de que sus planteamientos eran contrarios al derecho de elecci\u00f3n de la mujer. En su per\u00edodo como fiscal en California, fue la responsable de lanzar una acci\u00f3n policial contra el activista provida David Daleiden. Esta persona hab\u00eda grabado sin permiso y difundido conversaciones de funcionarios de la organizaci\u00f3n Planned Parenthood cuando discut\u00edan de los\u00a0costes del tejido fetal y de las diferentes partes del cuerpo. La grabaci\u00f3n era relevante porque est\u00e1 prohibido vender tejido fetal y del cuerpo de los fetos destruidos en el aborto. Harris acus\u00f3 a Daleiden de 15 delitos graves y el caso todav\u00eda est\u00e1 en curso. Asimismo, como fiscal general, nunca inici\u00f3 la investigaci\u00f3n sobre las acusaciones de utilizar como materia prima los restos de las criaturas abortadas por parte de Planned Parenthood, que al mismo tiempo fue un donante destacado en su campa\u00f1a a la fiscal\u00eda. Tambi\u00e9n ha tenido intervenciones relevantes como fiscal estatal para forzar sin \u00e9xito a las empresas que rechazaban entregar anticonceptivos potencialmente abortivos a las p\u00f3lizas de seguro m\u00e9dico por razones religiosas de estas empresas. Igualmente, es una activa defensora de la perspectiva de g\u00e9nero y de la transexualidad, y ha criticado reiteradamente a los republicanos por este motivo. Todo este paquete tomar\u00e1 bastante relieve a lo largo de la campa\u00f1a. Tambi\u00e9n su lejan\u00eda cultural se manifiesta con una posici\u00f3n mucho m\u00e1s fr\u00eda con Israel y la alianza preferente con EE.UU. Como se ha visto con la actual visita de Netanyahu, Harris no quiso acudir al acto en el congreso para evitar la fotograf\u00eda presidiendo la sesi\u00f3n como le corresponde a la vicepresidenta de EEUU. Ver\u00e1 al primer ministro israel\u00ed, pero ser\u00e1 en el transcurso de una entrevista privada. La estrategia de Harris situar\u00e1 el posicionamiento del partido dem\u00f3crata m\u00e1s a la izquierda de Biden, con la esperanza de captar voto de j\u00f3venes, mujeres y minor\u00edas raciales, compensando as\u00ed la potencial ventaja que el candidato republicano le saca en estados decisivos.<\/p>\n","protected":false},"author":19,"featured_media":80462,"comment_status":"open","ping_status":"open","sticky":false,"template":"","format":"standard","meta":{"_FSMCFIC_featured_image_caption":"","_FSMCFIC_featured_image_nocaption":"","_FSMCFIC_featured_image_hide":"","footnotes":""},"categories":[806],"tags":[5156,3101],"class_list":["post-80486","post","type-post","status-publish","format-standard","has-post-thumbnail","hentry","category-punts-claus-del-dia-es","tag-elecciones-eeuu-2024","tag-kamala-harris-es"],"yoast_head":"<!-- This site is optimized with the Yoast SEO plugin v26.8 - https:\/\/yoast.com\/product\/yoast-seo-wordpress\/ -->\n<title>Kamala Harris cambia la campa\u00f1a electoral dem\u00f3crata - Converses a Catalunya<\/title>\n<meta name=\"description\" content=\"La estrategia de Harris situar\u00e1 el posicionamiento del partido dem\u00f3crata m\u00e1s a la izquierda de Biden, con la esperanza de captar voto de j\u00f3venes, mujeres y minor\u00edas raciales\" \/>\n<meta name=\"robots\" content=\"index, follow, max-snippet:-1, max-image-preview:large, max-video-preview:-1\" \/>\n<link rel=\"canonical\" href=\"https:\/\/conversesacatalunya.cat\/es\/kamala-harris-cambia-la-campana-electoral-democrata\/\" \/>\n<meta property=\"og:locale\" content=\"es_ES\" \/>\n<meta property=\"og:type\" content=\"article\" \/>\n<meta property=\"og:title\" content=\"Kamala Harris cambia la campa\u00f1a electoral dem\u00f3crata - Converses a Catalunya\" \/>\n<meta property=\"og:description\" content=\"La estrategia de Harris situar\u00e1 el posicionamiento del partido dem\u00f3crata m\u00e1s a la izquierda de Biden, con la esperanza de captar voto de j\u00f3venes, mujeres y minor\u00edas raciales\" \/>\n<meta property=\"og:url\" content=\"https:\/\/conversesacatalunya.cat\/es\/kamala-harris-cambia-la-campana-electoral-democrata\/\" \/>\n<meta property=\"og:site_name\" content=\"Converses a Catalunya\" \/>\n<meta property=\"article:published_time\" content=\"2024-07-25T10:09:42+00:00\" \/>\n<meta property=\"article:modified_time\" content=\"2024-07-25T10:55:49+00:00\" \/>\n<meta property=\"og:image\" content=\"https:\/\/conversesacatalunya.cat\/wp-content\/uploads\/2024\/07\/Kamala-Harris.jpeg\" \/>\n\t<meta property=\"og:image:width\" content=\"1200\" \/>\n\t<meta property=\"og:image:height\" content=\"800\" \/>\n\t<meta property=\"og:image:type\" content=\"image\/jpeg\" \/>\n<meta name=\"author\" content=\"Josep Mir\u00f3 i Ard\u00e8vol\" \/>\n<meta name=\"twitter:card\" content=\"summary_large_image\" \/>\n<meta name=\"twitter:label1\" content=\"Escrito por\" \/>\n\t<meta name=\"twitter:data1\" content=\"Josep Mir\u00f3 i Ard\u00e8vol\" \/>\n\t<meta name=\"twitter:label2\" content=\"Tiempo de lectura\" \/>\n\t<meta name=\"twitter:data2\" content=\"4 minutos\" \/>\n<script type=\"application\/ld+json\" class=\"yoast-schema-graph\">{\"@context\":\"https:\/\/schema.org\",\"@graph\":[{\"@type\":\"Article\",\"@id\":\"https:\/\/conversesacatalunya.cat\/es\/kamala-harris-cambia-la-campana-electoral-democrata\/#article\",\"isPartOf\":{\"@id\":\"https:\/\/conversesacatalunya.cat\/es\/kamala-harris-cambia-la-campana-electoral-democrata\/\"},\"author\":{\"name\":\"Josep Mir\u00f3 i Ard\u00e8vol\",\"@id\":\"https:\/\/conversesacatalunya.cat\/#\/schema\/person\/a9598a6786ba7d3d1c5e0de477b79370\"},\"headline\":\"Kamala Harris cambia la campa\u00f1a electoral dem\u00f3crata\",\"datePublished\":\"2024-07-25T10:09:42+00:00\",\"dateModified\":\"2024-07-25T10:55:49+00:00\",\"mainEntityOfPage\":{\"@id\":\"https:\/\/conversesacatalunya.cat\/es\/kamala-harris-cambia-la-campana-electoral-democrata\/\"},\"wordCount\":775,\"commentCount\":0,\"image\":{\"@id\":\"https:\/\/conversesacatalunya.cat\/es\/kamala-harris-cambia-la-campana-electoral-democrata\/#primaryimage\"},\"thumbnailUrl\":\"https:\/\/conversesacatalunya.cat\/wp-content\/uploads\/2024\/07\/Kamala-Harris.jpeg\",\"keywords\":[\"Elecciones EEUU 2024\",\"Kamala Harris\"],\"articleSection\":[\"Punts clau del dia (ES)\"],\"inLanguage\":\"es\",\"potentialAction\":[{\"@type\":\"CommentAction\",\"name\":\"Comment\",\"target\":[\"https:\/\/conversesacatalunya.cat\/es\/kamala-harris-cambia-la-campana-electoral-democrata\/#respond\"]}]},{\"@type\":\"WebPage\",\"@id\":\"https:\/\/conversesacatalunya.cat\/es\/kamala-harris-cambia-la-campana-electoral-democrata\/\",\"url\":\"https:\/\/conversesacatalunya.cat\/es\/kamala-harris-cambia-la-campana-electoral-democrata\/\",\"name\":\"Kamala Harris cambia la campa\u00f1a electoral dem\u00f3crata - Converses a Catalunya\",\"isPartOf\":{\"@id\":\"https:\/\/conversesacatalunya.cat\/#website\"},\"primaryImageOfPage\":{\"@id\":\"https:\/\/conversesacatalunya.cat\/es\/kamala-harris-cambia-la-campana-electoral-democrata\/#primaryimage\"},\"image\":{\"@id\":\"https:\/\/conversesacatalunya.cat\/es\/kamala-harris-cambia-la-campana-electoral-democrata\/#primaryimage\"},\"thumbnailUrl\":\"https:\/\/conversesacatalunya.cat\/wp-content\/uploads\/2024\/07\/Kamala-Harris.jpeg\",\"datePublished\":\"2024-07-25T10:09:42+00:00\",\"dateModified\":\"2024-07-25T10:55:49+00:00\",\"author\":{\"@id\":\"https:\/\/conversesacatalunya.cat\/#\/schema\/person\/a9598a6786ba7d3d1c5e0de477b79370\"},\"description\":\"La estrategia de Harris situar\u00e1 el posicionamiento del partido dem\u00f3crata m\u00e1s a la izquierda de Biden, con la esperanza de captar voto de j\u00f3venes, mujeres y minor\u00edas raciales\",\"breadcrumb\":{\"@id\":\"https:\/\/conversesacatalunya.cat\/es\/kamala-harris-cambia-la-campana-electoral-democrata\/#breadcrumb\"},\"inLanguage\":\"es\",\"potentialAction\":[{\"@type\":\"ReadAction\",\"target\":[\"https:\/\/conversesacatalunya.cat\/es\/kamala-harris-cambia-la-campana-electoral-democrata\/\"]}]},{\"@type\":\"ImageObject\",\"inLanguage\":\"es\",\"@id\":\"https:\/\/conversesacatalunya.cat\/es\/kamala-harris-cambia-la-campana-electoral-democrata\/#primaryimage\",\"url\":\"https:\/\/conversesacatalunya.cat\/wp-content\/uploads\/2024\/07\/Kamala-Harris.jpeg\",\"contentUrl\":\"https:\/\/conversesacatalunya.cat\/wp-content\/uploads\/2024\/07\/Kamala-Harris.jpeg\",\"width\":1200,\"height\":800},{\"@type\":\"BreadcrumbList\",\"@id\":\"https:\/\/conversesacatalunya.cat\/es\/kamala-harris-cambia-la-campana-electoral-democrata\/#breadcrumb\",\"itemListElement\":[{\"@type\":\"ListItem\",\"position\":1,\"name\":\"Inici\",\"item\":\"https:\/\/conversesacatalunya.cat\/es\/\"},{\"@type\":\"ListItem\",\"position\":2,\"name\":\"Kamala Harris cambia la campa\u00f1a electoral dem\u00f3crata\"}]},{\"@type\":\"WebSite\",\"@id\":\"https:\/\/conversesacatalunya.cat\/#website\",\"url\":\"https:\/\/conversesacatalunya.cat\/\",\"name\":\"Converses a Catalunya\",\"description\":\"\",\"potentialAction\":[{\"@type\":\"SearchAction\",\"target\":{\"@type\":\"EntryPoint\",\"urlTemplate\":\"https:\/\/conversesacatalunya.cat\/?s={search_term_string}\"},\"query-input\":{\"@type\":\"PropertyValueSpecification\",\"valueRequired\":true,\"valueName\":\"search_term_string\"}}],\"inLanguage\":\"es\"},{\"@type\":\"Person\",\"@id\":\"https:\/\/conversesacatalunya.cat\/#\/schema\/person\/a9598a6786ba7d3d1c5e0de477b79370\",\"name\":\"Josep Mir\u00f3 i Ard\u00e8vol\",\"image\":{\"@type\":\"ImageObject\",\"inLanguage\":\"es\",\"@id\":\"https:\/\/conversesacatalunya.cat\/#\/schema\/person\/image\/\",\"url\":\"https:\/\/conversesacatalunya.cat\/wp-content\/litespeed\/avatar\/c37e3dc881857483d6694cdf98fdedea.jpg?ver=1777270381\",\"contentUrl\":\"https:\/\/conversesacatalunya.cat\/wp-content\/litespeed\/avatar\/c37e3dc881857483d6694cdf98fdedea.jpg?ver=1777270381\",\"caption\":\"Josep Mir\u00f3 i Ard\u00e8vol\"},\"url\":\"https:\/\/conversesacatalunya.cat\/es\/author\/josep-miro-i-ardevol\/\"}]}<\/script>\n<!-- \/ Yoast SEO plugin. -->","yoast_head_json":{"title":"Kamala Harris cambia la campa\u00f1a electoral dem\u00f3crata - Converses a Catalunya","description":"La estrategia de Harris situar\u00e1 el posicionamiento del partido dem\u00f3crata m\u00e1s a la izquierda de Biden, con la esperanza de captar voto de j\u00f3venes, mujeres y minor\u00edas raciales","robots":{"index":"index","follow":"follow","max-snippet":"max-snippet:-1","max-image-preview":"max-image-preview:large","max-video-preview":"max-video-preview:-1"},"canonical":"https:\/\/conversesacatalunya.cat\/es\/kamala-harris-cambia-la-campana-electoral-democrata\/","og_locale":"es_ES","og_type":"article","og_title":"Kamala Harris cambia la campa\u00f1a electoral dem\u00f3crata - Converses a Catalunya","og_description":"La estrategia de Harris situar\u00e1 el posicionamiento del partido dem\u00f3crata m\u00e1s a la izquierda de Biden, con la esperanza de captar voto de j\u00f3venes, mujeres y minor\u00edas raciales","og_url":"https:\/\/conversesacatalunya.cat\/es\/kamala-harris-cambia-la-campana-electoral-democrata\/","og_site_name":"Converses a Catalunya","article_published_time":"2024-07-25T10:09:42+00:00","article_modified_time":"2024-07-25T10:55:49+00:00","og_image":[{"width":1200,"height":800,"url":"https:\/\/conversesacatalunya.cat\/wp-content\/uploads\/2024\/07\/Kamala-Harris.jpeg","type":"image\/jpeg"}],"author":"Josep Mir\u00f3 i Ard\u00e8vol","twitter_card":"summary_large_image","twitter_misc":{"Escrito por":"Josep Mir\u00f3 i Ard\u00e8vol","Tiempo de lectura":"4 minutos"},"schema":{"@context":"https:\/\/schema.org","@graph":[{"@type":"Article","@id":"https:\/\/conversesacatalunya.cat\/es\/kamala-harris-cambia-la-campana-electoral-democrata\/#article","isPartOf":{"@id":"https:\/\/conversesacatalunya.cat\/es\/kamala-harris-cambia-la-campana-electoral-democrata\/"},"author":{"name":"Josep Mir\u00f3 i Ard\u00e8vol","@id":"https:\/\/conversesacatalunya.cat\/#\/schema\/person\/a9598a6786ba7d3d1c5e0de477b79370"},"headline":"Kamala Harris cambia la campa\u00f1a electoral dem\u00f3crata","datePublished":"2024-07-25T10:09:42+00:00","dateModified":"2024-07-25T10:55:49+00:00","mainEntityOfPage":{"@id":"https:\/\/conversesacatalunya.cat\/es\/kamala-harris-cambia-la-campana-electoral-democrata\/"},"wordCount":775,"commentCount":0,"image":{"@id":"https:\/\/conversesacatalunya.cat\/es\/kamala-harris-cambia-la-campana-electoral-democrata\/#primaryimage"},"thumbnailUrl":"https:\/\/conversesacatalunya.cat\/wp-content\/uploads\/2024\/07\/Kamala-Harris.jpeg","keywords":["Elecciones EEUU 2024","Kamala Harris"],"articleSection":["Punts clau del dia (ES)"],"inLanguage":"es","potentialAction":[{"@type":"CommentAction","name":"Comment","target":["https:\/\/conversesacatalunya.cat\/es\/kamala-harris-cambia-la-campana-electoral-democrata\/#respond"]}]},{"@type":"WebPage","@id":"https:\/\/conversesacatalunya.cat\/es\/kamala-harris-cambia-la-campana-electoral-democrata\/","url":"https:\/\/conversesacatalunya.cat\/es\/kamala-harris-cambia-la-campana-electoral-democrata\/","name":"Kamala Harris cambia la campa\u00f1a electoral dem\u00f3crata - Converses a Catalunya","isPartOf":{"@id":"https:\/\/conversesacatalunya.cat\/#website"},"primaryImageOfPage":{"@id":"https:\/\/conversesacatalunya.cat\/es\/kamala-harris-cambia-la-campana-electoral-democrata\/#primaryimage"},"image":{"@id":"https:\/\/conversesacatalunya.cat\/es\/kamala-harris-cambia-la-campana-electoral-democrata\/#primaryimage"},"thumbnailUrl":"https:\/\/conversesacatalunya.cat\/wp-content\/uploads\/2024\/07\/Kamala-Harris.jpeg","datePublished":"2024-07-25T10:09:42+00:00","dateModified":"2024-07-25T10:55:49+00:00","author":{"@id":"https:\/\/conversesacatalunya.cat\/#\/schema\/person\/a9598a6786ba7d3d1c5e0de477b79370"},"description":"La estrategia de Harris situar\u00e1 el posicionamiento del partido dem\u00f3crata m\u00e1s a la izquierda de Biden, con la esperanza de captar voto de j\u00f3venes, mujeres y minor\u00edas raciales","breadcrumb":{"@id":"https:\/\/conversesacatalunya.cat\/es\/kamala-harris-cambia-la-campana-electoral-democrata\/#breadcrumb"},"inLanguage":"es","potentialAction":[{"@type":"ReadAction","target":["https:\/\/conversesacatalunya.cat\/es\/kamala-harris-cambia-la-campana-electoral-democrata\/"]}]},{"@type":"ImageObject","inLanguage":"es","@id":"https:\/\/conversesacatalunya.cat\/es\/kamala-harris-cambia-la-campana-electoral-democrata\/#primaryimage","url":"https:\/\/conversesacatalunya.cat\/wp-content\/uploads\/2024\/07\/Kamala-Harris.jpeg","contentUrl":"https:\/\/conversesacatalunya.cat\/wp-content\/uploads\/2024\/07\/Kamala-Harris.jpeg","width":1200,"height":800},{"@type":"BreadcrumbList","@id":"https:\/\/conversesacatalunya.cat\/es\/kamala-harris-cambia-la-campana-electoral-democrata\/#breadcrumb","itemListElement":[{"@type":"ListItem","position":1,"name":"Inici","item":"https:\/\/conversesacatalunya.cat\/es\/"},{"@type":"ListItem","position":2,"name":"Kamala Harris cambia la campa\u00f1a electoral dem\u00f3crata"}]},{"@type":"WebSite","@id":"https:\/\/conversesacatalunya.cat\/#website","url":"https:\/\/conversesacatalunya.cat\/","name":"Converses a Catalunya","description":"","potentialAction":[{"@type":"SearchAction","target":{"@type":"EntryPoint","urlTemplate":"https:\/\/conversesacatalunya.cat\/?s={search_term_string}"},"query-input":{"@type":"PropertyValueSpecification","valueRequired":true,"valueName":"search_term_string"}}],"inLanguage":"es"},{"@type":"Person","@id":"https:\/\/conversesacatalunya.cat\/#\/schema\/person\/a9598a6786ba7d3d1c5e0de477b79370","name":"Josep Mir\u00f3 i Ard\u00e8vol","image":{"@type":"ImageObject","inLanguage":"es","@id":"https:\/\/conversesacatalunya.cat\/#\/schema\/person\/image\/","url":"https:\/\/conversesacatalunya.cat\/wp-content\/litespeed\/avatar\/c37e3dc881857483d6694cdf98fdedea.jpg?ver=1777270381","contentUrl":"https:\/\/conversesacatalunya.cat\/wp-content\/litespeed\/avatar\/c37e3dc881857483d6694cdf98fdedea.jpg?ver=1777270381","caption":"Josep Mir\u00f3 i Ard\u00e8vol"},"url":"https:\/\/conversesacatalunya.cat\/es\/author\/josep-miro-i-ardevol\/"}]}},"wps_subtitle":"La estrategia de Harris situar\u00e1 el posicionamiento del partido dem\u00f3crata m\u00e1s a la izquierda de Biden, con la esperanza de captar voto de j\u00f3venes, mujeres y minor\u00edas raciales","_links":{"self":[{"href":"https:\/\/conversesacatalunya.cat\/es\/wp-json\/wp\/v2\/posts\/80486","targetHints":{"allow":["GET"]}}],"collection":[{"href":"https:\/\/conversesacatalunya.cat\/es\/wp-json\/wp\/v2\/posts"}],"about":[{"href":"https:\/\/conversesacatalunya.cat\/es\/wp-json\/wp\/v2\/types\/post"}],"author":[{"embeddable":true,"href":"https:\/\/conversesacatalunya.cat\/es\/wp-json\/wp\/v2\/users\/19"}],"replies":[{"embeddable":true,"href":"https:\/\/conversesacatalunya.cat\/es\/wp-json\/wp\/v2\/comments?post=80486"}],"version-history":[{"count":2,"href":"https:\/\/conversesacatalunya.cat\/es\/wp-json\/wp\/v2\/posts\/80486\/revisions"}],"predecessor-version":[{"id":80488,"href":"https:\/\/conversesacatalunya.cat\/es\/wp-json\/wp\/v2\/posts\/80486\/revisions\/80488"}],"wp:featuredmedia":[{"embeddable":true,"href":"https:\/\/conversesacatalunya.cat\/es\/wp-json\/wp\/v2\/media\/80462"}],"wp:attachment":[{"href":"https:\/\/conversesacatalunya.cat\/es\/wp-json\/wp\/v2\/media?parent=80486"}],"wp:term":[{"taxonomy":"category","embeddable":true,"href":"https:\/\/conversesacatalunya.cat\/es\/wp-json\/wp\/v2\/categories?post=80486"},{"taxonomy":"post_tag","embeddable":true,"href":"https:\/\/conversesacatalunya.cat\/es\/wp-json\/wp\/v2\/tags?post=80486"}],"curies":[{"name":"wp","href":"https:\/\/api.w.org\/{rel}","templated":true}]}}