{"id":80365,"date":"2024-07-24T10:40:47","date_gmt":"2024-07-24T08:40:47","guid":{"rendered":"https:\/\/conversesacatalunya.cat\/paisos-baixos-i-suecia-del-paradis-a-linfern\/"},"modified":"2024-07-24T12:39:29","modified_gmt":"2024-07-24T10:39:29","slug":"paises-bajos-y-suecia-del-paraiso-al-infierno","status":"publish","type":"post","link":"https:\/\/conversesacatalunya.cat\/es\/paises-bajos-y-suecia-del-paraiso-al-infierno\/","title":{"rendered":"Pa\u00edses Bajos y Suecia: Del para\u00edso al infierno"},"content":{"rendered":"<h3>De para\u00edso progresista a situaci\u00f3n traum\u00e1tica<\/h3>\n<p>Pa\u00edses Bajos y Suecia han ca\u00eddo del para\u00edso del imaginario progresista a un infierno que parece muy alejado de lo que consideramos que es Europa. Claro que, quiz\u00e1s, en realidad nunca fueron un para\u00edso. Los dos emporios de la socialdemocracia y el liberalismo progresista, con s\u00f3lidos estados del bienestar y una gran capacidad de recibir inmigraci\u00f3n \u2014sobre todo por parte de Suecia (aunque la poblaci\u00f3n extranjera es mayor en Catalu\u00f1a)\u2014, con legislaciones favorables al aborto muy tempranas y generosas, de los primeros en legalizar el matrimonio y la adopci\u00f3n homosexual, la eutanasia y su ampliaci\u00f3n, y, en el caso de los Pa\u00edses Bajos, la legalizaci\u00f3n del consumo de drogas, todos ellos notas caracter\u00edsticas de lo que se considera deseable en una sociedad progresista,\u00a0<strong>han conducido a una situaci\u00f3n absolutamente traum\u00e1tica<\/strong>.<\/p>\n<h3>La Mocro Maffia en los Pa\u00edses Bajos<\/h3>\n<p>En el caso de los Pa\u00edses Bajos, la delincuencia a gran escala, la\u00a0<a href=\"https:\/\/es.ara.cat\/internacional\/mocro-maffia-mafia-holandesa-mancha-sangre-calles-amsterdam-periodista-asesinado-holanda-peter-de-vries_1_4046976.html\" target=\"_blank\" rel=\"noopener\">Mocro Maffia<\/a>, se ha apoderado del pa\u00eds. De hecho, la alcaldesa de \u00c1msterdam, el ministro de Justicia o el 59% de los ciudadanos consideran que es un narcoestado o que tiene un alto riesgo de serlo. La Mocro Maffia es un conjunto de\u00a0<strong>bandas criminales<\/strong>, sobre todo pero no exclusivamente, descendientes de inmigrantes marroqu\u00edes, de ah\u00ed el nombre de Mocro. Sus redes est\u00e1n arraigadas en Pa\u00edses Bajos, pero se est\u00e1n extendiendo por Europa, y sobre todo tienen importancia en Espa\u00f1a, que es uno de los otros puntos de entrada masiva de droga.<\/p>\n<p>La guerra entre bandas rivales ha desestabilizado el funcionamiento del pa\u00eds. Su poder es tal que ha amenazado a altos funcionarios del gobierno, incluido el exministro de Justicia, el primer ministro y la princesa Amalia, que en el 2023 tuvo que venir a Espa\u00f1a por razones de seguridad. Han asesinado a periodistas, empresarios y abogados como advertencia, y en algunos casos lo han hecho de forma espectacular, como cuando dejaron una cabeza decapitada en la mesa de un coffee shop de \u00c1msterdam.<\/p>\n<p>Sus organizaciones controlan el tr\u00e1fico de coca\u00edna desde Sudam\u00e9rica hasta Europa a trav\u00e9s de los puertos de Rotterdam y Amberes, que controla a su l\u00edder, Ridouan Taghi, considerado el narco m\u00e1s peligroso de Europa. Fue detenido en el 2019 y recientemente juzgado en un lugar desconocido de Malta con grandes medidas de seguridad. Sin embargo, su organizaci\u00f3n no ha quedado afectada. Junto con los Pa\u00edses Bajos, B\u00e9lgica tambi\u00e9n est\u00e1 contaminada por este problema, y \u200b\u200bcomo se ha dicho,\u00a0<strong>la penetraci\u00f3n en Espa\u00f1a es evidente<\/strong>.<\/p>\n<h3>Impacto en la sociedad holandesa<\/h3>\n<p>Una de las novedades es la de los ni\u00f1os soldados menores, de 12 o 13 a\u00f1os que, a cambio de algo de dinero f\u00e1cil, no s\u00f3lo trafican con drogas sino que son capaces de poner bombas y cometer atentados. El puerto de Rotterdam es clave en toda esta historia, pero evidentemente no se habr\u00eda desarrollado s\u00f3lo en el puerto si no hubiera habido otras condiciones en la propia sociedad holandesa.<\/p>\n<p>El problema, como narran los expertos, es que cuando empieza a ganar fuerza, su crecimiento es exponencial porque la combinaci\u00f3n de dinero f\u00e1cil y amenaza a la persona y a la familia son demoledoras y afectan no s\u00f3lo a responsables de la administraci\u00f3n o del puerto, sino tambi\u00e9n a la propia polic\u00eda. Un signo, y vale la pena retenerlo por su significado entre nosotros, es que los funcionarios policiales ya no abandonan el trabajo de uniforme por temor a lo que les pueda ocurrir. Este hecho hace a\u00f1os que es com\u00fan en nuestro pa\u00eds.<\/p>\n<p>Los asesinatos est\u00e1n a la orden del d\u00eda porque las armas son muy accesibles, por 500 euros no hay problema. La situaci\u00f3n es tan grave que los propios funcionarios de seguridad afirman que no ven la salida del t\u00fanel.<\/p>\n<h3>La situaci\u00f3n en Suecia<\/h3>\n<p>El caso de Suecia es tambi\u00e9n particularmente desalentador. El problema de los delitos violentos y el crecimiento de las bandas callejeras ha llevado a que el gobierno sueco haya sacado a la calle en determinadas ocasiones al ej\u00e9rcito para apoyar a la polic\u00eda en barrios de alto nivel de criminalidad. Esa circunstancia propia de Am\u00e9rica Latina y, ya no digamos de \u00c1frica, es ins\u00f3lita en Europa y s\u00f3lo se han visto soldados en las calles cuando ha habido una elevada amenaza terrorista. Este hecho obliga a dedicar recursos crecientes a la polic\u00eda y a aplicar pol\u00edticas m\u00e1s estrictas, pero el da\u00f1o es profundo.<\/p>\n<h3>Problemas de integraci\u00f3n y criminalidad<\/h3>\n<p>La inmigraci\u00f3n arraigada en barrios marginados, que genera exclusi\u00f3n social, facilita el surgimiento de bandas, y el desarraigo y la falta de integraci\u00f3n en algunos grupos de inmigrantes generan nuevas necesidades creando lealtades entre grupos por afinidades \u00e9tnicas. Si bien la violencia de las bandas criminales se da en las grandes ciudades, tambi\u00e9n se ha extendido a los peque\u00f1os pueblos y zonas rurales.<\/p>\n<p>Como en el caso de los Pa\u00edses Bajos, el aumento de tr\u00e1fico de drogas, especialmente de coca\u00edna, es un componente importante del problema y al mismo tiempo incrementa la violencia entre bandas rivales. Tambi\u00e9n, como en Holanda, existe el reclutamiento de menores para que act\u00faen como sicarios. En el 2022 se registraron en Suecia 391 tiroteos y 63 muertes. Hasta septiembre de 2023, las muertes ya alcanzaban las 41.<\/p>\n<h3>Factores de riesgo en Catalu\u00f1a<\/h3>\n<p>Hay que tomar nota de las causas profundas que han degenerado la situaci\u00f3n de estos dos pa\u00edses te\u00f3ricamente mod\u00e9licos, con niveles de bienestar y asistencia mucho m\u00e1s altos que los nuestros. Catalu\u00f1a presenta factores de riesgo muy elevados para caer en un escenario similar, factores que valdr\u00e1 la pena considerar con atenci\u00f3n.<\/p>\n<div id=\"polls-251\" class=\"wp-polls\">\n\t<form id=\"polls_form_251\" class=\"wp-polls-form\" action=\"\/index.php\" method=\"post\">\n\t\t<p style=\"display: none;\"><input type=\"hidden\" id=\"poll_251_nonce\" name=\"wp-polls-nonce\" value=\"642008b738\" \/><\/p>\n\t\t<p style=\"display: none;\"><input type=\"hidden\" name=\"poll_id\" value=\"251\" \/><\/p>\n\t\t<p style=\"text-align: center\"><strong>Creus que Kamala Harris guanyar\u00e0 a Trump?<\/strong><\/p><div id=\"polls-251-ans\" class=\"wp-polls-ans\"><ul class=\"wp-polls-ul\">\n\t\t<li><input type=\"radio\" id=\"poll-answer-705\" name=\"poll_251\" value=\"705\" \/> <label for=\"poll-answer-705\">S\u00ed<\/label><\/li>\n\t\t<li><input type=\"radio\" id=\"poll-answer-706\" name=\"poll_251\" value=\"706\" \/> <label for=\"poll-answer-706\">No<\/label><\/li>\n\t\t<li><input type=\"radio\" id=\"poll-answer-707\" name=\"poll_251\" value=\"707\" \/> <label for=\"poll-answer-707\">No ho s\u00e9<\/label><\/li>\n\t\t<\/ul><p style=\"text-align: center\"><input type=\"button\" name=\"vote\" value=\"   Vota   \" class=\"Buttons\" onclick=\"poll_vote(251);\" \/><\/p><p style=\"text-align: center\"><a href=\"#ViewPollResults\" onclick=\"poll_result(251); return false;\" title=\"View Results Of This Poll\">Mira els resultats<\/a><\/p><\/div>\n\t<\/form>\n<\/div>\n<div id=\"polls-251-loading\" class=\"wp-polls-loading\"><img decoding=\"async\" data-src=\"https:\/\/conversesacatalunya.cat\/wp-content\/plugins\/wp-polls\/images\/loading.gif\" width=\"16\" height=\"16\" alt=\"Cargando ...\" title=\"Cargando ...\" class=\"wp-polls-image lazyload\" src=\"data:image\/svg+xml;base64,PHN2ZyB3aWR0aD0iMSIgaGVpZ2h0PSIxIiB4bWxucz0iaHR0cDovL3d3dy53My5vcmcvMjAwMC9zdmciPjwvc3ZnPg==\" style=\"--smush-placeholder-width: 16px; --smush-placeholder-aspect-ratio: 16\/16;\" \/>&nbsp;Cargando ...<\/div>\n\n","protected":false},"excerpt":{"rendered":"<p>De para\u00edso progresista a situaci\u00f3n traum\u00e1tica Pa\u00edses Bajos y Suecia han ca\u00eddo del para\u00edso del imaginario progresista a un infierno que parece muy alejado de lo que consideramos que es Europa. Claro que, quiz\u00e1s, en realidad nunca fueron un para\u00edso. Los dos emporios de la socialdemocracia y el liberalismo progresista, con s\u00f3lidos estados del bienestar y una gran capacidad de recibir inmigraci\u00f3n \u2014sobre todo por parte de Suecia (aunque la poblaci\u00f3n extranjera es mayor en Catalu\u00f1a)\u2014, con legislaciones favorables al aborto muy tempranas y generosas, de los primeros en legalizar el matrimonio y la adopci\u00f3n homosexual, la eutanasia y su ampliaci\u00f3n, y, en el caso de los Pa\u00edses Bajos, la legalizaci\u00f3n del consumo de drogas, todos ellos notas caracter\u00edsticas de lo que se considera deseable en una sociedad progresista,\u00a0han conducido a una situaci\u00f3n absolutamente traum\u00e1tica. La Mocro Maffia en los Pa\u00edses Bajos En el caso de los Pa\u00edses Bajos, la delincuencia a gran escala, la\u00a0Mocro Maffia, se ha apoderado del pa\u00eds. De hecho, la alcaldesa de \u00c1msterdam, el ministro de Justicia o el 59% de los ciudadanos consideran que es un narcoestado o que tiene un alto riesgo de serlo. La Mocro Maffia es un conjunto de\u00a0bandas criminales, sobre todo pero no exclusivamente, descendientes de inmigrantes marroqu\u00edes, de ah\u00ed el nombre de Mocro. Sus redes est\u00e1n arraigadas en Pa\u00edses Bajos, pero se est\u00e1n extendiendo por Europa, y sobre todo tienen importancia en Espa\u00f1a, que es uno de los otros puntos de entrada masiva de droga. La guerra entre bandas rivales ha desestabilizado el funcionamiento del pa\u00eds. Su poder es tal que ha amenazado a altos funcionarios del gobierno, incluido el exministro de Justicia, el primer ministro y la princesa Amalia, que en el 2023 tuvo que venir a Espa\u00f1a por razones de seguridad. Han asesinado a periodistas, empresarios y abogados como advertencia, y en algunos casos lo han hecho de forma espectacular, como cuando dejaron una cabeza decapitada en la mesa de un coffee shop de \u00c1msterdam. Sus organizaciones controlan el tr\u00e1fico de coca\u00edna desde Sudam\u00e9rica hasta Europa a trav\u00e9s de los puertos de Rotterdam y Amberes, que controla a su l\u00edder, Ridouan Taghi, considerado el narco m\u00e1s peligroso de Europa. Fue detenido en el 2019 y recientemente juzgado en un lugar desconocido de Malta con grandes medidas de seguridad. Sin embargo, su organizaci\u00f3n no ha quedado afectada. Junto con los Pa\u00edses Bajos, B\u00e9lgica tambi\u00e9n est\u00e1 contaminada por este problema, y \u200b\u200bcomo se ha dicho,\u00a0la penetraci\u00f3n en Espa\u00f1a es evidente. Impacto en la sociedad holandesa Una de las novedades es la de los ni\u00f1os soldados menores, de 12 o 13 a\u00f1os que, a cambio de algo de dinero f\u00e1cil, no s\u00f3lo trafican con drogas sino que son capaces de poner bombas y cometer atentados. El puerto de Rotterdam es clave en toda esta historia, pero evidentemente no se habr\u00eda desarrollado s\u00f3lo en el puerto si no hubiera habido otras condiciones en la propia sociedad holandesa. El problema, como narran los expertos, es que cuando empieza a ganar fuerza, su crecimiento es exponencial porque la combinaci\u00f3n de dinero f\u00e1cil y amenaza a la persona y a la familia son demoledoras y afectan no s\u00f3lo a responsables de la administraci\u00f3n o del puerto, sino tambi\u00e9n a la propia polic\u00eda. Un signo, y vale la pena retenerlo por su significado entre nosotros, es que los funcionarios policiales ya no abandonan el trabajo de uniforme por temor a lo que les pueda ocurrir. Este hecho hace a\u00f1os que es com\u00fan en nuestro pa\u00eds. Los asesinatos est\u00e1n a la orden del d\u00eda porque las armas son muy accesibles, por 500 euros no hay problema. La situaci\u00f3n es tan grave que los propios funcionarios de seguridad afirman que no ven la salida del t\u00fanel. La situaci\u00f3n en Suecia El caso de Suecia es tambi\u00e9n particularmente desalentador. El problema de los delitos violentos y el crecimiento de las bandas callejeras ha llevado a que el gobierno sueco haya sacado a la calle en determinadas ocasiones al ej\u00e9rcito para apoyar a la polic\u00eda en barrios de alto nivel de criminalidad. Esa circunstancia propia de Am\u00e9rica Latina y, ya no digamos de \u00c1frica, es ins\u00f3lita en Europa y s\u00f3lo se han visto soldados en las calles cuando ha habido una elevada amenaza terrorista. Este hecho obliga a dedicar recursos crecientes a la polic\u00eda y a aplicar pol\u00edticas m\u00e1s estrictas, pero el da\u00f1o es profundo. Problemas de integraci\u00f3n y criminalidad La inmigraci\u00f3n arraigada en barrios marginados, que genera exclusi\u00f3n social, facilita el surgimiento de bandas, y el desarraigo y la falta de integraci\u00f3n en algunos grupos de inmigrantes generan nuevas necesidades creando lealtades entre grupos por afinidades \u00e9tnicas. Si bien la violencia de las bandas criminales se da en las grandes ciudades, tambi\u00e9n se ha extendido a los peque\u00f1os pueblos y zonas rurales. Como en el caso de los Pa\u00edses Bajos, el aumento de tr\u00e1fico de drogas, especialmente de coca\u00edna, es un componente importante del problema y al mismo tiempo incrementa la violencia entre bandas rivales. Tambi\u00e9n, como en Holanda, existe el reclutamiento de menores para que act\u00faen como sicarios. En el 2022 se registraron en Suecia 391 tiroteos y 63 muertes. Hasta septiembre de 2023, las muertes ya alcanzaban las 41. Factores de riesgo en Catalu\u00f1a Hay que tomar nota de las causas profundas que han degenerado la situaci\u00f3n de estos dos pa\u00edses te\u00f3ricamente mod\u00e9licos, con niveles de bienestar y asistencia mucho m\u00e1s altos que los nuestros. Catalu\u00f1a presenta factores de riesgo muy elevados para caer en un escenario similar, factores que valdr\u00e1 la pena considerar con atenci\u00f3n.<\/p>\n","protected":false},"author":78,"featured_media":80362,"comment_status":"open","ping_status":"open","sticky":false,"template":"","format":"standard","meta":{"_FSMCFIC_featured_image_caption":"","_FSMCFIC_featured_image_nocaption":"","_FSMCFIC_featured_image_hide":"","footnotes":""},"categories":[806],"tags":[2880,493,1003],"class_list":["post-80365","post","type-post","status-publish","format-standard","has-post-thumbnail","hentry","category-punts-claus-del-dia-es","tag-delincuencia","tag-delinquencia","tag-droga-es"],"yoast_head":"<!-- This site is optimized with the Yoast SEO plugin v26.8 - https:\/\/yoast.com\/product\/yoast-seo-wordpress\/ -->\n<title>Pa\u00edses Bajos y Suecia: Del para\u00edso al infierno - Converses a Catalunya<\/title>\n<meta name=\"description\" content=\"Catalu\u00f1a presenta factores de riesgo muy elevados para caer en un escenario similar, factores que valdr\u00e1 la pena considerar con atenci\u00f3n\" \/>\n<meta name=\"robots\" content=\"index, follow, max-snippet:-1, max-image-preview:large, max-video-preview:-1\" \/>\n<link rel=\"canonical\" href=\"https:\/\/conversesacatalunya.cat\/es\/paises-bajos-y-suecia-del-paraiso-al-infierno\/\" \/>\n<meta property=\"og:locale\" content=\"es_ES\" \/>\n<meta property=\"og:type\" content=\"article\" \/>\n<meta property=\"og:title\" content=\"Pa\u00edses Bajos y Suecia: Del para\u00edso al infierno - Converses a Catalunya\" \/>\n<meta property=\"og:description\" content=\"Catalu\u00f1a presenta factores de riesgo muy elevados para caer en un escenario similar, factores que valdr\u00e1 la pena considerar con atenci\u00f3n\" \/>\n<meta property=\"og:url\" content=\"https:\/\/conversesacatalunya.cat\/es\/paises-bajos-y-suecia-del-paraiso-al-infierno\/\" \/>\n<meta property=\"og:site_name\" content=\"Converses a Catalunya\" \/>\n<meta property=\"article:published_time\" content=\"2024-07-24T08:40:47+00:00\" \/>\n<meta property=\"article:modified_time\" content=\"2024-07-24T10:39:29+00:00\" \/>\n<meta property=\"og:image\" content=\"https:\/\/conversesacatalunya.cat\/wp-content\/uploads\/2024\/07\/drogas.jpg\" \/>\n\t<meta property=\"og:image:width\" content=\"711\" \/>\n\t<meta property=\"og:image:height\" content=\"400\" \/>\n\t<meta property=\"og:image:type\" content=\"image\/jpeg\" \/>\n<meta name=\"author\" content=\"Joan Masip\" \/>\n<meta name=\"twitter:card\" content=\"summary_large_image\" \/>\n<meta name=\"twitter:label1\" content=\"Escrito por\" \/>\n\t<meta name=\"twitter:data1\" content=\"Joan Masip\" \/>\n\t<meta name=\"twitter:label2\" content=\"Tiempo de lectura\" \/>\n\t<meta name=\"twitter:data2\" content=\"5 minutos\" \/>\n<script type=\"application\/ld+json\" class=\"yoast-schema-graph\">{\"@context\":\"https:\/\/schema.org\",\"@graph\":[{\"@type\":\"Article\",\"@id\":\"https:\/\/conversesacatalunya.cat\/es\/paises-bajos-y-suecia-del-paraiso-al-infierno\/#article\",\"isPartOf\":{\"@id\":\"https:\/\/conversesacatalunya.cat\/es\/paises-bajos-y-suecia-del-paraiso-al-infierno\/\"},\"author\":{\"name\":\"Joan Masip\",\"@id\":\"https:\/\/conversesacatalunya.cat\/#\/schema\/person\/311d0bf53def217d5124c78a7bc42275\"},\"headline\":\"Pa\u00edses Bajos y Suecia: Del para\u00edso al infierno\",\"datePublished\":\"2024-07-24T08:40:47+00:00\",\"dateModified\":\"2024-07-24T10:39:29+00:00\",\"mainEntityOfPage\":{\"@id\":\"https:\/\/conversesacatalunya.cat\/es\/paises-bajos-y-suecia-del-paraiso-al-infierno\/\"},\"wordCount\":1014,\"commentCount\":0,\"image\":{\"@id\":\"https:\/\/conversesacatalunya.cat\/es\/paises-bajos-y-suecia-del-paraiso-al-infierno\/#primaryimage\"},\"thumbnailUrl\":\"https:\/\/conversesacatalunya.cat\/wp-content\/uploads\/2024\/07\/drogas.jpg\",\"keywords\":[\"delincuencia\",\"Delinq\u00fc\u00e8ncia\",\"droga\"],\"articleSection\":[\"Punts clau del dia (ES)\"],\"inLanguage\":\"es\",\"potentialAction\":[{\"@type\":\"CommentAction\",\"name\":\"Comment\",\"target\":[\"https:\/\/conversesacatalunya.cat\/es\/paises-bajos-y-suecia-del-paraiso-al-infierno\/#respond\"]}]},{\"@type\":\"WebPage\",\"@id\":\"https:\/\/conversesacatalunya.cat\/es\/paises-bajos-y-suecia-del-paraiso-al-infierno\/\",\"url\":\"https:\/\/conversesacatalunya.cat\/es\/paises-bajos-y-suecia-del-paraiso-al-infierno\/\",\"name\":\"Pa\u00edses Bajos y Suecia: Del para\u00edso al infierno - Converses a Catalunya\",\"isPartOf\":{\"@id\":\"https:\/\/conversesacatalunya.cat\/#website\"},\"primaryImageOfPage\":{\"@id\":\"https:\/\/conversesacatalunya.cat\/es\/paises-bajos-y-suecia-del-paraiso-al-infierno\/#primaryimage\"},\"image\":{\"@id\":\"https:\/\/conversesacatalunya.cat\/es\/paises-bajos-y-suecia-del-paraiso-al-infierno\/#primaryimage\"},\"thumbnailUrl\":\"https:\/\/conversesacatalunya.cat\/wp-content\/uploads\/2024\/07\/drogas.jpg\",\"datePublished\":\"2024-07-24T08:40:47+00:00\",\"dateModified\":\"2024-07-24T10:39:29+00:00\",\"author\":{\"@id\":\"https:\/\/conversesacatalunya.cat\/#\/schema\/person\/311d0bf53def217d5124c78a7bc42275\"},\"description\":\"Catalu\u00f1a presenta factores de riesgo muy elevados para caer en un escenario similar, factores que valdr\u00e1 la pena considerar con atenci\u00f3n\",\"breadcrumb\":{\"@id\":\"https:\/\/conversesacatalunya.cat\/es\/paises-bajos-y-suecia-del-paraiso-al-infierno\/#breadcrumb\"},\"inLanguage\":\"es\",\"potentialAction\":[{\"@type\":\"ReadAction\",\"target\":[\"https:\/\/conversesacatalunya.cat\/es\/paises-bajos-y-suecia-del-paraiso-al-infierno\/\"]}]},{\"@type\":\"ImageObject\",\"inLanguage\":\"es\",\"@id\":\"https:\/\/conversesacatalunya.cat\/es\/paises-bajos-y-suecia-del-paraiso-al-infierno\/#primaryimage\",\"url\":\"https:\/\/conversesacatalunya.cat\/wp-content\/uploads\/2024\/07\/drogas.jpg\",\"contentUrl\":\"https:\/\/conversesacatalunya.cat\/wp-content\/uploads\/2024\/07\/drogas.jpg\",\"width\":711,\"height\":400},{\"@type\":\"BreadcrumbList\",\"@id\":\"https:\/\/conversesacatalunya.cat\/es\/paises-bajos-y-suecia-del-paraiso-al-infierno\/#breadcrumb\",\"itemListElement\":[{\"@type\":\"ListItem\",\"position\":1,\"name\":\"Inici\",\"item\":\"https:\/\/conversesacatalunya.cat\/es\/\"},{\"@type\":\"ListItem\",\"position\":2,\"name\":\"Pa\u00edses Bajos y Suecia: Del para\u00edso al infierno\"}]},{\"@type\":\"WebSite\",\"@id\":\"https:\/\/conversesacatalunya.cat\/#website\",\"url\":\"https:\/\/conversesacatalunya.cat\/\",\"name\":\"Converses a Catalunya\",\"description\":\"\",\"potentialAction\":[{\"@type\":\"SearchAction\",\"target\":{\"@type\":\"EntryPoint\",\"urlTemplate\":\"https:\/\/conversesacatalunya.cat\/?s={search_term_string}\"},\"query-input\":{\"@type\":\"PropertyValueSpecification\",\"valueRequired\":true,\"valueName\":\"search_term_string\"}}],\"inLanguage\":\"es\"},{\"@type\":\"Person\",\"@id\":\"https:\/\/conversesacatalunya.cat\/#\/schema\/person\/311d0bf53def217d5124c78a7bc42275\",\"name\":\"Joan Masip\",\"image\":{\"@type\":\"ImageObject\",\"inLanguage\":\"es\",\"@id\":\"https:\/\/conversesacatalunya.cat\/#\/schema\/person\/image\/\",\"url\":\"https:\/\/conversesacatalunya.cat\/wp-content\/litespeed\/avatar\/fa67b994763cff7d443f54b63ec96481.jpg?ver=1777372547\",\"contentUrl\":\"https:\/\/conversesacatalunya.cat\/wp-content\/litespeed\/avatar\/fa67b994763cff7d443f54b63ec96481.jpg?ver=1777372547\",\"caption\":\"Joan Masip\"},\"url\":\"https:\/\/conversesacatalunya.cat\/es\/author\/joan-masip\/\"}]}<\/script>\n<!-- \/ Yoast SEO plugin. -->","yoast_head_json":{"title":"Pa\u00edses Bajos y Suecia: Del para\u00edso al infierno - Converses a Catalunya","description":"Catalu\u00f1a presenta factores de riesgo muy elevados para caer en un escenario similar, factores que valdr\u00e1 la pena considerar con atenci\u00f3n","robots":{"index":"index","follow":"follow","max-snippet":"max-snippet:-1","max-image-preview":"max-image-preview:large","max-video-preview":"max-video-preview:-1"},"canonical":"https:\/\/conversesacatalunya.cat\/es\/paises-bajos-y-suecia-del-paraiso-al-infierno\/","og_locale":"es_ES","og_type":"article","og_title":"Pa\u00edses Bajos y Suecia: Del para\u00edso al infierno - Converses a Catalunya","og_description":"Catalu\u00f1a presenta factores de riesgo muy elevados para caer en un escenario similar, factores que valdr\u00e1 la pena considerar con atenci\u00f3n","og_url":"https:\/\/conversesacatalunya.cat\/es\/paises-bajos-y-suecia-del-paraiso-al-infierno\/","og_site_name":"Converses a Catalunya","article_published_time":"2024-07-24T08:40:47+00:00","article_modified_time":"2024-07-24T10:39:29+00:00","og_image":[{"width":711,"height":400,"url":"https:\/\/conversesacatalunya.cat\/wp-content\/uploads\/2024\/07\/drogas.jpg","type":"image\/jpeg"}],"author":"Joan Masip","twitter_card":"summary_large_image","twitter_misc":{"Escrito por":"Joan Masip","Tiempo de lectura":"5 minutos"},"schema":{"@context":"https:\/\/schema.org","@graph":[{"@type":"Article","@id":"https:\/\/conversesacatalunya.cat\/es\/paises-bajos-y-suecia-del-paraiso-al-infierno\/#article","isPartOf":{"@id":"https:\/\/conversesacatalunya.cat\/es\/paises-bajos-y-suecia-del-paraiso-al-infierno\/"},"author":{"name":"Joan Masip","@id":"https:\/\/conversesacatalunya.cat\/#\/schema\/person\/311d0bf53def217d5124c78a7bc42275"},"headline":"Pa\u00edses Bajos y Suecia: Del para\u00edso al infierno","datePublished":"2024-07-24T08:40:47+00:00","dateModified":"2024-07-24T10:39:29+00:00","mainEntityOfPage":{"@id":"https:\/\/conversesacatalunya.cat\/es\/paises-bajos-y-suecia-del-paraiso-al-infierno\/"},"wordCount":1014,"commentCount":0,"image":{"@id":"https:\/\/conversesacatalunya.cat\/es\/paises-bajos-y-suecia-del-paraiso-al-infierno\/#primaryimage"},"thumbnailUrl":"https:\/\/conversesacatalunya.cat\/wp-content\/uploads\/2024\/07\/drogas.jpg","keywords":["delincuencia","Delinq\u00fc\u00e8ncia","droga"],"articleSection":["Punts clau del dia (ES)"],"inLanguage":"es","potentialAction":[{"@type":"CommentAction","name":"Comment","target":["https:\/\/conversesacatalunya.cat\/es\/paises-bajos-y-suecia-del-paraiso-al-infierno\/#respond"]}]},{"@type":"WebPage","@id":"https:\/\/conversesacatalunya.cat\/es\/paises-bajos-y-suecia-del-paraiso-al-infierno\/","url":"https:\/\/conversesacatalunya.cat\/es\/paises-bajos-y-suecia-del-paraiso-al-infierno\/","name":"Pa\u00edses Bajos y Suecia: Del para\u00edso al infierno - Converses a Catalunya","isPartOf":{"@id":"https:\/\/conversesacatalunya.cat\/#website"},"primaryImageOfPage":{"@id":"https:\/\/conversesacatalunya.cat\/es\/paises-bajos-y-suecia-del-paraiso-al-infierno\/#primaryimage"},"image":{"@id":"https:\/\/conversesacatalunya.cat\/es\/paises-bajos-y-suecia-del-paraiso-al-infierno\/#primaryimage"},"thumbnailUrl":"https:\/\/conversesacatalunya.cat\/wp-content\/uploads\/2024\/07\/drogas.jpg","datePublished":"2024-07-24T08:40:47+00:00","dateModified":"2024-07-24T10:39:29+00:00","author":{"@id":"https:\/\/conversesacatalunya.cat\/#\/schema\/person\/311d0bf53def217d5124c78a7bc42275"},"description":"Catalu\u00f1a presenta factores de riesgo muy elevados para caer en un escenario similar, factores que valdr\u00e1 la pena considerar con atenci\u00f3n","breadcrumb":{"@id":"https:\/\/conversesacatalunya.cat\/es\/paises-bajos-y-suecia-del-paraiso-al-infierno\/#breadcrumb"},"inLanguage":"es","potentialAction":[{"@type":"ReadAction","target":["https:\/\/conversesacatalunya.cat\/es\/paises-bajos-y-suecia-del-paraiso-al-infierno\/"]}]},{"@type":"ImageObject","inLanguage":"es","@id":"https:\/\/conversesacatalunya.cat\/es\/paises-bajos-y-suecia-del-paraiso-al-infierno\/#primaryimage","url":"https:\/\/conversesacatalunya.cat\/wp-content\/uploads\/2024\/07\/drogas.jpg","contentUrl":"https:\/\/conversesacatalunya.cat\/wp-content\/uploads\/2024\/07\/drogas.jpg","width":711,"height":400},{"@type":"BreadcrumbList","@id":"https:\/\/conversesacatalunya.cat\/es\/paises-bajos-y-suecia-del-paraiso-al-infierno\/#breadcrumb","itemListElement":[{"@type":"ListItem","position":1,"name":"Inici","item":"https:\/\/conversesacatalunya.cat\/es\/"},{"@type":"ListItem","position":2,"name":"Pa\u00edses Bajos y Suecia: Del para\u00edso al infierno"}]},{"@type":"WebSite","@id":"https:\/\/conversesacatalunya.cat\/#website","url":"https:\/\/conversesacatalunya.cat\/","name":"Converses a Catalunya","description":"","potentialAction":[{"@type":"SearchAction","target":{"@type":"EntryPoint","urlTemplate":"https:\/\/conversesacatalunya.cat\/?s={search_term_string}"},"query-input":{"@type":"PropertyValueSpecification","valueRequired":true,"valueName":"search_term_string"}}],"inLanguage":"es"},{"@type":"Person","@id":"https:\/\/conversesacatalunya.cat\/#\/schema\/person\/311d0bf53def217d5124c78a7bc42275","name":"Joan Masip","image":{"@type":"ImageObject","inLanguage":"es","@id":"https:\/\/conversesacatalunya.cat\/#\/schema\/person\/image\/","url":"https:\/\/conversesacatalunya.cat\/wp-content\/litespeed\/avatar\/fa67b994763cff7d443f54b63ec96481.jpg?ver=1777372547","contentUrl":"https:\/\/conversesacatalunya.cat\/wp-content\/litespeed\/avatar\/fa67b994763cff7d443f54b63ec96481.jpg?ver=1777372547","caption":"Joan Masip"},"url":"https:\/\/conversesacatalunya.cat\/es\/author\/joan-masip\/"}]}},"wps_subtitle":"Catalu\u00f1a presenta factores de riesgo muy elevados para caer en un escenario similar, factores que valdr\u00e1 la pena considerar con atenci\u00f3n","_links":{"self":[{"href":"https:\/\/conversesacatalunya.cat\/es\/wp-json\/wp\/v2\/posts\/80365","targetHints":{"allow":["GET"]}}],"collection":[{"href":"https:\/\/conversesacatalunya.cat\/es\/wp-json\/wp\/v2\/posts"}],"about":[{"href":"https:\/\/conversesacatalunya.cat\/es\/wp-json\/wp\/v2\/types\/post"}],"author":[{"embeddable":true,"href":"https:\/\/conversesacatalunya.cat\/es\/wp-json\/wp\/v2\/users\/78"}],"replies":[{"embeddable":true,"href":"https:\/\/conversesacatalunya.cat\/es\/wp-json\/wp\/v2\/comments?post=80365"}],"version-history":[{"count":3,"href":"https:\/\/conversesacatalunya.cat\/es\/wp-json\/wp\/v2\/posts\/80365\/revisions"}],"predecessor-version":[{"id":80385,"href":"https:\/\/conversesacatalunya.cat\/es\/wp-json\/wp\/v2\/posts\/80365\/revisions\/80385"}],"wp:featuredmedia":[{"embeddable":true,"href":"https:\/\/conversesacatalunya.cat\/es\/wp-json\/wp\/v2\/media\/80362"}],"wp:attachment":[{"href":"https:\/\/conversesacatalunya.cat\/es\/wp-json\/wp\/v2\/media?parent=80365"}],"wp:term":[{"taxonomy":"category","embeddable":true,"href":"https:\/\/conversesacatalunya.cat\/es\/wp-json\/wp\/v2\/categories?post=80365"},{"taxonomy":"post_tag","embeddable":true,"href":"https:\/\/conversesacatalunya.cat\/es\/wp-json\/wp\/v2\/tags?post=80365"}],"curies":[{"name":"wp","href":"https:\/\/api.w.org\/{rel}","templated":true}]}}