{"id":80356,"date":"2024-07-24T10:13:02","date_gmt":"2024-07-24T08:13:02","guid":{"rendered":"https:\/\/conversesacatalunya.cat\/jordi-pujol-el-gran-teixidor\/"},"modified":"2024-07-24T10:24:23","modified_gmt":"2024-07-24T08:24:23","slug":"jordi-pujol-el-gran-tejedor","status":"publish","type":"post","link":"https:\/\/conversesacatalunya.cat\/es\/jordi-pujol-el-gran-tejedor\/","title":{"rendered":"Jordi Pujol, ideas, acci\u00f3n, pol\u00edtica. El Legado (10): Pujol el gran tejedor"},"content":{"rendered":"<p><span>Un tejido es el resultado de entrelazar muchos hilos de texturas iguales o diferentes, de colores \u00fanicos o variados. Estos hilos, a su vez, son fruto de la operaci\u00f3n de hilar, otra operaci\u00f3n de reunir muchos en uno. Todo tejido necesita para su estructura una urdimbre, que son los hilos de la ropa tejida que van a lo largo y ancho de la prenda, paralelos a los bordes, as\u00ed como tambi\u00e9n de la trama con la que se entrecruza. Todo ello es una estructura bien compleja, que a su vez debe ser resistente, duradera y delicada; no debe irritar ni incomodar a quien la utiliza.<\/span><\/p>\n<h3><strong><span>El tejido de Catalu\u00f1a seg\u00fan Pujol<\/span><\/strong><\/h3>\n<p><span>Catalu\u00f1a es nuestro tejido, y si empezamos por el final, dir\u00e9 que su finalidad. Siguiendo el pensamiento de Pujol, es servir al crecimiento personal, al desarrollo de las dimensiones humanas de las personas que viven en \u00e9l. Para utilizar el l\u00e9xico y concepto de Alasdair MacIntyre, su finalidad es facilitar el florecimiento de lo humano, y la virtud necesaria para lograrlo es el patriotismo.<\/span><\/p>\n<h3><strong><span>Jordi Pujol: el gran tejedor<\/span><\/strong><\/h3>\n<p><strong><span>Pujol ha sido el gran tejedor de Catalu\u00f1a<\/span><\/strong><span>; en esta funci\u00f3n es dif\u00edcil encontrar un equivalente de su dimensi\u00f3n te\u00f3rica y especialmente pr\u00e1ctica, y entre los pol\u00edticos en activo es imposible identificar alg\u00fan ep\u00edgono. Y la misi\u00f3n de tejedor es vital para la Catalu\u00f1a surgida de la industrializaci\u00f3n y la inmigraci\u00f3n, por lo que, en \u00faltimo t\u00e9rmino, todas sus crisis y dificultades han surgido siempre de la incapacidad de hacer un buen tejido con todos los hilos trenzados con una alambrada bien completa.<\/span><\/p>\n<p><span>Quien no entienda esto no entiende nada del pa\u00eds, y Pujol lo entendi\u00f3 desde muy joven, en un proceso de perfeccionamiento basado en el estudio, consideraci\u00f3n y pr\u00e1ctica. En la responsabilidad de la Generalitat, librado de otras servidumbres, puede ejercer a fondo su funci\u00f3n de tejedor. Los resultados son evidentes; construye una mayor\u00eda pol\u00edtica de all\u00ed donde s\u00f3lo hab\u00eda una corriente catalanista, que tambi\u00e9n expresa una mayor\u00eda social. El pujolismo, que recoge sobre todo a CDC, va m\u00e1s all\u00e1 de este partido porque m\u00e1s que una opci\u00f3n pol\u00edtica es una forma de entender la vida en com\u00fan, sobre todo, y hasta cierto punto, tambi\u00e9n la personal.<\/span><\/p>\n<h4><strong><span>El delicado trabajo de urdir y tramar<\/span><\/strong><\/h4>\n<p><span>Urdir y tramar era un trabajo muy delicado. Hab\u00eda el catalanismo fuerte opositor en Franco, y otro mucho m\u00e1s tenue, que incluso hab\u00eda colaborado con el r\u00e9gimen. Hab\u00eda unas izquierdas comunistas y socialistas muy fuertes, que en las elecciones generales fueron la primera y la segunda fuerza de Catalu\u00f1a; el marxismo ten\u00eda un gran prestigio intelectual. De hecho, era hegem\u00f3nico, y si bien parte de \u00e9l, sobre todo en el PSUC, el partido comunista catal\u00e1n, ten\u00eda bien asumido el hecho nacional de Catalu\u00f1a, ni todos, ni todo el marxismo lo ve\u00eda igual. Todo un sector asimilaba Catalu\u00f1a y el catalanismo con la burgues\u00eda y la explotaci\u00f3n de la clase trabajadora, tesis que seguramente quien mejor la present\u00f3 fue Sol\u00e9 Tura.<\/span><\/p>\n<h4><strong><span>La huella de la Guerra Civil y la desigualdad social<\/span><\/strong><\/h4>\n<p><span>Hab\u00eda todav\u00eda una fuerte huella de la Guerra Civil que tuvo una versi\u00f3n espec\u00edfica dentro de Catalu\u00f1a. La idea de que todo el pa\u00eds lucha contra la insurrecci\u00f3n militar es una simplificaci\u00f3n que traiciona la realidad de lo que fue. Una parte se alinea con el levantamiento por identidad o por miedo a los excesos criminales en el bando republicano. Basta con leer un breve librito divulgativo de Josep Termes y Arnau C\u00f2nsul, <\/span><em><span>La Guerra Civil en Catalu\u00f1a (1936-1939)<\/span><\/em><span>, para entender r\u00e1pidamente por qu\u00e9.<\/span><\/p>\n<p><span>Hab\u00eda una muy notable desigualdad social, que afectaba decisivamente a la cohesi\u00f3n social, sin la cual el tejido se hace irregular, feo, y que ten\u00eda una traducci\u00f3n en el espacio. En mi primer libro, con Frederic Miralles y Ernest Sena, narr\u00e1bamos por primera vez en nuestra casa la desigualdad social en el espacio en\u00a0<\/span><em><span>La Catalunya Pobra<\/span><\/em><span>\u00a0(1973).<\/span><\/p>\n<h4><strong><span>La capacidad de tejer la diversidad<\/span><\/strong><\/h4>\n<p><span>Pujol fue capaz de tejer gran parte de esta diversidad en su proyecto, que poco tiene que ver con nada de lo que ahora se hace o quiere hacerse. Hoy el tejido est\u00e1 desgastado, deshilachado, rasgado, con agujeros y sucio. Hay que rehacerlo en buena parte, lavarlo totalmente, tejerlo apartado. Tener claro cu\u00e1l es la urdimbre y la trama del pa\u00eds. \u00bfCu\u00e1l es, pregunta necesaria? \u00bfDisponemos de alg\u00fan nuevo gran tejedor? Si est\u00e1 ah\u00ed, no lo s\u00e9 ver.<\/span><\/p>\n<p><span>Pero no podemos esperar; si no existe la gran personalidad, meteremos mano, no ser\u00e1 la primera vez, de un tejedor colectivo, de un sujeto colectivo capaz de hacerlo, que nazca de la voluntad c\u00edvica de servir al pa\u00eds, que significa a su gente. \u00bfY si esto no se consigue? Entonces lo m\u00e1s probable es despedirnos cant\u00e1ndole la canci\u00f3n de \u00abAdeu a Catalunya\u00bb.<\/span><\/p>\n","protected":false},"excerpt":{"rendered":"<p>Un tejido es el resultado de entrelazar muchos hilos de texturas iguales o diferentes, de colores \u00fanicos o variados. Estos hilos, a su vez, son fruto de la operaci\u00f3n de hilar, otra operaci\u00f3n de reunir muchos en uno. Todo tejido necesita para su estructura una urdimbre, que son los hilos de la ropa tejida que van a lo largo y ancho de la prenda, paralelos a los bordes, as\u00ed como tambi\u00e9n de la trama con la que se entrecruza. Todo ello es una estructura bien compleja, que a su vez debe ser resistente, duradera y delicada; no debe irritar ni incomodar a quien la utiliza. El tejido de Catalu\u00f1a seg\u00fan Pujol Catalu\u00f1a es nuestro tejido, y si empezamos por el final, dir\u00e9 que su finalidad. Siguiendo el pensamiento de Pujol, es servir al crecimiento personal, al desarrollo de las dimensiones humanas de las personas que viven en \u00e9l. Para utilizar el l\u00e9xico y concepto de Alasdair MacIntyre, su finalidad es facilitar el florecimiento de lo humano, y la virtud necesaria para lograrlo es el patriotismo. Jordi Pujol: el gran tejedor Pujol ha sido el gran tejedor de Catalu\u00f1a; en esta funci\u00f3n es dif\u00edcil encontrar un equivalente de su dimensi\u00f3n te\u00f3rica y especialmente pr\u00e1ctica, y entre los pol\u00edticos en activo es imposible identificar alg\u00fan ep\u00edgono. Y la misi\u00f3n de tejedor es vital para la Catalu\u00f1a surgida de la industrializaci\u00f3n y la inmigraci\u00f3n, por lo que, en \u00faltimo t\u00e9rmino, todas sus crisis y dificultades han surgido siempre de la incapacidad de hacer un buen tejido con todos los hilos trenzados con una alambrada bien completa. Quien no entienda esto no entiende nada del pa\u00eds, y Pujol lo entendi\u00f3 desde muy joven, en un proceso de perfeccionamiento basado en el estudio, consideraci\u00f3n y pr\u00e1ctica. En la responsabilidad de la Generalitat, librado de otras servidumbres, puede ejercer a fondo su funci\u00f3n de tejedor. Los resultados son evidentes; construye una mayor\u00eda pol\u00edtica de all\u00ed donde s\u00f3lo hab\u00eda una corriente catalanista, que tambi\u00e9n expresa una mayor\u00eda social. El pujolismo, que recoge sobre todo a CDC, va m\u00e1s all\u00e1 de este partido porque m\u00e1s que una opci\u00f3n pol\u00edtica es una forma de entender la vida en com\u00fan, sobre todo, y hasta cierto punto, tambi\u00e9n la personal. El delicado trabajo de urdir y tramar Urdir y tramar era un trabajo muy delicado. Hab\u00eda el catalanismo fuerte opositor en Franco, y otro mucho m\u00e1s tenue, que incluso hab\u00eda colaborado con el r\u00e9gimen. Hab\u00eda unas izquierdas comunistas y socialistas muy fuertes, que en las elecciones generales fueron la primera y la segunda fuerza de Catalu\u00f1a; el marxismo ten\u00eda un gran prestigio intelectual. De hecho, era hegem\u00f3nico, y si bien parte de \u00e9l, sobre todo en el PSUC, el partido comunista catal\u00e1n, ten\u00eda bien asumido el hecho nacional de Catalu\u00f1a, ni todos, ni todo el marxismo lo ve\u00eda igual. Todo un sector asimilaba Catalu\u00f1a y el catalanismo con la burgues\u00eda y la explotaci\u00f3n de la clase trabajadora, tesis que seguramente quien mejor la present\u00f3 fue Sol\u00e9 Tura. La huella de la Guerra Civil y la desigualdad social Hab\u00eda todav\u00eda una fuerte huella de la Guerra Civil que tuvo una versi\u00f3n espec\u00edfica dentro de Catalu\u00f1a. La idea de que todo el pa\u00eds lucha contra la insurrecci\u00f3n militar es una simplificaci\u00f3n que traiciona la realidad de lo que fue. Una parte se alinea con el levantamiento por identidad o por miedo a los excesos criminales en el bando republicano. Basta con leer un breve librito divulgativo de Josep Termes y Arnau C\u00f2nsul, La Guerra Civil en Catalu\u00f1a (1936-1939), para entender r\u00e1pidamente por qu\u00e9. Hab\u00eda una muy notable desigualdad social, que afectaba decisivamente a la cohesi\u00f3n social, sin la cual el tejido se hace irregular, feo, y que ten\u00eda una traducci\u00f3n en el espacio. En mi primer libro, con Frederic Miralles y Ernest Sena, narr\u00e1bamos por primera vez en nuestra casa la desigualdad social en el espacio en\u00a0La Catalunya Pobra\u00a0(1973). La capacidad de tejer la diversidad Pujol fue capaz de tejer gran parte de esta diversidad en su proyecto, que poco tiene que ver con nada de lo que ahora se hace o quiere hacerse. Hoy el tejido est\u00e1 desgastado, deshilachado, rasgado, con agujeros y sucio. Hay que rehacerlo en buena parte, lavarlo totalmente, tejerlo apartado. Tener claro cu\u00e1l es la urdimbre y la trama del pa\u00eds. \u00bfCu\u00e1l es, pregunta necesaria? \u00bfDisponemos de alg\u00fan nuevo gran tejedor? Si est\u00e1 ah\u00ed, no lo s\u00e9 ver. Pero no podemos esperar; si no existe la gran personalidad, meteremos mano, no ser\u00e1 la primera vez, de un tejedor colectivo, de un sujeto colectivo capaz de hacerlo, que nazca de la voluntad c\u00edvica de servir al pa\u00eds, que significa a su gente. \u00bfY si esto no se consigue? Entonces lo m\u00e1s probable es despedirnos cant\u00e1ndole la canci\u00f3n de \u00abAdeu a Catalunya\u00bb.<\/p>\n","protected":false},"author":19,"featured_media":80262,"comment_status":"open","ping_status":"open","sticky":false,"template":"","format":"standard","meta":{"_FSMCFIC_featured_image_caption":"","_FSMCFIC_featured_image_nocaption":"","_FSMCFIC_featured_image_hide":"","footnotes":""},"categories":[796,806],"tags":[843],"class_list":["post-80356","post","type-post","status-publish","format-standard","has-post-thumbnail","hentry","category-el-blog-de-josep-miro-i-ardevol-es","category-punts-claus-del-dia-es","tag-jordi-pujol-es"],"yoast_head":"<!-- This site is optimized with the Yoast SEO plugin v26.8 - https:\/\/yoast.com\/product\/yoast-seo-wordpress\/ -->\n<title>Jordi Pujol, ideas, acci\u00f3n, pol\u00edtica. El Legado (10): Pujol el gran tejedor - Converses a Catalunya<\/title>\n<meta name=\"description\" content=\"Como Jordi Pujol, el gran tejedor de Catalunya, influy\u00f3 en el tejido social y pol\u00edtico del pa\u00eds para promover el crecimiento personal y la cohesi\u00f3n social.\" \/>\n<meta name=\"robots\" content=\"index, follow, max-snippet:-1, max-image-preview:large, max-video-preview:-1\" \/>\n<link rel=\"canonical\" href=\"https:\/\/conversesacatalunya.cat\/es\/jordi-pujol-el-gran-tejedor\/\" \/>\n<meta property=\"og:locale\" content=\"es_ES\" \/>\n<meta property=\"og:type\" content=\"article\" \/>\n<meta property=\"og:title\" content=\"Jordi Pujol, ideas, acci\u00f3n, pol\u00edtica. El Legado (10): Pujol el gran tejedor - Converses a Catalunya\" \/>\n<meta property=\"og:description\" content=\"Como Jordi Pujol, el gran tejedor de Catalunya, influy\u00f3 en el tejido social y pol\u00edtico del pa\u00eds para promover el crecimiento personal y la cohesi\u00f3n social.\" \/>\n<meta property=\"og:url\" content=\"https:\/\/conversesacatalunya.cat\/es\/jordi-pujol-el-gran-tejedor\/\" \/>\n<meta property=\"og:site_name\" content=\"Converses a Catalunya\" \/>\n<meta property=\"article:published_time\" content=\"2024-07-24T08:13:02+00:00\" \/>\n<meta property=\"article:modified_time\" content=\"2024-07-24T08:24:23+00:00\" \/>\n<meta property=\"og:image\" content=\"https:\/\/conversesacatalunya.cat\/wp-content\/uploads\/2024\/07\/Teixint-cami-de-roses.jpg\" \/>\n\t<meta property=\"og:image:width\" content=\"724\" \/>\n\t<meta property=\"og:image:height\" content=\"543\" \/>\n\t<meta property=\"og:image:type\" content=\"image\/jpeg\" \/>\n<meta name=\"author\" content=\"Josep Mir\u00f3 i Ard\u00e8vol\" \/>\n<meta name=\"twitter:card\" content=\"summary_large_image\" \/>\n<meta name=\"twitter:label1\" content=\"Escrito por\" \/>\n\t<meta name=\"twitter:data1\" content=\"Josep Mir\u00f3 i Ard\u00e8vol\" \/>\n\t<meta name=\"twitter:label2\" content=\"Tiempo de lectura\" \/>\n\t<meta name=\"twitter:data2\" content=\"4 minutos\" \/>\n<script type=\"application\/ld+json\" class=\"yoast-schema-graph\">{\"@context\":\"https:\/\/schema.org\",\"@graph\":[{\"@type\":\"Article\",\"@id\":\"https:\/\/conversesacatalunya.cat\/es\/jordi-pujol-el-gran-tejedor\/#article\",\"isPartOf\":{\"@id\":\"https:\/\/conversesacatalunya.cat\/es\/jordi-pujol-el-gran-tejedor\/\"},\"author\":{\"name\":\"Josep Mir\u00f3 i Ard\u00e8vol\",\"@id\":\"https:\/\/conversesacatalunya.cat\/#\/schema\/person\/a9598a6786ba7d3d1c5e0de477b79370\"},\"headline\":\"Jordi Pujol, ideas, acci\u00f3n, pol\u00edtica. El Legado (10): Pujol el gran tejedor\",\"datePublished\":\"2024-07-24T08:13:02+00:00\",\"dateModified\":\"2024-07-24T08:24:23+00:00\",\"mainEntityOfPage\":{\"@id\":\"https:\/\/conversesacatalunya.cat\/es\/jordi-pujol-el-gran-tejedor\/\"},\"wordCount\":883,\"commentCount\":0,\"image\":{\"@id\":\"https:\/\/conversesacatalunya.cat\/es\/jordi-pujol-el-gran-tejedor\/#primaryimage\"},\"thumbnailUrl\":\"https:\/\/conversesacatalunya.cat\/wp-content\/uploads\/2024\/07\/Teixint-cami-de-roses.jpg\",\"keywords\":[\"Jordi Pujol\"],\"articleSection\":[\"El Blog de Josep Mir\u00f3 i Ard\u00e8vol (ES)\",\"Punts clau del dia (ES)\"],\"inLanguage\":\"es\",\"potentialAction\":[{\"@type\":\"CommentAction\",\"name\":\"Comment\",\"target\":[\"https:\/\/conversesacatalunya.cat\/es\/jordi-pujol-el-gran-tejedor\/#respond\"]}]},{\"@type\":\"WebPage\",\"@id\":\"https:\/\/conversesacatalunya.cat\/es\/jordi-pujol-el-gran-tejedor\/\",\"url\":\"https:\/\/conversesacatalunya.cat\/es\/jordi-pujol-el-gran-tejedor\/\",\"name\":\"Jordi Pujol, ideas, acci\u00f3n, pol\u00edtica. El Legado (10): Pujol el gran tejedor - Converses a Catalunya\",\"isPartOf\":{\"@id\":\"https:\/\/conversesacatalunya.cat\/#website\"},\"primaryImageOfPage\":{\"@id\":\"https:\/\/conversesacatalunya.cat\/es\/jordi-pujol-el-gran-tejedor\/#primaryimage\"},\"image\":{\"@id\":\"https:\/\/conversesacatalunya.cat\/es\/jordi-pujol-el-gran-tejedor\/#primaryimage\"},\"thumbnailUrl\":\"https:\/\/conversesacatalunya.cat\/wp-content\/uploads\/2024\/07\/Teixint-cami-de-roses.jpg\",\"datePublished\":\"2024-07-24T08:13:02+00:00\",\"dateModified\":\"2024-07-24T08:24:23+00:00\",\"author\":{\"@id\":\"https:\/\/conversesacatalunya.cat\/#\/schema\/person\/a9598a6786ba7d3d1c5e0de477b79370\"},\"description\":\"Como Jordi Pujol, el gran tejedor de Catalunya, influy\u00f3 en el tejido social y pol\u00edtico del pa\u00eds para promover el crecimiento personal y la cohesi\u00f3n social.\",\"breadcrumb\":{\"@id\":\"https:\/\/conversesacatalunya.cat\/es\/jordi-pujol-el-gran-tejedor\/#breadcrumb\"},\"inLanguage\":\"es\",\"potentialAction\":[{\"@type\":\"ReadAction\",\"target\":[\"https:\/\/conversesacatalunya.cat\/es\/jordi-pujol-el-gran-tejedor\/\"]}]},{\"@type\":\"ImageObject\",\"inLanguage\":\"es\",\"@id\":\"https:\/\/conversesacatalunya.cat\/es\/jordi-pujol-el-gran-tejedor\/#primaryimage\",\"url\":\"https:\/\/conversesacatalunya.cat\/wp-content\/uploads\/2024\/07\/Teixint-cami-de-roses.jpg\",\"contentUrl\":\"https:\/\/conversesacatalunya.cat\/wp-content\/uploads\/2024\/07\/Teixint-cami-de-roses.jpg\",\"width\":724,\"height\":543,\"caption\":\"Jordi Pujol el gran teixidor\"},{\"@type\":\"BreadcrumbList\",\"@id\":\"https:\/\/conversesacatalunya.cat\/es\/jordi-pujol-el-gran-tejedor\/#breadcrumb\",\"itemListElement\":[{\"@type\":\"ListItem\",\"position\":1,\"name\":\"Inici\",\"item\":\"https:\/\/conversesacatalunya.cat\/es\/\"},{\"@type\":\"ListItem\",\"position\":2,\"name\":\"Jordi Pujol, ideas, acci\u00f3n, pol\u00edtica. El Legado (10): Pujol el gran tejedor\"}]},{\"@type\":\"WebSite\",\"@id\":\"https:\/\/conversesacatalunya.cat\/#website\",\"url\":\"https:\/\/conversesacatalunya.cat\/\",\"name\":\"Converses a Catalunya\",\"description\":\"\",\"potentialAction\":[{\"@type\":\"SearchAction\",\"target\":{\"@type\":\"EntryPoint\",\"urlTemplate\":\"https:\/\/conversesacatalunya.cat\/?s={search_term_string}\"},\"query-input\":{\"@type\":\"PropertyValueSpecification\",\"valueRequired\":true,\"valueName\":\"search_term_string\"}}],\"inLanguage\":\"es\"},{\"@type\":\"Person\",\"@id\":\"https:\/\/conversesacatalunya.cat\/#\/schema\/person\/a9598a6786ba7d3d1c5e0de477b79370\",\"name\":\"Josep Mir\u00f3 i Ard\u00e8vol\",\"image\":{\"@type\":\"ImageObject\",\"inLanguage\":\"es\",\"@id\":\"https:\/\/conversesacatalunya.cat\/#\/schema\/person\/image\/\",\"url\":\"https:\/\/conversesacatalunya.cat\/wp-content\/litespeed\/avatar\/c37e3dc881857483d6694cdf98fdedea.jpg?ver=1777270381\",\"contentUrl\":\"https:\/\/conversesacatalunya.cat\/wp-content\/litespeed\/avatar\/c37e3dc881857483d6694cdf98fdedea.jpg?ver=1777270381\",\"caption\":\"Josep Mir\u00f3 i Ard\u00e8vol\"},\"url\":\"https:\/\/conversesacatalunya.cat\/es\/author\/josep-miro-i-ardevol\/\"}]}<\/script>\n<!-- \/ Yoast SEO plugin. -->","yoast_head_json":{"title":"Jordi Pujol, ideas, acci\u00f3n, pol\u00edtica. El Legado (10): Pujol el gran tejedor - Converses a Catalunya","description":"Como Jordi Pujol, el gran tejedor de Catalunya, influy\u00f3 en el tejido social y pol\u00edtico del pa\u00eds para promover el crecimiento personal y la cohesi\u00f3n social.","robots":{"index":"index","follow":"follow","max-snippet":"max-snippet:-1","max-image-preview":"max-image-preview:large","max-video-preview":"max-video-preview:-1"},"canonical":"https:\/\/conversesacatalunya.cat\/es\/jordi-pujol-el-gran-tejedor\/","og_locale":"es_ES","og_type":"article","og_title":"Jordi Pujol, ideas, acci\u00f3n, pol\u00edtica. El Legado (10): Pujol el gran tejedor - Converses a Catalunya","og_description":"Como Jordi Pujol, el gran tejedor de Catalunya, influy\u00f3 en el tejido social y pol\u00edtico del pa\u00eds para promover el crecimiento personal y la cohesi\u00f3n social.","og_url":"https:\/\/conversesacatalunya.cat\/es\/jordi-pujol-el-gran-tejedor\/","og_site_name":"Converses a Catalunya","article_published_time":"2024-07-24T08:13:02+00:00","article_modified_time":"2024-07-24T08:24:23+00:00","og_image":[{"width":724,"height":543,"url":"https:\/\/conversesacatalunya.cat\/wp-content\/uploads\/2024\/07\/Teixint-cami-de-roses.jpg","type":"image\/jpeg"}],"author":"Josep Mir\u00f3 i Ard\u00e8vol","twitter_card":"summary_large_image","twitter_misc":{"Escrito por":"Josep Mir\u00f3 i Ard\u00e8vol","Tiempo de lectura":"4 minutos"},"schema":{"@context":"https:\/\/schema.org","@graph":[{"@type":"Article","@id":"https:\/\/conversesacatalunya.cat\/es\/jordi-pujol-el-gran-tejedor\/#article","isPartOf":{"@id":"https:\/\/conversesacatalunya.cat\/es\/jordi-pujol-el-gran-tejedor\/"},"author":{"name":"Josep Mir\u00f3 i Ard\u00e8vol","@id":"https:\/\/conversesacatalunya.cat\/#\/schema\/person\/a9598a6786ba7d3d1c5e0de477b79370"},"headline":"Jordi Pujol, ideas, acci\u00f3n, pol\u00edtica. El Legado (10): Pujol el gran tejedor","datePublished":"2024-07-24T08:13:02+00:00","dateModified":"2024-07-24T08:24:23+00:00","mainEntityOfPage":{"@id":"https:\/\/conversesacatalunya.cat\/es\/jordi-pujol-el-gran-tejedor\/"},"wordCount":883,"commentCount":0,"image":{"@id":"https:\/\/conversesacatalunya.cat\/es\/jordi-pujol-el-gran-tejedor\/#primaryimage"},"thumbnailUrl":"https:\/\/conversesacatalunya.cat\/wp-content\/uploads\/2024\/07\/Teixint-cami-de-roses.jpg","keywords":["Jordi Pujol"],"articleSection":["El Blog de Josep Mir\u00f3 i Ard\u00e8vol (ES)","Punts clau del dia (ES)"],"inLanguage":"es","potentialAction":[{"@type":"CommentAction","name":"Comment","target":["https:\/\/conversesacatalunya.cat\/es\/jordi-pujol-el-gran-tejedor\/#respond"]}]},{"@type":"WebPage","@id":"https:\/\/conversesacatalunya.cat\/es\/jordi-pujol-el-gran-tejedor\/","url":"https:\/\/conversesacatalunya.cat\/es\/jordi-pujol-el-gran-tejedor\/","name":"Jordi Pujol, ideas, acci\u00f3n, pol\u00edtica. El Legado (10): Pujol el gran tejedor - Converses a Catalunya","isPartOf":{"@id":"https:\/\/conversesacatalunya.cat\/#website"},"primaryImageOfPage":{"@id":"https:\/\/conversesacatalunya.cat\/es\/jordi-pujol-el-gran-tejedor\/#primaryimage"},"image":{"@id":"https:\/\/conversesacatalunya.cat\/es\/jordi-pujol-el-gran-tejedor\/#primaryimage"},"thumbnailUrl":"https:\/\/conversesacatalunya.cat\/wp-content\/uploads\/2024\/07\/Teixint-cami-de-roses.jpg","datePublished":"2024-07-24T08:13:02+00:00","dateModified":"2024-07-24T08:24:23+00:00","author":{"@id":"https:\/\/conversesacatalunya.cat\/#\/schema\/person\/a9598a6786ba7d3d1c5e0de477b79370"},"description":"Como Jordi Pujol, el gran tejedor de Catalunya, influy\u00f3 en el tejido social y pol\u00edtico del pa\u00eds para promover el crecimiento personal y la cohesi\u00f3n social.","breadcrumb":{"@id":"https:\/\/conversesacatalunya.cat\/es\/jordi-pujol-el-gran-tejedor\/#breadcrumb"},"inLanguage":"es","potentialAction":[{"@type":"ReadAction","target":["https:\/\/conversesacatalunya.cat\/es\/jordi-pujol-el-gran-tejedor\/"]}]},{"@type":"ImageObject","inLanguage":"es","@id":"https:\/\/conversesacatalunya.cat\/es\/jordi-pujol-el-gran-tejedor\/#primaryimage","url":"https:\/\/conversesacatalunya.cat\/wp-content\/uploads\/2024\/07\/Teixint-cami-de-roses.jpg","contentUrl":"https:\/\/conversesacatalunya.cat\/wp-content\/uploads\/2024\/07\/Teixint-cami-de-roses.jpg","width":724,"height":543,"caption":"Jordi Pujol el gran teixidor"},{"@type":"BreadcrumbList","@id":"https:\/\/conversesacatalunya.cat\/es\/jordi-pujol-el-gran-tejedor\/#breadcrumb","itemListElement":[{"@type":"ListItem","position":1,"name":"Inici","item":"https:\/\/conversesacatalunya.cat\/es\/"},{"@type":"ListItem","position":2,"name":"Jordi Pujol, ideas, acci\u00f3n, pol\u00edtica. El Legado (10): Pujol el gran tejedor"}]},{"@type":"WebSite","@id":"https:\/\/conversesacatalunya.cat\/#website","url":"https:\/\/conversesacatalunya.cat\/","name":"Converses a Catalunya","description":"","potentialAction":[{"@type":"SearchAction","target":{"@type":"EntryPoint","urlTemplate":"https:\/\/conversesacatalunya.cat\/?s={search_term_string}"},"query-input":{"@type":"PropertyValueSpecification","valueRequired":true,"valueName":"search_term_string"}}],"inLanguage":"es"},{"@type":"Person","@id":"https:\/\/conversesacatalunya.cat\/#\/schema\/person\/a9598a6786ba7d3d1c5e0de477b79370","name":"Josep Mir\u00f3 i Ard\u00e8vol","image":{"@type":"ImageObject","inLanguage":"es","@id":"https:\/\/conversesacatalunya.cat\/#\/schema\/person\/image\/","url":"https:\/\/conversesacatalunya.cat\/wp-content\/litespeed\/avatar\/c37e3dc881857483d6694cdf98fdedea.jpg?ver=1777270381","contentUrl":"https:\/\/conversesacatalunya.cat\/wp-content\/litespeed\/avatar\/c37e3dc881857483d6694cdf98fdedea.jpg?ver=1777270381","caption":"Josep Mir\u00f3 i Ard\u00e8vol"},"url":"https:\/\/conversesacatalunya.cat\/es\/author\/josep-miro-i-ardevol\/"}]}},"wps_subtitle":"Como Jordi Pujol, el gran tejedor de Catalunya, influy\u00f3 en el tejido social y pol\u00edtico del pa\u00eds para promover el crecimiento personal y la cohesi\u00f3n social.","_links":{"self":[{"href":"https:\/\/conversesacatalunya.cat\/es\/wp-json\/wp\/v2\/posts\/80356","targetHints":{"allow":["GET"]}}],"collection":[{"href":"https:\/\/conversesacatalunya.cat\/es\/wp-json\/wp\/v2\/posts"}],"about":[{"href":"https:\/\/conversesacatalunya.cat\/es\/wp-json\/wp\/v2\/types\/post"}],"author":[{"embeddable":true,"href":"https:\/\/conversesacatalunya.cat\/es\/wp-json\/wp\/v2\/users\/19"}],"replies":[{"embeddable":true,"href":"https:\/\/conversesacatalunya.cat\/es\/wp-json\/wp\/v2\/comments?post=80356"}],"version-history":[{"count":2,"href":"https:\/\/conversesacatalunya.cat\/es\/wp-json\/wp\/v2\/posts\/80356\/revisions"}],"predecessor-version":[{"id":80358,"href":"https:\/\/conversesacatalunya.cat\/es\/wp-json\/wp\/v2\/posts\/80356\/revisions\/80358"}],"wp:featuredmedia":[{"embeddable":true,"href":"https:\/\/conversesacatalunya.cat\/es\/wp-json\/wp\/v2\/media\/80262"}],"wp:attachment":[{"href":"https:\/\/conversesacatalunya.cat\/es\/wp-json\/wp\/v2\/media?parent=80356"}],"wp:term":[{"taxonomy":"category","embeddable":true,"href":"https:\/\/conversesacatalunya.cat\/es\/wp-json\/wp\/v2\/categories?post=80356"},{"taxonomy":"post_tag","embeddable":true,"href":"https:\/\/conversesacatalunya.cat\/es\/wp-json\/wp\/v2\/tags?post=80356"}],"curies":[{"name":"wp","href":"https:\/\/api.w.org\/{rel}","templated":true}]}}