{"id":80147,"date":"2024-07-19T11:57:53","date_gmt":"2024-07-19T09:57:53","guid":{"rendered":"https:\/\/conversesacatalunya.cat\/el-gran-negoci-de-la-perspectiva-de-genere-passa-factura\/"},"modified":"2024-07-19T12:52:20","modified_gmt":"2024-07-19T10:52:20","slug":"el-gran-negocio-de-la-perspectiva-de-genero-pasa-factura","status":"publish","type":"post","link":"https:\/\/conversesacatalunya.cat\/es\/el-gran-negocio-de-la-perspectiva-de-genero-pasa-factura\/","title":{"rendered":"El gran negocio de la perspectiva de g\u00e9nero pasa factura"},"content":{"rendered":"<p><span>Es evidente que hay todo un negocio construido con dinero p\u00fablico en torno a la\u00a0<\/span><strong><span>ideolog\u00eda de g\u00e9nero<\/span><\/strong><span>. Es l\u00f3gico, cada a\u00f1o los presupuestos, sobre todo del ministerio de Igualdad y en menor grado los de las comunidades, diputaciones y ayuntamientos, reservan importantes partidas de ayudas, subvenciones y contrataciones a aspectos muy variados relacionados con la promoci\u00f3n de esta ideolog\u00eda.<\/span><\/p>\n<p><span>Y, como el dinero p\u00fablico abunda, es l\u00f3gico tambi\u00e9n que se haya creado en torno a ellos un conjunto de actividades, m\u00e1s o menos profesionales, de personas y empresas, como tambi\u00e9n se ha producido en la universidad en torno a los denominados \u201cestudios de g\u00e9nero\u201d. El resultado es un continuado\u00a0<\/span><strong><span>mal uso de recursos p\u00fablicos,<\/span><\/strong><span>\u00a0que ni responden a necesidades objetivas de la mayor\u00eda de la gente, ni en muchos casos van dirigidos a lo que dicen que pretenden desarrollar.<\/span><\/p>\n<p><span>Ya ha pasado en m\u00e1s de una ocasi\u00f3n en el cap\u00edtulo de las subvenciones, que acaban siendo destinadas a actividades inveros\u00edmiles, como puedan ser chocolatadas municipales a raudales.<\/span><\/p>\n<p><span>Ahora el nuevo esc\u00e1ndalo estalla en las filas del gobierno y enfrenta a sus socios y afecta a las contrataciones, que es otro cap\u00edtulo.<\/span><\/p>\n<p><span>En concreto la persona afectada es\u00a0<\/span><strong><span>Isabel Garc\u00eda,<\/span><\/strong><span>\u00a0directora del Instituto de la Mujer, nombrada por la nueva ministra de ese \u00e1mbito, del PSOE, en sustituci\u00f3n de Irene Montero. Su nombramiento ya trajo discrepancias con los socios, dado que consideraban que esta feminista era lo que llaman una tr\u00e1nsfoba porque discrepaba de las teor\u00edas que equiparan a las mujeres trans con las mujeres.<\/span><\/p>\n<p><span>Ahora la directora es acusada de un posible lucro con los\u00a0<\/span><strong><span>puntos violeta<\/span><\/strong><span>, que es una de esas pol\u00edticas de barra libre del ministerio de Igualdad gestionadas a trav\u00e9s del Instituto de la Mujer. En concreto la pareja de Isabel Garc\u00eda es responsable de una empresa de la que tambi\u00e9n es titular, pero s\u00f3lo en un 10%, la propia directora general y est\u00e1 acusada de haber favorecido la contrataci\u00f3n para la instalaci\u00f3n de 64 puntos violeta en otros tantos ayuntamientos, con una facturaci\u00f3n global de 1\/4 de mill\u00f3n de euros. La empresa en cuesti\u00f3n, Elig Consultor\u00eda, estaba mayoritariamente en manos de Isabel Garc\u00eda, pero cuando la nombraron, para cumplir con la ley hizo el acto formal de vender a su pareja la mayor\u00eda de las acciones, y se qued\u00f3 con menos del 10% que permite la ley. La nueva CEO de esta empresa s\u00f3lo consta que hab\u00eda trabajado antes como secretaria en el PSOE madrile\u00f1o.<\/span><\/p>\n<p><span>Los\u00a0<\/span><strong><span>puntos violeta son casitas o tablas de informaci\u00f3n que se colocan en cada fiesta, dirigidas a \u201cinformar sobre posible agresiones que pueden sufrir las mujeres y asesorarlas en caso de que las sufran<\/span><\/strong><span>\u00a0\u201d.<\/span><\/p>\n<p><span>No parece ser una tarea que requiera un especial nivel de formaci\u00f3n ni de preparaci\u00f3n, pero visto como ha ido, parece que el \u00e1mbito de empresas que pueden optar es reducido. Tanto que 64 han estado en manos de la misma empresa participada por la directora general del Instituto de la Mujer, Isabel Garc\u00eda. Toda esta informaci\u00f3n se ha conocido porque ha sido publicada por El Espa\u00f1ol ha dado lugar a un <\/span><strong><span>enfrentamiento entre el PSOE y el socio de gobierno Sumar<\/span><\/strong><span>\u00a0que pide su cese. La ministra de Igualdad, Ana Redondo, de momento no ha hecho caso a la petici\u00f3n y pide que traten a la directora con humanidad. Quiz\u00e1s no estar\u00eda de m\u00e1s apelar a la presunci\u00f3n de inocencia.<\/span><\/p>\n<p><span>El mecanismo es siempre el mismo y se sabe que constituye un canal para los contratos arbitrarios. Como son contratos menores, se pueden adjudicar directamente, lo que tiene su l\u00f3gica por funcionalidad y tambi\u00e9n porque la administraci\u00f3n puede tener preferencias objetivas, lo que se necesita son otras dos ofertas para comparar. La\u00a0<\/span><strong><span>trampa<\/span><\/strong><span>, si se quiere decir as\u00ed, es que estas otras dos ofertas est\u00e1n confabuladas y s\u00f3lo sirven para cubrir el expediente. Adem\u00e1s, como en otros casos, como se argumenta que como todo esto de la violencia de g\u00e9nero y perspectiva de g\u00e9nero es un \u00e1mbito muy especializado, hay pocas empresas que puedan llevarlos a cabo. De esta forma el porr\u00f3n queda garantizado para que pase por muy pocas manos.<\/span><\/p>\n<p><span>En realidad, lo que hay aqu\u00ed es una\u00a0<\/span><strong><span>pugna por el control del grifo de este importante flujo de dinero p\u00fablico dirigido a todo lo que sean las pol\u00edticas de g\u00e9nero<\/span><\/strong><span>. En el anterior gobierno de S\u00e1nchez estaba a manos de Irene Montero y sus usufructuarios m\u00e1s beneficiados eran los de su entorno pol\u00edtico. Con el cambio de gobierno el PSOE recuper\u00f3 el ministerio y, por tanto, la vara alta a la hora de decidir, que es la situaci\u00f3n de siempre, porque hay que decir que el feminismo de g\u00e9nero en Espa\u00f1a es un ap\u00e9ndice financiado por el PSOE que valora mucho el voto cautivo que esto le representa.<\/span><\/p>\n<div id=\"polls-250\" class=\"wp-polls\">\n\t<form id=\"polls_form_250\" class=\"wp-polls-form\" action=\"\/index.php\" method=\"post\">\n\t\t<p style=\"display: none;\"><input type=\"hidden\" id=\"poll_250_nonce\" name=\"wp-polls-nonce\" value=\"de2cb2da4d\" \/><\/p>\n\t\t<p style=\"display: none;\"><input type=\"hidden\" name=\"poll_id\" value=\"250\" \/><\/p>\n\t\t<p style=\"text-align: center\"><strong>Creus que l'atemptat contra Trump ha estat organitzat o b\u00e9 \u00e9s un fet espontani?<\/strong><\/p><div id=\"polls-250-ans\" class=\"wp-polls-ans\"><ul class=\"wp-polls-ul\">\n\t\t<li><input type=\"radio\" id=\"poll-answer-702\" name=\"poll_250\" value=\"702\" \/> <label for=\"poll-answer-702\">Ha estat organitzat<\/label><\/li>\n\t\t<li><input type=\"radio\" id=\"poll-answer-703\" name=\"poll_250\" value=\"703\" \/> <label for=\"poll-answer-703\">\u00c9s un fet espontani<\/label><\/li>\n\t\t<li><input type=\"radio\" id=\"poll-answer-704\" name=\"poll_250\" value=\"704\" \/> <label for=\"poll-answer-704\">No ho s\u00e9<\/label><\/li>\n\t\t<\/ul><p style=\"text-align: center\"><input type=\"button\" name=\"vote\" value=\"   Vota   \" class=\"Buttons\" onclick=\"poll_vote(250);\" \/><\/p><p style=\"text-align: center\"><a href=\"#ViewPollResults\" onclick=\"poll_result(250); return false;\" title=\"View Results Of This Poll\">Mira els resultats<\/a><\/p><\/div>\n\t<\/form>\n<\/div>\n<div id=\"polls-250-loading\" class=\"wp-polls-loading\"><img decoding=\"async\" data-src=\"https:\/\/conversesacatalunya.cat\/wp-content\/plugins\/wp-polls\/images\/loading.gif\" width=\"16\" height=\"16\" alt=\"Cargando ...\" title=\"Cargando ...\" class=\"wp-polls-image lazyload\" src=\"data:image\/svg+xml;base64,PHN2ZyB3aWR0aD0iMSIgaGVpZ2h0PSIxIiB4bWxucz0iaHR0cDovL3d3dy53My5vcmcvMjAwMC9zdmciPjwvc3ZnPg==\" style=\"--smush-placeholder-width: 16px; --smush-placeholder-aspect-ratio: 16\/16;\" \/>&nbsp;Cargando ...<\/div>\n\n","protected":false},"excerpt":{"rendered":"<p>Es evidente que hay todo un negocio construido con dinero p\u00fablico en torno a la\u00a0ideolog\u00eda de g\u00e9nero. Es l\u00f3gico, cada a\u00f1o los presupuestos, sobre todo del ministerio de Igualdad y en menor grado los de las comunidades, diputaciones y ayuntamientos, reservan importantes partidas de ayudas, subvenciones y contrataciones a aspectos muy variados relacionados con la promoci\u00f3n de esta ideolog\u00eda. Y, como el dinero p\u00fablico abunda, es l\u00f3gico tambi\u00e9n que se haya creado en torno a ellos un conjunto de actividades, m\u00e1s o menos profesionales, de personas y empresas, como tambi\u00e9n se ha producido en la universidad en torno a los denominados \u201cestudios de g\u00e9nero\u201d. El resultado es un continuado\u00a0mal uso de recursos p\u00fablicos,\u00a0que ni responden a necesidades objetivas de la mayor\u00eda de la gente, ni en muchos casos van dirigidos a lo que dicen que pretenden desarrollar. Ya ha pasado en m\u00e1s de una ocasi\u00f3n en el cap\u00edtulo de las subvenciones, que acaban siendo destinadas a actividades inveros\u00edmiles, como puedan ser chocolatadas municipales a raudales. Ahora el nuevo esc\u00e1ndalo estalla en las filas del gobierno y enfrenta a sus socios y afecta a las contrataciones, que es otro cap\u00edtulo. En concreto la persona afectada es\u00a0Isabel Garc\u00eda,\u00a0directora del Instituto de la Mujer, nombrada por la nueva ministra de ese \u00e1mbito, del PSOE, en sustituci\u00f3n de Irene Montero. Su nombramiento ya trajo discrepancias con los socios, dado que consideraban que esta feminista era lo que llaman una tr\u00e1nsfoba porque discrepaba de las teor\u00edas que equiparan a las mujeres trans con las mujeres. Ahora la directora es acusada de un posible lucro con los\u00a0puntos violeta, que es una de esas pol\u00edticas de barra libre del ministerio de Igualdad gestionadas a trav\u00e9s del Instituto de la Mujer. En concreto la pareja de Isabel Garc\u00eda es responsable de una empresa de la que tambi\u00e9n es titular, pero s\u00f3lo en un 10%, la propia directora general y est\u00e1 acusada de haber favorecido la contrataci\u00f3n para la instalaci\u00f3n de 64 puntos violeta en otros tantos ayuntamientos, con una facturaci\u00f3n global de 1\/4 de mill\u00f3n de euros. La empresa en cuesti\u00f3n, Elig Consultor\u00eda, estaba mayoritariamente en manos de Isabel Garc\u00eda, pero cuando la nombraron, para cumplir con la ley hizo el acto formal de vender a su pareja la mayor\u00eda de las acciones, y se qued\u00f3 con menos del 10% que permite la ley. La nueva CEO de esta empresa s\u00f3lo consta que hab\u00eda trabajado antes como secretaria en el PSOE madrile\u00f1o. Los\u00a0puntos violeta son casitas o tablas de informaci\u00f3n que se colocan en cada fiesta, dirigidas a \u201cinformar sobre posible agresiones que pueden sufrir las mujeres y asesorarlas en caso de que las sufran\u00a0\u201d. No parece ser una tarea que requiera un especial nivel de formaci\u00f3n ni de preparaci\u00f3n, pero visto como ha ido, parece que el \u00e1mbito de empresas que pueden optar es reducido. Tanto que 64 han estado en manos de la misma empresa participada por la directora general del Instituto de la Mujer, Isabel Garc\u00eda. Toda esta informaci\u00f3n se ha conocido porque ha sido publicada por El Espa\u00f1ol ha dado lugar a un enfrentamiento entre el PSOE y el socio de gobierno Sumar\u00a0que pide su cese. La ministra de Igualdad, Ana Redondo, de momento no ha hecho caso a la petici\u00f3n y pide que traten a la directora con humanidad. Quiz\u00e1s no estar\u00eda de m\u00e1s apelar a la presunci\u00f3n de inocencia. El mecanismo es siempre el mismo y se sabe que constituye un canal para los contratos arbitrarios. Como son contratos menores, se pueden adjudicar directamente, lo que tiene su l\u00f3gica por funcionalidad y tambi\u00e9n porque la administraci\u00f3n puede tener preferencias objetivas, lo que se necesita son otras dos ofertas para comparar. La\u00a0trampa, si se quiere decir as\u00ed, es que estas otras dos ofertas est\u00e1n confabuladas y s\u00f3lo sirven para cubrir el expediente. Adem\u00e1s, como en otros casos, como se argumenta que como todo esto de la violencia de g\u00e9nero y perspectiva de g\u00e9nero es un \u00e1mbito muy especializado, hay pocas empresas que puedan llevarlos a cabo. De esta forma el porr\u00f3n queda garantizado para que pase por muy pocas manos. En realidad, lo que hay aqu\u00ed es una\u00a0pugna por el control del grifo de este importante flujo de dinero p\u00fablico dirigido a todo lo que sean las pol\u00edticas de g\u00e9nero. En el anterior gobierno de S\u00e1nchez estaba a manos de Irene Montero y sus usufructuarios m\u00e1s beneficiados eran los de su entorno pol\u00edtico. Con el cambio de gobierno el PSOE recuper\u00f3 el ministerio y, por tanto, la vara alta a la hora de decidir, que es la situaci\u00f3n de siempre, porque hay que decir que el feminismo de g\u00e9nero en Espa\u00f1a es un ap\u00e9ndice financiado por el PSOE que valora mucho el voto cautivo que esto le representa.<\/p>\n","protected":false},"author":77,"featured_media":80122,"comment_status":"open","ping_status":"open","sticky":false,"template":"","format":"standard","meta":{"_FSMCFIC_featured_image_caption":"","_FSMCFIC_featured_image_nocaption":"","_FSMCFIC_featured_image_hide":"","footnotes":""},"categories":[806],"tags":[1856],"class_list":["post-80147","post","type-post","status-publish","format-standard","has-post-thumbnail","hentry","category-punts-claus-del-dia-es","tag-ideologia-de-genero"],"yoast_head":"<!-- This site is optimized with the Yoast SEO plugin v26.8 - https:\/\/yoast.com\/product\/yoast-seo-wordpress\/ -->\n<title>El gran negocio de la perspectiva de g\u00e9nero pasa factura - Converses a Catalunya<\/title>\n<meta name=\"robots\" content=\"index, follow, max-snippet:-1, max-image-preview:large, max-video-preview:-1\" \/>\n<link rel=\"canonical\" href=\"https:\/\/conversesacatalunya.cat\/es\/el-gran-negocio-de-la-perspectiva-de-genero-pasa-factura\/\" \/>\n<meta property=\"og:locale\" content=\"es_ES\" \/>\n<meta property=\"og:type\" content=\"article\" \/>\n<meta property=\"og:title\" content=\"El gran negocio de la perspectiva de g\u00e9nero pasa factura - Converses a Catalunya\" \/>\n<meta property=\"og:description\" content=\"Es evidente que hay todo un negocio construido con dinero p\u00fablico en torno a la\u00a0ideolog\u00eda de g\u00e9nero. Es l\u00f3gico, cada a\u00f1o los presupuestos, sobre todo del ministerio de Igualdad y en menor grado los de las comunidades, diputaciones y ayuntamientos, reservan importantes partidas de ayudas, subvenciones y contrataciones a aspectos muy variados relacionados con la promoci\u00f3n de esta ideolog\u00eda. Y, como el dinero p\u00fablico abunda, es l\u00f3gico tambi\u00e9n que se haya creado en torno a ellos un conjunto de actividades, m\u00e1s o menos profesionales, de personas y empresas, como tambi\u00e9n se ha producido en la universidad en torno a los denominados \u201cestudios de g\u00e9nero\u201d. El resultado es un continuado\u00a0mal uso de recursos p\u00fablicos,\u00a0que ni responden a necesidades objetivas de la mayor\u00eda de la gente, ni en muchos casos van dirigidos a lo que dicen que pretenden desarrollar. Ya ha pasado en m\u00e1s de una ocasi\u00f3n en el cap\u00edtulo de las subvenciones, que acaban siendo destinadas a actividades inveros\u00edmiles, como puedan ser chocolatadas municipales a raudales. Ahora el nuevo esc\u00e1ndalo estalla en las filas del gobierno y enfrenta a sus socios y afecta a las contrataciones, que es otro cap\u00edtulo. En concreto la persona afectada es\u00a0Isabel Garc\u00eda,\u00a0directora del Instituto de la Mujer, nombrada por la nueva ministra de ese \u00e1mbito, del PSOE, en sustituci\u00f3n de Irene Montero. Su nombramiento ya trajo discrepancias con los socios, dado que consideraban que esta feminista era lo que llaman una tr\u00e1nsfoba porque discrepaba de las teor\u00edas que equiparan a las mujeres trans con las mujeres. Ahora la directora es acusada de un posible lucro con los\u00a0puntos violeta, que es una de esas pol\u00edticas de barra libre del ministerio de Igualdad gestionadas a trav\u00e9s del Instituto de la Mujer. En concreto la pareja de Isabel Garc\u00eda es responsable de una empresa de la que tambi\u00e9n es titular, pero s\u00f3lo en un 10%, la propia directora general y est\u00e1 acusada de haber favorecido la contrataci\u00f3n para la instalaci\u00f3n de 64 puntos violeta en otros tantos ayuntamientos, con una facturaci\u00f3n global de 1\/4 de mill\u00f3n de euros. La empresa en cuesti\u00f3n, Elig Consultor\u00eda, estaba mayoritariamente en manos de Isabel Garc\u00eda, pero cuando la nombraron, para cumplir con la ley hizo el acto formal de vender a su pareja la mayor\u00eda de las acciones, y se qued\u00f3 con menos del 10% que permite la ley. La nueva CEO de esta empresa s\u00f3lo consta que hab\u00eda trabajado antes como secretaria en el PSOE madrile\u00f1o. Los\u00a0puntos violeta son casitas o tablas de informaci\u00f3n que se colocan en cada fiesta, dirigidas a \u201cinformar sobre posible agresiones que pueden sufrir las mujeres y asesorarlas en caso de que las sufran\u00a0\u201d. No parece ser una tarea que requiera un especial nivel de formaci\u00f3n ni de preparaci\u00f3n, pero visto como ha ido, parece que el \u00e1mbito de empresas que pueden optar es reducido. Tanto que 64 han estado en manos de la misma empresa participada por la directora general del Instituto de la Mujer, Isabel Garc\u00eda. Toda esta informaci\u00f3n se ha conocido porque ha sido publicada por El Espa\u00f1ol ha dado lugar a un enfrentamiento entre el PSOE y el socio de gobierno Sumar\u00a0que pide su cese. La ministra de Igualdad, Ana Redondo, de momento no ha hecho caso a la petici\u00f3n y pide que traten a la directora con humanidad. Quiz\u00e1s no estar\u00eda de m\u00e1s apelar a la presunci\u00f3n de inocencia. El mecanismo es siempre el mismo y se sabe que constituye un canal para los contratos arbitrarios. Como son contratos menores, se pueden adjudicar directamente, lo que tiene su l\u00f3gica por funcionalidad y tambi\u00e9n porque la administraci\u00f3n puede tener preferencias objetivas, lo que se necesita son otras dos ofertas para comparar. La\u00a0trampa, si se quiere decir as\u00ed, es que estas otras dos ofertas est\u00e1n confabuladas y s\u00f3lo sirven para cubrir el expediente. Adem\u00e1s, como en otros casos, como se argumenta que como todo esto de la violencia de g\u00e9nero y perspectiva de g\u00e9nero es un \u00e1mbito muy especializado, hay pocas empresas que puedan llevarlos a cabo. De esta forma el porr\u00f3n queda garantizado para que pase por muy pocas manos. En realidad, lo que hay aqu\u00ed es una\u00a0pugna por el control del grifo de este importante flujo de dinero p\u00fablico dirigido a todo lo que sean las pol\u00edticas de g\u00e9nero. En el anterior gobierno de S\u00e1nchez estaba a manos de Irene Montero y sus usufructuarios m\u00e1s beneficiados eran los de su entorno pol\u00edtico. Con el cambio de gobierno el PSOE recuper\u00f3 el ministerio y, por tanto, la vara alta a la hora de decidir, que es la situaci\u00f3n de siempre, porque hay que decir que el feminismo de g\u00e9nero en Espa\u00f1a es un ap\u00e9ndice financiado por el PSOE que valora mucho el voto cautivo que esto le representa.\" \/>\n<meta property=\"og:url\" content=\"https:\/\/conversesacatalunya.cat\/es\/el-gran-negocio-de-la-perspectiva-de-genero-pasa-factura\/\" \/>\n<meta property=\"og:site_name\" content=\"Converses a Catalunya\" \/>\n<meta property=\"article:published_time\" content=\"2024-07-19T09:57:53+00:00\" \/>\n<meta property=\"article:modified_time\" content=\"2024-07-19T10:52:20+00:00\" \/>\n<meta property=\"og:image\" content=\"https:\/\/conversesacatalunya.cat\/wp-content\/uploads\/2024\/07\/punto-violeta.jpeg\" \/>\n\t<meta property=\"og:image:width\" content=\"1200\" \/>\n\t<meta property=\"og:image:height\" content=\"675\" \/>\n\t<meta property=\"og:image:type\" content=\"image\/jpeg\" \/>\n<meta name=\"author\" content=\"Enric Casanovas\" \/>\n<meta name=\"twitter:card\" content=\"summary_large_image\" \/>\n<meta name=\"twitter:label1\" content=\"Escrito por\" \/>\n\t<meta name=\"twitter:data1\" content=\"Enric Casanovas\" \/>\n\t<meta name=\"twitter:label2\" content=\"Tiempo de lectura\" \/>\n\t<meta name=\"twitter:data2\" content=\"4 minutos\" \/>\n<script type=\"application\/ld+json\" class=\"yoast-schema-graph\">{\"@context\":\"https:\/\/schema.org\",\"@graph\":[{\"@type\":\"Article\",\"@id\":\"https:\/\/conversesacatalunya.cat\/es\/el-gran-negocio-de-la-perspectiva-de-genero-pasa-factura\/#article\",\"isPartOf\":{\"@id\":\"https:\/\/conversesacatalunya.cat\/es\/el-gran-negocio-de-la-perspectiva-de-genero-pasa-factura\/\"},\"author\":{\"name\":\"Enric Casanovas\",\"@id\":\"https:\/\/conversesacatalunya.cat\/#\/schema\/person\/79bd0577b2f3afc8d6519d207c6e8609\"},\"headline\":\"El gran negocio de la perspectiva de g\u00e9nero pasa factura\",\"datePublished\":\"2024-07-19T09:57:53+00:00\",\"dateModified\":\"2024-07-19T10:52:20+00:00\",\"mainEntityOfPage\":{\"@id\":\"https:\/\/conversesacatalunya.cat\/es\/el-gran-negocio-de-la-perspectiva-de-genero-pasa-factura\/\"},\"wordCount\":874,\"commentCount\":0,\"image\":{\"@id\":\"https:\/\/conversesacatalunya.cat\/es\/el-gran-negocio-de-la-perspectiva-de-genero-pasa-factura\/#primaryimage\"},\"thumbnailUrl\":\"https:\/\/conversesacatalunya.cat\/wp-content\/uploads\/2024\/07\/punto-violeta.jpeg\",\"keywords\":[\"ideolog\u00eda de g\u00e9nero\"],\"articleSection\":[\"Punts clau del dia (ES)\"],\"inLanguage\":\"es\",\"potentialAction\":[{\"@type\":\"CommentAction\",\"name\":\"Comment\",\"target\":[\"https:\/\/conversesacatalunya.cat\/es\/el-gran-negocio-de-la-perspectiva-de-genero-pasa-factura\/#respond\"]}]},{\"@type\":\"WebPage\",\"@id\":\"https:\/\/conversesacatalunya.cat\/es\/el-gran-negocio-de-la-perspectiva-de-genero-pasa-factura\/\",\"url\":\"https:\/\/conversesacatalunya.cat\/es\/el-gran-negocio-de-la-perspectiva-de-genero-pasa-factura\/\",\"name\":\"El gran negocio de la perspectiva de g\u00e9nero pasa factura - Converses a Catalunya\",\"isPartOf\":{\"@id\":\"https:\/\/conversesacatalunya.cat\/#website\"},\"primaryImageOfPage\":{\"@id\":\"https:\/\/conversesacatalunya.cat\/es\/el-gran-negocio-de-la-perspectiva-de-genero-pasa-factura\/#primaryimage\"},\"image\":{\"@id\":\"https:\/\/conversesacatalunya.cat\/es\/el-gran-negocio-de-la-perspectiva-de-genero-pasa-factura\/#primaryimage\"},\"thumbnailUrl\":\"https:\/\/conversesacatalunya.cat\/wp-content\/uploads\/2024\/07\/punto-violeta.jpeg\",\"datePublished\":\"2024-07-19T09:57:53+00:00\",\"dateModified\":\"2024-07-19T10:52:20+00:00\",\"author\":{\"@id\":\"https:\/\/conversesacatalunya.cat\/#\/schema\/person\/79bd0577b2f3afc8d6519d207c6e8609\"},\"breadcrumb\":{\"@id\":\"https:\/\/conversesacatalunya.cat\/es\/el-gran-negocio-de-la-perspectiva-de-genero-pasa-factura\/#breadcrumb\"},\"inLanguage\":\"es\",\"potentialAction\":[{\"@type\":\"ReadAction\",\"target\":[\"https:\/\/conversesacatalunya.cat\/es\/el-gran-negocio-de-la-perspectiva-de-genero-pasa-factura\/\"]}]},{\"@type\":\"ImageObject\",\"inLanguage\":\"es\",\"@id\":\"https:\/\/conversesacatalunya.cat\/es\/el-gran-negocio-de-la-perspectiva-de-genero-pasa-factura\/#primaryimage\",\"url\":\"https:\/\/conversesacatalunya.cat\/wp-content\/uploads\/2024\/07\/punto-violeta.jpeg\",\"contentUrl\":\"https:\/\/conversesacatalunya.cat\/wp-content\/uploads\/2024\/07\/punto-violeta.jpeg\",\"width\":1200,\"height\":675,\"caption\":\"punt violeta\"},{\"@type\":\"BreadcrumbList\",\"@id\":\"https:\/\/conversesacatalunya.cat\/es\/el-gran-negocio-de-la-perspectiva-de-genero-pasa-factura\/#breadcrumb\",\"itemListElement\":[{\"@type\":\"ListItem\",\"position\":1,\"name\":\"Inici\",\"item\":\"https:\/\/conversesacatalunya.cat\/es\/\"},{\"@type\":\"ListItem\",\"position\":2,\"name\":\"El gran negocio de la perspectiva de g\u00e9nero pasa factura\"}]},{\"@type\":\"WebSite\",\"@id\":\"https:\/\/conversesacatalunya.cat\/#website\",\"url\":\"https:\/\/conversesacatalunya.cat\/\",\"name\":\"Converses a Catalunya\",\"description\":\"\",\"potentialAction\":[{\"@type\":\"SearchAction\",\"target\":{\"@type\":\"EntryPoint\",\"urlTemplate\":\"https:\/\/conversesacatalunya.cat\/?s={search_term_string}\"},\"query-input\":{\"@type\":\"PropertyValueSpecification\",\"valueRequired\":true,\"valueName\":\"search_term_string\"}}],\"inLanguage\":\"es\"},{\"@type\":\"Person\",\"@id\":\"https:\/\/conversesacatalunya.cat\/#\/schema\/person\/79bd0577b2f3afc8d6519d207c6e8609\",\"name\":\"Enric Casanovas\",\"image\":{\"@type\":\"ImageObject\",\"inLanguage\":\"es\",\"@id\":\"https:\/\/conversesacatalunya.cat\/#\/schema\/person\/image\/\",\"url\":\"https:\/\/conversesacatalunya.cat\/wp-content\/litespeed\/avatar\/7ae4379ad4421ec77820e92afd36dd78.jpg?ver=1777373933\",\"contentUrl\":\"https:\/\/conversesacatalunya.cat\/wp-content\/litespeed\/avatar\/7ae4379ad4421ec77820e92afd36dd78.jpg?ver=1777373933\",\"caption\":\"Enric Casanovas\"},\"url\":\"https:\/\/conversesacatalunya.cat\/es\/author\/enric-casanovas\/\"}]}<\/script>\n<!-- \/ Yoast SEO plugin. -->","yoast_head_json":{"title":"El gran negocio de la perspectiva de g\u00e9nero pasa factura - Converses a Catalunya","robots":{"index":"index","follow":"follow","max-snippet":"max-snippet:-1","max-image-preview":"max-image-preview:large","max-video-preview":"max-video-preview:-1"},"canonical":"https:\/\/conversesacatalunya.cat\/es\/el-gran-negocio-de-la-perspectiva-de-genero-pasa-factura\/","og_locale":"es_ES","og_type":"article","og_title":"El gran negocio de la perspectiva de g\u00e9nero pasa factura - Converses a Catalunya","og_description":"Es evidente que hay todo un negocio construido con dinero p\u00fablico en torno a la\u00a0ideolog\u00eda de g\u00e9nero. Es l\u00f3gico, cada a\u00f1o los presupuestos, sobre todo del ministerio de Igualdad y en menor grado los de las comunidades, diputaciones y ayuntamientos, reservan importantes partidas de ayudas, subvenciones y contrataciones a aspectos muy variados relacionados con la promoci\u00f3n de esta ideolog\u00eda. Y, como el dinero p\u00fablico abunda, es l\u00f3gico tambi\u00e9n que se haya creado en torno a ellos un conjunto de actividades, m\u00e1s o menos profesionales, de personas y empresas, como tambi\u00e9n se ha producido en la universidad en torno a los denominados \u201cestudios de g\u00e9nero\u201d. El resultado es un continuado\u00a0mal uso de recursos p\u00fablicos,\u00a0que ni responden a necesidades objetivas de la mayor\u00eda de la gente, ni en muchos casos van dirigidos a lo que dicen que pretenden desarrollar. Ya ha pasado en m\u00e1s de una ocasi\u00f3n en el cap\u00edtulo de las subvenciones, que acaban siendo destinadas a actividades inveros\u00edmiles, como puedan ser chocolatadas municipales a raudales. Ahora el nuevo esc\u00e1ndalo estalla en las filas del gobierno y enfrenta a sus socios y afecta a las contrataciones, que es otro cap\u00edtulo. En concreto la persona afectada es\u00a0Isabel Garc\u00eda,\u00a0directora del Instituto de la Mujer, nombrada por la nueva ministra de ese \u00e1mbito, del PSOE, en sustituci\u00f3n de Irene Montero. Su nombramiento ya trajo discrepancias con los socios, dado que consideraban que esta feminista era lo que llaman una tr\u00e1nsfoba porque discrepaba de las teor\u00edas que equiparan a las mujeres trans con las mujeres. Ahora la directora es acusada de un posible lucro con los\u00a0puntos violeta, que es una de esas pol\u00edticas de barra libre del ministerio de Igualdad gestionadas a trav\u00e9s del Instituto de la Mujer. En concreto la pareja de Isabel Garc\u00eda es responsable de una empresa de la que tambi\u00e9n es titular, pero s\u00f3lo en un 10%, la propia directora general y est\u00e1 acusada de haber favorecido la contrataci\u00f3n para la instalaci\u00f3n de 64 puntos violeta en otros tantos ayuntamientos, con una facturaci\u00f3n global de 1\/4 de mill\u00f3n de euros. La empresa en cuesti\u00f3n, Elig Consultor\u00eda, estaba mayoritariamente en manos de Isabel Garc\u00eda, pero cuando la nombraron, para cumplir con la ley hizo el acto formal de vender a su pareja la mayor\u00eda de las acciones, y se qued\u00f3 con menos del 10% que permite la ley. La nueva CEO de esta empresa s\u00f3lo consta que hab\u00eda trabajado antes como secretaria en el PSOE madrile\u00f1o. Los\u00a0puntos violeta son casitas o tablas de informaci\u00f3n que se colocan en cada fiesta, dirigidas a \u201cinformar sobre posible agresiones que pueden sufrir las mujeres y asesorarlas en caso de que las sufran\u00a0\u201d. No parece ser una tarea que requiera un especial nivel de formaci\u00f3n ni de preparaci\u00f3n, pero visto como ha ido, parece que el \u00e1mbito de empresas que pueden optar es reducido. Tanto que 64 han estado en manos de la misma empresa participada por la directora general del Instituto de la Mujer, Isabel Garc\u00eda. Toda esta informaci\u00f3n se ha conocido porque ha sido publicada por El Espa\u00f1ol ha dado lugar a un enfrentamiento entre el PSOE y el socio de gobierno Sumar\u00a0que pide su cese. La ministra de Igualdad, Ana Redondo, de momento no ha hecho caso a la petici\u00f3n y pide que traten a la directora con humanidad. Quiz\u00e1s no estar\u00eda de m\u00e1s apelar a la presunci\u00f3n de inocencia. El mecanismo es siempre el mismo y se sabe que constituye un canal para los contratos arbitrarios. Como son contratos menores, se pueden adjudicar directamente, lo que tiene su l\u00f3gica por funcionalidad y tambi\u00e9n porque la administraci\u00f3n puede tener preferencias objetivas, lo que se necesita son otras dos ofertas para comparar. La\u00a0trampa, si se quiere decir as\u00ed, es que estas otras dos ofertas est\u00e1n confabuladas y s\u00f3lo sirven para cubrir el expediente. Adem\u00e1s, como en otros casos, como se argumenta que como todo esto de la violencia de g\u00e9nero y perspectiva de g\u00e9nero es un \u00e1mbito muy especializado, hay pocas empresas que puedan llevarlos a cabo. De esta forma el porr\u00f3n queda garantizado para que pase por muy pocas manos. En realidad, lo que hay aqu\u00ed es una\u00a0pugna por el control del grifo de este importante flujo de dinero p\u00fablico dirigido a todo lo que sean las pol\u00edticas de g\u00e9nero. En el anterior gobierno de S\u00e1nchez estaba a manos de Irene Montero y sus usufructuarios m\u00e1s beneficiados eran los de su entorno pol\u00edtico. Con el cambio de gobierno el PSOE recuper\u00f3 el ministerio y, por tanto, la vara alta a la hora de decidir, que es la situaci\u00f3n de siempre, porque hay que decir que el feminismo de g\u00e9nero en Espa\u00f1a es un ap\u00e9ndice financiado por el PSOE que valora mucho el voto cautivo que esto le representa.","og_url":"https:\/\/conversesacatalunya.cat\/es\/el-gran-negocio-de-la-perspectiva-de-genero-pasa-factura\/","og_site_name":"Converses a Catalunya","article_published_time":"2024-07-19T09:57:53+00:00","article_modified_time":"2024-07-19T10:52:20+00:00","og_image":[{"width":1200,"height":675,"url":"https:\/\/conversesacatalunya.cat\/wp-content\/uploads\/2024\/07\/punto-violeta.jpeg","type":"image\/jpeg"}],"author":"Enric Casanovas","twitter_card":"summary_large_image","twitter_misc":{"Escrito por":"Enric Casanovas","Tiempo de lectura":"4 minutos"},"schema":{"@context":"https:\/\/schema.org","@graph":[{"@type":"Article","@id":"https:\/\/conversesacatalunya.cat\/es\/el-gran-negocio-de-la-perspectiva-de-genero-pasa-factura\/#article","isPartOf":{"@id":"https:\/\/conversesacatalunya.cat\/es\/el-gran-negocio-de-la-perspectiva-de-genero-pasa-factura\/"},"author":{"name":"Enric Casanovas","@id":"https:\/\/conversesacatalunya.cat\/#\/schema\/person\/79bd0577b2f3afc8d6519d207c6e8609"},"headline":"El gran negocio de la perspectiva de g\u00e9nero pasa factura","datePublished":"2024-07-19T09:57:53+00:00","dateModified":"2024-07-19T10:52:20+00:00","mainEntityOfPage":{"@id":"https:\/\/conversesacatalunya.cat\/es\/el-gran-negocio-de-la-perspectiva-de-genero-pasa-factura\/"},"wordCount":874,"commentCount":0,"image":{"@id":"https:\/\/conversesacatalunya.cat\/es\/el-gran-negocio-de-la-perspectiva-de-genero-pasa-factura\/#primaryimage"},"thumbnailUrl":"https:\/\/conversesacatalunya.cat\/wp-content\/uploads\/2024\/07\/punto-violeta.jpeg","keywords":["ideolog\u00eda de g\u00e9nero"],"articleSection":["Punts clau del dia (ES)"],"inLanguage":"es","potentialAction":[{"@type":"CommentAction","name":"Comment","target":["https:\/\/conversesacatalunya.cat\/es\/el-gran-negocio-de-la-perspectiva-de-genero-pasa-factura\/#respond"]}]},{"@type":"WebPage","@id":"https:\/\/conversesacatalunya.cat\/es\/el-gran-negocio-de-la-perspectiva-de-genero-pasa-factura\/","url":"https:\/\/conversesacatalunya.cat\/es\/el-gran-negocio-de-la-perspectiva-de-genero-pasa-factura\/","name":"El gran negocio de la perspectiva de g\u00e9nero pasa factura - Converses a Catalunya","isPartOf":{"@id":"https:\/\/conversesacatalunya.cat\/#website"},"primaryImageOfPage":{"@id":"https:\/\/conversesacatalunya.cat\/es\/el-gran-negocio-de-la-perspectiva-de-genero-pasa-factura\/#primaryimage"},"image":{"@id":"https:\/\/conversesacatalunya.cat\/es\/el-gran-negocio-de-la-perspectiva-de-genero-pasa-factura\/#primaryimage"},"thumbnailUrl":"https:\/\/conversesacatalunya.cat\/wp-content\/uploads\/2024\/07\/punto-violeta.jpeg","datePublished":"2024-07-19T09:57:53+00:00","dateModified":"2024-07-19T10:52:20+00:00","author":{"@id":"https:\/\/conversesacatalunya.cat\/#\/schema\/person\/79bd0577b2f3afc8d6519d207c6e8609"},"breadcrumb":{"@id":"https:\/\/conversesacatalunya.cat\/es\/el-gran-negocio-de-la-perspectiva-de-genero-pasa-factura\/#breadcrumb"},"inLanguage":"es","potentialAction":[{"@type":"ReadAction","target":["https:\/\/conversesacatalunya.cat\/es\/el-gran-negocio-de-la-perspectiva-de-genero-pasa-factura\/"]}]},{"@type":"ImageObject","inLanguage":"es","@id":"https:\/\/conversesacatalunya.cat\/es\/el-gran-negocio-de-la-perspectiva-de-genero-pasa-factura\/#primaryimage","url":"https:\/\/conversesacatalunya.cat\/wp-content\/uploads\/2024\/07\/punto-violeta.jpeg","contentUrl":"https:\/\/conversesacatalunya.cat\/wp-content\/uploads\/2024\/07\/punto-violeta.jpeg","width":1200,"height":675,"caption":"punt violeta"},{"@type":"BreadcrumbList","@id":"https:\/\/conversesacatalunya.cat\/es\/el-gran-negocio-de-la-perspectiva-de-genero-pasa-factura\/#breadcrumb","itemListElement":[{"@type":"ListItem","position":1,"name":"Inici","item":"https:\/\/conversesacatalunya.cat\/es\/"},{"@type":"ListItem","position":2,"name":"El gran negocio de la perspectiva de g\u00e9nero pasa factura"}]},{"@type":"WebSite","@id":"https:\/\/conversesacatalunya.cat\/#website","url":"https:\/\/conversesacatalunya.cat\/","name":"Converses a Catalunya","description":"","potentialAction":[{"@type":"SearchAction","target":{"@type":"EntryPoint","urlTemplate":"https:\/\/conversesacatalunya.cat\/?s={search_term_string}"},"query-input":{"@type":"PropertyValueSpecification","valueRequired":true,"valueName":"search_term_string"}}],"inLanguage":"es"},{"@type":"Person","@id":"https:\/\/conversesacatalunya.cat\/#\/schema\/person\/79bd0577b2f3afc8d6519d207c6e8609","name":"Enric Casanovas","image":{"@type":"ImageObject","inLanguage":"es","@id":"https:\/\/conversesacatalunya.cat\/#\/schema\/person\/image\/","url":"https:\/\/conversesacatalunya.cat\/wp-content\/litespeed\/avatar\/7ae4379ad4421ec77820e92afd36dd78.jpg?ver=1777373933","contentUrl":"https:\/\/conversesacatalunya.cat\/wp-content\/litespeed\/avatar\/7ae4379ad4421ec77820e92afd36dd78.jpg?ver=1777373933","caption":"Enric Casanovas"},"url":"https:\/\/conversesacatalunya.cat\/es\/author\/enric-casanovas\/"}]}},"wps_subtitle":"","_links":{"self":[{"href":"https:\/\/conversesacatalunya.cat\/es\/wp-json\/wp\/v2\/posts\/80147","targetHints":{"allow":["GET"]}}],"collection":[{"href":"https:\/\/conversesacatalunya.cat\/es\/wp-json\/wp\/v2\/posts"}],"about":[{"href":"https:\/\/conversesacatalunya.cat\/es\/wp-json\/wp\/v2\/types\/post"}],"author":[{"embeddable":true,"href":"https:\/\/conversesacatalunya.cat\/es\/wp-json\/wp\/v2\/users\/77"}],"replies":[{"embeddable":true,"href":"https:\/\/conversesacatalunya.cat\/es\/wp-json\/wp\/v2\/comments?post=80147"}],"version-history":[{"count":2,"href":"https:\/\/conversesacatalunya.cat\/es\/wp-json\/wp\/v2\/posts\/80147\/revisions"}],"predecessor-version":[{"id":80149,"href":"https:\/\/conversesacatalunya.cat\/es\/wp-json\/wp\/v2\/posts\/80147\/revisions\/80149"}],"wp:featuredmedia":[{"embeddable":true,"href":"https:\/\/conversesacatalunya.cat\/es\/wp-json\/wp\/v2\/media\/80122"}],"wp:attachment":[{"href":"https:\/\/conversesacatalunya.cat\/es\/wp-json\/wp\/v2\/media?parent=80147"}],"wp:term":[{"taxonomy":"category","embeddable":true,"href":"https:\/\/conversesacatalunya.cat\/es\/wp-json\/wp\/v2\/categories?post=80147"},{"taxonomy":"post_tag","embeddable":true,"href":"https:\/\/conversesacatalunya.cat\/es\/wp-json\/wp\/v2\/tags?post=80147"}],"curies":[{"name":"wp","href":"https:\/\/api.w.org\/{rel}","templated":true}]}}