{"id":80125,"date":"2024-08-02T09:05:25","date_gmt":"2024-08-02T07:05:25","guid":{"rendered":"https:\/\/conversesacatalunya.cat\/?p=80125"},"modified":"2024-08-01T13:07:06","modified_gmt":"2024-08-01T11:07:06","slug":"el-trasfondo-cultural-del-primer-ciclo-bursatil-del-franquismo-2","status":"publish","type":"post","link":"https:\/\/conversesacatalunya.cat\/es\/el-trasfondo-cultural-del-primer-ciclo-bursatil-del-franquismo-2\/","title":{"rendered":"El trasfondo cultural del primer ciclo burs\u00e1til del franquismo (2). Marco de referencia: pol\u00edtica"},"content":{"rendered":"<p><strong>El gobierno de Espa\u00f1a durante este primer ciclo burs\u00e1til<\/strong> lo ejercieron sucesivamente la Junta de Defensa Nacional, la Junta T\u00e9cnica y los tres primeros gobiernos de Franco.<\/p>\n<h4><strong>Junta de Defensa Nacional<\/strong><\/h4>\n<p><strong>La Junta de Defensa Nacional<\/strong> se constituy\u00f3 a los pocos d\u00edas del Alzamiento en Burgos, el 24 de julio de 1936, para asumir de forma colegiada \u201ctodos los Poderes del Estado\u201d en el territorio bajo control. Fallecido en accidente de aviaci\u00f3n el <a href=\"https:\/\/es.wikipedia.org\/wiki\/Jos%C3%A9_Sanjurjo\" target=\"_blank\" rel=\"noopener\">general Sanjurjo<\/a>, fue el general Miguel Cabanellas quien la presidi\u00f3. Compuesta por siete vocales, obviamente todos militares, no incorporaba al general Franco. No entrar\u00eda a formar parte de la misma hasta el 3 de agosto con ejercicio efectivo a partir del 17 del mes siguiente.<\/p>\n<p>Tres d\u00edas m\u00e1s tarde, tiene lugar en Salamanca una reuni\u00f3n de la Junta para formalizar un mando militar \u00fanico, eligi\u00e9ndose para ello a Francisco Franco Bahamonde, siendo as\u00ed <strong>nombrado Jefe del Gobierno del Estado y General\u00edsimo de los ej\u00e9rcitos<\/strong> (la proclamaci\u00f3n tuvo efecto el d\u00eda 1 de octubre de 1936).<\/p>\n<p>La Junta de Defensa Nacional quedaba as\u00ed extinguida con la transmisi\u00f3n de poderes a Franco (en el futuro se crear\u00edan dos organismos con este nombre, uno en 1939 finalizada la guerra como \u00f3rgano asesor del Consejo de Ministros y otro en 1967 para asesorar al Gobierno en materia de defensa).<\/p>\n<h4><strong>Junta T\u00e9cnica del Estado<\/strong><\/h4>\n<p><strong>El Caudillo pone entonces en funcionamiento la Junta T\u00e9cnica del Estado<\/strong>. La presidir\u00e1 el general Fidel D\u00e1vila y sus cometidos son los propios de un Consejo de Ministros. En la misma, junto a los militares, participan tambi\u00e9n civiles para encargarse de las tareas propias de la gobernaci\u00f3n, destacando Joaqu\u00edn Bau Noya en la Comisi\u00f3n de Industria, Comercio y Abastos, y Jos\u00e9 Mar\u00eda Pem\u00e1n Pemart\u00edn en la Comisi\u00f3n de Cultura y Ense\u00f1anza. El \u201chermano\u201d <strong>Nicol\u00e1s Franco Bahamonde ocupar\u00eda la Secretar\u00eda General del Jefe del Estado.<\/strong><\/p>\n<h4><strong>Los tres primeros gobiernos de Franco<\/strong><\/h4>\n<p>El 31 de enero de 1938 nace <strong>el primer gobierno de Franc<\/strong>o vigente hasta el 24 de diciembre de 1938. <strong>El segundo<\/strong>, con un buen n\u00famero de reajustes durante su mandato, comenzar\u00e1 a partir de esta fecha hasta el 20 de julio de 1945 formaliz\u00e1ndose entonces <strong>el tercer gobierno<\/strong> activo hasta el 19 de julio de 1951. Junto a la obra ordinaria de gobierno se cimentar\u00e1 el andamiaje pol\u00edtico del Nuevo Estado dict\u00e1ndose las llamadas <strong>\u201cLeyes Fundamentales\u201d<\/strong>.<\/p>\n<h4><strong>Leyes Fundamentales<\/strong><\/h4>\n<p>La primera de ellas, el <strong>Fuero del Trabajo<\/strong>, se promulga el 6 de marzo de 1938, oficializando el nacionalsindicalismo.<\/p>\n<p>La segunda fue la <strong>Ley Constitutiva de las Cortes<\/strong>, de 17 de julio de 1942, mediante la cual se anuncia la participaci\u00f3n del p\u00fablico a las tareas del Estado.<\/p>\n<p>En tercer lugar, el<strong> Fuero de los Espa\u00f1oles<\/strong>, de 17 de julio de 1945, en un ambiente pol\u00edtico cambiante, anuncia derechos y libertades para los ciudadanos.<\/p>\n<p>Le sigue la cuarta Ley Fundamental, la<strong> Ley de Referendo Nacional<\/strong> de 22 de octubre de 1945, que permite al Jefe del Estado someter a consulta popular proyectos de ley.<\/p>\n<p>La quinta y \u00faltima es la <strong>Ley de Sucesi\u00f3n a la Jefatura del Estado<\/strong> de 18 de julio de 1947, que declara Espa\u00f1a un reino y un Estado cat\u00f3lico; convierte en vitalicia la jefatura del Estado; crea el Consejo del Reino y otorga la prerrogativa al Jefe del Estado para proponer en su d\u00eda a la persona a sucederle a t\u00edtulo de rey o de regente (en el futuro se promulgar\u00e1 la Ley de Principios del Movimiento en 1958 y m\u00e1s adelante, en 1965, una nueva Ley de Refer\u00e9ndum Nacional).<\/p>\n<p>Junto a ello y en lo tocante a los <strong>aspectos funcionales<\/strong>, se promulga el 30 de enero de 1938 la<strong> Ley de la Administraci\u00f3n Central del Estado<\/strong> que sigue las orientaciones establecidas en la de primero de octubre de 1936. Tambi\u00e9n la <strong>Ley de Prensa<\/strong> de 20 de abril de 1938, fijando contenidos y alcance de la censura y la propaganda.<\/p>\n<p>Y luego, <strong>en el orden represivo<\/strong>, la <strong>Ley de Responsabilidades Pol\u00edticas<\/strong> de 9 de febrero de 1939, ampliada con la <strong>Ley de Represi\u00f3n de la Masoner\u00eda y el Comunismo<\/strong> de 1 de marzo de 1940. M\u00e1s adelante, se a\u00f1adir\u00eda la <strong>Ley de Bandidaje y Terrorismo<\/strong> de 18 de abril de 1947 para combatir la acci\u00f3n de los \u201cmaquis\u201d.<\/p>\n<h5><strong>Y todo ello en un escenario en el cual se sucedieron varias etapas. <\/strong><\/h5>\n<p>En la primera, de una fuerte fascistizaci\u00f3n; en la segunda, de un aislamiento asfixiante; y en la tercera, ya al finalizar la d\u00e9cada, con atisbos de apertura dado el incipiente reconocimiento internacional.<\/p>\n<p>Las respectivas vicisitudes las emprendieron primero la \u201cfamilia falangista\u201d como protagonista y acabada la Segunda Guerra Mundial la \u201cfamilia nacionalcat\u00f3lica\u201d \u00e9sta adem\u00e1s con a\u00f1adidos posteriores opusde\u00edstas.<\/p>\n<p><img fetchpriority=\"high\" decoding=\"async\" class=\"wp-image-80132 size-full aligncenter\" src=\"https:\/\/conversesacatalunya.cat\/wp-content\/uploads\/2024\/07\/Captura-3.jpg\" alt=\"\" width=\"474\" height=\"416\" srcset=\"https:\/\/conversesacatalunya.cat\/wp-content\/uploads\/2024\/07\/Captura-3.jpg 474w, https:\/\/conversesacatalunya.cat\/wp-content\/uploads\/2024\/07\/Captura-3-300x263.jpg 300w\" sizes=\"(max-width: 474px) 100vw, 474px\" \/><\/p>\n<p class=\"w-post-elm post_title us_custom_e2aee182 entry-title color_link_inherit\" style=\"text-align: center;\"><span style=\"color: #00ccff;\"><a style=\"color: #00ccff;\" href=\"https:\/\/conversesacatalunya.cat\/es\/trasfondo-cultural-primer-ciclo-bursatil-del-franquismo\/\" target=\"_blank\" rel=\"noopener\"><strong>El trasfondo cultural del primer ciclo burs\u00e1til del franquismo (1). Marco de referencia: la Bolsa<\/strong><\/a><\/span><\/p>\n<span class='bctt-click-to-tweet'><span class='bctt-ctt-text'><a href='https:\/\/twitter.com\/intent\/tweet?url=https%3A%2F%2Fconversesacatalunya.cat%2Fes%2Fel-trasfondo-cultural-del-primer-ciclo-bursatil-del-franquismo-2%2F&#038;text=El%20gobierno%20de%20Espa%C3%B1a%20durante%20este%20primer%20ciclo%20burs%C3%A1til%20lo%20ejercieron%20sucesivamente%20la%20Junta%20de%20Defensa%20Nacional%2C%20la%20Junta%20T%C3%A9cnica%20y%20los%20tres%20primeros%20gobiernos%20de%20Franco&#038;via=conversesacat&#038;related=conversesacat' target='_blank'rel=\"noopener noreferrer\">El gobierno de Espa\u00f1a durante este primer ciclo burs\u00e1til lo ejercieron sucesivamente la Junta de Defensa Nacional, la Junta T\u00e9cnica y los tres primeros gobiernos de Franco <\/a><\/span><a href='https:\/\/twitter.com\/intent\/tweet?url=https%3A%2F%2Fconversesacatalunya.cat%2Fes%2Fel-trasfondo-cultural-del-primer-ciclo-bursatil-del-franquismo-2%2F&#038;text=El%20gobierno%20de%20Espa%C3%B1a%20durante%20este%20primer%20ciclo%20burs%C3%A1til%20lo%20ejercieron%20sucesivamente%20la%20Junta%20de%20Defensa%20Nacional%2C%20la%20Junta%20T%C3%A9cnica%20y%20los%20tres%20primeros%20gobiernos%20de%20Franco&#038;via=conversesacat&#038;related=conversesacat' target='_blank' class='bctt-ctt-btn'rel=\"noopener noreferrer\">Compartir en X<\/a><\/span>\n","protected":false},"excerpt":{"rendered":"<p>El gobierno de Espa\u00f1a durante este primer ciclo burs\u00e1til lo ejercieron sucesivamente la Junta de Defensa Nacional, la Junta T\u00e9cnica y los tres primeros gobiernos de Franco. Junta de Defensa Nacional La Junta de Defensa Nacional se constituy\u00f3 a los pocos d\u00edas del Alzamiento en Burgos, el 24 de julio de 1936, para asumir de forma colegiada \u201ctodos los Poderes del Estado\u201d en el territorio bajo control. Fallecido en accidente de aviaci\u00f3n el general Sanjurjo, fue el general Miguel Cabanellas quien la presidi\u00f3. Compuesta por siete vocales, obviamente todos militares, no incorporaba al general Franco. No entrar\u00eda a formar parte de la misma hasta el 3 de agosto con ejercicio efectivo a partir del 17 del mes siguiente. Tres d\u00edas m\u00e1s tarde, tiene lugar en Salamanca una reuni\u00f3n de la Junta para formalizar un mando militar \u00fanico, eligi\u00e9ndose para ello a Francisco Franco Bahamonde, siendo as\u00ed nombrado Jefe del Gobierno del Estado y General\u00edsimo de los ej\u00e9rcitos (la proclamaci\u00f3n tuvo efecto el d\u00eda 1 de octubre de 1936). La Junta de Defensa Nacional quedaba as\u00ed extinguida con la transmisi\u00f3n de poderes a Franco (en el futuro se crear\u00edan dos organismos con este nombre, uno en 1939 finalizada la guerra como \u00f3rgano asesor del Consejo de Ministros y otro en 1967 para asesorar al Gobierno en materia de defensa). Junta T\u00e9cnica del Estado El Caudillo pone entonces en funcionamiento la Junta T\u00e9cnica del Estado. La presidir\u00e1 el general Fidel D\u00e1vila y sus cometidos son los propios de un Consejo de Ministros. En la misma, junto a los militares, participan tambi\u00e9n civiles para encargarse de las tareas propias de la gobernaci\u00f3n, destacando Joaqu\u00edn Bau Noya en la Comisi\u00f3n de Industria, Comercio y Abastos, y Jos\u00e9 Mar\u00eda Pem\u00e1n Pemart\u00edn en la Comisi\u00f3n de Cultura y Ense\u00f1anza. El \u201chermano\u201d Nicol\u00e1s Franco Bahamonde ocupar\u00eda la Secretar\u00eda General del Jefe del Estado. Los tres primeros gobiernos de Franco El 31 de enero de 1938 nace el primer gobierno de Franco vigente hasta el 24 de diciembre de 1938. El segundo, con un buen n\u00famero de reajustes durante su mandato, comenzar\u00e1 a partir de esta fecha hasta el 20 de julio de 1945 formaliz\u00e1ndose entonces el tercer gobierno activo hasta el 19 de julio de 1951. Junto a la obra ordinaria de gobierno se cimentar\u00e1 el andamiaje pol\u00edtico del Nuevo Estado dict\u00e1ndose las llamadas \u201cLeyes Fundamentales\u201d. Leyes Fundamentales La primera de ellas, el Fuero del Trabajo, se promulga el 6 de marzo de 1938, oficializando el nacionalsindicalismo. La segunda fue la Ley Constitutiva de las Cortes, de 17 de julio de 1942, mediante la cual se anuncia la participaci\u00f3n del p\u00fablico a las tareas del Estado. En tercer lugar, el Fuero de los Espa\u00f1oles, de 17 de julio de 1945, en un ambiente pol\u00edtico cambiante, anuncia derechos y libertades para los ciudadanos. Le sigue la cuarta Ley Fundamental, la Ley de Referendo Nacional de 22 de octubre de 1945, que permite al Jefe del Estado someter a consulta popular proyectos de ley. La quinta y \u00faltima es la Ley de Sucesi\u00f3n a la Jefatura del Estado de 18 de julio de 1947, que declara Espa\u00f1a un reino y un Estado cat\u00f3lico; convierte en vitalicia la jefatura del Estado; crea el Consejo del Reino y otorga la prerrogativa al Jefe del Estado para proponer en su d\u00eda a la persona a sucederle a t\u00edtulo de rey o de regente (en el futuro se promulgar\u00e1 la Ley de Principios del Movimiento en 1958 y m\u00e1s adelante, en 1965, una nueva Ley de Refer\u00e9ndum Nacional). Junto a ello y en lo tocante a los aspectos funcionales, se promulga el 30 de enero de 1938 la Ley de la Administraci\u00f3n Central del Estado que sigue las orientaciones establecidas en la de primero de octubre de 1936. Tambi\u00e9n la Ley de Prensa de 20 de abril de 1938, fijando contenidos y alcance de la censura y la propaganda. Y luego, en el orden represivo, la Ley de Responsabilidades Pol\u00edticas de 9 de febrero de 1939, ampliada con la Ley de Represi\u00f3n de la Masoner\u00eda y el Comunismo de 1 de marzo de 1940. M\u00e1s adelante, se a\u00f1adir\u00eda la Ley de Bandidaje y Terrorismo de 18 de abril de 1947 para combatir la acci\u00f3n de los \u201cmaquis\u201d. Y todo ello en un escenario en el cual se sucedieron varias etapas. En la primera, de una fuerte fascistizaci\u00f3n; en la segunda, de un aislamiento asfixiante; y en la tercera, ya al finalizar la d\u00e9cada, con atisbos de apertura dado el incipiente reconocimiento internacional. Las respectivas vicisitudes las emprendieron primero la \u201cfamilia falangista\u201d como protagonista y acabada la Segunda Guerra Mundial la \u201cfamilia nacionalcat\u00f3lica\u201d \u00e9sta adem\u00e1s con a\u00f1adidos posteriores opusde\u00edstas. El trasfondo cultural del primer ciclo burs\u00e1til del franquismo (1). Marco de referencia: la Bolsa<\/p>\n","protected":false},"author":85,"featured_media":80142,"comment_status":"open","ping_status":"open","sticky":false,"template":"","format":"standard","meta":{"_FSMCFIC_featured_image_caption":"El general Jos\u00e9 Sanjurjo, muere en accidente de aviaci\u00f3n el 20 de julio de 1936","_FSMCFIC_featured_image_nocaption":"","_FSMCFIC_featured_image_hide":"","footnotes":""},"categories":[806],"tags":[1547,5173],"class_list":["post-80125","post","type-post","status-publish","format-standard","has-post-thumbnail","hentry","category-punts-claus-del-dia-es","tag-bolsa","tag-primer-ciclo-bursatil-del-franquismo"],"yoast_head":"<!-- This site is optimized with the Yoast SEO plugin v26.8 - https:\/\/yoast.com\/product\/yoast-seo-wordpress\/ -->\n<title>El trasfondo cultural del primer ciclo burs\u00e1til del franquismo (2). Marco de referencia: pol\u00edtica - Converses a Catalunya<\/title>\n<meta name=\"description\" content=\"La Junta de Defensa Nacional se constituy\u00f3, el 24 de julio de 1936, para asumir de forma colegiada \u201ctodos los Poderes del Estado\u201d\" \/>\n<meta name=\"robots\" content=\"index, follow, max-snippet:-1, max-image-preview:large, max-video-preview:-1\" \/>\n<link rel=\"canonical\" href=\"https:\/\/conversesacatalunya.cat\/el-rerefons-cultural-del-primer-cicle-borsari-del-franquisme-2\/\" \/>\n<meta property=\"og:locale\" content=\"es_ES\" \/>\n<meta property=\"og:type\" content=\"article\" \/>\n<meta property=\"og:title\" content=\"El trasfondo cultural del primer ciclo burs\u00e1til del franquismo (2). Marco de referencia: pol\u00edtica - Converses a Catalunya\" \/>\n<meta property=\"og:description\" content=\"La Junta de Defensa Nacional se constituy\u00f3, el 24 de julio de 1936, para asumir de forma colegiada \u201ctodos los Poderes del Estado\u201d\" \/>\n<meta property=\"og:url\" content=\"https:\/\/conversesacatalunya.cat\/el-rerefons-cultural-del-primer-cicle-borsari-del-franquisme-2\/\" \/>\n<meta property=\"og:site_name\" content=\"Converses a Catalunya\" \/>\n<meta property=\"article:published_time\" content=\"2024-08-02T07:05:25+00:00\" \/>\n<meta property=\"og:image\" content=\"https:\/\/conversesacatalunya.cat\/wp-content\/uploads\/2024\/07\/Captura-4.jpg\" \/>\n\t<meta property=\"og:image:width\" content=\"727\" \/>\n\t<meta property=\"og:image:height\" content=\"541\" \/>\n\t<meta property=\"og:image:type\" content=\"image\/jpeg\" \/>\n<meta name=\"author\" content=\"Joan Hortal\u00e0 i Arau\" \/>\n<meta name=\"twitter:card\" content=\"summary_large_image\" \/>\n<meta name=\"twitter:label1\" content=\"Escrito por\" \/>\n\t<meta name=\"twitter:data1\" content=\"Joan Hortal\u00e0 i Arau\" \/>\n\t<meta name=\"twitter:label2\" content=\"Tiempo de lectura\" \/>\n\t<meta name=\"twitter:data2\" content=\"4 minutos\" \/>\n<script type=\"application\/ld+json\" class=\"yoast-schema-graph\">{\"@context\":\"https:\/\/schema.org\",\"@graph\":[{\"@type\":\"Article\",\"@id\":\"https:\/\/conversesacatalunya.cat\/el-rerefons-cultural-del-primer-cicle-borsari-del-franquisme-2\/#article\",\"isPartOf\":{\"@id\":\"https:\/\/conversesacatalunya.cat\/el-rerefons-cultural-del-primer-cicle-borsari-del-franquisme-2\/\"},\"author\":{\"name\":\"Joan Hortal\u00e0 i Arau\",\"@id\":\"https:\/\/conversesacatalunya.cat\/#\/schema\/person\/d1a98659327f7a7a4254b63c8828486b\"},\"headline\":\"El trasfondo cultural del primer ciclo burs\u00e1til del franquismo (2). Marco de referencia: pol\u00edtica\",\"datePublished\":\"2024-08-02T07:05:25+00:00\",\"mainEntityOfPage\":{\"@id\":\"https:\/\/conversesacatalunya.cat\/el-rerefons-cultural-del-primer-cicle-borsari-del-franquisme-2\/\"},\"wordCount\":861,\"commentCount\":0,\"image\":{\"@id\":\"https:\/\/conversesacatalunya.cat\/el-rerefons-cultural-del-primer-cicle-borsari-del-franquisme-2\/#primaryimage\"},\"thumbnailUrl\":\"https:\/\/conversesacatalunya.cat\/wp-content\/uploads\/2024\/07\/Captura-4.jpg\",\"keywords\":[\"Bolsa\",\"primer ciclo burs\u00e1til del franquismo\"],\"articleSection\":[\"Punts clau del dia (ES)\"],\"inLanguage\":\"es\",\"potentialAction\":[{\"@type\":\"CommentAction\",\"name\":\"Comment\",\"target\":[\"https:\/\/conversesacatalunya.cat\/el-rerefons-cultural-del-primer-cicle-borsari-del-franquisme-2\/#respond\"]}]},{\"@type\":\"WebPage\",\"@id\":\"https:\/\/conversesacatalunya.cat\/el-rerefons-cultural-del-primer-cicle-borsari-del-franquisme-2\/\",\"url\":\"https:\/\/conversesacatalunya.cat\/el-rerefons-cultural-del-primer-cicle-borsari-del-franquisme-2\/\",\"name\":\"El trasfondo cultural del primer ciclo burs\u00e1til del franquismo (2). Marco de referencia: pol\u00edtica - Converses a Catalunya\",\"isPartOf\":{\"@id\":\"https:\/\/conversesacatalunya.cat\/#website\"},\"primaryImageOfPage\":{\"@id\":\"https:\/\/conversesacatalunya.cat\/el-rerefons-cultural-del-primer-cicle-borsari-del-franquisme-2\/#primaryimage\"},\"image\":{\"@id\":\"https:\/\/conversesacatalunya.cat\/el-rerefons-cultural-del-primer-cicle-borsari-del-franquisme-2\/#primaryimage\"},\"thumbnailUrl\":\"https:\/\/conversesacatalunya.cat\/wp-content\/uploads\/2024\/07\/Captura-4.jpg\",\"datePublished\":\"2024-08-02T07:05:25+00:00\",\"author\":{\"@id\":\"https:\/\/conversesacatalunya.cat\/#\/schema\/person\/d1a98659327f7a7a4254b63c8828486b\"},\"description\":\"La Junta de Defensa Nacional se constituy\u00f3, el 24 de julio de 1936, para asumir de forma colegiada \u201ctodos los Poderes del Estado\u201d\",\"breadcrumb\":{\"@id\":\"https:\/\/conversesacatalunya.cat\/el-rerefons-cultural-del-primer-cicle-borsari-del-franquisme-2\/#breadcrumb\"},\"inLanguage\":\"es\",\"potentialAction\":[{\"@type\":\"ReadAction\",\"target\":[\"https:\/\/conversesacatalunya.cat\/el-rerefons-cultural-del-primer-cicle-borsari-del-franquisme-2\/\"]}]},{\"@type\":\"ImageObject\",\"inLanguage\":\"es\",\"@id\":\"https:\/\/conversesacatalunya.cat\/el-rerefons-cultural-del-primer-cicle-borsari-del-franquisme-2\/#primaryimage\",\"url\":\"https:\/\/conversesacatalunya.cat\/wp-content\/uploads\/2024\/07\/Captura-4.jpg\",\"contentUrl\":\"https:\/\/conversesacatalunya.cat\/wp-content\/uploads\/2024\/07\/Captura-4.jpg\",\"width\":727,\"height\":541,\"caption\":\"junta de defensa nacional\"},{\"@type\":\"BreadcrumbList\",\"@id\":\"https:\/\/conversesacatalunya.cat\/el-rerefons-cultural-del-primer-cicle-borsari-del-franquisme-2\/#breadcrumb\",\"itemListElement\":[{\"@type\":\"ListItem\",\"position\":1,\"name\":\"Inici\",\"item\":\"https:\/\/conversesacatalunya.cat\/es\/\"},{\"@type\":\"ListItem\",\"position\":2,\"name\":\"El trasfondo cultural del primer ciclo burs\u00e1til del franquismo (2). Marco de referencia: pol\u00edtica\"}]},{\"@type\":\"WebSite\",\"@id\":\"https:\/\/conversesacatalunya.cat\/#website\",\"url\":\"https:\/\/conversesacatalunya.cat\/\",\"name\":\"Converses a Catalunya\",\"description\":\"\",\"potentialAction\":[{\"@type\":\"SearchAction\",\"target\":{\"@type\":\"EntryPoint\",\"urlTemplate\":\"https:\/\/conversesacatalunya.cat\/?s={search_term_string}\"},\"query-input\":{\"@type\":\"PropertyValueSpecification\",\"valueRequired\":true,\"valueName\":\"search_term_string\"}}],\"inLanguage\":\"es\"},{\"@type\":\"Person\",\"@id\":\"https:\/\/conversesacatalunya.cat\/#\/schema\/person\/d1a98659327f7a7a4254b63c8828486b\",\"name\":\"Joan Hortal\u00e0 i Arau\",\"image\":{\"@type\":\"ImageObject\",\"inLanguage\":\"es\",\"@id\":\"https:\/\/conversesacatalunya.cat\/#\/schema\/person\/image\/\",\"url\":\"https:\/\/conversesacatalunya.cat\/wp-content\/litespeed\/avatar\/2d63b18d9ae06677345f920e73d8d4f0.jpg?ver=1777543136\",\"contentUrl\":\"https:\/\/conversesacatalunya.cat\/wp-content\/litespeed\/avatar\/2d63b18d9ae06677345f920e73d8d4f0.jpg?ver=1777543136\",\"caption\":\"Joan Hortal\u00e0 i Arau\"},\"url\":\"https:\/\/conversesacatalunya.cat\/es\/author\/joan-hortala-i-arau\/\"}]}<\/script>\n<!-- \/ Yoast SEO plugin. -->","yoast_head_json":{"title":"El trasfondo cultural del primer ciclo burs\u00e1til del franquismo (2). Marco de referencia: pol\u00edtica - Converses a Catalunya","description":"La Junta de Defensa Nacional se constituy\u00f3, el 24 de julio de 1936, para asumir de forma colegiada \u201ctodos los Poderes del Estado\u201d","robots":{"index":"index","follow":"follow","max-snippet":"max-snippet:-1","max-image-preview":"max-image-preview:large","max-video-preview":"max-video-preview:-1"},"canonical":"https:\/\/conversesacatalunya.cat\/el-rerefons-cultural-del-primer-cicle-borsari-del-franquisme-2\/","og_locale":"es_ES","og_type":"article","og_title":"El trasfondo cultural del primer ciclo burs\u00e1til del franquismo (2). Marco de referencia: pol\u00edtica - Converses a Catalunya","og_description":"La Junta de Defensa Nacional se constituy\u00f3, el 24 de julio de 1936, para asumir de forma colegiada \u201ctodos los Poderes del Estado\u201d","og_url":"https:\/\/conversesacatalunya.cat\/el-rerefons-cultural-del-primer-cicle-borsari-del-franquisme-2\/","og_site_name":"Converses a Catalunya","article_published_time":"2024-08-02T07:05:25+00:00","og_image":[{"width":727,"height":541,"url":"https:\/\/conversesacatalunya.cat\/wp-content\/uploads\/2024\/07\/Captura-4.jpg","type":"image\/jpeg"}],"author":"Joan Hortal\u00e0 i Arau","twitter_card":"summary_large_image","twitter_misc":{"Escrito por":"Joan Hortal\u00e0 i Arau","Tiempo de lectura":"4 minutos"},"schema":{"@context":"https:\/\/schema.org","@graph":[{"@type":"Article","@id":"https:\/\/conversesacatalunya.cat\/el-rerefons-cultural-del-primer-cicle-borsari-del-franquisme-2\/#article","isPartOf":{"@id":"https:\/\/conversesacatalunya.cat\/el-rerefons-cultural-del-primer-cicle-borsari-del-franquisme-2\/"},"author":{"name":"Joan Hortal\u00e0 i Arau","@id":"https:\/\/conversesacatalunya.cat\/#\/schema\/person\/d1a98659327f7a7a4254b63c8828486b"},"headline":"El trasfondo cultural del primer ciclo burs\u00e1til del franquismo (2). Marco de referencia: pol\u00edtica","datePublished":"2024-08-02T07:05:25+00:00","mainEntityOfPage":{"@id":"https:\/\/conversesacatalunya.cat\/el-rerefons-cultural-del-primer-cicle-borsari-del-franquisme-2\/"},"wordCount":861,"commentCount":0,"image":{"@id":"https:\/\/conversesacatalunya.cat\/el-rerefons-cultural-del-primer-cicle-borsari-del-franquisme-2\/#primaryimage"},"thumbnailUrl":"https:\/\/conversesacatalunya.cat\/wp-content\/uploads\/2024\/07\/Captura-4.jpg","keywords":["Bolsa","primer ciclo burs\u00e1til del franquismo"],"articleSection":["Punts clau del dia (ES)"],"inLanguage":"es","potentialAction":[{"@type":"CommentAction","name":"Comment","target":["https:\/\/conversesacatalunya.cat\/el-rerefons-cultural-del-primer-cicle-borsari-del-franquisme-2\/#respond"]}]},{"@type":"WebPage","@id":"https:\/\/conversesacatalunya.cat\/el-rerefons-cultural-del-primer-cicle-borsari-del-franquisme-2\/","url":"https:\/\/conversesacatalunya.cat\/el-rerefons-cultural-del-primer-cicle-borsari-del-franquisme-2\/","name":"El trasfondo cultural del primer ciclo burs\u00e1til del franquismo (2). Marco de referencia: pol\u00edtica - Converses a Catalunya","isPartOf":{"@id":"https:\/\/conversesacatalunya.cat\/#website"},"primaryImageOfPage":{"@id":"https:\/\/conversesacatalunya.cat\/el-rerefons-cultural-del-primer-cicle-borsari-del-franquisme-2\/#primaryimage"},"image":{"@id":"https:\/\/conversesacatalunya.cat\/el-rerefons-cultural-del-primer-cicle-borsari-del-franquisme-2\/#primaryimage"},"thumbnailUrl":"https:\/\/conversesacatalunya.cat\/wp-content\/uploads\/2024\/07\/Captura-4.jpg","datePublished":"2024-08-02T07:05:25+00:00","author":{"@id":"https:\/\/conversesacatalunya.cat\/#\/schema\/person\/d1a98659327f7a7a4254b63c8828486b"},"description":"La Junta de Defensa Nacional se constituy\u00f3, el 24 de julio de 1936, para asumir de forma colegiada \u201ctodos los Poderes del Estado\u201d","breadcrumb":{"@id":"https:\/\/conversesacatalunya.cat\/el-rerefons-cultural-del-primer-cicle-borsari-del-franquisme-2\/#breadcrumb"},"inLanguage":"es","potentialAction":[{"@type":"ReadAction","target":["https:\/\/conversesacatalunya.cat\/el-rerefons-cultural-del-primer-cicle-borsari-del-franquisme-2\/"]}]},{"@type":"ImageObject","inLanguage":"es","@id":"https:\/\/conversesacatalunya.cat\/el-rerefons-cultural-del-primer-cicle-borsari-del-franquisme-2\/#primaryimage","url":"https:\/\/conversesacatalunya.cat\/wp-content\/uploads\/2024\/07\/Captura-4.jpg","contentUrl":"https:\/\/conversesacatalunya.cat\/wp-content\/uploads\/2024\/07\/Captura-4.jpg","width":727,"height":541,"caption":"junta de defensa nacional"},{"@type":"BreadcrumbList","@id":"https:\/\/conversesacatalunya.cat\/el-rerefons-cultural-del-primer-cicle-borsari-del-franquisme-2\/#breadcrumb","itemListElement":[{"@type":"ListItem","position":1,"name":"Inici","item":"https:\/\/conversesacatalunya.cat\/es\/"},{"@type":"ListItem","position":2,"name":"El trasfondo cultural del primer ciclo burs\u00e1til del franquismo (2). Marco de referencia: pol\u00edtica"}]},{"@type":"WebSite","@id":"https:\/\/conversesacatalunya.cat\/#website","url":"https:\/\/conversesacatalunya.cat\/","name":"Converses a Catalunya","description":"","potentialAction":[{"@type":"SearchAction","target":{"@type":"EntryPoint","urlTemplate":"https:\/\/conversesacatalunya.cat\/?s={search_term_string}"},"query-input":{"@type":"PropertyValueSpecification","valueRequired":true,"valueName":"search_term_string"}}],"inLanguage":"es"},{"@type":"Person","@id":"https:\/\/conversesacatalunya.cat\/#\/schema\/person\/d1a98659327f7a7a4254b63c8828486b","name":"Joan Hortal\u00e0 i Arau","image":{"@type":"ImageObject","inLanguage":"es","@id":"https:\/\/conversesacatalunya.cat\/#\/schema\/person\/image\/","url":"https:\/\/conversesacatalunya.cat\/wp-content\/litespeed\/avatar\/2d63b18d9ae06677345f920e73d8d4f0.jpg?ver=1777543136","contentUrl":"https:\/\/conversesacatalunya.cat\/wp-content\/litespeed\/avatar\/2d63b18d9ae06677345f920e73d8d4f0.jpg?ver=1777543136","caption":"Joan Hortal\u00e0 i Arau"},"url":"https:\/\/conversesacatalunya.cat\/es\/author\/joan-hortala-i-arau\/"}]}},"wps_subtitle":"","_links":{"self":[{"href":"https:\/\/conversesacatalunya.cat\/es\/wp-json\/wp\/v2\/posts\/80125","targetHints":{"allow":["GET"]}}],"collection":[{"href":"https:\/\/conversesacatalunya.cat\/es\/wp-json\/wp\/v2\/posts"}],"about":[{"href":"https:\/\/conversesacatalunya.cat\/es\/wp-json\/wp\/v2\/types\/post"}],"author":[{"embeddable":true,"href":"https:\/\/conversesacatalunya.cat\/es\/wp-json\/wp\/v2\/users\/85"}],"replies":[{"embeddable":true,"href":"https:\/\/conversesacatalunya.cat\/es\/wp-json\/wp\/v2\/comments?post=80125"}],"version-history":[{"count":10,"href":"https:\/\/conversesacatalunya.cat\/es\/wp-json\/wp\/v2\/posts\/80125\/revisions"}],"predecessor-version":[{"id":80588,"href":"https:\/\/conversesacatalunya.cat\/es\/wp-json\/wp\/v2\/posts\/80125\/revisions\/80588"}],"wp:featuredmedia":[{"embeddable":true,"href":"https:\/\/conversesacatalunya.cat\/es\/wp-json\/wp\/v2\/media\/80142"}],"wp:attachment":[{"href":"https:\/\/conversesacatalunya.cat\/es\/wp-json\/wp\/v2\/media?parent=80125"}],"wp:term":[{"taxonomy":"category","embeddable":true,"href":"https:\/\/conversesacatalunya.cat\/es\/wp-json\/wp\/v2\/categories?post=80125"},{"taxonomy":"post_tag","embeddable":true,"href":"https:\/\/conversesacatalunya.cat\/es\/wp-json\/wp\/v2\/tags?post=80125"}],"curies":[{"name":"wp","href":"https:\/\/api.w.org\/{rel}","templated":true}]}}