{"id":80088,"date":"2024-07-19T09:41:37","date_gmt":"2024-07-19T07:41:37","guid":{"rendered":"https:\/\/conversesacatalunya.cat\/?p=80088"},"modified":"2024-07-19T09:41:37","modified_gmt":"2024-07-19T07:41:37","slug":"solo-la-familia-puede-salvar-cataluna","status":"publish","type":"post","link":"https:\/\/conversesacatalunya.cat\/es\/solo-la-familia-puede-salvar-cataluna\/","title":{"rendered":"Solo la familia puede salvar Catalu\u00f1a"},"content":{"rendered":"<p>El arque\u00f3logo e investigador <strong>Eudald Carbonell<\/strong> alertaba recientemente que la natalidad de los catalanes es insuficiente para asegurar su supervivencia y que \u00abal ritmo que vayamos, Catalu\u00f1a desaparecer\u00e1 en tres generaciones\u00bb. No se trata de un pron\u00f3stico exagerado ni alarmista. Las proyecciones a futuro en materia de natalidad son muy fiables. Y no ser\u00e1 f\u00e1cil cambiar la <a href=\"https:\/\/conversesacatalunya.cat\/es\/se-puede-parar-la-extincion-de-los-catalanes\/\" target=\"_blank\" rel=\"noopener\"><strong>persistente tendencia a la baja<\/strong><\/a> de la natalidad aut\u00f3ctona.<\/p>\n<p><strong>Los datos son incontestables:<\/strong> llevamos 44 a\u00f1os consecutivos con una tasa de fecundidad por debajo de los 2,1 hijos por mujer, que es el m\u00ednimo necesario para mantener la poblaci\u00f3n. Actualmente, la tasa est\u00e1 en torno a 1,1, y bajando. Es importante tener en cuenta que el colapso demogr\u00e1fico tiene su origen no en las actuales dificultades econ\u00f3micas derivadas de las sucesivas crisis del siglo XXI, sino que empez\u00f3 mucho antes, precisamente cuando hab\u00edamos logrado una prosperidad que ninguna generaci\u00f3n anterior hab\u00eda conocido.<\/p>\n<p>Pero el hundimiento de la natalidad no solo es un problema comunitario, sino que es consecuencia de una <strong>forma de vida que a nivel personal genera frustraci\u00f3n<\/strong>, infelicidad, con cifras de enfermedades mentales y suicidios al alza, y una desorientaci\u00f3n personal como nunca antes se hab\u00eda visto, sobre todo entre los m\u00e1s j\u00f3venes.<\/p>\n<p>Se promet\u00eda <strong>la liberaci\u00f3n de la mujer<\/strong>, pero en muchos casos lo que ha habido es renuncia o marginaci\u00f3n a un aspecto secundario de su vida de aquello que la hace aut\u00e9nticamente feliz: ser madre, poder disfrutar de la maternidad, ver crecer a los hijos y educarles en la tranquilidad y seguridad de una familia estable. Muchas mujeres, que se encuentran con 40 a\u00f1os y ven que se les escapa la posibilidad de ser madres, se\u00a0 sienten frustradas y enga\u00f1adas. \u00bfEsta tragedia personal y colectiva que vivimos tiene soluci\u00f3n? \u00bfLas dificultades existentes no son demasiado grandes?<\/p>\n<p>Para revertir la situaci\u00f3n es necesario realizar pactos fundamentales. No hablamos de pactos pol\u00edticos o sociales, que en un segundo t\u00e9rmino tambi\u00e9n pueden ayudar, sino de<strong> pactos personales y familiares<\/strong>. El primero de todos es entre la mujer y el hombre. Es indispensable cambiar el orden temporal de prioridades en la pareja. La mejor edad de la mujer para tener a sus hijos es entre los 20 y los 35 a\u00f1os. Pero hoy, \u00bfcu\u00e1ntas mujeres estar\u00edan dispuestas a dejar en un segundo plano sus leg\u00edtimas aspiraciones individuales y profesionales entre los 25 y los 40 a\u00f1os, y aplazarlas para m\u00e1s adelante? Por esto es necesario un <strong>pacto conyugal<\/strong>, es decir, la estabilidad y la fiabilidad del matrimonio, y que los c\u00f3nyuges tengan una perspectiva com\u00fan de vida que permite hacer compatibles a lo largo de la vida la maternidad y la realizaci\u00f3n profesional o laboral de la mujer.<\/p>\n<p>Cada familia se organizar\u00e1 a su manera, pero en el modelo propuesto ella dedica los primeros a\u00f1os del matrimonio a la maternidad, sin tener que renunciar, si lo desea, a una parte de su tiempo para dedicarlo a los estudios o a un trabajo compatible con el cuidado de sus hijos. Y el hombre asume el compromiso de que cuando estos tengan ya cierta edad, <strong>facilitar\u00e1 que la mujer pueda ampliar su dedicaci\u00f3n al trabajo, reduciendo \u00e9l las actividades fuera de casa<\/strong> y dedic\u00e1ndose m\u00e1s a los hijos, cuando tienen unos a\u00f1os m\u00e1s y es m\u00e1s importante la presencia del padre.<\/p>\n<p>Pero este pacto conyugal no ser\u00e1 suficiente en muchos casos, ya que los bajos sueldos de muchos j\u00f3venes y el alto precio de la vivienda dificultan mucho formar a una familia y tener hijos. Es necesaria tambi\u00e9n la implicaci\u00f3n de los padres, y de los abuelos si es posible. \u00bfDe qu\u00e9 sirve recibir toda la herencia cuando tienes 50 o 60 a\u00f1os, cuando tu vida est\u00e1 ya decidida en los aspectos m\u00e1s importantes, como el de ser padre o madre? <strong>\u00bfNo es mejor que la solidaridad familiar entre generaciones se d\u00e9 cuando los hijos o los nietos todav\u00eda est\u00e1n a tiempo de crear una familia y tener hijos?<\/strong> Normalizar lo que ya sucede en no pocas familias: que los hijos que lo necesitan puedan disponer al menos de una parte de los ahorros y recursos de los mayores para permitir la continuidad de la familia. Esto, claro, requiere un pacto de confianza entre generaciones y <strong>el compromiso de los hijos y nietos que cuando los padres o abuelos necesiten su ayuda, podr\u00e1n contar con ellos.<\/strong><\/p>\n<p>Se trata de <strong>superar el individualismo<\/strong> que elude los compromisos permanentes y estables, poner la confianza en los v\u00ednculos familiares y reforzarlos. Solo estos pueden sacarnos del callej\u00f3n sin salida en que se encuentran las nuevas generaciones a la hora de poder formar una familia, y en que se halla el pa\u00eds a consecuencia de la crisis de natalidad.<\/p>\n<p><strong>Estos dos pactos familiares, matrimonial e intergeneracional, hoy son realmente contraculturales<\/strong> y es necesario un cambio sustancial en la forma de enfocar la vida, en las prioridades y las relaciones personales. Pero a pesar de las dificultades que pueden presentar, son m\u00e1s realistas y m\u00e1s realizables, que las promesas vanas de los gobernantes, que llevan d\u00e9cadas sabiendo que hay un <strong>problema grave de vivienda<\/strong>, y no le ponen remedio. Que saben que se deber\u00edan <strong>conciliar horarios laborales y familiares<\/strong>, pero los cambios van a paso de tortuga. Desenga\u00f1\u00e9monos, aquello que no podamos conseguir nosotros mismos en nuestro entorno familiar, no nos lo conseguir\u00e1n los gobernantes.<\/p>\n<p><em>Art\u00edculo publicado en el Diari de Girona el 15 de julio.<\/em><\/p>\n<p><em>Se puede leer una versi\u00f3n ampliada en el n\u00famero 111 de la revista Esperit.<\/em><\/p>\n<p><a href=\"https:\/\/twitter.com\/ros_arpa\" target=\"_blank\" rel=\"noopener\"><strong>Twitter Carles Ros<\/strong><\/a><\/p>\n<span class='bctt-click-to-tweet'><span class='bctt-ctt-text'><a href='https:\/\/twitter.com\/intent\/tweet?url=https%3A%2F%2Fconversesacatalunya.cat%2Fes%2Fsolo-la-familia-puede-salvar-cataluna%2F&#038;text=Desenga%C3%B1%C3%A9monos%2C%20aquello%20que%20no%20podamos%20conseguir%20nosotros%20mismos%20en%20nuestro%20entorno%20familiar%2C%20no%20nos%20lo%20conseguir%C3%A1n%20los%20gobernantes&#038;via=conversesacat&#038;related=conversesacat' target='_blank'rel=\"noopener noreferrer\">Desenga\u00f1\u00e9monos, aquello que no podamos conseguir nosotros mismos en nuestro entorno familiar, no nos lo conseguir\u00e1n los gobernantes <\/a><\/span><a href='https:\/\/twitter.com\/intent\/tweet?url=https%3A%2F%2Fconversesacatalunya.cat%2Fes%2Fsolo-la-familia-puede-salvar-cataluna%2F&#038;text=Desenga%C3%B1%C3%A9monos%2C%20aquello%20que%20no%20podamos%20conseguir%20nosotros%20mismos%20en%20nuestro%20entorno%20familiar%2C%20no%20nos%20lo%20conseguir%C3%A1n%20los%20gobernantes&#038;via=conversesacat&#038;related=conversesacat' target='_blank' class='bctt-ctt-btn'rel=\"noopener noreferrer\">Compartir en X<\/a><\/span>\n<p>&nbsp;<\/p>\n","protected":false},"excerpt":{"rendered":"<p>El arque\u00f3logo e investigador Eudald Carbonell alertaba recientemente que la natalidad de los catalanes es insuficiente para asegurar su supervivencia y que \u00abal ritmo que vayamos, Catalu\u00f1a desaparecer\u00e1 en tres generaciones\u00bb. No se trata de un pron\u00f3stico exagerado ni alarmista. Las proyecciones a futuro en materia de natalidad son muy fiables. Y no ser\u00e1 f\u00e1cil cambiar la persistente tendencia a la baja de la natalidad aut\u00f3ctona. Los datos son incontestables: llevamos 44 a\u00f1os consecutivos con una tasa de fecundidad por debajo de los 2,1 hijos por mujer, que es el m\u00ednimo necesario para mantener la poblaci\u00f3n. Actualmente, la tasa est\u00e1 en torno a 1,1, y bajando. Es importante tener en cuenta que el colapso demogr\u00e1fico tiene su origen no en las actuales dificultades econ\u00f3micas derivadas de las sucesivas crisis del siglo XXI, sino que empez\u00f3 mucho antes, precisamente cuando hab\u00edamos logrado una prosperidad que ninguna generaci\u00f3n anterior hab\u00eda conocido. Pero el hundimiento de la natalidad no solo es un problema comunitario, sino que es consecuencia de una forma de vida que a nivel personal genera frustraci\u00f3n, infelicidad, con cifras de enfermedades mentales y suicidios al alza, y una desorientaci\u00f3n personal como nunca antes se hab\u00eda visto, sobre todo entre los m\u00e1s j\u00f3venes. Se promet\u00eda la liberaci\u00f3n de la mujer, pero en muchos casos lo que ha habido es renuncia o marginaci\u00f3n a un aspecto secundario de su vida de aquello que la hace aut\u00e9nticamente feliz: ser madre, poder disfrutar de la maternidad, ver crecer a los hijos y educarles en la tranquilidad y seguridad de una familia estable. Muchas mujeres, que se encuentran con 40 a\u00f1os y ven que se les escapa la posibilidad de ser madres, se\u00a0 sienten frustradas y enga\u00f1adas. \u00bfEsta tragedia personal y colectiva que vivimos tiene soluci\u00f3n? \u00bfLas dificultades existentes no son demasiado grandes? Para revertir la situaci\u00f3n es necesario realizar pactos fundamentales. No hablamos de pactos pol\u00edticos o sociales, que en un segundo t\u00e9rmino tambi\u00e9n pueden ayudar, sino de pactos personales y familiares. El primero de todos es entre la mujer y el hombre. Es indispensable cambiar el orden temporal de prioridades en la pareja. La mejor edad de la mujer para tener a sus hijos es entre los 20 y los 35 a\u00f1os. Pero hoy, \u00bfcu\u00e1ntas mujeres estar\u00edan dispuestas a dejar en un segundo plano sus leg\u00edtimas aspiraciones individuales y profesionales entre los 25 y los 40 a\u00f1os, y aplazarlas para m\u00e1s adelante? Por esto es necesario un pacto conyugal, es decir, la estabilidad y la fiabilidad del matrimonio, y que los c\u00f3nyuges tengan una perspectiva com\u00fan de vida que permite hacer compatibles a lo largo de la vida la maternidad y la realizaci\u00f3n profesional o laboral de la mujer. Cada familia se organizar\u00e1 a su manera, pero en el modelo propuesto ella dedica los primeros a\u00f1os del matrimonio a la maternidad, sin tener que renunciar, si lo desea, a una parte de su tiempo para dedicarlo a los estudios o a un trabajo compatible con el cuidado de sus hijos. Y el hombre asume el compromiso de que cuando estos tengan ya cierta edad, facilitar\u00e1 que la mujer pueda ampliar su dedicaci\u00f3n al trabajo, reduciendo \u00e9l las actividades fuera de casa y dedic\u00e1ndose m\u00e1s a los hijos, cuando tienen unos a\u00f1os m\u00e1s y es m\u00e1s importante la presencia del padre. Pero este pacto conyugal no ser\u00e1 suficiente en muchos casos, ya que los bajos sueldos de muchos j\u00f3venes y el alto precio de la vivienda dificultan mucho formar a una familia y tener hijos. Es necesaria tambi\u00e9n la implicaci\u00f3n de los padres, y de los abuelos si es posible. \u00bfDe qu\u00e9 sirve recibir toda la herencia cuando tienes 50 o 60 a\u00f1os, cuando tu vida est\u00e1 ya decidida en los aspectos m\u00e1s importantes, como el de ser padre o madre? \u00bfNo es mejor que la solidaridad familiar entre generaciones se d\u00e9 cuando los hijos o los nietos todav\u00eda est\u00e1n a tiempo de crear una familia y tener hijos? Normalizar lo que ya sucede en no pocas familias: que los hijos que lo necesitan puedan disponer al menos de una parte de los ahorros y recursos de los mayores para permitir la continuidad de la familia. Esto, claro, requiere un pacto de confianza entre generaciones y el compromiso de los hijos y nietos que cuando los padres o abuelos necesiten su ayuda, podr\u00e1n contar con ellos. Se trata de superar el individualismo que elude los compromisos permanentes y estables, poner la confianza en los v\u00ednculos familiares y reforzarlos. Solo estos pueden sacarnos del callej\u00f3n sin salida en que se encuentran las nuevas generaciones a la hora de poder formar una familia, y en que se halla el pa\u00eds a consecuencia de la crisis de natalidad. Estos dos pactos familiares, matrimonial e intergeneracional, hoy son realmente contraculturales y es necesario un cambio sustancial en la forma de enfocar la vida, en las prioridades y las relaciones personales. Pero a pesar de las dificultades que pueden presentar, son m\u00e1s realistas y m\u00e1s realizables, que las promesas vanas de los gobernantes, que llevan d\u00e9cadas sabiendo que hay un problema grave de vivienda, y no le ponen remedio. Que saben que se deber\u00edan conciliar horarios laborales y familiares, pero los cambios van a paso de tortuga. Desenga\u00f1\u00e9monos, aquello que no podamos conseguir nosotros mismos en nuestro entorno familiar, no nos lo conseguir\u00e1n los gobernantes. Art\u00edculo publicado en el Diari de Girona el 15 de julio. Se puede leer una versi\u00f3n ampliada en el n\u00famero 111 de la revista Esperit. Twitter Carles Ros &nbsp;<\/p>\n","protected":false},"author":6,"featured_media":80082,"comment_status":"open","ping_status":"open","sticky":false,"template":"","format":"standard","meta":{"_FSMCFIC_featured_image_caption":"","_FSMCFIC_featured_image_nocaption":"","_FSMCFIC_featured_image_hide":"","footnotes":""},"categories":[801],"tags":[1604,1315],"class_list":["post-80088","post","type-post","status-publish","format-standard","has-post-thumbnail","hentry","category-veritas-in-caritate-es","tag-familia-es","tag-natalidad"],"yoast_head":"<!-- This site is optimized with the Yoast SEO plugin v26.8 - https:\/\/yoast.com\/product\/yoast-seo-wordpress\/ -->\n<title>Solo la familia puede salvar Catalu\u00f1a - Converses a Catalunya<\/title>\n<meta name=\"description\" content=\"\u00bfNo es mejor que la solidaridad familiar entre generaciones se d\u00e9 cuando los hijos o los nietos todav\u00eda est\u00e1n a tiempo de crear una familia?\" \/>\n<meta name=\"robots\" content=\"noindex, nofollow\" \/>\n<meta property=\"og:locale\" content=\"es_ES\" \/>\n<meta property=\"og:type\" content=\"article\" \/>\n<meta property=\"og:title\" content=\"Solo la familia puede salvar Catalu\u00f1a - Converses a Catalunya\" \/>\n<meta property=\"og:description\" content=\"\u00bfNo es mejor que la solidaridad familiar entre generaciones se d\u00e9 cuando los hijos o los nietos todav\u00eda est\u00e1n a tiempo de crear una familia?\" \/>\n<meta property=\"og:url\" content=\"https:\/\/conversesacatalunya.cat\/es\/solo-la-familia-puede-salvar-cataluna\/\" \/>\n<meta property=\"og:site_name\" content=\"Converses a Catalunya\" \/>\n<meta property=\"article:published_time\" content=\"2024-07-19T07:41:37+00:00\" \/>\n<meta property=\"og:image\" content=\"https:\/\/conversesacatalunya.cat\/wp-content\/uploads\/2024\/07\/Pareja_con_perro.jpg\" \/>\n\t<meta property=\"og:image:width\" content=\"880\" \/>\n\t<meta property=\"og:image:height\" content=\"586\" \/>\n\t<meta property=\"og:image:type\" content=\"image\/jpeg\" \/>\n<meta name=\"author\" content=\"Carles Ros Arpa\" \/>\n<meta name=\"twitter:card\" content=\"summary_large_image\" \/>\n<meta name=\"twitter:label1\" content=\"Escrito por\" \/>\n\t<meta name=\"twitter:data1\" content=\"Carles Ros Arpa\" \/>\n\t<meta name=\"twitter:label2\" content=\"Tiempo de lectura\" \/>\n\t<meta name=\"twitter:data2\" content=\"5 minutos\" \/>\n<script type=\"application\/ld+json\" class=\"yoast-schema-graph\">{\"@context\":\"https:\/\/schema.org\",\"@graph\":[{\"@type\":\"Article\",\"@id\":\"https:\/\/conversesacatalunya.cat\/es\/solo-la-familia-puede-salvar-cataluna\/#article\",\"isPartOf\":{\"@id\":\"https:\/\/conversesacatalunya.cat\/es\/solo-la-familia-puede-salvar-cataluna\/\"},\"author\":{\"name\":\"Carles Ros Arpa\",\"@id\":\"https:\/\/conversesacatalunya.cat\/#\/schema\/person\/158977e8a6f4c10be20fb1e30375371b\"},\"headline\":\"Solo la familia puede salvar Catalu\u00f1a\",\"datePublished\":\"2024-07-19T07:41:37+00:00\",\"mainEntityOfPage\":{\"@id\":\"https:\/\/conversesacatalunya.cat\/es\/solo-la-familia-puede-salvar-cataluna\/\"},\"wordCount\":999,\"commentCount\":0,\"image\":{\"@id\":\"https:\/\/conversesacatalunya.cat\/es\/solo-la-familia-puede-salvar-cataluna\/#primaryimage\"},\"thumbnailUrl\":\"https:\/\/conversesacatalunya.cat\/wp-content\/uploads\/2024\/07\/Pareja_con_perro.jpg\",\"keywords\":[\"Fam\u00edlia\",\"Natalidad\"],\"articleSection\":[\"Veritas in caritate (ES)\"],\"inLanguage\":\"es\",\"potentialAction\":[{\"@type\":\"CommentAction\",\"name\":\"Comment\",\"target\":[\"https:\/\/conversesacatalunya.cat\/es\/solo-la-familia-puede-salvar-cataluna\/#respond\"]}]},{\"@type\":\"WebPage\",\"@id\":\"https:\/\/conversesacatalunya.cat\/es\/solo-la-familia-puede-salvar-cataluna\/\",\"url\":\"https:\/\/conversesacatalunya.cat\/es\/solo-la-familia-puede-salvar-cataluna\/\",\"name\":\"Solo la familia puede salvar Catalu\u00f1a - Converses a Catalunya\",\"isPartOf\":{\"@id\":\"https:\/\/conversesacatalunya.cat\/#website\"},\"primaryImageOfPage\":{\"@id\":\"https:\/\/conversesacatalunya.cat\/es\/solo-la-familia-puede-salvar-cataluna\/#primaryimage\"},\"image\":{\"@id\":\"https:\/\/conversesacatalunya.cat\/es\/solo-la-familia-puede-salvar-cataluna\/#primaryimage\"},\"thumbnailUrl\":\"https:\/\/conversesacatalunya.cat\/wp-content\/uploads\/2024\/07\/Pareja_con_perro.jpg\",\"datePublished\":\"2024-07-19T07:41:37+00:00\",\"author\":{\"@id\":\"https:\/\/conversesacatalunya.cat\/#\/schema\/person\/158977e8a6f4c10be20fb1e30375371b\"},\"description\":\"\u00bfNo es mejor que la solidaridad familiar entre generaciones se d\u00e9 cuando los hijos o los nietos todav\u00eda est\u00e1n a tiempo de crear una familia?\",\"breadcrumb\":{\"@id\":\"https:\/\/conversesacatalunya.cat\/es\/solo-la-familia-puede-salvar-cataluna\/#breadcrumb\"},\"inLanguage\":\"es\",\"potentialAction\":[{\"@type\":\"ReadAction\",\"target\":[\"https:\/\/conversesacatalunya.cat\/es\/solo-la-familia-puede-salvar-cataluna\/\"]}]},{\"@type\":\"ImageObject\",\"inLanguage\":\"es\",\"@id\":\"https:\/\/conversesacatalunya.cat\/es\/solo-la-familia-puede-salvar-cataluna\/#primaryimage\",\"url\":\"https:\/\/conversesacatalunya.cat\/wp-content\/uploads\/2024\/07\/Pareja_con_perro.jpg\",\"contentUrl\":\"https:\/\/conversesacatalunya.cat\/wp-content\/uploads\/2024\/07\/Pareja_con_perro.jpg\",\"width\":880,\"height\":586},{\"@type\":\"BreadcrumbList\",\"@id\":\"https:\/\/conversesacatalunya.cat\/es\/solo-la-familia-puede-salvar-cataluna\/#breadcrumb\",\"itemListElement\":[{\"@type\":\"ListItem\",\"position\":1,\"name\":\"Inici\",\"item\":\"https:\/\/conversesacatalunya.cat\/es\/\"},{\"@type\":\"ListItem\",\"position\":2,\"name\":\"Solo la familia puede salvar Catalu\u00f1a\"}]},{\"@type\":\"WebSite\",\"@id\":\"https:\/\/conversesacatalunya.cat\/#website\",\"url\":\"https:\/\/conversesacatalunya.cat\/\",\"name\":\"Converses a Catalunya\",\"description\":\"\",\"potentialAction\":[{\"@type\":\"SearchAction\",\"target\":{\"@type\":\"EntryPoint\",\"urlTemplate\":\"https:\/\/conversesacatalunya.cat\/?s={search_term_string}\"},\"query-input\":{\"@type\":\"PropertyValueSpecification\",\"valueRequired\":true,\"valueName\":\"search_term_string\"}}],\"inLanguage\":\"es\"},{\"@type\":\"Person\",\"@id\":\"https:\/\/conversesacatalunya.cat\/#\/schema\/person\/158977e8a6f4c10be20fb1e30375371b\",\"name\":\"Carles Ros Arpa\",\"image\":{\"@type\":\"ImageObject\",\"inLanguage\":\"es\",\"@id\":\"https:\/\/conversesacatalunya.cat\/#\/schema\/person\/image\/\",\"url\":\"https:\/\/conversesacatalunya.cat\/wp-content\/litespeed\/avatar\/ba530fe068c88283940054d0b5ea1f09.jpg?ver=1777376928\",\"contentUrl\":\"https:\/\/conversesacatalunya.cat\/wp-content\/litespeed\/avatar\/ba530fe068c88283940054d0b5ea1f09.jpg?ver=1777376928\",\"caption\":\"Carles Ros Arpa\"},\"url\":\"https:\/\/conversesacatalunya.cat\/es\/author\/carles-ros-arpa\/\"}]}<\/script>\n<!-- \/ Yoast SEO plugin. -->","yoast_head_json":{"title":"Solo la familia puede salvar Catalu\u00f1a - Converses a Catalunya","description":"\u00bfNo es mejor que la solidaridad familiar entre generaciones se d\u00e9 cuando los hijos o los nietos todav\u00eda est\u00e1n a tiempo de crear una familia?","robots":{"index":"noindex","follow":"nofollow"},"og_locale":"es_ES","og_type":"article","og_title":"Solo la familia puede salvar Catalu\u00f1a - Converses a Catalunya","og_description":"\u00bfNo es mejor que la solidaridad familiar entre generaciones se d\u00e9 cuando los hijos o los nietos todav\u00eda est\u00e1n a tiempo de crear una familia?","og_url":"https:\/\/conversesacatalunya.cat\/es\/solo-la-familia-puede-salvar-cataluna\/","og_site_name":"Converses a Catalunya","article_published_time":"2024-07-19T07:41:37+00:00","og_image":[{"width":880,"height":586,"url":"https:\/\/conversesacatalunya.cat\/wp-content\/uploads\/2024\/07\/Pareja_con_perro.jpg","type":"image\/jpeg"}],"author":"Carles Ros Arpa","twitter_card":"summary_large_image","twitter_misc":{"Escrito por":"Carles Ros Arpa","Tiempo de lectura":"5 minutos"},"schema":{"@context":"https:\/\/schema.org","@graph":[{"@type":"Article","@id":"https:\/\/conversesacatalunya.cat\/es\/solo-la-familia-puede-salvar-cataluna\/#article","isPartOf":{"@id":"https:\/\/conversesacatalunya.cat\/es\/solo-la-familia-puede-salvar-cataluna\/"},"author":{"name":"Carles Ros Arpa","@id":"https:\/\/conversesacatalunya.cat\/#\/schema\/person\/158977e8a6f4c10be20fb1e30375371b"},"headline":"Solo la familia puede salvar Catalu\u00f1a","datePublished":"2024-07-19T07:41:37+00:00","mainEntityOfPage":{"@id":"https:\/\/conversesacatalunya.cat\/es\/solo-la-familia-puede-salvar-cataluna\/"},"wordCount":999,"commentCount":0,"image":{"@id":"https:\/\/conversesacatalunya.cat\/es\/solo-la-familia-puede-salvar-cataluna\/#primaryimage"},"thumbnailUrl":"https:\/\/conversesacatalunya.cat\/wp-content\/uploads\/2024\/07\/Pareja_con_perro.jpg","keywords":["Fam\u00edlia","Natalidad"],"articleSection":["Veritas in caritate (ES)"],"inLanguage":"es","potentialAction":[{"@type":"CommentAction","name":"Comment","target":["https:\/\/conversesacatalunya.cat\/es\/solo-la-familia-puede-salvar-cataluna\/#respond"]}]},{"@type":"WebPage","@id":"https:\/\/conversesacatalunya.cat\/es\/solo-la-familia-puede-salvar-cataluna\/","url":"https:\/\/conversesacatalunya.cat\/es\/solo-la-familia-puede-salvar-cataluna\/","name":"Solo la familia puede salvar Catalu\u00f1a - Converses a Catalunya","isPartOf":{"@id":"https:\/\/conversesacatalunya.cat\/#website"},"primaryImageOfPage":{"@id":"https:\/\/conversesacatalunya.cat\/es\/solo-la-familia-puede-salvar-cataluna\/#primaryimage"},"image":{"@id":"https:\/\/conversesacatalunya.cat\/es\/solo-la-familia-puede-salvar-cataluna\/#primaryimage"},"thumbnailUrl":"https:\/\/conversesacatalunya.cat\/wp-content\/uploads\/2024\/07\/Pareja_con_perro.jpg","datePublished":"2024-07-19T07:41:37+00:00","author":{"@id":"https:\/\/conversesacatalunya.cat\/#\/schema\/person\/158977e8a6f4c10be20fb1e30375371b"},"description":"\u00bfNo es mejor que la solidaridad familiar entre generaciones se d\u00e9 cuando los hijos o los nietos todav\u00eda est\u00e1n a tiempo de crear una familia?","breadcrumb":{"@id":"https:\/\/conversesacatalunya.cat\/es\/solo-la-familia-puede-salvar-cataluna\/#breadcrumb"},"inLanguage":"es","potentialAction":[{"@type":"ReadAction","target":["https:\/\/conversesacatalunya.cat\/es\/solo-la-familia-puede-salvar-cataluna\/"]}]},{"@type":"ImageObject","inLanguage":"es","@id":"https:\/\/conversesacatalunya.cat\/es\/solo-la-familia-puede-salvar-cataluna\/#primaryimage","url":"https:\/\/conversesacatalunya.cat\/wp-content\/uploads\/2024\/07\/Pareja_con_perro.jpg","contentUrl":"https:\/\/conversesacatalunya.cat\/wp-content\/uploads\/2024\/07\/Pareja_con_perro.jpg","width":880,"height":586},{"@type":"BreadcrumbList","@id":"https:\/\/conversesacatalunya.cat\/es\/solo-la-familia-puede-salvar-cataluna\/#breadcrumb","itemListElement":[{"@type":"ListItem","position":1,"name":"Inici","item":"https:\/\/conversesacatalunya.cat\/es\/"},{"@type":"ListItem","position":2,"name":"Solo la familia puede salvar Catalu\u00f1a"}]},{"@type":"WebSite","@id":"https:\/\/conversesacatalunya.cat\/#website","url":"https:\/\/conversesacatalunya.cat\/","name":"Converses a Catalunya","description":"","potentialAction":[{"@type":"SearchAction","target":{"@type":"EntryPoint","urlTemplate":"https:\/\/conversesacatalunya.cat\/?s={search_term_string}"},"query-input":{"@type":"PropertyValueSpecification","valueRequired":true,"valueName":"search_term_string"}}],"inLanguage":"es"},{"@type":"Person","@id":"https:\/\/conversesacatalunya.cat\/#\/schema\/person\/158977e8a6f4c10be20fb1e30375371b","name":"Carles Ros Arpa","image":{"@type":"ImageObject","inLanguage":"es","@id":"https:\/\/conversesacatalunya.cat\/#\/schema\/person\/image\/","url":"https:\/\/conversesacatalunya.cat\/wp-content\/litespeed\/avatar\/ba530fe068c88283940054d0b5ea1f09.jpg?ver=1777376928","contentUrl":"https:\/\/conversesacatalunya.cat\/wp-content\/litespeed\/avatar\/ba530fe068c88283940054d0b5ea1f09.jpg?ver=1777376928","caption":"Carles Ros Arpa"},"url":"https:\/\/conversesacatalunya.cat\/es\/author\/carles-ros-arpa\/"}]}},"wps_subtitle":"Se trata de superar el individualismo que elude los compromisos permanentes y estables, poner la confianza en los v\u00ednculos familiares y reforzarlos.","_links":{"self":[{"href":"https:\/\/conversesacatalunya.cat\/es\/wp-json\/wp\/v2\/posts\/80088","targetHints":{"allow":["GET"]}}],"collection":[{"href":"https:\/\/conversesacatalunya.cat\/es\/wp-json\/wp\/v2\/posts"}],"about":[{"href":"https:\/\/conversesacatalunya.cat\/es\/wp-json\/wp\/v2\/types\/post"}],"author":[{"embeddable":true,"href":"https:\/\/conversesacatalunya.cat\/es\/wp-json\/wp\/v2\/users\/6"}],"replies":[{"embeddable":true,"href":"https:\/\/conversesacatalunya.cat\/es\/wp-json\/wp\/v2\/comments?post=80088"}],"version-history":[{"count":8,"href":"https:\/\/conversesacatalunya.cat\/es\/wp-json\/wp\/v2\/posts\/80088\/revisions"}],"predecessor-version":[{"id":80097,"href":"https:\/\/conversesacatalunya.cat\/es\/wp-json\/wp\/v2\/posts\/80088\/revisions\/80097"}],"wp:featuredmedia":[{"embeddable":true,"href":"https:\/\/conversesacatalunya.cat\/es\/wp-json\/wp\/v2\/media\/80082"}],"wp:attachment":[{"href":"https:\/\/conversesacatalunya.cat\/es\/wp-json\/wp\/v2\/media?parent=80088"}],"wp:term":[{"taxonomy":"category","embeddable":true,"href":"https:\/\/conversesacatalunya.cat\/es\/wp-json\/wp\/v2\/categories?post=80088"},{"taxonomy":"post_tag","embeddable":true,"href":"https:\/\/conversesacatalunya.cat\/es\/wp-json\/wp\/v2\/tags?post=80088"}],"curies":[{"name":"wp","href":"https:\/\/api.w.org\/{rel}","templated":true}]}}