{"id":80075,"date":"2024-07-18T13:32:41","date_gmt":"2024-07-18T11:32:41","guid":{"rendered":"https:\/\/conversesacatalunya.cat\/la-crisi-creixent-de-les-residencies-per-a-la-gent-gran\/"},"modified":"2024-07-18T13:46:50","modified_gmt":"2024-07-18T11:46:50","slug":"la-crisis-creciente-de-las-residencias-para-la-gente-mayor","status":"publish","type":"post","link":"https:\/\/conversesacatalunya.cat\/es\/la-crisis-creciente-de-las-residencias-para-la-gente-mayor\/","title":{"rendered":"La crisis creciente de las residencias para la gente mayor"},"content":{"rendered":"<p><span>Hay un problema evidente y escandaloso: la\u00a0<\/span><strong><span>crisis de las residencias para la gente mayor<\/span><\/strong><span>. Sobre todo todas aquellas que dependen de alg\u00fan tipo de convenio o consorcio con las administraciones p\u00fablicas y, especialmente, con la Generalitat. Las que son de gesti\u00f3n directa de la Generalitat, sin haber resuelto los inconvenientes de un modelo que se revela poco humano en relaci\u00f3n a las personas, presentan relaciones de asistencia para residente de todo tipo (m\u00e9dico, asistencial, social) razonables. Pero, claro, \u00e9stos son centros num\u00e9ricamente minoritarios y que disfrutan, como la escuela p\u00fablica, de la <\/span><strong><span>financiaci\u00f3n directa de la Generalitat<\/span><\/strong><span>.<\/span><\/p>\n<h3><strong><span>Diferencias entre gesti\u00f3n p\u00fablica y privada<\/span><\/strong><\/h3>\n<p><span>La situaci\u00f3n es muy diferente en aquellas residencias que tienen una\u00a0<\/span><strong><span>gesti\u00f3n privada o social<\/span><\/strong><span>, cada vez m\u00e1s acogidas por empresas y que son financiadas por medio de un convenio con la Generalitat. Aqu\u00ed, como tambi\u00e9n ocurre en la escuela concertada, lo que se paga por plaza nada tiene que ver con el <\/span><strong><span>coste real<\/span><\/strong><span>\u00a0de una residencia p\u00fablica gestionada por la Generalitat porque es muy inferior y, por tanto, hay un d\u00e9ficit.<\/span><\/p>\n<p><span>En la\u00a0<\/span><a href=\"https:\/\/conversesacatalunya.cat\/es\/el-drama-de-la-escuela-concertada-o-para-que-sirven-las-leyes-en-nuestro-pais\/\" target=\"_blank\" rel=\"noopener\"><span>escuela concertada<\/span><\/a><span> esto se resuelve mal, pero se resuelve con la cuota y con salarios y horarios por parte de los maestros y profesores peores que los funcionarios de la educaci\u00f3n de la escuela p\u00fablica. Sin embargo, esta reducci\u00f3n en los centros asistidos tiene consecuencias muy negativas porque da lugar a prescindir de cuidados b\u00e1sicos y a una tendencia creciente a supermedicar a los ancianos para tenerlos tranquilos la mayor parte del tiempo.<\/span><\/p>\n<h3><strong><span>El papel de las congregaciones religiosas<\/span><\/strong><\/h3>\n<p><span>Hasta ahora, una parte de este sector no p\u00fablico gozaba de la suerte de que hab\u00eda\u00a0<\/span><strong><span>congregaciones religiosas femeninas<\/span><\/strong><span>, cuya vocaci\u00f3n estaba en la asistencia a las personas mayores, lo que permit\u00eda, con muy poco dinero, dar un gran servicio. Es el caso bien conocido de las <\/span><a href=\"https:\/\/www.hermanitasdelospobres.es\/\" target=\"_blank\" rel=\"noopener\"><span>Hermanitas de los Pobres<\/span><\/a><span>, aunque hay muchas m\u00e1s congregaciones que se dedican a esta tarea.<\/span><\/p>\n<p><span>La falta de vocaciones y el envejecimiento de las monjas hace que progresivamente \u00e9stas tengan que abandonar la tarea, como ha ocurrido, por ejemplo, en la residencia Nuestra Se\u00f1ora de Montserrat, de Palafrugell. Fundada por la congregaci\u00f3n las Hermanitas de los Ancianos Desamparados. Hace m\u00e1s de cien a\u00f1os, las religiosas se hicieron cargo de la residencia hasta finales de octubre de 2023, a\u00f1o en que, debido a su avanzada edad, tuvieron que marcharse de Palafrugell y traspasaron la gesti\u00f3n de la residencia a Dama Gesti\u00f3n Empresarial, SL. A su vez, esta empresa ha subcontratado el servicio a PALGESA SOCIO ASISTENCIAL, SL. El resultado de todo este escalado es una <\/span><strong><span>p\u00e9rdida radical de la calidad del servicio<\/span><\/strong><span>, despidiendo a personas y reduciendo plantilla.<\/span><\/p>\n<h3><strong><span>Problemas y causas de la crisis<\/span><\/strong><\/h3>\n<p><span>Todos estos problemas inmediatos necesitan\u00a0<\/span><strong><span>una respuesta urgente<\/span><\/strong><span>\u00a0que el Departamento de Derechos Sociales no da, por mucho que hable. Su origen est\u00e1 lejano y no ha sido rectificado. La causa original es la\u00a0<\/span><a href=\"https:\/\/conversesacatalunya-cat.translate.goog\/la-polemica-dels-copagaments-en-la-llei-de-dependencia\/?_x_tr_sl=ca&amp;_x_tr_tl=es&amp;_x_tr_hl=es&amp;_x_tr_pto=wapp\" target=\"_blank\" rel=\"noopener\"><strong><span>ley de la dependencia<\/span><\/strong><\/a><span>\u00a0que se aprob\u00f3 en la \u00e9poca Zapatero, presentada como el cuarto pilar del estado del bienestar, pero tal y como pod\u00eda preverse, su resultado ha sido muy deficiente. Se pod\u00eda prever por dos razones.<\/span><\/p>\n<p><strong><span>La primera<\/span><\/strong><span>, se pod\u00eda ver en la memoria econ\u00f3mica que acompa\u00f1aba la ley en el momento de su aprobaci\u00f3n. Para empezar, se demostraba que no se sab\u00eda exactamente cu\u00e1ntas personas dependientes pod\u00eda haber en Espa\u00f1a porque, en funci\u00f3n de la p\u00e1gina de la memoria, la cifra resultante era una u otra. <strong>Despu\u00e9s<\/strong>, porque las previsiones sobre el coste de los servicios estaban absolutamente subvaloradas, especialmente en relaci\u00f3n a comunidades de mayor nivel de renta, como Catalu\u00f1a.<\/span><\/p>\n<p><span><strong>Adem\u00e1s<\/strong>, auspiciaba un modelo dirigido por la ideolog\u00eda que ahora ya se ha rectificado de palabra, en el que la tesis era que la persona dependiente, muy mayoritariamente la gente mayor, deb\u00eda ser atendida en residencias a fin de liberar a las personas de su entorno de esta labor. Eran efluvios de la desdichada \u201cmoda sueca\u201d.<\/span><\/p>\n<h3><strong><span>Necesidades y modelos actuales para las residencias<\/span><\/strong><\/h3>\n<p><span>Con el paso del tiempo se han visto dos cosas: era imposible generar la cantidad de plazas que se necesitar\u00edan y, adem\u00e1s,\u00a0<\/span><strong><span>el cuidado en casa es siempre mejor para la persona<\/span><\/strong><span>.<\/span><\/p>\n<p><span>Es evidente tambi\u00e9n que una persona mayor que acude a una residencia no equivale autom\u00e1ticamente a una persona dependiente, pero tambi\u00e9n es patente que la mayor\u00eda presentan un nivel de dependencia significativo y en algunos casos total. Por tanto, las residencias hacen esta funci\u00f3n:\u00a0<\/span><strong><span>atender a personas que no se pueden valer por s\u00ed mismas por la edad<\/span><\/strong><span>.<\/span><\/p>\n<p><span>Y aqu\u00ed habr\u00eda un primer punto de corte: no se deben mezclar personas mayores con necesidades porque tienen sus capacidades m\u00e1s o menos disminuidas, f\u00edsicas o cognitivas, con otras que se encuentran perfectamente bien para su edad y lo que necesitan es no tener que ocuparse de las tareas diarias del hogar. De hecho, existe un consenso generalizado de que el actual modelo de residencia no sirve y se han definido nuevos, mucho m\u00e1s atractivos.<\/span><\/p>\n<h3><strong><span>Regulaci\u00f3n y prioridades para un futuro mejor<\/span><\/strong><\/h3>\n<p><span>Pero lo que no hay en modo alguno es, primero, la\u00a0<\/span><strong><span>necesidad de resolver la financiaci\u00f3n<\/span><\/strong><span> de las residencias en su fase actual y velar por una mejora del servicio. No es necesario cuestionar que el trabajo lo realice una empresa, pero s\u00ed que la Generalitat debe garantizar unos est\u00e1ndares de servicio y un control de su prestaci\u00f3n, evitando que se practique una especie de almacenamiento de personas mayores.<\/span><\/p>\n<p><span>Por otra parte, es evidente que el marco legislativo que regula todas estas cuestiones est\u00e1 ampliamente superado y\u00a0<\/span><strong><span>es necesaria una nueva regulaci\u00f3n<\/span><\/strong><span>\u00a0que integre todos los aspectos. Debe dar prioridad a las familias para poder atender a sus mayores en casa si les es posible, regular la atenci\u00f3n a estas familias, se\u00f1alar una financiaci\u00f3n realista desde el principio y dejar asentados los nuevos modelos residenciales. Todo esto es imperativo. El problema es que el trabajo a realizar no se ve por ninguna parte.<\/span><\/p>\n<div id=\"polls-250\" class=\"wp-polls\">\n\t<form id=\"polls_form_250\" class=\"wp-polls-form\" action=\"\/index.php\" method=\"post\">\n\t\t<p style=\"display: none;\"><input type=\"hidden\" id=\"poll_250_nonce\" name=\"wp-polls-nonce\" value=\"826da8b4a1\" \/><\/p>\n\t\t<p style=\"display: none;\"><input type=\"hidden\" name=\"poll_id\" value=\"250\" \/><\/p>\n\t\t<p style=\"text-align: center\"><strong>Creus que l'atemptat contra Trump ha estat organitzat o b\u00e9 \u00e9s un fet espontani?<\/strong><\/p><div id=\"polls-250-ans\" class=\"wp-polls-ans\"><ul class=\"wp-polls-ul\">\n\t\t<li><input type=\"radio\" id=\"poll-answer-702\" name=\"poll_250\" value=\"702\" \/> <label for=\"poll-answer-702\">Ha estat organitzat<\/label><\/li>\n\t\t<li><input type=\"radio\" id=\"poll-answer-703\" name=\"poll_250\" value=\"703\" \/> <label for=\"poll-answer-703\">\u00c9s un fet espontani<\/label><\/li>\n\t\t<li><input type=\"radio\" id=\"poll-answer-704\" name=\"poll_250\" value=\"704\" \/> <label for=\"poll-answer-704\">No ho s\u00e9<\/label><\/li>\n\t\t<\/ul><p style=\"text-align: center\"><input type=\"button\" name=\"vote\" value=\"   Vota   \" class=\"Buttons\" onclick=\"poll_vote(250);\" \/><\/p><p style=\"text-align: center\"><a href=\"#ViewPollResults\" onclick=\"poll_result(250); return false;\" title=\"View Results Of This Poll\">Mira els resultats<\/a><\/p><\/div>\n\t<\/form>\n<\/div>\n<div id=\"polls-250-loading\" class=\"wp-polls-loading\"><img decoding=\"async\" data-src=\"https:\/\/conversesacatalunya.cat\/wp-content\/plugins\/wp-polls\/images\/loading.gif\" width=\"16\" height=\"16\" alt=\"Cargando ...\" title=\"Cargando ...\" class=\"wp-polls-image lazyload\" src=\"data:image\/svg+xml;base64,PHN2ZyB3aWR0aD0iMSIgaGVpZ2h0PSIxIiB4bWxucz0iaHR0cDovL3d3dy53My5vcmcvMjAwMC9zdmciPjwvc3ZnPg==\" style=\"--smush-placeholder-width: 16px; --smush-placeholder-aspect-ratio: 16\/16;\" \/>&nbsp;Cargando ...<\/div>\n\n","protected":false},"excerpt":{"rendered":"<p>Hay un problema evidente y escandaloso: la\u00a0crisis de las residencias para la gente mayor. Sobre todo todas aquellas que dependen de alg\u00fan tipo de convenio o consorcio con las administraciones p\u00fablicas y, especialmente, con la Generalitat. Las que son de gesti\u00f3n directa de la Generalitat, sin haber resuelto los inconvenientes de un modelo que se revela poco humano en relaci\u00f3n a las personas, presentan relaciones de asistencia para residente de todo tipo (m\u00e9dico, asistencial, social) razonables. Pero, claro, \u00e9stos son centros num\u00e9ricamente minoritarios y que disfrutan, como la escuela p\u00fablica, de la financiaci\u00f3n directa de la Generalitat. Diferencias entre gesti\u00f3n p\u00fablica y privada La situaci\u00f3n es muy diferente en aquellas residencias que tienen una\u00a0gesti\u00f3n privada o social, cada vez m\u00e1s acogidas por empresas y que son financiadas por medio de un convenio con la Generalitat. Aqu\u00ed, como tambi\u00e9n ocurre en la escuela concertada, lo que se paga por plaza nada tiene que ver con el coste real\u00a0de una residencia p\u00fablica gestionada por la Generalitat porque es muy inferior y, por tanto, hay un d\u00e9ficit. En la\u00a0escuela concertada esto se resuelve mal, pero se resuelve con la cuota y con salarios y horarios por parte de los maestros y profesores peores que los funcionarios de la educaci\u00f3n de la escuela p\u00fablica. Sin embargo, esta reducci\u00f3n en los centros asistidos tiene consecuencias muy negativas porque da lugar a prescindir de cuidados b\u00e1sicos y a una tendencia creciente a supermedicar a los ancianos para tenerlos tranquilos la mayor parte del tiempo. El papel de las congregaciones religiosas Hasta ahora, una parte de este sector no p\u00fablico gozaba de la suerte de que hab\u00eda\u00a0congregaciones religiosas femeninas, cuya vocaci\u00f3n estaba en la asistencia a las personas mayores, lo que permit\u00eda, con muy poco dinero, dar un gran servicio. Es el caso bien conocido de las Hermanitas de los Pobres, aunque hay muchas m\u00e1s congregaciones que se dedican a esta tarea. La falta de vocaciones y el envejecimiento de las monjas hace que progresivamente \u00e9stas tengan que abandonar la tarea, como ha ocurrido, por ejemplo, en la residencia Nuestra Se\u00f1ora de Montserrat, de Palafrugell. Fundada por la congregaci\u00f3n las Hermanitas de los Ancianos Desamparados. Hace m\u00e1s de cien a\u00f1os, las religiosas se hicieron cargo de la residencia hasta finales de octubre de 2023, a\u00f1o en que, debido a su avanzada edad, tuvieron que marcharse de Palafrugell y traspasaron la gesti\u00f3n de la residencia a Dama Gesti\u00f3n Empresarial, SL. A su vez, esta empresa ha subcontratado el servicio a PALGESA SOCIO ASISTENCIAL, SL. El resultado de todo este escalado es una p\u00e9rdida radical de la calidad del servicio, despidiendo a personas y reduciendo plantilla. Problemas y causas de la crisis Todos estos problemas inmediatos necesitan\u00a0una respuesta urgente\u00a0que el Departamento de Derechos Sociales no da, por mucho que hable. Su origen est\u00e1 lejano y no ha sido rectificado. La causa original es la\u00a0ley de la dependencia\u00a0que se aprob\u00f3 en la \u00e9poca Zapatero, presentada como el cuarto pilar del estado del bienestar, pero tal y como pod\u00eda preverse, su resultado ha sido muy deficiente. Se pod\u00eda prever por dos razones. La primera, se pod\u00eda ver en la memoria econ\u00f3mica que acompa\u00f1aba la ley en el momento de su aprobaci\u00f3n. Para empezar, se demostraba que no se sab\u00eda exactamente cu\u00e1ntas personas dependientes pod\u00eda haber en Espa\u00f1a porque, en funci\u00f3n de la p\u00e1gina de la memoria, la cifra resultante era una u otra. Despu\u00e9s, porque las previsiones sobre el coste de los servicios estaban absolutamente subvaloradas, especialmente en relaci\u00f3n a comunidades de mayor nivel de renta, como Catalu\u00f1a. Adem\u00e1s, auspiciaba un modelo dirigido por la ideolog\u00eda que ahora ya se ha rectificado de palabra, en el que la tesis era que la persona dependiente, muy mayoritariamente la gente mayor, deb\u00eda ser atendida en residencias a fin de liberar a las personas de su entorno de esta labor. Eran efluvios de la desdichada \u201cmoda sueca\u201d. Necesidades y modelos actuales para las residencias Con el paso del tiempo se han visto dos cosas: era imposible generar la cantidad de plazas que se necesitar\u00edan y, adem\u00e1s,\u00a0el cuidado en casa es siempre mejor para la persona. Es evidente tambi\u00e9n que una persona mayor que acude a una residencia no equivale autom\u00e1ticamente a una persona dependiente, pero tambi\u00e9n es patente que la mayor\u00eda presentan un nivel de dependencia significativo y en algunos casos total. Por tanto, las residencias hacen esta funci\u00f3n:\u00a0atender a personas que no se pueden valer por s\u00ed mismas por la edad. Y aqu\u00ed habr\u00eda un primer punto de corte: no se deben mezclar personas mayores con necesidades porque tienen sus capacidades m\u00e1s o menos disminuidas, f\u00edsicas o cognitivas, con otras que se encuentran perfectamente bien para su edad y lo que necesitan es no tener que ocuparse de las tareas diarias del hogar. De hecho, existe un consenso generalizado de que el actual modelo de residencia no sirve y se han definido nuevos, mucho m\u00e1s atractivos. Regulaci\u00f3n y prioridades para un futuro mejor Pero lo que no hay en modo alguno es, primero, la\u00a0necesidad de resolver la financiaci\u00f3n de las residencias en su fase actual y velar por una mejora del servicio. No es necesario cuestionar que el trabajo lo realice una empresa, pero s\u00ed que la Generalitat debe garantizar unos est\u00e1ndares de servicio y un control de su prestaci\u00f3n, evitando que se practique una especie de almacenamiento de personas mayores. Por otra parte, es evidente que el marco legislativo que regula todas estas cuestiones est\u00e1 ampliamente superado y\u00a0es necesaria una nueva regulaci\u00f3n\u00a0que integre todos los aspectos. Debe dar prioridad a las familias para poder atender a sus mayores en casa si les es posible, regular la atenci\u00f3n a estas familias, se\u00f1alar una financiaci\u00f3n realista desde el principio y dejar asentados los nuevos modelos residenciales. Todo esto es imperativo. El problema es que el trabajo a realizar no se ve por ninguna parte.<\/p>\n","protected":false},"author":19,"featured_media":80071,"comment_status":"open","ping_status":"open","sticky":false,"template":"","format":"standard","meta":{"_FSMCFIC_featured_image_caption":"","_FSMCFIC_featured_image_nocaption":"","_FSMCFIC_featured_image_hide":"","footnotes":""},"categories":[806],"tags":[2380,2025],"class_list":["post-80075","post","type-post","status-publish","format-standard","has-post-thumbnail","hentry","category-punts-claus-del-dia-es","tag-ancianos","tag-residencias-de-ancianos"],"yoast_head":"<!-- This site is optimized with the Yoast SEO plugin v26.8 - https:\/\/yoast.com\/product\/yoast-seo-wordpress\/ -->\n<title>La crisis creciente de las residencias para la gente mayor - Converses a Catalunya<\/title>\n<meta name=\"description\" content=\"La crisis de las residencias para la gente mayor en Catalu\u00f1a revela problemas de financiaci\u00f3n y calidad de servicio.\" \/>\n<meta name=\"robots\" content=\"index, follow, max-snippet:-1, max-image-preview:large, max-video-preview:-1\" \/>\n<link rel=\"canonical\" href=\"https:\/\/conversesacatalunya.cat\/es\/la-crisis-creciente-de-las-residencias-para-la-gente-mayor\/\" \/>\n<meta property=\"og:locale\" content=\"es_ES\" \/>\n<meta property=\"og:type\" content=\"article\" \/>\n<meta property=\"og:title\" content=\"La crisis creciente de las residencias para la gente mayor - Converses a Catalunya\" \/>\n<meta property=\"og:description\" content=\"La crisis de las residencias para la gente mayor en Catalu\u00f1a revela problemas de financiaci\u00f3n y calidad de servicio.\" \/>\n<meta property=\"og:url\" content=\"https:\/\/conversesacatalunya.cat\/es\/la-crisis-creciente-de-las-residencias-para-la-gente-mayor\/\" \/>\n<meta property=\"og:site_name\" content=\"Converses a Catalunya\" \/>\n<meta property=\"article:published_time\" content=\"2024-07-18T11:32:41+00:00\" \/>\n<meta property=\"article:modified_time\" content=\"2024-07-18T11:46:50+00:00\" \/>\n<meta property=\"og:image\" content=\"https:\/\/conversesacatalunya.cat\/wp-content\/uploads\/2024\/07\/residencia-gent-gran.jpg\" \/>\n\t<meta property=\"og:image:width\" content=\"880\" \/>\n\t<meta property=\"og:image:height\" content=\"495\" \/>\n\t<meta property=\"og:image:type\" content=\"image\/jpeg\" \/>\n<meta name=\"author\" content=\"Josep Mir\u00f3 i Ard\u00e8vol\" \/>\n<meta name=\"twitter:card\" content=\"summary_large_image\" \/>\n<meta name=\"twitter:label1\" content=\"Escrito por\" \/>\n\t<meta name=\"twitter:data1\" content=\"Josep Mir\u00f3 i Ard\u00e8vol\" \/>\n\t<meta name=\"twitter:label2\" content=\"Tiempo de lectura\" \/>\n\t<meta name=\"twitter:data2\" content=\"5 minutos\" \/>\n<script type=\"application\/ld+json\" class=\"yoast-schema-graph\">{\"@context\":\"https:\/\/schema.org\",\"@graph\":[{\"@type\":\"Article\",\"@id\":\"https:\/\/conversesacatalunya.cat\/es\/la-crisis-creciente-de-las-residencias-para-la-gente-mayor\/#article\",\"isPartOf\":{\"@id\":\"https:\/\/conversesacatalunya.cat\/es\/la-crisis-creciente-de-las-residencias-para-la-gente-mayor\/\"},\"author\":{\"name\":\"Josep Mir\u00f3 i Ard\u00e8vol\",\"@id\":\"https:\/\/conversesacatalunya.cat\/#\/schema\/person\/a9598a6786ba7d3d1c5e0de477b79370\"},\"headline\":\"La crisis creciente de las residencias para la gente mayor\",\"datePublished\":\"2024-07-18T11:32:41+00:00\",\"dateModified\":\"2024-07-18T11:46:50+00:00\",\"mainEntityOfPage\":{\"@id\":\"https:\/\/conversesacatalunya.cat\/es\/la-crisis-creciente-de-las-residencias-para-la-gente-mayor\/\"},\"wordCount\":1065,\"commentCount\":0,\"image\":{\"@id\":\"https:\/\/conversesacatalunya.cat\/es\/la-crisis-creciente-de-las-residencias-para-la-gente-mayor\/#primaryimage\"},\"thumbnailUrl\":\"https:\/\/conversesacatalunya.cat\/wp-content\/uploads\/2024\/07\/residencia-gent-gran.jpg\",\"keywords\":[\"ancianos\",\"residencias de ancianos\"],\"articleSection\":[\"Punts clau del dia (ES)\"],\"inLanguage\":\"es\",\"potentialAction\":[{\"@type\":\"CommentAction\",\"name\":\"Comment\",\"target\":[\"https:\/\/conversesacatalunya.cat\/es\/la-crisis-creciente-de-las-residencias-para-la-gente-mayor\/#respond\"]}]},{\"@type\":\"WebPage\",\"@id\":\"https:\/\/conversesacatalunya.cat\/es\/la-crisis-creciente-de-las-residencias-para-la-gente-mayor\/\",\"url\":\"https:\/\/conversesacatalunya.cat\/es\/la-crisis-creciente-de-las-residencias-para-la-gente-mayor\/\",\"name\":\"La crisis creciente de las residencias para la gente mayor - Converses a Catalunya\",\"isPartOf\":{\"@id\":\"https:\/\/conversesacatalunya.cat\/#website\"},\"primaryImageOfPage\":{\"@id\":\"https:\/\/conversesacatalunya.cat\/es\/la-crisis-creciente-de-las-residencias-para-la-gente-mayor\/#primaryimage\"},\"image\":{\"@id\":\"https:\/\/conversesacatalunya.cat\/es\/la-crisis-creciente-de-las-residencias-para-la-gente-mayor\/#primaryimage\"},\"thumbnailUrl\":\"https:\/\/conversesacatalunya.cat\/wp-content\/uploads\/2024\/07\/residencia-gent-gran.jpg\",\"datePublished\":\"2024-07-18T11:32:41+00:00\",\"dateModified\":\"2024-07-18T11:46:50+00:00\",\"author\":{\"@id\":\"https:\/\/conversesacatalunya.cat\/#\/schema\/person\/a9598a6786ba7d3d1c5e0de477b79370\"},\"description\":\"La crisis de las residencias para la gente mayor en Catalu\u00f1a revela problemas de financiaci\u00f3n y calidad de servicio.\",\"breadcrumb\":{\"@id\":\"https:\/\/conversesacatalunya.cat\/es\/la-crisis-creciente-de-las-residencias-para-la-gente-mayor\/#breadcrumb\"},\"inLanguage\":\"es\",\"potentialAction\":[{\"@type\":\"ReadAction\",\"target\":[\"https:\/\/conversesacatalunya.cat\/es\/la-crisis-creciente-de-las-residencias-para-la-gente-mayor\/\"]}]},{\"@type\":\"ImageObject\",\"inLanguage\":\"es\",\"@id\":\"https:\/\/conversesacatalunya.cat\/es\/la-crisis-creciente-de-las-residencias-para-la-gente-mayor\/#primaryimage\",\"url\":\"https:\/\/conversesacatalunya.cat\/wp-content\/uploads\/2024\/07\/residencia-gent-gran.jpg\",\"contentUrl\":\"https:\/\/conversesacatalunya.cat\/wp-content\/uploads\/2024\/07\/residencia-gent-gran.jpg\",\"width\":880,\"height\":495,\"caption\":\"cr\"},{\"@type\":\"BreadcrumbList\",\"@id\":\"https:\/\/conversesacatalunya.cat\/es\/la-crisis-creciente-de-las-residencias-para-la-gente-mayor\/#breadcrumb\",\"itemListElement\":[{\"@type\":\"ListItem\",\"position\":1,\"name\":\"Inici\",\"item\":\"https:\/\/conversesacatalunya.cat\/es\/\"},{\"@type\":\"ListItem\",\"position\":2,\"name\":\"La crisis creciente de las residencias para la gente mayor\"}]},{\"@type\":\"WebSite\",\"@id\":\"https:\/\/conversesacatalunya.cat\/#website\",\"url\":\"https:\/\/conversesacatalunya.cat\/\",\"name\":\"Converses a Catalunya\",\"description\":\"\",\"potentialAction\":[{\"@type\":\"SearchAction\",\"target\":{\"@type\":\"EntryPoint\",\"urlTemplate\":\"https:\/\/conversesacatalunya.cat\/?s={search_term_string}\"},\"query-input\":{\"@type\":\"PropertyValueSpecification\",\"valueRequired\":true,\"valueName\":\"search_term_string\"}}],\"inLanguage\":\"es\"},{\"@type\":\"Person\",\"@id\":\"https:\/\/conversesacatalunya.cat\/#\/schema\/person\/a9598a6786ba7d3d1c5e0de477b79370\",\"name\":\"Josep Mir\u00f3 i Ard\u00e8vol\",\"image\":{\"@type\":\"ImageObject\",\"inLanguage\":\"es\",\"@id\":\"https:\/\/conversesacatalunya.cat\/#\/schema\/person\/image\/\",\"url\":\"https:\/\/conversesacatalunya.cat\/wp-content\/litespeed\/avatar\/c37e3dc881857483d6694cdf98fdedea.jpg?ver=1777270381\",\"contentUrl\":\"https:\/\/conversesacatalunya.cat\/wp-content\/litespeed\/avatar\/c37e3dc881857483d6694cdf98fdedea.jpg?ver=1777270381\",\"caption\":\"Josep Mir\u00f3 i Ard\u00e8vol\"},\"url\":\"https:\/\/conversesacatalunya.cat\/es\/author\/josep-miro-i-ardevol\/\"}]}<\/script>\n<!-- \/ Yoast SEO plugin. -->","yoast_head_json":{"title":"La crisis creciente de las residencias para la gente mayor - Converses a Catalunya","description":"La crisis de las residencias para la gente mayor en Catalu\u00f1a revela problemas de financiaci\u00f3n y calidad de servicio.","robots":{"index":"index","follow":"follow","max-snippet":"max-snippet:-1","max-image-preview":"max-image-preview:large","max-video-preview":"max-video-preview:-1"},"canonical":"https:\/\/conversesacatalunya.cat\/es\/la-crisis-creciente-de-las-residencias-para-la-gente-mayor\/","og_locale":"es_ES","og_type":"article","og_title":"La crisis creciente de las residencias para la gente mayor - Converses a Catalunya","og_description":"La crisis de las residencias para la gente mayor en Catalu\u00f1a revela problemas de financiaci\u00f3n y calidad de servicio.","og_url":"https:\/\/conversesacatalunya.cat\/es\/la-crisis-creciente-de-las-residencias-para-la-gente-mayor\/","og_site_name":"Converses a Catalunya","article_published_time":"2024-07-18T11:32:41+00:00","article_modified_time":"2024-07-18T11:46:50+00:00","og_image":[{"width":880,"height":495,"url":"https:\/\/conversesacatalunya.cat\/wp-content\/uploads\/2024\/07\/residencia-gent-gran.jpg","type":"image\/jpeg"}],"author":"Josep Mir\u00f3 i Ard\u00e8vol","twitter_card":"summary_large_image","twitter_misc":{"Escrito por":"Josep Mir\u00f3 i Ard\u00e8vol","Tiempo de lectura":"5 minutos"},"schema":{"@context":"https:\/\/schema.org","@graph":[{"@type":"Article","@id":"https:\/\/conversesacatalunya.cat\/es\/la-crisis-creciente-de-las-residencias-para-la-gente-mayor\/#article","isPartOf":{"@id":"https:\/\/conversesacatalunya.cat\/es\/la-crisis-creciente-de-las-residencias-para-la-gente-mayor\/"},"author":{"name":"Josep Mir\u00f3 i Ard\u00e8vol","@id":"https:\/\/conversesacatalunya.cat\/#\/schema\/person\/a9598a6786ba7d3d1c5e0de477b79370"},"headline":"La crisis creciente de las residencias para la gente mayor","datePublished":"2024-07-18T11:32:41+00:00","dateModified":"2024-07-18T11:46:50+00:00","mainEntityOfPage":{"@id":"https:\/\/conversesacatalunya.cat\/es\/la-crisis-creciente-de-las-residencias-para-la-gente-mayor\/"},"wordCount":1065,"commentCount":0,"image":{"@id":"https:\/\/conversesacatalunya.cat\/es\/la-crisis-creciente-de-las-residencias-para-la-gente-mayor\/#primaryimage"},"thumbnailUrl":"https:\/\/conversesacatalunya.cat\/wp-content\/uploads\/2024\/07\/residencia-gent-gran.jpg","keywords":["ancianos","residencias de ancianos"],"articleSection":["Punts clau del dia (ES)"],"inLanguage":"es","potentialAction":[{"@type":"CommentAction","name":"Comment","target":["https:\/\/conversesacatalunya.cat\/es\/la-crisis-creciente-de-las-residencias-para-la-gente-mayor\/#respond"]}]},{"@type":"WebPage","@id":"https:\/\/conversesacatalunya.cat\/es\/la-crisis-creciente-de-las-residencias-para-la-gente-mayor\/","url":"https:\/\/conversesacatalunya.cat\/es\/la-crisis-creciente-de-las-residencias-para-la-gente-mayor\/","name":"La crisis creciente de las residencias para la gente mayor - Converses a Catalunya","isPartOf":{"@id":"https:\/\/conversesacatalunya.cat\/#website"},"primaryImageOfPage":{"@id":"https:\/\/conversesacatalunya.cat\/es\/la-crisis-creciente-de-las-residencias-para-la-gente-mayor\/#primaryimage"},"image":{"@id":"https:\/\/conversesacatalunya.cat\/es\/la-crisis-creciente-de-las-residencias-para-la-gente-mayor\/#primaryimage"},"thumbnailUrl":"https:\/\/conversesacatalunya.cat\/wp-content\/uploads\/2024\/07\/residencia-gent-gran.jpg","datePublished":"2024-07-18T11:32:41+00:00","dateModified":"2024-07-18T11:46:50+00:00","author":{"@id":"https:\/\/conversesacatalunya.cat\/#\/schema\/person\/a9598a6786ba7d3d1c5e0de477b79370"},"description":"La crisis de las residencias para la gente mayor en Catalu\u00f1a revela problemas de financiaci\u00f3n y calidad de servicio.","breadcrumb":{"@id":"https:\/\/conversesacatalunya.cat\/es\/la-crisis-creciente-de-las-residencias-para-la-gente-mayor\/#breadcrumb"},"inLanguage":"es","potentialAction":[{"@type":"ReadAction","target":["https:\/\/conversesacatalunya.cat\/es\/la-crisis-creciente-de-las-residencias-para-la-gente-mayor\/"]}]},{"@type":"ImageObject","inLanguage":"es","@id":"https:\/\/conversesacatalunya.cat\/es\/la-crisis-creciente-de-las-residencias-para-la-gente-mayor\/#primaryimage","url":"https:\/\/conversesacatalunya.cat\/wp-content\/uploads\/2024\/07\/residencia-gent-gran.jpg","contentUrl":"https:\/\/conversesacatalunya.cat\/wp-content\/uploads\/2024\/07\/residencia-gent-gran.jpg","width":880,"height":495,"caption":"cr"},{"@type":"BreadcrumbList","@id":"https:\/\/conversesacatalunya.cat\/es\/la-crisis-creciente-de-las-residencias-para-la-gente-mayor\/#breadcrumb","itemListElement":[{"@type":"ListItem","position":1,"name":"Inici","item":"https:\/\/conversesacatalunya.cat\/es\/"},{"@type":"ListItem","position":2,"name":"La crisis creciente de las residencias para la gente mayor"}]},{"@type":"WebSite","@id":"https:\/\/conversesacatalunya.cat\/#website","url":"https:\/\/conversesacatalunya.cat\/","name":"Converses a Catalunya","description":"","potentialAction":[{"@type":"SearchAction","target":{"@type":"EntryPoint","urlTemplate":"https:\/\/conversesacatalunya.cat\/?s={search_term_string}"},"query-input":{"@type":"PropertyValueSpecification","valueRequired":true,"valueName":"search_term_string"}}],"inLanguage":"es"},{"@type":"Person","@id":"https:\/\/conversesacatalunya.cat\/#\/schema\/person\/a9598a6786ba7d3d1c5e0de477b79370","name":"Josep Mir\u00f3 i Ard\u00e8vol","image":{"@type":"ImageObject","inLanguage":"es","@id":"https:\/\/conversesacatalunya.cat\/#\/schema\/person\/image\/","url":"https:\/\/conversesacatalunya.cat\/wp-content\/litespeed\/avatar\/c37e3dc881857483d6694cdf98fdedea.jpg?ver=1777270381","contentUrl":"https:\/\/conversesacatalunya.cat\/wp-content\/litespeed\/avatar\/c37e3dc881857483d6694cdf98fdedea.jpg?ver=1777270381","caption":"Josep Mir\u00f3 i Ard\u00e8vol"},"url":"https:\/\/conversesacatalunya.cat\/es\/author\/josep-miro-i-ardevol\/"}]}},"wps_subtitle":"Dificultades en las residencias para la gente mayor: Financiaci\u00f3n insuficiente y calidad comprometida","_links":{"self":[{"href":"https:\/\/conversesacatalunya.cat\/es\/wp-json\/wp\/v2\/posts\/80075","targetHints":{"allow":["GET"]}}],"collection":[{"href":"https:\/\/conversesacatalunya.cat\/es\/wp-json\/wp\/v2\/posts"}],"about":[{"href":"https:\/\/conversesacatalunya.cat\/es\/wp-json\/wp\/v2\/types\/post"}],"author":[{"embeddable":true,"href":"https:\/\/conversesacatalunya.cat\/es\/wp-json\/wp\/v2\/users\/19"}],"replies":[{"embeddable":true,"href":"https:\/\/conversesacatalunya.cat\/es\/wp-json\/wp\/v2\/comments?post=80075"}],"version-history":[{"count":2,"href":"https:\/\/conversesacatalunya.cat\/es\/wp-json\/wp\/v2\/posts\/80075\/revisions"}],"predecessor-version":[{"id":80077,"href":"https:\/\/conversesacatalunya.cat\/es\/wp-json\/wp\/v2\/posts\/80075\/revisions\/80077"}],"wp:featuredmedia":[{"embeddable":true,"href":"https:\/\/conversesacatalunya.cat\/es\/wp-json\/wp\/v2\/media\/80071"}],"wp:attachment":[{"href":"https:\/\/conversesacatalunya.cat\/es\/wp-json\/wp\/v2\/media?parent=80075"}],"wp:term":[{"taxonomy":"category","embeddable":true,"href":"https:\/\/conversesacatalunya.cat\/es\/wp-json\/wp\/v2\/categories?post=80075"},{"taxonomy":"post_tag","embeddable":true,"href":"https:\/\/conversesacatalunya.cat\/es\/wp-json\/wp\/v2\/tags?post=80075"}],"curies":[{"name":"wp","href":"https:\/\/api.w.org\/{rel}","templated":true}]}}