{"id":80027,"date":"2024-07-17T12:09:00","date_gmt":"2024-07-17T10:09:00","guid":{"rendered":"https:\/\/conversesacatalunya.cat\/j-d-vance-candidat-a-la-vicepresidencia-eua\/"},"modified":"2024-07-17T15:13:35","modified_gmt":"2024-07-17T13:13:35","slug":"j-d-vance-candidato-a-la-vicepresidencia-eeuu","status":"publish","type":"post","link":"https:\/\/conversesacatalunya.cat\/es\/j-d-vance-candidato-a-la-vicepresidencia-eeuu\/","title":{"rendered":"JD Vance: El nuevo candidato a la vicepresidencia de EEUU, un elogio americano"},"content":{"rendered":"<p><a href=\"https:\/\/es.wikipedia.org\/wiki\/J._D._Vance\" target=\"_blank\" rel=\"noopener\">JD Vance<\/a>, candidato a la vicepresidencia de EEUU, ahora nominado \u201ccompa\u00f1ero de ticket\u201d electoral de Trump, es un reci\u00e9n llegado a la pol\u00edtica pese a ser senador por Ohio, uno de los seis estados clave en las elecciones presidenciales, y era un perfecto desconocido hace menos de una d\u00e9cada. Su nombre logr\u00f3 una gran notoriedad por un libro de memorias, lo que no deja de ser sorprendente para una persona nacida en 1984.<\/p>\n<h3>Hillbilly Elegy: una memoria de lucha y superaci\u00f3n<\/h3>\n<p>Se trata de \u201c\u00a0<a href=\"https:\/\/en.wikipedia.org\/wiki\/Hillbilly_Elegy\" target=\"_blank\" rel=\"noopener\">Hillbilly Elegy<\/a>: En Memoir of Family and Culture in Crisis\u201d, que ha sido traducido al castellano como \u201cHillbilly, una eleg\u00eda rural\u201d. En \u00e9l, Vance explora su infancia y juventud en una familia pobre y desestructurada en el Rust Belt de EE.UU., principalmente en Ohio y Kentucky. La utilizaci\u00f3n de la palabra eleg\u00eda en la traducci\u00f3n hace referencia a la tristeza o lamentaci\u00f3n que conlleva la p\u00e9rdida de algo significativo, en este caso, la cultura hillbilly, de los habitantes de las zonas rurales de los Apalaches, un nombre que incluso, seg\u00fan en qu\u00e9 contexto, tiene un car\u00e1cter peyorativo.<\/p>\n<h4>Los valores y las cr\u00edticas de JD Vance<\/h4>\n<p>En su texto, el ahora candidato a vicepresidente destaca los valores de la lealtad familiar, pero tambi\u00e9n aborda aspectos negativos de aquellas comunidades, como la violencia, la drogadicci\u00f3n y la carencia de aspiraciones educativas y laborales. Analiza c\u00f3mo la desindustrializaci\u00f3n y la p\u00e9rdida de puestos de trabajo han afectado profundamente a las comunidades de aquella regi\u00f3n y han llevado a una crisis de desesperanza y desarraigo.<\/p>\n<p>En este contexto, JD Vance cuenta su vida, con una infancia continuamente arrastrada por su madre adicta y cambiando de hogar en funci\u00f3n de la pareja de turno, una situaci\u00f3n de la que logra emerger gracias al apoyo de sus abuelos. Vance se apunta a los marines y participa en la guerra de Irak. El hecho de conseguir graduarse en la Universidad Estatal de Ohio y, sobre todo, doctorarse en una facultad de derecho de \u00e9lite estadounidense como Yale, marca su evoluci\u00f3n. Est\u00e1 casado con una compa\u00f1era de la universidad, tambi\u00e9n abogada, hija de inmigrantes hind\u00faes, con la que tiene tres hijos. Se convirti\u00f3 al catolicismo en el 2019.<\/p>\n<h3>S\u00f3lo 40 A\u00f1os y ya candidato a la vicepresidencia<\/h3>\n<p>En el libro hace una declaraci\u00f3n de intenciones cuando explica que tiene serias dudas de que nadie est\u00e9 interesado en leer un texto de una persona que no tiene especial importancia. Dice: \u201cno soy senador -ahora ya lo es-, ni gobernador, ni he creado una empresa de 2 millones de d\u00f3lares o una organizaci\u00f3n para cambiar el mundo. No he hecho nada extraordinario\u201d. Pero, entonces, a\u00f1ade que ha conseguido \u201calgo ordinario, un matrimonio con hijos, perros y un trabajo que es una realidad de donde nac\u00ed \u2013dice Vance\u2013 en Middletown, Ohio, es inconcebible porque en su entorno los m\u00e1s afortunados viven de ayudas y los m\u00e1s desgraciados mueren de sobredosis\u201d.<\/p>\n<p>Por tanto, un realismo descarnado, pero tambi\u00e9n un anuncio de\u00a0<strong>c\u00f3mo es posible salir de la crisis<\/strong>. Su conversi\u00f3n al cristianismo en el priorato dominico de Santa Gertrudis en Cincinnati (Ohio) la hizo en presencia de su amigo Rod Dreher, un autor cristiano muy conocido internacionalmente por dos de sus libros \u201cLa opci\u00f3n benedictina\u201d y \u201cVivir sin mentiras: manual para la disidencia cristiana\u201d.<\/p>\n<p>JD Vance ha sido nombrado\u00a0<strong>candidato a la vicepresidencia con Trump<\/strong>\u00a0a pocos d\u00edas de cumplir los 40 a\u00f1os, que cumplir\u00e1 el 2 de agosto. Es una historia personal de esfuerzo y \u00e9xito, un signo que, sin embargo, la idea del sue\u00f1o americano todav\u00eda persiste. Su trayectoria es digna de admiraci\u00f3n y elogio, pero para nuestros medios de comunicaci\u00f3n presenta tres graves inconvenientes que le invalidan totalmente. No tienen nada que ver con su capacidad de trabajo o de sacrificio, sino b\u00e1sicamente con que es muy cr\u00edtico con\u00a0<a href=\"https:\/\/conversesacatalunya.cat\/es\/tribunal-supremo-de-ee-uu-el-aborto-en-la-cuerda-floja\/\" target=\"_blank\" rel=\"noopener\">el aborto<\/a>, con la guerra de Irak y, adem\u00e1s, ahora es candidato con Trump, hechos m\u00e1s que suficientes para calificarlo en t\u00e9rminos bien negativos.<\/p>\n<p>JD Vance tambi\u00e9n es una expresi\u00f3n joven de c\u00f3mo nuestro tiempo ha registrado una gran inversi\u00f3n. Quienes defienden los desheredados, los hillbillies, los \u201cdeplorables\u201d a los que se refer\u00eda Hillary Clinton cuando era candidata a la presidencia, es la derecha, mientras que la progres\u00eda se ha convertido en la representaci\u00f3n de las \u00e9lites urbanas en su sentido m\u00e1s amplio, un esquema este para EEUU que tiene muchos puntos de contacto con el escenario que vive actualmente Francia.<\/p>\n<div class=\"code-block code-block-6\"><span class='bctt-click-to-tweet'><span class='bctt-ctt-text'><a href='https:\/\/twitter.com\/intent\/tweet?url=https%3A%2F%2Fconversesacatalunya.cat%2Fes%2Fj-d-vance-candidato-a-la-vicepresidencia-eeuu%2F&#038;text=JD%20Vance%3A%20El%20nuevo%20candidato%20a%20la%20vicepresidencia%20de%20EEUU%2C%20un%20elogio%20americano&#038;via=conversesacat&#038;related=conversesacat' target='_blank'rel=\"noopener noreferrer\">JD Vance: El nuevo candidato a la vicepresidencia de EEUU, un elogio americano <\/a><\/span><a href='https:\/\/twitter.com\/intent\/tweet?url=https%3A%2F%2Fconversesacatalunya.cat%2Fes%2Fj-d-vance-candidato-a-la-vicepresidencia-eeuu%2F&#038;text=JD%20Vance%3A%20El%20nuevo%20candidato%20a%20la%20vicepresidencia%20de%20EEUU%2C%20un%20elogio%20americano&#038;via=conversesacat&#038;related=conversesacat' target='_blank' class='bctt-ctt-btn'rel=\"noopener noreferrer\">Compartir en X<\/a><\/span><\/div>\n<div><div id=\"polls-250\" class=\"wp-polls\">\n\t<form id=\"polls_form_250\" class=\"wp-polls-form\" action=\"\/index.php\" method=\"post\">\n\t\t<p style=\"display: none;\"><input type=\"hidden\" id=\"poll_250_nonce\" name=\"wp-polls-nonce\" value=\"6b90479c85\" \/><\/p>\n\t\t<p style=\"display: none;\"><input type=\"hidden\" name=\"poll_id\" value=\"250\" \/><\/p>\n\t\t<p style=\"text-align: center\"><strong>Creus que l'atemptat contra Trump ha estat organitzat o b\u00e9 \u00e9s un fet espontani?<\/strong><\/p><div id=\"polls-250-ans\" class=\"wp-polls-ans\"><ul class=\"wp-polls-ul\">\n\t\t<li><input type=\"radio\" id=\"poll-answer-702\" name=\"poll_250\" value=\"702\" \/> <label for=\"poll-answer-702\">Ha estat organitzat<\/label><\/li>\n\t\t<li><input type=\"radio\" id=\"poll-answer-703\" name=\"poll_250\" value=\"703\" \/> <label for=\"poll-answer-703\">\u00c9s un fet espontani<\/label><\/li>\n\t\t<li><input type=\"radio\" id=\"poll-answer-704\" name=\"poll_250\" value=\"704\" \/> <label for=\"poll-answer-704\">No ho s\u00e9<\/label><\/li>\n\t\t<\/ul><p style=\"text-align: center\"><input type=\"button\" name=\"vote\" value=\"   Vota   \" class=\"Buttons\" onclick=\"poll_vote(250);\" \/><\/p><p style=\"text-align: center\"><a href=\"#ViewPollResults\" onclick=\"poll_result(250); return false;\" title=\"View Results Of This Poll\">Mira els resultats<\/a><\/p><\/div>\n\t<\/form>\n<\/div>\n<div id=\"polls-250-loading\" class=\"wp-polls-loading\"><img decoding=\"async\" data-src=\"https:\/\/conversesacatalunya.cat\/wp-content\/plugins\/wp-polls\/images\/loading.gif\" width=\"16\" height=\"16\" alt=\"Cargando ...\" title=\"Cargando ...\" class=\"wp-polls-image lazyload\" src=\"data:image\/svg+xml;base64,PHN2ZyB3aWR0aD0iMSIgaGVpZ2h0PSIxIiB4bWxucz0iaHR0cDovL3d3dy53My5vcmcvMjAwMC9zdmciPjwvc3ZnPg==\" style=\"--smush-placeholder-width: 16px; --smush-placeholder-aspect-ratio: 16\/16;\" \/>&nbsp;Cargando ...<\/div>\n<\/div>\n<p>&nbsp;<\/p>\n","protected":false},"excerpt":{"rendered":"<p>JD Vance, candidato a la vicepresidencia de EEUU, ahora nominado \u201ccompa\u00f1ero de ticket\u201d electoral de Trump, es un reci\u00e9n llegado a la pol\u00edtica pese a ser senador por Ohio, uno de los seis estados clave en las elecciones presidenciales, y era un perfecto desconocido hace menos de una d\u00e9cada. Su nombre logr\u00f3 una gran notoriedad por un libro de memorias, lo que no deja de ser sorprendente para una persona nacida en 1984. Hillbilly Elegy: una memoria de lucha y superaci\u00f3n Se trata de \u201c\u00a0Hillbilly Elegy: En Memoir of Family and Culture in Crisis\u201d, que ha sido traducido al castellano como \u201cHillbilly, una eleg\u00eda rural\u201d. En \u00e9l, Vance explora su infancia y juventud en una familia pobre y desestructurada en el Rust Belt de EE.UU., principalmente en Ohio y Kentucky. La utilizaci\u00f3n de la palabra eleg\u00eda en la traducci\u00f3n hace referencia a la tristeza o lamentaci\u00f3n que conlleva la p\u00e9rdida de algo significativo, en este caso, la cultura hillbilly, de los habitantes de las zonas rurales de los Apalaches, un nombre que incluso, seg\u00fan en qu\u00e9 contexto, tiene un car\u00e1cter peyorativo. Los valores y las cr\u00edticas de JD Vance En su texto, el ahora candidato a vicepresidente destaca los valores de la lealtad familiar, pero tambi\u00e9n aborda aspectos negativos de aquellas comunidades, como la violencia, la drogadicci\u00f3n y la carencia de aspiraciones educativas y laborales. Analiza c\u00f3mo la desindustrializaci\u00f3n y la p\u00e9rdida de puestos de trabajo han afectado profundamente a las comunidades de aquella regi\u00f3n y han llevado a una crisis de desesperanza y desarraigo. En este contexto, JD Vance cuenta su vida, con una infancia continuamente arrastrada por su madre adicta y cambiando de hogar en funci\u00f3n de la pareja de turno, una situaci\u00f3n de la que logra emerger gracias al apoyo de sus abuelos. Vance se apunta a los marines y participa en la guerra de Irak. El hecho de conseguir graduarse en la Universidad Estatal de Ohio y, sobre todo, doctorarse en una facultad de derecho de \u00e9lite estadounidense como Yale, marca su evoluci\u00f3n. Est\u00e1 casado con una compa\u00f1era de la universidad, tambi\u00e9n abogada, hija de inmigrantes hind\u00faes, con la que tiene tres hijos. Se convirti\u00f3 al catolicismo en el 2019. S\u00f3lo 40 A\u00f1os y ya candidato a la vicepresidencia En el libro hace una declaraci\u00f3n de intenciones cuando explica que tiene serias dudas de que nadie est\u00e9 interesado en leer un texto de una persona que no tiene especial importancia. Dice: \u201cno soy senador -ahora ya lo es-, ni gobernador, ni he creado una empresa de 2 millones de d\u00f3lares o una organizaci\u00f3n para cambiar el mundo. No he hecho nada extraordinario\u201d. Pero, entonces, a\u00f1ade que ha conseguido \u201calgo ordinario, un matrimonio con hijos, perros y un trabajo que es una realidad de donde nac\u00ed \u2013dice Vance\u2013 en Middletown, Ohio, es inconcebible porque en su entorno los m\u00e1s afortunados viven de ayudas y los m\u00e1s desgraciados mueren de sobredosis\u201d. Por tanto, un realismo descarnado, pero tambi\u00e9n un anuncio de\u00a0c\u00f3mo es posible salir de la crisis. Su conversi\u00f3n al cristianismo en el priorato dominico de Santa Gertrudis en Cincinnati (Ohio) la hizo en presencia de su amigo Rod Dreher, un autor cristiano muy conocido internacionalmente por dos de sus libros \u201cLa opci\u00f3n benedictina\u201d y \u201cVivir sin mentiras: manual para la disidencia cristiana\u201d. JD Vance ha sido nombrado\u00a0candidato a la vicepresidencia con Trump\u00a0a pocos d\u00edas de cumplir los 40 a\u00f1os, que cumplir\u00e1 el 2 de agosto. Es una historia personal de esfuerzo y \u00e9xito, un signo que, sin embargo, la idea del sue\u00f1o americano todav\u00eda persiste. Su trayectoria es digna de admiraci\u00f3n y elogio, pero para nuestros medios de comunicaci\u00f3n presenta tres graves inconvenientes que le invalidan totalmente. No tienen nada que ver con su capacidad de trabajo o de sacrificio, sino b\u00e1sicamente con que es muy cr\u00edtico con\u00a0el aborto, con la guerra de Irak y, adem\u00e1s, ahora es candidato con Trump, hechos m\u00e1s que suficientes para calificarlo en t\u00e9rminos bien negativos. JD Vance tambi\u00e9n es una expresi\u00f3n joven de c\u00f3mo nuestro tiempo ha registrado una gran inversi\u00f3n. Quienes defienden los desheredados, los hillbillies, los \u201cdeplorables\u201d a los que se refer\u00eda Hillary Clinton cuando era candidata a la presidencia, es la derecha, mientras que la progres\u00eda se ha convertido en la representaci\u00f3n de las \u00e9lites urbanas en su sentido m\u00e1s amplio, un esquema este para EEUU que tiene muchos puntos de contacto con el escenario que vive actualmente Francia. &nbsp;<\/p>\n","protected":false},"author":81,"featured_media":79981,"comment_status":"open","ping_status":"open","sticky":false,"template":"","format":"standard","meta":{"_FSMCFIC_featured_image_caption":"","_FSMCFIC_featured_image_nocaption":"","_FSMCFIC_featured_image_hide":"","footnotes":""},"categories":[806],"tags":[963,5156,5155],"class_list":["post-80027","post","type-post","status-publish","format-standard","has-post-thumbnail","hentry","category-punts-claus-del-dia-es","tag-donald-trump-es","tag-elecciones-eeuu-2024","tag-eleccions-eua-2024-es"],"yoast_head":"<!-- This site is optimized with the Yoast SEO plugin v26.8 - https:\/\/yoast.com\/product\/yoast-seo-wordpress\/ -->\n<title>JD Vance: El nuevo candidato a la vicepresidencia de EEUU, un elogio americano<\/title>\n<meta name=\"description\" content=\"JD Vance, ahora candidato a la vicepresidencia de EE.UU. con Trump. Un viaje de esfuerzo, superaci\u00f3n y controversia pol\u00edtica\" \/>\n<meta name=\"robots\" content=\"index, follow, max-snippet:-1, max-image-preview:large, max-video-preview:-1\" \/>\n<link rel=\"canonical\" href=\"https:\/\/conversesacatalunya.cat\/es\/j-d-vance-candidato-a-la-vicepresidencia-eeuu\/\" \/>\n<meta property=\"og:locale\" content=\"es_ES\" \/>\n<meta property=\"og:type\" content=\"article\" \/>\n<meta property=\"og:title\" content=\"JD Vance: El nuevo candidato a la vicepresidencia de EEUU, un elogio americano\" \/>\n<meta property=\"og:description\" content=\"JD Vance, ahora candidato a la vicepresidencia de EE.UU. con Trump. Un viaje de esfuerzo, superaci\u00f3n y controversia pol\u00edtica\" \/>\n<meta property=\"og:url\" content=\"https:\/\/conversesacatalunya.cat\/es\/j-d-vance-candidato-a-la-vicepresidencia-eeuu\/\" \/>\n<meta property=\"og:site_name\" content=\"Converses a Catalunya\" \/>\n<meta property=\"article:published_time\" content=\"2024-07-17T10:09:00+00:00\" \/>\n<meta property=\"article:modified_time\" content=\"2024-07-17T13:13:35+00:00\" \/>\n<meta property=\"og:image\" content=\"https:\/\/conversesacatalunya.cat\/wp-content\/uploads\/2024\/07\/J.D.-Vance-candidat-vicepresidencia-EUA.jpg\" \/>\n\t<meta property=\"og:image:width\" content=\"1200\" \/>\n\t<meta property=\"og:image:height\" content=\"802\" \/>\n\t<meta property=\"og:image:type\" content=\"image\/jpeg\" \/>\n<meta name=\"author\" content=\"Emili Clos\" \/>\n<meta name=\"twitter:card\" content=\"summary_large_image\" \/>\n<meta name=\"twitter:label1\" content=\"Escrito por\" \/>\n\t<meta name=\"twitter:data1\" content=\"Emili Clos\" \/>\n\t<meta name=\"twitter:label2\" content=\"Tiempo de lectura\" \/>\n\t<meta name=\"twitter:data2\" content=\"4 minutos\" \/>\n<script type=\"application\/ld+json\" class=\"yoast-schema-graph\">{\"@context\":\"https:\/\/schema.org\",\"@graph\":[{\"@type\":\"Article\",\"@id\":\"https:\/\/conversesacatalunya.cat\/es\/j-d-vance-candidato-a-la-vicepresidencia-eeuu\/#article\",\"isPartOf\":{\"@id\":\"https:\/\/conversesacatalunya.cat\/es\/j-d-vance-candidato-a-la-vicepresidencia-eeuu\/\"},\"author\":{\"name\":\"Emili Clos\",\"@id\":\"https:\/\/conversesacatalunya.cat\/#\/schema\/person\/46306de4129bccb959ed5e1720c4e3e7\"},\"headline\":\"JD Vance: El nuevo candidato a la vicepresidencia de EEUU, un elogio americano\",\"datePublished\":\"2024-07-17T10:09:00+00:00\",\"dateModified\":\"2024-07-17T13:13:35+00:00\",\"mainEntityOfPage\":{\"@id\":\"https:\/\/conversesacatalunya.cat\/es\/j-d-vance-candidato-a-la-vicepresidencia-eeuu\/\"},\"wordCount\":820,\"commentCount\":1,\"image\":{\"@id\":\"https:\/\/conversesacatalunya.cat\/es\/j-d-vance-candidato-a-la-vicepresidencia-eeuu\/#primaryimage\"},\"thumbnailUrl\":\"https:\/\/conversesacatalunya.cat\/wp-content\/uploads\/2024\/07\/J.D.-Vance-candidat-vicepresidencia-EUA.jpg\",\"keywords\":[\"Donald Trump\",\"Elecciones EEUU 2024\",\"Eleccions EUA 2024\"],\"articleSection\":[\"Punts clau del dia (ES)\"],\"inLanguage\":\"es\",\"potentialAction\":[{\"@type\":\"CommentAction\",\"name\":\"Comment\",\"target\":[\"https:\/\/conversesacatalunya.cat\/es\/j-d-vance-candidato-a-la-vicepresidencia-eeuu\/#respond\"]}]},{\"@type\":\"WebPage\",\"@id\":\"https:\/\/conversesacatalunya.cat\/es\/j-d-vance-candidato-a-la-vicepresidencia-eeuu\/\",\"url\":\"https:\/\/conversesacatalunya.cat\/es\/j-d-vance-candidato-a-la-vicepresidencia-eeuu\/\",\"name\":\"JD Vance: El nuevo candidato a la vicepresidencia de EEUU, un elogio americano\",\"isPartOf\":{\"@id\":\"https:\/\/conversesacatalunya.cat\/#website\"},\"primaryImageOfPage\":{\"@id\":\"https:\/\/conversesacatalunya.cat\/es\/j-d-vance-candidato-a-la-vicepresidencia-eeuu\/#primaryimage\"},\"image\":{\"@id\":\"https:\/\/conversesacatalunya.cat\/es\/j-d-vance-candidato-a-la-vicepresidencia-eeuu\/#primaryimage\"},\"thumbnailUrl\":\"https:\/\/conversesacatalunya.cat\/wp-content\/uploads\/2024\/07\/J.D.-Vance-candidat-vicepresidencia-EUA.jpg\",\"datePublished\":\"2024-07-17T10:09:00+00:00\",\"dateModified\":\"2024-07-17T13:13:35+00:00\",\"author\":{\"@id\":\"https:\/\/conversesacatalunya.cat\/#\/schema\/person\/46306de4129bccb959ed5e1720c4e3e7\"},\"description\":\"JD Vance, ahora candidato a la vicepresidencia de EE.UU. con Trump. Un viaje de esfuerzo, superaci\u00f3n y controversia pol\u00edtica\",\"breadcrumb\":{\"@id\":\"https:\/\/conversesacatalunya.cat\/es\/j-d-vance-candidato-a-la-vicepresidencia-eeuu\/#breadcrumb\"},\"inLanguage\":\"es\",\"potentialAction\":[{\"@type\":\"ReadAction\",\"target\":[\"https:\/\/conversesacatalunya.cat\/es\/j-d-vance-candidato-a-la-vicepresidencia-eeuu\/\"]}]},{\"@type\":\"ImageObject\",\"inLanguage\":\"es\",\"@id\":\"https:\/\/conversesacatalunya.cat\/es\/j-d-vance-candidato-a-la-vicepresidencia-eeuu\/#primaryimage\",\"url\":\"https:\/\/conversesacatalunya.cat\/wp-content\/uploads\/2024\/07\/J.D.-Vance-candidat-vicepresidencia-EUA.jpg\",\"contentUrl\":\"https:\/\/conversesacatalunya.cat\/wp-content\/uploads\/2024\/07\/J.D.-Vance-candidat-vicepresidencia-EUA.jpg\",\"width\":1200,\"height\":802,\"caption\":\"J.D. Vance candidatO vicepresidEncia EEUU\"},{\"@type\":\"BreadcrumbList\",\"@id\":\"https:\/\/conversesacatalunya.cat\/es\/j-d-vance-candidato-a-la-vicepresidencia-eeuu\/#breadcrumb\",\"itemListElement\":[{\"@type\":\"ListItem\",\"position\":1,\"name\":\"Inici\",\"item\":\"https:\/\/conversesacatalunya.cat\/es\/\"},{\"@type\":\"ListItem\",\"position\":2,\"name\":\"JD Vance: El nuevo candidato a la vicepresidencia de EEUU, un elogio americano\"}]},{\"@type\":\"WebSite\",\"@id\":\"https:\/\/conversesacatalunya.cat\/#website\",\"url\":\"https:\/\/conversesacatalunya.cat\/\",\"name\":\"Converses a Catalunya\",\"description\":\"\",\"potentialAction\":[{\"@type\":\"SearchAction\",\"target\":{\"@type\":\"EntryPoint\",\"urlTemplate\":\"https:\/\/conversesacatalunya.cat\/?s={search_term_string}\"},\"query-input\":{\"@type\":\"PropertyValueSpecification\",\"valueRequired\":true,\"valueName\":\"search_term_string\"}}],\"inLanguage\":\"es\"},{\"@type\":\"Person\",\"@id\":\"https:\/\/conversesacatalunya.cat\/#\/schema\/person\/46306de4129bccb959ed5e1720c4e3e7\",\"name\":\"Emili Clos\",\"image\":{\"@type\":\"ImageObject\",\"inLanguage\":\"es\",\"@id\":\"https:\/\/conversesacatalunya.cat\/#\/schema\/person\/image\/\",\"url\":\"https:\/\/conversesacatalunya.cat\/wp-content\/litespeed\/avatar\/a9a662bd802eed79498de818aef91cc9.jpg?ver=1777701214\",\"contentUrl\":\"https:\/\/conversesacatalunya.cat\/wp-content\/litespeed\/avatar\/a9a662bd802eed79498de818aef91cc9.jpg?ver=1777701214\",\"caption\":\"Emili Clos\"},\"url\":\"https:\/\/conversesacatalunya.cat\/es\/author\/emili_clos\/\"}]}<\/script>\n<!-- \/ Yoast SEO plugin. -->","yoast_head_json":{"title":"JD Vance: El nuevo candidato a la vicepresidencia de EEUU, un elogio americano","description":"JD Vance, ahora candidato a la vicepresidencia de EE.UU. con Trump. Un viaje de esfuerzo, superaci\u00f3n y controversia pol\u00edtica","robots":{"index":"index","follow":"follow","max-snippet":"max-snippet:-1","max-image-preview":"max-image-preview:large","max-video-preview":"max-video-preview:-1"},"canonical":"https:\/\/conversesacatalunya.cat\/es\/j-d-vance-candidato-a-la-vicepresidencia-eeuu\/","og_locale":"es_ES","og_type":"article","og_title":"JD Vance: El nuevo candidato a la vicepresidencia de EEUU, un elogio americano","og_description":"JD Vance, ahora candidato a la vicepresidencia de EE.UU. con Trump. Un viaje de esfuerzo, superaci\u00f3n y controversia pol\u00edtica","og_url":"https:\/\/conversesacatalunya.cat\/es\/j-d-vance-candidato-a-la-vicepresidencia-eeuu\/","og_site_name":"Converses a Catalunya","article_published_time":"2024-07-17T10:09:00+00:00","article_modified_time":"2024-07-17T13:13:35+00:00","og_image":[{"width":1200,"height":802,"url":"https:\/\/conversesacatalunya.cat\/wp-content\/uploads\/2024\/07\/J.D.-Vance-candidat-vicepresidencia-EUA.jpg","type":"image\/jpeg"}],"author":"Emili Clos","twitter_card":"summary_large_image","twitter_misc":{"Escrito por":"Emili Clos","Tiempo de lectura":"4 minutos"},"schema":{"@context":"https:\/\/schema.org","@graph":[{"@type":"Article","@id":"https:\/\/conversesacatalunya.cat\/es\/j-d-vance-candidato-a-la-vicepresidencia-eeuu\/#article","isPartOf":{"@id":"https:\/\/conversesacatalunya.cat\/es\/j-d-vance-candidato-a-la-vicepresidencia-eeuu\/"},"author":{"name":"Emili Clos","@id":"https:\/\/conversesacatalunya.cat\/#\/schema\/person\/46306de4129bccb959ed5e1720c4e3e7"},"headline":"JD Vance: El nuevo candidato a la vicepresidencia de EEUU, un elogio americano","datePublished":"2024-07-17T10:09:00+00:00","dateModified":"2024-07-17T13:13:35+00:00","mainEntityOfPage":{"@id":"https:\/\/conversesacatalunya.cat\/es\/j-d-vance-candidato-a-la-vicepresidencia-eeuu\/"},"wordCount":820,"commentCount":1,"image":{"@id":"https:\/\/conversesacatalunya.cat\/es\/j-d-vance-candidato-a-la-vicepresidencia-eeuu\/#primaryimage"},"thumbnailUrl":"https:\/\/conversesacatalunya.cat\/wp-content\/uploads\/2024\/07\/J.D.-Vance-candidat-vicepresidencia-EUA.jpg","keywords":["Donald Trump","Elecciones EEUU 2024","Eleccions EUA 2024"],"articleSection":["Punts clau del dia (ES)"],"inLanguage":"es","potentialAction":[{"@type":"CommentAction","name":"Comment","target":["https:\/\/conversesacatalunya.cat\/es\/j-d-vance-candidato-a-la-vicepresidencia-eeuu\/#respond"]}]},{"@type":"WebPage","@id":"https:\/\/conversesacatalunya.cat\/es\/j-d-vance-candidato-a-la-vicepresidencia-eeuu\/","url":"https:\/\/conversesacatalunya.cat\/es\/j-d-vance-candidato-a-la-vicepresidencia-eeuu\/","name":"JD Vance: El nuevo candidato a la vicepresidencia de EEUU, un elogio americano","isPartOf":{"@id":"https:\/\/conversesacatalunya.cat\/#website"},"primaryImageOfPage":{"@id":"https:\/\/conversesacatalunya.cat\/es\/j-d-vance-candidato-a-la-vicepresidencia-eeuu\/#primaryimage"},"image":{"@id":"https:\/\/conversesacatalunya.cat\/es\/j-d-vance-candidato-a-la-vicepresidencia-eeuu\/#primaryimage"},"thumbnailUrl":"https:\/\/conversesacatalunya.cat\/wp-content\/uploads\/2024\/07\/J.D.-Vance-candidat-vicepresidencia-EUA.jpg","datePublished":"2024-07-17T10:09:00+00:00","dateModified":"2024-07-17T13:13:35+00:00","author":{"@id":"https:\/\/conversesacatalunya.cat\/#\/schema\/person\/46306de4129bccb959ed5e1720c4e3e7"},"description":"JD Vance, ahora candidato a la vicepresidencia de EE.UU. con Trump. Un viaje de esfuerzo, superaci\u00f3n y controversia pol\u00edtica","breadcrumb":{"@id":"https:\/\/conversesacatalunya.cat\/es\/j-d-vance-candidato-a-la-vicepresidencia-eeuu\/#breadcrumb"},"inLanguage":"es","potentialAction":[{"@type":"ReadAction","target":["https:\/\/conversesacatalunya.cat\/es\/j-d-vance-candidato-a-la-vicepresidencia-eeuu\/"]}]},{"@type":"ImageObject","inLanguage":"es","@id":"https:\/\/conversesacatalunya.cat\/es\/j-d-vance-candidato-a-la-vicepresidencia-eeuu\/#primaryimage","url":"https:\/\/conversesacatalunya.cat\/wp-content\/uploads\/2024\/07\/J.D.-Vance-candidat-vicepresidencia-EUA.jpg","contentUrl":"https:\/\/conversesacatalunya.cat\/wp-content\/uploads\/2024\/07\/J.D.-Vance-candidat-vicepresidencia-EUA.jpg","width":1200,"height":802,"caption":"J.D. Vance candidatO vicepresidEncia EEUU"},{"@type":"BreadcrumbList","@id":"https:\/\/conversesacatalunya.cat\/es\/j-d-vance-candidato-a-la-vicepresidencia-eeuu\/#breadcrumb","itemListElement":[{"@type":"ListItem","position":1,"name":"Inici","item":"https:\/\/conversesacatalunya.cat\/es\/"},{"@type":"ListItem","position":2,"name":"JD Vance: El nuevo candidato a la vicepresidencia de EEUU, un elogio americano"}]},{"@type":"WebSite","@id":"https:\/\/conversesacatalunya.cat\/#website","url":"https:\/\/conversesacatalunya.cat\/","name":"Converses a Catalunya","description":"","potentialAction":[{"@type":"SearchAction","target":{"@type":"EntryPoint","urlTemplate":"https:\/\/conversesacatalunya.cat\/?s={search_term_string}"},"query-input":{"@type":"PropertyValueSpecification","valueRequired":true,"valueName":"search_term_string"}}],"inLanguage":"es"},{"@type":"Person","@id":"https:\/\/conversesacatalunya.cat\/#\/schema\/person\/46306de4129bccb959ed5e1720c4e3e7","name":"Emili Clos","image":{"@type":"ImageObject","inLanguage":"es","@id":"https:\/\/conversesacatalunya.cat\/#\/schema\/person\/image\/","url":"https:\/\/conversesacatalunya.cat\/wp-content\/litespeed\/avatar\/a9a662bd802eed79498de818aef91cc9.jpg?ver=1777701214","contentUrl":"https:\/\/conversesacatalunya.cat\/wp-content\/litespeed\/avatar\/a9a662bd802eed79498de818aef91cc9.jpg?ver=1777701214","caption":"Emili Clos"},"url":"https:\/\/conversesacatalunya.cat\/es\/author\/emili_clos\/"}]}},"wps_subtitle":"JD Vance, ahora candidato a la vicepresidencia de EE.UU. con Trump. Un viaje de esfuerzo, superaci\u00f3n y controversia pol\u00edtica","_links":{"self":[{"href":"https:\/\/conversesacatalunya.cat\/es\/wp-json\/wp\/v2\/posts\/80027","targetHints":{"allow":["GET"]}}],"collection":[{"href":"https:\/\/conversesacatalunya.cat\/es\/wp-json\/wp\/v2\/posts"}],"about":[{"href":"https:\/\/conversesacatalunya.cat\/es\/wp-json\/wp\/v2\/types\/post"}],"author":[{"embeddable":true,"href":"https:\/\/conversesacatalunya.cat\/es\/wp-json\/wp\/v2\/users\/81"}],"replies":[{"embeddable":true,"href":"https:\/\/conversesacatalunya.cat\/es\/wp-json\/wp\/v2\/comments?post=80027"}],"version-history":[{"count":4,"href":"https:\/\/conversesacatalunya.cat\/es\/wp-json\/wp\/v2\/posts\/80027\/revisions"}],"predecessor-version":[{"id":80109,"href":"https:\/\/conversesacatalunya.cat\/es\/wp-json\/wp\/v2\/posts\/80027\/revisions\/80109"}],"wp:featuredmedia":[{"embeddable":true,"href":"https:\/\/conversesacatalunya.cat\/es\/wp-json\/wp\/v2\/media\/79981"}],"wp:attachment":[{"href":"https:\/\/conversesacatalunya.cat\/es\/wp-json\/wp\/v2\/media?parent=80027"}],"wp:term":[{"taxonomy":"category","embeddable":true,"href":"https:\/\/conversesacatalunya.cat\/es\/wp-json\/wp\/v2\/categories?post=80027"},{"taxonomy":"post_tag","embeddable":true,"href":"https:\/\/conversesacatalunya.cat\/es\/wp-json\/wp\/v2\/tags?post=80027"}],"curies":[{"name":"wp","href":"https:\/\/api.w.org\/{rel}","templated":true}]}}