{"id":79941,"date":"2024-07-16T10:58:35","date_gmt":"2024-07-16T08:58:35","guid":{"rendered":"https:\/\/conversesacatalunya.cat\/enquesta-francesos-rebutgen-esquerres\/"},"modified":"2024-07-16T11:16:56","modified_gmt":"2024-07-16T09:16:56","slug":"encuesta-franceses-rechazan-izquierdas","status":"publish","type":"post","link":"https:\/\/conversesacatalunya.cat\/es\/encuesta-franceses-rechazan-izquierdas\/","title":{"rendered":"Encuesta: tres de cada cuatro franceses rechazan un gobierno de la coalici\u00f3n de izquierdas"},"content":{"rendered":"<p><span>El sistema electoral franc\u00e9s de dos vueltas, concebido para facilitar la formaci\u00f3n de mayor\u00edas de gobierno evitando los extremos,\u00a0<\/span><strong><span>ha sido tan abusado y manipulado por el juego de alianzas y contra-alianzas de los partidos que ha terminado por producir un monstruo<\/span><\/strong><span>: un parlamento ingobernable dividido en tres bloques que representan a grupos sociales bien diferenciados.<\/span><\/p>\n<p><span>Se trata de los burgueses residentes en las grandes ciudades, de los obreros y las clases populares de las \u00e1reas rurales, y la gente que vive de una u otra forma de los subsidios p\u00fablicos, el m\u00e1s a menudo en las periferias de los n\u00facleos urbanos.<\/span><\/p>\n<p><span>Tres grupos cada vez m\u00e1s dif\u00edcilmente reconciliables por la tendencia a la archipelizaci\u00f3n de la sociedad francesa magistralmente\u00a0<\/span><a href=\"https:\/\/conversesacatalunya-cat.translate.goog\/larxipelag-frances-el-llibre-que-posa-en-questio-les-bondats-del-multiculturalisme\/?_x_tr_sl=ca&amp;_x_tr_tl=es&amp;_x_tr_hl=es&amp;_x_tr_pto=wapp\" target=\"_blank\" rel=\"noopener\"><span>descrita<\/span><\/a><span>\u00a0por el soci\u00f3logo J\u00e9r\u00f4me Fourquet, aunque en las elecciones el primero y el \u00faltimo volvieron a unirse para intentar cerrar el paso del segundo, que vot\u00f3 masivamente la fuerza pol\u00edtica de Marine Le Pen.<\/span><\/p>\n<p><span>Este reparto de esca\u00f1os dificulta enormemente la formaci\u00f3n de gobierno, tal y como volvi\u00f3 a demostrar la semana pasada una encuesta de Odoxa-Backbone para\u00a0<\/span><i><span>Le Figaro.<\/span><\/i><span>\u00a0Seg\u00fan \u00e9sta,\u00a0<\/span><strong><span>el 73% de los franceses\u00a0<\/span><a href=\"https:\/\/www.lefigaro.fr\/elections\/legislatives\/insatisfaits-du-resultat-des-elections-les-francais-rejettent-tres-largement-un-gouvernement-du-nfp-20240711\" target=\"_blank\" rel=\"noopener\"><span>rechaza<\/span><\/a><span> un gobierno exclusivamente formado por ministros de la alianza liderada por la extrema izquierda<\/span><\/strong><span>, el\u00a0<\/span><em><span>Nuevo Frente Popular<\/span><\/em><span>.<\/span><\/p>\n<p><span>En tiempo estival y reci\u00e9n pasado el 14 de julio, d\u00eda de la toma de la Bastilla, es f\u00e1cil evocar aquellos Estados Generales que se reunieron en 1789 en Versalles y que tambi\u00e9n representaban a los tres grandes grupos de la sociedad francesa de su tiempo: nobleza, clero y tercer estado.<\/span><\/p>\n<p><span>De aquellas sesiones sali\u00f3 la Declaraci\u00f3n de los Derechos del Hombre y del Ciudadano, pero tambi\u00e9n y sobre todo la ejecuci\u00f3n de Luis XVI y el per\u00edodo conocido como el Terror, que incluy\u00f3 el\u00a0<\/span><strong><span>genocidio de Vend\u00e9e<\/span><\/strong><span> en el que el poder revolucionario de Par\u00eds extermin\u00f3 sistem\u00e1ticamente a la poblaci\u00f3n conservadora de esta regi\u00f3n de la ribera atl\u00e1ntica francesa.<\/span><\/p>\n<p><span>Como en 1789,\u00a0<\/span><strong><span>las instituciones francesas no logran captar y reflejar la realidad del pa\u00eds<\/span><\/strong><span>. La Agrupaci\u00f3n Nacional de Marine Le Pen y Jordan Bardella, que en unas elecciones generales en la inmensa mayor\u00eda de pa\u00edses estar\u00eda extremadamente bien posicionada para gobernar, qued\u00f3 <\/span><a href=\"https:\/\/conversesacatalunya.cat\/es\/francia-resultados-definitivos-escrutados-este-es-el-panorama-con-los-escanos-asignados\/\" target=\"_blank\" rel=\"noopener\"><span>relegada<\/span><\/a><span>\u00a0a la tercera posici\u00f3n en la Asamblea Nacional.<\/span><\/p>\n<p><span>Y eso pese a haber recogido en porcentaje de voto a\u00fan m\u00e1s apoyos que en las elecciones europeas del 9 de junio (37,1% frente al 31,4% de entonces).<\/span><\/p>\n<p><span>Para hacerse una idea de lo que habr\u00eda sucedido en Francia si se hubiera aplicado el sistema brit\u00e1nico de circunscripciones uninominales y una sola vuelta, los\u00a0<\/span><a href=\"https:\/\/conversesacatalunya.cat\/es\/reino-unido-progresismo-centrismo\/\" target=\"_blank\" rel=\"noopener\"><span>laboristas<\/span><\/a><span>\u00a0de Keir Starmer obtendr\u00edan una mayor\u00eda no ya absoluta, sino calificada (en torno a\u00a0<\/span><strong><span>dos terceras partes de la C\u00e1mara de los Comunes<\/span><\/strong><span>) con menos votos que Agrupaci\u00f3n Nacional, un 33,7%.<\/span><\/p>\n<p><span>En Espa\u00f1a, S\u00e1nchez gobierna igualmente con menor porcentaje de voto (31,7%), y lo mismo hace Giorgia Meloni en Italia (26%), aunque en ese pa\u00eds la actual primera ministra se presentaba al frente de una coalici\u00f3n con otras fuerzas pol\u00edticas.<\/span><\/p>\n<p><strong><span>Es previsible que la tensi\u00f3n pol\u00edtica y social, dada la creciente distancia que separa las instituciones pol\u00edticas francesas de los sentimientos de los ciudadanos, vaya en aumento en los pr\u00f3ximos meses<\/span><\/strong><span>, y esto independientemente de si Emmanuel Macron se encuentra con un gobierno con mayor\u00eda de izquierdas o de centroderecha.<\/span><\/p>\n<span class='bctt-click-to-tweet'><span class='bctt-ctt-text'><a href='https:\/\/twitter.com\/intent\/tweet?url=https%3A%2F%2Fconversesacatalunya.cat%2Fes%2Fencuesta-franceses-rechazan-izquierdas%2F&#038;text=Como%20el%20sistema%20electoral%20de%20dos%20vueltas%20a%20Francia%20ha%20provocado%20un%20parlamento%20ingobernable%20y%20los%20desaf%C3%ADos%20que%20esto%20representa%20para%20la%20formaci%C3%B3n%20de%20gobierno&#038;via=conversesacat&#038;related=conversesacat' target='_blank'rel=\"noopener noreferrer\">Como el sistema electoral de dos vueltas a Francia ha provocado un parlamento ingobernable y los desaf\u00edos que esto representa para la formaci\u00f3n de gobierno <\/a><\/span><a href='https:\/\/twitter.com\/intent\/tweet?url=https%3A%2F%2Fconversesacatalunya.cat%2Fes%2Fencuesta-franceses-rechazan-izquierdas%2F&#038;text=Como%20el%20sistema%20electoral%20de%20dos%20vueltas%20a%20Francia%20ha%20provocado%20un%20parlamento%20ingobernable%20y%20los%20desaf%C3%ADos%20que%20esto%20representa%20para%20la%20formaci%C3%B3n%20de%20gobierno&#038;via=conversesacat&#038;related=conversesacat' target='_blank' class='bctt-ctt-btn'rel=\"noopener noreferrer\">Compartir en X<\/a><\/span>\n<div id=\"polls-250\" class=\"wp-polls\">\n\t<form id=\"polls_form_250\" class=\"wp-polls-form\" action=\"\/index.php\" method=\"post\">\n\t\t<p style=\"display: none;\"><input type=\"hidden\" id=\"poll_250_nonce\" name=\"wp-polls-nonce\" value=\"826da8b4a1\" \/><\/p>\n\t\t<p style=\"display: none;\"><input type=\"hidden\" name=\"poll_id\" value=\"250\" \/><\/p>\n\t\t<p style=\"text-align: center\"><strong>Creus que l'atemptat contra Trump ha estat organitzat o b\u00e9 \u00e9s un fet espontani?<\/strong><\/p><div id=\"polls-250-ans\" class=\"wp-polls-ans\"><ul class=\"wp-polls-ul\">\n\t\t<li><input type=\"radio\" id=\"poll-answer-702\" name=\"poll_250\" value=\"702\" \/> <label for=\"poll-answer-702\">Ha estat organitzat<\/label><\/li>\n\t\t<li><input type=\"radio\" id=\"poll-answer-703\" name=\"poll_250\" value=\"703\" \/> <label for=\"poll-answer-703\">\u00c9s un fet espontani<\/label><\/li>\n\t\t<li><input type=\"radio\" id=\"poll-answer-704\" name=\"poll_250\" value=\"704\" \/> <label for=\"poll-answer-704\">No ho s\u00e9<\/label><\/li>\n\t\t<\/ul><p style=\"text-align: center\"><input type=\"button\" name=\"vote\" value=\"   Vota   \" class=\"Buttons\" onclick=\"poll_vote(250);\" \/><\/p><p style=\"text-align: center\"><a href=\"#ViewPollResults\" onclick=\"poll_result(250); return false;\" title=\"View Results Of This Poll\">Mira els resultats<\/a><\/p><\/div>\n\t<\/form>\n<\/div>\n<div id=\"polls-250-loading\" class=\"wp-polls-loading\"><img decoding=\"async\" data-src=\"https:\/\/conversesacatalunya.cat\/wp-content\/plugins\/wp-polls\/images\/loading.gif\" width=\"16\" height=\"16\" alt=\"Cargando ...\" title=\"Cargando ...\" class=\"wp-polls-image lazyload\" src=\"data:image\/svg+xml;base64,PHN2ZyB3aWR0aD0iMSIgaGVpZ2h0PSIxIiB4bWxucz0iaHR0cDovL3d3dy53My5vcmcvMjAwMC9zdmciPjwvc3ZnPg==\" style=\"--smush-placeholder-width: 16px; --smush-placeholder-aspect-ratio: 16\/16;\" \/>&nbsp;Cargando ...<\/div>\n\n","protected":false},"excerpt":{"rendered":"<p>El sistema electoral franc\u00e9s de dos vueltas, concebido para facilitar la formaci\u00f3n de mayor\u00edas de gobierno evitando los extremos,\u00a0ha sido tan abusado y manipulado por el juego de alianzas y contra-alianzas de los partidos que ha terminado por producir un monstruo: un parlamento ingobernable dividido en tres bloques que representan a grupos sociales bien diferenciados. Se trata de los burgueses residentes en las grandes ciudades, de los obreros y las clases populares de las \u00e1reas rurales, y la gente que vive de una u otra forma de los subsidios p\u00fablicos, el m\u00e1s a menudo en las periferias de los n\u00facleos urbanos. Tres grupos cada vez m\u00e1s dif\u00edcilmente reconciliables por la tendencia a la archipelizaci\u00f3n de la sociedad francesa magistralmente\u00a0descrita\u00a0por el soci\u00f3logo J\u00e9r\u00f4me Fourquet, aunque en las elecciones el primero y el \u00faltimo volvieron a unirse para intentar cerrar el paso del segundo, que vot\u00f3 masivamente la fuerza pol\u00edtica de Marine Le Pen. Este reparto de esca\u00f1os dificulta enormemente la formaci\u00f3n de gobierno, tal y como volvi\u00f3 a demostrar la semana pasada una encuesta de Odoxa-Backbone para\u00a0Le Figaro.\u00a0Seg\u00fan \u00e9sta,\u00a0el 73% de los franceses\u00a0rechaza un gobierno exclusivamente formado por ministros de la alianza liderada por la extrema izquierda, el\u00a0Nuevo Frente Popular. En tiempo estival y reci\u00e9n pasado el 14 de julio, d\u00eda de la toma de la Bastilla, es f\u00e1cil evocar aquellos Estados Generales que se reunieron en 1789 en Versalles y que tambi\u00e9n representaban a los tres grandes grupos de la sociedad francesa de su tiempo: nobleza, clero y tercer estado. De aquellas sesiones sali\u00f3 la Declaraci\u00f3n de los Derechos del Hombre y del Ciudadano, pero tambi\u00e9n y sobre todo la ejecuci\u00f3n de Luis XVI y el per\u00edodo conocido como el Terror, que incluy\u00f3 el\u00a0genocidio de Vend\u00e9e en el que el poder revolucionario de Par\u00eds extermin\u00f3 sistem\u00e1ticamente a la poblaci\u00f3n conservadora de esta regi\u00f3n de la ribera atl\u00e1ntica francesa. Como en 1789,\u00a0las instituciones francesas no logran captar y reflejar la realidad del pa\u00eds. La Agrupaci\u00f3n Nacional de Marine Le Pen y Jordan Bardella, que en unas elecciones generales en la inmensa mayor\u00eda de pa\u00edses estar\u00eda extremadamente bien posicionada para gobernar, qued\u00f3 relegada\u00a0a la tercera posici\u00f3n en la Asamblea Nacional. Y eso pese a haber recogido en porcentaje de voto a\u00fan m\u00e1s apoyos que en las elecciones europeas del 9 de junio (37,1% frente al 31,4% de entonces). Para hacerse una idea de lo que habr\u00eda sucedido en Francia si se hubiera aplicado el sistema brit\u00e1nico de circunscripciones uninominales y una sola vuelta, los\u00a0laboristas\u00a0de Keir Starmer obtendr\u00edan una mayor\u00eda no ya absoluta, sino calificada (en torno a\u00a0dos terceras partes de la C\u00e1mara de los Comunes) con menos votos que Agrupaci\u00f3n Nacional, un 33,7%. En Espa\u00f1a, S\u00e1nchez gobierna igualmente con menor porcentaje de voto (31,7%), y lo mismo hace Giorgia Meloni en Italia (26%), aunque en ese pa\u00eds la actual primera ministra se presentaba al frente de una coalici\u00f3n con otras fuerzas pol\u00edticas. Es previsible que la tensi\u00f3n pol\u00edtica y social, dada la creciente distancia que separa las instituciones pol\u00edticas francesas de los sentimientos de los ciudadanos, vaya en aumento en los pr\u00f3ximos meses, y esto independientemente de si Emmanuel Macron se encuentra con un gobierno con mayor\u00eda de izquierdas o de centroderecha.<\/p>\n","protected":false},"author":75,"featured_media":79882,"comment_status":"open","ping_status":"open","sticky":false,"template":"","format":"standard","meta":{"_FSMCFIC_featured_image_caption":"","_FSMCFIC_featured_image_nocaption":"","_FSMCFIC_featured_image_hide":"","footnotes":""},"categories":[806],"tags":[4302,2924,3537],"class_list":["post-79941","post","type-post","status-publish","format-standard","has-post-thumbnail","hentry","category-punts-claus-del-dia-es","tag-elecciones-francesas","tag-extrema-izquierda","tag-marine-le-pen"],"yoast_head":"<!-- This site is optimized with the Yoast SEO plugin v26.8 - https:\/\/yoast.com\/product\/yoast-seo-wordpress\/ -->\n<title>Encuesta: tres de cada cuatro franceses rechazan un gobierno de la coalici\u00f3n de izquierdas - Converses a Catalunya<\/title>\n<meta name=\"description\" content=\"Como el sistema electoral de dos vueltas a Francia ha provocado un parlamento ingobernable y los desaf\u00edos que esto representa para la formaci\u00f3n de gobierno\" \/>\n<meta name=\"robots\" content=\"index, follow, max-snippet:-1, max-image-preview:large, max-video-preview:-1\" \/>\n<link rel=\"canonical\" href=\"https:\/\/conversesacatalunya.cat\/es\/encuesta-franceses-rechazan-izquierdas\/\" \/>\n<meta property=\"og:locale\" content=\"es_ES\" \/>\n<meta property=\"og:type\" content=\"article\" \/>\n<meta property=\"og:title\" content=\"Encuesta: tres de cada cuatro franceses rechazan un gobierno de la coalici\u00f3n de izquierdas - Converses a Catalunya\" \/>\n<meta property=\"og:description\" content=\"Como el sistema electoral de dos vueltas a Francia ha provocado un parlamento ingobernable y los desaf\u00edos que esto representa para la formaci\u00f3n de gobierno\" \/>\n<meta property=\"og:url\" content=\"https:\/\/conversesacatalunya.cat\/es\/encuesta-franceses-rechazan-izquierdas\/\" \/>\n<meta property=\"og:site_name\" content=\"Converses a Catalunya\" \/>\n<meta property=\"article:published_time\" content=\"2024-07-16T08:58:35+00:00\" \/>\n<meta property=\"article:modified_time\" content=\"2024-07-16T09:16:56+00:00\" \/>\n<meta property=\"og:image\" content=\"https:\/\/conversesacatalunya.cat\/wp-content\/uploads\/2024\/07\/une-seance-dans-l-hemicycle-de-l-assemblee-nationale.jpg\" \/>\n\t<meta property=\"og:image:width\" content=\"914\" \/>\n\t<meta property=\"og:image:height\" content=\"514\" \/>\n\t<meta property=\"og:image:type\" content=\"image\/jpeg\" \/>\n<meta name=\"author\" content=\"Carles L\u00f3pez\" \/>\n<meta name=\"twitter:card\" content=\"summary_large_image\" \/>\n<meta name=\"twitter:label1\" content=\"Escrito por\" \/>\n\t<meta name=\"twitter:data1\" content=\"Carles L\u00f3pez\" \/>\n\t<meta name=\"twitter:label2\" content=\"Tiempo de lectura\" \/>\n\t<meta name=\"twitter:data2\" content=\"3 minutos\" \/>\n<script type=\"application\/ld+json\" class=\"yoast-schema-graph\">{\"@context\":\"https:\/\/schema.org\",\"@graph\":[{\"@type\":\"Article\",\"@id\":\"https:\/\/conversesacatalunya.cat\/es\/encuesta-franceses-rechazan-izquierdas\/#article\",\"isPartOf\":{\"@id\":\"https:\/\/conversesacatalunya.cat\/es\/encuesta-franceses-rechazan-izquierdas\/\"},\"author\":{\"name\":\"Carles L\u00f3pez\",\"@id\":\"https:\/\/conversesacatalunya.cat\/#\/schema\/person\/3ce2ab16c0a3803086d80722c7cad56a\"},\"headline\":\"Encuesta: tres de cada cuatro franceses rechazan un gobierno de la coalici\u00f3n de izquierdas\",\"datePublished\":\"2024-07-16T08:58:35+00:00\",\"dateModified\":\"2024-07-16T09:16:56+00:00\",\"mainEntityOfPage\":{\"@id\":\"https:\/\/conversesacatalunya.cat\/es\/encuesta-franceses-rechazan-izquierdas\/\"},\"wordCount\":636,\"commentCount\":0,\"image\":{\"@id\":\"https:\/\/conversesacatalunya.cat\/es\/encuesta-franceses-rechazan-izquierdas\/#primaryimage\"},\"thumbnailUrl\":\"https:\/\/conversesacatalunya.cat\/wp-content\/uploads\/2024\/07\/une-seance-dans-l-hemicycle-de-l-assemblee-nationale.jpg\",\"keywords\":[\"elecciones francesas\",\"extrema izquierda\",\"Marine Le Pen\"],\"articleSection\":[\"Punts clau del dia (ES)\"],\"inLanguage\":\"es\",\"potentialAction\":[{\"@type\":\"CommentAction\",\"name\":\"Comment\",\"target\":[\"https:\/\/conversesacatalunya.cat\/es\/encuesta-franceses-rechazan-izquierdas\/#respond\"]}]},{\"@type\":\"WebPage\",\"@id\":\"https:\/\/conversesacatalunya.cat\/es\/encuesta-franceses-rechazan-izquierdas\/\",\"url\":\"https:\/\/conversesacatalunya.cat\/es\/encuesta-franceses-rechazan-izquierdas\/\",\"name\":\"Encuesta: tres de cada cuatro franceses rechazan un gobierno de la coalici\u00f3n de izquierdas - Converses a Catalunya\",\"isPartOf\":{\"@id\":\"https:\/\/conversesacatalunya.cat\/#website\"},\"primaryImageOfPage\":{\"@id\":\"https:\/\/conversesacatalunya.cat\/es\/encuesta-franceses-rechazan-izquierdas\/#primaryimage\"},\"image\":{\"@id\":\"https:\/\/conversesacatalunya.cat\/es\/encuesta-franceses-rechazan-izquierdas\/#primaryimage\"},\"thumbnailUrl\":\"https:\/\/conversesacatalunya.cat\/wp-content\/uploads\/2024\/07\/une-seance-dans-l-hemicycle-de-l-assemblee-nationale.jpg\",\"datePublished\":\"2024-07-16T08:58:35+00:00\",\"dateModified\":\"2024-07-16T09:16:56+00:00\",\"author\":{\"@id\":\"https:\/\/conversesacatalunya.cat\/#\/schema\/person\/3ce2ab16c0a3803086d80722c7cad56a\"},\"description\":\"Como el sistema electoral de dos vueltas a Francia ha provocado un parlamento ingobernable y los desaf\u00edos que esto representa para la formaci\u00f3n de gobierno\",\"breadcrumb\":{\"@id\":\"https:\/\/conversesacatalunya.cat\/es\/encuesta-franceses-rechazan-izquierdas\/#breadcrumb\"},\"inLanguage\":\"es\",\"potentialAction\":[{\"@type\":\"ReadAction\",\"target\":[\"https:\/\/conversesacatalunya.cat\/es\/encuesta-franceses-rechazan-izquierdas\/\"]}]},{\"@type\":\"ImageObject\",\"inLanguage\":\"es\",\"@id\":\"https:\/\/conversesacatalunya.cat\/es\/encuesta-franceses-rechazan-izquierdas\/#primaryimage\",\"url\":\"https:\/\/conversesacatalunya.cat\/wp-content\/uploads\/2024\/07\/une-seance-dans-l-hemicycle-de-l-assemblee-nationale.jpg\",\"contentUrl\":\"https:\/\/conversesacatalunya.cat\/wp-content\/uploads\/2024\/07\/une-seance-dans-l-hemicycle-de-l-assemblee-nationale.jpg\",\"width\":914,\"height\":514},{\"@type\":\"BreadcrumbList\",\"@id\":\"https:\/\/conversesacatalunya.cat\/es\/encuesta-franceses-rechazan-izquierdas\/#breadcrumb\",\"itemListElement\":[{\"@type\":\"ListItem\",\"position\":1,\"name\":\"Inici\",\"item\":\"https:\/\/conversesacatalunya.cat\/es\/\"},{\"@type\":\"ListItem\",\"position\":2,\"name\":\"Encuesta: tres de cada cuatro franceses rechazan un gobierno de la coalici\u00f3n de izquierdas\"}]},{\"@type\":\"WebSite\",\"@id\":\"https:\/\/conversesacatalunya.cat\/#website\",\"url\":\"https:\/\/conversesacatalunya.cat\/\",\"name\":\"Converses a Catalunya\",\"description\":\"\",\"potentialAction\":[{\"@type\":\"SearchAction\",\"target\":{\"@type\":\"EntryPoint\",\"urlTemplate\":\"https:\/\/conversesacatalunya.cat\/?s={search_term_string}\"},\"query-input\":{\"@type\":\"PropertyValueSpecification\",\"valueRequired\":true,\"valueName\":\"search_term_string\"}}],\"inLanguage\":\"es\"},{\"@type\":\"Person\",\"@id\":\"https:\/\/conversesacatalunya.cat\/#\/schema\/person\/3ce2ab16c0a3803086d80722c7cad56a\",\"name\":\"Carles L\u00f3pez\",\"image\":{\"@type\":\"ImageObject\",\"inLanguage\":\"es\",\"@id\":\"https:\/\/conversesacatalunya.cat\/#\/schema\/person\/image\/\",\"url\":\"https:\/\/conversesacatalunya.cat\/wp-content\/litespeed\/avatar\/4891585caf2896e97846ab77f06edcf2.jpg?ver=1777091173\",\"contentUrl\":\"https:\/\/conversesacatalunya.cat\/wp-content\/litespeed\/avatar\/4891585caf2896e97846ab77f06edcf2.jpg?ver=1777091173\",\"caption\":\"Carles L\u00f3pez\"},\"url\":\"https:\/\/conversesacatalunya.cat\/es\/author\/carles-lopez\/\"}]}<\/script>\n<!-- \/ Yoast SEO plugin. -->","yoast_head_json":{"title":"Encuesta: tres de cada cuatro franceses rechazan un gobierno de la coalici\u00f3n de izquierdas - Converses a Catalunya","description":"Como el sistema electoral de dos vueltas a Francia ha provocado un parlamento ingobernable y los desaf\u00edos que esto representa para la formaci\u00f3n de gobierno","robots":{"index":"index","follow":"follow","max-snippet":"max-snippet:-1","max-image-preview":"max-image-preview:large","max-video-preview":"max-video-preview:-1"},"canonical":"https:\/\/conversesacatalunya.cat\/es\/encuesta-franceses-rechazan-izquierdas\/","og_locale":"es_ES","og_type":"article","og_title":"Encuesta: tres de cada cuatro franceses rechazan un gobierno de la coalici\u00f3n de izquierdas - Converses a Catalunya","og_description":"Como el sistema electoral de dos vueltas a Francia ha provocado un parlamento ingobernable y los desaf\u00edos que esto representa para la formaci\u00f3n de gobierno","og_url":"https:\/\/conversesacatalunya.cat\/es\/encuesta-franceses-rechazan-izquierdas\/","og_site_name":"Converses a Catalunya","article_published_time":"2024-07-16T08:58:35+00:00","article_modified_time":"2024-07-16T09:16:56+00:00","og_image":[{"width":914,"height":514,"url":"https:\/\/conversesacatalunya.cat\/wp-content\/uploads\/2024\/07\/une-seance-dans-l-hemicycle-de-l-assemblee-nationale.jpg","type":"image\/jpeg"}],"author":"Carles L\u00f3pez","twitter_card":"summary_large_image","twitter_misc":{"Escrito por":"Carles L\u00f3pez","Tiempo de lectura":"3 minutos"},"schema":{"@context":"https:\/\/schema.org","@graph":[{"@type":"Article","@id":"https:\/\/conversesacatalunya.cat\/es\/encuesta-franceses-rechazan-izquierdas\/#article","isPartOf":{"@id":"https:\/\/conversesacatalunya.cat\/es\/encuesta-franceses-rechazan-izquierdas\/"},"author":{"name":"Carles L\u00f3pez","@id":"https:\/\/conversesacatalunya.cat\/#\/schema\/person\/3ce2ab16c0a3803086d80722c7cad56a"},"headline":"Encuesta: tres de cada cuatro franceses rechazan un gobierno de la coalici\u00f3n de izquierdas","datePublished":"2024-07-16T08:58:35+00:00","dateModified":"2024-07-16T09:16:56+00:00","mainEntityOfPage":{"@id":"https:\/\/conversesacatalunya.cat\/es\/encuesta-franceses-rechazan-izquierdas\/"},"wordCount":636,"commentCount":0,"image":{"@id":"https:\/\/conversesacatalunya.cat\/es\/encuesta-franceses-rechazan-izquierdas\/#primaryimage"},"thumbnailUrl":"https:\/\/conversesacatalunya.cat\/wp-content\/uploads\/2024\/07\/une-seance-dans-l-hemicycle-de-l-assemblee-nationale.jpg","keywords":["elecciones francesas","extrema izquierda","Marine Le Pen"],"articleSection":["Punts clau del dia (ES)"],"inLanguage":"es","potentialAction":[{"@type":"CommentAction","name":"Comment","target":["https:\/\/conversesacatalunya.cat\/es\/encuesta-franceses-rechazan-izquierdas\/#respond"]}]},{"@type":"WebPage","@id":"https:\/\/conversesacatalunya.cat\/es\/encuesta-franceses-rechazan-izquierdas\/","url":"https:\/\/conversesacatalunya.cat\/es\/encuesta-franceses-rechazan-izquierdas\/","name":"Encuesta: tres de cada cuatro franceses rechazan un gobierno de la coalici\u00f3n de izquierdas - Converses a Catalunya","isPartOf":{"@id":"https:\/\/conversesacatalunya.cat\/#website"},"primaryImageOfPage":{"@id":"https:\/\/conversesacatalunya.cat\/es\/encuesta-franceses-rechazan-izquierdas\/#primaryimage"},"image":{"@id":"https:\/\/conversesacatalunya.cat\/es\/encuesta-franceses-rechazan-izquierdas\/#primaryimage"},"thumbnailUrl":"https:\/\/conversesacatalunya.cat\/wp-content\/uploads\/2024\/07\/une-seance-dans-l-hemicycle-de-l-assemblee-nationale.jpg","datePublished":"2024-07-16T08:58:35+00:00","dateModified":"2024-07-16T09:16:56+00:00","author":{"@id":"https:\/\/conversesacatalunya.cat\/#\/schema\/person\/3ce2ab16c0a3803086d80722c7cad56a"},"description":"Como el sistema electoral de dos vueltas a Francia ha provocado un parlamento ingobernable y los desaf\u00edos que esto representa para la formaci\u00f3n de gobierno","breadcrumb":{"@id":"https:\/\/conversesacatalunya.cat\/es\/encuesta-franceses-rechazan-izquierdas\/#breadcrumb"},"inLanguage":"es","potentialAction":[{"@type":"ReadAction","target":["https:\/\/conversesacatalunya.cat\/es\/encuesta-franceses-rechazan-izquierdas\/"]}]},{"@type":"ImageObject","inLanguage":"es","@id":"https:\/\/conversesacatalunya.cat\/es\/encuesta-franceses-rechazan-izquierdas\/#primaryimage","url":"https:\/\/conversesacatalunya.cat\/wp-content\/uploads\/2024\/07\/une-seance-dans-l-hemicycle-de-l-assemblee-nationale.jpg","contentUrl":"https:\/\/conversesacatalunya.cat\/wp-content\/uploads\/2024\/07\/une-seance-dans-l-hemicycle-de-l-assemblee-nationale.jpg","width":914,"height":514},{"@type":"BreadcrumbList","@id":"https:\/\/conversesacatalunya.cat\/es\/encuesta-franceses-rechazan-izquierdas\/#breadcrumb","itemListElement":[{"@type":"ListItem","position":1,"name":"Inici","item":"https:\/\/conversesacatalunya.cat\/es\/"},{"@type":"ListItem","position":2,"name":"Encuesta: tres de cada cuatro franceses rechazan un gobierno de la coalici\u00f3n de izquierdas"}]},{"@type":"WebSite","@id":"https:\/\/conversesacatalunya.cat\/#website","url":"https:\/\/conversesacatalunya.cat\/","name":"Converses a Catalunya","description":"","potentialAction":[{"@type":"SearchAction","target":{"@type":"EntryPoint","urlTemplate":"https:\/\/conversesacatalunya.cat\/?s={search_term_string}"},"query-input":{"@type":"PropertyValueSpecification","valueRequired":true,"valueName":"search_term_string"}}],"inLanguage":"es"},{"@type":"Person","@id":"https:\/\/conversesacatalunya.cat\/#\/schema\/person\/3ce2ab16c0a3803086d80722c7cad56a","name":"Carles L\u00f3pez","image":{"@type":"ImageObject","inLanguage":"es","@id":"https:\/\/conversesacatalunya.cat\/#\/schema\/person\/image\/","url":"https:\/\/conversesacatalunya.cat\/wp-content\/litespeed\/avatar\/4891585caf2896e97846ab77f06edcf2.jpg?ver=1777091173","contentUrl":"https:\/\/conversesacatalunya.cat\/wp-content\/litespeed\/avatar\/4891585caf2896e97846ab77f06edcf2.jpg?ver=1777091173","caption":"Carles L\u00f3pez"},"url":"https:\/\/conversesacatalunya.cat\/es\/author\/carles-lopez\/"}]}},"wps_subtitle":"Como en 1789, las instituciones francesas no logran captar y reflejar la realidad del pa\u00eds","_links":{"self":[{"href":"https:\/\/conversesacatalunya.cat\/es\/wp-json\/wp\/v2\/posts\/79941","targetHints":{"allow":["GET"]}}],"collection":[{"href":"https:\/\/conversesacatalunya.cat\/es\/wp-json\/wp\/v2\/posts"}],"about":[{"href":"https:\/\/conversesacatalunya.cat\/es\/wp-json\/wp\/v2\/types\/post"}],"author":[{"embeddable":true,"href":"https:\/\/conversesacatalunya.cat\/es\/wp-json\/wp\/v2\/users\/75"}],"replies":[{"embeddable":true,"href":"https:\/\/conversesacatalunya.cat\/es\/wp-json\/wp\/v2\/comments?post=79941"}],"version-history":[{"count":2,"href":"https:\/\/conversesacatalunya.cat\/es\/wp-json\/wp\/v2\/posts\/79941\/revisions"}],"predecessor-version":[{"id":79944,"href":"https:\/\/conversesacatalunya.cat\/es\/wp-json\/wp\/v2\/posts\/79941\/revisions\/79944"}],"wp:featuredmedia":[{"embeddable":true,"href":"https:\/\/conversesacatalunya.cat\/es\/wp-json\/wp\/v2\/media\/79882"}],"wp:attachment":[{"href":"https:\/\/conversesacatalunya.cat\/es\/wp-json\/wp\/v2\/media?parent=79941"}],"wp:term":[{"taxonomy":"category","embeddable":true,"href":"https:\/\/conversesacatalunya.cat\/es\/wp-json\/wp\/v2\/categories?post=79941"},{"taxonomy":"post_tag","embeddable":true,"href":"https:\/\/conversesacatalunya.cat\/es\/wp-json\/wp\/v2\/tags?post=79941"}],"curies":[{"name":"wp","href":"https:\/\/api.w.org\/{rel}","templated":true}]}}