{"id":79923,"date":"2024-07-15T11:52:10","date_gmt":"2024-07-15T09:52:10","guid":{"rendered":"https:\/\/conversesacatalunya.cat\/futur-del-catala-impacte-de-la-immigracio-a-catalunya\/"},"modified":"2024-07-15T14:26:36","modified_gmt":"2024-07-15T12:26:36","slug":"futuro-del-catalan-impacto-de-la-inmigracion-en-cataluna","status":"publish","type":"post","link":"https:\/\/conversesacatalunya.cat\/es\/futuro-del-catalan-impacto-de-la-inmigracion-en-cataluna\/","title":{"rendered":"Futuro del catal\u00e1n: Impacto de la inmigraci\u00f3n en Catalu\u00f1a"},"content":{"rendered":"<p><strong><span>A veces es necesario que sea alguien de fuera quien se atreva a expresar sin complejos y con toda rotundidad las perspectivas de futuro de nuestro pa\u00eds.<\/span><\/strong><span>\u00a0Es el caso del art\u00edculo de Jes\u00fas Fern\u00e1ndez-Villaverde,\u00a0<\/span><em><span>El futuro electoral de la derecha en Espa\u00f1a (II)<\/span><\/em><span>\u00a0, que define las consecuencias del cambio demogr\u00e1fico en Catalu\u00f1a. \u00c9ste es el texto:<\/span><\/p>\n<p><span>\u201cLo primero y m\u00e1s fundamental es la inmigraci\u00f3n. El cambio demogr\u00e1fico en Europa Occidental inducido por la inmigraci\u00f3n es uno de los m\u00e1s r\u00e1pidos en la historia de la humanidad. A algunos votantes este cambio demogr\u00e1fico les parece fenomenal, a otros horroroso e incluso habr\u00e1 quien les deje indiferente. Pero les pondr\u00e9 un ejemplo sencillo que ilustra la profundidad de los cambios que comporta la inmigraci\u00f3n y por qu\u00e9 muchos votantes reaccionan frente a ellos.<\/span><\/p>\n<p><span>En 2023, los hijos de madres extranjeras representaron el 34,6% del total de nacimientos en Catalu\u00f1a, un porcentaje que adem\u00e1s crece aceleradamente cada a\u00f1o. A ese ritmo, en el 2080, Catalunya podr\u00eda tener una mayor\u00eda de poblaci\u00f3n con al menos un progenitor no nacido en Espa\u00f1a. Dado que la gran mayor\u00eda de los nacidos de madre extranjera no utilizar\u00e1 el catal\u00e1n como lengua fuera del sistema educativo (no, no pasar\u00e1 por mucho que la Generalitat intente remediarlo con miles de iniciativas) y que entre los nacidos de madre espa\u00f1ola al menos el 50% prefiere el uso del castellano en su vida diaria,\u00a0<\/span><strong><span>el catal\u00e1n tender\u00e1 a extinguirse<\/span><\/strong><span>. No del todo, sobrevivir\u00e1 como sobrevive el ga\u00e9lico irland\u00e9s: en el sistema educativo y en unos peque\u00f1os pueblos muy aislados. Pero, al igual que uno camina por Dubl\u00edn y no siente ni una sola vez ga\u00e9lico irland\u00e9s, en el 2080 nadie oir\u00e1 catal\u00e1n en Barcelona.<\/span><\/p>\n<p><span>La \u00fanica manera que tiene el catal\u00e1n de sobrevivir es o la independencia de Catalunya (que permitir\u00eda, tal vez, reprimir tanto el uso del castellano como para que los \u00abnuevos catalanes\u00bb adopten el catal\u00e1n como lengua en su vida diaria) o reduciendo la inmigraci\u00f3n en un 90% (o ambas medidas). Sin embargo, con una Catalunya en Espa\u00f1a y con el nivel de inmigraci\u00f3n actual, el catal\u00e1n est\u00e1 sentenciado a muerte.<\/span><\/p>\n<p><span>Esto lo explico haciendo \u00e9nfasis en que 1) yo no soy catal\u00e1n, 2) no hablo ni una palabra de catal\u00e1n y 3) a nivel personal, el futuro del catal\u00e1n no me afecta ni positiva ni negativamente. Pero tengo la empat\u00eda suficiente para entender que para un hablante materno de catal\u00e1n ese escenario en el que su lengua desaparecer\u00e1 en la pr\u00e1ctica en 60 a\u00f1os sea una cuesti\u00f3n existencial, y tambi\u00e9n la abstracci\u00f3n para observar que la \u00fanica respuesta que le est\u00e1n dando ahora mismo las \u00e9lites pol\u00edticas, econ\u00f3micas e intelectuales es llamarle xen\u00f3fobo. \u00bfDe verdad nos extra\u00f1a que este votante haya optado por Alian\u00e7a Catalana?\u201d<\/span><\/p>\n<p><span>Al margen de lo que pueda pensarse pol\u00edticamente,\u00a0<\/span><strong><span>los datos que utiliza son dif\u00edcilmente rebatibles,<\/span><\/strong><span>\u00a0porque son una realidad, como en\u00a0<\/span><em><span>Converses <\/span><\/em><a href=\"https:\/\/conversesacatalunya.cat\/es\/la-inmigracion-si-es-un-problema\/\" target=\"_blank\" rel=\"noopener\"><span>hemos se\u00f1alado<\/span><\/a><span>\u00a0en m\u00e1s de una ocasi\u00f3n. El resultado es fruto de una inmigraci\u00f3n desbordante, la\u00a0<\/span><a href=\"https:\/\/conversesacatalunya.cat\/es\/natalidad-inmigracion-y-productividad-no-vamos-bien-1\/\" target=\"_blank\" rel=\"noopener\"><span>falta de natalidad<\/span><\/a><span> aut\u00f3ctona hasta niveles extremos, el mayor n\u00famero de nacimientos en t\u00e9rminos relativos de padres nacidos en el extranjero, y una estructura econ\u00f3mica muy fundamentada en el turismo, el comercio y hosteler\u00eda, que reclama mano de obra no especializada.\u00a0<\/span><strong><span>El resultado lo podemos percibir en Barcelona,<\/span><\/strong><span> \u200b\u200bno es necesario ser un estadista de la lengua para constatar que es muy dif\u00edcil ser atendido en alg\u00fan servicio en catal\u00e1n o simplemente escucharlo en la calle o en el transporte p\u00fablico.<\/span><\/p>\n<p><strong><span>En contra de lo que dice el art\u00edculo,<\/span><\/strong><span> y aqu\u00ed juega la interpretaci\u00f3n pol\u00edtica, no existe una reacci\u00f3n pol\u00edtica de altura contra esa evidencia. <\/span><a href=\"https:\/\/aliancacatalana.cat\/\" target=\"_blank\" rel=\"noopener\"><span>Alian\u00e7a Catalana<\/span><\/a><span>\u00a0es hoy por hoy una anomal\u00eda con un resultado electoral muy modesto que s\u00f3lo ha logrado imponerse en dos peque\u00f1os municipios.<\/span><\/p>\n<p><span>Por su parte, los partidos independentistas grandes y asentados, empezando por ERC, no est\u00e1n por el tema.\u00a0<\/span><strong><span>Lo manifiesta claramente<\/span><\/strong><span> c\u00f3mo esta cuesti\u00f3n, la de la lengua y la inmigraci\u00f3n, no forma parte de la agenda de negociaci\u00f3n entre republicanos y socialistas para investir a Illa. Por otro lado, Junts, muy pendientes siempre de lo pol\u00edticamente correcto, no se han atrevido a presentar el tema ni siquiera con la frialdad de las cifras, sin mayores consideraciones. Incluso el pacto con S\u00e1nchez sobre inmigraci\u00f3n, desconocido en cuanto a su contenido, no es objeto de atenci\u00f3n ni insistencia por parte de Junts.<\/span><\/p>\n<p><span>Las dos grandes oleadas migratorias del siglo XXI han transformado absolutamente la perspectiva catalana y si el objetivo hist\u00f3rico de la pol\u00edtica catalanista en \u00faltimo t\u00e9rmino era el de garantizar la preservaci\u00f3n de la lengua y la cultura, cabe decir que\u00a0<\/span><strong><span>sus actuales representantes, por muy independentistas que se declaren,<\/span><\/strong><span>\u00a0parecen dar la batalla por perdida, o al menos parece claro que no quieren abordarla.<\/span><\/p>\n<div id=\"polls-250\" class=\"wp-polls\">\n\t<form id=\"polls_form_250\" class=\"wp-polls-form\" action=\"\/index.php\" method=\"post\">\n\t\t<p style=\"display: none;\"><input type=\"hidden\" id=\"poll_250_nonce\" name=\"wp-polls-nonce\" value=\"dcb3a325a8\" \/><\/p>\n\t\t<p style=\"display: none;\"><input type=\"hidden\" name=\"poll_id\" value=\"250\" \/><\/p>\n\t\t<p style=\"text-align: center\"><strong>Creus que l'atemptat contra Trump ha estat organitzat o b\u00e9 \u00e9s un fet espontani?<\/strong><\/p><div id=\"polls-250-ans\" class=\"wp-polls-ans\"><ul class=\"wp-polls-ul\">\n\t\t<li><input type=\"radio\" id=\"poll-answer-702\" name=\"poll_250\" value=\"702\" \/> <label for=\"poll-answer-702\">Ha estat organitzat<\/label><\/li>\n\t\t<li><input type=\"radio\" id=\"poll-answer-703\" name=\"poll_250\" value=\"703\" \/> <label for=\"poll-answer-703\">\u00c9s un fet espontani<\/label><\/li>\n\t\t<li><input type=\"radio\" id=\"poll-answer-704\" name=\"poll_250\" value=\"704\" \/> <label for=\"poll-answer-704\">No ho s\u00e9<\/label><\/li>\n\t\t<\/ul><p style=\"text-align: center\"><input type=\"button\" name=\"vote\" value=\"   Vota   \" class=\"Buttons\" onclick=\"poll_vote(250);\" \/><\/p><p style=\"text-align: center\"><a href=\"#ViewPollResults\" onclick=\"poll_result(250); return false;\" title=\"View Results Of This Poll\">Mira els resultats<\/a><\/p><\/div>\n\t<\/form>\n<\/div>\n<div id=\"polls-250-loading\" class=\"wp-polls-loading\"><img decoding=\"async\" data-src=\"https:\/\/conversesacatalunya.cat\/wp-content\/plugins\/wp-polls\/images\/loading.gif\" width=\"16\" height=\"16\" alt=\"Cargando ...\" title=\"Cargando ...\" class=\"wp-polls-image lazyload\" src=\"data:image\/svg+xml;base64,PHN2ZyB3aWR0aD0iMSIgaGVpZ2h0PSIxIiB4bWxucz0iaHR0cDovL3d3dy53My5vcmcvMjAwMC9zdmciPjwvc3ZnPg==\" style=\"--smush-placeholder-width: 16px; --smush-placeholder-aspect-ratio: 16\/16;\" \/>&nbsp;Cargando ...<\/div>\n\n","protected":false},"excerpt":{"rendered":"<p>A veces es necesario que sea alguien de fuera quien se atreva a expresar sin complejos y con toda rotundidad las perspectivas de futuro de nuestro pa\u00eds.\u00a0Es el caso del art\u00edculo de Jes\u00fas Fern\u00e1ndez-Villaverde,\u00a0El futuro electoral de la derecha en Espa\u00f1a (II)\u00a0, que define las consecuencias del cambio demogr\u00e1fico en Catalu\u00f1a. \u00c9ste es el texto: \u201cLo primero y m\u00e1s fundamental es la inmigraci\u00f3n. El cambio demogr\u00e1fico en Europa Occidental inducido por la inmigraci\u00f3n es uno de los m\u00e1s r\u00e1pidos en la historia de la humanidad. A algunos votantes este cambio demogr\u00e1fico les parece fenomenal, a otros horroroso e incluso habr\u00e1 quien les deje indiferente. Pero les pondr\u00e9 un ejemplo sencillo que ilustra la profundidad de los cambios que comporta la inmigraci\u00f3n y por qu\u00e9 muchos votantes reaccionan frente a ellos. En 2023, los hijos de madres extranjeras representaron el 34,6% del total de nacimientos en Catalu\u00f1a, un porcentaje que adem\u00e1s crece aceleradamente cada a\u00f1o. A ese ritmo, en el 2080, Catalunya podr\u00eda tener una mayor\u00eda de poblaci\u00f3n con al menos un progenitor no nacido en Espa\u00f1a. Dado que la gran mayor\u00eda de los nacidos de madre extranjera no utilizar\u00e1 el catal\u00e1n como lengua fuera del sistema educativo (no, no pasar\u00e1 por mucho que la Generalitat intente remediarlo con miles de iniciativas) y que entre los nacidos de madre espa\u00f1ola al menos el 50% prefiere el uso del castellano en su vida diaria,\u00a0el catal\u00e1n tender\u00e1 a extinguirse. No del todo, sobrevivir\u00e1 como sobrevive el ga\u00e9lico irland\u00e9s: en el sistema educativo y en unos peque\u00f1os pueblos muy aislados. Pero, al igual que uno camina por Dubl\u00edn y no siente ni una sola vez ga\u00e9lico irland\u00e9s, en el 2080 nadie oir\u00e1 catal\u00e1n en Barcelona. La \u00fanica manera que tiene el catal\u00e1n de sobrevivir es o la independencia de Catalunya (que permitir\u00eda, tal vez, reprimir tanto el uso del castellano como para que los \u00abnuevos catalanes\u00bb adopten el catal\u00e1n como lengua en su vida diaria) o reduciendo la inmigraci\u00f3n en un 90% (o ambas medidas). Sin embargo, con una Catalunya en Espa\u00f1a y con el nivel de inmigraci\u00f3n actual, el catal\u00e1n est\u00e1 sentenciado a muerte. Esto lo explico haciendo \u00e9nfasis en que 1) yo no soy catal\u00e1n, 2) no hablo ni una palabra de catal\u00e1n y 3) a nivel personal, el futuro del catal\u00e1n no me afecta ni positiva ni negativamente. Pero tengo la empat\u00eda suficiente para entender que para un hablante materno de catal\u00e1n ese escenario en el que su lengua desaparecer\u00e1 en la pr\u00e1ctica en 60 a\u00f1os sea una cuesti\u00f3n existencial, y tambi\u00e9n la abstracci\u00f3n para observar que la \u00fanica respuesta que le est\u00e1n dando ahora mismo las \u00e9lites pol\u00edticas, econ\u00f3micas e intelectuales es llamarle xen\u00f3fobo. \u00bfDe verdad nos extra\u00f1a que este votante haya optado por Alian\u00e7a Catalana?\u201d Al margen de lo que pueda pensarse pol\u00edticamente,\u00a0los datos que utiliza son dif\u00edcilmente rebatibles,\u00a0porque son una realidad, como en\u00a0Converses hemos se\u00f1alado\u00a0en m\u00e1s de una ocasi\u00f3n. El resultado es fruto de una inmigraci\u00f3n desbordante, la\u00a0falta de natalidad aut\u00f3ctona hasta niveles extremos, el mayor n\u00famero de nacimientos en t\u00e9rminos relativos de padres nacidos en el extranjero, y una estructura econ\u00f3mica muy fundamentada en el turismo, el comercio y hosteler\u00eda, que reclama mano de obra no especializada.\u00a0El resultado lo podemos percibir en Barcelona, \u200b\u200bno es necesario ser un estadista de la lengua para constatar que es muy dif\u00edcil ser atendido en alg\u00fan servicio en catal\u00e1n o simplemente escucharlo en la calle o en el transporte p\u00fablico. En contra de lo que dice el art\u00edculo, y aqu\u00ed juega la interpretaci\u00f3n pol\u00edtica, no existe una reacci\u00f3n pol\u00edtica de altura contra esa evidencia. Alian\u00e7a Catalana\u00a0es hoy por hoy una anomal\u00eda con un resultado electoral muy modesto que s\u00f3lo ha logrado imponerse en dos peque\u00f1os municipios. Por su parte, los partidos independentistas grandes y asentados, empezando por ERC, no est\u00e1n por el tema.\u00a0Lo manifiesta claramente c\u00f3mo esta cuesti\u00f3n, la de la lengua y la inmigraci\u00f3n, no forma parte de la agenda de negociaci\u00f3n entre republicanos y socialistas para investir a Illa. Por otro lado, Junts, muy pendientes siempre de lo pol\u00edticamente correcto, no se han atrevido a presentar el tema ni siquiera con la frialdad de las cifras, sin mayores consideraciones. Incluso el pacto con S\u00e1nchez sobre inmigraci\u00f3n, desconocido en cuanto a su contenido, no es objeto de atenci\u00f3n ni insistencia por parte de Junts. Las dos grandes oleadas migratorias del siglo XXI han transformado absolutamente la perspectiva catalana y si el objetivo hist\u00f3rico de la pol\u00edtica catalanista en \u00faltimo t\u00e9rmino era el de garantizar la preservaci\u00f3n de la lengua y la cultura, cabe decir que\u00a0sus actuales representantes, por muy independentistas que se declaren,\u00a0parecen dar la batalla por perdida, o al menos parece claro que no quieren abordarla.<\/p>\n","protected":false},"author":78,"featured_media":79909,"comment_status":"open","ping_status":"open","sticky":false,"template":"","format":"standard","meta":{"_FSMCFIC_featured_image_caption":"","_FSMCFIC_featured_image_nocaption":"","_FSMCFIC_featured_image_hide":"","footnotes":""},"categories":[806],"tags":[1661,1678],"class_list":["post-79923","post","type-post","status-publish","format-standard","has-post-thumbnail","hentry","category-punts-claus-del-dia-es","tag-catalan-es","tag-inmigracion"],"yoast_head":"<!-- This site is optimized with the Yoast SEO plugin v26.8 - https:\/\/yoast.com\/product\/yoast-seo-wordpress\/ -->\n<title>Futuro del catal\u00e1n: Impacto de la inmigraci\u00f3n en Catalu\u00f1a - Converses a Catalunya<\/title>\n<meta name=\"description\" content=\"Descubre c\u00f3mo la inmigraci\u00f3n est\u00e1 transformando la demograf\u00eda en Catalu\u00f1a y afectando al futuro de la lengua catalana.\" \/>\n<meta name=\"robots\" content=\"index, follow, max-snippet:-1, max-image-preview:large, max-video-preview:-1\" \/>\n<link rel=\"canonical\" href=\"https:\/\/conversesacatalunya.cat\/es\/futuro-del-catalan-impacto-de-la-inmigracion-en-cataluna\/\" \/>\n<meta property=\"og:locale\" content=\"es_ES\" \/>\n<meta property=\"og:type\" content=\"article\" \/>\n<meta property=\"og:title\" content=\"Futuro del catal\u00e1n: Impacto de la inmigraci\u00f3n en Catalu\u00f1a - Converses a Catalunya\" \/>\n<meta property=\"og:description\" content=\"Descubre c\u00f3mo la inmigraci\u00f3n est\u00e1 transformando la demograf\u00eda en Catalu\u00f1a y afectando al futuro de la lengua catalana.\" \/>\n<meta property=\"og:url\" content=\"https:\/\/conversesacatalunya.cat\/es\/futuro-del-catalan-impacto-de-la-inmigracion-en-cataluna\/\" \/>\n<meta property=\"og:site_name\" content=\"Converses a Catalunya\" \/>\n<meta property=\"article:published_time\" content=\"2024-07-15T09:52:10+00:00\" \/>\n<meta property=\"article:modified_time\" content=\"2024-07-15T12:26:36+00:00\" \/>\n<meta property=\"og:image\" content=\"https:\/\/conversesacatalunya.cat\/wp-content\/uploads\/2024\/07\/foto-immigracio-raval.jpg\" \/>\n\t<meta property=\"og:image:width\" content=\"450\" \/>\n\t<meta property=\"og:image:height\" content=\"301\" \/>\n\t<meta property=\"og:image:type\" content=\"image\/jpeg\" \/>\n<meta name=\"author\" content=\"Joan Masip\" \/>\n<meta name=\"twitter:card\" content=\"summary_large_image\" \/>\n<meta name=\"twitter:label1\" content=\"Escrito por\" \/>\n\t<meta name=\"twitter:data1\" content=\"Joan Masip\" \/>\n\t<meta name=\"twitter:label2\" content=\"Tiempo de lectura\" \/>\n\t<meta name=\"twitter:data2\" content=\"4 minutos\" \/>\n<script type=\"application\/ld+json\" class=\"yoast-schema-graph\">{\"@context\":\"https:\/\/schema.org\",\"@graph\":[{\"@type\":\"Article\",\"@id\":\"https:\/\/conversesacatalunya.cat\/es\/futuro-del-catalan-impacto-de-la-inmigracion-en-cataluna\/#article\",\"isPartOf\":{\"@id\":\"https:\/\/conversesacatalunya.cat\/es\/futuro-del-catalan-impacto-de-la-inmigracion-en-cataluna\/\"},\"author\":{\"name\":\"Joan Masip\",\"@id\":\"https:\/\/conversesacatalunya.cat\/#\/schema\/person\/311d0bf53def217d5124c78a7bc42275\"},\"headline\":\"Futuro del catal\u00e1n: Impacto de la inmigraci\u00f3n en Catalu\u00f1a\",\"datePublished\":\"2024-07-15T09:52:10+00:00\",\"dateModified\":\"2024-07-15T12:26:36+00:00\",\"mainEntityOfPage\":{\"@id\":\"https:\/\/conversesacatalunya.cat\/es\/futuro-del-catalan-impacto-de-la-inmigracion-en-cataluna\/\"},\"wordCount\":887,\"commentCount\":0,\"image\":{\"@id\":\"https:\/\/conversesacatalunya.cat\/es\/futuro-del-catalan-impacto-de-la-inmigracion-en-cataluna\/#primaryimage\"},\"thumbnailUrl\":\"https:\/\/conversesacatalunya.cat\/wp-content\/uploads\/2024\/07\/foto-immigracio-raval.jpg\",\"keywords\":[\"catal\u00e1n\",\"inmigraci\u00f3n\"],\"articleSection\":[\"Punts clau del dia (ES)\"],\"inLanguage\":\"es\",\"potentialAction\":[{\"@type\":\"CommentAction\",\"name\":\"Comment\",\"target\":[\"https:\/\/conversesacatalunya.cat\/es\/futuro-del-catalan-impacto-de-la-inmigracion-en-cataluna\/#respond\"]}]},{\"@type\":\"WebPage\",\"@id\":\"https:\/\/conversesacatalunya.cat\/es\/futuro-del-catalan-impacto-de-la-inmigracion-en-cataluna\/\",\"url\":\"https:\/\/conversesacatalunya.cat\/es\/futuro-del-catalan-impacto-de-la-inmigracion-en-cataluna\/\",\"name\":\"Futuro del catal\u00e1n: Impacto de la inmigraci\u00f3n en Catalu\u00f1a - Converses a Catalunya\",\"isPartOf\":{\"@id\":\"https:\/\/conversesacatalunya.cat\/#website\"},\"primaryImageOfPage\":{\"@id\":\"https:\/\/conversesacatalunya.cat\/es\/futuro-del-catalan-impacto-de-la-inmigracion-en-cataluna\/#primaryimage\"},\"image\":{\"@id\":\"https:\/\/conversesacatalunya.cat\/es\/futuro-del-catalan-impacto-de-la-inmigracion-en-cataluna\/#primaryimage\"},\"thumbnailUrl\":\"https:\/\/conversesacatalunya.cat\/wp-content\/uploads\/2024\/07\/foto-immigracio-raval.jpg\",\"datePublished\":\"2024-07-15T09:52:10+00:00\",\"dateModified\":\"2024-07-15T12:26:36+00:00\",\"author\":{\"@id\":\"https:\/\/conversesacatalunya.cat\/#\/schema\/person\/311d0bf53def217d5124c78a7bc42275\"},\"description\":\"Descubre c\u00f3mo la inmigraci\u00f3n est\u00e1 transformando la demograf\u00eda en Catalu\u00f1a y afectando al futuro de la lengua catalana.\",\"breadcrumb\":{\"@id\":\"https:\/\/conversesacatalunya.cat\/es\/futuro-del-catalan-impacto-de-la-inmigracion-en-cataluna\/#breadcrumb\"},\"inLanguage\":\"es\",\"potentialAction\":[{\"@type\":\"ReadAction\",\"target\":[\"https:\/\/conversesacatalunya.cat\/es\/futuro-del-catalan-impacto-de-la-inmigracion-en-cataluna\/\"]}]},{\"@type\":\"ImageObject\",\"inLanguage\":\"es\",\"@id\":\"https:\/\/conversesacatalunya.cat\/es\/futuro-del-catalan-impacto-de-la-inmigracion-en-cataluna\/#primaryimage\",\"url\":\"https:\/\/conversesacatalunya.cat\/wp-content\/uploads\/2024\/07\/foto-immigracio-raval.jpg\",\"contentUrl\":\"https:\/\/conversesacatalunya.cat\/wp-content\/uploads\/2024\/07\/foto-immigracio-raval.jpg\",\"width\":450,\"height\":301,\"caption\":\"Futur del catal\u00e0 a Catalunya\"},{\"@type\":\"BreadcrumbList\",\"@id\":\"https:\/\/conversesacatalunya.cat\/es\/futuro-del-catalan-impacto-de-la-inmigracion-en-cataluna\/#breadcrumb\",\"itemListElement\":[{\"@type\":\"ListItem\",\"position\":1,\"name\":\"Inici\",\"item\":\"https:\/\/conversesacatalunya.cat\/es\/\"},{\"@type\":\"ListItem\",\"position\":2,\"name\":\"Futuro del catal\u00e1n: Impacto de la inmigraci\u00f3n en Catalu\u00f1a\"}]},{\"@type\":\"WebSite\",\"@id\":\"https:\/\/conversesacatalunya.cat\/#website\",\"url\":\"https:\/\/conversesacatalunya.cat\/\",\"name\":\"Converses a Catalunya\",\"description\":\"\",\"potentialAction\":[{\"@type\":\"SearchAction\",\"target\":{\"@type\":\"EntryPoint\",\"urlTemplate\":\"https:\/\/conversesacatalunya.cat\/?s={search_term_string}\"},\"query-input\":{\"@type\":\"PropertyValueSpecification\",\"valueRequired\":true,\"valueName\":\"search_term_string\"}}],\"inLanguage\":\"es\"},{\"@type\":\"Person\",\"@id\":\"https:\/\/conversesacatalunya.cat\/#\/schema\/person\/311d0bf53def217d5124c78a7bc42275\",\"name\":\"Joan Masip\",\"image\":{\"@type\":\"ImageObject\",\"inLanguage\":\"es\",\"@id\":\"https:\/\/conversesacatalunya.cat\/#\/schema\/person\/image\/\",\"url\":\"https:\/\/conversesacatalunya.cat\/wp-content\/litespeed\/avatar\/fa67b994763cff7d443f54b63ec96481.jpg?ver=1777372547\",\"contentUrl\":\"https:\/\/conversesacatalunya.cat\/wp-content\/litespeed\/avatar\/fa67b994763cff7d443f54b63ec96481.jpg?ver=1777372547\",\"caption\":\"Joan Masip\"},\"url\":\"https:\/\/conversesacatalunya.cat\/es\/author\/joan-masip\/\"}]}<\/script>\n<!-- \/ Yoast SEO plugin. -->","yoast_head_json":{"title":"Futuro del catal\u00e1n: Impacto de la inmigraci\u00f3n en Catalu\u00f1a - Converses a Catalunya","description":"Descubre c\u00f3mo la inmigraci\u00f3n est\u00e1 transformando la demograf\u00eda en Catalu\u00f1a y afectando al futuro de la lengua catalana.","robots":{"index":"index","follow":"follow","max-snippet":"max-snippet:-1","max-image-preview":"max-image-preview:large","max-video-preview":"max-video-preview:-1"},"canonical":"https:\/\/conversesacatalunya.cat\/es\/futuro-del-catalan-impacto-de-la-inmigracion-en-cataluna\/","og_locale":"es_ES","og_type":"article","og_title":"Futuro del catal\u00e1n: Impacto de la inmigraci\u00f3n en Catalu\u00f1a - Converses a Catalunya","og_description":"Descubre c\u00f3mo la inmigraci\u00f3n est\u00e1 transformando la demograf\u00eda en Catalu\u00f1a y afectando al futuro de la lengua catalana.","og_url":"https:\/\/conversesacatalunya.cat\/es\/futuro-del-catalan-impacto-de-la-inmigracion-en-cataluna\/","og_site_name":"Converses a Catalunya","article_published_time":"2024-07-15T09:52:10+00:00","article_modified_time":"2024-07-15T12:26:36+00:00","og_image":[{"width":450,"height":301,"url":"https:\/\/conversesacatalunya.cat\/wp-content\/uploads\/2024\/07\/foto-immigracio-raval.jpg","type":"image\/jpeg"}],"author":"Joan Masip","twitter_card":"summary_large_image","twitter_misc":{"Escrito por":"Joan Masip","Tiempo de lectura":"4 minutos"},"schema":{"@context":"https:\/\/schema.org","@graph":[{"@type":"Article","@id":"https:\/\/conversesacatalunya.cat\/es\/futuro-del-catalan-impacto-de-la-inmigracion-en-cataluna\/#article","isPartOf":{"@id":"https:\/\/conversesacatalunya.cat\/es\/futuro-del-catalan-impacto-de-la-inmigracion-en-cataluna\/"},"author":{"name":"Joan Masip","@id":"https:\/\/conversesacatalunya.cat\/#\/schema\/person\/311d0bf53def217d5124c78a7bc42275"},"headline":"Futuro del catal\u00e1n: Impacto de la inmigraci\u00f3n en Catalu\u00f1a","datePublished":"2024-07-15T09:52:10+00:00","dateModified":"2024-07-15T12:26:36+00:00","mainEntityOfPage":{"@id":"https:\/\/conversesacatalunya.cat\/es\/futuro-del-catalan-impacto-de-la-inmigracion-en-cataluna\/"},"wordCount":887,"commentCount":0,"image":{"@id":"https:\/\/conversesacatalunya.cat\/es\/futuro-del-catalan-impacto-de-la-inmigracion-en-cataluna\/#primaryimage"},"thumbnailUrl":"https:\/\/conversesacatalunya.cat\/wp-content\/uploads\/2024\/07\/foto-immigracio-raval.jpg","keywords":["catal\u00e1n","inmigraci\u00f3n"],"articleSection":["Punts clau del dia (ES)"],"inLanguage":"es","potentialAction":[{"@type":"CommentAction","name":"Comment","target":["https:\/\/conversesacatalunya.cat\/es\/futuro-del-catalan-impacto-de-la-inmigracion-en-cataluna\/#respond"]}]},{"@type":"WebPage","@id":"https:\/\/conversesacatalunya.cat\/es\/futuro-del-catalan-impacto-de-la-inmigracion-en-cataluna\/","url":"https:\/\/conversesacatalunya.cat\/es\/futuro-del-catalan-impacto-de-la-inmigracion-en-cataluna\/","name":"Futuro del catal\u00e1n: Impacto de la inmigraci\u00f3n en Catalu\u00f1a - Converses a Catalunya","isPartOf":{"@id":"https:\/\/conversesacatalunya.cat\/#website"},"primaryImageOfPage":{"@id":"https:\/\/conversesacatalunya.cat\/es\/futuro-del-catalan-impacto-de-la-inmigracion-en-cataluna\/#primaryimage"},"image":{"@id":"https:\/\/conversesacatalunya.cat\/es\/futuro-del-catalan-impacto-de-la-inmigracion-en-cataluna\/#primaryimage"},"thumbnailUrl":"https:\/\/conversesacatalunya.cat\/wp-content\/uploads\/2024\/07\/foto-immigracio-raval.jpg","datePublished":"2024-07-15T09:52:10+00:00","dateModified":"2024-07-15T12:26:36+00:00","author":{"@id":"https:\/\/conversesacatalunya.cat\/#\/schema\/person\/311d0bf53def217d5124c78a7bc42275"},"description":"Descubre c\u00f3mo la inmigraci\u00f3n est\u00e1 transformando la demograf\u00eda en Catalu\u00f1a y afectando al futuro de la lengua catalana.","breadcrumb":{"@id":"https:\/\/conversesacatalunya.cat\/es\/futuro-del-catalan-impacto-de-la-inmigracion-en-cataluna\/#breadcrumb"},"inLanguage":"es","potentialAction":[{"@type":"ReadAction","target":["https:\/\/conversesacatalunya.cat\/es\/futuro-del-catalan-impacto-de-la-inmigracion-en-cataluna\/"]}]},{"@type":"ImageObject","inLanguage":"es","@id":"https:\/\/conversesacatalunya.cat\/es\/futuro-del-catalan-impacto-de-la-inmigracion-en-cataluna\/#primaryimage","url":"https:\/\/conversesacatalunya.cat\/wp-content\/uploads\/2024\/07\/foto-immigracio-raval.jpg","contentUrl":"https:\/\/conversesacatalunya.cat\/wp-content\/uploads\/2024\/07\/foto-immigracio-raval.jpg","width":450,"height":301,"caption":"Futur del catal\u00e0 a Catalunya"},{"@type":"BreadcrumbList","@id":"https:\/\/conversesacatalunya.cat\/es\/futuro-del-catalan-impacto-de-la-inmigracion-en-cataluna\/#breadcrumb","itemListElement":[{"@type":"ListItem","position":1,"name":"Inici","item":"https:\/\/conversesacatalunya.cat\/es\/"},{"@type":"ListItem","position":2,"name":"Futuro del catal\u00e1n: Impacto de la inmigraci\u00f3n en Catalu\u00f1a"}]},{"@type":"WebSite","@id":"https:\/\/conversesacatalunya.cat\/#website","url":"https:\/\/conversesacatalunya.cat\/","name":"Converses a Catalunya","description":"","potentialAction":[{"@type":"SearchAction","target":{"@type":"EntryPoint","urlTemplate":"https:\/\/conversesacatalunya.cat\/?s={search_term_string}"},"query-input":{"@type":"PropertyValueSpecification","valueRequired":true,"valueName":"search_term_string"}}],"inLanguage":"es"},{"@type":"Person","@id":"https:\/\/conversesacatalunya.cat\/#\/schema\/person\/311d0bf53def217d5124c78a7bc42275","name":"Joan Masip","image":{"@type":"ImageObject","inLanguage":"es","@id":"https:\/\/conversesacatalunya.cat\/#\/schema\/person\/image\/","url":"https:\/\/conversesacatalunya.cat\/wp-content\/litespeed\/avatar\/fa67b994763cff7d443f54b63ec96481.jpg?ver=1777372547","contentUrl":"https:\/\/conversesacatalunya.cat\/wp-content\/litespeed\/avatar\/fa67b994763cff7d443f54b63ec96481.jpg?ver=1777372547","caption":"Joan Masip"},"url":"https:\/\/conversesacatalunya.cat\/es\/author\/joan-masip\/"}]}},"wps_subtitle":"El futuro del catal\u00e1n: perspectivas y retos","_links":{"self":[{"href":"https:\/\/conversesacatalunya.cat\/es\/wp-json\/wp\/v2\/posts\/79923","targetHints":{"allow":["GET"]}}],"collection":[{"href":"https:\/\/conversesacatalunya.cat\/es\/wp-json\/wp\/v2\/posts"}],"about":[{"href":"https:\/\/conversesacatalunya.cat\/es\/wp-json\/wp\/v2\/types\/post"}],"author":[{"embeddable":true,"href":"https:\/\/conversesacatalunya.cat\/es\/wp-json\/wp\/v2\/users\/78"}],"replies":[{"embeddable":true,"href":"https:\/\/conversesacatalunya.cat\/es\/wp-json\/wp\/v2\/comments?post=79923"}],"version-history":[{"count":2,"href":"https:\/\/conversesacatalunya.cat\/es\/wp-json\/wp\/v2\/posts\/79923\/revisions"}],"predecessor-version":[{"id":79925,"href":"https:\/\/conversesacatalunya.cat\/es\/wp-json\/wp\/v2\/posts\/79923\/revisions\/79925"}],"wp:featuredmedia":[{"embeddable":true,"href":"https:\/\/conversesacatalunya.cat\/es\/wp-json\/wp\/v2\/media\/79909"}],"wp:attachment":[{"href":"https:\/\/conversesacatalunya.cat\/es\/wp-json\/wp\/v2\/media?parent=79923"}],"wp:term":[{"taxonomy":"category","embeddable":true,"href":"https:\/\/conversesacatalunya.cat\/es\/wp-json\/wp\/v2\/categories?post=79923"},{"taxonomy":"post_tag","embeddable":true,"href":"https:\/\/conversesacatalunya.cat\/es\/wp-json\/wp\/v2\/tags?post=79923"}],"curies":[{"name":"wp","href":"https:\/\/api.w.org\/{rel}","templated":true}]}}