{"id":79807,"date":"2024-07-11T10:59:06","date_gmt":"2024-07-11T08:59:06","guid":{"rendered":"https:\/\/conversesacatalunya.cat\/?p=79807"},"modified":"2024-07-16T11:20:29","modified_gmt":"2024-07-16T09:20:29","slug":"la-agenda-estrategica-de-la-ue-para-la-legislatura-europea-2024-2029-y-la-necesidad-de-mejorarla","status":"publish","type":"post","link":"https:\/\/conversesacatalunya.cat\/es\/la-agenda-estrategica-de-la-ue-para-la-legislatura-europea-2024-2029-y-la-necesidad-de-mejorarla\/","title":{"rendered":"La Agenda Estrat\u00e9gica de la UE para la legislatura europea 2024-2029 y la necesidad de mejorarla"},"content":{"rendered":"<h3><strong>La Agenda estrat\u00e9gica de la UE para el per\u00edodo 2024-2029<\/strong><\/h3>\n<p><strong>Cada cinco a\u00f1os, el Consejo Europeo<\/strong> \u2013 m\u00e1xima instancia de poder en la UE formada por los jefes de Estado o de Gobierno de los 27 \u2013 adopta un documento tan importante como poco conocido, <strong>una agenda estrat\u00e9gica<\/strong>.<\/p>\n<p>La denominada <strong>\u201cAgenda estrat\u00e9gica 2024-2029\u201d<\/strong> es el resultado de un compromiso que define el pr\u00f3ximo ciclo europeo. Son ocho p\u00e1ginas que marcan un rumbo para los pr\u00f3ximos cinco a\u00f1os.<\/p>\n<p>La actual Agenda estrat\u00e9gica, de alcance general, es fruto de compromisos y tiene un car\u00e1cter program\u00e1tico.<strong> Entre sus novedades, destaca<\/strong> el papel reforzado que el Consejo Europeo pretende otorgar al Banco Europeo de Inversiones (BEI), desde hace poco tiempo presidido por la espa\u00f1ola <strong>Nadia Calvi\u00f1o<\/strong>, especialmente en lo que se refiere a la industria de defensa y al impulso de la competitividad.<\/p>\n<p><strong>Defensa y competitividad son dos ejes principales de la Agenda.<\/strong> Recoge las recomendaciones del informe Letta sobre mercado interior y de Mario Draghi sobre competitividad y reforzamiento industrial. Para liberar el potencial de inversi\u00f3n necesaria, se acelerar\u00e1 la<strong> integraci\u00f3n financiera<\/strong> completando la Uni\u00f3n de Mercados de Capitales y la Uni\u00f3n Bancaria.<\/p>\n<p>Un segundo aspecto a destacar es el <strong>espacio relativamente reducido que se concede a la transici\u00f3n ecol\u00f3gica<\/strong>, a pesar de que la adopci\u00f3n del famoso Pacto Verde (Green Deal) constituyera el n\u00facleo duro, junto con la transici\u00f3n digital, de la anterior Comisi\u00f3n Europea (2019-2024). El Pacto Verde Europeo fue el verdadero <em>trademark<\/em> de la anterior legislatura. Para la pr\u00f3xima, la ecolog\u00eda queda relegada a una posici\u00f3n relativamente m\u00e1s baja.<\/p>\n<h4><strong>La Agenda estrat\u00e9gica comienza con estas palabras:<\/strong><\/h4>\n<p style=\"padding-left: 40px;\">\u201cLa UE se fund\u00f3 sobre el imperativo de garantizar la paz en Europa, basada en la cooperaci\u00f3n, la solidaridad y la prosperidad econ\u00f3mica compartida. Esta promesa inicial sigue gui\u00e1ndonos y sirve de base a nuestras prioridades para<strong> alcanzar una Uni\u00f3n m\u00e1s grande, m\u00e1s fuerte y soberana\u201d.<\/strong><\/p>\n<p style=\"padding-left: 40px;\">\u201cEl panorama pol\u00edtico mundial actual est\u00e1 siendo remodelado por la competencia estrat\u00e9gica, la creciente inestabilidad global y los intentos de desafiar el orden internacional basado en reglas. Rusia ha vuelto a traer la guerra a nuestro continente. En nuestra vecindad, la situaci\u00f3n en Oriente Medio es dram\u00e1tica. Nuestro entorno natural est\u00e1 cada vez m\u00e1s da\u00f1ado y perturbado por el cambio clim\u00e1tico. El r\u00e1pido desarrollo tecnol\u00f3gico conlleva tanto oportunidades como riesgos. Estos retos sin precedentes nos han llevado a dar nuevos pasos en nuestra integraci\u00f3n\u201d.<\/p>\n<p style=\"padding-left: 40px;\">\u201cReforzaremos nuestra competitividad, nos convertiremos en el primer continente neutro desde el punto de vista clim\u00e1tico, llevando a buen puerto las transiciones clim\u00e1tica y digital, estaremos a la altura de los retos de la migraci\u00f3n, asumiremos la responsabilidad de nuestra seguridad y defensa y reforzaremos nuestra capacidad de actuaci\u00f3n para defender nuestros intereses, asumiremos el liderazgo a la hora de abordar los retos mundiales, defendiendo el Derecho, las instituciones internacionales, la gobernanza mundial equitativa, el multilateralismo integrador y el crecimiento y el desarrollo sostenibles\u201d.<\/p>\n<p style=\"padding-left: 40px;\">\u201cLa nueva realidad geopol\u00edtica subraya la importancia de la ampliaci\u00f3n, al mismo tiempo la UE emprender\u00e1 las reformas internas necesarias para hacerla posible\u201d.<\/p>\n<p><strong>La Agenda estrat\u00e9gica hace suyas las recomendaciones sobre el futuro institucional de la UE del informe del denominado \u201cGrupo de los Doce\u201d (2023), al que nos referiremos m\u00e1s adelante.<\/strong><\/p>\n<p><strong>El Consejo Europeo ha presentado sus prioridades.<\/strong> A partir de ahora han de intervenir el Parlamento Europeo, el Consejo y la Comisi\u00f3n Europea para ponerlas en pr\u00e1ctica durante el pr\u00f3ximo ciclo institucional.<strong> El pr\u00f3ximo \u201cmarco financiero\u201d de siete a\u00f1os deber\u00e1 reflejar aquellas prioridades<\/strong>, garantizando que el presupuesto de la UE se adapte a las nuevas l\u00edneas de futuro.<\/p>\n<h3><strong>La Agenda estrat\u00e9gica 2024-2029 est\u00e1 bien orientada, pero es insuficiente, por lo menos en cuatro dimensiones<\/strong><\/h3>\n<h4><strong>Primera<\/strong><\/h4>\n<p><strong>Formula propuestas de inter\u00e9s, pero adolecen de una falta de prop\u00f3sito colectivo e ilusi\u00f3n compartida.<\/strong> Los ciudadanos esperan la llegada de mensajes cre\u00edbles e ilusionantes sobre el futuro de Europa, como se han conocido en tiempos pasados, un nuevo proyecto europeo esperanzador para superar el pesimismo actual. Los ciudadanos est\u00e1n atemorizados y desconcertados ante muchos retos que Europa tiene planteados.<\/p>\n<h4><strong>Segunda<\/strong><\/h4>\n<p><strong>La UE deber\u00eda recuperar una mayor legitimidad a los ojos de los ciudadanos, a trav\u00e9s de proporcionarles mayor protecci\u00f3n y facilitarles una clara mejora de su calidad de vida<\/strong>, gravemente perjudicada a trav\u00e9s de toda la serie de crisis producidas en las \u00faltimas d\u00e9cadas.<\/p>\n<h4><strong>Tercera<\/strong><\/h4>\n<p>Los equipos de trabajo de <strong>las instituciones comunitarias deber\u00edan intercomunicar con mayor eficacia con las administraciones nacionales y las instituciones de la sociedad civil<\/strong>, tanto en la elaboraci\u00f3n como en la implementaci\u00f3n de las nuevas propuestas.<\/p>\n<h4><strong>Cuarta<\/strong><\/h4>\n<p><strong>La UE necesita con urgencia completar su proyecto integrador si quiere evitar la irrelevancia geopol\u00edtica.<\/strong> Es loable que la Agenda estrat\u00e9gica haya hecho suyas las recomendaciones del \u201cGrupo de los Doce\u201d, formuladas en 2023. Ha llegado la hora de implementarlas. Veamos en qu\u00e9 consisten.<\/p>\n<h3><strong>La \u00faltima propuesta francoalemana sobre reforma y ampliaci\u00f3n de la UE elaborada por el \u201cGrupo de los Doce\u201d<\/strong><\/h3>\n<p><a href=\"https:\/\/conversesacatalunya.cat\/es\/propuesta-francoalemana-reforma-y-ampliacion-ue\/\" target=\"_blank\" rel=\"noopener\">Lo coment\u00e1bamos en nuestro Post<\/a> de 3 de octubre del a\u00f1o pasado. <strong>El 18 de septiembre de 2023 se hizo p\u00fablica en Bruselas una nueva propuesta combinada entre Francia y Alemania sobre el futuro de la UE. <\/strong>Los autores eran un grupo de doce expertos franceses y alemanes, escogidos por sus gobiernos respectivos, conocidos como \u201cel Grupo de los Doce\u201d. Se trata de un extenso documento que lleva este t\u00edtulo: <em>Sailing on High Seas: Reforming and Enlarging the EU for the 21st Century, Paris-Berlin, 18 September 2023<\/em>. <strong>Tiene dos ejes directores:<\/strong> nueva ampliaci\u00f3n de la UE al este y reforma previa de las instituciones de la UE para hacer posible aquella ampliaci\u00f3n.<\/p>\n<h5><strong>La reforma contempla la creaci\u00f3n de una nueva UE en forma de cuatro c\u00edrculos conc\u00e9ntricos, dos internos y dos externos.<\/strong><\/h5>\n<p><strong>El primer c\u00edrculo<\/strong> es el de plena membres\u00eda, reservado a los estados miembros dispuestos a llegar a la uni\u00f3n pol\u00edtica final.<\/p>\n<p>En el <strong>segundo c\u00edrculo<\/strong> se situar\u00edan aquellos estados miembros dispuestos a adoptar diferentes pol\u00edticas comunes y m\u00e1s cesiones de soberan\u00eda, pero sin llegar al compromiso final de la uni\u00f3n pol\u00edtica.<\/p>\n<p><strong>El tercer c\u00edrculo<\/strong> estar\u00eda formado por pa\u00edses asociados a la UE.<\/p>\n<p><strong>El cuarto c\u00edrculo<\/strong> por la Comunidad Pol\u00edtica Europea (CPE), nueva organizaci\u00f3n creada en 2022, a la que pertenecen todos los estados europeos, excepto Rusia y Bielorrusia.<\/p>\n<p>Alcanzar todo lo anterior requerir\u00eda cambios en los Tratados y refer\u00e9ndums en algunos pa\u00edses. <strong>El horizonte contemplado por el documento es el a\u00f1o 2030.<\/strong><\/p>\n<p><strong>Los doce autores del documento acostumbran a afirmar en sus presentaciones que:<\/strong><\/p>\n<p style=\"padding-left: 40px;\">\u201cEstamos ante la \u00faltima oportunidad para que la UE consiga culminar su proceso de integraci\u00f3n regional con la creaci\u00f3n de una verdadera uni\u00f3n pol\u00edtica federal, con pol\u00edticas comunes en asuntos exteriores y en defensa; si no lo consigue, la UE no podr\u00e1 aspirar a otra cosa m\u00e1s que a ser un protectorado de Estados Unidos o de China\u201d.<\/p>\n<span class='bctt-click-to-tweet'><span class='bctt-ctt-text'><a href='https:\/\/twitter.com\/intent\/tweet?url=https%3A%2F%2Fconversesacatalunya.cat%2Fes%2Fla-agenda-estrategica-de-la-ue-para-la-legislatura-europea-2024-2029-y-la-necesidad-de-mejorarla%2F&#038;text=Estamos%20ante%20la%20%C3%BAltima%20oportunidad%20para%20que%20la%20UE%20consiga%20culminar%20su%20proceso%20de%20integraci%C3%B3n%20regional%20con%20la%20creaci%C3%B3n%20de%20una%20verdadera%20uni%C3%B3n%20pol%C3%ADtica%20federal%2C%20con%20pol%C3%ADticas%20comunes%20en%20asuntos%20exteriores%20y%20en%20defensa&#038;via=conversesacat&#038;related=conversesacat' target='_blank'rel=\"noopener noreferrer\">Estamos ante la \u00faltima oportunidad para que la UE consiga culminar su proceso de integraci\u00f3n regional con la creaci\u00f3n de una verdadera uni\u00f3n pol\u00edtica federal, con pol\u00edticas comunes en asuntos exteriores y en defensa <\/a><\/span><a href='https:\/\/twitter.com\/intent\/tweet?url=https%3A%2F%2Fconversesacatalunya.cat%2Fes%2Fla-agenda-estrategica-de-la-ue-para-la-legislatura-europea-2024-2029-y-la-necesidad-de-mejorarla%2F&#038;text=Estamos%20ante%20la%20%C3%BAltima%20oportunidad%20para%20que%20la%20UE%20consiga%20culminar%20su%20proceso%20de%20integraci%C3%B3n%20regional%20con%20la%20creaci%C3%B3n%20de%20una%20verdadera%20uni%C3%B3n%20pol%C3%ADtica%20federal%2C%20con%20pol%C3%ADticas%20comunes%20en%20asuntos%20exteriores%20y%20en%20defensa&#038;via=conversesacat&#038;related=conversesacat' target='_blank' class='bctt-ctt-btn'rel=\"noopener noreferrer\">Compartir en X<\/a><\/span>\n<div id=\"polls-250\" class=\"wp-polls\">\n\t<form id=\"polls_form_250\" class=\"wp-polls-form\" action=\"\/index.php\" method=\"post\">\n\t\t<p style=\"display: none;\"><input type=\"hidden\" id=\"poll_250_nonce\" name=\"wp-polls-nonce\" value=\"de2cb2da4d\" \/><\/p>\n\t\t<p style=\"display: none;\"><input type=\"hidden\" name=\"poll_id\" value=\"250\" \/><\/p>\n\t\t<p style=\"text-align: center\"><strong>Creus que l'atemptat contra Trump ha estat organitzat o b\u00e9 \u00e9s un fet espontani?<\/strong><\/p><div id=\"polls-250-ans\" class=\"wp-polls-ans\"><ul class=\"wp-polls-ul\">\n\t\t<li><input type=\"radio\" id=\"poll-answer-702\" name=\"poll_250\" value=\"702\" \/> <label for=\"poll-answer-702\">Ha estat organitzat<\/label><\/li>\n\t\t<li><input type=\"radio\" id=\"poll-answer-703\" name=\"poll_250\" value=\"703\" \/> <label for=\"poll-answer-703\">\u00c9s un fet espontani<\/label><\/li>\n\t\t<li><input type=\"radio\" id=\"poll-answer-704\" name=\"poll_250\" value=\"704\" \/> <label for=\"poll-answer-704\">No ho s\u00e9<\/label><\/li>\n\t\t<\/ul><p style=\"text-align: center\"><input type=\"button\" name=\"vote\" value=\"   Vota   \" class=\"Buttons\" onclick=\"poll_vote(250);\" \/><\/p><p style=\"text-align: center\"><a href=\"#ViewPollResults\" onclick=\"poll_result(250); return false;\" title=\"View Results Of This Poll\">Mira els resultats<\/a><\/p><\/div>\n\t<\/form>\n<\/div>\n<div id=\"polls-250-loading\" class=\"wp-polls-loading\"><img decoding=\"async\" data-src=\"https:\/\/conversesacatalunya.cat\/wp-content\/plugins\/wp-polls\/images\/loading.gif\" width=\"16\" height=\"16\" alt=\"Cargando ...\" title=\"Cargando ...\" class=\"wp-polls-image lazyload\" src=\"data:image\/svg+xml;base64,PHN2ZyB3aWR0aD0iMSIgaGVpZ2h0PSIxIiB4bWxucz0iaHR0cDovL3d3dy53My5vcmcvMjAwMC9zdmciPjwvc3ZnPg==\" style=\"--smush-placeholder-width: 16px; --smush-placeholder-aspect-ratio: 16\/16;\" \/>&nbsp;Cargando ...<\/div>\n\n<p>&nbsp;<\/p>\n","protected":false},"excerpt":{"rendered":"<p>La Agenda estrat\u00e9gica de la UE para el per\u00edodo 2024-2029 Cada cinco a\u00f1os, el Consejo Europeo \u2013 m\u00e1xima instancia de poder en la UE formada por los jefes de Estado o de Gobierno de los 27 \u2013 adopta un documento tan importante como poco conocido, una agenda estrat\u00e9gica. La denominada \u201cAgenda estrat\u00e9gica 2024-2029\u201d es el resultado de un compromiso que define el pr\u00f3ximo ciclo europeo. Son ocho p\u00e1ginas que marcan un rumbo para los pr\u00f3ximos cinco a\u00f1os. La actual Agenda estrat\u00e9gica, de alcance general, es fruto de compromisos y tiene un car\u00e1cter program\u00e1tico. Entre sus novedades, destaca el papel reforzado que el Consejo Europeo pretende otorgar al Banco Europeo de Inversiones (BEI), desde hace poco tiempo presidido por la espa\u00f1ola Nadia Calvi\u00f1o, especialmente en lo que se refiere a la industria de defensa y al impulso de la competitividad. Defensa y competitividad son dos ejes principales de la Agenda. Recoge las recomendaciones del informe Letta sobre mercado interior y de Mario Draghi sobre competitividad y reforzamiento industrial. Para liberar el potencial de inversi\u00f3n necesaria, se acelerar\u00e1 la integraci\u00f3n financiera completando la Uni\u00f3n de Mercados de Capitales y la Uni\u00f3n Bancaria. Un segundo aspecto a destacar es el espacio relativamente reducido que se concede a la transici\u00f3n ecol\u00f3gica, a pesar de que la adopci\u00f3n del famoso Pacto Verde (Green Deal) constituyera el n\u00facleo duro, junto con la transici\u00f3n digital, de la anterior Comisi\u00f3n Europea (2019-2024). El Pacto Verde Europeo fue el verdadero trademark de la anterior legislatura. Para la pr\u00f3xima, la ecolog\u00eda queda relegada a una posici\u00f3n relativamente m\u00e1s baja. La Agenda estrat\u00e9gica comienza con estas palabras: \u201cLa UE se fund\u00f3 sobre el imperativo de garantizar la paz en Europa, basada en la cooperaci\u00f3n, la solidaridad y la prosperidad econ\u00f3mica compartida. Esta promesa inicial sigue gui\u00e1ndonos y sirve de base a nuestras prioridades para alcanzar una Uni\u00f3n m\u00e1s grande, m\u00e1s fuerte y soberana\u201d. \u201cEl panorama pol\u00edtico mundial actual est\u00e1 siendo remodelado por la competencia estrat\u00e9gica, la creciente inestabilidad global y los intentos de desafiar el orden internacional basado en reglas. Rusia ha vuelto a traer la guerra a nuestro continente. En nuestra vecindad, la situaci\u00f3n en Oriente Medio es dram\u00e1tica. Nuestro entorno natural est\u00e1 cada vez m\u00e1s da\u00f1ado y perturbado por el cambio clim\u00e1tico. El r\u00e1pido desarrollo tecnol\u00f3gico conlleva tanto oportunidades como riesgos. Estos retos sin precedentes nos han llevado a dar nuevos pasos en nuestra integraci\u00f3n\u201d. \u201cReforzaremos nuestra competitividad, nos convertiremos en el primer continente neutro desde el punto de vista clim\u00e1tico, llevando a buen puerto las transiciones clim\u00e1tica y digital, estaremos a la altura de los retos de la migraci\u00f3n, asumiremos la responsabilidad de nuestra seguridad y defensa y reforzaremos nuestra capacidad de actuaci\u00f3n para defender nuestros intereses, asumiremos el liderazgo a la hora de abordar los retos mundiales, defendiendo el Derecho, las instituciones internacionales, la gobernanza mundial equitativa, el multilateralismo integrador y el crecimiento y el desarrollo sostenibles\u201d. \u201cLa nueva realidad geopol\u00edtica subraya la importancia de la ampliaci\u00f3n, al mismo tiempo la UE emprender\u00e1 las reformas internas necesarias para hacerla posible\u201d. La Agenda estrat\u00e9gica hace suyas las recomendaciones sobre el futuro institucional de la UE del informe del denominado \u201cGrupo de los Doce\u201d (2023), al que nos referiremos m\u00e1s adelante. El Consejo Europeo ha presentado sus prioridades. A partir de ahora han de intervenir el Parlamento Europeo, el Consejo y la Comisi\u00f3n Europea para ponerlas en pr\u00e1ctica durante el pr\u00f3ximo ciclo institucional. El pr\u00f3ximo \u201cmarco financiero\u201d de siete a\u00f1os deber\u00e1 reflejar aquellas prioridades, garantizando que el presupuesto de la UE se adapte a las nuevas l\u00edneas de futuro. La Agenda estrat\u00e9gica 2024-2029 est\u00e1 bien orientada, pero es insuficiente, por lo menos en cuatro dimensiones Primera Formula propuestas de inter\u00e9s, pero adolecen de una falta de prop\u00f3sito colectivo e ilusi\u00f3n compartida. Los ciudadanos esperan la llegada de mensajes cre\u00edbles e ilusionantes sobre el futuro de Europa, como se han conocido en tiempos pasados, un nuevo proyecto europeo esperanzador para superar el pesimismo actual. Los ciudadanos est\u00e1n atemorizados y desconcertados ante muchos retos que Europa tiene planteados. Segunda La UE deber\u00eda recuperar una mayor legitimidad a los ojos de los ciudadanos, a trav\u00e9s de proporcionarles mayor protecci\u00f3n y facilitarles una clara mejora de su calidad de vida, gravemente perjudicada a trav\u00e9s de toda la serie de crisis producidas en las \u00faltimas d\u00e9cadas. Tercera Los equipos de trabajo de las instituciones comunitarias deber\u00edan intercomunicar con mayor eficacia con las administraciones nacionales y las instituciones de la sociedad civil, tanto en la elaboraci\u00f3n como en la implementaci\u00f3n de las nuevas propuestas. Cuarta La UE necesita con urgencia completar su proyecto integrador si quiere evitar la irrelevancia geopol\u00edtica. Es loable que la Agenda estrat\u00e9gica haya hecho suyas las recomendaciones del \u201cGrupo de los Doce\u201d, formuladas en 2023. Ha llegado la hora de implementarlas. Veamos en qu\u00e9 consisten. La \u00faltima propuesta francoalemana sobre reforma y ampliaci\u00f3n de la UE elaborada por el \u201cGrupo de los Doce\u201d Lo coment\u00e1bamos en nuestro Post de 3 de octubre del a\u00f1o pasado. El 18 de septiembre de 2023 se hizo p\u00fablica en Bruselas una nueva propuesta combinada entre Francia y Alemania sobre el futuro de la UE. Los autores eran un grupo de doce expertos franceses y alemanes, escogidos por sus gobiernos respectivos, conocidos como \u201cel Grupo de los Doce\u201d. Se trata de un extenso documento que lleva este t\u00edtulo: Sailing on High Seas: Reforming and Enlarging the EU for the 21st Century, Paris-Berlin, 18 September 2023. Tiene dos ejes directores: nueva ampliaci\u00f3n de la UE al este y reforma previa de las instituciones de la UE para hacer posible aquella ampliaci\u00f3n. La reforma contempla la creaci\u00f3n de una nueva UE en forma de cuatro c\u00edrculos conc\u00e9ntricos, dos internos y dos externos. El primer c\u00edrculo es el de plena membres\u00eda, reservado a los estados miembros dispuestos a llegar a la uni\u00f3n pol\u00edtica final. En el segundo c\u00edrculo se situar\u00edan aquellos estados miembros dispuestos a adoptar diferentes pol\u00edticas comunes y m\u00e1s cesiones de soberan\u00eda, pero sin llegar al compromiso final de la uni\u00f3n pol\u00edtica. El tercer c\u00edrculo estar\u00eda&#8230;<\/p>\n","protected":false},"author":38,"featured_media":79815,"comment_status":"open","ping_status":"open","sticky":false,"template":"","format":"standard","meta":{"_FSMCFIC_featured_image_caption":"","_FSMCFIC_featured_image_nocaption":"","_FSMCFIC_featured_image_hide":"","footnotes":""},"categories":[798],"tags":[5165,5040,5126,2066],"class_list":["post-79807","post","type-post","status-publish","format-standard","has-post-thumbnail","hentry","category-pro-europa-es","tag-agenda-estrategica-2024-2029","tag-ampliacion-ue","tag-letta-es","tag-mario-draghi-es"],"yoast_head":"<!-- This site is optimized with the Yoast SEO plugin v26.8 - https:\/\/yoast.com\/product\/yoast-seo-wordpress\/ -->\n<title>La Agenda Estrat\u00e9gica de la UE para la legislatura europea 2024-2029 y la necesidad de mejorarla - Converses a Catalunya<\/title>\n<meta name=\"description\" content=\"La \u201cAgenda estrat\u00e9gica 2024-2029\u201d es el resultado de un compromiso que define el pr\u00f3ximo ciclo europeo. Son ocho p\u00e1ginas que marcan un rumbo\" \/>\n<meta name=\"robots\" content=\"index, follow, max-snippet:-1, max-image-preview:large, max-video-preview:-1\" \/>\n<link rel=\"canonical\" href=\"https:\/\/conversesacatalunya.cat\/es\/la-agenda-estrategica-de-la-ue-para-la-legislatura-europea-2024-2029-y-la-necesidad-de-mejorarla\/\" \/>\n<meta property=\"og:locale\" content=\"es_ES\" \/>\n<meta property=\"og:type\" content=\"article\" \/>\n<meta property=\"og:title\" content=\"La Agenda Estrat\u00e9gica de la UE para la legislatura europea 2024-2029 y la necesidad de mejorarla - Converses a Catalunya\" \/>\n<meta property=\"og:description\" content=\"La \u201cAgenda estrat\u00e9gica 2024-2029\u201d es el resultado de un compromiso que define el pr\u00f3ximo ciclo europeo. Son ocho p\u00e1ginas que marcan un rumbo\" \/>\n<meta property=\"og:url\" content=\"https:\/\/conversesacatalunya.cat\/es\/la-agenda-estrategica-de-la-ue-para-la-legislatura-europea-2024-2029-y-la-necesidad-de-mejorarla\/\" \/>\n<meta property=\"og:site_name\" content=\"Converses a Catalunya\" \/>\n<meta property=\"article:published_time\" content=\"2024-07-11T08:59:06+00:00\" \/>\n<meta property=\"article:modified_time\" content=\"2024-07-16T09:20:29+00:00\" \/>\n<meta property=\"og:image\" content=\"https:\/\/conversesacatalunya.cat\/wp-content\/uploads\/2024\/07\/Captura.jpg\" \/>\n\t<meta property=\"og:image:width\" content=\"683\" \/>\n\t<meta property=\"og:image:height\" content=\"378\" \/>\n\t<meta property=\"og:image:type\" content=\"image\/jpeg\" \/>\n<meta name=\"author\" content=\"Victor Pou\" \/>\n<meta name=\"twitter:card\" content=\"summary_large_image\" \/>\n<meta name=\"twitter:label1\" content=\"Escrito por\" \/>\n\t<meta name=\"twitter:data1\" content=\"Victor Pou\" \/>\n\t<meta name=\"twitter:label2\" content=\"Tiempo de lectura\" \/>\n\t<meta name=\"twitter:data2\" content=\"6 minutos\" \/>\n<script type=\"application\/ld+json\" class=\"yoast-schema-graph\">{\"@context\":\"https:\/\/schema.org\",\"@graph\":[{\"@type\":\"Article\",\"@id\":\"https:\/\/conversesacatalunya.cat\/es\/la-agenda-estrategica-de-la-ue-para-la-legislatura-europea-2024-2029-y-la-necesidad-de-mejorarla\/#article\",\"isPartOf\":{\"@id\":\"https:\/\/conversesacatalunya.cat\/es\/la-agenda-estrategica-de-la-ue-para-la-legislatura-europea-2024-2029-y-la-necesidad-de-mejorarla\/\"},\"author\":{\"name\":\"Victor Pou\",\"@id\":\"https:\/\/conversesacatalunya.cat\/#\/schema\/person\/1b0082ee920b837be791bee630d460b2\"},\"headline\":\"La Agenda Estrat\u00e9gica de la UE para la legislatura europea 2024-2029 y la necesidad de mejorarla\",\"datePublished\":\"2024-07-11T08:59:06+00:00\",\"dateModified\":\"2024-07-16T09:20:29+00:00\",\"mainEntityOfPage\":{\"@id\":\"https:\/\/conversesacatalunya.cat\/es\/la-agenda-estrategica-de-la-ue-para-la-legislatura-europea-2024-2029-y-la-necesidad-de-mejorarla\/\"},\"wordCount\":1290,\"commentCount\":0,\"image\":{\"@id\":\"https:\/\/conversesacatalunya.cat\/es\/la-agenda-estrategica-de-la-ue-para-la-legislatura-europea-2024-2029-y-la-necesidad-de-mejorarla\/#primaryimage\"},\"thumbnailUrl\":\"https:\/\/conversesacatalunya.cat\/wp-content\/uploads\/2024\/07\/Captura.jpg\",\"keywords\":[\"agenda estrat\u00e9gica 2024-2029\",\"ampliaci\u00f3n UE\",\"Letta\",\"Mario Draghi\"],\"articleSection\":[\"Pro Europa (ES)\"],\"inLanguage\":\"es\",\"potentialAction\":[{\"@type\":\"CommentAction\",\"name\":\"Comment\",\"target\":[\"https:\/\/conversesacatalunya.cat\/es\/la-agenda-estrategica-de-la-ue-para-la-legislatura-europea-2024-2029-y-la-necesidad-de-mejorarla\/#respond\"]}]},{\"@type\":\"WebPage\",\"@id\":\"https:\/\/conversesacatalunya.cat\/es\/la-agenda-estrategica-de-la-ue-para-la-legislatura-europea-2024-2029-y-la-necesidad-de-mejorarla\/\",\"url\":\"https:\/\/conversesacatalunya.cat\/es\/la-agenda-estrategica-de-la-ue-para-la-legislatura-europea-2024-2029-y-la-necesidad-de-mejorarla\/\",\"name\":\"La Agenda Estrat\u00e9gica de la UE para la legislatura europea 2024-2029 y la necesidad de mejorarla - Converses a Catalunya\",\"isPartOf\":{\"@id\":\"https:\/\/conversesacatalunya.cat\/#website\"},\"primaryImageOfPage\":{\"@id\":\"https:\/\/conversesacatalunya.cat\/es\/la-agenda-estrategica-de-la-ue-para-la-legislatura-europea-2024-2029-y-la-necesidad-de-mejorarla\/#primaryimage\"},\"image\":{\"@id\":\"https:\/\/conversesacatalunya.cat\/es\/la-agenda-estrategica-de-la-ue-para-la-legislatura-europea-2024-2029-y-la-necesidad-de-mejorarla\/#primaryimage\"},\"thumbnailUrl\":\"https:\/\/conversesacatalunya.cat\/wp-content\/uploads\/2024\/07\/Captura.jpg\",\"datePublished\":\"2024-07-11T08:59:06+00:00\",\"dateModified\":\"2024-07-16T09:20:29+00:00\",\"author\":{\"@id\":\"https:\/\/conversesacatalunya.cat\/#\/schema\/person\/1b0082ee920b837be791bee630d460b2\"},\"description\":\"La \u201cAgenda estrat\u00e9gica 2024-2029\u201d es el resultado de un compromiso que define el pr\u00f3ximo ciclo europeo. Son ocho p\u00e1ginas que marcan un rumbo\",\"breadcrumb\":{\"@id\":\"https:\/\/conversesacatalunya.cat\/es\/la-agenda-estrategica-de-la-ue-para-la-legislatura-europea-2024-2029-y-la-necesidad-de-mejorarla\/#breadcrumb\"},\"inLanguage\":\"es\",\"potentialAction\":[{\"@type\":\"ReadAction\",\"target\":[\"https:\/\/conversesacatalunya.cat\/es\/la-agenda-estrategica-de-la-ue-para-la-legislatura-europea-2024-2029-y-la-necesidad-de-mejorarla\/\"]}]},{\"@type\":\"ImageObject\",\"inLanguage\":\"es\",\"@id\":\"https:\/\/conversesacatalunya.cat\/es\/la-agenda-estrategica-de-la-ue-para-la-legislatura-europea-2024-2029-y-la-necesidad-de-mejorarla\/#primaryimage\",\"url\":\"https:\/\/conversesacatalunya.cat\/wp-content\/uploads\/2024\/07\/Captura.jpg\",\"contentUrl\":\"https:\/\/conversesacatalunya.cat\/wp-content\/uploads\/2024\/07\/Captura.jpg\",\"width\":683,\"height\":378,\"caption\":\"agenda estrat\u00e9gica 2024-2029\"},{\"@type\":\"BreadcrumbList\",\"@id\":\"https:\/\/conversesacatalunya.cat\/es\/la-agenda-estrategica-de-la-ue-para-la-legislatura-europea-2024-2029-y-la-necesidad-de-mejorarla\/#breadcrumb\",\"itemListElement\":[{\"@type\":\"ListItem\",\"position\":1,\"name\":\"Inici\",\"item\":\"https:\/\/conversesacatalunya.cat\/es\/\"},{\"@type\":\"ListItem\",\"position\":2,\"name\":\"La Agenda Estrat\u00e9gica de la UE para la legislatura europea 2024-2029 y la necesidad de mejorarla\"}]},{\"@type\":\"WebSite\",\"@id\":\"https:\/\/conversesacatalunya.cat\/#website\",\"url\":\"https:\/\/conversesacatalunya.cat\/\",\"name\":\"Converses a Catalunya\",\"description\":\"\",\"potentialAction\":[{\"@type\":\"SearchAction\",\"target\":{\"@type\":\"EntryPoint\",\"urlTemplate\":\"https:\/\/conversesacatalunya.cat\/?s={search_term_string}\"},\"query-input\":{\"@type\":\"PropertyValueSpecification\",\"valueRequired\":true,\"valueName\":\"search_term_string\"}}],\"inLanguage\":\"es\"},{\"@type\":\"Person\",\"@id\":\"https:\/\/conversesacatalunya.cat\/#\/schema\/person\/1b0082ee920b837be791bee630d460b2\",\"name\":\"Victor Pou\",\"image\":{\"@type\":\"ImageObject\",\"inLanguage\":\"es\",\"@id\":\"https:\/\/conversesacatalunya.cat\/#\/schema\/person\/image\/\",\"url\":\"https:\/\/conversesacatalunya.cat\/wp-content\/litespeed\/avatar\/b9b32a5f987117ce72836d050f735d2b.jpg?ver=1777366285\",\"contentUrl\":\"https:\/\/conversesacatalunya.cat\/wp-content\/litespeed\/avatar\/b9b32a5f987117ce72836d050f735d2b.jpg?ver=1777366285\",\"caption\":\"Victor Pou\"},\"url\":\"https:\/\/conversesacatalunya.cat\/es\/author\/victor_pou\/\"}]}<\/script>\n<!-- \/ Yoast SEO plugin. -->","yoast_head_json":{"title":"La Agenda Estrat\u00e9gica de la UE para la legislatura europea 2024-2029 y la necesidad de mejorarla - Converses a Catalunya","description":"La \u201cAgenda estrat\u00e9gica 2024-2029\u201d es el resultado de un compromiso que define el pr\u00f3ximo ciclo europeo. Son ocho p\u00e1ginas que marcan un rumbo","robots":{"index":"index","follow":"follow","max-snippet":"max-snippet:-1","max-image-preview":"max-image-preview:large","max-video-preview":"max-video-preview:-1"},"canonical":"https:\/\/conversesacatalunya.cat\/es\/la-agenda-estrategica-de-la-ue-para-la-legislatura-europea-2024-2029-y-la-necesidad-de-mejorarla\/","og_locale":"es_ES","og_type":"article","og_title":"La Agenda Estrat\u00e9gica de la UE para la legislatura europea 2024-2029 y la necesidad de mejorarla - Converses a Catalunya","og_description":"La \u201cAgenda estrat\u00e9gica 2024-2029\u201d es el resultado de un compromiso que define el pr\u00f3ximo ciclo europeo. Son ocho p\u00e1ginas que marcan un rumbo","og_url":"https:\/\/conversesacatalunya.cat\/es\/la-agenda-estrategica-de-la-ue-para-la-legislatura-europea-2024-2029-y-la-necesidad-de-mejorarla\/","og_site_name":"Converses a Catalunya","article_published_time":"2024-07-11T08:59:06+00:00","article_modified_time":"2024-07-16T09:20:29+00:00","og_image":[{"width":683,"height":378,"url":"https:\/\/conversesacatalunya.cat\/wp-content\/uploads\/2024\/07\/Captura.jpg","type":"image\/jpeg"}],"author":"Victor Pou","twitter_card":"summary_large_image","twitter_misc":{"Escrito por":"Victor Pou","Tiempo de lectura":"6 minutos"},"schema":{"@context":"https:\/\/schema.org","@graph":[{"@type":"Article","@id":"https:\/\/conversesacatalunya.cat\/es\/la-agenda-estrategica-de-la-ue-para-la-legislatura-europea-2024-2029-y-la-necesidad-de-mejorarla\/#article","isPartOf":{"@id":"https:\/\/conversesacatalunya.cat\/es\/la-agenda-estrategica-de-la-ue-para-la-legislatura-europea-2024-2029-y-la-necesidad-de-mejorarla\/"},"author":{"name":"Victor Pou","@id":"https:\/\/conversesacatalunya.cat\/#\/schema\/person\/1b0082ee920b837be791bee630d460b2"},"headline":"La Agenda Estrat\u00e9gica de la UE para la legislatura europea 2024-2029 y la necesidad de mejorarla","datePublished":"2024-07-11T08:59:06+00:00","dateModified":"2024-07-16T09:20:29+00:00","mainEntityOfPage":{"@id":"https:\/\/conversesacatalunya.cat\/es\/la-agenda-estrategica-de-la-ue-para-la-legislatura-europea-2024-2029-y-la-necesidad-de-mejorarla\/"},"wordCount":1290,"commentCount":0,"image":{"@id":"https:\/\/conversesacatalunya.cat\/es\/la-agenda-estrategica-de-la-ue-para-la-legislatura-europea-2024-2029-y-la-necesidad-de-mejorarla\/#primaryimage"},"thumbnailUrl":"https:\/\/conversesacatalunya.cat\/wp-content\/uploads\/2024\/07\/Captura.jpg","keywords":["agenda estrat\u00e9gica 2024-2029","ampliaci\u00f3n UE","Letta","Mario Draghi"],"articleSection":["Pro Europa (ES)"],"inLanguage":"es","potentialAction":[{"@type":"CommentAction","name":"Comment","target":["https:\/\/conversesacatalunya.cat\/es\/la-agenda-estrategica-de-la-ue-para-la-legislatura-europea-2024-2029-y-la-necesidad-de-mejorarla\/#respond"]}]},{"@type":"WebPage","@id":"https:\/\/conversesacatalunya.cat\/es\/la-agenda-estrategica-de-la-ue-para-la-legislatura-europea-2024-2029-y-la-necesidad-de-mejorarla\/","url":"https:\/\/conversesacatalunya.cat\/es\/la-agenda-estrategica-de-la-ue-para-la-legislatura-europea-2024-2029-y-la-necesidad-de-mejorarla\/","name":"La Agenda Estrat\u00e9gica de la UE para la legislatura europea 2024-2029 y la necesidad de mejorarla - Converses a Catalunya","isPartOf":{"@id":"https:\/\/conversesacatalunya.cat\/#website"},"primaryImageOfPage":{"@id":"https:\/\/conversesacatalunya.cat\/es\/la-agenda-estrategica-de-la-ue-para-la-legislatura-europea-2024-2029-y-la-necesidad-de-mejorarla\/#primaryimage"},"image":{"@id":"https:\/\/conversesacatalunya.cat\/es\/la-agenda-estrategica-de-la-ue-para-la-legislatura-europea-2024-2029-y-la-necesidad-de-mejorarla\/#primaryimage"},"thumbnailUrl":"https:\/\/conversesacatalunya.cat\/wp-content\/uploads\/2024\/07\/Captura.jpg","datePublished":"2024-07-11T08:59:06+00:00","dateModified":"2024-07-16T09:20:29+00:00","author":{"@id":"https:\/\/conversesacatalunya.cat\/#\/schema\/person\/1b0082ee920b837be791bee630d460b2"},"description":"La \u201cAgenda estrat\u00e9gica 2024-2029\u201d es el resultado de un compromiso que define el pr\u00f3ximo ciclo europeo. Son ocho p\u00e1ginas que marcan un rumbo","breadcrumb":{"@id":"https:\/\/conversesacatalunya.cat\/es\/la-agenda-estrategica-de-la-ue-para-la-legislatura-europea-2024-2029-y-la-necesidad-de-mejorarla\/#breadcrumb"},"inLanguage":"es","potentialAction":[{"@type":"ReadAction","target":["https:\/\/conversesacatalunya.cat\/es\/la-agenda-estrategica-de-la-ue-para-la-legislatura-europea-2024-2029-y-la-necesidad-de-mejorarla\/"]}]},{"@type":"ImageObject","inLanguage":"es","@id":"https:\/\/conversesacatalunya.cat\/es\/la-agenda-estrategica-de-la-ue-para-la-legislatura-europea-2024-2029-y-la-necesidad-de-mejorarla\/#primaryimage","url":"https:\/\/conversesacatalunya.cat\/wp-content\/uploads\/2024\/07\/Captura.jpg","contentUrl":"https:\/\/conversesacatalunya.cat\/wp-content\/uploads\/2024\/07\/Captura.jpg","width":683,"height":378,"caption":"agenda estrat\u00e9gica 2024-2029"},{"@type":"BreadcrumbList","@id":"https:\/\/conversesacatalunya.cat\/es\/la-agenda-estrategica-de-la-ue-para-la-legislatura-europea-2024-2029-y-la-necesidad-de-mejorarla\/#breadcrumb","itemListElement":[{"@type":"ListItem","position":1,"name":"Inici","item":"https:\/\/conversesacatalunya.cat\/es\/"},{"@type":"ListItem","position":2,"name":"La Agenda Estrat\u00e9gica de la UE para la legislatura europea 2024-2029 y la necesidad de mejorarla"}]},{"@type":"WebSite","@id":"https:\/\/conversesacatalunya.cat\/#website","url":"https:\/\/conversesacatalunya.cat\/","name":"Converses a Catalunya","description":"","potentialAction":[{"@type":"SearchAction","target":{"@type":"EntryPoint","urlTemplate":"https:\/\/conversesacatalunya.cat\/?s={search_term_string}"},"query-input":{"@type":"PropertyValueSpecification","valueRequired":true,"valueName":"search_term_string"}}],"inLanguage":"es"},{"@type":"Person","@id":"https:\/\/conversesacatalunya.cat\/#\/schema\/person\/1b0082ee920b837be791bee630d460b2","name":"Victor Pou","image":{"@type":"ImageObject","inLanguage":"es","@id":"https:\/\/conversesacatalunya.cat\/#\/schema\/person\/image\/","url":"https:\/\/conversesacatalunya.cat\/wp-content\/litespeed\/avatar\/b9b32a5f987117ce72836d050f735d2b.jpg?ver=1777366285","contentUrl":"https:\/\/conversesacatalunya.cat\/wp-content\/litespeed\/avatar\/b9b32a5f987117ce72836d050f735d2b.jpg?ver=1777366285","caption":"Victor Pou"},"url":"https:\/\/conversesacatalunya.cat\/es\/author\/victor_pou\/"}]}},"wps_subtitle":"La denominada \u201cAgenda estrat\u00e9gica 2024-2029\u201d es el resultado de un compromiso que define el pr\u00f3ximo ciclo europeo. Son ocho p\u00e1ginas que marcan un rumbo para los pr\u00f3ximos cinco a\u00f1os.","_links":{"self":[{"href":"https:\/\/conversesacatalunya.cat\/es\/wp-json\/wp\/v2\/posts\/79807","targetHints":{"allow":["GET"]}}],"collection":[{"href":"https:\/\/conversesacatalunya.cat\/es\/wp-json\/wp\/v2\/posts"}],"about":[{"href":"https:\/\/conversesacatalunya.cat\/es\/wp-json\/wp\/v2\/types\/post"}],"author":[{"embeddable":true,"href":"https:\/\/conversesacatalunya.cat\/es\/wp-json\/wp\/v2\/users\/38"}],"replies":[{"embeddable":true,"href":"https:\/\/conversesacatalunya.cat\/es\/wp-json\/wp\/v2\/comments?post=79807"}],"version-history":[{"count":10,"href":"https:\/\/conversesacatalunya.cat\/es\/wp-json\/wp\/v2\/posts\/79807\/revisions"}],"predecessor-version":[{"id":79947,"href":"https:\/\/conversesacatalunya.cat\/es\/wp-json\/wp\/v2\/posts\/79807\/revisions\/79947"}],"wp:featuredmedia":[{"embeddable":true,"href":"https:\/\/conversesacatalunya.cat\/es\/wp-json\/wp\/v2\/media\/79815"}],"wp:attachment":[{"href":"https:\/\/conversesacatalunya.cat\/es\/wp-json\/wp\/v2\/media?parent=79807"}],"wp:term":[{"taxonomy":"category","embeddable":true,"href":"https:\/\/conversesacatalunya.cat\/es\/wp-json\/wp\/v2\/categories?post=79807"},{"taxonomy":"post_tag","embeddable":true,"href":"https:\/\/conversesacatalunya.cat\/es\/wp-json\/wp\/v2\/tags?post=79807"}],"curies":[{"name":"wp","href":"https:\/\/api.w.org\/{rel}","templated":true}]}}