{"id":79742,"date":"2024-07-09T12:14:07","date_gmt":"2024-07-09T10:14:07","guid":{"rendered":"https:\/\/conversesacatalunya.cat\/marta-ferrusola-mort\/"},"modified":"2024-07-09T12:19:57","modified_gmt":"2024-07-09T10:19:57","slug":"marta-ferrusola-muerte","status":"publish","type":"post","link":"https:\/\/conversesacatalunya.cat\/es\/marta-ferrusola-muerte\/","title":{"rendered":"Marta Ferrusola, s\u00edmbolo de lealtad y determinaci\u00f3n, nos ha dejado"},"content":{"rendered":"<p><span>Marta Ferrusola, una mujer con trayectoria propia, pero sobre todo conocida como\u00a0<\/span><strong><span>la esposa del presidente de la Generalitat<\/span><\/strong><span>, ha fallecido a los 89 a\u00f1os.<\/span><\/p>\n<p><span>Es lamentable ver c\u00f3mo las primeras informaciones y comentarios son en gran medida una\u00a0<\/span><strong><span>explosi\u00f3n de fobia, de odio en algunos casos<\/span><\/strong><span>. Seguramente Ferrusola en este terreno s\u00f3lo se ve superada por su marido, Jordi Pujol. Al menos los f\u00f3bicos y odiadores podr\u00edan hacer una pausa respetuosa en los primeros momentos despu\u00e9s de su muerte, pero no fue as\u00ed. Es injusto porque Marta Ferrusola fue una mujer importante por muchas razones.<\/span><\/p>\n<p><span>Fue el contrafuerte necesario para que\u00a0<\/span><strong><span>Pujol pudiera ejercer su vocaci\u00f3n pol\u00edtica sin las limitaciones<\/span><\/strong><span>\u00a0que impone tener que sacar adelante a una familia numerosa de 7 hijos.<\/span><\/p>\n<p><span>Ejerci\u00f3 como mujer independiente, autodidacta, con iniciativa y discurso propio, lo que a veces le vali\u00f3 cr\u00edticas incluso desde dentro de las mismas filas convergentes porque, como no formaba parte del sistema pol\u00edtico propiamente dicho y no ten\u00eda pelos en la lengua se expresaba con una contundencia ins\u00f3lita en la vida p\u00fablica, sobre todo entonces. Hoy en d\u00eda, los pol\u00edticos de turno la superan con creces.<\/span><\/p>\n<p><span>Tambi\u00e9n tuvo un papel en el partido. Ella\u00a0<\/span><strong><span>fue fundadora de Converg\u00e8ncia<\/span><\/strong><span>\u00a0y actu\u00f3 en un segundo nivel concretamente con la responsabilidad de la sectorial de deportes.<\/span><\/p>\n<p><span>Como empresaria, sali\u00f3 adelante con otros socios una empresa de jardiner\u00eda, Hidroplan, y su actuaci\u00f3n en este campo le vali\u00f3 cr\u00edticas que ni ella ni Pujol nunca contestaron. El correlato con el que sucede su actividad empresarial con la mucho m\u00e1s confusa de Bego\u00f1a G\u00f3mez y la forma de actuar del presidente del gobierno es toda una met\u00e1fora de las actitudes de uno y otro perfil.<\/span><\/p>\n<p><span>Era una mujer que ten\u00eda\u00a0<\/span><strong><span>influencia pol\u00edtica<\/span><\/strong><span>, pero mucha menos de la que hab\u00eda querido atribuirse. Ten\u00eda un perfil de un nacionalismo muy acentuado y expresado con contundencia y era tambi\u00e9n una persona de firmes convicciones de fe, lo que no le imped\u00eda la cr\u00edtica a lo que no le gustaba de la iglesia.<\/span><\/p>\n<p><span>Se dice que detr\u00e1s de un gran hombre est\u00e1 siempre una gran mujer. No est\u00e1 claro de d\u00f3nde ha salido esta frase. Sin embargo, se puede encontrar una referencia concreta y pr\u00e1cticamente literal en unas declaraciones de Nancy Reagan. En el caso de Marta Ferrusola, m\u00e1s que detr\u00e1s habr\u00eda que decir que estaba al lado.<\/span><\/p>\n<p><span>Fue ella quien\u00a0<\/span><strong><span>sac\u00f3 adelante a la familia<\/span><\/strong><span>\u00a0en los a\u00f1os dif\u00edciles del encarcelamiento, primero, y del destierro, despu\u00e9s, de Jordi Pujol. Cuando los hijos adem\u00e1s eran muy peque\u00f1os, ella se esforz\u00f3 por mantener a la familia unida y en torno a la persona de Pujol. S\u00f3lo desde ese punto de vista, ya hizo un trabajo extraordinario.<\/span><\/p>\n<p><span>De hecho,\u00a0<\/span><strong><span>su trayectoria como mujer expresa todas las caracter\u00edsticas que el feminismo reclama, pero, vaya, resulta que era de derechas, madre de familia numerosa y compa\u00f1era irreductible de su marido<\/span><\/strong><span>. Y \u00e9stas son tres condiciones incompatibles con la ideolog\u00eda feminista. Ferrusola tambi\u00e9n forma parte del legado porque define a un tipo de persona entregada a causas vitales, a los hijos, al esposo, a la familia, al pa\u00eds, al empuje econ\u00f3mico.<\/span><\/p>\n<p><span>Ahora, ya descansa en paz.<\/span><\/p>\n<div id=\"polls-249\" class=\"wp-polls\">\n\t<form id=\"polls_form_249\" class=\"wp-polls-form\" action=\"\/index.php\" method=\"post\">\n\t\t<p style=\"display: none;\"><input type=\"hidden\" id=\"poll_249_nonce\" name=\"wp-polls-nonce\" value=\"b0370a29c6\" \/><\/p>\n\t\t<p style=\"display: none;\"><input type=\"hidden\" name=\"poll_id\" value=\"249\" \/><\/p>\n\t\t<p style=\"text-align: center\"><strong>Creus que Puigdemont tornar\u00e0 ara?<\/strong><\/p><div id=\"polls-249-ans\" class=\"wp-polls-ans\"><ul class=\"wp-polls-ul\">\n\t\t<li><input type=\"radio\" id=\"poll-answer-699\" name=\"poll_249\" value=\"699\" \/> <label for=\"poll-answer-699\">S\u00ed<\/label><\/li>\n\t\t<li><input type=\"radio\" id=\"poll-answer-700\" name=\"poll_249\" value=\"700\" \/> <label for=\"poll-answer-700\">No<\/label><\/li>\n\t\t<li><input type=\"radio\" id=\"poll-answer-701\" name=\"poll_249\" value=\"701\" \/> <label for=\"poll-answer-701\">No ho s\u00e9<\/label><\/li>\n\t\t<\/ul><p style=\"text-align: center\"><input type=\"button\" name=\"vote\" value=\"   Vota   \" class=\"Buttons\" onclick=\"poll_vote(249);\" \/><\/p><p style=\"text-align: center\"><a href=\"#ViewPollResults\" onclick=\"poll_result(249); return false;\" title=\"View Results Of This Poll\">Mira els resultats<\/a><\/p><\/div>\n\t<\/form>\n<\/div>\n<div id=\"polls-249-loading\" class=\"wp-polls-loading\"><img decoding=\"async\" data-src=\"https:\/\/conversesacatalunya.cat\/wp-content\/plugins\/wp-polls\/images\/loading.gif\" width=\"16\" height=\"16\" alt=\"Cargando ...\" title=\"Cargando ...\" class=\"wp-polls-image lazyload\" src=\"data:image\/svg+xml;base64,PHN2ZyB3aWR0aD0iMSIgaGVpZ2h0PSIxIiB4bWxucz0iaHR0cDovL3d3dy53My5vcmcvMjAwMC9zdmciPjwvc3ZnPg==\" style=\"--smush-placeholder-width: 16px; --smush-placeholder-aspect-ratio: 16\/16;\" \/>&nbsp;Cargando ...<\/div>\n\n","protected":false},"excerpt":{"rendered":"<p>Marta Ferrusola, una mujer con trayectoria propia, pero sobre todo conocida como\u00a0la esposa del presidente de la Generalitat, ha fallecido a los 89 a\u00f1os. Es lamentable ver c\u00f3mo las primeras informaciones y comentarios son en gran medida una\u00a0explosi\u00f3n de fobia, de odio en algunos casos. Seguramente Ferrusola en este terreno s\u00f3lo se ve superada por su marido, Jordi Pujol. Al menos los f\u00f3bicos y odiadores podr\u00edan hacer una pausa respetuosa en los primeros momentos despu\u00e9s de su muerte, pero no fue as\u00ed. Es injusto porque Marta Ferrusola fue una mujer importante por muchas razones. Fue el contrafuerte necesario para que\u00a0Pujol pudiera ejercer su vocaci\u00f3n pol\u00edtica sin las limitaciones\u00a0que impone tener que sacar adelante a una familia numerosa de 7 hijos. Ejerci\u00f3 como mujer independiente, autodidacta, con iniciativa y discurso propio, lo que a veces le vali\u00f3 cr\u00edticas incluso desde dentro de las mismas filas convergentes porque, como no formaba parte del sistema pol\u00edtico propiamente dicho y no ten\u00eda pelos en la lengua se expresaba con una contundencia ins\u00f3lita en la vida p\u00fablica, sobre todo entonces. Hoy en d\u00eda, los pol\u00edticos de turno la superan con creces. Tambi\u00e9n tuvo un papel en el partido. Ella\u00a0fue fundadora de Converg\u00e8ncia\u00a0y actu\u00f3 en un segundo nivel concretamente con la responsabilidad de la sectorial de deportes. Como empresaria, sali\u00f3 adelante con otros socios una empresa de jardiner\u00eda, Hidroplan, y su actuaci\u00f3n en este campo le vali\u00f3 cr\u00edticas que ni ella ni Pujol nunca contestaron. El correlato con el que sucede su actividad empresarial con la mucho m\u00e1s confusa de Bego\u00f1a G\u00f3mez y la forma de actuar del presidente del gobierno es toda una met\u00e1fora de las actitudes de uno y otro perfil. Era una mujer que ten\u00eda\u00a0influencia pol\u00edtica, pero mucha menos de la que hab\u00eda querido atribuirse. Ten\u00eda un perfil de un nacionalismo muy acentuado y expresado con contundencia y era tambi\u00e9n una persona de firmes convicciones de fe, lo que no le imped\u00eda la cr\u00edtica a lo que no le gustaba de la iglesia. Se dice que detr\u00e1s de un gran hombre est\u00e1 siempre una gran mujer. No est\u00e1 claro de d\u00f3nde ha salido esta frase. Sin embargo, se puede encontrar una referencia concreta y pr\u00e1cticamente literal en unas declaraciones de Nancy Reagan. En el caso de Marta Ferrusola, m\u00e1s que detr\u00e1s habr\u00eda que decir que estaba al lado. Fue ella quien\u00a0sac\u00f3 adelante a la familia\u00a0en los a\u00f1os dif\u00edciles del encarcelamiento, primero, y del destierro, despu\u00e9s, de Jordi Pujol. Cuando los hijos adem\u00e1s eran muy peque\u00f1os, ella se esforz\u00f3 por mantener a la familia unida y en torno a la persona de Pujol. S\u00f3lo desde ese punto de vista, ya hizo un trabajo extraordinario. De hecho,\u00a0su trayectoria como mujer expresa todas las caracter\u00edsticas que el feminismo reclama, pero, vaya, resulta que era de derechas, madre de familia numerosa y compa\u00f1era irreductible de su marido. Y \u00e9stas son tres condiciones incompatibles con la ideolog\u00eda feminista. Ferrusola tambi\u00e9n forma parte del legado porque define a un tipo de persona entregada a causas vitales, a los hijos, al esposo, a la familia, al pa\u00eds, al empuje econ\u00f3mico. Ahora, ya descansa en paz.<\/p>\n","protected":false},"author":19,"featured_media":79739,"comment_status":"open","ping_status":"open","sticky":false,"template":"","format":"standard","meta":{"_FSMCFIC_featured_image_caption":"","_FSMCFIC_featured_image_nocaption":"","_FSMCFIC_featured_image_hide":"","footnotes":""},"categories":[796,806],"tags":[843],"class_list":["post-79742","post","type-post","status-publish","format-standard","has-post-thumbnail","hentry","category-el-blog-de-josep-miro-i-ardevol-es","category-punts-claus-del-dia-es","tag-jordi-pujol-es"],"yoast_head":"<!-- This site is optimized with the Yoast SEO plugin v26.8 - https:\/\/yoast.com\/product\/yoast-seo-wordpress\/ -->\n<title>Marta Ferrusola, s\u00edmbolo de lealtad y determinaci\u00f3n, nos ha dejado - Converses a Catalunya<\/title>\n<meta name=\"description\" content=\"Su trayectoria como mujer expresa todas las caracter\u00edsticas que el feminismo reclama, pero, vaya, resulta que era de derechas\" \/>\n<meta name=\"robots\" content=\"index, follow, max-snippet:-1, max-image-preview:large, max-video-preview:-1\" \/>\n<link rel=\"canonical\" href=\"https:\/\/conversesacatalunya.cat\/es\/marta-ferrusola-muerte\/\" \/>\n<meta property=\"og:locale\" content=\"es_ES\" \/>\n<meta property=\"og:type\" content=\"article\" \/>\n<meta property=\"og:title\" content=\"Marta Ferrusola, s\u00edmbolo de lealtad y determinaci\u00f3n, nos ha dejado - Converses a Catalunya\" \/>\n<meta property=\"og:description\" content=\"Su trayectoria como mujer expresa todas las caracter\u00edsticas que el feminismo reclama, pero, vaya, resulta que era de derechas\" \/>\n<meta property=\"og:url\" content=\"https:\/\/conversesacatalunya.cat\/es\/marta-ferrusola-muerte\/\" \/>\n<meta property=\"og:site_name\" content=\"Converses a Catalunya\" \/>\n<meta property=\"article:published_time\" content=\"2024-07-09T10:14:07+00:00\" \/>\n<meta property=\"article:modified_time\" content=\"2024-07-09T10:19:57+00:00\" \/>\n<meta property=\"og:image\" content=\"https:\/\/conversesacatalunya.cat\/wp-content\/uploads\/2024\/07\/Marta-Ferrusola.jpg\" \/>\n\t<meta property=\"og:image:width\" content=\"707\" \/>\n\t<meta property=\"og:image:height\" content=\"414\" \/>\n\t<meta property=\"og:image:type\" content=\"image\/jpeg\" \/>\n<meta name=\"author\" content=\"Josep Mir\u00f3 i Ard\u00e8vol\" \/>\n<meta name=\"twitter:card\" content=\"summary_large_image\" \/>\n<meta name=\"twitter:label1\" content=\"Escrito por\" \/>\n\t<meta name=\"twitter:data1\" content=\"Josep Mir\u00f3 i Ard\u00e8vol\" \/>\n\t<meta name=\"twitter:label2\" content=\"Tiempo de lectura\" \/>\n\t<meta name=\"twitter:data2\" content=\"3 minutos\" \/>\n<script type=\"application\/ld+json\" class=\"yoast-schema-graph\">{\"@context\":\"https:\/\/schema.org\",\"@graph\":[{\"@type\":\"Article\",\"@id\":\"https:\/\/conversesacatalunya.cat\/es\/marta-ferrusola-muerte\/#article\",\"isPartOf\":{\"@id\":\"https:\/\/conversesacatalunya.cat\/es\/marta-ferrusola-muerte\/\"},\"author\":{\"name\":\"Josep Mir\u00f3 i Ard\u00e8vol\",\"@id\":\"https:\/\/conversesacatalunya.cat\/#\/schema\/person\/a9598a6786ba7d3d1c5e0de477b79370\"},\"headline\":\"Marta Ferrusola, s\u00edmbolo de lealtad y determinaci\u00f3n, nos ha dejado\",\"datePublished\":\"2024-07-09T10:14:07+00:00\",\"dateModified\":\"2024-07-09T10:19:57+00:00\",\"mainEntityOfPage\":{\"@id\":\"https:\/\/conversesacatalunya.cat\/es\/marta-ferrusola-muerte\/\"},\"wordCount\":587,\"commentCount\":0,\"image\":{\"@id\":\"https:\/\/conversesacatalunya.cat\/es\/marta-ferrusola-muerte\/#primaryimage\"},\"thumbnailUrl\":\"https:\/\/conversesacatalunya.cat\/wp-content\/uploads\/2024\/07\/Marta-Ferrusola.jpg\",\"keywords\":[\"Jordi Pujol\"],\"articleSection\":[\"El Blog de Josep Mir\u00f3 i Ard\u00e8vol (ES)\",\"Punts clau del dia (ES)\"],\"inLanguage\":\"es\",\"potentialAction\":[{\"@type\":\"CommentAction\",\"name\":\"Comment\",\"target\":[\"https:\/\/conversesacatalunya.cat\/es\/marta-ferrusola-muerte\/#respond\"]}]},{\"@type\":\"WebPage\",\"@id\":\"https:\/\/conversesacatalunya.cat\/es\/marta-ferrusola-muerte\/\",\"url\":\"https:\/\/conversesacatalunya.cat\/es\/marta-ferrusola-muerte\/\",\"name\":\"Marta Ferrusola, s\u00edmbolo de lealtad y determinaci\u00f3n, nos ha dejado - Converses a Catalunya\",\"isPartOf\":{\"@id\":\"https:\/\/conversesacatalunya.cat\/#website\"},\"primaryImageOfPage\":{\"@id\":\"https:\/\/conversesacatalunya.cat\/es\/marta-ferrusola-muerte\/#primaryimage\"},\"image\":{\"@id\":\"https:\/\/conversesacatalunya.cat\/es\/marta-ferrusola-muerte\/#primaryimage\"},\"thumbnailUrl\":\"https:\/\/conversesacatalunya.cat\/wp-content\/uploads\/2024\/07\/Marta-Ferrusola.jpg\",\"datePublished\":\"2024-07-09T10:14:07+00:00\",\"dateModified\":\"2024-07-09T10:19:57+00:00\",\"author\":{\"@id\":\"https:\/\/conversesacatalunya.cat\/#\/schema\/person\/a9598a6786ba7d3d1c5e0de477b79370\"},\"description\":\"Su trayectoria como mujer expresa todas las caracter\u00edsticas que el feminismo reclama, pero, vaya, resulta que era de derechas\",\"breadcrumb\":{\"@id\":\"https:\/\/conversesacatalunya.cat\/es\/marta-ferrusola-muerte\/#breadcrumb\"},\"inLanguage\":\"es\",\"potentialAction\":[{\"@type\":\"ReadAction\",\"target\":[\"https:\/\/conversesacatalunya.cat\/es\/marta-ferrusola-muerte\/\"]}]},{\"@type\":\"ImageObject\",\"inLanguage\":\"es\",\"@id\":\"https:\/\/conversesacatalunya.cat\/es\/marta-ferrusola-muerte\/#primaryimage\",\"url\":\"https:\/\/conversesacatalunya.cat\/wp-content\/uploads\/2024\/07\/Marta-Ferrusola.jpg\",\"contentUrl\":\"https:\/\/conversesacatalunya.cat\/wp-content\/uploads\/2024\/07\/Marta-Ferrusola.jpg\",\"width\":707,\"height\":414},{\"@type\":\"BreadcrumbList\",\"@id\":\"https:\/\/conversesacatalunya.cat\/es\/marta-ferrusola-muerte\/#breadcrumb\",\"itemListElement\":[{\"@type\":\"ListItem\",\"position\":1,\"name\":\"Inici\",\"item\":\"https:\/\/conversesacatalunya.cat\/es\/\"},{\"@type\":\"ListItem\",\"position\":2,\"name\":\"Marta Ferrusola, s\u00edmbolo de lealtad y determinaci\u00f3n, nos ha dejado\"}]},{\"@type\":\"WebSite\",\"@id\":\"https:\/\/conversesacatalunya.cat\/#website\",\"url\":\"https:\/\/conversesacatalunya.cat\/\",\"name\":\"Converses a Catalunya\",\"description\":\"\",\"potentialAction\":[{\"@type\":\"SearchAction\",\"target\":{\"@type\":\"EntryPoint\",\"urlTemplate\":\"https:\/\/conversesacatalunya.cat\/?s={search_term_string}\"},\"query-input\":{\"@type\":\"PropertyValueSpecification\",\"valueRequired\":true,\"valueName\":\"search_term_string\"}}],\"inLanguage\":\"es\"},{\"@type\":\"Person\",\"@id\":\"https:\/\/conversesacatalunya.cat\/#\/schema\/person\/a9598a6786ba7d3d1c5e0de477b79370\",\"name\":\"Josep Mir\u00f3 i Ard\u00e8vol\",\"image\":{\"@type\":\"ImageObject\",\"inLanguage\":\"es\",\"@id\":\"https:\/\/conversesacatalunya.cat\/#\/schema\/person\/image\/\",\"url\":\"https:\/\/conversesacatalunya.cat\/wp-content\/litespeed\/avatar\/c37e3dc881857483d6694cdf98fdedea.jpg?ver=1777270381\",\"contentUrl\":\"https:\/\/conversesacatalunya.cat\/wp-content\/litespeed\/avatar\/c37e3dc881857483d6694cdf98fdedea.jpg?ver=1777270381\",\"caption\":\"Josep Mir\u00f3 i Ard\u00e8vol\"},\"url\":\"https:\/\/conversesacatalunya.cat\/es\/author\/josep-miro-i-ardevol\/\"}]}<\/script>\n<!-- \/ Yoast SEO plugin. -->","yoast_head_json":{"title":"Marta Ferrusola, s\u00edmbolo de lealtad y determinaci\u00f3n, nos ha dejado - Converses a Catalunya","description":"Su trayectoria como mujer expresa todas las caracter\u00edsticas que el feminismo reclama, pero, vaya, resulta que era de derechas","robots":{"index":"index","follow":"follow","max-snippet":"max-snippet:-1","max-image-preview":"max-image-preview:large","max-video-preview":"max-video-preview:-1"},"canonical":"https:\/\/conversesacatalunya.cat\/es\/marta-ferrusola-muerte\/","og_locale":"es_ES","og_type":"article","og_title":"Marta Ferrusola, s\u00edmbolo de lealtad y determinaci\u00f3n, nos ha dejado - Converses a Catalunya","og_description":"Su trayectoria como mujer expresa todas las caracter\u00edsticas que el feminismo reclama, pero, vaya, resulta que era de derechas","og_url":"https:\/\/conversesacatalunya.cat\/es\/marta-ferrusola-muerte\/","og_site_name":"Converses a Catalunya","article_published_time":"2024-07-09T10:14:07+00:00","article_modified_time":"2024-07-09T10:19:57+00:00","og_image":[{"width":707,"height":414,"url":"https:\/\/conversesacatalunya.cat\/wp-content\/uploads\/2024\/07\/Marta-Ferrusola.jpg","type":"image\/jpeg"}],"author":"Josep Mir\u00f3 i Ard\u00e8vol","twitter_card":"summary_large_image","twitter_misc":{"Escrito por":"Josep Mir\u00f3 i Ard\u00e8vol","Tiempo de lectura":"3 minutos"},"schema":{"@context":"https:\/\/schema.org","@graph":[{"@type":"Article","@id":"https:\/\/conversesacatalunya.cat\/es\/marta-ferrusola-muerte\/#article","isPartOf":{"@id":"https:\/\/conversesacatalunya.cat\/es\/marta-ferrusola-muerte\/"},"author":{"name":"Josep Mir\u00f3 i Ard\u00e8vol","@id":"https:\/\/conversesacatalunya.cat\/#\/schema\/person\/a9598a6786ba7d3d1c5e0de477b79370"},"headline":"Marta Ferrusola, s\u00edmbolo de lealtad y determinaci\u00f3n, nos ha dejado","datePublished":"2024-07-09T10:14:07+00:00","dateModified":"2024-07-09T10:19:57+00:00","mainEntityOfPage":{"@id":"https:\/\/conversesacatalunya.cat\/es\/marta-ferrusola-muerte\/"},"wordCount":587,"commentCount":0,"image":{"@id":"https:\/\/conversesacatalunya.cat\/es\/marta-ferrusola-muerte\/#primaryimage"},"thumbnailUrl":"https:\/\/conversesacatalunya.cat\/wp-content\/uploads\/2024\/07\/Marta-Ferrusola.jpg","keywords":["Jordi Pujol"],"articleSection":["El Blog de Josep Mir\u00f3 i Ard\u00e8vol (ES)","Punts clau del dia (ES)"],"inLanguage":"es","potentialAction":[{"@type":"CommentAction","name":"Comment","target":["https:\/\/conversesacatalunya.cat\/es\/marta-ferrusola-muerte\/#respond"]}]},{"@type":"WebPage","@id":"https:\/\/conversesacatalunya.cat\/es\/marta-ferrusola-muerte\/","url":"https:\/\/conversesacatalunya.cat\/es\/marta-ferrusola-muerte\/","name":"Marta Ferrusola, s\u00edmbolo de lealtad y determinaci\u00f3n, nos ha dejado - Converses a Catalunya","isPartOf":{"@id":"https:\/\/conversesacatalunya.cat\/#website"},"primaryImageOfPage":{"@id":"https:\/\/conversesacatalunya.cat\/es\/marta-ferrusola-muerte\/#primaryimage"},"image":{"@id":"https:\/\/conversesacatalunya.cat\/es\/marta-ferrusola-muerte\/#primaryimage"},"thumbnailUrl":"https:\/\/conversesacatalunya.cat\/wp-content\/uploads\/2024\/07\/Marta-Ferrusola.jpg","datePublished":"2024-07-09T10:14:07+00:00","dateModified":"2024-07-09T10:19:57+00:00","author":{"@id":"https:\/\/conversesacatalunya.cat\/#\/schema\/person\/a9598a6786ba7d3d1c5e0de477b79370"},"description":"Su trayectoria como mujer expresa todas las caracter\u00edsticas que el feminismo reclama, pero, vaya, resulta que era de derechas","breadcrumb":{"@id":"https:\/\/conversesacatalunya.cat\/es\/marta-ferrusola-muerte\/#breadcrumb"},"inLanguage":"es","potentialAction":[{"@type":"ReadAction","target":["https:\/\/conversesacatalunya.cat\/es\/marta-ferrusola-muerte\/"]}]},{"@type":"ImageObject","inLanguage":"es","@id":"https:\/\/conversesacatalunya.cat\/es\/marta-ferrusola-muerte\/#primaryimage","url":"https:\/\/conversesacatalunya.cat\/wp-content\/uploads\/2024\/07\/Marta-Ferrusola.jpg","contentUrl":"https:\/\/conversesacatalunya.cat\/wp-content\/uploads\/2024\/07\/Marta-Ferrusola.jpg","width":707,"height":414},{"@type":"BreadcrumbList","@id":"https:\/\/conversesacatalunya.cat\/es\/marta-ferrusola-muerte\/#breadcrumb","itemListElement":[{"@type":"ListItem","position":1,"name":"Inici","item":"https:\/\/conversesacatalunya.cat\/es\/"},{"@type":"ListItem","position":2,"name":"Marta Ferrusola, s\u00edmbolo de lealtad y determinaci\u00f3n, nos ha dejado"}]},{"@type":"WebSite","@id":"https:\/\/conversesacatalunya.cat\/#website","url":"https:\/\/conversesacatalunya.cat\/","name":"Converses a Catalunya","description":"","potentialAction":[{"@type":"SearchAction","target":{"@type":"EntryPoint","urlTemplate":"https:\/\/conversesacatalunya.cat\/?s={search_term_string}"},"query-input":{"@type":"PropertyValueSpecification","valueRequired":true,"valueName":"search_term_string"}}],"inLanguage":"es"},{"@type":"Person","@id":"https:\/\/conversesacatalunya.cat\/#\/schema\/person\/a9598a6786ba7d3d1c5e0de477b79370","name":"Josep Mir\u00f3 i Ard\u00e8vol","image":{"@type":"ImageObject","inLanguage":"es","@id":"https:\/\/conversesacatalunya.cat\/#\/schema\/person\/image\/","url":"https:\/\/conversesacatalunya.cat\/wp-content\/litespeed\/avatar\/c37e3dc881857483d6694cdf98fdedea.jpg?ver=1777270381","contentUrl":"https:\/\/conversesacatalunya.cat\/wp-content\/litespeed\/avatar\/c37e3dc881857483d6694cdf98fdedea.jpg?ver=1777270381","caption":"Josep Mir\u00f3 i Ard\u00e8vol"},"url":"https:\/\/conversesacatalunya.cat\/es\/author\/josep-miro-i-ardevol\/"}]}},"wps_subtitle":"Su trayectoria como mujer expresa todas las caracter\u00edsticas que el feminismo reclama, pero, vaya, resulta que era de derechas, madre de familia numerosa y compa\u00f1era irreductible de su marido","_links":{"self":[{"href":"https:\/\/conversesacatalunya.cat\/es\/wp-json\/wp\/v2\/posts\/79742","targetHints":{"allow":["GET"]}}],"collection":[{"href":"https:\/\/conversesacatalunya.cat\/es\/wp-json\/wp\/v2\/posts"}],"about":[{"href":"https:\/\/conversesacatalunya.cat\/es\/wp-json\/wp\/v2\/types\/post"}],"author":[{"embeddable":true,"href":"https:\/\/conversesacatalunya.cat\/es\/wp-json\/wp\/v2\/users\/19"}],"replies":[{"embeddable":true,"href":"https:\/\/conversesacatalunya.cat\/es\/wp-json\/wp\/v2\/comments?post=79742"}],"version-history":[{"count":2,"href":"https:\/\/conversesacatalunya.cat\/es\/wp-json\/wp\/v2\/posts\/79742\/revisions"}],"predecessor-version":[{"id":79744,"href":"https:\/\/conversesacatalunya.cat\/es\/wp-json\/wp\/v2\/posts\/79742\/revisions\/79744"}],"wp:featuredmedia":[{"embeddable":true,"href":"https:\/\/conversesacatalunya.cat\/es\/wp-json\/wp\/v2\/media\/79739"}],"wp:attachment":[{"href":"https:\/\/conversesacatalunya.cat\/es\/wp-json\/wp\/v2\/media?parent=79742"}],"wp:term":[{"taxonomy":"category","embeddable":true,"href":"https:\/\/conversesacatalunya.cat\/es\/wp-json\/wp\/v2\/categories?post=79742"},{"taxonomy":"post_tag","embeddable":true,"href":"https:\/\/conversesacatalunya.cat\/es\/wp-json\/wp\/v2\/tags?post=79742"}],"curies":[{"name":"wp","href":"https:\/\/api.w.org\/{rel}","templated":true}]}}