{"id":79645,"date":"2021-08-31T10:02:13","date_gmt":"2021-08-31T08:02:13","guid":{"rendered":"https:\/\/conversesacatalunya.cat\/comissio-europea-les-dues-revolucions\/"},"modified":"2024-07-09T09:36:19","modified_gmt":"2024-07-09T07:36:19","slug":"comision-europea-las-dos-revoluciones","status":"publish","type":"post","link":"https:\/\/conversesacatalunya.cat\/es\/comision-europea-las-dos-revoluciones\/","title":{"rendered":"Comisi\u00f3n europea: las dos grandes revoluciones"},"content":{"rendered":"<p><strong>Adem\u00e1s del llamado Pacto Verde (<em>Green Deal<\/em>) o \u00a0<a href=\"https:\/\/conversesacatalunya.cat\/es\/la-revolucion-verde-de-la-ue\/\" target=\"_blank\" rel=\"noopener\">revoluci\u00f3n verde<\/a>, la Comisi\u00f3n Europea -presidida por la alemana \u00darsula von der Leyen- se propone una segunda revoluci\u00f3n en el seno de la UE: la digital. Son los dos grandes objetivos marcados por la UE para los pr\u00f3ximos a\u00f1os.<\/strong><\/p>\n<p><strong>La transformaci\u00f3n digital significa la integraci\u00f3n de las tecnolog\u00edas digitales en las empresas y extender su impacto a la sociedad<\/strong>. Las plataformas digitales, el internet de las cosas, las nubes inform\u00e1ticas y la inteligencia artificial forman parte de las tecnolog\u00edas que afectan a sectores que van desde el transporte a la energ\u00eda, pasando por el sistema agroalimentario, telecomunicaciones, servicios financieros, producci\u00f3n industrial, sanidad, as\u00ed como en la vida cotidiana de los ciudadanos.<\/p>\n<p>Vividas las tres primeras revoluciones industriales (basadas en el vapor, la electricidad, y la electr\u00f3nica, respectivamente),\u00a0<strong>la actual cuarta revoluci\u00f3n industrial consiste en la revoluci\u00f3n digital, un fen\u00f3meno que la sociedad experimenta desde 1950, produciendo un cambio disruptivo<\/strong>.<\/p>\n<p>A finales de la d\u00e9cada de 1970, la tecnolog\u00eda digital ya estaba inmersa en la econom\u00eda. La aparici\u00f3n de ordenadores personales, internet y <em>smartphones<\/em>\u00a0abrieron el paso a lo que se ha denominado \u00abla era de la informaci\u00f3n\u00bb.<\/p>\n<p>En su discurso de julio de 2019 ante el Parlamento Europeo, antes de su ratificaci\u00f3n en el cargo y que la pandemia del coronavirus lo alterara todo, <strong><span class=\"hiddenSpellError\">von\u00a0<\/span><\/strong><strong><span class=\"hiddenSpellError\">der\u00a0<\/span><\/strong><strong><span class=\"hiddenSpellError\">Leyen<\/span><\/strong><strong>\u00a0\u00a0present\u00f3 una Agenda Europea con las orientaciones pol\u00edticas de la nueva Comisi\u00f3n Europea para los pr\u00f3ximos cinco a\u00f1os (2019-2024)<\/strong>.<\/p>\n<p>Dos grandes cambios destacaban en aquella Agenda: un <strong>Pacto Verde<\/strong> para luchar contra el cambio clim\u00e1tico que convirtiera a Europa en el primer continente clim\u00e1ticamente neutro en 2050, y una Europa que liderara la <strong>revoluci\u00f3n digital<\/strong>, con una normativa sobre la Inteligencia Artificial basada en una aproximaci\u00f3n \u00e9tica y humanista. Ante estos dos grandes cambios,\u00a0 <span class=\"hiddenSpellError\">von\u00a0<\/span><span class=\"hiddenSpellError\">der\u00a0<\/span><span class=\"hiddenSpellError\">Leyen<\/span>\u00a0\u00a0situaba a dos Comisarios de prestigio: el holand\u00e9s\u00a0\u00a0<span class=\"hiddenSpellError\">Frans\u00a0<\/span><span class=\"hiddenSpellError\">Timmermans<\/span> \u00a0y la danesa\u00a0 <span class=\"hiddenSpellError\">Margrethe\u00a0<\/span><span class=\"hiddenSpellError\">Vestager<\/span>.<strong>\u00a0\u00a0\u00a0<\/strong><\/p>\n<p><strong>Poco tiempo despu\u00e9s, en diciembre de 2019, la nueva Comisi\u00f3n Europea entraba en funcionamiento y establec\u00eda solemnemente que Europa deb\u00eda adaptarse a la nueva era digital.<\/strong>\u00a0Se reconoc\u00eda que el mundo viv\u00eda una cuarta revoluci\u00f3n industrial en forma de revoluci\u00f3n digital o revoluci\u00f3n 4.0, ante la que era necesario actuar de forma r\u00e1pida y eficaz en<strong> cuatro \u00e1mbitos:<\/strong> a) protecci\u00f3n de datos, b) mejorar el acceso de los consumidores y las empresas en los bienes\u00a0<em>on line<\/em>, c) propiciar un entorno en el que pudieran prosperar las redes y los servicios digitales, y d) impulsar el sector digital como motor del crecimiento.<\/p>\n<h5><strong>En marzo de 2021, la Comisi\u00f3n Europea present\u00f3 una Comunicaci\u00f3n que conten\u00eda una visi\u00f3n, objetivos y v\u00edas de \u00e9xito para la transformaci\u00f3n digital de Europa dentro de 2030<\/strong>.<\/h5>\n<p>Consideraba que era algo fundamental para culminar la transici\u00f3n hacia una econom\u00eda clim\u00e1ticamente neutra, circular y resiliente. Eran dos revoluciones que iban de la mano. \u00a0\u00a0<strong>La UE quiere ser digitalmente soberana en un mundo abierto e interconectado, y ejecutar pol\u00edticas digitales que empodere a las personas ya las empresas en pro de un futuro digital centrado en las personas, sostenible y m\u00e1s pr\u00f3spero.<\/strong><\/p>\n<h4><strong>Las ambiciones digitales para 2030 giran en torno a cuatro puntos:<\/strong><\/h4>\n<p><strong>1) ciudadanos con capacidades digitales y profesionales del sector digital altamente cualificados, 2) infraestructuras digitales seguras, eficaces y sostenibles, 3) transformaci\u00f3n digital de las empresas, y 4) digitalizaci\u00f3n de los servicios p\u00fablicos. \u00a0\u00a0<\/strong><\/p>\n<div class=\"code-block code-block-6\"><\/div>\n<p><strong>En estos momentos, ya se conocen muchos m\u00e1s detalles de la revoluci\u00f3n digital que se propone llevar a cabo la UE<\/strong>. <strong>Las inversiones digitales se llevar\u00e1n alrededor del veinte por ciento de los recursos destinados al Fuentes de Recuperaci\u00f3n\u00a0<em>Next Generation EU<\/em>.<\/strong>\u00a0En total, la UE destinar\u00e1 de forma directa 150.000 millones de euros del plan de recuperaci\u00f3n a proyectos digitales. A tal efecto,\u00a0<strong>la Comisi\u00f3n Europea ha proyectado una Br\u00fajula Digital horizonte 2030<\/strong>. Sus \u00e1reas de actuaci\u00f3n apuntan al \u00e1mbito laboral, con el impulso de las capacidades y el n\u00famero de profesionales altamente cualificados en el sector digital, las infraestructuras digitales, con el desarrollo de las nuevas redes como el 5G, o ambici\u00f3n de que el 20% de los semiconductores que se fabriquen en el mundo tengan sello de fabricaci\u00f3n europeo.<\/p>\n<p>Otros objetivos digitales que se ha marcado la Comisi\u00f3n Europea de cara a 2030 son impulsar la digitalizaci\u00f3n de empresas y fomentar la creaci\u00f3n de\u00a0\u00a0<span class=\"hiddenGreenError\">startups<\/span>\u00a0, en un entorno innovador que pueda competir con las otras grandes incubadoras de futuras grandes empresas tecnol\u00f3gicas globales, como Silicon Valley. La meta marcada por la Comisi\u00f3n Europea consiste en incentivar la aparici\u00f3n en Europa de empresas llamadas unicornios, es decir,\u00a0\u00a0<span class=\"hiddenGreenError\">startups<\/span> \u00a0privadas que hayan alcanzado una valoraci\u00f3n superior a los 1.000 millones de euros. Actualmente, la UE cuenta con m\u00e1s de un centenar de este tipo de compa\u00f1\u00edas y el objetivo es duplicar su n\u00famero a finales de la d\u00e9cada. Bruselas quiere tambi\u00e9n que el 75% de las empresas europeas hayan adoptado soluciones digitales como la nube o la inteligencia artificial. La Br\u00fajula Digital tambi\u00e9n apunta a la modernizaci\u00f3n y digitalizaci\u00f3n de la administraci\u00f3n p\u00fablica en los 27 pa\u00edses de la UE, con la ambici\u00f3n de que todos los servicios clave sean\u00a0\u00a0<span class=\"hiddenGrammarError\">online<\/span> \u00a0en el a\u00f1o 2030 y que al menos el 80% de los ciudadanos de la UE ya usen una identidad digital. La UE prepara un despliegue de su DNI digital europeo en una aplicaci\u00f3n monedero que ser\u00e1 v\u00e1lida en toda la UE y con lo que los ciudadanos podr\u00e1n utilizar m\u00faltiples servicios que van desde un certificado de nacimiento o m\u00e9dico hasta la apertura de una cuenta bancaria.<\/p>\n<p>La movilizaci\u00f3n de recursos sin precedentes para impulsar la digitalizaci\u00f3n en la UE va encaminada a tener un impacto decisivo en el empleo, la educaci\u00f3n, la innovaci\u00f3n y un aumento de la competitividad y de la econom\u00eda europea frente a sus rivales globales.<\/p>\n<p><strong>La acci\u00f3n en el \u00e1mbito digital europeo viene acompa\u00f1ada de numerosas iniciativas legislativas\u00a0<\/strong>\u00a0\u00a0<strong>para actualizar el marco normativo a las nuevas demandas de esta nueva econom\u00eda<\/strong>\u00a0que pretende colocar a la UE a la vanguardia de la regulaci\u00f3n digital frente a otras regiones del mundo. La UE ya aprob\u00f3 en 2018 la primera\u00a0<strong>Ley de Protecci\u00f3n de Datos<\/strong>\u00a0y la ofensiva reguladora en el campo digital se ha reforzado en los \u00faltimos meses. Se ha presentado la reforma de la\u00a0<strong>Ley de\u00a0<\/strong><strong>Mercado y Ley de servicios digitales<\/strong>, la mayor iniciativa normativa de las dos \u00faltimas d\u00e9cadas en el sector digital, con el objetivo de frenar el poder de las grandes compa\u00f1eras tecnol\u00f3gicas, velar por la protecci\u00f3n derechos digitales y establecer condiciones equitativas para fomentar la innovaci\u00f3n y la competitividad. Tambi\u00e9n se ha lanzado la primera <strong>regulaci\u00f3n de la Inteligencia Artificial<\/strong>\u00a0para evitar el mal uso de esta tecnolog\u00eda.<\/p>\n<p><strong>Seg\u00fan la Comisaria responsable, Margrethe Vestager, \u00abquiz\u00e1 Europa no ha sido un l\u00edder en la \u00faltima\u00a0<\/strong><strong>ola de digitalizaci\u00f3n, pero lo tiene todo para liderar la que viene<\/strong>\u00ab. Europa perdi\u00f3 efectivamente la primera batalla, la de sus datos personales. Fueron primero las plataformas estadounidenses las que protagonizaron y rentabilizaron la primera revoluci\u00f3n digital (Google, Facebook), y despu\u00e9s fueron las chinas (Baidu, Tencent). Son evidencias de un retraso europeo que ahora quiere corregirse.<\/p>\n<p>La Comisi\u00f3n Europea insiste en que las nuevas tecnolog\u00edas respetar\u00e1n los derechos fundamentales de los ciudadanos y que es necesario tomar precauciones para evitar discriminaciones. \u00abLa inteligencia artificial no es buena ni mala en s\u00ed misma, todo depende de por qu\u00e9 y c\u00f3mo es utilizada\u00bb, ha declarado\u00a0\u00a0<span class=\"hiddenSpellError\">Margrethe\u00a0<\/span>\u00a0<span class=\"hiddenSpellError\">Vetager<\/span>\u00a0. El reconocimiento facial, por ejemplo, puede ser utilizado en los controles de seguridad de los aeropuertos, pero cuando se habla de usarlo a distancia se entra en una zona m\u00e1s delicada, pues el fantasma del\u00a0\u00a0<span class=\"hiddenSpellError\">big\u00a0<\/span>\u00a0<span class=\"hiddenSpellError\">brother<\/span>\u00a0\u00a0controlador aparece de inmediato. Las c\u00e1maras que controlan los rostros en las calles de China no son un m\u00e9todo extrapolable por ahora en Europa. La UE parte de la base de la prohibici\u00f3n en t\u00e9rminos generales de esta identificaci\u00f3n a distancia, durante un per\u00edodo de 3 a 5 a\u00f1os, con discusi\u00f3n sobre en qu\u00e9 casos excepcionales se podr\u00eda utilizar, mientras se avanza en las investigaciones.<\/p>\n<p><strong>El comisario de mercado interior, Thierry Breton, de nacionalidad francesa, es partidario de crear un gran mercado interior de datos personales y no personales que pueda ser utilizado por las empresas y el sector p\u00fablico a la hora de crear e innovar<\/strong>. \u201cQueremos crear un mercado \u00fanico de datos en la UE y queremos movilizar importantes inversiones para espacios de datos e infraestructuras en la nube. <strong>Ser\u00e1 un \u00e1mbito donde todos los\u00a0<\/strong><strong>productos y servicios basados \u200b\u200ben datos respetar\u00e1n plenamente las reglas y valores de la UE<\/strong>\u201d.<\/p>\n<p><strong>Est\u00e1 claro que la UE nunca pierde de vista la trascendencia de sus valores.<\/strong><\/p>\n","protected":false},"excerpt":{"rendered":"<p>Adem\u00e1s del llamado Pacto Verde (Green Deal) o \u00a0revoluci\u00f3n verde, la Comisi\u00f3n Europea -presidida por la alemana \u00darsula von der Leyen- se propone una segunda revoluci\u00f3n en el seno de la UE: la digital. Son los dos grandes objetivos marcados por la UE para los pr\u00f3ximos a\u00f1os. La transformaci\u00f3n digital significa la integraci\u00f3n de las tecnolog\u00edas digitales en las empresas y extender su impacto a la sociedad. Las plataformas digitales, el internet de las cosas, las nubes inform\u00e1ticas y la inteligencia artificial forman parte de las tecnolog\u00edas que afectan a sectores que van desde el transporte a la energ\u00eda, pasando por el sistema agroalimentario, telecomunicaciones, servicios financieros, producci\u00f3n industrial, sanidad, as\u00ed como en la vida cotidiana de los ciudadanos. Vividas las tres primeras revoluciones industriales (basadas en el vapor, la electricidad, y la electr\u00f3nica, respectivamente),\u00a0la actual cuarta revoluci\u00f3n industrial consiste en la revoluci\u00f3n digital, un fen\u00f3meno que la sociedad experimenta desde 1950, produciendo un cambio disruptivo. A finales de la d\u00e9cada de 1970, la tecnolog\u00eda digital ya estaba inmersa en la econom\u00eda. La aparici\u00f3n de ordenadores personales, internet y smartphones\u00a0abrieron el paso a lo que se ha denominado \u00abla era de la informaci\u00f3n\u00bb. En su discurso de julio de 2019 ante el Parlamento Europeo, antes de su ratificaci\u00f3n en el cargo y que la pandemia del coronavirus lo alterara todo, von\u00a0der\u00a0Leyen\u00a0\u00a0present\u00f3 una Agenda Europea con las orientaciones pol\u00edticas de la nueva Comisi\u00f3n Europea para los pr\u00f3ximos cinco a\u00f1os (2019-2024). Dos grandes cambios destacaban en aquella Agenda: un Pacto Verde para luchar contra el cambio clim\u00e1tico que convirtiera a Europa en el primer continente clim\u00e1ticamente neutro en 2050, y una Europa que liderara la revoluci\u00f3n digital, con una normativa sobre la Inteligencia Artificial basada en una aproximaci\u00f3n \u00e9tica y humanista. Ante estos dos grandes cambios,\u00a0 von\u00a0der\u00a0Leyen\u00a0\u00a0situaba a dos Comisarios de prestigio: el holand\u00e9s\u00a0\u00a0Frans\u00a0Timmermans \u00a0y la danesa\u00a0 Margrethe\u00a0Vestager.\u00a0\u00a0\u00a0 Poco tiempo despu\u00e9s, en diciembre de 2019, la nueva Comisi\u00f3n Europea entraba en funcionamiento y establec\u00eda solemnemente que Europa deb\u00eda adaptarse a la nueva era digital.\u00a0Se reconoc\u00eda que el mundo viv\u00eda una cuarta revoluci\u00f3n industrial en forma de revoluci\u00f3n digital o revoluci\u00f3n 4.0, ante la que era necesario actuar de forma r\u00e1pida y eficaz en cuatro \u00e1mbitos: a) protecci\u00f3n de datos, b) mejorar el acceso de los consumidores y las empresas en los bienes\u00a0on line, c) propiciar un entorno en el que pudieran prosperar las redes y los servicios digitales, y d) impulsar el sector digital como motor del crecimiento. En marzo de 2021, la Comisi\u00f3n Europea present\u00f3 una Comunicaci\u00f3n que conten\u00eda una visi\u00f3n, objetivos y v\u00edas de \u00e9xito para la transformaci\u00f3n digital de Europa dentro de 2030. Consideraba que era algo fundamental para culminar la transici\u00f3n hacia una econom\u00eda clim\u00e1ticamente neutra, circular y resiliente. Eran dos revoluciones que iban de la mano. \u00a0\u00a0La UE quiere ser digitalmente soberana en un mundo abierto e interconectado, y ejecutar pol\u00edticas digitales que empodere a las personas ya las empresas en pro de un futuro digital centrado en las personas, sostenible y m\u00e1s pr\u00f3spero. Las ambiciones digitales para 2030 giran en torno a cuatro puntos: 1) ciudadanos con capacidades digitales y profesionales del sector digital altamente cualificados, 2) infraestructuras digitales seguras, eficaces y sostenibles, 3) transformaci\u00f3n digital de las empresas, y 4) digitalizaci\u00f3n de los servicios p\u00fablicos. \u00a0\u00a0 En estos momentos, ya se conocen muchos m\u00e1s detalles de la revoluci\u00f3n digital que se propone llevar a cabo la UE. Las inversiones digitales se llevar\u00e1n alrededor del veinte por ciento de los recursos destinados al Fuentes de Recuperaci\u00f3n\u00a0Next Generation EU.\u00a0En total, la UE destinar\u00e1 de forma directa 150.000 millones de euros del plan de recuperaci\u00f3n a proyectos digitales. A tal efecto,\u00a0la Comisi\u00f3n Europea ha proyectado una Br\u00fajula Digital horizonte 2030. Sus \u00e1reas de actuaci\u00f3n apuntan al \u00e1mbito laboral, con el impulso de las capacidades y el n\u00famero de profesionales altamente cualificados en el sector digital, las infraestructuras digitales, con el desarrollo de las nuevas redes como el 5G, o ambici\u00f3n de que el 20% de los semiconductores que se fabriquen en el mundo tengan sello de fabricaci\u00f3n europeo. Otros objetivos digitales que se ha marcado la Comisi\u00f3n Europea de cara a 2030 son impulsar la digitalizaci\u00f3n de empresas y fomentar la creaci\u00f3n de\u00a0\u00a0startups\u00a0, en un entorno innovador que pueda competir con las otras grandes incubadoras de futuras grandes empresas tecnol\u00f3gicas globales, como Silicon Valley. La meta marcada por la Comisi\u00f3n Europea consiste en incentivar la aparici\u00f3n en Europa de empresas llamadas unicornios, es decir,\u00a0\u00a0startups \u00a0privadas que hayan alcanzado una valoraci\u00f3n superior a los 1.000 millones de euros. Actualmente, la UE cuenta con m\u00e1s de un centenar de este tipo de compa\u00f1\u00edas y el objetivo es duplicar su n\u00famero a finales de la d\u00e9cada. Bruselas quiere tambi\u00e9n que el 75% de las empresas europeas hayan adoptado soluciones digitales como la nube o la inteligencia artificial. La Br\u00fajula Digital tambi\u00e9n apunta a la modernizaci\u00f3n y digitalizaci\u00f3n de la administraci\u00f3n p\u00fablica en los 27 pa\u00edses de la UE, con la ambici\u00f3n de que todos los servicios clave sean\u00a0\u00a0online \u00a0en el a\u00f1o 2030 y que al menos el 80% de los ciudadanos de la UE ya usen una identidad digital. La UE prepara un despliegue de su DNI digital europeo en una aplicaci\u00f3n monedero que ser\u00e1 v\u00e1lida en toda la UE y con lo que los ciudadanos podr\u00e1n utilizar m\u00faltiples servicios que van desde un certificado de nacimiento o m\u00e9dico hasta la apertura de una cuenta bancaria. La movilizaci\u00f3n de recursos sin precedentes para impulsar la digitalizaci\u00f3n en la UE va encaminada a tener un impacto decisivo en el empleo, la educaci\u00f3n, la innovaci\u00f3n y un aumento de la competitividad y de la econom\u00eda europea frente a sus rivales globales. La acci\u00f3n en el \u00e1mbito digital europeo viene acompa\u00f1ada de numerosas iniciativas legislativas\u00a0\u00a0\u00a0para actualizar el marco normativo a las nuevas demandas de esta nueva econom\u00eda\u00a0que pretende colocar a la UE a la vanguardia de la regulaci\u00f3n digital frente a otras regiones del mundo. La UE ya aprob\u00f3 en 2018 la primera\u00a0Ley de Protecci\u00f3n de Datos\u00a0y la ofensiva reguladora en el campo&#8230;<\/p>\n","protected":false},"author":38,"featured_media":50493,"comment_status":"open","ping_status":"open","sticky":false,"template":"","format":"standard","meta":{"_FSMCFIC_featured_image_caption":"","_FSMCFIC_featured_image_nocaption":"","_FSMCFIC_featured_image_hide":"","footnotes":""},"categories":[798],"tags":[1056,1057,1061],"class_list":["post-79645","post","type-post","status-publish","format-standard","has-post-thumbnail","hentry","category-pro-europa-es","tag-comissio-europea-es","tag-european-green-deal-es","tag-ursula-von-der-leyen-es"],"yoast_head":"<!-- This site is optimized with the Yoast SEO plugin v26.8 - https:\/\/yoast.com\/product\/yoast-seo-wordpress\/ -->\n<title>Comisi\u00f3n europea: las dos grandes revoluciones - Converses a Catalunya<\/title>\n<meta name=\"description\" content=\"von\u00a0der\u00a0Leyen\u00a0present\u00f3 una Agenda Europea con las orientaciones pol\u00edticas de la nueva Comisi\u00f3n Europea para los pr\u00f3ximos cinco a\u00f1os\" \/>\n<meta name=\"robots\" content=\"index, follow, max-snippet:-1, max-image-preview:large, max-video-preview:-1\" \/>\n<link rel=\"canonical\" href=\"https:\/\/conversesacatalunya.cat\/es\/comision-europea-las-dos-revoluciones\/\" \/>\n<meta property=\"og:locale\" content=\"es_ES\" \/>\n<meta property=\"og:type\" content=\"article\" \/>\n<meta property=\"og:title\" content=\"Comisi\u00f3n europea: las dos grandes revoluciones - Converses a Catalunya\" \/>\n<meta property=\"og:description\" content=\"von\u00a0der\u00a0Leyen\u00a0present\u00f3 una Agenda Europea con las orientaciones pol\u00edticas de la nueva Comisi\u00f3n Europea para los pr\u00f3ximos cinco a\u00f1os\" \/>\n<meta property=\"og:url\" content=\"https:\/\/conversesacatalunya.cat\/es\/comision-europea-las-dos-revoluciones\/\" \/>\n<meta property=\"og:site_name\" content=\"Converses a Catalunya\" \/>\n<meta property=\"article:published_time\" content=\"2021-08-31T08:02:13+00:00\" \/>\n<meta property=\"article:modified_time\" content=\"2024-07-09T07:36:19+00:00\" \/>\n<meta property=\"og:image\" content=\"https:\/\/conversesacatalunya.cat\/wp-content\/uploads\/2021\/08\/Comissio-europea.jpg\" \/>\n\t<meta property=\"og:image:width\" content=\"640\" \/>\n\t<meta property=\"og:image:height\" content=\"427\" \/>\n\t<meta property=\"og:image:type\" content=\"image\/jpeg\" \/>\n<meta name=\"author\" content=\"Victor Pou\" \/>\n<meta name=\"twitter:card\" content=\"summary_large_image\" \/>\n<meta name=\"twitter:label1\" content=\"Escrito por\" \/>\n\t<meta name=\"twitter:data1\" content=\"Victor Pou\" \/>\n\t<meta name=\"twitter:label2\" content=\"Tiempo de lectura\" \/>\n\t<meta name=\"twitter:data2\" content=\"7 minutos\" \/>\n<script type=\"application\/ld+json\" class=\"yoast-schema-graph\">{\"@context\":\"https:\/\/schema.org\",\"@graph\":[{\"@type\":\"Article\",\"@id\":\"https:\/\/conversesacatalunya.cat\/es\/comision-europea-las-dos-revoluciones\/#article\",\"isPartOf\":{\"@id\":\"https:\/\/conversesacatalunya.cat\/es\/comision-europea-las-dos-revoluciones\/\"},\"author\":{\"name\":\"Victor Pou\",\"@id\":\"https:\/\/conversesacatalunya.cat\/#\/schema\/person\/1b0082ee920b837be791bee630d460b2\"},\"headline\":\"Comisi\u00f3n europea: las dos grandes revoluciones\",\"datePublished\":\"2021-08-31T08:02:13+00:00\",\"dateModified\":\"2024-07-09T07:36:19+00:00\",\"mainEntityOfPage\":{\"@id\":\"https:\/\/conversesacatalunya.cat\/es\/comision-europea-las-dos-revoluciones\/\"},\"wordCount\":1545,\"commentCount\":0,\"image\":{\"@id\":\"https:\/\/conversesacatalunya.cat\/es\/comision-europea-las-dos-revoluciones\/#primaryimage\"},\"thumbnailUrl\":\"https:\/\/conversesacatalunya.cat\/wp-content\/uploads\/2021\/08\/Comissio-europea.jpg\",\"keywords\":[\"Comissi\u00f3 europea\",\"European Green Deal\",\"Ursula von der Leyen\"],\"articleSection\":[\"Pro Europa (ES)\"],\"inLanguage\":\"es\",\"potentialAction\":[{\"@type\":\"CommentAction\",\"name\":\"Comment\",\"target\":[\"https:\/\/conversesacatalunya.cat\/es\/comision-europea-las-dos-revoluciones\/#respond\"]}]},{\"@type\":\"WebPage\",\"@id\":\"https:\/\/conversesacatalunya.cat\/es\/comision-europea-las-dos-revoluciones\/\",\"url\":\"https:\/\/conversesacatalunya.cat\/es\/comision-europea-las-dos-revoluciones\/\",\"name\":\"Comisi\u00f3n europea: las dos grandes revoluciones - Converses a Catalunya\",\"isPartOf\":{\"@id\":\"https:\/\/conversesacatalunya.cat\/#website\"},\"primaryImageOfPage\":{\"@id\":\"https:\/\/conversesacatalunya.cat\/es\/comision-europea-las-dos-revoluciones\/#primaryimage\"},\"image\":{\"@id\":\"https:\/\/conversesacatalunya.cat\/es\/comision-europea-las-dos-revoluciones\/#primaryimage\"},\"thumbnailUrl\":\"https:\/\/conversesacatalunya.cat\/wp-content\/uploads\/2021\/08\/Comissio-europea.jpg\",\"datePublished\":\"2021-08-31T08:02:13+00:00\",\"dateModified\":\"2024-07-09T07:36:19+00:00\",\"author\":{\"@id\":\"https:\/\/conversesacatalunya.cat\/#\/schema\/person\/1b0082ee920b837be791bee630d460b2\"},\"description\":\"von\u00a0der\u00a0Leyen\u00a0present\u00f3 una Agenda Europea con las orientaciones pol\u00edticas de la nueva Comisi\u00f3n Europea para los pr\u00f3ximos cinco a\u00f1os\",\"breadcrumb\":{\"@id\":\"https:\/\/conversesacatalunya.cat\/es\/comision-europea-las-dos-revoluciones\/#breadcrumb\"},\"inLanguage\":\"es\",\"potentialAction\":[{\"@type\":\"ReadAction\",\"target\":[\"https:\/\/conversesacatalunya.cat\/es\/comision-europea-las-dos-revoluciones\/\"]}]},{\"@type\":\"ImageObject\",\"inLanguage\":\"es\",\"@id\":\"https:\/\/conversesacatalunya.cat\/es\/comision-europea-las-dos-revoluciones\/#primaryimage\",\"url\":\"https:\/\/conversesacatalunya.cat\/wp-content\/uploads\/2021\/08\/Comissio-europea.jpg\",\"contentUrl\":\"https:\/\/conversesacatalunya.cat\/wp-content\/uploads\/2021\/08\/Comissio-europea.jpg\",\"width\":640,\"height\":427,\"caption\":\"comissi\u00f3 europea\"},{\"@type\":\"BreadcrumbList\",\"@id\":\"https:\/\/conversesacatalunya.cat\/es\/comision-europea-las-dos-revoluciones\/#breadcrumb\",\"itemListElement\":[{\"@type\":\"ListItem\",\"position\":1,\"name\":\"Inici\",\"item\":\"https:\/\/conversesacatalunya.cat\/es\/\"},{\"@type\":\"ListItem\",\"position\":2,\"name\":\"Comisi\u00f3n europea: las dos grandes revoluciones\"}]},{\"@type\":\"WebSite\",\"@id\":\"https:\/\/conversesacatalunya.cat\/#website\",\"url\":\"https:\/\/conversesacatalunya.cat\/\",\"name\":\"Converses a Catalunya\",\"description\":\"\",\"potentialAction\":[{\"@type\":\"SearchAction\",\"target\":{\"@type\":\"EntryPoint\",\"urlTemplate\":\"https:\/\/conversesacatalunya.cat\/?s={search_term_string}\"},\"query-input\":{\"@type\":\"PropertyValueSpecification\",\"valueRequired\":true,\"valueName\":\"search_term_string\"}}],\"inLanguage\":\"es\"},{\"@type\":\"Person\",\"@id\":\"https:\/\/conversesacatalunya.cat\/#\/schema\/person\/1b0082ee920b837be791bee630d460b2\",\"name\":\"Victor Pou\",\"image\":{\"@type\":\"ImageObject\",\"inLanguage\":\"es\",\"@id\":\"https:\/\/conversesacatalunya.cat\/#\/schema\/person\/image\/\",\"url\":\"https:\/\/conversesacatalunya.cat\/wp-content\/litespeed\/avatar\/b9b32a5f987117ce72836d050f735d2b.jpg?ver=1777366285\",\"contentUrl\":\"https:\/\/conversesacatalunya.cat\/wp-content\/litespeed\/avatar\/b9b32a5f987117ce72836d050f735d2b.jpg?ver=1777366285\",\"caption\":\"Victor Pou\"},\"url\":\"https:\/\/conversesacatalunya.cat\/es\/author\/victor_pou\/\"}]}<\/script>\n<!-- \/ Yoast SEO plugin. -->","yoast_head_json":{"title":"Comisi\u00f3n europea: las dos grandes revoluciones - Converses a Catalunya","description":"von\u00a0der\u00a0Leyen\u00a0present\u00f3 una Agenda Europea con las orientaciones pol\u00edticas de la nueva Comisi\u00f3n Europea para los pr\u00f3ximos cinco a\u00f1os","robots":{"index":"index","follow":"follow","max-snippet":"max-snippet:-1","max-image-preview":"max-image-preview:large","max-video-preview":"max-video-preview:-1"},"canonical":"https:\/\/conversesacatalunya.cat\/es\/comision-europea-las-dos-revoluciones\/","og_locale":"es_ES","og_type":"article","og_title":"Comisi\u00f3n europea: las dos grandes revoluciones - Converses a Catalunya","og_description":"von\u00a0der\u00a0Leyen\u00a0present\u00f3 una Agenda Europea con las orientaciones pol\u00edticas de la nueva Comisi\u00f3n Europea para los pr\u00f3ximos cinco a\u00f1os","og_url":"https:\/\/conversesacatalunya.cat\/es\/comision-europea-las-dos-revoluciones\/","og_site_name":"Converses a Catalunya","article_published_time":"2021-08-31T08:02:13+00:00","article_modified_time":"2024-07-09T07:36:19+00:00","og_image":[{"width":640,"height":427,"url":"https:\/\/conversesacatalunya.cat\/wp-content\/uploads\/2021\/08\/Comissio-europea.jpg","type":"image\/jpeg"}],"author":"Victor Pou","twitter_card":"summary_large_image","twitter_misc":{"Escrito por":"Victor Pou","Tiempo de lectura":"7 minutos"},"schema":{"@context":"https:\/\/schema.org","@graph":[{"@type":"Article","@id":"https:\/\/conversesacatalunya.cat\/es\/comision-europea-las-dos-revoluciones\/#article","isPartOf":{"@id":"https:\/\/conversesacatalunya.cat\/es\/comision-europea-las-dos-revoluciones\/"},"author":{"name":"Victor Pou","@id":"https:\/\/conversesacatalunya.cat\/#\/schema\/person\/1b0082ee920b837be791bee630d460b2"},"headline":"Comisi\u00f3n europea: las dos grandes revoluciones","datePublished":"2021-08-31T08:02:13+00:00","dateModified":"2024-07-09T07:36:19+00:00","mainEntityOfPage":{"@id":"https:\/\/conversesacatalunya.cat\/es\/comision-europea-las-dos-revoluciones\/"},"wordCount":1545,"commentCount":0,"image":{"@id":"https:\/\/conversesacatalunya.cat\/es\/comision-europea-las-dos-revoluciones\/#primaryimage"},"thumbnailUrl":"https:\/\/conversesacatalunya.cat\/wp-content\/uploads\/2021\/08\/Comissio-europea.jpg","keywords":["Comissi\u00f3 europea","European Green Deal","Ursula von der Leyen"],"articleSection":["Pro Europa (ES)"],"inLanguage":"es","potentialAction":[{"@type":"CommentAction","name":"Comment","target":["https:\/\/conversesacatalunya.cat\/es\/comision-europea-las-dos-revoluciones\/#respond"]}]},{"@type":"WebPage","@id":"https:\/\/conversesacatalunya.cat\/es\/comision-europea-las-dos-revoluciones\/","url":"https:\/\/conversesacatalunya.cat\/es\/comision-europea-las-dos-revoluciones\/","name":"Comisi\u00f3n europea: las dos grandes revoluciones - Converses a Catalunya","isPartOf":{"@id":"https:\/\/conversesacatalunya.cat\/#website"},"primaryImageOfPage":{"@id":"https:\/\/conversesacatalunya.cat\/es\/comision-europea-las-dos-revoluciones\/#primaryimage"},"image":{"@id":"https:\/\/conversesacatalunya.cat\/es\/comision-europea-las-dos-revoluciones\/#primaryimage"},"thumbnailUrl":"https:\/\/conversesacatalunya.cat\/wp-content\/uploads\/2021\/08\/Comissio-europea.jpg","datePublished":"2021-08-31T08:02:13+00:00","dateModified":"2024-07-09T07:36:19+00:00","author":{"@id":"https:\/\/conversesacatalunya.cat\/#\/schema\/person\/1b0082ee920b837be791bee630d460b2"},"description":"von\u00a0der\u00a0Leyen\u00a0present\u00f3 una Agenda Europea con las orientaciones pol\u00edticas de la nueva Comisi\u00f3n Europea para los pr\u00f3ximos cinco a\u00f1os","breadcrumb":{"@id":"https:\/\/conversesacatalunya.cat\/es\/comision-europea-las-dos-revoluciones\/#breadcrumb"},"inLanguage":"es","potentialAction":[{"@type":"ReadAction","target":["https:\/\/conversesacatalunya.cat\/es\/comision-europea-las-dos-revoluciones\/"]}]},{"@type":"ImageObject","inLanguage":"es","@id":"https:\/\/conversesacatalunya.cat\/es\/comision-europea-las-dos-revoluciones\/#primaryimage","url":"https:\/\/conversesacatalunya.cat\/wp-content\/uploads\/2021\/08\/Comissio-europea.jpg","contentUrl":"https:\/\/conversesacatalunya.cat\/wp-content\/uploads\/2021\/08\/Comissio-europea.jpg","width":640,"height":427,"caption":"comissi\u00f3 europea"},{"@type":"BreadcrumbList","@id":"https:\/\/conversesacatalunya.cat\/es\/comision-europea-las-dos-revoluciones\/#breadcrumb","itemListElement":[{"@type":"ListItem","position":1,"name":"Inici","item":"https:\/\/conversesacatalunya.cat\/es\/"},{"@type":"ListItem","position":2,"name":"Comisi\u00f3n europea: las dos grandes revoluciones"}]},{"@type":"WebSite","@id":"https:\/\/conversesacatalunya.cat\/#website","url":"https:\/\/conversesacatalunya.cat\/","name":"Converses a Catalunya","description":"","potentialAction":[{"@type":"SearchAction","target":{"@type":"EntryPoint","urlTemplate":"https:\/\/conversesacatalunya.cat\/?s={search_term_string}"},"query-input":{"@type":"PropertyValueSpecification","valueRequired":true,"valueName":"search_term_string"}}],"inLanguage":"es"},{"@type":"Person","@id":"https:\/\/conversesacatalunya.cat\/#\/schema\/person\/1b0082ee920b837be791bee630d460b2","name":"Victor Pou","image":{"@type":"ImageObject","inLanguage":"es","@id":"https:\/\/conversesacatalunya.cat\/#\/schema\/person\/image\/","url":"https:\/\/conversesacatalunya.cat\/wp-content\/litespeed\/avatar\/b9b32a5f987117ce72836d050f735d2b.jpg?ver=1777366285","contentUrl":"https:\/\/conversesacatalunya.cat\/wp-content\/litespeed\/avatar\/b9b32a5f987117ce72836d050f735d2b.jpg?ver=1777366285","caption":"Victor Pou"},"url":"https:\/\/conversesacatalunya.cat\/es\/author\/victor_pou\/"}]}},"wps_subtitle":"Revoluci\u00f3n digital y revoluci\u00f3n verde","_links":{"self":[{"href":"https:\/\/conversesacatalunya.cat\/es\/wp-json\/wp\/v2\/posts\/79645","targetHints":{"allow":["GET"]}}],"collection":[{"href":"https:\/\/conversesacatalunya.cat\/es\/wp-json\/wp\/v2\/posts"}],"about":[{"href":"https:\/\/conversesacatalunya.cat\/es\/wp-json\/wp\/v2\/types\/post"}],"author":[{"embeddable":true,"href":"https:\/\/conversesacatalunya.cat\/es\/wp-json\/wp\/v2\/users\/38"}],"replies":[{"embeddable":true,"href":"https:\/\/conversesacatalunya.cat\/es\/wp-json\/wp\/v2\/comments?post=79645"}],"version-history":[{"count":4,"href":"https:\/\/conversesacatalunya.cat\/es\/wp-json\/wp\/v2\/posts\/79645\/revisions"}],"predecessor-version":[{"id":79649,"href":"https:\/\/conversesacatalunya.cat\/es\/wp-json\/wp\/v2\/posts\/79645\/revisions\/79649"}],"wp:featuredmedia":[{"embeddable":true,"href":"https:\/\/conversesacatalunya.cat\/es\/wp-json\/wp\/v2\/media\/50493"}],"wp:attachment":[{"href":"https:\/\/conversesacatalunya.cat\/es\/wp-json\/wp\/v2\/media?parent=79645"}],"wp:term":[{"taxonomy":"category","embeddable":true,"href":"https:\/\/conversesacatalunya.cat\/es\/wp-json\/wp\/v2\/categories?post=79645"},{"taxonomy":"post_tag","embeddable":true,"href":"https:\/\/conversesacatalunya.cat\/es\/wp-json\/wp\/v2\/tags?post=79645"}],"curies":[{"name":"wp","href":"https:\/\/api.w.org\/{rel}","templated":true}]}}