{"id":79594,"date":"2024-07-08T10:58:06","date_gmt":"2024-07-08T08:58:06","guid":{"rendered":"https:\/\/conversesacatalunya.cat\/fascinacio-elits-extrema-esquerra\/"},"modified":"2024-07-08T11:20:30","modified_gmt":"2024-07-08T09:20:30","slug":"fascinacino-elites-extrema-izquierda","status":"publish","type":"post","link":"https:\/\/conversesacatalunya.cat\/es\/fascinacino-elites-extrema-izquierda\/","title":{"rendered":"La extra\u00f1a fascinaci\u00f3n de las \u00e9lites occidentales por la extrema izquierda"},"content":{"rendered":"<p><span>En la semana de interludio entre la primera y la segunda vuelta de las elecciones legislativas francesas se pudo observar de nuevo un fen\u00f3meno cada vez m\u00e1s abiertamente reconocido, aunque no por ello menos inquietante.<\/span><\/p>\n<p><span>Se trata de la gran connivencia de las \u00e9lites pol\u00edticas, medi\u00e1ticas y en buena parte tambi\u00e9n econ\u00f3micas y financieras hacia la extrema izquierda de la coalici\u00f3n (otros la llaman\u00a0<\/span><em><span>cartel<\/span><\/em><span>\u00a0) de izquierdas del\u00a0<\/span><em><span>Nuevo Frente Popular<\/span><\/em><span>\u00a0franc\u00e9s.<\/span><\/p>\n<h4><strong><span>Un programa de extrema izquierda<\/span><\/strong><\/h4>\n<p><span>Recordemos ante todo que el\u00a0<\/span><a href=\"https:\/\/www.nouveaufrontpopulaire.fr\" target=\"_blank\" rel=\"noopener\"><span>programa<\/span><\/a><span>\u00a0del\u00a0<\/span><em><span>Nuevo Frente Popular<\/span><\/em><span>\u00a0supone numerosas rupturas profundas que hacen\u00a0<\/span><strong><span>necesario<\/span><\/strong><span>\u00a0utilizar el calificativo de\u00a0<\/span><em><span>extrema<\/span><\/em><span>\u00a0izquierda, a pesar de que los medios lo hayan rechazado para evitar equipararlo con Le Pen.<\/span><\/p>\n<p><span>Entre ellas destaca un\u00a0<\/span><strong><span>gran choque fiscal<\/span><\/strong><span>, que incluye la recuperaci\u00f3n del pol\u00e9mico Impuesto de Solidaridad sobre la Fortuna (ISF) introducido por primera vez bajo Fran\u00e7ois Mitterrand en 1981 y que en la pr\u00e1ctica es una doble imposici\u00f3n al capital, un nuevo impuesto a los \u201csuperbeneficios\u201d de las empresas y un nuevo incremento de la progresividad de los impuestos sobre el trabajo y las cotizaciones sociales.<\/span><\/p>\n<p><span>El programa tambi\u00e9n busca\u00a0<\/span><strong><span>incrementar la inmigraci\u00f3n y realizar una gran regulaci\u00f3n de los inmigrantes clandestinos<\/span><\/strong><span>\u00a0(a pesar de que todos los sondeos\u00a0<\/span><a href=\"https:\/\/www.ifop.com\/publication\/le-regard-des-francais-sur-limmigration-3\/\" target=\"_blank\" rel=\"noopener\"><span>demuestran<\/span><\/a><span> continuamente que dos terceras partes de los franceses quieren limitar lo m\u00e1ximo posible la nueva inmigraci\u00f3n), rebajar la edad de jubilaci\u00f3n a 60 a\u00f1os, subir el sueldo m\u00ednimo y el de los funcionarios, gastar masivamente en ense\u00f1anza (s\u00f3lo la p\u00fablica, por supuesto) y sanidad, y finalmente detener todos los proyectos de grandes infraestructuras, en nombre de la ecolog\u00eda.<\/span><\/p>\n<p><span>En el \u00e1mbito ideol\u00f3gico, el\u00a0<\/span><em><span>Nuevo Frente Popular<\/span><\/em><span>\u00a0 quiere\u00a0<\/span><strong><span>extender la procreaci\u00f3n medicamente asistida a las personas transg\u00e9nero<\/span><\/strong><span>, introducir una \u201cbaja menstrual\u201d para las mujeres y \u201cluchar contra todas las formas de racismo, antisemitismo e islamofobia\u201d, ha visto repetidamente durante la campa\u00f1a se reduce a la pr\u00e1ctica a acusar de racista y antimusulmana a la derecha, mientras se\u00a0<\/span><a href=\"https:\/\/www.lefigaro.fr\/vox\/politique\/le-nouveau-front-populaire-constitue-la-premiere-menace-pour-les-francais-juifs-20240704\" target=\"_blank\" rel=\"noopener\"><span>canta<\/span><\/a><span>\u00a0que Palestina se extienda \u00abdesde el Jord\u00e1n hasta el Sena\u00bb.<\/span><\/p>\n<h4><strong><span>Los \u00faltimos aliados de Macron<\/span><\/strong><\/h4>\n<p><span>He aqu\u00ed lo que plantean los que se han convertido en los nuevos, y \u00faltimos, aliados de Emmanuel Macron y su desinflado partido\u00a0<\/span><em><span>Renacimiento <\/span><\/em><strong><span>para mantenerse en el poder hasta las pr\u00f3ximas elecciones presidenciales de 2027<\/span><\/strong><span>.<\/span><\/p>\n<p><span>En el campo de Macron, la semana pasada qued\u00f3 claro que\u00a0<\/span><strong><span>toda coherencia pol\u00edtica, respecto a su propio electorado y el m\u00e1s elemental sentido com\u00fan quedar\u00edan sacrificados en el altar del frente republicano<\/span><\/strong><span> para cerrar el paso a la extrema derecha\u201d de la Agrupaci\u00f3n Nacional (RN) de Marine Le Pen y Jordan Bardella. En la pr\u00e1ctica, esto significa que Macron y el <\/span><em><span>Frente<\/span><\/em><span>\u00a0gobiernen juntos.<\/span><\/p>\n<p><span>Un fen\u00f3meno similar se ha extendido por toda la esfera\u00a0<\/span><a href=\"https:\/\/conversesacatalunya.cat\/es\/apocalipticos-o-integrados-fascistas-y-deplorables\/\" target=\"_blank\" rel=\"noopener\"><span>medi\u00e1tica<\/span><\/a><span>\u00a0internacional. Un caso particularmente sorprendente es la\u00a0<\/span><strong><span>simpat\u00eda manifiesta de un diario tan (en teor\u00eda) contrario al <\/span><em><span>Nuevo Frente Popular<\/span><\/em><span>\u00a0como\u00a0<\/span><em><span>Financial Times<\/span><\/em><\/strong><span>.<\/span><\/p>\n<h4><strong><span>La receta de las \u00e9lites que se al\u00edan con la extrema izquierda<\/span><\/strong><\/h4>\n<p><span>Entre los diferentes art\u00edculos que expresan el deseo de que Macron gobierne con la extrema izquierda destaca una pieza\u00a0<\/span><a href=\"https:\/\/www.ft.com\/content\/ff00b81b-e4cb-4052-acaa-3196ee583b53\" target=\"_blank\" rel=\"noopener\"><span>firmada<\/span><\/a><span>\u00a0por la\u00a0<\/span><strong><span>premio Nobel de Econom\u00eda Esther Duflo<\/span><\/strong><span>, donde alaba el\u00a0<\/span><em><span>Nuevo Frente Popular<\/span><\/em><span>, espera que la izquierda siga \u201cconsolidando sus fuerzas\u201d y declara (sin aportar fundamento alguno) que el programa electoral del RN beneficia a los ricos y penaliza a los pobres.<\/span><\/p>\n<p><span>Para m\u00e1s inri para una doctora en econom\u00eda, Duflo se atreve a afirmar que las cr\u00edticas al programa econ\u00f3mico de extrema izquierda del\u00a0<\/span><em><span>Frente<\/span><\/em><span>\u00a0\u00abno entienden la situaci\u00f3n\u00bb. Y a\u00f1ade: \u201cel RN ofrece un programa en el que los inmigrantes y los m\u00e1s pobres pierden. Resulta seductor para quienes tienen poco y temen perder terreno.\u00a0<\/span><strong><span>Para evitar esta oscura visi\u00f3n, una muy vasta izquierda debe proponer una nueva<\/span><\/strong><span>\u201d.<\/span><\/p>\n<p><span>Lo que Duflo evita mencionar es que\u00a0<\/span><strong><span>la receta de esta \u201cvasta izquierda\u201d ya es conocida por aquellos que se atreven a admitirla<\/span><\/strong><span>.<\/span><\/p>\n<p><span>Se trata en realidad de la receta que se ha estado implementando en Europa y Estados Unidos en los \u00faltimos a\u00f1os: inmigraci\u00f3n no calificada masiva, estancamiento de los sueldos, adelgazamiento de las clases medias, incremento de impuestos, imposici\u00f3n de aranceles a los productos extranjeros m\u00e1s competitivos y multiplicaci\u00f3n de las subvenciones y del gasto p\u00fablico en general.<\/span><\/p>\n<p><strong><span>Una receta que busca en \u00faltimo t\u00e9rmino la creaci\u00f3n de una ciudadan\u00eda dependiente y clientelar.<\/span><\/strong><\/p>\n<p><span>Todo ello con la connivencia de buena parte de las \u00e9lites econ\u00f3micas y financieras occidentales que esperan, a cambio,\u00a0<\/span><strong><span>poder mantener su posici\u00f3n dominante en los mercados<\/span><\/strong><span>\u00a0en contra de los nuevos entrantes.<\/span><\/p>\n<p><span>Si esta visi\u00f3n logra mantenerse en el poder, como todo parece indicar vistos los resultados en la pr\u00e1ctica de las elecciones europeas y francesas, Occidente y Europa en particular acelerar\u00e1 a\u00fan m\u00e1s su\u00a0<\/span><strong><span>decadencia econ\u00f3mica, social y cultural<\/span><\/strong><span>.<\/span><\/p>\n","protected":false},"excerpt":{"rendered":"<p>En la semana de interludio entre la primera y la segunda vuelta de las elecciones legislativas francesas se pudo observar de nuevo un fen\u00f3meno cada vez m\u00e1s abiertamente reconocido, aunque no por ello menos inquietante. Se trata de la gran connivencia de las \u00e9lites pol\u00edticas, medi\u00e1ticas y en buena parte tambi\u00e9n econ\u00f3micas y financieras hacia la extrema izquierda de la coalici\u00f3n (otros la llaman\u00a0cartel\u00a0) de izquierdas del\u00a0Nuevo Frente Popular\u00a0franc\u00e9s. Un programa de extrema izquierda Recordemos ante todo que el\u00a0programa\u00a0del\u00a0Nuevo Frente Popular\u00a0supone numerosas rupturas profundas que hacen\u00a0necesario\u00a0utilizar el calificativo de\u00a0extrema\u00a0izquierda, a pesar de que los medios lo hayan rechazado para evitar equipararlo con Le Pen. Entre ellas destaca un\u00a0gran choque fiscal, que incluye la recuperaci\u00f3n del pol\u00e9mico Impuesto de Solidaridad sobre la Fortuna (ISF) introducido por primera vez bajo Fran\u00e7ois Mitterrand en 1981 y que en la pr\u00e1ctica es una doble imposici\u00f3n al capital, un nuevo impuesto a los \u201csuperbeneficios\u201d de las empresas y un nuevo incremento de la progresividad de los impuestos sobre el trabajo y las cotizaciones sociales. El programa tambi\u00e9n busca\u00a0incrementar la inmigraci\u00f3n y realizar una gran regulaci\u00f3n de los inmigrantes clandestinos\u00a0(a pesar de que todos los sondeos\u00a0demuestran continuamente que dos terceras partes de los franceses quieren limitar lo m\u00e1ximo posible la nueva inmigraci\u00f3n), rebajar la edad de jubilaci\u00f3n a 60 a\u00f1os, subir el sueldo m\u00ednimo y el de los funcionarios, gastar masivamente en ense\u00f1anza (s\u00f3lo la p\u00fablica, por supuesto) y sanidad, y finalmente detener todos los proyectos de grandes infraestructuras, en nombre de la ecolog\u00eda. En el \u00e1mbito ideol\u00f3gico, el\u00a0Nuevo Frente Popular\u00a0 quiere\u00a0extender la procreaci\u00f3n medicamente asistida a las personas transg\u00e9nero, introducir una \u201cbaja menstrual\u201d para las mujeres y \u201cluchar contra todas las formas de racismo, antisemitismo e islamofobia\u201d, ha visto repetidamente durante la campa\u00f1a se reduce a la pr\u00e1ctica a acusar de racista y antimusulmana a la derecha, mientras se\u00a0canta\u00a0que Palestina se extienda \u00abdesde el Jord\u00e1n hasta el Sena\u00bb. Los \u00faltimos aliados de Macron He aqu\u00ed lo que plantean los que se han convertido en los nuevos, y \u00faltimos, aliados de Emmanuel Macron y su desinflado partido\u00a0Renacimiento para mantenerse en el poder hasta las pr\u00f3ximas elecciones presidenciales de 2027. En el campo de Macron, la semana pasada qued\u00f3 claro que\u00a0toda coherencia pol\u00edtica, respecto a su propio electorado y el m\u00e1s elemental sentido com\u00fan quedar\u00edan sacrificados en el altar del frente republicano para cerrar el paso a la extrema derecha\u201d de la Agrupaci\u00f3n Nacional (RN) de Marine Le Pen y Jordan Bardella. En la pr\u00e1ctica, esto significa que Macron y el Frente\u00a0gobiernen juntos. Un fen\u00f3meno similar se ha extendido por toda la esfera\u00a0medi\u00e1tica\u00a0internacional. Un caso particularmente sorprendente es la\u00a0simpat\u00eda manifiesta de un diario tan (en teor\u00eda) contrario al Nuevo Frente Popular\u00a0como\u00a0Financial Times. La receta de las \u00e9lites que se al\u00edan con la extrema izquierda Entre los diferentes art\u00edculos que expresan el deseo de que Macron gobierne con la extrema izquierda destaca una pieza\u00a0firmada\u00a0por la\u00a0premio Nobel de Econom\u00eda Esther Duflo, donde alaba el\u00a0Nuevo Frente Popular, espera que la izquierda siga \u201cconsolidando sus fuerzas\u201d y declara (sin aportar fundamento alguno) que el programa electoral del RN beneficia a los ricos y penaliza a los pobres. Para m\u00e1s inri para una doctora en econom\u00eda, Duflo se atreve a afirmar que las cr\u00edticas al programa econ\u00f3mico de extrema izquierda del\u00a0Frente\u00a0\u00abno entienden la situaci\u00f3n\u00bb. Y a\u00f1ade: \u201cel RN ofrece un programa en el que los inmigrantes y los m\u00e1s pobres pierden. Resulta seductor para quienes tienen poco y temen perder terreno.\u00a0Para evitar esta oscura visi\u00f3n, una muy vasta izquierda debe proponer una nueva\u201d. Lo que Duflo evita mencionar es que\u00a0la receta de esta \u201cvasta izquierda\u201d ya es conocida por aquellos que se atreven a admitirla. Se trata en realidad de la receta que se ha estado implementando en Europa y Estados Unidos en los \u00faltimos a\u00f1os: inmigraci\u00f3n no calificada masiva, estancamiento de los sueldos, adelgazamiento de las clases medias, incremento de impuestos, imposici\u00f3n de aranceles a los productos extranjeros m\u00e1s competitivos y multiplicaci\u00f3n de las subvenciones y del gasto p\u00fablico en general. Una receta que busca en \u00faltimo t\u00e9rmino la creaci\u00f3n de una ciudadan\u00eda dependiente y clientelar. Todo ello con la connivencia de buena parte de las \u00e9lites econ\u00f3micas y financieras occidentales que esperan, a cambio,\u00a0poder mantener su posici\u00f3n dominante en los mercados\u00a0en contra de los nuevos entrantes. Si esta visi\u00f3n logra mantenerse en el poder, como todo parece indicar vistos los resultados en la pr\u00e1ctica de las elecciones europeas y francesas, Occidente y Europa en particular acelerar\u00e1 a\u00fan m\u00e1s su\u00a0decadencia econ\u00f3mica, social y cultural.<\/p>\n","protected":false},"author":75,"featured_media":79575,"comment_status":"open","ping_status":"open","sticky":false,"template":"","format":"standard","meta":{"_FSMCFIC_featured_image_caption":"","_FSMCFIC_featured_image_nocaption":"","_FSMCFIC_featured_image_hide":"","footnotes":""},"categories":[806],"tags":[3510,2922,2924,1090,1263,3537],"class_list":["post-79594","post","type-post","status-publish","format-standard","has-post-thumbnail","hentry","category-punts-claus-del-dia-es","tag-emmanuel-macron-es","tag-extrema-esquerra-es","tag-extrema-izquierda","tag-franca-es","tag-francia","tag-marine-le-pen"],"yoast_head":"<!-- This site is optimized with the Yoast SEO plugin v26.8 - https:\/\/yoast.com\/product\/yoast-seo-wordpress\/ -->\n<title>La extra\u00f1a fascinaci\u00f3n de las \u00e9lites occidentales por la extrema izquierda - Converses a Catalunya<\/title>\n<meta name=\"description\" content=\"La receta que propone una &quot;vasta izquierda&quot; aliada con las \u00e9lites pol\u00edticas, medi\u00e1ticas y econ\u00f3micas ya es conocida por aquellos que se atreven a admitirla\" \/>\n<meta name=\"robots\" content=\"index, follow, max-snippet:-1, max-image-preview:large, max-video-preview:-1\" \/>\n<link rel=\"canonical\" href=\"https:\/\/conversesacatalunya.cat\/es\/fascinacino-elites-extrema-izquierda\/\" \/>\n<meta property=\"og:locale\" content=\"es_ES\" \/>\n<meta property=\"og:type\" content=\"article\" \/>\n<meta property=\"og:title\" content=\"La extra\u00f1a fascinaci\u00f3n de las \u00e9lites occidentales por la extrema izquierda - Converses a Catalunya\" \/>\n<meta property=\"og:description\" content=\"La receta que propone una &quot;vasta izquierda&quot; aliada con las \u00e9lites pol\u00edticas, medi\u00e1ticas y econ\u00f3micas ya es conocida por aquellos que se atreven a admitirla\" \/>\n<meta property=\"og:url\" content=\"https:\/\/conversesacatalunya.cat\/es\/fascinacino-elites-extrema-izquierda\/\" \/>\n<meta property=\"og:site_name\" content=\"Converses a Catalunya\" \/>\n<meta property=\"article:published_time\" content=\"2024-07-08T08:58:06+00:00\" \/>\n<meta property=\"article:modified_time\" content=\"2024-07-08T09:20:30+00:00\" \/>\n<meta property=\"og:image\" content=\"https:\/\/conversesacatalunya.cat\/wp-content\/uploads\/2024\/07\/1681363-une-pancarte-front-populaire-pendant-une-manifestation-contre-l-extreme-droite-le-10-juin-2024-a-paris.jpg\" \/>\n\t<meta property=\"og:image:width\" content=\"770\" \/>\n\t<meta property=\"og:image:height\" content=\"513\" \/>\n\t<meta property=\"og:image:type\" content=\"image\/jpeg\" \/>\n<meta name=\"author\" content=\"Carles L\u00f3pez\" \/>\n<meta name=\"twitter:card\" content=\"summary_large_image\" \/>\n<meta name=\"twitter:label1\" content=\"Escrito por\" \/>\n\t<meta name=\"twitter:data1\" content=\"Carles L\u00f3pez\" \/>\n\t<meta name=\"twitter:label2\" content=\"Tiempo de lectura\" \/>\n\t<meta name=\"twitter:data2\" content=\"4 minutos\" \/>\n<script type=\"application\/ld+json\" class=\"yoast-schema-graph\">{\"@context\":\"https:\/\/schema.org\",\"@graph\":[{\"@type\":\"Article\",\"@id\":\"https:\/\/conversesacatalunya.cat\/es\/fascinacino-elites-extrema-izquierda\/#article\",\"isPartOf\":{\"@id\":\"https:\/\/conversesacatalunya.cat\/es\/fascinacino-elites-extrema-izquierda\/\"},\"author\":{\"name\":\"Carles L\u00f3pez\",\"@id\":\"https:\/\/conversesacatalunya.cat\/#\/schema\/person\/3ce2ab16c0a3803086d80722c7cad56a\"},\"headline\":\"La extra\u00f1a fascinaci\u00f3n de las \u00e9lites occidentales por la extrema izquierda\",\"datePublished\":\"2024-07-08T08:58:06+00:00\",\"dateModified\":\"2024-07-08T09:20:30+00:00\",\"mainEntityOfPage\":{\"@id\":\"https:\/\/conversesacatalunya.cat\/es\/fascinacino-elites-extrema-izquierda\/\"},\"wordCount\":860,\"commentCount\":0,\"image\":{\"@id\":\"https:\/\/conversesacatalunya.cat\/es\/fascinacino-elites-extrema-izquierda\/#primaryimage\"},\"thumbnailUrl\":\"https:\/\/conversesacatalunya.cat\/wp-content\/uploads\/2024\/07\/1681363-une-pancarte-front-populaire-pendant-une-manifestation-contre-l-extreme-droite-le-10-juin-2024-a-paris.jpg\",\"keywords\":[\"Emmanuel Macron\",\"extrema esquerra\",\"extrema izquierda\",\"Fran\u00e7a\",\"Francia\",\"Marine Le Pen\"],\"articleSection\":[\"Punts clau del dia (ES)\"],\"inLanguage\":\"es\",\"potentialAction\":[{\"@type\":\"CommentAction\",\"name\":\"Comment\",\"target\":[\"https:\/\/conversesacatalunya.cat\/es\/fascinacino-elites-extrema-izquierda\/#respond\"]}]},{\"@type\":\"WebPage\",\"@id\":\"https:\/\/conversesacatalunya.cat\/es\/fascinacino-elites-extrema-izquierda\/\",\"url\":\"https:\/\/conversesacatalunya.cat\/es\/fascinacino-elites-extrema-izquierda\/\",\"name\":\"La extra\u00f1a fascinaci\u00f3n de las \u00e9lites occidentales por la extrema izquierda - Converses a Catalunya\",\"isPartOf\":{\"@id\":\"https:\/\/conversesacatalunya.cat\/#website\"},\"primaryImageOfPage\":{\"@id\":\"https:\/\/conversesacatalunya.cat\/es\/fascinacino-elites-extrema-izquierda\/#primaryimage\"},\"image\":{\"@id\":\"https:\/\/conversesacatalunya.cat\/es\/fascinacino-elites-extrema-izquierda\/#primaryimage\"},\"thumbnailUrl\":\"https:\/\/conversesacatalunya.cat\/wp-content\/uploads\/2024\/07\/1681363-une-pancarte-front-populaire-pendant-une-manifestation-contre-l-extreme-droite-le-10-juin-2024-a-paris.jpg\",\"datePublished\":\"2024-07-08T08:58:06+00:00\",\"dateModified\":\"2024-07-08T09:20:30+00:00\",\"author\":{\"@id\":\"https:\/\/conversesacatalunya.cat\/#\/schema\/person\/3ce2ab16c0a3803086d80722c7cad56a\"},\"description\":\"La receta que propone una \\\"vasta izquierda\\\" aliada con las \u00e9lites pol\u00edticas, medi\u00e1ticas y econ\u00f3micas ya es conocida por aquellos que se atreven a admitirla\",\"breadcrumb\":{\"@id\":\"https:\/\/conversesacatalunya.cat\/es\/fascinacino-elites-extrema-izquierda\/#breadcrumb\"},\"inLanguage\":\"es\",\"potentialAction\":[{\"@type\":\"ReadAction\",\"target\":[\"https:\/\/conversesacatalunya.cat\/es\/fascinacino-elites-extrema-izquierda\/\"]}]},{\"@type\":\"ImageObject\",\"inLanguage\":\"es\",\"@id\":\"https:\/\/conversesacatalunya.cat\/es\/fascinacino-elites-extrema-izquierda\/#primaryimage\",\"url\":\"https:\/\/conversesacatalunya.cat\/wp-content\/uploads\/2024\/07\/1681363-une-pancarte-front-populaire-pendant-une-manifestation-contre-l-extreme-droite-le-10-juin-2024-a-paris.jpg\",\"contentUrl\":\"https:\/\/conversesacatalunya.cat\/wp-content\/uploads\/2024\/07\/1681363-une-pancarte-front-populaire-pendant-une-manifestation-contre-l-extreme-droite-le-10-juin-2024-a-paris.jpg\",\"width\":770,\"height\":513},{\"@type\":\"BreadcrumbList\",\"@id\":\"https:\/\/conversesacatalunya.cat\/es\/fascinacino-elites-extrema-izquierda\/#breadcrumb\",\"itemListElement\":[{\"@type\":\"ListItem\",\"position\":1,\"name\":\"Inici\",\"item\":\"https:\/\/conversesacatalunya.cat\/es\/\"},{\"@type\":\"ListItem\",\"position\":2,\"name\":\"La extra\u00f1a fascinaci\u00f3n de las \u00e9lites occidentales por la extrema izquierda\"}]},{\"@type\":\"WebSite\",\"@id\":\"https:\/\/conversesacatalunya.cat\/#website\",\"url\":\"https:\/\/conversesacatalunya.cat\/\",\"name\":\"Converses a Catalunya\",\"description\":\"\",\"potentialAction\":[{\"@type\":\"SearchAction\",\"target\":{\"@type\":\"EntryPoint\",\"urlTemplate\":\"https:\/\/conversesacatalunya.cat\/?s={search_term_string}\"},\"query-input\":{\"@type\":\"PropertyValueSpecification\",\"valueRequired\":true,\"valueName\":\"search_term_string\"}}],\"inLanguage\":\"es\"},{\"@type\":\"Person\",\"@id\":\"https:\/\/conversesacatalunya.cat\/#\/schema\/person\/3ce2ab16c0a3803086d80722c7cad56a\",\"name\":\"Carles L\u00f3pez\",\"image\":{\"@type\":\"ImageObject\",\"inLanguage\":\"es\",\"@id\":\"https:\/\/conversesacatalunya.cat\/#\/schema\/person\/image\/\",\"url\":\"https:\/\/conversesacatalunya.cat\/wp-content\/litespeed\/avatar\/4891585caf2896e97846ab77f06edcf2.jpg?ver=1777091173\",\"contentUrl\":\"https:\/\/conversesacatalunya.cat\/wp-content\/litespeed\/avatar\/4891585caf2896e97846ab77f06edcf2.jpg?ver=1777091173\",\"caption\":\"Carles L\u00f3pez\"},\"url\":\"https:\/\/conversesacatalunya.cat\/es\/author\/carles-lopez\/\"}]}<\/script>\n<!-- \/ Yoast SEO plugin. -->","yoast_head_json":{"title":"La extra\u00f1a fascinaci\u00f3n de las \u00e9lites occidentales por la extrema izquierda - Converses a Catalunya","description":"La receta que propone una \"vasta izquierda\" aliada con las \u00e9lites pol\u00edticas, medi\u00e1ticas y econ\u00f3micas ya es conocida por aquellos que se atreven a admitirla","robots":{"index":"index","follow":"follow","max-snippet":"max-snippet:-1","max-image-preview":"max-image-preview:large","max-video-preview":"max-video-preview:-1"},"canonical":"https:\/\/conversesacatalunya.cat\/es\/fascinacino-elites-extrema-izquierda\/","og_locale":"es_ES","og_type":"article","og_title":"La extra\u00f1a fascinaci\u00f3n de las \u00e9lites occidentales por la extrema izquierda - Converses a Catalunya","og_description":"La receta que propone una \"vasta izquierda\" aliada con las \u00e9lites pol\u00edticas, medi\u00e1ticas y econ\u00f3micas ya es conocida por aquellos que se atreven a admitirla","og_url":"https:\/\/conversesacatalunya.cat\/es\/fascinacino-elites-extrema-izquierda\/","og_site_name":"Converses a Catalunya","article_published_time":"2024-07-08T08:58:06+00:00","article_modified_time":"2024-07-08T09:20:30+00:00","og_image":[{"width":770,"height":513,"url":"https:\/\/conversesacatalunya.cat\/wp-content\/uploads\/2024\/07\/1681363-une-pancarte-front-populaire-pendant-une-manifestation-contre-l-extreme-droite-le-10-juin-2024-a-paris.jpg","type":"image\/jpeg"}],"author":"Carles L\u00f3pez","twitter_card":"summary_large_image","twitter_misc":{"Escrito por":"Carles L\u00f3pez","Tiempo de lectura":"4 minutos"},"schema":{"@context":"https:\/\/schema.org","@graph":[{"@type":"Article","@id":"https:\/\/conversesacatalunya.cat\/es\/fascinacino-elites-extrema-izquierda\/#article","isPartOf":{"@id":"https:\/\/conversesacatalunya.cat\/es\/fascinacino-elites-extrema-izquierda\/"},"author":{"name":"Carles L\u00f3pez","@id":"https:\/\/conversesacatalunya.cat\/#\/schema\/person\/3ce2ab16c0a3803086d80722c7cad56a"},"headline":"La extra\u00f1a fascinaci\u00f3n de las \u00e9lites occidentales por la extrema izquierda","datePublished":"2024-07-08T08:58:06+00:00","dateModified":"2024-07-08T09:20:30+00:00","mainEntityOfPage":{"@id":"https:\/\/conversesacatalunya.cat\/es\/fascinacino-elites-extrema-izquierda\/"},"wordCount":860,"commentCount":0,"image":{"@id":"https:\/\/conversesacatalunya.cat\/es\/fascinacino-elites-extrema-izquierda\/#primaryimage"},"thumbnailUrl":"https:\/\/conversesacatalunya.cat\/wp-content\/uploads\/2024\/07\/1681363-une-pancarte-front-populaire-pendant-une-manifestation-contre-l-extreme-droite-le-10-juin-2024-a-paris.jpg","keywords":["Emmanuel Macron","extrema esquerra","extrema izquierda","Fran\u00e7a","Francia","Marine Le Pen"],"articleSection":["Punts clau del dia (ES)"],"inLanguage":"es","potentialAction":[{"@type":"CommentAction","name":"Comment","target":["https:\/\/conversesacatalunya.cat\/es\/fascinacino-elites-extrema-izquierda\/#respond"]}]},{"@type":"WebPage","@id":"https:\/\/conversesacatalunya.cat\/es\/fascinacino-elites-extrema-izquierda\/","url":"https:\/\/conversesacatalunya.cat\/es\/fascinacino-elites-extrema-izquierda\/","name":"La extra\u00f1a fascinaci\u00f3n de las \u00e9lites occidentales por la extrema izquierda - Converses a Catalunya","isPartOf":{"@id":"https:\/\/conversesacatalunya.cat\/#website"},"primaryImageOfPage":{"@id":"https:\/\/conversesacatalunya.cat\/es\/fascinacino-elites-extrema-izquierda\/#primaryimage"},"image":{"@id":"https:\/\/conversesacatalunya.cat\/es\/fascinacino-elites-extrema-izquierda\/#primaryimage"},"thumbnailUrl":"https:\/\/conversesacatalunya.cat\/wp-content\/uploads\/2024\/07\/1681363-une-pancarte-front-populaire-pendant-une-manifestation-contre-l-extreme-droite-le-10-juin-2024-a-paris.jpg","datePublished":"2024-07-08T08:58:06+00:00","dateModified":"2024-07-08T09:20:30+00:00","author":{"@id":"https:\/\/conversesacatalunya.cat\/#\/schema\/person\/3ce2ab16c0a3803086d80722c7cad56a"},"description":"La receta que propone una \"vasta izquierda\" aliada con las \u00e9lites pol\u00edticas, medi\u00e1ticas y econ\u00f3micas ya es conocida por aquellos que se atreven a admitirla","breadcrumb":{"@id":"https:\/\/conversesacatalunya.cat\/es\/fascinacino-elites-extrema-izquierda\/#breadcrumb"},"inLanguage":"es","potentialAction":[{"@type":"ReadAction","target":["https:\/\/conversesacatalunya.cat\/es\/fascinacino-elites-extrema-izquierda\/"]}]},{"@type":"ImageObject","inLanguage":"es","@id":"https:\/\/conversesacatalunya.cat\/es\/fascinacino-elites-extrema-izquierda\/#primaryimage","url":"https:\/\/conversesacatalunya.cat\/wp-content\/uploads\/2024\/07\/1681363-une-pancarte-front-populaire-pendant-une-manifestation-contre-l-extreme-droite-le-10-juin-2024-a-paris.jpg","contentUrl":"https:\/\/conversesacatalunya.cat\/wp-content\/uploads\/2024\/07\/1681363-une-pancarte-front-populaire-pendant-une-manifestation-contre-l-extreme-droite-le-10-juin-2024-a-paris.jpg","width":770,"height":513},{"@type":"BreadcrumbList","@id":"https:\/\/conversesacatalunya.cat\/es\/fascinacino-elites-extrema-izquierda\/#breadcrumb","itemListElement":[{"@type":"ListItem","position":1,"name":"Inici","item":"https:\/\/conversesacatalunya.cat\/es\/"},{"@type":"ListItem","position":2,"name":"La extra\u00f1a fascinaci\u00f3n de las \u00e9lites occidentales por la extrema izquierda"}]},{"@type":"WebSite","@id":"https:\/\/conversesacatalunya.cat\/#website","url":"https:\/\/conversesacatalunya.cat\/","name":"Converses a Catalunya","description":"","potentialAction":[{"@type":"SearchAction","target":{"@type":"EntryPoint","urlTemplate":"https:\/\/conversesacatalunya.cat\/?s={search_term_string}"},"query-input":{"@type":"PropertyValueSpecification","valueRequired":true,"valueName":"search_term_string"}}],"inLanguage":"es"},{"@type":"Person","@id":"https:\/\/conversesacatalunya.cat\/#\/schema\/person\/3ce2ab16c0a3803086d80722c7cad56a","name":"Carles L\u00f3pez","image":{"@type":"ImageObject","inLanguage":"es","@id":"https:\/\/conversesacatalunya.cat\/#\/schema\/person\/image\/","url":"https:\/\/conversesacatalunya.cat\/wp-content\/litespeed\/avatar\/4891585caf2896e97846ab77f06edcf2.jpg?ver=1777091173","contentUrl":"https:\/\/conversesacatalunya.cat\/wp-content\/litespeed\/avatar\/4891585caf2896e97846ab77f06edcf2.jpg?ver=1777091173","caption":"Carles L\u00f3pez"},"url":"https:\/\/conversesacatalunya.cat\/es\/author\/carles-lopez\/"}]}},"wps_subtitle":"La receta que propone una \"vasta izquierda\" aliada con las \u00e9lites pol\u00edticas, medi\u00e1ticas y econ\u00f3micas ya es conocida por aquellos que se atreven a admitirla","_links":{"self":[{"href":"https:\/\/conversesacatalunya.cat\/es\/wp-json\/wp\/v2\/posts\/79594","targetHints":{"allow":["GET"]}}],"collection":[{"href":"https:\/\/conversesacatalunya.cat\/es\/wp-json\/wp\/v2\/posts"}],"about":[{"href":"https:\/\/conversesacatalunya.cat\/es\/wp-json\/wp\/v2\/types\/post"}],"author":[{"embeddable":true,"href":"https:\/\/conversesacatalunya.cat\/es\/wp-json\/wp\/v2\/users\/75"}],"replies":[{"embeddable":true,"href":"https:\/\/conversesacatalunya.cat\/es\/wp-json\/wp\/v2\/comments?post=79594"}],"version-history":[{"count":2,"href":"https:\/\/conversesacatalunya.cat\/es\/wp-json\/wp\/v2\/posts\/79594\/revisions"}],"predecessor-version":[{"id":79596,"href":"https:\/\/conversesacatalunya.cat\/es\/wp-json\/wp\/v2\/posts\/79594\/revisions\/79596"}],"wp:featuredmedia":[{"embeddable":true,"href":"https:\/\/conversesacatalunya.cat\/es\/wp-json\/wp\/v2\/media\/79575"}],"wp:attachment":[{"href":"https:\/\/conversesacatalunya.cat\/es\/wp-json\/wp\/v2\/media?parent=79594"}],"wp:term":[{"taxonomy":"category","embeddable":true,"href":"https:\/\/conversesacatalunya.cat\/es\/wp-json\/wp\/v2\/categories?post=79594"},{"taxonomy":"post_tag","embeddable":true,"href":"https:\/\/conversesacatalunya.cat\/es\/wp-json\/wp\/v2\/tags?post=79594"}],"curies":[{"name":"wp","href":"https:\/\/api.w.org\/{rel}","templated":true}]}}