{"id":79419,"date":"2024-07-02T12:19:06","date_gmt":"2024-07-02T10:19:06","guid":{"rendered":"https:\/\/conversesacatalunya.cat\/?p=79419"},"modified":"2024-07-02T12:19:06","modified_gmt":"2024-07-02T10:19:06","slug":"francia-proxima-crisis-euro","status":"publish","type":"post","link":"https:\/\/conversesacatalunya.cat\/es\/francia-proxima-crisis-euro\/","title":{"rendered":"\u00bfProvocar\u00e1 Francia la pr\u00f3xima crisis del euro?"},"content":{"rendered":"<p><strong>Francia se encuentra fiscalmente a bordo del precipicio<\/strong>. Pero, contrariamente a lo que podr\u00eda pensarse, quienes le han acercado m\u00e1s a esta delicada posici\u00f3n no son ni la extrema izquierda ni la derecha alternativa que amenazan con dominar la asamblea nacional, sino los sucesivos gobiernos \u201ctecnocr\u00e1ticos\u201d del presidente Emmanuel Macron.<\/p>\n<p>Tal como el editorialista del\u00a0<em>Financial, Times<\/em>\u00a0Gideon Rachman,<a href=\"https:\/\/www.ft.com\/content\/7c57e7ea-1bab-41af-abd8-0d2e0c6a9c0c\" target=\"_blank\" rel=\"noopener\">\u00a0<\/a><a href=\"https:\/\/www.ft.com\/content\/7c57e7ea-1bab-41af-abd8-0d2e0c6a9c0c\" target=\"_blank\" rel=\"noopener\"><strong>afirma<\/strong><\/a>\u00a0sin tapujos, \u00ab<strong>Francia es un desastre financiero\u00bb<\/strong>.<\/p>\n<p>El ratio de deuda p\u00fablica sobre el producto interior bruto fue el a\u00f1o pasado del 111%, ya contrasentido de la inmensa mayor\u00eda de pa\u00edses de la Uni\u00f3n Europea, la previsi\u00f3n (oficial) es que siga subiendo hasta el 113% del PIB 2025. Asimismo, el d\u00e9ficit p\u00fablico alcanz\u00f3 el 5,5%, con la previsi\u00f3n de que se mantenga por encima del 5% este a\u00f1o.<\/p>\n<p>Son cifras muy alejadas del 3% que exige el Tratado de la UE, y no digamos ya el ratio de deuda sobre PIB, que deber\u00eda mantenerse por debajo del 60%.<\/p>\n<p>En unas declaraciones desvergonzadas, el ministro de finanzas franc\u00e9s, el exrepublicano reconvertido en macronista,\u00a0<strong>Bruno Le Maire<\/strong>\u00a0, advirti\u00f3 del peligro para los mercados que implica una victoria de cualquiera de los extremos pol\u00edticos en las\u00a0<strong>elecciones legislativas que tendr\u00e1n su desenlace el pr\u00f3ximo 7 de julio.<\/strong><\/p>\n<p>Como si \u00e9l no tuviera nada que ver con el caos financiero en el que se ha convertido Francia desde 2017, cuando Le Maire cogi\u00f3 las riendas del poderoso ministerio de la econom\u00eda y de las finanzas (m\u00e1s conocido como \u201cBercy\u201d en Francia , por el lugar donde tiene su sede en Par\u00eds).<\/p>\n<p>Efectivamente, Macron y Le Maire, con sus pol\u00edticas de gasto social descontrolado y endeudamiento salvaje durante los a\u00f1os de bajos tipos de inter\u00e9s han llevado a Francia a una situaci\u00f3n l\u00edmite que\u00a0<strong>el<a href=\"https:\/\/conversesacatalunya.cat\/es\/elecciones-en-francia-el-vuelco-se-ha-producido-tal-y-como-preveian-las-encuestas\/\" target=\"_blank\" rel=\"noopener\"> pr\u00f3ximo gobierno<\/a>\u00a0(si es que ninguna fuerza pol\u00edtica logra formar gobierno, cosa que est\u00e1 por ver), no tiene margen para aumentar m\u00e1s el gasto sin que esto tenga repercusiones grav\u00edsimas.<\/strong><\/p>\n<p>En primer lugar, para la propia Francia, pero, en segundo lugar, para Europa, puesto que Francia es uno de los 20 pa\u00edses que emplean la moneda com\u00fan europea y la segunda econom\u00eda del Viejo Continente.<\/p>\n<div class=\"code-block code-block-6\"><\/div>\n<p>Cierto que desde la \u00faltima gran crisis del euro, Bruselas se ha dotado de mecanismos para intervenir y comprar bonos.<\/p>\n<p>Pero la cuesti\u00f3n es:\u00a0<strong>tiene a su vez margen al Banco Central Europeo para comprar a\u00fan m\u00e1s deuda<\/strong>\u00a0de un pa\u00eds que es el que tiene ya con Macron el\u00a0mayor\u00a0<a href=\"https:\/\/data.oecd.org\/gga\/general-government-spending.htm\" target=\"_blank\" rel=\"noopener\"><strong>gasto p\u00fablico<\/strong><\/a>\u00a0del mundo (59% del PIB seg\u00fan la OCDE), y \u00bfque quiere elevarla a\u00fan m\u00e1s?<\/p>\n<p>Y en caso de que todav\u00eda est\u00e9 en disposici\u00f3n de hacerlo, \u00bfhabr\u00e1 voluntad pol\u00edtica de ayudar a este Estado en un contexto que el gobierno alem\u00e1n, por ejemplo, busca desesperadamente miles de millones de euros de ahorro?<\/p>\n<p>Hace ya m\u00e1s de una d\u00e9cada, la crisis de Grecia se contuvo en gran parte porque la alternativa al rescate internacional era la salida de Atenas del euro, con la consiguiente destrucci\u00f3n de los ahorros de los griegos. Sin embargo, ahora\u00a0<strong>expulsar a Francia del euro es simplemente inconcebible porque significar\u00eda a efectos pr\u00e1cticos el fin de la Uni\u00f3n Europea<\/strong>.<\/p>\n<p>Por tanto, Francia seguir\u00eda presente en Bruselas, pero se convertir\u00eda en una fuente de problemas y tensiones con el resto de pa\u00edses -que en definitiva es otra manera, m\u00e1s lenta, pero quiz\u00e1 incluso m\u00e1s eficaz, para <strong>destruir la UE desde dentro<\/strong>.<\/p>\n<p>Por \u00faltimo, cabe subrayar que estos escenarios apocal\u00edpticos tienen m\u00e1s sentido con la extrema izquierda de Jean-Luc M\u00e9lenchon que con el Reagrupamiento Nacional de Marine Le Pen y Jordan Bardella.<\/p>\n<p>Estos \u00faltimos han lanzado una campa\u00f1a medi\u00e1tica de cierta eficacia estas \u00faltimas semanas para\u00a0<strong>tranquilizar a los mercados y el establishment de Bruselas<\/strong>. Una estrategia llena de sentido tanto en el \u00e1mbito electoral franc\u00e9s (para atraer voto burgu\u00e9s harto de Macron y temeroso de la extrema izquierda) como en el \u00e1mbito internacional.<\/p>\n<div id=\"polls-248\" class=\"wp-polls\">\n\t<form id=\"polls_form_248\" class=\"wp-polls-form\" action=\"\/index.php\" method=\"post\">\n\t\t<p style=\"display: none;\"><input type=\"hidden\" id=\"poll_248_nonce\" name=\"wp-polls-nonce\" value=\"108555b743\" \/><\/p>\n\t\t<p style=\"display: none;\"><input type=\"hidden\" name=\"poll_id\" value=\"248\" \/><\/p>\n\t\t<p style=\"text-align: center\"><strong>Creu que Reagrupament Nacional, de Marine Le Pen, obtindr\u00e0 majoria absoluta a la segona volta?<\/strong><\/p><div id=\"polls-248-ans\" class=\"wp-polls-ans\"><ul class=\"wp-polls-ul\">\n\t\t<li><input type=\"radio\" id=\"poll-answer-696\" name=\"poll_248\" value=\"696\" \/> <label for=\"poll-answer-696\">S\u00ed<\/label><\/li>\n\t\t<li><input type=\"radio\" id=\"poll-answer-697\" name=\"poll_248\" value=\"697\" \/> <label for=\"poll-answer-697\">No<\/label><\/li>\n\t\t<li><input type=\"radio\" id=\"poll-answer-698\" name=\"poll_248\" value=\"698\" \/> <label for=\"poll-answer-698\">No ho s\u00e9<\/label><\/li>\n\t\t<\/ul><p style=\"text-align: center\"><input type=\"button\" name=\"vote\" value=\"   Vota   \" class=\"Buttons\" onclick=\"poll_vote(248);\" \/><\/p><p style=\"text-align: center\"><a href=\"#ViewPollResults\" onclick=\"poll_result(248); return false;\" title=\"View Results Of This Poll\">Mira els resultats<\/a><\/p><\/div>\n\t<\/form>\n<\/div>\n<div id=\"polls-248-loading\" class=\"wp-polls-loading\"><img decoding=\"async\" data-src=\"https:\/\/conversesacatalunya.cat\/wp-content\/plugins\/wp-polls\/images\/loading.gif\" width=\"16\" height=\"16\" alt=\"Cargando ...\" title=\"Cargando ...\" class=\"wp-polls-image lazyload\" src=\"data:image\/svg+xml;base64,PHN2ZyB3aWR0aD0iMSIgaGVpZ2h0PSIxIiB4bWxucz0iaHR0cDovL3d3dy53My5vcmcvMjAwMC9zdmciPjwvc3ZnPg==\" style=\"--smush-placeholder-width: 16px; --smush-placeholder-aspect-ratio: 16\/16;\" \/>&nbsp;Cargando ...<\/div>\n\n","protected":false},"excerpt":{"rendered":"<p>Francia se encuentra fiscalmente a bordo del precipicio. Pero, contrariamente a lo que podr\u00eda pensarse, quienes le han acercado m\u00e1s a esta delicada posici\u00f3n no son ni la extrema izquierda ni la derecha alternativa que amenazan con dominar la asamblea nacional, sino los sucesivos gobiernos \u201ctecnocr\u00e1ticos\u201d del presidente Emmanuel Macron. Tal como el editorialista del\u00a0Financial, Times\u00a0Gideon Rachman,\u00a0afirma\u00a0sin tapujos, \u00abFrancia es un desastre financiero\u00bb. El ratio de deuda p\u00fablica sobre el producto interior bruto fue el a\u00f1o pasado del 111%, ya contrasentido de la inmensa mayor\u00eda de pa\u00edses de la Uni\u00f3n Europea, la previsi\u00f3n (oficial) es que siga subiendo hasta el 113% del PIB 2025. Asimismo, el d\u00e9ficit p\u00fablico alcanz\u00f3 el 5,5%, con la previsi\u00f3n de que se mantenga por encima del 5% este a\u00f1o. Son cifras muy alejadas del 3% que exige el Tratado de la UE, y no digamos ya el ratio de deuda sobre PIB, que deber\u00eda mantenerse por debajo del 60%. En unas declaraciones desvergonzadas, el ministro de finanzas franc\u00e9s, el exrepublicano reconvertido en macronista,\u00a0Bruno Le Maire\u00a0, advirti\u00f3 del peligro para los mercados que implica una victoria de cualquiera de los extremos pol\u00edticos en las\u00a0elecciones legislativas que tendr\u00e1n su desenlace el pr\u00f3ximo 7 de julio. Como si \u00e9l no tuviera nada que ver con el caos financiero en el que se ha convertido Francia desde 2017, cuando Le Maire cogi\u00f3 las riendas del poderoso ministerio de la econom\u00eda y de las finanzas (m\u00e1s conocido como \u201cBercy\u201d en Francia , por el lugar donde tiene su sede en Par\u00eds). Efectivamente, Macron y Le Maire, con sus pol\u00edticas de gasto social descontrolado y endeudamiento salvaje durante los a\u00f1os de bajos tipos de inter\u00e9s han llevado a Francia a una situaci\u00f3n l\u00edmite que\u00a0el pr\u00f3ximo gobierno\u00a0(si es que ninguna fuerza pol\u00edtica logra formar gobierno, cosa que est\u00e1 por ver), no tiene margen para aumentar m\u00e1s el gasto sin que esto tenga repercusiones grav\u00edsimas. En primer lugar, para la propia Francia, pero, en segundo lugar, para Europa, puesto que Francia es uno de los 20 pa\u00edses que emplean la moneda com\u00fan europea y la segunda econom\u00eda del Viejo Continente. Cierto que desde la \u00faltima gran crisis del euro, Bruselas se ha dotado de mecanismos para intervenir y comprar bonos. Pero la cuesti\u00f3n es:\u00a0tiene a su vez margen al Banco Central Europeo para comprar a\u00fan m\u00e1s deuda\u00a0de un pa\u00eds que es el que tiene ya con Macron el\u00a0mayor\u00a0gasto p\u00fablico\u00a0del mundo (59% del PIB seg\u00fan la OCDE), y \u00bfque quiere elevarla a\u00fan m\u00e1s? Y en caso de que todav\u00eda est\u00e9 en disposici\u00f3n de hacerlo, \u00bfhabr\u00e1 voluntad pol\u00edtica de ayudar a este Estado en un contexto que el gobierno alem\u00e1n, por ejemplo, busca desesperadamente miles de millones de euros de ahorro? Hace ya m\u00e1s de una d\u00e9cada, la crisis de Grecia se contuvo en gran parte porque la alternativa al rescate internacional era la salida de Atenas del euro, con la consiguiente destrucci\u00f3n de los ahorros de los griegos. Sin embargo, ahora\u00a0expulsar a Francia del euro es simplemente inconcebible porque significar\u00eda a efectos pr\u00e1cticos el fin de la Uni\u00f3n Europea. Por tanto, Francia seguir\u00eda presente en Bruselas, pero se convertir\u00eda en una fuente de problemas y tensiones con el resto de pa\u00edses -que en definitiva es otra manera, m\u00e1s lenta, pero quiz\u00e1 incluso m\u00e1s eficaz, para destruir la UE desde dentro. Por \u00faltimo, cabe subrayar que estos escenarios apocal\u00edpticos tienen m\u00e1s sentido con la extrema izquierda de Jean-Luc M\u00e9lenchon que con el Reagrupamiento Nacional de Marine Le Pen y Jordan Bardella. Estos \u00faltimos han lanzado una campa\u00f1a medi\u00e1tica de cierta eficacia estas \u00faltimas semanas para\u00a0tranquilizar a los mercados y el establishment de Bruselas. Una estrategia llena de sentido tanto en el \u00e1mbito electoral franc\u00e9s (para atraer voto burgu\u00e9s harto de Macron y temeroso de la extrema izquierda) como en el \u00e1mbito internacional.<\/p>\n","protected":false},"author":75,"featured_media":62728,"comment_status":"open","ping_status":"open","sticky":false,"template":"","format":"standard","meta":{"_FSMCFIC_featured_image_caption":"","_FSMCFIC_featured_image_nocaption":"","_FSMCFIC_featured_image_hide":"","footnotes":""},"categories":[806],"tags":[995,3653,3096,1090],"class_list":["post-79419","post","type-post","status-publish","format-standard","has-post-thumbnail","hentry","category-punts-claus-del-dia-es","tag-crisi-es","tag-deute-public-es","tag-euro-es","tag-franca-es"],"yoast_head":"<!-- This site is optimized with the Yoast SEO plugin v26.8 - https:\/\/yoast.com\/product\/yoast-seo-wordpress\/ -->\n<title>\u00bfProvocar\u00e1 Francia la pr\u00f3xima crisis del euro? - Converses a Catalunya<\/title>\n<meta name=\"description\" content=\"Francia crisis del euro: tal y como el editorialista del Financial, Times Gideon Rachman, afirma, &quot;Francia es un desastre financiero&quot;\" \/>\n<meta name=\"robots\" content=\"index, follow, max-snippet:-1, max-image-preview:large, max-video-preview:-1\" \/>\n<link rel=\"canonical\" href=\"https:\/\/conversesacatalunya.cat\/es\/francia-proxima-crisis-euro\/\" \/>\n<meta property=\"og:locale\" content=\"es_ES\" \/>\n<meta property=\"og:type\" content=\"article\" \/>\n<meta property=\"og:title\" content=\"\u00bfProvocar\u00e1 Francia la pr\u00f3xima crisis del euro? - Converses a Catalunya\" \/>\n<meta property=\"og:description\" content=\"Francia crisis del euro: tal y como el editorialista del Financial, Times Gideon Rachman, afirma, &quot;Francia es un desastre financiero&quot;\" \/>\n<meta property=\"og:url\" content=\"https:\/\/conversesacatalunya.cat\/es\/francia-proxima-crisis-euro\/\" \/>\n<meta property=\"og:site_name\" content=\"Converses a Catalunya\" \/>\n<meta property=\"article:published_time\" content=\"2024-07-02T10:19:06+00:00\" \/>\n<meta property=\"og:image\" content=\"https:\/\/conversesacatalunya.cat\/wp-content\/uploads\/2022\/12\/Assemblee_Nationale_France.jpg\" \/>\n\t<meta property=\"og:image:width\" content=\"940\" \/>\n\t<meta property=\"og:image:height\" content=\"686\" \/>\n\t<meta property=\"og:image:type\" content=\"image\/jpeg\" \/>\n<meta name=\"author\" content=\"Carles L\u00f3pez\" \/>\n<meta name=\"twitter:card\" content=\"summary_large_image\" \/>\n<meta name=\"twitter:label1\" content=\"Escrito por\" \/>\n\t<meta name=\"twitter:data1\" content=\"Carles L\u00f3pez\" \/>\n\t<meta name=\"twitter:label2\" content=\"Tiempo de lectura\" \/>\n\t<meta name=\"twitter:data2\" content=\"3 minutos\" \/>\n<script type=\"application\/ld+json\" class=\"yoast-schema-graph\">{\"@context\":\"https:\/\/schema.org\",\"@graph\":[{\"@type\":\"Article\",\"@id\":\"https:\/\/conversesacatalunya.cat\/es\/francia-proxima-crisis-euro\/#article\",\"isPartOf\":{\"@id\":\"https:\/\/conversesacatalunya.cat\/es\/francia-proxima-crisis-euro\/\"},\"author\":{\"name\":\"Carles L\u00f3pez\",\"@id\":\"https:\/\/conversesacatalunya.cat\/#\/schema\/person\/3ce2ab16c0a3803086d80722c7cad56a\"},\"headline\":\"\u00bfProvocar\u00e1 Francia la pr\u00f3xima crisis del euro?\",\"datePublished\":\"2024-07-02T10:19:06+00:00\",\"mainEntityOfPage\":{\"@id\":\"https:\/\/conversesacatalunya.cat\/es\/francia-proxima-crisis-euro\/\"},\"wordCount\":704,\"commentCount\":0,\"image\":{\"@id\":\"https:\/\/conversesacatalunya.cat\/es\/francia-proxima-crisis-euro\/#primaryimage\"},\"thumbnailUrl\":\"https:\/\/conversesacatalunya.cat\/wp-content\/uploads\/2022\/12\/Assemblee_Nationale_France.jpg\",\"keywords\":[\"crisi\",\"deute p\u00fablic\",\"Euro\",\"Fran\u00e7a\"],\"articleSection\":[\"Punts clau del dia (ES)\"],\"inLanguage\":\"es\",\"potentialAction\":[{\"@type\":\"CommentAction\",\"name\":\"Comment\",\"target\":[\"https:\/\/conversesacatalunya.cat\/es\/francia-proxima-crisis-euro\/#respond\"]}]},{\"@type\":\"WebPage\",\"@id\":\"https:\/\/conversesacatalunya.cat\/es\/francia-proxima-crisis-euro\/\",\"url\":\"https:\/\/conversesacatalunya.cat\/es\/francia-proxima-crisis-euro\/\",\"name\":\"\u00bfProvocar\u00e1 Francia la pr\u00f3xima crisis del euro? - Converses a Catalunya\",\"isPartOf\":{\"@id\":\"https:\/\/conversesacatalunya.cat\/#website\"},\"primaryImageOfPage\":{\"@id\":\"https:\/\/conversesacatalunya.cat\/es\/francia-proxima-crisis-euro\/#primaryimage\"},\"image\":{\"@id\":\"https:\/\/conversesacatalunya.cat\/es\/francia-proxima-crisis-euro\/#primaryimage\"},\"thumbnailUrl\":\"https:\/\/conversesacatalunya.cat\/wp-content\/uploads\/2022\/12\/Assemblee_Nationale_France.jpg\",\"datePublished\":\"2024-07-02T10:19:06+00:00\",\"author\":{\"@id\":\"https:\/\/conversesacatalunya.cat\/#\/schema\/person\/3ce2ab16c0a3803086d80722c7cad56a\"},\"description\":\"Francia crisis del euro: tal y como el editorialista del Financial, Times Gideon Rachman, afirma, \\\"Francia es un desastre financiero\\\"\",\"breadcrumb\":{\"@id\":\"https:\/\/conversesacatalunya.cat\/es\/francia-proxima-crisis-euro\/#breadcrumb\"},\"inLanguage\":\"es\",\"potentialAction\":[{\"@type\":\"ReadAction\",\"target\":[\"https:\/\/conversesacatalunya.cat\/es\/francia-proxima-crisis-euro\/\"]}]},{\"@type\":\"ImageObject\",\"inLanguage\":\"es\",\"@id\":\"https:\/\/conversesacatalunya.cat\/es\/francia-proxima-crisis-euro\/#primaryimage\",\"url\":\"https:\/\/conversesacatalunya.cat\/wp-content\/uploads\/2022\/12\/Assemblee_Nationale_France.jpg\",\"contentUrl\":\"https:\/\/conversesacatalunya.cat\/wp-content\/uploads\/2022\/12\/Assemblee_Nationale_France.jpg\",\"width\":940,\"height\":686,\"caption\":\"Francia crisis Euro\"},{\"@type\":\"BreadcrumbList\",\"@id\":\"https:\/\/conversesacatalunya.cat\/es\/francia-proxima-crisis-euro\/#breadcrumb\",\"itemListElement\":[{\"@type\":\"ListItem\",\"position\":1,\"name\":\"Inici\",\"item\":\"https:\/\/conversesacatalunya.cat\/es\/\"},{\"@type\":\"ListItem\",\"position\":2,\"name\":\"\u00bfProvocar\u00e1 Francia la pr\u00f3xima crisis del euro?\"}]},{\"@type\":\"WebSite\",\"@id\":\"https:\/\/conversesacatalunya.cat\/#website\",\"url\":\"https:\/\/conversesacatalunya.cat\/\",\"name\":\"Converses a Catalunya\",\"description\":\"\",\"potentialAction\":[{\"@type\":\"SearchAction\",\"target\":{\"@type\":\"EntryPoint\",\"urlTemplate\":\"https:\/\/conversesacatalunya.cat\/?s={search_term_string}\"},\"query-input\":{\"@type\":\"PropertyValueSpecification\",\"valueRequired\":true,\"valueName\":\"search_term_string\"}}],\"inLanguage\":\"es\"},{\"@type\":\"Person\",\"@id\":\"https:\/\/conversesacatalunya.cat\/#\/schema\/person\/3ce2ab16c0a3803086d80722c7cad56a\",\"name\":\"Carles L\u00f3pez\",\"image\":{\"@type\":\"ImageObject\",\"inLanguage\":\"es\",\"@id\":\"https:\/\/conversesacatalunya.cat\/#\/schema\/person\/image\/\",\"url\":\"https:\/\/conversesacatalunya.cat\/wp-content\/litespeed\/avatar\/4891585caf2896e97846ab77f06edcf2.jpg?ver=1777091173\",\"contentUrl\":\"https:\/\/conversesacatalunya.cat\/wp-content\/litespeed\/avatar\/4891585caf2896e97846ab77f06edcf2.jpg?ver=1777091173\",\"caption\":\"Carles L\u00f3pez\"},\"url\":\"https:\/\/conversesacatalunya.cat\/es\/author\/carles-lopez\/\"}]}<\/script>\n<!-- \/ Yoast SEO plugin. -->","yoast_head_json":{"title":"\u00bfProvocar\u00e1 Francia la pr\u00f3xima crisis del euro? - Converses a Catalunya","description":"Francia crisis del euro: tal y como el editorialista del Financial, Times Gideon Rachman, afirma, \"Francia es un desastre financiero\"","robots":{"index":"index","follow":"follow","max-snippet":"max-snippet:-1","max-image-preview":"max-image-preview:large","max-video-preview":"max-video-preview:-1"},"canonical":"https:\/\/conversesacatalunya.cat\/es\/francia-proxima-crisis-euro\/","og_locale":"es_ES","og_type":"article","og_title":"\u00bfProvocar\u00e1 Francia la pr\u00f3xima crisis del euro? - Converses a Catalunya","og_description":"Francia crisis del euro: tal y como el editorialista del Financial, Times Gideon Rachman, afirma, \"Francia es un desastre financiero\"","og_url":"https:\/\/conversesacatalunya.cat\/es\/francia-proxima-crisis-euro\/","og_site_name":"Converses a Catalunya","article_published_time":"2024-07-02T10:19:06+00:00","og_image":[{"width":940,"height":686,"url":"https:\/\/conversesacatalunya.cat\/wp-content\/uploads\/2022\/12\/Assemblee_Nationale_France.jpg","type":"image\/jpeg"}],"author":"Carles L\u00f3pez","twitter_card":"summary_large_image","twitter_misc":{"Escrito por":"Carles L\u00f3pez","Tiempo de lectura":"3 minutos"},"schema":{"@context":"https:\/\/schema.org","@graph":[{"@type":"Article","@id":"https:\/\/conversesacatalunya.cat\/es\/francia-proxima-crisis-euro\/#article","isPartOf":{"@id":"https:\/\/conversesacatalunya.cat\/es\/francia-proxima-crisis-euro\/"},"author":{"name":"Carles L\u00f3pez","@id":"https:\/\/conversesacatalunya.cat\/#\/schema\/person\/3ce2ab16c0a3803086d80722c7cad56a"},"headline":"\u00bfProvocar\u00e1 Francia la pr\u00f3xima crisis del euro?","datePublished":"2024-07-02T10:19:06+00:00","mainEntityOfPage":{"@id":"https:\/\/conversesacatalunya.cat\/es\/francia-proxima-crisis-euro\/"},"wordCount":704,"commentCount":0,"image":{"@id":"https:\/\/conversesacatalunya.cat\/es\/francia-proxima-crisis-euro\/#primaryimage"},"thumbnailUrl":"https:\/\/conversesacatalunya.cat\/wp-content\/uploads\/2022\/12\/Assemblee_Nationale_France.jpg","keywords":["crisi","deute p\u00fablic","Euro","Fran\u00e7a"],"articleSection":["Punts clau del dia (ES)"],"inLanguage":"es","potentialAction":[{"@type":"CommentAction","name":"Comment","target":["https:\/\/conversesacatalunya.cat\/es\/francia-proxima-crisis-euro\/#respond"]}]},{"@type":"WebPage","@id":"https:\/\/conversesacatalunya.cat\/es\/francia-proxima-crisis-euro\/","url":"https:\/\/conversesacatalunya.cat\/es\/francia-proxima-crisis-euro\/","name":"\u00bfProvocar\u00e1 Francia la pr\u00f3xima crisis del euro? - Converses a Catalunya","isPartOf":{"@id":"https:\/\/conversesacatalunya.cat\/#website"},"primaryImageOfPage":{"@id":"https:\/\/conversesacatalunya.cat\/es\/francia-proxima-crisis-euro\/#primaryimage"},"image":{"@id":"https:\/\/conversesacatalunya.cat\/es\/francia-proxima-crisis-euro\/#primaryimage"},"thumbnailUrl":"https:\/\/conversesacatalunya.cat\/wp-content\/uploads\/2022\/12\/Assemblee_Nationale_France.jpg","datePublished":"2024-07-02T10:19:06+00:00","author":{"@id":"https:\/\/conversesacatalunya.cat\/#\/schema\/person\/3ce2ab16c0a3803086d80722c7cad56a"},"description":"Francia crisis del euro: tal y como el editorialista del Financial, Times Gideon Rachman, afirma, \"Francia es un desastre financiero\"","breadcrumb":{"@id":"https:\/\/conversesacatalunya.cat\/es\/francia-proxima-crisis-euro\/#breadcrumb"},"inLanguage":"es","potentialAction":[{"@type":"ReadAction","target":["https:\/\/conversesacatalunya.cat\/es\/francia-proxima-crisis-euro\/"]}]},{"@type":"ImageObject","inLanguage":"es","@id":"https:\/\/conversesacatalunya.cat\/es\/francia-proxima-crisis-euro\/#primaryimage","url":"https:\/\/conversesacatalunya.cat\/wp-content\/uploads\/2022\/12\/Assemblee_Nationale_France.jpg","contentUrl":"https:\/\/conversesacatalunya.cat\/wp-content\/uploads\/2022\/12\/Assemblee_Nationale_France.jpg","width":940,"height":686,"caption":"Francia crisis Euro"},{"@type":"BreadcrumbList","@id":"https:\/\/conversesacatalunya.cat\/es\/francia-proxima-crisis-euro\/#breadcrumb","itemListElement":[{"@type":"ListItem","position":1,"name":"Inici","item":"https:\/\/conversesacatalunya.cat\/es\/"},{"@type":"ListItem","position":2,"name":"\u00bfProvocar\u00e1 Francia la pr\u00f3xima crisis del euro?"}]},{"@type":"WebSite","@id":"https:\/\/conversesacatalunya.cat\/#website","url":"https:\/\/conversesacatalunya.cat\/","name":"Converses a Catalunya","description":"","potentialAction":[{"@type":"SearchAction","target":{"@type":"EntryPoint","urlTemplate":"https:\/\/conversesacatalunya.cat\/?s={search_term_string}"},"query-input":{"@type":"PropertyValueSpecification","valueRequired":true,"valueName":"search_term_string"}}],"inLanguage":"es"},{"@type":"Person","@id":"https:\/\/conversesacatalunya.cat\/#\/schema\/person\/3ce2ab16c0a3803086d80722c7cad56a","name":"Carles L\u00f3pez","image":{"@type":"ImageObject","inLanguage":"es","@id":"https:\/\/conversesacatalunya.cat\/#\/schema\/person\/image\/","url":"https:\/\/conversesacatalunya.cat\/wp-content\/litespeed\/avatar\/4891585caf2896e97846ab77f06edcf2.jpg?ver=1777091173","contentUrl":"https:\/\/conversesacatalunya.cat\/wp-content\/litespeed\/avatar\/4891585caf2896e97846ab77f06edcf2.jpg?ver=1777091173","caption":"Carles L\u00f3pez"},"url":"https:\/\/conversesacatalunya.cat\/es\/author\/carles-lopez\/"}]}},"wps_subtitle":"Con un pa\u00eds endeudado hasta las orejas, el pr\u00f3ximo gobierno (si es que ninguna fuerza pol\u00edtica logra formar gobierno, algo que est\u00e1 por ver), no tiene ning\u00fan margen para aumentar el gasto a\u00fan m\u00e1s sin que esto tenga repercusiones grav\u00edsimas","_links":{"self":[{"href":"https:\/\/conversesacatalunya.cat\/es\/wp-json\/wp\/v2\/posts\/79419","targetHints":{"allow":["GET"]}}],"collection":[{"href":"https:\/\/conversesacatalunya.cat\/es\/wp-json\/wp\/v2\/posts"}],"about":[{"href":"https:\/\/conversesacatalunya.cat\/es\/wp-json\/wp\/v2\/types\/post"}],"author":[{"embeddable":true,"href":"https:\/\/conversesacatalunya.cat\/es\/wp-json\/wp\/v2\/users\/75"}],"replies":[{"embeddable":true,"href":"https:\/\/conversesacatalunya.cat\/es\/wp-json\/wp\/v2\/comments?post=79419"}],"version-history":[{"count":4,"href":"https:\/\/conversesacatalunya.cat\/es\/wp-json\/wp\/v2\/posts\/79419\/revisions"}],"predecessor-version":[{"id":79420,"href":"https:\/\/conversesacatalunya.cat\/es\/wp-json\/wp\/v2\/posts\/79419\/revisions\/79420"}],"wp:featuredmedia":[{"embeddable":true,"href":"https:\/\/conversesacatalunya.cat\/es\/wp-json\/wp\/v2\/media\/62728"}],"wp:attachment":[{"href":"https:\/\/conversesacatalunya.cat\/es\/wp-json\/wp\/v2\/media?parent=79419"}],"wp:term":[{"taxonomy":"category","embeddable":true,"href":"https:\/\/conversesacatalunya.cat\/es\/wp-json\/wp\/v2\/categories?post=79419"},{"taxonomy":"post_tag","embeddable":true,"href":"https:\/\/conversesacatalunya.cat\/es\/wp-json\/wp\/v2\/tags?post=79419"}],"curies":[{"name":"wp","href":"https:\/\/api.w.org\/{rel}","templated":true}]}}