{"id":79390,"date":"2024-07-01T13:10:21","date_gmt":"2024-07-01T11:10:21","guid":{"rendered":"https:\/\/conversesacatalunya.cat\/eleccions-a-franca-el-tomb-sha-produit-tal-com-preveien-les-enquestes\/"},"modified":"2024-07-02T11:56:45","modified_gmt":"2024-07-02T09:56:45","slug":"elecciones-en-francia-el-vuelco-se-ha-producido-tal-y-como-preveian-las-encuestas","status":"publish","type":"post","link":"https:\/\/conversesacatalunya.cat\/es\/elecciones-en-francia-el-vuelco-se-ha-producido-tal-y-como-preveian-las-encuestas\/","title":{"rendered":"Elecciones en Francia: el vuelco se ha producido tal y como preve\u00edan las encuestas"},"content":{"rendered":"<p>En las elecciones en Francia, de momento, no hay margen para la sorpresa, si esta no se produce el pr\u00f3ximo domingo con la segunda vuelta: los resultados de este domingo coinciden de una manera muy clara con lo <strong><a href=\"https:\/\/conversesacatalunya.cat\/es\/primera-volta-electoral-a-franca-ultimes-previsions-i-tendencies\/\" target=\"_blank\" rel=\"noopener\">previsto en las encuestas<\/a><\/strong>.<\/p>\n<p>La Agrupaci\u00f3n<strong> Nacional<\/strong> (AN) de Le Pen y sus aliados alcanz\u00f3 entre el 33 y el 34,5% de los votos. Las encuestas le otorgaban como m\u00e1ximo un 35%. El\u00a0<strong>Nuevo Frente Popular<\/strong>\u00a0(NFP) alcanz\u00f3 el 28%, que si el recuento lo confirma, ser\u00eda una cifra ligeramente inferior a la que se preve\u00eda; nada importante, 1 o 1,5 puntos por debajo. El\u00a0<strong>Ensemble de Macron<\/strong>\u00a0obtendr\u00eda entre un 20% y un 22% y Els\u00a0<strong>Republicans y sus aliados<\/strong>, es decir, la derecha gaullista, al menos en la primera vuelta, habr\u00eda salvado los muebles con un 10%. Todo esto con una participaci\u00f3n hist\u00f3rica del 67%.<\/p>\n<p>De todas formas, hay que subrayar, porque no es algo menor, que pese a la polarizaci\u00f3n y el dramatismo medi\u00e1tico, solo el 30% de los votantes han decidido no concurrir a las urnas, y este aspecto, poco tratado, tiene su importancia.<\/p>\n<p>En cualquier caso, el resultado sacar\u00e1 fuerza a Agrupaci\u00f3n porque significa que la movilizaci\u00f3n que se ha producido ha estado en todas direcciones, tambi\u00e9n entre los partidarios de la derecha de Le Pen, que no ha logrado ser frenada en las urnas.<\/p>\n<p>A estas alturas, ya han sido elegidos porque han obtenido en su circunscripci\u00f3n m\u00e1s del 50% de los votos, 38 diputados del AN, entre ellos la propia Le Pen, 21 del NFP, s\u00f3lo 2 de Macron, y 3 de Els Republicanos y aliados. <strong>La AN ha quedado primero<\/strong>\u00a0con 297 de las 557 circunscripciones en las que se divide Francia. Cabe recordar que la mayor\u00eda absoluta est\u00e1 en 278. Como ya tiene 38 diputados elegidos, tendr\u00eda suficiente con sumar 240 para alcanzarla, pero eso significa ganar al 85% de las circunscripciones en las que ha quedado en primer lugar. No parece f\u00e1cil. Depender\u00e1 en buena parte de c\u00f3mo se muevan ahora los electores y de las particularidades de cada circunscripci\u00f3n.<\/p>\n<p>Son claves las 264 competiciones triangulares que han quedado para el pr\u00f3ximo domingo, porque hay que recordar que acceden a la 2\u00aa vuelta, no solo el primero y segundo clasificado, sino aquellas otras opciones que superan el 12,5% de los votos. Por esta raz\u00f3n, tambi\u00e9n existen 4 cuadrangulares. En funci\u00f3n de los desistimientos, la victoria de la gente del AN ser\u00e1 m\u00e1s o menos compleja.<\/p>\n<p>Los modelos que dan resultados una vez completada la 2\u00aa vuelta se\u00f1alan\u00a0<strong>horquillas muy amplias<\/strong>, y esto ya da una idea de la dificultad de acertar unas elecciones que, en realidad, son cientos de ellas simult\u00e1neamente ejercidas. El AN obtendr\u00eda entre 230 y 280 esca\u00f1os en este segundo supuesto, pr\u00e1cticamente junto a la mayor\u00eda absoluta. El NFP se situar\u00eda entre los 180 y los 220 esca\u00f1os. Macron quedar\u00eda reducido a un abanico de entre 60 y 90 esca\u00f1os y estar\u00eda al borde de su desintegraci\u00f3n como fuerza pol\u00edtica unitaria. Por \u00faltimo, Los Republicanos obtendr\u00edan entre 30 y 50 esca\u00f1os, pese a que incluso podr\u00edan ser menos. En realidad, esta fuerza tradicional de la derecha francesa se juega mucho el pr\u00f3ximo domingo porque puede quedar con una cantidad de diputados estrat\u00e9gicos, decisiva, o quiz\u00e1s pr\u00e1cticamente borrados.<\/p>\n<p>De momento, sus dirigentes han decidido no recomendar el voto para ninguna otra opci\u00f3n que no sea la suya y eso abre la puerta a que una parte de su electorado que no se vea bien representado acabe cogiendo la papeleta de Le Pen.<\/p>\n<p>Macron ha sido incongruentemente destructivo hasta el final. Cometi\u00f3 la irresponsabilidad de convocar elecciones al inicio de un nuevo mandato de la UE, cuando la Comisi\u00f3n todav\u00eda no se ha constituido y pocos d\u00edas antes de la celebraci\u00f3n de los JJOO en Par\u00eds. La raz\u00f3n que dio fue que hab\u00eda que escuchar a la opini\u00f3n francesa y clarificar. Pues bien, ahora, una vez pronunciados los franceses, en lugar de asumir la clarificaci\u00f3n, llama a votar a todos contra el Reagrupamiento Nacional. \u00bfQu\u00e9 clase de escucha y clarificaci\u00f3n es \u00e9sta? Significa que est\u00e1 diciendo a los suyos que es mejor votar por un candidato de M\u00e9lenchon o del partido comunista que por AN. No est\u00e1 nada claro que esta serie de posicionamientos salven su legado y la unidad de su grupo. En realidad, Macron se comporta como un hombre ofendido en su orgullo.<\/p>\n<p>En este sentido, el macronismo formar\u00e1 parte del \u201cpante\u00f3n de las estrellas liberales\u201d del siglo XXI que aparecen con un gran impulso medi\u00e1tico que les hace portadores de todas las virtudes y terminan como un peque\u00f1o agujero negro. Antes de que \u00e9l han plegado velas otras figuras declaradas estelares muy r\u00e1pido, es el caso de la primera ministra Jacinta Ardern en Nueva Zelanda, que de ser una pol\u00edtica extraordinaria se fue a casa transcurridos solo 5 a\u00f1os. O a\u00fan m\u00e1s Sanna Marin, primera ministra finlandesa, que dimiti\u00f3 a los 4 a\u00f1os y despu\u00e9s de haber perdido las elecciones. Algo m\u00e1s habr\u00e1 durado el soplo de Trudeau en Canad\u00e1 porque est\u00e1 claro que las encuestas ya se\u00f1alan que no repetir\u00e1 mandato.<\/p>\n<p>Ahora lo m\u00e1s posible es que Francia entre en una fase muy complicada. Primero, porque la izquierda no parece predispuesta a aceptar el resultado democr\u00e1tico y llama a la manifestaci\u00f3n callejera. No es un buen precedente, de hecho no es un buen precedente en ninguna parte, rechazar a una fuerza pol\u00edtica que representa el 35% del electorado en lugar de intentar integrarla en las responsabilidades del bien com\u00fan.<\/p>\n<p>El problema econ\u00f3mico de Le Pen tampoco tranquiliza porque quiere reducir el IVA y volver a la edad de jubilaci\u00f3n de 60 a\u00f1os y pagar este importante gasto a base de reducir su aportaci\u00f3n a los fondos europeos, lo que puede generar una crisis en la UE de grandes proporciones.<\/p>\n<p>En todo caso, y de momento, porque falta la confirmaci\u00f3n del pr\u00f3ximo domingo, el resultado ha demostrado que hay mucha gente harta de los poderes establecidos y ha buscado lo m\u00e1s alternativo posible, que est\u00e1 a la derecha y no a la izquierda. Luego, porque el trinomio mejora del poder adquisitivo, de la seguridad y del control de la inmigraci\u00f3n se ha demostrado imbatible.<\/p>\n<div id=\"polls-248\" class=\"wp-polls\">\n\t<form id=\"polls_form_248\" class=\"wp-polls-form\" action=\"\/index.php\" method=\"post\">\n\t\t<p style=\"display: none;\"><input type=\"hidden\" id=\"poll_248_nonce\" name=\"wp-polls-nonce\" value=\"6fecb6b3c7\" \/><\/p>\n\t\t<p style=\"display: none;\"><input type=\"hidden\" name=\"poll_id\" value=\"248\" \/><\/p>\n\t\t<p style=\"text-align: center\"><strong>Creu que Reagrupament Nacional, de Marine Le Pen, obtindr\u00e0 majoria absoluta a la segona volta?<\/strong><\/p><div id=\"polls-248-ans\" class=\"wp-polls-ans\"><ul class=\"wp-polls-ul\">\n\t\t<li><input type=\"radio\" id=\"poll-answer-696\" name=\"poll_248\" value=\"696\" \/> <label for=\"poll-answer-696\">S\u00ed<\/label><\/li>\n\t\t<li><input type=\"radio\" id=\"poll-answer-697\" name=\"poll_248\" value=\"697\" \/> <label for=\"poll-answer-697\">No<\/label><\/li>\n\t\t<li><input type=\"radio\" id=\"poll-answer-698\" name=\"poll_248\" value=\"698\" \/> <label for=\"poll-answer-698\">No ho s\u00e9<\/label><\/li>\n\t\t<\/ul><p style=\"text-align: center\"><input type=\"button\" name=\"vote\" value=\"   Vota   \" class=\"Buttons\" onclick=\"poll_vote(248);\" \/><\/p><p style=\"text-align: center\"><a href=\"#ViewPollResults\" onclick=\"poll_result(248); return false;\" title=\"View Results Of This Poll\">Mira els resultats<\/a><\/p><\/div>\n\t<\/form>\n<\/div>\n<div id=\"polls-248-loading\" class=\"wp-polls-loading\"><img decoding=\"async\" data-src=\"https:\/\/conversesacatalunya.cat\/wp-content\/plugins\/wp-polls\/images\/loading.gif\" width=\"16\" height=\"16\" alt=\"Cargando ...\" title=\"Cargando ...\" class=\"wp-polls-image lazyload\" src=\"data:image\/svg+xml;base64,PHN2ZyB3aWR0aD0iMSIgaGVpZ2h0PSIxIiB4bWxucz0iaHR0cDovL3d3dy53My5vcmcvMjAwMC9zdmciPjwvc3ZnPg==\" style=\"--smush-placeholder-width: 16px; --smush-placeholder-aspect-ratio: 16\/16;\" \/>&nbsp;Cargando ...<\/div>\n\n","protected":false},"excerpt":{"rendered":"<p>En las elecciones en Francia, de momento, no hay margen para la sorpresa, si esta no se produce el pr\u00f3ximo domingo con la segunda vuelta: los resultados de este domingo coinciden de una manera muy clara con lo previsto en las encuestas. La Agrupaci\u00f3n Nacional (AN) de Le Pen y sus aliados alcanz\u00f3 entre el 33 y el 34,5% de los votos. Las encuestas le otorgaban como m\u00e1ximo un 35%. El\u00a0Nuevo Frente Popular\u00a0(NFP) alcanz\u00f3 el 28%, que si el recuento lo confirma, ser\u00eda una cifra ligeramente inferior a la que se preve\u00eda; nada importante, 1 o 1,5 puntos por debajo. El\u00a0Ensemble de Macron\u00a0obtendr\u00eda entre un 20% y un 22% y Els\u00a0Republicans y sus aliados, es decir, la derecha gaullista, al menos en la primera vuelta, habr\u00eda salvado los muebles con un 10%. Todo esto con una participaci\u00f3n hist\u00f3rica del 67%. De todas formas, hay que subrayar, porque no es algo menor, que pese a la polarizaci\u00f3n y el dramatismo medi\u00e1tico, solo el 30% de los votantes han decidido no concurrir a las urnas, y este aspecto, poco tratado, tiene su importancia. En cualquier caso, el resultado sacar\u00e1 fuerza a Agrupaci\u00f3n porque significa que la movilizaci\u00f3n que se ha producido ha estado en todas direcciones, tambi\u00e9n entre los partidarios de la derecha de Le Pen, que no ha logrado ser frenada en las urnas. A estas alturas, ya han sido elegidos porque han obtenido en su circunscripci\u00f3n m\u00e1s del 50% de los votos, 38 diputados del AN, entre ellos la propia Le Pen, 21 del NFP, s\u00f3lo 2 de Macron, y 3 de Els Republicanos y aliados. La AN ha quedado primero\u00a0con 297 de las 557 circunscripciones en las que se divide Francia. Cabe recordar que la mayor\u00eda absoluta est\u00e1 en 278. Como ya tiene 38 diputados elegidos, tendr\u00eda suficiente con sumar 240 para alcanzarla, pero eso significa ganar al 85% de las circunscripciones en las que ha quedado en primer lugar. No parece f\u00e1cil. Depender\u00e1 en buena parte de c\u00f3mo se muevan ahora los electores y de las particularidades de cada circunscripci\u00f3n. Son claves las 264 competiciones triangulares que han quedado para el pr\u00f3ximo domingo, porque hay que recordar que acceden a la 2\u00aa vuelta, no solo el primero y segundo clasificado, sino aquellas otras opciones que superan el 12,5% de los votos. Por esta raz\u00f3n, tambi\u00e9n existen 4 cuadrangulares. En funci\u00f3n de los desistimientos, la victoria de la gente del AN ser\u00e1 m\u00e1s o menos compleja. Los modelos que dan resultados una vez completada la 2\u00aa vuelta se\u00f1alan\u00a0horquillas muy amplias, y esto ya da una idea de la dificultad de acertar unas elecciones que, en realidad, son cientos de ellas simult\u00e1neamente ejercidas. El AN obtendr\u00eda entre 230 y 280 esca\u00f1os en este segundo supuesto, pr\u00e1cticamente junto a la mayor\u00eda absoluta. El NFP se situar\u00eda entre los 180 y los 220 esca\u00f1os. Macron quedar\u00eda reducido a un abanico de entre 60 y 90 esca\u00f1os y estar\u00eda al borde de su desintegraci\u00f3n como fuerza pol\u00edtica unitaria. Por \u00faltimo, Los Republicanos obtendr\u00edan entre 30 y 50 esca\u00f1os, pese a que incluso podr\u00edan ser menos. En realidad, esta fuerza tradicional de la derecha francesa se juega mucho el pr\u00f3ximo domingo porque puede quedar con una cantidad de diputados estrat\u00e9gicos, decisiva, o quiz\u00e1s pr\u00e1cticamente borrados. De momento, sus dirigentes han decidido no recomendar el voto para ninguna otra opci\u00f3n que no sea la suya y eso abre la puerta a que una parte de su electorado que no se vea bien representado acabe cogiendo la papeleta de Le Pen. Macron ha sido incongruentemente destructivo hasta el final. Cometi\u00f3 la irresponsabilidad de convocar elecciones al inicio de un nuevo mandato de la UE, cuando la Comisi\u00f3n todav\u00eda no se ha constituido y pocos d\u00edas antes de la celebraci\u00f3n de los JJOO en Par\u00eds. La raz\u00f3n que dio fue que hab\u00eda que escuchar a la opini\u00f3n francesa y clarificar. Pues bien, ahora, una vez pronunciados los franceses, en lugar de asumir la clarificaci\u00f3n, llama a votar a todos contra el Reagrupamiento Nacional. \u00bfQu\u00e9 clase de escucha y clarificaci\u00f3n es \u00e9sta? Significa que est\u00e1 diciendo a los suyos que es mejor votar por un candidato de M\u00e9lenchon o del partido comunista que por AN. No est\u00e1 nada claro que esta serie de posicionamientos salven su legado y la unidad de su grupo. En realidad, Macron se comporta como un hombre ofendido en su orgullo. En este sentido, el macronismo formar\u00e1 parte del \u201cpante\u00f3n de las estrellas liberales\u201d del siglo XXI que aparecen con un gran impulso medi\u00e1tico que les hace portadores de todas las virtudes y terminan como un peque\u00f1o agujero negro. Antes de que \u00e9l han plegado velas otras figuras declaradas estelares muy r\u00e1pido, es el caso de la primera ministra Jacinta Ardern en Nueva Zelanda, que de ser una pol\u00edtica extraordinaria se fue a casa transcurridos solo 5 a\u00f1os. O a\u00fan m\u00e1s Sanna Marin, primera ministra finlandesa, que dimiti\u00f3 a los 4 a\u00f1os y despu\u00e9s de haber perdido las elecciones. Algo m\u00e1s habr\u00e1 durado el soplo de Trudeau en Canad\u00e1 porque est\u00e1 claro que las encuestas ya se\u00f1alan que no repetir\u00e1 mandato. Ahora lo m\u00e1s posible es que Francia entre en una fase muy complicada. Primero, porque la izquierda no parece predispuesta a aceptar el resultado democr\u00e1tico y llama a la manifestaci\u00f3n callejera. No es un buen precedente, de hecho no es un buen precedente en ninguna parte, rechazar a una fuerza pol\u00edtica que representa el 35% del electorado en lugar de intentar integrarla en las responsabilidades del bien com\u00fan. El problema econ\u00f3mico de Le Pen tampoco tranquiliza porque quiere reducir el IVA y volver a la edad de jubilaci\u00f3n de 60 a\u00f1os y pagar este importante gasto a base de reducir su aportaci\u00f3n a los fondos europeos, lo que puede generar una crisis en la UE de grandes proporciones. En todo caso, y de momento, porque falta la confirmaci\u00f3n del pr\u00f3ximo domingo, el resultado ha demostrado que hay mucha gente harta de los poderes establecidos y ha buscado lo m\u00e1s alternativo posible, que&#8230;<\/p>\n","protected":false},"author":81,"featured_media":79379,"comment_status":"open","ping_status":"open","sticky":false,"template":"","format":"standard","meta":{"_FSMCFIC_featured_image_caption":"","_FSMCFIC_featured_image_nocaption":"","_FSMCFIC_featured_image_hide":"","footnotes":""},"categories":[806],"tags":[4302,4588,3510],"class_list":["post-79390","post","type-post","status-publish","format-standard","has-post-thumbnail","hentry","category-punts-claus-del-dia-es","tag-elecciones-francesas","tag-eleccions-franceses-es","tag-emmanuel-macron-es"],"yoast_head":"<!-- This site is optimized with the Yoast SEO plugin v26.8 - https:\/\/yoast.com\/product\/yoast-seo-wordpress\/ -->\n<title>Elecciones en Francia: el vuelco se ha producido tal y como preve\u00edan las encuestas - Converses a Catalunya<\/title>\n<meta name=\"description\" content=\"En las elecciones en Francia, de momento, no hay margen para la sorpresa, si esta no se produce el pr\u00f3ximo domingo con la segunda vuelta\" \/>\n<meta name=\"robots\" content=\"index, follow, max-snippet:-1, max-image-preview:large, max-video-preview:-1\" \/>\n<link rel=\"canonical\" href=\"https:\/\/conversesacatalunya.cat\/es\/elecciones-en-francia-el-vuelco-se-ha-producido-tal-y-como-preveian-las-encuestas\/\" \/>\n<meta property=\"og:locale\" content=\"es_ES\" \/>\n<meta property=\"og:type\" content=\"article\" \/>\n<meta property=\"og:title\" content=\"Elecciones en Francia: el vuelco se ha producido tal y como preve\u00edan las encuestas - Converses a Catalunya\" \/>\n<meta property=\"og:description\" content=\"En las elecciones en Francia, de momento, no hay margen para la sorpresa, si esta no se produce el pr\u00f3ximo domingo con la segunda vuelta\" \/>\n<meta property=\"og:url\" content=\"https:\/\/conversesacatalunya.cat\/es\/elecciones-en-francia-el-vuelco-se-ha-producido-tal-y-como-preveian-las-encuestas\/\" \/>\n<meta property=\"og:site_name\" content=\"Converses a Catalunya\" \/>\n<meta property=\"article:published_time\" content=\"2024-07-01T11:10:21+00:00\" \/>\n<meta property=\"article:modified_time\" content=\"2024-07-02T09:56:45+00:00\" \/>\n<meta property=\"og:image\" content=\"https:\/\/conversesacatalunya.cat\/wp-content\/uploads\/2024\/07\/eleccions-franca.jpg\" \/>\n\t<meta property=\"og:image:width\" content=\"639\" \/>\n\t<meta property=\"og:image:height\" content=\"455\" \/>\n\t<meta property=\"og:image:type\" content=\"image\/jpeg\" \/>\n<meta name=\"author\" content=\"Emili Clos\" \/>\n<meta name=\"twitter:card\" content=\"summary_large_image\" \/>\n<meta name=\"twitter:label1\" content=\"Escrito por\" \/>\n\t<meta name=\"twitter:data1\" content=\"Emili Clos\" \/>\n\t<meta name=\"twitter:label2\" content=\"Tiempo de lectura\" \/>\n\t<meta name=\"twitter:data2\" content=\"5 minutos\" \/>\n<script type=\"application\/ld+json\" class=\"yoast-schema-graph\">{\"@context\":\"https:\/\/schema.org\",\"@graph\":[{\"@type\":\"Article\",\"@id\":\"https:\/\/conversesacatalunya.cat\/es\/elecciones-en-francia-el-vuelco-se-ha-producido-tal-y-como-preveian-las-encuestas\/#article\",\"isPartOf\":{\"@id\":\"https:\/\/conversesacatalunya.cat\/es\/elecciones-en-francia-el-vuelco-se-ha-producido-tal-y-como-preveian-las-encuestas\/\"},\"author\":{\"name\":\"Emili Clos\",\"@id\":\"https:\/\/conversesacatalunya.cat\/#\/schema\/person\/46306de4129bccb959ed5e1720c4e3e7\"},\"headline\":\"Elecciones en Francia: el vuelco se ha producido tal y como preve\u00edan las encuestas\",\"datePublished\":\"2024-07-01T11:10:21+00:00\",\"dateModified\":\"2024-07-02T09:56:45+00:00\",\"mainEntityOfPage\":{\"@id\":\"https:\/\/conversesacatalunya.cat\/es\/elecciones-en-francia-el-vuelco-se-ha-producido-tal-y-como-preveian-las-encuestas\/\"},\"wordCount\":1098,\"commentCount\":0,\"image\":{\"@id\":\"https:\/\/conversesacatalunya.cat\/es\/elecciones-en-francia-el-vuelco-se-ha-producido-tal-y-como-preveian-las-encuestas\/#primaryimage\"},\"thumbnailUrl\":\"https:\/\/conversesacatalunya.cat\/wp-content\/uploads\/2024\/07\/eleccions-franca.jpg\",\"keywords\":[\"elecciones francesas\",\"eleccions franceses\",\"Emmanuel Macron\"],\"articleSection\":[\"Punts clau del dia (ES)\"],\"inLanguage\":\"es\",\"potentialAction\":[{\"@type\":\"CommentAction\",\"name\":\"Comment\",\"target\":[\"https:\/\/conversesacatalunya.cat\/es\/elecciones-en-francia-el-vuelco-se-ha-producido-tal-y-como-preveian-las-encuestas\/#respond\"]}]},{\"@type\":\"WebPage\",\"@id\":\"https:\/\/conversesacatalunya.cat\/es\/elecciones-en-francia-el-vuelco-se-ha-producido-tal-y-como-preveian-las-encuestas\/\",\"url\":\"https:\/\/conversesacatalunya.cat\/es\/elecciones-en-francia-el-vuelco-se-ha-producido-tal-y-como-preveian-las-encuestas\/\",\"name\":\"Elecciones en Francia: el vuelco se ha producido tal y como preve\u00edan las encuestas - Converses a Catalunya\",\"isPartOf\":{\"@id\":\"https:\/\/conversesacatalunya.cat\/#website\"},\"primaryImageOfPage\":{\"@id\":\"https:\/\/conversesacatalunya.cat\/es\/elecciones-en-francia-el-vuelco-se-ha-producido-tal-y-como-preveian-las-encuestas\/#primaryimage\"},\"image\":{\"@id\":\"https:\/\/conversesacatalunya.cat\/es\/elecciones-en-francia-el-vuelco-se-ha-producido-tal-y-como-preveian-las-encuestas\/#primaryimage\"},\"thumbnailUrl\":\"https:\/\/conversesacatalunya.cat\/wp-content\/uploads\/2024\/07\/eleccions-franca.jpg\",\"datePublished\":\"2024-07-01T11:10:21+00:00\",\"dateModified\":\"2024-07-02T09:56:45+00:00\",\"author\":{\"@id\":\"https:\/\/conversesacatalunya.cat\/#\/schema\/person\/46306de4129bccb959ed5e1720c4e3e7\"},\"description\":\"En las elecciones en Francia, de momento, no hay margen para la sorpresa, si esta no se produce el pr\u00f3ximo domingo con la segunda vuelta\",\"breadcrumb\":{\"@id\":\"https:\/\/conversesacatalunya.cat\/es\/elecciones-en-francia-el-vuelco-se-ha-producido-tal-y-como-preveian-las-encuestas\/#breadcrumb\"},\"inLanguage\":\"es\",\"potentialAction\":[{\"@type\":\"ReadAction\",\"target\":[\"https:\/\/conversesacatalunya.cat\/es\/elecciones-en-francia-el-vuelco-se-ha-producido-tal-y-como-preveian-las-encuestas\/\"]}]},{\"@type\":\"ImageObject\",\"inLanguage\":\"es\",\"@id\":\"https:\/\/conversesacatalunya.cat\/es\/elecciones-en-francia-el-vuelco-se-ha-producido-tal-y-como-preveian-las-encuestas\/#primaryimage\",\"url\":\"https:\/\/conversesacatalunya.cat\/wp-content\/uploads\/2024\/07\/eleccions-franca.jpg\",\"contentUrl\":\"https:\/\/conversesacatalunya.cat\/wp-content\/uploads\/2024\/07\/eleccions-franca.jpg\",\"width\":639,\"height\":455,\"caption\":\"elecciones en Francia\"},{\"@type\":\"BreadcrumbList\",\"@id\":\"https:\/\/conversesacatalunya.cat\/es\/elecciones-en-francia-el-vuelco-se-ha-producido-tal-y-como-preveian-las-encuestas\/#breadcrumb\",\"itemListElement\":[{\"@type\":\"ListItem\",\"position\":1,\"name\":\"Inici\",\"item\":\"https:\/\/conversesacatalunya.cat\/es\/\"},{\"@type\":\"ListItem\",\"position\":2,\"name\":\"Elecciones en Francia: el vuelco se ha producido tal y como preve\u00edan las encuestas\"}]},{\"@type\":\"WebSite\",\"@id\":\"https:\/\/conversesacatalunya.cat\/#website\",\"url\":\"https:\/\/conversesacatalunya.cat\/\",\"name\":\"Converses a Catalunya\",\"description\":\"\",\"potentialAction\":[{\"@type\":\"SearchAction\",\"target\":{\"@type\":\"EntryPoint\",\"urlTemplate\":\"https:\/\/conversesacatalunya.cat\/?s={search_term_string}\"},\"query-input\":{\"@type\":\"PropertyValueSpecification\",\"valueRequired\":true,\"valueName\":\"search_term_string\"}}],\"inLanguage\":\"es\"},{\"@type\":\"Person\",\"@id\":\"https:\/\/conversesacatalunya.cat\/#\/schema\/person\/46306de4129bccb959ed5e1720c4e3e7\",\"name\":\"Emili Clos\",\"image\":{\"@type\":\"ImageObject\",\"inLanguage\":\"es\",\"@id\":\"https:\/\/conversesacatalunya.cat\/#\/schema\/person\/image\/\",\"url\":\"https:\/\/conversesacatalunya.cat\/wp-content\/litespeed\/avatar\/a9a662bd802eed79498de818aef91cc9.jpg?ver=1777096184\",\"contentUrl\":\"https:\/\/conversesacatalunya.cat\/wp-content\/litespeed\/avatar\/a9a662bd802eed79498de818aef91cc9.jpg?ver=1777096184\",\"caption\":\"Emili Clos\"},\"url\":\"https:\/\/conversesacatalunya.cat\/es\/author\/emili_clos\/\"}]}<\/script>\n<!-- \/ Yoast SEO plugin. -->","yoast_head_json":{"title":"Elecciones en Francia: el vuelco se ha producido tal y como preve\u00edan las encuestas - Converses a Catalunya","description":"En las elecciones en Francia, de momento, no hay margen para la sorpresa, si esta no se produce el pr\u00f3ximo domingo con la segunda vuelta","robots":{"index":"index","follow":"follow","max-snippet":"max-snippet:-1","max-image-preview":"max-image-preview:large","max-video-preview":"max-video-preview:-1"},"canonical":"https:\/\/conversesacatalunya.cat\/es\/elecciones-en-francia-el-vuelco-se-ha-producido-tal-y-como-preveian-las-encuestas\/","og_locale":"es_ES","og_type":"article","og_title":"Elecciones en Francia: el vuelco se ha producido tal y como preve\u00edan las encuestas - Converses a Catalunya","og_description":"En las elecciones en Francia, de momento, no hay margen para la sorpresa, si esta no se produce el pr\u00f3ximo domingo con la segunda vuelta","og_url":"https:\/\/conversesacatalunya.cat\/es\/elecciones-en-francia-el-vuelco-se-ha-producido-tal-y-como-preveian-las-encuestas\/","og_site_name":"Converses a Catalunya","article_published_time":"2024-07-01T11:10:21+00:00","article_modified_time":"2024-07-02T09:56:45+00:00","og_image":[{"width":639,"height":455,"url":"https:\/\/conversesacatalunya.cat\/wp-content\/uploads\/2024\/07\/eleccions-franca.jpg","type":"image\/jpeg"}],"author":"Emili Clos","twitter_card":"summary_large_image","twitter_misc":{"Escrito por":"Emili Clos","Tiempo de lectura":"5 minutos"},"schema":{"@context":"https:\/\/schema.org","@graph":[{"@type":"Article","@id":"https:\/\/conversesacatalunya.cat\/es\/elecciones-en-francia-el-vuelco-se-ha-producido-tal-y-como-preveian-las-encuestas\/#article","isPartOf":{"@id":"https:\/\/conversesacatalunya.cat\/es\/elecciones-en-francia-el-vuelco-se-ha-producido-tal-y-como-preveian-las-encuestas\/"},"author":{"name":"Emili Clos","@id":"https:\/\/conversesacatalunya.cat\/#\/schema\/person\/46306de4129bccb959ed5e1720c4e3e7"},"headline":"Elecciones en Francia: el vuelco se ha producido tal y como preve\u00edan las encuestas","datePublished":"2024-07-01T11:10:21+00:00","dateModified":"2024-07-02T09:56:45+00:00","mainEntityOfPage":{"@id":"https:\/\/conversesacatalunya.cat\/es\/elecciones-en-francia-el-vuelco-se-ha-producido-tal-y-como-preveian-las-encuestas\/"},"wordCount":1098,"commentCount":0,"image":{"@id":"https:\/\/conversesacatalunya.cat\/es\/elecciones-en-francia-el-vuelco-se-ha-producido-tal-y-como-preveian-las-encuestas\/#primaryimage"},"thumbnailUrl":"https:\/\/conversesacatalunya.cat\/wp-content\/uploads\/2024\/07\/eleccions-franca.jpg","keywords":["elecciones francesas","eleccions franceses","Emmanuel Macron"],"articleSection":["Punts clau del dia (ES)"],"inLanguage":"es","potentialAction":[{"@type":"CommentAction","name":"Comment","target":["https:\/\/conversesacatalunya.cat\/es\/elecciones-en-francia-el-vuelco-se-ha-producido-tal-y-como-preveian-las-encuestas\/#respond"]}]},{"@type":"WebPage","@id":"https:\/\/conversesacatalunya.cat\/es\/elecciones-en-francia-el-vuelco-se-ha-producido-tal-y-como-preveian-las-encuestas\/","url":"https:\/\/conversesacatalunya.cat\/es\/elecciones-en-francia-el-vuelco-se-ha-producido-tal-y-como-preveian-las-encuestas\/","name":"Elecciones en Francia: el vuelco se ha producido tal y como preve\u00edan las encuestas - Converses a Catalunya","isPartOf":{"@id":"https:\/\/conversesacatalunya.cat\/#website"},"primaryImageOfPage":{"@id":"https:\/\/conversesacatalunya.cat\/es\/elecciones-en-francia-el-vuelco-se-ha-producido-tal-y-como-preveian-las-encuestas\/#primaryimage"},"image":{"@id":"https:\/\/conversesacatalunya.cat\/es\/elecciones-en-francia-el-vuelco-se-ha-producido-tal-y-como-preveian-las-encuestas\/#primaryimage"},"thumbnailUrl":"https:\/\/conversesacatalunya.cat\/wp-content\/uploads\/2024\/07\/eleccions-franca.jpg","datePublished":"2024-07-01T11:10:21+00:00","dateModified":"2024-07-02T09:56:45+00:00","author":{"@id":"https:\/\/conversesacatalunya.cat\/#\/schema\/person\/46306de4129bccb959ed5e1720c4e3e7"},"description":"En las elecciones en Francia, de momento, no hay margen para la sorpresa, si esta no se produce el pr\u00f3ximo domingo con la segunda vuelta","breadcrumb":{"@id":"https:\/\/conversesacatalunya.cat\/es\/elecciones-en-francia-el-vuelco-se-ha-producido-tal-y-como-preveian-las-encuestas\/#breadcrumb"},"inLanguage":"es","potentialAction":[{"@type":"ReadAction","target":["https:\/\/conversesacatalunya.cat\/es\/elecciones-en-francia-el-vuelco-se-ha-producido-tal-y-como-preveian-las-encuestas\/"]}]},{"@type":"ImageObject","inLanguage":"es","@id":"https:\/\/conversesacatalunya.cat\/es\/elecciones-en-francia-el-vuelco-se-ha-producido-tal-y-como-preveian-las-encuestas\/#primaryimage","url":"https:\/\/conversesacatalunya.cat\/wp-content\/uploads\/2024\/07\/eleccions-franca.jpg","contentUrl":"https:\/\/conversesacatalunya.cat\/wp-content\/uploads\/2024\/07\/eleccions-franca.jpg","width":639,"height":455,"caption":"elecciones en Francia"},{"@type":"BreadcrumbList","@id":"https:\/\/conversesacatalunya.cat\/es\/elecciones-en-francia-el-vuelco-se-ha-producido-tal-y-como-preveian-las-encuestas\/#breadcrumb","itemListElement":[{"@type":"ListItem","position":1,"name":"Inici","item":"https:\/\/conversesacatalunya.cat\/es\/"},{"@type":"ListItem","position":2,"name":"Elecciones en Francia: el vuelco se ha producido tal y como preve\u00edan las encuestas"}]},{"@type":"WebSite","@id":"https:\/\/conversesacatalunya.cat\/#website","url":"https:\/\/conversesacatalunya.cat\/","name":"Converses a Catalunya","description":"","potentialAction":[{"@type":"SearchAction","target":{"@type":"EntryPoint","urlTemplate":"https:\/\/conversesacatalunya.cat\/?s={search_term_string}"},"query-input":{"@type":"PropertyValueSpecification","valueRequired":true,"valueName":"search_term_string"}}],"inLanguage":"es"},{"@type":"Person","@id":"https:\/\/conversesacatalunya.cat\/#\/schema\/person\/46306de4129bccb959ed5e1720c4e3e7","name":"Emili Clos","image":{"@type":"ImageObject","inLanguage":"es","@id":"https:\/\/conversesacatalunya.cat\/#\/schema\/person\/image\/","url":"https:\/\/conversesacatalunya.cat\/wp-content\/litespeed\/avatar\/a9a662bd802eed79498de818aef91cc9.jpg?ver=1777096184","contentUrl":"https:\/\/conversesacatalunya.cat\/wp-content\/litespeed\/avatar\/a9a662bd802eed79498de818aef91cc9.jpg?ver=1777096184","caption":"Emili Clos"},"url":"https:\/\/conversesacatalunya.cat\/es\/author\/emili_clos\/"}]}},"wps_subtitle":"","_links":{"self":[{"href":"https:\/\/conversesacatalunya.cat\/es\/wp-json\/wp\/v2\/posts\/79390","targetHints":{"allow":["GET"]}}],"collection":[{"href":"https:\/\/conversesacatalunya.cat\/es\/wp-json\/wp\/v2\/posts"}],"about":[{"href":"https:\/\/conversesacatalunya.cat\/es\/wp-json\/wp\/v2\/types\/post"}],"author":[{"embeddable":true,"href":"https:\/\/conversesacatalunya.cat\/es\/wp-json\/wp\/v2\/users\/81"}],"replies":[{"embeddable":true,"href":"https:\/\/conversesacatalunya.cat\/es\/wp-json\/wp\/v2\/comments?post=79390"}],"version-history":[{"count":5,"href":"https:\/\/conversesacatalunya.cat\/es\/wp-json\/wp\/v2\/posts\/79390\/revisions"}],"predecessor-version":[{"id":79416,"href":"https:\/\/conversesacatalunya.cat\/es\/wp-json\/wp\/v2\/posts\/79390\/revisions\/79416"}],"wp:featuredmedia":[{"embeddable":true,"href":"https:\/\/conversesacatalunya.cat\/es\/wp-json\/wp\/v2\/media\/79379"}],"wp:attachment":[{"href":"https:\/\/conversesacatalunya.cat\/es\/wp-json\/wp\/v2\/media?parent=79390"}],"wp:term":[{"taxonomy":"category","embeddable":true,"href":"https:\/\/conversesacatalunya.cat\/es\/wp-json\/wp\/v2\/categories?post=79390"},{"taxonomy":"post_tag","embeddable":true,"href":"https:\/\/conversesacatalunya.cat\/es\/wp-json\/wp\/v2\/tags?post=79390"}],"curies":[{"name":"wp","href":"https:\/\/api.w.org\/{rel}","templated":true}]}}