{"id":79298,"date":"2024-06-27T15:33:58","date_gmt":"2024-06-27T13:33:58","guid":{"rendered":"https:\/\/conversesacatalunya.cat\/la-politica-sha-installat-en-la-illegalitat-i-la-manca-de-legitimitat\/"},"modified":"2024-06-27T15:45:00","modified_gmt":"2024-06-27T13:45:00","slug":"la-politica-se-ha-instalado-en-la-ilegalidad-y-la-falta-de-legitimidad","status":"publish","type":"post","link":"https:\/\/conversesacatalunya.cat\/es\/la-politica-se-ha-instalado-en-la-ilegalidad-y-la-falta-de-legitimidad\/","title":{"rendered":"La pol\u00edtica se ha instalado en la ilegalidad y la falta de legitimidad"},"content":{"rendered":"<p><span>La pol\u00edtica en nuestro pa\u00eds se ha instalado en la ilegalidad, en\u00a0<\/span><strong><span>el abuso de la ley por sistema<\/span><\/strong><span>, en la ilegitimidad, generando una carcoma que est\u00e1 destruyendo por dentro las instituciones y la confianza de la gente en ellas. Todo esto es muy peligroso.<\/span><\/p>\n<p><span>S\u00f3lo hace falta recapitular sobre los \u00faltimos hechos, sin pretensi\u00f3n de un inventario, para constatar la gravedad de este gran problema.<\/span><\/p>\n<p><span>Destaca, en primer t\u00e9rmino, el\u00a0<\/span><strong><span>informe que har\u00e1 p\u00fablico la UE sobre la justicia espa\u00f1ol<\/span><\/strong><span> , que deja muy maltrecho al estado y a las instituciones de gobierno. Es posible que exista una mejora en el redactado de urgencia tras el\u00a0<\/span><a href=\"https:\/\/conversesacatalunya.cat\/es\/poder-judicial-luces-y-sombras-de-un-acuerdo\/\" target=\"_blank\" rel=\"noopener\"><span>acuerdo entre gobierno y PP<\/span><\/a><span> sobre el CGPJ, pero, en todo caso, la advertencia seguir\u00e1 existiendo. De hecho, era tan grave que es el motor que ha impulsado a S\u00e1nchez a un tipo de acuerdo con el PP que no cuadra con sus pretensiones ampliamente anunciadas en el pasado, y que, por tanto, todav\u00eda est\u00e1 por ver que se llegue a cumplir en todos sus extremos.<\/span><\/p>\n<p><span>Lo ocurrido con este pacto, positivo en cuanto a su resultado, es absolutamente an\u00f3malo. No es normal que un pa\u00eds deba negociar un acuerdo interno en Bruselas teniendo como \u00e1rbitro a la propia Comisi\u00f3n. Un hecho de estas caracter\u00edsticas ser\u00eda absolutamente inadmisible, no ya en Francia o en Italia, sino en la propia Alemania.<\/span><\/p>\n<p><span>Un segundo factor de esta ilegitimidad persistente es que el acuerdo, pese a su bondad,\u00a0<\/span><strong><span>se pasa por el forro lo que dice la Constituci\u00f3n<\/span><\/strong><span>, porque, como ha se\u00f1alado en otras ocasiones Converses, no es ni el gobierno ni el partido de la oposici\u00f3n a quien le corresponde esta tarea, sino al Congreso y al Senado, que han sido de siempre invitados de piedra.<\/span><\/p>\n<p><span>Tampoco respeta el\u00a0<\/span><strong><span>contenido literal de la ley org\u00e1nica del poder judicial<\/span><\/strong><span>, que en su art\u00edculo 578.2 se\u00f1ala que por la designaci\u00f3n de los vocales del turno judicial se contemplar\u00e1 a los jueces y magistrados afiliados a cada una de las diferentes asociaciones y no afiliados. A la hora de la verdad, el acuerdo se ha producido a base s\u00f3lo de considerar las dos asociaciones mayoritarias que proporcionan 10 de los 12 vocales, mientras que los no asociados quedan relegados a una m\u00ednima presencia, y la tercera asociaci\u00f3n con presencia, Francisco de Vitoria, que tiene m\u00e1s miembros que Jueces para la Democracia, que se ha visto beneficiada con 3 miembros, no tiene ninguna representaci\u00f3n. <\/span><strong><span>Todo ello muy arbitrario y francamente ileg\u00edtimo<\/span><\/strong><span>.<\/span><\/p>\n<p><span>Un tercer vicio de ilegitimidad se produce reiteradamente en el Tribunal Constitucional. Ahora con motivo de los <strong>ERE de Andaluc\u00eda<\/strong>, en los que est\u00e1 procediendo a actuar como un ileg\u00edtimo tribunal de tasaci\u00f3n y revisando\u00a0<\/span><a href=\"https:\/\/conversesacatalunya.cat\/es\/magdalena-alvarez-o-la-impunidad-frente-a-la-prevaricacion-politica\/\" target=\"_blank\" rel=\"noopener\"><span>la sentencia dictada<\/span><\/a><span> por la audiencia provincial de Sevilla y el Tribunal Supremo al objeto de absolver de responsabilidades a la exconsejera condenada Magdalena \u00c1lvarez, a la que previsiblemente seguir\u00e1n los otros altos cargos como los dos presidentes Gri\u00f1\u00e1n y Chaves.<\/span><\/p>\n<p><span>Es un esc\u00e1ndalo que los principales responsables pol\u00edticos de un fraude de 679 millones de euros, de los que s\u00f3lo se han recuperado 27 millones y que sirvieron para regar de dinero con criterios electoralistas a Andaluc\u00eda, de forma absolutamente arbitraria, ahora resulten que por una interpretaci\u00f3n del TC quedan librados de responsabilidad. Es muy gordo.<\/span><\/p>\n<p><span>Pero lo es tambi\u00e9n que el propio presidente del TC, que se abstuvo en los ERE cuando el caso lleg\u00f3 al Tribunal Supremo, ahora haya votado por exonerar a los condenados o que haya redactado la ponencia que lo justifica, la misma persona que fue condecorada por la Junta de Andaluc\u00eda cuando mandaban los ahora condenados. O que haya votado y no se haya excluido al exministro de S\u00e1nchez, Juan Carlos Campo, que fue el cargo de la Junta de Andaluc\u00eda durante la \u00e9poca de Chaves y, por tanto, en el per\u00edodo de los ERE. <\/span><strong><span>Todo esto es muy grave y parece que no ocurra nada<\/span><\/strong><span>.<\/span><\/p>\n<p><span>Por otra parte, existe la\u00a0<\/span><strong><span>utilizaci\u00f3n ileg\u00edtima del recurso del Constitucional por parte del gobierno espa\u00f1ol<\/span><\/strong><span>. En este caso concreto, en relaci\u00f3n a la ley trans que ha llevado a cabo la Comunidad de Madrid. La inconstitucionalidad que aduce es que la ley es regresiva porque, a diferencia de la ley espa\u00f1ola, establece lo que era habitual, y lo es en la mayor\u00eda de los pa\u00edses de Europa, que es el examen m\u00e9dico a los menores trans que quieran hormonarse. De esta forma, la discrepancia pol\u00edtica e ideol\u00f3gica con lo que quiere el gobierno es transformada en una cuesti\u00f3n inconstitucional. Por esta l\u00f3gica, no podr\u00eda haber oposici\u00f3n pol\u00edtica porque toda ley del gobierno marcar\u00eda la constitucionalidad, lo que no es cierto.<\/span><\/p>\n<p><span>Este artefacto, aliado con el dominio gubernamental del TC, transforma el recurso de inconstitucionalidad no en una garant\u00eda, sino en un instrumento de destrucci\u00f3n jur\u00eddica, porque de entrada la ley recurrida queda suspendida y permanece en esa condici\u00f3n hasta que el TC decida en un plazo que puede extenderse durante a\u00f1os.<\/span><\/p>\n<p><span>Y si pasamos a menor escala, la local, podemos constatar c\u00f3mo la ilegalidad en este caso est\u00e1 a la orden del d\u00eda. Ahora mismo se ha vuelto a producir el asunto de que unas obras de gran envergadura, las de la Via Laietana, han sido consideradas como ilegales y la justicia ha revocado el acuerdo que aprob\u00f3 la remodelaci\u00f3n de la avenida. La raz\u00f3n es la misma que lo que ha pasado con los ejes verdes como Consell de Cent. Es porque\u00a0<\/span><strong><span>el Ayuntamiento, fraudulentamente, ha tramitado esta gran obra como si fuera una pura reforma vial<\/span><\/strong><span>, cuando en realidad deber\u00eda haberlo hecho como modificaci\u00f3n del Plan General Metropolitano. Pero no ocurre nada. Se dicta la sentencia, las obras contin\u00faan, tendremos una nueva v\u00eda que consagrar\u00e1 la ilegalidad y ya veremos en el futuro qui\u00e9n es el guapo que deshace el l\u00edo, al igual que en Consell de Cent.<\/span><\/p>\n<p><span>Con todos estos precedentes, \u00bfc\u00f3mo confiar en las instituciones pol\u00edticas y en el TC, que tambi\u00e9n se ha convertido en una instancia pol\u00edtica? \u00bfC\u00f3mo se quiere, con esta pedagog\u00eda, que la sociedad civil no pretenda tambi\u00e9n resolver sus necesidades por la v\u00eda de la trampa si ve que los que nos gobiernan la utilizan sistem\u00e1ticamente?<\/span><\/p>\n","protected":false},"excerpt":{"rendered":"<p>La pol\u00edtica en nuestro pa\u00eds se ha instalado en la ilegalidad, en\u00a0el abuso de la ley por sistema, en la ilegitimidad, generando una carcoma que est\u00e1 destruyendo por dentro las instituciones y la confianza de la gente en ellas. Todo esto es muy peligroso. S\u00f3lo hace falta recapitular sobre los \u00faltimos hechos, sin pretensi\u00f3n de un inventario, para constatar la gravedad de este gran problema. Destaca, en primer t\u00e9rmino, el\u00a0informe que har\u00e1 p\u00fablico la UE sobre la justicia espa\u00f1ol , que deja muy maltrecho al estado y a las instituciones de gobierno. Es posible que exista una mejora en el redactado de urgencia tras el\u00a0acuerdo entre gobierno y PP sobre el CGPJ, pero, en todo caso, la advertencia seguir\u00e1 existiendo. De hecho, era tan grave que es el motor que ha impulsado a S\u00e1nchez a un tipo de acuerdo con el PP que no cuadra con sus pretensiones ampliamente anunciadas en el pasado, y que, por tanto, todav\u00eda est\u00e1 por ver que se llegue a cumplir en todos sus extremos. Lo ocurrido con este pacto, positivo en cuanto a su resultado, es absolutamente an\u00f3malo. No es normal que un pa\u00eds deba negociar un acuerdo interno en Bruselas teniendo como \u00e1rbitro a la propia Comisi\u00f3n. Un hecho de estas caracter\u00edsticas ser\u00eda absolutamente inadmisible, no ya en Francia o en Italia, sino en la propia Alemania. Un segundo factor de esta ilegitimidad persistente es que el acuerdo, pese a su bondad,\u00a0se pasa por el forro lo que dice la Constituci\u00f3n, porque, como ha se\u00f1alado en otras ocasiones Converses, no es ni el gobierno ni el partido de la oposici\u00f3n a quien le corresponde esta tarea, sino al Congreso y al Senado, que han sido de siempre invitados de piedra. Tampoco respeta el\u00a0contenido literal de la ley org\u00e1nica del poder judicial, que en su art\u00edculo 578.2 se\u00f1ala que por la designaci\u00f3n de los vocales del turno judicial se contemplar\u00e1 a los jueces y magistrados afiliados a cada una de las diferentes asociaciones y no afiliados. A la hora de la verdad, el acuerdo se ha producido a base s\u00f3lo de considerar las dos asociaciones mayoritarias que proporcionan 10 de los 12 vocales, mientras que los no asociados quedan relegados a una m\u00ednima presencia, y la tercera asociaci\u00f3n con presencia, Francisco de Vitoria, que tiene m\u00e1s miembros que Jueces para la Democracia, que se ha visto beneficiada con 3 miembros, no tiene ninguna representaci\u00f3n. Todo ello muy arbitrario y francamente ileg\u00edtimo. Un tercer vicio de ilegitimidad se produce reiteradamente en el Tribunal Constitucional. Ahora con motivo de los ERE de Andaluc\u00eda, en los que est\u00e1 procediendo a actuar como un ileg\u00edtimo tribunal de tasaci\u00f3n y revisando\u00a0la sentencia dictada por la audiencia provincial de Sevilla y el Tribunal Supremo al objeto de absolver de responsabilidades a la exconsejera condenada Magdalena \u00c1lvarez, a la que previsiblemente seguir\u00e1n los otros altos cargos como los dos presidentes Gri\u00f1\u00e1n y Chaves. Es un esc\u00e1ndalo que los principales responsables pol\u00edticos de un fraude de 679 millones de euros, de los que s\u00f3lo se han recuperado 27 millones y que sirvieron para regar de dinero con criterios electoralistas a Andaluc\u00eda, de forma absolutamente arbitraria, ahora resulten que por una interpretaci\u00f3n del TC quedan librados de responsabilidad. Es muy gordo. Pero lo es tambi\u00e9n que el propio presidente del TC, que se abstuvo en los ERE cuando el caso lleg\u00f3 al Tribunal Supremo, ahora haya votado por exonerar a los condenados o que haya redactado la ponencia que lo justifica, la misma persona que fue condecorada por la Junta de Andaluc\u00eda cuando mandaban los ahora condenados. O que haya votado y no se haya excluido al exministro de S\u00e1nchez, Juan Carlos Campo, que fue el cargo de la Junta de Andaluc\u00eda durante la \u00e9poca de Chaves y, por tanto, en el per\u00edodo de los ERE. Todo esto es muy grave y parece que no ocurra nada. Por otra parte, existe la\u00a0utilizaci\u00f3n ileg\u00edtima del recurso del Constitucional por parte del gobierno espa\u00f1ol. En este caso concreto, en relaci\u00f3n a la ley trans que ha llevado a cabo la Comunidad de Madrid. La inconstitucionalidad que aduce es que la ley es regresiva porque, a diferencia de la ley espa\u00f1ola, establece lo que era habitual, y lo es en la mayor\u00eda de los pa\u00edses de Europa, que es el examen m\u00e9dico a los menores trans que quieran hormonarse. De esta forma, la discrepancia pol\u00edtica e ideol\u00f3gica con lo que quiere el gobierno es transformada en una cuesti\u00f3n inconstitucional. Por esta l\u00f3gica, no podr\u00eda haber oposici\u00f3n pol\u00edtica porque toda ley del gobierno marcar\u00eda la constitucionalidad, lo que no es cierto. Este artefacto, aliado con el dominio gubernamental del TC, transforma el recurso de inconstitucionalidad no en una garant\u00eda, sino en un instrumento de destrucci\u00f3n jur\u00eddica, porque de entrada la ley recurrida queda suspendida y permanece en esa condici\u00f3n hasta que el TC decida en un plazo que puede extenderse durante a\u00f1os. Y si pasamos a menor escala, la local, podemos constatar c\u00f3mo la ilegalidad en este caso est\u00e1 a la orden del d\u00eda. Ahora mismo se ha vuelto a producir el asunto de que unas obras de gran envergadura, las de la Via Laietana, han sido consideradas como ilegales y la justicia ha revocado el acuerdo que aprob\u00f3 la remodelaci\u00f3n de la avenida. La raz\u00f3n es la misma que lo que ha pasado con los ejes verdes como Consell de Cent. Es porque\u00a0el Ayuntamiento, fraudulentamente, ha tramitado esta gran obra como si fuera una pura reforma vial, cuando en realidad deber\u00eda haberlo hecho como modificaci\u00f3n del Plan General Metropolitano. Pero no ocurre nada. Se dicta la sentencia, las obras contin\u00faan, tendremos una nueva v\u00eda que consagrar\u00e1 la ilegalidad y ya veremos en el futuro qui\u00e9n es el guapo que deshace el l\u00edo, al igual que en Consell de Cent. Con todos estos precedentes, \u00bfc\u00f3mo confiar en las instituciones pol\u00edticas y en el TC, que tambi\u00e9n se ha convertido en una instancia pol\u00edtica? \u00bfC\u00f3mo se quiere, con esta pedagog\u00eda, que la sociedad civil no pretenda tambi\u00e9n&#8230;<\/p>\n","protected":false},"author":77,"featured_media":79295,"comment_status":"open","ping_status":"open","sticky":false,"template":"","format":"standard","meta":{"_FSMCFIC_featured_image_caption":"","_FSMCFIC_featured_image_nocaption":"","_FSMCFIC_featured_image_hide":"","footnotes":""},"categories":[806],"tags":[3112],"class_list":["post-79298","post","type-post","status-publish","format-standard","has-post-thumbnail","hentry","category-punts-claus-del-dia-es","tag-cgpj-es"],"yoast_head":"<!-- This site is optimized with the Yoast SEO plugin v26.8 - https:\/\/yoast.com\/product\/yoast-seo-wordpress\/ -->\n<title>La pol\u00edtica se ha instalado en la ilegalidad y la falta de legitimidad - Converses a Catalunya<\/title>\n<meta name=\"robots\" content=\"index, follow, max-snippet:-1, max-image-preview:large, max-video-preview:-1\" \/>\n<link rel=\"canonical\" href=\"https:\/\/conversesacatalunya.cat\/es\/la-politica-se-ha-instalado-en-la-ilegalidad-y-la-falta-de-legitimidad\/\" \/>\n<meta property=\"og:locale\" content=\"es_ES\" \/>\n<meta property=\"og:type\" content=\"article\" \/>\n<meta property=\"og:title\" content=\"La pol\u00edtica se ha instalado en la ilegalidad y la falta de legitimidad - Converses a Catalunya\" \/>\n<meta property=\"og:description\" content=\"La pol\u00edtica en nuestro pa\u00eds se ha instalado en la ilegalidad, en\u00a0el abuso de la ley por sistema, en la ilegitimidad, generando una carcoma que est\u00e1 destruyendo por dentro las instituciones y la confianza de la gente en ellas. Todo esto es muy peligroso. S\u00f3lo hace falta recapitular sobre los \u00faltimos hechos, sin pretensi\u00f3n de un inventario, para constatar la gravedad de este gran problema. Destaca, en primer t\u00e9rmino, el\u00a0informe que har\u00e1 p\u00fablico la UE sobre la justicia espa\u00f1ol , que deja muy maltrecho al estado y a las instituciones de gobierno. Es posible que exista una mejora en el redactado de urgencia tras el\u00a0acuerdo entre gobierno y PP sobre el CGPJ, pero, en todo caso, la advertencia seguir\u00e1 existiendo. De hecho, era tan grave que es el motor que ha impulsado a S\u00e1nchez a un tipo de acuerdo con el PP que no cuadra con sus pretensiones ampliamente anunciadas en el pasado, y que, por tanto, todav\u00eda est\u00e1 por ver que se llegue a cumplir en todos sus extremos. Lo ocurrido con este pacto, positivo en cuanto a su resultado, es absolutamente an\u00f3malo. No es normal que un pa\u00eds deba negociar un acuerdo interno en Bruselas teniendo como \u00e1rbitro a la propia Comisi\u00f3n. Un hecho de estas caracter\u00edsticas ser\u00eda absolutamente inadmisible, no ya en Francia o en Italia, sino en la propia Alemania. Un segundo factor de esta ilegitimidad persistente es que el acuerdo, pese a su bondad,\u00a0se pasa por el forro lo que dice la Constituci\u00f3n, porque, como ha se\u00f1alado en otras ocasiones Converses, no es ni el gobierno ni el partido de la oposici\u00f3n a quien le corresponde esta tarea, sino al Congreso y al Senado, que han sido de siempre invitados de piedra. Tampoco respeta el\u00a0contenido literal de la ley org\u00e1nica del poder judicial, que en su art\u00edculo 578.2 se\u00f1ala que por la designaci\u00f3n de los vocales del turno judicial se contemplar\u00e1 a los jueces y magistrados afiliados a cada una de las diferentes asociaciones y no afiliados. A la hora de la verdad, el acuerdo se ha producido a base s\u00f3lo de considerar las dos asociaciones mayoritarias que proporcionan 10 de los 12 vocales, mientras que los no asociados quedan relegados a una m\u00ednima presencia, y la tercera asociaci\u00f3n con presencia, Francisco de Vitoria, que tiene m\u00e1s miembros que Jueces para la Democracia, que se ha visto beneficiada con 3 miembros, no tiene ninguna representaci\u00f3n. Todo ello muy arbitrario y francamente ileg\u00edtimo. Un tercer vicio de ilegitimidad se produce reiteradamente en el Tribunal Constitucional. Ahora con motivo de los ERE de Andaluc\u00eda, en los que est\u00e1 procediendo a actuar como un ileg\u00edtimo tribunal de tasaci\u00f3n y revisando\u00a0la sentencia dictada por la audiencia provincial de Sevilla y el Tribunal Supremo al objeto de absolver de responsabilidades a la exconsejera condenada Magdalena \u00c1lvarez, a la que previsiblemente seguir\u00e1n los otros altos cargos como los dos presidentes Gri\u00f1\u00e1n y Chaves. Es un esc\u00e1ndalo que los principales responsables pol\u00edticos de un fraude de 679 millones de euros, de los que s\u00f3lo se han recuperado 27 millones y que sirvieron para regar de dinero con criterios electoralistas a Andaluc\u00eda, de forma absolutamente arbitraria, ahora resulten que por una interpretaci\u00f3n del TC quedan librados de responsabilidad. Es muy gordo. Pero lo es tambi\u00e9n que el propio presidente del TC, que se abstuvo en los ERE cuando el caso lleg\u00f3 al Tribunal Supremo, ahora haya votado por exonerar a los condenados o que haya redactado la ponencia que lo justifica, la misma persona que fue condecorada por la Junta de Andaluc\u00eda cuando mandaban los ahora condenados. O que haya votado y no se haya excluido al exministro de S\u00e1nchez, Juan Carlos Campo, que fue el cargo de la Junta de Andaluc\u00eda durante la \u00e9poca de Chaves y, por tanto, en el per\u00edodo de los ERE. Todo esto es muy grave y parece que no ocurra nada. Por otra parte, existe la\u00a0utilizaci\u00f3n ileg\u00edtima del recurso del Constitucional por parte del gobierno espa\u00f1ol. En este caso concreto, en relaci\u00f3n a la ley trans que ha llevado a cabo la Comunidad de Madrid. La inconstitucionalidad que aduce es que la ley es regresiva porque, a diferencia de la ley espa\u00f1ola, establece lo que era habitual, y lo es en la mayor\u00eda de los pa\u00edses de Europa, que es el examen m\u00e9dico a los menores trans que quieran hormonarse. De esta forma, la discrepancia pol\u00edtica e ideol\u00f3gica con lo que quiere el gobierno es transformada en una cuesti\u00f3n inconstitucional. Por esta l\u00f3gica, no podr\u00eda haber oposici\u00f3n pol\u00edtica porque toda ley del gobierno marcar\u00eda la constitucionalidad, lo que no es cierto. Este artefacto, aliado con el dominio gubernamental del TC, transforma el recurso de inconstitucionalidad no en una garant\u00eda, sino en un instrumento de destrucci\u00f3n jur\u00eddica, porque de entrada la ley recurrida queda suspendida y permanece en esa condici\u00f3n hasta que el TC decida en un plazo que puede extenderse durante a\u00f1os. Y si pasamos a menor escala, la local, podemos constatar c\u00f3mo la ilegalidad en este caso est\u00e1 a la orden del d\u00eda. Ahora mismo se ha vuelto a producir el asunto de que unas obras de gran envergadura, las de la Via Laietana, han sido consideradas como ilegales y la justicia ha revocado el acuerdo que aprob\u00f3 la remodelaci\u00f3n de la avenida. La raz\u00f3n es la misma que lo que ha pasado con los ejes verdes como Consell de Cent. Es porque\u00a0el Ayuntamiento, fraudulentamente, ha tramitado esta gran obra como si fuera una pura reforma vial, cuando en realidad deber\u00eda haberlo hecho como modificaci\u00f3n del Plan General Metropolitano. Pero no ocurre nada. Se dicta la sentencia, las obras contin\u00faan, tendremos una nueva v\u00eda que consagrar\u00e1 la ilegalidad y ya veremos en el futuro qui\u00e9n es el guapo que deshace el l\u00edo, al igual que en Consell de Cent. Con todos estos precedentes, \u00bfc\u00f3mo confiar en las instituciones pol\u00edticas y en el TC, que tambi\u00e9n se ha convertido en una instancia pol\u00edtica? \u00bfC\u00f3mo se quiere, con esta pedagog\u00eda, que la sociedad civil no pretenda tambi\u00e9n...\" \/>\n<meta property=\"og:url\" content=\"https:\/\/conversesacatalunya.cat\/es\/la-politica-se-ha-instalado-en-la-ilegalidad-y-la-falta-de-legitimidad\/\" \/>\n<meta property=\"og:site_name\" content=\"Converses a Catalunya\" \/>\n<meta property=\"article:published_time\" content=\"2024-06-27T13:33:58+00:00\" \/>\n<meta property=\"article:modified_time\" content=\"2024-06-27T13:45:00+00:00\" \/>\n<meta property=\"og:image\" content=\"https:\/\/conversesacatalunya.cat\/wp-content\/uploads\/2024\/06\/corrupcion.png\" \/>\n\t<meta property=\"og:image:width\" content=\"650\" \/>\n\t<meta property=\"og:image:height\" content=\"371\" \/>\n\t<meta property=\"og:image:type\" content=\"image\/png\" \/>\n<meta name=\"author\" content=\"Enric Casanovas\" \/>\n<meta name=\"twitter:card\" content=\"summary_large_image\" \/>\n<meta name=\"twitter:label1\" content=\"Escrito por\" \/>\n\t<meta name=\"twitter:data1\" content=\"Enric Casanovas\" \/>\n\t<meta name=\"twitter:label2\" content=\"Tiempo de lectura\" \/>\n\t<meta name=\"twitter:data2\" content=\"6 minutos\" \/>\n<script type=\"application\/ld+json\" class=\"yoast-schema-graph\">{\"@context\":\"https:\/\/schema.org\",\"@graph\":[{\"@type\":\"Article\",\"@id\":\"https:\/\/conversesacatalunya.cat\/es\/la-politica-se-ha-instalado-en-la-ilegalidad-y-la-falta-de-legitimidad\/#article\",\"isPartOf\":{\"@id\":\"https:\/\/conversesacatalunya.cat\/es\/la-politica-se-ha-instalado-en-la-ilegalidad-y-la-falta-de-legitimidad\/\"},\"author\":{\"name\":\"Enric Casanovas\",\"@id\":\"https:\/\/conversesacatalunya.cat\/#\/schema\/person\/79bd0577b2f3afc8d6519d207c6e8609\"},\"headline\":\"La pol\u00edtica se ha instalado en la ilegalidad y la falta de legitimidad\",\"datePublished\":\"2024-06-27T13:33:58+00:00\",\"dateModified\":\"2024-06-27T13:45:00+00:00\",\"mainEntityOfPage\":{\"@id\":\"https:\/\/conversesacatalunya.cat\/es\/la-politica-se-ha-instalado-en-la-ilegalidad-y-la-falta-de-legitimidad\/\"},\"wordCount\":1115,\"commentCount\":0,\"image\":{\"@id\":\"https:\/\/conversesacatalunya.cat\/es\/la-politica-se-ha-instalado-en-la-ilegalidad-y-la-falta-de-legitimidad\/#primaryimage\"},\"thumbnailUrl\":\"https:\/\/conversesacatalunya.cat\/wp-content\/uploads\/2024\/06\/corrupcion.png\",\"keywords\":[\"CGPJ\"],\"articleSection\":[\"Punts clau del dia (ES)\"],\"inLanguage\":\"es\",\"potentialAction\":[{\"@type\":\"CommentAction\",\"name\":\"Comment\",\"target\":[\"https:\/\/conversesacatalunya.cat\/es\/la-politica-se-ha-instalado-en-la-ilegalidad-y-la-falta-de-legitimidad\/#respond\"]}]},{\"@type\":\"WebPage\",\"@id\":\"https:\/\/conversesacatalunya.cat\/es\/la-politica-se-ha-instalado-en-la-ilegalidad-y-la-falta-de-legitimidad\/\",\"url\":\"https:\/\/conversesacatalunya.cat\/es\/la-politica-se-ha-instalado-en-la-ilegalidad-y-la-falta-de-legitimidad\/\",\"name\":\"La pol\u00edtica se ha instalado en la ilegalidad y la falta de legitimidad - Converses a Catalunya\",\"isPartOf\":{\"@id\":\"https:\/\/conversesacatalunya.cat\/#website\"},\"primaryImageOfPage\":{\"@id\":\"https:\/\/conversesacatalunya.cat\/es\/la-politica-se-ha-instalado-en-la-ilegalidad-y-la-falta-de-legitimidad\/#primaryimage\"},\"image\":{\"@id\":\"https:\/\/conversesacatalunya.cat\/es\/la-politica-se-ha-instalado-en-la-ilegalidad-y-la-falta-de-legitimidad\/#primaryimage\"},\"thumbnailUrl\":\"https:\/\/conversesacatalunya.cat\/wp-content\/uploads\/2024\/06\/corrupcion.png\",\"datePublished\":\"2024-06-27T13:33:58+00:00\",\"dateModified\":\"2024-06-27T13:45:00+00:00\",\"author\":{\"@id\":\"https:\/\/conversesacatalunya.cat\/#\/schema\/person\/79bd0577b2f3afc8d6519d207c6e8609\"},\"breadcrumb\":{\"@id\":\"https:\/\/conversesacatalunya.cat\/es\/la-politica-se-ha-instalado-en-la-ilegalidad-y-la-falta-de-legitimidad\/#breadcrumb\"},\"inLanguage\":\"es\",\"potentialAction\":[{\"@type\":\"ReadAction\",\"target\":[\"https:\/\/conversesacatalunya.cat\/es\/la-politica-se-ha-instalado-en-la-ilegalidad-y-la-falta-de-legitimidad\/\"]}]},{\"@type\":\"ImageObject\",\"inLanguage\":\"es\",\"@id\":\"https:\/\/conversesacatalunya.cat\/es\/la-politica-se-ha-instalado-en-la-ilegalidad-y-la-falta-de-legitimidad\/#primaryimage\",\"url\":\"https:\/\/conversesacatalunya.cat\/wp-content\/uploads\/2024\/06\/corrupcion.png\",\"contentUrl\":\"https:\/\/conversesacatalunya.cat\/wp-content\/uploads\/2024\/06\/corrupcion.png\",\"width\":650,\"height\":371},{\"@type\":\"BreadcrumbList\",\"@id\":\"https:\/\/conversesacatalunya.cat\/es\/la-politica-se-ha-instalado-en-la-ilegalidad-y-la-falta-de-legitimidad\/#breadcrumb\",\"itemListElement\":[{\"@type\":\"ListItem\",\"position\":1,\"name\":\"Inici\",\"item\":\"https:\/\/conversesacatalunya.cat\/es\/\"},{\"@type\":\"ListItem\",\"position\":2,\"name\":\"La pol\u00edtica se ha instalado en la ilegalidad y la falta de legitimidad\"}]},{\"@type\":\"WebSite\",\"@id\":\"https:\/\/conversesacatalunya.cat\/#website\",\"url\":\"https:\/\/conversesacatalunya.cat\/\",\"name\":\"Converses a Catalunya\",\"description\":\"\",\"potentialAction\":[{\"@type\":\"SearchAction\",\"target\":{\"@type\":\"EntryPoint\",\"urlTemplate\":\"https:\/\/conversesacatalunya.cat\/?s={search_term_string}\"},\"query-input\":{\"@type\":\"PropertyValueSpecification\",\"valueRequired\":true,\"valueName\":\"search_term_string\"}}],\"inLanguage\":\"es\"},{\"@type\":\"Person\",\"@id\":\"https:\/\/conversesacatalunya.cat\/#\/schema\/person\/79bd0577b2f3afc8d6519d207c6e8609\",\"name\":\"Enric Casanovas\",\"image\":{\"@type\":\"ImageObject\",\"inLanguage\":\"es\",\"@id\":\"https:\/\/conversesacatalunya.cat\/#\/schema\/person\/image\/\",\"url\":\"https:\/\/conversesacatalunya.cat\/wp-content\/litespeed\/avatar\/7ae4379ad4421ec77820e92afd36dd78.jpg?ver=1777373933\",\"contentUrl\":\"https:\/\/conversesacatalunya.cat\/wp-content\/litespeed\/avatar\/7ae4379ad4421ec77820e92afd36dd78.jpg?ver=1777373933\",\"caption\":\"Enric Casanovas\"},\"url\":\"https:\/\/conversesacatalunya.cat\/es\/author\/enric-casanovas\/\"}]}<\/script>\n<!-- \/ Yoast SEO plugin. -->","yoast_head_json":{"title":"La pol\u00edtica se ha instalado en la ilegalidad y la falta de legitimidad - Converses a Catalunya","robots":{"index":"index","follow":"follow","max-snippet":"max-snippet:-1","max-image-preview":"max-image-preview:large","max-video-preview":"max-video-preview:-1"},"canonical":"https:\/\/conversesacatalunya.cat\/es\/la-politica-se-ha-instalado-en-la-ilegalidad-y-la-falta-de-legitimidad\/","og_locale":"es_ES","og_type":"article","og_title":"La pol\u00edtica se ha instalado en la ilegalidad y la falta de legitimidad - Converses a Catalunya","og_description":"La pol\u00edtica en nuestro pa\u00eds se ha instalado en la ilegalidad, en\u00a0el abuso de la ley por sistema, en la ilegitimidad, generando una carcoma que est\u00e1 destruyendo por dentro las instituciones y la confianza de la gente en ellas. Todo esto es muy peligroso. S\u00f3lo hace falta recapitular sobre los \u00faltimos hechos, sin pretensi\u00f3n de un inventario, para constatar la gravedad de este gran problema. Destaca, en primer t\u00e9rmino, el\u00a0informe que har\u00e1 p\u00fablico la UE sobre la justicia espa\u00f1ol , que deja muy maltrecho al estado y a las instituciones de gobierno. Es posible que exista una mejora en el redactado de urgencia tras el\u00a0acuerdo entre gobierno y PP sobre el CGPJ, pero, en todo caso, la advertencia seguir\u00e1 existiendo. De hecho, era tan grave que es el motor que ha impulsado a S\u00e1nchez a un tipo de acuerdo con el PP que no cuadra con sus pretensiones ampliamente anunciadas en el pasado, y que, por tanto, todav\u00eda est\u00e1 por ver que se llegue a cumplir en todos sus extremos. Lo ocurrido con este pacto, positivo en cuanto a su resultado, es absolutamente an\u00f3malo. No es normal que un pa\u00eds deba negociar un acuerdo interno en Bruselas teniendo como \u00e1rbitro a la propia Comisi\u00f3n. Un hecho de estas caracter\u00edsticas ser\u00eda absolutamente inadmisible, no ya en Francia o en Italia, sino en la propia Alemania. Un segundo factor de esta ilegitimidad persistente es que el acuerdo, pese a su bondad,\u00a0se pasa por el forro lo que dice la Constituci\u00f3n, porque, como ha se\u00f1alado en otras ocasiones Converses, no es ni el gobierno ni el partido de la oposici\u00f3n a quien le corresponde esta tarea, sino al Congreso y al Senado, que han sido de siempre invitados de piedra. Tampoco respeta el\u00a0contenido literal de la ley org\u00e1nica del poder judicial, que en su art\u00edculo 578.2 se\u00f1ala que por la designaci\u00f3n de los vocales del turno judicial se contemplar\u00e1 a los jueces y magistrados afiliados a cada una de las diferentes asociaciones y no afiliados. A la hora de la verdad, el acuerdo se ha producido a base s\u00f3lo de considerar las dos asociaciones mayoritarias que proporcionan 10 de los 12 vocales, mientras que los no asociados quedan relegados a una m\u00ednima presencia, y la tercera asociaci\u00f3n con presencia, Francisco de Vitoria, que tiene m\u00e1s miembros que Jueces para la Democracia, que se ha visto beneficiada con 3 miembros, no tiene ninguna representaci\u00f3n. Todo ello muy arbitrario y francamente ileg\u00edtimo. Un tercer vicio de ilegitimidad se produce reiteradamente en el Tribunal Constitucional. Ahora con motivo de los ERE de Andaluc\u00eda, en los que est\u00e1 procediendo a actuar como un ileg\u00edtimo tribunal de tasaci\u00f3n y revisando\u00a0la sentencia dictada por la audiencia provincial de Sevilla y el Tribunal Supremo al objeto de absolver de responsabilidades a la exconsejera condenada Magdalena \u00c1lvarez, a la que previsiblemente seguir\u00e1n los otros altos cargos como los dos presidentes Gri\u00f1\u00e1n y Chaves. Es un esc\u00e1ndalo que los principales responsables pol\u00edticos de un fraude de 679 millones de euros, de los que s\u00f3lo se han recuperado 27 millones y que sirvieron para regar de dinero con criterios electoralistas a Andaluc\u00eda, de forma absolutamente arbitraria, ahora resulten que por una interpretaci\u00f3n del TC quedan librados de responsabilidad. Es muy gordo. Pero lo es tambi\u00e9n que el propio presidente del TC, que se abstuvo en los ERE cuando el caso lleg\u00f3 al Tribunal Supremo, ahora haya votado por exonerar a los condenados o que haya redactado la ponencia que lo justifica, la misma persona que fue condecorada por la Junta de Andaluc\u00eda cuando mandaban los ahora condenados. O que haya votado y no se haya excluido al exministro de S\u00e1nchez, Juan Carlos Campo, que fue el cargo de la Junta de Andaluc\u00eda durante la \u00e9poca de Chaves y, por tanto, en el per\u00edodo de los ERE. Todo esto es muy grave y parece que no ocurra nada. Por otra parte, existe la\u00a0utilizaci\u00f3n ileg\u00edtima del recurso del Constitucional por parte del gobierno espa\u00f1ol. En este caso concreto, en relaci\u00f3n a la ley trans que ha llevado a cabo la Comunidad de Madrid. La inconstitucionalidad que aduce es que la ley es regresiva porque, a diferencia de la ley espa\u00f1ola, establece lo que era habitual, y lo es en la mayor\u00eda de los pa\u00edses de Europa, que es el examen m\u00e9dico a los menores trans que quieran hormonarse. De esta forma, la discrepancia pol\u00edtica e ideol\u00f3gica con lo que quiere el gobierno es transformada en una cuesti\u00f3n inconstitucional. Por esta l\u00f3gica, no podr\u00eda haber oposici\u00f3n pol\u00edtica porque toda ley del gobierno marcar\u00eda la constitucionalidad, lo que no es cierto. Este artefacto, aliado con el dominio gubernamental del TC, transforma el recurso de inconstitucionalidad no en una garant\u00eda, sino en un instrumento de destrucci\u00f3n jur\u00eddica, porque de entrada la ley recurrida queda suspendida y permanece en esa condici\u00f3n hasta que el TC decida en un plazo que puede extenderse durante a\u00f1os. Y si pasamos a menor escala, la local, podemos constatar c\u00f3mo la ilegalidad en este caso est\u00e1 a la orden del d\u00eda. Ahora mismo se ha vuelto a producir el asunto de que unas obras de gran envergadura, las de la Via Laietana, han sido consideradas como ilegales y la justicia ha revocado el acuerdo que aprob\u00f3 la remodelaci\u00f3n de la avenida. La raz\u00f3n es la misma que lo que ha pasado con los ejes verdes como Consell de Cent. Es porque\u00a0el Ayuntamiento, fraudulentamente, ha tramitado esta gran obra como si fuera una pura reforma vial, cuando en realidad deber\u00eda haberlo hecho como modificaci\u00f3n del Plan General Metropolitano. Pero no ocurre nada. Se dicta la sentencia, las obras contin\u00faan, tendremos una nueva v\u00eda que consagrar\u00e1 la ilegalidad y ya veremos en el futuro qui\u00e9n es el guapo que deshace el l\u00edo, al igual que en Consell de Cent. Con todos estos precedentes, \u00bfc\u00f3mo confiar en las instituciones pol\u00edticas y en el TC, que tambi\u00e9n se ha convertido en una instancia pol\u00edtica? \u00bfC\u00f3mo se quiere, con esta pedagog\u00eda, que la sociedad civil no pretenda tambi\u00e9n...","og_url":"https:\/\/conversesacatalunya.cat\/es\/la-politica-se-ha-instalado-en-la-ilegalidad-y-la-falta-de-legitimidad\/","og_site_name":"Converses a Catalunya","article_published_time":"2024-06-27T13:33:58+00:00","article_modified_time":"2024-06-27T13:45:00+00:00","og_image":[{"width":650,"height":371,"url":"https:\/\/conversesacatalunya.cat\/wp-content\/uploads\/2024\/06\/corrupcion.png","type":"image\/png"}],"author":"Enric Casanovas","twitter_card":"summary_large_image","twitter_misc":{"Escrito por":"Enric Casanovas","Tiempo de lectura":"6 minutos"},"schema":{"@context":"https:\/\/schema.org","@graph":[{"@type":"Article","@id":"https:\/\/conversesacatalunya.cat\/es\/la-politica-se-ha-instalado-en-la-ilegalidad-y-la-falta-de-legitimidad\/#article","isPartOf":{"@id":"https:\/\/conversesacatalunya.cat\/es\/la-politica-se-ha-instalado-en-la-ilegalidad-y-la-falta-de-legitimidad\/"},"author":{"name":"Enric Casanovas","@id":"https:\/\/conversesacatalunya.cat\/#\/schema\/person\/79bd0577b2f3afc8d6519d207c6e8609"},"headline":"La pol\u00edtica se ha instalado en la ilegalidad y la falta de legitimidad","datePublished":"2024-06-27T13:33:58+00:00","dateModified":"2024-06-27T13:45:00+00:00","mainEntityOfPage":{"@id":"https:\/\/conversesacatalunya.cat\/es\/la-politica-se-ha-instalado-en-la-ilegalidad-y-la-falta-de-legitimidad\/"},"wordCount":1115,"commentCount":0,"image":{"@id":"https:\/\/conversesacatalunya.cat\/es\/la-politica-se-ha-instalado-en-la-ilegalidad-y-la-falta-de-legitimidad\/#primaryimage"},"thumbnailUrl":"https:\/\/conversesacatalunya.cat\/wp-content\/uploads\/2024\/06\/corrupcion.png","keywords":["CGPJ"],"articleSection":["Punts clau del dia (ES)"],"inLanguage":"es","potentialAction":[{"@type":"CommentAction","name":"Comment","target":["https:\/\/conversesacatalunya.cat\/es\/la-politica-se-ha-instalado-en-la-ilegalidad-y-la-falta-de-legitimidad\/#respond"]}]},{"@type":"WebPage","@id":"https:\/\/conversesacatalunya.cat\/es\/la-politica-se-ha-instalado-en-la-ilegalidad-y-la-falta-de-legitimidad\/","url":"https:\/\/conversesacatalunya.cat\/es\/la-politica-se-ha-instalado-en-la-ilegalidad-y-la-falta-de-legitimidad\/","name":"La pol\u00edtica se ha instalado en la ilegalidad y la falta de legitimidad - Converses a Catalunya","isPartOf":{"@id":"https:\/\/conversesacatalunya.cat\/#website"},"primaryImageOfPage":{"@id":"https:\/\/conversesacatalunya.cat\/es\/la-politica-se-ha-instalado-en-la-ilegalidad-y-la-falta-de-legitimidad\/#primaryimage"},"image":{"@id":"https:\/\/conversesacatalunya.cat\/es\/la-politica-se-ha-instalado-en-la-ilegalidad-y-la-falta-de-legitimidad\/#primaryimage"},"thumbnailUrl":"https:\/\/conversesacatalunya.cat\/wp-content\/uploads\/2024\/06\/corrupcion.png","datePublished":"2024-06-27T13:33:58+00:00","dateModified":"2024-06-27T13:45:00+00:00","author":{"@id":"https:\/\/conversesacatalunya.cat\/#\/schema\/person\/79bd0577b2f3afc8d6519d207c6e8609"},"breadcrumb":{"@id":"https:\/\/conversesacatalunya.cat\/es\/la-politica-se-ha-instalado-en-la-ilegalidad-y-la-falta-de-legitimidad\/#breadcrumb"},"inLanguage":"es","potentialAction":[{"@type":"ReadAction","target":["https:\/\/conversesacatalunya.cat\/es\/la-politica-se-ha-instalado-en-la-ilegalidad-y-la-falta-de-legitimidad\/"]}]},{"@type":"ImageObject","inLanguage":"es","@id":"https:\/\/conversesacatalunya.cat\/es\/la-politica-se-ha-instalado-en-la-ilegalidad-y-la-falta-de-legitimidad\/#primaryimage","url":"https:\/\/conversesacatalunya.cat\/wp-content\/uploads\/2024\/06\/corrupcion.png","contentUrl":"https:\/\/conversesacatalunya.cat\/wp-content\/uploads\/2024\/06\/corrupcion.png","width":650,"height":371},{"@type":"BreadcrumbList","@id":"https:\/\/conversesacatalunya.cat\/es\/la-politica-se-ha-instalado-en-la-ilegalidad-y-la-falta-de-legitimidad\/#breadcrumb","itemListElement":[{"@type":"ListItem","position":1,"name":"Inici","item":"https:\/\/conversesacatalunya.cat\/es\/"},{"@type":"ListItem","position":2,"name":"La pol\u00edtica se ha instalado en la ilegalidad y la falta de legitimidad"}]},{"@type":"WebSite","@id":"https:\/\/conversesacatalunya.cat\/#website","url":"https:\/\/conversesacatalunya.cat\/","name":"Converses a Catalunya","description":"","potentialAction":[{"@type":"SearchAction","target":{"@type":"EntryPoint","urlTemplate":"https:\/\/conversesacatalunya.cat\/?s={search_term_string}"},"query-input":{"@type":"PropertyValueSpecification","valueRequired":true,"valueName":"search_term_string"}}],"inLanguage":"es"},{"@type":"Person","@id":"https:\/\/conversesacatalunya.cat\/#\/schema\/person\/79bd0577b2f3afc8d6519d207c6e8609","name":"Enric Casanovas","image":{"@type":"ImageObject","inLanguage":"es","@id":"https:\/\/conversesacatalunya.cat\/#\/schema\/person\/image\/","url":"https:\/\/conversesacatalunya.cat\/wp-content\/litespeed\/avatar\/7ae4379ad4421ec77820e92afd36dd78.jpg?ver=1777373933","contentUrl":"https:\/\/conversesacatalunya.cat\/wp-content\/litespeed\/avatar\/7ae4379ad4421ec77820e92afd36dd78.jpg?ver=1777373933","caption":"Enric Casanovas"},"url":"https:\/\/conversesacatalunya.cat\/es\/author\/enric-casanovas\/"}]}},"wps_subtitle":"","_links":{"self":[{"href":"https:\/\/conversesacatalunya.cat\/es\/wp-json\/wp\/v2\/posts\/79298","targetHints":{"allow":["GET"]}}],"collection":[{"href":"https:\/\/conversesacatalunya.cat\/es\/wp-json\/wp\/v2\/posts"}],"about":[{"href":"https:\/\/conversesacatalunya.cat\/es\/wp-json\/wp\/v2\/types\/post"}],"author":[{"embeddable":true,"href":"https:\/\/conversesacatalunya.cat\/es\/wp-json\/wp\/v2\/users\/77"}],"replies":[{"embeddable":true,"href":"https:\/\/conversesacatalunya.cat\/es\/wp-json\/wp\/v2\/comments?post=79298"}],"version-history":[{"count":2,"href":"https:\/\/conversesacatalunya.cat\/es\/wp-json\/wp\/v2\/posts\/79298\/revisions"}],"predecessor-version":[{"id":79300,"href":"https:\/\/conversesacatalunya.cat\/es\/wp-json\/wp\/v2\/posts\/79298\/revisions\/79300"}],"wp:featuredmedia":[{"embeddable":true,"href":"https:\/\/conversesacatalunya.cat\/es\/wp-json\/wp\/v2\/media\/79295"}],"wp:attachment":[{"href":"https:\/\/conversesacatalunya.cat\/es\/wp-json\/wp\/v2\/media?parent=79298"}],"wp:term":[{"taxonomy":"category","embeddable":true,"href":"https:\/\/conversesacatalunya.cat\/es\/wp-json\/wp\/v2\/categories?post=79298"},{"taxonomy":"post_tag","embeddable":true,"href":"https:\/\/conversesacatalunya.cat\/es\/wp-json\/wp\/v2\/tags?post=79298"}],"curies":[{"name":"wp","href":"https:\/\/api.w.org\/{rel}","templated":true}]}}