{"id":79275,"date":"2024-06-26T12:43:16","date_gmt":"2024-06-26T10:43:16","guid":{"rendered":"https:\/\/conversesacatalunya.cat\/previsions-demografiques-de-line\/"},"modified":"2024-06-26T15:36:55","modified_gmt":"2024-06-26T13:36:55","slug":"previsiones-demograficas-del-ine","status":"publish","type":"post","link":"https:\/\/conversesacatalunya.cat\/es\/previsiones-demograficas-del-ine\/","title":{"rendered":"Previsiones demogr\u00e1ficas del INE"},"content":{"rendered":"<p><span>El INE ha hecho p\u00fablicas sus previsiones sobre la evoluci\u00f3n de la poblaci\u00f3n espa\u00f1ola en dos horizontes temporales:\u00a0<\/span><strong><span>2039 y 2074<\/span><\/strong><span>\u00a0. Tres elementos deben llamar necesariamente la atenci\u00f3n.<\/span><\/p>\n<h4><strong><span>1. Envejecimiento<\/span><\/strong><\/h4>\n<p><span>El primero de ellos es el envejecimiento. Un 30% de la poblaci\u00f3n tendr\u00e1 m\u00e1s de 65 a\u00f1os en 2074. Por tanto, entramos en un per\u00edodo en el que las caracter\u00edsticas de esta condici\u00f3n marcar\u00e1n profundamente la sociedad y la econom\u00eda del pa\u00eds.<\/span><\/p>\n<h4><strong><span>2. Hogares unipersonales<\/span><\/strong><\/h4>\n<p><span>La segunda condici\u00f3n es que cada vez habr\u00e1 m\u00e1s personas viviendo solas. En 2039, una tercera parte de los hogares tendr\u00e1 un solo residente. Es una derivada m\u00e1s del envejecimiento porque la mayor\u00eda de estos hogares ser\u00e1n fruto de la viudedad.<\/span><\/p>\n<h4><strong><span>3. Sustituci\u00f3n de poblaci\u00f3n<\/span><\/strong><\/h4>\n<p><span>La tercera caracter\u00edstica es la sustituci\u00f3n de poblaci\u00f3n nacida en Espa\u00f1a por la de\u00a0<\/span><strong><span>procedencia inmigratoria<\/span><\/strong><span>. En 2074 habr\u00e1 54,59 millones de habitantes, de los que 21,28 millones ser\u00e1n nacidos en el extranjero. Esto significa el 39%.<\/span><\/p>\n<p><span>Si se considera que entre la poblaci\u00f3n nacida en Espa\u00f1a en esa fecha habr\u00e1 una parte muy importante de hijos de parejas inmigrantes, tendremos que el cambio habr\u00e1 sido extraordinario si se mantienen estos par\u00e1metros. En 2016, la poblaci\u00f3n nacida en el extranjero representaba el 13%. En 2024, hab\u00eda crecido 4 puntos porcentuales hasta el 17%. Esta multiplicaci\u00f3n mantendr\u00e1 su car\u00e1cter ascendente al menos hasta 2040.<\/span><\/p>\n<p><span>Naturalmente, este valor medio por el conjunto de la poblaci\u00f3n no se reparte de forma igual. Por tanto, en los lugares donde tiende a concentrarse, la proporci\u00f3n ser\u00e1 a\u00fan mayor en cuanto al n\u00famero de personas nacidas fuera. Para situar una referencia concreta: en 2024, como hemos visto, el porcentaje de personas nacidas fuera es del orden del 17%, pero\u00a0<\/span><strong><span>en Catalu\u00f1a es 9 puntos mayor<\/span><\/strong><span>. En Barcelona casi dobla esa cifra, el 31%.<\/span><\/p>\n<p><span>Esto puede significar que en Catalu\u00f1a del orden del 45% de la poblaci\u00f3n haya nacido fuera y que en Barcelona supere claramente la mitad. Todo esto es una revoluci\u00f3n silenciosa que de momento no parece tener muchas consecuencias, pero que antes que tarde evidentemente las tendr\u00e1.<\/span><\/p>\n<p><a href=\"https:\/\/conversesacatalunya.cat\/es\/economia-sociedad-y-politica-turisme-massiu\/\" target=\"_blank\" rel=\"noopener\"><span>Sucede como en el turismo<\/span><\/a><span>, que de una aceptaci\u00f3n generalizada hemos pasado en muy pocos a\u00f1os a una cr\u00edtica y a una posici\u00f3n creciente que acabar\u00e1 trastocando el panorama actual. L\u00f3gicamente, esto tambi\u00e9n ocurrir\u00e1 con el hecho inmigratorio.<\/span><\/p>\n<h3><strong><span>An\u00e1lisis de los datos<\/span><\/strong><\/h3>\n<p><span>Cabe decir que el informe que ha hecho p\u00fablico ahora el INE no es una predicci\u00f3n, en el sentido de que no tiene como objetivo determinar cu\u00e1l es la evoluci\u00f3n m\u00e1s probable; simplemente se ha proyectado a la poblaci\u00f3n considerando que se mantienen las tendencias actuales. Por tanto, los resultados reales pueden ser sensiblemente diferentes.<\/span><\/p>\n<p><span>Una novedad de este an\u00e1lisis es que se ha efectuado una consulta en forma de encuesta a los dem\u00f3grafos de toda Espa\u00f1a para establecer las hip\u00f3tesis de futuro comportamiento de los par\u00e1metros demogr\u00e1ficos. En este sentido, llama la atenci\u00f3n que se considere que\u00a0<\/span><strong><span>la natalidad tender\u00e1 a mejorar<\/span><\/strong><span>\u00a0porque la fecundidad de las mujeres, el n\u00famero de hijos que tienen, aumentar\u00e1 ligeramente del 1,16 actual a 1,24 en 2038.<\/span><\/p>\n<p><span>De hecho, la previsi\u00f3n se\u00f1ala que los nacimientos empezar\u00e1n a aumentar algo en el 2024 y seguir\u00e1n esta evoluci\u00f3n. Se tendr\u00e1 ocasi\u00f3n de constatar en breve si esta previsi\u00f3n realmente responde a la realidad o no.<\/span><\/p>\n<h3><strong><span>Mortalidad e inmigraci\u00f3n<\/span><\/strong><\/h3>\n<p><span>Lo que es evidente es que Espa\u00f1a ha entrado en una situaci\u00f3n en la que\u00a0<\/span><strong><span>mueren m\u00e1s personas de las que nacen<\/span><\/strong><span>\u00a0y que, por tanto, todo el aumento de poblaci\u00f3n que se producir\u00e1 ser\u00e1 de naturaleza inmigratoria. Este fen\u00f3meno va sucediendo ya desde el 2016, con el a\u00f1adido de que cada vez ser\u00e1 mayor la diferencia entre ambos componentes porque la mortalidad, por raz\u00f3n del envejecimiento de la poblaci\u00f3n, tender\u00e1 a crecer de forma m\u00e1s sustancial que los nacimientos.<\/span><\/p>\n<h3><strong><span>Emigraci\u00f3n y descapitalizaci\u00f3n<\/span><\/strong><\/h3>\n<p><span>Hay otro factor que no se tiene en cuenta y tiene mucha importancia: la emigraci\u00f3n. Si en 2022 hubo 1.258.000 inmigrantes, se produjo al mismo tiempo la marcha de 531.000 personas. El saldo migratorio es positivo con 727.000, pero sus efectos son muy distintos.<\/span><\/p>\n<p><span>En este proceso existe una\u00a0<\/span><strong><span>descapitalizaci\u00f3n en capital humano de Espa\u00f1a<\/span><\/strong><span>\u00a0porque la inmensa mayor\u00eda de los 1,2 millones de inmigrantes es portador de niveles de capital humano bajo o muy bajo. Mientras que la mayor parte del medio mill\u00f3n que emigra corresponde a altos niveles de formaci\u00f3n, a gente con estudios t\u00e9cnicos o universitarios que no encuentran en Espa\u00f1a las condiciones laborales que buscan.<\/span><\/p>\n<p><span>Es un p\u00e9simo negocio para el pa\u00eds porque significa que hay un coste p\u00fablico: el de formar a personas hasta titulaciones superiores que se pierde porque se marchan fuera para insertarse en el \u00e1mbito laboral y, por tanto, no generan el retorno que ser\u00eda esperable. Y tambi\u00e9n existe descapitalizaci\u00f3n porque los reci\u00e9n llegados se insertan en actividades econ\u00f3micas de mucha menor productividad.<\/span><\/p>\n<h4><strong><span>Consecuencias a largo plazo<\/span><\/strong><\/h4>\n<p><span>Estos escenarios, envejecimiento, crecimiento de las personas que viven solas, un peso abrumador de la inmigraci\u00f3n, p\u00e9rdida de capital humano y de productividad, afectan gravemente a la prosperidad y bienestar del pa\u00eds a medio y largo plazo.<\/span><\/p>\n<p><span>La gravedad de todo ello exigir\u00eda un debate social y pol\u00edtico sobre c\u00f3mo afrontar y modificar estos escenarios. Pero la realidad es que es un debate inexistente porque deliberadamente se escapa de \u00e9l. Sobre todo por raz\u00f3n fundamental: porque es pol\u00edticamente incorrecto debatir sobre las causas y consecuencias de la gran inmigraci\u00f3n que experimenta Espa\u00f1a y el proceso de sustituci\u00f3n de poblaci\u00f3n aut\u00f3ctona que se est\u00e1 produciendo.<\/span><\/p>\n<div id=\"polls-247\" class=\"wp-polls\">\n\t<form id=\"polls_form_247\" class=\"wp-polls-form\" action=\"\/index.php\" method=\"post\">\n\t\t<p style=\"display: none;\"><input type=\"hidden\" id=\"poll_247_nonce\" name=\"wp-polls-nonce\" value=\"c5e151a773\" \/><\/p>\n\t\t<p style=\"display: none;\"><input type=\"hidden\" name=\"poll_id\" value=\"247\" \/><\/p>\n\t\t<p style=\"text-align: center\"><strong>Est\u00e0s d'acord amb el pla de regeneraci\u00f3 democr\u00e0tica per a aplicar als mitjans de comunicaci\u00f3 que planteja S\u00e1nchez?<\/strong><\/p><div id=\"polls-247-ans\" class=\"wp-polls-ans\"><ul class=\"wp-polls-ul\">\n\t\t<li><input type=\"radio\" id=\"poll-answer-693\" name=\"poll_247\" value=\"693\" \/> <label for=\"poll-answer-693\">S\u00ed<\/label><\/li>\n\t\t<li><input type=\"radio\" id=\"poll-answer-694\" name=\"poll_247\" value=\"694\" \/> <label for=\"poll-answer-694\">No<\/label><\/li>\n\t\t<li><input type=\"radio\" id=\"poll-answer-695\" name=\"poll_247\" value=\"695\" \/> <label for=\"poll-answer-695\">No ho s\u00e9<\/label><\/li>\n\t\t<\/ul><p style=\"text-align: center\"><input type=\"button\" name=\"vote\" value=\"   Vota   \" class=\"Buttons\" onclick=\"poll_vote(247);\" \/><\/p><p style=\"text-align: center\"><a href=\"#ViewPollResults\" onclick=\"poll_result(247); return false;\" title=\"View Results Of This Poll\">Mira els resultats<\/a><\/p><\/div>\n\t<\/form>\n<\/div>\n<div id=\"polls-247-loading\" class=\"wp-polls-loading\"><img decoding=\"async\" data-src=\"https:\/\/conversesacatalunya.cat\/wp-content\/plugins\/wp-polls\/images\/loading.gif\" width=\"16\" height=\"16\" alt=\"Cargando ...\" title=\"Cargando ...\" class=\"wp-polls-image lazyload\" src=\"data:image\/svg+xml;base64,PHN2ZyB3aWR0aD0iMSIgaGVpZ2h0PSIxIiB4bWxucz0iaHR0cDovL3d3dy53My5vcmcvMjAwMC9zdmciPjwvc3ZnPg==\" style=\"--smush-placeholder-width: 16px; --smush-placeholder-aspect-ratio: 16\/16;\" \/>&nbsp;Cargando ...<\/div>\n\n","protected":false},"excerpt":{"rendered":"<p>El INE ha hecho p\u00fablicas sus previsiones sobre la evoluci\u00f3n de la poblaci\u00f3n espa\u00f1ola en dos horizontes temporales:\u00a02039 y 2074\u00a0. Tres elementos deben llamar necesariamente la atenci\u00f3n. 1. Envejecimiento El primero de ellos es el envejecimiento. Un 30% de la poblaci\u00f3n tendr\u00e1 m\u00e1s de 65 a\u00f1os en 2074. Por tanto, entramos en un per\u00edodo en el que las caracter\u00edsticas de esta condici\u00f3n marcar\u00e1n profundamente la sociedad y la econom\u00eda del pa\u00eds. 2. Hogares unipersonales La segunda condici\u00f3n es que cada vez habr\u00e1 m\u00e1s personas viviendo solas. En 2039, una tercera parte de los hogares tendr\u00e1 un solo residente. Es una derivada m\u00e1s del envejecimiento porque la mayor\u00eda de estos hogares ser\u00e1n fruto de la viudedad. 3. Sustituci\u00f3n de poblaci\u00f3n La tercera caracter\u00edstica es la sustituci\u00f3n de poblaci\u00f3n nacida en Espa\u00f1a por la de\u00a0procedencia inmigratoria. En 2074 habr\u00e1 54,59 millones de habitantes, de los que 21,28 millones ser\u00e1n nacidos en el extranjero. Esto significa el 39%. Si se considera que entre la poblaci\u00f3n nacida en Espa\u00f1a en esa fecha habr\u00e1 una parte muy importante de hijos de parejas inmigrantes, tendremos que el cambio habr\u00e1 sido extraordinario si se mantienen estos par\u00e1metros. En 2016, la poblaci\u00f3n nacida en el extranjero representaba el 13%. En 2024, hab\u00eda crecido 4 puntos porcentuales hasta el 17%. Esta multiplicaci\u00f3n mantendr\u00e1 su car\u00e1cter ascendente al menos hasta 2040. Naturalmente, este valor medio por el conjunto de la poblaci\u00f3n no se reparte de forma igual. Por tanto, en los lugares donde tiende a concentrarse, la proporci\u00f3n ser\u00e1 a\u00fan mayor en cuanto al n\u00famero de personas nacidas fuera. Para situar una referencia concreta: en 2024, como hemos visto, el porcentaje de personas nacidas fuera es del orden del 17%, pero\u00a0en Catalu\u00f1a es 9 puntos mayor. En Barcelona casi dobla esa cifra, el 31%. Esto puede significar que en Catalu\u00f1a del orden del 45% de la poblaci\u00f3n haya nacido fuera y que en Barcelona supere claramente la mitad. Todo esto es una revoluci\u00f3n silenciosa que de momento no parece tener muchas consecuencias, pero que antes que tarde evidentemente las tendr\u00e1. Sucede como en el turismo, que de una aceptaci\u00f3n generalizada hemos pasado en muy pocos a\u00f1os a una cr\u00edtica y a una posici\u00f3n creciente que acabar\u00e1 trastocando el panorama actual. L\u00f3gicamente, esto tambi\u00e9n ocurrir\u00e1 con el hecho inmigratorio. An\u00e1lisis de los datos Cabe decir que el informe que ha hecho p\u00fablico ahora el INE no es una predicci\u00f3n, en el sentido de que no tiene como objetivo determinar cu\u00e1l es la evoluci\u00f3n m\u00e1s probable; simplemente se ha proyectado a la poblaci\u00f3n considerando que se mantienen las tendencias actuales. Por tanto, los resultados reales pueden ser sensiblemente diferentes. Una novedad de este an\u00e1lisis es que se ha efectuado una consulta en forma de encuesta a los dem\u00f3grafos de toda Espa\u00f1a para establecer las hip\u00f3tesis de futuro comportamiento de los par\u00e1metros demogr\u00e1ficos. En este sentido, llama la atenci\u00f3n que se considere que\u00a0la natalidad tender\u00e1 a mejorar\u00a0porque la fecundidad de las mujeres, el n\u00famero de hijos que tienen, aumentar\u00e1 ligeramente del 1,16 actual a 1,24 en 2038. De hecho, la previsi\u00f3n se\u00f1ala que los nacimientos empezar\u00e1n a aumentar algo en el 2024 y seguir\u00e1n esta evoluci\u00f3n. Se tendr\u00e1 ocasi\u00f3n de constatar en breve si esta previsi\u00f3n realmente responde a la realidad o no. Mortalidad e inmigraci\u00f3n Lo que es evidente es que Espa\u00f1a ha entrado en una situaci\u00f3n en la que\u00a0mueren m\u00e1s personas de las que nacen\u00a0y que, por tanto, todo el aumento de poblaci\u00f3n que se producir\u00e1 ser\u00e1 de naturaleza inmigratoria. Este fen\u00f3meno va sucediendo ya desde el 2016, con el a\u00f1adido de que cada vez ser\u00e1 mayor la diferencia entre ambos componentes porque la mortalidad, por raz\u00f3n del envejecimiento de la poblaci\u00f3n, tender\u00e1 a crecer de forma m\u00e1s sustancial que los nacimientos. Emigraci\u00f3n y descapitalizaci\u00f3n Hay otro factor que no se tiene en cuenta y tiene mucha importancia: la emigraci\u00f3n. Si en 2022 hubo 1.258.000 inmigrantes, se produjo al mismo tiempo la marcha de 531.000 personas. El saldo migratorio es positivo con 727.000, pero sus efectos son muy distintos. En este proceso existe una\u00a0descapitalizaci\u00f3n en capital humano de Espa\u00f1a\u00a0porque la inmensa mayor\u00eda de los 1,2 millones de inmigrantes es portador de niveles de capital humano bajo o muy bajo. Mientras que la mayor parte del medio mill\u00f3n que emigra corresponde a altos niveles de formaci\u00f3n, a gente con estudios t\u00e9cnicos o universitarios que no encuentran en Espa\u00f1a las condiciones laborales que buscan. Es un p\u00e9simo negocio para el pa\u00eds porque significa que hay un coste p\u00fablico: el de formar a personas hasta titulaciones superiores que se pierde porque se marchan fuera para insertarse en el \u00e1mbito laboral y, por tanto, no generan el retorno que ser\u00eda esperable. Y tambi\u00e9n existe descapitalizaci\u00f3n porque los reci\u00e9n llegados se insertan en actividades econ\u00f3micas de mucha menor productividad. Consecuencias a largo plazo Estos escenarios, envejecimiento, crecimiento de las personas que viven solas, un peso abrumador de la inmigraci\u00f3n, p\u00e9rdida de capital humano y de productividad, afectan gravemente a la prosperidad y bienestar del pa\u00eds a medio y largo plazo. La gravedad de todo ello exigir\u00eda un debate social y pol\u00edtico sobre c\u00f3mo afrontar y modificar estos escenarios. Pero la realidad es que es un debate inexistente porque deliberadamente se escapa de \u00e9l. Sobre todo por raz\u00f3n fundamental: porque es pol\u00edticamente incorrecto debatir sobre las causas y consecuencias de la gran inmigraci\u00f3n que experimenta Espa\u00f1a y el proceso de sustituci\u00f3n de poblaci\u00f3n aut\u00f3ctona que se est\u00e1 produciendo.<\/p>\n","protected":false},"author":19,"featured_media":79262,"comment_status":"open","ping_status":"open","sticky":false,"template":"","format":"standard","meta":{"_FSMCFIC_featured_image_caption":"","_FSMCFIC_featured_image_nocaption":"","_FSMCFIC_featured_image_hide":"","footnotes":""},"categories":[806],"tags":[2603,1312],"class_list":["post-79275","post","type-post","status-publish","format-standard","has-post-thumbnail","hentry","category-punts-claus-del-dia-es","tag-crisis-demografica","tag-demografia-es"],"yoast_head":"<!-- This site is optimized with the Yoast SEO plugin v26.8 - https:\/\/yoast.com\/product\/yoast-seo-wordpress\/ -->\n<title>Previsiones demogr\u00e1ficas del INE - Converses a Catalunya<\/title>\n<meta name=\"description\" content=\"No lo llamemos reemplazo, pero ciertamente es una sustituci\u00f3n\" \/>\n<meta name=\"robots\" content=\"index, follow, max-snippet:-1, max-image-preview:large, max-video-preview:-1\" \/>\n<link rel=\"canonical\" href=\"https:\/\/conversesacatalunya.cat\/es\/previsiones-demograficas-del-ine\/\" \/>\n<meta property=\"og:locale\" content=\"es_ES\" \/>\n<meta property=\"og:type\" content=\"article\" \/>\n<meta property=\"og:title\" content=\"Previsiones demogr\u00e1ficas del INE - Converses a Catalunya\" \/>\n<meta property=\"og:description\" content=\"No lo llamemos reemplazo, pero ciertamente es una sustituci\u00f3n\" \/>\n<meta property=\"og:url\" content=\"https:\/\/conversesacatalunya.cat\/es\/previsiones-demograficas-del-ine\/\" \/>\n<meta property=\"og:site_name\" content=\"Converses a Catalunya\" \/>\n<meta property=\"article:published_time\" content=\"2024-06-26T10:43:16+00:00\" \/>\n<meta property=\"article:modified_time\" content=\"2024-06-26T13:36:55+00:00\" \/>\n<meta property=\"og:image\" content=\"https:\/\/conversesacatalunya.cat\/wp-content\/uploads\/2024\/06\/previsiones-demograficas.jpg\" \/>\n\t<meta property=\"og:image:width\" content=\"703\" \/>\n\t<meta property=\"og:image:height\" content=\"408\" \/>\n\t<meta property=\"og:image:type\" content=\"image\/jpeg\" \/>\n<meta name=\"author\" content=\"Josep Mir\u00f3 i Ard\u00e8vol\" \/>\n<meta name=\"twitter:card\" content=\"summary_large_image\" \/>\n<meta name=\"twitter:label1\" content=\"Escrito por\" \/>\n\t<meta name=\"twitter:data1\" content=\"Josep Mir\u00f3 i Ard\u00e8vol\" \/>\n\t<meta name=\"twitter:label2\" content=\"Tiempo de lectura\" \/>\n\t<meta name=\"twitter:data2\" content=\"5 minutos\" \/>\n<script type=\"application\/ld+json\" class=\"yoast-schema-graph\">{\"@context\":\"https:\/\/schema.org\",\"@graph\":[{\"@type\":\"Article\",\"@id\":\"https:\/\/conversesacatalunya.cat\/es\/previsiones-demograficas-del-ine\/#article\",\"isPartOf\":{\"@id\":\"https:\/\/conversesacatalunya.cat\/es\/previsiones-demograficas-del-ine\/\"},\"author\":{\"name\":\"Josep Mir\u00f3 i Ard\u00e8vol\",\"@id\":\"https:\/\/conversesacatalunya.cat\/#\/schema\/person\/a9598a6786ba7d3d1c5e0de477b79370\"},\"headline\":\"Previsiones demogr\u00e1ficas del INE\",\"datePublished\":\"2024-06-26T10:43:16+00:00\",\"dateModified\":\"2024-06-26T13:36:55+00:00\",\"mainEntityOfPage\":{\"@id\":\"https:\/\/conversesacatalunya.cat\/es\/previsiones-demograficas-del-ine\/\"},\"wordCount\":993,\"commentCount\":0,\"image\":{\"@id\":\"https:\/\/conversesacatalunya.cat\/es\/previsiones-demograficas-del-ine\/#primaryimage\"},\"thumbnailUrl\":\"https:\/\/conversesacatalunya.cat\/wp-content\/uploads\/2024\/06\/previsiones-demograficas.jpg\",\"keywords\":[\"crisis demogr\u00e1fica\",\"Demografia\"],\"articleSection\":[\"Punts clau del dia (ES)\"],\"inLanguage\":\"es\",\"potentialAction\":[{\"@type\":\"CommentAction\",\"name\":\"Comment\",\"target\":[\"https:\/\/conversesacatalunya.cat\/es\/previsiones-demograficas-del-ine\/#respond\"]}]},{\"@type\":\"WebPage\",\"@id\":\"https:\/\/conversesacatalunya.cat\/es\/previsiones-demograficas-del-ine\/\",\"url\":\"https:\/\/conversesacatalunya.cat\/es\/previsiones-demograficas-del-ine\/\",\"name\":\"Previsiones demogr\u00e1ficas del INE - Converses a Catalunya\",\"isPartOf\":{\"@id\":\"https:\/\/conversesacatalunya.cat\/#website\"},\"primaryImageOfPage\":{\"@id\":\"https:\/\/conversesacatalunya.cat\/es\/previsiones-demograficas-del-ine\/#primaryimage\"},\"image\":{\"@id\":\"https:\/\/conversesacatalunya.cat\/es\/previsiones-demograficas-del-ine\/#primaryimage\"},\"thumbnailUrl\":\"https:\/\/conversesacatalunya.cat\/wp-content\/uploads\/2024\/06\/previsiones-demograficas.jpg\",\"datePublished\":\"2024-06-26T10:43:16+00:00\",\"dateModified\":\"2024-06-26T13:36:55+00:00\",\"author\":{\"@id\":\"https:\/\/conversesacatalunya.cat\/#\/schema\/person\/a9598a6786ba7d3d1c5e0de477b79370\"},\"description\":\"No lo llamemos reemplazo, pero ciertamente es una sustituci\u00f3n\",\"breadcrumb\":{\"@id\":\"https:\/\/conversesacatalunya.cat\/es\/previsiones-demograficas-del-ine\/#breadcrumb\"},\"inLanguage\":\"es\",\"potentialAction\":[{\"@type\":\"ReadAction\",\"target\":[\"https:\/\/conversesacatalunya.cat\/es\/previsiones-demograficas-del-ine\/\"]}]},{\"@type\":\"ImageObject\",\"inLanguage\":\"es\",\"@id\":\"https:\/\/conversesacatalunya.cat\/es\/previsiones-demograficas-del-ine\/#primaryimage\",\"url\":\"https:\/\/conversesacatalunya.cat\/wp-content\/uploads\/2024\/06\/previsiones-demograficas.jpg\",\"contentUrl\":\"https:\/\/conversesacatalunya.cat\/wp-content\/uploads\/2024\/06\/previsiones-demograficas.jpg\",\"width\":703,\"height\":408},{\"@type\":\"BreadcrumbList\",\"@id\":\"https:\/\/conversesacatalunya.cat\/es\/previsiones-demograficas-del-ine\/#breadcrumb\",\"itemListElement\":[{\"@type\":\"ListItem\",\"position\":1,\"name\":\"Inici\",\"item\":\"https:\/\/conversesacatalunya.cat\/es\/\"},{\"@type\":\"ListItem\",\"position\":2,\"name\":\"Previsiones demogr\u00e1ficas del INE\"}]},{\"@type\":\"WebSite\",\"@id\":\"https:\/\/conversesacatalunya.cat\/#website\",\"url\":\"https:\/\/conversesacatalunya.cat\/\",\"name\":\"Converses a Catalunya\",\"description\":\"\",\"potentialAction\":[{\"@type\":\"SearchAction\",\"target\":{\"@type\":\"EntryPoint\",\"urlTemplate\":\"https:\/\/conversesacatalunya.cat\/?s={search_term_string}\"},\"query-input\":{\"@type\":\"PropertyValueSpecification\",\"valueRequired\":true,\"valueName\":\"search_term_string\"}}],\"inLanguage\":\"es\"},{\"@type\":\"Person\",\"@id\":\"https:\/\/conversesacatalunya.cat\/#\/schema\/person\/a9598a6786ba7d3d1c5e0de477b79370\",\"name\":\"Josep Mir\u00f3 i Ard\u00e8vol\",\"image\":{\"@type\":\"ImageObject\",\"inLanguage\":\"es\",\"@id\":\"https:\/\/conversesacatalunya.cat\/#\/schema\/person\/image\/\",\"url\":\"https:\/\/conversesacatalunya.cat\/wp-content\/litespeed\/avatar\/c37e3dc881857483d6694cdf98fdedea.jpg?ver=1777270381\",\"contentUrl\":\"https:\/\/conversesacatalunya.cat\/wp-content\/litespeed\/avatar\/c37e3dc881857483d6694cdf98fdedea.jpg?ver=1777270381\",\"caption\":\"Josep Mir\u00f3 i Ard\u00e8vol\"},\"url\":\"https:\/\/conversesacatalunya.cat\/es\/author\/josep-miro-i-ardevol\/\"}]}<\/script>\n<!-- \/ Yoast SEO plugin. -->","yoast_head_json":{"title":"Previsiones demogr\u00e1ficas del INE - Converses a Catalunya","description":"No lo llamemos reemplazo, pero ciertamente es una sustituci\u00f3n","robots":{"index":"index","follow":"follow","max-snippet":"max-snippet:-1","max-image-preview":"max-image-preview:large","max-video-preview":"max-video-preview:-1"},"canonical":"https:\/\/conversesacatalunya.cat\/es\/previsiones-demograficas-del-ine\/","og_locale":"es_ES","og_type":"article","og_title":"Previsiones demogr\u00e1ficas del INE - Converses a Catalunya","og_description":"No lo llamemos reemplazo, pero ciertamente es una sustituci\u00f3n","og_url":"https:\/\/conversesacatalunya.cat\/es\/previsiones-demograficas-del-ine\/","og_site_name":"Converses a Catalunya","article_published_time":"2024-06-26T10:43:16+00:00","article_modified_time":"2024-06-26T13:36:55+00:00","og_image":[{"width":703,"height":408,"url":"https:\/\/conversesacatalunya.cat\/wp-content\/uploads\/2024\/06\/previsiones-demograficas.jpg","type":"image\/jpeg"}],"author":"Josep Mir\u00f3 i Ard\u00e8vol","twitter_card":"summary_large_image","twitter_misc":{"Escrito por":"Josep Mir\u00f3 i Ard\u00e8vol","Tiempo de lectura":"5 minutos"},"schema":{"@context":"https:\/\/schema.org","@graph":[{"@type":"Article","@id":"https:\/\/conversesacatalunya.cat\/es\/previsiones-demograficas-del-ine\/#article","isPartOf":{"@id":"https:\/\/conversesacatalunya.cat\/es\/previsiones-demograficas-del-ine\/"},"author":{"name":"Josep Mir\u00f3 i Ard\u00e8vol","@id":"https:\/\/conversesacatalunya.cat\/#\/schema\/person\/a9598a6786ba7d3d1c5e0de477b79370"},"headline":"Previsiones demogr\u00e1ficas del INE","datePublished":"2024-06-26T10:43:16+00:00","dateModified":"2024-06-26T13:36:55+00:00","mainEntityOfPage":{"@id":"https:\/\/conversesacatalunya.cat\/es\/previsiones-demograficas-del-ine\/"},"wordCount":993,"commentCount":0,"image":{"@id":"https:\/\/conversesacatalunya.cat\/es\/previsiones-demograficas-del-ine\/#primaryimage"},"thumbnailUrl":"https:\/\/conversesacatalunya.cat\/wp-content\/uploads\/2024\/06\/previsiones-demograficas.jpg","keywords":["crisis demogr\u00e1fica","Demografia"],"articleSection":["Punts clau del dia (ES)"],"inLanguage":"es","potentialAction":[{"@type":"CommentAction","name":"Comment","target":["https:\/\/conversesacatalunya.cat\/es\/previsiones-demograficas-del-ine\/#respond"]}]},{"@type":"WebPage","@id":"https:\/\/conversesacatalunya.cat\/es\/previsiones-demograficas-del-ine\/","url":"https:\/\/conversesacatalunya.cat\/es\/previsiones-demograficas-del-ine\/","name":"Previsiones demogr\u00e1ficas del INE - Converses a Catalunya","isPartOf":{"@id":"https:\/\/conversesacatalunya.cat\/#website"},"primaryImageOfPage":{"@id":"https:\/\/conversesacatalunya.cat\/es\/previsiones-demograficas-del-ine\/#primaryimage"},"image":{"@id":"https:\/\/conversesacatalunya.cat\/es\/previsiones-demograficas-del-ine\/#primaryimage"},"thumbnailUrl":"https:\/\/conversesacatalunya.cat\/wp-content\/uploads\/2024\/06\/previsiones-demograficas.jpg","datePublished":"2024-06-26T10:43:16+00:00","dateModified":"2024-06-26T13:36:55+00:00","author":{"@id":"https:\/\/conversesacatalunya.cat\/#\/schema\/person\/a9598a6786ba7d3d1c5e0de477b79370"},"description":"No lo llamemos reemplazo, pero ciertamente es una sustituci\u00f3n","breadcrumb":{"@id":"https:\/\/conversesacatalunya.cat\/es\/previsiones-demograficas-del-ine\/#breadcrumb"},"inLanguage":"es","potentialAction":[{"@type":"ReadAction","target":["https:\/\/conversesacatalunya.cat\/es\/previsiones-demograficas-del-ine\/"]}]},{"@type":"ImageObject","inLanguage":"es","@id":"https:\/\/conversesacatalunya.cat\/es\/previsiones-demograficas-del-ine\/#primaryimage","url":"https:\/\/conversesacatalunya.cat\/wp-content\/uploads\/2024\/06\/previsiones-demograficas.jpg","contentUrl":"https:\/\/conversesacatalunya.cat\/wp-content\/uploads\/2024\/06\/previsiones-demograficas.jpg","width":703,"height":408},{"@type":"BreadcrumbList","@id":"https:\/\/conversesacatalunya.cat\/es\/previsiones-demograficas-del-ine\/#breadcrumb","itemListElement":[{"@type":"ListItem","position":1,"name":"Inici","item":"https:\/\/conversesacatalunya.cat\/es\/"},{"@type":"ListItem","position":2,"name":"Previsiones demogr\u00e1ficas del INE"}]},{"@type":"WebSite","@id":"https:\/\/conversesacatalunya.cat\/#website","url":"https:\/\/conversesacatalunya.cat\/","name":"Converses a Catalunya","description":"","potentialAction":[{"@type":"SearchAction","target":{"@type":"EntryPoint","urlTemplate":"https:\/\/conversesacatalunya.cat\/?s={search_term_string}"},"query-input":{"@type":"PropertyValueSpecification","valueRequired":true,"valueName":"search_term_string"}}],"inLanguage":"es"},{"@type":"Person","@id":"https:\/\/conversesacatalunya.cat\/#\/schema\/person\/a9598a6786ba7d3d1c5e0de477b79370","name":"Josep Mir\u00f3 i Ard\u00e8vol","image":{"@type":"ImageObject","inLanguage":"es","@id":"https:\/\/conversesacatalunya.cat\/#\/schema\/person\/image\/","url":"https:\/\/conversesacatalunya.cat\/wp-content\/litespeed\/avatar\/c37e3dc881857483d6694cdf98fdedea.jpg?ver=1777270381","contentUrl":"https:\/\/conversesacatalunya.cat\/wp-content\/litespeed\/avatar\/c37e3dc881857483d6694cdf98fdedea.jpg?ver=1777270381","caption":"Josep Mir\u00f3 i Ard\u00e8vol"},"url":"https:\/\/conversesacatalunya.cat\/es\/author\/josep-miro-i-ardevol\/"}]}},"wps_subtitle":"No lo llamemos reemplazo, pero ciertamente es una sustituci\u00f3n","_links":{"self":[{"href":"https:\/\/conversesacatalunya.cat\/es\/wp-json\/wp\/v2\/posts\/79275","targetHints":{"allow":["GET"]}}],"collection":[{"href":"https:\/\/conversesacatalunya.cat\/es\/wp-json\/wp\/v2\/posts"}],"about":[{"href":"https:\/\/conversesacatalunya.cat\/es\/wp-json\/wp\/v2\/types\/post"}],"author":[{"embeddable":true,"href":"https:\/\/conversesacatalunya.cat\/es\/wp-json\/wp\/v2\/users\/19"}],"replies":[{"embeddable":true,"href":"https:\/\/conversesacatalunya.cat\/es\/wp-json\/wp\/v2\/comments?post=79275"}],"version-history":[{"count":2,"href":"https:\/\/conversesacatalunya.cat\/es\/wp-json\/wp\/v2\/posts\/79275\/revisions"}],"predecessor-version":[{"id":79277,"href":"https:\/\/conversesacatalunya.cat\/es\/wp-json\/wp\/v2\/posts\/79275\/revisions\/79277"}],"wp:featuredmedia":[{"embeddable":true,"href":"https:\/\/conversesacatalunya.cat\/es\/wp-json\/wp\/v2\/media\/79262"}],"wp:attachment":[{"href":"https:\/\/conversesacatalunya.cat\/es\/wp-json\/wp\/v2\/media?parent=79275"}],"wp:term":[{"taxonomy":"category","embeddable":true,"href":"https:\/\/conversesacatalunya.cat\/es\/wp-json\/wp\/v2\/categories?post=79275"},{"taxonomy":"post_tag","embeddable":true,"href":"https:\/\/conversesacatalunya.cat\/es\/wp-json\/wp\/v2\/tags?post=79275"}],"curies":[{"name":"wp","href":"https:\/\/api.w.org\/{rel}","templated":true}]}}