{"id":78997,"date":"2024-06-18T10:30:55","date_gmt":"2024-06-18T08:30:55","guid":{"rendered":"https:\/\/conversesacatalunya.cat\/dret-internacional-interessos-occident\/"},"modified":"2024-06-18T10:46:02","modified_gmt":"2024-06-18T08:46:02","slug":"derecho-internacional-o-intereses-occidente","status":"publish","type":"post","link":"https:\/\/conversesacatalunya.cat\/es\/derecho-internacional-o-intereses-occidente\/","title":{"rendered":"\u00bfDefensa del derecho internacional o de sus intereses? Occidente debe escoger"},"content":{"rendered":"<p><span>En los \u00faltimos meses, numerosas voces cr\u00edticas con la pol\u00edtica internacional de Estados Unidos y Europa han puesto el grito en el cielo ante las incoherencias entre su discurso y sus actuaciones en una serie de escenarios: Israel-Gaza, Ucrania y China.<\/span><\/p>\n<p><span>Acusar a Occidente de hipocres\u00eda en la escena mundial es posiblemente la\u00a0<\/span><strong><span>cr\u00edtica m\u00e1s vieja<\/span><\/strong><span> y a la vez recurrente que le han hecho y siguen haciendo sus rivales.<\/span><\/p>\n<p><span>Alzarse en porta estandarte del derecho internacional y de unas relaciones entre pa\u00edses basadas en reglas universales implica sus peligros, ya que\u00a0<\/span><strong><span>obliga a aplicarse a uno mismo la lecci\u00f3n si se quiere disponer de un m\u00ednimo de credibilidad frente a los dem\u00e1s<\/span><\/strong><span>.<\/span><\/p>\n<p><span>Adem\u00e1s, como\u00a0<\/span><a href=\"https:\/\/www.ft.com\/content\/8249cd96-bda3-48c9-bf91-005df4125f9d\" target=\"_blank\" rel=\"noopener\"><span>opina el veterano analista<\/span><\/a><span> de la pol\u00edtica internacional, Gideon Rachman, \u00abla gente puede ir a la guerra para defender la libertad o la patria, pero nadie ir\u00e1 a luchar y a morir por el derecho internacional\u00bb.<\/span><\/p>\n<p><span>Buena parte de la cr\u00edtica occidental a la invasi\u00f3n de Ucrania por parte de Rusia pasa por se\u00f1alar que armar a Ucrania es leg\u00edtimo porque la ofensiva rusa fue contraria a las normas internacionales, incluida la Carta de las Naciones Unidas.\u00a0<\/span><strong><span>Occidente est\u00e1 pues defendiendo un mundo regido no por el poder duro y crudo de las armas, sino por reglas<\/span><\/strong><span>\u00a0.<\/span><\/p>\n<p><span>L\u00e1stima que Estados Unidos no aplique la misma vara de medir cuando se trata de aplicar aranceles a China. Y es que <\/span><strong><span>el cargo a la importaci\u00f3n de veh\u00edculos el\u00e9ctricos chinos<\/span><\/strong><span>\u00a0por un 100% de su valor parece imposible reconciliar con las reglas internacionales de comercio. Para m\u00e1s inri, fueron los propios Estados Unidos quienes promovieron hace cerca de 25 a\u00f1os la inclusi\u00f3n de China en la Organizaci\u00f3n Mundial del Comercio. \u00bfPor qu\u00e9?\u00a0<\/span><strong><span>Porque en ese momento les interesaba<\/span><\/strong><span>.<\/span><\/p>\n<p><span>La Uni\u00f3n Europea, en copia edulcorada y menos vitaminada que Estados Unidos, ha seguido la estela de Biden y ha anunciado recientemente la\u00a0<\/span><a href=\"https:\/\/www.elconfidencial.com\/motor\/industria\/2024-06-13\/ue-union-europea-aranceles-coches-electricos-chinos-importacion_3901625\/\" target=\"_blank\" rel=\"noopener\"><span>imposici\u00f3n de aranceles<\/span><\/a><span>\u00a0de entre el 17% y el 38% en los veh\u00edculos el\u00e9ctricos chinos.<\/span><\/p>\n<p><strong><span>Que Europa y Estados Unidos fijen aranceles para proteger su industria en un sector clave es comprensible<\/span><\/strong><span>\u00a0desde el punto de vista de sus intereses nacionales. Pero intentar justificarlos como parte de la lucha del mundo libre contra reg\u00edmenes autoritarios que no respetan el derecho internacional carece de sentido.\u00a0<\/span><strong><span>El enga\u00f1o es demasiado evidente<\/span><\/strong><span>.<\/span><\/p>\n<p><span>Otro ejemplo de esta ambig\u00fcedad occidental es el esfuerzo estadounidense por contener\u00a0<\/span><strong><span>la expansi\u00f3n mar\u00edtima china en el mar de China meridional<\/span><\/strong><span>. Washington se queja de que las acciones de Pek\u00edn violan la Convenci\u00f3n de Naciones Unidas sobre el Derecho del Mar, pero los propios Estados Unidos nunca han firmado dicha convenci\u00f3n. La raz\u00f3n: evitar poner en peligro sus intereses nacionales.<\/span><\/p>\n<p><span>En Oriente Medio, las acciones de los rebeldes hutis en el mar Rojo son una amenaza a la libre circulaci\u00f3n mar\u00edtima, pero al mismo tiempo Estados Unidos se reserva el derecho de mantener una presencia militar en un estado soberano, Siria, sin consentimiento de su gobierno (aunque en una zona fuera del control efectivo del mismo).<\/span><\/p>\n<p><span>En definitiva,\u00a0<\/span><strong><span>el derecho internacional es un arma arrojadiza que se emplea cuando interesa y se esconde cuando puede poner en peligro la posici\u00f3n propia<\/span><\/strong><span>. Es un hecho para todos los pa\u00edses del mundo, independientemente de la naturaleza de su r\u00e9gimen pol\u00edtico, y Occidente no escapa en absoluto a esta regla.<\/span><\/p>\n<p><span>Es por eso que, en \u00faltimo t\u00e9rmino, Occidente, en vez de caer en la trampa al solitario de alzarse como guardi\u00e1n del derecho y las normas internacionales,\u00a0<\/span><strong><span>har\u00eda mejor en no alzar tanto la voz y, en cambio, <\/span><\/strong><strong><span>golpear con m\u00e1s contundencia<\/span><\/strong><span>.<\/span><\/p>\n<div id=\"polls-247\" class=\"wp-polls\">\n\t<form id=\"polls_form_247\" class=\"wp-polls-form\" action=\"\/index.php\" method=\"post\">\n\t\t<p style=\"display: none;\"><input type=\"hidden\" id=\"poll_247_nonce\" name=\"wp-polls-nonce\" value=\"9e26b234d2\" \/><\/p>\n\t\t<p style=\"display: none;\"><input type=\"hidden\" name=\"poll_id\" value=\"247\" \/><\/p>\n\t\t<p style=\"text-align: center\"><strong>Est\u00e0s d'acord amb el pla de regeneraci\u00f3 democr\u00e0tica per a aplicar als mitjans de comunicaci\u00f3 que planteja S\u00e1nchez?<\/strong><\/p><div id=\"polls-247-ans\" class=\"wp-polls-ans\"><ul class=\"wp-polls-ul\">\n\t\t<li><input type=\"radio\" id=\"poll-answer-693\" name=\"poll_247\" value=\"693\" \/> <label for=\"poll-answer-693\">S\u00ed<\/label><\/li>\n\t\t<li><input type=\"radio\" id=\"poll-answer-694\" name=\"poll_247\" value=\"694\" \/> <label for=\"poll-answer-694\">No<\/label><\/li>\n\t\t<li><input type=\"radio\" id=\"poll-answer-695\" name=\"poll_247\" value=\"695\" \/> <label for=\"poll-answer-695\">No ho s\u00e9<\/label><\/li>\n\t\t<\/ul><p style=\"text-align: center\"><input type=\"button\" name=\"vote\" value=\"   Vota   \" class=\"Buttons\" onclick=\"poll_vote(247);\" \/><\/p><p style=\"text-align: center\"><a href=\"#ViewPollResults\" onclick=\"poll_result(247); return false;\" title=\"View Results Of This Poll\">Mira els resultats<\/a><\/p><\/div>\n\t<\/form>\n<\/div>\n<div id=\"polls-247-loading\" class=\"wp-polls-loading\"><img decoding=\"async\" data-src=\"https:\/\/conversesacatalunya.cat\/wp-content\/plugins\/wp-polls\/images\/loading.gif\" width=\"16\" height=\"16\" alt=\"Cargando ...\" title=\"Cargando ...\" class=\"wp-polls-image lazyload\" src=\"data:image\/svg+xml;base64,PHN2ZyB3aWR0aD0iMSIgaGVpZ2h0PSIxIiB4bWxucz0iaHR0cDovL3d3dy53My5vcmcvMjAwMC9zdmciPjwvc3ZnPg==\" style=\"--smush-placeholder-width: 16px; --smush-placeholder-aspect-ratio: 16\/16;\" \/>&nbsp;Cargando ...<\/div>\n\n","protected":false},"excerpt":{"rendered":"<p>En los \u00faltimos meses, numerosas voces cr\u00edticas con la pol\u00edtica internacional de Estados Unidos y Europa han puesto el grito en el cielo ante las incoherencias entre su discurso y sus actuaciones en una serie de escenarios: Israel-Gaza, Ucrania y China. Acusar a Occidente de hipocres\u00eda en la escena mundial es posiblemente la\u00a0cr\u00edtica m\u00e1s vieja y a la vez recurrente que le han hecho y siguen haciendo sus rivales. Alzarse en porta estandarte del derecho internacional y de unas relaciones entre pa\u00edses basadas en reglas universales implica sus peligros, ya que\u00a0obliga a aplicarse a uno mismo la lecci\u00f3n si se quiere disponer de un m\u00ednimo de credibilidad frente a los dem\u00e1s. Adem\u00e1s, como\u00a0opina el veterano analista de la pol\u00edtica internacional, Gideon Rachman, \u00abla gente puede ir a la guerra para defender la libertad o la patria, pero nadie ir\u00e1 a luchar y a morir por el derecho internacional\u00bb. Buena parte de la cr\u00edtica occidental a la invasi\u00f3n de Ucrania por parte de Rusia pasa por se\u00f1alar que armar a Ucrania es leg\u00edtimo porque la ofensiva rusa fue contraria a las normas internacionales, incluida la Carta de las Naciones Unidas.\u00a0Occidente est\u00e1 pues defendiendo un mundo regido no por el poder duro y crudo de las armas, sino por reglas\u00a0. L\u00e1stima que Estados Unidos no aplique la misma vara de medir cuando se trata de aplicar aranceles a China. Y es que el cargo a la importaci\u00f3n de veh\u00edculos el\u00e9ctricos chinos\u00a0por un 100% de su valor parece imposible reconciliar con las reglas internacionales de comercio. Para m\u00e1s inri, fueron los propios Estados Unidos quienes promovieron hace cerca de 25 a\u00f1os la inclusi\u00f3n de China en la Organizaci\u00f3n Mundial del Comercio. \u00bfPor qu\u00e9?\u00a0Porque en ese momento les interesaba. La Uni\u00f3n Europea, en copia edulcorada y menos vitaminada que Estados Unidos, ha seguido la estela de Biden y ha anunciado recientemente la\u00a0imposici\u00f3n de aranceles\u00a0de entre el 17% y el 38% en los veh\u00edculos el\u00e9ctricos chinos. Que Europa y Estados Unidos fijen aranceles para proteger su industria en un sector clave es comprensible\u00a0desde el punto de vista de sus intereses nacionales. Pero intentar justificarlos como parte de la lucha del mundo libre contra reg\u00edmenes autoritarios que no respetan el derecho internacional carece de sentido.\u00a0El enga\u00f1o es demasiado evidente. Otro ejemplo de esta ambig\u00fcedad occidental es el esfuerzo estadounidense por contener\u00a0la expansi\u00f3n mar\u00edtima china en el mar de China meridional. Washington se queja de que las acciones de Pek\u00edn violan la Convenci\u00f3n de Naciones Unidas sobre el Derecho del Mar, pero los propios Estados Unidos nunca han firmado dicha convenci\u00f3n. La raz\u00f3n: evitar poner en peligro sus intereses nacionales. En Oriente Medio, las acciones de los rebeldes hutis en el mar Rojo son una amenaza a la libre circulaci\u00f3n mar\u00edtima, pero al mismo tiempo Estados Unidos se reserva el derecho de mantener una presencia militar en un estado soberano, Siria, sin consentimiento de su gobierno (aunque en una zona fuera del control efectivo del mismo). En definitiva,\u00a0el derecho internacional es un arma arrojadiza que se emplea cuando interesa y se esconde cuando puede poner en peligro la posici\u00f3n propia. Es un hecho para todos los pa\u00edses del mundo, independientemente de la naturaleza de su r\u00e9gimen pol\u00edtico, y Occidente no escapa en absoluto a esta regla. Es por eso que, en \u00faltimo t\u00e9rmino, Occidente, en vez de caer en la trampa al solitario de alzarse como guardi\u00e1n del derecho y las normas internacionales,\u00a0har\u00eda mejor en no alzar tanto la voz y, en cambio, golpear con m\u00e1s contundencia.<\/p>\n","protected":false},"author":75,"featured_media":78936,"comment_status":"open","ping_status":"open","sticky":false,"template":"","format":"standard","meta":{"_FSMCFIC_featured_image_caption":"","_FSMCFIC_featured_image_nocaption":"","_FSMCFIC_featured_image_hide":"","footnotes":""},"categories":[806],"tags":[964,1162,1775,1305,1198],"class_list":["post-78997","post","type-post","status-publish","format-standard","has-post-thumbnail","hentry","category-punts-claus-del-dia-es","tag-estats-units-es","tag-europa-es-2","tag-guerra-comercial-es","tag-politica-internacional-es","tag-xina-es"],"yoast_head":"<!-- This site is optimized with the Yoast SEO plugin v26.8 - https:\/\/yoast.com\/product\/yoast-seo-wordpress\/ -->\n<title>\u00bfDefensa del derecho internacional o de sus intereses? Occidente debe escoger - Converses a Catalunya<\/title>\n<meta name=\"robots\" content=\"index, follow, max-snippet:-1, max-image-preview:large, max-video-preview:-1\" \/>\n<link rel=\"canonical\" href=\"https:\/\/conversesacatalunya.cat\/es\/derecho-internacional-o-intereses-occidente\/\" \/>\n<meta property=\"og:locale\" content=\"es_ES\" \/>\n<meta property=\"og:type\" content=\"article\" \/>\n<meta property=\"og:title\" content=\"\u00bfDefensa del derecho internacional o de sus intereses? Occidente debe escoger - Converses a Catalunya\" \/>\n<meta property=\"og:description\" content=\"En los \u00faltimos meses, numerosas voces cr\u00edticas con la pol\u00edtica internacional de Estados Unidos y Europa han puesto el grito en el cielo ante las incoherencias entre su discurso y sus actuaciones en una serie de escenarios: Israel-Gaza, Ucrania y China. Acusar a Occidente de hipocres\u00eda en la escena mundial es posiblemente la\u00a0cr\u00edtica m\u00e1s vieja y a la vez recurrente que le han hecho y siguen haciendo sus rivales. Alzarse en porta estandarte del derecho internacional y de unas relaciones entre pa\u00edses basadas en reglas universales implica sus peligros, ya que\u00a0obliga a aplicarse a uno mismo la lecci\u00f3n si se quiere disponer de un m\u00ednimo de credibilidad frente a los dem\u00e1s. Adem\u00e1s, como\u00a0opina el veterano analista de la pol\u00edtica internacional, Gideon Rachman, \u00abla gente puede ir a la guerra para defender la libertad o la patria, pero nadie ir\u00e1 a luchar y a morir por el derecho internacional\u00bb. Buena parte de la cr\u00edtica occidental a la invasi\u00f3n de Ucrania por parte de Rusia pasa por se\u00f1alar que armar a Ucrania es leg\u00edtimo porque la ofensiva rusa fue contraria a las normas internacionales, incluida la Carta de las Naciones Unidas.\u00a0Occidente est\u00e1 pues defendiendo un mundo regido no por el poder duro y crudo de las armas, sino por reglas\u00a0. L\u00e1stima que Estados Unidos no aplique la misma vara de medir cuando se trata de aplicar aranceles a China. Y es que el cargo a la importaci\u00f3n de veh\u00edculos el\u00e9ctricos chinos\u00a0por un 100% de su valor parece imposible reconciliar con las reglas internacionales de comercio. Para m\u00e1s inri, fueron los propios Estados Unidos quienes promovieron hace cerca de 25 a\u00f1os la inclusi\u00f3n de China en la Organizaci\u00f3n Mundial del Comercio. \u00bfPor qu\u00e9?\u00a0Porque en ese momento les interesaba. La Uni\u00f3n Europea, en copia edulcorada y menos vitaminada que Estados Unidos, ha seguido la estela de Biden y ha anunciado recientemente la\u00a0imposici\u00f3n de aranceles\u00a0de entre el 17% y el 38% en los veh\u00edculos el\u00e9ctricos chinos. Que Europa y Estados Unidos fijen aranceles para proteger su industria en un sector clave es comprensible\u00a0desde el punto de vista de sus intereses nacionales. Pero intentar justificarlos como parte de la lucha del mundo libre contra reg\u00edmenes autoritarios que no respetan el derecho internacional carece de sentido.\u00a0El enga\u00f1o es demasiado evidente. Otro ejemplo de esta ambig\u00fcedad occidental es el esfuerzo estadounidense por contener\u00a0la expansi\u00f3n mar\u00edtima china en el mar de China meridional. Washington se queja de que las acciones de Pek\u00edn violan la Convenci\u00f3n de Naciones Unidas sobre el Derecho del Mar, pero los propios Estados Unidos nunca han firmado dicha convenci\u00f3n. La raz\u00f3n: evitar poner en peligro sus intereses nacionales. En Oriente Medio, las acciones de los rebeldes hutis en el mar Rojo son una amenaza a la libre circulaci\u00f3n mar\u00edtima, pero al mismo tiempo Estados Unidos se reserva el derecho de mantener una presencia militar en un estado soberano, Siria, sin consentimiento de su gobierno (aunque en una zona fuera del control efectivo del mismo). En definitiva,\u00a0el derecho internacional es un arma arrojadiza que se emplea cuando interesa y se esconde cuando puede poner en peligro la posici\u00f3n propia. Es un hecho para todos los pa\u00edses del mundo, independientemente de la naturaleza de su r\u00e9gimen pol\u00edtico, y Occidente no escapa en absoluto a esta regla. Es por eso que, en \u00faltimo t\u00e9rmino, Occidente, en vez de caer en la trampa al solitario de alzarse como guardi\u00e1n del derecho y las normas internacionales,\u00a0har\u00eda mejor en no alzar tanto la voz y, en cambio, golpear con m\u00e1s contundencia.\" \/>\n<meta property=\"og:url\" content=\"https:\/\/conversesacatalunya.cat\/es\/derecho-internacional-o-intereses-occidente\/\" \/>\n<meta property=\"og:site_name\" content=\"Converses a Catalunya\" \/>\n<meta property=\"article:published_time\" content=\"2024-06-18T08:30:55+00:00\" \/>\n<meta property=\"article:modified_time\" content=\"2024-06-18T08:46:02+00:00\" \/>\n<meta property=\"og:image\" content=\"https:\/\/conversesacatalunya.cat\/wp-content\/uploads\/2024\/06\/UN-Up-Close.jpg\" \/>\n\t<meta property=\"og:image:width\" content=\"800\" \/>\n\t<meta property=\"og:image:height\" content=\"450\" \/>\n\t<meta property=\"og:image:type\" content=\"image\/jpeg\" \/>\n<meta name=\"author\" content=\"Carles L\u00f3pez\" \/>\n<meta name=\"twitter:card\" content=\"summary_large_image\" \/>\n<meta name=\"twitter:label1\" content=\"Escrito por\" \/>\n\t<meta name=\"twitter:data1\" content=\"Carles L\u00f3pez\" \/>\n\t<meta name=\"twitter:label2\" content=\"Tiempo de lectura\" \/>\n\t<meta name=\"twitter:data2\" content=\"3 minutos\" \/>\n<script type=\"application\/ld+json\" class=\"yoast-schema-graph\">{\"@context\":\"https:\/\/schema.org\",\"@graph\":[{\"@type\":\"Article\",\"@id\":\"https:\/\/conversesacatalunya.cat\/es\/derecho-internacional-o-intereses-occidente\/#article\",\"isPartOf\":{\"@id\":\"https:\/\/conversesacatalunya.cat\/es\/derecho-internacional-o-intereses-occidente\/\"},\"author\":{\"name\":\"Carles L\u00f3pez\",\"@id\":\"https:\/\/conversesacatalunya.cat\/#\/schema\/person\/3ce2ab16c0a3803086d80722c7cad56a\"},\"headline\":\"\u00bfDefensa del derecho internacional o de sus intereses? Occidente debe escoger\",\"datePublished\":\"2024-06-18T08:30:55+00:00\",\"dateModified\":\"2024-06-18T08:46:02+00:00\",\"mainEntityOfPage\":{\"@id\":\"https:\/\/conversesacatalunya.cat\/es\/derecho-internacional-o-intereses-occidente\/\"},\"wordCount\":648,\"commentCount\":0,\"image\":{\"@id\":\"https:\/\/conversesacatalunya.cat\/es\/derecho-internacional-o-intereses-occidente\/#primaryimage\"},\"thumbnailUrl\":\"https:\/\/conversesacatalunya.cat\/wp-content\/uploads\/2024\/06\/UN-Up-Close.jpg\",\"keywords\":[\"Estats Units\",\"Europa\",\"guerra comercial\",\"pol\u00edtica internacional\",\"Xina\"],\"articleSection\":[\"Punts clau del dia (ES)\"],\"inLanguage\":\"es\",\"potentialAction\":[{\"@type\":\"CommentAction\",\"name\":\"Comment\",\"target\":[\"https:\/\/conversesacatalunya.cat\/es\/derecho-internacional-o-intereses-occidente\/#respond\"]}]},{\"@type\":\"WebPage\",\"@id\":\"https:\/\/conversesacatalunya.cat\/es\/derecho-internacional-o-intereses-occidente\/\",\"url\":\"https:\/\/conversesacatalunya.cat\/es\/derecho-internacional-o-intereses-occidente\/\",\"name\":\"\u00bfDefensa del derecho internacional o de sus intereses? Occidente debe escoger - Converses a Catalunya\",\"isPartOf\":{\"@id\":\"https:\/\/conversesacatalunya.cat\/#website\"},\"primaryImageOfPage\":{\"@id\":\"https:\/\/conversesacatalunya.cat\/es\/derecho-internacional-o-intereses-occidente\/#primaryimage\"},\"image\":{\"@id\":\"https:\/\/conversesacatalunya.cat\/es\/derecho-internacional-o-intereses-occidente\/#primaryimage\"},\"thumbnailUrl\":\"https:\/\/conversesacatalunya.cat\/wp-content\/uploads\/2024\/06\/UN-Up-Close.jpg\",\"datePublished\":\"2024-06-18T08:30:55+00:00\",\"dateModified\":\"2024-06-18T08:46:02+00:00\",\"author\":{\"@id\":\"https:\/\/conversesacatalunya.cat\/#\/schema\/person\/3ce2ab16c0a3803086d80722c7cad56a\"},\"breadcrumb\":{\"@id\":\"https:\/\/conversesacatalunya.cat\/es\/derecho-internacional-o-intereses-occidente\/#breadcrumb\"},\"inLanguage\":\"es\",\"potentialAction\":[{\"@type\":\"ReadAction\",\"target\":[\"https:\/\/conversesacatalunya.cat\/es\/derecho-internacional-o-intereses-occidente\/\"]}]},{\"@type\":\"ImageObject\",\"inLanguage\":\"es\",\"@id\":\"https:\/\/conversesacatalunya.cat\/es\/derecho-internacional-o-intereses-occidente\/#primaryimage\",\"url\":\"https:\/\/conversesacatalunya.cat\/wp-content\/uploads\/2024\/06\/UN-Up-Close.jpg\",\"contentUrl\":\"https:\/\/conversesacatalunya.cat\/wp-content\/uploads\/2024\/06\/UN-Up-Close.jpg\",\"width\":800,\"height\":450},{\"@type\":\"BreadcrumbList\",\"@id\":\"https:\/\/conversesacatalunya.cat\/es\/derecho-internacional-o-intereses-occidente\/#breadcrumb\",\"itemListElement\":[{\"@type\":\"ListItem\",\"position\":1,\"name\":\"Inici\",\"item\":\"https:\/\/conversesacatalunya.cat\/es\/\"},{\"@type\":\"ListItem\",\"position\":2,\"name\":\"\u00bfDefensa del derecho internacional o de sus intereses? Occidente debe escoger\"}]},{\"@type\":\"WebSite\",\"@id\":\"https:\/\/conversesacatalunya.cat\/#website\",\"url\":\"https:\/\/conversesacatalunya.cat\/\",\"name\":\"Converses a Catalunya\",\"description\":\"\",\"potentialAction\":[{\"@type\":\"SearchAction\",\"target\":{\"@type\":\"EntryPoint\",\"urlTemplate\":\"https:\/\/conversesacatalunya.cat\/?s={search_term_string}\"},\"query-input\":{\"@type\":\"PropertyValueSpecification\",\"valueRequired\":true,\"valueName\":\"search_term_string\"}}],\"inLanguage\":\"es\"},{\"@type\":\"Person\",\"@id\":\"https:\/\/conversesacatalunya.cat\/#\/schema\/person\/3ce2ab16c0a3803086d80722c7cad56a\",\"name\":\"Carles L\u00f3pez\",\"image\":{\"@type\":\"ImageObject\",\"inLanguage\":\"es\",\"@id\":\"https:\/\/conversesacatalunya.cat\/#\/schema\/person\/image\/\",\"url\":\"https:\/\/conversesacatalunya.cat\/wp-content\/litespeed\/avatar\/4891585caf2896e97846ab77f06edcf2.jpg?ver=1777091173\",\"contentUrl\":\"https:\/\/conversesacatalunya.cat\/wp-content\/litespeed\/avatar\/4891585caf2896e97846ab77f06edcf2.jpg?ver=1777091173\",\"caption\":\"Carles L\u00f3pez\"},\"url\":\"https:\/\/conversesacatalunya.cat\/es\/author\/carles-lopez\/\"}]}<\/script>\n<!-- \/ Yoast SEO plugin. -->","yoast_head_json":{"title":"\u00bfDefensa del derecho internacional o de sus intereses? Occidente debe escoger - Converses a Catalunya","robots":{"index":"index","follow":"follow","max-snippet":"max-snippet:-1","max-image-preview":"max-image-preview:large","max-video-preview":"max-video-preview:-1"},"canonical":"https:\/\/conversesacatalunya.cat\/es\/derecho-internacional-o-intereses-occidente\/","og_locale":"es_ES","og_type":"article","og_title":"\u00bfDefensa del derecho internacional o de sus intereses? Occidente debe escoger - Converses a Catalunya","og_description":"En los \u00faltimos meses, numerosas voces cr\u00edticas con la pol\u00edtica internacional de Estados Unidos y Europa han puesto el grito en el cielo ante las incoherencias entre su discurso y sus actuaciones en una serie de escenarios: Israel-Gaza, Ucrania y China. Acusar a Occidente de hipocres\u00eda en la escena mundial es posiblemente la\u00a0cr\u00edtica m\u00e1s vieja y a la vez recurrente que le han hecho y siguen haciendo sus rivales. Alzarse en porta estandarte del derecho internacional y de unas relaciones entre pa\u00edses basadas en reglas universales implica sus peligros, ya que\u00a0obliga a aplicarse a uno mismo la lecci\u00f3n si se quiere disponer de un m\u00ednimo de credibilidad frente a los dem\u00e1s. Adem\u00e1s, como\u00a0opina el veterano analista de la pol\u00edtica internacional, Gideon Rachman, \u00abla gente puede ir a la guerra para defender la libertad o la patria, pero nadie ir\u00e1 a luchar y a morir por el derecho internacional\u00bb. Buena parte de la cr\u00edtica occidental a la invasi\u00f3n de Ucrania por parte de Rusia pasa por se\u00f1alar que armar a Ucrania es leg\u00edtimo porque la ofensiva rusa fue contraria a las normas internacionales, incluida la Carta de las Naciones Unidas.\u00a0Occidente est\u00e1 pues defendiendo un mundo regido no por el poder duro y crudo de las armas, sino por reglas\u00a0. L\u00e1stima que Estados Unidos no aplique la misma vara de medir cuando se trata de aplicar aranceles a China. Y es que el cargo a la importaci\u00f3n de veh\u00edculos el\u00e9ctricos chinos\u00a0por un 100% de su valor parece imposible reconciliar con las reglas internacionales de comercio. Para m\u00e1s inri, fueron los propios Estados Unidos quienes promovieron hace cerca de 25 a\u00f1os la inclusi\u00f3n de China en la Organizaci\u00f3n Mundial del Comercio. \u00bfPor qu\u00e9?\u00a0Porque en ese momento les interesaba. La Uni\u00f3n Europea, en copia edulcorada y menos vitaminada que Estados Unidos, ha seguido la estela de Biden y ha anunciado recientemente la\u00a0imposici\u00f3n de aranceles\u00a0de entre el 17% y el 38% en los veh\u00edculos el\u00e9ctricos chinos. Que Europa y Estados Unidos fijen aranceles para proteger su industria en un sector clave es comprensible\u00a0desde el punto de vista de sus intereses nacionales. Pero intentar justificarlos como parte de la lucha del mundo libre contra reg\u00edmenes autoritarios que no respetan el derecho internacional carece de sentido.\u00a0El enga\u00f1o es demasiado evidente. Otro ejemplo de esta ambig\u00fcedad occidental es el esfuerzo estadounidense por contener\u00a0la expansi\u00f3n mar\u00edtima china en el mar de China meridional. Washington se queja de que las acciones de Pek\u00edn violan la Convenci\u00f3n de Naciones Unidas sobre el Derecho del Mar, pero los propios Estados Unidos nunca han firmado dicha convenci\u00f3n. La raz\u00f3n: evitar poner en peligro sus intereses nacionales. En Oriente Medio, las acciones de los rebeldes hutis en el mar Rojo son una amenaza a la libre circulaci\u00f3n mar\u00edtima, pero al mismo tiempo Estados Unidos se reserva el derecho de mantener una presencia militar en un estado soberano, Siria, sin consentimiento de su gobierno (aunque en una zona fuera del control efectivo del mismo). En definitiva,\u00a0el derecho internacional es un arma arrojadiza que se emplea cuando interesa y se esconde cuando puede poner en peligro la posici\u00f3n propia. Es un hecho para todos los pa\u00edses del mundo, independientemente de la naturaleza de su r\u00e9gimen pol\u00edtico, y Occidente no escapa en absoluto a esta regla. Es por eso que, en \u00faltimo t\u00e9rmino, Occidente, en vez de caer en la trampa al solitario de alzarse como guardi\u00e1n del derecho y las normas internacionales,\u00a0har\u00eda mejor en no alzar tanto la voz y, en cambio, golpear con m\u00e1s contundencia.","og_url":"https:\/\/conversesacatalunya.cat\/es\/derecho-internacional-o-intereses-occidente\/","og_site_name":"Converses a Catalunya","article_published_time":"2024-06-18T08:30:55+00:00","article_modified_time":"2024-06-18T08:46:02+00:00","og_image":[{"width":800,"height":450,"url":"https:\/\/conversesacatalunya.cat\/wp-content\/uploads\/2024\/06\/UN-Up-Close.jpg","type":"image\/jpeg"}],"author":"Carles L\u00f3pez","twitter_card":"summary_large_image","twitter_misc":{"Escrito por":"Carles L\u00f3pez","Tiempo de lectura":"3 minutos"},"schema":{"@context":"https:\/\/schema.org","@graph":[{"@type":"Article","@id":"https:\/\/conversesacatalunya.cat\/es\/derecho-internacional-o-intereses-occidente\/#article","isPartOf":{"@id":"https:\/\/conversesacatalunya.cat\/es\/derecho-internacional-o-intereses-occidente\/"},"author":{"name":"Carles L\u00f3pez","@id":"https:\/\/conversesacatalunya.cat\/#\/schema\/person\/3ce2ab16c0a3803086d80722c7cad56a"},"headline":"\u00bfDefensa del derecho internacional o de sus intereses? Occidente debe escoger","datePublished":"2024-06-18T08:30:55+00:00","dateModified":"2024-06-18T08:46:02+00:00","mainEntityOfPage":{"@id":"https:\/\/conversesacatalunya.cat\/es\/derecho-internacional-o-intereses-occidente\/"},"wordCount":648,"commentCount":0,"image":{"@id":"https:\/\/conversesacatalunya.cat\/es\/derecho-internacional-o-intereses-occidente\/#primaryimage"},"thumbnailUrl":"https:\/\/conversesacatalunya.cat\/wp-content\/uploads\/2024\/06\/UN-Up-Close.jpg","keywords":["Estats Units","Europa","guerra comercial","pol\u00edtica internacional","Xina"],"articleSection":["Punts clau del dia (ES)"],"inLanguage":"es","potentialAction":[{"@type":"CommentAction","name":"Comment","target":["https:\/\/conversesacatalunya.cat\/es\/derecho-internacional-o-intereses-occidente\/#respond"]}]},{"@type":"WebPage","@id":"https:\/\/conversesacatalunya.cat\/es\/derecho-internacional-o-intereses-occidente\/","url":"https:\/\/conversesacatalunya.cat\/es\/derecho-internacional-o-intereses-occidente\/","name":"\u00bfDefensa del derecho internacional o de sus intereses? Occidente debe escoger - Converses a Catalunya","isPartOf":{"@id":"https:\/\/conversesacatalunya.cat\/#website"},"primaryImageOfPage":{"@id":"https:\/\/conversesacatalunya.cat\/es\/derecho-internacional-o-intereses-occidente\/#primaryimage"},"image":{"@id":"https:\/\/conversesacatalunya.cat\/es\/derecho-internacional-o-intereses-occidente\/#primaryimage"},"thumbnailUrl":"https:\/\/conversesacatalunya.cat\/wp-content\/uploads\/2024\/06\/UN-Up-Close.jpg","datePublished":"2024-06-18T08:30:55+00:00","dateModified":"2024-06-18T08:46:02+00:00","author":{"@id":"https:\/\/conversesacatalunya.cat\/#\/schema\/person\/3ce2ab16c0a3803086d80722c7cad56a"},"breadcrumb":{"@id":"https:\/\/conversesacatalunya.cat\/es\/derecho-internacional-o-intereses-occidente\/#breadcrumb"},"inLanguage":"es","potentialAction":[{"@type":"ReadAction","target":["https:\/\/conversesacatalunya.cat\/es\/derecho-internacional-o-intereses-occidente\/"]}]},{"@type":"ImageObject","inLanguage":"es","@id":"https:\/\/conversesacatalunya.cat\/es\/derecho-internacional-o-intereses-occidente\/#primaryimage","url":"https:\/\/conversesacatalunya.cat\/wp-content\/uploads\/2024\/06\/UN-Up-Close.jpg","contentUrl":"https:\/\/conversesacatalunya.cat\/wp-content\/uploads\/2024\/06\/UN-Up-Close.jpg","width":800,"height":450},{"@type":"BreadcrumbList","@id":"https:\/\/conversesacatalunya.cat\/es\/derecho-internacional-o-intereses-occidente\/#breadcrumb","itemListElement":[{"@type":"ListItem","position":1,"name":"Inici","item":"https:\/\/conversesacatalunya.cat\/es\/"},{"@type":"ListItem","position":2,"name":"\u00bfDefensa del derecho internacional o de sus intereses? Occidente debe escoger"}]},{"@type":"WebSite","@id":"https:\/\/conversesacatalunya.cat\/#website","url":"https:\/\/conversesacatalunya.cat\/","name":"Converses a Catalunya","description":"","potentialAction":[{"@type":"SearchAction","target":{"@type":"EntryPoint","urlTemplate":"https:\/\/conversesacatalunya.cat\/?s={search_term_string}"},"query-input":{"@type":"PropertyValueSpecification","valueRequired":true,"valueName":"search_term_string"}}],"inLanguage":"es"},{"@type":"Person","@id":"https:\/\/conversesacatalunya.cat\/#\/schema\/person\/3ce2ab16c0a3803086d80722c7cad56a","name":"Carles L\u00f3pez","image":{"@type":"ImageObject","inLanguage":"es","@id":"https:\/\/conversesacatalunya.cat\/#\/schema\/person\/image\/","url":"https:\/\/conversesacatalunya.cat\/wp-content\/litespeed\/avatar\/4891585caf2896e97846ab77f06edcf2.jpg?ver=1777091173","contentUrl":"https:\/\/conversesacatalunya.cat\/wp-content\/litespeed\/avatar\/4891585caf2896e97846ab77f06edcf2.jpg?ver=1777091173","caption":"Carles L\u00f3pez"},"url":"https:\/\/conversesacatalunya.cat\/es\/author\/carles-lopez\/"}]}},"wps_subtitle":"Las normas internacionales son armas arrojadizas que se emplean cuando interesan y se esconden cuando pueden poner en peligro los intereses propios","_links":{"self":[{"href":"https:\/\/conversesacatalunya.cat\/es\/wp-json\/wp\/v2\/posts\/78997","targetHints":{"allow":["GET"]}}],"collection":[{"href":"https:\/\/conversesacatalunya.cat\/es\/wp-json\/wp\/v2\/posts"}],"about":[{"href":"https:\/\/conversesacatalunya.cat\/es\/wp-json\/wp\/v2\/types\/post"}],"author":[{"embeddable":true,"href":"https:\/\/conversesacatalunya.cat\/es\/wp-json\/wp\/v2\/users\/75"}],"replies":[{"embeddable":true,"href":"https:\/\/conversesacatalunya.cat\/es\/wp-json\/wp\/v2\/comments?post=78997"}],"version-history":[{"count":2,"href":"https:\/\/conversesacatalunya.cat\/es\/wp-json\/wp\/v2\/posts\/78997\/revisions"}],"predecessor-version":[{"id":78999,"href":"https:\/\/conversesacatalunya.cat\/es\/wp-json\/wp\/v2\/posts\/78997\/revisions\/78999"}],"wp:featuredmedia":[{"embeddable":true,"href":"https:\/\/conversesacatalunya.cat\/es\/wp-json\/wp\/v2\/media\/78936"}],"wp:attachment":[{"href":"https:\/\/conversesacatalunya.cat\/es\/wp-json\/wp\/v2\/media?parent=78997"}],"wp:term":[{"taxonomy":"category","embeddable":true,"href":"https:\/\/conversesacatalunya.cat\/es\/wp-json\/wp\/v2\/categories?post=78997"},{"taxonomy":"post_tag","embeddable":true,"href":"https:\/\/conversesacatalunya.cat\/es\/wp-json\/wp\/v2\/tags?post=78997"}],"curies":[{"name":"wp","href":"https:\/\/api.w.org\/{rel}","templated":true}]}}