{"id":78886,"date":"2024-06-14T10:33:28","date_gmt":"2024-06-14T08:33:28","guid":{"rendered":"https:\/\/conversesacatalunya.cat\/jordi-pujol-idees-accio-politica-el-llegat-6-lautogovern\/"},"modified":"2024-06-15T05:36:44","modified_gmt":"2024-06-15T03:36:44","slug":"jordi-pujol-ideas-accion-politica-el-legado-6-el-autogobierno","status":"publish","type":"post","link":"https:\/\/conversesacatalunya.cat\/es\/jordi-pujol-ideas-accion-politica-el-legado-6-el-autogobierno\/","title":{"rendered":"Jordi Pujol, ideas, acci\u00f3n, pol\u00edtica. El Legado (6). El autogobierno"},"content":{"rendered":"<div class=\"w-full text-token-text-primary\" dir=\"auto\" data-testid=\"conversation-turn-5\" data-scroll-anchor=\"false\">\n<div class=\"py-2 juice:py-[18px] px-3 text-base md:px-4 m-auto md:px-5 lg:px-1 xl:px-5\">\n<div class=\"mx-auto flex flex-1 gap-3 text-base juice:gap-4 juice:md:gap-5 juice:lg:gap-6 md:max-w-3xl lg:max-w-[40rem] xl:max-w-[48rem]\">\n<div class=\"group\/conversation-turn relative flex w-full min-w-0 flex-col agent-turn\">\n<div class=\"flex-col gap-1 md:gap-3\">\n<div class=\"flex flex-grow flex-col max-w-full\">\n<div class=\"min-h-[20px] text-message flex flex-col items-start whitespace-pre-wrap break-words [.text-message+&amp;]:mt-5 juice:w-full juice:items-end overflow-x-auto gap-2\" dir=\"auto\" data-message-author-role=\"assistant\" data-message-id=\"07d85487-0a92-4440-a85f-6fa3a5b9f77d\">\n<div class=\"flex w-full flex-col gap-1 juice:empty:hidden juice:first:pt-[3px]\">\n<div class=\"markdown prose w-full break-words dark:prose-invert light\">\n<div class=\"w-full text-token-text-primary\" dir=\"auto\" data-testid=\"conversation-turn-5\" data-scroll-anchor=\"false\">\n<div class=\"py-2 juice:py-[18px] px-3 text-base md:px-4 m-auto md:px-5 lg:px-1 xl:px-5\">\n<div class=\"mx-auto flex flex-1 gap-3 text-base juice:gap-4 juice:md:gap-5 juice:lg:gap-6 md:max-w-3xl lg:max-w-[40rem] xl:max-w-[48rem]\">\n<div class=\"group\/conversation-turn relative flex w-full min-w-0 flex-col agent-turn\">\n<div class=\"flex-col gap-1 md:gap-3\">\n<div class=\"flex flex-grow flex-col max-w-full\">\n<div class=\"min-h-[20px] text-message flex flex-col items-start whitespace-pre-wrap break-words [.text-message+&amp;]:mt-5 juice:w-full juice:items-end overflow-x-auto gap-2\" dir=\"auto\" data-message-author-role=\"assistant\" data-message-id=\"07d85487-0a92-4440-a85f-6fa3a5b9f77d\">\n<div class=\"flex w-full flex-col gap-1 juice:empty:hidden juice:first:pt-[3px]\">\n<h3 class=\"markdown prose w-full break-words dark:prose-invert light\"><strong>Un eje central de Jordi Pujol<\/strong><\/h3>\n<div class=\"markdown prose w-full break-words dark:prose-invert light\">Un eje de la concepci\u00f3n y pr\u00e1ctica pol\u00edtica de Jordi Pujol es su aplicaci\u00f3n del autogobierno de Catalunya como corolario necesario de su concepci\u00f3n nacional.\u00a0<strong>Autogobierno lo m\u00e1s amplio posible, pero nunca la independencia como culminaci\u00f3n.<\/strong> El autogobierno no es un camino hacia ella, sino una finalidad en s\u00ed misma. Nada en el relato y la pr\u00e1ctica de Pujol se puede encontrar de vestigio independentista ni, c\u00f3mo quieren sus detractores en Espa\u00f1a, su actuaci\u00f3n es una especie de preparaci\u00f3n para lograrlo.<\/div>\n<h3 class=\"markdown prose w-full break-words dark:prose-invert light\"><strong>Una visi\u00f3n pragm\u00e1tica<\/strong><\/h3>\n<\/div>\n<\/div>\n<\/div>\n<\/div>\n<\/div>\n<\/div>\n<\/div>\n<\/div>\n<div class=\"w-full text-token-text-primary\" dir=\"auto\" data-testid=\"conversation-turn-7\" data-scroll-anchor=\"true\">\n<div class=\"py-2 juice:py-[18px] px-3 text-base md:px-4 m-auto md:px-5 lg:px-1 xl:px-5\">\n<div class=\"mx-auto flex flex-1 gap-3 text-base juice:gap-4 juice:md:gap-5 juice:lg:gap-6 md:max-w-3xl lg:max-w-[40rem] xl:max-w-[48rem]\">\n<div class=\"group\/conversation-turn relative flex w-full min-w-0 flex-col agent-turn\">\n<div class=\"flex-col gap-1 md:gap-3\">\n<div class=\"flex flex-grow flex-col max-w-full\">\n<div class=\"min-h-[20px] text-message flex flex-col items-start whitespace-pre-wrap break-words [.text-message+&amp;]:mt-5 juice:w-full juice:items-end overflow-x-auto gap-2\" dir=\"auto\" data-message-author-role=\"assistant\" data-message-id=\"20549294-a4c3-4ca6-ae65-b3711730d764\">\n<div class=\"flex w-full flex-col gap-1 juice:empty:hidden juice:first:pt-[3px]\">\n<div class=\"markdown prose w-full break-words dark:prose-invert light\">\n<p>No lo es en sus inicios juveniles, en el paso a la pol\u00edtica y formulaci\u00f3n de CDC, o en su madurez como gobernante. A unos y otros les conviene la teor\u00eda de Pujol independentista. Solo tiene un problema: es falsa. Tampoco cuando deja el gobierno se pronuncia en ese sentido y s\u00f3lo en la fase final del proceso, y m\u00e1s como fidelidad a personas concretas y sobre todo a su obra m\u00e1s personal, CDC, hace formulaciones -escasas- p\u00fablicas favorables. Pero incluso este hecho es tan fruto fugaz de la coyuntura que no ha tenido continuidad.<\/p>\n<h3><strong>Autogobierno como amplia autonom\u00eda pol\u00edtica<\/strong><\/h3>\n<p>Ve en el autogobierno, entendido como amplia autonom\u00eda pol\u00edtica, el mejor instrumento para alcanzar las dos finalidades que le importan:\u00a0<strong>preservar la identidad nacional<\/strong>\u00a0sobre todo en sus manifestaciones de lengua, cultura y derecho, y poder construir una estructura que acompa\u00f1e y contribuya a edificar la comunidad forjadora de la persona en el bien.<\/p>\n<h3><strong>Pujol, hombre de gobierno<\/strong><\/h3>\n<p>Pujol, como hombre de gobierno y persona pragm\u00e1tica, en el sentido m\u00e1s literal del t\u00e9rmino, conoce y valora la importancia del estado, pero no es un estatista, sino que, como vimos en otra ocasi\u00f3n, es un defensor de la primac\u00eda de la sociedad civil. No tengo claro que lo sea por razones doctrinales de \u00edndole general \u2013\u201c<strong>Pi\u00f9 societ\u00e0 meno Stato<\/strong>\u201d, el lema cat\u00f3lico de los a\u00f1os ochenta\u2013 o bien porque en su visi\u00f3n hist\u00f3rica de Catalu\u00f1a, es la sociedad quien rehace la naci\u00f3n una y otra vez despu\u00e9s de cada derrumbe, y es en ella en quien hay que fiarlo todo. Seguramente ambos vectores de pensamiento forman parte de la concepci\u00f3n pujoliana y se alimentan mutuamente.<\/p>\n<h3><strong>Federalismo y autonom\u00eda<\/strong><\/h3>\n<p>El autogobierno en la teor\u00eda y pr\u00e1ctica de Pujol significa autonom\u00eda; en modo alguno federalismo porque lo rehuye, considera contrario al inter\u00e9s catal\u00e1n en el marco del estado la homologaci\u00f3n con las regiones espa\u00f1olas.\u00a0<strong>La palabra nacionalidad en la Constituci\u00f3n no figura en vano.<\/strong> Y si bien la concepci\u00f3n constitucional primigenia establec\u00eda la diferencia entre aquellos territorios \u2013Catalu\u00f1a, Pa\u00eds Vasco y Galicia\u2013 y las regiones, el resto de comunidades aut\u00f3nomas se perdi\u00f3 por la ofensiva del PSOE utilizando como ariete en Andaluc\u00eda, esto no significa que Pujol hubiera renunciado a la pol\u00edtica de la especificidad catalana que los vascos alcanzan f\u00e1cilmente con el r\u00e9gimen de financiaci\u00f3n y fiscalidad, pero que Pujol en el marco del r\u00e9gimen general busca construir por otras v\u00edas soportadas en el peso pol\u00edtico y econ\u00f3mico del propio pa\u00eds y el hecho de ser gobernado por una fuerza totalmente independiente de los dos grandes partidos espa\u00f1oles PSOE y PP. Y \u00e9ste es otro corolario de la visi\u00f3n del presidente de la Generalitat por excelencia: <strong>el autogobierno pide partidos de obediencia catalana en su frente<\/strong>. \u00c9ste ha sido de siempre el caballo de batalla \u2013 ganador \u2013 con el PSC y su te\u00f3rico federalismo nunca abordado, a pesar de tantos a\u00f1os de gobierno en Espa\u00f1a, matizado por Maragall con el adjetivo de asim\u00e9trico en una aproximaci\u00f3n deliberada a la tesis pujoliana.<\/p>\n<h3><strong>Competencias y diferenciaci\u00f3n<\/strong><\/h3>\n<p>Una de las v\u00edas de la diferenciaci\u00f3n son las competencias: \u201c<strong>el peix al cove<\/strong>\u201d, que significa ganar en autogobierno incluso en aquellos casos que, electoral o econ\u00f3micamente, resulta de nulo inter\u00e9s. Es el caso emblem\u00e1tico de la competencia en prisiones que Pujol exhibe una y otra vez como demostraci\u00f3n de su voluntad de gobernar m\u00e1s all\u00e1 de la rentabilidad partidista. Y tiene raz\u00f3n, porque con la excepci\u00f3n de los vascos (y \u00e9ste por razones bien concretas) en este caso el \u00ab<strong>nosotros no somos menos que Catalu\u00f1a<\/strong>\u00bb desaparece. Nadie hace del traspaso de prisiones una reivindicaci\u00f3n auton\u00f3mica.<\/p>\n<h3><strong>Coyunturas pol\u00edticas favorables<\/strong><\/h3>\n<p>El m\u00e1ximo competencial estatutario y nuevas cesiones aprovechando coyunturas pol\u00edticas favorables es la clave. Como en el caso del pacto con Aznar, donde reivindica y obtiene un nuevo sistema de financiaci\u00f3n m\u00e1s favorable, pero de r\u00e9gimen general, la liquidaci\u00f3n de los gobiernos civiles -el s\u00edmbolo de vivo de la derrota en la guerra contra los Borbones-, la liquidaci\u00f3n del servicio militar -una reivindicaci\u00f3n que Pujol hace a rega\u00f1adientes (porque no estaba en su agenda, pero s\u00ed en la de Joaquim Molins y su equipo de campa\u00f1a)- y esta s\u00ed espec\u00edfica de Catalunya, la polic\u00eda de tr\u00e1fico, que pasar\u00eda de la Guardia Civil a los Mossos, tapando as\u00ed un agujero del Estatuto de Autonom\u00eda que no lo previ\u00f3.<\/p>\n<h3><strong>M\u00e1ximo de competencias sin romper el juego institucional<\/strong><\/h3>\n<p>M\u00e1ximo de competencias, pero sin llegar al riesgo de romper el combate. Cuerda tensa siempre que puede, pero nunca \u2013 y eso lo saben \u2013 le dar\u00e1 una patada al brasero. Nunca juega en \u201c<strong>O nos calentamos todos o\u2026<\/strong>\u201d. Precisamente, la negociaci\u00f3n con el PP de Aznar es un buen ejemplo de ello. Molins y su equipo quer\u00edan aprovechar la excepcionalidad del escenario pol\u00edtico para introducir el concepto de Pacto Fiscal, despu\u00e9s tomado prestado por Artur Mas y los que han venido detr\u00e1s. Este enfoque en su origen, y lo conozco bien porque la\u00a0<a href=\"https:\/\/conversesacatalunya.cat\/es\/yo-invente-el-pacto-fiscal-y-nadie-sabe-en-que-consiste\/\" target=\"_blank\" rel=\"noopener\">concepci\u00f3n y el nombre son m\u00edos<\/a>, nunca ha sido una especie de modelo vasco con otro nombre, sino el reconocimiento de la singularidad catalana en el marco de la financiaci\u00f3n como primer criterio y un trato m\u00e1s equitativo y justo. Pujol no acept\u00f3 poner sobre la mesa ese enfoque porque cre\u00eda que no se resolver\u00eda y supondr\u00eda una ruptura y un impasse peligroso para la gobernaci\u00f3n de Espa\u00f1a y la estabilidad de las instituciones.<\/p>\n<h3><strong>Pujol, un hombre de Estado<\/strong><\/h3>\n<p>Y es que es cierto cuando se dice que Pujol es un hombre de Estado. Lo es en t\u00e9rminos constructores de las estructuras de gobierno de Catalunya como una escala m\u00e1s modesta, pero m\u00e1s pionera y tambi\u00e9n crucial, hace Prat de la Riba. Pero a diferencia de \u00e9ste, tambi\u00e9n lo es en su visi\u00f3n de la pol\u00edtica espa\u00f1ola. Por esta raz\u00f3n, la monarqu\u00eda conf\u00eda en Pujol, a pesar de su discurso nacional catal\u00e1n, y Felipe Gonz\u00e1lez, a pesar de sus diferencias no peque\u00f1as y encontronazos, lo valora como un pol\u00edtico que contribuye a la gobernaci\u00f3n del estado.<\/p>\n<h3><strong>Conclusi\u00f3n<\/strong><\/h3>\n<p>Autogobierno, autonom\u00eda y no federalismo, singularizaci\u00f3n catalana en el marco del estado, m\u00e1ximo competencial sin llegar a romper nunca el juego institucional. Cuando se resume as\u00ed el eje de la doctrina pujoliana del gobierno de Catalunya, se pone de manifiesto lo diferente de ella que fue la l\u00ednea seguida por Mas. Tan diferente que quiz\u00e1s ya va siendo hora de decir que, en t\u00e9rminos objetivos y para algunas personas de su equipo, tambi\u00e9n subjetivos, quer\u00eda ser una enmienda a la totalidad de la concepci\u00f3n de Pujol, convencidos de que ellos ten\u00edan una visi\u00f3n y capacidad superior. <strong>\u00a1Ay las! ya ve a d\u00f3nde nos han tra\u00eddo. Santa Luc\u00eda no les guard\u00f3 la vista\u2026<\/strong><\/p>\n<\/div>\n<\/div>\n<\/div>\n<\/div>\n<\/div>\n<\/div>\n<\/div>\n<\/div>\n<\/div>\n<\/div>\n<\/div>\n<\/div>\n<\/div>\n<\/div>\n<\/div>\n<\/div>\n<\/div>\n<\/div>\n<div class=\"w-full text-token-text-primary\" dir=\"auto\" data-testid=\"conversation-turn-7\" data-scroll-anchor=\"true\">\n<div class=\"py-2 juice:py-[18px] px-3 text-base md:px-4 m-auto md:px-5 lg:px-1 xl:px-5\">\n<div class=\"mx-auto flex flex-1 gap-3 text-base juice:gap-4 juice:md:gap-5 juice:lg:gap-6 md:max-w-3xl lg:max-w-[40rem] xl:max-w-[48rem]\">\n<div class=\"group\/conversation-turn relative flex w-full min-w-0 flex-col agent-turn\">\n<div class=\"flex-col gap-1 md:gap-3\">\n<div class=\"flex flex-grow flex-col max-w-full\">\n<div class=\"min-h-[20px] text-message flex flex-col items-start whitespace-pre-wrap break-words [.text-message+&amp;]:mt-5 juice:w-full juice:items-end overflow-x-auto gap-2\" dir=\"auto\" data-message-author-role=\"assistant\" data-message-id=\"20549294-a4c3-4ca6-ae65-b3711730d764\">\n<div class=\"flex w-full flex-col gap-1 juice:empty:hidden juice:first:pt-[3px]\">\n<div class=\"markdown prose w-full break-words dark:prose-invert light\">\n<div id=\"polls-246\" class=\"wp-polls\">\n\t<form id=\"polls_form_246\" class=\"wp-polls-form\" action=\"\/index.php\" method=\"post\">\n\t\t<p style=\"display: none;\"><input type=\"hidden\" id=\"poll_246_nonce\" name=\"wp-polls-nonce\" value=\"c55217cea4\" \/><\/p>\n\t\t<p style=\"display: none;\"><input type=\"hidden\" name=\"poll_id\" value=\"246\" \/><\/p>\n\t\t<p style=\"text-align: center\"><strong>L'independentisme es posar\u00e0 d'acord per guanyar el govern de la Generalitat?<\/strong><\/p><div id=\"polls-246-ans\" class=\"wp-polls-ans\"><ul class=\"wp-polls-ul\">\n\t\t<li><input type=\"radio\" id=\"poll-answer-690\" name=\"poll_246\" value=\"690\" \/> <label for=\"poll-answer-690\">S\u00ed<\/label><\/li>\n\t\t<li><input type=\"radio\" id=\"poll-answer-691\" name=\"poll_246\" value=\"691\" \/> <label for=\"poll-answer-691\">No<\/label><\/li>\n\t\t<li><input type=\"radio\" id=\"poll-answer-692\" name=\"poll_246\" value=\"692\" \/> <label for=\"poll-answer-692\">No ho s\u00e9<\/label><\/li>\n\t\t<\/ul><p style=\"text-align: center\"><input type=\"button\" name=\"vote\" value=\"   Vota   \" class=\"Buttons\" onclick=\"poll_vote(246);\" \/><\/p><p style=\"text-align: center\"><a href=\"#ViewPollResults\" onclick=\"poll_result(246); return false;\" title=\"View Results Of This Poll\">Mira els resultats<\/a><\/p><\/div>\n\t<\/form>\n<\/div>\n<div id=\"polls-246-loading\" class=\"wp-polls-loading\"><img decoding=\"async\" data-src=\"https:\/\/conversesacatalunya.cat\/wp-content\/plugins\/wp-polls\/images\/loading.gif\" width=\"16\" height=\"16\" alt=\"Cargando ...\" title=\"Cargando ...\" class=\"wp-polls-image lazyload\" src=\"data:image\/svg+xml;base64,PHN2ZyB3aWR0aD0iMSIgaGVpZ2h0PSIxIiB4bWxucz0iaHR0cDovL3d3dy53My5vcmcvMjAwMC9zdmciPjwvc3ZnPg==\" style=\"--smush-placeholder-width: 16px; --smush-placeholder-aspect-ratio: 16\/16;\" \/>&nbsp;Cargando ...<\/div>\n\n<\/div>\n<\/div>\n<\/div>\n<\/div>\n<\/div>\n<\/div>\n<\/div>\n<\/div>\n<\/div>\n","protected":false},"excerpt":{"rendered":"<p>Un eje central de Jordi Pujol Un eje de la concepci\u00f3n y pr\u00e1ctica pol\u00edtica de Jordi Pujol es su aplicaci\u00f3n del autogobierno de Catalunya como corolario necesario de su concepci\u00f3n nacional.\u00a0Autogobierno lo m\u00e1s amplio posible, pero nunca la independencia como culminaci\u00f3n. El autogobierno no es un camino hacia ella, sino una finalidad en s\u00ed misma. Nada en el relato y la pr\u00e1ctica de Pujol se puede encontrar de vestigio independentista ni, c\u00f3mo quieren sus detractores en Espa\u00f1a, su actuaci\u00f3n es una especie de preparaci\u00f3n para lograrlo. Una visi\u00f3n pragm\u00e1tica No lo es en sus inicios juveniles, en el paso a la pol\u00edtica y formulaci\u00f3n de CDC, o en su madurez como gobernante. A unos y otros les conviene la teor\u00eda de Pujol independentista. Solo tiene un problema: es falsa. Tampoco cuando deja el gobierno se pronuncia en ese sentido y s\u00f3lo en la fase final del proceso, y m\u00e1s como fidelidad a personas concretas y sobre todo a su obra m\u00e1s personal, CDC, hace formulaciones -escasas- p\u00fablicas favorables. Pero incluso este hecho es tan fruto fugaz de la coyuntura que no ha tenido continuidad. Autogobierno como amplia autonom\u00eda pol\u00edtica Ve en el autogobierno, entendido como amplia autonom\u00eda pol\u00edtica, el mejor instrumento para alcanzar las dos finalidades que le importan:\u00a0preservar la identidad nacional\u00a0sobre todo en sus manifestaciones de lengua, cultura y derecho, y poder construir una estructura que acompa\u00f1e y contribuya a edificar la comunidad forjadora de la persona en el bien. Pujol, hombre de gobierno Pujol, como hombre de gobierno y persona pragm\u00e1tica, en el sentido m\u00e1s literal del t\u00e9rmino, conoce y valora la importancia del estado, pero no es un estatista, sino que, como vimos en otra ocasi\u00f3n, es un defensor de la primac\u00eda de la sociedad civil. No tengo claro que lo sea por razones doctrinales de \u00edndole general \u2013\u201cPi\u00f9 societ\u00e0 meno Stato\u201d, el lema cat\u00f3lico de los a\u00f1os ochenta\u2013 o bien porque en su visi\u00f3n hist\u00f3rica de Catalu\u00f1a, es la sociedad quien rehace la naci\u00f3n una y otra vez despu\u00e9s de cada derrumbe, y es en ella en quien hay que fiarlo todo. Seguramente ambos vectores de pensamiento forman parte de la concepci\u00f3n pujoliana y se alimentan mutuamente. Federalismo y autonom\u00eda El autogobierno en la teor\u00eda y pr\u00e1ctica de Pujol significa autonom\u00eda; en modo alguno federalismo porque lo rehuye, considera contrario al inter\u00e9s catal\u00e1n en el marco del estado la homologaci\u00f3n con las regiones espa\u00f1olas.\u00a0La palabra nacionalidad en la Constituci\u00f3n no figura en vano. Y si bien la concepci\u00f3n constitucional primigenia establec\u00eda la diferencia entre aquellos territorios \u2013Catalu\u00f1a, Pa\u00eds Vasco y Galicia\u2013 y las regiones, el resto de comunidades aut\u00f3nomas se perdi\u00f3 por la ofensiva del PSOE utilizando como ariete en Andaluc\u00eda, esto no significa que Pujol hubiera renunciado a la pol\u00edtica de la especificidad catalana que los vascos alcanzan f\u00e1cilmente con el r\u00e9gimen de financiaci\u00f3n y fiscalidad, pero que Pujol en el marco del r\u00e9gimen general busca construir por otras v\u00edas soportadas en el peso pol\u00edtico y econ\u00f3mico del propio pa\u00eds y el hecho de ser gobernado por una fuerza totalmente independiente de los dos grandes partidos espa\u00f1oles PSOE y PP. Y \u00e9ste es otro corolario de la visi\u00f3n del presidente de la Generalitat por excelencia: el autogobierno pide partidos de obediencia catalana en su frente. \u00c9ste ha sido de siempre el caballo de batalla \u2013 ganador \u2013 con el PSC y su te\u00f3rico federalismo nunca abordado, a pesar de tantos a\u00f1os de gobierno en Espa\u00f1a, matizado por Maragall con el adjetivo de asim\u00e9trico en una aproximaci\u00f3n deliberada a la tesis pujoliana. Competencias y diferenciaci\u00f3n Una de las v\u00edas de la diferenciaci\u00f3n son las competencias: \u201cel peix al cove\u201d, que significa ganar en autogobierno incluso en aquellos casos que, electoral o econ\u00f3micamente, resulta de nulo inter\u00e9s. Es el caso emblem\u00e1tico de la competencia en prisiones que Pujol exhibe una y otra vez como demostraci\u00f3n de su voluntad de gobernar m\u00e1s all\u00e1 de la rentabilidad partidista. Y tiene raz\u00f3n, porque con la excepci\u00f3n de los vascos (y \u00e9ste por razones bien concretas) en este caso el \u00abnosotros no somos menos que Catalu\u00f1a\u00bb desaparece. Nadie hace del traspaso de prisiones una reivindicaci\u00f3n auton\u00f3mica. Coyunturas pol\u00edticas favorables El m\u00e1ximo competencial estatutario y nuevas cesiones aprovechando coyunturas pol\u00edticas favorables es la clave. Como en el caso del pacto con Aznar, donde reivindica y obtiene un nuevo sistema de financiaci\u00f3n m\u00e1s favorable, pero de r\u00e9gimen general, la liquidaci\u00f3n de los gobiernos civiles -el s\u00edmbolo de vivo de la derrota en la guerra contra los Borbones-, la liquidaci\u00f3n del servicio militar -una reivindicaci\u00f3n que Pujol hace a rega\u00f1adientes (porque no estaba en su agenda, pero s\u00ed en la de Joaquim Molins y su equipo de campa\u00f1a)- y esta s\u00ed espec\u00edfica de Catalunya, la polic\u00eda de tr\u00e1fico, que pasar\u00eda de la Guardia Civil a los Mossos, tapando as\u00ed un agujero del Estatuto de Autonom\u00eda que no lo previ\u00f3. M\u00e1ximo de competencias sin romper el juego institucional M\u00e1ximo de competencias, pero sin llegar al riesgo de romper el combate. Cuerda tensa siempre que puede, pero nunca \u2013 y eso lo saben \u2013 le dar\u00e1 una patada al brasero. Nunca juega en \u201cO nos calentamos todos o\u2026\u201d. Precisamente, la negociaci\u00f3n con el PP de Aznar es un buen ejemplo de ello. Molins y su equipo quer\u00edan aprovechar la excepcionalidad del escenario pol\u00edtico para introducir el concepto de Pacto Fiscal, despu\u00e9s tomado prestado por Artur Mas y los que han venido detr\u00e1s. Este enfoque en su origen, y lo conozco bien porque la\u00a0concepci\u00f3n y el nombre son m\u00edos, nunca ha sido una especie de modelo vasco con otro nombre, sino el reconocimiento de la singularidad catalana en el marco de la financiaci\u00f3n como primer criterio y un trato m\u00e1s equitativo y justo. Pujol no acept\u00f3 poner sobre la mesa ese enfoque porque cre\u00eda que no se resolver\u00eda y supondr\u00eda una ruptura y un impasse peligroso para la gobernaci\u00f3n de Espa\u00f1a y la estabilidad de las instituciones. Pujol, un hombre de Estado Y es que es cierto cuando se dice que Pujol es un hombre de&#8230;<\/p>\n","protected":false},"author":19,"featured_media":78880,"comment_status":"open","ping_status":"open","sticky":false,"template":"","format":"standard","meta":{"_FSMCFIC_featured_image_caption":"","_FSMCFIC_featured_image_nocaption":"","_FSMCFIC_featured_image_hide":"","footnotes":""},"categories":[796],"tags":[843],"class_list":["post-78886","post","type-post","status-publish","format-standard","has-post-thumbnail","hentry","category-el-blog-de-josep-miro-i-ardevol-es","tag-jordi-pujol-es"],"yoast_head":"<!-- This site is optimized with the Yoast SEO plugin v26.8 - https:\/\/yoast.com\/product\/yoast-seo-wordpress\/ -->\n<title>Jordi Pujol, ideas, acci\u00f3n, pol\u00edtica. El Legado (6). El autogobierno - Converses a Catalunya<\/title>\n<meta name=\"description\" content=\"Un eje de la pr\u00e1ctica pol\u00edtica de Pujol es su aplicaci\u00f3n del autogobierno de Catalunya como corolario necesario de su concepci\u00f3n nacional.\" \/>\n<meta name=\"robots\" content=\"index, follow, max-snippet:-1, max-image-preview:large, max-video-preview:-1\" \/>\n<link rel=\"canonical\" href=\"https:\/\/conversesacatalunya.cat\/es\/jordi-pujol-ideas-accion-politica-el-legado-6-el-autogobierno\/\" \/>\n<meta property=\"og:locale\" content=\"es_ES\" \/>\n<meta property=\"og:type\" content=\"article\" \/>\n<meta property=\"og:title\" content=\"Jordi Pujol, ideas, acci\u00f3n, pol\u00edtica. El Legado (6). El autogobierno - Converses a Catalunya\" \/>\n<meta property=\"og:description\" content=\"Un eje de la pr\u00e1ctica pol\u00edtica de Pujol es su aplicaci\u00f3n del autogobierno de Catalunya como corolario necesario de su concepci\u00f3n nacional.\" \/>\n<meta property=\"og:url\" content=\"https:\/\/conversesacatalunya.cat\/es\/jordi-pujol-ideas-accion-politica-el-legado-6-el-autogobierno\/\" \/>\n<meta property=\"og:site_name\" content=\"Converses a Catalunya\" \/>\n<meta property=\"article:published_time\" content=\"2024-06-14T08:33:28+00:00\" \/>\n<meta property=\"article:modified_time\" content=\"2024-06-15T03:36:44+00:00\" \/>\n<meta property=\"og:image\" content=\"https:\/\/conversesacatalunya.cat\/wp-content\/uploads\/2024\/06\/6a-legislatura.jpg\" \/>\n\t<meta property=\"og:image:width\" content=\"730\" \/>\n\t<meta property=\"og:image:height\" content=\"430\" \/>\n\t<meta property=\"og:image:type\" content=\"image\/jpeg\" \/>\n<meta name=\"author\" content=\"Josep Mir\u00f3 i Ard\u00e8vol\" \/>\n<meta name=\"twitter:card\" content=\"summary_large_image\" \/>\n<meta name=\"twitter:label1\" content=\"Escrito por\" \/>\n\t<meta name=\"twitter:data1\" content=\"Josep Mir\u00f3 i Ard\u00e8vol\" \/>\n\t<meta name=\"twitter:label2\" content=\"Tiempo de lectura\" \/>\n\t<meta name=\"twitter:data2\" content=\"7 minutos\" \/>\n<script type=\"application\/ld+json\" class=\"yoast-schema-graph\">{\"@context\":\"https:\/\/schema.org\",\"@graph\":[{\"@type\":\"Article\",\"@id\":\"https:\/\/conversesacatalunya.cat\/es\/jordi-pujol-ideas-accion-politica-el-legado-6-el-autogobierno\/#article\",\"isPartOf\":{\"@id\":\"https:\/\/conversesacatalunya.cat\/es\/jordi-pujol-ideas-accion-politica-el-legado-6-el-autogobierno\/\"},\"author\":{\"name\":\"Josep Mir\u00f3 i Ard\u00e8vol\",\"@id\":\"https:\/\/conversesacatalunya.cat\/#\/schema\/person\/a9598a6786ba7d3d1c5e0de477b79370\"},\"headline\":\"Jordi Pujol, ideas, acci\u00f3n, pol\u00edtica. El Legado (6). El autogobierno\",\"datePublished\":\"2024-06-14T08:33:28+00:00\",\"dateModified\":\"2024-06-15T03:36:44+00:00\",\"mainEntityOfPage\":{\"@id\":\"https:\/\/conversesacatalunya.cat\/es\/jordi-pujol-ideas-accion-politica-el-legado-6-el-autogobierno\/\"},\"wordCount\":1357,\"commentCount\":0,\"image\":{\"@id\":\"https:\/\/conversesacatalunya.cat\/es\/jordi-pujol-ideas-accion-politica-el-legado-6-el-autogobierno\/#primaryimage\"},\"thumbnailUrl\":\"https:\/\/conversesacatalunya.cat\/wp-content\/uploads\/2024\/06\/6a-legislatura.jpg\",\"keywords\":[\"Jordi Pujol\"],\"articleSection\":[\"El Blog de Josep Mir\u00f3 i Ard\u00e8vol (ES)\"],\"inLanguage\":\"es\",\"potentialAction\":[{\"@type\":\"CommentAction\",\"name\":\"Comment\",\"target\":[\"https:\/\/conversesacatalunya.cat\/es\/jordi-pujol-ideas-accion-politica-el-legado-6-el-autogobierno\/#respond\"]}]},{\"@type\":\"WebPage\",\"@id\":\"https:\/\/conversesacatalunya.cat\/es\/jordi-pujol-ideas-accion-politica-el-legado-6-el-autogobierno\/\",\"url\":\"https:\/\/conversesacatalunya.cat\/es\/jordi-pujol-ideas-accion-politica-el-legado-6-el-autogobierno\/\",\"name\":\"Jordi Pujol, ideas, acci\u00f3n, pol\u00edtica. El Legado (6). El autogobierno - Converses a Catalunya\",\"isPartOf\":{\"@id\":\"https:\/\/conversesacatalunya.cat\/#website\"},\"primaryImageOfPage\":{\"@id\":\"https:\/\/conversesacatalunya.cat\/es\/jordi-pujol-ideas-accion-politica-el-legado-6-el-autogobierno\/#primaryimage\"},\"image\":{\"@id\":\"https:\/\/conversesacatalunya.cat\/es\/jordi-pujol-ideas-accion-politica-el-legado-6-el-autogobierno\/#primaryimage\"},\"thumbnailUrl\":\"https:\/\/conversesacatalunya.cat\/wp-content\/uploads\/2024\/06\/6a-legislatura.jpg\",\"datePublished\":\"2024-06-14T08:33:28+00:00\",\"dateModified\":\"2024-06-15T03:36:44+00:00\",\"author\":{\"@id\":\"https:\/\/conversesacatalunya.cat\/#\/schema\/person\/a9598a6786ba7d3d1c5e0de477b79370\"},\"description\":\"Un eje de la pr\u00e1ctica pol\u00edtica de Pujol es su aplicaci\u00f3n del autogobierno de Catalunya como corolario necesario de su concepci\u00f3n nacional.\",\"breadcrumb\":{\"@id\":\"https:\/\/conversesacatalunya.cat\/es\/jordi-pujol-ideas-accion-politica-el-legado-6-el-autogobierno\/#breadcrumb\"},\"inLanguage\":\"es\",\"potentialAction\":[{\"@type\":\"ReadAction\",\"target\":[\"https:\/\/conversesacatalunya.cat\/es\/jordi-pujol-ideas-accion-politica-el-legado-6-el-autogobierno\/\"]}]},{\"@type\":\"ImageObject\",\"inLanguage\":\"es\",\"@id\":\"https:\/\/conversesacatalunya.cat\/es\/jordi-pujol-ideas-accion-politica-el-legado-6-el-autogobierno\/#primaryimage\",\"url\":\"https:\/\/conversesacatalunya.cat\/wp-content\/uploads\/2024\/06\/6a-legislatura.jpg\",\"contentUrl\":\"https:\/\/conversesacatalunya.cat\/wp-content\/uploads\/2024\/06\/6a-legislatura.jpg\",\"width\":730,\"height\":430,\"caption\":\"Pujol autogobierno\"},{\"@type\":\"BreadcrumbList\",\"@id\":\"https:\/\/conversesacatalunya.cat\/es\/jordi-pujol-ideas-accion-politica-el-legado-6-el-autogobierno\/#breadcrumb\",\"itemListElement\":[{\"@type\":\"ListItem\",\"position\":1,\"name\":\"Inici\",\"item\":\"https:\/\/conversesacatalunya.cat\/es\/\"},{\"@type\":\"ListItem\",\"position\":2,\"name\":\"Jordi Pujol, ideas, acci\u00f3n, pol\u00edtica. El Legado (6). El autogobierno\"}]},{\"@type\":\"WebSite\",\"@id\":\"https:\/\/conversesacatalunya.cat\/#website\",\"url\":\"https:\/\/conversesacatalunya.cat\/\",\"name\":\"Converses a Catalunya\",\"description\":\"\",\"potentialAction\":[{\"@type\":\"SearchAction\",\"target\":{\"@type\":\"EntryPoint\",\"urlTemplate\":\"https:\/\/conversesacatalunya.cat\/?s={search_term_string}\"},\"query-input\":{\"@type\":\"PropertyValueSpecification\",\"valueRequired\":true,\"valueName\":\"search_term_string\"}}],\"inLanguage\":\"es\"},{\"@type\":\"Person\",\"@id\":\"https:\/\/conversesacatalunya.cat\/#\/schema\/person\/a9598a6786ba7d3d1c5e0de477b79370\",\"name\":\"Josep Mir\u00f3 i Ard\u00e8vol\",\"image\":{\"@type\":\"ImageObject\",\"inLanguage\":\"es\",\"@id\":\"https:\/\/conversesacatalunya.cat\/#\/schema\/person\/image\/\",\"url\":\"https:\/\/conversesacatalunya.cat\/wp-content\/litespeed\/avatar\/c37e3dc881857483d6694cdf98fdedea.jpg?ver=1777270381\",\"contentUrl\":\"https:\/\/conversesacatalunya.cat\/wp-content\/litespeed\/avatar\/c37e3dc881857483d6694cdf98fdedea.jpg?ver=1777270381\",\"caption\":\"Josep Mir\u00f3 i Ard\u00e8vol\"},\"url\":\"https:\/\/conversesacatalunya.cat\/es\/author\/josep-miro-i-ardevol\/\"}]}<\/script>\n<!-- \/ Yoast SEO plugin. -->","yoast_head_json":{"title":"Jordi Pujol, ideas, acci\u00f3n, pol\u00edtica. El Legado (6). El autogobierno - Converses a Catalunya","description":"Un eje de la pr\u00e1ctica pol\u00edtica de Pujol es su aplicaci\u00f3n del autogobierno de Catalunya como corolario necesario de su concepci\u00f3n nacional.","robots":{"index":"index","follow":"follow","max-snippet":"max-snippet:-1","max-image-preview":"max-image-preview:large","max-video-preview":"max-video-preview:-1"},"canonical":"https:\/\/conversesacatalunya.cat\/es\/jordi-pujol-ideas-accion-politica-el-legado-6-el-autogobierno\/","og_locale":"es_ES","og_type":"article","og_title":"Jordi Pujol, ideas, acci\u00f3n, pol\u00edtica. El Legado (6). El autogobierno - Converses a Catalunya","og_description":"Un eje de la pr\u00e1ctica pol\u00edtica de Pujol es su aplicaci\u00f3n del autogobierno de Catalunya como corolario necesario de su concepci\u00f3n nacional.","og_url":"https:\/\/conversesacatalunya.cat\/es\/jordi-pujol-ideas-accion-politica-el-legado-6-el-autogobierno\/","og_site_name":"Converses a Catalunya","article_published_time":"2024-06-14T08:33:28+00:00","article_modified_time":"2024-06-15T03:36:44+00:00","og_image":[{"width":730,"height":430,"url":"https:\/\/conversesacatalunya.cat\/wp-content\/uploads\/2024\/06\/6a-legislatura.jpg","type":"image\/jpeg"}],"author":"Josep Mir\u00f3 i Ard\u00e8vol","twitter_card":"summary_large_image","twitter_misc":{"Escrito por":"Josep Mir\u00f3 i Ard\u00e8vol","Tiempo de lectura":"7 minutos"},"schema":{"@context":"https:\/\/schema.org","@graph":[{"@type":"Article","@id":"https:\/\/conversesacatalunya.cat\/es\/jordi-pujol-ideas-accion-politica-el-legado-6-el-autogobierno\/#article","isPartOf":{"@id":"https:\/\/conversesacatalunya.cat\/es\/jordi-pujol-ideas-accion-politica-el-legado-6-el-autogobierno\/"},"author":{"name":"Josep Mir\u00f3 i Ard\u00e8vol","@id":"https:\/\/conversesacatalunya.cat\/#\/schema\/person\/a9598a6786ba7d3d1c5e0de477b79370"},"headline":"Jordi Pujol, ideas, acci\u00f3n, pol\u00edtica. El Legado (6). El autogobierno","datePublished":"2024-06-14T08:33:28+00:00","dateModified":"2024-06-15T03:36:44+00:00","mainEntityOfPage":{"@id":"https:\/\/conversesacatalunya.cat\/es\/jordi-pujol-ideas-accion-politica-el-legado-6-el-autogobierno\/"},"wordCount":1357,"commentCount":0,"image":{"@id":"https:\/\/conversesacatalunya.cat\/es\/jordi-pujol-ideas-accion-politica-el-legado-6-el-autogobierno\/#primaryimage"},"thumbnailUrl":"https:\/\/conversesacatalunya.cat\/wp-content\/uploads\/2024\/06\/6a-legislatura.jpg","keywords":["Jordi Pujol"],"articleSection":["El Blog de Josep Mir\u00f3 i Ard\u00e8vol (ES)"],"inLanguage":"es","potentialAction":[{"@type":"CommentAction","name":"Comment","target":["https:\/\/conversesacatalunya.cat\/es\/jordi-pujol-ideas-accion-politica-el-legado-6-el-autogobierno\/#respond"]}]},{"@type":"WebPage","@id":"https:\/\/conversesacatalunya.cat\/es\/jordi-pujol-ideas-accion-politica-el-legado-6-el-autogobierno\/","url":"https:\/\/conversesacatalunya.cat\/es\/jordi-pujol-ideas-accion-politica-el-legado-6-el-autogobierno\/","name":"Jordi Pujol, ideas, acci\u00f3n, pol\u00edtica. El Legado (6). El autogobierno - Converses a Catalunya","isPartOf":{"@id":"https:\/\/conversesacatalunya.cat\/#website"},"primaryImageOfPage":{"@id":"https:\/\/conversesacatalunya.cat\/es\/jordi-pujol-ideas-accion-politica-el-legado-6-el-autogobierno\/#primaryimage"},"image":{"@id":"https:\/\/conversesacatalunya.cat\/es\/jordi-pujol-ideas-accion-politica-el-legado-6-el-autogobierno\/#primaryimage"},"thumbnailUrl":"https:\/\/conversesacatalunya.cat\/wp-content\/uploads\/2024\/06\/6a-legislatura.jpg","datePublished":"2024-06-14T08:33:28+00:00","dateModified":"2024-06-15T03:36:44+00:00","author":{"@id":"https:\/\/conversesacatalunya.cat\/#\/schema\/person\/a9598a6786ba7d3d1c5e0de477b79370"},"description":"Un eje de la pr\u00e1ctica pol\u00edtica de Pujol es su aplicaci\u00f3n del autogobierno de Catalunya como corolario necesario de su concepci\u00f3n nacional.","breadcrumb":{"@id":"https:\/\/conversesacatalunya.cat\/es\/jordi-pujol-ideas-accion-politica-el-legado-6-el-autogobierno\/#breadcrumb"},"inLanguage":"es","potentialAction":[{"@type":"ReadAction","target":["https:\/\/conversesacatalunya.cat\/es\/jordi-pujol-ideas-accion-politica-el-legado-6-el-autogobierno\/"]}]},{"@type":"ImageObject","inLanguage":"es","@id":"https:\/\/conversesacatalunya.cat\/es\/jordi-pujol-ideas-accion-politica-el-legado-6-el-autogobierno\/#primaryimage","url":"https:\/\/conversesacatalunya.cat\/wp-content\/uploads\/2024\/06\/6a-legislatura.jpg","contentUrl":"https:\/\/conversesacatalunya.cat\/wp-content\/uploads\/2024\/06\/6a-legislatura.jpg","width":730,"height":430,"caption":"Pujol autogobierno"},{"@type":"BreadcrumbList","@id":"https:\/\/conversesacatalunya.cat\/es\/jordi-pujol-ideas-accion-politica-el-legado-6-el-autogobierno\/#breadcrumb","itemListElement":[{"@type":"ListItem","position":1,"name":"Inici","item":"https:\/\/conversesacatalunya.cat\/es\/"},{"@type":"ListItem","position":2,"name":"Jordi Pujol, ideas, acci\u00f3n, pol\u00edtica. El Legado (6). El autogobierno"}]},{"@type":"WebSite","@id":"https:\/\/conversesacatalunya.cat\/#website","url":"https:\/\/conversesacatalunya.cat\/","name":"Converses a Catalunya","description":"","potentialAction":[{"@type":"SearchAction","target":{"@type":"EntryPoint","urlTemplate":"https:\/\/conversesacatalunya.cat\/?s={search_term_string}"},"query-input":{"@type":"PropertyValueSpecification","valueRequired":true,"valueName":"search_term_string"}}],"inLanguage":"es"},{"@type":"Person","@id":"https:\/\/conversesacatalunya.cat\/#\/schema\/person\/a9598a6786ba7d3d1c5e0de477b79370","name":"Josep Mir\u00f3 i Ard\u00e8vol","image":{"@type":"ImageObject","inLanguage":"es","@id":"https:\/\/conversesacatalunya.cat\/#\/schema\/person\/image\/","url":"https:\/\/conversesacatalunya.cat\/wp-content\/litespeed\/avatar\/c37e3dc881857483d6694cdf98fdedea.jpg?ver=1777270381","contentUrl":"https:\/\/conversesacatalunya.cat\/wp-content\/litespeed\/avatar\/c37e3dc881857483d6694cdf98fdedea.jpg?ver=1777270381","caption":"Josep Mir\u00f3 i Ard\u00e8vol"},"url":"https:\/\/conversesacatalunya.cat\/es\/author\/josep-miro-i-ardevol\/"}]}},"wps_subtitle":"Autogobierno lo m\u00e1s amplio posible, pero nunca la independencia como culminaci\u00f3n","_links":{"self":[{"href":"https:\/\/conversesacatalunya.cat\/es\/wp-json\/wp\/v2\/posts\/78886","targetHints":{"allow":["GET"]}}],"collection":[{"href":"https:\/\/conversesacatalunya.cat\/es\/wp-json\/wp\/v2\/posts"}],"about":[{"href":"https:\/\/conversesacatalunya.cat\/es\/wp-json\/wp\/v2\/types\/post"}],"author":[{"embeddable":true,"href":"https:\/\/conversesacatalunya.cat\/es\/wp-json\/wp\/v2\/users\/19"}],"replies":[{"embeddable":true,"href":"https:\/\/conversesacatalunya.cat\/es\/wp-json\/wp\/v2\/comments?post=78886"}],"version-history":[{"count":4,"href":"https:\/\/conversesacatalunya.cat\/es\/wp-json\/wp\/v2\/posts\/78886\/revisions"}],"predecessor-version":[{"id":78917,"href":"https:\/\/conversesacatalunya.cat\/es\/wp-json\/wp\/v2\/posts\/78886\/revisions\/78917"}],"wp:featuredmedia":[{"embeddable":true,"href":"https:\/\/conversesacatalunya.cat\/es\/wp-json\/wp\/v2\/media\/78880"}],"wp:attachment":[{"href":"https:\/\/conversesacatalunya.cat\/es\/wp-json\/wp\/v2\/media?parent=78886"}],"wp:term":[{"taxonomy":"category","embeddable":true,"href":"https:\/\/conversesacatalunya.cat\/es\/wp-json\/wp\/v2\/categories?post=78886"},{"taxonomy":"post_tag","embeddable":true,"href":"https:\/\/conversesacatalunya.cat\/es\/wp-json\/wp\/v2\/tags?post=78886"}],"curies":[{"name":"wp","href":"https:\/\/api.w.org\/{rel}","templated":true}]}}