{"id":78782,"date":"2024-06-11T10:33:32","date_gmt":"2024-06-11T08:33:32","guid":{"rendered":"https:\/\/conversesacatalunya.cat\/transicio-demografica-mundial\/"},"modified":"2024-06-11T13:02:56","modified_gmt":"2024-06-11T11:02:56","slug":"transicion-demografica-mundial","status":"publish","type":"post","link":"https:\/\/conversesacatalunya.cat\/es\/transicion-demografica-mundial\/","title":{"rendered":"La transici\u00f3n demogr\u00e1fica mundial ya est\u00e1 en marcha"},"content":{"rendered":"<p><span>El mundo en su conjunto est\u00e1 inmerso en un proceso lento, imperceptible en los telediarios atrapados en la trampa de la inmediatez que confunde la\u00a0<\/span><em><span>urgencia<\/span><\/em><span>\u00a0con la\u00a0<\/span><em><span>importancia<\/span><\/em><span>\u00a0de la informaci\u00f3n.<\/span><\/p>\n<p><span>Sin embargo, en la historia los\u00a0<\/span><strong><span>ciclos largos<\/span><\/strong><span>, y los factores econ\u00f3micos, sociales y culturales que los sustentan, tienden a pesar igual o m\u00e1s que los acontecimientos como tales, caracterizados caricaturescamente por fechas de batallas, coronamientos y revoluciones.<\/span><\/p>\n<p><span>El caso del proceso largo que nos ocupa es el de la\u00a0<\/span><strong><span>transici\u00f3n demogr\u00e1fica<\/span><\/strong><span>, un\u00a0<\/span><a href=\"https:\/\/es.wikipedia.org\/wiki\/Transici%25C3%25B3n_demogr%25C3%25A1fica\" target=\"_blank\" rel=\"noopener\"><span>t\u00e9rmino<\/span><\/a><span> que el economista y periodista brit\u00e1nico Martin Wolf afirma que tiene ya casi un siglo de antig\u00fcedad.<\/span><\/p>\n<p><span>Resumido al m\u00ednimo, se trata de los cambios sucesivos en la estructura demogr\u00e1fica de una sociedad en la que la poblaci\u00f3n crece durante un largu\u00edsimo per\u00edodo inicial a un ritmo muy lento debido a tasas de fertilidad y de mortalidad muy elevadas, para entonces iniciar un crecimiento muy pronunciado correspondiente con una mortalidad decayente, y finalmente ver c\u00f3mo la tasa de nacimientos acaba por desplomarse tambi\u00e9n.<\/span><\/p>\n<p><strong><span>\u00c9sta es la s\u00edntesis de la historia demogr\u00e1fica de Occidente de los \u00faltimos 200 a\u00f1os, y desde hace menos, del mundo entero<\/span><\/strong><span>. Y es que a escala mundial, la tasa de fertilidad ha pasado de 4,7 hijos por mujer en 1960 a 2,3 en 2021. Estamos ya a las puertas del umbral de equilibrio de 2,1 hijos por mujer y que sirve de referencia te\u00f3rica para prever la estabilidad de un pa\u00eds desarrollado.<\/span><\/p>\n<p><span>A estas alturas, se podr\u00eda hablar de una transici\u00f3n demogr\u00e1fica mundial a dos velocidades:\u00a0<\/span><strong><span>\u00c1frica versus el resto<\/span><\/strong><span>. Mientras Iberoam\u00e9rica y Asia se han sumado a Europa y Norteam\u00e9rica en su camino hacia el envejecimiento, \u00c1frica se encuentra todav\u00eda firmemente anclada en la fase de \u201cfertilidad elevada-mortalidad decayente\u201d, lo que explica la proyecci\u00f3n de <\/span><strong><span>la poblaci\u00f3n africana en 2060 ser\u00e1 tan grande como la de todos los pa\u00edses desarrollados m\u00e1s China<\/span><\/strong><span>.<\/span><\/p>\n<p><span>Teniendo en cuenta que la inmigraci\u00f3n (por defecto, africana) a la que deber\u00eda recurrirse para mantener estable la poblaci\u00f3n de los pa\u00edses con tasas de fertilidad bajas ser\u00eda tan masiva que ser\u00eda insostenible (como el propio Wolf\u00a0<\/span><a href=\"https:\/\/www.ft.com\/content\/ab4ce770-18cf-4025-8714-186f16a4f145\" target=\"_blank\" rel=\"noopener\"><span>reconoce<\/span><\/a><span>), s\u00f3lo quedan dos pol\u00edticas posibles para evitar un\u00a0<\/span><strong><span>colapso demogr\u00e1fico,<\/span><\/strong><span>\u00a0siendo ambas complementarias.<\/span><\/p>\n<p><span>La primera consiste en incentivar todo lo posible los nacimientos, y por extensi\u00f3n, la\u00a0<\/span><a href=\"https:\/\/conversesacatalunya.cat\/es\/espana-el-pais-que-menosprecia-a-la-familia\/\" target=\"_blank\" rel=\"noopener\"><span>familia<\/span><\/a><span>, liber\u00e1ndose de prejuicios ideol\u00f3gicos de una vez por todas. Y es que para conseguir corregir la cada vez peor tasa de fertilidad en pa\u00edses tan distintos como Espa\u00f1a y Jap\u00f3n el esfuerzo a realizar es no s\u00f3lo econ\u00f3mico, sino\u00a0<\/span><a href=\"https:\/\/conversesacatalunya.cat\/es\/ni-precariedad-ni-falta-de-ayudas-publicas-la-primera-razon-de-la-crisis-de-natalidad-es-cultural\/\" target=\"_blank\" rel=\"noopener\"><span>sobre todo\u00a0<\/span><\/a><strong><span>cultural<\/span><\/strong><span>\u00a0.<\/span><\/p>\n<p><span>La segunda pasa por\u00a0<\/span><strong><span>asumir que el envejecimiento de la poblaci\u00f3n seguir\u00e1 increment\u00e1ndose durante al menos unas d\u00e9cadas m\u00e1s<\/span><\/strong><span>\u00a0. Como Wolf\u00a0<\/span><a href=\"https:\/\/www.ft.com\/content\/a8f33209-3507-4364-98be-61b3bb464fbb\" target=\"_blank\" rel=\"noopener\"><span>sintetiza<\/span><\/a><span>, una sociedad econ\u00f3micamente basada en 20-25 a\u00f1os de la vida centrados en la educaci\u00f3n, 35 de trabajo y otros 30-35 de jubilaci\u00f3n es sencillamente inalcanzable. Y sin embargo, parece ser el rumbo hacia el que las sociedades desarrolladas se dirigen.<\/span><\/p>\n<p><span>Por supuesto, habr\u00e1 que trabajar m\u00e1s a\u00f1os. Por supuesto, los esquemas de pensiones (y no hablamos s\u00f3lo del caso absolutamente\u00a0<\/span><a href=\"https:\/\/conversesacatalunya.cat\/es\/como-nos-enganan-con-las-pensiones\/\" target=\"_blank\" rel=\"noopener\"><span>catastr\u00f3fico<\/span><\/a><span>\u00a0de Espa\u00f1a, sino de pa\u00edses donde la situaci\u00f3n es mucho mejor) tendr\u00e1n que replantearse de arriba abajo,\u00a0<\/span><strong><span>responsabilizando mucho m\u00e1s a cada trabajador individualmente de su futuro<\/span><\/strong><span>.<\/span><\/p>\n<p><span>Pero tambi\u00e9n habr\u00e1 que tomar medidas que ahora nos parecen surrealistas, como\u00a0<\/span><strong><span>intercalar en la vida profesional per\u00edodos de formaci\u00f3n y bajas<\/span><\/strong><span> (por ejemplo, de maternidad en el caso de las mujeres) mucho m\u00e1s largas que las actuales.<\/span><\/p>\n<p>&nbsp;<\/p>\n","protected":false},"excerpt":{"rendered":"<p>El mundo en su conjunto est\u00e1 inmerso en un proceso lento, imperceptible en los telediarios atrapados en la trampa de la inmediatez que confunde la\u00a0urgencia\u00a0con la\u00a0importancia\u00a0de la informaci\u00f3n. Sin embargo, en la historia los\u00a0ciclos largos, y los factores econ\u00f3micos, sociales y culturales que los sustentan, tienden a pesar igual o m\u00e1s que los acontecimientos como tales, caracterizados caricaturescamente por fechas de batallas, coronamientos y revoluciones. El caso del proceso largo que nos ocupa es el de la\u00a0transici\u00f3n demogr\u00e1fica, un\u00a0t\u00e9rmino que el economista y periodista brit\u00e1nico Martin Wolf afirma que tiene ya casi un siglo de antig\u00fcedad. Resumido al m\u00ednimo, se trata de los cambios sucesivos en la estructura demogr\u00e1fica de una sociedad en la que la poblaci\u00f3n crece durante un largu\u00edsimo per\u00edodo inicial a un ritmo muy lento debido a tasas de fertilidad y de mortalidad muy elevadas, para entonces iniciar un crecimiento muy pronunciado correspondiente con una mortalidad decayente, y finalmente ver c\u00f3mo la tasa de nacimientos acaba por desplomarse tambi\u00e9n. \u00c9sta es la s\u00edntesis de la historia demogr\u00e1fica de Occidente de los \u00faltimos 200 a\u00f1os, y desde hace menos, del mundo entero. Y es que a escala mundial, la tasa de fertilidad ha pasado de 4,7 hijos por mujer en 1960 a 2,3 en 2021. Estamos ya a las puertas del umbral de equilibrio de 2,1 hijos por mujer y que sirve de referencia te\u00f3rica para prever la estabilidad de un pa\u00eds desarrollado. A estas alturas, se podr\u00eda hablar de una transici\u00f3n demogr\u00e1fica mundial a dos velocidades:\u00a0\u00c1frica versus el resto. Mientras Iberoam\u00e9rica y Asia se han sumado a Europa y Norteam\u00e9rica en su camino hacia el envejecimiento, \u00c1frica se encuentra todav\u00eda firmemente anclada en la fase de \u201cfertilidad elevada-mortalidad decayente\u201d, lo que explica la proyecci\u00f3n de la poblaci\u00f3n africana en 2060 ser\u00e1 tan grande como la de todos los pa\u00edses desarrollados m\u00e1s China. Teniendo en cuenta que la inmigraci\u00f3n (por defecto, africana) a la que deber\u00eda recurrirse para mantener estable la poblaci\u00f3n de los pa\u00edses con tasas de fertilidad bajas ser\u00eda tan masiva que ser\u00eda insostenible (como el propio Wolf\u00a0reconoce), s\u00f3lo quedan dos pol\u00edticas posibles para evitar un\u00a0colapso demogr\u00e1fico,\u00a0siendo ambas complementarias. La primera consiste en incentivar todo lo posible los nacimientos, y por extensi\u00f3n, la\u00a0familia, liber\u00e1ndose de prejuicios ideol\u00f3gicos de una vez por todas. Y es que para conseguir corregir la cada vez peor tasa de fertilidad en pa\u00edses tan distintos como Espa\u00f1a y Jap\u00f3n el esfuerzo a realizar es no s\u00f3lo econ\u00f3mico, sino\u00a0sobre todo\u00a0cultural\u00a0. La segunda pasa por\u00a0asumir que el envejecimiento de la poblaci\u00f3n seguir\u00e1 increment\u00e1ndose durante al menos unas d\u00e9cadas m\u00e1s\u00a0. Como Wolf\u00a0sintetiza, una sociedad econ\u00f3micamente basada en 20-25 a\u00f1os de la vida centrados en la educaci\u00f3n, 35 de trabajo y otros 30-35 de jubilaci\u00f3n es sencillamente inalcanzable. Y sin embargo, parece ser el rumbo hacia el que las sociedades desarrolladas se dirigen. Por supuesto, habr\u00e1 que trabajar m\u00e1s a\u00f1os. Por supuesto, los esquemas de pensiones (y no hablamos s\u00f3lo del caso absolutamente\u00a0catastr\u00f3fico\u00a0de Espa\u00f1a, sino de pa\u00edses donde la situaci\u00f3n es mucho mejor) tendr\u00e1n que replantearse de arriba abajo,\u00a0responsabilizando mucho m\u00e1s a cada trabajador individualmente de su futuro. Pero tambi\u00e9n habr\u00e1 que tomar medidas que ahora nos parecen surrealistas, como\u00a0intercalar en la vida profesional per\u00edodos de formaci\u00f3n y bajas (por ejemplo, de maternidad en el caso de las mujeres) mucho m\u00e1s largas que las actuales. &nbsp;<\/p>\n","protected":false},"author":75,"featured_media":78783,"comment_status":"open","ping_status":"open","sticky":false,"template":"","format":"standard","meta":{"_FSMCFIC_featured_image_caption":"","_FSMCFIC_featured_image_nocaption":"","_FSMCFIC_featured_image_hide":"","footnotes":""},"categories":[806],"tags":[2603,1312],"class_list":["post-78782","post","type-post","status-publish","format-standard","has-post-thumbnail","hentry","category-punts-claus-del-dia-es","tag-crisis-demografica","tag-demografia-es"],"yoast_head":"<!-- This site is optimized with the Yoast SEO plugin v26.8 - https:\/\/yoast.com\/product\/yoast-seo-wordpress\/ -->\n<title>La transici\u00f3n demogr\u00e1fica mundial ya est\u00e1 en marcha - Converses a Catalunya<\/title>\n<meta name=\"description\" content=\"S\u00f3lo existen dos pol\u00edticas posibles, y complementarias, para evitar el colapso demogr\u00e1fico de las sociedades desarrolladas\" \/>\n<meta name=\"robots\" content=\"index, follow, max-snippet:-1, max-image-preview:large, max-video-preview:-1\" \/>\n<link rel=\"canonical\" href=\"https:\/\/conversesacatalunya.cat\/es\/transicion-demografica-mundial\/\" \/>\n<meta property=\"og:locale\" content=\"es_ES\" \/>\n<meta property=\"og:type\" content=\"article\" \/>\n<meta property=\"og:title\" content=\"La transici\u00f3n demogr\u00e1fica mundial ya est\u00e1 en marcha - Converses a Catalunya\" \/>\n<meta property=\"og:description\" content=\"S\u00f3lo existen dos pol\u00edticas posibles, y complementarias, para evitar el colapso demogr\u00e1fico de las sociedades desarrolladas\" \/>\n<meta property=\"og:url\" content=\"https:\/\/conversesacatalunya.cat\/es\/transicion-demografica-mundial\/\" \/>\n<meta property=\"og:site_name\" content=\"Converses a Catalunya\" \/>\n<meta property=\"article:published_time\" content=\"2024-06-11T08:33:32+00:00\" \/>\n<meta property=\"article:modified_time\" content=\"2024-06-11T11:02:56+00:00\" \/>\n<meta property=\"og:image\" content=\"https:\/\/conversesacatalunya.cat\/wp-content\/uploads\/2019\/06\/Captura-de-pantalla_2019-06-04_19-29-26.png\" \/>\n\t<meta property=\"og:image:width\" content=\"927\" \/>\n\t<meta property=\"og:image:height\" content=\"577\" \/>\n\t<meta property=\"og:image:type\" content=\"image\/png\" \/>\n<meta name=\"author\" content=\"Carles L\u00f3pez\" \/>\n<meta name=\"twitter:card\" content=\"summary_large_image\" \/>\n<meta name=\"twitter:label1\" content=\"Escrito por\" \/>\n\t<meta name=\"twitter:data1\" content=\"Carles L\u00f3pez\" \/>\n\t<meta name=\"twitter:label2\" content=\"Tiempo de lectura\" \/>\n\t<meta name=\"twitter:data2\" content=\"3 minutos\" \/>\n<script type=\"application\/ld+json\" class=\"yoast-schema-graph\">{\"@context\":\"https:\/\/schema.org\",\"@graph\":[{\"@type\":\"Article\",\"@id\":\"https:\/\/conversesacatalunya.cat\/es\/transicion-demografica-mundial\/#article\",\"isPartOf\":{\"@id\":\"https:\/\/conversesacatalunya.cat\/es\/transicion-demografica-mundial\/\"},\"author\":{\"name\":\"Carles L\u00f3pez\",\"@id\":\"https:\/\/conversesacatalunya.cat\/#\/schema\/person\/3ce2ab16c0a3803086d80722c7cad56a\"},\"headline\":\"La transici\u00f3n demogr\u00e1fica mundial ya est\u00e1 en marcha\",\"datePublished\":\"2024-06-11T08:33:32+00:00\",\"dateModified\":\"2024-06-11T11:02:56+00:00\",\"mainEntityOfPage\":{\"@id\":\"https:\/\/conversesacatalunya.cat\/es\/transicion-demografica-mundial\/\"},\"wordCount\":640,\"commentCount\":0,\"image\":{\"@id\":\"https:\/\/conversesacatalunya.cat\/es\/transicion-demografica-mundial\/#primaryimage\"},\"thumbnailUrl\":\"https:\/\/conversesacatalunya.cat\/wp-content\/uploads\/2019\/06\/Captura-de-pantalla_2019-06-04_19-29-26.png\",\"keywords\":[\"crisis demogr\u00e1fica\",\"Demografia\"],\"articleSection\":[\"Punts clau del dia (ES)\"],\"inLanguage\":\"es\",\"potentialAction\":[{\"@type\":\"CommentAction\",\"name\":\"Comment\",\"target\":[\"https:\/\/conversesacatalunya.cat\/es\/transicion-demografica-mundial\/#respond\"]}]},{\"@type\":\"WebPage\",\"@id\":\"https:\/\/conversesacatalunya.cat\/es\/transicion-demografica-mundial\/\",\"url\":\"https:\/\/conversesacatalunya.cat\/es\/transicion-demografica-mundial\/\",\"name\":\"La transici\u00f3n demogr\u00e1fica mundial ya est\u00e1 en marcha - Converses a Catalunya\",\"isPartOf\":{\"@id\":\"https:\/\/conversesacatalunya.cat\/#website\"},\"primaryImageOfPage\":{\"@id\":\"https:\/\/conversesacatalunya.cat\/es\/transicion-demografica-mundial\/#primaryimage\"},\"image\":{\"@id\":\"https:\/\/conversesacatalunya.cat\/es\/transicion-demografica-mundial\/#primaryimage\"},\"thumbnailUrl\":\"https:\/\/conversesacatalunya.cat\/wp-content\/uploads\/2019\/06\/Captura-de-pantalla_2019-06-04_19-29-26.png\",\"datePublished\":\"2024-06-11T08:33:32+00:00\",\"dateModified\":\"2024-06-11T11:02:56+00:00\",\"author\":{\"@id\":\"https:\/\/conversesacatalunya.cat\/#\/schema\/person\/3ce2ab16c0a3803086d80722c7cad56a\"},\"description\":\"S\u00f3lo existen dos pol\u00edticas posibles, y complementarias, para evitar el colapso demogr\u00e1fico de las sociedades desarrolladas\",\"breadcrumb\":{\"@id\":\"https:\/\/conversesacatalunya.cat\/es\/transicion-demografica-mundial\/#breadcrumb\"},\"inLanguage\":\"es\",\"potentialAction\":[{\"@type\":\"ReadAction\",\"target\":[\"https:\/\/conversesacatalunya.cat\/es\/transicion-demografica-mundial\/\"]}]},{\"@type\":\"ImageObject\",\"inLanguage\":\"es\",\"@id\":\"https:\/\/conversesacatalunya.cat\/es\/transicion-demografica-mundial\/#primaryimage\",\"url\":\"https:\/\/conversesacatalunya.cat\/wp-content\/uploads\/2019\/06\/Captura-de-pantalla_2019-06-04_19-29-26.png\",\"contentUrl\":\"https:\/\/conversesacatalunya.cat\/wp-content\/uploads\/2019\/06\/Captura-de-pantalla_2019-06-04_19-29-26.png\",\"width\":927,\"height\":577},{\"@type\":\"BreadcrumbList\",\"@id\":\"https:\/\/conversesacatalunya.cat\/es\/transicion-demografica-mundial\/#breadcrumb\",\"itemListElement\":[{\"@type\":\"ListItem\",\"position\":1,\"name\":\"Inici\",\"item\":\"https:\/\/conversesacatalunya.cat\/es\/\"},{\"@type\":\"ListItem\",\"position\":2,\"name\":\"La transici\u00f3n demogr\u00e1fica mundial ya est\u00e1 en marcha\"}]},{\"@type\":\"WebSite\",\"@id\":\"https:\/\/conversesacatalunya.cat\/#website\",\"url\":\"https:\/\/conversesacatalunya.cat\/\",\"name\":\"Converses a Catalunya\",\"description\":\"\",\"potentialAction\":[{\"@type\":\"SearchAction\",\"target\":{\"@type\":\"EntryPoint\",\"urlTemplate\":\"https:\/\/conversesacatalunya.cat\/?s={search_term_string}\"},\"query-input\":{\"@type\":\"PropertyValueSpecification\",\"valueRequired\":true,\"valueName\":\"search_term_string\"}}],\"inLanguage\":\"es\"},{\"@type\":\"Person\",\"@id\":\"https:\/\/conversesacatalunya.cat\/#\/schema\/person\/3ce2ab16c0a3803086d80722c7cad56a\",\"name\":\"Carles L\u00f3pez\",\"image\":{\"@type\":\"ImageObject\",\"inLanguage\":\"es\",\"@id\":\"https:\/\/conversesacatalunya.cat\/#\/schema\/person\/image\/\",\"url\":\"https:\/\/conversesacatalunya.cat\/wp-content\/litespeed\/avatar\/4891585caf2896e97846ab77f06edcf2.jpg?ver=1777091173\",\"contentUrl\":\"https:\/\/conversesacatalunya.cat\/wp-content\/litespeed\/avatar\/4891585caf2896e97846ab77f06edcf2.jpg?ver=1777091173\",\"caption\":\"Carles L\u00f3pez\"},\"url\":\"https:\/\/conversesacatalunya.cat\/es\/author\/carles-lopez\/\"}]}<\/script>\n<!-- \/ Yoast SEO plugin. -->","yoast_head_json":{"title":"La transici\u00f3n demogr\u00e1fica mundial ya est\u00e1 en marcha - Converses a Catalunya","description":"S\u00f3lo existen dos pol\u00edticas posibles, y complementarias, para evitar el colapso demogr\u00e1fico de las sociedades desarrolladas","robots":{"index":"index","follow":"follow","max-snippet":"max-snippet:-1","max-image-preview":"max-image-preview:large","max-video-preview":"max-video-preview:-1"},"canonical":"https:\/\/conversesacatalunya.cat\/es\/transicion-demografica-mundial\/","og_locale":"es_ES","og_type":"article","og_title":"La transici\u00f3n demogr\u00e1fica mundial ya est\u00e1 en marcha - Converses a Catalunya","og_description":"S\u00f3lo existen dos pol\u00edticas posibles, y complementarias, para evitar el colapso demogr\u00e1fico de las sociedades desarrolladas","og_url":"https:\/\/conversesacatalunya.cat\/es\/transicion-demografica-mundial\/","og_site_name":"Converses a Catalunya","article_published_time":"2024-06-11T08:33:32+00:00","article_modified_time":"2024-06-11T11:02:56+00:00","og_image":[{"width":927,"height":577,"url":"https:\/\/conversesacatalunya.cat\/wp-content\/uploads\/2019\/06\/Captura-de-pantalla_2019-06-04_19-29-26.png","type":"image\/png"}],"author":"Carles L\u00f3pez","twitter_card":"summary_large_image","twitter_misc":{"Escrito por":"Carles L\u00f3pez","Tiempo de lectura":"3 minutos"},"schema":{"@context":"https:\/\/schema.org","@graph":[{"@type":"Article","@id":"https:\/\/conversesacatalunya.cat\/es\/transicion-demografica-mundial\/#article","isPartOf":{"@id":"https:\/\/conversesacatalunya.cat\/es\/transicion-demografica-mundial\/"},"author":{"name":"Carles L\u00f3pez","@id":"https:\/\/conversesacatalunya.cat\/#\/schema\/person\/3ce2ab16c0a3803086d80722c7cad56a"},"headline":"La transici\u00f3n demogr\u00e1fica mundial ya est\u00e1 en marcha","datePublished":"2024-06-11T08:33:32+00:00","dateModified":"2024-06-11T11:02:56+00:00","mainEntityOfPage":{"@id":"https:\/\/conversesacatalunya.cat\/es\/transicion-demografica-mundial\/"},"wordCount":640,"commentCount":0,"image":{"@id":"https:\/\/conversesacatalunya.cat\/es\/transicion-demografica-mundial\/#primaryimage"},"thumbnailUrl":"https:\/\/conversesacatalunya.cat\/wp-content\/uploads\/2019\/06\/Captura-de-pantalla_2019-06-04_19-29-26.png","keywords":["crisis demogr\u00e1fica","Demografia"],"articleSection":["Punts clau del dia (ES)"],"inLanguage":"es","potentialAction":[{"@type":"CommentAction","name":"Comment","target":["https:\/\/conversesacatalunya.cat\/es\/transicion-demografica-mundial\/#respond"]}]},{"@type":"WebPage","@id":"https:\/\/conversesacatalunya.cat\/es\/transicion-demografica-mundial\/","url":"https:\/\/conversesacatalunya.cat\/es\/transicion-demografica-mundial\/","name":"La transici\u00f3n demogr\u00e1fica mundial ya est\u00e1 en marcha - Converses a Catalunya","isPartOf":{"@id":"https:\/\/conversesacatalunya.cat\/#website"},"primaryImageOfPage":{"@id":"https:\/\/conversesacatalunya.cat\/es\/transicion-demografica-mundial\/#primaryimage"},"image":{"@id":"https:\/\/conversesacatalunya.cat\/es\/transicion-demografica-mundial\/#primaryimage"},"thumbnailUrl":"https:\/\/conversesacatalunya.cat\/wp-content\/uploads\/2019\/06\/Captura-de-pantalla_2019-06-04_19-29-26.png","datePublished":"2024-06-11T08:33:32+00:00","dateModified":"2024-06-11T11:02:56+00:00","author":{"@id":"https:\/\/conversesacatalunya.cat\/#\/schema\/person\/3ce2ab16c0a3803086d80722c7cad56a"},"description":"S\u00f3lo existen dos pol\u00edticas posibles, y complementarias, para evitar el colapso demogr\u00e1fico de las sociedades desarrolladas","breadcrumb":{"@id":"https:\/\/conversesacatalunya.cat\/es\/transicion-demografica-mundial\/#breadcrumb"},"inLanguage":"es","potentialAction":[{"@type":"ReadAction","target":["https:\/\/conversesacatalunya.cat\/es\/transicion-demografica-mundial\/"]}]},{"@type":"ImageObject","inLanguage":"es","@id":"https:\/\/conversesacatalunya.cat\/es\/transicion-demografica-mundial\/#primaryimage","url":"https:\/\/conversesacatalunya.cat\/wp-content\/uploads\/2019\/06\/Captura-de-pantalla_2019-06-04_19-29-26.png","contentUrl":"https:\/\/conversesacatalunya.cat\/wp-content\/uploads\/2019\/06\/Captura-de-pantalla_2019-06-04_19-29-26.png","width":927,"height":577},{"@type":"BreadcrumbList","@id":"https:\/\/conversesacatalunya.cat\/es\/transicion-demografica-mundial\/#breadcrumb","itemListElement":[{"@type":"ListItem","position":1,"name":"Inici","item":"https:\/\/conversesacatalunya.cat\/es\/"},{"@type":"ListItem","position":2,"name":"La transici\u00f3n demogr\u00e1fica mundial ya est\u00e1 en marcha"}]},{"@type":"WebSite","@id":"https:\/\/conversesacatalunya.cat\/#website","url":"https:\/\/conversesacatalunya.cat\/","name":"Converses a Catalunya","description":"","potentialAction":[{"@type":"SearchAction","target":{"@type":"EntryPoint","urlTemplate":"https:\/\/conversesacatalunya.cat\/?s={search_term_string}"},"query-input":{"@type":"PropertyValueSpecification","valueRequired":true,"valueName":"search_term_string"}}],"inLanguage":"es"},{"@type":"Person","@id":"https:\/\/conversesacatalunya.cat\/#\/schema\/person\/3ce2ab16c0a3803086d80722c7cad56a","name":"Carles L\u00f3pez","image":{"@type":"ImageObject","inLanguage":"es","@id":"https:\/\/conversesacatalunya.cat\/#\/schema\/person\/image\/","url":"https:\/\/conversesacatalunya.cat\/wp-content\/litespeed\/avatar\/4891585caf2896e97846ab77f06edcf2.jpg?ver=1777091173","contentUrl":"https:\/\/conversesacatalunya.cat\/wp-content\/litespeed\/avatar\/4891585caf2896e97846ab77f06edcf2.jpg?ver=1777091173","caption":"Carles L\u00f3pez"},"url":"https:\/\/conversesacatalunya.cat\/es\/author\/carles-lopez\/"}]}},"wps_subtitle":"S\u00f3lo existen dos pol\u00edticas posibles, y complementarias, para evitar el colapso demogr\u00e1fico de las sociedades desarrolladas","_links":{"self":[{"href":"https:\/\/conversesacatalunya.cat\/es\/wp-json\/wp\/v2\/posts\/78782","targetHints":{"allow":["GET"]}}],"collection":[{"href":"https:\/\/conversesacatalunya.cat\/es\/wp-json\/wp\/v2\/posts"}],"about":[{"href":"https:\/\/conversesacatalunya.cat\/es\/wp-json\/wp\/v2\/types\/post"}],"author":[{"embeddable":true,"href":"https:\/\/conversesacatalunya.cat\/es\/wp-json\/wp\/v2\/users\/75"}],"replies":[{"embeddable":true,"href":"https:\/\/conversesacatalunya.cat\/es\/wp-json\/wp\/v2\/comments?post=78782"}],"version-history":[{"count":2,"href":"https:\/\/conversesacatalunya.cat\/es\/wp-json\/wp\/v2\/posts\/78782\/revisions"}],"predecessor-version":[{"id":78785,"href":"https:\/\/conversesacatalunya.cat\/es\/wp-json\/wp\/v2\/posts\/78782\/revisions\/78785"}],"wp:featuredmedia":[{"embeddable":true,"href":"https:\/\/conversesacatalunya.cat\/es\/wp-json\/wp\/v2\/media\/78783"}],"wp:attachment":[{"href":"https:\/\/conversesacatalunya.cat\/es\/wp-json\/wp\/v2\/media?parent=78782"}],"wp:term":[{"taxonomy":"category","embeddable":true,"href":"https:\/\/conversesacatalunya.cat\/es\/wp-json\/wp\/v2\/categories?post=78782"},{"taxonomy":"post_tag","embeddable":true,"href":"https:\/\/conversesacatalunya.cat\/es\/wp-json\/wp\/v2\/tags?post=78782"}],"curies":[{"name":"wp","href":"https:\/\/api.w.org\/{rel}","templated":true}]}}