{"id":78707,"date":"2024-06-10T09:00:47","date_gmt":"2024-06-10T07:00:47","guid":{"rendered":"https:\/\/conversesacatalunya.cat\/la-revetlla-de-sant-joan-una-nit-magica-i-tradicional\/"},"modified":"2024-06-10T10:18:51","modified_gmt":"2024-06-10T08:18:51","slug":"la-verbena-de-san-juan-una-noche-magica-y-tradicional","status":"publish","type":"post","link":"https:\/\/conversesacatalunya.cat\/es\/la-verbena-de-san-juan-una-noche-magica-y-tradicional\/","title":{"rendered":"La Verbena de San Juan: Una noche m\u00e1gica y tradicional"},"content":{"rendered":"<p><span>La Verbena de San Juan es una de las fiestas m\u00e1s esperadas y celebradas en Catalu\u00f1a. Se trata de una noche m\u00e1gica que combina tradici\u00f3n, fiesta y cultura popular, marcando el inicio del verano. Pero, \u00bfsabes cu\u00e1l es el origen de esta festividad y qu\u00e9 la hace tan especial? \u00a1Aqu\u00ed te lo explicamos todo!<\/span><\/p>\n<h2><span>Origen de la Verbena de San Juan<\/span><\/h2>\n<p><span>El origen de la Verbena de San Juan se remonta a antiguas celebraciones paganas relacionadas con el solsticio de verano, el d\u00eda m\u00e1s largo del a\u00f1o. Esa noche, en torno al 23 de junio, se celebraba con hogueras para dar fuerza al sol, que a partir de ese momento iba perdiendo intensidad. Con el tiempo, esta tradici\u00f3n se cristianiz\u00f3 y se vincul\u00f3 con la festividad de San Juan Bautista, que se celebra el 24 de junio.<\/span><\/p>\n<h2><span>Caracter\u00edsticas de la Fiesta<\/span><\/h2>\n<h3><span>Hogueras<\/span><\/h3>\n<p><span>Las hogueras son el elemento central de la noche de San Juan. Se realizan en plazas, playas y monta\u00f1as, y simbolizan la purificaci\u00f3n y la renovaci\u00f3n. La tradici\u00f3n dice que saltar por encima de las llamas trae buena suerte y ayuda a dejar atr\u00e1s los malos recuerdos.<\/span><\/p>\n<p><img fetchpriority=\"high\" decoding=\"async\" class=\"aligncenter wp-image-78598\" src=\"https:\/\/conversesacatalunya.cat\/wp-content\/uploads\/2024\/06\/fogueres-sant-joan.jpeg\" alt=\"\" width=\"547\" height=\"307\" \/><\/p>\n<h3><span>Petardos y Fuegos Artificiales<\/span><\/h3>\n<p><span>Otra caracter\u00edstica esencial de la Verbena de San Juan son los petardos y los fuegos artificiales. El ruido y la luz de los cohetes llenan la noche de magia y alegr\u00eda. Es una noche donde la pirotecnia es protagonista y donde todos, mayores y peque\u00f1os, disfrutan de chasquear petardos.<\/span><\/p>\n<p><img decoding=\"async\" class=\"wp-image-78600 aligncenter lazyload\" data-src=\"https:\/\/conversesacatalunya.cat\/wp-content\/uploads\/2024\/06\/revetlla-de-sant-joan-300x191.jpeg\" alt=\"\" width=\"543\" height=\"346\" data-srcset=\"https:\/\/conversesacatalunya.cat\/wp-content\/uploads\/2024\/06\/revetlla-de-sant-joan-300x191.jpeg 300w, https:\/\/conversesacatalunya.cat\/wp-content\/uploads\/2024\/06\/revetlla-de-sant-joan.jpeg 577w\" data-sizes=\"(max-width: 543px) 100vw, 543px\" src=\"data:image\/svg+xml;base64,PHN2ZyB3aWR0aD0iMSIgaGVpZ2h0PSIxIiB4bWxucz0iaHR0cDovL3d3dy53My5vcmcvMjAwMC9zdmciPjwvc3ZnPg==\" style=\"--smush-placeholder-width: 543px; --smush-placeholder-aspect-ratio: 543\/346;\" \/><\/p>\n<h3><span>Comida y Bebida<\/span><\/h3>\n<p><span>Durante la verbena, no puede faltar la coca de San Juan, un dulce tradicional que puede ser de chicharrones, crema o fruta confitada. Tambi\u00e9n se brinda con cava para celebrar la llegada del verano y la buena compa\u00f1\u00eda.<\/span><\/p>\n<p><img decoding=\"async\" class=\"wp-image-78602 aligncenter lazyload\" data-src=\"https:\/\/conversesacatalunya.cat\/wp-content\/uploads\/2024\/06\/coca-llardons-300x188.jpg\" alt=\"\" width=\"570\" height=\"357\" data-srcset=\"https:\/\/conversesacatalunya.cat\/wp-content\/uploads\/2024\/06\/coca-llardons-300x188.jpg 300w, https:\/\/conversesacatalunya.cat\/wp-content\/uploads\/2024\/06\/coca-llardons.jpg 600w\" data-sizes=\"(max-width: 570px) 100vw, 570px\" src=\"data:image\/svg+xml;base64,PHN2ZyB3aWR0aD0iMSIgaGVpZ2h0PSIxIiB4bWxucz0iaHR0cDovL3d3dy53My5vcmcvMjAwMC9zdmciPjwvc3ZnPg==\" style=\"--smush-placeholder-width: 570px; --smush-placeholder-aspect-ratio: 570\/357;\" \/><\/p>\n<h2><span>Las verbenas m\u00e1s populares y mejores sitios para disfrutarla<\/span><\/h2>\n<h3><span>Barcelona<\/span><\/h3>\n<p><span>La capital catalana es uno de los mejores lugares para disfrutar de la Verbena de San Juan. Las playas de la ciudad, como la Barceloneta y el Bogatell, se llenan de hogueras, m\u00fasica y gente dispuesta a pasarlo bien hasta la madrugada. Adem\u00e1s, los barrios organizan sus propias fiestas con bailes y actividades para todos los p\u00fablicos.<\/span><\/p>\n<p><img decoding=\"async\" class=\"wp-image-78604 aligncenter lazyload\" data-src=\"https:\/\/conversesacatalunya.cat\/wp-content\/uploads\/2024\/06\/sant-joan-barcelona-300x169.jpg\" alt=\"\" width=\"525\" height=\"296\" data-srcset=\"https:\/\/conversesacatalunya.cat\/wp-content\/uploads\/2024\/06\/sant-joan-barcelona-300x169.jpg 300w, https:\/\/conversesacatalunya.cat\/wp-content\/uploads\/2024\/06\/sant-joan-barcelona-1024x576.jpg 1024w, https:\/\/conversesacatalunya.cat\/wp-content\/uploads\/2024\/06\/sant-joan-barcelona.jpg 1200w\" data-sizes=\"(max-width: 525px) 100vw, 525px\" src=\"data:image\/svg+xml;base64,PHN2ZyB3aWR0aD0iMSIgaGVpZ2h0PSIxIiB4bWxucz0iaHR0cDovL3d3dy53My5vcmcvMjAwMC9zdmciPjwvc3ZnPg==\" style=\"--smush-placeholder-width: 525px; --smush-placeholder-aspect-ratio: 525\/296;\" \/><\/p>\n<h3><span>Ciutadella de Menorca<\/span><\/h3>\n<p><span>Aunque no est\u00e1 exactamente en Catalu\u00f1a, la celebraci\u00f3n de San Juan en Ciutadella es una de las m\u00e1s famosas y espectaculares. Aqu\u00ed, la fiesta comienza unos d\u00edas antes y se caracteriza por los juegos con caballos, que realizan una exhibici\u00f3n impresionante por las calles de la ciudad.<\/span><\/p>\n<p><img decoding=\"async\" class=\"wp-image-78606 aligncenter lazyload\" data-src=\"https:\/\/conversesacatalunya.cat\/wp-content\/uploads\/2024\/06\/sant-joan-barcelona-1-300x169.jpg\" alt=\"\" width=\"549\" height=\"309\" data-srcset=\"https:\/\/conversesacatalunya.cat\/wp-content\/uploads\/2024\/06\/sant-joan-barcelona-1-300x169.jpg 300w, https:\/\/conversesacatalunya.cat\/wp-content\/uploads\/2024\/06\/sant-joan-barcelona-1-1024x576.jpg 1024w, https:\/\/conversesacatalunya.cat\/wp-content\/uploads\/2024\/06\/sant-joan-barcelona-1.jpg 1600w\" data-sizes=\"(max-width: 549px) 100vw, 549px\" src=\"data:image\/svg+xml;base64,PHN2ZyB3aWR0aD0iMSIgaGVpZ2h0PSIxIiB4bWxucz0iaHR0cDovL3d3dy53My5vcmcvMjAwMC9zdmciPjwvc3ZnPg==\" style=\"--smush-placeholder-width: 549px; --smush-placeholder-aspect-ratio: 549\/309;\" \/><\/p>\n<h3><span>Reus<\/span><\/h3>\n<p><span>En Reus, la Verbena de San Juan es tambi\u00e9n muy especial. Las hogueras y los castillos de fuegos se combinan con los tradicionales bailes de sardanas y otras actividades culturales. Es una opci\u00f3n perfecta para aquellos que desean vivir una verbena m\u00e1s tradicional y familiar.<\/span><\/p>\n<p><img decoding=\"async\" class=\"wp-image-78608 aligncenter lazyload\" data-src=\"https:\/\/conversesacatalunya.cat\/wp-content\/uploads\/2024\/06\/sant-joan-reus-300x208.jpg\" alt=\"\" width=\"521\" height=\"361\" data-srcset=\"https:\/\/conversesacatalunya.cat\/wp-content\/uploads\/2024\/06\/sant-joan-reus-300x208.jpg 300w, https:\/\/conversesacatalunya.cat\/wp-content\/uploads\/2024\/06\/sant-joan-reus.jpg 728w\" data-sizes=\"(max-width: 521px) 100vw, 521px\" src=\"data:image\/svg+xml;base64,PHN2ZyB3aWR0aD0iMSIgaGVpZ2h0PSIxIiB4bWxucz0iaHR0cDovL3d3dy53My5vcmcvMjAwMC9zdmciPjwvc3ZnPg==\" style=\"--smush-placeholder-width: 521px; --smush-placeholder-aspect-ratio: 521\/361;\" \/><\/p>\n<h3><span>El Empord\u00e0<\/span><\/h3>\n<p><span>El Empord\u00e0 ofrece un entorno id\u00edlico para celebrar la Verbena de San Juan. Las playas de la Costa Brava se llenan de hogueras y m\u00fasica, mientras que los pueblos del interior organizan fiestas con mucho encanto. Cada a\u00f1o, miles de personas eligen esa zona para vivir la magia de esta noche.<\/span><\/p>\n<p><img decoding=\"async\" class=\"wp-image-78610 aligncenter lazyload\" data-src=\"https:\/\/conversesacatalunya.cat\/wp-content\/uploads\/2024\/06\/revetlla-roses-300x165.jpg\" alt=\"\" width=\"515\" height=\"283\" data-srcset=\"https:\/\/conversesacatalunya.cat\/wp-content\/uploads\/2024\/06\/revetlla-roses-300x165.jpg 300w, https:\/\/conversesacatalunya.cat\/wp-content\/uploads\/2024\/06\/revetlla-roses.jpg 390w\" data-sizes=\"(max-width: 515px) 100vw, 515px\" src=\"data:image\/svg+xml;base64,PHN2ZyB3aWR0aD0iMSIgaGVpZ2h0PSIxIiB4bWxucz0iaHR0cDovL3d3dy53My5vcmcvMjAwMC9zdmciPjwvc3ZnPg==\" style=\"--smush-placeholder-width: 515px; --smush-placeholder-aspect-ratio: 515\/283;\" \/><\/p>\n<p><span>La Verbena de San Juan es una noche llena de simbolismo, tradici\u00f3n y diversi\u00f3n. Tanto si decides saltar las hogueras en la playa de Barcelona, \u200b\u200bdisfrutar de los caballos en Ciutadella o bailar sardanas en Reus, seguro que vivir\u00e1s una experiencia inolvidable. \u00a1Prepara los petardos, la coca y el cava, y disfruta de una de las noches m\u00e1s m\u00e1gicas del a\u00f1o!<\/span><\/p>\n<p><span>\u00a1Buena Verbena de San Juan a todo el mundo!<\/span><\/p>\n","protected":false},"excerpt":{"rendered":"<p>La Verbena de San Juan es una de las fiestas m\u00e1s esperadas y celebradas en Catalu\u00f1a. Se trata de una noche m\u00e1gica que combina tradici\u00f3n, fiesta y cultura popular, marcando el inicio del verano. Pero, \u00bfsabes cu\u00e1l es el origen de esta festividad y qu\u00e9 la hace tan especial? \u00a1Aqu\u00ed te lo explicamos todo! Origen de la Verbena de San Juan El origen de la Verbena de San Juan se remonta a antiguas celebraciones paganas relacionadas con el solsticio de verano, el d\u00eda m\u00e1s largo del a\u00f1o. Esa noche, en torno al 23 de junio, se celebraba con hogueras para dar fuerza al sol, que a partir de ese momento iba perdiendo intensidad. Con el tiempo, esta tradici\u00f3n se cristianiz\u00f3 y se vincul\u00f3 con la festividad de San Juan Bautista, que se celebra el 24 de junio. Caracter\u00edsticas de la Fiesta Hogueras Las hogueras son el elemento central de la noche de San Juan. Se realizan en plazas, playas y monta\u00f1as, y simbolizan la purificaci\u00f3n y la renovaci\u00f3n. La tradici\u00f3n dice que saltar por encima de las llamas trae buena suerte y ayuda a dejar atr\u00e1s los malos recuerdos. Petardos y Fuegos Artificiales Otra caracter\u00edstica esencial de la Verbena de San Juan son los petardos y los fuegos artificiales. El ruido y la luz de los cohetes llenan la noche de magia y alegr\u00eda. Es una noche donde la pirotecnia es protagonista y donde todos, mayores y peque\u00f1os, disfrutan de chasquear petardos. Comida y Bebida Durante la verbena, no puede faltar la coca de San Juan, un dulce tradicional que puede ser de chicharrones, crema o fruta confitada. Tambi\u00e9n se brinda con cava para celebrar la llegada del verano y la buena compa\u00f1\u00eda. Las verbenas m\u00e1s populares y mejores sitios para disfrutarla Barcelona La capital catalana es uno de los mejores lugares para disfrutar de la Verbena de San Juan. Las playas de la ciudad, como la Barceloneta y el Bogatell, se llenan de hogueras, m\u00fasica y gente dispuesta a pasarlo bien hasta la madrugada. Adem\u00e1s, los barrios organizan sus propias fiestas con bailes y actividades para todos los p\u00fablicos. Ciutadella de Menorca Aunque no est\u00e1 exactamente en Catalu\u00f1a, la celebraci\u00f3n de San Juan en Ciutadella es una de las m\u00e1s famosas y espectaculares. Aqu\u00ed, la fiesta comienza unos d\u00edas antes y se caracteriza por los juegos con caballos, que realizan una exhibici\u00f3n impresionante por las calles de la ciudad. Reus En Reus, la Verbena de San Juan es tambi\u00e9n muy especial. Las hogueras y los castillos de fuegos se combinan con los tradicionales bailes de sardanas y otras actividades culturales. Es una opci\u00f3n perfecta para aquellos que desean vivir una verbena m\u00e1s tradicional y familiar. El Empord\u00e0 El Empord\u00e0 ofrece un entorno id\u00edlico para celebrar la Verbena de San Juan. Las playas de la Costa Brava se llenan de hogueras y m\u00fasica, mientras que los pueblos del interior organizan fiestas con mucho encanto. Cada a\u00f1o, miles de personas eligen esa zona para vivir la magia de esta noche. La Verbena de San Juan es una noche llena de simbolismo, tradici\u00f3n y diversi\u00f3n. Tanto si decides saltar las hogueras en la playa de Barcelona, \u200b\u200bdisfrutar de los caballos en Ciutadella o bailar sardanas en Reus, seguro que vivir\u00e1s una experiencia inolvidable. \u00a1Prepara los petardos, la coca y el cava, y disfruta de una de las noches m\u00e1s m\u00e1gicas del a\u00f1o! \u00a1Buena Verbena de San Juan a todo el mundo!<\/p>\n","protected":false},"author":2,"featured_media":78613,"comment_status":"open","ping_status":"open","sticky":false,"template":"","format":"standard","meta":{"_FSMCFIC_featured_image_caption":"","_FSMCFIC_featured_image_nocaption":"","_FSMCFIC_featured_image_hide":"","footnotes":""},"categories":[807],"tags":[4859],"class_list":["post-78707","post","type-post","status-publish","format-standard","has-post-thumbnail","hentry","category-reportatges-es","tag-tradiciones"],"yoast_head":"<!-- This site is optimized with the Yoast SEO plugin v26.8 - https:\/\/yoast.com\/product\/yoast-seo-wordpress\/ -->\n<title>La Verbena de San Juan: Una noche m\u00e1gica y tradicional - Converses a Catalunya<\/title>\n<meta name=\"description\" content=\"\u00a1Prepara los petardos, la torta y el cava, y disfruta de una de las noches m\u00e1s m\u00e1gicas del a\u00f1o!\" \/>\n<meta name=\"robots\" content=\"index, follow, max-snippet:-1, max-image-preview:large, max-video-preview:-1\" \/>\n<link rel=\"canonical\" href=\"https:\/\/conversesacatalunya.cat\/es\/la-verbena-de-san-juan-una-noche-magica-y-tradicional\/\" \/>\n<meta property=\"og:locale\" content=\"es_ES\" \/>\n<meta property=\"og:type\" content=\"article\" \/>\n<meta property=\"og:title\" content=\"La Verbena de San Juan: Una noche m\u00e1gica y tradicional - Converses a Catalunya\" \/>\n<meta property=\"og:description\" content=\"\u00a1Prepara los petardos, la torta y el cava, y disfruta de una de las noches m\u00e1s m\u00e1gicas del a\u00f1o!\" \/>\n<meta property=\"og:url\" content=\"https:\/\/conversesacatalunya.cat\/es\/la-verbena-de-san-juan-una-noche-magica-y-tradicional\/\" \/>\n<meta property=\"og:site_name\" content=\"Converses a Catalunya\" \/>\n<meta property=\"article:published_time\" content=\"2024-06-10T07:00:47+00:00\" \/>\n<meta property=\"article:modified_time\" content=\"2024-06-10T08:18:51+00:00\" \/>\n<meta property=\"og:image\" content=\"https:\/\/conversesacatalunya.cat\/wp-content\/uploads\/2024\/06\/revetlla-sant-joan-2018.jpg\" \/>\n\t<meta property=\"og:image:width\" content=\"960\" \/>\n\t<meta property=\"og:image:height\" content=\"567\" \/>\n\t<meta property=\"og:image:type\" content=\"image\/jpeg\" \/>\n<meta name=\"author\" content=\"conversesacatalunya\" \/>\n<meta name=\"twitter:card\" content=\"summary_large_image\" \/>\n<meta name=\"twitter:label1\" content=\"Escrito por\" \/>\n\t<meta name=\"twitter:data1\" content=\"conversesacatalunya\" \/>\n\t<meta name=\"twitter:label2\" content=\"Tiempo de lectura\" \/>\n\t<meta name=\"twitter:data2\" content=\"3 minutos\" \/>\n<script type=\"application\/ld+json\" class=\"yoast-schema-graph\">{\"@context\":\"https:\/\/schema.org\",\"@graph\":[{\"@type\":\"Article\",\"@id\":\"https:\/\/conversesacatalunya.cat\/es\/la-verbena-de-san-juan-una-noche-magica-y-tradicional\/#article\",\"isPartOf\":{\"@id\":\"https:\/\/conversesacatalunya.cat\/es\/la-verbena-de-san-juan-una-noche-magica-y-tradicional\/\"},\"author\":{\"name\":\"conversesacatalunya\",\"@id\":\"https:\/\/conversesacatalunya.cat\/#\/schema\/person\/7e24d1e54a2785373ddcb275eae5ed99\"},\"headline\":\"La Verbena de San Juan: Una noche m\u00e1gica y tradicional\",\"datePublished\":\"2024-06-10T07:00:47+00:00\",\"dateModified\":\"2024-06-10T08:18:51+00:00\",\"mainEntityOfPage\":{\"@id\":\"https:\/\/conversesacatalunya.cat\/es\/la-verbena-de-san-juan-una-noche-magica-y-tradicional\/\"},\"wordCount\":619,\"commentCount\":0,\"image\":{\"@id\":\"https:\/\/conversesacatalunya.cat\/es\/la-verbena-de-san-juan-una-noche-magica-y-tradicional\/#primaryimage\"},\"thumbnailUrl\":\"https:\/\/conversesacatalunya.cat\/wp-content\/uploads\/2024\/06\/revetlla-sant-joan-2018.jpg\",\"keywords\":[\"tradiciones\"],\"articleSection\":[\"Reportatges (ES)\"],\"inLanguage\":\"es\",\"potentialAction\":[{\"@type\":\"CommentAction\",\"name\":\"Comment\",\"target\":[\"https:\/\/conversesacatalunya.cat\/es\/la-verbena-de-san-juan-una-noche-magica-y-tradicional\/#respond\"]}]},{\"@type\":\"WebPage\",\"@id\":\"https:\/\/conversesacatalunya.cat\/es\/la-verbena-de-san-juan-una-noche-magica-y-tradicional\/\",\"url\":\"https:\/\/conversesacatalunya.cat\/es\/la-verbena-de-san-juan-una-noche-magica-y-tradicional\/\",\"name\":\"La Verbena de San Juan: Una noche m\u00e1gica y tradicional - Converses a Catalunya\",\"isPartOf\":{\"@id\":\"https:\/\/conversesacatalunya.cat\/#website\"},\"primaryImageOfPage\":{\"@id\":\"https:\/\/conversesacatalunya.cat\/es\/la-verbena-de-san-juan-una-noche-magica-y-tradicional\/#primaryimage\"},\"image\":{\"@id\":\"https:\/\/conversesacatalunya.cat\/es\/la-verbena-de-san-juan-una-noche-magica-y-tradicional\/#primaryimage\"},\"thumbnailUrl\":\"https:\/\/conversesacatalunya.cat\/wp-content\/uploads\/2024\/06\/revetlla-sant-joan-2018.jpg\",\"datePublished\":\"2024-06-10T07:00:47+00:00\",\"dateModified\":\"2024-06-10T08:18:51+00:00\",\"author\":{\"@id\":\"https:\/\/conversesacatalunya.cat\/#\/schema\/person\/7e24d1e54a2785373ddcb275eae5ed99\"},\"description\":\"\u00a1Prepara los petardos, la torta y el cava, y disfruta de una de las noches m\u00e1s m\u00e1gicas del a\u00f1o!\",\"breadcrumb\":{\"@id\":\"https:\/\/conversesacatalunya.cat\/es\/la-verbena-de-san-juan-una-noche-magica-y-tradicional\/#breadcrumb\"},\"inLanguage\":\"es\",\"potentialAction\":[{\"@type\":\"ReadAction\",\"target\":[\"https:\/\/conversesacatalunya.cat\/es\/la-verbena-de-san-juan-una-noche-magica-y-tradicional\/\"]}]},{\"@type\":\"ImageObject\",\"inLanguage\":\"es\",\"@id\":\"https:\/\/conversesacatalunya.cat\/es\/la-verbena-de-san-juan-una-noche-magica-y-tradicional\/#primaryimage\",\"url\":\"https:\/\/conversesacatalunya.cat\/wp-content\/uploads\/2024\/06\/revetlla-sant-joan-2018.jpg\",\"contentUrl\":\"https:\/\/conversesacatalunya.cat\/wp-content\/uploads\/2024\/06\/revetlla-sant-joan-2018.jpg\",\"width\":960,\"height\":567},{\"@type\":\"BreadcrumbList\",\"@id\":\"https:\/\/conversesacatalunya.cat\/es\/la-verbena-de-san-juan-una-noche-magica-y-tradicional\/#breadcrumb\",\"itemListElement\":[{\"@type\":\"ListItem\",\"position\":1,\"name\":\"Inici\",\"item\":\"https:\/\/conversesacatalunya.cat\/es\/\"},{\"@type\":\"ListItem\",\"position\":2,\"name\":\"La Verbena de San Juan: Una noche m\u00e1gica y tradicional\"}]},{\"@type\":\"WebSite\",\"@id\":\"https:\/\/conversesacatalunya.cat\/#website\",\"url\":\"https:\/\/conversesacatalunya.cat\/\",\"name\":\"Converses a Catalunya\",\"description\":\"\",\"potentialAction\":[{\"@type\":\"SearchAction\",\"target\":{\"@type\":\"EntryPoint\",\"urlTemplate\":\"https:\/\/conversesacatalunya.cat\/?s={search_term_string}\"},\"query-input\":{\"@type\":\"PropertyValueSpecification\",\"valueRequired\":true,\"valueName\":\"search_term_string\"}}],\"inLanguage\":\"es\"},{\"@type\":\"Person\",\"@id\":\"https:\/\/conversesacatalunya.cat\/#\/schema\/person\/7e24d1e54a2785373ddcb275eae5ed99\",\"name\":\"conversesacatalunya\",\"image\":{\"@type\":\"ImageObject\",\"inLanguage\":\"es\",\"@id\":\"https:\/\/conversesacatalunya.cat\/#\/schema\/person\/image\/\",\"url\":\"https:\/\/conversesacatalunya.cat\/wp-content\/litespeed\/avatar\/febdfeeec89d950f01c748045a981dd2.jpg?ver=1777314535\",\"contentUrl\":\"https:\/\/conversesacatalunya.cat\/wp-content\/litespeed\/avatar\/febdfeeec89d950f01c748045a981dd2.jpg?ver=1777314535\",\"caption\":\"conversesacatalunya\"},\"url\":\"https:\/\/conversesacatalunya.cat\/es\/author\/carme_catala\/\"}]}<\/script>\n<!-- \/ Yoast SEO plugin. -->","yoast_head_json":{"title":"La Verbena de San Juan: Una noche m\u00e1gica y tradicional - Converses a Catalunya","description":"\u00a1Prepara los petardos, la torta y el cava, y disfruta de una de las noches m\u00e1s m\u00e1gicas del a\u00f1o!","robots":{"index":"index","follow":"follow","max-snippet":"max-snippet:-1","max-image-preview":"max-image-preview:large","max-video-preview":"max-video-preview:-1"},"canonical":"https:\/\/conversesacatalunya.cat\/es\/la-verbena-de-san-juan-una-noche-magica-y-tradicional\/","og_locale":"es_ES","og_type":"article","og_title":"La Verbena de San Juan: Una noche m\u00e1gica y tradicional - Converses a Catalunya","og_description":"\u00a1Prepara los petardos, la torta y el cava, y disfruta de una de las noches m\u00e1s m\u00e1gicas del a\u00f1o!","og_url":"https:\/\/conversesacatalunya.cat\/es\/la-verbena-de-san-juan-una-noche-magica-y-tradicional\/","og_site_name":"Converses a Catalunya","article_published_time":"2024-06-10T07:00:47+00:00","article_modified_time":"2024-06-10T08:18:51+00:00","og_image":[{"width":960,"height":567,"url":"https:\/\/conversesacatalunya.cat\/wp-content\/uploads\/2024\/06\/revetlla-sant-joan-2018.jpg","type":"image\/jpeg"}],"author":"conversesacatalunya","twitter_card":"summary_large_image","twitter_misc":{"Escrito por":"conversesacatalunya","Tiempo de lectura":"3 minutos"},"schema":{"@context":"https:\/\/schema.org","@graph":[{"@type":"Article","@id":"https:\/\/conversesacatalunya.cat\/es\/la-verbena-de-san-juan-una-noche-magica-y-tradicional\/#article","isPartOf":{"@id":"https:\/\/conversesacatalunya.cat\/es\/la-verbena-de-san-juan-una-noche-magica-y-tradicional\/"},"author":{"name":"conversesacatalunya","@id":"https:\/\/conversesacatalunya.cat\/#\/schema\/person\/7e24d1e54a2785373ddcb275eae5ed99"},"headline":"La Verbena de San Juan: Una noche m\u00e1gica y tradicional","datePublished":"2024-06-10T07:00:47+00:00","dateModified":"2024-06-10T08:18:51+00:00","mainEntityOfPage":{"@id":"https:\/\/conversesacatalunya.cat\/es\/la-verbena-de-san-juan-una-noche-magica-y-tradicional\/"},"wordCount":619,"commentCount":0,"image":{"@id":"https:\/\/conversesacatalunya.cat\/es\/la-verbena-de-san-juan-una-noche-magica-y-tradicional\/#primaryimage"},"thumbnailUrl":"https:\/\/conversesacatalunya.cat\/wp-content\/uploads\/2024\/06\/revetlla-sant-joan-2018.jpg","keywords":["tradiciones"],"articleSection":["Reportatges (ES)"],"inLanguage":"es","potentialAction":[{"@type":"CommentAction","name":"Comment","target":["https:\/\/conversesacatalunya.cat\/es\/la-verbena-de-san-juan-una-noche-magica-y-tradicional\/#respond"]}]},{"@type":"WebPage","@id":"https:\/\/conversesacatalunya.cat\/es\/la-verbena-de-san-juan-una-noche-magica-y-tradicional\/","url":"https:\/\/conversesacatalunya.cat\/es\/la-verbena-de-san-juan-una-noche-magica-y-tradicional\/","name":"La Verbena de San Juan: Una noche m\u00e1gica y tradicional - Converses a Catalunya","isPartOf":{"@id":"https:\/\/conversesacatalunya.cat\/#website"},"primaryImageOfPage":{"@id":"https:\/\/conversesacatalunya.cat\/es\/la-verbena-de-san-juan-una-noche-magica-y-tradicional\/#primaryimage"},"image":{"@id":"https:\/\/conversesacatalunya.cat\/es\/la-verbena-de-san-juan-una-noche-magica-y-tradicional\/#primaryimage"},"thumbnailUrl":"https:\/\/conversesacatalunya.cat\/wp-content\/uploads\/2024\/06\/revetlla-sant-joan-2018.jpg","datePublished":"2024-06-10T07:00:47+00:00","dateModified":"2024-06-10T08:18:51+00:00","author":{"@id":"https:\/\/conversesacatalunya.cat\/#\/schema\/person\/7e24d1e54a2785373ddcb275eae5ed99"},"description":"\u00a1Prepara los petardos, la torta y el cava, y disfruta de una de las noches m\u00e1s m\u00e1gicas del a\u00f1o!","breadcrumb":{"@id":"https:\/\/conversesacatalunya.cat\/es\/la-verbena-de-san-juan-una-noche-magica-y-tradicional\/#breadcrumb"},"inLanguage":"es","potentialAction":[{"@type":"ReadAction","target":["https:\/\/conversesacatalunya.cat\/es\/la-verbena-de-san-juan-una-noche-magica-y-tradicional\/"]}]},{"@type":"ImageObject","inLanguage":"es","@id":"https:\/\/conversesacatalunya.cat\/es\/la-verbena-de-san-juan-una-noche-magica-y-tradicional\/#primaryimage","url":"https:\/\/conversesacatalunya.cat\/wp-content\/uploads\/2024\/06\/revetlla-sant-joan-2018.jpg","contentUrl":"https:\/\/conversesacatalunya.cat\/wp-content\/uploads\/2024\/06\/revetlla-sant-joan-2018.jpg","width":960,"height":567},{"@type":"BreadcrumbList","@id":"https:\/\/conversesacatalunya.cat\/es\/la-verbena-de-san-juan-una-noche-magica-y-tradicional\/#breadcrumb","itemListElement":[{"@type":"ListItem","position":1,"name":"Inici","item":"https:\/\/conversesacatalunya.cat\/es\/"},{"@type":"ListItem","position":2,"name":"La Verbena de San Juan: Una noche m\u00e1gica y tradicional"}]},{"@type":"WebSite","@id":"https:\/\/conversesacatalunya.cat\/#website","url":"https:\/\/conversesacatalunya.cat\/","name":"Converses a Catalunya","description":"","potentialAction":[{"@type":"SearchAction","target":{"@type":"EntryPoint","urlTemplate":"https:\/\/conversesacatalunya.cat\/?s={search_term_string}"},"query-input":{"@type":"PropertyValueSpecification","valueRequired":true,"valueName":"search_term_string"}}],"inLanguage":"es"},{"@type":"Person","@id":"https:\/\/conversesacatalunya.cat\/#\/schema\/person\/7e24d1e54a2785373ddcb275eae5ed99","name":"conversesacatalunya","image":{"@type":"ImageObject","inLanguage":"es","@id":"https:\/\/conversesacatalunya.cat\/#\/schema\/person\/image\/","url":"https:\/\/conversesacatalunya.cat\/wp-content\/litespeed\/avatar\/febdfeeec89d950f01c748045a981dd2.jpg?ver=1777314535","contentUrl":"https:\/\/conversesacatalunya.cat\/wp-content\/litespeed\/avatar\/febdfeeec89d950f01c748045a981dd2.jpg?ver=1777314535","caption":"conversesacatalunya"},"url":"https:\/\/conversesacatalunya.cat\/es\/author\/carme_catala\/"}]}},"wps_subtitle":"\u00a1Prepara los petardos, la torta y el cava, y disfruta de una de las noches m\u00e1s m\u00e1gicas del a\u00f1o!","_links":{"self":[{"href":"https:\/\/conversesacatalunya.cat\/es\/wp-json\/wp\/v2\/posts\/78707","targetHints":{"allow":["GET"]}}],"collection":[{"href":"https:\/\/conversesacatalunya.cat\/es\/wp-json\/wp\/v2\/posts"}],"about":[{"href":"https:\/\/conversesacatalunya.cat\/es\/wp-json\/wp\/v2\/types\/post"}],"author":[{"embeddable":true,"href":"https:\/\/conversesacatalunya.cat\/es\/wp-json\/wp\/v2\/users\/2"}],"replies":[{"embeddable":true,"href":"https:\/\/conversesacatalunya.cat\/es\/wp-json\/wp\/v2\/comments?post=78707"}],"version-history":[{"count":2,"href":"https:\/\/conversesacatalunya.cat\/es\/wp-json\/wp\/v2\/posts\/78707\/revisions"}],"predecessor-version":[{"id":78709,"href":"https:\/\/conversesacatalunya.cat\/es\/wp-json\/wp\/v2\/posts\/78707\/revisions\/78709"}],"wp:featuredmedia":[{"embeddable":true,"href":"https:\/\/conversesacatalunya.cat\/es\/wp-json\/wp\/v2\/media\/78613"}],"wp:attachment":[{"href":"https:\/\/conversesacatalunya.cat\/es\/wp-json\/wp\/v2\/media?parent=78707"}],"wp:term":[{"taxonomy":"category","embeddable":true,"href":"https:\/\/conversesacatalunya.cat\/es\/wp-json\/wp\/v2\/categories?post=78707"},{"taxonomy":"post_tag","embeddable":true,"href":"https:\/\/conversesacatalunya.cat\/es\/wp-json\/wp\/v2\/tags?post=78707"}],"curies":[{"name":"wp","href":"https:\/\/api.w.org\/{rel}","templated":true}]}}