{"id":78683,"date":"2024-06-07T12:13:54","date_gmt":"2024-06-07T10:13:54","guid":{"rendered":"https:\/\/conversesacatalunya.cat\/llocs-de-treball-molt-soroll-per-a-res\/"},"modified":"2024-06-07T13:04:11","modified_gmt":"2024-06-07T11:04:11","slug":"puestos-de-trabajo-mucho-ruido-para-nada","status":"publish","type":"post","link":"https:\/\/conversesacatalunya.cat\/es\/puestos-de-trabajo-mucho-ruido-para-nada\/","title":{"rendered":"Puestos de trabajo: mucho ruido para nada"},"content":{"rendered":"<p><span>Mucho ruido para nada, es el t\u00edtulo la obra de Shakespeare, una comedia rom\u00e1ntica que tambi\u00e9n ha sido traducida al castellano con un dicho bien conocido: \u00abmucho ruido y pocas nueces\u00bb. Significa\u00a0<\/span><strong><span>dar mucha importancia a algo cuando no la tiene<\/span><\/strong><span>; hacer mucha propaganda por encima del significado real del hecho. Y nos tememos que esto es lo que est\u00e1 pasando con las\u00a0<\/span><strong><span>cifras de empleo en Espa\u00f1a<\/span><\/strong><span>.<\/span><\/p>\n<p><span>Una forma de ver su significado a fondo es entrar en la cuesti\u00f3n de la productividad y tambi\u00e9n del significado real de los fijos discontinuos.<\/span><\/p>\n<p><span>Pero ahora queremos introducir otra consideraci\u00f3n: la\u00a0<\/span><strong><span>magnitud de la pobreza y la desigualdad (<\/span><\/strong><span>que son dos cosas distintas) en Espa\u00f1a y la falta de paralelismo entre el aumento de cotizantes en la Seguridad Social, la reducci\u00f3n del paro y la evoluci\u00f3n m\u00e1s bien negativa de aquellos problemas, aunque siempre se ha convenido que en el caso espa\u00f1ol el factor n\u00famero uno de la desigualdad y la pobreza es el elevado n\u00famero de personas que no encuentran trabajo.<\/span><\/p>\n<p><span>Hay cuatro formas de medir ese tipo de problema.<\/span><\/p>\n<p><span>Una, bien conocida, es el denominado\u00a0<\/span><strong><span>riesgo de pobreza,<\/span><\/strong><span> que se mide en relaci\u00f3n a la renta media de la poblaci\u00f3n. Est\u00e1n en esa situaci\u00f3n todos aquellos que tienen unos ingresos inferiores al 60% de la media.<\/span><\/p>\n<p><span>Si observamos la evoluci\u00f3n a lo largo del presente siglo, constataremos que\u00a0<\/span><strong><span>hemos empeorado sensiblemente<\/span><\/strong><span>. En 2000 esta magnitud era del 18%, en 2023 era del 20,2%. Por tanto, con una visi\u00f3n a largo plazo hemos retrocedido. Lo que significa que no hemos acabado de recuperar las ca\u00eddas acumuladas de la larga crisis econ\u00f3mica y de la covid. Existe reducci\u00f3n, pero es peque\u00f1a e insuficiente. Uno de cada cinco ciudadanos est\u00e1 en riesgo de pobreza.<\/span><\/p>\n<p><span>Este indicador, a pesar de su nombre,\u00a0<\/span><strong><span>expresa m\u00e1s la desigualdad que la pobreza propiamente dicha<\/span><\/strong><span>. Por eso el INE utiliza otros indicadores, en concreto se trata de la tasa AROPE de riesgo de pobreza o exclusi\u00f3n social, que se mide en la encuesta de condiciones de vida del INE. Una persona se encuentra en esta situaci\u00f3n cuando cumple alguna de estas tres condiciones: estar en riesgo de pobreza, tener una carencia material y social severa o vivir en un hogar de baja intensidad de empleo.<\/span><\/p>\n<p><span> La\u00a0<\/span><strong><span>carencia material<\/span><\/strong><span>\u00a0severa guarda relaci\u00f3n con 13 conceptos, como no poder mantener la vivienda a una temperatura adecuada, disponer de conexi\u00f3n a internet, salir de vacaciones al menos una semana al a\u00f1o, no poder comer carne, pollo o pescado cada dos d\u00edas. Cuando la persona sufre 7 de los conceptos determinados por el INE forma parte de ese grupo. El otro factor que hemos dicho es el de la\u00a0<\/span><strong><span>baja intensidad de empleo,<\/span><\/strong><span>\u00a0que se mide cuando en un hogar las personas en edad de trabajar lo hacen menos de un 20% del tiempo total que pod\u00edan haber trabajado.<\/span><\/p>\n<p><span>Teniendo en cuenta estas definiciones, y habiendo visto antes el riesgo de pobreza relativa (20,2%), la tasa AROPE se sit\u00faa en el 26,5%, algo m\u00e1s que 1 de cada 4 ciudadanos. Es mucho. Y lo que es peor es que ha crecido en relaci\u00f3n al 2022.<\/span><\/p>\n<p><span>En cuanto a la\u00a0<\/span><strong><span>carencia material severa<\/span><\/strong><span>, tambi\u00e9n ha aumentado en 2023 situ\u00e1ndose en el 9% que es la cifra m\u00e1s alta de la serie desde 2014. Cuando S\u00e1nchez lleg\u00f3 al gobierno en 2018 este valor era del 8,7% . Por tanto, en el n\u00facleo de la pobreza las cosas no han ido bien con el actual presidente del gobierno.<\/span><\/p>\n<p><span>Lo que s\u00ed nota efectos de mejora es el indicador de\u00a0<\/span><strong><span>baja intensidad de empleo<\/span><\/strong><span>\u00a0que est\u00e1 ahora en el 8,4% y se ha ido reduciendo a\u00f1o tras a\u00f1o, excepto en el 2021 con la resaca de la covid.<\/span><\/p>\n<p><span>Todo ello hace pensar que las cosas no van tan bien como pintan las cifras en bruto de la ocupaci\u00f3n y son a\u00fan peores si observamos la tasa de pobreza de los j\u00f3venes, 28%, la pobreza infantil, primeros de Europa junto a Ruman\u00eda, o la cantidad de personas situadas en nivel de pobreza pese a que trabajen, unas 400.000. Lo que explica los llamamientos de auxilio que est\u00e1n formulando los Bancos de Alimentos, C\u00e1ritas y los comedores sociales, que se ven desbordados por la afluencia.<\/span><\/p>\n<p><span>Una \u00faltima pincelada de la situaci\u00f3n nos la da la\u00a0<\/span><strong><span>evoluci\u00f3n del PIB per c\u00e1pita a precios actuales<\/span><\/strong><span>, es decir, descontando el efecto de la inflaci\u00f3n, algo muy importante en estos \u00faltimos a\u00f1os porque infla las cifras, pero no expresa la realidad del dinero que va a chasquear en los bolsillos de las personas. Seg\u00fan el Banco Mundial y con d\u00f3lares constantes, a precios actuales, el m\u00e1ximo se logr\u00f3 en 2008 y desde entonces ha habido un descenso con recuperaciones insuficientes. Centr\u00e1ndolo en el per\u00edodo de S\u00e1nchez, cuando \u00e9l empez\u00f3 a gobernar, el PIB per c\u00e1pita era de 30.379,7 d\u00f3lares y en 2022, \u00faltimo dato, se sit\u00faa en 29.674 d\u00f3lares. La distancia respecto al 2008, adem\u00e1s, es muy grande, ya que entonces nos situ\u00e1bamos en los 35.510,7 d\u00f3lares per c\u00e1pita.<\/span><\/p>\n<p><span>Mirar las tripas del actual empleo y sus consecuencias reales sobre los ingresos de las personas impedir\u00eda caer en el error del \u00abmucho ruido para nada\u00bb o, por ser m\u00e1s justos, para poco.<\/span><\/p>\n<div id=\"polls-245\" class=\"wp-polls\">\n\t<form id=\"polls_form_245\" class=\"wp-polls-form\" action=\"\/index.php\" method=\"post\">\n\t\t<p style=\"display: none;\"><input type=\"hidden\" id=\"poll_245_nonce\" name=\"wp-polls-nonce\" value=\"31449523e7\" \/><\/p>\n\t\t<p style=\"display: none;\"><input type=\"hidden\" name=\"poll_id\" value=\"245\" \/><\/p>\n\t\t<p style=\"text-align: center\"><strong>Qui creus que guanyar\u00e0 les eleccions europees del 9 de juny?<\/strong><\/p><div id=\"polls-245-ans\" class=\"wp-polls-ans\"><ul class=\"wp-polls-ul\">\n\t\t<li><input type=\"radio\" id=\"poll-answer-687\" name=\"poll_245\" value=\"687\" \/> <label for=\"poll-answer-687\">Grup del Partit Popular Europeu<\/label><\/li>\n\t\t<li><input type=\"radio\" id=\"poll-answer-688\" name=\"poll_245\" value=\"688\" \/> <label for=\"poll-answer-688\">Grup de l'Alian\u00e7a Progressista de Socialistes i Dem\u00f2crates<\/label><\/li>\n\t\t<li><input type=\"radio\" id=\"poll-answer-689\" name=\"poll_245\" value=\"689\" \/> <label for=\"poll-answer-689\">No ho s\u00e9<\/label><\/li>\n\t\t<\/ul><p style=\"text-align: center\"><input type=\"button\" name=\"vote\" value=\"   Vota   \" class=\"Buttons\" onclick=\"poll_vote(245);\" \/><\/p><p style=\"text-align: center\"><a href=\"#ViewPollResults\" onclick=\"poll_result(245); return false;\" title=\"View Results Of This Poll\">Mira els resultats<\/a><\/p><\/div>\n\t<\/form>\n<\/div>\n<div id=\"polls-245-loading\" class=\"wp-polls-loading\"><img decoding=\"async\" data-src=\"https:\/\/conversesacatalunya.cat\/wp-content\/plugins\/wp-polls\/images\/loading.gif\" width=\"16\" height=\"16\" alt=\"Cargando ...\" title=\"Cargando ...\" class=\"wp-polls-image lazyload\" src=\"data:image\/svg+xml;base64,PHN2ZyB3aWR0aD0iMSIgaGVpZ2h0PSIxIiB4bWxucz0iaHR0cDovL3d3dy53My5vcmcvMjAwMC9zdmciPjwvc3ZnPg==\" style=\"--smush-placeholder-width: 16px; --smush-placeholder-aspect-ratio: 16\/16;\" \/>&nbsp;Cargando ...<\/div>\n\n","protected":false},"excerpt":{"rendered":"<p>Mucho ruido para nada, es el t\u00edtulo la obra de Shakespeare, una comedia rom\u00e1ntica que tambi\u00e9n ha sido traducida al castellano con un dicho bien conocido: \u00abmucho ruido y pocas nueces\u00bb. Significa\u00a0dar mucha importancia a algo cuando no la tiene; hacer mucha propaganda por encima del significado real del hecho. Y nos tememos que esto es lo que est\u00e1 pasando con las\u00a0cifras de empleo en Espa\u00f1a. Una forma de ver su significado a fondo es entrar en la cuesti\u00f3n de la productividad y tambi\u00e9n del significado real de los fijos discontinuos. Pero ahora queremos introducir otra consideraci\u00f3n: la\u00a0magnitud de la pobreza y la desigualdad (que son dos cosas distintas) en Espa\u00f1a y la falta de paralelismo entre el aumento de cotizantes en la Seguridad Social, la reducci\u00f3n del paro y la evoluci\u00f3n m\u00e1s bien negativa de aquellos problemas, aunque siempre se ha convenido que en el caso espa\u00f1ol el factor n\u00famero uno de la desigualdad y la pobreza es el elevado n\u00famero de personas que no encuentran trabajo. Hay cuatro formas de medir ese tipo de problema. Una, bien conocida, es el denominado\u00a0riesgo de pobreza, que se mide en relaci\u00f3n a la renta media de la poblaci\u00f3n. Est\u00e1n en esa situaci\u00f3n todos aquellos que tienen unos ingresos inferiores al 60% de la media. Si observamos la evoluci\u00f3n a lo largo del presente siglo, constataremos que\u00a0hemos empeorado sensiblemente. En 2000 esta magnitud era del 18%, en 2023 era del 20,2%. Por tanto, con una visi\u00f3n a largo plazo hemos retrocedido. Lo que significa que no hemos acabado de recuperar las ca\u00eddas acumuladas de la larga crisis econ\u00f3mica y de la covid. Existe reducci\u00f3n, pero es peque\u00f1a e insuficiente. Uno de cada cinco ciudadanos est\u00e1 en riesgo de pobreza. Este indicador, a pesar de su nombre,\u00a0expresa m\u00e1s la desigualdad que la pobreza propiamente dicha. Por eso el INE utiliza otros indicadores, en concreto se trata de la tasa AROPE de riesgo de pobreza o exclusi\u00f3n social, que se mide en la encuesta de condiciones de vida del INE. Una persona se encuentra en esta situaci\u00f3n cuando cumple alguna de estas tres condiciones: estar en riesgo de pobreza, tener una carencia material y social severa o vivir en un hogar de baja intensidad de empleo. La\u00a0carencia material\u00a0severa guarda relaci\u00f3n con 13 conceptos, como no poder mantener la vivienda a una temperatura adecuada, disponer de conexi\u00f3n a internet, salir de vacaciones al menos una semana al a\u00f1o, no poder comer carne, pollo o pescado cada dos d\u00edas. Cuando la persona sufre 7 de los conceptos determinados por el INE forma parte de ese grupo. El otro factor que hemos dicho es el de la\u00a0baja intensidad de empleo,\u00a0que se mide cuando en un hogar las personas en edad de trabajar lo hacen menos de un 20% del tiempo total que pod\u00edan haber trabajado. Teniendo en cuenta estas definiciones, y habiendo visto antes el riesgo de pobreza relativa (20,2%), la tasa AROPE se sit\u00faa en el 26,5%, algo m\u00e1s que 1 de cada 4 ciudadanos. Es mucho. Y lo que es peor es que ha crecido en relaci\u00f3n al 2022. En cuanto a la\u00a0carencia material severa, tambi\u00e9n ha aumentado en 2023 situ\u00e1ndose en el 9% que es la cifra m\u00e1s alta de la serie desde 2014. Cuando S\u00e1nchez lleg\u00f3 al gobierno en 2018 este valor era del 8,7% . Por tanto, en el n\u00facleo de la pobreza las cosas no han ido bien con el actual presidente del gobierno. Lo que s\u00ed nota efectos de mejora es el indicador de\u00a0baja intensidad de empleo\u00a0que est\u00e1 ahora en el 8,4% y se ha ido reduciendo a\u00f1o tras a\u00f1o, excepto en el 2021 con la resaca de la covid. Todo ello hace pensar que las cosas no van tan bien como pintan las cifras en bruto de la ocupaci\u00f3n y son a\u00fan peores si observamos la tasa de pobreza de los j\u00f3venes, 28%, la pobreza infantil, primeros de Europa junto a Ruman\u00eda, o la cantidad de personas situadas en nivel de pobreza pese a que trabajen, unas 400.000. Lo que explica los llamamientos de auxilio que est\u00e1n formulando los Bancos de Alimentos, C\u00e1ritas y los comedores sociales, que se ven desbordados por la afluencia. Una \u00faltima pincelada de la situaci\u00f3n nos la da la\u00a0evoluci\u00f3n del PIB per c\u00e1pita a precios actuales, es decir, descontando el efecto de la inflaci\u00f3n, algo muy importante en estos \u00faltimos a\u00f1os porque infla las cifras, pero no expresa la realidad del dinero que va a chasquear en los bolsillos de las personas. Seg\u00fan el Banco Mundial y con d\u00f3lares constantes, a precios actuales, el m\u00e1ximo se logr\u00f3 en 2008 y desde entonces ha habido un descenso con recuperaciones insuficientes. Centr\u00e1ndolo en el per\u00edodo de S\u00e1nchez, cuando \u00e9l empez\u00f3 a gobernar, el PIB per c\u00e1pita era de 30.379,7 d\u00f3lares y en 2022, \u00faltimo dato, se sit\u00faa en 29.674 d\u00f3lares. La distancia respecto al 2008, adem\u00e1s, es muy grande, ya que entonces nos situ\u00e1bamos en los 35.510,7 d\u00f3lares per c\u00e1pita. Mirar las tripas del actual empleo y sus consecuencias reales sobre los ingresos de las personas impedir\u00eda caer en el error del \u00abmucho ruido para nada\u00bb o, por ser m\u00e1s justos, para poco.<\/p>\n","protected":false},"author":77,"featured_media":78667,"comment_status":"open","ping_status":"open","sticky":false,"template":"","format":"standard","meta":{"_FSMCFIC_featured_image_caption":"","_FSMCFIC_featured_image_nocaption":"","_FSMCFIC_featured_image_hide":"","footnotes":""},"categories":[806],"tags":[1579,984],"class_list":["post-78683","post","type-post","status-publish","format-standard","has-post-thumbnail","hentry","category-punts-claus-del-dia-es","tag-paro","tag-pobreza"],"yoast_head":"<!-- This site is optimized with the Yoast SEO plugin v26.8 - https:\/\/yoast.com\/product\/yoast-seo-wordpress\/ -->\n<title>Puestos de trabajo: mucho ruido para nada - Converses a Catalunya<\/title>\n<meta name=\"robots\" content=\"index, follow, max-snippet:-1, max-image-preview:large, max-video-preview:-1\" \/>\n<link rel=\"canonical\" href=\"https:\/\/conversesacatalunya.cat\/es\/puestos-de-trabajo-mucho-ruido-para-nada\/\" \/>\n<meta property=\"og:locale\" content=\"es_ES\" \/>\n<meta property=\"og:type\" content=\"article\" \/>\n<meta property=\"og:title\" content=\"Puestos de trabajo: mucho ruido para nada - Converses a Catalunya\" \/>\n<meta property=\"og:description\" content=\"Mucho ruido para nada, es el t\u00edtulo la obra de Shakespeare, una comedia rom\u00e1ntica que tambi\u00e9n ha sido traducida al castellano con un dicho bien conocido: \u00abmucho ruido y pocas nueces\u00bb. Significa\u00a0dar mucha importancia a algo cuando no la tiene; hacer mucha propaganda por encima del significado real del hecho. Y nos tememos que esto es lo que est\u00e1 pasando con las\u00a0cifras de empleo en Espa\u00f1a. Una forma de ver su significado a fondo es entrar en la cuesti\u00f3n de la productividad y tambi\u00e9n del significado real de los fijos discontinuos. Pero ahora queremos introducir otra consideraci\u00f3n: la\u00a0magnitud de la pobreza y la desigualdad (que son dos cosas distintas) en Espa\u00f1a y la falta de paralelismo entre el aumento de cotizantes en la Seguridad Social, la reducci\u00f3n del paro y la evoluci\u00f3n m\u00e1s bien negativa de aquellos problemas, aunque siempre se ha convenido que en el caso espa\u00f1ol el factor n\u00famero uno de la desigualdad y la pobreza es el elevado n\u00famero de personas que no encuentran trabajo. Hay cuatro formas de medir ese tipo de problema. Una, bien conocida, es el denominado\u00a0riesgo de pobreza, que se mide en relaci\u00f3n a la renta media de la poblaci\u00f3n. Est\u00e1n en esa situaci\u00f3n todos aquellos que tienen unos ingresos inferiores al 60% de la media. Si observamos la evoluci\u00f3n a lo largo del presente siglo, constataremos que\u00a0hemos empeorado sensiblemente. En 2000 esta magnitud era del 18%, en 2023 era del 20,2%. Por tanto, con una visi\u00f3n a largo plazo hemos retrocedido. Lo que significa que no hemos acabado de recuperar las ca\u00eddas acumuladas de la larga crisis econ\u00f3mica y de la covid. Existe reducci\u00f3n, pero es peque\u00f1a e insuficiente. Uno de cada cinco ciudadanos est\u00e1 en riesgo de pobreza. Este indicador, a pesar de su nombre,\u00a0expresa m\u00e1s la desigualdad que la pobreza propiamente dicha. Por eso el INE utiliza otros indicadores, en concreto se trata de la tasa AROPE de riesgo de pobreza o exclusi\u00f3n social, que se mide en la encuesta de condiciones de vida del INE. Una persona se encuentra en esta situaci\u00f3n cuando cumple alguna de estas tres condiciones: estar en riesgo de pobreza, tener una carencia material y social severa o vivir en un hogar de baja intensidad de empleo. La\u00a0carencia material\u00a0severa guarda relaci\u00f3n con 13 conceptos, como no poder mantener la vivienda a una temperatura adecuada, disponer de conexi\u00f3n a internet, salir de vacaciones al menos una semana al a\u00f1o, no poder comer carne, pollo o pescado cada dos d\u00edas. Cuando la persona sufre 7 de los conceptos determinados por el INE forma parte de ese grupo. El otro factor que hemos dicho es el de la\u00a0baja intensidad de empleo,\u00a0que se mide cuando en un hogar las personas en edad de trabajar lo hacen menos de un 20% del tiempo total que pod\u00edan haber trabajado. Teniendo en cuenta estas definiciones, y habiendo visto antes el riesgo de pobreza relativa (20,2%), la tasa AROPE se sit\u00faa en el 26,5%, algo m\u00e1s que 1 de cada 4 ciudadanos. Es mucho. Y lo que es peor es que ha crecido en relaci\u00f3n al 2022. En cuanto a la\u00a0carencia material severa, tambi\u00e9n ha aumentado en 2023 situ\u00e1ndose en el 9% que es la cifra m\u00e1s alta de la serie desde 2014. Cuando S\u00e1nchez lleg\u00f3 al gobierno en 2018 este valor era del 8,7% . Por tanto, en el n\u00facleo de la pobreza las cosas no han ido bien con el actual presidente del gobierno. Lo que s\u00ed nota efectos de mejora es el indicador de\u00a0baja intensidad de empleo\u00a0que est\u00e1 ahora en el 8,4% y se ha ido reduciendo a\u00f1o tras a\u00f1o, excepto en el 2021 con la resaca de la covid. Todo ello hace pensar que las cosas no van tan bien como pintan las cifras en bruto de la ocupaci\u00f3n y son a\u00fan peores si observamos la tasa de pobreza de los j\u00f3venes, 28%, la pobreza infantil, primeros de Europa junto a Ruman\u00eda, o la cantidad de personas situadas en nivel de pobreza pese a que trabajen, unas 400.000. Lo que explica los llamamientos de auxilio que est\u00e1n formulando los Bancos de Alimentos, C\u00e1ritas y los comedores sociales, que se ven desbordados por la afluencia. Una \u00faltima pincelada de la situaci\u00f3n nos la da la\u00a0evoluci\u00f3n del PIB per c\u00e1pita a precios actuales, es decir, descontando el efecto de la inflaci\u00f3n, algo muy importante en estos \u00faltimos a\u00f1os porque infla las cifras, pero no expresa la realidad del dinero que va a chasquear en los bolsillos de las personas. Seg\u00fan el Banco Mundial y con d\u00f3lares constantes, a precios actuales, el m\u00e1ximo se logr\u00f3 en 2008 y desde entonces ha habido un descenso con recuperaciones insuficientes. Centr\u00e1ndolo en el per\u00edodo de S\u00e1nchez, cuando \u00e9l empez\u00f3 a gobernar, el PIB per c\u00e1pita era de 30.379,7 d\u00f3lares y en 2022, \u00faltimo dato, se sit\u00faa en 29.674 d\u00f3lares. La distancia respecto al 2008, adem\u00e1s, es muy grande, ya que entonces nos situ\u00e1bamos en los 35.510,7 d\u00f3lares per c\u00e1pita. Mirar las tripas del actual empleo y sus consecuencias reales sobre los ingresos de las personas impedir\u00eda caer en el error del \u00abmucho ruido para nada\u00bb o, por ser m\u00e1s justos, para poco.\" \/>\n<meta property=\"og:url\" content=\"https:\/\/conversesacatalunya.cat\/es\/puestos-de-trabajo-mucho-ruido-para-nada\/\" \/>\n<meta property=\"og:site_name\" content=\"Converses a Catalunya\" \/>\n<meta property=\"article:published_time\" content=\"2024-06-07T10:13:54+00:00\" \/>\n<meta property=\"article:modified_time\" content=\"2024-06-07T11:04:11+00:00\" \/>\n<meta property=\"og:image\" content=\"https:\/\/conversesacatalunya.cat\/wp-content\/uploads\/2024\/06\/pobresa.jpg\" \/>\n\t<meta property=\"og:image:width\" content=\"675\" \/>\n\t<meta property=\"og:image:height\" content=\"406\" \/>\n\t<meta property=\"og:image:type\" content=\"image\/jpeg\" \/>\n<meta name=\"author\" content=\"Enric Casanovas\" \/>\n<meta name=\"twitter:card\" content=\"summary_large_image\" \/>\n<meta name=\"twitter:label1\" content=\"Escrito por\" \/>\n\t<meta name=\"twitter:data1\" content=\"Enric Casanovas\" \/>\n\t<meta name=\"twitter:label2\" content=\"Tiempo de lectura\" \/>\n\t<meta name=\"twitter:data2\" content=\"5 minutos\" \/>\n<script type=\"application\/ld+json\" class=\"yoast-schema-graph\">{\"@context\":\"https:\/\/schema.org\",\"@graph\":[{\"@type\":\"Article\",\"@id\":\"https:\/\/conversesacatalunya.cat\/es\/puestos-de-trabajo-mucho-ruido-para-nada\/#article\",\"isPartOf\":{\"@id\":\"https:\/\/conversesacatalunya.cat\/es\/puestos-de-trabajo-mucho-ruido-para-nada\/\"},\"author\":{\"name\":\"Enric Casanovas\",\"@id\":\"https:\/\/conversesacatalunya.cat\/#\/schema\/person\/79bd0577b2f3afc8d6519d207c6e8609\"},\"headline\":\"Puestos de trabajo: mucho ruido para nada\",\"datePublished\":\"2024-06-07T10:13:54+00:00\",\"dateModified\":\"2024-06-07T11:04:11+00:00\",\"mainEntityOfPage\":{\"@id\":\"https:\/\/conversesacatalunya.cat\/es\/puestos-de-trabajo-mucho-ruido-para-nada\/\"},\"wordCount\":920,\"commentCount\":0,\"image\":{\"@id\":\"https:\/\/conversesacatalunya.cat\/es\/puestos-de-trabajo-mucho-ruido-para-nada\/#primaryimage\"},\"thumbnailUrl\":\"https:\/\/conversesacatalunya.cat\/wp-content\/uploads\/2024\/06\/pobresa.jpg\",\"keywords\":[\"Paro\",\"pobreza\"],\"articleSection\":[\"Punts clau del dia (ES)\"],\"inLanguage\":\"es\",\"potentialAction\":[{\"@type\":\"CommentAction\",\"name\":\"Comment\",\"target\":[\"https:\/\/conversesacatalunya.cat\/es\/puestos-de-trabajo-mucho-ruido-para-nada\/#respond\"]}]},{\"@type\":\"WebPage\",\"@id\":\"https:\/\/conversesacatalunya.cat\/es\/puestos-de-trabajo-mucho-ruido-para-nada\/\",\"url\":\"https:\/\/conversesacatalunya.cat\/es\/puestos-de-trabajo-mucho-ruido-para-nada\/\",\"name\":\"Puestos de trabajo: mucho ruido para nada - Converses a Catalunya\",\"isPartOf\":{\"@id\":\"https:\/\/conversesacatalunya.cat\/#website\"},\"primaryImageOfPage\":{\"@id\":\"https:\/\/conversesacatalunya.cat\/es\/puestos-de-trabajo-mucho-ruido-para-nada\/#primaryimage\"},\"image\":{\"@id\":\"https:\/\/conversesacatalunya.cat\/es\/puestos-de-trabajo-mucho-ruido-para-nada\/#primaryimage\"},\"thumbnailUrl\":\"https:\/\/conversesacatalunya.cat\/wp-content\/uploads\/2024\/06\/pobresa.jpg\",\"datePublished\":\"2024-06-07T10:13:54+00:00\",\"dateModified\":\"2024-06-07T11:04:11+00:00\",\"author\":{\"@id\":\"https:\/\/conversesacatalunya.cat\/#\/schema\/person\/79bd0577b2f3afc8d6519d207c6e8609\"},\"breadcrumb\":{\"@id\":\"https:\/\/conversesacatalunya.cat\/es\/puestos-de-trabajo-mucho-ruido-para-nada\/#breadcrumb\"},\"inLanguage\":\"es\",\"potentialAction\":[{\"@type\":\"ReadAction\",\"target\":[\"https:\/\/conversesacatalunya.cat\/es\/puestos-de-trabajo-mucho-ruido-para-nada\/\"]}]},{\"@type\":\"ImageObject\",\"inLanguage\":\"es\",\"@id\":\"https:\/\/conversesacatalunya.cat\/es\/puestos-de-trabajo-mucho-ruido-para-nada\/#primaryimage\",\"url\":\"https:\/\/conversesacatalunya.cat\/wp-content\/uploads\/2024\/06\/pobresa.jpg\",\"contentUrl\":\"https:\/\/conversesacatalunya.cat\/wp-content\/uploads\/2024\/06\/pobresa.jpg\",\"width\":675,\"height\":406},{\"@type\":\"BreadcrumbList\",\"@id\":\"https:\/\/conversesacatalunya.cat\/es\/puestos-de-trabajo-mucho-ruido-para-nada\/#breadcrumb\",\"itemListElement\":[{\"@type\":\"ListItem\",\"position\":1,\"name\":\"Inici\",\"item\":\"https:\/\/conversesacatalunya.cat\/es\/\"},{\"@type\":\"ListItem\",\"position\":2,\"name\":\"Puestos de trabajo: mucho ruido para nada\"}]},{\"@type\":\"WebSite\",\"@id\":\"https:\/\/conversesacatalunya.cat\/#website\",\"url\":\"https:\/\/conversesacatalunya.cat\/\",\"name\":\"Converses a Catalunya\",\"description\":\"\",\"potentialAction\":[{\"@type\":\"SearchAction\",\"target\":{\"@type\":\"EntryPoint\",\"urlTemplate\":\"https:\/\/conversesacatalunya.cat\/?s={search_term_string}\"},\"query-input\":{\"@type\":\"PropertyValueSpecification\",\"valueRequired\":true,\"valueName\":\"search_term_string\"}}],\"inLanguage\":\"es\"},{\"@type\":\"Person\",\"@id\":\"https:\/\/conversesacatalunya.cat\/#\/schema\/person\/79bd0577b2f3afc8d6519d207c6e8609\",\"name\":\"Enric Casanovas\",\"image\":{\"@type\":\"ImageObject\",\"inLanguage\":\"es\",\"@id\":\"https:\/\/conversesacatalunya.cat\/#\/schema\/person\/image\/\",\"url\":\"https:\/\/conversesacatalunya.cat\/wp-content\/litespeed\/avatar\/7ae4379ad4421ec77820e92afd36dd78.jpg?ver=1777373933\",\"contentUrl\":\"https:\/\/conversesacatalunya.cat\/wp-content\/litespeed\/avatar\/7ae4379ad4421ec77820e92afd36dd78.jpg?ver=1777373933\",\"caption\":\"Enric Casanovas\"},\"url\":\"https:\/\/conversesacatalunya.cat\/es\/author\/enric-casanovas\/\"}]}<\/script>\n<!-- \/ Yoast SEO plugin. -->","yoast_head_json":{"title":"Puestos de trabajo: mucho ruido para nada - Converses a Catalunya","robots":{"index":"index","follow":"follow","max-snippet":"max-snippet:-1","max-image-preview":"max-image-preview:large","max-video-preview":"max-video-preview:-1"},"canonical":"https:\/\/conversesacatalunya.cat\/es\/puestos-de-trabajo-mucho-ruido-para-nada\/","og_locale":"es_ES","og_type":"article","og_title":"Puestos de trabajo: mucho ruido para nada - Converses a Catalunya","og_description":"Mucho ruido para nada, es el t\u00edtulo la obra de Shakespeare, una comedia rom\u00e1ntica que tambi\u00e9n ha sido traducida al castellano con un dicho bien conocido: \u00abmucho ruido y pocas nueces\u00bb. Significa\u00a0dar mucha importancia a algo cuando no la tiene; hacer mucha propaganda por encima del significado real del hecho. Y nos tememos que esto es lo que est\u00e1 pasando con las\u00a0cifras de empleo en Espa\u00f1a. Una forma de ver su significado a fondo es entrar en la cuesti\u00f3n de la productividad y tambi\u00e9n del significado real de los fijos discontinuos. Pero ahora queremos introducir otra consideraci\u00f3n: la\u00a0magnitud de la pobreza y la desigualdad (que son dos cosas distintas) en Espa\u00f1a y la falta de paralelismo entre el aumento de cotizantes en la Seguridad Social, la reducci\u00f3n del paro y la evoluci\u00f3n m\u00e1s bien negativa de aquellos problemas, aunque siempre se ha convenido que en el caso espa\u00f1ol el factor n\u00famero uno de la desigualdad y la pobreza es el elevado n\u00famero de personas que no encuentran trabajo. Hay cuatro formas de medir ese tipo de problema. Una, bien conocida, es el denominado\u00a0riesgo de pobreza, que se mide en relaci\u00f3n a la renta media de la poblaci\u00f3n. Est\u00e1n en esa situaci\u00f3n todos aquellos que tienen unos ingresos inferiores al 60% de la media. Si observamos la evoluci\u00f3n a lo largo del presente siglo, constataremos que\u00a0hemos empeorado sensiblemente. En 2000 esta magnitud era del 18%, en 2023 era del 20,2%. Por tanto, con una visi\u00f3n a largo plazo hemos retrocedido. Lo que significa que no hemos acabado de recuperar las ca\u00eddas acumuladas de la larga crisis econ\u00f3mica y de la covid. Existe reducci\u00f3n, pero es peque\u00f1a e insuficiente. Uno de cada cinco ciudadanos est\u00e1 en riesgo de pobreza. Este indicador, a pesar de su nombre,\u00a0expresa m\u00e1s la desigualdad que la pobreza propiamente dicha. Por eso el INE utiliza otros indicadores, en concreto se trata de la tasa AROPE de riesgo de pobreza o exclusi\u00f3n social, que se mide en la encuesta de condiciones de vida del INE. Una persona se encuentra en esta situaci\u00f3n cuando cumple alguna de estas tres condiciones: estar en riesgo de pobreza, tener una carencia material y social severa o vivir en un hogar de baja intensidad de empleo. La\u00a0carencia material\u00a0severa guarda relaci\u00f3n con 13 conceptos, como no poder mantener la vivienda a una temperatura adecuada, disponer de conexi\u00f3n a internet, salir de vacaciones al menos una semana al a\u00f1o, no poder comer carne, pollo o pescado cada dos d\u00edas. Cuando la persona sufre 7 de los conceptos determinados por el INE forma parte de ese grupo. El otro factor que hemos dicho es el de la\u00a0baja intensidad de empleo,\u00a0que se mide cuando en un hogar las personas en edad de trabajar lo hacen menos de un 20% del tiempo total que pod\u00edan haber trabajado. Teniendo en cuenta estas definiciones, y habiendo visto antes el riesgo de pobreza relativa (20,2%), la tasa AROPE se sit\u00faa en el 26,5%, algo m\u00e1s que 1 de cada 4 ciudadanos. Es mucho. Y lo que es peor es que ha crecido en relaci\u00f3n al 2022. En cuanto a la\u00a0carencia material severa, tambi\u00e9n ha aumentado en 2023 situ\u00e1ndose en el 9% que es la cifra m\u00e1s alta de la serie desde 2014. Cuando S\u00e1nchez lleg\u00f3 al gobierno en 2018 este valor era del 8,7% . Por tanto, en el n\u00facleo de la pobreza las cosas no han ido bien con el actual presidente del gobierno. Lo que s\u00ed nota efectos de mejora es el indicador de\u00a0baja intensidad de empleo\u00a0que est\u00e1 ahora en el 8,4% y se ha ido reduciendo a\u00f1o tras a\u00f1o, excepto en el 2021 con la resaca de la covid. Todo ello hace pensar que las cosas no van tan bien como pintan las cifras en bruto de la ocupaci\u00f3n y son a\u00fan peores si observamos la tasa de pobreza de los j\u00f3venes, 28%, la pobreza infantil, primeros de Europa junto a Ruman\u00eda, o la cantidad de personas situadas en nivel de pobreza pese a que trabajen, unas 400.000. Lo que explica los llamamientos de auxilio que est\u00e1n formulando los Bancos de Alimentos, C\u00e1ritas y los comedores sociales, que se ven desbordados por la afluencia. Una \u00faltima pincelada de la situaci\u00f3n nos la da la\u00a0evoluci\u00f3n del PIB per c\u00e1pita a precios actuales, es decir, descontando el efecto de la inflaci\u00f3n, algo muy importante en estos \u00faltimos a\u00f1os porque infla las cifras, pero no expresa la realidad del dinero que va a chasquear en los bolsillos de las personas. Seg\u00fan el Banco Mundial y con d\u00f3lares constantes, a precios actuales, el m\u00e1ximo se logr\u00f3 en 2008 y desde entonces ha habido un descenso con recuperaciones insuficientes. Centr\u00e1ndolo en el per\u00edodo de S\u00e1nchez, cuando \u00e9l empez\u00f3 a gobernar, el PIB per c\u00e1pita era de 30.379,7 d\u00f3lares y en 2022, \u00faltimo dato, se sit\u00faa en 29.674 d\u00f3lares. La distancia respecto al 2008, adem\u00e1s, es muy grande, ya que entonces nos situ\u00e1bamos en los 35.510,7 d\u00f3lares per c\u00e1pita. Mirar las tripas del actual empleo y sus consecuencias reales sobre los ingresos de las personas impedir\u00eda caer en el error del \u00abmucho ruido para nada\u00bb o, por ser m\u00e1s justos, para poco.","og_url":"https:\/\/conversesacatalunya.cat\/es\/puestos-de-trabajo-mucho-ruido-para-nada\/","og_site_name":"Converses a Catalunya","article_published_time":"2024-06-07T10:13:54+00:00","article_modified_time":"2024-06-07T11:04:11+00:00","og_image":[{"width":675,"height":406,"url":"https:\/\/conversesacatalunya.cat\/wp-content\/uploads\/2024\/06\/pobresa.jpg","type":"image\/jpeg"}],"author":"Enric Casanovas","twitter_card":"summary_large_image","twitter_misc":{"Escrito por":"Enric Casanovas","Tiempo de lectura":"5 minutos"},"schema":{"@context":"https:\/\/schema.org","@graph":[{"@type":"Article","@id":"https:\/\/conversesacatalunya.cat\/es\/puestos-de-trabajo-mucho-ruido-para-nada\/#article","isPartOf":{"@id":"https:\/\/conversesacatalunya.cat\/es\/puestos-de-trabajo-mucho-ruido-para-nada\/"},"author":{"name":"Enric Casanovas","@id":"https:\/\/conversesacatalunya.cat\/#\/schema\/person\/79bd0577b2f3afc8d6519d207c6e8609"},"headline":"Puestos de trabajo: mucho ruido para nada","datePublished":"2024-06-07T10:13:54+00:00","dateModified":"2024-06-07T11:04:11+00:00","mainEntityOfPage":{"@id":"https:\/\/conversesacatalunya.cat\/es\/puestos-de-trabajo-mucho-ruido-para-nada\/"},"wordCount":920,"commentCount":0,"image":{"@id":"https:\/\/conversesacatalunya.cat\/es\/puestos-de-trabajo-mucho-ruido-para-nada\/#primaryimage"},"thumbnailUrl":"https:\/\/conversesacatalunya.cat\/wp-content\/uploads\/2024\/06\/pobresa.jpg","keywords":["Paro","pobreza"],"articleSection":["Punts clau del dia (ES)"],"inLanguage":"es","potentialAction":[{"@type":"CommentAction","name":"Comment","target":["https:\/\/conversesacatalunya.cat\/es\/puestos-de-trabajo-mucho-ruido-para-nada\/#respond"]}]},{"@type":"WebPage","@id":"https:\/\/conversesacatalunya.cat\/es\/puestos-de-trabajo-mucho-ruido-para-nada\/","url":"https:\/\/conversesacatalunya.cat\/es\/puestos-de-trabajo-mucho-ruido-para-nada\/","name":"Puestos de trabajo: mucho ruido para nada - Converses a Catalunya","isPartOf":{"@id":"https:\/\/conversesacatalunya.cat\/#website"},"primaryImageOfPage":{"@id":"https:\/\/conversesacatalunya.cat\/es\/puestos-de-trabajo-mucho-ruido-para-nada\/#primaryimage"},"image":{"@id":"https:\/\/conversesacatalunya.cat\/es\/puestos-de-trabajo-mucho-ruido-para-nada\/#primaryimage"},"thumbnailUrl":"https:\/\/conversesacatalunya.cat\/wp-content\/uploads\/2024\/06\/pobresa.jpg","datePublished":"2024-06-07T10:13:54+00:00","dateModified":"2024-06-07T11:04:11+00:00","author":{"@id":"https:\/\/conversesacatalunya.cat\/#\/schema\/person\/79bd0577b2f3afc8d6519d207c6e8609"},"breadcrumb":{"@id":"https:\/\/conversesacatalunya.cat\/es\/puestos-de-trabajo-mucho-ruido-para-nada\/#breadcrumb"},"inLanguage":"es","potentialAction":[{"@type":"ReadAction","target":["https:\/\/conversesacatalunya.cat\/es\/puestos-de-trabajo-mucho-ruido-para-nada\/"]}]},{"@type":"ImageObject","inLanguage":"es","@id":"https:\/\/conversesacatalunya.cat\/es\/puestos-de-trabajo-mucho-ruido-para-nada\/#primaryimage","url":"https:\/\/conversesacatalunya.cat\/wp-content\/uploads\/2024\/06\/pobresa.jpg","contentUrl":"https:\/\/conversesacatalunya.cat\/wp-content\/uploads\/2024\/06\/pobresa.jpg","width":675,"height":406},{"@type":"BreadcrumbList","@id":"https:\/\/conversesacatalunya.cat\/es\/puestos-de-trabajo-mucho-ruido-para-nada\/#breadcrumb","itemListElement":[{"@type":"ListItem","position":1,"name":"Inici","item":"https:\/\/conversesacatalunya.cat\/es\/"},{"@type":"ListItem","position":2,"name":"Puestos de trabajo: mucho ruido para nada"}]},{"@type":"WebSite","@id":"https:\/\/conversesacatalunya.cat\/#website","url":"https:\/\/conversesacatalunya.cat\/","name":"Converses a Catalunya","description":"","potentialAction":[{"@type":"SearchAction","target":{"@type":"EntryPoint","urlTemplate":"https:\/\/conversesacatalunya.cat\/?s={search_term_string}"},"query-input":{"@type":"PropertyValueSpecification","valueRequired":true,"valueName":"search_term_string"}}],"inLanguage":"es"},{"@type":"Person","@id":"https:\/\/conversesacatalunya.cat\/#\/schema\/person\/79bd0577b2f3afc8d6519d207c6e8609","name":"Enric Casanovas","image":{"@type":"ImageObject","inLanguage":"es","@id":"https:\/\/conversesacatalunya.cat\/#\/schema\/person\/image\/","url":"https:\/\/conversesacatalunya.cat\/wp-content\/litespeed\/avatar\/7ae4379ad4421ec77820e92afd36dd78.jpg?ver=1777373933","contentUrl":"https:\/\/conversesacatalunya.cat\/wp-content\/litespeed\/avatar\/7ae4379ad4421ec77820e92afd36dd78.jpg?ver=1777373933","caption":"Enric Casanovas"},"url":"https:\/\/conversesacatalunya.cat\/es\/author\/enric-casanovas\/"}]}},"wps_subtitle":"","_links":{"self":[{"href":"https:\/\/conversesacatalunya.cat\/es\/wp-json\/wp\/v2\/posts\/78683","targetHints":{"allow":["GET"]}}],"collection":[{"href":"https:\/\/conversesacatalunya.cat\/es\/wp-json\/wp\/v2\/posts"}],"about":[{"href":"https:\/\/conversesacatalunya.cat\/es\/wp-json\/wp\/v2\/types\/post"}],"author":[{"embeddable":true,"href":"https:\/\/conversesacatalunya.cat\/es\/wp-json\/wp\/v2\/users\/77"}],"replies":[{"embeddable":true,"href":"https:\/\/conversesacatalunya.cat\/es\/wp-json\/wp\/v2\/comments?post=78683"}],"version-history":[{"count":2,"href":"https:\/\/conversesacatalunya.cat\/es\/wp-json\/wp\/v2\/posts\/78683\/revisions"}],"predecessor-version":[{"id":78685,"href":"https:\/\/conversesacatalunya.cat\/es\/wp-json\/wp\/v2\/posts\/78683\/revisions\/78685"}],"wp:featuredmedia":[{"embeddable":true,"href":"https:\/\/conversesacatalunya.cat\/es\/wp-json\/wp\/v2\/media\/78667"}],"wp:attachment":[{"href":"https:\/\/conversesacatalunya.cat\/es\/wp-json\/wp\/v2\/media?parent=78683"}],"wp:term":[{"taxonomy":"category","embeddable":true,"href":"https:\/\/conversesacatalunya.cat\/es\/wp-json\/wp\/v2\/categories?post=78683"},{"taxonomy":"post_tag","embeddable":true,"href":"https:\/\/conversesacatalunya.cat\/es\/wp-json\/wp\/v2\/tags?post=78683"}],"curies":[{"name":"wp","href":"https:\/\/api.w.org\/{rel}","templated":true}]}}